{"id":441890,"date":"2025-03-28T09:24:23","date_gmt":"2025-03-28T08:24:23","guid":{"rendered":"https:\/\/www.radiopiu.net\/wordpress\/?p=441890"},"modified":"2025-03-28T09:24:23","modified_gmt":"2025-03-28T08:24:23","slug":"annullato-il-save-the-date-festival-al-rifugio-laresei","status":"publish","type":"post","link":"https:\/\/www.radiopiu.net\/wordpress\/annullato-il-save-the-date-festival-al-rifugio-laresei\/","title":{"rendered":"ANNULLATO IL SAVE THE DATE FESTIVAL AL RIFUGIO LARESEI"},"content":{"rendered":"<p>******<br \/>\n&nbsp;<\/p>\n<p><strong>FALCADE <\/strong>Con grande rammarico, comunichiamo che il &#8220;Save The Date Festival&#8221;, previsto per domani 29 marzo presso il Rifugio Laresei a Falcade, \u00e8 stato annullato per motvi di sicurezza legati alle avverse condizioni meteo. La decisione \u00e8 stata presa con senso di responsabilit\u00e0 nei confronti della sicurezza di tutti i partecipanti, dello sta\ufb00 e degli artisti coinvolti e delle altre manifestazioni gi\u00e0 in programma per il weekend. Le previsioni meteo indicano un peggioramento significativo delle condizioni atmosferiche, rendendo impossibile garantire lo svolgimento dell\u2019evento in sicurezza. Siamo profondamente dispiaciuti per il disagio arrecato a tutti coloro che avevano programmato di partecipare e ringraziamo il pubblico, i partner e gli sponsor per la comprensione e il supporto. I biglietti acquistati verranno rimborsati secondo le modalit\u00e0 indicate su Ciaotickets.com Restiamo fiduciosi di poter recuperare l\u2019evento in una nuova data, che verr\u00e0 comunicata quanto prima attraverso i nostri canali u\ufb03ciali. Per ulteriori informazioni e aggiornamenti, vi invitiamo a seguire i nostri canali social. Rimane comunque confermato l\u2019O\ufb03cial After Party nella zona del Parco Giochi di Falcade dalle 18 alle 24.<\/p>\n<p>Grazie per la comprensione.<\/p>\n<p>Massimo Manfroi con Team Save The Date Festival<\/p>\n<p>&nbsp;<\/p>\n<p>&nbsp;<\/p>\n<p>********<\/p>\n<p>&nbsp;<\/p>\n","protected":false},"excerpt":{"rendered":"<p>****** &nbsp; FALCADE Con grande rammarico, comunichiamo che il &#8220;Save The Date Festival&#8221;, previsto per domani 29 marzo presso il Rifugio Laresei a Falcade, \u00e8 stato annullato per motvi di sicurezza legati alle avverse condizioni meteo. La decisione \u00e8 stata presa con senso di responsabilit\u00e0 nei confronti della sicurezza di tutti i partecipanti, dello sta\ufb00&hellip;<\/p>\n","protected":false},"author":4,"featured_media":435181,"comment_status":"closed","ping_status":"closed","sticky":false,"template":"","format":"standard","meta":{"_monsterinsights_skip_tracking":false,"_monsterinsights_sitenote_active":false,"_monsterinsights_sitenote_note":"","_monsterinsights_sitenote_category":0,"footnotes":""},"categories":[49],"tags":[],"class_list":["post-441890","post","type-post","status-publish","format-standard","has-post-thumbnail","hentry","category-news-18","category-49","description-off"],"img_url":"https:\/\/www.radiopiu.net\/wordpress\/wp-content\/uploads\/2025\/02\/SAVE-THE-DATE-2025.jpg","_links":{"self":[{"href":"https:\/\/www.radiopiu.net\/wordpress\/wp-json\/wp\/v2\/posts\/441890","targetHints":{"allow":["GET"]}}],"collection":[{"href":"https:\/\/www.radiopiu.net\/wordpress\/wp-json\/wp\/v2\/posts"}],"about":[{"href":"https:\/\/www.radiopiu.net\/wordpress\/wp-json\/wp\/v2\/types\/post"}],"author":[{"embeddable":true,"href":"https:\/\/www.radiopiu.net\/wordpress\/wp-json\/wp\/v2\/users\/4"}],"replies":[{"embeddable":true,"href":"https:\/\/www.radiopiu.net\/wordpress\/wp-json\/wp\/v2\/comments?post=441890"}],"version-history":[{"count":1,"href":"https:\/\/www.radiopiu.net\/wordpress\/wp-json\/wp\/v2\/posts\/441890\/revisions"}],"predecessor-version":[{"id":441891,"href":"https:\/\/www.radiopiu.net\/wordpress\/wp-json\/wp\/v2\/posts\/441890\/revisions\/441891"}],"wp:featuredmedia":[{"embeddable":true,"href":"https:\/\/www.radiopiu.net\/wordpress\/wp-json\/wp\/v2\/media\/435181"}],"wp:attachment":[{"href":"https:\/\/www.radiopiu.net\/wordpress\/wp-json\/wp\/v2\/media?parent=441890"}],"wp:term":[{"taxonomy":"category","embeddable":true,"href":"https:\/\/www.radiopiu.net\/wordpress\/wp-json\/wp\/v2\/categories?post=441890"},{"taxonomy":"post_tag","embeddable":true,"href":"https:\/\/www.radiopiu.net\/wordpress\/wp-json\/wp\/v2\/tags?post=441890"}],"curies":[{"name":"wp","href":"https:\/\/api.w.org\/{rel}","templated":true}]}}