{"id":441916,"date":"2025-03-28T15:58:09","date_gmt":"2025-03-28T14:58:09","guid":{"rendered":"https:\/\/www.radiopiu.net\/wordpress\/?p=441916"},"modified":"2025-03-29T06:06:46","modified_gmt":"2025-03-29T05:06:46","slug":"moreno-pesce-non-si-ferma-mai-salita-anche-la-pista-vitelli-di-cortina","status":"publish","type":"post","link":"https:\/\/www.radiopiu.net\/wordpress\/moreno-pesce-non-si-ferma-mai-salita-anche-la-pista-vitelli-di-cortina\/","title":{"rendered":"MORENO PESCE NON SI FERMA MAI, SALITA ANCHE LA PISTA VITELLI DI CORTINA"},"content":{"rendered":"<p>*******<\/p>\n<p>&nbsp;<\/p>\n<p><strong><a class=\"dt-pswp-item\" href=\"https:\/\/www.radiopiu.net\/wordpress\/wp-content\/uploads\/2025\/03\/PHOTO-2025-03-21-21-19-01-copia.jpeg\" data-dt-img-description=\"\" data-large_image_width=\"640\" data-large_image_height=\"288\"><img loading=\"lazy\" decoding=\"async\" class=\" wp-image-441921 alignleft\" src=\"https:\/\/www.radiopiu.net\/wordpress\/wp-content\/uploads\/2025\/03\/PHOTO-2025-03-21-21-19-01-copia-300x135.jpeg\" alt=\"\" width=\"240\" height=\"108\" srcset=\"https:\/\/www.radiopiu.net\/wordpress\/wp-content\/uploads\/2025\/03\/PHOTO-2025-03-21-21-19-01-copia-300x135.jpeg 300w, https:\/\/www.radiopiu.net\/wordpress\/wp-content\/uploads\/2025\/03\/PHOTO-2025-03-21-21-19-01-copia.jpeg 640w\" sizes=\"auto, (max-width: 240px) 100vw, 240px\" \/><\/a>CORTINA <\/strong>L\u2019atleta paralimpico\u00a0Moreno Pesce\u00a0continua il suo percorso di sfide, salite e resilienza, dimostrando ancora una volta la sua determinazione ed il desiderio di confrontarsi con nuovi traguardi. La scorsa settimana ha affrontato la storica\u00a0pista Vitelli,\u00a0uno dei tracciati pi\u00f9 iconici della\u00a0Ski Area Faloria, teatro del\u00a0superG dei Giochi Olimpici Invernali del 1956. Una salita impegnativa, caratterizzata da un elemento peculiare: l\u2019intero percorso si sviluppa lontano da impianti di risalita e rifugi, rendendo l\u2019impresa ancora pi\u00f9 suggestiva ed impegnativa. Come sua abitudine,\u00a0Moreno Pesce\u00a0ha chinato la testa verso la neve e partendo da Rio Gere, ha iniziato la sua salita silenziosa. Un\u2019esperienza resa ancora pi\u00f9 emozionante dal cielo stellato che quella sera lo ha accompagnato. &#8220;\u00c8 stata una gran bella serata, ero con il gruppo dei Carabinieri, Alessandro Zesta e Barbara Zambelli. Tutto \u00e8 andato al meglio, una serata mite, con il cielo\u00a0illuminato di stelle che\u00a0ha reso l\u2019impresa ancora pi\u00f9 speciale &#8211; ha dichiarato Pesce.\u00a0&#8220;Ho percorso una parte della pista Vitelli Bassa, arrivando fino al punto di mezzo tra la pista Slittone e la Tondi di Faloria dove siamo scesi verso il rifugio stesso. Considerato l\u2019ambiente nel quale mi sono immerso \u00e8 stata un\u2019esperienza straordinaria.&#8221;. Moreno Pesce non si ferma mai. Il suo percorso \u00e8 fatto di continue sfide che lo spingono a superare i propri limiti e a trasmettere un messaggio di forza e determinazione. Prossimo appuntamento: sabato 29 marzo al Teatro Dino Buzzati di Belluno, quando Moreno Pesce sar\u00e0 ospite in occasione della tavola rotonda\u00a0&#8220;1955-2025, 70 anni di &#8211; Testa, mani, cuore&#8221;.\u00a0L\u2019evento, che metter\u00e0 in luce il valore della tradizione artigiana, sar\u00e0 moderato dal noto personaggio televisivo\u00a0Federico Quaranta\u00a0e prevede la premiazione delle imprese artigianali storiche che pi\u00f9 si sono impegnate. Un\u2019occasione per riflettere sul legame tra passato, presente e futuro attraverso testimonianze di eccellenza e impegno. Moreno Pesce\u00a0continua cos\u00ec a ispirare con le sue imprese e il suo messaggio di resilienza, confermandosi un simbolo di determinazione e coraggio nel panorama sportivo e sociale.<\/p>\n<p>&nbsp;<\/p>\n<p>&nbsp;<\/p>\n<p>&nbsp;<\/p>\n<p>*************<\/p>\n","protected":false},"excerpt":{"rendered":"<p>******* &nbsp; CORTINA L\u2019atleta paralimpico\u00a0Moreno Pesce\u00a0continua il suo percorso di sfide, salite e resilienza, dimostrando ancora una volta la sua determinazione ed il desiderio di confrontarsi con nuovi traguardi. La scorsa settimana ha affrontato la storica\u00a0pista Vitelli,\u00a0uno dei tracciati pi\u00f9 iconici della\u00a0Ski Area Faloria, teatro del\u00a0superG dei Giochi Olimpici Invernali del 1956. Una salita impegnativa,&hellip;<\/p>\n","protected":false},"author":4,"featured_media":441921,"comment_status":"closed","ping_status":"closed","sticky":false,"template":"","format":"standard","meta":{"_monsterinsights_skip_tracking":false,"_monsterinsights_sitenote_active":false,"_monsterinsights_sitenote_note":"","_monsterinsights_sitenote_category":0,"footnotes":""},"categories":[104,49],"tags":[],"class_list":["post-441916","post","type-post","status-publish","format-standard","has-post-thumbnail","hentry","category-evidenza_3","category-news-18","category-104","category-49","description-off"],"img_url":"https:\/\/www.radiopiu.net\/wordpress\/wp-content\/uploads\/2025\/03\/PHOTO-2025-03-21-21-19-01-copia.jpeg","_links":{"self":[{"href":"https:\/\/www.radiopiu.net\/wordpress\/wp-json\/wp\/v2\/posts\/441916","targetHints":{"allow":["GET"]}}],"collection":[{"href":"https:\/\/www.radiopiu.net\/wordpress\/wp-json\/wp\/v2\/posts"}],"about":[{"href":"https:\/\/www.radiopiu.net\/wordpress\/wp-json\/wp\/v2\/types\/post"}],"author":[{"embeddable":true,"href":"https:\/\/www.radiopiu.net\/wordpress\/wp-json\/wp\/v2\/users\/4"}],"replies":[{"embeddable":true,"href":"https:\/\/www.radiopiu.net\/wordpress\/wp-json\/wp\/v2\/comments?post=441916"}],"version-history":[{"count":1,"href":"https:\/\/www.radiopiu.net\/wordpress\/wp-json\/wp\/v2\/posts\/441916\/revisions"}],"predecessor-version":[{"id":441922,"href":"https:\/\/www.radiopiu.net\/wordpress\/wp-json\/wp\/v2\/posts\/441916\/revisions\/441922"}],"wp:featuredmedia":[{"embeddable":true,"href":"https:\/\/www.radiopiu.net\/wordpress\/wp-json\/wp\/v2\/media\/441921"}],"wp:attachment":[{"href":"https:\/\/www.radiopiu.net\/wordpress\/wp-json\/wp\/v2\/media?parent=441916"}],"wp:term":[{"taxonomy":"category","embeddable":true,"href":"https:\/\/www.radiopiu.net\/wordpress\/wp-json\/wp\/v2\/categories?post=441916"},{"taxonomy":"post_tag","embeddable":true,"href":"https:\/\/www.radiopiu.net\/wordpress\/wp-json\/wp\/v2\/tags?post=441916"}],"curies":[{"name":"wp","href":"https:\/\/api.w.org\/{rel}","templated":true}]}}