{"id":441937,"date":"2025-03-28T23:59:19","date_gmt":"2025-03-28T22:59:19","guid":{"rendered":"https:\/\/www.radiopiu.net\/wordpress\/?p=441937"},"modified":"2025-03-29T06:06:57","modified_gmt":"2025-03-29T05:06:57","slug":"agordina-a-pieno-regime-nel-fine-settimana-dei-campionati-lnd","status":"publish","type":"post","link":"https:\/\/www.radiopiu.net\/wordpress\/agordina-a-pieno-regime-nel-fine-settimana-dei-campionati-lnd\/","title":{"rendered":"AGORDINA A PIENO REGIME NEL FINE SETTIMANA DEI CAMPIONATI LND"},"content":{"rendered":"<p>*******<\/p>\n<p>&nbsp;<\/p>\n<p><strong><a class=\"dt-pswp-item\" href=\"https:\/\/www.radiopiu.net\/wordpress\/wp-content\/uploads\/2023\/04\/calcio-rigore-2023.png\" data-dt-img-description=\"\" data-large_image_width=\"623\" data-large_image_height=\"402\"><img loading=\"lazy\" decoding=\"async\" class=\" wp-image-331419 alignleft\" src=\"https:\/\/www.radiopiu.net\/wordpress\/wp-content\/uploads\/2023\/04\/calcio-rigore-2023-300x194.png\" alt=\"\" width=\"196\" height=\"127\" srcset=\"https:\/\/www.radiopiu.net\/wordpress\/wp-content\/uploads\/2023\/04\/calcio-rigore-2023-300x194.png 300w, https:\/\/www.radiopiu.net\/wordpress\/wp-content\/uploads\/2023\/04\/calcio-rigore-2023.png 623w\" sizes=\"auto, (max-width: 196px) 100vw, 196px\" \/><\/a>DI MARCO GAZ<\/strong><\/p>\n<p><strong>REDAZIONE<\/strong> Continuano i fine settimana calcistici dell&#8217;Agordina che anche questa settimana \u00e8 in campo con le sue 5 squadre iscritte ai campionati provinciali della LND. Tra oggi e domani sono 5 le partite in programma. Ad aprire le danze ci penseranno i ragazzi della Juniores ed Esordienti. Alle 15 scenderanno in campo le due squadre degli Esordienti. La squadra A giocher\u00e0 all&#8217;Ivano Dorigo di Agordo contro il Cavarzano mentre la squadra B a Lentiai contro LG Valbelluna. Alle 18:30 sar\u00e0 il turno della Juniores che sul campo di Agordo giocher\u00e0 con la Plavis. Domani mattina alle 10 scenderanno in campo gli Allievi che dovranno affrontare una trasferta in terra cadorina per scontrarsi con il Cadore. Con il cambio dell&#8217;ora viene posticipato di un&#8217;ora il calcio d&#8217;inizio delle partite di Terza Categoria. Si giocher\u00e0 alle 15:30 e l&#8217;Agordina di Davare scender\u00e0 a Belluno per lo scontro con il Piave. Sul campo di Salce ci si aspetta una bella partita con il risultato che non \u00e8 scontato alla vigilia. Domani alle 20:30 su Radio Pi\u00f9 l&#8217;appuntamento con &#8220;Agordina In Prima Linea&#8221;, il contenitore calcistico della domenica sera dedicato al fine settimana dell&#8217;Agordina Calcio.<\/p>\n<p>&nbsp;<\/p>\n<p>&nbsp;<\/p>\n<p>*******<\/p>\n","protected":false},"excerpt":{"rendered":"<p>******* &nbsp; DI MARCO GAZ REDAZIONE Continuano i fine settimana calcistici dell&#8217;Agordina che anche questa settimana \u00e8 in campo con le sue 5 squadre iscritte ai campionati provinciali della LND. Tra oggi e domani sono 5 le partite in programma. Ad aprire le danze ci penseranno i ragazzi della Juniores ed Esordienti. Alle 15 scenderanno&hellip;<\/p>\n","protected":false},"author":4,"featured_media":331419,"comment_status":"closed","ping_status":"closed","sticky":false,"template":"","format":"standard","meta":{"_monsterinsights_skip_tracking":false,"_monsterinsights_sitenote_active":false,"_monsterinsights_sitenote_note":"","_monsterinsights_sitenote_category":0,"footnotes":""},"categories":[51,49],"tags":[],"class_list":["post-441937","post","type-post","status-publish","format-standard","has-post-thumbnail","hentry","category-evidenza-top","category-news-18","category-51","category-49","description-off"],"img_url":"https:\/\/www.radiopiu.net\/wordpress\/wp-content\/uploads\/2023\/04\/calcio-rigore-2023.png","_links":{"self":[{"href":"https:\/\/www.radiopiu.net\/wordpress\/wp-json\/wp\/v2\/posts\/441937","targetHints":{"allow":["GET"]}}],"collection":[{"href":"https:\/\/www.radiopiu.net\/wordpress\/wp-json\/wp\/v2\/posts"}],"about":[{"href":"https:\/\/www.radiopiu.net\/wordpress\/wp-json\/wp\/v2\/types\/post"}],"author":[{"embeddable":true,"href":"https:\/\/www.radiopiu.net\/wordpress\/wp-json\/wp\/v2\/users\/4"}],"replies":[{"embeddable":true,"href":"https:\/\/www.radiopiu.net\/wordpress\/wp-json\/wp\/v2\/comments?post=441937"}],"version-history":[{"count":1,"href":"https:\/\/www.radiopiu.net\/wordpress\/wp-json\/wp\/v2\/posts\/441937\/revisions"}],"predecessor-version":[{"id":441943,"href":"https:\/\/www.radiopiu.net\/wordpress\/wp-json\/wp\/v2\/posts\/441937\/revisions\/441943"}],"wp:featuredmedia":[{"embeddable":true,"href":"https:\/\/www.radiopiu.net\/wordpress\/wp-json\/wp\/v2\/media\/331419"}],"wp:attachment":[{"href":"https:\/\/www.radiopiu.net\/wordpress\/wp-json\/wp\/v2\/media?parent=441937"}],"wp:term":[{"taxonomy":"category","embeddable":true,"href":"https:\/\/www.radiopiu.net\/wordpress\/wp-json\/wp\/v2\/categories?post=441937"},{"taxonomy":"post_tag","embeddable":true,"href":"https:\/\/www.radiopiu.net\/wordpress\/wp-json\/wp\/v2\/tags?post=441937"}],"curies":[{"name":"wp","href":"https:\/\/api.w.org\/{rel}","templated":true}]}}