{"id":441987,"date":"2025-03-29T05:45:26","date_gmt":"2025-03-29T04:45:26","guid":{"rendered":"https:\/\/www.radiopiu.net\/wordpress\/?p=441987"},"modified":"2025-03-29T09:29:39","modified_gmt":"2025-03-29T08:29:39","slug":"pericolo-allincrocio-per-il-col-di-foglia-scomparso-lo-specchio-stradale","status":"publish","type":"post","link":"https:\/\/www.radiopiu.net\/wordpress\/pericolo-allincrocio-per-il-col-di-foglia-scomparso-lo-specchio-stradale\/","title":{"rendered":"Pericolo all\u2019incrocio per il Col di Foglia: scomparso lo specchio stradale"},"content":{"rendered":"<p>**<\/p>\n<h3 class=\"\" data-start=\"25\" data-end=\"105\">Conseguenza dei lavori in corso, con l&#8217;auspicio che presto si ritorni alla normalit\u00e0<\/h3>\n<p class=\"\" data-start=\"107\" data-end=\"478\"><strong><a class=\"dt-pswp-item\" href=\"https:\/\/www.radiopiu.net\/wordpress\/wp-content\/uploads\/2025\/03\/download-18.jpg\" data-dt-img-description=\"\" data-large_image_width=\"225\" data-large_image_height=\"225\"><img loading=\"lazy\" decoding=\"async\" class=\"wp-image-441988 alignleft\" src=\"https:\/\/www.radiopiu.net\/wordpress\/wp-content\/uploads\/2025\/03\/download-18.jpg\" alt=\"\" width=\"129\" height=\"129\" srcset=\"https:\/\/www.radiopiu.net\/wordpress\/wp-content\/uploads\/2025\/03\/download-18.jpg 225w, https:\/\/www.radiopiu.net\/wordpress\/wp-content\/uploads\/2025\/03\/download-18-150x150.jpg 150w\" sizes=\"auto, (max-width: 129px) 100vw, 129px\" \/><\/a>AGORDO<\/strong> \u2013 Uno degli incroci pi\u00f9 critici della viabilit\u00e0 locale, tra la strada per il Col di Foglia e il mobilificio Roccon \u00e8 diventato ancora pi\u00f9 pericoloso. Lo specchio stradale, fondamentale per garantire visibilit\u00e0 a chi si immette sulla carreggiata, \u00e8 stato tolto in seguito all&#8217;apertura del cantiere, creando una situazione di grave rischio per automobilisti e motociclisti. Chi transita da quella zona sa bene quanto lo specchio sia essenziale per controllare il traffico in arrivo, vista la scarsa visibilit\u00e0 dell\u2019incrocio. Ora, senza questo strumento di sicurezza, chi si immette sulla strada deve affidarsi solo all\u2019udito e alla speranza di non trovarsi davanti un veicolo all\u2019ultimo momento. Diversi residenti e automobilisti hanno gi\u00e0 segnalato il problema, chiedendo un intervento immediato per ripristinare lo specchio e garantire maggiore sicurezza. L\u2019assenza di questo dispositivo, soprattutto con l\u2019arrivo della bella stagione e l\u2019aumento del traffico turistico, potrebbe infatti favorire il verificarsi di incidenti.<\/p>\n<p>__<\/p>\n","protected":false},"excerpt":{"rendered":"<p>** Conseguenza dei lavori in corso, con l&#8217;auspicio che presto si ritorni alla normalit\u00e0 AGORDO \u2013 Uno degli incroci pi\u00f9 critici della viabilit\u00e0 locale, tra la strada per il Col di Foglia e il mobilificio Roccon \u00e8 diventato ancora pi\u00f9 pericoloso. Lo specchio stradale, fondamentale per garantire visibilit\u00e0 a chi si immette sulla carreggiata, \u00e8&hellip;<\/p>\n","protected":false},"author":4,"featured_media":441988,"comment_status":"closed","ping_status":"closed","sticky":false,"template":"","format":"standard","meta":{"_monsterinsights_skip_tracking":false,"_monsterinsights_sitenote_active":false,"_monsterinsights_sitenote_note":"","_monsterinsights_sitenote_category":0,"footnotes":""},"categories":[104,49],"tags":[],"class_list":["post-441987","post","type-post","status-publish","format-standard","has-post-thumbnail","hentry","category-evidenza_3","category-news-18","category-104","category-49","description-off"],"img_url":"https:\/\/www.radiopiu.net\/wordpress\/wp-content\/uploads\/2025\/03\/download-18.jpg","_links":{"self":[{"href":"https:\/\/www.radiopiu.net\/wordpress\/wp-json\/wp\/v2\/posts\/441987","targetHints":{"allow":["GET"]}}],"collection":[{"href":"https:\/\/www.radiopiu.net\/wordpress\/wp-json\/wp\/v2\/posts"}],"about":[{"href":"https:\/\/www.radiopiu.net\/wordpress\/wp-json\/wp\/v2\/types\/post"}],"author":[{"embeddable":true,"href":"https:\/\/www.radiopiu.net\/wordpress\/wp-json\/wp\/v2\/users\/4"}],"replies":[{"embeddable":true,"href":"https:\/\/www.radiopiu.net\/wordpress\/wp-json\/wp\/v2\/comments?post=441987"}],"version-history":[{"count":3,"href":"https:\/\/www.radiopiu.net\/wordpress\/wp-json\/wp\/v2\/posts\/441987\/revisions"}],"predecessor-version":[{"id":442028,"href":"https:\/\/www.radiopiu.net\/wordpress\/wp-json\/wp\/v2\/posts\/441987\/revisions\/442028"}],"wp:featuredmedia":[{"embeddable":true,"href":"https:\/\/www.radiopiu.net\/wordpress\/wp-json\/wp\/v2\/media\/441988"}],"wp:attachment":[{"href":"https:\/\/www.radiopiu.net\/wordpress\/wp-json\/wp\/v2\/media?parent=441987"}],"wp:term":[{"taxonomy":"category","embeddable":true,"href":"https:\/\/www.radiopiu.net\/wordpress\/wp-json\/wp\/v2\/categories?post=441987"},{"taxonomy":"post_tag","embeddable":true,"href":"https:\/\/www.radiopiu.net\/wordpress\/wp-json\/wp\/v2\/tags?post=441987"}],"curies":[{"name":"wp","href":"https:\/\/api.w.org\/{rel}","templated":true}]}}