{"id":441992,"date":"2025-03-29T05:07:21","date_gmt":"2025-03-29T04:07:21","guid":{"rendered":"https:\/\/www.radiopiu.net\/wordpress\/?p=441992"},"modified":"2025-03-29T05:07:21","modified_gmt":"2025-03-29T04:07:21","slug":"cagnati-fortissima-in-coppa-a-dobbiaco","status":"publish","type":"post","link":"https:\/\/www.radiopiu.net\/wordpress\/cagnati-fortissima-in-coppa-a-dobbiaco\/","title":{"rendered":"CAGNATI FORTISSIMA IN COPPA A DOBBIACO"},"content":{"rendered":"<p>***<\/p>\n<blockquote>\n<p class=\"\" data-start=\"46\" data-end=\"86\"><strong data-start=\"46\" data-end=\"84\"><img loading=\"lazy\" decoding=\"async\" class=\"alignleft\" src=\"https:\/\/www.radiopiu.net\/wordpress\/wp-content\/uploads\/2022\/03\/vanessa-cagnati-gen-2021.jpg\" width=\"249\" height=\"166\" \/>SCI DI FONDO \u2013 CAMPIONATI ITALIANI<\/strong><\/p>\n<\/blockquote>\n<p class=\"\" data-start=\"88\" data-end=\"374\"><strong>DOBBIACO<\/strong> \u2013 \u00c8 iniziato ieri il weekend dedicato ai Campionati Italiani di sci di fondo, che vedr\u00e0 la localit\u00e0 altoatesina protagonista fino a domani, ospitando anche la Coppa Italia Giovani. Un evento che ha richiamato quasi 350 atleti, tutti in gara per conquistare gli ambiti trofei. Subito una grande soddisfazione per i colori bellunesi: l\u2019agordina Vanessa Cagnati (Fiamme Gialle) ha dominato la sua gara, portando a casa un&#8217;importante vittoria. Ottima prestazione anche per Edoardo Trombetta (Ski College Veneto Falcade), che ha chiuso nella top 5 della sprint Under 18\u00a0 Le competizioni proseguiranno per tutto il fine settimana, con grande attesa per le prossime prove che vedranno ancora in pista i giovani talenti dello sci di fondo italiano.<\/p>\n<p>___<\/p>\n","protected":false},"excerpt":{"rendered":"<p>*** SCI DI FONDO \u2013 CAMPIONATI ITALIANI DOBBIACO \u2013 \u00c8 iniziato ieri il weekend dedicato ai Campionati Italiani di sci di fondo, che vedr\u00e0 la localit\u00e0 altoatesina protagonista fino a domani, ospitando anche la Coppa Italia Giovani. Un evento che ha richiamato quasi 350 atleti, tutti in gara per conquistare gli ambiti trofei. Subito una&hellip;<\/p>\n","protected":false},"author":4,"featured_media":263198,"comment_status":"closed","ping_status":"closed","sticky":false,"template":"","format":"standard","meta":{"_monsterinsights_skip_tracking":false,"_monsterinsights_sitenote_active":false,"_monsterinsights_sitenote_note":"","_monsterinsights_sitenote_category":0,"footnotes":""},"categories":[51,49],"tags":[],"class_list":["post-441992","post","type-post","status-publish","format-standard","has-post-thumbnail","hentry","category-evidenza-top","category-news-18","category-51","category-49","description-off"],"img_url":"https:\/\/www.radiopiu.net\/wordpress\/wp-content\/uploads\/2022\/03\/vanessa-cagnati-gen-2021.jpg","_links":{"self":[{"href":"https:\/\/www.radiopiu.net\/wordpress\/wp-json\/wp\/v2\/posts\/441992","targetHints":{"allow":["GET"]}}],"collection":[{"href":"https:\/\/www.radiopiu.net\/wordpress\/wp-json\/wp\/v2\/posts"}],"about":[{"href":"https:\/\/www.radiopiu.net\/wordpress\/wp-json\/wp\/v2\/types\/post"}],"author":[{"embeddable":true,"href":"https:\/\/www.radiopiu.net\/wordpress\/wp-json\/wp\/v2\/users\/4"}],"replies":[{"embeddable":true,"href":"https:\/\/www.radiopiu.net\/wordpress\/wp-json\/wp\/v2\/comments?post=441992"}],"version-history":[{"count":1,"href":"https:\/\/www.radiopiu.net\/wordpress\/wp-json\/wp\/v2\/posts\/441992\/revisions"}],"predecessor-version":[{"id":441993,"href":"https:\/\/www.radiopiu.net\/wordpress\/wp-json\/wp\/v2\/posts\/441992\/revisions\/441993"}],"wp:featuredmedia":[{"embeddable":true,"href":"https:\/\/www.radiopiu.net\/wordpress\/wp-json\/wp\/v2\/media\/263198"}],"wp:attachment":[{"href":"https:\/\/www.radiopiu.net\/wordpress\/wp-json\/wp\/v2\/media?parent=441992"}],"wp:term":[{"taxonomy":"category","embeddable":true,"href":"https:\/\/www.radiopiu.net\/wordpress\/wp-json\/wp\/v2\/categories?post=441992"},{"taxonomy":"post_tag","embeddable":true,"href":"https:\/\/www.radiopiu.net\/wordpress\/wp-json\/wp\/v2\/tags?post=441992"}],"curies":[{"name":"wp","href":"https:\/\/api.w.org\/{rel}","templated":true}]}}