{"id":441994,"date":"2025-03-29T05:52:53","date_gmt":"2025-03-29T04:52:53","guid":{"rendered":"https:\/\/www.radiopiu.net\/wordpress\/?p=441994"},"modified":"2025-03-29T07:39:57","modified_gmt":"2025-03-29T06:39:57","slug":"stretta-sulla-cittadinanza-iure-sanguinis-stop-oltre-la-seconda-generazione","status":"publish","type":"post","link":"https:\/\/www.radiopiu.net\/wordpress\/stretta-sulla-cittadinanza-iure-sanguinis-stop-oltre-la-seconda-generazione\/","title":{"rendered":"STRETTA SULLA CITTADINANZA IURE SANGUINIS: STOP OLTRE LA SECONDA GENERAZIONE"},"content":{"rendered":"<p>***<\/p>\n<p>&nbsp;<\/p>\n<p class=\"\" data-start=\"84\" data-end=\"286\"><a class=\"dt-pswp-item\" href=\"https:\/\/www.radiopiu.net\/wordpress\/wp-content\/uploads\/2025\/03\/28056423_1570743069705719_9091845138820201561_n-300x300-1.jpg\" data-dt-img-description=\"\" data-large_image_width=\"300\" data-large_image_height=\"300\"><img loading=\"lazy\" decoding=\"async\" class=\"wp-image-441997 alignleft\" src=\"https:\/\/www.radiopiu.net\/wordpress\/wp-content\/uploads\/2025\/03\/28056423_1570743069705719_9091845138820201561_n-300x300-1.jpg\" alt=\"\" width=\"123\" height=\"123\" srcset=\"https:\/\/www.radiopiu.net\/wordpress\/wp-content\/uploads\/2025\/03\/28056423_1570743069705719_9091845138820201561_n-300x300-1.jpg 300w, https:\/\/www.radiopiu.net\/wordpress\/wp-content\/uploads\/2025\/03\/28056423_1570743069705719_9091845138820201561_n-300x300-1-150x150.jpg 150w\" sizes=\"auto, (max-width: 123px) 100vw, 123px\" \/><\/a>E&#8217; ufficiale: con un decreto legge approvato dal Consiglio dei ministri, la trasmissione della cittadinanza italiana iure sanguinis sar\u00e0 limitata alle sole prime due generazioni di discendenti. Una svolta che ha trovato il pieno sostegno del sindaco Camillo De Pellegrin, da anni impegnato su questo tema.\u00a0 Dopo otto anni di battaglie il ministro Tajani ha messo in evidenza anche\u00a0 il rischio della commercializzazione dei passaporti. La nuova normativa segna un cambiamento significativo, ponendo fine alla possibilit\u00e0 di ottenere la cittadinanza per discendenti di italiani senza limiti generazionali, una pratica che aveva sollevato polemiche e preoccupazioni soprattutto per il crescente fenomeno dei passaporti ottenuti a fini speculativi.<\/p>\n<p data-start=\"84\" data-end=\"286\">IL SINDACO\u00a0 CAMILLO DE PELLEGRIN, DAL GIORNALE RADIO PRINCIPALE 12.30 E RASSEGNA STAMPA 8.00<\/p>\n<audio class=\"wp-audio-shortcode\" id=\"audio-441994-1\" preload=\"none\" style=\"width: 100%;\" controls=\"controls\"><source type=\"audio\/ogg\" src=\"https:\/\/www.radiopiu.net\/wordpress\/wp-content\/uploads\/2025\/03\/WhatsApp-Ptt-2025-03-29-at-07.38.05.ogg?_=1\" \/><a href=\"https:\/\/www.radiopiu.net\/wordpress\/wp-content\/uploads\/2025\/03\/WhatsApp-Ptt-2025-03-29-at-07.38.05.ogg\">https:\/\/www.radiopiu.net\/wordpress\/wp-content\/uploads\/2025\/03\/WhatsApp-Ptt-2025-03-29-at-07.38.05.ogg<\/a><\/audio>\n<p data-start=\"84\" data-end=\"286\">\n<p data-start=\"84\" data-end=\"286\">\n<p data-start=\"84\" data-end=\"286\">\n<hr \/>\n<p>&nbsp;<\/p>\n<p><span style=\"color: #ff0000;\"><strong>ARCHIVIO RADIOPIU27 GENNAIO\u00a0 2024\u00a0<\/strong><\/span><\/p>\n<blockquote>\n<h3 data-start=\"84\" data-end=\"286\">VAL DI ZOLDO: PRIORITA&#8217; ALLE PRATICHE DI CITTADINANZA ITALO-BRASILIANA<\/h3>\n<\/blockquote>\n<p><strong>VAL DI ZOLDO<\/strong> Il Comune di Val di Zoldo affronta sfide nel concludere le pratiche di cittadinanza italo-brasiliana, con priorit\u00e0 ai cittadini brasiliani, esponendosi a rischi legali. La gestione delle cittadinanze iure sanguinis e dei residenti italiani diventa complessa, poich\u00e9 l&#8217;attenzione \u00e8 focalizzata sul Brasile. L&#8217;ufficio stato civile lavora principalmente per il Brasile, causando rallentamenti per i cittadini italiani. Con 551 atti dall&#8217;estero in attesa di trascrizione, la situazione si aggrava, influenzata dalla pratica del riconoscimento giudiziale della cittadinanza italiana iure sanguinis. Questo crea un sovraccarico di atti da trascrivere, mettendo a rischio l&#8217;efficienza dei servizi comunali. La questione coinvolge diversi Comuni, richiedendo un&#8217;analisi approfondita della radice del problema. &#8220;Questo accade ormai senza soluzione di continuit\u00e0 &#8211; dice il sindaco di Val di Zoldo Camillo De Pellegrin &#8211; Arriva il corriere e scarica il pacco di atti con in cima la sentenza del Tribunale, in genere di Roma, con tanto di ordine di adempimento. E quindi che si fa ? Si prova a tamponare, rincorrendo le diffide degli avvocati che invocano denunce per omissione di atti d&#8217;ufficio, risarcimenti e ricorsi per le mancate trascrizioni. Ma visto che non esistono solo le pratiche dei brasiliani da gestire si rimane indietro e prima o poi il ricorso arriva, come \u00e8 appena accaduto a Val di Zoldo con un ricorso al TAR per mancata ottemperanza a una sentenza. L&#8217;ennesimo scandalo legato allo iure sanguinis. E non \u00e8 certo un problema che riguarda solo Val di Zoldo, decine e decine di Comuni sono sommersi di pratiche. Qualcuno vorr\u00e0 prima o poi andare alla &#8220;radice&#8221; del problema?&#8221;.<\/p>\n\n\t\t\t<style type='text\/css'>\n\t\t\t\t#gallery-1 {\n\t\t\t\t\tmargin: auto;\n\t\t\t\t}\n\t\t\t\t#gallery-1 .gallery-item {\n\t\t\t\t\tfloat: left;\n\t\t\t\t\tmargin-top: 10px;\n\t\t\t\t\ttext-align: center;\n\t\t\t\t\twidth: 33%;\n\t\t\t\t}\n\t\t\t\t#gallery-1 img {\n\t\t\t\t\tborder: 2px solid #cfcfcf;\n\t\t\t\t}\n\t\t\t\t#gallery-1 .gallery-caption {\n\t\t\t\t\tmargin-left: 0;\n\t\t\t\t}\n\t\t\t\t\/* see gallery_shortcode() in wp-includes\/media.php *\/\n\t\t\t<\/style>\n\t\t<div id='gallery-1' class='dt-gallery-container gallery galleryid-441994 gallery-columns-3 gallery-size-thumbnail'><dl class='gallery-item'>\n\t\t\t\t<dt class='gallery-icon portrait'>\n\t\t\t\t\t<a class=\"rollover rollover-zoom dt-pswp-item\" title=\"053ee587-d0d4-4af4-a81e-92e934f7c5d9\" data-dt-img-description=\"\" data-large_image_width=\"1536\" data-large_image_height=\"2048\"href='https:\/\/www.radiopiu.net\/wordpress\/wp-content\/uploads\/2024\/01\/053ee587-d0d4-4af4-a81e-92e934f7c5d9.jpg'><img loading=\"lazy\" decoding=\"async\" width=\"150\" height=\"150\" src=\"https:\/\/www.radiopiu.net\/wordpress\/wp-content\/uploads\/2024\/01\/053ee587-d0d4-4af4-a81e-92e934f7c5d9-150x150.jpg\" class=\"attachment-thumbnail size-thumbnail\" alt=\"\" \/><\/a>\n\t\t\t\t<\/dt><\/dl><dl class='gallery-item'>\n\t\t\t\t<dt class='gallery-icon landscape'>\n\t\t\t\t\t<a class=\"rollover rollover-zoom dt-pswp-item\" title=\"036ac001-4441-4ad8-ad97-93f1c049a74e\" data-dt-img-description=\"\" data-large_image_width=\"2048\" data-large_image_height=\"1458\"href='https:\/\/www.radiopiu.net\/wordpress\/wp-content\/uploads\/2024\/01\/036ac001-4441-4ad8-ad97-93f1c049a74e.jpg'><img loading=\"lazy\" decoding=\"async\" width=\"150\" height=\"150\" src=\"https:\/\/www.radiopiu.net\/wordpress\/wp-content\/uploads\/2024\/01\/036ac001-4441-4ad8-ad97-93f1c049a74e-150x150.jpg\" class=\"attachment-thumbnail size-thumbnail\" alt=\"\" \/><\/a>\n\t\t\t\t<\/dt><\/dl><dl class='gallery-item'>\n\t\t\t\t<dt class='gallery-icon portrait'>\n\t\t\t\t\t<a class=\"rollover rollover-zoom dt-pswp-item\" title=\"7aa4b67a-d549-48e1-be2e-8d38ae7207d9\" data-dt-img-description=\"\" data-large_image_width=\"1536\" data-large_image_height=\"2048\"href='https:\/\/www.radiopiu.net\/wordpress\/wp-content\/uploads\/2024\/01\/7aa4b67a-d549-48e1-be2e-8d38ae7207d9.jpg'><img loading=\"lazy\" decoding=\"async\" width=\"150\" height=\"150\" src=\"https:\/\/www.radiopiu.net\/wordpress\/wp-content\/uploads\/2024\/01\/7aa4b67a-d549-48e1-be2e-8d38ae7207d9-150x150.jpg\" class=\"attachment-thumbnail size-thumbnail\" alt=\"\" \/><\/a>\n\t\t\t\t<\/dt><\/dl><br style=\"clear: both\" \/>\n\t\t\t<\/div>\n\n<p>&nbsp;<\/p>\n<p>&nbsp;<\/p>\n<p class=\"\" data-start=\"84\" data-end=\"286\"><span style=\"color: #ff0000;\"><strong>ARCHIVIO RADIOPIU 03 FEBBRAIO 2024\u00a0<\/strong><\/span><\/p>\n<blockquote>\n<h3>IURE SANGUINIS, DE PELLEGRIN &#8220;PRIMA O POI SCOPPIERA&#8217; TRA LE MANI&#8221;<\/h3>\n<\/blockquote>\n<p><strong><img loading=\"lazy\" decoding=\"async\" class=\"alignleft\" src=\"https:\/\/www.radiopiu.net\/wordpress\/wp-content\/uploads\/2024\/02\/422833540_791701319653640_4020854929320173610_n.jpg\" width=\"186\" height=\"248\" \/>VAL DI ZOLDO<\/strong> Hadil da Rocha Vianna, ambasciatore del Console Generale di Brasile ha scritto al sindaco Camillo De Pellgrin che di recente ha sollevato il tema delle Cittadinanze iure sanguinis.<\/p>\n<blockquote><p>il sindaco: <strong>Lascio alla libera interpretazione di ognuno la lettera ricevuta oggi dal Console Generale del Brasile, prima per\u00f2 ci tengo a sgomberare il campo da argomenti attraverso i quali si cerca di mistificare la realt\u00e0. <\/strong><strong>Che la si smetta di fare leva strumentalmente sulla storia dell&#8217;emigrazione italiana in Brasile per sviare l&#8217;attenzione dalle gravi questioni relative alla tematica delle cittadinanze iure sanguinis. <\/strong><strong>Se non saranno presi provvedimenti seri in tal senso i primi a farne le spese saranno gli oriundi che realmente sono legati all&#8217;Italia. <\/strong><strong>Il Comune Val di Zoldo \u00e8 gemellato con Rio Jordao e l&#8217;amicizia che lega i d<\/strong><strong>ue territori non \u00e8 in discussione. Anzi.<\/strong><\/p><\/blockquote>\n<p>&nbsp;<\/p>\n<p>&nbsp;<\/p>\n<hr \/>\n<blockquote><p>Signor Sindaco, Il Consolato Generale del Brasile a Milano \u00e8 venuto a conoscenza, attraverso i post apparsi sui social network e la loro ripercussione sulla stampa, delle Sue dichiarazioni riguardo all&#8217;elevato volume di domande di cittadinanza italiana presentate da cittadini sudamericani e, in particolare, brasiliani. In questo contesto, vorrei esprimere la riconoscenza di questo Consolato Generale per gli sforzi compiuti da codesto Comune allo scopo di soddisfare queste richieste. Colgo l&#8217;occasione per ricordare che, nel 2024, ricorrono i 150 anni dell&#8217;immigrazione italiana in Brasile. Durante questo periodo, il nostro Paese ha accolto circa un milione e mezzo di italiani. Nella prima fase dell&#8217;immigrazione, tra il 1873 e il 1920, circa un terzo della popolazione di immigrati (pi\u00f9 di 300.000 persone) era originaria del Veneto. Il Consolato Generale di Milano, cos\u00ec come le altre rappresentanze brasiliane accreditate presso lo Stato italiano, intendono realizzare, nel corso dell&#8217;anno, un programma di iniziative culturali dedicate a tale ricorrenza, allo scopo di celebrare l&#8217;amicizia tra Brasile e Italia. Nel rinnovare la nostra gratitudine per l&#8217;impegno profuso nel rispondere alle richieste dei cittadini brasiliani discendenti di italiani di origine veneta, esprimo l&#8217;auspicio che il riferimento al Brasile e ai suoi simboli nazionali, come la bandiera, avvenga nel rispetto della storica amicizia tra Brasile e Italia.<\/p><\/blockquote>\n<p>Proprio ieri\u00a0 il sindaco sulla pagina facebook riporta le notizie sulla Corte Appello, a Venezia<em> &#8220;arretrato per cittadinanza dal Brasile &#8216;Il numero di questa cause \u00e8 superiore a tutte le altre'&#8221; <\/em>Il sindaco aggiunge: &#8220;<em>Qualcuno finalmente sembra voler sollevare l&#8217;argomento in modo serio. In questi anni il Comune val di Zoldo ha bussato ad ogni porta per segnalare la situazione delle cittadinanze iure sanguinis. Un fenomeno che prima o poi, continuiamo a dirlo, ci scoppier\u00e0 tra le mani<\/em>&#8220;.<\/p>\n<p>&nbsp;<\/p>\n<p><span style=\"color: #ff0000;\"><strong>ARCHIVIO RADIOPIU 05 OTTOBRE 2024<\/strong><\/span><\/p>\n<blockquote>\n<h2>Fase 2: Sfide e Rischi della Riforma sulla Cittadinanza<\/h2>\n<\/blockquote>\n<div class=\"flex-shrink-0 flex flex-col relative items-end\">\n<div>\n<div class=\"pt-0\">\n<div class=\"gizmo-bot-avatar flex h-8 w-8 items-center justify-center overflow-hidden rounded-full\">\n<div class=\"relative p-1 rounded-sm flex items-center justify-center bg-token-main-surface-primary text-token-text-primary h-8 w-8\"><strong>REDAZIONE<\/strong> Il sindaco di Val di Zoldo Camillo De Pellegrin sottolinea come le\u00a0 istituzioni\u00a0 abbiano finalmente riconosciuto l&#8217;importanza del fenomeno delle richieste di cittadinanza<em> iure sanguinis<\/em>, ma ora inizia la fase pi\u00f9 complessa. Si prevede un&#8217;accelerazione delle domande, mentre lobby politiche tenteranno di ostacolare la riforma. Importante \u00e8 evitare un testo normativo che, senza competenze specialistiche, alimenti ulteriori business e ritardi legali.<\/div>\n<div><\/div>\n<\/div>\n<\/div>\n<\/div>\n<\/div>\n<p><strong>L&#8217;INTERVENTO DEL SINDACO DI VAL DI ZOLDO<\/strong><\/p>\n<p><a class=\"dt-pswp-item\" href=\"https:\/\/www.radiopiu.net\/wordpress\/wp-content\/uploads\/2022\/01\/28056423_1570743069705719_9091845138820201561_n.jpg\" data-dt-img-description=\"il sindaco Camillo De Pellegrin\" data-large_image_width=\"960\" data-large_image_height=\"959\"><img loading=\"lazy\" decoding=\"async\" class=\" wp-image-254798 alignleft\" src=\"https:\/\/www.radiopiu.net\/wordpress\/wp-content\/uploads\/2022\/01\/28056423_1570743069705719_9091845138820201561_n-300x300.jpg\" alt=\"\" width=\"151\" height=\"151\" srcset=\"https:\/\/www.radiopiu.net\/wordpress\/wp-content\/uploads\/2022\/01\/28056423_1570743069705719_9091845138820201561_n-300x300.jpg 300w, https:\/\/www.radiopiu.net\/wordpress\/wp-content\/uploads\/2022\/01\/28056423_1570743069705719_9091845138820201561_n-150x150.jpg 150w, https:\/\/www.radiopiu.net\/wordpress\/wp-content\/uploads\/2022\/01\/28056423_1570743069705719_9091845138820201561_n-768x767.jpg 768w, https:\/\/www.radiopiu.net\/wordpress\/wp-content\/uploads\/2022\/01\/28056423_1570743069705719_9091845138820201561_n.jpg 960w\" sizes=\"auto, (max-width: 151px) 100vw, 151px\" \/><\/a><em>Siamo molto soddisfatti che finalmente le istituzioni, a tutti i livelli, abbiano preso coscienza del fenomeno. Chi pi\u00f9, chi meno e chi con un altro (prevedibile) triplo carpiato (la Stretta carpiata). Spiace infine leggere ancora una volta dell\u2019illusione che questo fenomeno possa contrastare lo spopolamento. Penso anche alle centinaia di collaboratori delle nostre anagrafi lasciati soli per troppo tempo e che ora vedono riconosciuto il loro lavoro e soprattutto l\u2019importanza del loro ruolo. Tornando al punto ora per\u00f2 inizia la parte pi\u00f9 difficile ed \u00e8 assolutamente necessario tenere alta la guardia. Si verificheranno nell\u2019ordine due fenomeni. Il primo le richieste di riconoscimento della cittadinanza iure sanguinis subiranno un\u2019ulteriore accelerazione. Il timore di un cambio restrittivo della legge porter\u00e0 tutti gli interessati (milioni) ad avviare le pratiche. Ad oggi con pieno diritto stante la norma. Il secondo invece riguarda certa politica e le lobby ad essa collegate che tenter\u00e0 in qualsiasi modo di far naufragare la riforma. Ricordo che in gioco ci sono milioni di euro. Ogni richiesta di riconoscimento pu\u00f2 valere tra i 5 e i 10.000 euro a seconda del pacchetto che si preferisce \u201cacquistare\u201d. In alcuni casi sono comprese anche le visite guidate alle citt\u00e0 di interesse, insomma pacchetto tutto compreso. La cosa peggiore che pu\u00f2 capitare \u00e8 quindi l\u2019emanazione di un provvedimento che nella sostanza non porti ad alcun beneficio. Si pensi ad esempio alla questione della conoscenza della lingua quale presupposto per il riconoscimento. Si alimenterebbe solo un altro business. Sarebbe inoltre auspicabile rivolgersi nella redazione di un testo normativo a degli esperti costituzionalisti e a chi nelle anagrafi tratta il tema quotidianamente. La politica abbia l\u2019umilt\u00e0 di lasciare spazio agli esperti del diritto. Un testo di legge incompleto o peggio ancora non \u201ccoperto\u201d da un tetto di costituzionalit\u00e0 rischia di aprire la strada a ricorsi e ritardi.<\/em><\/p>\n<p>&nbsp;<\/p>\n<p>&nbsp;<\/p>\n<p><span style=\"color: #ff0000;\"><strong>ARCHIVIO RADIOPIU 12 OTTOBRE 2024<\/strong><\/span><\/p>\n<blockquote>\n<h2>IURE SANGUIS: INTERROGAZIONE DEL SENATORE MENIA AL MINISTRO DELL&#8217;INTERNO<\/h2>\n<\/blockquote>\n<p><strong><a class=\"dt-pswp-item\" href=\"https:\/\/www.radiopiu.net\/wordpress\/wp-content\/uploads\/2024\/10\/qWDW_OPf_400x400.jpg\" data-dt-img-description=\"\" data-large_image_width=\"400\" data-large_image_height=\"400\"><img loading=\"lazy\" decoding=\"async\" class=\" wp-image-413905 alignleft\" src=\"https:\/\/www.radiopiu.net\/wordpress\/wp-content\/uploads\/2024\/10\/qWDW_OPf_400x400-300x300.jpg\" alt=\"\" width=\"157\" height=\"157\" srcset=\"https:\/\/www.radiopiu.net\/wordpress\/wp-content\/uploads\/2024\/10\/qWDW_OPf_400x400-300x300.jpg 300w, https:\/\/www.radiopiu.net\/wordpress\/wp-content\/uploads\/2024\/10\/qWDW_OPf_400x400-150x150.jpg 150w, https:\/\/www.radiopiu.net\/wordpress\/wp-content\/uploads\/2024\/10\/qWDW_OPf_400x400.jpg 400w\" sizes=\"auto, (max-width: 157px) 100vw, 157px\" \/><\/a>REDAZIONE<\/strong> Negli ultimi anni sono emerse gravi problematiche legate al riconoscimento della cittadinanza italiana iure sanguinis, sia a livello amministrativo che giudiziario. Molti sindaci ritengono che l&#8217;attuale normativa generi distorsioni, come dimostrato dalle recenti indagini nel Comune di Crocetta del Montello, dove sono state scoperte pratiche illegali legate a residenze fittizie e cittadinanze facili. La circolare del 2007, che consente l&#8217;iscrizione anagrafica con un soggiorno breve, ha creato un percorso facilitato per ottenere la cittadinanza, spesso sfruttato da agenzie specializzate. Tuttavia, restano dubbi sulla legittimit\u00e0 di questi procedimenti, e non sono chiari i criteri per accertare la dimora abituale. Il fenomeno richiede un&#8217;interpretazione chiara e controlli pi\u00f9 rigorosi da parte del Ministero dell&#8217;Interno come ha richiesto nell&#8217;interrogazione il Senatore Roberto menia<\/p>\n<p><strong>L&#8217;INTERROGAZIONE DEL SENATORE ROBERTO MENIA AL MINISTRO DELL&#8217;INTERNO<\/strong><\/p>\n<a href=\"https:\/\/www.radiopiu.net\/wordpress\/wp-content\/uploads\/2024\/10\/iure-sanguinis-.pdf\" class=\"pdfemb-viewer\" style=\"\" data-width=\"max\" data-height=\"max\" data-toolbar=\"top\" data-toolbar-fixed=\"on\">iure sanguinis<\/a>\n<p>&nbsp;<\/p>\n<p>&nbsp;<\/p>\n<p><span style=\"color: #ff0000;\"><strong>ARCHIVIO RADIOPIU 27 NOVEMBRE 2024<\/strong><\/span><\/p>\n<blockquote>\n<h3>TRIBUNALE DI BOLOGNA SOLLEVA ECCEZIONE DI ILLEGITTIMITA&#8217; COSTITUZIONALE SULLA CITTADINANZA IURE SANGUINIS<\/h3>\n<\/blockquote>\n<p class=\"\" data-start=\"84\" data-end=\"286\"><strong><a class=\"dt-pswp-item\" href=\"https:\/\/www.radiopiu.net\/wordpress\/wp-content\/uploads\/2024\/11\/PASSAPORTO.jpg\" data-dt-img-description=\"\" data-large_image_width=\"1280\" data-large_image_height=\"908\"><img loading=\"lazy\" decoding=\"async\" class=\" wp-image-421670 alignleft\" src=\"https:\/\/www.radiopiu.net\/wordpress\/wp-content\/uploads\/2024\/11\/PASSAPORTO-300x213.jpg\" alt=\"\" width=\"175\" height=\"124\" srcset=\"https:\/\/www.radiopiu.net\/wordpress\/wp-content\/uploads\/2024\/11\/PASSAPORTO-300x213.jpg 300w, https:\/\/www.radiopiu.net\/wordpress\/wp-content\/uploads\/2024\/11\/PASSAPORTO-1024x726.jpg 1024w, https:\/\/www.radiopiu.net\/wordpress\/wp-content\/uploads\/2024\/11\/PASSAPORTO-768x545.jpg 768w, https:\/\/www.radiopiu.net\/wordpress\/wp-content\/uploads\/2024\/11\/PASSAPORTO.jpg 1280w\" sizes=\"auto, (max-width: 175px) 100vw, 175px\" \/><\/a>REDAZIONE <\/strong>Il Tribunale di Bologna ha sollevato un&#8217;eccezione di illegittimit\u00e0 costituzionale sulla normativa italiana relativa alla cittadinanza, chiedendo alla Corte Costituzionale di valutare la legittimit\u00e0 del riconoscimento della cittadinanza iure sanguinis senza limiti temporali. L&#8217;ordinanza, depositata oggi, riguarda il caso di 12 cittadini brasiliani che chiedono il riconoscimento della cittadinanza italiana in base alla presenza di un antenato italiano nato nel 1876. Secondo il presidente del Tribunale Pasquale Liccardo, la Corte \u00e8 chiamata a esaminare se il riconoscimento della cittadinanza a chiunque abbia un avo italiano, anche se di molte generazioni fa e senza alcun legame culturale, linguistico o territoriale con l&#8217;Italia, sia compatibile con i principi della Costituzione. In Italia, infatti, la legge consente il riconoscimento della cittadinanza a discendenti di italiani senza un limite temporale, una pratica che la rende unica al mondo. Il Tribunale chiede alla Corte Costituzionale di valutare se tale disciplina rispetti i principi di ragionevolezza e i doveri internazionali, inclusi quelli derivanti dall&#8217;Unione Europea. La questione sollevata potrebbe avere implicazioni significative, considerando le decine di milioni di discendenti italiani all&#8217;estero. Il sindaco di Val di Zoldo Camillo De Pellegrin ha commentato l&#8217;ordinanza definendola &#8220;una svolta&#8221;.<\/p>\n<p class=\"\" data-start=\"84\" data-end=\"286\"><span style=\"color: #ff0000;\"><strong>ARCHIVIO RADIOPIU 29 NOVEMBRE 2024<\/strong><\/span><\/p>\n<p><strong><a class=\"dt-pswp-item\" href=\"https:\/\/www.radiopiu.net\/wordpress\/wp-content\/uploads\/2024\/11\/76a18a35-8c76-44dd-9647-83eba6b5567b.jpg\" data-dt-img-description=\"\" data-large_image_width=\"1170\" data-large_image_height=\"1920\"><img loading=\"lazy\" decoding=\"async\" class=\" wp-image-421950 alignleft\" src=\"https:\/\/www.radiopiu.net\/wordpress\/wp-content\/uploads\/2024\/11\/76a18a35-8c76-44dd-9647-83eba6b5567b-183x300.jpg\" alt=\"\" width=\"131\" height=\"215\" srcset=\"https:\/\/www.radiopiu.net\/wordpress\/wp-content\/uploads\/2024\/11\/76a18a35-8c76-44dd-9647-83eba6b5567b-183x300.jpg 183w, https:\/\/www.radiopiu.net\/wordpress\/wp-content\/uploads\/2024\/11\/76a18a35-8c76-44dd-9647-83eba6b5567b-624x1024.jpg 624w, https:\/\/www.radiopiu.net\/wordpress\/wp-content\/uploads\/2024\/11\/76a18a35-8c76-44dd-9647-83eba6b5567b-768x1260.jpg 768w, https:\/\/www.radiopiu.net\/wordpress\/wp-content\/uploads\/2024\/11\/76a18a35-8c76-44dd-9647-83eba6b5567b-936x1536.jpg 936w, https:\/\/www.radiopiu.net\/wordpress\/wp-content\/uploads\/2024\/11\/76a18a35-8c76-44dd-9647-83eba6b5567b.jpg 1170w\" sizes=\"auto, (max-width: 131px) 100vw, 131px\" \/><\/a>VAL DI ZOLDO<\/strong> Se da un lato c&#8217;\u00e8 una presa di posizione in merito allo Iure Sanguinis, dall&#8217;altro lato si assistono a promozioni in occasione del black friday per coloro che vogliono diventare cittadini italiani con questo metodo. Succede in Brasile e lo\u00a0 evidenzia il sindaco di Val Di Zoldo Camillo De Pellegrin.<\/p>\n<p><strong>IL SINDACO DI VAL DI ZOLDO CAMILLO DE PELLEGRIN<\/strong><\/p>\n<audio class=\"wp-audio-shortcode\" id=\"audio-441994-2\" preload=\"none\" style=\"width: 100%;\" controls=\"controls\"><source type=\"audio\/mpeg\" src=\"https:\/\/www.radiopiu.net\/wordpress\/wp-content\/uploads\/2024\/11\/CAMILLO-DE-PELLEGRIN.mp3?_=2\" \/><a href=\"https:\/\/www.radiopiu.net\/wordpress\/wp-content\/uploads\/2024\/11\/CAMILLO-DE-PELLEGRIN.mp3\">https:\/\/www.radiopiu.net\/wordpress\/wp-content\/uploads\/2024\/11\/CAMILLO-DE-PELLEGRIN.mp3<\/a><\/audio>\n<blockquote><p>&nbsp;<\/p><\/blockquote>\n<p>&nbsp;<\/p>\n<hr \/>\n<p class=\"\" data-start=\"84\" data-end=\"286\">__<\/p>\n","protected":false},"excerpt":{"rendered":"<p>*** &nbsp; E&#8217; ufficiale: con un decreto legge approvato dal Consiglio dei ministri, la trasmissione della cittadinanza italiana iure sanguinis sar\u00e0 limitata alle sole prime due generazioni di discendenti. Una svolta che ha trovato il pieno sostegno del sindaco Camillo De Pellegrin, da anni impegnato su questo tema.\u00a0 Dopo otto anni di battaglie il ministro&hellip;<\/p>\n","protected":false},"author":4,"featured_media":441995,"comment_status":"closed","ping_status":"closed","sticky":false,"template":"","format":"standard","meta":{"_monsterinsights_skip_tracking":false,"_monsterinsights_sitenote_active":false,"_monsterinsights_sitenote_note":"","_monsterinsights_sitenote_category":0,"footnotes":""},"categories":[51,49],"tags":[],"class_list":["post-441994","post","type-post","status-publish","format-standard","has-post-thumbnail","hentry","category-evidenza-top","category-news-18","category-51","category-49","description-off"],"img_url":"https:\/\/www.radiopiu.net\/wordpress\/wp-content\/uploads\/2025\/03\/422833540_791701319653640_4020854929320173610_n.jpg","_links":{"self":[{"href":"https:\/\/www.radiopiu.net\/wordpress\/wp-json\/wp\/v2\/posts\/441994","targetHints":{"allow":["GET"]}}],"collection":[{"href":"https:\/\/www.radiopiu.net\/wordpress\/wp-json\/wp\/v2\/posts"}],"about":[{"href":"https:\/\/www.radiopiu.net\/wordpress\/wp-json\/wp\/v2\/types\/post"}],"author":[{"embeddable":true,"href":"https:\/\/www.radiopiu.net\/wordpress\/wp-json\/wp\/v2\/users\/4"}],"replies":[{"embeddable":true,"href":"https:\/\/www.radiopiu.net\/wordpress\/wp-json\/wp\/v2\/comments?post=441994"}],"version-history":[{"count":5,"href":"https:\/\/www.radiopiu.net\/wordpress\/wp-json\/wp\/v2\/posts\/441994\/revisions"}],"predecessor-version":[{"id":442019,"href":"https:\/\/www.radiopiu.net\/wordpress\/wp-json\/wp\/v2\/posts\/441994\/revisions\/442019"}],"wp:featuredmedia":[{"embeddable":true,"href":"https:\/\/www.radiopiu.net\/wordpress\/wp-json\/wp\/v2\/media\/441995"}],"wp:attachment":[{"href":"https:\/\/www.radiopiu.net\/wordpress\/wp-json\/wp\/v2\/media?parent=441994"}],"wp:term":[{"taxonomy":"category","embeddable":true,"href":"https:\/\/www.radiopiu.net\/wordpress\/wp-json\/wp\/v2\/categories?post=441994"},{"taxonomy":"post_tag","embeddable":true,"href":"https:\/\/www.radiopiu.net\/wordpress\/wp-json\/wp\/v2\/tags?post=441994"}],"curies":[{"name":"wp","href":"https:\/\/api.w.org\/{rel}","templated":true}]}}