{"id":442004,"date":"2025-03-29T05:51:27","date_gmt":"2025-03-29T04:51:27","guid":{"rendered":"https:\/\/www.radiopiu.net\/wordpress\/?p=442004"},"modified":"2025-03-29T05:51:27","modified_gmt":"2025-03-29T04:51:27","slug":"torna-lora-legale-stanotte-lancette-avanti-di-unora","status":"publish","type":"post","link":"https:\/\/www.radiopiu.net\/wordpress\/torna-lora-legale-stanotte-lancette-avanti-di-unora\/","title":{"rendered":"Torna l\u2019ora legale: stanotte lancette avanti di un\u2019ora"},"content":{"rendered":"<p>**<\/p>\n<p>&nbsp;<\/p>\n<p><a class=\"dt-pswp-item\" href=\"https:\/\/www.radiopiu.net\/wordpress\/wp-content\/uploads\/2025\/03\/download-21.jpg\" data-dt-img-description=\"\" data-large_image_width=\"310\" data-large_image_height=\"163\"><img loading=\"lazy\" decoding=\"async\" class=\"size-medium wp-image-442003 alignleft\" src=\"https:\/\/www.radiopiu.net\/wordpress\/wp-content\/uploads\/2025\/03\/download-21-300x158.jpg\" alt=\"\" width=\"300\" height=\"158\" srcset=\"https:\/\/www.radiopiu.net\/wordpress\/wp-content\/uploads\/2025\/03\/download-21-300x158.jpg 300w, https:\/\/www.radiopiu.net\/wordpress\/wp-content\/uploads\/2025\/03\/download-21.jpg 310w\" sizes=\"auto, (max-width: 300px) 100vw, 300px\" \/><\/a>Questa notte,\u00a0 torna l\u2019ora legale. Alle 2:00 le lancette dell\u2019orologio dovranno essere spostate avanti di un\u2019ora, passando direttamente alle 3:00. Un piccolo cambiamento che segna l\u2019arrivo della bella stagione, con giornate pi\u00f9 lunghe e un\u2019ora in pi\u00f9 di luce naturale alla sera. L\u2019ora legale rester\u00e0 in vigore fino al 26 ottobre, quando torneremo all\u2019ora solare. L\u2019obiettivo principale di questa modifica oraria \u00e8 il risparmio energetico, poich\u00e9 si riduce il consumo di elettricit\u00e0 grazie alla maggiore illuminazione naturale nelle ore serali. Tuttavia, il passaggio all\u2019ora legale pu\u00f2 influenzare il ritmo biologico di alcune persone, causando piccoli disagi come sonnolenza o difficolt\u00e0 di concentrazione nei primi giorni. Gli esperti consigliano di adattarsi gradualmente, anticipando di qualche minuto l\u2019orario di sonno nei giorni precedenti. Negli ultimi anni, il dibattito sulla sua abolizione \u00e8 stato acceso in tutta Europa. Alcuni Paesi sostengono che l\u2019alternanza tra ora legale e solare abbia pi\u00f9 svantaggi che benefici, mentre altri difendono la sua utilit\u00e0 economica e ambientale. Per ora, per\u00f2, il cambio dell\u2019ora resta una tradizione consolidata. Dunque, ricordate di regolare i vostri orologi e di godervi le giornate pi\u00f9 lunghe!<\/p>\n<p>&nbsp;<\/p>\n<p>&nbsp;<\/p>\n","protected":false},"excerpt":{"rendered":"<p>** &nbsp; Questa notte,\u00a0 torna l\u2019ora legale. Alle 2:00 le lancette dell\u2019orologio dovranno essere spostate avanti di un\u2019ora, passando direttamente alle 3:00. Un piccolo cambiamento che segna l\u2019arrivo della bella stagione, con giornate pi\u00f9 lunghe e un\u2019ora in pi\u00f9 di luce naturale alla sera. L\u2019ora legale rester\u00e0 in vigore fino al 26 ottobre, quando torneremo&hellip;<\/p>\n","protected":false},"author":4,"featured_media":442003,"comment_status":"closed","ping_status":"closed","sticky":false,"template":"","format":"standard","meta":{"_monsterinsights_skip_tracking":false,"_monsterinsights_sitenote_active":false,"_monsterinsights_sitenote_note":"","_monsterinsights_sitenote_category":0,"footnotes":""},"categories":[51,49],"tags":[],"class_list":["post-442004","post","type-post","status-publish","format-standard","has-post-thumbnail","hentry","category-evidenza-top","category-news-18","category-51","category-49","description-off"],"img_url":"https:\/\/www.radiopiu.net\/wordpress\/wp-content\/uploads\/2025\/03\/download-21.jpg","_links":{"self":[{"href":"https:\/\/www.radiopiu.net\/wordpress\/wp-json\/wp\/v2\/posts\/442004","targetHints":{"allow":["GET"]}}],"collection":[{"href":"https:\/\/www.radiopiu.net\/wordpress\/wp-json\/wp\/v2\/posts"}],"about":[{"href":"https:\/\/www.radiopiu.net\/wordpress\/wp-json\/wp\/v2\/types\/post"}],"author":[{"embeddable":true,"href":"https:\/\/www.radiopiu.net\/wordpress\/wp-json\/wp\/v2\/users\/4"}],"replies":[{"embeddable":true,"href":"https:\/\/www.radiopiu.net\/wordpress\/wp-json\/wp\/v2\/comments?post=442004"}],"version-history":[{"count":1,"href":"https:\/\/www.radiopiu.net\/wordpress\/wp-json\/wp\/v2\/posts\/442004\/revisions"}],"predecessor-version":[{"id":442005,"href":"https:\/\/www.radiopiu.net\/wordpress\/wp-json\/wp\/v2\/posts\/442004\/revisions\/442005"}],"wp:featuredmedia":[{"embeddable":true,"href":"https:\/\/www.radiopiu.net\/wordpress\/wp-json\/wp\/v2\/media\/442003"}],"wp:attachment":[{"href":"https:\/\/www.radiopiu.net\/wordpress\/wp-json\/wp\/v2\/media?parent=442004"}],"wp:term":[{"taxonomy":"category","embeddable":true,"href":"https:\/\/www.radiopiu.net\/wordpress\/wp-json\/wp\/v2\/categories?post=442004"},{"taxonomy":"post_tag","embeddable":true,"href":"https:\/\/www.radiopiu.net\/wordpress\/wp-json\/wp\/v2\/tags?post=442004"}],"curies":[{"name":"wp","href":"https:\/\/api.w.org\/{rel}","templated":true}]}}