{"id":442027,"date":"2025-03-29T09:32:55","date_gmt":"2025-03-29T08:32:55","guid":{"rendered":"https:\/\/www.radiopiu.net\/wordpress\/?p=442027"},"modified":"2025-03-29T09:32:55","modified_gmt":"2025-03-29T08:32:55","slug":"tasse-ambientali-le-imprese-venete-pagano-25-miliardi-lanno","status":"publish","type":"post","link":"https:\/\/www.radiopiu.net\/wordpress\/tasse-ambientali-le-imprese-venete-pagano-25-miliardi-lanno\/","title":{"rendered":"TASSE AMBIENTALI: LE IMPRESE VENETE PAGANO 2,5 MILIARDI L\u2019ANNO"},"content":{"rendered":"<p><a class=\"dt-pswp-item\" href=\"https:\/\/www.radiopiu.net\/wordpress\/wp-content\/uploads\/2025\/03\/20250329093029.png\" data-dt-img-description=\"\" data-large_image_width=\"422\" data-large_image_height=\"807\"><img loading=\"lazy\" decoding=\"async\" class=\"size-medium wp-image-442032 alignleft\" src=\"https:\/\/www.radiopiu.net\/wordpress\/wp-content\/uploads\/2025\/03\/20250329093029-157x300.png\" alt=\"\" width=\"157\" height=\"300\" srcset=\"https:\/\/www.radiopiu.net\/wordpress\/wp-content\/uploads\/2025\/03\/20250329093029-157x300.png 157w, https:\/\/www.radiopiu.net\/wordpress\/wp-content\/uploads\/2025\/03\/20250329093029.png 422w\" sizes=\"auto, (max-width: 157px) 100vw, 157px\" \/><\/a>Anche se il governo \u00e8 riuscito a mettere una \u201ctoppa\u201d all\u2019ultimo momento, dall\u2019inizio del prossimo anno anche tutte le imprese venete dovranno aver stipulato la polizza catastrofale (contro i danni provocati da alluvioni, inondazioni, esondazioni, terremoti, frane, etc.), sebbene \u2013 stima l\u2019Ufficio studi della CGIA &#8211; ogni anno queste realt\u00e0 paghino allo Stato centrale e alle sue articolazioni periferiche 2,5 miliardi di euro di imposte ambientali.<\/p>\n<p>Ancorch\u00e8 la destinazione d\u2019uso di queste risorse non sia vincolata, una parte di questi soldi potrebbe essere utilizzata per la pulizia dell\u2019alveo dei fiumi, per la manutenzione degli argini e delle rive, per la realizzazione dei bacini di laminazione e\/o le casse di espansione. Interventi che dovrebbero prevenire\/mitigare molti eventi calamitosi che non siamo in grado evitare. Va comunque detto che in Veneto la situazione \u00e8 molto diversa rispetto al resto d\u2019Italia. Dopo la grande alluvione del 2010, la Regione, i consorzi di bonifica e gli enti locali hanno investito tantissimo nella messa in sicurezza del nostro territorio, riducendo di molto i rischi di nuovi disastri ambientali. Cosa che, invece, non \u00e8 avvenuta, ad esempio, in Toscana e in Emilia Romagna.<\/p>\n<p>Tuttavia &#8211; al netto della confusione e dell\u2019incertezze introdotte dal regolamento attuativo pubblicato in Gazzetta Ufficiale verso la fine di febbraio &#8211; tra qualche mese le imprese si troveranno a pagare due volte la protezione ambientale: una con le imposte allo Stato centrale e agli enti locali, e un&#8217;altra sottoscrivendo una polizza con le compagnie assicurative private.<\/p>\n<p>Una delle motivazioni che sta a monte dell&#8217;introduzione di questa misura \u00e8 legata ai ritardi biblici dei rimborsi statali. E\u2019 vero: spesso questi ultimi vengono erogati quando le attivit\u00e0 colpite hanno gi\u00e0 chiuso definitivamente perch\u00e9 piegate dai danni subiti. Con l&#8217;intervento delle assicurazioni, invece, gli aiuti dovrebbero arrivare nel giro di poche settimane, permettendo cos\u00ec alle aziende danneggiate di riprendere rapidamente le loro operazioni.<\/p>\n<p><a class=\"dt-pswp-item\" href=\"https:\/\/www.radiopiu.net\/wordpress\/wp-content\/uploads\/2025\/03\/20250329093128.png\" data-dt-img-description=\"\" data-large_image_width=\"366\" data-large_image_height=\"804\"><img loading=\"lazy\" decoding=\"async\" class=\"size-medium wp-image-442031 alignleft\" src=\"https:\/\/www.radiopiu.net\/wordpress\/wp-content\/uploads\/2025\/03\/20250329093128-137x300.png\" alt=\"\" width=\"137\" height=\"300\" srcset=\"https:\/\/www.radiopiu.net\/wordpress\/wp-content\/uploads\/2025\/03\/20250329093128-137x300.png 137w, https:\/\/www.radiopiu.net\/wordpress\/wp-content\/uploads\/2025\/03\/20250329093128.png 366w\" sizes=\"auto, (max-width: 137px) 100vw, 137px\" \/><\/a>Questa tesi \u00e8 sicuramente condivisibile ma dovrebbe essere accompagnata da una corrispondente riduzione delle tasse ambientali; altrimenti le aziende saranno costrette a sostenere un doppio onere. Temiamo, invece, che le imposte ambientali siano destinate ad aumentare, specialmente quelle degli enti locali che negli ultimi 2\/3 anni hanno sono tornate a crescere per mantenere i bilanci in equilibrio.<\/p>\n<p>Infine, \u00e8 necessario riflettere su un altro aspetto. Negli ultimi 25 anni abbiamo assistito a un progressivo ripiegamento dello Stato dal settore sociale (previdenza, sicurezza, sanit\u00e0, etc.) e ora anche da quello della protezione ambientale, lasciando cos\u00ec sempre pi\u00f9 spazio ai privati. Se, a nostro avviso, questa scelta politica appare molto discutibile, \u00e8 comunque legittima. Tuttavia, se la direzione intrapresa \u00e8 questa, non possiamo far gravare sulle famiglie e sulle imprese il costo due volte. Se i privati stanno acquisendo sempre pi\u00f9 quote di \u201cmercato\u201d, le tasse che paghiamo per garantire questi servizi devono essere ridotte; cosa che, purtroppo, fino ad ora non si \u00e8 verificata.<\/p>\n<p><strong>Siamo tra i pi\u00f9 tartassati d\u2019UE<\/strong><br \/>\nSe al carico fiscale in capo alle aziende aggiungiamo anche quello delle famiglie, in Italia il gettito complessivo nel 2023 \u00e8 stato pari a 54,2 miliardi di euro. Tra i 27 Paesi dell\u2019UE solo la Germania ha registrato un importo complessivo maggiore del nostro e pari a 71,4 miliardi di euro (vedi Tab. 2). Se invece, rapportiamo il gettito delle imposte ambientali sul Pil, la nostra situazione migliora. Scivoliamo all\u2019ottavo posto con il 2,6 per cento, anche se il dato risulta essere nettamente superiore a quello dei principali paesi europei. La Francia, infatti, registra l\u20191,8 per cento, la Germania l\u20191,7 e la Spagna l\u20191,6. La media UE, invece, era del 2 per cento (vedi Tab. 3).<\/p>\n","protected":false},"excerpt":{"rendered":"<p>Anche se il governo \u00e8 riuscito a mettere una \u201ctoppa\u201d all\u2019ultimo momento, dall\u2019inizio del prossimo anno anche tutte le imprese venete dovranno aver stipulato la polizza catastrofale (contro i danni provocati da alluvioni, inondazioni, esondazioni, terremoti, frane, etc.), sebbene \u2013 stima l\u2019Ufficio studi della CGIA &#8211; ogni anno queste realt\u00e0 paghino allo Stato centrale e&hellip;<\/p>\n","protected":false},"author":2,"featured_media":98513,"comment_status":"closed","ping_status":"closed","sticky":false,"template":"","format":"standard","meta":{"_monsterinsights_skip_tracking":false,"_monsterinsights_sitenote_active":false,"_monsterinsights_sitenote_note":"","_monsterinsights_sitenote_category":0,"footnotes":""},"categories":[49],"tags":[],"class_list":["post-442027","post","type-post","status-publish","format-standard","has-post-thumbnail","hentry","category-news-18","category-49","description-off"],"img_url":"https:\/\/www.radiopiu.net\/wordpress\/wp-content\/uploads\/2019\/09\/euro-1605659_1280.jpg","_links":{"self":[{"href":"https:\/\/www.radiopiu.net\/wordpress\/wp-json\/wp\/v2\/posts\/442027","targetHints":{"allow":["GET"]}}],"collection":[{"href":"https:\/\/www.radiopiu.net\/wordpress\/wp-json\/wp\/v2\/posts"}],"about":[{"href":"https:\/\/www.radiopiu.net\/wordpress\/wp-json\/wp\/v2\/types\/post"}],"author":[{"embeddable":true,"href":"https:\/\/www.radiopiu.net\/wordpress\/wp-json\/wp\/v2\/users\/2"}],"replies":[{"embeddable":true,"href":"https:\/\/www.radiopiu.net\/wordpress\/wp-json\/wp\/v2\/comments?post=442027"}],"version-history":[{"count":1,"href":"https:\/\/www.radiopiu.net\/wordpress\/wp-json\/wp\/v2\/posts\/442027\/revisions"}],"predecessor-version":[{"id":442033,"href":"https:\/\/www.radiopiu.net\/wordpress\/wp-json\/wp\/v2\/posts\/442027\/revisions\/442033"}],"wp:featuredmedia":[{"embeddable":true,"href":"https:\/\/www.radiopiu.net\/wordpress\/wp-json\/wp\/v2\/media\/98513"}],"wp:attachment":[{"href":"https:\/\/www.radiopiu.net\/wordpress\/wp-json\/wp\/v2\/media?parent=442027"}],"wp:term":[{"taxonomy":"category","embeddable":true,"href":"https:\/\/www.radiopiu.net\/wordpress\/wp-json\/wp\/v2\/categories?post=442027"},{"taxonomy":"post_tag","embeddable":true,"href":"https:\/\/www.radiopiu.net\/wordpress\/wp-json\/wp\/v2\/tags?post=442027"}],"curies":[{"name":"wp","href":"https:\/\/api.w.org\/{rel}","templated":true}]}}