{"id":442035,"date":"2025-03-29T09:43:05","date_gmt":"2025-03-29T08:43:05","guid":{"rendered":"https:\/\/www.radiopiu.net\/wordpress\/?p=442035"},"modified":"2025-03-29T11:12:43","modified_gmt":"2025-03-29T10:12:43","slug":"longarone-in-lutto-per-la-scomparsa-di-arrigo-galli","status":"publish","type":"post","link":"https:\/\/www.radiopiu.net\/wordpress\/longarone-in-lutto-per-la-scomparsa-di-arrigo-galli\/","title":{"rendered":"LONGARONE IN LUTTO PER LA SCOMPARSA DI ARRIGO GALLI"},"content":{"rendered":"<p>********<\/p>\n<p>&nbsp;<\/p>\n<p><strong><a class=\"dt-pswp-item\" href=\"https:\/\/www.radiopiu.net\/wordpress\/wp-content\/uploads\/2019\/02\/lutto-fiore.jpg\" data-dt-img-description=\"\" data-large_image_width=\"1920\" data-large_image_height=\"1280\"><img loading=\"lazy\" decoding=\"async\" class=\" wp-image-75491 alignleft\" src=\"https:\/\/www.radiopiu.net\/wordpress\/wp-content\/uploads\/2019\/02\/lutto-fiore-300x200.jpg\" alt=\"\" width=\"210\" height=\"140\" srcset=\"https:\/\/www.radiopiu.net\/wordpress\/wp-content\/uploads\/2019\/02\/lutto-fiore-300x200.jpg 300w, https:\/\/www.radiopiu.net\/wordpress\/wp-content\/uploads\/2019\/02\/lutto-fiore-768x512.jpg 768w, https:\/\/www.radiopiu.net\/wordpress\/wp-content\/uploads\/2019\/02\/lutto-fiore-1024x683.jpg 1024w, https:\/\/www.radiopiu.net\/wordpress\/wp-content\/uploads\/2019\/02\/lutto-fiore.jpg 1920w\" sizes=\"auto, (max-width: 210px) 100vw, 210px\" \/><\/a>LONGARONE<\/strong> \u00abSe ne va un grande uomo, una persona generosa, attenta alle dinamiche sociali, capace di essere riferimento per tanti e di lasciare un segno profondo nella nostra comunit\u00e0\u00bb. Cos\u00ec il sindaco di Longarone, Roberto Padrin, in una nota di cordoglio per la scomparsa di Arrigo Galli. \u00abGalli \u00e8 stato sindaco di Longarone, nei difficili anni della ricostruzione post Vajont, ed \u00e8 stato anche fondatore e presidente della Famiglia ex emigranti. Negli anni vissuti all\u2019estero, da emigrante, ha saputo coltivare un amore smisurato per la sua terra d\u2019origine. Un amore che poi si \u00e8 riversato in decine di attivit\u00e0 che hanno messo in mostra la sua generosit\u00e0 e la sua voglia di dare una mano, tra il Comitato Pollicino, l\u2019associazione Bellunesi nel Mondo, e tante altre. Ha scritto tantissimi libri sulla storia dell\u2019emigrazione, sui caduti delle guerre: ha recuperato un patrimonio storico locale che altrimenti sarebbe andato perduto. E a Longarone ha promosso il concorso per i ragazzi intitolato a Hedi Damian, insieme ai professori Croce e Occhipinti. Arrigo Galli \u00e8 sempre stato un punto di riferimento per la comunit\u00e0, anche negli ultimi anni. In questi ultimi mesi, vedendo venir meno la salute, ha scelto personalmente di essere trasferito in casa di riposo, dove abbiamo festeggiato il suo 91. compleanno. Un pensiero d\u2019affetto va ai suoi familiari e alle tante persone che hanno avuto l\u2019onore di conoscerlo da vicino\u00bb.<\/p>\n\n\t\t\t<style type='text\/css'>\n\t\t\t\t#gallery-1 {\n\t\t\t\t\tmargin: auto;\n\t\t\t\t}\n\t\t\t\t#gallery-1 .gallery-item {\n\t\t\t\t\tfloat: left;\n\t\t\t\t\tmargin-top: 10px;\n\t\t\t\t\ttext-align: center;\n\t\t\t\t\twidth: 20%;\n\t\t\t\t}\n\t\t\t\t#gallery-1 img {\n\t\t\t\t\tborder: 2px solid #cfcfcf;\n\t\t\t\t}\n\t\t\t\t#gallery-1 .gallery-caption {\n\t\t\t\t\tmargin-left: 0;\n\t\t\t\t}\n\t\t\t\t\/* see gallery_shortcode() in wp-includes\/media.php *\/\n\t\t\t<\/style>\n\t\t<div id='gallery-1' class='dt-gallery-container gallery galleryid-442035 gallery-columns-5 gallery-size-thumbnail'><dl class='gallery-item'>\n\t\t\t\t<dt class='gallery-icon landscape'>\n\t\t\t\t\t<a class=\"rollover rollover-zoom dt-pswp-item\" title=\"acb163f1-8bdf-486a-b821-4dd95be32464\" data-dt-img-description=\"\" data-large_image_width=\"1600\" data-large_image_height=\"1200\"href='https:\/\/www.radiopiu.net\/wordpress\/wp-content\/uploads\/2025\/03\/acb163f1-8bdf-486a-b821-4dd95be32464.jpg'><img loading=\"lazy\" decoding=\"async\" width=\"150\" height=\"150\" src=\"https:\/\/www.radiopiu.net\/wordpress\/wp-content\/uploads\/2025\/03\/acb163f1-8bdf-486a-b821-4dd95be32464-150x150.jpg\" class=\"attachment-thumbnail size-thumbnail\" alt=\"\" \/><\/a>\n\t\t\t\t<\/dt><\/dl><dl class='gallery-item'>\n\t\t\t\t<dt class='gallery-icon portrait'>\n\t\t\t\t\t<a class=\"rollover rollover-zoom dt-pswp-item\" title=\"d71a579b-1e87-429b-b54b-376adc53769e\" data-dt-img-description=\"\" data-large_image_width=\"1200\" data-large_image_height=\"1600\"href='https:\/\/www.radiopiu.net\/wordpress\/wp-content\/uploads\/2025\/03\/d71a579b-1e87-429b-b54b-376adc53769e.jpg'><img loading=\"lazy\" decoding=\"async\" width=\"150\" height=\"150\" src=\"https:\/\/www.radiopiu.net\/wordpress\/wp-content\/uploads\/2025\/03\/d71a579b-1e87-429b-b54b-376adc53769e-150x150.jpg\" class=\"attachment-thumbnail size-thumbnail\" alt=\"\" \/><\/a>\n\t\t\t\t<\/dt><\/dl><dl class='gallery-item'>\n\t\t\t\t<dt class='gallery-icon portrait'>\n\t\t\t\t\t<a class=\"rollover rollover-zoom dt-pswp-item\" title=\"028dbc69-3cf8-4694-818a-4d4437c3a9dc\" data-dt-img-description=\"\" data-large_image_width=\"1536\" data-large_image_height=\"2048\"href='https:\/\/www.radiopiu.net\/wordpress\/wp-content\/uploads\/2025\/03\/028dbc69-3cf8-4694-818a-4d4437c3a9dc.jpg'><img loading=\"lazy\" decoding=\"async\" width=\"150\" height=\"150\" src=\"https:\/\/www.radiopiu.net\/wordpress\/wp-content\/uploads\/2025\/03\/028dbc69-3cf8-4694-818a-4d4437c3a9dc-150x150.jpg\" class=\"attachment-thumbnail size-thumbnail\" alt=\"\" \/><\/a>\n\t\t\t\t<\/dt><\/dl><dl class='gallery-item'>\n\t\t\t\t<dt class='gallery-icon landscape'>\n\t\t\t\t\t<a class=\"rollover rollover-zoom dt-pswp-item\" title=\"f7de250f-b846-452b-a9b4-cf25efd8b6fa\" data-dt-img-description=\"\" data-large_image_width=\"2048\" data-large_image_height=\"1536\"href='https:\/\/www.radiopiu.net\/wordpress\/wp-content\/uploads\/2025\/03\/f7de250f-b846-452b-a9b4-cf25efd8b6fa.jpg'><img loading=\"lazy\" decoding=\"async\" width=\"150\" height=\"150\" src=\"https:\/\/www.radiopiu.net\/wordpress\/wp-content\/uploads\/2025\/03\/f7de250f-b846-452b-a9b4-cf25efd8b6fa-150x150.jpg\" class=\"attachment-thumbnail size-thumbnail\" alt=\"\" \/><\/a>\n\t\t\t\t<\/dt><\/dl><dl class='gallery-item'>\n\t\t\t\t<dt class='gallery-icon portrait'>\n\t\t\t\t\t<a class=\"rollover rollover-zoom dt-pswp-item\" title=\"09763c4e-85e3-465b-891a-a2ae06b6b9f9\" data-dt-img-description=\"\" data-large_image_width=\"1500\" data-large_image_height=\"2000\"href='https:\/\/www.radiopiu.net\/wordpress\/wp-content\/uploads\/2025\/03\/09763c4e-85e3-465b-891a-a2ae06b6b9f9.jpg'><img loading=\"lazy\" decoding=\"async\" width=\"150\" height=\"150\" src=\"https:\/\/www.radiopiu.net\/wordpress\/wp-content\/uploads\/2025\/03\/09763c4e-85e3-465b-891a-a2ae06b6b9f9-150x150.jpg\" class=\"attachment-thumbnail size-thumbnail\" alt=\"\" \/><\/a>\n\t\t\t\t<\/dt><\/dl><br style=\"clear: both\" \/>\n\t\t\t<\/div>\n\n<p><strong><span style=\"color: #ff0000;\">IL RICORDO DELL&#8217;ASSOCIAZIONE BELLUNESI NEL MOND<\/span>O<\/strong><\/p>\n<p style=\"font-weight: 400;\"><a class=\"dt-pswp-item\" href=\"https:\/\/www.radiopiu.net\/wordpress\/wp-content\/uploads\/2025\/03\/arrigo_galli_2.jpg\" data-dt-img-description=\"\" data-large_image_width=\"1280\" data-large_image_height=\"640\"><img loading=\"lazy\" decoding=\"async\" class=\"size-medium wp-image-442082 alignleft\" src=\"https:\/\/www.radiopiu.net\/wordpress\/wp-content\/uploads\/2025\/03\/arrigo_galli_2-300x150.jpg\" alt=\"\" width=\"300\" height=\"150\" srcset=\"https:\/\/www.radiopiu.net\/wordpress\/wp-content\/uploads\/2025\/03\/arrigo_galli_2-300x150.jpg 300w, https:\/\/www.radiopiu.net\/wordpress\/wp-content\/uploads\/2025\/03\/arrigo_galli_2-1024x512.jpg 1024w, https:\/\/www.radiopiu.net\/wordpress\/wp-content\/uploads\/2025\/03\/arrigo_galli_2-768x384.jpg 768w, https:\/\/www.radiopiu.net\/wordpress\/wp-content\/uploads\/2025\/03\/arrigo_galli_2.jpg 1280w\" sizes=\"auto, (max-width: 300px) 100vw, 300px\" \/><\/a>L\u2019Associazione Bellunesi nel Mondo (Abm) annuncia con profondo dolore la scomparsa dell\u2019ingegnere Arrigo Galli, venuto a mancare all\u2019alba di oggi. Nato a Longarone, Galli ha dedicato la sua vita professionale all\u2019ingegneria, lavorando in diverse parti del mondo. <strong>Una vita segnata dalla tragedia del Vajont <\/strong>Arrigo Galli aveva vissuto in prima persona la tragedia del Vajont e, in occasione del 60\u00b0 anniversario del disastro, era stato testimone della mostra immersiva realizzata dal MiM Belluno, Museo Interattivo delle Migrazioni. Il suo legame con la storia del territorio si \u00e8 riflesso nel suo impegno nella ricostruzione e nella valorizzazione della memoria collettiva. <strong>L\u2019impegno istituzionale e culturale <\/strong>Ex sindaco di Longarone, Galli ha giocato un ruolo chiave nella rinascita del paese dopo il disastro, contribuendo al rilancio della Mostra Internazionale del Gelato (MiG), riportandola nella sua sede originaria. Il suo impegno nella comunit\u00e0 si \u00e8 esteso anche all\u2019Associazione Bellunesi nel Mondo, dove ha ricoperto per molti anni la carica di consigliere del Direttivo e tesoriere. \u00c8 stato inoltre presidente della Famiglia Emigranti ed ex emigranti del Longaronese, promuovendo diverse iniziative a sostegno della memoria migratoria della provincia di Belluno. <strong>Un promotore della cultura dell\u2019emigrazione <\/strong>Tra i suoi numerosi contributi, Galli \u00e8 stato il promotore della realizzazione del monumento all\u2019emigrante di Longarone, un\u2019opera simbolica che rende omaggio alla storia dell\u2019emigrazione bellunese. Ha inoltre curato diverse pubblicazioni sulla storia locale e sul fenomeno migratorio, tra cui due volumi dedicati al concorso sull\u2019emigrazione \u201cHedi Damian\u201d, raccogliendo i racconti degli studenti di Longarone, Zoldo e Urussanga, citt\u00e0 brasiliana gemellata con Longarone. Il legame con Urussanga \u00e8 stato per lui motivo di numerosi viaggi e iniziative culturali volte a rafforzare il gemellaggio tra le due comunit\u00e0. Nel 2023, Galli \u00e8 stato insignito del premio speciale \u201cBarcelloni Corte \u2013 De Martin Modolado\u201d nell\u2019ambito del premio internazionale \u201cBellunesi che onorano la provincia di Belluno in Italia e all\u2019estero\u201d, svoltosi proprio a Longarone. <strong>Il ricordo dell\u2019Associazione Bellunesi nel Mondo <\/strong>Oscar De Bona, presidente dell\u2019Associazione Bellunesi nel Mondo, ha voluto ricordarlo con queste parole: \u00abPerdiamo un grande pezzo di storia della nostra Associazione. Arrigo era sempre presente. Uomo di poche parole, ma di grande spessore. I suoi interventi concreti e sinceri portavano soluzioni e riflessioni. Inoltre ha dato tanto alla nostra associazione, con generosit\u00e0 e passione. Uomo di grande cultura, con il cuore per la sua Longarone. Siamo vicini alla sua famiglia e non mancheremo al suo ricordo. Un abbraccio anche alla figlia Alessandra, presidente della Famiglia Bellunese di Ginevra\u00bb. Anche il presidente della Famiglia del Longaronese, Adriano Zoldan, si unisce al cordoglio dell\u2019Abm: \u00abSaremo presenti con il nostro gagliardetto per rendere omaggio a una grande persona\u00bb. La comunit\u00e0 di Longarone e l\u2019Associazione Bellunesi nel Mondo perdono cos\u00ec una figura di riferimento, un uomo che ha lasciato un segno indelebile nella memoria e nella cultura della sua terra.<\/p>\n<p>&nbsp;<\/p>\n<p>&nbsp;<\/p>\n<p>********<\/p>\n","protected":false},"excerpt":{"rendered":"<p>******** &nbsp; LONGARONE \u00abSe ne va un grande uomo, una persona generosa, attenta alle dinamiche sociali, capace di essere riferimento per tanti e di lasciare un segno profondo nella nostra comunit\u00e0\u00bb. Cos\u00ec il sindaco di Longarone, Roberto Padrin, in una nota di cordoglio per la scomparsa di Arrigo Galli. \u00abGalli \u00e8 stato sindaco di Longarone,&hellip;<\/p>\n","protected":false},"author":4,"featured_media":75491,"comment_status":"closed","ping_status":"closed","sticky":false,"template":"","format":"standard","meta":{"_monsterinsights_skip_tracking":false,"_monsterinsights_sitenote_active":false,"_monsterinsights_sitenote_note":"","_monsterinsights_sitenote_category":0,"footnotes":""},"categories":[51,49],"tags":[],"class_list":["post-442035","post","type-post","status-publish","format-standard","has-post-thumbnail","hentry","category-evidenza-top","category-news-18","category-51","category-49","description-off"],"img_url":"https:\/\/www.radiopiu.net\/wordpress\/wp-content\/uploads\/2019\/02\/lutto-fiore.jpg","_links":{"self":[{"href":"https:\/\/www.radiopiu.net\/wordpress\/wp-json\/wp\/v2\/posts\/442035","targetHints":{"allow":["GET"]}}],"collection":[{"href":"https:\/\/www.radiopiu.net\/wordpress\/wp-json\/wp\/v2\/posts"}],"about":[{"href":"https:\/\/www.radiopiu.net\/wordpress\/wp-json\/wp\/v2\/types\/post"}],"author":[{"embeddable":true,"href":"https:\/\/www.radiopiu.net\/wordpress\/wp-json\/wp\/v2\/users\/4"}],"replies":[{"embeddable":true,"href":"https:\/\/www.radiopiu.net\/wordpress\/wp-json\/wp\/v2\/comments?post=442035"}],"version-history":[{"count":5,"href":"https:\/\/www.radiopiu.net\/wordpress\/wp-json\/wp\/v2\/posts\/442035\/revisions"}],"predecessor-version":[{"id":442083,"href":"https:\/\/www.radiopiu.net\/wordpress\/wp-json\/wp\/v2\/posts\/442035\/revisions\/442083"}],"wp:featuredmedia":[{"embeddable":true,"href":"https:\/\/www.radiopiu.net\/wordpress\/wp-json\/wp\/v2\/media\/75491"}],"wp:attachment":[{"href":"https:\/\/www.radiopiu.net\/wordpress\/wp-json\/wp\/v2\/media?parent=442035"}],"wp:term":[{"taxonomy":"category","embeddable":true,"href":"https:\/\/www.radiopiu.net\/wordpress\/wp-json\/wp\/v2\/categories?post=442035"},{"taxonomy":"post_tag","embeddable":true,"href":"https:\/\/www.radiopiu.net\/wordpress\/wp-json\/wp\/v2\/tags?post=442035"}],"curies":[{"name":"wp","href":"https:\/\/api.w.org\/{rel}","templated":true}]}}