{"id":442102,"date":"2025-03-29T13:16:49","date_gmt":"2025-03-29T12:16:49","guid":{"rendered":"https:\/\/www.radiopiu.net\/wordpress\/?p=442102"},"modified":"2025-03-29T13:16:49","modified_gmt":"2025-03-29T12:16:49","slug":"attesi-quasi-2-mila-concorrenti-a-borgo-valbelluna-per-il-campionato-nazionale-csi-di-corsa-campestre","status":"publish","type":"post","link":"https:\/\/www.radiopiu.net\/wordpress\/attesi-quasi-2-mila-concorrenti-a-borgo-valbelluna-per-il-campionato-nazionale-csi-di-corsa-campestre\/","title":{"rendered":"ATTESI QUASI 2 MILA CONCORRENTI A BORGO VALBELLUNA PER IL CAMPIONATO NAZIONALE CSI DI CORSA CAMPESTRE"},"content":{"rendered":"<p>********<\/p>\n<p>&nbsp;<\/p>\n<p><strong><a class=\"dt-pswp-item\" href=\"https:\/\/www.radiopiu.net\/wordpress\/wp-content\/uploads\/2025\/03\/IMG_4179-PRESENTAZIONE-scaled.jpg\" data-dt-img-description=\"\" data-large_image_width=\"2560\" data-large_image_height=\"1706\"><img loading=\"lazy\" decoding=\"async\" class=\" wp-image-442103 alignleft\" src=\"https:\/\/www.radiopiu.net\/wordpress\/wp-content\/uploads\/2025\/03\/IMG_4179-PRESENTAZIONE-300x200.jpg\" alt=\"\" width=\"239\" height=\"159\" srcset=\"https:\/\/www.radiopiu.net\/wordpress\/wp-content\/uploads\/2025\/03\/IMG_4179-PRESENTAZIONE-300x200.jpg 300w, https:\/\/www.radiopiu.net\/wordpress\/wp-content\/uploads\/2025\/03\/IMG_4179-PRESENTAZIONE-1024x683.jpg 1024w, https:\/\/www.radiopiu.net\/wordpress\/wp-content\/uploads\/2025\/03\/IMG_4179-PRESENTAZIONE-768x512.jpg 768w, https:\/\/www.radiopiu.net\/wordpress\/wp-content\/uploads\/2025\/03\/IMG_4179-PRESENTAZIONE-1536x1024.jpg 1536w, https:\/\/www.radiopiu.net\/wordpress\/wp-content\/uploads\/2025\/03\/IMG_4179-PRESENTAZIONE-2048x1365.jpg 2048w\" sizes=\"auto, (max-width: 239px) 100vw, 239px\" \/><\/a>BELLUNO <\/strong>Sono 1.835 gli iscritti al Campionato nazionale di corsa campestre 2025 del Centro sportivo italiano, evento che si svolger\u00e0 a Mel di Borgo Valbelluna. L\u2019appuntamento \u00e8 fissato dal 4 al 6 aprile e vede impegnati nell\u2019organizzazione, accanto alla direzione tecnica nazionale, il Comitato Csi di Belluno e al Gs La Piave 2000, sodalizio che proprio in questo 2025 festeggia i 25 anni di fondazione. La manifestazione \u00e8 stata presentata ufficialmente al ristorante Al Moro di Mel nella serata di venerd\u00ec 28 marzo. \u00abIl Campionato nazionale di corsa campestre costituisce uno dei momenti di maggior intensit\u00e0 all\u2019interno dell\u2019attivit\u00e0 del Centro Sportivo Italiano\u00bb ha sottolineato Pietro Albanese, responsabile della commissione tecnica nazionale di atletica del Csi. \u00abSI tratta di un evento che \u00e8 cresciuto molto e che richiamata tantissimi ragazzi. Quest\u2019anno gli iscritti sono 1.835, in rappresentanza di 139 societ\u00e0, 30 comitati territoriali e 10 regioni\u00bb. L\u2019evento sar\u00e0 articolato su tre giornate. Dopo la giornata di venerd\u00ec 4 aprile, dedicata agli arrivi delle societ\u00e0 e alle operazioni di accredito, sabato 5 aprile il \u201cclou\u201d dell\u2019evento, con le gare di campestre che andranno in scena nell\u2019area degli impianti sportivi \u201cLa Lora\u201d: l\u2019inizio delle competizioni \u00e8 previsto per le 9.30 e si andr\u00e0 avanti fino al primo pomeriggio. Si garegger\u00e0 anche domenica 6: questa volta spazio alla Staffetta delle Regioni, evento su strada con partenza e arrivo in piazza Papa Luciani, a Mel. Il Campionato Nazionale di corsa campestre del Csi ritorna a Mel a distanza di sette anni: il campionato si era svolto infatti nella localit\u00e0 della Sinistra Piave, sempre a cura di Csi Belluno e La Piave 2000, anche nel 2018.<\/p>\n<p style=\"font-weight: 400;\"><strong>LE INTERVISTE<\/strong><\/p>\n<p><iframe loading=\"lazy\" title=\"INTERVISTE CAMPIONATO ITALIANO CSI\" width=\"1200\" height=\"675\" src=\"https:\/\/www.youtube.com\/embed\/4sAflgv_VGs?feature=oembed\" frameborder=\"0\" allow=\"accelerometer; autoplay; clipboard-write; encrypted-media; gyroscope; picture-in-picture; web-share\" referrerpolicy=\"strict-origin-when-cross-origin\" allowfullscreen><\/iframe><\/p>\n<p>&nbsp;<\/p>\n<p>&nbsp;<\/p>\n<p>*********<\/p>\n","protected":false},"excerpt":{"rendered":"<p>******** &nbsp; BELLUNO Sono 1.835 gli iscritti al Campionato nazionale di corsa campestre 2025 del Centro sportivo italiano, evento che si svolger\u00e0 a Mel di Borgo Valbelluna. L\u2019appuntamento \u00e8 fissato dal 4 al 6 aprile e vede impegnati nell\u2019organizzazione, accanto alla direzione tecnica nazionale, il Comitato Csi di Belluno e al Gs La Piave 2000,&hellip;<\/p>\n","protected":false},"author":4,"featured_media":442103,"comment_status":"closed","ping_status":"closed","sticky":false,"template":"","format":"standard","meta":{"_monsterinsights_skip_tracking":false,"_monsterinsights_sitenote_active":false,"_monsterinsights_sitenote_note":"","_monsterinsights_sitenote_category":0,"footnotes":""},"categories":[49],"tags":[],"class_list":["post-442102","post","type-post","status-publish","format-standard","has-post-thumbnail","hentry","category-news-18","category-49","description-off"],"img_url":"https:\/\/www.radiopiu.net\/wordpress\/wp-content\/uploads\/2025\/03\/IMG_4179-PRESENTAZIONE-scaled.jpg","_links":{"self":[{"href":"https:\/\/www.radiopiu.net\/wordpress\/wp-json\/wp\/v2\/posts\/442102","targetHints":{"allow":["GET"]}}],"collection":[{"href":"https:\/\/www.radiopiu.net\/wordpress\/wp-json\/wp\/v2\/posts"}],"about":[{"href":"https:\/\/www.radiopiu.net\/wordpress\/wp-json\/wp\/v2\/types\/post"}],"author":[{"embeddable":true,"href":"https:\/\/www.radiopiu.net\/wordpress\/wp-json\/wp\/v2\/users\/4"}],"replies":[{"embeddable":true,"href":"https:\/\/www.radiopiu.net\/wordpress\/wp-json\/wp\/v2\/comments?post=442102"}],"version-history":[{"count":1,"href":"https:\/\/www.radiopiu.net\/wordpress\/wp-json\/wp\/v2\/posts\/442102\/revisions"}],"predecessor-version":[{"id":442104,"href":"https:\/\/www.radiopiu.net\/wordpress\/wp-json\/wp\/v2\/posts\/442102\/revisions\/442104"}],"wp:featuredmedia":[{"embeddable":true,"href":"https:\/\/www.radiopiu.net\/wordpress\/wp-json\/wp\/v2\/media\/442103"}],"wp:attachment":[{"href":"https:\/\/www.radiopiu.net\/wordpress\/wp-json\/wp\/v2\/media?parent=442102"}],"wp:term":[{"taxonomy":"category","embeddable":true,"href":"https:\/\/www.radiopiu.net\/wordpress\/wp-json\/wp\/v2\/categories?post=442102"},{"taxonomy":"post_tag","embeddable":true,"href":"https:\/\/www.radiopiu.net\/wordpress\/wp-json\/wp\/v2\/tags?post=442102"}],"curies":[{"name":"wp","href":"https:\/\/api.w.org\/{rel}","templated":true}]}}