{"id":442157,"date":"2025-03-31T13:30:09","date_gmt":"2025-03-31T11:30:09","guid":{"rendered":"https:\/\/www.radiopiu.net\/wordpress\/?p=442157"},"modified":"2025-03-30T11:03:48","modified_gmt":"2025-03-30T09:03:48","slug":"i-racconti-di-paolo-soppelsa-puntata-269","status":"publish","type":"post","link":"https:\/\/www.radiopiu.net\/wordpress\/i-racconti-di-paolo-soppelsa-puntata-269\/","title":{"rendered":"I RACCONTI DI PAOLO SOPPELSA &#8211; PUNTATA 269"},"content":{"rendered":"<p>*******<\/p>\n<p>&nbsp;<\/p>\n<p><strong>LUNEDI D&#8217;APRILE<\/strong><\/p>\n<p><strong>AUDIO<\/strong><\/p>\n<audio class=\"wp-audio-shortcode\" id=\"audio-442157-1\" preload=\"none\" style=\"width: 100%;\" controls=\"controls\"><source type=\"audio\/mpeg\" src=\"https:\/\/www.radiopiu.net\/wordpress\/wp-content\/uploads\/2025\/03\/PAOLOS-4.mp3?_=1\" \/><a href=\"https:\/\/www.radiopiu.net\/wordpress\/wp-content\/uploads\/2025\/03\/PAOLOS-4.mp3\">https:\/\/www.radiopiu.net\/wordpress\/wp-content\/uploads\/2025\/03\/PAOLOS-4.mp3<\/a><\/audio>\n<p>&nbsp;<\/p>\n<p><a class=\"dt-pswp-item\" href=\"https:\/\/www.radiopiu.net\/wordpress\/wp-content\/uploads\/2025\/03\/781e49e4-807b-4887-b244-4543681573b0.jpg\" data-dt-img-description=\"\" data-large_image_width=\"1600\" data-large_image_height=\"1200\"><img loading=\"lazy\" decoding=\"async\" class=\" wp-image-442159 alignleft\" src=\"https:\/\/www.radiopiu.net\/wordpress\/wp-content\/uploads\/2025\/03\/781e49e4-807b-4887-b244-4543681573b0-300x225.jpg\" alt=\"\" width=\"191\" height=\"143\" srcset=\"https:\/\/www.radiopiu.net\/wordpress\/wp-content\/uploads\/2025\/03\/781e49e4-807b-4887-b244-4543681573b0-300x225.jpg 300w, https:\/\/www.radiopiu.net\/wordpress\/wp-content\/uploads\/2025\/03\/781e49e4-807b-4887-b244-4543681573b0-1024x768.jpg 1024w, https:\/\/www.radiopiu.net\/wordpress\/wp-content\/uploads\/2025\/03\/781e49e4-807b-4887-b244-4543681573b0-768x576.jpg 768w, https:\/\/www.radiopiu.net\/wordpress\/wp-content\/uploads\/2025\/03\/781e49e4-807b-4887-b244-4543681573b0-1536x1152.jpg 1536w, https:\/\/www.radiopiu.net\/wordpress\/wp-content\/uploads\/2025\/03\/781e49e4-807b-4887-b244-4543681573b0.jpg 1600w\" sizes=\"auto, (max-width: 191px) 100vw, 191px\" \/><\/a>Quando al paese fiorirono i ciliegi io non c&#8217;ero. Mi trovavo in citt\u00e0 a vivere quell\u2019inizio di primavera che profumava di tiglio. Di fronte a casa il susino faceva ammirare i suoi nuovi fiori, lass\u00f9 al paese la neve aveva da poco lasciato liberi i prati. Nella Piccola Citt\u00e0 da un paio di settimane si stava vivendo un tempo nuovo. Un tempo di cielo colorato di un azzurro chiaro e della Schiara ancora vestita di bianco, di finestre aperte che lasciavano entrare in casa la prima aria di aprile e di persone che avevano riposto giacche e cappotti negli armadi. Al paese, invece, quel tempo non era ancora arrivato e in certi tardi pomeriggi di nuvole inquiete era ancora fuoco nelle stufe. In quei giorni si era vicini ad una Pasqua che noi avremmo vissuto in modo un po\u2019 inedito. Quell&#8217;anno avremmo officiato in anticipo il rito dell&#8217;apertura degli scuri e dell&#8217;acqua nella casa situata ai piedi del Pelsa. Arrivammo in paese al sabato appena dopo pranzo. Quando aprimmo la porta di casa l&#8217;inverno lasci\u00f2 immediatamente le stanze, rimase solamente un po\u2019 di umidit\u00e0 a raccontare l&#8217;inverno appena terminato. Nel pomeriggio andai in giro a vivere un po\u2019 di quell\u2019inizio di primavera, ammirando le cime cariche di neve e sentendo sulla pelle il fresco di quel vento che scendeva dalle due valli. Al mio ritorno trovai il fuoco acceso e una pentola piena d&#8217;acqua che bolliva sul gas. In quei giorni pasquali i boschi si mostravano ancora brulli, i larici erano ancora assonnati e i faggi di l\u00ec a poco si sarebbero svegliati mostrando le prime foglie colorate di un verde gentile. Solo un faggio non si sarebbe risvegliato dal lungo sonno invernale. Era quello delle Martinazze, che si innalzava fiero all&#8217;interno del tornante della strada provinciale. Al tempo di quella Pasqua d&#8217;inizio aprile giaceva sdraiato e con il tronco gi\u00e0 sezionato. L&#8217;aveva abbattuto pap\u00e0 qualche giorno prima, sacrificato per riscaldare la casa dei nonni durante i prossimi lunghi inverni. Era vissuto per lunghi anni accanto alla strada, su quel terreno comodo per il trasporto, tenuto par medesima, per quando l&#8217;et\u00e0 si sarebbe fatta sentire e non ci sarebbero pi\u00f9 state le forze per andare troppo lontano a recuperare legna da ardere. Ora i suoi possenti rami, ancora spogli dalle foglie colorate di quel verde brillante classico della primavera, giacevano inerti sul pendio all&#8217;interno del tornante. Il nostro compito in quel luned\u00ec dell\u2019Angelo era quello di tagliare e poi trasportare a casa quei rami che, nei giorni successivi, si sarebbero trasformati in legna buona per riscaldare i giorni pi\u00f9 freddi d&#8217;inverno. Avevamo iniziato il lavoro prima del levare del sole sopra il Pelsa e dopo che avevo collocato le birre e la Coca Cola nella fontana carica di fresca acqua di disgelo. Il canto feroce dell\u2019Husqvarna aveva lacerato il dolce silenzio di quella dolce mattina d&#8217;aprile, aveva sputato per ore quella segatura chiara che andava a depositarsi sui pantaloni di pap\u00e0. Il motore aveva taciuto solamente quando stava per rimanere a secco e quando la catena aveva avuto bisogno di essere affilata. Era appena iniziata una nuova primavera e noi stavamo gi\u00e0 preparando di corsa un altro inverno, era cos\u00ec la vita di montagna. La luminosa mattinata scivol\u00f2 via veloce e a mezzogiorno avevamo fermato il lavoro per pranzare. Pranzammo con dei gustosi panini, seduti sulle zoche, mentre un sole che sapeva di quasi estate si era posizionato sopra il centro della valle. Solamente gli alberi ancora addormentati e la neve in bilico sopra i canaloni del Pelsa ci ricordavano che stavamo vivendo l&#8217;inizio di aprile. Nel pomeriggio ancora una breve sosta e un veloce salto a casa per assistere alla benedizione della dimora dei nonni, e poi la Ritmo che per un paio d&#8217;ore si era trasformata in trattore. Avanti e indietro dal tornante a casa per scaricare quella legna preziosa dalla scorza grigia e poi il rientro veloce a Belluno, esausti e felici. Una volta a casa, una semplice cena e la dolcezza di una sera di primavera che in citt\u00e0, ormai, era primavera per davvero<\/p>\n<p>&nbsp;<\/p>\n<p>&nbsp;<\/p>\n<p>*******<\/p>\n","protected":false},"excerpt":{"rendered":"<p>******* &nbsp; LUNEDI D&#8217;APRILE AUDIO &nbsp; Quando al paese fiorirono i ciliegi io non c&#8217;ero. Mi trovavo in citt\u00e0 a vivere quell\u2019inizio di primavera che profumava di tiglio. Di fronte a casa il susino faceva ammirare i suoi nuovi fiori, lass\u00f9 al paese la neve aveva da poco lasciato liberi i prati. Nella Piccola Citt\u00e0&hellip;<\/p>\n","protected":false},"author":4,"featured_media":442159,"comment_status":"closed","ping_status":"closed","sticky":false,"template":"","format":"standard","meta":{"_monsterinsights_skip_tracking":false,"_monsterinsights_sitenote_active":false,"_monsterinsights_sitenote_note":"","_monsterinsights_sitenote_category":0,"footnotes":""},"categories":[49,112],"tags":[],"class_list":["post-442157","post","type-post","status-publish","format-standard","has-post-thumbnail","hentry","category-news-18","category-racconti-soppelsa","category-49","category-112","description-off"],"img_url":"https:\/\/www.radiopiu.net\/wordpress\/wp-content\/uploads\/2025\/03\/781e49e4-807b-4887-b244-4543681573b0.jpg","_links":{"self":[{"href":"https:\/\/www.radiopiu.net\/wordpress\/wp-json\/wp\/v2\/posts\/442157","targetHints":{"allow":["GET"]}}],"collection":[{"href":"https:\/\/www.radiopiu.net\/wordpress\/wp-json\/wp\/v2\/posts"}],"about":[{"href":"https:\/\/www.radiopiu.net\/wordpress\/wp-json\/wp\/v2\/types\/post"}],"author":[{"embeddable":true,"href":"https:\/\/www.radiopiu.net\/wordpress\/wp-json\/wp\/v2\/users\/4"}],"replies":[{"embeddable":true,"href":"https:\/\/www.radiopiu.net\/wordpress\/wp-json\/wp\/v2\/comments?post=442157"}],"version-history":[{"count":1,"href":"https:\/\/www.radiopiu.net\/wordpress\/wp-json\/wp\/v2\/posts\/442157\/revisions"}],"predecessor-version":[{"id":442160,"href":"https:\/\/www.radiopiu.net\/wordpress\/wp-json\/wp\/v2\/posts\/442157\/revisions\/442160"}],"wp:featuredmedia":[{"embeddable":true,"href":"https:\/\/www.radiopiu.net\/wordpress\/wp-json\/wp\/v2\/media\/442159"}],"wp:attachment":[{"href":"https:\/\/www.radiopiu.net\/wordpress\/wp-json\/wp\/v2\/media?parent=442157"}],"wp:term":[{"taxonomy":"category","embeddable":true,"href":"https:\/\/www.radiopiu.net\/wordpress\/wp-json\/wp\/v2\/categories?post=442157"},{"taxonomy":"post_tag","embeddable":true,"href":"https:\/\/www.radiopiu.net\/wordpress\/wp-json\/wp\/v2\/tags?post=442157"}],"curies":[{"name":"wp","href":"https:\/\/api.w.org\/{rel}","templated":true}]}}