{"id":442165,"date":"2025-03-31T05:20:04","date_gmt":"2025-03-31T03:20:04","guid":{"rendered":"https:\/\/www.radiopiu.net\/wordpress\/?p=442165"},"modified":"2025-03-31T05:56:52","modified_gmt":"2025-03-31T03:56:52","slug":"si-chiude-in-norvegia-la-stagione-sugli-sci-stretti-per-lorenzo-busin","status":"publish","type":"post","link":"https:\/\/www.radiopiu.net\/wordpress\/si-chiude-in-norvegia-la-stagione-sugli-sci-stretti-per-lorenzo-busin\/","title":{"rendered":"SI CHIUDE IN NORVEGIA LA STAGIONE SUGLI SCI STRETTI PER LORENZO BUSIN"},"content":{"rendered":"<p>******<\/p>\n<p>&nbsp;<\/p>\n<p><strong><a class=\"dt-pswp-item\" href=\"https:\/\/www.radiopiu.net\/wordpress\/wp-content\/uploads\/2025\/03\/SCR-20250330-mhgh.jpeg\" data-dt-img-description=\"\" data-large_image_width=\"1570\" data-large_image_height=\"1024\"><img loading=\"lazy\" decoding=\"async\" class=\" wp-image-442166 alignleft\" src=\"https:\/\/www.radiopiu.net\/wordpress\/wp-content\/uploads\/2025\/03\/SCR-20250330-mhgh-300x196.jpeg\" alt=\"\" width=\"204\" height=\"133\" srcset=\"https:\/\/www.radiopiu.net\/wordpress\/wp-content\/uploads\/2025\/03\/SCR-20250330-mhgh-300x196.jpeg 300w, https:\/\/www.radiopiu.net\/wordpress\/wp-content\/uploads\/2025\/03\/SCR-20250330-mhgh-1024x668.jpeg 1024w, https:\/\/www.radiopiu.net\/wordpress\/wp-content\/uploads\/2025\/03\/SCR-20250330-mhgh-768x501.jpeg 768w, https:\/\/www.radiopiu.net\/wordpress\/wp-content\/uploads\/2025\/03\/SCR-20250330-mhgh-1536x1002.jpeg 1536w, https:\/\/www.radiopiu.net\/wordpress\/wp-content\/uploads\/2025\/03\/SCR-20250330-mhgh.jpeg 1570w\" sizes=\"auto, (max-width: 204px) 100vw, 204px\" \/><\/a>REDAZIONE <\/strong>Due giorni davvero intensi hanno segnato la conclusione della stagione delle gare a lunga distanza dello Ski Classics. Il weekend ha visto gli atleti impegnati in due prove durissime: la Reistadl\u00f8pet di 46 km, svoltasi ieri, e la Summit 2 Senja di 60 km, disputata oggi. Entrambe le competizioni si sono tenute in Norvegia, su percorsi caratterizzati da salite estremamente impegnative ma immersi in paesaggi mozzafiato. La gara odierna ha preso il via da Bardufoss, nell&#8217;entroterra norvegese, per concludersi a Finnsnes, un suggestivo porto sul mare. Un tracciato gi\u00e0 di per s\u00e9 difficile, reso ancora pi\u00f9 estremo dal fatto che gli atleti avevano affrontato una gara altrettanto dura meno di 24 ore prima. Lorenzo Busin ha portato a termine la stagione con le energie ormai al limite. Il suo impegno \u00e8 stato ancora pi\u00f9 notevole considerando che, oltre ad essere un atleta, \u00e8 anche un lavoratore. Nonostante la stanchezza accumulata, Busin ha chiuso al 42\u00b0 posto nella Reistadl\u00f8pet e al 43\u00b0 nella Summit 2 Senja, confermandosi ancora una volta il miglior atleta italiano al traguardo. Una conclusione di stagione che testimonia la sua determinazione e la sua capacit\u00e0 di competere ad alti livelli, anche nelle condizioni pi\u00f9 difficili.<\/p>\n<p>&nbsp;<\/p>\n<p>&nbsp;<\/p>\n<p>&nbsp;<\/p>\n<p>&nbsp;<\/p>\n<p>*******<\/p>\n<p>&nbsp;<\/p>\n","protected":false},"excerpt":{"rendered":"<p>****** &nbsp; REDAZIONE Due giorni davvero intensi hanno segnato la conclusione della stagione delle gare a lunga distanza dello Ski Classics. Il weekend ha visto gli atleti impegnati in due prove durissime: la Reistadl\u00f8pet di 46 km, svoltasi ieri, e la Summit 2 Senja di 60 km, disputata oggi. Entrambe le competizioni si sono tenute&hellip;<\/p>\n","protected":false},"author":4,"featured_media":442166,"comment_status":"closed","ping_status":"closed","sticky":false,"template":"","format":"standard","meta":{"_monsterinsights_skip_tracking":false,"_monsterinsights_sitenote_active":false,"_monsterinsights_sitenote_note":"","_monsterinsights_sitenote_category":0,"footnotes":""},"categories":[104,49],"tags":[],"class_list":["post-442165","post","type-post","status-publish","format-standard","has-post-thumbnail","hentry","category-evidenza_3","category-news-18","category-104","category-49","description-off"],"img_url":"https:\/\/www.radiopiu.net\/wordpress\/wp-content\/uploads\/2025\/03\/SCR-20250330-mhgh.jpeg","_links":{"self":[{"href":"https:\/\/www.radiopiu.net\/wordpress\/wp-json\/wp\/v2\/posts\/442165","targetHints":{"allow":["GET"]}}],"collection":[{"href":"https:\/\/www.radiopiu.net\/wordpress\/wp-json\/wp\/v2\/posts"}],"about":[{"href":"https:\/\/www.radiopiu.net\/wordpress\/wp-json\/wp\/v2\/types\/post"}],"author":[{"embeddable":true,"href":"https:\/\/www.radiopiu.net\/wordpress\/wp-json\/wp\/v2\/users\/4"}],"replies":[{"embeddable":true,"href":"https:\/\/www.radiopiu.net\/wordpress\/wp-json\/wp\/v2\/comments?post=442165"}],"version-history":[{"count":1,"href":"https:\/\/www.radiopiu.net\/wordpress\/wp-json\/wp\/v2\/posts\/442165\/revisions"}],"predecessor-version":[{"id":442167,"href":"https:\/\/www.radiopiu.net\/wordpress\/wp-json\/wp\/v2\/posts\/442165\/revisions\/442167"}],"wp:featuredmedia":[{"embeddable":true,"href":"https:\/\/www.radiopiu.net\/wordpress\/wp-json\/wp\/v2\/media\/442166"}],"wp:attachment":[{"href":"https:\/\/www.radiopiu.net\/wordpress\/wp-json\/wp\/v2\/media?parent=442165"}],"wp:term":[{"taxonomy":"category","embeddable":true,"href":"https:\/\/www.radiopiu.net\/wordpress\/wp-json\/wp\/v2\/categories?post=442165"},{"taxonomy":"post_tag","embeddable":true,"href":"https:\/\/www.radiopiu.net\/wordpress\/wp-json\/wp\/v2\/tags?post=442165"}],"curies":[{"name":"wp","href":"https:\/\/api.w.org\/{rel}","templated":true}]}}