{"id":442346,"date":"2025-03-31T05:34:49","date_gmt":"2025-03-31T03:34:49","guid":{"rendered":"https:\/\/www.radiopiu.net\/wordpress\/?p=442346"},"modified":"2025-03-31T05:53:13","modified_gmt":"2025-03-31T03:53:13","slug":"una-giornata-impegnativa-per-il-suem-118-tra-cadute-in-pista-ed-incidenti-stradali","status":"publish","type":"post","link":"https:\/\/www.radiopiu.net\/wordpress\/una-giornata-impegnativa-per-il-suem-118-tra-cadute-in-pista-ed-incidenti-stradali\/","title":{"rendered":"UNA GIORNATA IMPEGNATIVA PER IL SUEM 118 TRA CADUTE IN PISTA ED INCIDENTI STRADALI"},"content":{"rendered":"<p>********<\/p>\n<p>&nbsp;<\/p>\n<p><strong><a class=\"dt-pswp-item\" href=\"https:\/\/www.radiopiu.net\/wordpress\/wp-content\/uploads\/2021\/10\/a0c568f4-8fef-4e1e-b203-57f1d1d0c1e7.jpg\" data-dt-img-description=\"\" data-large_image_width=\"2000\" data-large_image_height=\"1496\"><img loading=\"lazy\" decoding=\"async\" class=\" wp-image-238247 alignleft\" src=\"https:\/\/www.radiopiu.net\/wordpress\/wp-content\/uploads\/2021\/10\/a0c568f4-8fef-4e1e-b203-57f1d1d0c1e7-300x224.jpg\" alt=\"\" width=\"200\" height=\"149\" srcset=\"https:\/\/www.radiopiu.net\/wordpress\/wp-content\/uploads\/2021\/10\/a0c568f4-8fef-4e1e-b203-57f1d1d0c1e7-300x224.jpg 300w, https:\/\/www.radiopiu.net\/wordpress\/wp-content\/uploads\/2021\/10\/a0c568f4-8fef-4e1e-b203-57f1d1d0c1e7-1024x766.jpg 1024w, https:\/\/www.radiopiu.net\/wordpress\/wp-content\/uploads\/2021\/10\/a0c568f4-8fef-4e1e-b203-57f1d1d0c1e7-768x574.jpg 768w, https:\/\/www.radiopiu.net\/wordpress\/wp-content\/uploads\/2021\/10\/a0c568f4-8fef-4e1e-b203-57f1d1d0c1e7-1536x1149.jpg 1536w, https:\/\/www.radiopiu.net\/wordpress\/wp-content\/uploads\/2021\/10\/a0c568f4-8fef-4e1e-b203-57f1d1d0c1e7.jpg 2000w\" sizes=\"auto, (max-width: 200px) 100vw, 200px\" \/><\/a>REDAZIONE <\/strong>Una giornata intensa per i soccorritori del SUEM 118 di Belluno, impegnati in diversi interventi nelle ultime 24 ore. Tra cadute in pista, incidenti stradali e infortuni in montagna, gli operatori sanitari hanno garantito assistenza tempestiva in numerose situazioni critiche. Il primo intervento della giornata si \u00e8 verificato alle 9:30 sulla pista Cherz di Arabba, dove un turista tedesco di 69 anni \u00e8 caduto sugli sci. Data la gravita del caso, \u00e8 stato necessario l&#8217;intervento dell&#8217;elicottero Falco per il trasporto d&#8217;urgenza a Belluno. Nel pomeriggio si sono verificati diversi incidenti stradali. Alle 16:20, a Feltre, un ciclista di 60 anni di Fonzaso \u00e8 caduto riportando ferite di media entit\u00e0; il trasporto in ospedale \u00e8 avvenuto in ambulanza. Un ulteriore intervento si \u00e8 reso necessario alle 16:53 a Sovramonte, dove un motociclista di 51 anni, residente a Lamon, ha perso il controllo del mezzo ed \u00e8 stato soccorso dai sanitari del SUEM, venendo successivamente trasportato all&#8217;ospedale di Feltre.<\/p>\n<p>&nbsp;<\/p>\n<p>&nbsp;<\/p>\n<p>&nbsp;<\/p>\n<p>********<\/p>\n","protected":false},"excerpt":{"rendered":"<p>******** &nbsp; REDAZIONE Una giornata intensa per i soccorritori del SUEM 118 di Belluno, impegnati in diversi interventi nelle ultime 24 ore. Tra cadute in pista, incidenti stradali e infortuni in montagna, gli operatori sanitari hanno garantito assistenza tempestiva in numerose situazioni critiche. Il primo intervento della giornata si \u00e8 verificato alle 9:30 sulla pista&hellip;<\/p>\n","protected":false},"author":4,"featured_media":238247,"comment_status":"closed","ping_status":"closed","sticky":false,"template":"","format":"standard","meta":{"_monsterinsights_skip_tracking":false,"_monsterinsights_sitenote_active":false,"_monsterinsights_sitenote_note":"","_monsterinsights_sitenote_category":0,"footnotes":""},"categories":[51,49],"tags":[],"class_list":["post-442346","post","type-post","status-publish","format-standard","has-post-thumbnail","hentry","category-evidenza-top","category-news-18","category-51","category-49","description-off"],"img_url":"https:\/\/www.radiopiu.net\/wordpress\/wp-content\/uploads\/2021\/10\/a0c568f4-8fef-4e1e-b203-57f1d1d0c1e7.jpg","_links":{"self":[{"href":"https:\/\/www.radiopiu.net\/wordpress\/wp-json\/wp\/v2\/posts\/442346","targetHints":{"allow":["GET"]}}],"collection":[{"href":"https:\/\/www.radiopiu.net\/wordpress\/wp-json\/wp\/v2\/posts"}],"about":[{"href":"https:\/\/www.radiopiu.net\/wordpress\/wp-json\/wp\/v2\/types\/post"}],"author":[{"embeddable":true,"href":"https:\/\/www.radiopiu.net\/wordpress\/wp-json\/wp\/v2\/users\/4"}],"replies":[{"embeddable":true,"href":"https:\/\/www.radiopiu.net\/wordpress\/wp-json\/wp\/v2\/comments?post=442346"}],"version-history":[{"count":1,"href":"https:\/\/www.radiopiu.net\/wordpress\/wp-json\/wp\/v2\/posts\/442346\/revisions"}],"predecessor-version":[{"id":442347,"href":"https:\/\/www.radiopiu.net\/wordpress\/wp-json\/wp\/v2\/posts\/442346\/revisions\/442347"}],"wp:featuredmedia":[{"embeddable":true,"href":"https:\/\/www.radiopiu.net\/wordpress\/wp-json\/wp\/v2\/media\/238247"}],"wp:attachment":[{"href":"https:\/\/www.radiopiu.net\/wordpress\/wp-json\/wp\/v2\/media?parent=442346"}],"wp:term":[{"taxonomy":"category","embeddable":true,"href":"https:\/\/www.radiopiu.net\/wordpress\/wp-json\/wp\/v2\/categories?post=442346"},{"taxonomy":"post_tag","embeddable":true,"href":"https:\/\/www.radiopiu.net\/wordpress\/wp-json\/wp\/v2\/tags?post=442346"}],"curies":[{"name":"wp","href":"https:\/\/api.w.org\/{rel}","templated":true}]}}