{"id":442349,"date":"2025-04-01T06:04:22","date_gmt":"2025-04-01T04:04:22","guid":{"rendered":"https:\/\/www.radiopiu.net\/wordpress\/?p=442349"},"modified":"2025-04-01T07:54:52","modified_gmt":"2025-04-01T05:54:52","slug":"giornale-radiopiu-01-aprile-2025-direttore-mirko-mezzacasa","status":"publish","type":"post","link":"https:\/\/www.radiopiu.net\/wordpress\/giornale-radiopiu-01-aprile-2025-direttore-mirko-mezzacasa\/","title":{"rendered":"GIORNALE RADIOPIU 01 APRILE 2025 DIRETTORE MIRKO MEZZACASA"},"content":{"rendered":"<p>******<\/p>\n<p>&nbsp;<\/p>\n<p>&nbsp;<\/p>\n<p><em><span style=\"color: #ff0000;\"><a class=\"dt-pswp-item\" href=\"https:\/\/www.radiopiu.net\/wordpress\/wp-content\/uploads\/2024\/10\/Senza-nome-8.png\" data-dt-img-description=\"\" data-large_image_width=\"343\" data-large_image_height=\"303\"><img loading=\"lazy\" decoding=\"async\" class=\"wp-image-412130 alignleft\" src=\"https:\/\/www.radiopiu.net\/wordpress\/wp-content\/uploads\/2024\/10\/Senza-nome-8-300x265.png\" alt=\"\" width=\"105\" height=\"93\" srcset=\"https:\/\/www.radiopiu.net\/wordpress\/wp-content\/uploads\/2024\/10\/Senza-nome-8-300x265.png 300w, https:\/\/www.radiopiu.net\/wordpress\/wp-content\/uploads\/2024\/10\/Senza-nome-8.png 343w\" sizes=\"auto, (max-width: 105px) 100vw, 105px\" \/><\/a><\/span><\/em><strong><em><span style=\"color: #ff0000;\"> LA\u00a0 APP PER IOS-IPHONE di Nicola Vettorello<\/span><\/em><\/strong><\/p>\n<p><strong><span style=\"color: #0000ff;\"><a style=\"color: #0000ff;\" href=\"https:\/\/apps.apple.com\/it\/app\/radio-pi%C3%B9-emittente-agordina\/id1515939845\">https:\/\/apps.apple.com\/it\/app\/radio-pi%C3%B9-emittente-agordina\/id1515939845<\/a><\/span><\/strong><\/p>\n<p><strong><em style=\"color: #ff0000;\">LA\u00a0 APP RADIO\u00a0 PER ANDROID di Nicola Vettorello<\/em><\/strong><\/p>\n<p><strong><span style=\"color: #0000ff;\"><a style=\"color: #0000ff;\" href=\"https:\/\/play.google.com\/store\/apps\/details?id=net.radiopiu.iniko\" target=\"_blank\" rel=\"noopener noreferrer\">https:\/\/<\/a><a style=\"color: #0000ff;\" href=\"https:\/\/play.google.com\/store\/apps\/details?id=net.radiopiu.iniko\" target=\"_blank\" rel=\"noopener noreferrer\">play.google.com\/store\/apps\/details?id=net.radiopiu.iniko\u00a0\u00a0\u00a0\u00a0<\/a><\/span><\/strong><\/p>\n<h1 style=\"text-align: center;\"><\/h1>\n<p>&nbsp;<\/p>\n<blockquote>\n<h2>BUON COMPLEANNO GIORNALE RADIO PIU d&#8217;aprile<\/h2>\n<\/blockquote>\n<p><strong>Il GIORNALE RADIO PIU<\/strong> compie 10 anni, la prima edizione online \u00e8 stata pubblicata dalla testata giornalistica RADIO PIU (1983) il 01 aprile 2015 e contestualmente inviato al primo gruppo whatsapp. Oggi il quotidiano diretto da Mirko Mezzacasa si fonda su una redazione allargata, soprattutto le intere forze delle colonne di RADIO PIU\u00a0 si dedicano in esclusiva alla radio, sito e social. Il giornale radio pi\u00f9 oggi viene inviato quotidianamente alle pagine social, ai gruppi whatsapp, al canale telegram RADIO PIU INFORMAZIONE. L&#8217;iscrizione \u00e8 gratuita e il canale permette di ricevere tutti i supporti audio, foto, video, collegati ai notiziari e alle dirette di RADIO PIU.<\/p>\n<p><strong><em>A tutti grazie per la fiducia<\/em><\/strong><\/p>\n<p>mirko mezzacasa<\/p>\n<p>&nbsp;<\/p>\n<hr \/>\n<p><span style=\"color: #0000ff;\">\u00a0<\/span><\/p>\n<p>&nbsp;<\/p>\n<p><span style=\"color: #0000ff;\"><strong><a class=\"dt-pswp-item\" href=\"https:\/\/www.radiopiu.net\/wordpress\/wp-content\/uploads\/2025\/03\/470192075_10227310145441403_6482344521667907125_n-e1743410514146.jpg\" data-dt-img-description=\"\" data-large_image_width=\"429\" data-large_image_height=\"445\"><img loading=\"lazy\" decoding=\"async\" class=\"wp-image-442460 alignleft\" src=\"https:\/\/www.radiopiu.net\/wordpress\/wp-content\/uploads\/2025\/03\/470192075_10227310145441403_6482344521667907125_n-e1743410514146-289x300.jpg\" alt=\"\" width=\"117\" height=\"121\" srcset=\"https:\/\/www.radiopiu.net\/wordpress\/wp-content\/uploads\/2025\/03\/470192075_10227310145441403_6482344521667907125_n-e1743410514146-289x300.jpg 289w, https:\/\/www.radiopiu.net\/wordpress\/wp-content\/uploads\/2025\/03\/470192075_10227310145441403_6482344521667907125_n-e1743410514146.jpg 429w\" sizes=\"auto, (max-width: 117px) 100vw, 117px\" \/><\/a>OGGI <\/strong>\u00a0<\/span>\u00a0 <strong>\u00a009.40<\/strong>\u00a0 OGGI COME IERI, SI SILVIA BALDO 10.10 MUSLA, LE NOVE IN LADIN <strong>10 10<\/strong> MUSLA, LE NOVE IN LADIN DA AGORDO: CHIARA\u00a0 <strong>10.30<\/strong>\u00a0 \u00a0LA FESTA IN ALTA BADIA, IL PROSSIMO FINE SETTIMANA. OSPITE ROBERTO HUBER<strong>\u00a011.00\u00a0<\/strong>\u00a0 PIU&#8217; MUSICA DI MARINA, <strong>11.20<\/strong> LE SELEZIONI DI MORENO TOCCHETTO <strong>1140<\/strong> DAVID BEN<span class=\"transfer_display_name\">\u00a0<strong>12.30<\/strong> IL GIORNALE RADIO EDIZIONE PRINCIPALE\u00a0<strong> 13.00<\/strong> SIB INFORMA, PER LE TRE RADIO, BARBARA PAOLAZZI <strong>13.20<\/strong>\u00a0 COLLAGE, CON LORIS SCUSSEL DAL MARTEDI ALLA DOMENICA ALLE <strong>15.00<\/strong> ELIA CASAGRANDE&#8230;ArcadeShow <\/span><strong>16<\/strong><b>.45\u00a0<\/b> LE CLASSIFICHE, LA STORIA DELLA MUSICA, DI MIRCO BENCIVENNI (foto) 19.00 le anticipazioni del TG di Antenna 3 (Canale 10 digitale terrestre) di Tiziana Bolognani<\/p>\n<p>&nbsp;<\/p>\n<hr \/>\n<p>&nbsp;<\/p>\n<p>&nbsp;<\/p>\n<div class=\"x11i5rnm xat24cr x1mh8g0r x1vvkbs xtlvy1s x126k92a\">\n<div dir=\"auto\">\n<div dir=\"auto\">\n<p><strong><a class=\"dt-pswp-item\" href=\"https:\/\/www.radiopiu.net\/wordpress\/wp-content\/uploads\/2024\/02\/2d44e751-d8a8-461b-8e22-d8e4e853b032.jpg\" data-dt-img-description=\"\" data-large_image_width=\"1600\" data-large_image_height=\"1200\"><img loading=\"lazy\" decoding=\"async\" class=\"wp-image-373307 alignleft\" src=\"https:\/\/www.radiopiu.net\/wordpress\/wp-content\/uploads\/2024\/02\/2d44e751-d8a8-461b-8e22-d8e4e853b032-300x225.jpg\" alt=\"\" width=\"105\" height=\"79\" srcset=\"https:\/\/www.radiopiu.net\/wordpress\/wp-content\/uploads\/2024\/02\/2d44e751-d8a8-461b-8e22-d8e4e853b032-300x225.jpg 300w, https:\/\/www.radiopiu.net\/wordpress\/wp-content\/uploads\/2024\/02\/2d44e751-d8a8-461b-8e22-d8e4e853b032-1024x768.jpg 1024w, https:\/\/www.radiopiu.net\/wordpress\/wp-content\/uploads\/2024\/02\/2d44e751-d8a8-461b-8e22-d8e4e853b032-768x576.jpg 768w, https:\/\/www.radiopiu.net\/wordpress\/wp-content\/uploads\/2024\/02\/2d44e751-d8a8-461b-8e22-d8e4e853b032-1536x1152.jpg 1536w, https:\/\/www.radiopiu.net\/wordpress\/wp-content\/uploads\/2024\/02\/2d44e751-d8a8-461b-8e22-d8e4e853b032.jpg 1600w\" sizes=\"auto, (max-width: 105px) 100vw, 105px\" \/><\/a>EL BAL DEL FIOR, DI GIULIANA DA RONCH, 01 APRILE<\/strong><strong> 2025<\/strong><\/p>\n<\/div>\n<p>&nbsp;<\/p>\n<div dir=\"auto\">\n<p>&nbsp;<\/p>\n<audio class=\"wp-audio-shortcode\" id=\"audio-442349-1\" preload=\"none\" style=\"width: 100%;\" controls=\"controls\"><source type=\"audio\/mpeg\" src=\"https:\/\/www.radiopiu.net\/wordpress\/wp-content\/uploads\/2025\/03\/GMA-4.mp3?_=1\" \/><a href=\"https:\/\/www.radiopiu.net\/wordpress\/wp-content\/uploads\/2025\/03\/GMA-4.mp3\">https:\/\/www.radiopiu.net\/wordpress\/wp-content\/uploads\/2025\/03\/GMA-4.mp3<\/a><\/audio>\n<p>&nbsp;<\/p>\n<hr \/>\n<p>&nbsp;<\/p>\n<p>&nbsp;<\/p>\n<\/div>\n<\/div>\n<\/div>\n<div class=\"x11i5rnm xat24cr x1mh8g0r x1vvkbs xtlvy1s x126k92a\">\n<blockquote>\n<h1><strong><a class=\"dt-pswp-item\" href=\"https:\/\/www.radiopiu.net\/wordpress\/wp-content\/uploads\/2024\/10\/629301fd-708d-4f53-95c2-d28cbefd500f.jpg\" data-dt-img-description=\"\" data-large_image_width=\"1600\" data-large_image_height=\"1322\"><img loading=\"lazy\" decoding=\"async\" class=\"wp-image-413782 alignright\" src=\"https:\/\/www.radiopiu.net\/wordpress\/wp-content\/uploads\/2024\/10\/629301fd-708d-4f53-95c2-d28cbefd500f-300x248.jpg\" alt=\"\" width=\"106\" height=\"88\" srcset=\"https:\/\/www.radiopiu.net\/wordpress\/wp-content\/uploads\/2024\/10\/629301fd-708d-4f53-95c2-d28cbefd500f-300x248.jpg 300w, https:\/\/www.radiopiu.net\/wordpress\/wp-content\/uploads\/2024\/10\/629301fd-708d-4f53-95c2-d28cbefd500f-1024x846.jpg 1024w, https:\/\/www.radiopiu.net\/wordpress\/wp-content\/uploads\/2024\/10\/629301fd-708d-4f53-95c2-d28cbefd500f-768x635.jpg 768w, https:\/\/www.radiopiu.net\/wordpress\/wp-content\/uploads\/2024\/10\/629301fd-708d-4f53-95c2-d28cbefd500f-1536x1269.jpg 1536w, https:\/\/www.radiopiu.net\/wordpress\/wp-content\/uploads\/2024\/10\/629301fd-708d-4f53-95c2-d28cbefd500f.jpg 1600w\" sizes=\"auto, (max-width: 106px) 100vw, 106px\" \/><\/a><\/strong><\/h1>\n<h1><strong><a class=\"dt-pswp-item\" href=\"https:\/\/www.radiopiu.net\/wordpress\/wp-content\/uploads\/2024\/11\/th-18.jpg\" data-dt-img-description=\"\" data-large_image_width=\"156\" data-large_image_height=\"180\"><img loading=\"lazy\" decoding=\"async\" class=\"size-full wp-image-421611 alignleft\" src=\"https:\/\/www.radiopiu.net\/wordpress\/wp-content\/uploads\/2024\/11\/th-18.jpg\" alt=\"\" width=\"156\" height=\"180\" \/><\/a><\/strong><\/h1>\n<h1><strong>N di parom &#8211; L Almanach de la nosta jent<\/strong><\/h1>\n<\/blockquote>\n<p>&nbsp;<\/p>\n<p>Le voci: Davide Conedera, Agordo, Michela Dell&#8217;Osbel, La Valle Agordina Simone Ganz, Falcade Veronica Lezuo, Colle Santa Lucia. La voce nella sigla \u00e8 di Giorgia Taio<\/p>\n<p><strong>LA PUNTATA DI OGGI, 01 APRILE 2025<\/strong><\/p>\n<audio class=\"wp-audio-shortcode\" id=\"audio-442349-2\" preload=\"none\" style=\"width: 100%;\" controls=\"controls\"><source type=\"audio\/mpeg\" src=\"https:\/\/www.radiopiu.net\/wordpress\/wp-content\/uploads\/2025\/03\/AL2-5.mp3?_=2\" \/><a href=\"https:\/\/www.radiopiu.net\/wordpress\/wp-content\/uploads\/2025\/03\/AL2-5.mp3\">https:\/\/www.radiopiu.net\/wordpress\/wp-content\/uploads\/2025\/03\/AL2-5.mp3<\/a><\/audio>\n<p>&nbsp;<\/p>\n<p>&nbsp;<\/p>\n<\/div>\n<div class=\"x11i5rnm xat24cr x1mh8g0r x1vvkbs xtlvy1s x126k92a\">\n<div dir=\"auto\">\n<hr \/>\n<\/div>\n<\/div>\n<blockquote>\n<blockquote>\n<h1><span style=\"color: #ff0000;\">\u00a0<\/span><\/h1>\n<h1><span style=\"color: #ff0000;\">I podcast informativi del mattino &#8211; audio &#8211;\u00a0\u00a0<\/span><\/h1>\n<\/blockquote>\n<p><strong><a class=\"dt-pswp-item\" href=\"https:\/\/www.radiopiu.net\/wordpress\/wp-content\/uploads\/2024\/11\/6.jpg\" data-dt-img-description=\"\" data-large_image_width=\"177\" data-large_image_height=\"180\"><img loading=\"lazy\" decoding=\"async\" class=\"size-full wp-image-417911 alignleft\" src=\"https:\/\/www.radiopiu.net\/wordpress\/wp-content\/uploads\/2024\/11\/6.jpg\" alt=\"\" width=\"177\" height=\"180\" \/><\/a>LA RASSEGNA STAMPA NAZIONALE ALLA RADIO, OGNI GIORNO ALLE 5 E ALLE 6 DEL MATTINO <span style=\"color: #0000ff;\">viene pubblicata alle 6.00 <span style=\"color: #ff0000;\">DIRETTA RADIO\u00a0 \u00a0\u00a0<\/span><\/span><\/strong><\/p><\/blockquote>\n<p>&nbsp;<\/p>\n<p><strong>NOTIZIE DELLA NOTTE<\/strong><\/p>\n<p><strong>Pechino<\/strong> avverte: &#8216;L&#8217;indipendenza di Taiwan significa guerra&#8217; <strong>Israele<\/strong> torna ad attaccare in Libano, raid su Beirut <strong>OpenAi<\/strong> raccoglie 40 miliardi di investimenti <strong>Borsa<\/strong>: Tokyo, apertura in rialzo (+0,70%) <strong>Trump<\/strong>, &#8216;Putin far\u00e0 la sua parte nei negoziati sull&#8217; Ucraina&#8217; <strong>Unicef,<\/strong> almeno 322 bambini uccisi a Gaza in 10 giorni<br \/>\n<strong>Georgieva<\/strong>, i dazi minano la fiucia di consumatori e investitori <strong>Iran<\/strong>, se attaccati saremo costretti a produrre l&#8217;atomica<\/p>\n<h1>AUDIO dalle 6 del mattino<\/h1>\n<audio class=\"wp-audio-shortcode\" id=\"audio-442349-3\" preload=\"none\" style=\"width: 100%;\" controls=\"controls\"><source type=\"audio\/mpeg\" src=\"https:\/\/www.radiopiu.net\/wordpress\/wp-content\/uploads\/2025\/03\/giornale07-30.mp3?_=3\" \/><a href=\"https:\/\/www.radiopiu.net\/wordpress\/wp-content\/uploads\/2025\/03\/giornale07-30.mp3\">https:\/\/www.radiopiu.net\/wordpress\/wp-content\/uploads\/2025\/03\/giornale07-30.mp3<\/a><\/audio>\n<p>&nbsp;<\/p>\n<p>&nbsp;<\/p>\n<hr \/>\n<p>&nbsp;<\/p>\n<h1 style=\"text-align: center;\"><span style=\"color: #ff0000;\"><a class=\"dt-pswp-item\" href=\"https:\/\/www.radiopiu.net\/wordpress\/wp-content\/uploads\/2024\/11\/7.jpg\" data-dt-img-description=\"\" data-large_image_width=\"180\" data-large_image_height=\"180\"><img loading=\"lazy\" decoding=\"async\" class=\"size-full wp-image-417912 alignleft\" src=\"https:\/\/www.radiopiu.net\/wordpress\/wp-content\/uploads\/2024\/11\/7.jpg\" alt=\"\" width=\"180\" height=\"180\" srcset=\"https:\/\/www.radiopiu.net\/wordpress\/wp-content\/uploads\/2024\/11\/7.jpg 180w, https:\/\/www.radiopiu.net\/wordpress\/wp-content\/uploads\/2024\/11\/7-150x150.jpg 150w\" sizes=\"auto, (max-width: 180px) 100vw, 180px\" \/><\/a>I podcast informativi del mattino &#8211; audio &#8211;\u00a0<\/span><\/h1>\n<p><strong>OGNI GIORNO ALLE SETTE DEL MATTINO, LA RASSEGNA STAMPA LOCALE FLASH&#8230; PER CHI VA IN FRETTA. I TITOLI DAI GIORNALI E DAL SITO WWW.RADIOPIU.NET <span style=\"color: #0000ff;\">viene pubblicato alle 7.00<\/span> <span style=\"color: #ff0000;\">DIRETTA RADIO\u00a0<\/span><\/strong><\/p>\n<p><em><span style=\"color: #ff0000;\">per chi va in fretta&#8230; tante notizie in pochi minuti. L&#8217;informazione locale alla radio, ogni ora dalle 7 del mattino alle 19 della sera.\u00a0<\/span><\/em><strong>\u00a0<\/strong><\/p>\n<p><strong data-start=\"0\" data-end=\"62\">Notizie locali dal Bellunese: tra cronaca, eventi e novit\u00e0<\/strong><\/p>\n<div class=\"flex flex-1 grow basis-auto flex-col overflow-hidden\">\n<div class=\"relative h-full\">\n<div class=\"flex h-full flex-col overflow-y-auto [scrollbar-gutter:stable]\">\n<div class=\"mt-1.5 flex flex-col text-sm @thread-xl\/thread:pt-header-height md:pb-9\">\n<article class=\"group\/turn w-full text-token-text-primary focus-visible:outline-none\" dir=\"auto\" tabindex=\"-1\" data-testid=\"conversation-turn-2\" data-scroll-anchor=\"true\">\n<div class=\"text-base my-auto mx-auto py-5 px-6\">\n<div class=\"mx-auto flex flex-1 text-base gap-4 md:gap-5 lg:gap-6 md:max-w-3xl\">\n<div class=\"group\/conversation-turn relative flex w-full min-w-0 flex-col agent-turn @xs\/thread:px-0 @sm\/thread:px-1.5 @md\/thread:px-4\">\n<div class=\"relative flex-col gap-1 md:gap-3\">\n<div class=\"flex max-w-full flex-col flex-grow\">\n<div class=\"min-h-8 text-message relative flex w-full flex-col items-end gap-2 whitespace-normal break-words text-start [.text-message+&amp;]:mt-5\" dir=\"auto\" data-message-author-role=\"assistant\" data-message-id=\"bff05fc0-dc7c-4ab7-9b20-d3eec753127b\" data-message-model-slug=\"gpt-4o-mini\">\n<div class=\"flex w-full flex-col gap-1 empty:hidden first:pt-[3px]\">\n<div class=\"markdown prose w-full break-words dark:prose-invert dark\">\n<p class=\"\" data-start=\"64\" data-end=\"329\">Radio Pi\u00f9 offre una panoramica sui principali eventi e notizie in provincia di Belluno, accompagnata dalla programmazione radiofonica. Tra le principali notizie<\/p>\n<p><strong>1ALLERTA VENTI FORTI: RAFFICHE DI FOEHN<\/strong><br \/>\n<strong>2ACQUA NON POTABILE A GOSALDO E ROCCA PIETORE, TORNA POTABILE A LIVINALLONGO<\/strong><br \/>\n<strong>3INCENDIO BOSCHIVO A SOFFRANCO, L\u2019ENNESIMO ED E\u2019 ALLARME PIROMANE<\/strong><br \/>\n<strong>4INCENDIO DOLOSO A PIAN DEL VESCOVO: SALVI GRAZIE AL CANE<\/strong><\/p>\n<p><strong>5RECUPERATI ESCURSIONISTI FUORI SENTIERO<\/strong><br \/>\n<strong>6COLPO AL BANCOMAT DI SAN PIETRO FALLITO: CINQUE ARRESTI IN FRIULI<\/strong><br \/>\n<strong>7IL LICEO LOLLINO PASSA ALLA RETE SCUOLE PER CRESCERE<\/strong><br \/>\n<strong>8FOLLADOR, CONTRATTAZIONE FERMA E ATTIVIT\u00c0 A RILENTO<\/strong><br \/>\n<strong>9LA POPOLAZIONE CALA MA RESTA L\u2019EMERGENZA ABITATIVA IN PROVINCIA DI BELLUNO<\/strong><strong>\u00a0<\/strong><\/p>\n<\/div>\n<\/div>\n<\/div>\n<\/div>\n<\/div>\n<\/div>\n<\/div>\n<\/div>\n<\/article>\n<\/div>\n<\/div>\n<\/div>\n<\/div>\n<h1>AUDIO dalle 7 del mattino<\/h1>\n<audio class=\"wp-audio-shortcode\" id=\"audio-442349-4\" preload=\"none\" style=\"width: 100%;\" controls=\"controls\"><source type=\"audio\/mpeg\" src=\"https:\/\/www.radiopiu.net\/wordpress\/wp-content\/uploads\/2025\/04\/GF07.mp3?_=4\" \/><a href=\"https:\/\/www.radiopiu.net\/wordpress\/wp-content\/uploads\/2025\/04\/GF07.mp3\">https:\/\/www.radiopiu.net\/wordpress\/wp-content\/uploads\/2025\/04\/GF07.mp3<\/a><\/audio>\n<p>&nbsp;<\/p>\n<p>&nbsp;<\/p>\n<hr \/>\n<p>&nbsp;<\/p>\n<h1><\/h1>\n<h1 style=\"text-align: center;\"><span style=\"color: #ff0000;\"><a class=\"dt-pswp-item\" href=\"https:\/\/www.radiopiu.net\/wordpress\/wp-content\/uploads\/2024\/11\/th.jpg\" data-dt-img-description=\"\" data-large_image_width=\"148\" data-large_image_height=\"179\"><img loading=\"lazy\" decoding=\"async\" class=\"size-full wp-image-417913 alignleft\" src=\"https:\/\/www.radiopiu.net\/wordpress\/wp-content\/uploads\/2024\/11\/th.jpg\" alt=\"\" width=\"148\" height=\"179\" \/><\/a>I podcast informativi del mattino &#8211; audio &#8211;\u00a0<\/span><\/h1>\n<blockquote><p><strong>GIORNALE RADIO NAZIONALE, EDIZIONE DELLE SETTE <span style=\"color: #0000ff;\">viene pubblicato alle 7.05 <span style=\"color: #ff0000;\">DIRETTA RADIO\u00a0<\/span><\/span><\/strong><\/p><\/blockquote>\n<p><strong>il giornale radionazionale e&#8217; in onda ogni ora, dalle sette del mattino alle venti della sera\u00a0 \u00a0<\/strong><\/p>\n<p>&nbsp;<\/p>\n<p>&nbsp;<\/p>\n<audio class=\"wp-audio-shortcode\" id=\"audio-442349-5\" preload=\"none\" style=\"width: 100%;\" controls=\"controls\"><source type=\"audio\/mpeg\" src=\"https:\/\/www.radiopiu.net\/wordpress\/wp-content\/uploads\/2025\/04\/giornale07.mp3?_=5\" \/><a href=\"https:\/\/www.radiopiu.net\/wordpress\/wp-content\/uploads\/2025\/04\/giornale07.mp3\">https:\/\/www.radiopiu.net\/wordpress\/wp-content\/uploads\/2025\/04\/giornale07.mp3<\/a><\/audio>\n<p>&nbsp;<\/p>\n<p>&nbsp;<\/p>\n<div dir=\"auto\">\n<div class=\"mt-3 w-full empty:hidden\">\n<div class=\"text-center\">\n<div class=\"mx-auto\">\n<div class=\"inline-flex rounded-xl border border-gray-100 dark:border-gray-700\">\n<div class=\"flex items-center justify-center gap-4 px-4 py-3 text-sm text-token-text-secondary\"><strong><a class=\"dt-pswp-item\" href=\"https:\/\/www.radiopiu.net\/wordpress\/wp-content\/uploads\/2025\/02\/download-7.jpg\" data-dt-img-description=\"\" data-large_image_width=\"211\" data-large_image_height=\"239\"><img loading=\"lazy\" decoding=\"async\" class=\"size-full wp-image-435553 alignleft\" src=\"https:\/\/www.radiopiu.net\/wordpress\/wp-content\/uploads\/2025\/02\/download-7.jpg\" alt=\"\" width=\"211\" height=\"239\" \/><\/a>BARI<\/strong> Forzano un posto di blocco e sparano contro i carabinieri A Bari, nessun \u00e8 rimasto ferito. Si cercano le due persone a bordo dell&#8217;auto <strong>TORINO<\/strong> Processo Askatasuna: 18 condanne, ma cade il reato di associazione a delinquere <strong>PALERMO<\/strong> Difende il figlio e viene ucciso davanti alla moglie, fermati due fratelli Disposta l&#8217;autopsia, l&#8217;aggressione \u00e8 avvenuta per strada a Partinico <strong>VENTIMIGLIA<\/strong> Schianto in moto sull&#8217;Aurelia Bis a Sanremo, muore a 30 anni Testimoni, coinvolta un&#8217;auto che si \u00e8 allontanata <strong>BOLOGNA\u00a0<\/strong> Finanza e Polizia locale trovano 250 B&amp;B irregolari Una societ\u00e0 ha 47 strutture aperte con un&#8217;evasione fiscale di circa un milione di euro <strong>BOLOGNA<\/strong> Abusi e adescamenti alle atlete, obbligo di dimora per il coach Disposto anche il divieto avvicinamento ai luoghi frequentati dalle persone offese <strong>CATANIA<\/strong> Bimbo di 18 mesi gravemente ustionato in casa Trasferito da Vittoria a Catania, ha ferite sul 20% del corpo<\/div>\n<div><\/div>\n<div><\/div>\n<div class=\"flex items-center justify-center gap-4 px-4 py-3 text-sm text-token-text-secondary\">\n<p><strong><a class=\"dt-pswp-item\" href=\"https:\/\/www.radiopiu.net\/wordpress\/wp-content\/uploads\/2025\/02\/download-3.jpg\" data-dt-img-description=\"\" data-large_image_width=\"223\" data-large_image_height=\"226\"><img loading=\"lazy\" decoding=\"async\" class=\"size-full wp-image-434732 alignleft\" src=\"https:\/\/www.radiopiu.net\/wordpress\/wp-content\/uploads\/2025\/02\/download-3.jpg\" alt=\"\" width=\"223\" height=\"226\" \/><\/a>VENEZIA<\/strong> Anziana derubata in bus a Mestre, arrestati due uomini Intervento polizia locale su segnalazione del conducente <strong>PADOVA<\/strong>\u00a0 Rissa in un bar, accoltellati due stranieri Non sono gravi, il locale \u00e8 stato sospeso dal questore <strong>VICENZA<\/strong> Moto contro barriera, uomo cade e muore nel Vicentino Illesa la donna che era in sella con lui <strong>VERONA<\/strong> Giovane folgorato su treno, non verr\u00e0 fatta l&#8217;autopsia Accertata la causa della morte, nulla osta del pm ai funerali <strong>TREVISO<\/strong> In fiamme Villa Angelica, edificio storico del Veneto Del XVI secolo, \u00e8 attualmente disabitata <strong>TREVISO<\/strong>\u00a0 Scuola intitolata a Sammy Basso. La madre &#8216;momento bellissimo&#8217; A Montenero di Bisaccia (Campobasso) cerimonia festosa <strong>VENEZIA<\/strong> Vale 7,3 miliardi l&#8217;export del Veneto negli Stati Uniti Zaia, &#8216;l&#8217;Italia faccia valere rapporto privilegiato con gli Usa <strong>VENEZIA<\/strong> Ass. Coscioni, in Veneto ritardi Ulss per paziente con glioma &#8216;Roberto&#8217; ha chiesto a ottobre il suicidio assistito <strong>CORTINA<\/strong> Hotel Bellevue di Cortina si rinnova, apertura a fine 2026 Ristrutturato da Accor nella catena Emblems Collection <strong>TREVISO<\/strong> Vino: Mionetto chiude 2024 con 181 milioni di ricavi (+18%)L&#8217;export incide per l&#8217;82% sul fatturato<\/p>\n<\/div>\n<\/div>\n<\/div>\n<\/div>\n<\/div>\n<\/div>\n<h1><span style=\"color: #ff0000;\"><span style=\"color: #0000ff;\">ULTIM&#8217;ORA<\/span> <span style=\"color: #000000;\">AUDIO dalle sette del mattino, ogni ora alla radio EDIZIONE DELLE SETTE<\/span><\/span><\/h1>\n<p>&nbsp;<\/p>\n<p>&nbsp;<\/p>\n<hr \/>\n<p>&nbsp;<\/p>\n<p>&nbsp;<\/p>\n<h1><span style=\"color: #ff0000;\"><a class=\"dt-pswp-item\" href=\"https:\/\/www.radiopiu.net\/wordpress\/wp-content\/uploads\/2024\/11\/8.jpg\" data-dt-img-description=\"\" data-large_image_width=\"180\" data-large_image_height=\"180\"><img loading=\"lazy\" decoding=\"async\" class=\"size-full wp-image-417910 alignleft\" src=\"https:\/\/www.radiopiu.net\/wordpress\/wp-content\/uploads\/2024\/11\/8.jpg\" alt=\"\" width=\"180\" height=\"180\" srcset=\"https:\/\/www.radiopiu.net\/wordpress\/wp-content\/uploads\/2024\/11\/8.jpg 180w, https:\/\/www.radiopiu.net\/wordpress\/wp-content\/uploads\/2024\/11\/8-150x150.jpg 150w\" sizes=\"auto, (max-width: 180px) 100vw, 180px\" \/><\/a>I podcast informativi del mattino &#8211; video &#8211;\u00a0<\/span><\/h1>\n<h2 style=\"text-align: left;\"><strong>RASSEGNA STAMPA LOCALE, ORE OTTO<\/strong><\/h2>\n<h2><strong> <span style=\"color: #0000ff;\">viene\u00a0 <\/span><\/strong><strong><span style=\"color: #0000ff;\">pubblicata alle 8.05 <span style=\"color: #ff0000;\">DIRETTA RADIO\u00a0 \u00a0<\/span><\/span><\/strong><strong>DI MIRKO MEZZACASA\u00a0<\/strong><\/h2>\n<p>&nbsp;<\/p>\n<p>&nbsp;<\/p>\n<p><strong>1AGGRESSIONE IN AMBULANZA: MALTRATTAMENTI E LESIONI<\/strong><br \/>\n<strong>2LUDOPATICO TRUFFA COLLEGA FRAGILE: SPILLATI 10.500 EURO<\/strong><br \/>\n<strong>3MALTRATTAVA LA COMPAGNA: 35ENNE ALLONTANATO DA CASA<\/strong><br \/>\n<strong>4RISSA PER LA DROGA: DUE IMPUTATI NEGANO LE ACCUSE<\/strong><br \/>\n<strong>5VISITA AL CANTIERE DELLA GALLERIA PALA ROSSA SULLA SR 50 DEL GRAPPA E PASSO ROLLE<\/strong><br \/>\n<strong>6AREA EX AGIP: PROVVEDIMENTO RITIRATO. NON SE NE PARLA IN CONSIGLIO COMUNALE<\/strong><br \/>\n<strong>7VORAGINE AL CAMPO SPORTIVO DI TAIBON: STAGIONE A RISCHIO\u00a0<\/strong><br \/>\n<strong>8CONSIGLIERA DI PARIT\u00c0: PI\u00d9 DENUNCE DI MOLESTIE NEL 2024<br \/>\n9ELEZIONI AMMINISTRATIVE 2025: DUE COMUNI AL VOTO<\/strong><\/p>\n<h1><span style=\"color: #ff0000;\"><strong><a class=\"dt-pswp-item\" href=\"https:\/\/www.radiopiu.net\/wordpress\/wp-content\/uploads\/2025\/04\/COOP2.png\" data-dt-img-description=\"\" data-large_image_width=\"505\" data-large_image_height=\"257\"><img loading=\"lazy\" decoding=\"async\" class=\"alignnone size-medium wp-image-442691\" src=\"https:\/\/www.radiopiu.net\/wordpress\/wp-content\/uploads\/2025\/04\/COOP2-300x153.png\" alt=\"\" width=\"300\" height=\"153\" srcset=\"https:\/\/www.radiopiu.net\/wordpress\/wp-content\/uploads\/2025\/04\/COOP2-300x153.png 300w, https:\/\/www.radiopiu.net\/wordpress\/wp-content\/uploads\/2025\/04\/COOP2.png 505w\" sizes=\"auto, (max-width: 300px) 100vw, 300px\" \/><\/a><a class=\"dt-pswp-item\" href=\"https:\/\/www.radiopiu.net\/wordpress\/wp-content\/uploads\/2025\/04\/COOP1.png\" data-dt-img-description=\"\" data-large_image_width=\"517\" data-large_image_height=\"244\"><img loading=\"lazy\" decoding=\"async\" class=\"alignnone size-medium wp-image-442690\" src=\"https:\/\/www.radiopiu.net\/wordpress\/wp-content\/uploads\/2025\/04\/COOP1-300x142.png\" alt=\"\" width=\"300\" height=\"142\" srcset=\"https:\/\/www.radiopiu.net\/wordpress\/wp-content\/uploads\/2025\/04\/COOP1-300x142.png 300w, https:\/\/www.radiopiu.net\/wordpress\/wp-content\/uploads\/2025\/04\/COOP1.png 517w\" sizes=\"auto, (max-width: 300px) 100vw, 300px\" \/><\/a><\/strong><\/span><\/h1>\n<h1>VIDEO\u00a0 \u00a0in diretta AGGIORNAMENTO\u00a0 dalle 8 del mattino<\/h1>\n<p><iframe loading=\"lazy\" title=\"DAL 1983 LA RASSEGNA STAMPA LOCALE di mirko mezzacasa. L&#039;ORIGINALE\" width=\"1200\" height=\"675\" src=\"https:\/\/www.youtube.com\/embed\/CRKIbdyqT4k?feature=oembed\" frameborder=\"0\" allow=\"accelerometer; autoplay; clipboard-write; encrypted-media; gyroscope; picture-in-picture; web-share\" referrerpolicy=\"strict-origin-when-cross-origin\" allowfullscreen><\/iframe><\/p>\n<hr \/>\n<p>&nbsp;<\/p>\n<p>&nbsp;<\/p>\n<p>&nbsp;<\/p>\n<p><strong><a class=\"dt-pswp-item\" href=\"https:\/\/www.radiopiu.net\/wordpress\/wp-content\/uploads\/2023\/12\/ANTENNA.png\" data-dt-img-description=\"\" data-large_image_width=\"300\" data-large_image_height=\"166\"><img loading=\"lazy\" decoding=\"async\" class=\"wp-image-366306 alignright\" src=\"https:\/\/www.radiopiu.net\/wordpress\/wp-content\/uploads\/2023\/12\/ANTENNA.png\" alt=\"\" width=\"101\" height=\"56\" \/><\/a><a class=\"dt-pswp-item\" href=\"https:\/\/www.radiopiu.net\/wordpress\/wp-content\/uploads\/2024\/11\/th-17.jpg\" data-dt-img-description=\"\" data-large_image_width=\"224\" data-large_image_height=\"180\"><img loading=\"lazy\" decoding=\"async\" class=\" wp-image-421610 alignleft\" src=\"https:\/\/www.radiopiu.net\/wordpress\/wp-content\/uploads\/2024\/11\/th-17.jpg\" alt=\"\" width=\"167\" height=\"134\" \/><\/a>ogni sera alle 19 le anticipazioni alla radio, quello che poi seguirete nel TELEGIORNALE BELLUNESE\u00a0 in onda alle 19.30 sul CANALE 10 del digitale terrestre.\u00a0\u00a0<\/strong><\/p>\n<p><b>\u00a0\u00a0<\/b><\/p>\n<h1><span style=\"color: #ff0000;\"><strong>LE ANTICIPAZIONI DI TIZIANA BOLOGNANI<\/strong><\/span><\/h1>\n<audio class=\"wp-audio-shortcode\" id=\"audio-442349-6\" preload=\"none\" style=\"width: 100%;\" controls=\"controls\"><source type=\"audio\/mpeg\" src=\"https:\/\/www.radiopiu.net\/wordpress\/wp-content\/uploads\/2025\/03\/ANTENNA3-22.mp3?_=6\" \/><a href=\"https:\/\/www.radiopiu.net\/wordpress\/wp-content\/uploads\/2025\/03\/ANTENNA3-22.mp3\">https:\/\/www.radiopiu.net\/wordpress\/wp-content\/uploads\/2025\/03\/ANTENNA3-22.mp3<\/a><\/audio>\n<p>&nbsp;<\/p>\n<hr \/>\n<p>&nbsp;<\/p>\n<blockquote>\n<h3 class=\"\" data-start=\"0\" data-end=\"69\"><a class=\"dt-pswp-item\" href=\"https:\/\/www.radiopiu.net\/wordpress\/wp-content\/uploads\/2021\/04\/vento.jpg\" data-dt-img-description=\"\" data-large_image_width=\"1920\" data-large_image_height=\"1567\"><img loading=\"lazy\" decoding=\"async\" class=\"wp-image-201449 alignleft\" src=\"https:\/\/www.radiopiu.net\/wordpress\/wp-content\/uploads\/2021\/04\/vento-300x245.jpg\" alt=\"\" width=\"118\" height=\"96\" srcset=\"https:\/\/www.radiopiu.net\/wordpress\/wp-content\/uploads\/2021\/04\/vento-300x245.jpg 300w, https:\/\/www.radiopiu.net\/wordpress\/wp-content\/uploads\/2021\/04\/vento-1024x836.jpg 1024w, https:\/\/www.radiopiu.net\/wordpress\/wp-content\/uploads\/2021\/04\/vento-768x627.jpg 768w, https:\/\/www.radiopiu.net\/wordpress\/wp-content\/uploads\/2021\/04\/vento-1536x1254.jpg 1536w, https:\/\/www.radiopiu.net\/wordpress\/wp-content\/uploads\/2021\/04\/vento.jpg 1920w\" sizes=\"auto, (max-width: 118px) 100vw, 118px\" \/><\/a>ALLERTA VENTI FORTI: RAFFICHE DI FOEHN<\/h3>\n<\/blockquote>\n<p class=\"\" data-start=\"71\" data-end=\"225\">Anche oggi, si prevedono <strong data-start=\"129\" data-end=\"188\">venti in quota in rinforzo dai quadranti settentrionali<\/strong>, con intensit\u00e0 a tratti <strong data-start=\"213\" data-end=\"222\">forte<\/strong>. Secondo le previsioni, saranno possibili <strong data-start=\"268\" data-end=\"289\">raffiche di Foehn<\/strong> localmente intense, in particolare nelle valli <strong data-start=\"337\" data-end=\"352\">dolomitiche<\/strong>. Dalla serata, il fenomeno potrebbe interessare anche le <strong data-start=\"410\" data-end=\"442\">zone pedemontane occidentali<\/strong>, con raffiche che potrebbero risultare <strong data-start=\"482\" data-end=\"497\">molto forti<\/strong>.<\/p>\n<p>&nbsp;<\/p>\n<p>&nbsp;<\/p>\n<hr \/>\n<blockquote>\n<h3 class=\"entry-title\"><\/h3>\n<h3 class=\"entry-title\">CHIUSURA REGIONALE 203 AGORDINA, BIVIO ROVEI<\/h3>\n<\/blockquote>\n<p><strong>COLLE SANTA LUCIA <\/strong>Fino al 30 aprile dalle 8 alle 17.30 escluso sabato domenica e festivi, chiusura della regionale 203 agordina nel tratto bivio Rovei, bivio Rucav\u00e0. Interdizione totale per lavori di mitigazione del rischio caduta massi.<\/p>\n<p>&nbsp;<\/p>\n<p>&nbsp;<\/p>\n<hr \/>\n<p>&nbsp;<\/p>\n<blockquote>\n<h3 class=\"photoswipe-wrapper\"><a class=\"dt-pswp-item pspw-wrap-ready\" href=\"https:\/\/www.radiopiu.net\/wordpress\/wp-content\/uploads\/2024\/12\/Logo_SibPAYOFF.jpg\" data-dt-img-description=\"\" data-large_image_width=\"1536\" data-large_image_height=\"391\"><img loading=\"lazy\" decoding=\"async\" class=\"wp-image-426474 alignleft\" src=\"https:\/\/www.radiopiu.net\/wordpress\/wp-content\/uploads\/2024\/12\/Logo_SibPAYOFF-300x76.jpg\" sizes=\"auto, (max-width: 162px) 100vw, 162px\" srcset=\"https:\/\/www.radiopiu.net\/wordpress\/wp-content\/uploads\/2024\/12\/Logo_SibPAYOFF-300x76.jpg 300w, https:\/\/www.radiopiu.net\/wordpress\/wp-content\/uploads\/2024\/12\/Logo_SibPAYOFF-1024x261.jpg 1024w, https:\/\/www.radiopiu.net\/wordpress\/wp-content\/uploads\/2024\/12\/Logo_SibPAYOFF-768x196.jpg 768w, https:\/\/www.radiopiu.net\/wordpress\/wp-content\/uploads\/2024\/12\/Logo_SibPAYOFF.jpg 1536w\" alt=\"\" width=\"162\" height=\"41\" \/><\/a>ACQUA NON POTABILE A GOSALDO E ROCCA PIETORE, TORNA POTABILE A LIVINALLONGO<\/h3>\n<\/blockquote>\n<p>A Gosaldo Nelle localit\u00e0 Curti, Incasal e Le Case l\u2019acqua erogata dall\u2019acquedotto non \u00e8 potabile e non pu\u00f2 essere usata per scopi alimentari. Verr\u00e0 effettuato servizio sostitutivo con cisterna in localit\u00e0 Curti.<\/p>\n<p>a Rocca Pietore in localit\u00e0 Digonera l&#8217;acqua erogata dall&#8217;acquedotto non \u00e8 potabile e pu\u00f2 essere usata per scopi alimentari solo previa bollitura. Verr\u00e0 effettuato servizio sostitutivo con autobotte presso\u00a0 l&#8217;Albergo Digonera in localit\u00e0 Digonera.<\/p>\n<p>Torna potabile l&#8217;acqua a Livinallongo nelle localit\u00e0 Palla e Agai.<\/p>\n<p>&nbsp;<\/p>\n<blockquote>\n<h3>SERVIZI INTEGRATI BELLUNESI: LAVORI A SAN TOMASO<\/h3>\n<\/blockquote>\n<p>Servizi Integrati Bellunesi informa che, per lavori alla rete idrica comunale, dal 31 marzo al 04 aprile, dalle ore 08:00 alle ore 17:00, potrebbe mancare l&#8217;acqua a San Tomaso Agordino, nelle Localit\u00e0 Pecol e Piaia<\/p>\n<p>&nbsp;<\/p>\n<p>&nbsp;<\/p>\n<hr \/>\n<p>&nbsp;<\/p>\n<blockquote>\n<h3 class=\"entry-title\">INCENDIO BOSCHIVO A SOFFRANCO, L&#8217;ENNESIMO ED E&#8217; ALLARME PIROMANE<\/h3>\n<\/blockquote>\n<p><a class=\"dt-pswp-item\" href=\"https:\/\/www.radiopiu.net\/wordpress\/wp-content\/uploads\/2025\/03\/b2bc7519-04ba-4988-96e0-e13d08357d29.jpg\" data-dt-img-description=\"\" data-large_image_width=\"1200\" data-large_image_height=\"1600\"><img loading=\"lazy\" decoding=\"async\" class=\" wp-image-442617 alignleft\" src=\"https:\/\/www.radiopiu.net\/wordpress\/wp-content\/uploads\/2025\/03\/b2bc7519-04ba-4988-96e0-e13d08357d29-225x300.jpg\" alt=\"\" width=\"121\" height=\"161\" srcset=\"https:\/\/www.radiopiu.net\/wordpress\/wp-content\/uploads\/2025\/03\/b2bc7519-04ba-4988-96e0-e13d08357d29-225x300.jpg 225w, https:\/\/www.radiopiu.net\/wordpress\/wp-content\/uploads\/2025\/03\/b2bc7519-04ba-4988-96e0-e13d08357d29-768x1024.jpg 768w, https:\/\/www.radiopiu.net\/wordpress\/wp-content\/uploads\/2025\/03\/b2bc7519-04ba-4988-96e0-e13d08357d29-1152x1536.jpg 1152w, https:\/\/www.radiopiu.net\/wordpress\/wp-content\/uploads\/2025\/03\/b2bc7519-04ba-4988-96e0-e13d08357d29.jpg 1200w\" sizes=\"auto, (max-width: 121px) 100vw, 121px\" \/><\/a><strong>REDAZIONE <\/strong>Ieri pomeriggio si \u00e8 sviluppato un incendio boschivo nei pressi di Soffranco. Presso l\u2019incendio hanno operato una squadra di operatori di Venetoagricoltura, 2 squadre di volontari della PC antincendio boschivo dell\u2019Ana, una squadra di volontari PC antincendio boschivo del coordinamento di Soverzene e una squadra di VVF (a protezione di un rustico). Il coordinamento \u00e8 garantito dal direttore delle operazioni di spegnimento dei servizi forestali regionali. Sul posto anche i Carabinieri forestali e personale di Venetostrade (la strada rimane aperta). Si conferma l\u2019impossibilit\u00e0 odierna di intervenire con elicottero della PC regionale. Le operazioni sono proseguite via terra: la parte bassa dell\u2019incendio \u00e8 in fase di bonifica mentre la parte alta \u00e8 ancora in combustione. La superficie totale \u00e8 di circa 30.000 mq. Le operazioni proseguono anche nella giornata di oggi.<\/p>\n<p>&nbsp;<\/p>\n<hr \/>\n<p>&nbsp;<\/p>\n<blockquote>\n<h3 class=\"\" data-start=\"0\" data-end=\"62\"><a class=\"dt-pswp-item\" href=\"https:\/\/www.radiopiu.net\/wordpress\/wp-content\/uploads\/2025\/04\/Senza-nome-1.png\" data-dt-img-description=\"\" data-large_image_width=\"579\" data-large_image_height=\"426\"><img loading=\"lazy\" decoding=\"async\" class=\" wp-image-442674 alignleft\" src=\"https:\/\/www.radiopiu.net\/wordpress\/wp-content\/uploads\/2025\/04\/Senza-nome-1-300x221.png\" alt=\"\" width=\"252\" height=\"186\" srcset=\"https:\/\/www.radiopiu.net\/wordpress\/wp-content\/uploads\/2025\/04\/Senza-nome-1-300x221.png 300w, https:\/\/www.radiopiu.net\/wordpress\/wp-content\/uploads\/2025\/04\/Senza-nome-1.png 579w\" sizes=\"auto, (max-width: 252px) 100vw, 252px\" \/><\/a>INCENDIO DOLOSO A PIAN DEL VESCOVO: SALVI GRAZIE AL CANE<\/h3>\n<\/blockquote>\n<p class=\"\" data-start=\"64\" data-end=\"390\"><strong>LAMON<\/strong> Il latrato del loro cane ha salvato Gino Corso e sua moglie da un incendio doloso divampato nella notte tra domenica e luned\u00ec sul ballatoio della loro casa a Pian del Vescovo. L\u2019animale, svegliato dal crepitio delle fiamme, ha allertato i padroni, permettendo loro di intervenire prima che il rogo si propagasse. Le fiamme, appiccate intorno alle 2 di notte, hanno danneggiato il ballatoio, il sottotetto e alcune travi. Corso, aiutato da familiari, ha tentato di spegnere il fuoco con secchiate d\u2019acqua fino all\u2019arrivo dei Vigili del Fuoco di Feltre, che hanno domato definitivamente l\u2019incendio.\u00a0Le indagini dei Carabinieri e della Scientifica sono in corso per accertare il combustibile usato. Manca, per\u00f2, il supporto delle telecamere di sorveglianza, recentemente spostate a Lamon per monitorare un\u2019altra abitazione della famiglia Corso, gi\u00e0 bersaglio di furti<\/p>\n<p>FOTO CORRIERE DELLE ALPI_1 APRILE<\/p>\n<p>&nbsp;<\/p>\n<hr \/>\n<p>&nbsp;<\/p>\n<div class=\"page-title-head hgroup\">\n<blockquote>\n<h3 class=\"entry-title\"><a class=\"dt-pswp-item\" href=\"https:\/\/www.radiopiu.net\/wordpress\/wp-content\/uploads\/2025\/03\/IMG-20250331-WA0001.jpg\" data-dt-img-description=\"\" data-large_image_width=\"828\" data-large_image_height=\"882\"><img loading=\"lazy\" decoding=\"async\" class=\"wp-image-442528 alignleft\" src=\"https:\/\/www.radiopiu.net\/wordpress\/wp-content\/uploads\/2025\/03\/IMG-20250331-WA0001-282x300.jpg\" alt=\"\" width=\"159\" height=\"169\" srcset=\"https:\/\/www.radiopiu.net\/wordpress\/wp-content\/uploads\/2025\/03\/IMG-20250331-WA0001-282x300.jpg 282w, https:\/\/www.radiopiu.net\/wordpress\/wp-content\/uploads\/2025\/03\/IMG-20250331-WA0001-768x818.jpg 768w, https:\/\/www.radiopiu.net\/wordpress\/wp-content\/uploads\/2025\/03\/IMG-20250331-WA0001.jpg 828w\" sizes=\"auto, (max-width: 159px) 100vw, 159px\" \/><\/a>RECUPERATI ESCURSIONISTI FUORI SENTIERO<\/h3>\n<\/blockquote>\n<\/div>\n<div dir=\"auto\"><strong>TAMBRE<\/strong><\/div>\n<p>Ieri mattina l\u2019elicottero del Suem di Pieve di Cadore \u00e8 decollato in aiuto di due escursionisti in difficolt\u00e0, usciti fuori itinerario sotto Cima Vacche. La coppia di Malta era infatti finita sul ghiaione sottostante il sentiero 926, che conduce al Rifugio Semenza. La ragazza, una 23enne, era scivolata e si era procurata un taglio sulla gamba. Fatto campo base a Col Indes, l\u2019eliambulanza ha poi individuato il punto dove si trovavano i due e ha calato con un verricello di 20 metri il tecnico di elisoccorso. Prestate le prime cure, l\u2019infortunata \u00e8 stata issata a bordo per prima, seguita dal compagno, lasciato poi a Col Indes. La ragazza \u00e8 stata invece trasportata all\u2019ospedale di Belluno.<\/p>\n<p>&nbsp;<\/p>\n<hr \/>\n<p>&nbsp;<\/p>\n<blockquote>\n<h3 class=\"\" data-start=\"0\" data-end=\"60\">SCIATORI UBRIACHI E FUORI PISTA: INTERVENTI E SANZIONI<\/h3>\n<\/blockquote>\n<p class=\"\" data-start=\"62\" data-end=\"346\"><strong><a class=\"dt-pswp-item\" href=\"https:\/\/www.radiopiu.net\/wordpress\/wp-content\/uploads\/2025\/03\/IMG_7275.jpeg\" data-dt-img-description=\"\" data-large_image_width=\"1445\" data-large_image_height=\"1084\"><img loading=\"lazy\" decoding=\"async\" class=\" wp-image-442438 alignleft\" src=\"https:\/\/www.radiopiu.net\/wordpress\/wp-content\/uploads\/2025\/03\/IMG_7275-300x225.jpeg\" alt=\"\" width=\"199\" height=\"149\" srcset=\"https:\/\/www.radiopiu.net\/wordpress\/wp-content\/uploads\/2025\/03\/IMG_7275-300x225.jpeg 300w, https:\/\/www.radiopiu.net\/wordpress\/wp-content\/uploads\/2025\/03\/IMG_7275-1024x768.jpeg 1024w, https:\/\/www.radiopiu.net\/wordpress\/wp-content\/uploads\/2025\/03\/IMG_7275-768x576.jpeg 768w, https:\/\/www.radiopiu.net\/wordpress\/wp-content\/uploads\/2025\/03\/IMG_7275.jpeg 1445w\" sizes=\"auto, (max-width: 199px) 100vw, 199px\" \/><\/a>CORTINA <\/strong>Durante la stagione invernale 2024-2025, i Carabinieri di Cortina d\u2019Ampezzo, in collaborazione con le Forze di Polizia e il personale di sicurezza delle stazioni sciistiche, hanno intensificato i controlli per garantire la sicurezza sulle piste. Le operazioni si sono concentrate su comportamenti pericolosi, tra cui sci in stato di ebbrezza, sotto effetto di droghe e fuori pista non autorizzato. Nel comprensorio di <strong data-start=\"421\" data-end=\"431\">Arabba<\/strong>, sono stati effettuati 472 interventi di soccorso, di cui 396 per infortuni. Sono stati rilevati 11 sciatori in stato di ebbrezza e 5 sorpresi in fuori pista senza attrezzatura adeguata. Nel comprensorio <strong data-start=\"639\" data-end=\"660\">Faloria-Cristallo<\/strong> di Cortina, si sono registrati 125 interventi, con 38 incidenti dovuti a imprudenza. Un gruppo di sciatori ha ignorato i segnali di pericolo percorrendo il fuori pista della pista &#8220;Franchetti&#8221;, richiedendo l\u2019intervento delle forze di sicurezza. Nel comprensorio <strong data-start=\"926\" data-end=\"937\">Civetta<\/strong> di Alleghe, i soccorsi sono intervenuti 175 volte, spesso per collisioni autonome. Due sciatori sono stati salvati in una zona off-limits, mentre 6 sono stati fermati per ebbrezza. I controlli antidroga non hanno evidenziato casi di assunzione di sostanze stupefacenti. Le autorit\u00e0 raccomandano prudenza sulle piste, rispetto delle regole e tempestiva richiesta di soccorso in caso di necessit\u00e0.<\/p>\n<p>&nbsp;<\/p>\n<hr \/>\n<p>&nbsp;<\/p>\n<blockquote>\n<h3>COLPO AL BANCOMAT DI SAN PIETRO FALLITO: CINQUE ARRESTI IN FRIULI<\/h3>\n<\/blockquote>\n<p><strong><img loading=\"lazy\" decoding=\"async\" class=\"alignleft\" src=\"https:\/\/www.radiopiu.net\/wordpress\/wp-content\/uploads\/2019\/04\/bancomat1.jpeg\" width=\"85\" height=\"151\" \/>SAN PIETRO DI CADORE\u00a0<\/strong><\/p>\n<p>Un tentato furto ai danni di un bancomat a San Pietro, nel comune comeliano, \u00e8 stato sventato grazie all&#8217;intervento dei carabinieri. La banda, composta da cinque individui, aveva cercato di forzare lo sportello automatico di via Pier Fortunato Calvi, ma qualcosa \u00e8 andato storto, forse a causa dell&#8217;allarme o dell&#8217;arrivo tempestivo di qualcuno. I malviventi, fuggiti senza denaro ma causando danni all&#8217;apparecchiatura, sono stati arrestati dai carabinieri friulani dopo essere stati intercettati sulla strada per Udine. Durante la perquisizione, sono stati trovati in possesso di attrezzi, ricetrasmittenti, e 3.000 euro in contante. Gli arrestati, tutti di origine kosovara o serba, sono stati portati in carcere con l&#8217;accusa di tentato furto aggravato. L&#8217;operazione \u00e8 stata coordinata dalla Procura di Bolzano.<\/p>\n<p>&nbsp;<\/p>\n<p>&nbsp;<\/p>\n<hr \/>\n<p>&nbsp;<\/p>\n<blockquote>\n<h3>IL LICEO LOLLINO PASSA ALLA RETE SCUOLE PER CRESCERE<\/h3>\n<\/blockquote>\n<p><strong><a class=\"dt-pswp-item\" href=\"https:\/\/www.radiopiu.net\/wordpress\/wp-content\/uploads\/2021\/04\/LOLLINO.jpg\" data-dt-img-description=\"\" data-large_image_width=\"1618\" data-large_image_height=\"1078\"><img loading=\"lazy\" decoding=\"async\" class=\" wp-image-203612 alignleft\" src=\"https:\/\/www.radiopiu.net\/wordpress\/wp-content\/uploads\/2021\/04\/LOLLINO-300x200.jpg\" alt=\"\" width=\"212\" height=\"141\" srcset=\"https:\/\/www.radiopiu.net\/wordpress\/wp-content\/uploads\/2021\/04\/LOLLINO-300x200.jpg 300w, https:\/\/www.radiopiu.net\/wordpress\/wp-content\/uploads\/2021\/04\/LOLLINO-1024x682.jpg 1024w, https:\/\/www.radiopiu.net\/wordpress\/wp-content\/uploads\/2021\/04\/LOLLINO-768x512.jpg 768w, https:\/\/www.radiopiu.net\/wordpress\/wp-content\/uploads\/2021\/04\/LOLLINO-1536x1023.jpg 1536w, https:\/\/www.radiopiu.net\/wordpress\/wp-content\/uploads\/2021\/04\/LOLLINO.jpg 1618w\" sizes=\"auto, (max-width: 212px) 100vw, 212px\" \/><\/a>BELLUNO<\/strong> Il Liceo \u201cAlvise Lollino\u201d di Belluno avr\u00e0 un nuovo gestore. Dopo l&#8217;annuncio della chiusura da parte della Diocesi il 20 febbraio, la rete \u201cScuole Per Crescere\u201d ha chiesto di subentrare. Dopo un mese di trattative, la Diocesi ha accettato di cedere la gestione alla Fondazione \u201cSan Giovanni Paolo II\u201d, gi\u00e0 attiva nel settore scolastico. La Fondazione, con sede a Firenze, garantir\u00e0 la continuit\u00e0 degli indirizzi classico e scientifico. Un accordo prevede che questi percorsi restino fedeli alla tradizione del Lollino. Il Seminario Gregoriano conceder\u00e0 i locali in comodato d\u2019uso gratuito per otto anni e supporter\u00e0 la transizione. La Diocesi e il Seminario usciranno definitivamente dalla gestione dell\u2019istituto. La Fondazione assumer\u00e0 la piena responsabilit\u00e0 amministrativa ed educativa. Nei prossimi mesi presenter\u00e0 il proprio piano alle famiglie, agli studenti e al personale. L\u2019obiettivo \u00e8 garantire la continuit\u00e0 e il rilancio dell\u2019istituto.<\/p>\n<p>&nbsp;<\/p>\n<hr \/>\n<p>&nbsp;<\/p>\n<blockquote>\n<h2>FOLLADOR, CONTRATTAZIONE FERMA E ATTIVIT\u00c0 A RILENTO<\/h2>\n<\/blockquote>\n<p><strong data-start=\"59\" data-end=\"79\"><a class=\"dt-pswp-item\" href=\"https:\/\/www.radiopiu.net\/wordpress\/wp-content\/uploads\/2022\/03\/FOLLADOR-AGORDO-1.jpg\" data-dt-img-description=\"\" data-large_image_width=\"1280\" data-large_image_height=\"720\"><img loading=\"lazy\" decoding=\"async\" class=\"size-medium wp-image-267095 alignleft\" src=\"https:\/\/www.radiopiu.net\/wordpress\/wp-content\/uploads\/2022\/03\/FOLLADOR-AGORDO-1-300x169.jpg\" alt=\"\" width=\"300\" height=\"169\" srcset=\"https:\/\/www.radiopiu.net\/wordpress\/wp-content\/uploads\/2022\/03\/FOLLADOR-AGORDO-1-300x169.jpg 300w, https:\/\/www.radiopiu.net\/wordpress\/wp-content\/uploads\/2022\/03\/FOLLADOR-AGORDO-1-1024x576.jpg 1024w, https:\/\/www.radiopiu.net\/wordpress\/wp-content\/uploads\/2022\/03\/FOLLADOR-AGORDO-1-768x432.jpg 768w, https:\/\/www.radiopiu.net\/wordpress\/wp-content\/uploads\/2022\/03\/FOLLADOR-AGORDO-1.jpg 1280w\" sizes=\"auto, (max-width: 300px) 100vw, 300px\" \/><\/a>AGORDO<\/strong> L\u2019assemblea sindacale dell\u2019istituto Follador De Rossi, alla quale hanno partecipato tutte le sigle sindacali, ha messo in luce i ritardi nella contrattazione dei Fondi integrativi di istituto (Fis). Questi fondi servono a retribuire attivit\u00e0 aggiuntive del personale scolastico, ma al momento non \u00e8 chiaro n\u00e9 come n\u00e9 quando saranno utilizzati.<\/p>\n<p>La visita dell\u2019ispettrice dell\u2019Ufficio Scolastico Regionale, presente da giorni nell\u2019istituto, sembra aver placato momentaneamente le tensioni interne, ma le problematiche relative alla gestione e all\u2019organizzazione restano aperte.<\/p>\n<div dir=\"auto\">\n<blockquote>\n<h3 class=\"entry-title\"><\/h3>\n<\/blockquote>\n<hr \/>\n<p>&nbsp;<\/p>\n<blockquote>\n<h3>LA POPOLAZIONE CALA MA RESTA L&#8217;EMERGENZA ABITATIVA IN PROVINCIA DI BELLUNO<\/h3>\n<\/blockquote>\n<p><strong><a class=\"dt-pswp-item\" href=\"https:\/\/www.radiopiu.net\/wordpress\/wp-content\/uploads\/2025\/03\/LKGDSYIALSNOSP.jpg\" data-dt-img-description=\"\" data-large_image_width=\"447\" data-large_image_height=\"217\"><img loading=\"lazy\" decoding=\"async\" class=\" wp-image-442564 alignleft\" src=\"https:\/\/www.radiopiu.net\/wordpress\/wp-content\/uploads\/2025\/03\/LKGDSYIALSNOSP-300x146.jpg\" alt=\"\" width=\"220\" height=\"107\" srcset=\"https:\/\/www.radiopiu.net\/wordpress\/wp-content\/uploads\/2025\/03\/LKGDSYIALSNOSP-300x146.jpg 300w, https:\/\/www.radiopiu.net\/wordpress\/wp-content\/uploads\/2025\/03\/LKGDSYIALSNOSP.jpg 447w\" sizes=\"auto, (max-width: 220px) 100vw, 220px\" \/><\/a>BELLUNO<\/strong> Il territorio bellunese vive un paradosso: mentre la popolazione cala, la richiesta di case \u00e8 in forte crescita, creando un\u2019emergenza abitativa. La Provincia sta affrontando il problema con due strategie: ristrutturare immobili di propriet\u00e0 per creare nuovi alloggi e coordinare le iniziative locali per ottimizzare le risorse. Uno studio ha evidenziato che il fabbisogno abitativo \u00e8 legato all\u2019aumento delle famiglie monocomponente e all\u2019invecchiamento della popolazione. Tra i progetti avviati, il recupero della vecchia caserma dei carabinieri di Borgo Ruga (15 mini alloggi), dell\u2019ex istituto zooprofilattico di Belluno (5 mini alloggi) e della Casa del Sole a Ponte nelle Alpi (9 alloggi). La Provincia vuole anche fungere da punto di riferimento per le iniziative del territorio, coinvolgendo Comuni e istituzioni locali per massimizzare i risultati e rendere la zona pi\u00f9 attrattiva. Il presidente della Provincia di Belluno, Roberto Padrin, difende il piano per l\u2019abitare, che prevede la ristrutturazione di immobili per contrastare lo spopolamento. Sottolinea che invertire la tendenza demografica richiede tempo e azioni concrete, come quelle gi\u00e0 avviate: sostegno ai negozi di vicinato, alla filiera del latte, aiuti alle famiglie per la scuola e interventi per la sicurezza del territorio. Critica le recenti polemiche di Confindustria Belluno, invitando la presidente degli industriali a proporre soluzioni concrete. Ribadisce che per affrontare le sfide servono unit\u00e0 e collaborazione tra istituzioni e imprese, invece di divisioni e accuse.<\/p>\n<p>&nbsp;<\/p>\n<hr \/>\n<p>&nbsp;<\/p>\n<blockquote>\n<h2>AGGRESSIONE IN AMBULANZA: MALTRATTAMENTI E LESIONI<\/h2>\n<\/blockquote>\n<p><strong><a href=\"https:\/\/www.radiopiu.net\/wordpress\/wp-content\/uploads\/2024\/12\/illustrazione-isometrica-dell-aula-di-tribunale-107074364.webp\"><img loading=\"lazy\" decoding=\"async\" class=\" wp-image-425423 alignleft\" src=\"https:\/\/www.radiopiu.net\/wordpress\/wp-content\/uploads\/2024\/12\/illustrazione-isometrica-dell-aula-di-tribunale-107074364-300x284.webp\" alt=\"\" width=\"194\" height=\"184\" srcset=\"https:\/\/www.radiopiu.net\/wordpress\/wp-content\/uploads\/2024\/12\/illustrazione-isometrica-dell-aula-di-tribunale-107074364-300x284.webp 300w, https:\/\/www.radiopiu.net\/wordpress\/wp-content\/uploads\/2024\/12\/illustrazione-isometrica-dell-aula-di-tribunale-107074364-1024x968.webp 1024w, https:\/\/www.radiopiu.net\/wordpress\/wp-content\/uploads\/2024\/12\/illustrazione-isometrica-dell-aula-di-tribunale-107074364-768x726.webp 768w, https:\/\/www.radiopiu.net\/wordpress\/wp-content\/uploads\/2024\/12\/illustrazione-isometrica-dell-aula-di-tribunale-107074364-1536x1452.webp 1536w, https:\/\/www.radiopiu.net\/wordpress\/wp-content\/uploads\/2024\/12\/illustrazione-isometrica-dell-aula-di-tribunale-107074364.webp 1600w\" sizes=\"auto, (max-width: 194px) 100vw, 194px\" \/><\/a>LA GIUDIZIARIA OGGI<\/strong><br \/>\n<strong>SINTESI DAL CORRIERE DELLE ALPI_DI GIGI SOSSO<\/strong><\/p>\n<p class=\"\" data-start=\"73\" data-end=\"374\"><strong data-start=\"73\" data-end=\"84\">BELLUNO<\/strong>\u00a0 T.A. \u00e8 a processo per aver sferrato un pugno a un agente di polizia a bordo di un\u2019ambulanza, scatenando una colluttazione. L&#8217;episodio risale al 2 febbraio di due anni fa, quando il 118 era intervenuto a Sopracroda per un paziente con trauma cranico, su richiesta della volante. Durante il trasporto, l\u2019imputato ha aggredito il poliziotto. L\u2019infermiera presente ha riferito al giudice Paolo Velo e al pm Giada Modena che si \u00e8 verificato un &#8220;parapiglia&#8221; prima del colpo sferrato all\u2019agente. T.A. \u00e8 gi\u00e0 sotto processo per maltrattamenti e lesioni aggravate alla moglie. La discussione in aula \u00e8 fissata per il 24 aprile.<\/p>\n<blockquote>\n<h3 class=\"\" data-start=\"0\" data-end=\"61\">LUDOPATICO TRUFFA COLLEGA FRAGILE: SPILLATI 10.500 EURO<\/h3>\n<\/blockquote>\n<p data-start=\"73\" data-end=\"374\"><strong>SEDICO <\/strong>Un uomo affetto da ludopatia \u00e8 finito a processo per circonvenzione d\u2019incapace, dopo aver sottratto 10.500 euro a una collega con lieve ritardo mentale. Approfittando della sua ingenuit\u00e0, le ha chiesto denaro per spese inventate, tra cui multe inesistenti e bollo auto, ma i soldi finivano nel gioco d\u2019azzardo. Il caso \u00e8 emerso grazie alla madre della donna, che ha notato gravi ammanchi sul conto e ha denunciato l\u2019accaduto. L\u2019imputato, separato e con un figlio da mantenere, ha ammesso di non aver mai restituito il denaro e ha dichiarato di essere in cura presso il Serd da due anni. Il processo proseguir\u00e0 il 25 settembre con nuove testimonianze.<\/p>\n<blockquote>\n<h3 class=\"\" data-start=\"0\" data-end=\"57\">MALTRATTAVA LA COMPAGNA: 35ENNE ALLONTANATO DA CASA<\/h3>\n<\/blockquote>\n<p class=\"\" data-start=\"59\" data-end=\"317\"><strong>FELTRE<\/strong> Un 35enne feltrino \u00e8 stato allontanato da casa con divieto di avvicinamento alla compagna, maltrattata sotto gli occhi del figlio. Indagato per maltrattamenti aggravati, \u00e8 accusato di insulti, controlli ossessivi e un episodio di violenza fisica. L&#8217;indagato \u00e8 difeso di fiducia dall&#8217;avvocato Davide Fent e, quando saranno terminate le indagini preliminari, ci sar\u00e0 inevitabilmente una richiesta di rinvio a giudizio per maltrattamenti aggravati.<\/p>\n<blockquote>\n<h3 class=\"\" data-start=\"0\" data-end=\"55\">RISSA PER LA DROGA: DUE IMPUTATI NEGANO LE ACCUSE<\/h3>\n<\/blockquote>\n<article class=\"w-full text-token-text-primary\" dir=\"auto\" data-testid=\"conversation-turn-12\" data-scroll-anchor=\"true\">\n<div class=\"text-base my-auto mx-auto py-5 px-6\">\n<div class=\"mx-auto flex flex-1 text-base gap-4 md:gap-5 lg:gap-6 md:max-w-3xl group\/turn-messages focus-visible:outline-none\" tabindex=\"-1\">\n<div class=\"group\/conversation-turn relative flex w-full min-w-0 flex-col agent-turn @xs\/thread:px-0 @sm\/thread:px-1.5 @md\/thread:px-4\">\n<div class=\"relative flex-col gap-1 md:gap-3\">\n<div class=\"flex max-w-full flex-col flex-grow\">\n<div class=\"min-h-8 text-message relative flex w-full flex-col items-end gap-2 whitespace-normal break-words text-start [.text-message+&amp;]:mt-5\" dir=\"auto\" data-message-author-role=\"assistant\" data-message-id=\"210e5133-63c8-4f80-89c9-1ab5f1005a3f\" data-message-model-slug=\"gpt-4o\">\n<div class=\"flex w-full flex-col gap-1 empty:hidden first:pt-[3px]\">\n<div class=\"markdown prose w-full break-words dark:prose-invert dark\">\n<p class=\"\" data-start=\"57\" data-end=\"335\"><strong data-start=\"57\" data-end=\"75\">SANTA GIUSTINA<\/strong> \u2013 Due bellunesi, \u00a0sono a processo per lesioni aggravate e spaccio dopo l&#8217;aggressione a un veneziano, ferito a sprangate. Gli imputati negano le accuse, mentre la vittima sostiene di essere stata picchiata brutalmente. Il 25 settembre la discussione finale, poi probabilmente un rinvio per repliche e sentenza.<\/p>\n<\/div>\n<\/div>\n<\/div>\n<\/div>\n<\/div>\n<\/div>\n<\/div>\n<\/div>\n<\/article>\n<p>&nbsp;<\/p>\n<hr \/>\n<p>&nbsp;<\/p>\n<blockquote>\n<h3>VISITA AL CANTIERE DELLA GALLERIA PALA ROSSA SULLA SR 50 DEL GRAPPA E PASSO ROLLE<\/h3>\n<\/blockquote>\n<p><strong>DI BARBARA PAOLAZZI<\/strong><\/p>\n<audio class=\"wp-audio-shortcode\" id=\"audio-442349-7\" preload=\"none\" style=\"width: 100%;\" controls=\"controls\"><source type=\"audio\/mpeg\" src=\"https:\/\/www.radiopiu.net\/wordpress\/wp-content\/uploads\/2025\/03\/PAOLAZZI-GALLERIA-PALAROSSA.mp3?_=7\" \/><a href=\"https:\/\/www.radiopiu.net\/wordpress\/wp-content\/uploads\/2025\/03\/PAOLAZZI-GALLERIA-PALAROSSA.mp3\">https:\/\/www.radiopiu.net\/wordpress\/wp-content\/uploads\/2025\/03\/PAOLAZZI-GALLERIA-PALAROSSA.mp3<\/a><\/audio>\n\n\t\t\t<style type='text\/css'>\n\t\t\t\t#gallery-1 {\n\t\t\t\t\tmargin: auto;\n\t\t\t\t}\n\t\t\t\t#gallery-1 .gallery-item {\n\t\t\t\t\tfloat: left;\n\t\t\t\t\tmargin-top: 10px;\n\t\t\t\t\ttext-align: center;\n\t\t\t\t\twidth: 33%;\n\t\t\t\t}\n\t\t\t\t#gallery-1 img {\n\t\t\t\t\tborder: 2px solid #cfcfcf;\n\t\t\t\t}\n\t\t\t\t#gallery-1 .gallery-caption {\n\t\t\t\t\tmargin-left: 0;\n\t\t\t\t}\n\t\t\t\t\/* see gallery_shortcode() in wp-includes\/media.php *\/\n\t\t\t<\/style>\n\t\t<div id='gallery-1' class='dt-gallery-container gallery galleryid-442349 gallery-columns-3 gallery-size-thumbnail'><dl class='gallery-item'>\n\t\t\t\t<dt class='gallery-icon landscape'>\n\t\t\t\t\t<a class=\"rollover rollover-zoom dt-pswp-item\" title=\"4abae23a-7a27-49c8-bd6f-78fd2d334cf7\" data-dt-img-description=\"\" data-large_image_width=\"1600\" data-large_image_height=\"1200\"href='https:\/\/www.radiopiu.net\/wordpress\/wp-content\/uploads\/2025\/03\/4abae23a-7a27-49c8-bd6f-78fd2d334cf7.jpg'><img loading=\"lazy\" decoding=\"async\" width=\"150\" height=\"150\" src=\"https:\/\/www.radiopiu.net\/wordpress\/wp-content\/uploads\/2025\/03\/4abae23a-7a27-49c8-bd6f-78fd2d334cf7-150x150.jpg\" class=\"attachment-thumbnail size-thumbnail\" alt=\"\" \/><\/a>\n\t\t\t\t<\/dt><\/dl><dl class='gallery-item'>\n\t\t\t\t<dt class='gallery-icon portrait'>\n\t\t\t\t\t<a class=\"rollover rollover-zoom dt-pswp-item\" title=\"0bb496b7-d36d-4cb1-9c27-51f176e486b9\" data-dt-img-description=\"\" data-large_image_width=\"1200\" data-large_image_height=\"1600\"href='https:\/\/www.radiopiu.net\/wordpress\/wp-content\/uploads\/2025\/03\/0bb496b7-d36d-4cb1-9c27-51f176e486b9.jpg'><img loading=\"lazy\" decoding=\"async\" width=\"150\" height=\"150\" src=\"https:\/\/www.radiopiu.net\/wordpress\/wp-content\/uploads\/2025\/03\/0bb496b7-d36d-4cb1-9c27-51f176e486b9-150x150.jpg\" class=\"attachment-thumbnail size-thumbnail\" alt=\"\" \/><\/a>\n\t\t\t\t<\/dt><\/dl><dl class='gallery-item'>\n\t\t\t\t<dt class='gallery-icon landscape'>\n\t\t\t\t\t<a class=\"rollover rollover-zoom dt-pswp-item\" title=\"d16c5e0c-66d2-499c-8d58-175eaf0a31c1\" data-dt-img-description=\"\" data-large_image_width=\"1600\" data-large_image_height=\"1200\"href='https:\/\/www.radiopiu.net\/wordpress\/wp-content\/uploads\/2025\/03\/d16c5e0c-66d2-499c-8d58-175eaf0a31c1.jpg'><img loading=\"lazy\" decoding=\"async\" width=\"150\" height=\"150\" src=\"https:\/\/www.radiopiu.net\/wordpress\/wp-content\/uploads\/2025\/03\/d16c5e0c-66d2-499c-8d58-175eaf0a31c1-150x150.jpg\" class=\"attachment-thumbnail size-thumbnail\" alt=\"\" \/><\/a>\n\t\t\t\t<\/dt><\/dl><br style=\"clear: both\" \/>\n\t\t\t<\/div>\n\n<p>&nbsp;<\/p>\n<\/div>\n<hr \/>\n<p>&nbsp;<\/p>\n<div dir=\"auto\">\n<blockquote>\n<h3>AREA EX AGIP A BELLUNO: PROVVEDIMENTO RITIRATO. NON SE NE PARLA IN CONSIGLIO COMUNALE<\/h3>\n<\/blockquote>\n<p><strong><a class=\"dt-pswp-item\" href=\"https:\/\/www.radiopiu.net\/wordpress\/wp-content\/uploads\/2022\/02\/Palazzo-rosso-illuminato-2-scaled.jpg\" data-dt-img-description=\"\" data-large_image_width=\"2560\" data-large_image_height=\"1707\"><img loading=\"lazy\" decoding=\"async\" class=\" wp-image-258762 alignleft\" src=\"https:\/\/www.radiopiu.net\/wordpress\/wp-content\/uploads\/2022\/02\/Palazzo-rosso-illuminato-2-300x200.jpg\" alt=\"\" width=\"191\" height=\"127\" srcset=\"https:\/\/www.radiopiu.net\/wordpress\/wp-content\/uploads\/2022\/02\/Palazzo-rosso-illuminato-2-300x200.jpg 300w, https:\/\/www.radiopiu.net\/wordpress\/wp-content\/uploads\/2022\/02\/Palazzo-rosso-illuminato-2-1024x683.jpg 1024w, https:\/\/www.radiopiu.net\/wordpress\/wp-content\/uploads\/2022\/02\/Palazzo-rosso-illuminato-2-768x512.jpg 768w, https:\/\/www.radiopiu.net\/wordpress\/wp-content\/uploads\/2022\/02\/Palazzo-rosso-illuminato-2-1536x1024.jpg 1536w, https:\/\/www.radiopiu.net\/wordpress\/wp-content\/uploads\/2022\/02\/Palazzo-rosso-illuminato-2-2048x1365.jpg 2048w\" sizes=\"auto, (max-width: 191px) 100vw, 191px\" \/><\/a>BELLUNO<\/strong> Niente discussione in sede di consiglio comunale sul piano urbanistico attuativo dell&#8217;area ex Agip a Belluno. Provvedimento ritirato: la scelta \u00e8 stata del sindaco De Pellegrin, motivata dal deposito di una petizione sul tema di oltre 700 firme.<\/p>\n<p><strong>DI DANIELE DALVIT<\/strong><\/p>\n<audio class=\"wp-audio-shortcode\" id=\"audio-442349-8\" preload=\"none\" style=\"width: 100%;\" controls=\"controls\"><source type=\"audio\/mpeg\" src=\"https:\/\/www.radiopiu.net\/wordpress\/wp-content\/uploads\/2025\/03\/Servizio-Consiglio-comunale-ritiro-votazione-Agip.mp3?_=8\" \/><a href=\"https:\/\/www.radiopiu.net\/wordpress\/wp-content\/uploads\/2025\/03\/Servizio-Consiglio-comunale-ritiro-votazione-Agip.mp3\">https:\/\/www.radiopiu.net\/wordpress\/wp-content\/uploads\/2025\/03\/Servizio-Consiglio-comunale-ritiro-votazione-Agip.mp3<\/a><\/audio>\n<p>&nbsp;<\/p>\n<p>&nbsp;<\/p>\n<hr \/>\n<p>&nbsp;<\/p>\n<\/div>\n<blockquote>\n<h2 dir=\"auto\">VORAGINE AL CAMPO SPORTIVO DI TAIBON: STAGIONE A RISCHIO<span style=\"font-size: 14px; font-weight: normal;\">\u00a0<\/span><\/h2>\n<\/blockquote>\n<div dir=\"auto\">\n<p><strong>TAIBON<\/strong><\/p>\n<p class=\"\" data-start=\"79\" data-end=\"452\">Brutte notizie per il Gruppo Sportivo Taibon: la partecipazione al torneo Agordino di calcio potrebbe essere compromessa a causa di un evento straordinario e imprevisto. Dopo le abbondanti piogge della scorsa settimana, si \u00e8 aperta una profonda voragine proprio al centro del campo sportivo, probabilmente causata da una falda sotterranea proveniente dal torrente Tegnas.<\/p>\n<p class=\"\" data-start=\"454\" data-end=\"987\">La situazione \u00e8 talmente grave da richiedere l\u2019intervento immediato dei geologi della Provincia di Belluno e dei tecnici comunali, che stanno eseguendo rilievi geofisici e georeferenziali con l\u2019ausilio di droni e satelliti. Secondo le prime stime, potrebbero volerci mesi per ripristinare l\u2019area, rendendola nuovamente idonea agli allenamenti e alle partite. Nel frattempo, per motivi di sicurezza, il Gruppo Sportivo Taibon ha installato un cartello di divieto d\u2019accesso in pi\u00f9 lingue, data la fama internazionale della struttura.<\/p>\n<\/div>\n<div dir=\"auto\"><\/div>\n<div dir=\"auto\">\n\n\t\t\t<style type='text\/css'>\n\t\t\t\t#gallery-2 {\n\t\t\t\t\tmargin: auto;\n\t\t\t\t}\n\t\t\t\t#gallery-2 .gallery-item {\n\t\t\t\t\tfloat: left;\n\t\t\t\t\tmargin-top: 10px;\n\t\t\t\t\ttext-align: center;\n\t\t\t\t\twidth: 33%;\n\t\t\t\t}\n\t\t\t\t#gallery-2 img {\n\t\t\t\t\tborder: 2px solid #cfcfcf;\n\t\t\t\t}\n\t\t\t\t#gallery-2 .gallery-caption {\n\t\t\t\t\tmargin-left: 0;\n\t\t\t\t}\n\t\t\t\t\/* see gallery_shortcode() in wp-includes\/media.php *\/\n\t\t\t<\/style>\n\t\t<div id='gallery-2' class='dt-gallery-container gallery galleryid-442349 gallery-columns-3 gallery-size-thumbnail'><dl class='gallery-item'>\n\t\t\t\t<dt class='gallery-icon portrait'>\n\t\t\t\t\t<a class=\"rollover rollover-zoom dt-pswp-item\" title=\"9743eacb-026e-4e0f-9192-0f25e82c2f7e\" data-dt-img-description=\"\" data-large_image_width=\"662\" data-large_image_height=\"915\"href='https:\/\/www.radiopiu.net\/wordpress\/wp-content\/uploads\/2025\/03\/9743eacb-026e-4e0f-9192-0f25e82c2f7e.jpg'><img loading=\"lazy\" decoding=\"async\" width=\"150\" height=\"150\" src=\"https:\/\/www.radiopiu.net\/wordpress\/wp-content\/uploads\/2025\/03\/9743eacb-026e-4e0f-9192-0f25e82c2f7e-150x150.jpg\" class=\"attachment-thumbnail size-thumbnail\" alt=\"\" \/><\/a>\n\t\t\t\t<\/dt><\/dl><dl class='gallery-item'>\n\t\t\t\t<dt class='gallery-icon landscape'>\n\t\t\t\t\t<a class=\"rollover rollover-zoom dt-pswp-item\" title=\"624310a9-0800-4610-ba82-db24cc730a5e\" data-dt-img-description=\"\" data-large_image_width=\"597\" data-large_image_height=\"445\"href='https:\/\/www.radiopiu.net\/wordpress\/wp-content\/uploads\/2025\/03\/624310a9-0800-4610-ba82-db24cc730a5e-1.jpg'><img loading=\"lazy\" decoding=\"async\" width=\"150\" height=\"150\" src=\"https:\/\/www.radiopiu.net\/wordpress\/wp-content\/uploads\/2025\/03\/624310a9-0800-4610-ba82-db24cc730a5e-1-150x150.jpg\" class=\"attachment-thumbnail size-thumbnail\" alt=\"\" \/><\/a>\n\t\t\t\t<\/dt><\/dl><dl class='gallery-item'>\n\t\t\t\t<dt class='gallery-icon portrait'>\n\t\t\t\t\t<a class=\"rollover rollover-zoom dt-pswp-item\" title=\"81434b46-b964-4fff-9863-f0334924ef63\" data-dt-img-description=\"\" data-large_image_width=\"981\" data-large_image_height=\"1300\"href='https:\/\/www.radiopiu.net\/wordpress\/wp-content\/uploads\/2025\/03\/81434b46-b964-4fff-9863-f0334924ef63.jpg'><img loading=\"lazy\" decoding=\"async\" width=\"150\" height=\"150\" src=\"https:\/\/www.radiopiu.net\/wordpress\/wp-content\/uploads\/2025\/03\/81434b46-b964-4fff-9863-f0334924ef63-150x150.jpg\" class=\"attachment-thumbnail size-thumbnail\" alt=\"\" \/><\/a>\n\t\t\t\t<\/dt><\/dl><br style=\"clear: both\" \/>\n\t\t\t<\/div>\n\n<\/div>\n<div dir=\"auto\"><\/div>\n<div dir=\"auto\"><\/div>\n<p>&nbsp;<\/p>\n<hr \/>\n<p>&nbsp;<\/p>\n<blockquote>\n<h3 class=\"\" data-start=\"0\" data-end=\"65\"><strong data-start=\"4\" data-end=\"63\">CONSIGLIERA DI PARIT\u00c0: PI\u00d9 DENUNCE DI MOLESTIE NEL 2024<\/strong><\/h3>\n<\/blockquote>\n<p><strong><img loading=\"lazy\" decoding=\"async\" class=\"alignleft\" src=\"https:\/\/www.radiopiu.net\/wordpress\/wp-content\/uploads\/2023\/11\/FLAVIA-MONEGO.jpg\" width=\"143\" height=\"128\" \/>BELLUNO<\/strong><br \/>\nLa Consigliera di Parit\u00e0 della Provincia di Belluno, Flavia Monego (foto), ha tracciato il bilancio dell\u2019attivit\u00e0 2024, evidenziando <strong data-start=\"193\" data-end=\"208\">130 accessi<\/strong>, di cui <strong data-start=\"217\" data-end=\"247\">12 casi di discriminazione<\/strong> e <strong data-start=\"250\" data-end=\"275\">5 episodi di molestie<\/strong>, in aumento rispetto all\u2019anno precedente. \u00abLe donne sono pi\u00f9 consapevoli e denunciano di pi\u00f9\u00bb spiega Monego, sottolineando che il fenomeno non \u00e8 in crescita, ma emerge con maggiore chiarezza. Il servizio ha registrato <strong data-start=\"497\" data-end=\"535\">70 accessi da donne e 60 da uomini<\/strong>, con un leggero calo rispetto al 2023. Tra i casi segnalati, 3 hanno riguardato la conciliazione vita-lavoro, 1 la disparit\u00e0 salariale, 2 la maternit\u00e0 e 1 lo stalking. <strong data-start=\"704\" data-end=\"782\">Otto casi su dodici si sono conclusi positivamente grazie alla mediazione. <\/strong>Prosegue anche l\u2019impegno per salvare il <strong data-start=\"826\" data-end=\"863\">Centro Antiviolenza Belluno Donna<\/strong>, a rischio chiusura per nuove normative. \u00ab\u00c8 necessario un cambiamento culturale per garantire la parit\u00e0 di genere\u00bb conclude Monego, ribadendo l\u2019importanza di interventi strutturali contro discriminazioni e molestie.<\/p>\n<p>&nbsp;<\/p>\n<p>&nbsp;<\/p>\n<hr \/>\n<p>&nbsp;<\/p>\n<blockquote>\n<h2>ELEZIONI AMMINISTRATIVE 2025: DUE COMUNI AL VOTO<\/h2>\n<\/blockquote>\n<p class=\"\" data-start=\"50\" data-end=\"476\"><img loading=\"lazy\" decoding=\"async\" class=\"alignleft\" src=\"https:\/\/www.radiopiu.net\/wordpress\/wp-content\/uploads\/2018\/07\/SOSPIROLO.jpg\" width=\"153\" height=\"109\" \/>Con decreto del Prefetto di Belluno, datato 28 marzo 2025, sono stati convocati i comizi per l\u2019elezione diretta dei Sindaci e dei Consigli comunali. La prossima tornata elettorale, che si terr\u00e0 il 25 e 26 maggio 2025, vedr\u00e0 il rinnovo di due amministrazioni locali in provincia di Belluno. Le operazioni di voto si svolgeranno domenica 25 maggio dalle ore 7.00 alle ore 23.00 e luned\u00ec 26 maggio dalle ore 7.00 alle ore 15.00.<\/p>\n<p class=\"\" data-start=\"478\" data-end=\"509\">I comuni chiamati al voto sono:<\/p>\n<div class=\"overflow-x-auto contain-inline-size\">\n<table data-start=\"511\" data-end=\"714\">\n<thead data-start=\"511\" data-end=\"561\">\n<tr data-start=\"511\" data-end=\"561\">\n<th data-start=\"511\" data-end=\"537\">COMUNE<\/th>\n<th data-start=\"537\" data-end=\"561\">CONSIGLIERI COMUNALI<\/th>\n<\/tr>\n<\/thead>\n<tbody data-start=\"613\" data-end=\"714\">\n<tr data-start=\"613\" data-end=\"663\">\n<td>SAN NICOLO\u2019 DI COMELICO<\/td>\n<td>10<\/td>\n<\/tr>\n<tr data-start=\"664\" data-end=\"714\">\n<td>SOSPIROLO<\/td>\n<td>12<\/td>\n<\/tr>\n<\/tbody>\n<\/table>\n<\/div>\n<p class=\"\" data-start=\"716\" data-end=\"909\">I cittadini dei due comuni saranno quindi chiamati a eleggere i nuovi rappresentanti locali, con l\u2019obiettivo di rinnovare le amministrazioni e decidere le future linee di sviluppo territoriale.<\/p>\n<p>&nbsp;<\/p>\n<hr \/>\n<p>&nbsp;<\/p>\n<h1 class=\"_title post-title entry-title\">BELLUNO | BILANCIO DI META\u2019 MANDATO PER LA SEGRETERIA DEL PD BELLUNESE<\/h1>\n<p>Intervistati SINDI MANUSHI (SINDACO PIEVE DI CADORE), ALESSANDRO DEL BIANCO (SEGRETARIO PD PROVINCIA BELLUNO) (Servizio di\u00a0<a href=\"https:\/\/antennatre.medianordest.it\/redazione\/Fabio-Fioravanzi\/\">Fabio Fioravanzi<\/a>)<\/p>\n<p><iframe loading=\"lazy\" title=\"BILANCIO DI META&#039; MANDATO PER LA SEGRETERIA DEL PD BELLUNESE | 31\/03\/2025\" width=\"1200\" height=\"675\" src=\"https:\/\/www.youtube.com\/embed\/vIsHT8Zye1Q?feature=oembed\" frameborder=\"0\" allow=\"accelerometer; autoplay; clipboard-write; encrypted-media; gyroscope; picture-in-picture; web-share\" referrerpolicy=\"strict-origin-when-cross-origin\" allowfullscreen><\/iframe><\/p>\n<p>&nbsp;<\/p>\n<hr \/>\n<p>&nbsp;<\/p>\n<blockquote>\n<h3>AGORDO SI ILLUMINA DI ARCOBALENO: NUOVI LAMPIONI INTELLIGENTI E DJ SET\u00a0 ALLA BIRRERIA PEDAVENA LA VALLE AGORDINA<\/h3>\n<\/blockquote>\n<blockquote>\n<blockquote><p><em>&#8220;Un\u2019illuminazione pubblica che non solo illumina, ma anche interagisce con i cittadini&#8221;,<\/em> ha dichiarato il Sindaco Roberto Chissal\u00e8, entusiasta del progetto.<\/p><\/blockquote>\n<p class=\"\" data-start=\"187\" data-end=\"542\"><strong data-start=\"187\" data-end=\"283\"><a class=\"dt-pswp-item\" href=\"https:\/\/www.radiopiu.net\/wordpress\/wp-content\/uploads\/2025\/03\/ponte2.jpg\" data-dt-img-description=\"\" data-large_image_width=\"1496\" data-large_image_height=\"2000\"><img loading=\"lazy\" decoding=\"async\" class=\"size-medium wp-image-442647 alignleft\" src=\"https:\/\/www.radiopiu.net\/wordpress\/wp-content\/uploads\/2025\/03\/ponte2-224x300.jpg\" alt=\"\" width=\"224\" height=\"300\" srcset=\"https:\/\/www.radiopiu.net\/wordpress\/wp-content\/uploads\/2025\/03\/ponte2-224x300.jpg 224w, https:\/\/www.radiopiu.net\/wordpress\/wp-content\/uploads\/2025\/03\/ponte2-766x1024.jpg 766w, https:\/\/www.radiopiu.net\/wordpress\/wp-content\/uploads\/2025\/03\/ponte2-768x1027.jpg 768w, https:\/\/www.radiopiu.net\/wordpress\/wp-content\/uploads\/2025\/03\/ponte2-1149x1536.jpg 1149w, https:\/\/www.radiopiu.net\/wordpress\/wp-content\/uploads\/2025\/03\/ponte2.jpg 1496w\" sizes=\"auto, (max-width: 224px) 100vw, 224px\" \/><\/a>AGORDO \u2013<\/strong> Una rivoluzione tecnologica sta per trasformare le serate della cittadina. Dopo mesi di lavori\u00a0 e test notturni, il Comune di Agordo ha ufficialmente avviato l\u2019installazione di un innovativo sistema di illuminazione pubblica interattiva che promette di cambiare per sempre il volto delle strade e delle piazze del paese. L\u2019iniziativa, denominata <em>Light&amp;Smart Agordo,<\/em> prevede <strong data-start=\"603\" data-end=\"690\">l<\/strong>&#8216;adozione di lampioni intelligenti dotati di sensori di movimento e luci a LED RGB, in grado di cambiare colore e intensit\u00e0 in base al contesto, creando un\u2019illuminazione dinamica ed ecologica.<\/p>\n<blockquote>\n<h3 class=\"\" data-start=\"818\" data-end=\"878\"><strong data-start=\"825\" data-end=\"878\">ILLUMINAZIONE MULTICOLORE PER UN\u2019ATMOSFERA MAGICA<\/strong><\/h3>\n<\/blockquote>\n<p class=\"\" data-start=\"879\" data-end=\"1460\">Grazie a una tecnologia avanzata, ogni lampione potr\u00e0 proiettare una gamma infinita di colori, trasformando le strade in veri e propri percorsi luminosi interattivi. Il sistema sar\u00e0 programmato per cambiare tonalit\u00e0 in base a determinati eventi:<br data-start=\"1128\" data-end=\"1131\" \/><strong data-start=\"1133\" data-end=\"1169\">Colori pastello nelle ore serali<\/strong>, per un\u2019atmosfera rilassante; <strong>rosso acceso nei giorni di allerta meteo<\/strong>, per avvisare la popolazione; \u00a0<strong>blu e bianco in occasione delle nevicate<\/strong>, per enfatizzare il paesaggio invernale; <strong data-start=\"1373\" data-end=\"1424\">arcobaleno nelle festivit\u00e0 e nei fine settimana<\/strong>, per rendere la citt\u00e0 pi\u00f9 vivace. E non finisce qui! Nei giorni di pioggia, le luci proietteranno un effetto arcobaleno sulle strade bagnate, creando una nuova esperienza visiva.<\/p>\n<blockquote>\n<h3 class=\"\" data-start=\"1623\" data-end=\"1686\"><strong data-start=\"1630\" data-end=\"1684\"><a class=\"dt-pswp-item\" href=\"https:\/\/www.radiopiu.net\/wordpress\/wp-content\/uploads\/2025\/03\/ponte.jpg\" data-dt-img-description=\"\" data-large_image_width=\"1496\" data-large_image_height=\"2000\"><img loading=\"lazy\" decoding=\"async\" class=\"size-medium wp-image-442646 alignright\" src=\"https:\/\/www.radiopiu.net\/wordpress\/wp-content\/uploads\/2025\/03\/ponte-224x300.jpg\" alt=\"\" width=\"224\" height=\"300\" srcset=\"https:\/\/www.radiopiu.net\/wordpress\/wp-content\/uploads\/2025\/03\/ponte-224x300.jpg 224w, https:\/\/www.radiopiu.net\/wordpress\/wp-content\/uploads\/2025\/03\/ponte-766x1024.jpg 766w, https:\/\/www.radiopiu.net\/wordpress\/wp-content\/uploads\/2025\/03\/ponte-768x1027.jpg 768w, https:\/\/www.radiopiu.net\/wordpress\/wp-content\/uploads\/2025\/03\/ponte-1149x1536.jpg 1149w, https:\/\/www.radiopiu.net\/wordpress\/wp-content\/uploads\/2025\/03\/ponte.jpg 1496w\" sizes=\"auto, (max-width: 224px) 100vw, 224px\" \/><\/a>LAMPIONI INTELLIGENTI: SI ACCENDONO SOLO SE PASSI!<\/strong><\/h3>\n<\/blockquote>\n<p class=\"\" data-start=\"1687\" data-end=\"1962\">Un\u2019altra straordinaria innovazione \u00e8 l\u2019inserimento di sensori di movimento ultra-sensibili, progettati per ridurre il consumo energetico al minimo. I lampioni si accenderanno solo quando una persona o un veicolo si avvicina, restando spenti in assenza di movimento.<\/p>\n<blockquote>\n<h3 data-start=\"1964\" data-end=\"2428\"><strong data-start=\"1970\" data-end=\"2010\">IL SIGNIFICATO PRATICO<\/strong><\/h3>\n<\/blockquote>\n<p class=\"\" data-start=\"1964\" data-end=\"2428\"><a class=\"dt-pswp-item\" href=\"https:\/\/www.radiopiu.net\/wordpress\/wp-content\/uploads\/2025\/03\/freepik__retouch__77182.jpeg\" data-dt-img-description=\"\" data-large_image_width=\"1496\" data-large_image_height=\"2000\"><img loading=\"lazy\" decoding=\"async\" class=\"size-medium wp-image-442648 alignleft\" src=\"https:\/\/www.radiopiu.net\/wordpress\/wp-content\/uploads\/2025\/03\/freepik__retouch__77182-224x300.jpeg\" alt=\"\" width=\"224\" height=\"300\" srcset=\"https:\/\/www.radiopiu.net\/wordpress\/wp-content\/uploads\/2025\/03\/freepik__retouch__77182-224x300.jpeg 224w, https:\/\/www.radiopiu.net\/wordpress\/wp-content\/uploads\/2025\/03\/freepik__retouch__77182-766x1024.jpeg 766w, https:\/\/www.radiopiu.net\/wordpress\/wp-content\/uploads\/2025\/03\/freepik__retouch__77182-768x1027.jpeg 768w, https:\/\/www.radiopiu.net\/wordpress\/wp-content\/uploads\/2025\/03\/freepik__retouch__77182-1149x1536.jpeg 1149w, https:\/\/www.radiopiu.net\/wordpress\/wp-content\/uploads\/2025\/03\/freepik__retouch__77182.jpeg 1496w\" sizes=\"auto, (max-width: 224px) 100vw, 224px\" \/><\/a>Se cammini per strada, vedrai i lampioni accendersi uno dopo l\u2019altro accompagnandoti lungo il tragitto. Se ti fermi troppo a lungo sotto un lampione si spegner\u00e0! <em>&#8220;Questa funzione, oltre a garantire un risparmio energetico, \u00e8 pensata per incoraggiare la popolazione a mantenersi attiva &#8211; ricorda l&#8217;assessore ai lavori pubblici Giulio Favretti- ideale per i pensionati troppo spesso incastrati tra poltrona e divano&#8221; <\/em>Se passi di corsa o in bicicletta, la luce seguir\u00e0 il tuo movimento<em> &#8220;Creando un effetto \u201cscia luminosa\u201d spettacolare&#8221;<\/em>\u00a0conclude l&#8217;assessore allo sport Cristina Bien&#8221;.<\/p>\n<blockquote>\n<h3 class=\"\" data-start=\"2577\" data-end=\"2642\"><strong data-start=\"2584\" data-end=\"2640\">TEST UFFICIALE: SFIDA DI VELOCIT\u00c0 IN PIAZZA LIBERT\u00c0!<\/strong><\/h3>\n<\/blockquote>\n<p class=\"\" data-start=\"2643\" data-end=\"2810\">Per celebrare il lancio del nuovo sistema, il Comune di Agordo ha organizzato un evento speciale questa sera \u00a0alle 21 in Piazza Libert\u00e0, in diretta su Radio Pi\u00f9 e tutti i canali social. Il programma prevede: dimostrazione ufficiale dei lampioni intelligenti, con cambio colore in tempo reale.\u00a0 Sfida <em>&#8220;Corri per la luce&#8221;<\/em> dove i partecipanti dovranno attraversare un percorso cittadino sullo storico percorso de <em>Le Miglia di Agordo<\/em> mantenendo le luci accese senza fermarsi troppo a lungo;\u00a0 DJ set con Dj Jack e RDJ e spettacolo di luci a ritmo di musica, per testare le nuove funzionalit\u00e0 <em>&#8220;a tempo di battito&#8221;<\/em>;\u00a0 Brindisi finale con vin brul\u00e9 multicolore e polenta gialla del Botol, per concludere in allegria offerto dallo staff\u00a0 della Birreria Pedavena La Valle Agordina<\/p>\n<p><strong>mirko mezzacasa-\u00a0 iliana comina<\/strong><\/p><\/blockquote>\n<p>&nbsp;<\/p>\n<p>&nbsp;<\/p>\n<hr \/>\n<p>&nbsp;<\/p>\n<blockquote>\n<h3>IMPIANTI APERTI, OLTRE UN CENTINAIO I PARTECIPANTI ALL\u2019EVENTO DI SIB<\/h3>\n<\/blockquote>\n<p><strong>BELLUNO<\/strong> Oltre cento persone hanno partecipato a \u201cImpianti aperti\u201d, evento organizzato da Servizi Integrati Bellunesi per far conoscere il servizio idrico locale. Durante il weekend, tecnici di SIB hanno illustrato il funzionamento dell\u2019acquedotto della Val Clusa, che fornisce acqua a oltre 50mila persone in vari comuni della provincia di Belluno. L\u2019acquedotto, alimentato da quattro sorgenti, eroga circa 400 litri al secondo e si estende per 130 km. Presenti all\u2019evento il presidente di SIB, Attilio Sommavilla, e il consigliere provinciale Massimo Bortoluzzi, che hanno sottolineato l\u2019importanza della gestione efficiente dell\u2019acqua. Domenica \u00e8 stato aperto anche il depuratore di Feltre, che tratta 20mila metri cubi di acque reflue al giorno. I visitatori hanno seguito il processo di depurazione, dal pretrattamento alla disinfezione finale. Le dimostrazioni pratiche hanno mostrato la trasformazione del refluo in acqua pulita. Sommavilla ha evidenziato il ruolo essenziale dei depuratori nella tutela dell\u2019ambiente e la necessit\u00e0 di un\u2019azione collettiva contro l\u2019inquinamento.<\/p>\n\n\t\t\t<style type='text\/css'>\n\t\t\t\t#gallery-3 {\n\t\t\t\t\tmargin: auto;\n\t\t\t\t}\n\t\t\t\t#gallery-3 .gallery-item {\n\t\t\t\t\tfloat: left;\n\t\t\t\t\tmargin-top: 10px;\n\t\t\t\t\ttext-align: center;\n\t\t\t\t\twidth: 25%;\n\t\t\t\t}\n\t\t\t\t#gallery-3 img {\n\t\t\t\t\tborder: 2px solid #cfcfcf;\n\t\t\t\t}\n\t\t\t\t#gallery-3 .gallery-caption {\n\t\t\t\t\tmargin-left: 0;\n\t\t\t\t}\n\t\t\t\t\/* see gallery_shortcode() in wp-includes\/media.php *\/\n\t\t\t<\/style>\n\t\t<div id='gallery-3' class='dt-gallery-container gallery galleryid-442349 gallery-columns-4 gallery-size-thumbnail'><dl class='gallery-item'>\n\t\t\t\t<dt class='gallery-icon landscape'>\n\t\t\t\t\t<a class=\"rollover rollover-zoom dt-pswp-item\" title=\"1_Presidente Sommavilla all&#039;apertura delle visite in sorgente Val Clusa 29.03.2025\" data-dt-img-description=\"\" data-large_image_width=\"1134\" data-large_image_height=\"767\"href='https:\/\/www.radiopiu.net\/wordpress\/wp-content\/uploads\/2025\/03\/1_Presidente-Sommavilla-allapertura-delle-visite-in-sorgente-Val-Clusa-29.03.2025.jpg'><img loading=\"lazy\" decoding=\"async\" width=\"150\" height=\"150\" src=\"https:\/\/www.radiopiu.net\/wordpress\/wp-content\/uploads\/2025\/03\/1_Presidente-Sommavilla-allapertura-delle-visite-in-sorgente-Val-Clusa-29.03.2025-150x150.jpg\" class=\"attachment-thumbnail size-thumbnail\" alt=\"\" \/><\/a>\n\t\t\t\t<\/dt><\/dl><dl class='gallery-item'>\n\t\t\t\t<dt class='gallery-icon landscape'>\n\t\t\t\t\t<a class=\"rollover rollover-zoom dt-pswp-item\" title=\"1_Visita al depuratore d Feltre - tecnico SIB\" data-dt-img-description=\"\" data-large_image_width=\"1134\" data-large_image_height=\"638\"href='https:\/\/www.radiopiu.net\/wordpress\/wp-content\/uploads\/2025\/03\/1_Visita-al-depuratore-d-Feltre-tecnico-SIB.jpg'><img loading=\"lazy\" decoding=\"async\" width=\"150\" height=\"150\" src=\"https:\/\/www.radiopiu.net\/wordpress\/wp-content\/uploads\/2025\/03\/1_Visita-al-depuratore-d-Feltre-tecnico-SIB-150x150.jpg\" class=\"attachment-thumbnail size-thumbnail\" alt=\"\" \/><\/a>\n\t\t\t\t<\/dt><\/dl><dl class='gallery-item'>\n\t\t\t\t<dt class='gallery-icon landscape'>\n\t\t\t\t\t<a class=\"rollover rollover-zoom dt-pswp-item\" title=\"2_tecnico SIB con partecipanti il 29.03.2025\" data-dt-img-description=\"\" data-large_image_width=\"1134\" data-large_image_height=\"638\"href='https:\/\/www.radiopiu.net\/wordpress\/wp-content\/uploads\/2025\/03\/2_tecnico-SIB-con-partecipanti-il-29.03.2025.jpg'><img loading=\"lazy\" decoding=\"async\" width=\"150\" height=\"150\" src=\"https:\/\/www.radiopiu.net\/wordpress\/wp-content\/uploads\/2025\/03\/2_tecnico-SIB-con-partecipanti-il-29.03.2025-150x150.jpg\" class=\"attachment-thumbnail size-thumbnail\" alt=\"\" \/><\/a>\n\t\t\t\t<\/dt><\/dl><dl class='gallery-item'>\n\t\t\t\t<dt class='gallery-icon landscape'>\n\t\t\t\t\t<a class=\"rollover rollover-zoom dt-pswp-item\" title=\"2_vista sul depuratore di Feltre\" data-dt-img-description=\"\" data-large_image_width=\"1134\" data-large_image_height=\"638\"href='https:\/\/www.radiopiu.net\/wordpress\/wp-content\/uploads\/2025\/03\/2_vista-sul-depuratore-di-Feltre.jpg'><img loading=\"lazy\" decoding=\"async\" width=\"150\" height=\"150\" src=\"https:\/\/www.radiopiu.net\/wordpress\/wp-content\/uploads\/2025\/03\/2_vista-sul-depuratore-di-Feltre-150x150.jpg\" class=\"attachment-thumbnail size-thumbnail\" alt=\"\" \/><\/a>\n\t\t\t\t<\/dt><\/dl><br style=\"clear: both\" \/><dl class='gallery-item'>\n\t\t\t\t<dt class='gallery-icon landscape'>\n\t\t\t\t\t<a class=\"rollover rollover-zoom dt-pswp-item\" title=\"3_ingresso in galleria che porta alla sorgente Val Clusa\" data-dt-img-description=\"\" data-large_image_width=\"1134\" data-large_image_height=\"638\"href='https:\/\/www.radiopiu.net\/wordpress\/wp-content\/uploads\/2025\/03\/3_ingresso-in-galleria-che-porta-alla-sorgente-Val-Clusa.jpg'><img loading=\"lazy\" decoding=\"async\" width=\"150\" height=\"150\" src=\"https:\/\/www.radiopiu.net\/wordpress\/wp-content\/uploads\/2025\/03\/3_ingresso-in-galleria-che-porta-alla-sorgente-Val-Clusa-150x150.jpg\" class=\"attachment-thumbnail size-thumbnail\" alt=\"\" \/><\/a>\n\t\t\t\t<\/dt><\/dl><dl class='gallery-item'>\n\t\t\t\t<dt class='gallery-icon landscape'>\n\t\t\t\t\t<a class=\"rollover rollover-zoom dt-pswp-item\" title=\"3_vasca del depuratore di Feltre\" data-dt-img-description=\"\" data-large_image_width=\"1134\" data-large_image_height=\"638\"href='https:\/\/www.radiopiu.net\/wordpress\/wp-content\/uploads\/2025\/03\/3_vasca-del-depuratore-di-Feltre.jpg'><img loading=\"lazy\" decoding=\"async\" width=\"150\" height=\"150\" src=\"https:\/\/www.radiopiu.net\/wordpress\/wp-content\/uploads\/2025\/03\/3_vasca-del-depuratore-di-Feltre-150x150.jpg\" class=\"attachment-thumbnail size-thumbnail\" alt=\"\" \/><\/a>\n\t\t\t\t<\/dt><\/dl><dl class='gallery-item'>\n\t\t\t\t<dt class='gallery-icon landscape'>\n\t\t\t\t\t<a class=\"rollover rollover-zoom dt-pswp-item\" title=\"4_vista sulla sorgente Val Clusa\" data-dt-img-description=\"\" data-large_image_width=\"1134\" data-large_image_height=\"638\"href='https:\/\/www.radiopiu.net\/wordpress\/wp-content\/uploads\/2025\/03\/4_vista-sulla-sorgente-Val-Clusa.jpg'><img loading=\"lazy\" decoding=\"async\" width=\"150\" height=\"150\" src=\"https:\/\/www.radiopiu.net\/wordpress\/wp-content\/uploads\/2025\/03\/4_vista-sulla-sorgente-Val-Clusa-150x150.jpg\" class=\"attachment-thumbnail size-thumbnail\" alt=\"\" \/><\/a>\n\t\t\t\t<\/dt><\/dl>\n\t\t\t\t<br style='clear: both' \/>\n\t\t\t<\/div>\n\n<p>&nbsp;<\/p>\n<hr \/>\n<p>&nbsp;<\/p>\n<blockquote>\n<h3>GIORNATA ECOLOGICA A CENCENIGHE, LAZZARINI &#8220;CI SONO ANCORA TANTI INCIVILI, NONOSTANTE GLI ECOCENTRI&#8221;<\/h3>\n<\/blockquote>\n<p><strong>CENCENIGHE<\/strong><\/p>\n<p><strong>di ERWIN LAZZARINI<\/strong><\/p>\n<audio class=\"wp-audio-shortcode\" id=\"audio-442349-9\" preload=\"none\" style=\"width: 100%;\" controls=\"controls\"><source type=\"audio\/mpeg\" src=\"https:\/\/www.radiopiu.net\/wordpress\/wp-content\/uploads\/2025\/03\/WhatsApp-Audio-2025-03-31-at-11.43.21.mp3?_=9\" \/><a href=\"https:\/\/www.radiopiu.net\/wordpress\/wp-content\/uploads\/2025\/03\/WhatsApp-Audio-2025-03-31-at-11.43.21.mp3\">https:\/\/www.radiopiu.net\/wordpress\/wp-content\/uploads\/2025\/03\/WhatsApp-Audio-2025-03-31-at-11.43.21.mp3<\/a><\/audio>\n<p>&nbsp;<\/p>\n\n\t\t\t<style type='text\/css'>\n\t\t\t\t#gallery-4 {\n\t\t\t\t\tmargin: auto;\n\t\t\t\t}\n\t\t\t\t#gallery-4 .gallery-item {\n\t\t\t\t\tfloat: left;\n\t\t\t\t\tmargin-top: 10px;\n\t\t\t\t\ttext-align: center;\n\t\t\t\t\twidth: 16%;\n\t\t\t\t}\n\t\t\t\t#gallery-4 img {\n\t\t\t\t\tborder: 2px solid #cfcfcf;\n\t\t\t\t}\n\t\t\t\t#gallery-4 .gallery-caption {\n\t\t\t\t\tmargin-left: 0;\n\t\t\t\t}\n\t\t\t\t\/* see gallery_shortcode() in wp-includes\/media.php *\/\n\t\t\t<\/style>\n\t\t<div id='gallery-4' class='dt-gallery-container gallery galleryid-442349 gallery-columns-6 gallery-size-thumbnail'><dl class='gallery-item'>\n\t\t\t\t<dt class='gallery-icon landscape'>\n\t\t\t\t\t<a class=\"rollover\" href='https:\/\/www.radiopiu.net\/wordpress\/giornata-ecologica-a-cencenighe-lazzarini-ci-sono-ancora-tanti-incivili-nonostante-gli-ecocentri\/2750d6a9-304c-473f-a326-4ed3ec18f772\/'><img loading=\"lazy\" decoding=\"async\" width=\"150\" height=\"150\" src=\"https:\/\/www.radiopiu.net\/wordpress\/wp-content\/uploads\/2025\/03\/2750d6a9-304c-473f-a326-4ed3ec18f772-150x150.jpg\" class=\"attachment-thumbnail size-thumbnail\" alt=\"\" \/><\/a>\n\t\t\t\t<\/dt><\/dl><dl class='gallery-item'>\n\t\t\t\t<dt class='gallery-icon landscape'>\n\t\t\t\t\t<a class=\"rollover\" href='https:\/\/www.radiopiu.net\/wordpress\/giornata-ecologica-a-cencenighe-lazzarini-ci-sono-ancora-tanti-incivili-nonostante-gli-ecocentri\/87b63d60-b343-4183-ac18-19bb2ced7ce7\/'><img loading=\"lazy\" decoding=\"async\" width=\"150\" height=\"150\" src=\"https:\/\/www.radiopiu.net\/wordpress\/wp-content\/uploads\/2025\/03\/87b63d60-b343-4183-ac18-19bb2ced7ce7-150x150.jpg\" class=\"attachment-thumbnail size-thumbnail\" alt=\"\" \/><\/a>\n\t\t\t\t<\/dt><\/dl><dl class='gallery-item'>\n\t\t\t\t<dt class='gallery-icon landscape'>\n\t\t\t\t\t<a class=\"rollover\" href='https:\/\/www.radiopiu.net\/wordpress\/giornata-ecologica-a-cencenighe-lazzarini-ci-sono-ancora-tanti-incivili-nonostante-gli-ecocentri\/f5c0986c-d26a-4d82-9dc7-36ad22724800\/'><img loading=\"lazy\" decoding=\"async\" width=\"150\" height=\"150\" src=\"https:\/\/www.radiopiu.net\/wordpress\/wp-content\/uploads\/2025\/03\/f5c0986c-d26a-4d82-9dc7-36ad22724800-150x150.jpg\" class=\"attachment-thumbnail size-thumbnail\" alt=\"\" \/><\/a>\n\t\t\t\t<\/dt><\/dl><dl class='gallery-item'>\n\t\t\t\t<dt class='gallery-icon landscape'>\n\t\t\t\t\t<a class=\"rollover\" href='https:\/\/www.radiopiu.net\/wordpress\/giornata-ecologica-a-cencenighe-lazzarini-ci-sono-ancora-tanti-incivili-nonostante-gli-ecocentri\/e53ce6a2-75d8-4394-b26c-7318f5e92a0e\/'><img loading=\"lazy\" decoding=\"async\" width=\"150\" height=\"150\" src=\"https:\/\/www.radiopiu.net\/wordpress\/wp-content\/uploads\/2025\/03\/e53ce6a2-75d8-4394-b26c-7318f5e92a0e-150x150.jpg\" class=\"attachment-thumbnail size-thumbnail\" alt=\"\" \/><\/a>\n\t\t\t\t<\/dt><\/dl><dl class='gallery-item'>\n\t\t\t\t<dt class='gallery-icon landscape'>\n\t\t\t\t\t<a class=\"rollover\" href='https:\/\/www.radiopiu.net\/wordpress\/giornata-ecologica-a-cencenighe-lazzarini-ci-sono-ancora-tanti-incivili-nonostante-gli-ecocentri\/044bcab9-266d-418d-bdd3-2f8fc6361035\/'><img loading=\"lazy\" decoding=\"async\" width=\"150\" height=\"150\" src=\"https:\/\/www.radiopiu.net\/wordpress\/wp-content\/uploads\/2025\/03\/044bcab9-266d-418d-bdd3-2f8fc6361035-150x150.jpg\" class=\"attachment-thumbnail size-thumbnail\" alt=\"\" \/><\/a>\n\t\t\t\t<\/dt><\/dl><dl class='gallery-item'>\n\t\t\t\t<dt class='gallery-icon landscape'>\n\t\t\t\t\t<a class=\"rollover\" href='https:\/\/www.radiopiu.net\/wordpress\/giornata-ecologica-a-cencenighe-lazzarini-ci-sono-ancora-tanti-incivili-nonostante-gli-ecocentri\/a3cc6a17-7667-4415-a9ab-72d57a0889e4\/'><img loading=\"lazy\" decoding=\"async\" width=\"150\" height=\"150\" src=\"https:\/\/www.radiopiu.net\/wordpress\/wp-content\/uploads\/2025\/03\/a3cc6a17-7667-4415-a9ab-72d57a0889e4-150x150.jpg\" class=\"attachment-thumbnail size-thumbnail\" alt=\"\" \/><\/a>\n\t\t\t\t<\/dt><\/dl><br style=\"clear: both\" \/><dl class='gallery-item'>\n\t\t\t\t<dt class='gallery-icon portrait'>\n\t\t\t\t\t<a class=\"rollover\" href='https:\/\/www.radiopiu.net\/wordpress\/giornata-ecologica-a-cencenighe-lazzarini-ci-sono-ancora-tanti-incivili-nonostante-gli-ecocentri\/fe04f457-8c51-4a62-8b9d-cda9be0a75ec\/'><img loading=\"lazy\" decoding=\"async\" width=\"150\" height=\"150\" src=\"https:\/\/www.radiopiu.net\/wordpress\/wp-content\/uploads\/2025\/03\/fe04f457-8c51-4a62-8b9d-cda9be0a75ec-150x150.jpg\" class=\"attachment-thumbnail size-thumbnail\" alt=\"\" \/><\/a>\n\t\t\t\t<\/dt><\/dl><dl class='gallery-item'>\n\t\t\t\t<dt class='gallery-icon landscape'>\n\t\t\t\t\t<a class=\"rollover\" href='https:\/\/www.radiopiu.net\/wordpress\/giornata-ecologica-a-cencenighe-lazzarini-ci-sono-ancora-tanti-incivili-nonostante-gli-ecocentri\/82072f08-6317-4f56-a341-2892f2b547d0\/'><img loading=\"lazy\" decoding=\"async\" width=\"150\" height=\"150\" src=\"https:\/\/www.radiopiu.net\/wordpress\/wp-content\/uploads\/2025\/03\/82072f08-6317-4f56-a341-2892f2b547d0-150x150.jpg\" class=\"attachment-thumbnail size-thumbnail\" alt=\"\" \/><\/a>\n\t\t\t\t<\/dt><\/dl><dl class='gallery-item'>\n\t\t\t\t<dt class='gallery-icon landscape'>\n\t\t\t\t\t<a class=\"rollover\" href='https:\/\/www.radiopiu.net\/wordpress\/giornata-ecologica-a-cencenighe-lazzarini-ci-sono-ancora-tanti-incivili-nonostante-gli-ecocentri\/40b4c482-5c2f-4e8a-9c6c-8be6278cef3e\/'><img loading=\"lazy\" decoding=\"async\" width=\"150\" height=\"150\" src=\"https:\/\/www.radiopiu.net\/wordpress\/wp-content\/uploads\/2025\/03\/40b4c482-5c2f-4e8a-9c6c-8be6278cef3e-150x150.jpg\" class=\"attachment-thumbnail size-thumbnail\" alt=\"\" \/><\/a>\n\t\t\t\t<\/dt><\/dl><dl class='gallery-item'>\n\t\t\t\t<dt class='gallery-icon landscape'>\n\t\t\t\t\t<a class=\"rollover\" href='https:\/\/www.radiopiu.net\/wordpress\/giornata-ecologica-a-cencenighe-lazzarini-ci-sono-ancora-tanti-incivili-nonostante-gli-ecocentri\/707a9299-ab5a-4151-829c-f38f176738f5\/'><img loading=\"lazy\" decoding=\"async\" width=\"150\" height=\"150\" src=\"https:\/\/www.radiopiu.net\/wordpress\/wp-content\/uploads\/2025\/03\/707a9299-ab5a-4151-829c-f38f176738f5-150x150.jpg\" class=\"attachment-thumbnail size-thumbnail\" alt=\"\" \/><\/a>\n\t\t\t\t<\/dt><\/dl><dl class='gallery-item'>\n\t\t\t\t<dt class='gallery-icon landscape'>\n\t\t\t\t\t<a class=\"rollover\" href='https:\/\/www.radiopiu.net\/wordpress\/giornata-ecologica-a-cencenighe-lazzarini-ci-sono-ancora-tanti-incivili-nonostante-gli-ecocentri\/1203afa7-6be4-4fe8-920d-92bb343469e9\/'><img loading=\"lazy\" decoding=\"async\" width=\"150\" height=\"150\" src=\"https:\/\/www.radiopiu.net\/wordpress\/wp-content\/uploads\/2025\/03\/1203afa7-6be4-4fe8-920d-92bb343469e9-150x150.jpg\" class=\"attachment-thumbnail size-thumbnail\" alt=\"\" \/><\/a>\n\t\t\t\t<\/dt><\/dl><dl class='gallery-item'>\n\t\t\t\t<dt class='gallery-icon landscape'>\n\t\t\t\t\t<a class=\"rollover\" href='https:\/\/www.radiopiu.net\/wordpress\/giornata-ecologica-a-cencenighe-lazzarini-ci-sono-ancora-tanti-incivili-nonostante-gli-ecocentri\/f1db2d2e-f4a7-44b8-8c3b-d3b99483004d\/'><img loading=\"lazy\" decoding=\"async\" width=\"150\" height=\"150\" src=\"https:\/\/www.radiopiu.net\/wordpress\/wp-content\/uploads\/2025\/03\/f1db2d2e-f4a7-44b8-8c3b-d3b99483004d-150x150.jpg\" class=\"attachment-thumbnail size-thumbnail\" alt=\"\" \/><\/a>\n\t\t\t\t<\/dt><\/dl><br style=\"clear: both\" \/>\n\t\t\t<\/div>\n\n<p>&nbsp;<\/p>\n<hr \/>\n<p>&nbsp;<\/p>\n<blockquote>\n<h3>NUOVE MODALIT\u00c0 PER IL RINNOVO DELLE ESENZIONI PER REDDITO A PARTIRE DAL 1\u00b0 APRILE 2025<\/h3>\n<\/blockquote>\n<p><strong><a class=\"dt-pswp-item\" href=\"https:\/\/www.radiopiu.net\/wordpress\/wp-content\/uploads\/2021\/03\/ULSS-1.jpg\" data-dt-img-description=\"\" data-large_image_width=\"776\" data-large_image_height=\"408\"><img loading=\"lazy\" decoding=\"async\" class=\" wp-image-198838 alignleft\" src=\"https:\/\/www.radiopiu.net\/wordpress\/wp-content\/uploads\/2021\/03\/ULSS-1-300x158.jpg\" alt=\"\" width=\"161\" height=\"85\" srcset=\"https:\/\/www.radiopiu.net\/wordpress\/wp-content\/uploads\/2021\/03\/ULSS-1-300x158.jpg 300w, https:\/\/www.radiopiu.net\/wordpress\/wp-content\/uploads\/2021\/03\/ULSS-1-768x404.jpg 768w, https:\/\/www.radiopiu.net\/wordpress\/wp-content\/uploads\/2021\/03\/ULSS-1.jpg 776w\" sizes=\"auto, (max-width: 161px) 100vw, 161px\" \/><\/a>BELLUNO<\/strong> A partire dal 1\u00b0 aprile 2025, le certificazioni di esenzione per reddito (7R2-7R4-7R5-7RQ) con scadenza al 31 marzo 2025 saranno disponibili sul portale <strong data-start=\"153\" data-end=\"173\"><a class=\"\" href=\"http:\/\/www.sistemats.it\" target=\"_new\" rel=\"noopener\" data-start=\"155\" data-end=\"171\" data-is-only-node=\"\">www.sistemats.it<\/a><\/strong>, accessibile con <strong data-start=\"191\" data-end=\"208\">SPID o TS-CNS<\/strong>. Le esenzioni con scadenza \u201cPERMANENTE\u201d non saranno pi\u00f9 valide e diventeranno annuali. Se il certificato non \u00e8 presente o per chi ha l\u2019esenzione 7R3 per disoccupazione in scadenza, \u00e8 possibile <strong data-start=\"402\" data-end=\"428\">autocertificare online<\/strong> sul portale o inviare una <strong data-start=\"455\" data-end=\"465\">e-mail<\/strong> a <a class=\"cursor-pointer\" rel=\"noopener\" data-start=\"468\" data-end=\"494\">esenzioni@aulss1.veneto.it<\/a> con modulo e documento allegati. In casi di impossibilit\u00e0 all\u2019uso dell\u2019e-mail, la richiesta pu\u00f2 essere effettuata agli <strong data-start=\"614\" data-end=\"638\">sportelli anagrafici<\/strong> con Tessera Sanitaria e documento d\u2019identit\u00e0. Per informazioni sono disponibili numeri di contatto dei distretti sanitari di <strong data-start=\"764\" data-end=\"784\">Belluno e Feltre<\/strong>. Gli assistiti devono verificare i requisiti di esenzione per evitare l\u2019utilizzo improprio, pena il recupero ticket e possibili sanzioni. \u00c8 possibile annullare l\u2019esenzione compilando l\u2019apposito modulo sul portale della Regione Veneto.<\/p>\n<p>&nbsp;<\/p>\n<p>&nbsp;<\/p>\n<hr \/>\n<p>&nbsp;<\/p>\n<blockquote>\n<h3>GIORNATA MONDIALE DELL\u2019AUTISMO: I BAMBINI DI FALCADE CELEBRANO LA DIVERSIT\u00c0 <span style=\"color: #ff0000;\">&#8211; VIDEO &#8211;<\/span><\/h3>\n<\/blockquote>\n<p class=\"\" data-start=\"100\" data-end=\"330\">In occasione della Giornata Mondiale della Consapevolezza sull\u2019Autismo, che si celebra oggi,\u00a0 i bambini della Scuola Primaria di Falcade hanno realizzato un emozionante videoclip dedicato al valore della diversit\u00e0. Il progetto ha coinvolto gli alunni in un percorso creativo che ha unito musica, canto e arte. Il brano eseguito nel video \u00e8 stato composto da Roberta Conedera, che ha curato sia il testo che la melodia, oltre a dirigere i bambini nell\u2019esecuzione. Ad arricchire il videoclip, gli elaborati grafici realizzati nel corso dell\u2019anno dagli studenti delle varie classi, unendo cos\u00ec espressione artistica e sensibilizzazione su un tema di grande importanza sociale. Un messaggio di inclusione e rispetto, raccontato con la semplicit\u00e0 e la genuinit\u00e0 dei pi\u00f9 piccoli.<\/p>\n<h1><strong>IL VIDEO<\/strong><\/h1>\n<div style=\"width: 848px;\" class=\"wp-video\"><video class=\"wp-video-shortcode\" id=\"video-442349-1\" width=\"848\" height=\"480\" preload=\"metadata\" controls=\"controls\"><source type=\"video\/mp4\" src=\"https:\/\/www.radiopiu.net\/wordpress\/wp-content\/uploads\/2025\/03\/WhatsApp-Video-2025-03-31-at-13.41.44.mp4?_=1\" \/><a href=\"https:\/\/www.radiopiu.net\/wordpress\/wp-content\/uploads\/2025\/03\/WhatsApp-Video-2025-03-31-at-13.41.44.mp4\">https:\/\/www.radiopiu.net\/wordpress\/wp-content\/uploads\/2025\/03\/WhatsApp-Video-2025-03-31-at-13.41.44.mp4<\/a><\/video><\/div>\n<p>&nbsp;<\/p>\n<hr \/>\n<p>&nbsp;<\/p>\n<blockquote>\n<h3>GIOCHIAMO 0-6 ANNI: UNA SETTIMANA DI ATTIVIT\u00c0 E DIVERTIMENTO EDUCATIVO<\/h3>\n<\/blockquote>\n<article class=\"w-full text-token-text-primary\" dir=\"auto\" data-testid=\"conversation-turn-2\" data-scroll-anchor=\"true\">\n<div class=\"text-base my-auto mx-auto py-5 px-6\">\n<div class=\"mx-auto flex flex-1 text-base gap-4 md:gap-5 lg:gap-6 md:max-w-3xl group\/turn-messages focus-visible:outline-none\" tabindex=\"-1\">\n<div class=\"group\/conversation-turn relative flex w-full min-w-0 flex-col agent-turn @xs\/thread:px-0 @sm\/thread:px-1.5 @md\/thread:px-4\">\n<div class=\"relative flex-col gap-1 md:gap-3\">\n<div class=\"flex max-w-full flex-col flex-grow\">\n<div class=\"min-h-8 text-message relative flex w-full flex-col items-end gap-2 whitespace-normal break-words text-start [.text-message+&amp;]:mt-5\" dir=\"auto\" data-message-author-role=\"assistant\" data-message-id=\"4adfde17-d81e-40e8-a388-0a5982c28676\" data-message-model-slug=\"gpt-4o\">\n<div class=\"flex w-full flex-col gap-1 empty:hidden first:pt-[3px]\">\n<div class=\"markdown prose w-full break-words dark:prose-invert dark\">\n<p class=\"\" data-start=\"137\" data-end=\"331\"><img loading=\"lazy\" decoding=\"async\" class=\"alignleft\" src=\"https:\/\/www.radiopiu.net\/wordpress\/wp-content\/uploads\/2025\/04\/Senza-nome.png\" width=\"290\" height=\"164\" \/>Dal <strong data-start=\"141\" data-end=\"163\">2 al 5 aprile 2025<\/strong>, la citt\u00e0 di Feltre e il comune di Sedico ospiteranno la <strong data-start=\"221\" data-end=\"258\">Settimana della Comunit\u00e0 Educante<\/strong>, un evento pensato per i bambini da <strong data-start=\"295\" data-end=\"309\">0 a 6 anni<\/strong> e le loro famiglie. L\u2019evento prevede una serie di incontri, laboratori e attivit\u00e0 ludico-educative, con l\u2019obiettivo di promuovere il gioco come strumento di apprendimento e crescita. Il programma include: <strong data-start=\"552\" data-end=\"572\">Serata formativa<\/strong> per genitori, educatori ed esperti, con la presentazione del \u201cPatto di Comunit\u00e0\u201d e un intervento della <strong data-start=\"676\" data-end=\"705\">dott.ssa Emily Mignanelli<\/strong> sull\u2019importanza dell\u2019alleanza educativa. <strong data-start=\"751\" data-end=\"773\">Mostre interattive<\/strong> con esposizioni di oggetti realizzati da ragazzi con disabilit\u00e0 che seguono percorsi occupazionali. <strong data-start=\"878\" data-end=\"901\">Laboratori tematici<\/strong>, con attivit\u00e0 di lettura, musica, arte, psicomotricit\u00e0, coding, biodanza e molto altro.<\/p>\n<blockquote>\n<h2 class=\"\" data-start=\"993\" data-end=\"1023\">APPUNTAMENTO A VILLA PATT<\/h2>\n<\/blockquote>\n<p class=\"\" data-start=\"1025\" data-end=\"1173\">Il clou dell\u2019evento sar\u00e0 <strong data-start=\"1050\" data-end=\"1090\">sabato 5 aprile a Villa Patt, Sedico<\/strong>, con un\u2019intera giornata dedicata al gioco. Tra i laboratori proposti ci saranno: <strong data-start=\"1178\" data-end=\"1193\">Musicandolo<\/strong> \u2013 laboratori musicali per piccoli esploratori del suono. <strong data-start=\"1256\" data-end=\"1270\">Kamishibai<\/strong> \u2013 spettacoli di narrazione illustrata per celebrare il <strong data-start=\"1326\" data-end=\"1359\">150\u00b0 anniversario di Andersen<\/strong>.\u00a0<strong data-start=\"1366\" data-end=\"1387\">Coding e robotica<\/strong> \u2013 esperimenti con \u201cCubetto\u201d e \u201cBee-Bot\u201d per avvicinare i pi\u00f9 piccoli alla tecnologia.\u00a0<strong data-start=\"1479\" data-end=\"1514\">Conosciamo il mondo dei cavalli<\/strong> \u2013 attivit\u00e0 per scoprire il fascino di questi animali.\u00a0<strong data-start=\"1574\" data-end=\"1597\">Laboratori creativi<\/strong> \u2013 dal collage alla pittura, per stimolare la fantasia e la manualit\u00e0. Un\u2019occasione imperdibile per le famiglie, con aree picnic, servizio bar e un <strong data-start=\"1748\" data-end=\"1765\">Baby Pit-Stop<\/strong> per i pi\u00f9 piccoli. \u00a0<strong data-start=\"1791\" data-end=\"1810\">Ingresso libero<\/strong>. Per maggiori informazioni e iscrizioni, \u00e8 possibile scansionare il QR Code presente nel programma ufficiale.<\/p>\n<\/div>\n<\/div>\n<\/div>\n<\/div>\n<div class=\"mt-3 w-full empty:hidden\">\n<div class=\"text-center\"><\/div>\n<\/div>\n<\/div>\n<\/div>\n<\/div>\n<\/div>\n<\/article>\n<p>&nbsp;<\/p>\n<p>&nbsp;<\/p>\n<hr \/>\n<p>&nbsp;<\/p>\n<p>&nbsp;<\/p>\n<div dir=\"auto\"><a class=\"dt-pswp-item\" href=\"https:\/\/www.radiopiu.net\/wordpress\/wp-content\/uploads\/2025\/03\/487552200_1177920033705069_2388596467100996027_n.jpg\" data-dt-img-description=\"\" data-large_image_width=\"600\" data-large_image_height=\"849\"><img loading=\"lazy\" decoding=\"async\" class=\"size-medium wp-image-442522 alignleft\" src=\"https:\/\/www.radiopiu.net\/wordpress\/wp-content\/uploads\/2025\/03\/487552200_1177920033705069_2388596467100996027_n-212x300.jpg\" alt=\"\" width=\"212\" height=\"300\" srcset=\"https:\/\/www.radiopiu.net\/wordpress\/wp-content\/uploads\/2025\/03\/487552200_1177920033705069_2388596467100996027_n-212x300.jpg 212w, https:\/\/www.radiopiu.net\/wordpress\/wp-content\/uploads\/2025\/03\/487552200_1177920033705069_2388596467100996027_n.jpg 600w\" sizes=\"auto, (max-width: 212px) 100vw, 212px\" \/><\/a><\/div>\n<div dir=\"auto\">\n<div class=\"flex max-w-full flex-col flex-grow\">\n<div class=\"min-h-8 text-message relative flex w-full flex-col items-end gap-2 whitespace-normal break-words text-start [.text-message+&amp;]:mt-5\" dir=\"auto\" data-message-author-role=\"assistant\" data-message-id=\"5fc73b1f-83c3-4243-956a-328b6ccac6e2\" data-message-model-slug=\"gpt-4o-mini\">\n<div class=\"flex w-full flex-col gap-1 empty:hidden first:pt-[3px]\">\n<div class=\"markdown prose w-full break-words dark:prose-invert dark\">\n<h2 data-start=\"0\" data-end=\"71\">MAPPA DI PERICOLOSIT\u00c0 SISMICA: UN\u2019ANALISI DEL RISCHIO SISMICO IN ITALIA<\/h2>\n<\/div>\n<\/div>\n<\/div>\n<\/div>\n<div class=\"flex justify-start\">\n<div class=\"-me-1 -ms-2.5 flex select-none items-center p-1 touch:-me-2 touch:-ms-3.5 -mt-1 duration-[1.5s] focus-within:transition-none hover:transition-none pointer-events-none [mask-image:linear-gradient(to_right,black_33%,transparent_66%)] [mask-position:100%_0%] [mask-size:300%_100%] motion-safe:transition-[mask-position] group-hover\/turn-messages:pointer-events-auto group-hover\/turn-messages:[mask-position:0_0] group-focus-within\/turn-messages:pointer-events-auto group-focus-within\/turn-messages:[mask-position:0_0] has-[[data-state=open]]:pointer-events-auto has-[[data-state=open]]:[mask-position:0_0]\">\n<div class=\"flex items-center pb-0\"><\/div>\n<\/div>\n<\/div>\n<div class=\"mt-3 w-full empty:hidden\">\n<div class=\"text-center\">\n<div class=\"mx-auto\">\n<div class=\"inline-flex rounded-xl border border-gray-100 dark:border-gray-700\">\n<div class=\"flex items-center justify-center gap-4 px-4 py-3 text-sm text-token-text-secondary\">Quella in foto \u00e8 la Mappa di Pericolosit\u00e0 Sismica, che indica il pericolo sismico da considerare quando si progetta su tutto il territorio italiano. Come si osserva, tutta l&#8217;Italia \u00e8 considerata sismica (pi\u00f9 o meno). Il terremoto non \u00e8 prevedibile nel senso che non \u00e8 possibile prevedere con precisione dove e quando avverr\u00e0. Si pu\u00f2 per\u00f2 prevedere che in una zona potr\u00e0 accadere con una probabilit\u00e0 e intensit\u00e0 pi\u00f9 o meno ampie in un determinato arco di tempo. Il numero indicato nella tabella rappresenta l\u2019accelerazione attesa in percentuale della gravit\u00e0 (ag). Ma questa \u00e8 solo l\u2019accelerazione di base. La forza da cui un edificio deve difendersi dipende da molti altri fattori, come il tipo di suolo su cui \u00e8 costruito, la conformazione topografica e le caratteristiche specifiche della struttura.<\/div>\n<div><\/div>\n<div class=\"flex items-center justify-center gap-4 px-4 py-3 text-sm text-token-text-secondary\"><strong>fonte: ASSESSORATO PROTEZIONE CIVILE DEL VENETO, ASS. GIANPAOLO BOTTACIN\u00a0<\/strong><\/div>\n<div><\/div>\n<div><\/div>\n<div><\/div>\n<div><\/div>\n<div><\/div>\n<div>\n<hr \/>\n<\/div>\n<div><\/div>\n<div>\n<blockquote>\n<p class=\"\" data-start=\"0\" data-end=\"67\"><strong data-start=\"0\" data-end=\"65\"><a class=\"dt-pswp-item\" href=\"https:\/\/www.radiopiu.net\/wordpress\/wp-content\/uploads\/2024\/08\/Lorraine_Berton-COPERTINA.jpg\" data-dt-img-description=\"\" data-large_image_width=\"767\" data-large_image_height=\"573\"><img loading=\"lazy\" decoding=\"async\" class=\"wp-image-405420 alignleft\" src=\"https:\/\/www.radiopiu.net\/wordpress\/wp-content\/uploads\/2024\/08\/Lorraine_Berton-COPERTINA-300x224.jpg\" alt=\"\" width=\"146\" height=\"109\" srcset=\"https:\/\/www.radiopiu.net\/wordpress\/wp-content\/uploads\/2024\/08\/Lorraine_Berton-COPERTINA-300x224.jpg 300w, https:\/\/www.radiopiu.net\/wordpress\/wp-content\/uploads\/2024\/08\/Lorraine_Berton-COPERTINA.jpg 767w\" sizes=\"auto, (max-width: 146px) 100vw, 146px\" \/><\/a>EXPORT E DAZI: BELLUNO CHIEDE UNIT\u00c0 E RISPOSTE DALLA POLITICA<\/strong><\/p>\n<\/blockquote>\n<p class=\"\" data-start=\"69\" data-end=\"424\"><strong>BELLUNO:<\/strong> \u00e8 tra le province italiane pi\u00f9 esposte nella guerra dei dazi, con un\u2019economia fortemente legata all\u2019export e al Made in Italy. Lorraine Berton, presidente di Confindustria Belluno Dolomiti, sottolinea la necessit\u00e0 di una risposta politica unitaria a livello europeo, evitando il panico e valorizzando la resilienza del sistema produttivo locale. Secondo uno studio Prometeia, Belluno \u00e8 al quarto posto tra le province pi\u00f9 a rischio, con un export che rappresenta il 69,4% del PIL. Berton chiede nuovi strumenti finanziari per sostenere le transizioni digitale e green, oltre a misure per rafforzare il mercato interno europeo e il potere d\u2019acquisto delle famiglie. Di fronte alle decisioni degli Stati Uniti, il settore manifatturiero bellunese attende risposte urgenti per proteggere la competitivit\u00e0 e la stabilit\u00e0 economica del territorio.<\/p>\n<\/div>\n<div><\/div>\n<\/div>\n<\/div>\n<\/div>\n<\/div>\n<\/div>\n<p>&nbsp;<\/p>\n<hr \/>\n<p>&nbsp;<\/p>\n<blockquote>\n<h3>CONCLUSI I LAVORI SULLA STRADA DI CAJADA<\/h3>\n<\/blockquote>\n<p><strong><a class=\"dt-pswp-item\" href=\"https:\/\/www.radiopiu.net\/wordpress\/wp-content\/uploads\/2025\/03\/Unknown-25.jpeg\" data-dt-img-description=\"\" data-large_image_width=\"1600\" data-large_image_height=\"1200\"><img loading=\"lazy\" decoding=\"async\" class=\" wp-image-442632 alignleft\" src=\"https:\/\/www.radiopiu.net\/wordpress\/wp-content\/uploads\/2025\/03\/Unknown-25-300x225.jpeg\" alt=\"\" width=\"140\" height=\"105\" srcset=\"https:\/\/www.radiopiu.net\/wordpress\/wp-content\/uploads\/2025\/03\/Unknown-25-300x225.jpeg 300w, https:\/\/www.radiopiu.net\/wordpress\/wp-content\/uploads\/2025\/03\/Unknown-25-1024x768.jpeg 1024w, https:\/\/www.radiopiu.net\/wordpress\/wp-content\/uploads\/2025\/03\/Unknown-25-768x576.jpeg 768w, https:\/\/www.radiopiu.net\/wordpress\/wp-content\/uploads\/2025\/03\/Unknown-25-1536x1152.jpeg 1536w, https:\/\/www.radiopiu.net\/wordpress\/wp-content\/uploads\/2025\/03\/Unknown-25.jpeg 1600w\" sizes=\"auto, (max-width: 140px) 100vw, 140px\" \/><\/a>LONGARONE<\/strong> Si sono conclusi i lavori di sistemazione della strada di Cajada, con un intervento da 200mila euro per garantire la sicurezza della viabilit\u00e0 da Fa\u00e8. L\u2019assessore ai lavori pubblici di Longarone, Livio Sacchet, ha confermato il rispetto del cronoprogramma. L\u2019opera si \u00e8 resa necessaria a causa di smottamenti che avevano danneggiato la carreggiata. I lavori, iniziati a febbraio, hanno previsto l\u2019installazione di micropali per stabilizzare il versante. Successivamente, sono state ripristinate le parti erose della strada e inserite gabbionate per la sicurezza. Infine, sono stati rifatti alcuni tratti di asfalto e posizionati nuovi guardrail. L\u2019installazione delle barriere \u00e8 stata fondamentale dopo la tempesta Vaia, che aveva abbattuto molti alberi. Ora la strada \u00e8 sicura e i residenti soddisfatti.<\/p>\n<p>&nbsp;<\/p>\n<p>&nbsp;<\/p>\n<hr \/>\n<p>&nbsp;<\/p>\n<blockquote>\n<h3>CORTINABANCA A SEDICO. SABATO L&#8217;INAUGURAZIONE DELLA NUOVA FILIALE<\/h3>\n<\/blockquote>\n<p><strong>SEDICO\u00a0 <\/strong>CORTINABANCA ha aperto una nuova filiale a Sedico, in Via Belluno 10, in una posizione strategica e ben accessibile. Questa apertura rafforza la presenza dell\u2019unica banca con sede in provincia di Belluno, contrastando la crescente desertificazione bancaria. Il Direttore Nicola Bernardi sottolinea la forte richiesta di una \u201cbanca locale\u201d e il successo della banca, con una crescita della raccolta a doppia cifra annua. La nuova sede consolida il legame con clienti e imprese, offrendo maggiori competenze specialistiche. Il Presidente Massimo Antonelli ribadisce che la banca non persegue solo il profitto, ma mira allo sviluppo sostenibile dell\u2019economia e della comunit\u00e0 locale. La filiale avr\u00e0 tre addetti, guidati da Marzia Fontana, ex viceresponsabile della sede di Belluno.<\/p>\n\n\t\t\t<style type='text\/css'>\n\t\t\t\t#gallery-5 {\n\t\t\t\t\tmargin: auto;\n\t\t\t\t}\n\t\t\t\t#gallery-5 .gallery-item {\n\t\t\t\t\tfloat: left;\n\t\t\t\t\tmargin-top: 10px;\n\t\t\t\t\ttext-align: center;\n\t\t\t\t\twidth: 33%;\n\t\t\t\t}\n\t\t\t\t#gallery-5 img {\n\t\t\t\t\tborder: 2px solid #cfcfcf;\n\t\t\t\t}\n\t\t\t\t#gallery-5 .gallery-caption {\n\t\t\t\t\tmargin-left: 0;\n\t\t\t\t}\n\t\t\t\t\/* see gallery_shortcode() in wp-includes\/media.php *\/\n\t\t\t<\/style>\n\t\t<div id='gallery-5' class='dt-gallery-container gallery galleryid-442349 gallery-columns-3 gallery-size-thumbnail'><dl class='gallery-item'>\n\t\t\t\t<dt class='gallery-icon portrait'>\n\t\t\t\t\t<a class=\"rollover rollover-zoom dt-pswp-item\" title=\"Sede\" data-dt-img-description=\"\" data-large_image_width=\"1920\" data-large_image_height=\"2560\"href='https:\/\/www.radiopiu.net\/wordpress\/wp-content\/uploads\/2025\/03\/Sede-scaled.jpg'><img loading=\"lazy\" decoding=\"async\" width=\"150\" height=\"150\" src=\"https:\/\/www.radiopiu.net\/wordpress\/wp-content\/uploads\/2025\/03\/Sede-150x150.jpg\" class=\"attachment-thumbnail size-thumbnail\" alt=\"\" \/><\/a>\n\t\t\t\t<\/dt><\/dl><dl class='gallery-item'>\n\t\t\t\t<dt class='gallery-icon landscape'>\n\t\t\t\t\t<a class=\"rollover rollover-zoom dt-pswp-item\" title=\"Sedico\" data-dt-img-description=\"\" data-large_image_width=\"2560\" data-large_image_height=\"1813\"href='https:\/\/www.radiopiu.net\/wordpress\/wp-content\/uploads\/2025\/03\/Sedico-scaled.jpg'><img loading=\"lazy\" decoding=\"async\" width=\"150\" height=\"150\" src=\"https:\/\/www.radiopiu.net\/wordpress\/wp-content\/uploads\/2025\/03\/Sedico-150x150.jpg\" class=\"attachment-thumbnail size-thumbnail\" alt=\"\" \/><\/a>\n\t\t\t\t<\/dt><\/dl><dl class='gallery-item'>\n\t\t\t\t<dt class='gallery-icon portrait'>\n\t\t\t\t\t<a class=\"rollover rollover-zoom dt-pswp-item\" title=\"Direttore_Bernardi_Presidente_Antonelli2\" data-dt-img-description=\"\" data-large_image_width=\"1511\" data-large_image_height=\"2560\"href='https:\/\/www.radiopiu.net\/wordpress\/wp-content\/uploads\/2025\/03\/Direttore_Bernardi_Presidente_Antonelli2-scaled.jpg'><img loading=\"lazy\" decoding=\"async\" width=\"150\" height=\"150\" src=\"https:\/\/www.radiopiu.net\/wordpress\/wp-content\/uploads\/2025\/03\/Direttore_Bernardi_Presidente_Antonelli2-150x150.jpg\" class=\"attachment-thumbnail size-thumbnail\" alt=\"\" \/><\/a>\n\t\t\t\t<\/dt><\/dl><br style=\"clear: both\" \/>\n\t\t\t<\/div>\n\n<p>&nbsp;<\/p>\n<hr \/>\n<p>&nbsp;<\/p>\n<blockquote>\n<h3>STUDENTI SPAGNOLI ALLA SCOPERTA DELLA SOSTENIBILIT\u00c0 BELLUNESE<\/h3>\n<\/blockquote>\n<p><strong><a class=\"dt-pswp-item\" href=\"https:\/\/www.radiopiu.net\/wordpress\/wp-content\/uploads\/2025\/03\/IMG-20250330-WA0000.jpg\" data-dt-img-description=\"\" data-large_image_width=\"2000\" data-large_image_height=\"1500\"><img loading=\"lazy\" decoding=\"async\" class=\" wp-image-442579 alignleft\" src=\"https:\/\/www.radiopiu.net\/wordpress\/wp-content\/uploads\/2025\/03\/IMG-20250330-WA0000-300x225.jpg\" alt=\"\" width=\"121\" height=\"91\" srcset=\"https:\/\/www.radiopiu.net\/wordpress\/wp-content\/uploads\/2025\/03\/IMG-20250330-WA0000-300x225.jpg 300w, https:\/\/www.radiopiu.net\/wordpress\/wp-content\/uploads\/2025\/03\/IMG-20250330-WA0000-1024x768.jpg 1024w, https:\/\/www.radiopiu.net\/wordpress\/wp-content\/uploads\/2025\/03\/IMG-20250330-WA0000-768x576.jpg 768w, https:\/\/www.radiopiu.net\/wordpress\/wp-content\/uploads\/2025\/03\/IMG-20250330-WA0000-1536x1152.jpg 1536w, https:\/\/www.radiopiu.net\/wordpress\/wp-content\/uploads\/2025\/03\/IMG-20250330-WA0000.jpg 2000w\" sizes=\"auto, (max-width: 121px) 100vw, 121px\" \/><\/a>BELLUNO<\/strong> Dieci studenti della scuola catalana El Pilar di Premi\u00e0 de Mar e dieci dei Licei Galilei-Tiziano di Belluno hanno avviato un progetto di scambio culturale finanziato dai fondi europei Erasmus school \u2013 azione KA122. L\u2019obiettivo \u00e8 migliorare le competenze linguistiche e approfondire buone pratiche di sostenibilit\u00e0 ambientale. Durante la settimana a Belluno, gli studenti visiteranno Venezia, le Dolomiti, il Museo Fulcis e parteciperanno a incontri istituzionali con la Provincia e il Comune. Il programma prevede anche attivit\u00e0 legate alla raccolta differenziata e alla storia locale. Nei prossimi mesi, i liceali bellunesi ricambieranno la visita in Catalogna.<\/p>\n<p>&nbsp;<\/p>\n<p>&nbsp;<\/p>\n<hr \/>\n<p>&nbsp;<\/p>\n<h2><span style=\"color: #ff0000;\">CONSIGLI COMUNALI IN AGORDINO<\/span><\/h2>\n<p><strong>RIVAMONTE<\/strong> Domani alle 18:30 \u00e8 stato convocato il consiglio comunale a Rivamonte. Saranno 10 i punti da trattare tra cui due variazioni a bilancio, l&#8217;approvazione dello schema di contratto con ASCA, la nomina del revisore dei conti, l&#8217;approvazione della convenzione della gestione degli impianti sportivi di propriet\u00e0 dell&#8217;Unione Montana Agordina e l&#8217;approvazione della convenzione per la gestione associata della centrale unica di committenza.<\/p>\n<p>&nbsp;<\/p>\n<hr \/>\n<p>&nbsp;<\/p>\n<blockquote>\n<h3 class=\"\" data-start=\"0\" data-end=\"64\"><strong data-start=\"4\" data-end=\"62\">POSTE ITALIANE: PENSIONI DI APRILE IN PAGAMENTO DA OGGI<br \/>\n<\/strong><\/h3>\n<\/blockquote>\n<p class=\"\" data-start=\"66\" data-end=\"347\">A partire da oggi, le pensioni saranno disponibili negli uffici postali e agli ATM Postamat della provincia di Belluno. Chi ha scelto l\u2019accredito su libretto di risparmio, conto BancoPosta o Postepay Evolution potr\u00e0 prelevare direttamente dagli sportelli automatici. I possessori di carta di debito associata a conti o libretti usufruiranno di una polizza gratuita contro furti dopo il prelievo. Poste Italiane consiglia di ritirare la pensione in tarda mattinata o nel pomeriggio per evitare attese.<\/p>\n<p>&nbsp;<\/p>\n<hr \/>\n<p>&nbsp;<\/p>\n<blockquote>\n<h3><a class=\"dt-pswp-item\" href=\"https:\/\/www.radiopiu.net\/wordpress\/wp-content\/uploads\/2021\/11\/QUESTURA-BELLUNO.png\" data-dt-img-description=\"\" data-large_image_width=\"1912\" data-large_image_height=\"1384\"><img loading=\"lazy\" decoding=\"async\" class=\" wp-image-244040 alignleft\" src=\"https:\/\/www.radiopiu.net\/wordpress\/wp-content\/uploads\/2021\/11\/QUESTURA-BELLUNO-300x217.png\" alt=\"\" width=\"160\" height=\"116\" srcset=\"https:\/\/www.radiopiu.net\/wordpress\/wp-content\/uploads\/2021\/11\/QUESTURA-BELLUNO-300x217.png 300w, https:\/\/www.radiopiu.net\/wordpress\/wp-content\/uploads\/2021\/11\/QUESTURA-BELLUNO-1024x741.png 1024w, https:\/\/www.radiopiu.net\/wordpress\/wp-content\/uploads\/2021\/11\/QUESTURA-BELLUNO-768x556.png 768w, https:\/\/www.radiopiu.net\/wordpress\/wp-content\/uploads\/2021\/11\/QUESTURA-BELLUNO-1536x1112.png 1536w, https:\/\/www.radiopiu.net\/wordpress\/wp-content\/uploads\/2021\/11\/QUESTURA-BELLUNO.png 1912w\" sizes=\"auto, (max-width: 160px) 100vw, 160px\" \/><\/a>UN BANDO PER 133 COMMISSARI TECNICI DELLA POLIZIA DI STATO<\/h3>\n<\/blockquote>\n<p><strong>BELLUNO<\/strong> Sono stati pubblicati i bandi per concorsi pubblici della Polizia di Stato per l&#8217;assunzione di 133 commissari tecnici in diverse discipline (biologi, ingegneri, chimici, psicologi e fisici). Le domande possono essere presentate online dal 25 marzo al 23 aprile 2025 tramite il sito della Polizia di Stato o il Portale unico del reclutamento.<\/p>\n<p>&nbsp;<\/p>\n<blockquote>\n<h3>CONCORSO PER L&#8217;ASSUNZIONE DI 1500 ALLIEVI VICE ISPETTORI DI POLIZIA<\/h3>\n<\/blockquote>\n<p><strong>BELLUNO<\/strong> \u00c8 stato pubblicato il bando di concorso per l&#8217;assunzione di 1.500 allievi vice ispettori della Polizia di Stato. Le domande possono essere presentate online dal 1\u00b0 al 30 aprile 2025 attraverso il sito della Polizia di Stato o il Portale unico del reclutamento.<\/p>\n<p>&nbsp;<\/p>\n<hr \/>\n<blockquote>\n<h3 class=\"\" data-start=\"0\" data-end=\"70\"><strong data-start=\"4\" data-end=\"68\"><br \/>\nASSEMBLEA ORDINARIA DELL\u2019UNIONE ITALIANA CIECHI E IPOVEDENTI<\/strong><\/h3>\n<\/blockquote>\n<p class=\"\" data-start=\"72\" data-end=\"368\"><strong>BELLUNO<\/strong> Domenica 13 aprile 2025, alle\u00a0 9 nella Sala Muccin del Centro Congressi Giovanni XXIII di Belluno, si terr\u00e0 l\u2019Assemblea ordinaria dell\u2019Unione Italiana dei Ciechi e degli Ipovedenti. Durante l\u2019incontro si eleggeranno il nuovo Consiglio Direttivo e i rappresentanti regionali e nazionali.<\/p>\n<hr \/>\n<p class=\"\" data-start=\"0\" data-end=\"73\"><strong data-start=\"0\" data-end=\"73\">\u00a0<\/strong><\/p>\n<blockquote>\n<h3 data-start=\"0\" data-end=\"73\"><strong data-start=\"0\" data-end=\"73\">ASSEMBLEA ANNUALE DELL&#8217;ASSOCIAZIONE AMICI DEI MINERARI E CENA SOCIALE<\/strong><\/h3>\n<\/blockquote>\n<p class=\"\" data-start=\"75\" data-end=\"88\"><strong>AGORDO<\/strong> Sabato\u00a0 si terr\u00e0 l&#8217;assemblea annuale dell&#8217;Associazione Amici dei Minerari. L&#8217;evento avr\u00e0 luogo presso la Sala Don Tamis, con inizio alle ore 17:30. Al termine dell&#8217;assemblea, alle ore 20:00, \u00e8 prevista una cena sociale presso il Ristorante Alle Antiche Miniere. Invitiati tutti i soci e gli interessati a partecipare a questi momenti di incontro e condivisione. Per ulteriori informazioni, contattare l&#8217;Associazione Amici dei Minerari.<\/p>\n<p>&nbsp;<\/p>\n<hr \/>\n<p>&nbsp;<\/p>\n<blockquote>\n<p class=\"\" data-start=\"0\" data-end=\"53\"><strong data-start=\"0\" data-end=\"53\"><a class=\"dt-pswp-item\" href=\"https:\/\/www.radiopiu.net\/wordpress\/wp-content\/uploads\/2025\/03\/Gabrieli-scaled.jpeg\" data-dt-img-description=\"\" data-large_image_width=\"2560\" data-large_image_height=\"2560\"><img loading=\"lazy\" decoding=\"async\" class=\"wp-image-442467 alignleft\" src=\"https:\/\/www.radiopiu.net\/wordpress\/wp-content\/uploads\/2025\/03\/Gabrieli-300x300.jpeg\" alt=\"\" width=\"137\" height=\"137\" srcset=\"https:\/\/www.radiopiu.net\/wordpress\/wp-content\/uploads\/2025\/03\/Gabrieli-300x300.jpeg 300w, https:\/\/www.radiopiu.net\/wordpress\/wp-content\/uploads\/2025\/03\/Gabrieli-1024x1024.jpeg 1024w, https:\/\/www.radiopiu.net\/wordpress\/wp-content\/uploads\/2025\/03\/Gabrieli-150x150.jpeg 150w, https:\/\/www.radiopiu.net\/wordpress\/wp-content\/uploads\/2025\/03\/Gabrieli-768x768.jpeg 768w, https:\/\/www.radiopiu.net\/wordpress\/wp-content\/uploads\/2025\/03\/Gabrieli-1536x1536.jpeg 1536w, https:\/\/www.radiopiu.net\/wordpress\/wp-content\/uploads\/2025\/03\/Gabrieli-2048x2048.jpeg 2048w\" sizes=\"auto, (max-width: 137px) 100vw, 137px\" \/><\/a>EMOZIONE MONTAGNA 2025: &#8220;AL COSSERTO DEI GIGANTI&#8221;<\/strong><\/p>\n<p class=\"\" data-start=\"0\" data-end=\"53\"><span class=\"relative -mx-px my-[-0.2rem] rounded px-px py-[0.2rem]\"><strong>BELLUNO<\/strong> Gioved\u00ec alle 20:30,\u00a0 al Circolo Val Cicogna di Castoi, si terr\u00e0 l&#8217;evento conclusivo della rassegna Emozione Montagna 2025.<\/span> <span class=\"relative -mx-px my-[-0.2rem] rounded px-px py-[0.2rem]\">I protagonisti, il glaciologo Jacopo Gabrieli (foto), la guida alpina Paolo Conz e il fotografo Riccardo Selvatico, condivideranno le emozioni di una spedizione scientifica ai piedi del K2, focalizzandosi sul cambiamento climatico attraverso lo studio dei ghiacciai himalayani.<\/span> <span class=\"relative -mx-px my-[-0.2rem] rounded px-px py-[0.2rem]\">La serata offrir\u00e0 racconti e immagini di un&#8217;esperienza unica, evidenziando l&#8217;importanza di azioni coraggiose per il nostro presente.<\/span> <span class=\"relative -mx-px my-[-0.2rem] rounded px-px py-[0.2rem]\">L&#8217;ingresso \u00e8 libero fino a esaurimento posti.\u00a0 \u00a0<\/span><\/p>\n<\/blockquote>\n<hr \/>\n<blockquote>\n<p class=\"\" data-start=\"0\" data-end=\"52\"><strong data-start=\"0\" data-end=\"52\"><a class=\"dt-pswp-item\" href=\"https:\/\/www.radiopiu.net\/wordpress\/wp-content\/uploads\/2025\/03\/Senza-nome-53.png\" data-dt-img-description=\"\" data-large_image_width=\"384\" data-large_image_height=\"178\"><img loading=\"lazy\" decoding=\"async\" class=\" wp-image-442468 alignleft\" src=\"https:\/\/www.radiopiu.net\/wordpress\/wp-content\/uploads\/2025\/03\/Senza-nome-53-300x139.png\" alt=\"\" width=\"244\" height=\"113\" srcset=\"https:\/\/www.radiopiu.net\/wordpress\/wp-content\/uploads\/2025\/03\/Senza-nome-53-300x139.png 300w, https:\/\/www.radiopiu.net\/wordpress\/wp-content\/uploads\/2025\/03\/Senza-nome-53.png 384w\" sizes=\"auto, (max-width: 244px) 100vw, 244px\" \/><\/a>PRESENTAZIONE DEL LIBRO &#8220;SAMURAI&#8221; ALLA CREPADONA<\/strong><\/p>\n<\/blockquote>\n<p class=\"\" data-start=\"54\" data-end=\"287\"><strong>BELLUNO <\/strong><span class=\"relative -mx-px my-[-0.2rem] rounded px-px py-[0.2rem]\">Sabato 12 aprile alle 18\u00a0 in Crepadona, l&#8217;associazione Vivaio Dolomiti presenter\u00e0 il libro &#8220;Samurai&#8221; di Andrea Scarpa, intervistando Mario Maffucci.<\/span> <span class=\"relative -mx-px my-[-0.2rem] rounded px-px py-[0.2rem]\">Maffucci, noto come &#8220;il Forrest Gump&#8221; della TV italiana, ha lavorato in Rai dal 1968 ai primi anni 2000, contribuendo a programmi iconici.<\/span> <span class=\"relative -mx-px my-[-0.2rem] rounded px-px py-[0.2rem]\">La serata, condotta da Daniele Marcassa, includer\u00e0 interventi musicali del Coro Arcobaleno di Limana e dei Neon Duo.<\/span> <span class=\"relative -mx-px my-[-0.2rem] rounded px-px py-[0.2rem]\">L&#8217;ingresso \u00e8 libero fino a esaurimento posti.<\/span> \u200b<\/p>\n<div class=\"absolute h-[60px]\">\n<div class=\"flex flex-row-reverse\">\n<div class=\"flex items-center overflow-hidden rounded-full border-token-main-surface-primary bg-token-main-surface-primary -ml-1 first:mr-0 border-2 group-hover\/footnote:border-token-main-surface-secondary relative\"><strong>foto<\/strong> MarioMaffucci_AndreaScarpa_credit Barbara Ledda<\/div>\n<div><\/div>\n<div><\/div>\n<div>\n<hr \/>\n<\/div>\n<div><\/div>\n<div><\/div>\n<div>\n<blockquote>\n<p class=\"\" data-start=\"0\" data-end=\"76\"><strong data-start=\"0\" data-end=\"76\">PRESENTAZIONE DEL LIBRO &#8220;OPERAZIONE PIAVE&#8221; AL CIRCOLO LA TERRA DEI PADRI<\/strong><\/p>\n<\/blockquote>\n<p class=\"\" data-start=\"78\" data-end=\"159\"><span class=\"relative -mx-px my-[-0.2rem] rounded px-px py-[0.2rem]\"><strong><a class=\"dt-pswp-item\" href=\"https:\/\/www.radiopiu.net\/wordpress\/wp-content\/uploads\/2025\/03\/Senza-nome-54.png\" data-dt-img-description=\"\" data-large_image_width=\"197\" data-large_image_height=\"113\"><img loading=\"lazy\" decoding=\"async\" class=\"size-full wp-image-442469 alignleft\" src=\"https:\/\/www.radiopiu.net\/wordpress\/wp-content\/uploads\/2025\/03\/Senza-nome-54.png\" alt=\"\" width=\"197\" height=\"113\" \/><\/a>BELLUNO<\/strong> Sabato 12 aprile 2025 alle 17, il Circolo culturale &#8220;La Terra dei Padri, in collaborazione con la Delegazione bellunese della Lega Nazionale, ospiter\u00e0 la presentazione del saggio storico &#8220;Operazione Piave \u2013 Storia di un massacro&#8221; presso la sede di via dei Molini 10, Belluno (Borgo Piave, di fronte alla chiesa di San Nicol\u00f2).<\/span>\u200b <span class=\"relative -mx-px my-[-0.2rem] rounded px-px py-[0.2rem]\">L&#8217;autore, Antonio Serena, ricostruisce dettagliatamente il rastrellamento del Monte Grappa nel 1944, analizzando le scelte tattiche dei comandi tedeschi e le reazioni dei servizi segreti britannici e di alcuni comandanti partigiani.<\/span> <span class=\"relative -mx-px my-[-0.2rem] rounded px-px py-[0.2rem]\">La prefazione \u00e8 a cura dello storico Franco Cardini, che sottolinea l&#8217;onest\u00e0 scientifica e la scrupolosit\u00e0 della ricerca.<\/span>\u200b <span class=\"relative -mx-px my-[-0.2rem] rounded px-px py-[0.2rem]\">La presentazione sar\u00e0 introdotta da Francesco Dematt\u00e8.<\/span> <span class=\"relative -mx-px my-[-0.2rem] rounded px-px py-[0.2rem]\">L&#8217;ingresso \u00e8 libero fino a esaurimento posti.<\/span><\/p>\n<\/div>\n<\/div>\n<div><\/div>\n<\/div>\n<p>&nbsp;<\/p>\n<p>&nbsp;<\/p>\n<p>&nbsp;<\/p>\n<hr \/>\n<p>&nbsp;<\/p>\n<blockquote>\n<h3><a class=\"dt-pswp-item\" href=\"https:\/\/www.radiopiu.net\/wordpress\/wp-content\/uploads\/2025\/03\/COLOMBA-ADMO.jpg\" data-dt-img-description=\"\" data-large_image_width=\"785\" data-large_image_height=\"785\"><img loading=\"lazy\" decoding=\"async\" class=\" wp-image-441688 alignleft\" src=\"https:\/\/www.radiopiu.net\/wordpress\/wp-content\/uploads\/2025\/03\/COLOMBA-ADMO-300x300.jpg\" alt=\"\" width=\"160\" height=\"160\" srcset=\"https:\/\/www.radiopiu.net\/wordpress\/wp-content\/uploads\/2025\/03\/COLOMBA-ADMO-300x300.jpg 300w, https:\/\/www.radiopiu.net\/wordpress\/wp-content\/uploads\/2025\/03\/COLOMBA-ADMO-150x150.jpg 150w, https:\/\/www.radiopiu.net\/wordpress\/wp-content\/uploads\/2025\/03\/COLOMBA-ADMO-768x768.jpg 768w, https:\/\/www.radiopiu.net\/wordpress\/wp-content\/uploads\/2025\/03\/COLOMBA-ADMO.jpg 785w\" sizes=\"auto, (max-width: 160px) 100vw, 160px\" \/><\/a>UNA COLOMBA PER LA VITA CON ADMO<\/h3>\n<\/blockquote>\n<p><strong>BELLUNO<\/strong> Solo 1 persona su 100.000 \u00e8 compatibile per la donazione di midollo osseo. ADMO promuove la campagna pasquale con la vendita di colombe per sensibilizzare e raccogliere fondi a favore dell\u2019iscrizione al registro donatori (IBMDR). L&#8217;iniziativa \u00e8 attiva in tutta Italia, incluse le piazze e supermercati del Veneto. Le informazioni sono disponibili sui social delle province e sul sito <a class=\"\" href=\"http:\/\/www.admoveneto.it\/iscriviti\" target=\"_new\" rel=\"noopener\" data-start=\"384\" data-end=\"411\">www.admoveneto.it\/iscriviti<\/a>. Nel 2024, ADMO Veneto ha registrato oltre 5000 nuovi iscritti e 103 donazioni effettive. L\u2019obiettivo \u00e8 stimolare una scelta consapevole e duratura. La Presidente Mara Rosolen sottolinea il valore della solidariet\u00e0. Le colombe solidali sono disponibili anche online su <a class=\"\" href=\"http:\/\/www.admoveneto.it\/campagna-colombe\/\" target=\"_new\" rel=\"noopener\" data-start=\"681\" data-end=\"716\">www.admoveneto.it\/campagna-colombe\/<\/a>.<\/p>\n<p>&nbsp;<\/p>\n<p>&nbsp;<\/p>\n<p>&nbsp;<\/p>\n<p>&nbsp;<\/p>\n<hr \/>\n<p>&nbsp;<\/p>\n<blockquote>\n<h3>NASCERE NELLE DOLOMITI: PROSSIMO INCONTRO A CENCENIGHE<\/h3>\n<\/blockquote>\n<p><strong><a class=\"dt-pswp-item\" href=\"https:\/\/www.radiopiu.net\/wordpress\/wp-content\/uploads\/2025\/03\/SCR-20250322-kbxo.jpeg\" data-dt-img-description=\"\" data-large_image_width=\"1346\" data-large_image_height=\"946\"><img loading=\"lazy\" decoding=\"async\" class=\" wp-image-440975 alignleft\" src=\"https:\/\/www.radiopiu.net\/wordpress\/wp-content\/uploads\/2025\/03\/SCR-20250322-kbxo-300x211.jpeg\" alt=\"\" width=\"189\" height=\"133\" srcset=\"https:\/\/www.radiopiu.net\/wordpress\/wp-content\/uploads\/2025\/03\/SCR-20250322-kbxo-300x211.jpeg 300w, https:\/\/www.radiopiu.net\/wordpress\/wp-content\/uploads\/2025\/03\/SCR-20250322-kbxo-1024x720.jpeg 1024w, https:\/\/www.radiopiu.net\/wordpress\/wp-content\/uploads\/2025\/03\/SCR-20250322-kbxo-768x540.jpeg 768w, https:\/\/www.radiopiu.net\/wordpress\/wp-content\/uploads\/2025\/03\/SCR-20250322-kbxo.jpeg 1346w\" sizes=\"auto, (max-width: 189px) 100vw, 189px\" \/><\/a>CENCENIGHE <\/strong>Prosegue il ciclo di incontri \u201cNascere nelle Dolomiti: il percorso salute mamma-bambino\u201d, organizzati dall\u2019Ulss Dolomiti nell\u2019ambito dell\u2019area materno-infantile. Il prossimo incontro si terr\u00e0 gioved\u00ec 3 aprile alle 16.30 nella Sala Culturale Comunale \u2013 Centro Nof Fil\u00f2 a Cencenighe Agordino. Si tratta del terzo di una serie di appuntamenti sul territorio, aperti alla cittadinanza, promossi dalle unit\u00e0 operative di Ostetricia e Ginecologia e di Pediatria dell\u2019Ospedale di Belluno, dedicati al percorso salute della mamma e del bambino. Durante gli incontri saranno illustrati e approfonditi i percorsi e i servizi del punto nascita. La cittadinanza \u00e8 invitata.<\/p>\n<p>&nbsp;<\/p>\n<p>&nbsp;<\/p>\n<p>&nbsp;<\/p>\n<p>&nbsp;<\/p>\n<p>&nbsp;<\/p>\n<hr \/>\n<p>&nbsp;<\/p>\n<blockquote>\n<h3>INSIEME PER L&#8217;AUTISMO<\/h3>\n<\/blockquote>\n<p><strong><a class=\"dt-pswp-item\" href=\"https:\/\/www.radiopiu.net\/wordpress\/wp-content\/uploads\/2025\/03\/SCR-20250322-lkpf.png\" data-dt-img-description=\"\" data-large_image_width=\"1366\" data-large_image_height=\"772\"><img loading=\"lazy\" decoding=\"async\" class=\" wp-image-440982 alignleft\" src=\"https:\/\/www.radiopiu.net\/wordpress\/wp-content\/uploads\/2025\/03\/SCR-20250322-lkpf-300x170.png\" alt=\"\" width=\"215\" height=\"122\" srcset=\"https:\/\/www.radiopiu.net\/wordpress\/wp-content\/uploads\/2025\/03\/SCR-20250322-lkpf-300x170.png 300w, https:\/\/www.radiopiu.net\/wordpress\/wp-content\/uploads\/2025\/03\/SCR-20250322-lkpf-1024x579.png 1024w, https:\/\/www.radiopiu.net\/wordpress\/wp-content\/uploads\/2025\/03\/SCR-20250322-lkpf-768x434.png 768w, https:\/\/www.radiopiu.net\/wordpress\/wp-content\/uploads\/2025\/03\/SCR-20250322-lkpf.png 1366w\" sizes=\"auto, (max-width: 215px) 100vw, 215px\" \/><\/a>BELLUNO<\/strong> L\u2019Ulss Dolomiti promuove l\u2019evento \u201cInsieme per l\u2019autismo\u201d il 2 aprile 2025, in occasione della Giornata mondiale della consapevolezza sull\u2019autismo. L\u2019iniziativa, realizzata con diverse unit\u00e0 operative sanitarie, scuole e associazioni, mira a sensibilizzare sul Disturbo dello Spettro Autistico e sull\u2019importanza di interventi inclusivi. La mattina, al Centro Congressi Giovanni XXIII di Belluno, si terranno laboratori esperienziali per studenti, tra cui attivit\u00e0 teatrali, sportive e creative. Nel pomeriggio, un incontro aperto alla cittadinanza presenter\u00e0 i progetti attivi e le strategie future per il benessere delle persone autistiche, moderato da Milena Guglielminetti.<\/p>\n<p>&nbsp;<\/p>\n<p>&nbsp;<\/p>\n<p>&nbsp;<\/p>\n<p>&nbsp;<\/p>\n<p>&nbsp;<\/p>\n<hr \/>\n<p>&nbsp;<\/p>\n<blockquote>\n<h3>&#8220;DA ONDE VERS ONDE&#8221; A CENCENIGHE<\/h3>\n<\/blockquote>\n<p><strong><a class=\"dt-pswp-item\" href=\"https:\/\/www.radiopiu.net\/wordpress\/wp-content\/uploads\/2025\/03\/LSODHFHDYUDJ.jpg\" data-dt-img-description=\"\" data-large_image_width=\"1754\" data-large_image_height=\"1337\"><img loading=\"lazy\" decoding=\"async\" class=\" wp-image-441343 alignleft\" src=\"https:\/\/www.radiopiu.net\/wordpress\/wp-content\/uploads\/2025\/03\/LSODHFHDYUDJ-300x229.jpg\" alt=\"\" width=\"174\" height=\"133\" srcset=\"https:\/\/www.radiopiu.net\/wordpress\/wp-content\/uploads\/2025\/03\/LSODHFHDYUDJ-300x229.jpg 300w, https:\/\/www.radiopiu.net\/wordpress\/wp-content\/uploads\/2025\/03\/LSODHFHDYUDJ-1024x781.jpg 1024w, https:\/\/www.radiopiu.net\/wordpress\/wp-content\/uploads\/2025\/03\/LSODHFHDYUDJ-768x585.jpg 768w, https:\/\/www.radiopiu.net\/wordpress\/wp-content\/uploads\/2025\/03\/LSODHFHDYUDJ-1536x1171.jpg 1536w, https:\/\/www.radiopiu.net\/wordpress\/wp-content\/uploads\/2025\/03\/LSODHFHDYUDJ.jpg 1754w\" sizes=\"auto, (max-width: 174px) 100vw, 174px\" \/><\/a>CENCENIGHE <\/strong>L\u2019Union Ladina Val Biois, in collaborazione con il Musla, organizza la seconda edizione delle serate linguistiche <em data-start=\"114\" data-end=\"135\">&#8220;Da onde vers onde&#8221;<\/em>, in sala consigliare a Cencenighe Agordino. L\u2019evento approfondir\u00e0 l\u2019evoluzione storica e linguistica dell\u2019Agordino. Il 4 aprile Nicola Cassisi, docente di lettere, analizzer\u00e0 il legame tra lingua, paesaggio ed economia nelle valli dolomitiche. Le serate, aperte a tutti e a ingresso libero, vogliono valorizzare la lingua ladina e la storia locale, aiutando la comunit\u00e0 a comprendere il proprio passato e affrontare il futuro con consapevolezza.<\/p>\n<p>&nbsp;<\/p>\n<p>&nbsp;<\/p>\n<p>&nbsp;<\/p>\n<p>&nbsp;<\/p>\n<p>&nbsp;<\/p>\n<hr \/>\n<p>&nbsp;<\/p>\n<blockquote>\n<h3>EDUCA IL FUTURO A FELTRE<\/h3>\n<\/blockquote>\n<p><strong><a class=\"dt-pswp-item\" href=\"https:\/\/www.radiopiu.net\/wordpress\/wp-content\/uploads\/2025\/03\/Unknown-23.jpeg\" data-dt-img-description=\"\" data-large_image_width=\"1079\" data-large_image_height=\"1089\"><img loading=\"lazy\" decoding=\"async\" class=\" wp-image-442051 alignleft\" src=\"https:\/\/www.radiopiu.net\/wordpress\/wp-content\/uploads\/2025\/03\/Unknown-23-297x300.jpeg\" alt=\"\" width=\"154\" height=\"156\" srcset=\"https:\/\/www.radiopiu.net\/wordpress\/wp-content\/uploads\/2025\/03\/Unknown-23-297x300.jpeg 297w, https:\/\/www.radiopiu.net\/wordpress\/wp-content\/uploads\/2025\/03\/Unknown-23-1015x1024.jpeg 1015w, https:\/\/www.radiopiu.net\/wordpress\/wp-content\/uploads\/2025\/03\/Unknown-23-768x775.jpeg 768w, https:\/\/www.radiopiu.net\/wordpress\/wp-content\/uploads\/2025\/03\/Unknown-23.jpeg 1079w\" sizes=\"auto, (max-width: 154px) 100vw, 154px\" \/><\/a>FELTRE<\/strong> Il progetto \u201cEduca il futuro\u201d, avviato nel 2023 nel Feltrino e Bellunese per contrastare la povert\u00e0 educativa minorile, sta giungendo alla fase conclusiva. Promosso da Portaperta e sostenuto dal Fondo per il contrasto della povert\u00e0 educativa, ha coinvolto quasi 30 realt\u00e0 locali. Domani al Campus \u201cTina Merlin\u201d di Feltre, si terr\u00e0 un duplice evento: un incontro con la pedagogista Emily Magnanelli e la sottoscrizione del Patto di Comunit\u00e0, che impegna istituzioni, scuole e associazioni a sostenere la crescita educativa. Il Patto mira a integrare pubblico e privato per sviluppare servizi e iniziative per famiglie e giovani. La rete del progetto \u00e8 cresciuta da 9 a oltre 30 partner, creando un modello di collaborazione duraturo per il futuro educativo del territorio.<\/p>\n<p>&nbsp;<\/p>\n<p>&nbsp;<\/p>\n<p>&nbsp;<\/p>\n<p>&nbsp;<\/p>\n<p>&nbsp;<\/p>\n<hr \/>\n<p>&nbsp;<\/p>\n<blockquote>\n<article class=\"w-full text-token-text-primary\" dir=\"auto\" data-testid=\"conversation-turn-4\" data-scroll-anchor=\"true\">\n<div class=\"text-base my-auto mx-auto py-5 px-6\">\n<div class=\"mx-auto flex flex-1 text-base gap-4 md:gap-5 lg:gap-6 md:max-w-3xl group\/turn-messages focus-visible:outline-none\" tabindex=\"-1\">\n<div class=\"group\/conversation-turn relative flex w-full min-w-0 flex-col agent-turn @xs\/thread:px-0 @sm\/thread:px-1.5 @md\/thread:px-4\">\n<div class=\"relative flex-col gap-1 md:gap-3\">\n<div class=\"flex max-w-full flex-col flex-grow\">\n<div class=\"min-h-8 text-message relative flex w-full flex-col items-end gap-2 whitespace-normal break-words text-start [.text-message+&amp;]:mt-5\" dir=\"auto\" data-message-author-role=\"assistant\" data-message-id=\"c95c95c6-a1ac-4866-a6e0-43ed1c022444\" data-message-model-slug=\"gpt-4o\">\n<div class=\"flex w-full flex-col gap-1 empty:hidden first:pt-[3px]\">\n<div class=\"markdown prose w-full break-words dark:prose-invert dark\">\n<p class=\"\" data-start=\"0\" data-end=\"84\"><strong data-start=\"0\" data-end=\"84\" data-is-last-node=\"\" data-is-only-node=\"\">L\u2019ISTITUTO \u201cCALVI\u201d CELEBRA 70 ANNI INSIEME AI 20 DELL\u2019ASSOCIAZIONE EX ALLIEVI<\/strong><\/p>\n<\/div>\n<\/div>\n<\/div>\n<\/div>\n<\/div>\n<div class=\"absolute\">\n<div><\/div>\n<\/div>\n<\/div>\n<\/div>\n<\/div>\n<\/article>\n<\/blockquote>\n<article class=\"w-full text-token-text-primary\" dir=\"auto\" data-testid=\"conversation-turn-4\" data-scroll-anchor=\"true\">\n<div class=\"text-base my-auto mx-auto py-5 px-6\">\n<div class=\"mx-auto flex flex-1 text-base gap-4 md:gap-5 lg:gap-6 md:max-w-3xl group\/turn-messages focus-visible:outline-none\" tabindex=\"-1\">\n<div class=\"group\/conversation-turn relative flex w-full min-w-0 flex-col agent-turn @xs\/thread:px-0 @sm\/thread:px-1.5 @md\/thread:px-4\">\n<div class=\"absolute\">\n<div class=\"flex items-center justify-center\">\n<p><strong><strong>BELLUNO <\/strong><\/strong><\/p>\n<p class=\"\" data-start=\"37\" data-end=\"463\">L&#8217;Istituto Tecnico Economico \u201cCalvi\u201d celebra i suoi 70 anni, insieme ai 20 dell\u2019Associazione Ex Allievi.\u00a0 Venerd\u00ec alle 15:30 nella palestra di via\u00a0 Marchesi la manifestazione vedr\u00e0 la partecipazione di autorit\u00e0 locali, ex studenti e personale scolastico.\u00a0 Sar\u00e0 presentato il volume <em data-start=\"508\" data-end=\"564\">\u201cL\u2019I.T.E. P.F. Calvi. Una scuola proiettata al futuro\u201d<\/em>,\u00a0 a cura di Dino Bridda con\u00a0 la consegna di medaglie commemorative. Previsto l&#8217;omaggio musicale del Liceo \u201cRenier\u201d, al termine buffet curato dall\u2019Istituto Alberghiero di Longarone.<\/p>\n<\/div>\n<\/div>\n<\/div>\n<\/div>\n<\/div>\n<\/article>\n<p>&nbsp;<\/p>\n<p>&nbsp;<\/p>\n<hr \/>\n<p>&nbsp;<\/p>\n<blockquote>\n<h3>\u201cSIAMO UN\u2019OPERA D\u2019ARTE\u201d: CAMPAGNA DI SENSIBILIZZAZIONE SU INCONTINENZA E STOMIA<\/h3>\n<\/blockquote>\n<p><strong style=\"font-size: 14px;\"><a class=\"dt-pswp-item\" href=\"https:\/\/www.radiopiu.net\/wordpress\/wp-content\/uploads\/2025\/03\/Senza-nome-55.png\" data-dt-img-description=\"\" data-large_image_width=\"379\" data-large_image_height=\"358\"><img loading=\"lazy\" decoding=\"async\" class=\" wp-image-442614 alignleft\" src=\"https:\/\/www.radiopiu.net\/wordpress\/wp-content\/uploads\/2025\/03\/Senza-nome-55-300x283.png\" alt=\"\" width=\"149\" height=\"141\" srcset=\"https:\/\/www.radiopiu.net\/wordpress\/wp-content\/uploads\/2025\/03\/Senza-nome-55-300x283.png 300w, https:\/\/www.radiopiu.net\/wordpress\/wp-content\/uploads\/2025\/03\/Senza-nome-55.png 379w\" sizes=\"auto, (max-width: 149px) 100vw, 149px\" \/><\/a>AGORDO<\/strong><span style=\"font-size: 14px; font-weight: normal;\"> Si terr\u00e0 il 3 aprile 2025, dalle ore 10:00 alle 16:00, presso l\u2019Ospedale Giovanni Paolo I di Agordo (corridoio pronto soccorso, via Fontana 36, Agordo &#8211; BL), l\u2019iniziativa \u201cSiamo un\u2019opera d\u2019arte\u201d, una campagna di sensibilizzazione e informazione su incontinenza e stomia. L\u2019evento, promosso da FAIS (Federazione Associazioni Incontinenti e Stomizzati) e organizzato da AIS (Associazione Incontinenti Stomizzati) Veneto, con il patrocinio della Regione Veneto, ULSS 1 Dolomiti e altre realt\u00e0 locali, nasce per offrire ai cittadini uno spazio di dialogo e confronto con personale medico e infermieristico, al fine di migliorare la consapevolezza su queste tematiche spesso poco discusse. L\u2019iniziativa si inserisce in un pi\u00f9 ampio percorso di informazione e supporto dedicato ai pazienti e alle loro famiglie, sottolineando il messaggio chiave della campagna: \u201cAbbiamo #UnSaccoDaRaccontare\u201d. Un\u2019occasione importante per incontrarsi, informarsi e abbattere i tab\u00f9 legati a queste condizioni, ricordando che ogni persona, indipendentemente dalla propria situazione, \u00e8 un\u2019opera d\u2019arte.<\/span><\/p>\n<blockquote>\n<h3>DI JOHN FRANCIS DELLA PIETRA<\/h3>\n<\/blockquote>\n<p><a class=\"dt-pswp-item\" href=\"https:\/\/www.radiopiu.net\/wordpress\/wp-content\/uploads\/2025\/04\/89f0058d-4378-4ec0-aa06-01d007372009-1.png\" data-dt-img-description=\"\" data-large_image_width=\"1024\" data-large_image_height=\"1536\"><img loading=\"lazy\" decoding=\"async\" class=\"alignnone wp-image-442686 size-full\" src=\"https:\/\/www.radiopiu.net\/wordpress\/wp-content\/uploads\/2025\/04\/89f0058d-4378-4ec0-aa06-01d007372009-1.png\" alt=\"\" width=\"1024\" height=\"1536\" srcset=\"https:\/\/www.radiopiu.net\/wordpress\/wp-content\/uploads\/2025\/04\/89f0058d-4378-4ec0-aa06-01d007372009-1.png 1024w, https:\/\/www.radiopiu.net\/wordpress\/wp-content\/uploads\/2025\/04\/89f0058d-4378-4ec0-aa06-01d007372009-1-200x300.png 200w, https:\/\/www.radiopiu.net\/wordpress\/wp-content\/uploads\/2025\/04\/89f0058d-4378-4ec0-aa06-01d007372009-1-683x1024.png 683w, https:\/\/www.radiopiu.net\/wordpress\/wp-content\/uploads\/2025\/04\/89f0058d-4378-4ec0-aa06-01d007372009-1-768x1152.png 768w\" sizes=\"auto, (max-width: 1024px) 100vw, 1024px\" \/><\/a><\/p>\n<p>&nbsp;<\/p>\n<p>&nbsp;<\/p>\n<hr \/>\n<p>&nbsp;<\/p>\n<p>&nbsp;<\/p>\n<h1><span style=\"color: #ff6600;\">IERI ALLA RADIO<\/span><\/h1>\n<h2><span style=\"color: #ff99cc;\">OGGI COME IERI, TERZO ANNO. CON SILVIA BALDO<\/span><\/h2>\n<p><strong><a class=\"dt-pswp-item\" href=\"https:\/\/www.radiopiu.net\/wordpress\/wp-content\/uploads\/2025\/03\/Matrix.jpg\" data-dt-img-description=\"\" data-large_image_width=\"1000\" data-large_image_height=\"600\"><img loading=\"lazy\" decoding=\"async\" class=\" wp-image-442568 alignleft\" src=\"https:\/\/www.radiopiu.net\/wordpress\/wp-content\/uploads\/2025\/03\/Matrix-300x180.jpg\" alt=\"\" width=\"172\" height=\"103\" srcset=\"https:\/\/www.radiopiu.net\/wordpress\/wp-content\/uploads\/2025\/03\/Matrix-300x180.jpg 300w, https:\/\/www.radiopiu.net\/wordpress\/wp-content\/uploads\/2025\/03\/Matrix-768x461.jpg 768w, https:\/\/www.radiopiu.net\/wordpress\/wp-content\/uploads\/2025\/03\/Matrix.jpg 1000w\" sizes=\"auto, (max-width: 172px) 100vw, 172px\" \/><\/a>31 MARZO 2025 MATRIX<\/strong><\/p>\n<audio class=\"wp-audio-shortcode\" id=\"audio-442349-10\" preload=\"none\" style=\"width: 100%;\" controls=\"controls\"><source type=\"audio\/mpeg\" src=\"https:\/\/www.radiopiu.net\/wordpress\/wp-content\/uploads\/2025\/03\/SIBI-7.mp3?_=10\" \/><a href=\"https:\/\/www.radiopiu.net\/wordpress\/wp-content\/uploads\/2025\/03\/SIBI-7.mp3\">https:\/\/www.radiopiu.net\/wordpress\/wp-content\/uploads\/2025\/03\/SIBI-7.mp3<\/a><\/audio>\n<p>&nbsp;<\/p>\n<p><strong>LA RACCOLTA COMPLETA <a href=\"https:\/\/www.radiopiu.net\/wordpress\/oggi-come-ieri-terzo-anno-con-silvia-baldo\/\"><span style=\"color: #3366ff;\">CLICCA QUI<\/span><\/a><\/strong><\/p>\n<p>&nbsp;<\/p>\n<hr \/>\n<p>&nbsp;<\/p>\n<h2><span style=\"color: #993366;\">RITRATTI SONORI, IL PROGRAMMA DI ALESSIA DALL&#8217;O&#8217;<\/span><\/h2>\n<p><span style=\"color: #ff0000;\"><strong><a class=\"dt-pswp-item\" href=\"https:\/\/www.radiopiu.net\/wordpress\/wp-content\/uploads\/2025\/03\/DE-POLI.jpg\" data-dt-img-description=\"\" data-large_image_width=\"383\" data-large_image_height=\"278\"><img loading=\"lazy\" decoding=\"async\" class=\" wp-image-442576 alignleft\" src=\"https:\/\/www.radiopiu.net\/wordpress\/wp-content\/uploads\/2025\/03\/DE-POLI-300x218.jpg\" alt=\"\" width=\"175\" height=\"127\" srcset=\"https:\/\/www.radiopiu.net\/wordpress\/wp-content\/uploads\/2025\/03\/DE-POLI-300x218.jpg 300w, https:\/\/www.radiopiu.net\/wordpress\/wp-content\/uploads\/2025\/03\/DE-POLI.jpg 383w\" sizes=\"auto, (max-width: 175px) 100vw, 175px\" \/><\/a>PUNTATA 21 &#8211; FRANCO DE POLI<\/strong><\/span><\/p>\n<p>PRIMA PARTE<\/p>\n<audio class=\"wp-audio-shortcode\" id=\"audio-442349-11\" preload=\"none\" style=\"width: 100%;\" controls=\"controls\"><source type=\"audio\/mpeg\" src=\"https:\/\/www.radiopiu.net\/wordpress\/wp-content\/uploads\/2025\/03\/FRANCO-DE-POLI-1.mp3?_=11\" \/><a href=\"https:\/\/www.radiopiu.net\/wordpress\/wp-content\/uploads\/2025\/03\/FRANCO-DE-POLI-1.mp3\">https:\/\/www.radiopiu.net\/wordpress\/wp-content\/uploads\/2025\/03\/FRANCO-DE-POLI-1.mp3<\/a><\/audio>\n<p>&nbsp;<\/p>\n<p>SECONDA PARTE<\/p>\n<audio class=\"wp-audio-shortcode\" id=\"audio-442349-12\" preload=\"none\" style=\"width: 100%;\" controls=\"controls\"><source type=\"audio\/mpeg\" src=\"https:\/\/www.radiopiu.net\/wordpress\/wp-content\/uploads\/2025\/03\/FRANCO-DE-POLI-2.mp3?_=12\" \/><a href=\"https:\/\/www.radiopiu.net\/wordpress\/wp-content\/uploads\/2025\/03\/FRANCO-DE-POLI-2.mp3\">https:\/\/www.radiopiu.net\/wordpress\/wp-content\/uploads\/2025\/03\/FRANCO-DE-POLI-2.mp3<\/a><\/audio>\n<p>&nbsp;<\/p>\n<p>TERZA PARTE<\/p>\n<audio class=\"wp-audio-shortcode\" id=\"audio-442349-13\" preload=\"none\" style=\"width: 100%;\" controls=\"controls\"><source type=\"audio\/mpeg\" src=\"https:\/\/www.radiopiu.net\/wordpress\/wp-content\/uploads\/2025\/03\/FRANCO-DE-POLI-3.mp3?_=13\" \/><a href=\"https:\/\/www.radiopiu.net\/wordpress\/wp-content\/uploads\/2025\/03\/FRANCO-DE-POLI-3.mp3\">https:\/\/www.radiopiu.net\/wordpress\/wp-content\/uploads\/2025\/03\/FRANCO-DE-POLI-3.mp3<\/a><\/audio>\n<p>&nbsp;<\/p>\n<p><strong>LA RACCOLTA COMPLETA <a href=\"https:\/\/www.radiopiu.net\/wordpress\/ritratti-sonori-il-programma-di-alessia-dallo-la-raccolta\/\"><span style=\"color: #3366ff;\">CLICCA QUI<\/span><\/a><\/strong><\/p>\n<p>&nbsp;<\/p>\n<hr \/>\n<p>&nbsp;<\/p>\n<h2><span style=\"color: #00ccff;\">SALUTE E SOCIETA&#8217;, CON IL DOTTOR MARCO CARACCIOLO<\/span><\/h2>\n<p><strong><a class=\"dt-pswp-item\" href=\"https:\/\/www.radiopiu.net\/wordpress\/wp-content\/uploads\/2025\/03\/6245e3d5-c7f7-4676-9653-b570b1b644be.jpg\" data-dt-img-description=\"\" data-large_image_width=\"800\" data-large_image_height=\"445\"><img loading=\"lazy\" decoding=\"async\" class=\"wp-image-442461 alignleft\" src=\"https:\/\/www.radiopiu.net\/wordpress\/wp-content\/uploads\/2025\/03\/6245e3d5-c7f7-4676-9653-b570b1b644be-300x167.jpg\" alt=\"\" width=\"230\" height=\"128\" srcset=\"https:\/\/www.radiopiu.net\/wordpress\/wp-content\/uploads\/2025\/03\/6245e3d5-c7f7-4676-9653-b570b1b644be-300x167.jpg 300w, https:\/\/www.radiopiu.net\/wordpress\/wp-content\/uploads\/2025\/03\/6245e3d5-c7f7-4676-9653-b570b1b644be-768x427.jpg 768w, https:\/\/www.radiopiu.net\/wordpress\/wp-content\/uploads\/2025\/03\/6245e3d5-c7f7-4676-9653-b570b1b644be.jpg 800w\" sizes=\"auto, (max-width: 230px) 100vw, 230px\" \/><\/a>Tumore metastatico del colon-retto<\/strong><\/p>\n<p>Tumore metastatico del colon-retto: il valore di un approccio integrato che si prenda cura della cura. Un Position Paper e un corto in tre episodi raccontano bisogni ed esperienze dei pazienti in un&#8217;iniziativa promossa da Takeda Italia.<br \/>\nAccesso alla salute Boehringer Ingelheim e Comunit\u00e0 di Sant\u2019Egidio presentano H.O.P.E., un progetto sulla prevenzione delle patologie croniche per ridare speranza agli \u201cinvisibili\u201d fragili o senza fissa dimora.<\/p>\n<audio class=\"wp-audio-shortcode\" id=\"audio-442349-14\" preload=\"none\" style=\"width: 100%;\" controls=\"controls\"><source type=\"audio\/mpeg\" src=\"https:\/\/www.radiopiu.net\/wordpress\/wp-content\/uploads\/2025\/03\/SALUTE-5.mp3?_=14\" \/><a href=\"https:\/\/www.radiopiu.net\/wordpress\/wp-content\/uploads\/2025\/03\/SALUTE-5.mp3\">https:\/\/www.radiopiu.net\/wordpress\/wp-content\/uploads\/2025\/03\/SALUTE-5.mp3<\/a><\/audio>\n<p>&nbsp;<\/p>\n<hr \/>\n<p>&nbsp;<\/p>\n<h2><span style=\"color: #ffcc00;\">I RACCONTI DI PAOLO SOPPELSA<\/span><\/h2>\n<p><strong>LUNEDI D&#8217;APRILE<\/strong><\/p>\n<p><strong>AUDIO<\/strong><\/p>\n<audio class=\"wp-audio-shortcode\" id=\"audio-442349-15\" preload=\"none\" style=\"width: 100%;\" controls=\"controls\"><source type=\"audio\/mpeg\" src=\"https:\/\/www.radiopiu.net\/wordpress\/wp-content\/uploads\/2025\/03\/PAOLOS-4.mp3?_=15\" \/><a href=\"https:\/\/www.radiopiu.net\/wordpress\/wp-content\/uploads\/2025\/03\/PAOLOS-4.mp3\">https:\/\/www.radiopiu.net\/wordpress\/wp-content\/uploads\/2025\/03\/PAOLOS-4.mp3<\/a><\/audio>\n<p>&nbsp;<\/p>\n<p><a class=\"dt-pswp-item\" href=\"https:\/\/www.radiopiu.net\/wordpress\/wp-content\/uploads\/2025\/03\/781e49e4-807b-4887-b244-4543681573b0.jpg\" data-dt-img-description=\"\" data-large_image_width=\"1600\" data-large_image_height=\"1200\"><img loading=\"lazy\" decoding=\"async\" class=\" wp-image-442159 alignleft\" src=\"https:\/\/www.radiopiu.net\/wordpress\/wp-content\/uploads\/2025\/03\/781e49e4-807b-4887-b244-4543681573b0-300x225.jpg\" alt=\"\" width=\"191\" height=\"143\" srcset=\"https:\/\/www.radiopiu.net\/wordpress\/wp-content\/uploads\/2025\/03\/781e49e4-807b-4887-b244-4543681573b0-300x225.jpg 300w, https:\/\/www.radiopiu.net\/wordpress\/wp-content\/uploads\/2025\/03\/781e49e4-807b-4887-b244-4543681573b0-1024x768.jpg 1024w, https:\/\/www.radiopiu.net\/wordpress\/wp-content\/uploads\/2025\/03\/781e49e4-807b-4887-b244-4543681573b0-768x576.jpg 768w, https:\/\/www.radiopiu.net\/wordpress\/wp-content\/uploads\/2025\/03\/781e49e4-807b-4887-b244-4543681573b0-1536x1152.jpg 1536w, https:\/\/www.radiopiu.net\/wordpress\/wp-content\/uploads\/2025\/03\/781e49e4-807b-4887-b244-4543681573b0.jpg 1600w\" sizes=\"auto, (max-width: 191px) 100vw, 191px\" \/><\/a>Quando al paese fiorirono i ciliegi io non c&#8217;ero. Mi trovavo in citt\u00e0 a vivere quell\u2019inizio di primavera che profumava di tiglio. Di fronte a casa il susino faceva ammirare i suoi nuovi fiori, lass\u00f9 al paese la neve aveva da poco lasciato liberi i prati. Nella Piccola Citt\u00e0 da un paio di settimane si stava vivendo un tempo nuovo. Un tempo di cielo colorato di un azzurro chiaro e della Schiara ancora vestita di bianco, di finestre aperte che lasciavano entrare in casa la prima aria di aprile e di persone che avevano riposto giacche e cappotti negli armadi. Al paese, invece, quel tempo non era ancora arrivato e in certi tardi pomeriggi di nuvole inquiete era ancora fuoco nelle stufe. In quei giorni si era vicini ad una Pasqua che noi avremmo vissuto in modo un po\u2019 inedito. Quell&#8217;anno avremmo officiato in anticipo il rito dell&#8217;apertura degli scuri e dell&#8217;acqua nella casa situata ai piedi del Pelsa. Arrivammo in paese al sabato appena dopo pranzo. Quando aprimmo la porta di casa l&#8217;inverno lasci\u00f2 immediatamente le stanze, rimase solamente un po\u2019 di umidit\u00e0 a raccontare l&#8217;inverno appena terminato. Nel pomeriggio andai in giro a vivere un po\u2019 di quell\u2019inizio di primavera, ammirando le cime cariche di neve e sentendo sulla pelle il fresco di quel vento che scendeva dalle due valli. Al mio ritorno trovai il fuoco acceso e una pentola piena d&#8217;acqua che bolliva sul gas. In quei giorni pasquali i boschi si mostravano ancora brulli, i larici erano ancora assonnati e i faggi di l\u00ec a poco si sarebbero svegliati mostrando le prime foglie colorate di un verde gentile. Solo un faggio non si sarebbe risvegliato dal lungo sonno invernale. Era quello delle Martinazze, che si innalzava fiero all&#8217;interno del tornante della strada provinciale. Al tempo di quella Pasqua d&#8217;inizio aprile giaceva sdraiato e con il tronco gi\u00e0 sezionato. L&#8217;aveva abbattuto pap\u00e0 qualche giorno prima, sacrificato per riscaldare la casa dei nonni durante i prossimi lunghi inverni. Era vissuto per lunghi anni accanto alla strada, su quel terreno comodo per il trasporto, tenuto par medesima, per quando l&#8217;et\u00e0 si sarebbe fatta sentire e non ci sarebbero pi\u00f9 state le forze per andare troppo lontano a recuperare legna da ardere. Ora i suoi possenti rami, ancora spogli dalle foglie colorate di quel verde brillante classico della primavera, giacevano inerti sul pendio all&#8217;interno del tornante. Il nostro compito in quel luned\u00ec dell\u2019Angelo era quello di tagliare e poi trasportare a casa quei rami che, nei giorni successivi, si sarebbero trasformati in legna buona per riscaldare i giorni pi\u00f9 freddi d&#8217;inverno. Avevamo iniziato il lavoro prima del levare del sole sopra il Pelsa e dopo che avevo collocato le birre e la Coca Cola nella fontana carica di fresca acqua di disgelo. Il canto feroce dell\u2019Husqvarna aveva lacerato il dolce silenzio di quella dolce mattina d&#8217;aprile, aveva sputato per ore quella segatura chiara che andava a depositarsi sui pantaloni di pap\u00e0. Il motore aveva taciuto solamente quando stava per rimanere a secco e quando la catena aveva avuto bisogno di essere affilata. Era appena iniziata una nuova primavera e noi stavamo gi\u00e0 preparando di corsa un altro inverno, era cos\u00ec la vita di montagna. La luminosa mattinata scivol\u00f2 via veloce e a mezzogiorno avevamo fermato il lavoro per pranzare. Pranzammo con dei gustosi panini, seduti sulle zoche, mentre un sole che sapeva di quasi estate si era posizionato sopra il centro della valle. Solamente gli alberi ancora addormentati e la neve in bilico sopra i canaloni del Pelsa ci ricordavano che stavamo vivendo l&#8217;inizio di aprile. Nel pomeriggio ancora una breve sosta e un veloce salto a casa per assistere alla benedizione della dimora dei nonni, e poi la Ritmo che per un paio d&#8217;ore si era trasformata in trattore. Avanti e indietro dal tornante a casa per scaricare quella legna preziosa dalla scorza grigia e poi il rientro veloce a Belluno, esausti e felici. Una volta a casa, una semplice cena e la dolcezza di una sera di primavera che in citt\u00e0, ormai, era primavera per davvero<\/p>\n<p>&nbsp;<\/p>\n<p>&nbsp;<\/p>\n<hr \/>\n<p>&nbsp;<\/p>\n<blockquote class=\"wp-embedded-content\" data-secret=\"yCMusCgj8t\"><p><a href=\"https:\/\/www.radiopiu.net\/wordpress\/paola-del-din-io-patriota-nei-giorni-della-costituzione-votai-monarchia\/\">PAOLA DEL DIN: \u00abIO PATRIOTA NEI GIORNI DELLA COSTITUZIONE. VOTAI MONARCHIA\u00bb<\/a><\/p><\/blockquote>\n<p><iframe loading=\"lazy\" class=\"wp-embedded-content\" sandbox=\"allow-scripts\" security=\"restricted\" style=\"position: absolute; visibility: hidden;\" title=\"&#8220;PAOLA DEL DIN: \u00abIO PATRIOTA NEI GIORNI DELLA COSTITUZIONE. VOTAI MONARCHIA\u00bb&#8221; &#8212; Radio Pi\u00f9\" src=\"https:\/\/www.radiopiu.net\/wordpress\/paola-del-din-io-patriota-nei-giorni-della-costituzione-votai-monarchia\/embed\/#?secret=YJx9tcpFGM#?secret=yCMusCgj8t\" data-secret=\"yCMusCgj8t\" width=\"600\" height=\"338\" frameborder=\"0\" marginwidth=\"0\" marginheight=\"0\" scrolling=\"no\"><\/iframe><\/p>\n<p>&nbsp;<\/p>\n<hr \/>\n<p>&nbsp;<\/p>\n<h2><span style=\"color: #ff0000;\"><a class=\"dt-pswp-item\" href=\"https:\/\/www.radiopiu.net\/wordpress\/wp-content\/uploads\/2018\/09\/appuntamenti.jpeg\" data-dt-img-description=\"\" data-large_image_width=\"800\" data-large_image_height=\"100\"><img loading=\"lazy\" decoding=\"async\" class=\"wp-image-61958 size-full aligncenter\" src=\"https:\/\/www.radiopiu.net\/wordpress\/wp-content\/uploads\/2018\/09\/appuntamenti.jpeg\" alt=\"\" width=\"800\" height=\"100\" srcset=\"https:\/\/www.radiopiu.net\/wordpress\/wp-content\/uploads\/2018\/09\/appuntamenti.jpeg 800w, https:\/\/www.radiopiu.net\/wordpress\/wp-content\/uploads\/2018\/09\/appuntamenti-300x38.jpeg 300w, https:\/\/www.radiopiu.net\/wordpress\/wp-content\/uploads\/2018\/09\/appuntamenti-768x96.jpeg 768w\" sizes=\"auto, (max-width: 800px) 100vw, 800px\" \/><\/a><\/span><\/h2>\n<p>&nbsp;<\/p>\n<div>\n<div class=\"\" dir=\"auto\">\n<div id=\":r9h:\" class=\"x1iorvi4 x1pi30zi x1l90r2v x1swvt13\" data-ad-comet-preview=\"message\" data-ad-preview=\"message\">\n<div class=\"\" dir=\"auto\">\n<div id=\":r9h:\" class=\"x1iorvi4 x1pi30zi x1l90r2v x1swvt13\" data-ad-comet-preview=\"message\" data-ad-preview=\"message\">\n<div class=\"\" dir=\"auto\">\n<div id=\":r9h:\" class=\"x1iorvi4 x1pi30zi x1l90r2v x1swvt13\" data-ad-comet-preview=\"message\" data-ad-preview=\"message\">\n<div class=\"\" dir=\"auto\">\n<div id=\":r9h:\" class=\"x1iorvi4 x1pi30zi x1l90r2v x1swvt13\" data-ad-comet-preview=\"message\" data-ad-preview=\"message\">\n<div>\n<div class=\"\" dir=\"auto\">\n<div id=\":r9h:\" class=\"x1iorvi4 x1pi30zi x1l90r2v x1swvt13\" data-ad-comet-preview=\"message\" data-ad-preview=\"message\">\n<div>\n<div class=\"\" dir=\"auto\">\n<div id=\":r9h:\" class=\"x1iorvi4 x1pi30zi x1l90r2v x1swvt13\" data-ad-comet-preview=\"message\" data-ad-preview=\"message\">\n<div class=\"xdj266r x11i5rnm xat24cr x1mh8g0r x1vvkbs x126k92a\">\n<div dir=\"auto\"><\/div>\n<\/div>\n<div>\n<div class=\"\" dir=\"auto\">\n<div id=\":r9h:\" class=\"x1iorvi4 x1pi30zi x1l90r2v x1swvt13\" data-ad-comet-preview=\"message\" data-ad-preview=\"message\">\n<div>\n<div class=\"\" dir=\"auto\">\n<div id=\":r9h:\" class=\"x1iorvi4 x1pi30zi x1l90r2v x1swvt13\" data-ad-comet-preview=\"message\" data-ad-preview=\"message\">\n\n\t\t\t<style type='text\/css'>\n\t\t\t\t#gallery-6 {\n\t\t\t\t\tmargin: auto;\n\t\t\t\t}\n\t\t\t\t#gallery-6 .gallery-item {\n\t\t\t\t\tfloat: left;\n\t\t\t\t\tmargin-top: 10px;\n\t\t\t\t\ttext-align: center;\n\t\t\t\t\twidth: 25%;\n\t\t\t\t}\n\t\t\t\t#gallery-6 img {\n\t\t\t\t\tborder: 2px solid #cfcfcf;\n\t\t\t\t}\n\t\t\t\t#gallery-6 .gallery-caption {\n\t\t\t\t\tmargin-left: 0;\n\t\t\t\t}\n\t\t\t\t\/* see gallery_shortcode() in wp-includes\/media.php *\/\n\t\t\t<\/style>\n\t\t<div id='gallery-6' class='dt-gallery-container gallery galleryid-442349 gallery-columns-4 gallery-size-thumbnail'><dl class='gallery-item'>\n\t\t\t\t<dt class='gallery-icon portrait'>\n\t\t\t\t\t<a class=\"rollover rollover-zoom dt-pswp-item\" title=\"FB_IMG_1743405703758\" data-dt-img-description=\"\" data-large_image_width=\"680\" data-large_image_height=\"960\"href='https:\/\/www.radiopiu.net\/wordpress\/wp-content\/uploads\/2025\/03\/FB_IMG_1743405703758.jpg'><img loading=\"lazy\" decoding=\"async\" width=\"150\" height=\"150\" src=\"https:\/\/www.radiopiu.net\/wordpress\/wp-content\/uploads\/2025\/03\/FB_IMG_1743405703758-150x150.jpg\" class=\"attachment-thumbnail size-thumbnail\" alt=\"\" \/><\/a>\n\t\t\t\t<\/dt><\/dl><dl class='gallery-item'>\n\t\t\t\t<dt class='gallery-icon portrait'>\n\t\t\t\t\t<a class=\"rollover rollover-zoom dt-pswp-item\" title=\"Senza nome\" data-dt-img-description=\"\" data-large_image_width=\"569\" data-large_image_height=\"801\"href='https:\/\/www.radiopiu.net\/wordpress\/wp-content\/uploads\/2025\/02\/Senza-nome-23.png'><img loading=\"lazy\" decoding=\"async\" width=\"150\" height=\"150\" src=\"https:\/\/www.radiopiu.net\/wordpress\/wp-content\/uploads\/2025\/02\/Senza-nome-23-150x150.png\" class=\"attachment-thumbnail size-thumbnail\" alt=\"\" \/><\/a>\n\t\t\t\t<\/dt><\/dl><dl class='gallery-item'>\n\t\t\t\t<dt class='gallery-icon portrait'>\n\t\t\t\t\t<a class=\"rollover rollover-zoom dt-pswp-item\" title=\"ba76e127-707c-4a8a-a6ac-6ab71e879690\" data-dt-img-description=\"\" data-large_image_width=\"500\" data-large_image_height=\"696\"href='https:\/\/www.radiopiu.net\/wordpress\/wp-content\/uploads\/2025\/03\/ba76e127-707c-4a8a-a6ac-6ab71e879690.jpg'><img loading=\"lazy\" decoding=\"async\" width=\"150\" height=\"150\" src=\"https:\/\/www.radiopiu.net\/wordpress\/wp-content\/uploads\/2025\/03\/ba76e127-707c-4a8a-a6ac-6ab71e879690-150x150.jpg\" class=\"attachment-thumbnail size-thumbnail\" alt=\"\" aria-describedby=\"gallery-6-437826\" \/><\/a>\n\t\t\t\t<\/dt>\n\t\t\t\t\t<dd class='wp-caption-text gallery-caption' id='gallery-6-437826'>\n\t\t\t\t\tPOSTICIPATO AL 6 APRILE\n\t\t\t\t\t<\/dd><\/dl><dl class='gallery-item'>\n\t\t\t\t<dt class='gallery-icon portrait'>\n\t\t\t\t\t<a class=\"rollover rollover-zoom dt-pswp-item\" title=\"Aprile\" data-dt-img-description=\"\" data-large_image_width=\"841\" data-large_image_height=\"1190\"href='https:\/\/www.radiopiu.net\/wordpress\/wp-content\/uploads\/2025\/03\/Aprile.jpg'><img loading=\"lazy\" decoding=\"async\" width=\"150\" height=\"150\" src=\"https:\/\/www.radiopiu.net\/wordpress\/wp-content\/uploads\/2025\/03\/Aprile-150x150.jpg\" class=\"attachment-thumbnail size-thumbnail\" alt=\"\" \/><\/a>\n\t\t\t\t<\/dt><\/dl><br style=\"clear: both\" \/><dl class='gallery-item'>\n\t\t\t\t<dt class='gallery-icon portrait'>\n\t\t\t\t\t<a class=\"rollover rollover-zoom dt-pswp-item\" title=\"wnEWMSHDfvy6\" data-dt-img-description=\"\" data-large_image_width=\"962\" data-large_image_height=\"1328\"href='https:\/\/www.radiopiu.net\/wordpress\/wp-content\/uploads\/2025\/03\/wnEWMSHDfvy6.jpg'><img loading=\"lazy\" decoding=\"async\" width=\"150\" height=\"150\" src=\"https:\/\/www.radiopiu.net\/wordpress\/wp-content\/uploads\/2025\/03\/wnEWMSHDfvy6-150x150.jpg\" class=\"attachment-thumbnail size-thumbnail\" alt=\"\" \/><\/a>\n\t\t\t\t<\/dt><\/dl><dl class='gallery-item'>\n\t\t\t\t<dt class='gallery-icon portrait'>\n\t\t\t\t\t<a class=\"rollover rollover-zoom dt-pswp-item\" title=\"Locandina posturale primavera 2025\" data-dt-img-description=\"\" data-large_image_width=\"1132\" data-large_image_height=\"1600\"href='https:\/\/www.radiopiu.net\/wordpress\/wp-content\/uploads\/2025\/03\/Locandina-posturale-primavera-2025.jpeg'><img loading=\"lazy\" decoding=\"async\" width=\"150\" height=\"150\" src=\"https:\/\/www.radiopiu.net\/wordpress\/wp-content\/uploads\/2025\/03\/Locandina-posturale-primavera-2025-150x150.jpeg\" class=\"attachment-thumbnail size-thumbnail\" alt=\"\" \/><\/a>\n\t\t\t\t<\/dt><\/dl><dl class='gallery-item'>\n\t\t\t\t<dt class='gallery-icon portrait'>\n\t\t\t\t\t<a class=\"rollover rollover-zoom dt-pswp-item\" title=\"Locandina Gardaland 19.05.2025\" data-dt-img-description=\"\" data-large_image_width=\"1131\" data-large_image_height=\"1600\"href='https:\/\/www.radiopiu.net\/wordpress\/wp-content\/uploads\/2025\/03\/Locandina-Gardaland-19.05.2025.jpeg'><img loading=\"lazy\" decoding=\"async\" width=\"150\" height=\"150\" src=\"https:\/\/www.radiopiu.net\/wordpress\/wp-content\/uploads\/2025\/03\/Locandina-Gardaland-19.05.2025-150x150.jpeg\" class=\"attachment-thumbnail size-thumbnail\" alt=\"\" \/><\/a>\n\t\t\t\t<\/dt><\/dl>\n\t\t\t\t<br style='clear: both' \/>\n\t\t\t<\/div>\n\n<p>&nbsp;<\/p>\n<hr \/>\n<\/div>\n<\/div>\n<\/div>\n<\/div>\n<\/div>\n<\/div>\n<\/div>\n<\/div>\n<\/div>\n<\/div>\n<\/div>\n<\/div>\n<\/div>\n<\/div>\n<\/div>\n<\/div>\n<\/div>\n<\/div>\n<\/div>\n<\/div>\n<\/div>\n<p class=\"mceTemp\"><a class=\"dt-pswp-item\" href=\"https:\/\/www.radiopiu.net\/wordpress\/wp-content\/uploads\/2018\/09\/WhatsApp-Image-2018-09-20-at-16.04.06.jpeg\" data-dt-img-description=\"\" data-large_image_width=\"800\" data-large_image_height=\"100\"><img loading=\"lazy\" decoding=\"async\" class=\"wp-image-61378 size-full aligncenter\" src=\"https:\/\/www.radiopiu.net\/wordpress\/wp-content\/uploads\/2018\/09\/WhatsApp-Image-2018-09-20-at-16.04.06.jpeg\" alt=\"\" width=\"800\" height=\"100\" srcset=\"https:\/\/www.radiopiu.net\/wordpress\/wp-content\/uploads\/2018\/09\/WhatsApp-Image-2018-09-20-at-16.04.06.jpeg 800w, https:\/\/www.radiopiu.net\/wordpress\/wp-content\/uploads\/2018\/09\/WhatsApp-Image-2018-09-20-at-16.04.06-300x38.jpeg 300w, https:\/\/www.radiopiu.net\/wordpress\/wp-content\/uploads\/2018\/09\/WhatsApp-Image-2018-09-20-at-16.04.06-768x96.jpeg 768w\" sizes=\"auto, (max-width: 800px) 100vw, 800px\" \/><\/a><\/p>\n<p><center><\/center><center><\/center>&nbsp;<\/p>\n<p><center><b>OGGI<\/b><\/center>Tra notte e mattino cielo irregolarmente nuvoloso, a tratti nuvoloso specie su Prealpi. Dal mezzogiorno annuvolamenti e schiarite, pi\u00f9 ampie su Dolomiti mentre su Prealpi permarr\u00e0 una certa nuvolosit\u00e0. In serata nuovo generale aumento delle nubi.<br \/>\n<b>Precipitazioni: <\/b>Generalmente assenti seppur non del tutto escluso qualche fiocco qua e l\u00e0 sulle Prealpi<br \/>\n<b>Temperature: <\/b>Temperature minime in calo nelle valli e massime in aumento<\/p>\n<hr \/>\n<p><center><b>DOMANI<\/b><\/center>Nuvolosit\u00e0 variabile a tratti estesa su Prealpi fino al mattino, e schiarite un p\u00f2 pi\u00f9 probabili su Dolomiti. A seguire schiarite pi\u00f9 ampie su Dolomiti ed annuvolamenti irregolari pi\u00f9 intensi su Prealpi.<br \/>\n<b>Precipitazioni: <\/b>Generalmente assenti seppur non del tutto escluso qualche fiocco qua e l\u00e0 sulle cime Prealpine tra notte e mattino<br \/>\n<b>Temperature: <\/b>Temperature massime in aumento.<\/p>\n<hr \/>\n<p><center><b>GIOVEDI<\/b><\/center>Nuvolosit\u00e0 variabile fino al mattino con cielo parzialmente nuvoloso, poi tendenza a schiarite ampie fino a sereno o al pi\u00f9 poco nuvoloso. Temperature in aumento, specie le massime.<\/p>\n<hr \/>\n<p><center><b>VENERDI<\/b><\/center>Cielo sereno o poco nuvoloso. Temperature in generale lieve aumento.<\/p>\n<p>&nbsp;<\/p>\n<hr \/>\n<p>&nbsp;<\/p>\n<p class=\"mceTemp\"><a class=\"dt-pswp-item\" href=\"https:\/\/www.radiopiu.net\/wordpress\/wp-content\/uploads\/2018\/09\/sport.jpg\" data-dt-img-description=\"\" data-large_image_width=\"800\" data-large_image_height=\"100\"><img loading=\"lazy\" decoding=\"async\" class=\"aligncenter wp-image-60761 size-full\" src=\"https:\/\/www.radiopiu.net\/wordpress\/wp-content\/uploads\/2018\/09\/sport.jpg\" alt=\"\" width=\"800\" height=\"100\" srcset=\"https:\/\/www.radiopiu.net\/wordpress\/wp-content\/uploads\/2018\/09\/sport.jpg 800w, https:\/\/www.radiopiu.net\/wordpress\/wp-content\/uploads\/2018\/09\/sport-300x38.jpg 300w, https:\/\/www.radiopiu.net\/wordpress\/wp-content\/uploads\/2018\/09\/sport-768x96.jpg 768w\" sizes=\"auto, (max-width: 800px) 100vw, 800px\" \/> <\/a><\/p>\n<p class=\"mceTemp\"><span style=\"color: #0000ff;\"><strong>\u00a0 \u00a0 \u00a0 \u00a0 \u00a0<\/strong><\/span><\/p>\n<p><span style=\"color: #0000ff;\"><strong>NUOTO<\/strong><\/span><\/p>\n<blockquote>\n<h3>NUOTO: GLI ESORDIENTI DI \u201cATTIVAMENTE AGORDINO\u201d IN GARA A BELLUNO<\/h3>\n<\/blockquote>\n<p class=\"\" data-start=\"73\" data-end=\"296\"><strong data-start=\"73\" data-end=\"86\">AGORDO\u00a0 \u2013<\/strong> Giornata intensa per i giovani nuotatori agonisti di <em data-start=\"140\" data-end=\"162\">Attivamente Agordino<\/em>, impegnati nella sesta giornata di gare della stagione presso la piscina di Belluno, nel concentramento Esordienti Belluno-Treviso. In un contesto altamente competitivo, gli atleti si sono distinti per impegno e determinazione, confrontandosi con alcune delle squadre pi\u00f9 forti della regione. Tra le <strong data-start=\"469\" data-end=\"485\">Esordienti A<\/strong>, Emma Latti, Ceccon Selena, Azzurra Deola Thorpe e Alice Latti hanno affrontato le gare dei 200 stile libero, 50 stile libero, 200 dorso e 100 rana. In quest\u2019ultima specialit\u00e0, Alice Latti ha fatto registrare un ottimo tempo di <strong data-start=\"714\" data-end=\"724\">1\u201934\u201d1<\/strong>. Per gli <strong data-start=\"737\" data-end=\"753\">Esordienti B<\/strong>, <strong><span style=\"color: #ff0000;\">brilla Alex Alchini, che conquista la<\/span><\/strong> <span style=\"color: #ff0000;\"><strong data-start=\"793\" data-end=\"823\">medaglia d\u2019oro nei 50 rana<\/strong> con il tempo di <strong data-start=\"840\" data-end=\"848\">44\u201d1<\/strong><\/span>. Esordio sui 200 stile libero per Colette Samassa, Ilay Bianchi e Letizia Mosca, affiancati dalla pi\u00f9 esperta Margot Longaron, che ha chiuso la prova con un notevole <strong data-start=\"1015\" data-end=\"1047\">nono posto su 38 concorrenti<\/strong> e un tempo di <strong data-start=\"1062\" data-end=\"1072\">2\u201958\u201d3<\/strong>. Tra le prove pi\u00f9 convincenti della giornata, quelle di <strong data-start=\"1132\" data-end=\"1149\">Devid Olivier<\/strong>, protagonista nei 200 stile e nei 100 dorso. <strong data-start=\"1195\" data-end=\"1215\">Alessandro Buxaj<\/strong>, non al meglio della condizione fisica, ha comunque affrontato con grande determinazione i 200 stile e i 200 misti. Buone prestazioni anche per <strong data-start=\"1363\" data-end=\"1383\">Veronica Scussel<\/strong>, che ha mostrato grande versatilit\u00e0 nei 200 dorso e 200 misti, oltre a confermare il suo talento nella velocit\u00e0 con <strong data-start=\"1500\" data-end=\"1508\">40\u201d4<\/strong> nella sua frazione della staffetta 4&#215;50 stile libero. Bene anche <strong data-start=\"1574\" data-end=\"1592\">Aurora Olivier<\/strong>, sesta nei 50 rana e autrice di una prova combattuta nei 200 misti. Una giornata di gare impegnativa ma ricca di soddisfazioni per i giovani atleti, che continuano il loro percorso di crescita nel panorama natatorio regionale.<\/p>\n\n\t\t\t<style type='text\/css'>\n\t\t\t\t#gallery-7 {\n\t\t\t\t\tmargin: auto;\n\t\t\t\t}\n\t\t\t\t#gallery-7 .gallery-item {\n\t\t\t\t\tfloat: left;\n\t\t\t\t\tmargin-top: 10px;\n\t\t\t\t\ttext-align: center;\n\t\t\t\t\twidth: 25%;\n\t\t\t\t}\n\t\t\t\t#gallery-7 img {\n\t\t\t\t\tborder: 2px solid #cfcfcf;\n\t\t\t\t}\n\t\t\t\t#gallery-7 .gallery-caption {\n\t\t\t\t\tmargin-left: 0;\n\t\t\t\t}\n\t\t\t\t\/* see gallery_shortcode() in wp-includes\/media.php *\/\n\t\t\t<\/style>\n\t\t<div id='gallery-7' class='dt-gallery-container gallery galleryid-442349 gallery-columns-4 gallery-size-thumbnail'><dl class='gallery-item'>\n\t\t\t\t<dt class='gallery-icon landscape'>\n\t\t\t\t\t<a class=\"rollover rollover-zoom dt-pswp-item\" title=\"55fe247d-09ee-4c00-8341-d862ee5cf7c2\" data-dt-img-description=\"\" data-large_image_width=\"1600\" data-large_image_height=\"900\"href='https:\/\/www.radiopiu.net\/wordpress\/wp-content\/uploads\/2025\/03\/55fe247d-09ee-4c00-8341-d862ee5cf7c2.jpg'><img loading=\"lazy\" decoding=\"async\" width=\"150\" height=\"150\" src=\"https:\/\/www.radiopiu.net\/wordpress\/wp-content\/uploads\/2025\/03\/55fe247d-09ee-4c00-8341-d862ee5cf7c2-150x150.jpg\" class=\"attachment-thumbnail size-thumbnail\" alt=\"\" \/><\/a>\n\t\t\t\t<\/dt><\/dl><dl class='gallery-item'>\n\t\t\t\t<dt class='gallery-icon landscape'>\n\t\t\t\t\t<a class=\"rollover rollover-zoom dt-pswp-item\" title=\"ad710389-5790-44ee-91b6-4afe300709e2\" data-dt-img-description=\"\" data-large_image_width=\"1600\" data-large_image_height=\"900\"href='https:\/\/www.radiopiu.net\/wordpress\/wp-content\/uploads\/2025\/03\/ad710389-5790-44ee-91b6-4afe300709e2.jpg'><img loading=\"lazy\" decoding=\"async\" width=\"150\" height=\"150\" src=\"https:\/\/www.radiopiu.net\/wordpress\/wp-content\/uploads\/2025\/03\/ad710389-5790-44ee-91b6-4afe300709e2-150x150.jpg\" class=\"attachment-thumbnail size-thumbnail\" alt=\"\" \/><\/a>\n\t\t\t\t<\/dt><\/dl><dl class='gallery-item'>\n\t\t\t\t<dt class='gallery-icon landscape'>\n\t\t\t\t\t<a class=\"rollover rollover-zoom dt-pswp-item\" title=\"8cd9245d-ed74-418d-8ef7-2df6b9f95203\" data-dt-img-description=\"\" data-large_image_width=\"1600\" data-large_image_height=\"900\"href='https:\/\/www.radiopiu.net\/wordpress\/wp-content\/uploads\/2025\/03\/8cd9245d-ed74-418d-8ef7-2df6b9f95203.jpg'><img loading=\"lazy\" decoding=\"async\" width=\"150\" height=\"150\" src=\"https:\/\/www.radiopiu.net\/wordpress\/wp-content\/uploads\/2025\/03\/8cd9245d-ed74-418d-8ef7-2df6b9f95203-150x150.jpg\" class=\"attachment-thumbnail size-thumbnail\" alt=\"\" \/><\/a>\n\t\t\t\t<\/dt><\/dl><dl class='gallery-item'>\n\t\t\t\t<dt class='gallery-icon portrait'>\n\t\t\t\t\t<a class=\"rollover rollover-zoom dt-pswp-item\" title=\"a65c7d23-4258-4891-b02d-df42a5d0eae1\" data-dt-img-description=\"\" data-large_image_width=\"798\" data-large_image_height=\"1054\"href='https:\/\/www.radiopiu.net\/wordpress\/wp-content\/uploads\/2025\/03\/a65c7d23-4258-4891-b02d-df42a5d0eae1.jpg'><img loading=\"lazy\" decoding=\"async\" width=\"150\" height=\"150\" src=\"https:\/\/www.radiopiu.net\/wordpress\/wp-content\/uploads\/2025\/03\/a65c7d23-4258-4891-b02d-df42a5d0eae1-150x150.jpg\" class=\"attachment-thumbnail size-thumbnail\" alt=\"\" \/><\/a>\n\t\t\t\t<\/dt><\/dl><br style=\"clear: both\" \/>\n\t\t\t<\/div>\n\n<p>&nbsp;<\/p>\n<p><span style=\"color: #0000ff;\"><strong>PATTINAGGIO ARTISTICO<\/strong><\/span><\/p>\n<blockquote>\n<h3>UN FINE SETTIMANA DI SODDISFAZION PER GLI ATLETI DI AGORDINO GHIACCIO E SPORT<\/h3>\n<\/blockquote>\n<p><strong>REDAZIONE <\/strong>Fine settimana di grandi soddisfazioni per gli atleti dell&#8217;Agordino Ghiaccio &amp; Sport, impegnati in diverse competizioni. Al Trofeo Pattini d&#8217;Oro di Asiago (29 marzo), competizione FISG fascia Bronze, ottimi piazzamenti per la squadra: Esordienti B: Giulia Rossi 6\u00aa. Principianti B: Marica Rossi 4\u00aa. Cadetti: Anita Serafini 4\u00aa. Nella Gara Adulti di San Donato Milanese (30 marzo): Adult Silver: Deborah Paniz 2\u00aa. Young Adult Master Elite: Fabrizio Fontana 1\u00b0. A Canazei, nella competizione &#8220;I Pavei d&#8217;Ardent&#8221; (29-30 marzo): Novice B: Stephanie Tibolla 3\u00aa. Esordienti A: Sofia Petri 2\u00aa. Interpretativo: Paola Galligani 1\u00aa, Irene De Pra 2\u00aa. Altri piazzamenti di rilievo: Esordienti A: Irene Masiero 6\u00aa, Marianna Veggiato 13\u00aa. Esordienti B: Rita Masiero 10\u00aa, Vanessa Casagrande 13\u00aa. Junior: Gaia Serafini 6\u00aa. Un plauso ai giovani talenti emergenti della categoria Pulcini. L&#8217;Agordino Ghiaccio &amp; Sport conferma la sua crescita e il valore dei suoi atleti.<\/p>\n\n\t\t\t<style type='text\/css'>\n\t\t\t\t#gallery-8 {\n\t\t\t\t\tmargin: auto;\n\t\t\t\t}\n\t\t\t\t#gallery-8 .gallery-item {\n\t\t\t\t\tfloat: left;\n\t\t\t\t\tmargin-top: 10px;\n\t\t\t\t\ttext-align: center;\n\t\t\t\t\twidth: 14%;\n\t\t\t\t}\n\t\t\t\t#gallery-8 img {\n\t\t\t\t\tborder: 2px solid #cfcfcf;\n\t\t\t\t}\n\t\t\t\t#gallery-8 .gallery-caption {\n\t\t\t\t\tmargin-left: 0;\n\t\t\t\t}\n\t\t\t\t\/* see gallery_shortcode() in wp-includes\/media.php *\/\n\t\t\t<\/style>\n\t\t<div id='gallery-8' class='dt-gallery-container gallery galleryid-442349 gallery-columns-7 gallery-size-thumbnail'><dl class='gallery-item'>\n\t\t\t\t<dt class='gallery-icon portrait'>\n\t\t\t\t\t<a class=\"rollover rollover-zoom dt-pswp-item\" title=\"487489690_1160752592510908_5729277152867848239_n\" data-dt-img-description=\"\" data-large_image_width=\"450\" data-large_image_height=\"600\"href='https:\/\/www.radiopiu.net\/wordpress\/wp-content\/uploads\/2025\/03\/487489690_1160752592510908_5729277152867848239_n.jpg'><img loading=\"lazy\" decoding=\"async\" width=\"150\" height=\"150\" src=\"https:\/\/www.radiopiu.net\/wordpress\/wp-content\/uploads\/2025\/03\/487489690_1160752592510908_5729277152867848239_n-150x150.jpg\" class=\"attachment-thumbnail size-thumbnail\" alt=\"\" \/><\/a>\n\t\t\t\t<\/dt><\/dl><dl class='gallery-item'>\n\t\t\t\t<dt class='gallery-icon portrait'>\n\t\t\t\t\t<a class=\"rollover rollover-zoom dt-pswp-item\" title=\"486859210_1160752472510920_7257412503731895644_n\" data-dt-img-description=\"\" data-large_image_width=\"450\" data-large_image_height=\"600\"href='https:\/\/www.radiopiu.net\/wordpress\/wp-content\/uploads\/2025\/03\/486859210_1160752472510920_7257412503731895644_n.jpg'><img loading=\"lazy\" decoding=\"async\" width=\"150\" height=\"150\" src=\"https:\/\/www.radiopiu.net\/wordpress\/wp-content\/uploads\/2025\/03\/486859210_1160752472510920_7257412503731895644_n-150x150.jpg\" class=\"attachment-thumbnail size-thumbnail\" alt=\"\" \/><\/a>\n\t\t\t\t<\/dt><\/dl><dl class='gallery-item'>\n\t\t\t\t<dt class='gallery-icon portrait'>\n\t\t\t\t\t<a class=\"rollover rollover-zoom dt-pswp-item\" title=\"487474204_1160752655844235_3163366423738825922_n\" data-dt-img-description=\"\" data-large_image_width=\"450\" data-large_image_height=\"600\"href='https:\/\/www.radiopiu.net\/wordpress\/wp-content\/uploads\/2025\/03\/487474204_1160752655844235_3163366423738825922_n.jpg'><img loading=\"lazy\" decoding=\"async\" width=\"150\" height=\"150\" src=\"https:\/\/www.radiopiu.net\/wordpress\/wp-content\/uploads\/2025\/03\/487474204_1160752655844235_3163366423738825922_n-150x150.jpg\" class=\"attachment-thumbnail size-thumbnail\" alt=\"\" \/><\/a>\n\t\t\t\t<\/dt><\/dl><dl class='gallery-item'>\n\t\t\t\t<dt class='gallery-icon portrait'>\n\t\t\t\t\t<a class=\"rollover rollover-zoom dt-pswp-item\" title=\"487141021_1160740959178738_5264340843897932790_n\" data-dt-img-description=\"\" data-large_image_width=\"1200\" data-large_image_height=\"1600\"href='https:\/\/www.radiopiu.net\/wordpress\/wp-content\/uploads\/2025\/03\/487141021_1160740959178738_5264340843897932790_n.jpg'><img loading=\"lazy\" decoding=\"async\" width=\"150\" height=\"150\" src=\"https:\/\/www.radiopiu.net\/wordpress\/wp-content\/uploads\/2025\/03\/487141021_1160740959178738_5264340843897932790_n-150x150.jpg\" class=\"attachment-thumbnail size-thumbnail\" alt=\"\" \/><\/a>\n\t\t\t\t<\/dt><\/dl><dl class='gallery-item'>\n\t\t\t\t<dt class='gallery-icon portrait'>\n\t\t\t\t\t<a class=\"rollover rollover-zoom dt-pswp-item\" title=\"487506443_1160741932511974_6902769521429746106_n\" data-dt-img-description=\"\" data-large_image_width=\"1500\" data-large_image_height=\"2000\"href='https:\/\/www.radiopiu.net\/wordpress\/wp-content\/uploads\/2025\/03\/487506443_1160741932511974_6902769521429746106_n.jpg'><img loading=\"lazy\" decoding=\"async\" width=\"150\" height=\"150\" src=\"https:\/\/www.radiopiu.net\/wordpress\/wp-content\/uploads\/2025\/03\/487506443_1160741932511974_6902769521429746106_n-150x150.jpg\" class=\"attachment-thumbnail size-thumbnail\" alt=\"\" \/><\/a>\n\t\t\t\t<\/dt><\/dl><dl class='gallery-item'>\n\t\t\t\t<dt class='gallery-icon portrait'>\n\t\t\t\t\t<a class=\"rollover rollover-zoom dt-pswp-item\" title=\"487552143_1160741979178636_5501867281332743382_n\" data-dt-img-description=\"\" data-large_image_width=\"1500\" data-large_image_height=\"2000\"href='https:\/\/www.radiopiu.net\/wordpress\/wp-content\/uploads\/2025\/03\/487552143_1160741979178636_5501867281332743382_n.jpg'><img loading=\"lazy\" decoding=\"async\" width=\"150\" height=\"150\" src=\"https:\/\/www.radiopiu.net\/wordpress\/wp-content\/uploads\/2025\/03\/487552143_1160741979178636_5501867281332743382_n-150x150.jpg\" class=\"attachment-thumbnail size-thumbnail\" alt=\"\" \/><\/a>\n\t\t\t\t<\/dt><\/dl><dl class='gallery-item'>\n\t\t\t\t<dt class='gallery-icon landscape'>\n\t\t\t\t\t<a class=\"rollover rollover-zoom dt-pswp-item\" title=\"487814124_1160742205845280_1117504505557491640_n\" data-dt-img-description=\"\" data-large_image_width=\"2048\" data-large_image_height=\"1536\"href='https:\/\/www.radiopiu.net\/wordpress\/wp-content\/uploads\/2025\/03\/487814124_1160742205845280_1117504505557491640_n.jpg'><img loading=\"lazy\" decoding=\"async\" width=\"150\" height=\"150\" src=\"https:\/\/www.radiopiu.net\/wordpress\/wp-content\/uploads\/2025\/03\/487814124_1160742205845280_1117504505557491640_n-150x150.jpg\" class=\"attachment-thumbnail size-thumbnail\" alt=\"\" \/><\/a>\n\t\t\t\t<\/dt><\/dl><br style=\"clear: both\" \/><dl class='gallery-item'>\n\t\t\t\t<dt class='gallery-icon portrait'>\n\t\t\t\t\t<a class=\"rollover rollover-zoom dt-pswp-item\" title=\"487318138_1160740692512098_8861794085858568464_n\" data-dt-img-description=\"\" data-large_image_width=\"526\" data-large_image_height=\"593\"href='https:\/\/www.radiopiu.net\/wordpress\/wp-content\/uploads\/2025\/03\/487318138_1160740692512098_8861794085858568464_n.jpg'><img loading=\"lazy\" decoding=\"async\" width=\"150\" height=\"150\" src=\"https:\/\/www.radiopiu.net\/wordpress\/wp-content\/uploads\/2025\/03\/487318138_1160740692512098_8861794085858568464_n-150x150.jpg\" class=\"attachment-thumbnail size-thumbnail\" alt=\"\" \/><\/a>\n\t\t\t\t<\/dt><\/dl><dl class='gallery-item'>\n\t\t\t\t<dt class='gallery-icon landscape'>\n\t\t\t\t\t<a class=\"rollover rollover-zoom dt-pswp-item\" title=\"487057012_1160740745845426_8021975757966441440_n\" data-dt-img-description=\"\" data-large_image_width=\"600\" data-large_image_height=\"450\"href='https:\/\/www.radiopiu.net\/wordpress\/wp-content\/uploads\/2025\/03\/487057012_1160740745845426_8021975757966441440_n.jpg'><img loading=\"lazy\" decoding=\"async\" width=\"150\" height=\"150\" src=\"https:\/\/www.radiopiu.net\/wordpress\/wp-content\/uploads\/2025\/03\/487057012_1160740745845426_8021975757966441440_n-150x150.jpg\" class=\"attachment-thumbnail size-thumbnail\" alt=\"\" \/><\/a>\n\t\t\t\t<\/dt><\/dl><dl class='gallery-item'>\n\t\t\t\t<dt class='gallery-icon portrait'>\n\t\t\t\t\t<a class=\"rollover rollover-zoom dt-pswp-item\" title=\"487510016_1160740789178755_2641427586478791461_n\" data-dt-img-description=\"\" data-large_image_width=\"450\" data-large_image_height=\"600\"href='https:\/\/www.radiopiu.net\/wordpress\/wp-content\/uploads\/2025\/03\/487510016_1160740789178755_2641427586478791461_n.jpg'><img loading=\"lazy\" decoding=\"async\" width=\"150\" height=\"150\" src=\"https:\/\/www.radiopiu.net\/wordpress\/wp-content\/uploads\/2025\/03\/487510016_1160740789178755_2641427586478791461_n-150x150.jpg\" class=\"attachment-thumbnail size-thumbnail\" alt=\"\" \/><\/a>\n\t\t\t\t<\/dt><\/dl><dl class='gallery-item'>\n\t\t\t\t<dt class='gallery-icon landscape'>\n\t\t\t\t\t<a class=\"rollover rollover-zoom dt-pswp-item\" title=\"487439630_1160741619178672_8867906907731334842_n\" data-dt-img-description=\"\" data-large_image_width=\"600\" data-large_image_height=\"450\"href='https:\/\/www.radiopiu.net\/wordpress\/wp-content\/uploads\/2025\/03\/487439630_1160741619178672_8867906907731334842_n.jpg'><img loading=\"lazy\" decoding=\"async\" width=\"150\" height=\"150\" src=\"https:\/\/www.radiopiu.net\/wordpress\/wp-content\/uploads\/2025\/03\/487439630_1160741619178672_8867906907731334842_n-150x150.jpg\" class=\"attachment-thumbnail size-thumbnail\" alt=\"\" \/><\/a>\n\t\t\t\t<\/dt><\/dl><dl class='gallery-item'>\n\t\t\t\t<dt class='gallery-icon landscape'>\n\t\t\t\t\t<a class=\"rollover rollover-zoom dt-pswp-item\" title=\"487490169_1160741889178645_2477524271872472173_n\" data-dt-img-description=\"\" data-large_image_width=\"2048\" data-large_image_height=\"1536\"href='https:\/\/www.radiopiu.net\/wordpress\/wp-content\/uploads\/2025\/03\/487490169_1160741889178645_2477524271872472173_n.jpg'><img loading=\"lazy\" decoding=\"async\" width=\"150\" height=\"150\" src=\"https:\/\/www.radiopiu.net\/wordpress\/wp-content\/uploads\/2025\/03\/487490169_1160741889178645_2477524271872472173_n-150x150.jpg\" class=\"attachment-thumbnail size-thumbnail\" alt=\"\" \/><\/a>\n\t\t\t\t<\/dt><\/dl><dl class='gallery-item'>\n\t\t\t\t<dt class='gallery-icon landscape'>\n\t\t\t\t\t<a class=\"rollover rollover-zoom dt-pswp-item\" title=\"487804841_1160742112511956_2004385713227180620_n\" data-dt-img-description=\"\" data-large_image_width=\"2048\" data-large_image_height=\"1536\"href='https:\/\/www.radiopiu.net\/wordpress\/wp-content\/uploads\/2025\/03\/487804841_1160742112511956_2004385713227180620_n.jpg'><img loading=\"lazy\" decoding=\"async\" width=\"150\" height=\"150\" src=\"https:\/\/www.radiopiu.net\/wordpress\/wp-content\/uploads\/2025\/03\/487804841_1160742112511956_2004385713227180620_n-150x150.jpg\" class=\"attachment-thumbnail size-thumbnail\" alt=\"\" \/><\/a>\n\t\t\t\t<\/dt><\/dl><dl class='gallery-item'>\n\t\t\t\t<dt class='gallery-icon portrait'>\n\t\t\t\t\t<a class=\"rollover rollover-zoom dt-pswp-item\" title=\"488015922_1160742052511962_4632810151617949132_n\" data-dt-img-description=\"\" data-large_image_width=\"1536\" data-large_image_height=\"2048\"href='https:\/\/www.radiopiu.net\/wordpress\/wp-content\/uploads\/2025\/03\/488015922_1160742052511962_4632810151617949132_n.jpg'><img loading=\"lazy\" decoding=\"async\" width=\"150\" height=\"150\" src=\"https:\/\/www.radiopiu.net\/wordpress\/wp-content\/uploads\/2025\/03\/488015922_1160742052511962_4632810151617949132_n-150x150.jpg\" class=\"attachment-thumbnail size-thumbnail\" alt=\"\" \/><\/a>\n\t\t\t\t<\/dt><\/dl><br style=\"clear: both\" \/>\n\t\t\t<\/div>\n\n<p>&nbsp;<\/p>\n<blockquote class=\"wp-embedded-content\" data-secret=\"GCEIWZV28D\"><p><a href=\"https:\/\/www.radiopiu.net\/wordpress\/lotteria-adanzarfortuna-2025-i-biglietti-vincenti\/\">LOTTERIA ADANZARFORTUNA 2025: I BIGLIETTI VINCENTI<\/a><\/p><\/blockquote>\n<p><iframe loading=\"lazy\" class=\"wp-embedded-content\" sandbox=\"allow-scripts\" security=\"restricted\" style=\"position: absolute; visibility: hidden;\" title=\"&#8220;LOTTERIA ADANZARFORTUNA 2025: I BIGLIETTI VINCENTI&#8221; &#8212; Radio Pi\u00f9\" src=\"https:\/\/www.radiopiu.net\/wordpress\/lotteria-adanzarfortuna-2025-i-biglietti-vincenti\/embed\/#?secret=onzi02DpMa#?secret=GCEIWZV28D\" data-secret=\"GCEIWZV28D\" width=\"600\" height=\"338\" frameborder=\"0\" marginwidth=\"0\" marginheight=\"0\" scrolling=\"no\"><\/iframe><\/p>\n<p>&nbsp;<\/p>\n<p>&nbsp;<\/p>\n<p>&nbsp;<\/p>\n","protected":false},"excerpt":{"rendered":"<p>****** &nbsp; &nbsp; LA\u00a0 APP PER IOS-IPHONE di Nicola Vettorello https:\/\/apps.apple.com\/it\/app\/radio-pi%C3%B9-emittente-agordina\/id1515939845 LA\u00a0 APP RADIO\u00a0 PER ANDROID di Nicola Vettorello https:\/\/play.google.com\/store\/apps\/details?id=net.radiopiu.iniko\u00a0\u00a0\u00a0\u00a0 &nbsp; BUON COMPLEANNO GIORNALE RADIO PIU d&#8217;aprile Il GIORNALE RADIO PIU compie 10 anni, la prima edizione online \u00e8 stata pubblicata dalla testata giornalistica RADIO PIU (1983) il 01 aprile 2015 e contestualmente inviato al&hellip;<\/p>\n","protected":false},"author":4,"featured_media":442622,"comment_status":"closed","ping_status":"closed","sticky":false,"template":"","format":"standard","meta":{"_monsterinsights_skip_tracking":false,"_monsterinsights_sitenote_active":false,"_monsterinsights_sitenote_note":"","_monsterinsights_sitenote_category":0,"footnotes":""},"categories":[51,86,49],"tags":[],"class_list":["post-442349","post","type-post","status-publish","format-standard","has-post-thumbnail","hentry","category-evidenza-top","category-gr","category-news-18","category-51","category-86","category-49","description-off"],"img_url":"https:\/\/www.radiopiu.net\/wordpress\/wp-content\/uploads\/2025\/03\/0bb496b7-d36d-4cb1-9c27-51f176e486b9.jpg","_links":{"self":[{"href":"https:\/\/www.radiopiu.net\/wordpress\/wp-json\/wp\/v2\/posts\/442349","targetHints":{"allow":["GET"]}}],"collection":[{"href":"https:\/\/www.radiopiu.net\/wordpress\/wp-json\/wp\/v2\/posts"}],"about":[{"href":"https:\/\/www.radiopiu.net\/wordpress\/wp-json\/wp\/v2\/types\/post"}],"author":[{"embeddable":true,"href":"https:\/\/www.radiopiu.net\/wordpress\/wp-json\/wp\/v2\/users\/4"}],"replies":[{"embeddable":true,"href":"https:\/\/www.radiopiu.net\/wordpress\/wp-json\/wp\/v2\/comments?post=442349"}],"version-history":[{"count":44,"href":"https:\/\/www.radiopiu.net\/wordpress\/wp-json\/wp\/v2\/posts\/442349\/revisions"}],"predecessor-version":[{"id":442707,"href":"https:\/\/www.radiopiu.net\/wordpress\/wp-json\/wp\/v2\/posts\/442349\/revisions\/442707"}],"wp:featuredmedia":[{"embeddable":true,"href":"https:\/\/www.radiopiu.net\/wordpress\/wp-json\/wp\/v2\/media\/442622"}],"wp:attachment":[{"href":"https:\/\/www.radiopiu.net\/wordpress\/wp-json\/wp\/v2\/media?parent=442349"}],"wp:term":[{"taxonomy":"category","embeddable":true,"href":"https:\/\/www.radiopiu.net\/wordpress\/wp-json\/wp\/v2\/categories?post=442349"},{"taxonomy":"post_tag","embeddable":true,"href":"https:\/\/www.radiopiu.net\/wordpress\/wp-json\/wp\/v2\/tags?post=442349"}],"curies":[{"name":"wp","href":"https:\/\/api.w.org\/{rel}","templated":true}]}}