{"id":442413,"date":"2025-03-31T05:35:57","date_gmt":"2025-03-31T03:35:57","guid":{"rendered":"https:\/\/www.radiopiu.net\/wordpress\/?p=442413"},"modified":"2025-03-31T05:52:56","modified_gmt":"2025-03-31T03:52:56","slug":"chiusa-per-lavori-la-ferrovia-del-cadore","status":"publish","type":"post","link":"https:\/\/www.radiopiu.net\/wordpress\/chiusa-per-lavori-la-ferrovia-del-cadore\/","title":{"rendered":"CHIUSA PER LAVORI LA FERROVIA DEL CADORE"},"content":{"rendered":"<p>^^<\/p>\n<p><strong>PONTE NELLE ALPI<\/strong><\/p>\n<p>Da ieri, la tratta ferroviaria Ponte nelle Alpi-Calalzo \u00e8 chiusa per 76 giorni per lavori di manutenzione su ponti, gallerie e muraglioni. La riapertura \u00e8 prevista per il 14 giugno, ma seguir\u00e0 un\u2019altra chiusura dal 14 settembre al 13 dicembre. I lavori interesseranno anche la stazione di Longarone, in vista delle Olimpiadi, con miglioramenti ai binari, marciapiedi e accessibilit\u00e0. Trenitalia garantir\u00e0 autobus sostitutivi. L\u2019Associazione TreniBelluno spera in benefici futuri, nonostante le limitazioni alla circolazione ferroviaria.<br \/>\n<img decoding=\"async\" src=\"https:\/\/www.radiopiu.net\/wordpress\/wp-content\/uploads\/2025\/03\/download-22.jpg\" \/><br \/>\n__<\/p>\n","protected":false},"excerpt":{"rendered":"<p>^^ PONTE NELLE ALPI Da ieri, la tratta ferroviaria Ponte nelle Alpi-Calalzo \u00e8 chiusa per 76 giorni per lavori di manutenzione su ponti, gallerie e muraglioni. La riapertura \u00e8 prevista per il 14 giugno, ma seguir\u00e0 un\u2019altra chiusura dal 14 settembre al 13 dicembre. I lavori interesseranno anche la stazione di Longarone, in vista delle&hellip;<\/p>\n","protected":false},"author":4,"featured_media":442414,"comment_status":"closed","ping_status":"closed","sticky":false,"template":"","format":"standard","meta":{"_monsterinsights_skip_tracking":false,"_monsterinsights_sitenote_active":false,"_monsterinsights_sitenote_note":"","_monsterinsights_sitenote_category":0,"footnotes":""},"categories":[51,49],"tags":[],"class_list":["post-442413","post","type-post","status-publish","format-standard","has-post-thumbnail","hentry","category-evidenza-top","category-news-18","category-51","category-49","description-off"],"img_url":"https:\/\/www.radiopiu.net\/wordpress\/wp-content\/uploads\/2025\/03\/download-22.jpg","_links":{"self":[{"href":"https:\/\/www.radiopiu.net\/wordpress\/wp-json\/wp\/v2\/posts\/442413","targetHints":{"allow":["GET"]}}],"collection":[{"href":"https:\/\/www.radiopiu.net\/wordpress\/wp-json\/wp\/v2\/posts"}],"about":[{"href":"https:\/\/www.radiopiu.net\/wordpress\/wp-json\/wp\/v2\/types\/post"}],"author":[{"embeddable":true,"href":"https:\/\/www.radiopiu.net\/wordpress\/wp-json\/wp\/v2\/users\/4"}],"replies":[{"embeddable":true,"href":"https:\/\/www.radiopiu.net\/wordpress\/wp-json\/wp\/v2\/comments?post=442413"}],"version-history":[{"count":1,"href":"https:\/\/www.radiopiu.net\/wordpress\/wp-json\/wp\/v2\/posts\/442413\/revisions"}],"predecessor-version":[{"id":442415,"href":"https:\/\/www.radiopiu.net\/wordpress\/wp-json\/wp\/v2\/posts\/442413\/revisions\/442415"}],"wp:featuredmedia":[{"embeddable":true,"href":"https:\/\/www.radiopiu.net\/wordpress\/wp-json\/wp\/v2\/media\/442414"}],"wp:attachment":[{"href":"https:\/\/www.radiopiu.net\/wordpress\/wp-json\/wp\/v2\/media?parent=442413"}],"wp:term":[{"taxonomy":"category","embeddable":true,"href":"https:\/\/www.radiopiu.net\/wordpress\/wp-json\/wp\/v2\/categories?post=442413"},{"taxonomy":"post_tag","embeddable":true,"href":"https:\/\/www.radiopiu.net\/wordpress\/wp-json\/wp\/v2\/tags?post=442413"}],"curies":[{"name":"wp","href":"https:\/\/api.w.org\/{rel}","templated":true}]}}