{"id":442476,"date":"2025-03-31T11:36:58","date_gmt":"2025-03-31T09:36:58","guid":{"rendered":"https:\/\/www.radiopiu.net\/wordpress\/?p=442476"},"modified":"2025-03-31T11:41:53","modified_gmt":"2025-03-31T09:41:53","slug":"paola-del-din-io-patriota-nei-giorni-della-costituzione-votai-monarchia","status":"publish","type":"post","link":"https:\/\/www.radiopiu.net\/wordpress\/paola-del-din-io-patriota-nei-giorni-della-costituzione-votai-monarchia\/","title":{"rendered":"PAOLA DEL DIN: \u00abIO PATRIOTA NEI GIORNI DELLA COSTITUZIONE. VOTAI MONARCHIA\u00bb"},"content":{"rendered":"<p>&nbsp;<\/p>\n<p>ARCHIVIO GIULIANO LAVEDER<\/p>\n<p>***<\/p>\n<p>PAOLA DEL DIN (101 ANNI FA NASCEVA A PIEVE DI CADORE, IL PAPA&#8217; ERA DI\u00a0 RIVAMONTE)<\/p>\n<p class=\"\" data-start=\"77\" data-end=\"533\"><a class=\"dt-pswp-item\" href=\"https:\/\/www.radiopiu.net\/wordpress\/wp-content\/uploads\/2025\/03\/download-23.jpg\" data-dt-img-description=\"\" data-large_image_width=\"1024\" data-large_image_height=\"562\"><img loading=\"lazy\" decoding=\"async\" class=\"size-medium wp-image-442478 alignleft\" src=\"https:\/\/www.radiopiu.net\/wordpress\/wp-content\/uploads\/2025\/03\/download-23-300x165.jpg\" alt=\"\" width=\"300\" height=\"165\" srcset=\"https:\/\/www.radiopiu.net\/wordpress\/wp-content\/uploads\/2025\/03\/download-23-300x165.jpg 300w, https:\/\/www.radiopiu.net\/wordpress\/wp-content\/uploads\/2025\/03\/download-23-768x422.jpg 768w, https:\/\/www.radiopiu.net\/wordpress\/wp-content\/uploads\/2025\/03\/download-23.jpg 1024w\" sizes=\"auto, (max-width: 300px) 100vw, 300px\" \/><\/a>In un\u2019intervista che ci porta indietro nel tempo, Paola Del Din, figura simbolo della nostra storia recente, racconta con passione e lucidit\u00e0 il suo coinvolgimento nelle vicende che hanno segnato la nascita della Repubblica Italiana. Un testimone diretto dei giorni cruciali che portarono alla redazione della Costituzione, Del Din ricorda con emozione il momento in cui, nel 1946, si trov\u00f2 a esprimere il suo voto per la scelta tra monarchia e repubblica.<\/p>\n<p class=\"\" data-start=\"535\" data-end=\"887\">\u00abVotai monarchia\u00bb dice Paola, con un tono che rivela il forte senso di responsabilit\u00e0 che l\u2019ha sempre contraddistinta. \u00abNon vedevo persone affidabili all\u2019orizzonte, ma col tempo ho imparato ad apprezzare personalit\u00e0 come Einaudi e De Nicola, figure che, secondo me, incarnavano veramente lo spirito di un\u2019Italia che si stava ricostruendo e rinascendo\u00bb.<\/p>\n<p class=\"\" data-start=\"889\" data-end=\"1198\">Del Din si sofferma anche su uno degli articoli che pi\u00f9 l\u2019hanno colpita nella Costituzione, l\u2019articolo 52: \u00abIl 52 \u00e8 quello che amo di pi\u00f9, \u00e8 la difesa del Paese, la garanzia che ogni cittadino \u00e8 chiamato a difendere la propria patria, non solo in tempo di guerra, ma come principio di responsabilit\u00e0 civica\u00bb.<\/p>\n<p class=\"\" data-start=\"1200\" data-end=\"1592\">L&#8217;articolo 52 della Costituzione italiana stabilisce infatti che &#8220;La difesa della patria \u00e8 sacro dovere del cittadino&#8221;, una norma che ha sempre avuto per Paola Del Din un significato profondo di unit\u00e0 e di responsabilit\u00e0 collettiva. Un pensiero che, con gli anni, ha accompagnato il suo impegno civico, sempre attenta a difendere e promuovere i valori democratici che fondano il nostro Paese.<\/p>\n<p class=\"\" data-start=\"1594\" data-end=\"1846\">Un incontro con Paola Del Din ci permette di rivivere quei momenti decisivi che hanno forgiato la nostra democrazia, con il contributo di chi ha creduto e continua a credere nei principi che hanno dato forma all\u2019Italia di oggi.<\/p>\n<div style=\"width: 1200px;\" class=\"wp-video\"><video class=\"wp-video-shortcode\" id=\"video-442476-1\" width=\"1200\" height=\"675\" preload=\"metadata\" controls=\"controls\"><source type=\"video\/mp4\" src=\"https:\/\/www.radiopiu.net\/wordpress\/wp-content\/uploads\/2025\/03\/WhatsApp-Video-2025-03-31-at-11.32.41.mp4?_=1\" \/><a href=\"https:\/\/www.radiopiu.net\/wordpress\/wp-content\/uploads\/2025\/03\/WhatsApp-Video-2025-03-31-at-11.32.41.mp4\">https:\/\/www.radiopiu.net\/wordpress\/wp-content\/uploads\/2025\/03\/WhatsApp-Video-2025-03-31-at-11.32.41.mp4<\/a><\/video><\/div>\n<p>&nbsp;<\/p>\n<blockquote class=\"wp-embedded-content\" data-secret=\"aUYkVSmMwi\"><p><a href=\"https:\/\/www.radiopiu.net\/wordpress\/storie-fotografiche-dal-passato-archivio-giuliano-laveder\/\">LA RACCOLTA COMPLETA. archivio privato giuliano laveder<\/a><\/p><\/blockquote>\n<p><iframe loading=\"lazy\" class=\"wp-embedded-content\" sandbox=\"allow-scripts\" security=\"restricted\" style=\"position: absolute; visibility: hidden;\" title=\"&#8220;LA RACCOLTA COMPLETA. archivio privato giuliano laveder&#8221; &#8212; Radio Pi\u00f9\" src=\"https:\/\/www.radiopiu.net\/wordpress\/storie-fotografiche-dal-passato-archivio-giuliano-laveder\/embed\/#?secret=wJqVCxrDcz#?secret=aUYkVSmMwi\" data-secret=\"aUYkVSmMwi\" width=\"600\" height=\"338\" frameborder=\"0\" marginwidth=\"0\" marginheight=\"0\" scrolling=\"no\"><\/iframe><\/p>\n","protected":false},"excerpt":{"rendered":"<p>&nbsp; ARCHIVIO GIULIANO LAVEDER *** PAOLA DEL DIN (101 ANNI FA NASCEVA A PIEVE DI CADORE, IL PAPA&#8217; ERA DI\u00a0 RIVAMONTE) In un\u2019intervista che ci porta indietro nel tempo, Paola Del Din, figura simbolo della nostra storia recente, racconta con passione e lucidit\u00e0 il suo coinvolgimento nelle vicende che hanno segnato la nascita della Repubblica&hellip;<\/p>\n","protected":false},"author":4,"featured_media":442478,"comment_status":"closed","ping_status":"closed","sticky":false,"template":"","format":"standard","meta":{"_monsterinsights_skip_tracking":false,"_monsterinsights_sitenote_active":false,"_monsterinsights_sitenote_note":"","_monsterinsights_sitenote_category":0,"footnotes":""},"categories":[49],"tags":[],"class_list":["post-442476","post","type-post","status-publish","format-standard","has-post-thumbnail","hentry","category-news-18","category-49","description-off"],"img_url":"https:\/\/www.radiopiu.net\/wordpress\/wp-content\/uploads\/2025\/03\/download-23.jpg","_links":{"self":[{"href":"https:\/\/www.radiopiu.net\/wordpress\/wp-json\/wp\/v2\/posts\/442476","targetHints":{"allow":["GET"]}}],"collection":[{"href":"https:\/\/www.radiopiu.net\/wordpress\/wp-json\/wp\/v2\/posts"}],"about":[{"href":"https:\/\/www.radiopiu.net\/wordpress\/wp-json\/wp\/v2\/types\/post"}],"author":[{"embeddable":true,"href":"https:\/\/www.radiopiu.net\/wordpress\/wp-json\/wp\/v2\/users\/4"}],"replies":[{"embeddable":true,"href":"https:\/\/www.radiopiu.net\/wordpress\/wp-json\/wp\/v2\/comments?post=442476"}],"version-history":[{"count":4,"href":"https:\/\/www.radiopiu.net\/wordpress\/wp-json\/wp\/v2\/posts\/442476\/revisions"}],"predecessor-version":[{"id":442483,"href":"https:\/\/www.radiopiu.net\/wordpress\/wp-json\/wp\/v2\/posts\/442476\/revisions\/442483"}],"wp:featuredmedia":[{"embeddable":true,"href":"https:\/\/www.radiopiu.net\/wordpress\/wp-json\/wp\/v2\/media\/442478"}],"wp:attachment":[{"href":"https:\/\/www.radiopiu.net\/wordpress\/wp-json\/wp\/v2\/media?parent=442476"}],"wp:term":[{"taxonomy":"category","embeddable":true,"href":"https:\/\/www.radiopiu.net\/wordpress\/wp-json\/wp\/v2\/categories?post=442476"},{"taxonomy":"post_tag","embeddable":true,"href":"https:\/\/www.radiopiu.net\/wordpress\/wp-json\/wp\/v2\/tags?post=442476"}],"curies":[{"name":"wp","href":"https:\/\/api.w.org\/{rel}","templated":true}]}}