{"id":442537,"date":"2025-03-01T05:30:52","date_gmt":"2025-03-01T04:30:52","guid":{"rendered":"https:\/\/www.radiopiu.net\/wordpress\/?p=442537"},"modified":"2025-04-01T06:14:52","modified_gmt":"2025-04-01T04:14:52","slug":"ultimora-incendio-boschivo-a-soffranco-aggiornamento-20-30","status":"publish","type":"post","link":"https:\/\/www.radiopiu.net\/wordpress\/ultimora-incendio-boschivo-a-soffranco-aggiornamento-20-30\/","title":{"rendered":"INCENDIO BOSCHIVO A SOFFRANCO  aggiornamento  20.30"},"content":{"rendered":"<p>**<\/p>\n<p>&nbsp;<\/p>\n<p>Oggi pomeriggio si \u00e8 sviluppato un incendio boschivo nei pressi di Soffranco (BL). Presso l&#8217;incendio stanno operando una squadra di operatori di Venetoagricoltura, 2 squadre di volontari della PC antincendio boschivo dell&#8217;Ana, una squadra di volontari PC antincendio boschivo del coordinamento di Soverzene e una squadra di VVF (a protezione di un rustico). Il coordinamento \u00e8 garantito dal direttore delle operazioni di spegnimento dei servizi forestali regionali. Sul posto anche i Carabinieri forestali e personale di Venetostrade (la strada rimane aperta). Si conferma l&#8217;impossibilit\u00e0 odierna di intervenire con elicottero della PC regionale. Le operazioni proseguono via terra: la parte bassa dell&#8217;incendio \u00e8 in fase di bonifica mentre la parte alta \u00e8 ancora in combustione. La superficie totale \u00e8 di circa 30.000 mq. Le operazioni proseguono anche nelle prossime ore e nella giornata di domani.<\/p>\n<p>&nbsp;<\/p>\n<p>EDIZIONE PRECEDENTE<\/p>\n<p class=\"\" data-start=\"64\" data-end=\"308\"><img loading=\"lazy\" decoding=\"async\" class=\"alignleft\" src=\"https:\/\/www.radiopiu.net\/wordpress\/wp-content\/uploads\/2025\/03\/b2bc7519-04ba-4988-96e0-e13d08357d29.jpg\" width=\"227\" height=\"303\" \/>Proseguono le operazioni di spegnimento dell\u2019incendio boschivo divampato nella zona di <strong data-start=\"151\" data-end=\"169\">Soffranco (BL)<\/strong>. Sul posto stanno operando diverse squadre coordinate dal <strong data-start=\"228\" data-end=\"305\">direttore delle operazioni di spegnimento dei servizi forestali regionali<\/strong>. In azione: Una squadra di operatori di <strong data-start=\"353\" data-end=\"374\">VenetoAgricoltura <\/strong>Due squadre di volontari della <strong data-start=\"410\" data-end=\"461\">Protezione Civile antincendio boschivo dell\u2019ANA <\/strong>Una squadra di volontari della <strong data-start=\"497\" data-end=\"555\">PC antincendio boschivo del coordinamento di Soverzene <\/strong>Una squadra dei <strong data-start=\"576\" data-end=\"596\">Vigili del Fuoco<\/strong>, impegnata nella protezione di un rustico Presenti sul luogo anche i <strong data-start=\"669\" data-end=\"694\">Carabinieri forestali<\/strong> e il personale di <strong data-start=\"713\" data-end=\"730\">Veneto Strade<\/strong>, che ha confermato che la viabilit\u00e0 rimane aperta. A causa del forte vento, anche oggi \u00e8 <strong data-start=\"823\" data-end=\"864\">impossibile l\u2019impiego dell\u2019elicottero<\/strong> della Protezione Civile regionale. Le operazioni proseguono via terra: <strong data-start=\"936\" data-end=\"1028\">la parte bassa dell\u2019incendio \u00e8 in fase di bonifica, mentre la parte alta \u00e8 ancora attiva<\/strong>. La superficie coinvolta \u00e8 di circa <strong data-start=\"1065\" data-end=\"1090\">30.000 metri quadrati<\/strong>. I lavori di contenimento e spegnimento andranno avanti nelle prossime ore e per tutta la giornata di domani. La situazione resta monitorata con la massima attenzione.<\/p>\n<p>EDIZIONE PRECEDENTE<\/p>\n<p class=\"\" data-start=\"63\" data-end=\"331\"><img loading=\"lazy\" decoding=\"async\" class=\"alignleft\" src=\"https:\/\/www.radiopiu.net\/wordpress\/wp-content\/uploads\/2023\/10\/Taibon_25-10-2018_Spegnimento-incendio-a-S.-Lucano-2-scaled.jpg\" width=\"332\" height=\"249\" \/>Un nuovo incendio boschivo \u00e8 stato segnalato nella zona di Soffranco (BL), mettendo in allarme le autorit\u00e0 locali e i servizi forestali. Le operazioni di spegnimento risultano particolarmente complesse a causa del forte vento, che ostacola l\u2019impiego dell\u2019elicottero.<\/p>\n<p class=\"\" data-start=\"333\" data-end=\"558\">Le squadre di emergenza sono gi\u00e0 sul posto per contenere le fiamme e limitare i danni al patrimonio boschivo della zona. La situazione \u00e8 in costante monitoraggio e si attendono aggiornamenti sulle operazioni di spegnimento.<\/p>\n<p class=\"\" data-start=\"560\" data-end=\"672\">L\u2019Assessore alla Protezione Civile del Veneto, Gianpaolo Bottacin, segue da vicino l\u2019evolversi della situazione.<\/p>\n<p data-start=\"560\" data-end=\"672\">IN AGGIORNAMENTO<\/p>\n<hr \/>\n<p data-start=\"560\" data-end=\"672\">\n","protected":false},"excerpt":{"rendered":"<p>** &nbsp; Oggi pomeriggio si \u00e8 sviluppato un incendio boschivo nei pressi di Soffranco (BL). Presso l&#8217;incendio stanno operando una squadra di operatori di Venetoagricoltura, 2 squadre di volontari della PC antincendio boschivo dell&#8217;Ana, una squadra di volontari PC antincendio boschivo del coordinamento di Soverzene e una squadra di VVF (a protezione di un rustico).&hellip;<\/p>\n","protected":false},"author":4,"featured_media":442617,"comment_status":"closed","ping_status":"closed","sticky":false,"template":"","format":"standard","meta":{"_monsterinsights_skip_tracking":false,"_monsterinsights_sitenote_active":false,"_monsterinsights_sitenote_note":"","_monsterinsights_sitenote_category":0,"footnotes":""},"categories":[51,49],"tags":[],"class_list":["post-442537","post","type-post","status-publish","format-standard","has-post-thumbnail","hentry","category-evidenza-top","category-news-18","category-51","category-49","description-off"],"img_url":"https:\/\/www.radiopiu.net\/wordpress\/wp-content\/uploads\/2025\/03\/b2bc7519-04ba-4988-96e0-e13d08357d29.jpg","_links":{"self":[{"href":"https:\/\/www.radiopiu.net\/wordpress\/wp-json\/wp\/v2\/posts\/442537","targetHints":{"allow":["GET"]}}],"collection":[{"href":"https:\/\/www.radiopiu.net\/wordpress\/wp-json\/wp\/v2\/posts"}],"about":[{"href":"https:\/\/www.radiopiu.net\/wordpress\/wp-json\/wp\/v2\/types\/post"}],"author":[{"embeddable":true,"href":"https:\/\/www.radiopiu.net\/wordpress\/wp-json\/wp\/v2\/users\/4"}],"replies":[{"embeddable":true,"href":"https:\/\/www.radiopiu.net\/wordpress\/wp-json\/wp\/v2\/comments?post=442537"}],"version-history":[{"count":5,"href":"https:\/\/www.radiopiu.net\/wordpress\/wp-json\/wp\/v2\/posts\/442537\/revisions"}],"predecessor-version":[{"id":442637,"href":"https:\/\/www.radiopiu.net\/wordpress\/wp-json\/wp\/v2\/posts\/442537\/revisions\/442637"}],"wp:featuredmedia":[{"embeddable":true,"href":"https:\/\/www.radiopiu.net\/wordpress\/wp-json\/wp\/v2\/media\/442617"}],"wp:attachment":[{"href":"https:\/\/www.radiopiu.net\/wordpress\/wp-json\/wp\/v2\/media?parent=442537"}],"wp:term":[{"taxonomy":"category","embeddable":true,"href":"https:\/\/www.radiopiu.net\/wordpress\/wp-json\/wp\/v2\/categories?post=442537"},{"taxonomy":"post_tag","embeddable":true,"href":"https:\/\/www.radiopiu.net\/wordpress\/wp-json\/wp\/v2\/tags?post=442537"}],"curies":[{"name":"wp","href":"https:\/\/api.w.org\/{rel}","templated":true}]}}