{"id":442644,"date":"2025-04-02T05:58:18","date_gmt":"2025-04-02T03:58:18","guid":{"rendered":"https:\/\/www.radiopiu.net\/wordpress\/?p=442644"},"modified":"2025-04-02T08:32:47","modified_gmt":"2025-04-02T06:32:47","slug":"giornale-radiopiu-02-aprile-2025-direttore-mirko-mezzacasa","status":"publish","type":"post","link":"https:\/\/www.radiopiu.net\/wordpress\/giornale-radiopiu-02-aprile-2025-direttore-mirko-mezzacasa\/","title":{"rendered":"GIORNALE RADIOPIU 02 APRILE 2025 DIRETTORE MIRKO MEZZACASA"},"content":{"rendered":"<p>******<\/p>\n<p>&nbsp;<\/p>\n<h1>SEDICO IN LUTTO: MORTO IN UN INCIDENTE L\u2019IMPRENDITORE ENRICO MORETTI<\/h1>\n<p><strong>SEDICO<\/strong><\/p>\n<p><img decoding=\"async\" class=\"alignleft\" src=\"https:\/\/www.radiopiu.net\/wordpress\/wp-content\/uploads\/2025\/04\/Senza-nome-5.png\" \/>Enrico Moretti, 51 anni, imprenditore di Sedico a capo della Moretti Interiors, \u00e8 morto ieri in un incidente stradale sull\u2019A26 in Piemonte. Alla guida della sua Audi RS Q8, ha tamponato un Tir, incastrandosi sotto il rimorchio. Stava viaggiando per lavoro verso Montecarlo. I soccorsi sono stati inutili. La notizia ha scosso Sedico, dove Moretti era stimato per il suo impegno imprenditoriale. Il sindaco Christian Roldo ha espresso il cordoglio della comunit\u00e0, ricordando la sua importanza per il territorio.<\/p>\n<p>&nbsp;<\/p>\n<h3 class=\"\" data-start=\"0\" data-end=\"62\"><strong data-start=\"4\" data-end=\"60\">MORETTI INTERIORS: UNA STORIA DI ECCELLENZA DAL 1960<\/strong><\/h3>\n<p class=\"\" data-start=\"64\" data-end=\"603\">Fondata nel 1960, la Moretti Interiors \u00e8 un&#8217;azienda specializzata in arredi di lusso per hotel, boutique e residenze di prestigio. Enrico Moretti ne era il titolare dal 2016, dopo la scomparsa del padre Luciano. Sotto la sua guida, l\u2019azienda ha ampliato le attivit\u00e0, consolidando la sua presenza nel Principato di Monaco, dove Enrico si stava recando prima del tragico incidente. Il motto della ditta, <strong data-start=\"466\" data-end=\"520\">&#8220;Tre generazioni, una passione: creare eccellenza&#8221;<\/strong>, sintetizza la sua missione di qualit\u00e0 e innovazione nel settore dell\u2019arredamento.<\/p>\n<p>&nbsp;<\/p>\n<hr \/>\n<p>&nbsp;<\/p>\n<p>&nbsp;<\/p>\n<p><em><span style=\"color: #ff0000;\"><a class=\"dt-pswp-item\" href=\"https:\/\/www.radiopiu.net\/wordpress\/wp-content\/uploads\/2024\/10\/Senza-nome-8.png\" data-dt-img-description=\"\" data-large_image_width=\"343\" data-large_image_height=\"303\"><img loading=\"lazy\" decoding=\"async\" class=\"wp-image-412130 alignleft\" src=\"https:\/\/www.radiopiu.net\/wordpress\/wp-content\/uploads\/2024\/10\/Senza-nome-8-300x265.png\" alt=\"\" width=\"105\" height=\"93\" srcset=\"https:\/\/www.radiopiu.net\/wordpress\/wp-content\/uploads\/2024\/10\/Senza-nome-8-300x265.png 300w, https:\/\/www.radiopiu.net\/wordpress\/wp-content\/uploads\/2024\/10\/Senza-nome-8.png 343w\" sizes=\"auto, (max-width: 105px) 100vw, 105px\" \/><\/a><\/span><\/em><strong><em><span style=\"color: #ff0000;\"> LA\u00a0 APP PER IOS-IPHONE di Nicola Vettorello<\/span><\/em><\/strong><\/p>\n<p><strong><span style=\"color: #0000ff;\"><a style=\"color: #0000ff;\" href=\"https:\/\/apps.apple.com\/it\/app\/radio-pi%C3%B9-emittente-agordina\/id1515939845\">https:\/\/apps.apple.com\/it\/app\/radio-pi%C3%B9-emittente-agordina\/id1515939845<\/a><\/span><\/strong><\/p>\n<p><strong><em style=\"color: #ff0000;\">LA\u00a0 APP RADIO\u00a0 PER ANDROID di Nicola Vettorello<\/em><\/strong><\/p>\n<p><strong><span style=\"color: #0000ff;\"><a style=\"color: #0000ff;\" href=\"https:\/\/play.google.com\/store\/apps\/details?id=net.radiopiu.iniko\" target=\"_blank\" rel=\"noopener noreferrer\">https:\/\/<\/a><a style=\"color: #0000ff;\" href=\"https:\/\/play.google.com\/store\/apps\/details?id=net.radiopiu.iniko\" target=\"_blank\" rel=\"noopener noreferrer\">play.google.com\/store\/apps\/details?id=net.radiopiu.iniko\u00a0\u00a0\u00a0\u00a0<\/a><\/span><\/strong><\/p>\n<p>&nbsp;<\/p>\n<p>&nbsp;<\/p>\n<p>&nbsp;<\/p>\n<hr \/>\n<p><span style=\"color: #0000ff;\">\u00a0<\/span><\/p>\n<p>&nbsp;<\/p>\n<p><span style=\"color: #0000ff;\"><strong><a class=\"dt-pswp-item\" href=\"https:\/\/www.radiopiu.net\/wordpress\/wp-content\/uploads\/2023\/07\/CAF-CISL.png\" data-dt-img-description=\"\" data-large_image_width=\"1200\" data-large_image_height=\"630\"><img loading=\"lazy\" decoding=\"async\" class=\"wp-image-344831 alignleft\" src=\"https:\/\/www.radiopiu.net\/wordpress\/wp-content\/uploads\/2023\/07\/CAF-CISL-300x158.png\" alt=\"\" width=\"159\" height=\"84\" srcset=\"https:\/\/www.radiopiu.net\/wordpress\/wp-content\/uploads\/2023\/07\/CAF-CISL-300x158.png 300w, https:\/\/www.radiopiu.net\/wordpress\/wp-content\/uploads\/2023\/07\/CAF-CISL-1024x538.png 1024w, https:\/\/www.radiopiu.net\/wordpress\/wp-content\/uploads\/2023\/07\/CAF-CISL-768x403.png 768w, https:\/\/www.radiopiu.net\/wordpress\/wp-content\/uploads\/2023\/07\/CAF-CISL.png 1200w\" sizes=\"auto, (max-width: 159px) 100vw, 159px\" \/><\/a>OGGI <\/strong>\u00a0<\/span>\u00a0 <strong>\u00a0825<\/strong>\u00a0 PIU SIAMO CON MARINA DONA&#8217;\u00a0 <strong>ALLE 9.10,<\/strong> QUESTA SERA IN REPLICA, LIBER&#8230; DI LIANA CAVALLET <strong>1010<\/strong> CISL LA VOCE PER I LAVORATORI\u00a0 (FOTO) <strong>10.30<\/strong>\u00a0 \u00a0SE NON LA SMETTI DI MANDO DAL PRESIDE CON LA PROF. MARIA ROSA SALMAZO<strong>\u00a011.00\u00a0<\/strong>\u00a0 PIU&#8217; MUSICA DI MARINA, <strong>11.20<\/strong> LE SELEZIONI DI MORENO TOCCHETTO <strong>1140<\/strong> DAVID BEN<span class=\"transfer_display_name\">\u00a0<strong>12.30<\/strong> IL GIORNALE RADIO EDIZIONE PRINCIPALE\u00a0<strong> 13.00<\/strong> SIB INFORMA, PER LE TRE RADIO, BARBARA PAOLAZZI <strong>13.20<\/strong>\u00a0 COLLAGE, CON LORIS SCUSSEL DAL MARTEDI ALLA DOMENICA ALLE <strong>14.00<\/strong> LA CLASSIFICA DI MARCO GAZ\u00a0 <strong>15.00<\/strong> AMAZING CALENDAR, DALLA NEVEGAL TOUR MICHELA E MARINA <\/span><strong>16<\/strong><b>.45\u00a0<\/b> LE CLASSIFICHE, LA STORIA DELLA MUSICA, DI MIRCO BENCIVENNI (foto) 19.00 le anticipazioni del TG di Antenna 3 (Canale 10 digitale terrestre) di Tiziana Bolognani<\/p>\n<blockquote>\n<h3><\/h3>\n<\/blockquote>\n<p>&nbsp;<\/p>\n<hr \/>\n<p>&nbsp;<\/p>\n<p>&nbsp;<\/p>\n<div class=\"x11i5rnm xat24cr x1mh8g0r x1vvkbs xtlvy1s x126k92a\">\n<div dir=\"auto\">\n<div dir=\"auto\">\n<p><strong><a class=\"dt-pswp-item\" href=\"https:\/\/www.radiopiu.net\/wordpress\/wp-content\/uploads\/2024\/02\/2d44e751-d8a8-461b-8e22-d8e4e853b032.jpg\" data-dt-img-description=\"\" data-large_image_width=\"1600\" data-large_image_height=\"1200\"><img loading=\"lazy\" decoding=\"async\" class=\"wp-image-373307 alignleft\" src=\"https:\/\/www.radiopiu.net\/wordpress\/wp-content\/uploads\/2024\/02\/2d44e751-d8a8-461b-8e22-d8e4e853b032-300x225.jpg\" alt=\"\" width=\"105\" height=\"79\" srcset=\"https:\/\/www.radiopiu.net\/wordpress\/wp-content\/uploads\/2024\/02\/2d44e751-d8a8-461b-8e22-d8e4e853b032-300x225.jpg 300w, https:\/\/www.radiopiu.net\/wordpress\/wp-content\/uploads\/2024\/02\/2d44e751-d8a8-461b-8e22-d8e4e853b032-1024x768.jpg 1024w, https:\/\/www.radiopiu.net\/wordpress\/wp-content\/uploads\/2024\/02\/2d44e751-d8a8-461b-8e22-d8e4e853b032-768x576.jpg 768w, https:\/\/www.radiopiu.net\/wordpress\/wp-content\/uploads\/2024\/02\/2d44e751-d8a8-461b-8e22-d8e4e853b032-1536x1152.jpg 1536w, https:\/\/www.radiopiu.net\/wordpress\/wp-content\/uploads\/2024\/02\/2d44e751-d8a8-461b-8e22-d8e4e853b032.jpg 1600w\" sizes=\"auto, (max-width: 105px) 100vw, 105px\" \/><\/a>EL BAL DEL FIOR, DI GIULIANA DA RONCH, 02 APRILE<\/strong><strong> 2025<\/strong><\/p>\n<\/div>\n<p>&nbsp;<\/p>\n<div dir=\"auto\">\n<audio class=\"wp-audio-shortcode\" id=\"audio-442644-1\" preload=\"none\" style=\"width: 100%;\" controls=\"controls\"><source type=\"audio\/mpeg\" src=\"https:\/\/www.radiopiu.net\/wordpress\/wp-content\/uploads\/2025\/03\/GME-4.mp3?_=1\" \/><a href=\"https:\/\/www.radiopiu.net\/wordpress\/wp-content\/uploads\/2025\/03\/GME-4.mp3\">https:\/\/www.radiopiu.net\/wordpress\/wp-content\/uploads\/2025\/03\/GME-4.mp3<\/a><\/audio>\n<p>&nbsp;<\/p>\n<hr \/>\n<p>&nbsp;<\/p>\n<p>&nbsp;<\/p>\n<\/div>\n<\/div>\n<\/div>\n<div class=\"x11i5rnm xat24cr x1mh8g0r x1vvkbs xtlvy1s x126k92a\">\n<blockquote>\n<h1><strong><a class=\"dt-pswp-item\" href=\"https:\/\/www.radiopiu.net\/wordpress\/wp-content\/uploads\/2024\/10\/629301fd-708d-4f53-95c2-d28cbefd500f.jpg\" data-dt-img-description=\"\" data-large_image_width=\"1600\" data-large_image_height=\"1322\"><img loading=\"lazy\" decoding=\"async\" class=\"wp-image-413782 alignright\" src=\"https:\/\/www.radiopiu.net\/wordpress\/wp-content\/uploads\/2024\/10\/629301fd-708d-4f53-95c2-d28cbefd500f-300x248.jpg\" alt=\"\" width=\"106\" height=\"88\" srcset=\"https:\/\/www.radiopiu.net\/wordpress\/wp-content\/uploads\/2024\/10\/629301fd-708d-4f53-95c2-d28cbefd500f-300x248.jpg 300w, https:\/\/www.radiopiu.net\/wordpress\/wp-content\/uploads\/2024\/10\/629301fd-708d-4f53-95c2-d28cbefd500f-1024x846.jpg 1024w, https:\/\/www.radiopiu.net\/wordpress\/wp-content\/uploads\/2024\/10\/629301fd-708d-4f53-95c2-d28cbefd500f-768x635.jpg 768w, https:\/\/www.radiopiu.net\/wordpress\/wp-content\/uploads\/2024\/10\/629301fd-708d-4f53-95c2-d28cbefd500f-1536x1269.jpg 1536w, https:\/\/www.radiopiu.net\/wordpress\/wp-content\/uploads\/2024\/10\/629301fd-708d-4f53-95c2-d28cbefd500f.jpg 1600w\" sizes=\"auto, (max-width: 106px) 100vw, 106px\" \/><\/a><\/strong><\/h1>\n<h1><strong><a class=\"dt-pswp-item\" href=\"https:\/\/www.radiopiu.net\/wordpress\/wp-content\/uploads\/2024\/11\/th-18.jpg\" data-dt-img-description=\"\" data-large_image_width=\"156\" data-large_image_height=\"180\"><img loading=\"lazy\" decoding=\"async\" class=\"size-full wp-image-421611 alignleft\" src=\"https:\/\/www.radiopiu.net\/wordpress\/wp-content\/uploads\/2024\/11\/th-18.jpg\" alt=\"\" width=\"156\" height=\"180\" \/><\/a><\/strong><\/h1>\n<h1><strong>N di parom &#8211; L Almanach de la nosta jent<\/strong><\/h1>\n<\/blockquote>\n<p>&nbsp;<\/p>\n<p>Le voci: Davide Conedera, Agordo, Michela Dell&#8217;Osbel, La Valle Agordina Simone Ganz, Falcade Veronica Lezuo, Colle Santa Lucia. La voce nella sigla \u00e8 di Giorgia Taio<\/p>\n<p><strong>LA PUNTATA DI OGGI, 02 APRILE 2025<\/strong><\/p>\n<audio class=\"wp-audio-shortcode\" id=\"audio-442644-2\" preload=\"none\" style=\"width: 100%;\" controls=\"controls\"><source type=\"audio\/mpeg\" src=\"https:\/\/www.radiopiu.net\/wordpress\/wp-content\/uploads\/2025\/03\/AL3-4.mp3?_=2\" \/><a href=\"https:\/\/www.radiopiu.net\/wordpress\/wp-content\/uploads\/2025\/03\/AL3-4.mp3\">https:\/\/www.radiopiu.net\/wordpress\/wp-content\/uploads\/2025\/03\/AL3-4.mp3<\/a><\/audio>\n<p>&nbsp;<\/p>\n<p>&nbsp;<\/p>\n<p>&nbsp;<\/p>\n<\/div>\n<div class=\"x11i5rnm xat24cr x1mh8g0r x1vvkbs xtlvy1s x126k92a\">\n<div dir=\"auto\">\n<hr \/>\n<\/div>\n<\/div>\n<blockquote>\n<blockquote>\n<h1><span style=\"color: #ff0000;\">\u00a0<\/span><\/h1>\n<h1><span style=\"color: #ff0000;\">I podcast informativi del mattino &#8211; audio &#8211;\u00a0\u00a0<\/span><\/h1>\n<\/blockquote>\n<p><strong><a class=\"dt-pswp-item\" href=\"https:\/\/www.radiopiu.net\/wordpress\/wp-content\/uploads\/2024\/11\/6.jpg\" data-dt-img-description=\"\" data-large_image_width=\"177\" data-large_image_height=\"180\"><img loading=\"lazy\" decoding=\"async\" class=\"size-full wp-image-417911 alignleft\" src=\"https:\/\/www.radiopiu.net\/wordpress\/wp-content\/uploads\/2024\/11\/6.jpg\" alt=\"\" width=\"177\" height=\"180\" \/><\/a>LA RASSEGNA STAMPA NAZIONALE ALLA RADIO, OGNI GIORNO ALLE 5 E ALLE 6 DEL MATTINO <span style=\"color: #0000ff;\">viene pubblicata alle 6.00 <span style=\"color: #ff0000;\">DIRETTA RADIO\u00a0 \u00a0\u00a0<\/span><\/span><\/strong><\/p><\/blockquote>\n<p>&nbsp;<\/p>\n<p><strong>NOTIZIE DELLA NOTTE<\/strong><\/p>\n<p><strong>Trump<\/strong> supera il test Florida, Musk invece perde in Wisconsin <strong>La Cina<\/strong> lancia nuove manovre militari nello Stretto di Taiwan <strong>Borsa<\/strong>: Tokyo, apertura in leggero aumento (+0,29%) <strong>Parla a Congresso<\/strong> oltre 24 ore, senatore dem Booker batte record <strong>Processo Maradona,<\/strong> nel corpo nessuna traccia di droghe o alcol <strong>Consigliere sicurezza<\/strong> Trump us\u00f2 Gmail per comunicazioni <strong>Coloni<\/strong> danno fuoco a case in Cisgiordania, interviene Idf<\/p>\n<h1>AUDIO dalle 6 del mattino<\/h1>\n<audio class=\"wp-audio-shortcode\" id=\"audio-442644-3\" preload=\"none\" style=\"width: 100%;\" controls=\"controls\"><source type=\"audio\/mpeg\" src=\"https:\/\/www.radiopiu.net\/wordpress\/wp-content\/uploads\/2025\/04\/GIORNALEDELLESEI.mp3?_=3\" \/><a href=\"https:\/\/www.radiopiu.net\/wordpress\/wp-content\/uploads\/2025\/04\/GIORNALEDELLESEI.mp3\">https:\/\/www.radiopiu.net\/wordpress\/wp-content\/uploads\/2025\/04\/GIORNALEDELLESEI.mp3<\/a><\/audio>\n<p>&nbsp;<\/p>\n<p>&nbsp;<\/p>\n<hr \/>\n<p>&nbsp;<\/p>\n<h1 style=\"text-align: center;\"><span style=\"color: #ff0000;\"><a class=\"dt-pswp-item\" href=\"https:\/\/www.radiopiu.net\/wordpress\/wp-content\/uploads\/2024\/11\/7.jpg\" data-dt-img-description=\"\" data-large_image_width=\"180\" data-large_image_height=\"180\"><img loading=\"lazy\" decoding=\"async\" class=\"size-full wp-image-417912 alignleft\" src=\"https:\/\/www.radiopiu.net\/wordpress\/wp-content\/uploads\/2024\/11\/7.jpg\" alt=\"\" width=\"180\" height=\"180\" srcset=\"https:\/\/www.radiopiu.net\/wordpress\/wp-content\/uploads\/2024\/11\/7.jpg 180w, https:\/\/www.radiopiu.net\/wordpress\/wp-content\/uploads\/2024\/11\/7-150x150.jpg 150w\" sizes=\"auto, (max-width: 180px) 100vw, 180px\" \/><\/a>I podcast informativi del mattino &#8211; audio &#8211;\u00a0<\/span><\/h1>\n<p><strong>OGNI GIORNO ALLE SETTE DEL MATTINO, LA RASSEGNA STAMPA LOCALE FLASH&#8230; PER CHI VA IN FRETTA. I TITOLI DAI GIORNALI E DAL SITO WWW.RADIOPIU.NET <span style=\"color: #0000ff;\">viene pubblicato alle 7.00<\/span> <span style=\"color: #ff0000;\">DIRETTA RADIO\u00a0<\/span><\/strong><\/p>\n<p><em><span style=\"color: #ff0000;\">per chi va in fretta&#8230; tante notizie in pochi minuti. L&#8217;informazione locale alla radio, ogni ora dalle 7 del mattino alle 19 della sera.<\/span><\/em><\/p>\n<p>&nbsp;<\/p>\n<p>&nbsp;<\/p>\n<p><strong>SEDICO IN LUTTO:<\/strong> MORTO IN UN INCIDENTE L\u2019IMPRENDITORE ENRICO MORETTI<br \/>\n<strong>FELTRE <\/strong>D\u00c0 L\u2019ADDIO A SISTO BASSANI, STORICO RISTORATORE<br \/>\n<strong>SAN PIETRO<\/strong>: CONVALIDA DELL&#8217;ARRESTO PER LA BANDA DEL BANCOMAT<br \/>\n<strong>CORTINA<\/strong> AGGRESSIONE AD UN AUTISTA DELLA DOLOMITI BUS: IL CASO FINISCE IN TRIBUNALE<br \/>\n<strong>SOFFRANCO <\/strong>SOSPETTO DOLO PER L&#8217;INCENDIO A SOFFRANCO: INDAGINI IN CORSO<\/p>\n<h1>AUDIO dalle 7 del mattino<\/h1>\n<audio class=\"wp-audio-shortcode\" id=\"audio-442644-4\" preload=\"none\" style=\"width: 100%;\" controls=\"controls\"><source type=\"audio\/mpeg\" src=\"https:\/\/www.radiopiu.net\/wordpress\/wp-content\/uploads\/2025\/04\/GF07-1.mp3?_=4\" \/><a href=\"https:\/\/www.radiopiu.net\/wordpress\/wp-content\/uploads\/2025\/04\/GF07-1.mp3\">https:\/\/www.radiopiu.net\/wordpress\/wp-content\/uploads\/2025\/04\/GF07-1.mp3<\/a><\/audio>\n<p>&nbsp;<\/p>\n<p>&nbsp;<\/p>\n<hr \/>\n<p>&nbsp;<\/p>\n<h1><\/h1>\n<h1 style=\"text-align: center;\"><span style=\"color: #ff0000;\"><a class=\"dt-pswp-item\" href=\"https:\/\/www.radiopiu.net\/wordpress\/wp-content\/uploads\/2024\/11\/th.jpg\" data-dt-img-description=\"\" data-large_image_width=\"148\" data-large_image_height=\"179\"><img loading=\"lazy\" decoding=\"async\" class=\"size-full wp-image-417913 alignleft\" src=\"https:\/\/www.radiopiu.net\/wordpress\/wp-content\/uploads\/2024\/11\/th.jpg\" alt=\"\" width=\"148\" height=\"179\" \/><\/a>I podcast informativi del mattino &#8211; audio &#8211;\u00a0<\/span><\/h1>\n<blockquote><p><strong>GIORNALE RADIO NAZIONALE, EDIZIONE DELLE SETTE <span style=\"color: #0000ff;\">viene pubblicato alle 7.05 <span style=\"color: #ff0000;\">DIRETTA RADIO\u00a0<\/span><\/span><\/strong><\/p><\/blockquote>\n<p><strong>il giornale radionazionale e&#8217; in onda ogni ora, dalle sette del mattino alle venti della sera\u00a0 \u00a0<\/strong><\/p>\n<p>&nbsp;<\/p>\n<p>&nbsp;<\/p>\n<p><strong> <a class=\"dt-pswp-item\" href=\"https:\/\/www.radiopiu.net\/wordpress\/wp-content\/uploads\/2025\/02\/download-7.jpg\" data-dt-img-description=\"\" data-large_image_width=\"211\" data-large_image_height=\"239\"><img loading=\"lazy\" decoding=\"async\" class=\"wp-image-435553 alignleft\" src=\"https:\/\/www.radiopiu.net\/wordpress\/wp-content\/uploads\/2025\/02\/download-7.jpg\" alt=\"\" width=\"164\" height=\"186\" \/><\/a>UDINE\u00a0 <\/strong>La morte di Daniela Tada, 22 anni, trafitto da scheggia, l&#8217;autopsia: &#8216;Come se fosse stato colpito da due fucilate&#8217; <strong>ROMA<\/strong> Piazza di spaccio in Curva sud all&#8217;Olimpico, indagati 6 ultr\u00e0 <strong>SALERNO<\/strong> 15enne trovato per strada in una pozza di sangue, \u00e8 grave<strong> PISA<\/strong> Muore a 17 anni schiacciato dal trattore Nell&#8217;azienda di famiglia nel pisano. Il padre ha trovato il corpo <strong>MILANO<\/strong> Omicidio di Giulia Tramontano, difesa di Impagnatiello al lavoro sul ricorso in appello L&#8217;ex barman condannato in primo grado all&#8217;ergastolo <strong>PERUGIA<\/strong> Ordigno incendiario all&#8217;Universit\u00e0, si valuta la pista del terrorismo Rivendicato dagli anarchici. Trovato nella facolt\u00e0 di Scienze dell&#8217;investigazione e della sicurezza <strong>MILANO<\/strong> I pm di Milano indagano su altri possibili sorvoli di droni Accertamenti in un&#8217;area che comprende Leonardo. &#8216;Ipotesi filorussi&#8217; <strong>ROMA<\/strong> Tesla incendiate, informativa al pm dell&#8217;antiterrorismo La Digos invier\u00e0 l&#8217;incartamento a piazzale Clodio<\/p>\n<p>&nbsp;<\/p>\n<p><strong><br \/>\n<a class=\"dt-pswp-item\" href=\"https:\/\/www.radiopiu.net\/wordpress\/wp-content\/uploads\/2025\/02\/download-3.jpg\" data-dt-img-description=\"\" data-large_image_width=\"223\" data-large_image_height=\"226\"><img loading=\"lazy\" decoding=\"async\" class=\"size-full wp-image-434732 alignleft\" src=\"https:\/\/www.radiopiu.net\/wordpress\/wp-content\/uploads\/2025\/02\/download-3.jpg\" alt=\"\" width=\"223\" height=\"226\" \/><\/a>VICENZA <\/strong>Uccisa e gettata dal ponte, il pm chiude le indagini sull&#8217;ex compagno Contestato l&#8217;omicidio premeditato e aggravato di Giada Zanola <strong>PADOVA <\/strong>Chiuse indagini su ex prefetto Padova per peculato, udienza 19\/6 Auto di servizio per interessi personali, una quarantina di casi <strong>VICENZA <\/strong>Scritte contro sindacato e simboli no vax su sede Uil di Vicenza Segretario Toigo, &#8216;gesto vile, non ci intimidiscono&#8217;<br \/>\n<strong>PADOVA<\/strong> Tentano una rapina a un rider, arrestati tre minorenni L&#8217;episodio a Padova nella notte di sabato<strong><br \/>\nVENEZIA <\/strong>Scuola:calendario Veneto 2025-2026, dal 10 settembre al 6 giugno Per scuole primarie,medie e superiori.Al 27 giugno per infanzia <strong>VENEZIA<\/strong> Il Veneto a Vinitaly coniuga l&#8217;enologia a Milano-Cortina Zaia, &#8216;connubio tra due motivi d&#8217;orgoglio della nostra regione&#8217; <strong>MOGLIANO<\/strong> Tentato furto e aggressione ai carabinieri: arrestato un 16enne Denunciato anche un 19enne, tre giovani riescono a fuggire<br \/>\n<strong>PADOVA<\/strong> Grave un operaio colpito in testa da un tubo in un cantiere L&#8217;incidente \u00e8 avvenuto stamani nel Padovano <strong>PADOVA<\/strong> Commercialista abusivo evadeva il fisco, sequestrati 1,1 milioni Gdf Padova sequestra auto d&#8217;epoca, quadri e 4 immobili <strong>PADOVA<\/strong> Rissa e accoltellamento in circolo privato, chiuso per 4 mesi Provvedimento del questore di Padova<\/p>\n<p><strong data-start=\"0\" data-end=\"62\">Notizie locali dal Bellunese: tra cronaca, eventi e novit\u00e0<\/strong><\/p>\n<div class=\"flex flex-1 grow basis-auto flex-col overflow-hidden\">\n<div class=\"relative h-full\">\n<div class=\"flex h-full flex-col overflow-y-auto [scrollbar-gutter:stable]\">\n<div class=\"mt-1.5 flex flex-col text-sm @thread-xl\/thread:pt-header-height md:pb-9\">\n<article class=\"group\/turn w-full text-token-text-primary focus-visible:outline-none\" dir=\"auto\" tabindex=\"-1\" data-testid=\"conversation-turn-2\" data-scroll-anchor=\"true\">\n<div class=\"text-base my-auto mx-auto py-5 px-6\">\n<div class=\"mx-auto flex flex-1 text-base gap-4 md:gap-5 lg:gap-6 md:max-w-3xl\">\n<div class=\"group\/conversation-turn relative flex w-full min-w-0 flex-col agent-turn @xs\/thread:px-0 @sm\/thread:px-1.5 @md\/thread:px-4\">\n<div class=\"relative flex-col gap-1 md:gap-3\">\n<div class=\"flex max-w-full flex-col flex-grow\">\n<div class=\"min-h-8 text-message relative flex w-full flex-col items-end gap-2 whitespace-normal break-words text-start [.text-message+&amp;]:mt-5\" dir=\"auto\" data-message-author-role=\"assistant\" data-message-id=\"bff05fc0-dc7c-4ab7-9b20-d3eec753127b\" data-message-model-slug=\"gpt-4o-mini\">\n<div class=\"flex w-full flex-col gap-1 empty:hidden first:pt-[3px]\">\n<div class=\"markdown prose w-full break-words dark:prose-invert dark\">\n<p class=\"\" data-start=\"64\" data-end=\"329\">Radio Pi\u00f9 offre una panoramica sui principali eventi e notizie in provincia di Belluno, accompagnata dalla programmazione radiofonica. Tra le principali notizie<\/p>\n<\/div>\n<\/div>\n<\/div>\n<\/div>\n<\/div>\n<\/div>\n<\/div>\n<\/div>\n<\/article>\n<\/div>\n<\/div>\n<\/div>\n<\/div>\n<h1><span style=\"color: #ff0000;\"><span style=\"color: #0000ff;\">ULTIM&#8217;ORA<\/span> <span style=\"color: #000000;\">AUDIO dalle sette del mattino, ogni ora alla radio EDIZIONE DELLE SETTE<\/span><\/span><\/h1>\n<audio class=\"wp-audio-shortcode\" id=\"audio-442644-5\" preload=\"none\" style=\"width: 100%;\" controls=\"controls\"><source type=\"audio\/mpeg\" src=\"https:\/\/www.radiopiu.net\/wordpress\/wp-content\/uploads\/2025\/04\/giornale07-1.mp3?_=5\" \/><a href=\"https:\/\/www.radiopiu.net\/wordpress\/wp-content\/uploads\/2025\/04\/giornale07-1.mp3\">https:\/\/www.radiopiu.net\/wordpress\/wp-content\/uploads\/2025\/04\/giornale07-1.mp3<\/a><\/audio>\n<p>&nbsp;<\/p>\n<p>&nbsp;<\/p>\n<hr \/>\n<p>&nbsp;<\/p>\n<p>&nbsp;<\/p>\n<h1><span style=\"color: #ff0000;\"><a class=\"dt-pswp-item\" href=\"https:\/\/www.radiopiu.net\/wordpress\/wp-content\/uploads\/2024\/11\/8.jpg\" data-dt-img-description=\"\" data-large_image_width=\"180\" data-large_image_height=\"180\"><img loading=\"lazy\" decoding=\"async\" class=\"size-full wp-image-417910 alignleft\" src=\"https:\/\/www.radiopiu.net\/wordpress\/wp-content\/uploads\/2024\/11\/8.jpg\" alt=\"\" width=\"180\" height=\"180\" srcset=\"https:\/\/www.radiopiu.net\/wordpress\/wp-content\/uploads\/2024\/11\/8.jpg 180w, https:\/\/www.radiopiu.net\/wordpress\/wp-content\/uploads\/2024\/11\/8-150x150.jpg 150w\" sizes=\"auto, (max-width: 180px) 100vw, 180px\" \/><\/a>I podcast informativi del mattino &#8211; video &#8211;\u00a0<\/span><\/h1>\n<h2 style=\"text-align: left;\"><strong>RASSEGNA STAMPA LOCALE, ORE OTTO<\/strong><\/h2>\n<h2><strong> <span style=\"color: #0000ff;\">viene\u00a0 <\/span><\/strong><strong><span style=\"color: #0000ff;\">pubblicata alle 8.05 <span style=\"color: #ff0000;\">DIRETTA RADIO\u00a0 \u00a0<\/span><\/span><\/strong><strong>DI MIRKO MEZZACASA<\/strong><\/h2>\n<h2><span style=\"color: #ff0000;\"><strong>\u00a0\u00a0<\/strong><\/span><\/h2>\n<p><strong>MALTRATTAMENTI AGLI ANZIANI:<\/strong> DECISIONE IL 27 MAGGIO <strong>GIACCONI IN RITARDO:<\/strong> VERSO L\u2019ASSOLUZIONE <strong>AGGRESSIONE<\/strong> IN COMUNIT\u00c0: ATTESA LA SENTENZA <strong>A PROCESSO<\/strong> PER MOLESTIE SESSUALI ALLA VICINA <strong>CORO ANTI CARABINIERI<\/strong> NEL PUB: DUE CLIENTI ASSOLTI IN TRIBUNALE<\/p>\n<h1><span style=\"color: #ff0000;\"><strong>VIDEO\u00a0 \u00a0in diretta AGGIORNAMENTO\u00a0 dalle 8 del mattino\u00a0<\/strong><\/span><span style=\"color: #ff0000;\"><strong><br \/>\n<\/strong><\/span><\/h1>\n<p>&nbsp;<\/p>\n<p><iframe loading=\"lazy\" title=\"DAL 1983 LA RASSEGNA STAMPA LOCALE di mirko mezzacasa. L&#039;ORIGINALE\" width=\"1200\" height=\"675\" src=\"https:\/\/www.youtube.com\/embed\/NWHjjSOCgug?feature=oembed\" frameborder=\"0\" allow=\"accelerometer; autoplay; clipboard-write; encrypted-media; gyroscope; picture-in-picture; web-share\" referrerpolicy=\"strict-origin-when-cross-origin\" allowfullscreen><\/iframe><\/p>\n<hr \/>\n<p>&nbsp;<\/p>\n<p>&nbsp;<\/p>\n<p>&nbsp;<\/p>\n<p><strong><a class=\"dt-pswp-item\" href=\"https:\/\/www.radiopiu.net\/wordpress\/wp-content\/uploads\/2023\/12\/ANTENNA.png\" data-dt-img-description=\"\" data-large_image_width=\"300\" data-large_image_height=\"166\"><img loading=\"lazy\" decoding=\"async\" class=\"wp-image-366306 alignright\" src=\"https:\/\/www.radiopiu.net\/wordpress\/wp-content\/uploads\/2023\/12\/ANTENNA.png\" alt=\"\" width=\"101\" height=\"56\" \/><\/a><a class=\"dt-pswp-item\" href=\"https:\/\/www.radiopiu.net\/wordpress\/wp-content\/uploads\/2024\/11\/th-17.jpg\" data-dt-img-description=\"\" data-large_image_width=\"224\" data-large_image_height=\"180\"><img loading=\"lazy\" decoding=\"async\" class=\" wp-image-421610 alignleft\" src=\"https:\/\/www.radiopiu.net\/wordpress\/wp-content\/uploads\/2024\/11\/th-17.jpg\" alt=\"\" width=\"167\" height=\"134\" \/><\/a>ogni sera alle 19 le anticipazioni alla radio, quello che poi seguirete nel TELEGIORNALE BELLUNESE\u00a0 in onda alle 19.30 sul CANALE 10 del digitale terrestre.\u00a0\u00a0<\/strong><\/p>\n<p><b>\u00a0\u00a0<\/b><\/p>\n<h1><span style=\"color: #ff0000;\"><strong>LE ANTICIPAZIONI DI\u00a0 FABIO FIORAVANZI<\/strong><\/span><\/h1>\n<audio class=\"wp-audio-shortcode\" id=\"audio-442644-6\" preload=\"none\" style=\"width: 100%;\" controls=\"controls\"><source type=\"audio\/mpeg\" src=\"https:\/\/www.radiopiu.net\/wordpress\/wp-content\/uploads\/2025\/04\/ANTENNA3.mp3?_=6\" \/><a href=\"https:\/\/www.radiopiu.net\/wordpress\/wp-content\/uploads\/2025\/04\/ANTENNA3.mp3\">https:\/\/www.radiopiu.net\/wordpress\/wp-content\/uploads\/2025\/04\/ANTENNA3.mp3<\/a><\/audio>\n<p>&nbsp;<\/p>\n<p>&nbsp;<\/p>\n<p>&nbsp;<\/p>\n<hr \/>\n<p>&nbsp;<\/p>\n<blockquote>\n<h3 class=\"entry-title\">CHIUSURA REGIONALE 203 AGORDINA, BIVIO ROVEI<\/h3>\n<\/blockquote>\n<p><strong>COLLE SANTA LUCIA <\/strong>Fino al 30 aprile dalle 8 alle 17.30 escluso sabato domenica e festivi, chiusura della regionale 203 agordina nel tratto bivio Rovei, bivio Rucav\u00e0. Interdizione totale per lavori di mitigazione del rischio caduta massi.<\/p>\n<p>&nbsp;<\/p>\n<p>&nbsp;<\/p>\n<hr \/>\n<p>&nbsp;<\/p>\n<blockquote>\n<h3 class=\"photoswipe-wrapper\"><a class=\"dt-pswp-item pspw-wrap-ready\" href=\"https:\/\/www.radiopiu.net\/wordpress\/wp-content\/uploads\/2024\/12\/Logo_SibPAYOFF.jpg\" data-dt-img-description=\"\" data-large_image_width=\"1536\" data-large_image_height=\"391\"><img loading=\"lazy\" decoding=\"async\" class=\"wp-image-426474 alignleft\" src=\"https:\/\/www.radiopiu.net\/wordpress\/wp-content\/uploads\/2024\/12\/Logo_SibPAYOFF-300x76.jpg\" sizes=\"auto, (max-width: 162px) 100vw, 162px\" srcset=\"https:\/\/www.radiopiu.net\/wordpress\/wp-content\/uploads\/2024\/12\/Logo_SibPAYOFF-300x76.jpg 300w, https:\/\/www.radiopiu.net\/wordpress\/wp-content\/uploads\/2024\/12\/Logo_SibPAYOFF-1024x261.jpg 1024w, https:\/\/www.radiopiu.net\/wordpress\/wp-content\/uploads\/2024\/12\/Logo_SibPAYOFF-768x196.jpg 768w, https:\/\/www.radiopiu.net\/wordpress\/wp-content\/uploads\/2024\/12\/Logo_SibPAYOFF.jpg 1536w\" alt=\"\" width=\"162\" height=\"41\" \/><\/a>ACQUA NON POTABILE A GOSALDO E ROCCA PIETORE, TORNA POTABILE A LIVINALLONGO<\/h3>\n<\/blockquote>\n<p>A Gosaldo Nelle localit\u00e0 Curti, Incasal e Le Case l\u2019acqua erogata dall\u2019acquedotto non \u00e8 potabile e non pu\u00f2 essere usata per scopi alimentari. Verr\u00e0 effettuato servizio sostitutivo con cisterna in localit\u00e0 Curti.<\/p>\n<p>a Rocca Pietore in localit\u00e0 Digonera l&#8217;acqua erogata dall&#8217;acquedotto non \u00e8 potabile e pu\u00f2 essere usata per scopi alimentari solo previa bollitura. Verr\u00e0 effettuato servizio sostitutivo con autobotte presso\u00a0 l&#8217;Albergo Digonera in localit\u00e0 Digonera.<\/p>\n<p>Torna potabile l&#8217;acqua a Livinallongo nelle localit\u00e0 Palla e Agai.<\/p>\n<p>&nbsp;<\/p>\n<blockquote>\n<h3>SERVIZI INTEGRATI BELLUNESI: LAVORI A SAN TOMASO<\/h3>\n<\/blockquote>\n<p>Servizi Integrati Bellunesi informa che, per lavori alla rete idrica comunale, dal 31 marzo al 04 aprile, dalle ore 08:00 alle ore 17:00, potrebbe mancare l&#8217;acqua a San Tomaso Agordino, nelle Localit\u00e0 Pecol e Piaia<\/p>\n<p>&nbsp;<\/p>\n<p>&nbsp;<\/p>\n<hr \/>\n<p>&nbsp;<\/p>\n<blockquote>\n<h2>FELTRE D\u00c0 L\u2019ADDIO A SISTO BASSANI, STORICO RISTORATORE<\/h2>\n<\/blockquote>\n<p><strong><img decoding=\"async\" class=\"alignleft\" src=\"https:\/\/www.radiopiu.net\/wordpress\/wp-content\/uploads\/2025\/04\/Senza-nome-3.png\" \/>FELTRE<\/strong><\/p>\n<article class=\"w-full text-token-text-primary\" dir=\"auto\" data-testid=\"conversation-turn-16\" data-scroll-anchor=\"true\">\n<div class=\"text-base my-auto mx-auto py-5 px-6\">\n<div class=\"mx-auto flex flex-1 text-base gap-4 md:gap-5 lg:gap-6 md:max-w-3xl group\/turn-messages focus-visible:outline-none\" tabindex=\"-1\">\n<div class=\"group\/conversation-turn relative flex w-full min-w-0 flex-col agent-turn @xs\/thread:px-0 @sm\/thread:px-1.5 @md\/thread:px-4\">\n<div class=\"relative flex-col gap-1 md:gap-3\">\n<div class=\"flex max-w-full flex-col flex-grow\">\n<div class=\"min-h-8 text-message relative flex w-full flex-col items-end gap-2 whitespace-normal break-words text-start [.text-message+&amp;]:mt-5\" dir=\"auto\" data-message-author-role=\"assistant\" data-message-id=\"b4b5965c-2603-40f6-8eda-9bfeaebc0c64\" data-message-model-slug=\"gpt-4o\">\n<div class=\"flex w-full flex-col gap-1 empty:hidden first:pt-[3px]\">\n<div class=\"markdown prose w-full break-words dark:prose-invert dark\">\n<p class=\"\" data-start=\"66\" data-end=\"584\">Feltre piange la scomparsa di Sisto Bassani, storico proprietario della Trattoria Aurora. Aveva 81 anni e per decenni ha deliziato i feltrini con i suoi arrosti, il goulash e le tradizionali trippe della vigilia. Grande tifoso della Feltrese e legato agli alpini, Sisto era un volto noto in citt\u00e0. Nato a Castel dei Lusa, ha guidato il ristorante di famiglia dal 1979, diventando un punto di riferimento per la cucina tradizionale. Malato da tempo, \u00e8 mancato luned\u00ec. I funerali si terranno gioved\u00ec alle 10.30 in duomo<\/p>\n<blockquote>\n<p data-start=\"66\" data-end=\"584\">\n<\/blockquote>\n<hr \/>\n<blockquote>\n<h3 class=\"\" data-start=\"0\" data-end=\"68\"><strong data-start=\"4\" data-end=\"68\">SAN PIETRO: CONVALIDA DELL&#8217;ARRESTO PER LA BANDA DEL BANCOMAT<\/strong><\/h3>\n<\/blockquote>\n<p class=\"\" data-start=\"70\" data-end=\"705\"><strong>UDINE<\/strong> Questa mattina, i cinque indagati per il tentato assalto al bancomat di San Pietro, avvenuto nella notte tra sabato e domenica, compariranno davanti al gip di Udine, Roberta Paviotti, per l&#8217;udienza di convalida dell&#8217;arresto. Gli arrestati, provenienti da Kosovo, Serbia e Austria, sono accusati di aver tentato di violare lo sportello automatico. La banda \u00e8 fuggita dal Comelico, ma le autorit\u00e0 temono il rischio di fuga o la ripetizione del reato.<\/p>\n<blockquote>\n<p data-start=\"70\" data-end=\"705\">\n<\/blockquote>\n<hr \/>\n<blockquote>\n<h3 class=\"\" data-start=\"0\" data-end=\"82\"><strong data-start=\"4\" data-end=\"82\">AGGRESSIONE AD UN AUTISTA DELLA DOLOMITI BUS: IL CASO FINISCE IN TRIBUNALE<\/strong><\/h3>\n<\/blockquote>\n<p class=\"\" data-start=\"84\" data-end=\"822\"><strong><a class=\"dt-pswp-item\" href=\"https:\/\/www.radiopiu.net\/wordpress\/wp-content\/uploads\/2024\/07\/DolomitiBus.png\" data-dt-img-description=\"\" data-large_image_width=\"3006\" data-large_image_height=\"1276\"><img loading=\"lazy\" decoding=\"async\" class=\" wp-image-398037 alignleft\" src=\"https:\/\/www.radiopiu.net\/wordpress\/wp-content\/uploads\/2024\/07\/DolomitiBus-300x127.png\" alt=\"\" width=\"260\" height=\"110\" srcset=\"https:\/\/www.radiopiu.net\/wordpress\/wp-content\/uploads\/2024\/07\/DolomitiBus-300x127.png 300w, https:\/\/www.radiopiu.net\/wordpress\/wp-content\/uploads\/2024\/07\/DolomitiBus-1024x435.png 1024w, https:\/\/www.radiopiu.net\/wordpress\/wp-content\/uploads\/2024\/07\/DolomitiBus-768x326.png 768w, https:\/\/www.radiopiu.net\/wordpress\/wp-content\/uploads\/2024\/07\/DolomitiBus-1536x652.png 1536w, https:\/\/www.radiopiu.net\/wordpress\/wp-content\/uploads\/2024\/07\/DolomitiBus-2048x869.png 2048w\" sizes=\"auto, (max-width: 260px) 100vw, 260px\" \/><\/a>CORTINA<\/strong>\u00a0 caso di aggressione a un autista della Dolomiti Bus \u00e8 giunto in tribunale. L&#8217;incidente, avvenuto il 22 febbraio, ha visto coinvolto un residente noto per comportamenti violenti. Mentre il mezzo di trasporto pubblico era fermo in colonna in via Guglielmo Marconi, vicino al cantiere dell&#8217;ex stazione, l&#8217;aggressore \u00e8 sceso dalla sua auto armato di un corpo contundente. L&#8217;autista, visibilmente spaventato, ha dovuto affrontare l&#8217;aggressione alla presenza di numerosi turisti. L&#8217;episodio ha suscitato preoccupazione tra i lavoratori del settore, portando alla denuncia dell&#8217;aggressore, il quale dovr\u00e0 rispondere delle sue azioni in tribunale.<\/p>\n<blockquote>\n<p data-start=\"84\" data-end=\"822\">\n<\/blockquote>\n<hr \/>\n<article class=\"w-full text-token-text-primary\" dir=\"auto\" data-testid=\"conversation-turn-4\" data-scroll-anchor=\"true\">\n<div class=\"text-base my-auto mx-auto py-5 px-6\">\n<div class=\"mx-auto flex flex-1 text-base gap-4 md:gap-5 lg:gap-6 md:max-w-3xl group\/turn-messages focus-visible:outline-none\" tabindex=\"-1\">\n<div class=\"group\/conversation-turn relative flex w-full min-w-0 flex-col agent-turn @xs\/thread:px-0 @sm\/thread:px-1.5 @md\/thread:px-4\">\n<div class=\"relative flex-col gap-1 md:gap-3\">\n<div class=\"flex max-w-full flex-col flex-grow\">\n<div class=\"min-h-8 text-message relative flex w-full flex-col items-end gap-2 whitespace-normal break-words text-start [.text-message+&amp;]:mt-5\" dir=\"auto\" data-message-author-role=\"assistant\" data-message-id=\"91920f8f-5c26-4ae8-b144-01dae155a516\" data-message-model-slug=\"gpt-4o-mini\">\n<div class=\"flex w-full flex-col gap-1 empty:hidden first:pt-[3px]\">\n<div class=\"markdown prose w-full break-words dark:prose-invert dark\">\n<blockquote>\n<p class=\"\" data-start=\"0\" data-end=\"63\"><strong data-start=\"0\" data-end=\"63\" data-is-last-node=\"\" data-is-only-node=\"\">SOSPETTO DOLO PER L&#8217;INCENDIO A SOFFRANCO: INDAGINI IN CORSO<\/strong><\/p>\n<\/blockquote>\n<\/div>\n<\/div>\n<\/div>\n<\/div>\n<div class=\"flex justify-start\">\n<div class=\"-me-1 -ms-2.5 flex select-none items-center p-1 touch:-me-2 touch:-ms-3.5 -mt-1 duration-[1.5s] focus-within:transition-none hover:transition-none pointer-events-none [mask-image:linear-gradient(to_right,black_33%,transparent_66%)] [mask-position:100%_0%] [mask-size:300%_100%] motion-safe:transition-[mask-position] group-hover\/turn-messages:pointer-events-auto group-hover\/turn-messages:[mask-position:0_0] group-focus-within\/turn-messages:pointer-events-auto group-focus-within\/turn-messages:[mask-position:0_0] has-[[data-state=open]]:pointer-events-auto has-[[data-state=open]]:[mask-position:0_0]\"><a class=\"dt-pswp-item\" href=\"https:\/\/www.radiopiu.net\/wordpress\/wp-content\/uploads\/2025\/03\/b2bc7519-04ba-4988-96e0-e13d08357d29.jpg\" data-dt-img-description=\"\" data-large_image_width=\"1200\" data-large_image_height=\"1600\"><img loading=\"lazy\" decoding=\"async\" class=\" wp-image-442617 alignleft\" src=\"https:\/\/www.radiopiu.net\/wordpress\/wp-content\/uploads\/2025\/03\/b2bc7519-04ba-4988-96e0-e13d08357d29-225x300.jpg\" alt=\"\" width=\"139\" height=\"185\" srcset=\"https:\/\/www.radiopiu.net\/wordpress\/wp-content\/uploads\/2025\/03\/b2bc7519-04ba-4988-96e0-e13d08357d29-225x300.jpg 225w, https:\/\/www.radiopiu.net\/wordpress\/wp-content\/uploads\/2025\/03\/b2bc7519-04ba-4988-96e0-e13d08357d29-768x1024.jpg 768w, https:\/\/www.radiopiu.net\/wordpress\/wp-content\/uploads\/2025\/03\/b2bc7519-04ba-4988-96e0-e13d08357d29-1152x1536.jpg 1152w, https:\/\/www.radiopiu.net\/wordpress\/wp-content\/uploads\/2025\/03\/b2bc7519-04ba-4988-96e0-e13d08357d29.jpg 1200w\" sizes=\"auto, (max-width: 139px) 100vw, 139px\" \/><\/a>L&#8217;incendio a Soffranco, che ha coinvolto 30.000 metri quadrati di vegetazione, \u00e8 stato spento grazie all&#8217;intervento delle forze locali, tra cui i volontari della Protezione Civile e i vigili del fuoco. Le operazioni di spegnimento e bonifica sono state concluse ieri, ma resta il sospetto che il rogo sia di origine dolosa. Questo \u00e8 il secondo incendio nella zona in poche settimane, con l&#8217;ultimo episodio risalente al 20 marzo. L&#8217;assessore regionale Bottacin ha confermato l&#8217;intervento tempestivo delle squadre sul terreno e ha sottolineato l&#8217;importanza di individuare i responsabili, qualora si tratti di un atto criminoso. Le indagini sono in corso da parte dei carabinieri forestali.<\/div>\n<\/div>\n<div class=\"mt-3 w-full empty:hidden\">\n<div class=\"text-center\"><\/div>\n<\/div>\n<\/div>\n<div class=\"absolute\">\n<div class=\"flex items-center justify-center\"><\/div>\n<div><\/div>\n<div><\/div>\n<blockquote>\n<div><\/div>\n<\/blockquote>\n<\/div>\n<\/div>\n<\/div>\n<\/div>\n<\/article>\n<div class=\"pointer-events-none h-px w-px\" aria-hidden=\"true\" data-edge=\"true\">\n<hr \/>\n<\/div>\n<blockquote>\n<h3 data-start=\"84\" data-end=\"822\">MALTRATTAMENTI AGLI ANZIANI: DECISIONE IL 27 MAGGIO<\/h3>\n<p><strong>LA GIUDIZIARIA OGGI<\/strong><br \/>\n<strong>SINTESI DAL CORRIERE DELLE ALPI<\/strong><\/p>\n<blockquote>\n<h3><strong>DI GIGI SOSSO<br \/>\n<\/strong><\/h3>\n<\/blockquote>\n<p><strong>FELTRE<\/strong> Chiesto il patteggiamento per quattro imputati nel caso dei maltrattamenti agli anziani della San Vincenzo. La Procura contesta a tutti il reato in concorso, con accuse di abusi fisici e psicotropi somministrati senza prescrizione. Alcuni imputati sollevano eccezioni sulla vaghezza delle accuse. Il giudice decider\u00e0 il 27 maggio su patteggiamenti, rito abbreviato e rinvii a giudizio. Gli anziani, spesso non autosufficienti, sarebbero stati strattonati, lasciati senza igiene adeguata e persino morsi da un cane. La pubblica accusa ritiene sufficienti le prove raccolte, tra cui filmati dei carabinieri di Feltre.<\/p>\n<article class=\"w-full text-token-text-primary\" dir=\"auto\" data-testid=\"conversation-turn-8\" data-scroll-anchor=\"true\">\n<div class=\"text-base my-auto mx-auto py-5 px-6\">\n<div class=\"mx-auto flex flex-1 text-base gap-4 md:gap-5 lg:gap-6 md:max-w-3xl group\/turn-messages focus-visible:outline-none\" tabindex=\"-1\">\n<div class=\"group\/conversation-turn relative flex w-full min-w-0 flex-col agent-turn @xs\/thread:px-0 @sm\/thread:px-1.5 @md\/thread:px-4\">\n<div class=\"relative flex-col gap-1 md:gap-3\">\n<div class=\"flex max-w-full flex-col flex-grow\">\n<div class=\"min-h-8 text-message relative flex w-full flex-col items-end gap-2 whitespace-normal break-words text-start [.text-message+&amp;]:mt-5\" dir=\"auto\" data-message-author-role=\"assistant\" data-message-id=\"8e408e5e-748c-49b7-8a6f-5c00bfdacae4\" data-message-model-slug=\"gpt-4o\">\n<div class=\"flex w-full flex-col gap-1 empty:hidden first:pt-[3px]\">\n<div class=\"markdown prose w-full break-words dark:prose-invert dark\">\n<blockquote>\n<h3 class=\"\" data-start=\"0\" data-end=\"48\"><strong data-start=\"4\" data-end=\"48\" data-is-last-node=\"\" data-is-only-node=\"\">\u00a0<\/strong><\/h3>\n<h3 class=\"\" data-start=\"0\" data-end=\"48\"><strong data-start=\"4\" data-end=\"48\" data-is-last-node=\"\" data-is-only-node=\"\">GIACCONI IN RITARDO: VERSO L\u2019ASSOLUZIONE<\/strong><\/h3>\n<\/blockquote>\n<\/div>\n<\/div>\n<\/div>\n<\/div>\n<div class=\"flex justify-start\">\n<div class=\"-me-1 -ms-2.5 flex select-none items-center p-1 touch:-me-2 touch:-ms-3.5 -mt-1 duration-[1.5s] focus-within:transition-none hover:transition-none pointer-events-none [mask-image:linear-gradient(to_right,black_33%,transparent_66%)] [mask-position:100%_0%] [mask-size:300%_100%] motion-safe:transition-[mask-position] group-hover\/turn-messages:pointer-events-auto group-hover\/turn-messages:[mask-position:0_0] group-focus-within\/turn-messages:pointer-events-auto group-focus-within\/turn-messages:[mask-position:0_0] has-[[data-state=open]]:pointer-events-auto has-[[data-state=open]]:[mask-position:0_0]\"><strong>BELLUNO<\/strong> Il caso dei giacconi della Dolomiti Bellunesi con marchio Joma contraffatto si avvia verso una sentenza di assoluzione. La Procura aveva chiesto sei mesi di reclusione per Mauro Prizzon e William Gobbato, ma una telefonata decisiva ha chiarito che il ritardo nella fornitura era stato gestito con il consenso di un rappresentante Joma. La difesa sostiene l\u2019assenza di dolo e la tenuit\u00e0 del fatto. La sentenza \u00e8 attesa per marted\u00ec 15 aprile. L\u2019azienda non si \u00e8 costituita parte civile.<\/div>\n<\/div>\n<\/div>\n<\/div>\n<\/div>\n<\/div>\n<\/article>\n<div class=\"pointer-events-none h-px w-px\" aria-hidden=\"true\" data-edge=\"true\">\n<blockquote>\n<h3 class=\"\" data-start=\"0\" data-end=\"53\"><strong data-start=\"4\" data-end=\"51\">AGGRESSIONE IN COMUNIT\u00c0: ATTESA LA SENTENZA<\/strong><\/h3>\n<\/blockquote>\n<p class=\"\" data-start=\"55\" data-end=\"532\"><strong>SETTEVILLE<\/strong> Un giovane \u00e8 stato picchiato in comunit\u00e0 per aver lasciato la luce accesa la sera del 15 ottobre 2022. L\u2019imputato, lo avrebbe aggredito con pugni, calci e una paletta per la spazzatura, mandandolo in ospedale. La vittima, risultata positiva agli stupefacenti, non si \u00e8 costituita parte civile n\u00e9 ha chiesto risarcimenti, ma desidera la condanna dell\u2019aggressore. Il processo si concluder\u00e0 il 29 aprile con la discussione del pubblico ministero Giuseppe Gulli.<\/p>\n<blockquote>\n<h3 class=\"\" data-start=\"0\" data-end=\"62\"><strong data-start=\"4\" data-end=\"60\">\u00a0A PROCESSO PER MOLESTIE SESSUALI ALLA VICINA<\/strong><\/h3>\n<\/blockquote>\n<p class=\"\" data-start=\"64\" data-end=\"572\"><strong>FELTRE<\/strong> Un cittadino romeno residente a Feltre \u00e8 accusato di molestie sessuali nei confronti della vicina di casa. Secondo l\u2019accusa, l\u2019uomo avrebbe pi\u00f9 volte palpeggiato la donna mentre si trovava in giardino. Nonostante il ritiro della querela, il processo andr\u00e0 avanti perch\u00e9 il reato \u00e8 procedibile d\u2019ufficio. La prima udienza \u00e8 fissata per il 23 aprile. Anche la moglie dell\u2019imputato \u00e8 a processo per minacce aggravate contro la stessa donna. Il giudice ha rinviato l\u2019udienza in attesa di sentire nuovi testimoni.<\/p>\n<blockquote>\n<h3 class=\"\" data-start=\"0\" data-end=\"71\"><strong data-start=\"4\" data-end=\"71\">CORO ANTI CARABINIERI NEL PUB: DUE CLIENTI ASSOLTI IN TRIBUNALE<\/strong><\/h3>\n<\/blockquote>\n<p class=\"\" data-start=\"73\" data-end=\"779\"><strong>CORTINA<\/strong> Due clienti di un discopub di Cortina\u00a0 sono stati assolti dal tribunale dopo essere stati accusati di aver intonato un coro offensivo contro i carabinieri. La Procura non \u00e8 riuscita a provare che i due fossero i responsabili del coro, che conteneva espressioni offensive verso le forze dell&#8217;ordine. Nonostante il coro provenisse dalle loro spalle, la prova contro i due imputati \u00e8 risultata insufficiente o contraddittoria. Il giudice Cristina Cittolin ha dichiarato che il fatto non sussiste, dando ragione alla difesa, che ha chiesto l&#8217;assoluzione.<\/p>\n<\/div>\n<h3 data-start=\"84\" data-end=\"822\"><\/h3>\n<\/blockquote>\n<\/div>\n<\/div>\n<\/div>\n<\/div>\n<div class=\"mt-3 w-full empty:hidden\">\n<div class=\"text-center\"><\/div>\n<\/div>\n<\/div>\n<\/div>\n<\/div>\n<\/div>\n<\/article>\n<hr \/>\n<h3><\/h3>\n<blockquote>\n<h3>Fine settimana di controlli straordinari per i Carabinieri della Compagnia di Feltre<\/h3>\n<\/blockquote>\n<p><strong><strong style=\"text-align: center;\"><a class=\"dt-pswp-item\" href=\"https:\/\/www.radiopiu.net\/wordpress\/wp-content\/uploads\/2025\/04\/IMG_7286.jpeg\" data-dt-img-description=\"\" data-large_image_width=\"1600\" data-large_image_height=\"1200\"><img loading=\"lazy\" decoding=\"async\" class=\" wp-image-442710 alignleft\" src=\"https:\/\/www.radiopiu.net\/wordpress\/wp-content\/uploads\/2025\/04\/IMG_7286-300x225.jpeg\" alt=\"\" width=\"157\" height=\"118\" srcset=\"https:\/\/www.radiopiu.net\/wordpress\/wp-content\/uploads\/2025\/04\/IMG_7286-300x225.jpeg 300w, https:\/\/www.radiopiu.net\/wordpress\/wp-content\/uploads\/2025\/04\/IMG_7286-1024x768.jpeg 1024w, https:\/\/www.radiopiu.net\/wordpress\/wp-content\/uploads\/2025\/04\/IMG_7286-768x576.jpeg 768w, https:\/\/www.radiopiu.net\/wordpress\/wp-content\/uploads\/2025\/04\/IMG_7286-1536x1152.jpeg 1536w, https:\/\/www.radiopiu.net\/wordpress\/wp-content\/uploads\/2025\/04\/IMG_7286.jpeg 1600w\" sizes=\"auto, (max-width: 157px) 100vw, 157px\" \/><\/a><\/strong>FELTRE<\/strong> Nel fine settimana, la Compagnia di Feltre ha attuato un servizio di sicurezza ad alto impatto, coinvolgendo tutti i reparti e mirato a contrastare i reati predatori nelle aree urbane e rurali. Decine di pattuglie hanno monitorato le principali arterie stradali, controllando veicoli e identificando oltre 200 persone, alcune con precedenti penali. Durante i controlli sono state rilevate diverse infrazioni al Codice della Strada, con relative sanzioni. L&#8217;operazione, che ha coinvolto anche le aree pedemontane, si \u00e8 basata sulle segnalazioni della cittadinanza, rafforzando la collaborazione tra forze di polizia e comunit\u00e0. Il servizio ha avuto un forte impatto deterrente, dimostrando l&#8217;attenzione continua delle forze dell&#8217;ordine per la sicurezza del territorio.<\/p>\n<p>&nbsp;<\/p>\n<p>&nbsp;<\/p>\n<p>&nbsp;<\/p>\n<hr \/>\n<p>&nbsp;<\/p>\n<blockquote>\n<h3>OGGI SPLENDE IL SOLE SUL LICEO LOLLINO<\/h3>\n<\/blockquote>\n<article class=\"w-full text-token-text-primary\" dir=\"auto\" data-testid=\"conversation-turn-14\" data-scroll-anchor=\"true\">\n<div class=\"text-base my-auto mx-auto py-5 px-6\">\n<div class=\"mx-auto flex flex-1 text-base gap-4 md:gap-5 lg:gap-6 md:max-w-3xl group\/turn-messages focus-visible:outline-none\" tabindex=\"-1\">\n<div class=\"group\/conversation-turn relative flex w-full min-w-0 flex-col agent-turn @xs\/thread:px-0 @sm\/thread:px-1.5 @md\/thread:px-4\">\n<div class=\"relative flex-col gap-1 md:gap-3\">\n<div class=\"flex max-w-full flex-col flex-grow\">\n<div class=\"min-h-8 text-message relative flex w-full flex-col items-end gap-2 whitespace-normal break-words text-start [.text-message+&amp;]:mt-5\" dir=\"auto\" data-message-author-role=\"assistant\" data-message-id=\"3ea3f490-0b37-4a70-b6cf-e6bbfb8173c1\" data-message-model-slug=\"gpt-4o\">\n<div class=\"flex w-full flex-col gap-1 empty:hidden first:pt-[3px]\">\n<div class=\"markdown prose w-full break-words dark:prose-invert dark\">\n<p class=\"\" data-start=\"46\" data-end=\"249\">Il Liceo Lollino prosegue grazie alla rete \u201cScuole per Crescere\u201d. Docenti, studenti e comunit\u00e0 ringraziano chi ha reso possibile questa continuit\u00e0, garantendo un futuro all\u2019istituto e ai suoi valori.<\/p>\n<\/div>\n<\/div>\n<p data-start=\"46\" data-end=\"249\"><strong>BELLUNO<\/strong><\/p>\n<\/div>\n<\/div>\n<\/div>\n<\/div>\n<\/div>\n<\/div>\n<\/article>\n<div class=\"pointer-events-none h-px w-px\" aria-hidden=\"true\" data-edge=\"true\">\n<p><img loading=\"lazy\" decoding=\"async\" class=\"alignleft\" src=\"https:\/\/www.radiopiu.net\/wordpress\/wp-content\/uploads\/2025\/04\/DSC00336-2.jpeg\" width=\"270\" height=\"194\" \/>Dopo mesi di incertezza, il Liceo Lollino di Belluno guarda al futuro con speranza: l\u2019istituto proseguir\u00e0 la sua attivit\u00e0 grazie alla rete \u201cScuole per Crescere\u201d, come annunciato dalla Diocesi di Belluno-Feltre. Una notizia accolta con grande sollievo da docenti, studenti e famiglie, che hanno affrontato insieme un periodo difficile senza mai perdere la determinazione. Il corpo docente ha voluto esprimere un sincero ringraziamento a tutti coloro che hanno reso possibile questa svolta. Un pensiero speciale \u00e8 stato rivolto agli studenti, il cui senso di appartenenza e responsabilit\u00e0 ha rappresentato un sostegno fondamentale. Un grazie va anche alla Diocesi, che, pur non potendo pi\u00f9 sostenere direttamente la gestione, ha lavorato affinch\u00e9 l\u2019istituto trovasse una nuova guida, e all\u2019Associazione Amici del Liceo Lollino, che si \u00e8 battuta con impegno e determinazione per garantire un futuro alla scuola. Il supporto della comunit\u00e0 bellunese \u00e8 stato cruciale, cos\u00ec come quello delle autorit\u00e0 locali, che hanno riconosciuto il valore storico e culturale del Liceo. Ora il Lollino pu\u00f2 guardare avanti con fiducia, consapevole di essere parte di una rete solida che garantir\u00e0 continuit\u00e0 e crescita.<\/p>\n<\/div>\n<p>&nbsp;<\/p>\n<p>&nbsp;<\/p>\n<hr \/>\n<p>&nbsp;<\/p>\n<blockquote>\n<h3>VENETO: 270 MILIONI PER LA DIFESA DEL SUOLO E LA SICUREZZA DEL TERRITORIO<\/h3>\n<\/blockquote>\n<p><strong><a class=\"dt-pswp-item\" href=\"https:\/\/www.radiopiu.net\/wordpress\/wp-content\/uploads\/2019\/06\/917-2019-DIFESA-DEL-SUOLO.-FORESTALI-REGIONALI-AL-LAVORO-SULLA-FRANA-DI-BORSOI2.jpg\" data-dt-img-description=\"\" data-large_image_width=\"1600\" data-large_image_height=\"900\"><img loading=\"lazy\" decoding=\"async\" class=\" wp-image-87577 alignleft\" src=\"https:\/\/www.radiopiu.net\/wordpress\/wp-content\/uploads\/2019\/06\/917-2019-DIFESA-DEL-SUOLO.-FORESTALI-REGIONALI-AL-LAVORO-SULLA-FRANA-DI-BORSOI2-300x169.jpg\" alt=\"\" width=\"192\" height=\"108\" srcset=\"https:\/\/www.radiopiu.net\/wordpress\/wp-content\/uploads\/2019\/06\/917-2019-DIFESA-DEL-SUOLO.-FORESTALI-REGIONALI-AL-LAVORO-SULLA-FRANA-DI-BORSOI2-300x169.jpg 300w, https:\/\/www.radiopiu.net\/wordpress\/wp-content\/uploads\/2019\/06\/917-2019-DIFESA-DEL-SUOLO.-FORESTALI-REGIONALI-AL-LAVORO-SULLA-FRANA-DI-BORSOI2-768x432.jpg 768w, https:\/\/www.radiopiu.net\/wordpress\/wp-content\/uploads\/2019\/06\/917-2019-DIFESA-DEL-SUOLO.-FORESTALI-REGIONALI-AL-LAVORO-SULLA-FRANA-DI-BORSOI2-1024x576.jpg 1024w, https:\/\/www.radiopiu.net\/wordpress\/wp-content\/uploads\/2019\/06\/917-2019-DIFESA-DEL-SUOLO.-FORESTALI-REGIONALI-AL-LAVORO-SULLA-FRANA-DI-BORSOI2.jpg 1600w\" sizes=\"auto, (max-width: 192px) 100vw, 192px\" \/><\/a>VENEZIA <\/strong>La Regione Veneto ha approvato il programma triennale dei lavori pubblici 2025-2027, con un investimento di 270 milioni di euro, di cui 206 milioni (76%) destinati alla difesa del suolo. L\u2019Assessore Gianpaolo Bottacin sottolinea l\u2019attenzione alla sicurezza territoriale, evidenziando che il piano si inserisce in una strategia decennale di adattamento ai cambiamenti climatici, con investimenti gi\u00e0 effettuati per 2,2 miliardi di euro. Negli ultimi cinque anni sono stati avviati oltre 2.500 cantieri, che hanno mitigato gli effetti di eventi atmosferici estremi. Per la selezione degli interventi, la Regione utilizza un criterio scientifico basato sull\u2019indice di rischio elaborato con l\u2019Universit\u00e0 di Padova. Nel prossimo triennio proseguiranno opere strategiche, tra cui diaframmature sugli argini del Piave e del Basso Tagliamento, la laminazione delle piene del Piave presso le Grave di Ciano, l\u2019ampliamento del bacino di Montebello, l\u2019invaso dell\u2019Anconetta e di Affi, e il by-pass del torrente Muson dei Sassi. L\u2019obiettivo \u00e8 rafforzare la sicurezza del territorio con interventi mirati e continui.<\/p>\n<p>&nbsp;<\/p>\n<hr \/>\n<p>&nbsp;<\/p>\n<blockquote>\n<h3 class=\"\" data-start=\"0\" data-end=\"68\"><strong data-start=\"4\" data-end=\"66\">BUCA NON SEGNALATA, IL COMUNE RISARCISCE 530 EURO<\/strong><\/h3>\n<\/blockquote>\n<p class=\"\" data-start=\"70\" data-end=\"595\"><strong>FALCADE<\/strong> Il Comune di Falcade ha deciso di risarcire direttamente con 530 euro un automobilista che, nell\u2019agosto scorso, ha danneggiato una ruota della propria auto a causa di una buca non segnalata in via Garibaldi. L\u2019ente locale ha scelto di evitare il coinvolgimento dell\u2019assicurazione, che avrebbe comportato una franchigia di 250 euro e un aumento del costo della polizza. La decisione \u00e8 stata presa dall\u2019area amministrativa del Comune, ritenendo pi\u00f9 conveniente un risarcimento diretto per contenere le spese future.<\/p>\n<p>&nbsp;<\/p>\n<p>&nbsp;<\/p>\n<hr \/>\n<p>&nbsp;<\/p>\n<blockquote>\n<h3>GIORNATA MONDIALE DELLA SINDROME DI DOWN: PREMIAZIONI DEL CONCORSO \u201cPASSEPARTOUT\u201d<\/h3>\n<\/blockquote>\n<p><b>FELTRE<\/b><br \/>\n<a class=\"dt-pswp-item\" href=\"https:\/\/www.radiopiu.net\/wordpress\/wp-content\/uploads\/2025\/04\/Belluno-studenti-e-giovani-AIPDe-il-ponte.jpg\" data-dt-img-description=\"\" data-large_image_width=\"666\" data-large_image_height=\"500\"><img loading=\"lazy\" decoding=\"async\" class=\"wp-image-442730 alignleft\" src=\"https:\/\/www.radiopiu.net\/wordpress\/wp-content\/uploads\/2025\/04\/Belluno-studenti-e-giovani-AIPDe-il-ponte-300x225.jpg\" alt=\"\" width=\"203\" height=\"152\" srcset=\"https:\/\/www.radiopiu.net\/wordpress\/wp-content\/uploads\/2025\/04\/Belluno-studenti-e-giovani-AIPDe-il-ponte-300x225.jpg 300w, https:\/\/www.radiopiu.net\/wordpress\/wp-content\/uploads\/2025\/04\/Belluno-studenti-e-giovani-AIPDe-il-ponte.jpg 666w\" sizes=\"auto, (max-width: 203px) 100vw, 203px\" \/><\/a>In occasione della Giornata Mondiale delle Persone con Sindrome di Down, celebrata il 21 marzo, l\u2019AIPD (Associazione Italiana Persone con Sindrome di Down) della provincia di Belluno ha organizzato la premiazione della seconda edizione del concorso \u201cPassepartout\u201d. L\u2019iniziativa ha coinvolto le scuole superiori della provincia, promuovendo la partecipazione attiva al volontariato e all\u2019inclusione sociale. Quest\u2019anno la partecipazione \u00e8 cresciuta: sei istituti tra Belluno e Feltre hanno aderito con 14 classi, rispetto alle sei classi dell\u2019edizione 2024.\u00a0 I vincitori:\u00a0 Liceo Dal Piaz (classe 1\u00b0 Classico) ITIS Negrelli (classi 4\u00b0 ITB e 4\u00b0 MM) Istituto Canossiano (Liceo Scienze Umane) e Istituto Renier di Belluno (classe 3\u00b0 musicale).<\/p>\n<p>&nbsp;<\/p>\n<p>&nbsp;<\/p>\n<hr \/>\n<p>&nbsp;<\/p>\n<blockquote>\n<h3 class=\"\" data-start=\"0\" data-end=\"67\">STUDENTI CONTRO LA PISTA DA BOB: \u201cUNO SCHIAFFO ALLA MONTAGNA\u201d<\/h3>\n<\/blockquote>\n<p><strong><a class=\"dt-pswp-item\" href=\"https:\/\/www.radiopiu.net\/wordpress\/wp-content\/uploads\/2025\/04\/download.jpg\" data-dt-img-description=\"\" data-large_image_width=\"275\" data-large_image_height=\"183\"><img loading=\"lazy\" decoding=\"async\" class=\" wp-image-442721 alignleft\" src=\"https:\/\/www.radiopiu.net\/wordpress\/wp-content\/uploads\/2025\/04\/download.jpg\" alt=\"\" width=\"185\" height=\"123\" \/><\/a>BELLUNO<\/strong> Gli studenti della Rete degli Studenti Medi Belluno-Feltre tornano a criticare la pista da bob di Cortina, definendola uno spreco di risorse pubbliche e un danno ambientale. L\u2019opera, costata 120 milioni di euro, sar\u00e0 utilizzata solo per poche settimane all\u2019anno e coster\u00e0 1,5 milioni annui di gestione. Secondo gli studenti, mentre le infrastrutture scolastiche crollano e i trasporti pubblici vengono tagliati, la Regione Veneto ha investito in un impianto che servir\u00e0 appena 83 atleti. Contestano anche il mancato coinvolgimento della popolazione nelle decisioni e denunciano la cementificazione delle Dolomiti, Patrimonio UNESCO. Per discutere di questi temi e delle Olimpiadi, gli studenti si riuniranno venerd\u00ec 4 aprile alle 14:30 all\u2019Urban Hub di Belluno.<\/p>\n<p>&nbsp;<\/p>\n<p>&nbsp;<\/p>\n<hr \/>\n<p>&nbsp;<\/p>\n<blockquote>\n<h3 data-start=\"69\" data-end=\"373\">STUDENTI A ROVIGO PER LA GIORNATA DELLA MEMORIA: UN IMPEGNO CONTRO LE MAFIE<\/h3>\n<\/blockquote>\n<p><img loading=\"lazy\" decoding=\"async\" class=\"alignleft\" src=\"https:\/\/www.radiopiu.net\/wordpress\/wp-content\/uploads\/2025\/04\/Mattia-DInca-e-Smeralda-Boniolo.jpg\" width=\"202\" height=\"135\" \/>Gli studenti del Liceo Scientifico Sportivo hanno partecipato alla \u201cX Giornata regionale della Memoria e dell\u2019Impegno delle vittime delle mafie\u201d a Rovigo, concludendo un percorso formativo iniziato il 6 dicembre 2024. Guidati dai docenti Nicola Cassisi e Sabrina Zambelli Gnocco, i ragazzi hanno approfondito la storia delle mafie italiane e il loro impatto anche nel Nord Italia. Tra gli incontri pi\u00f9 significativi, quello con Elena Borsellino, nipote di Paolo e Giuseppe Borsellino, imprenditori uccisi da Cosa Nostra nel 1992. Gli studenti hanno scelto di raccontare, attraverso una poesia in un video multimediale, la storia di Cristina Pavesi, vittima innocente della mafia del Brenta. Durante il lavoro, hanno ricevuto una testimonianza diretta da Antonella Cataldi, madre di una studentessa, che si trovava sul treno assaltato da Felice Maniero il 13 dicembre 1990. Sul palco di Rovigo, Mattia D\u2019Inc\u00e0 e Smeralda Boniolo hanno presentato l\u2019elaborato, mentre altri studenti hanno partecipato alla lettura dei 1.101 nomi delle vittime innocenti delle mafie. L\u2019evento si \u00e8 concluso con un discorso di Maria Luisa Pellizzari, prima donna vicecapo vicario della Polizia<\/p>\n<p>&nbsp;<\/p>\n<p>&nbsp;<\/p>\n<hr \/>\n<p>&nbsp;<\/p>\n<blockquote>\n<h3>ANCI PROPONE L&#8217;AGENDA DELLE CITTA&#8217; CAPOLUOGO<\/h3>\n<\/blockquote>\n<p><strong><a class=\"dt-pswp-item\" href=\"https:\/\/www.radiopiu.net\/wordpress\/wp-content\/uploads\/2024\/06\/SindacoBelluno_OscarDePellegrin.jpg\" data-dt-img-description=\"\" data-large_image_width=\"2000\" data-large_image_height=\"1333\"><img loading=\"lazy\" decoding=\"async\" class=\" wp-image-396758 alignleft\" src=\"https:\/\/www.radiopiu.net\/wordpress\/wp-content\/uploads\/2024\/06\/SindacoBelluno_OscarDePellegrin-300x200.jpg\" alt=\"\" width=\"171\" height=\"114\" \/><\/a>BELLUNO<\/strong> Un&#8217;Agenda delle Citt\u00e0 Capoluogo, per interloquire con Governo e Parlamento: questa la proposta di ANCI \u2013 Associazione Nazionale Comuni Italiani che sar\u00e0 presentata nel corso dell&#8217;incontro del 17 aprile prossimo a Torino. Tra i 107 sindaci di capoluogo presenti, anche il primo cittadino di Belluno, Oscar De Pellegrin.<\/p>\n<p><strong>DI DANIELE DALVIT<\/strong><\/p>\n<audio class=\"wp-audio-shortcode\" id=\"audio-442644-7\" preload=\"none\" style=\"width: 100%;\" controls=\"controls\"><source type=\"audio\/mpeg\" src=\"https:\/\/www.radiopiu.net\/wordpress\/wp-content\/uploads\/2025\/04\/Servizio-De-Pellegrin-Anci-capoluoghi.mp3?_=7\" \/><a href=\"https:\/\/www.radiopiu.net\/wordpress\/wp-content\/uploads\/2025\/04\/Servizio-De-Pellegrin-Anci-capoluoghi.mp3\">https:\/\/www.radiopiu.net\/wordpress\/wp-content\/uploads\/2025\/04\/Servizio-De-Pellegrin-Anci-capoluoghi.mp3<\/a><\/audio>\n<p>&nbsp;<\/p>\n<hr \/>\n<p>&nbsp;<\/p>\n<h1 class=\"_title post-title entry-title\"><a class=\"dt-pswp-item\" href=\"https:\/\/www.radiopiu.net\/wordpress\/wp-content\/uploads\/2023\/12\/ANTENNA.png\" data-dt-img-description=\"\" data-large_image_width=\"300\" data-large_image_height=\"166\"><img loading=\"lazy\" decoding=\"async\" class=\"wp-image-366306 alignleft\" src=\"https:\/\/www.radiopiu.net\/wordpress\/wp-content\/uploads\/2023\/12\/ANTENNA.png\" alt=\"\" width=\"155\" height=\"86\" \/><\/a>EX AGIP, PARLA LA PROPRIETA\u2019: \u00abGIA\u2019 ORA LI\u2019 POSSIAMO COSTRUIRE UN SUPERMERCATO\u00bb<\/h1>\n<p>Intervistati ALESSANDRO BUZZATTI (LEGALE RAPPRESENTANTE GRUPPO ACIL) (Servizio di\u00a0<a href=\"https:\/\/antennatre.medianordest.it\/redazione\/Tiziana-Bolognani\/\">Tiziana Bolognani<\/a>)<\/p>\n<p>&nbsp;<\/p>\n<p><iframe loading=\"lazy\" title=\"EX AGIP, PARLA LA PROPRIETA&#039;: \u00abGIA&#039; ORA LI&#039; POSSIAMO COSTRUIRE UN SUPERMERCATO\u00bb | 01\/04\/2025\" width=\"1200\" height=\"675\" src=\"https:\/\/www.youtube.com\/embed\/uvy3PjB96zc?feature=oembed\" frameborder=\"0\" allow=\"accelerometer; autoplay; clipboard-write; encrypted-media; gyroscope; picture-in-picture; web-share\" referrerpolicy=\"strict-origin-when-cross-origin\" allowfullscreen><\/iframe><\/p>\n<p>&nbsp;<\/p>\n<p>&nbsp;<\/p>\n<hr \/>\n<p>&nbsp;<\/p>\n<blockquote>\n<h3>IL 10 SETTEMBRE INIZIERA&#8217; IL NUOVO ANNO SCOLASTICO<\/h3>\n<\/blockquote>\n<p><strong><a class=\"dt-pswp-item\" href=\"https:\/\/www.radiopiu.net\/wordpress\/wp-content\/uploads\/2020\/06\/primo-piano-gli-studenti-che-scrivono-e-leggono-gli-fogli-di-risposta-degli-esami-di-esercitazione-in-aula-della-scuola-con-lo-stress_73622-858.jpg\" data-dt-img-description=\"\" data-large_image_width=\"626\" data-large_image_height=\"417\"><img loading=\"lazy\" decoding=\"async\" class=\" wp-image-143128 alignleft\" src=\"https:\/\/www.radiopiu.net\/wordpress\/wp-content\/uploads\/2020\/06\/primo-piano-gli-studenti-che-scrivono-e-leggono-gli-fogli-di-risposta-degli-esami-di-esercitazione-in-aula-della-scuola-con-lo-stress_73622-858-300x200.jpg\" alt=\"\" width=\"171\" height=\"114\" srcset=\"https:\/\/www.radiopiu.net\/wordpress\/wp-content\/uploads\/2020\/06\/primo-piano-gli-studenti-che-scrivono-e-leggono-gli-fogli-di-risposta-degli-esami-di-esercitazione-in-aula-della-scuola-con-lo-stress_73622-858-300x200.jpg 300w, https:\/\/www.radiopiu.net\/wordpress\/wp-content\/uploads\/2020\/06\/primo-piano-gli-studenti-che-scrivono-e-leggono-gli-fogli-di-risposta-degli-esami-di-esercitazione-in-aula-della-scuola-con-lo-stress_73622-858.jpg 626w\" sizes=\"auto, (max-width: 171px) 100vw, 171px\" \/><\/a>VENEZIA <\/strong>Il nuovo anno scolastico 2025-2026 in Veneto inizier\u00e0 mercoled\u00ec 10 settembre. La giunta regionale ha approvato il calendario scolastico, stabilendo giorni di lezione e sospensioni. L\u2019assessore Valeria Mantovan ha sottolineato l\u2019importanza del provvedimento per la pianificazione scolastica e familiare. Le scuole resteranno chiuse per le festivit\u00e0 nazionali e nei seguenti periodi: dal 24 dicembre 2025 al 5 gennaio 2026 (Natale), dal 16 al 18 febbraio (Carnevale), dal 2 al 7 aprile (Pasqua), il 2 maggio (ponte del Lavoro) e il 1\u00b0 giugno (ponte della Repubblica). Le lezioni termineranno il 6 giugno per le scuole primarie e secondarie, il 27 giugno per l\u2019infanzia. Sono previste le &#8220;Giornate dello Sport&#8221; dal 19 al 21 febbraio 2026. A Belluno, a causa delle Olimpiadi Invernali, le scuole potranno anticipare o posticipare le lezioni per recuperare eventuali chiusure. Un tavolo di coordinamento \u00e8 stato istituito per minimizzare l\u2019impatto dei Giochi sull\u2019organizzazione scolastica.<\/p>\n<p>&nbsp;<\/p>\n<p>&nbsp;<\/p>\n<hr \/>\n<p>&nbsp;<\/p>\n<blockquote>\n<h3 class=\"\" data-start=\"0\" data-end=\"81\"><strong data-start=\"4\" data-end=\"81\">FONDO COMUNI CONFINANTI: APPROVATI PROGETTI SU RESIDENZIALIT\u00c0 E VIABILIT\u00c0<\/strong><\/h3>\n<\/blockquote>\n<p class=\"\" data-start=\"83\" data-end=\"798\"><strong><a class=\"dt-pswp-item\" href=\"https:\/\/www.radiopiu.net\/wordpress\/wp-content\/uploads\/2024\/12\/presidente-Padrin.jpg\" data-dt-img-description=\"\" data-large_image_width=\"1024\" data-large_image_height=\"768\"><img loading=\"lazy\" decoding=\"async\" class=\" wp-image-426608 alignleft\" src=\"https:\/\/www.radiopiu.net\/wordpress\/wp-content\/uploads\/2024\/12\/presidente-Padrin-300x225.jpg\" alt=\"\" width=\"203\" height=\"152\" srcset=\"https:\/\/www.radiopiu.net\/wordpress\/wp-content\/uploads\/2024\/12\/presidente-Padrin-300x225.jpg 300w, https:\/\/www.radiopiu.net\/wordpress\/wp-content\/uploads\/2024\/12\/presidente-Padrin-768x576.jpg 768w, https:\/\/www.radiopiu.net\/wordpress\/wp-content\/uploads\/2024\/12\/presidente-Padrin.jpg 1024w\" sizes=\"auto, (max-width: 203px) 100vw, 203px\" \/><\/a>BELLUNO<\/strong> L\u2019assemblea dei sindaci ha approvato oggi quattro progetti strategici proposti dalla Provincia, per un totale di 8,2 milioni di euro. Tra le priorit\u00e0: migliorare la residenzialit\u00e0 e la viabilit\u00e0, affrontando il tema dello spopolamento e della sicurezza delle infrastrutture. Saranno investiti 5 milioni per la manutenzione straordinaria della rete viaria, con l\u2019obiettivo di garantirne la sicurezza e l\u2019adeguamento agli standard. Inoltre, sono stati approvati progetti per valorizzare il territorio, tra cui un intervento di marketing legato alle Olimpiadi di Milano Cortina 2026 e la messa in sicurezza del Museo Etnografico Dolomiti, con un investimento di 610.000 euro. Il confronto continuer\u00e0 nei prossimi mesi.<\/p>\n<p>&nbsp;<\/p>\n<p>&nbsp;<\/p>\n<hr \/>\n<p>&nbsp;<\/p>\n<blockquote>\n<p class=\"\" data-start=\"0\" data-end=\"76\"><strong data-start=\"0\" data-end=\"76\">CER VISI: La Comunit\u00e0 Energetica Rinnovabile che valorizza la Valbelluna<\/strong><\/p>\n<\/blockquote>\n<p class=\"\" data-start=\"78\" data-end=\"603\"><strong><a class=\"dt-pswp-item\" href=\"https:\/\/www.radiopiu.net\/wordpress\/wp-content\/uploads\/2024\/08\/CENTRO-CONSORZI.png\" data-dt-img-description=\"\" data-large_image_width=\"285\" data-large_image_height=\"117\"><img loading=\"lazy\" decoding=\"async\" class=\"wp-image-406891 alignleft\" src=\"https:\/\/www.radiopiu.net\/wordpress\/wp-content\/uploads\/2024\/08\/CENTRO-CONSORZI.png\" alt=\"\" width=\"134\" height=\"55\" \/><\/a>BELLUNO<\/strong> CER VISI \u00e8 una Comunit\u00e0 Energetica Rinnovabile promossa da Centro Consorzi, attiva dal 6 giugno 2024, che promuove un futuro energetico pi\u00f9 sostenibile e condiviso. Il progetto coinvolge cittadini, imprese ed enti locali nella produzione e condivisione di energia da fonti rinnovabili, riducendo costi e impatto ambientale. Due eventi informativi gratuiti si terranno l&#8217;11 aprile 2025, offrendo l&#8217;opportunit\u00e0 di conoscere i benefici economici, sociali e ambientali delle CER e come aderire al progetto.<\/p>\n<blockquote>\n<p data-start=\"69\" data-end=\"373\"><em>Venerd\u00ec 11 aprile 2025 dalle 11\u00a0 all&#8217;Agriturismo Ortoalpino a Confos di Borgo Valbelluna;\u00a0\u00a0 Venerd\u00ec 11 aprile 2025 dalle 17:30 al Centro culturale e ricreativo di Longano &#8211; Sedico\u00a0 \u00a0<\/em><\/p>\n<p data-start=\"69\" data-end=\"373\">\n<\/blockquote>\n<hr \/>\n<blockquote><p>&nbsp;<\/p>\n<h1><img loading=\"lazy\" decoding=\"async\" class=\"alignleft\" src=\"https:\/\/www.radiopiu.net\/wordpress\/wp-content\/uploads\/2025\/04\/WhatsApp-Image-2025-04-02-at-07.35.13.jpeg\" width=\"198\" height=\"148\" \/>I VOLONTARI AL CENTRO LETTURA<\/h1>\n<p><strong>LIVINALLONGO<\/strong><\/p>\n<p><strong>DI LORENZO SORATROI<\/strong><\/p>\n<audio class=\"wp-audio-shortcode\" id=\"audio-442644-8\" preload=\"none\" style=\"width: 100%;\" controls=\"controls\"><source type=\"audio\/ogg\" src=\"https:\/\/www.radiopiu.net\/wordpress\/wp-content\/uploads\/2025\/04\/WhatsApp-Ptt-2025-04-02-at-07.33.56.ogg?_=8\" \/><a href=\"https:\/\/www.radiopiu.net\/wordpress\/wp-content\/uploads\/2025\/04\/WhatsApp-Ptt-2025-04-02-at-07.33.56.ogg\">https:\/\/www.radiopiu.net\/wordpress\/wp-content\/uploads\/2025\/04\/WhatsApp-Ptt-2025-04-02-at-07.33.56.ogg<\/a><\/audio>\n<p>&nbsp;<\/p>\n<p>&nbsp;<\/p>\n<p data-start=\"69\" data-end=\"373\">\n<\/blockquote>\n<hr \/>\n<article class=\"w-full text-token-text-primary\" dir=\"auto\" data-testid=\"conversation-turn-26\" data-scroll-anchor=\"true\">\n<div class=\"text-base my-auto mx-auto py-5 px-6\">\n<div class=\"mx-auto flex flex-1 text-base gap-4 md:gap-5 lg:gap-6 md:max-w-3xl group\/turn-messages focus-visible:outline-none\" tabindex=\"-1\">\n<div class=\"group\/conversation-turn relative flex w-full min-w-0 flex-col agent-turn @xs\/thread:px-0 @sm\/thread:px-1.5 @md\/thread:px-4\">\n<div class=\"relative flex-col gap-1 md:gap-3\">\n<div class=\"flex max-w-full flex-col flex-grow\">\n<div class=\"min-h-8 text-message relative flex w-full flex-col items-end gap-2 whitespace-normal break-words text-start [.text-message+&amp;]:mt-5\" dir=\"auto\" data-message-author-role=\"assistant\" data-message-id=\"0abbdacb-a18f-462d-a891-c5056b778f55\" data-message-model-slug=\"gpt-4o\">\n<div class=\"flex w-full flex-col gap-1 empty:hidden first:pt-[3px]\">\n<h3 data-start=\"0\" data-end=\"380\"><\/h3>\n<blockquote>\n<h3 data-start=\"0\" data-end=\"380\">NUOVI TAGLI AL TRASPORTO PUBBLICO IN COMELICO<\/h3>\n<\/blockquote>\n<p><em>Tagliare le corse e modificare gli orari \u00e8 certamente la strada pi\u00f9 facile. Ma dietro i numeri ci sono cittadini che hanno il diritto di usufruire di un servizio essenziale.<\/em><\/p>\n<p data-start=\"0\" data-end=\"380\"><a class=\"dt-pswp-item\" href=\"https:\/\/www.radiopiu.net\/wordpress\/wp-content\/uploads\/2024\/10\/DolomitiBus.jpg\" data-dt-img-description=\"\" data-large_image_width=\"2500\" data-large_image_height=\"1668\"><img loading=\"lazy\" decoding=\"async\" class=\" wp-image-415594 alignleft\" src=\"https:\/\/www.radiopiu.net\/wordpress\/wp-content\/uploads\/2024\/10\/DolomitiBus-300x200.jpg\" alt=\"\" width=\"176\" height=\"117\" srcset=\"https:\/\/www.radiopiu.net\/wordpress\/wp-content\/uploads\/2024\/10\/DolomitiBus-300x200.jpg 300w, https:\/\/www.radiopiu.net\/wordpress\/wp-content\/uploads\/2024\/10\/DolomitiBus-1024x683.jpg 1024w, https:\/\/www.radiopiu.net\/wordpress\/wp-content\/uploads\/2024\/10\/DolomitiBus-768x512.jpg 768w, https:\/\/www.radiopiu.net\/wordpress\/wp-content\/uploads\/2024\/10\/DolomitiBus-1536x1025.jpg 1536w, https:\/\/www.radiopiu.net\/wordpress\/wp-content\/uploads\/2024\/10\/DolomitiBus-2048x1366.jpg 2048w\" sizes=\"auto, (max-width: 176px) 100vw, 176px\" \/><\/a><\/p>\n<p><strong>COMELICO<\/strong> L\u2019associazione Giovani&amp;Futuro denuncia nuovi tagli al trasporto pubblico nel Comelico, con la cancellazione delle corse domenicali della linea Santo Stefano \u2013 San Candido e modifiche penalizzanti alla linea 34. Queste scelte aggravano i disagi per studenti, lavoratori e cittadini. L&#8217;associazione chiede la revisione immediata delle decisioni per garantire un servizio essenziale e dignitoso. In proposito ha inviato una lettera al Presidente e la Direttore della Dolomitibus manifestando il malcontento<\/p>\n<p>&nbsp;<\/p>\n<p>&nbsp;<\/p>\n<hr \/>\n<p>&nbsp;<\/p>\n<h4 data-start=\"0\" data-end=\"380\">OPEN DAYS 2025: I CARABINIERI FORESTALI CELEBRANO IL \u201cMADE IN ITALY\u201d DELLA BIODIVERSIT\u00c0<\/h4>\n<p class=\"\" data-start=\"95\" data-end=\"378\"><strong><a class=\"dt-pswp-item\" href=\"https:\/\/www.radiopiu.net\/wordpress\/wp-content\/uploads\/2025\/04\/Senza-nome-2.png\" data-dt-img-description=\"\" data-large_image_width=\"753\" data-large_image_height=\"334\"><img loading=\"lazy\" decoding=\"async\" class=\"size-medium wp-image-442715 alignleft\" src=\"https:\/\/www.radiopiu.net\/wordpress\/wp-content\/uploads\/2025\/04\/Senza-nome-2-300x133.png\" alt=\"\" width=\"300\" height=\"133\" srcset=\"https:\/\/www.radiopiu.net\/wordpress\/wp-content\/uploads\/2025\/04\/Senza-nome-2-300x133.png 300w, https:\/\/www.radiopiu.net\/wordpress\/wp-content\/uploads\/2025\/04\/Senza-nome-2.png 753w\" sizes=\"auto, (max-width: 300px) 100vw, 300px\" \/><\/a>BELLUNO<\/strong> I\u00a0 Carabinieri Forestali e le unit\u00e0 specializzate del Reparto Biodiversit\u00e0 di Belluno aprono le porte delle Riserve Naturali Statali con gli Open Days 2025. \u00a0Un&#8217;opportunit\u00e0 per grandi e piccoli di avvicinarsi al patrimonio naturalistico locale e alle attivit\u00e0 di tutela ambientale condotte dai Carabinieri Forestali. 2 e 8 aprile \u2013 Riserva Naturale Vincheto di Celarda; 16 aprile \u2013 Riserva Naturale Monti del Sole &#8211; Prati di Salet L\u2019iniziativa punta a sensibilizzare il pubblico sull\u2019importanza della conservazione ambientale, della tutela delle specie animali e vegetali e del ripristino degli ecosistemi. Informazioni: Reparto Carabinieri Biodiversit\u00e0 di Belluno \u00a0Mail: <a class=\"cursor-pointer\" rel=\"noopener\" data-start=\"1807\" data-end=\"1832\">043711.001@carabinieri.it <\/a>\u00a0Tel. 0437 944830<\/p>\n<p data-start=\"1356\" data-end=\"1716\">\n<\/div>\n<\/div>\n<\/div>\n<div class=\"flex justify-start\">\n<div class=\"-me-1 -ms-2.5 flex select-none items-center p-1 touch:-me-2 touch:-ms-3.5 -mt-1 duration-[1.5s] focus-within:transition-none hover:transition-none pointer-events-none [mask-image:linear-gradient(to_right,black_33%,transparent_66%)] [mask-position:100%_0%] [mask-size:300%_100%] motion-safe:transition-[mask-position] group-hover\/turn-messages:pointer-events-auto group-hover\/turn-messages:[mask-position:0_0] group-focus-within\/turn-messages:pointer-events-auto group-focus-within\/turn-messages:[mask-position:0_0] has-[[data-state=open]]:pointer-events-auto has-[[data-state=open]]:[mask-position:0_0]\"><\/div>\n<\/div>\n<\/div>\n<\/div>\n<\/div>\n<\/div>\n<\/article>\n<p>&nbsp;<\/p>\n<hr \/>\n<p>&nbsp;<\/p>\n<h2><span style=\"color: #ff0000;\">CONSIGLI COMUNALI IN AGORDINO<\/span><\/h2>\n<p><strong>ROCCA PIETORE<\/strong> Consiglio Comunale luned\u00ec alle 18. L&#8217;ordine del giorno prevede nove punti, tra cui: approvazione dei verbali della seduta precedente, convenzione per la segreteria comunale con Alleghe e Selva di Cadore, bilancio di previsione 2025-2027 dell\u2019A.S.C.A., una variazione al bilancio, rinuncia al diritto di prelazione su un terreno con uso civico e diverse convenzioni per la gestione associata di servizi con l\u2019Unione Montana Agordina. Tra queste, vi sono la centrale unica di committenza, le strutture sportive, la gestione dei beni silvo-pastorali e la pianificazione di protezione civile.<\/p>\n<p>&nbsp;<\/p>\n<p>&nbsp;<\/p>\n<hr \/>\n<p>&nbsp;<\/p>\n<blockquote>\n<h3><a class=\"dt-pswp-item\" href=\"https:\/\/www.radiopiu.net\/wordpress\/wp-content\/uploads\/2021\/11\/QUESTURA-BELLUNO.png\" data-dt-img-description=\"\" data-large_image_width=\"1912\" data-large_image_height=\"1384\"><img loading=\"lazy\" decoding=\"async\" class=\" wp-image-244040 alignleft\" src=\"https:\/\/www.radiopiu.net\/wordpress\/wp-content\/uploads\/2021\/11\/QUESTURA-BELLUNO-300x217.png\" alt=\"\" width=\"160\" height=\"116\" srcset=\"https:\/\/www.radiopiu.net\/wordpress\/wp-content\/uploads\/2021\/11\/QUESTURA-BELLUNO-300x217.png 300w, https:\/\/www.radiopiu.net\/wordpress\/wp-content\/uploads\/2021\/11\/QUESTURA-BELLUNO-1024x741.png 1024w, https:\/\/www.radiopiu.net\/wordpress\/wp-content\/uploads\/2021\/11\/QUESTURA-BELLUNO-768x556.png 768w, https:\/\/www.radiopiu.net\/wordpress\/wp-content\/uploads\/2021\/11\/QUESTURA-BELLUNO-1536x1112.png 1536w, https:\/\/www.radiopiu.net\/wordpress\/wp-content\/uploads\/2021\/11\/QUESTURA-BELLUNO.png 1912w\" sizes=\"auto, (max-width: 160px) 100vw, 160px\" \/><\/a>UN BANDO PER 133 COMMISSARI TECNICI DELLA POLIZIA DI STATO<\/h3>\n<\/blockquote>\n<p><strong>BELLUNO<\/strong> Sono stati pubblicati i bandi per concorsi pubblici della Polizia di Stato per l&#8217;assunzione di 133 commissari tecnici in diverse discipline (biologi, ingegneri, chimici, psicologi e fisici). Le domande possono essere presentate online dal 25 marzo al 23 aprile 2025 tramite il sito della Polizia di Stato o il Portale unico del reclutamento.<\/p>\n<p>&nbsp;<\/p>\n<hr \/>\n<blockquote>\n<h3><\/h3>\n<h3>CONCORSO PER L&#8217;ASSUNZIONE DI 1500 ALLIEVI VICE ISPETTORI DI POLIZIA<\/h3>\n<\/blockquote>\n<p><strong>BELLUNO<\/strong> \u00c8 stato pubblicato il bando di concorso per l&#8217;assunzione di 1.500 allievi vice ispettori della Polizia di Stato. Le domande possono essere presentate online dal 1\u00b0 al 30 aprile 2025 attraverso il sito della Polizia di Stato o il Portale unico del reclutamento.<\/p>\n<p>&nbsp;<\/p>\n<p>&nbsp;<\/p>\n<hr \/>\n<p>&nbsp;<\/p>\n<blockquote>\n<p class=\"\" data-start=\"0\" data-end=\"73\"><strong data-start=\"0\" data-end=\"73\">FIAB Belluno APS: NUOVO CONSIGLIO DIRETTIVO PER IL TRIENNIO 2025-2027<\/strong><\/p>\n<\/blockquote>\n<p class=\"\" data-start=\"75\" data-end=\"430\"><strong><a class=\"dt-pswp-item\" href=\"https:\/\/www.radiopiu.net\/wordpress\/wp-content\/uploads\/2024\/11\/FIAB-BELLUNO.png\" data-dt-img-description=\"\" data-large_image_width=\"461\" data-large_image_height=\"214\"><img loading=\"lazy\" decoding=\"async\" class=\"size-medium wp-image-418097 alignleft\" src=\"https:\/\/www.radiopiu.net\/wordpress\/wp-content\/uploads\/2024\/11\/FIAB-BELLUNO-300x139.png\" alt=\"\" width=\"300\" height=\"139\" srcset=\"https:\/\/www.radiopiu.net\/wordpress\/wp-content\/uploads\/2024\/11\/FIAB-BELLUNO-300x139.png 300w, https:\/\/www.radiopiu.net\/wordpress\/wp-content\/uploads\/2024\/11\/FIAB-BELLUNO.png 461w\" sizes=\"auto, (max-width: 300px) 100vw, 300px\" \/><\/a>BELLUNO<\/strong> Sono stati eletti i membri del Direttivo uscente Claudio Giacchetti, Gianfranco Turchetto, Marcella Gris, Domenico Panatta, Eros Fagro, Mario Orzes e Pierluigi Trevisan, insieme ai due neoeletti Roberta Gaz e Paolo Vuscovich. \u00a0All\u2019unanimit\u00e0, Claudio Giacchetti \u00e8 stato nominato Presidente, mentre Gianfranco Turchetto assumer\u00e0 il ruolo di Vicepresidente. Marcella Gris continuer\u00e0 a ricoprire la funzione di tesoriera, mentre Pierluigi Trevisan curer\u00e0 la segreteria. Il Presidente uscente, Pierluigi Trevisan, ha espresso il suo ringraziamento a Giacchetti e Turchetto per la loro disponibilit\u00e0 ad assumere le cariche di Presidente e Vicepresidente. Ha inoltre ringraziato i membri del Direttivo per l&#8217;impegno profuso durante il precedente mandato, sottolineando che tale impegno \u00e8 stato rinnovato anche per i prossimi tre anni. Infine, ha salutato e ringraziato i due neoeletti Roberta Gaz e Paolo Vuscovich, augurando loro un proficuo lavoro all&#8217;interno dell&#8217;associazione.<\/p>\n<hr \/>\n<article class=\"w-full text-token-text-primary\" dir=\"auto\" data-testid=\"conversation-turn-4\" data-scroll-anchor=\"true\">\n<div class=\"text-base my-auto mx-auto py-5 px-6\">\n<div class=\"mx-auto flex flex-1 text-base gap-4 md:gap-5 lg:gap-6 md:max-w-3xl group\/turn-messages focus-visible:outline-none\" tabindex=\"-1\">\n<div class=\"group\/conversation-turn relative flex w-full min-w-0 flex-col agent-turn @xs\/thread:px-0 @sm\/thread:px-1.5 @md\/thread:px-4\">\n<div class=\"relative flex-col gap-1 md:gap-3\">\n<div class=\"flex max-w-full flex-col flex-grow\">\n<div class=\"min-h-8 text-message relative flex w-full flex-col items-end gap-2 whitespace-normal break-words text-start [.text-message+&amp;]:mt-5\" dir=\"auto\" data-message-author-role=\"assistant\" data-message-id=\"5476aaa2-732b-4310-bebd-021da1284f90\" data-message-model-slug=\"gpt-4o-mini\">\n<div class=\"flex w-full flex-col gap-1 empty:hidden first:pt-[3px]\">\n<div class=\"markdown prose w-full break-words dark:prose-invert dark\">\n<blockquote>\n<p class=\"\" data-start=\"0\" data-end=\"101\"><strong data-start=\"0\" data-end=\"101\" data-is-last-node=\"\" data-is-only-node=\"\">LA DECIMA EDIZIONE DEL SIMPOSIO SUL CLINTO E IL FUTURO DELL&#8217;AZIENDA &#8220;AL FOL&#8221; DI FONZASO A RISCHIO<\/strong><\/p>\n<\/blockquote>\n<\/div>\n<\/div>\n<\/div>\n<\/div>\n<div class=\"flex justify-start\">\n<div class=\"-me-1 -ms-2.5 flex select-none items-center p-1 touch:-me-2 touch:-ms-3.5 -mt-1 duration-[1.5s] focus-within:transition-none hover:transition-none pointer-events-none [mask-image:linear-gradient(to_right,black_33%,transparent_66%)] [mask-position:100%_0%] [mask-size:300%_100%] motion-safe:transition-[mask-position] group-hover\/turn-messages:pointer-events-auto group-hover\/turn-messages:[mask-position:0_0] group-focus-within\/turn-messages:pointer-events-auto group-focus-within\/turn-messages:[mask-position:0_0] has-[[data-state=open]]:pointer-events-auto has-[[data-state=open]]:[mask-position:0_0]\"><button class=\"rounded-lg text-token-text-secondary hover:bg-token-main-surface-secondary\" aria-label=\"Copia\" data-testid=\"copy-turn-action-button\">FONZASO<\/button><\/div>\n<div>\n<p class=\"\" data-start=\"82\" data-end=\"474\"><a class=\"dt-pswp-item\" href=\"https:\/\/www.radiopiu.net\/wordpress\/wp-content\/uploads\/2025\/04\/Foto-articolo-simposio.jpg\" data-dt-img-description=\"\" data-large_image_width=\"1600\" data-large_image_height=\"1200\"><img loading=\"lazy\" decoding=\"async\" class=\"size-medium wp-image-442792 alignleft\" src=\"https:\/\/www.radiopiu.net\/wordpress\/wp-content\/uploads\/2025\/04\/Foto-articolo-simposio-300x225.jpg\" alt=\"\" width=\"300\" height=\"225\" srcset=\"https:\/\/www.radiopiu.net\/wordpress\/wp-content\/uploads\/2025\/04\/Foto-articolo-simposio-300x225.jpg 300w, https:\/\/www.radiopiu.net\/wordpress\/wp-content\/uploads\/2025\/04\/Foto-articolo-simposio-1024x768.jpg 1024w, https:\/\/www.radiopiu.net\/wordpress\/wp-content\/uploads\/2025\/04\/Foto-articolo-simposio-768x576.jpg 768w, https:\/\/www.radiopiu.net\/wordpress\/wp-content\/uploads\/2025\/04\/Foto-articolo-simposio-1536x1152.jpg 1536w, https:\/\/www.radiopiu.net\/wordpress\/wp-content\/uploads\/2025\/04\/Foto-articolo-simposio.jpg 1600w\" sizes=\"auto, (max-width: 300px) 100vw, 300px\" \/><\/a>Domenica 30 marzo 2025 si \u00e8 svolto a Concamarise (Verona) il decimo Simposio sul Clinto, con un focus sull&#8217;azienda agricola &#8220;AL FOL&#8221; di Nicole Slongo, con sede a Fonzaso (BL). L&#8217;azienda ha dimostrato di seguire una politica aziendale vincente, puntando sulla qualit\u00e0 e sull&#8217;uso di tecniche naturali e senza pesticidi, come oli vegetali e minerali, oltre a trattamenti come l&#8217;acqua informata.<\/p>\n<p class=\"\" data-start=\"476\" data-end=\"1044\">Durante l&#8217;evento, Enzo Slongo, padre di Nicole, ha illustrato la storia del Vin Clinto, prodotto vietato dopo il 1931 per motivi politici legati alla sua presunta tossicit\u00e0. Nonostante il divieto di commercializzazione, \u00e8 stata ottenuta l&#8217;autorizzazione a trasformare l&#8217;uva Clinton in succhi e confetture, registrando un successo con la creazione di un&#8217;opera scultorea in legno, &#8220;Il valore del Clinto in una mano&#8221;, realizzata dallo scultore Paolo Schenal. Inoltre, &#8220;AL FOL&#8221; rappresenter\u00e0 Fonzaso al Festival Internazionale dei Vini Ribelli in Francia, a inizio aprile.<\/p>\n<p class=\"\" data-start=\"1046\" data-end=\"1561\">Tuttavia, l&#8217;azienda \u00e8 destinata a chiudere a causa di un progetto di Terna Rete Italia, che prevede l&#8217;interramento di linee elettriche e l&#8217;installazione di un traliccio da 40 metri proprio sui terreni aziendali, con impatti negativi sull&#8217;attivit\u00e0 agricola e sul progetto di inclusione sociale dell&#8217;azienda. Nonostante gli sforzi per trovare soluzioni alternative, il futuro dell&#8217;azienda resta incerto, e la famiglia Slongo esprime il proprio disappunto per la mancanza di sostegno istituzionale in questa battaglia.<\/p>\n<\/div>\n<\/div>\n<div class=\"mt-3 w-full empty:hidden\">\n<div class=\"text-center\"><\/div>\n<\/div>\n<\/div>\n<div class=\"absolute\">\n<div class=\"flex items-center justify-center\"><\/div>\n<\/div>\n<\/div>\n<\/div>\n<\/div>\n<\/article>\n<p>&nbsp;<\/p>\n<hr \/>\n<blockquote>\n<h3 class=\"\" data-start=\"0\" data-end=\"70\"><strong data-start=\"4\" data-end=\"68\"><br \/>\nASSEMBLEA ORDINARIA DELL\u2019UNIONE ITALIANA CIECHI E IPOVEDENTI<\/strong><\/h3>\n<\/blockquote>\n<p class=\"\" data-start=\"72\" data-end=\"368\"><strong>BELLUNO<\/strong> Domenica 13 aprile 2025, alle\u00a0 9 nella Sala Muccin del Centro Congressi Giovanni XXIII di Belluno, si terr\u00e0 l\u2019Assemblea ordinaria dell\u2019Unione Italiana dei Ciechi e degli Ipovedenti. Durante l\u2019incontro si eleggeranno il nuovo Consiglio Direttivo e i rappresentanti regionali e nazionali.<\/p>\n<hr \/>\n<p class=\"\" data-start=\"0\" data-end=\"73\"><strong data-start=\"0\" data-end=\"73\">\u00a0<\/strong><\/p>\n<blockquote>\n<h3 data-start=\"0\" data-end=\"73\"><strong data-start=\"0\" data-end=\"73\">ASSEMBLEA ANNUALE DELL&#8217;ASSOCIAZIONE AMICI DEI MINERARI E CENA SOCIALE<\/strong><\/h3>\n<\/blockquote>\n<p class=\"\" data-start=\"75\" data-end=\"88\"><strong>AGORDO<\/strong> Sabato\u00a0 si terr\u00e0 l&#8217;assemblea annuale dell&#8217;Associazione Amici dei Minerari. L&#8217;evento avr\u00e0 luogo presso la Sala Don Tamis, con inizio alle ore 17:30. Al termine dell&#8217;assemblea, alle ore 20:00, \u00e8 prevista una cena sociale presso il Ristorante Alle Antiche Miniere. Invitiati tutti i soci e gli interessati a partecipare a questi momenti di incontro e condivisione. Per ulteriori informazioni, contattare l&#8217;Associazione Amici dei Minerari.<\/p>\n<p>&nbsp;<\/p>\n<p>&nbsp;<\/p>\n<hr \/>\n<p>&nbsp;<\/p>\n<blockquote>\n<p class=\"\" data-start=\"0\" data-end=\"53\"><strong data-start=\"0\" data-end=\"53\"><a class=\"dt-pswp-item\" href=\"https:\/\/www.radiopiu.net\/wordpress\/wp-content\/uploads\/2025\/03\/Gabrieli-scaled.jpeg\" data-dt-img-description=\"\" data-large_image_width=\"2560\" data-large_image_height=\"2560\"><img loading=\"lazy\" decoding=\"async\" class=\"wp-image-442467 alignleft\" src=\"https:\/\/www.radiopiu.net\/wordpress\/wp-content\/uploads\/2025\/03\/Gabrieli-300x300.jpeg\" alt=\"\" width=\"137\" height=\"137\" srcset=\"https:\/\/www.radiopiu.net\/wordpress\/wp-content\/uploads\/2025\/03\/Gabrieli-300x300.jpeg 300w, https:\/\/www.radiopiu.net\/wordpress\/wp-content\/uploads\/2025\/03\/Gabrieli-1024x1024.jpeg 1024w, https:\/\/www.radiopiu.net\/wordpress\/wp-content\/uploads\/2025\/03\/Gabrieli-150x150.jpeg 150w, https:\/\/www.radiopiu.net\/wordpress\/wp-content\/uploads\/2025\/03\/Gabrieli-768x768.jpeg 768w, https:\/\/www.radiopiu.net\/wordpress\/wp-content\/uploads\/2025\/03\/Gabrieli-1536x1536.jpeg 1536w, https:\/\/www.radiopiu.net\/wordpress\/wp-content\/uploads\/2025\/03\/Gabrieli-2048x2048.jpeg 2048w\" sizes=\"auto, (max-width: 137px) 100vw, 137px\" \/><\/a>EMOZIONE MONTAGNA 2025: &#8220;AL COSSERTO DEI GIGANTI&#8221;<\/strong><\/p>\n<p class=\"\" data-start=\"0\" data-end=\"53\"><span class=\"relative -mx-px my-[-0.2rem] rounded px-px py-[0.2rem]\"><strong>BELLUNO<\/strong> Domani alle 20:30,\u00a0 al Circolo Val Cicogna di Castoi, si terr\u00e0 l&#8217;evento conclusivo della rassegna Emozione Montagna 2025.<\/span> <span class=\"relative -mx-px my-[-0.2rem] rounded px-px py-[0.2rem]\">I protagonisti, il glaciologo Jacopo Gabrieli (foto), la guida alpina Paolo Conz e il fotografo Riccardo Selvatico.\u00a0 <\/span>\u00a0<span class=\"relative -mx-px my-[-0.2rem] rounded px-px py-[0.2rem]\">L&#8217;ingresso \u00e8 libero fino a esaurimento posti.\u00a0 \u00a0\u00a0<\/span><\/p>\n<p data-start=\"0\" data-end=\"53\">\n<\/blockquote>\n<p>&nbsp;<\/p>\n<hr \/>\n<p>&nbsp;<\/p>\n<blockquote>\n<h3>NASCERE NELLE DOLOMITI: PROSSIMO INCONTRO A CENCENIGHE<\/h3>\n<\/blockquote>\n<p><strong><a class=\"dt-pswp-item\" href=\"https:\/\/www.radiopiu.net\/wordpress\/wp-content\/uploads\/2025\/03\/SCR-20250322-kbxo.jpeg\" data-dt-img-description=\"\" data-large_image_width=\"1346\" data-large_image_height=\"946\"><img loading=\"lazy\" decoding=\"async\" class=\" wp-image-440975 alignleft\" src=\"https:\/\/www.radiopiu.net\/wordpress\/wp-content\/uploads\/2025\/03\/SCR-20250322-kbxo-300x211.jpeg\" alt=\"\" width=\"189\" height=\"133\" srcset=\"https:\/\/www.radiopiu.net\/wordpress\/wp-content\/uploads\/2025\/03\/SCR-20250322-kbxo-300x211.jpeg 300w, https:\/\/www.radiopiu.net\/wordpress\/wp-content\/uploads\/2025\/03\/SCR-20250322-kbxo-1024x720.jpeg 1024w, https:\/\/www.radiopiu.net\/wordpress\/wp-content\/uploads\/2025\/03\/SCR-20250322-kbxo-768x540.jpeg 768w, https:\/\/www.radiopiu.net\/wordpress\/wp-content\/uploads\/2025\/03\/SCR-20250322-kbxo.jpeg 1346w\" sizes=\"auto, (max-width: 189px) 100vw, 189px\" \/><\/a>CENCENIGHE <\/strong>Prosegue il ciclo di incontri \u201cNascere nelle Dolomiti: il percorso salute mamma-bambino\u201d, organizzati dall\u2019Ulss Dolomiti nell\u2019ambito dell\u2019area materno-infantile. Il prossimo incontro si terr\u00e0 domani alle 16.30 nella Sala Culturale Comunale \u2013 Centro Nof Fil\u00f2 a Cencenighe Agordino, saranno illustrati e approfonditi i percorsi e i servizi del punto nascita. La cittadinanza \u00e8 invitata.<\/p>\n<p>&nbsp;<\/p>\n<p>&nbsp;<\/p>\n<p>&nbsp;<\/p>\n<p>&nbsp;<\/p>\n<hr \/>\n<blockquote>\n<h3><\/h3>\n<h3>INSIEME PER L&#8217;AUTISMO<\/h3>\n<\/blockquote>\n<p><strong><a class=\"dt-pswp-item\" href=\"https:\/\/www.radiopiu.net\/wordpress\/wp-content\/uploads\/2025\/03\/SCR-20250322-lkpf.png\" data-dt-img-description=\"\" data-large_image_width=\"1366\" data-large_image_height=\"772\"><img loading=\"lazy\" decoding=\"async\" class=\" wp-image-440982 alignleft\" src=\"https:\/\/www.radiopiu.net\/wordpress\/wp-content\/uploads\/2025\/03\/SCR-20250322-lkpf-300x170.png\" alt=\"\" width=\"215\" height=\"122\" srcset=\"https:\/\/www.radiopiu.net\/wordpress\/wp-content\/uploads\/2025\/03\/SCR-20250322-lkpf-300x170.png 300w, https:\/\/www.radiopiu.net\/wordpress\/wp-content\/uploads\/2025\/03\/SCR-20250322-lkpf-1024x579.png 1024w, https:\/\/www.radiopiu.net\/wordpress\/wp-content\/uploads\/2025\/03\/SCR-20250322-lkpf-768x434.png 768w, https:\/\/www.radiopiu.net\/wordpress\/wp-content\/uploads\/2025\/03\/SCR-20250322-lkpf.png 1366w\" sizes=\"auto, (max-width: 215px) 100vw, 215px\" \/><\/a>BELLUNO<\/strong> L\u2019Ulss Dolomiti promuove l\u2019evento \u201cInsieme per l\u2019autismo\u201d oggi, in occasione della Giornata mondiale della consapevolezza sull\u2019autismo. L\u2019iniziativa, realizzata con diverse unit\u00e0 operative sanitarie, scuole e associazioni, mira a sensibilizzare sul Disturbo dello Spettro Autistico e sull\u2019importanza di interventi inclusivi. La mattina, al Centro Congressi Giovanni XXIII di Belluno, si terranno laboratori esperienziali per studenti. Nel pomeriggio, un incontro aperto alla cittadinanza moderato da Milena Guglielminetti.<\/p>\n<p>&nbsp;<\/p>\n<p>&nbsp;<\/p>\n<p>&nbsp;<\/p>\n<hr \/>\n<p>&nbsp;<\/p>\n<blockquote>\n<h3>&#8220;DA ONDE VERS ONDE&#8221; A CENCENIGHE<\/h3>\n<\/blockquote>\n<p><strong><a class=\"dt-pswp-item\" href=\"https:\/\/www.radiopiu.net\/wordpress\/wp-content\/uploads\/2025\/03\/LSODHFHDYUDJ.jpg\" data-dt-img-description=\"\" data-large_image_width=\"1754\" data-large_image_height=\"1337\"><img loading=\"lazy\" decoding=\"async\" class=\" wp-image-441343 alignleft\" src=\"https:\/\/www.radiopiu.net\/wordpress\/wp-content\/uploads\/2025\/03\/LSODHFHDYUDJ-300x229.jpg\" alt=\"\" width=\"140\" height=\"107\" srcset=\"https:\/\/www.radiopiu.net\/wordpress\/wp-content\/uploads\/2025\/03\/LSODHFHDYUDJ-300x229.jpg 300w, https:\/\/www.radiopiu.net\/wordpress\/wp-content\/uploads\/2025\/03\/LSODHFHDYUDJ-1024x781.jpg 1024w, https:\/\/www.radiopiu.net\/wordpress\/wp-content\/uploads\/2025\/03\/LSODHFHDYUDJ-768x585.jpg 768w, https:\/\/www.radiopiu.net\/wordpress\/wp-content\/uploads\/2025\/03\/LSODHFHDYUDJ-1536x1171.jpg 1536w, https:\/\/www.radiopiu.net\/wordpress\/wp-content\/uploads\/2025\/03\/LSODHFHDYUDJ.jpg 1754w\" sizes=\"auto, (max-width: 140px) 100vw, 140px\" \/><\/a>CENCENIGHE <\/strong>L\u2019Union Ladina Val Biois, in collaborazione con il Musla, organizza la seconda edizione delle serate linguistiche <em data-start=\"114\" data-end=\"135\">&#8220;Da onde vers onde&#8221;<\/em>, in sala consigliare a Cencenighe Agordino.\u00a0 Il 4 aprile Nicola Cassisi, docente di lettere, analizzer\u00e0 il legame tra lingua, paesaggio ed economia nelle valli dolomitiche. Serata\u00a0 aperte a tutti e a ingresso libero<\/p>\n<p>&nbsp;<\/p>\n<p>&nbsp;<\/p>\n<p>&nbsp;<\/p>\n<hr \/>\n<p>&nbsp;<\/p>\n<blockquote>\n<article class=\"w-full text-token-text-primary\" dir=\"auto\" data-testid=\"conversation-turn-4\" data-scroll-anchor=\"true\">\n<div class=\"text-base my-auto mx-auto py-5 px-6\">\n<div class=\"mx-auto flex flex-1 text-base gap-4 md:gap-5 lg:gap-6 md:max-w-3xl group\/turn-messages focus-visible:outline-none\" tabindex=\"-1\">\n<div class=\"group\/conversation-turn relative flex w-full min-w-0 flex-col agent-turn @xs\/thread:px-0 @sm\/thread:px-1.5 @md\/thread:px-4\">\n<div class=\"relative flex-col gap-1 md:gap-3\">\n<div class=\"flex max-w-full flex-col flex-grow\">\n<div class=\"min-h-8 text-message relative flex w-full flex-col items-end gap-2 whitespace-normal break-words text-start [.text-message+&amp;]:mt-5\" dir=\"auto\" data-message-author-role=\"assistant\" data-message-id=\"c95c95c6-a1ac-4866-a6e0-43ed1c022444\" data-message-model-slug=\"gpt-4o\">\n<div class=\"flex w-full flex-col gap-1 empty:hidden first:pt-[3px]\">\n<div class=\"markdown prose w-full break-words dark:prose-invert dark\">\n<p class=\"\" data-start=\"0\" data-end=\"84\"><strong data-start=\"0\" data-end=\"84\" data-is-last-node=\"\" data-is-only-node=\"\">L\u2019ISTITUTO \u201cCALVI\u201d CELEBRA 70 ANNI INSIEME AI 20 DELL\u2019ASSOCIAZIONE EX ALLIEVI<\/strong><\/p>\n<\/div>\n<\/div>\n<\/div>\n<\/div>\n<\/div>\n<\/div>\n<\/div>\n<\/div>\n<\/article>\n<\/blockquote>\n<article class=\"w-full text-token-text-primary\" dir=\"auto\" data-testid=\"conversation-turn-4\" data-scroll-anchor=\"true\">\n<div class=\"text-base my-auto mx-auto py-5 px-6\">\n<div class=\"mx-auto flex flex-1 text-base gap-4 md:gap-5 lg:gap-6 md:max-w-3xl group\/turn-messages focus-visible:outline-none\" tabindex=\"-1\">\n<div class=\"group\/conversation-turn relative flex w-full min-w-0 flex-col agent-turn @xs\/thread:px-0 @sm\/thread:px-1.5 @md\/thread:px-4\">\n<div class=\"absolute\">\n<div class=\"flex items-center justify-center\">\n<p><strong>BELLUNO <\/strong><\/p>\n<p class=\"\" data-start=\"37\" data-end=\"463\">L&#8217;Istituto Tecnico Economico \u201cCalvi\u201d celebra i suoi 70 anni, insieme ai 20 dell\u2019Associazione Ex Allievi.\u00a0 Venerd\u00ec alle 15:30 nella palestra di via\u00a0 Marchesi la manifestazione vedr\u00e0 la partecipazione di autorit\u00e0 locali, ex studenti e personale scolastico.<\/p>\n<\/div>\n<\/div>\n<\/div>\n<\/div>\n<\/div>\n<\/article>\n<p>&nbsp;<\/p>\n<hr \/>\n<p>&nbsp;<\/p>\n<blockquote>\n<h3><strong><a class=\"dt-pswp-item\" style=\"color: #005177; outline: 0px; text-decoration-line: none;\" href=\"https:\/\/www.radiopiu.net\/wordpress\/wp-content\/uploads\/2025\/03\/Senza-nome-55.png\" data-dt-img-description=\"\" data-large_image_width=\"379\" data-large_image_height=\"358\"><img loading=\"lazy\" decoding=\"async\" class=\" wp-image-442614 alignleft\" src=\"https:\/\/www.radiopiu.net\/wordpress\/wp-content\/uploads\/2025\/03\/Senza-nome-55-300x283.png\" alt=\"\" width=\"115\" height=\"108\" srcset=\"https:\/\/www.radiopiu.net\/wordpress\/wp-content\/uploads\/2025\/03\/Senza-nome-55-300x283.png 300w, https:\/\/www.radiopiu.net\/wordpress\/wp-content\/uploads\/2025\/03\/Senza-nome-55.png 379w\" sizes=\"auto, (max-width: 115px) 100vw, 115px\" \/><\/a><\/strong>\u201cSIAMO UN\u2019OPERA D\u2019ARTE\u201d: CAMPAGNA DI SENSIBILIZZAZIONE SU INCONTINENZA E STOMIA<\/h3>\n<\/blockquote>\n<p><strong style=\"font-size: 14px;\">AGORDO<\/strong><span style=\"font-size: 14px; font-weight: normal;\">\u00a0 Domani\u00a0 dalle ore 10:00 <\/span>alle 16:00, presso l\u2019Ospedale Giovanni Paolo I di Agordo (corridoio pronto soccorso, via Fontana 36, Agordo &#8211; BL), l\u2019iniziativa \u201cSiamo un\u2019opera d\u2019arte\u201d, una campagna di sensibilizzazione e informazione su incontinenza e stomia.<\/p>\n<p>&nbsp;<\/p>\n<p>&nbsp;<\/p>\n<p>&nbsp;<\/p>\n<hr \/>\n<p>&nbsp;<\/p>\n<blockquote>\n<p class=\"\" data-start=\"0\" data-end=\"51\"><strong data-start=\"0\" data-end=\"51\">UOVA DI PASQUA AIL: RACCOLTA OFFERTE 4-6 APRILE<\/strong><\/p>\n<\/blockquote>\n<p class=\"\" data-start=\"53\" data-end=\"294\"><a class=\"dt-pswp-item\" href=\"https:\/\/www.radiopiu.net\/wordpress\/wp-content\/uploads\/2025\/04\/888a66c4-666f-4de5-ba8a-91e3b8ee2c2b.jpg\" data-dt-img-description=\"\" data-large_image_width=\"1600\" data-large_image_height=\"847\"><img loading=\"lazy\" decoding=\"async\" class=\"size-medium wp-image-442783 alignleft\" src=\"https:\/\/www.radiopiu.net\/wordpress\/wp-content\/uploads\/2025\/04\/888a66c4-666f-4de5-ba8a-91e3b8ee2c2b-300x159.jpg\" alt=\"\" width=\"300\" height=\"159\" srcset=\"https:\/\/www.radiopiu.net\/wordpress\/wp-content\/uploads\/2025\/04\/888a66c4-666f-4de5-ba8a-91e3b8ee2c2b-300x159.jpg 300w, https:\/\/www.radiopiu.net\/wordpress\/wp-content\/uploads\/2025\/04\/888a66c4-666f-4de5-ba8a-91e3b8ee2c2b-1024x542.jpg 1024w, https:\/\/www.radiopiu.net\/wordpress\/wp-content\/uploads\/2025\/04\/888a66c4-666f-4de5-ba8a-91e3b8ee2c2b-768x407.jpg 768w, https:\/\/www.radiopiu.net\/wordpress\/wp-content\/uploads\/2025\/04\/888a66c4-666f-4de5-ba8a-91e3b8ee2c2b-1536x813.jpg 1536w, https:\/\/www.radiopiu.net\/wordpress\/wp-content\/uploads\/2025\/04\/888a66c4-666f-4de5-ba8a-91e3b8ee2c2b.jpg 1600w\" sizes=\"auto, (max-width: 300px) 100vw, 300px\" \/><\/a>Dal 4 al 6 aprile, non perdere l&#8217;opportunit\u00e0 di contribuire alla raccolta fondi per l&#8217;AIL (Associazione Italiana contro le Leucemie) acquistando le tradizionali uova di Pasqua. Le offerte saranno raccolte in vari punti strategici della zona:<\/p>\n<ul data-start=\"296\" data-end=\"442\">\n<li class=\"\" data-start=\"296\" data-end=\"356\">\n<p class=\"\" data-start=\"298\" data-end=\"356\"><strong data-start=\"298\" data-end=\"308\">Agordo<\/strong>, presso il Centro Commerciale La Corte Agordina<\/p>\n<\/li>\n<li class=\"\" data-start=\"357\" data-end=\"399\">\n<p class=\"\" data-start=\"359\" data-end=\"399\"><strong data-start=\"359\" data-end=\"373\">Valcozzena<\/strong>, presso il Zum Brillenbar<\/p>\n<\/li>\n<li class=\"\" data-start=\"400\" data-end=\"442\">\n<p class=\"\" data-start=\"402\" data-end=\"442\"><strong data-start=\"402\" data-end=\"413\">Voltago<\/strong>, presso le Scuole Elementari<\/p>\n<\/li>\n<\/ul>\n<p class=\"\" data-start=\"444\" data-end=\"705\">Ogni uovo acquistato sosterr\u00e0 la ricerca e il supporto ai pazienti affetti da leucemia e altre malattie ematologiche. Un piccolo gesto che pu\u00f2 fare una grande differenza nella vita di chi ha bisogno. Vi aspettiamo numerosi per sostenere questa importante causa!<\/p>\n<p>&nbsp;<\/p>\n<div><\/div>\n<p>&nbsp;<\/p>\n<hr \/>\n<p>&nbsp;<\/p>\n<h1><span style=\"color: #ff6600;\">IERI ALLA RADIO<\/span><\/h1>\n<h2><span style=\"color: #ffcc00;\">OGGI COME IERI, TERZO ANNO. CON SILVIA BALDO<\/span><\/h2>\n<p><strong><a class=\"dt-pswp-item\" href=\"https:\/\/www.radiopiu.net\/wordpress\/wp-content\/uploads\/2025\/03\/pesce-aprile.jpg\" data-dt-img-description=\"\" data-large_image_width=\"822\" data-large_image_height=\"575\"><img loading=\"lazy\" decoding=\"async\" class=\" wp-image-442744 alignleft\" src=\"https:\/\/www.radiopiu.net\/wordpress\/wp-content\/uploads\/2025\/03\/pesce-aprile-300x210.jpg\" alt=\"\" width=\"156\" height=\"109\" srcset=\"https:\/\/www.radiopiu.net\/wordpress\/wp-content\/uploads\/2025\/03\/pesce-aprile-300x210.jpg 300w, https:\/\/www.radiopiu.net\/wordpress\/wp-content\/uploads\/2025\/03\/pesce-aprile-768x537.jpg 768w, https:\/\/www.radiopiu.net\/wordpress\/wp-content\/uploads\/2025\/03\/pesce-aprile.jpg 822w\" sizes=\"auto, (max-width: 156px) 100vw, 156px\" \/><\/a>01 APRILE PESCE D&#8217;APRILE<\/strong><\/p>\n<audio class=\"wp-audio-shortcode\" id=\"audio-442644-9\" preload=\"none\" style=\"width: 100%;\" controls=\"controls\"><source type=\"audio\/mpeg\" src=\"https:\/\/www.radiopiu.net\/wordpress\/wp-content\/uploads\/2025\/03\/SIBI2-7.mp3?_=9\" \/><a href=\"https:\/\/www.radiopiu.net\/wordpress\/wp-content\/uploads\/2025\/03\/SIBI2-7.mp3\">https:\/\/www.radiopiu.net\/wordpress\/wp-content\/uploads\/2025\/03\/SIBI2-7.mp3<\/a><\/audio>\n<p>&nbsp;<\/p>\n<p><strong>LA RACCOLTA COMPLETA <a href=\"https:\/\/www.radiopiu.net\/wordpress\/oggi-come-ieri-terzo-anno-con-silvia-baldo\/\"><span style=\"color: #3366ff;\">CLICCA QUI<\/span><\/a><\/strong><\/p>\n<p>&nbsp;<\/p>\n<hr \/>\n<p>&nbsp;<\/p>\n<h2><span style=\"color: #ff99cc;\">&#8220;DINTORN E FORA VIA&#8221;\u00a0 IL PROGRAMMA\u00a0 A CURA DEL MUSLA<\/span><\/h2>\n<p><strong><a class=\"dt-pswp-item\" href=\"https:\/\/www.radiopiu.net\/wordpress\/wp-content\/uploads\/2025\/04\/GIORNALE.jpg\" data-dt-img-description=\"\" data-large_image_width=\"1280\" data-large_image_height=\"960\"><img loading=\"lazy\" decoding=\"async\" class=\" wp-image-442747 alignleft\" src=\"https:\/\/www.radiopiu.net\/wordpress\/wp-content\/uploads\/2025\/04\/GIORNALE-300x225.jpg\" alt=\"\" width=\"132\" height=\"99\" srcset=\"https:\/\/www.radiopiu.net\/wordpress\/wp-content\/uploads\/2025\/04\/GIORNALE-300x225.jpg 300w, https:\/\/www.radiopiu.net\/wordpress\/wp-content\/uploads\/2025\/04\/GIORNALE-1024x768.jpg 1024w, https:\/\/www.radiopiu.net\/wordpress\/wp-content\/uploads\/2025\/04\/GIORNALE-768x576.jpg 768w, https:\/\/www.radiopiu.net\/wordpress\/wp-content\/uploads\/2025\/04\/GIORNALE.jpg 1280w\" sizes=\"auto, (max-width: 132px) 100vw, 132px\" \/><\/a>PUNTATA DEL 01 APRILE 2025 CHIARA FRENA<\/strong><\/p>\n<p>&nbsp;<\/p>\n<audio class=\"wp-audio-shortcode\" id=\"audio-442644-10\" preload=\"none\" style=\"width: 100%;\" controls=\"controls\"><source type=\"audio\/mpeg\" src=\"https:\/\/www.radiopiu.net\/wordpress\/wp-content\/uploads\/2025\/04\/MUSLA.mp3?_=10\" \/><a href=\"https:\/\/www.radiopiu.net\/wordpress\/wp-content\/uploads\/2025\/04\/MUSLA.mp3\">https:\/\/www.radiopiu.net\/wordpress\/wp-content\/uploads\/2025\/04\/MUSLA.mp3<\/a><\/audio>\n<p>&nbsp;<\/p>\n<p><strong>LA RACCOLTA COMPLETA <a href=\"https:\/\/www.radiopiu.net\/wordpress\/musla\/\"><span style=\"color: #3366ff;\">CLICCA QUI<\/span><\/a><\/strong><\/p>\n<p>&nbsp;<\/p>\n<hr \/>\n<p>&nbsp;<\/p>\n<h2><span style=\"color: #800080;\">DEGUSTIAMO CON&#8230;. DOLOMITI BEER &amp; WINE SHOP OGGI A SEDICO<\/span><\/h2>\n<p><strong><img loading=\"lazy\" decoding=\"async\" class=\"alignleft\" src=\"https:\/\/www.radiopiu.net\/wordpress\/wp-content\/uploads\/2025\/02\/Senza-nome-44.png\" width=\"209\" height=\"168\" \/><br \/>\n<\/strong><\/p>\n<p><strong>AUDIO<\/strong><\/p>\n<p>Eccoli gli appuntamenti con le degustazioni da non perdere&#8230;.presentati da Valentina<\/p>\n<p>&nbsp;<\/p>\n<p>&nbsp;<\/p>\n<p>&nbsp;<\/p>\n<p>&nbsp;<\/p>\n<p><span style=\"color: #ff0000;\"><b>A SEDICO OGGI DALLE 17 DEGUSTAZIONE GRATUITA<\/b><\/span><\/p>\n<audio class=\"wp-audio-shortcode\" id=\"audio-442644-11\" preload=\"none\" style=\"width: 100%;\" controls=\"controls\"><source type=\"audio\/mpeg\" src=\"https:\/\/www.radiopiu.net\/wordpress\/wp-content\/uploads\/2025\/03\/SEDICO-2-APRILE-25.mp3?_=11\" \/><a href=\"https:\/\/www.radiopiu.net\/wordpress\/wp-content\/uploads\/2025\/03\/SEDICO-2-APRILE-25.mp3\">https:\/\/www.radiopiu.net\/wordpress\/wp-content\/uploads\/2025\/03\/SEDICO-2-APRILE-25.mp3<\/a><\/audio>\n<p>&nbsp;<\/p>\n<p><a class=\"dt-pswp-item\" href=\"https:\/\/www.radiopiu.net\/wordpress\/wp-content\/uploads\/2025\/03\/484188716_122145584012506217_3464558799247590794_n.jpg\" data-dt-img-description=\"\" data-large_image_width=\"526\" data-large_image_height=\"275\"><img loading=\"lazy\" decoding=\"async\" class=\"size-medium wp-image-439643 aligncenter\" src=\"https:\/\/www.radiopiu.net\/wordpress\/wp-content\/uploads\/2025\/03\/484188716_122145584012506217_3464558799247590794_n-300x157.jpg\" alt=\"\" width=\"300\" height=\"157\" srcset=\"https:\/\/www.radiopiu.net\/wordpress\/wp-content\/uploads\/2025\/03\/484188716_122145584012506217_3464558799247590794_n-300x157.jpg 300w, https:\/\/www.radiopiu.net\/wordpress\/wp-content\/uploads\/2025\/03\/484188716_122145584012506217_3464558799247590794_n.jpg 526w\" sizes=\"auto, (max-width: 300px) 100vw, 300px\" \/><\/a><\/p>\n<p>&nbsp;<\/p>\n<p>&nbsp;<\/p>\n<hr \/>\n<p>&nbsp;<\/p>\n<h2><span style=\"color: #ff0000;\"><a class=\"dt-pswp-item\" href=\"https:\/\/www.radiopiu.net\/wordpress\/wp-content\/uploads\/2018\/09\/appuntamenti.jpeg\" data-dt-img-description=\"\" data-large_image_width=\"800\" data-large_image_height=\"100\"><img loading=\"lazy\" decoding=\"async\" class=\"wp-image-61958 size-full aligncenter\" src=\"https:\/\/www.radiopiu.net\/wordpress\/wp-content\/uploads\/2018\/09\/appuntamenti.jpeg\" alt=\"\" width=\"800\" height=\"100\" srcset=\"https:\/\/www.radiopiu.net\/wordpress\/wp-content\/uploads\/2018\/09\/appuntamenti.jpeg 800w, https:\/\/www.radiopiu.net\/wordpress\/wp-content\/uploads\/2018\/09\/appuntamenti-300x38.jpeg 300w, https:\/\/www.radiopiu.net\/wordpress\/wp-content\/uploads\/2018\/09\/appuntamenti-768x96.jpeg 768w\" sizes=\"auto, (max-width: 800px) 100vw, 800px\" \/><\/a><\/span><\/h2>\n<p>&nbsp;<\/p>\n<div>\n<div class=\"\" dir=\"auto\">\n<div id=\":r9h:\" class=\"x1iorvi4 x1pi30zi x1l90r2v x1swvt13\" data-ad-comet-preview=\"message\" data-ad-preview=\"message\">\n<div class=\"\" dir=\"auto\">\n<div id=\":r9h:\" class=\"x1iorvi4 x1pi30zi x1l90r2v x1swvt13\" data-ad-comet-preview=\"message\" data-ad-preview=\"message\">\n<div class=\"\" dir=\"auto\">\n<div id=\":r9h:\" class=\"x1iorvi4 x1pi30zi x1l90r2v x1swvt13\" data-ad-comet-preview=\"message\" data-ad-preview=\"message\">\n<div class=\"\" dir=\"auto\">\n<div id=\":r9h:\" class=\"x1iorvi4 x1pi30zi x1l90r2v x1swvt13\" data-ad-comet-preview=\"message\" data-ad-preview=\"message\">\n<div>\n<div class=\"\" dir=\"auto\">\n<div id=\":r9h:\" class=\"x1iorvi4 x1pi30zi x1l90r2v x1swvt13\" data-ad-comet-preview=\"message\" data-ad-preview=\"message\">\n<div>\n<div class=\"\" dir=\"auto\">\n<div id=\":r9h:\" class=\"x1iorvi4 x1pi30zi x1l90r2v x1swvt13\" data-ad-comet-preview=\"message\" data-ad-preview=\"message\">\n<div class=\"xdj266r x11i5rnm xat24cr x1mh8g0r x1vvkbs x126k92a\">\n<div dir=\"auto\"><\/div>\n<\/div>\n<div>\n<div class=\"\" dir=\"auto\">\n<div id=\":r9h:\" class=\"x1iorvi4 x1pi30zi x1l90r2v x1swvt13\" data-ad-comet-preview=\"message\" data-ad-preview=\"message\">\n<div>\n<div class=\"\" dir=\"auto\">\n<div id=\":r9h:\" class=\"x1iorvi4 x1pi30zi x1l90r2v x1swvt13\" data-ad-comet-preview=\"message\" data-ad-preview=\"message\">\n\n\t\t\t<style type='text\/css'>\n\t\t\t\t#gallery-1 {\n\t\t\t\t\tmargin: auto;\n\t\t\t\t}\n\t\t\t\t#gallery-1 .gallery-item {\n\t\t\t\t\tfloat: left;\n\t\t\t\t\tmargin-top: 10px;\n\t\t\t\t\ttext-align: center;\n\t\t\t\t\twidth: 25%;\n\t\t\t\t}\n\t\t\t\t#gallery-1 img {\n\t\t\t\t\tborder: 2px solid #cfcfcf;\n\t\t\t\t}\n\t\t\t\t#gallery-1 .gallery-caption {\n\t\t\t\t\tmargin-left: 0;\n\t\t\t\t}\n\t\t\t\t\/* see gallery_shortcode() in wp-includes\/media.php *\/\n\t\t\t<\/style>\n\t\t<div id='gallery-1' class='dt-gallery-container gallery galleryid-442644 gallery-columns-4 gallery-size-thumbnail'><dl class='gallery-item'>\n\t\t\t\t<dt class='gallery-icon portrait'>\n\t\t\t\t\t<a class=\"rollover rollover-zoom dt-pswp-item\" title=\"FB_IMG_1743405703758\" data-dt-img-description=\"\" data-large_image_width=\"680\" data-large_image_height=\"960\"href='https:\/\/www.radiopiu.net\/wordpress\/wp-content\/uploads\/2025\/03\/FB_IMG_1743405703758.jpg'><img loading=\"lazy\" decoding=\"async\" width=\"150\" height=\"150\" src=\"https:\/\/www.radiopiu.net\/wordpress\/wp-content\/uploads\/2025\/03\/FB_IMG_1743405703758-150x150.jpg\" class=\"attachment-thumbnail size-thumbnail\" alt=\"\" \/><\/a>\n\t\t\t\t<\/dt><\/dl><dl class='gallery-item'>\n\t\t\t\t<dt class='gallery-icon portrait'>\n\t\t\t\t\t<a class=\"rollover rollover-zoom dt-pswp-item\" title=\"Senza nome\" data-dt-img-description=\"\" data-large_image_width=\"569\" data-large_image_height=\"801\"href='https:\/\/www.radiopiu.net\/wordpress\/wp-content\/uploads\/2025\/02\/Senza-nome-23.png'><img loading=\"lazy\" decoding=\"async\" width=\"150\" height=\"150\" src=\"https:\/\/www.radiopiu.net\/wordpress\/wp-content\/uploads\/2025\/02\/Senza-nome-23-150x150.png\" class=\"attachment-thumbnail size-thumbnail\" alt=\"\" \/><\/a>\n\t\t\t\t<\/dt><\/dl><dl class='gallery-item'>\n\t\t\t\t<dt class='gallery-icon portrait'>\n\t\t\t\t\t<a class=\"rollover rollover-zoom dt-pswp-item\" title=\"ba76e127-707c-4a8a-a6ac-6ab71e879690\" data-dt-img-description=\"\" data-large_image_width=\"500\" data-large_image_height=\"696\"href='https:\/\/www.radiopiu.net\/wordpress\/wp-content\/uploads\/2025\/03\/ba76e127-707c-4a8a-a6ac-6ab71e879690.jpg'><img loading=\"lazy\" decoding=\"async\" width=\"150\" height=\"150\" src=\"https:\/\/www.radiopiu.net\/wordpress\/wp-content\/uploads\/2025\/03\/ba76e127-707c-4a8a-a6ac-6ab71e879690-150x150.jpg\" class=\"attachment-thumbnail size-thumbnail\" alt=\"\" aria-describedby=\"gallery-1-437826\" \/><\/a>\n\t\t\t\t<\/dt>\n\t\t\t\t\t<dd class='wp-caption-text gallery-caption' id='gallery-1-437826'>\n\t\t\t\t\tPOSTICIPATO AL 6 APRILE\n\t\t\t\t\t<\/dd><\/dl><dl class='gallery-item'>\n\t\t\t\t<dt class='gallery-icon portrait'>\n\t\t\t\t\t<a class=\"rollover rollover-zoom dt-pswp-item\" title=\"Aprile\" data-dt-img-description=\"\" data-large_image_width=\"841\" data-large_image_height=\"1190\"href='https:\/\/www.radiopiu.net\/wordpress\/wp-content\/uploads\/2025\/03\/Aprile.jpg'><img loading=\"lazy\" decoding=\"async\" width=\"150\" height=\"150\" src=\"https:\/\/www.radiopiu.net\/wordpress\/wp-content\/uploads\/2025\/03\/Aprile-150x150.jpg\" class=\"attachment-thumbnail size-thumbnail\" alt=\"\" \/><\/a>\n\t\t\t\t<\/dt><\/dl><br style=\"clear: both\" \/><dl class='gallery-item'>\n\t\t\t\t<dt class='gallery-icon portrait'>\n\t\t\t\t\t<a class=\"rollover rollover-zoom dt-pswp-item\" title=\"wnEWMSHDfvy6\" data-dt-img-description=\"\" data-large_image_width=\"962\" data-large_image_height=\"1328\"href='https:\/\/www.radiopiu.net\/wordpress\/wp-content\/uploads\/2025\/03\/wnEWMSHDfvy6.jpg'><img loading=\"lazy\" decoding=\"async\" width=\"150\" height=\"150\" src=\"https:\/\/www.radiopiu.net\/wordpress\/wp-content\/uploads\/2025\/03\/wnEWMSHDfvy6-150x150.jpg\" class=\"attachment-thumbnail size-thumbnail\" alt=\"\" \/><\/a>\n\t\t\t\t<\/dt><\/dl><dl class='gallery-item'>\n\t\t\t\t<dt class='gallery-icon portrait'>\n\t\t\t\t\t<a class=\"rollover rollover-zoom dt-pswp-item\" title=\"Locandina posturale primavera 2025\" data-dt-img-description=\"\" data-large_image_width=\"1132\" data-large_image_height=\"1600\"href='https:\/\/www.radiopiu.net\/wordpress\/wp-content\/uploads\/2025\/03\/Locandina-posturale-primavera-2025.jpeg'><img loading=\"lazy\" decoding=\"async\" width=\"150\" height=\"150\" src=\"https:\/\/www.radiopiu.net\/wordpress\/wp-content\/uploads\/2025\/03\/Locandina-posturale-primavera-2025-150x150.jpeg\" class=\"attachment-thumbnail size-thumbnail\" alt=\"\" \/><\/a>\n\t\t\t\t<\/dt><\/dl><dl class='gallery-item'>\n\t\t\t\t<dt class='gallery-icon portrait'>\n\t\t\t\t\t<a class=\"rollover rollover-zoom dt-pswp-item\" title=\"Locandina Gardaland 19.05.2025\" data-dt-img-description=\"\" data-large_image_width=\"1131\" data-large_image_height=\"1600\"href='https:\/\/www.radiopiu.net\/wordpress\/wp-content\/uploads\/2025\/03\/Locandina-Gardaland-19.05.2025.jpeg'><img loading=\"lazy\" decoding=\"async\" width=\"150\" height=\"150\" src=\"https:\/\/www.radiopiu.net\/wordpress\/wp-content\/uploads\/2025\/03\/Locandina-Gardaland-19.05.2025-150x150.jpeg\" class=\"attachment-thumbnail size-thumbnail\" alt=\"\" \/><\/a>\n\t\t\t\t<\/dt><\/dl><dl class='gallery-item'>\n\t\t\t\t<dt class='gallery-icon portrait'>\n\t\t\t\t\t<a class=\"rollover rollover-zoom dt-pswp-item\" title=\"7f11fd7d-b9ad-4719-8f18-813d20b79cce\" data-dt-img-description=\"\" data-large_image_width=\"900\" data-large_image_height=\"1600\"href='https:\/\/www.radiopiu.net\/wordpress\/wp-content\/uploads\/2025\/04\/7f11fd7d-b9ad-4719-8f18-813d20b79cce.jpg'><img loading=\"lazy\" decoding=\"async\" width=\"150\" height=\"150\" src=\"https:\/\/www.radiopiu.net\/wordpress\/wp-content\/uploads\/2025\/04\/7f11fd7d-b9ad-4719-8f18-813d20b79cce-150x150.jpg\" class=\"attachment-thumbnail size-thumbnail\" alt=\"\" \/><\/a>\n\t\t\t\t<\/dt><\/dl><br style=\"clear: both\" \/><dl class='gallery-item'>\n\t\t\t\t<dt class='gallery-icon landscape'>\n\t\t\t\t\t<a class=\"rollover rollover-zoom dt-pswp-item\" title=\"Senza nome\" data-dt-img-description=\"\" data-large_image_width=\"753\" data-large_image_height=\"334\"href='https:\/\/www.radiopiu.net\/wordpress\/wp-content\/uploads\/2025\/04\/Senza-nome-2.png'><img loading=\"lazy\" decoding=\"async\" width=\"150\" height=\"150\" src=\"https:\/\/www.radiopiu.net\/wordpress\/wp-content\/uploads\/2025\/04\/Senza-nome-2-150x150.png\" class=\"attachment-thumbnail size-thumbnail\" alt=\"\" \/><\/a>\n\t\t\t\t<\/dt><\/dl><dl class='gallery-item'>\n\t\t\t\t<dt class='gallery-icon landscape'>\n\t\t\t\t\t<a class=\"rollover rollover-zoom dt-pswp-item\" title=\"Senza nome\" data-dt-img-description=\"\" data-large_image_width=\"551\" data-large_image_height=\"312\"href='https:\/\/www.radiopiu.net\/wordpress\/wp-content\/uploads\/2025\/04\/Senza-nome.png'><img loading=\"lazy\" decoding=\"async\" width=\"150\" height=\"150\" src=\"https:\/\/www.radiopiu.net\/wordpress\/wp-content\/uploads\/2025\/04\/Senza-nome-150x150.png\" class=\"attachment-thumbnail size-thumbnail\" alt=\"\" \/><\/a>\n\t\t\t\t<\/dt><\/dl>\n\t\t\t\t<br style='clear: both' \/>\n\t\t\t<\/div>\n\n<p>&nbsp;<\/p>\n<p>&nbsp;<\/p>\n<hr \/>\n<p>&nbsp;<\/p>\n<p>&nbsp;<\/p>\n<\/div>\n<\/div>\n<\/div>\n<\/div>\n<\/div>\n<\/div>\n<\/div>\n<\/div>\n<\/div>\n<\/div>\n<\/div>\n<\/div>\n<\/div>\n<\/div>\n<\/div>\n<\/div>\n<\/div>\n<\/div>\n<\/div>\n<\/div>\n<\/div>\n<p class=\"mceTemp\"><a class=\"dt-pswp-item\" href=\"https:\/\/www.radiopiu.net\/wordpress\/wp-content\/uploads\/2018\/09\/WhatsApp-Image-2018-09-20-at-16.04.06.jpeg\" data-dt-img-description=\"\" data-large_image_width=\"800\" data-large_image_height=\"100\"><img loading=\"lazy\" decoding=\"async\" class=\"wp-image-61378 size-full aligncenter\" src=\"https:\/\/www.radiopiu.net\/wordpress\/wp-content\/uploads\/2018\/09\/WhatsApp-Image-2018-09-20-at-16.04.06.jpeg\" alt=\"\" width=\"800\" height=\"100\" srcset=\"https:\/\/www.radiopiu.net\/wordpress\/wp-content\/uploads\/2018\/09\/WhatsApp-Image-2018-09-20-at-16.04.06.jpeg 800w, https:\/\/www.radiopiu.net\/wordpress\/wp-content\/uploads\/2018\/09\/WhatsApp-Image-2018-09-20-at-16.04.06-300x38.jpeg 300w, https:\/\/www.radiopiu.net\/wordpress\/wp-content\/uploads\/2018\/09\/WhatsApp-Image-2018-09-20-at-16.04.06-768x96.jpeg 768w\" sizes=\"auto, (max-width: 800px) 100vw, 800px\" \/><\/a><\/p>\n<p><center><\/center><center><\/center>&nbsp;<\/p>\n<p><center><b>OGGI<\/b><\/center>Nuvolosit\u00e0 variabile a tratti estesa su Prealpi fino al mattino, e schiarite un p\u00f2 pi\u00f9 probabili su Dolomiti. A seguire schiarite pi\u00f9 ampie su Dolomiti ed annuvolamenti irregolari pi\u00f9 intensi su Prealpi.<br \/>\n<b>Precipitazioni: <\/b>Nella notte e fino al primo mattino debolissime nevicate su Prealpi veronesi e vicentine oltre i 1700-1800 m.<br \/>\nTemperature massime in aumento.<\/p>\n<hr \/>\n<p><center><b>DOMANI<\/b><\/center>Nuvolosit\u00e0 variabile fino al mattino con cielo parzialmente nuvoloso, poi tendenza a schiarite ampie fino a sereno o al pi\u00f9 poco nuvoloso.<br \/>\n<b>Precipitazioni: <\/b>Assenti<br \/>\n<b>Temperature: <\/b>Temperature in aumento, specie le massime.<\/p>\n<hr \/>\n<p><center><b>VENERDI<\/b><\/center>Su Dolomiti cielo sereno o poco nuvoloso, pi\u00f9 nubi su Prealpi specie fino al mattino con cielo a tratti nuvoloso. Temperature in generale lieve aumento.<\/p>\n<hr \/>\n<p><center><b>SABATO<\/b><\/center>Cielo per lo pi\u00f9 poco nuvoloso. verso sera aumento irregolare aumento delle nubi. Temperature in lieve aumento specie le massime, poi in repentino calo dalla tarda serata.<\/p>\n<p>&nbsp;<\/p>\n<hr \/>\n<p>&nbsp;<\/p>\n<p class=\"mceTemp\"><a class=\"dt-pswp-item\" href=\"https:\/\/www.radiopiu.net\/wordpress\/wp-content\/uploads\/2018\/09\/sport.jpg\" data-dt-img-description=\"\" data-large_image_width=\"800\" data-large_image_height=\"100\"><img loading=\"lazy\" decoding=\"async\" class=\"aligncenter wp-image-60761 size-full\" src=\"https:\/\/www.radiopiu.net\/wordpress\/wp-content\/uploads\/2018\/09\/sport.jpg\" alt=\"\" width=\"800\" height=\"100\" srcset=\"https:\/\/www.radiopiu.net\/wordpress\/wp-content\/uploads\/2018\/09\/sport.jpg 800w, https:\/\/www.radiopiu.net\/wordpress\/wp-content\/uploads\/2018\/09\/sport-300x38.jpg 300w, https:\/\/www.radiopiu.net\/wordpress\/wp-content\/uploads\/2018\/09\/sport-768x96.jpg 768w\" sizes=\"auto, (max-width: 800px) 100vw, 800px\" \/> <\/a><\/p>\n<p class=\"mceTemp\"><span style=\"color: #0000ff;\"><strong>\u00a0 \u00a0 \u00a0 \u00a0 \u00a0<\/strong><\/span><\/p>\n<p><span style=\"color: #0000ff;\"><strong>SCI NORDICO<\/strong><\/span><\/p>\n<blockquote>\n<h3>ELIA BARP: L&#8217;ARITMIA, L&#8217;OPERAZIONE E IL RITORNO IN PISTA<\/h3>\n<\/blockquote>\n<p><strong><a class=\"dt-pswp-item\" href=\"https:\/\/www.radiopiu.net\/wordpress\/wp-content\/uploads\/2023\/03\/\u00a9EchiAlessandroSogne-102-ELIA-BARP.jpg\" data-dt-img-description=\"\" data-large_image_width=\"1980\" data-large_image_height=\"1320\"><img loading=\"lazy\" decoding=\"async\" class=\" wp-image-326273 alignleft\" src=\"https:\/\/www.radiopiu.net\/wordpress\/wp-content\/uploads\/2023\/03\/\u00a9EchiAlessandroSogne-102-ELIA-BARP-300x200.jpg\" alt=\"\" width=\"186\" height=\"124\" srcset=\"https:\/\/www.radiopiu.net\/wordpress\/wp-content\/uploads\/2023\/03\/\u00a9EchiAlessandroSogne-102-ELIA-BARP-300x200.jpg 300w, https:\/\/www.radiopiu.net\/wordpress\/wp-content\/uploads\/2023\/03\/\u00a9EchiAlessandroSogne-102-ELIA-BARP-1024x683.jpg 1024w, https:\/\/www.radiopiu.net\/wordpress\/wp-content\/uploads\/2023\/03\/\u00a9EchiAlessandroSogne-102-ELIA-BARP-768x512.jpg 768w, https:\/\/www.radiopiu.net\/wordpress\/wp-content\/uploads\/2023\/03\/\u00a9EchiAlessandroSogne-102-ELIA-BARP-1536x1024.jpg 1536w, https:\/\/www.radiopiu.net\/wordpress\/wp-content\/uploads\/2023\/03\/\u00a9EchiAlessandroSogne-102-ELIA-BARP.jpg 1980w\" sizes=\"auto, (max-width: 186px) 100vw, 186px\" \/><\/a>REDAZIONE <\/strong>Elia Barp ha vissuto un Mondiale difficile a Trondheim, costretto al ritiro a causa di un\u2019aritmia cardiaca durante lo skiathlon. L\u2019atleta azzurro classe 2002 ha dovuto mettere la salute al primo posto, optando per un\u2019operazione che gli ha permesso di tornare in gara in tempi rapidi. Dopo la convalescenza, ha partecipato ai Giochi Mondiali Militari CISM a Goms e ai Campionati Italiani a Dobbiaco. \u201cSono tornato velocemente \u2013 spiega Barp \u2013 e sto bene, anche se la mia forma non \u00e8 ancora ottimale dopo due settimane di stop\u201d. Il fondista rassicura sulla sua condizione, ricordando che altri atleti di alto livello, come Elia Viviani e Peter Sagan, hanno affrontato lo stesso problema. Lasciare i Mondiali \u00e8 stato doloroso, soprattutto a ridosso delle gare pi\u00f9 attese. Tuttavia, Barp \u00e8 determinato a voltare pagina: \u201cDa maggio torneremo ad allenarci con il focus sulle Olimpiadi. Vedremo di prenderci ci\u00f2 che ci \u00e8 sfuggito quest\u2019anno\u201d. Guardando avanti, l\u2019obiettivo \u00e8 tornare pi\u00f9 forte per la prossima stagione. (FONTE: fondoitalia.it)<\/p>\n<p>&nbsp;<\/p>\n<p>&nbsp;<\/p>\n<blockquote>\n<h1>SKI AREA SAN PELLEGRINO, I GIORNI DEI CAMPIONI SFIDANDO &#8220;LA VOLATA&#8221;<\/h1>\n<\/blockquote>\n<p>***<\/p>\n<p>dal GIORNALE RADIOPIU<\/p>\n<p>OSPITE<br \/>\nMIRCO TANCON<\/p>\n<audio class=\"wp-audio-shortcode\" id=\"audio-442644-12\" preload=\"none\" style=\"width: 100%;\" controls=\"controls\"><source type=\"audio\/mpeg\" src=\"https:\/\/www.radiopiu.net\/wordpress\/wp-content\/uploads\/2025\/04\/mirco-tanconnn.mp3?_=12\" \/><a href=\"https:\/\/www.radiopiu.net\/wordpress\/wp-content\/uploads\/2025\/04\/mirco-tanconnn.mp3\">https:\/\/www.radiopiu.net\/wordpress\/wp-content\/uploads\/2025\/04\/mirco-tanconnn.mp3<\/a><\/audio>\n<p>&nbsp;<\/p>\n<p><strong>ARCHIVIO RADIOPIU<\/strong><\/p>\n\n\t\t\t<style type='text\/css'>\n\t\t\t\t#gallery-2 {\n\t\t\t\t\tmargin: auto;\n\t\t\t\t}\n\t\t\t\t#gallery-2 .gallery-item {\n\t\t\t\t\tfloat: left;\n\t\t\t\t\tmargin-top: 10px;\n\t\t\t\t\ttext-align: center;\n\t\t\t\t\twidth: 33%;\n\t\t\t\t}\n\t\t\t\t#gallery-2 img {\n\t\t\t\t\tborder: 2px solid #cfcfcf;\n\t\t\t\t}\n\t\t\t\t#gallery-2 .gallery-caption {\n\t\t\t\t\tmargin-left: 0;\n\t\t\t\t}\n\t\t\t\t\/* see gallery_shortcode() in wp-includes\/media.php *\/\n\t\t\t<\/style>\n\t\t<div id='gallery-2' class='dt-gallery-container gallery galleryid-442644 gallery-columns-3 gallery-size-thumbnail'><dl class='gallery-item'>\n\t\t\t\t<dt class='gallery-icon landscape'>\n\t\t\t\t\t<a class=\"rollover rollover-zoom dt-pswp-item\" title=\"R_LA VOLATA S PELLEGRINO DH 2017(PHOTO ELVIS)\" data-dt-img-description=\"\" data-large_image_width=\"2000\" data-large_image_height=\"1337\"href='https:\/\/www.radiopiu.net\/wordpress\/wp-content\/uploads\/2023\/05\/R_LA-VOLATA-S-PELLEGRINO-DH-2017PHOTO-ELVIS.jpg'><img loading=\"lazy\" decoding=\"async\" width=\"150\" height=\"150\" src=\"https:\/\/www.radiopiu.net\/wordpress\/wp-content\/uploads\/2023\/05\/R_LA-VOLATA-S-PELLEGRINO-DH-2017PHOTO-ELVIS-150x150.jpg\" class=\"attachment-thumbnail size-thumbnail\" alt=\"\" aria-describedby=\"gallery-2-337460\" \/><\/a>\n\t\t\t\t<\/dt>\n\t\t\t\t\t<dd class='wp-caption-text gallery-caption' id='gallery-2-337460'>\n\t\t\t\t\tPASSO SAN PELLEGRINO MOENA ITA &#8211; 21DICEMBRE 2017 COPPA EUROPA DISCESA LIBERA FEMMINILE TROFEO LA VOLATA  &#8211;  MEMORIAL ALBERTO VENDRUSCOLO\nVINCITRICE  SUTER GIULIANA SUI davanti a HOFER HANNA ITA e KOLLY NOEMIE SUI &#8220;Copyright PHOTO ELVIS&#8221;\n\t\t\t\t\t<\/dd><\/dl><dl class='gallery-item'>\n\t\t\t\t<dt class='gallery-icon landscape'>\n\t\t\t\t\t<a class=\"rollover rollover-zoom dt-pswp-item\" title=\"VOLATA\" data-dt-img-description=\"\" data-large_image_width=\"1600\" data-large_image_height=\"1220\"href='https:\/\/www.radiopiu.net\/wordpress\/wp-content\/uploads\/2021\/02\/VOLATA.jpg'><img loading=\"lazy\" decoding=\"async\" width=\"150\" height=\"150\" src=\"https:\/\/www.radiopiu.net\/wordpress\/wp-content\/uploads\/2021\/02\/VOLATA-150x150.jpg\" class=\"attachment-thumbnail size-thumbnail\" alt=\"\" \/><\/a>\n\t\t\t\t<\/dt><\/dl><dl class='gallery-item'>\n\t\t\t\t<dt class='gallery-icon landscape'>\n\t\t\t\t\t<a class=\"rollover rollover-zoom dt-pswp-item\" title=\"1081_La VolatA\" data-dt-img-description=\"\" data-large_image_width=\"1081\" data-large_image_height=\"743\"href='https:\/\/www.radiopiu.net\/wordpress\/wp-content\/uploads\/2021\/02\/1081_La-VolatA.jpg'><img loading=\"lazy\" decoding=\"async\" width=\"150\" height=\"150\" src=\"https:\/\/www.radiopiu.net\/wordpress\/wp-content\/uploads\/2021\/02\/1081_La-VolatA-150x150.jpg\" class=\"attachment-thumbnail size-thumbnail\" alt=\"\" \/><\/a>\n\t\t\t\t<\/dt><\/dl><br style=\"clear: both\" \/><dl class='gallery-item'>\n\t\t\t\t<dt class='gallery-icon landscape'>\n\t\t\t\t\t<a class=\"rollover rollover-zoom dt-pswp-item\" title=\"Le azzure su La Volata_ foto Instagram Marta Bassino\" data-dt-img-description=\"\" data-large_image_width=\"845\" data-large_image_height=\"757\"href='https:\/\/www.radiopiu.net\/wordpress\/wp-content\/uploads\/2020\/12\/Le-azzure-su-La-Volata_-foto-Instagram-Marta-Bassino.jpg'><img loading=\"lazy\" decoding=\"async\" width=\"150\" height=\"150\" src=\"https:\/\/www.radiopiu.net\/wordpress\/wp-content\/uploads\/2020\/12\/Le-azzure-su-La-Volata_-foto-Instagram-Marta-Bassino-150x150.jpg\" class=\"attachment-thumbnail size-thumbnail\" alt=\"\" \/><\/a>\n\t\t\t\t<\/dt><\/dl><dl class='gallery-item'>\n\t\t\t\t<dt class='gallery-icon landscape'>\n\t\t\t\t\t<a class=\"rollover rollover-zoom dt-pswp-item\" title=\"Volata-jwsc2019\" data-dt-img-description=\"\" data-large_image_width=\"1000\" data-large_image_height=\"667\"href='https:\/\/www.radiopiu.net\/wordpress\/wp-content\/uploads\/2019\/03\/Volata-jwsc2019.jpg'><img loading=\"lazy\" decoding=\"async\" width=\"150\" height=\"150\" src=\"https:\/\/www.radiopiu.net\/wordpress\/wp-content\/uploads\/2019\/03\/Volata-jwsc2019-150x150.jpg\" class=\"attachment-thumbnail size-thumbnail\" alt=\"\" \/><\/a>\n\t\t\t\t<\/dt><\/dl><dl class='gallery-item'>\n\t\t\t\t<dt class='gallery-icon landscape'>\n\t\t\t\t\t<a class=\"rollover rollover-zoom dt-pswp-item\" title=\"La-VolatA\" data-dt-img-description=\"\" data-large_image_width=\"1500\" data-large_image_height=\"1000\"href='https:\/\/www.radiopiu.net\/wordpress\/wp-content\/uploads\/2018\/04\/La-VolatA.jpg'><img loading=\"lazy\" decoding=\"async\" width=\"150\" height=\"150\" src=\"https:\/\/www.radiopiu.net\/wordpress\/wp-content\/uploads\/2018\/04\/La-VolatA-150x150.jpg\" class=\"attachment-thumbnail size-thumbnail\" alt=\"\" \/><\/a>\n\t\t\t\t<\/dt><\/dl><br style=\"clear: both\" \/>\n\t\t\t<\/div>\n\n<p>&nbsp;<\/p>\n<hr \/>\n<p>&nbsp;<\/p>\n<p>&nbsp;<\/p>\n","protected":false},"excerpt":{"rendered":"<p>****** &nbsp; SEDICO IN LUTTO: MORTO IN UN INCIDENTE L\u2019IMPRENDITORE ENRICO MORETTI SEDICO Enrico Moretti, 51 anni, imprenditore di Sedico a capo della Moretti Interiors, \u00e8 morto ieri in un incidente stradale sull\u2019A26 in Piemonte. Alla guida della sua Audi RS Q8, ha tamponato un Tir, incastrandosi sotto il rimorchio. Stava viaggiando per lavoro verso&hellip;<\/p>\n","protected":false},"author":4,"featured_media":442711,"comment_status":"closed","ping_status":"closed","sticky":false,"template":"","format":"standard","meta":{"_monsterinsights_skip_tracking":false,"_monsterinsights_sitenote_active":false,"_monsterinsights_sitenote_note":"","_monsterinsights_sitenote_category":0,"footnotes":""},"categories":[51,86,49],"tags":[],"class_list":["post-442644","post","type-post","status-publish","format-standard","has-post-thumbnail","hentry","category-evidenza-top","category-gr","category-news-18","category-51","category-86","category-49","description-off"],"img_url":"https:\/\/www.radiopiu.net\/wordpress\/wp-content\/uploads\/2025\/04\/IMG_7287.jpeg","_links":{"self":[{"href":"https:\/\/www.radiopiu.net\/wordpress\/wp-json\/wp\/v2\/posts\/442644","targetHints":{"allow":["GET"]}}],"collection":[{"href":"https:\/\/www.radiopiu.net\/wordpress\/wp-json\/wp\/v2\/posts"}],"about":[{"href":"https:\/\/www.radiopiu.net\/wordpress\/wp-json\/wp\/v2\/types\/post"}],"author":[{"embeddable":true,"href":"https:\/\/www.radiopiu.net\/wordpress\/wp-json\/wp\/v2\/users\/4"}],"replies":[{"embeddable":true,"href":"https:\/\/www.radiopiu.net\/wordpress\/wp-json\/wp\/v2\/comments?post=442644"}],"version-history":[{"count":28,"href":"https:\/\/www.radiopiu.net\/wordpress\/wp-json\/wp\/v2\/posts\/442644\/revisions"}],"predecessor-version":[{"id":442820,"href":"https:\/\/www.radiopiu.net\/wordpress\/wp-json\/wp\/v2\/posts\/442644\/revisions\/442820"}],"wp:featuredmedia":[{"embeddable":true,"href":"https:\/\/www.radiopiu.net\/wordpress\/wp-json\/wp\/v2\/media\/442711"}],"wp:attachment":[{"href":"https:\/\/www.radiopiu.net\/wordpress\/wp-json\/wp\/v2\/media?parent=442644"}],"wp:term":[{"taxonomy":"category","embeddable":true,"href":"https:\/\/www.radiopiu.net\/wordpress\/wp-json\/wp\/v2\/categories?post=442644"},{"taxonomy":"post_tag","embeddable":true,"href":"https:\/\/www.radiopiu.net\/wordpress\/wp-json\/wp\/v2\/tags?post=442644"}],"curies":[{"name":"wp","href":"https:\/\/api.w.org\/{rel}","templated":true}]}}