{"id":442667,"date":"2025-04-01T05:58:39","date_gmt":"2025-04-01T03:58:39","guid":{"rendered":"https:\/\/www.radiopiu.net\/wordpress\/?p=442667"},"modified":"2025-04-01T06:14:14","modified_gmt":"2025-04-01T04:14:14","slug":"il-liceo-lollino-passa-alla-rete-scuole-per-crescere","status":"publish","type":"post","link":"https:\/\/www.radiopiu.net\/wordpress\/il-liceo-lollino-passa-alla-rete-scuole-per-crescere\/","title":{"rendered":"IL LICEO LOLLINO PASSA ALLA RETE SCUOLE PER CRESCERE"},"content":{"rendered":"<blockquote>\n<h3>**<\/h3>\n<p>&nbsp;<\/p><\/blockquote>\n<p><strong><a class=\"dt-pswp-item\" href=\"https:\/\/www.radiopiu.net\/wordpress\/wp-content\/uploads\/2021\/04\/LOLLINO.jpg\" data-dt-img-description=\"\" data-large_image_width=\"1618\" data-large_image_height=\"1078\"><img loading=\"lazy\" decoding=\"async\" class=\" wp-image-203612 alignleft\" src=\"https:\/\/www.radiopiu.net\/wordpress\/wp-content\/uploads\/2021\/04\/LOLLINO-300x200.jpg\" alt=\"\" width=\"212\" height=\"141\" srcset=\"https:\/\/www.radiopiu.net\/wordpress\/wp-content\/uploads\/2021\/04\/LOLLINO-300x200.jpg 300w, https:\/\/www.radiopiu.net\/wordpress\/wp-content\/uploads\/2021\/04\/LOLLINO-1024x682.jpg 1024w, https:\/\/www.radiopiu.net\/wordpress\/wp-content\/uploads\/2021\/04\/LOLLINO-768x512.jpg 768w, https:\/\/www.radiopiu.net\/wordpress\/wp-content\/uploads\/2021\/04\/LOLLINO-1536x1023.jpg 1536w, https:\/\/www.radiopiu.net\/wordpress\/wp-content\/uploads\/2021\/04\/LOLLINO.jpg 1618w\" sizes=\"auto, (max-width: 212px) 100vw, 212px\" \/><\/a>BELLUNO<\/strong> Il Liceo \u201cAlvise Lollino\u201d di Belluno avr\u00e0 un nuovo gestore. Dopo l&#8217;annuncio della chiusura da parte della Diocesi il 20 febbraio, la rete \u201cScuole Per Crescere\u201d ha chiesto di subentrare. Dopo un mese di trattative, la Diocesi ha accettato di cedere la gestione alla Fondazione \u201cSan Giovanni Paolo II\u201d, gi\u00e0 attiva nel settore scolastico. La Fondazione, con sede a Firenze, garantir\u00e0 la continuit\u00e0 degli indirizzi classico e scientifico. Un accordo prevede che questi percorsi restino fedeli alla tradizione del Lollino. Il Seminario Gregoriano conceder\u00e0 i locali in comodato d\u2019uso gratuito per otto anni e supporter\u00e0 la transizione. La Diocesi e il Seminario usciranno definitivamente dalla gestione dell\u2019istituto. La Fondazione assumer\u00e0 la piena responsabilit\u00e0 amministrativa ed educativa. Nei prossimi mesi presenter\u00e0 il proprio piano alle famiglie, agli studenti e al personale. L\u2019obiettivo \u00e8 garantire la continuit\u00e0 e il rilancio dell\u2019istituto.<\/p>\n<p>&nbsp;<\/p>\n<hr \/>\n<p>&nbsp;<\/p>\n","protected":false},"excerpt":{"rendered":"<p>** &nbsp; BELLUNO Il Liceo \u201cAlvise Lollino\u201d di Belluno avr\u00e0 un nuovo gestore. Dopo l&#8217;annuncio della chiusura da parte della Diocesi il 20 febbraio, la rete \u201cScuole Per Crescere\u201d ha chiesto di subentrare. Dopo un mese di trattative, la Diocesi ha accettato di cedere la gestione alla Fondazione \u201cSan Giovanni Paolo II\u201d, gi\u00e0 attiva nel&hellip;<\/p>\n","protected":false},"author":4,"featured_media":442668,"comment_status":"closed","ping_status":"closed","sticky":false,"template":"","format":"standard","meta":{"_monsterinsights_skip_tracking":false,"_monsterinsights_sitenote_active":false,"_monsterinsights_sitenote_note":"","_monsterinsights_sitenote_category":0,"footnotes":""},"categories":[51,49],"tags":[],"class_list":["post-442667","post","type-post","status-publish","format-standard","has-post-thumbnail","hentry","category-evidenza-top","category-news-18","category-51","category-49","description-off"],"img_url":"https:\/\/www.radiopiu.net\/wordpress\/wp-content\/uploads\/2025\/04\/LOLLINO-300x200-1.jpg","_links":{"self":[{"href":"https:\/\/www.radiopiu.net\/wordpress\/wp-json\/wp\/v2\/posts\/442667","targetHints":{"allow":["GET"]}}],"collection":[{"href":"https:\/\/www.radiopiu.net\/wordpress\/wp-json\/wp\/v2\/posts"}],"about":[{"href":"https:\/\/www.radiopiu.net\/wordpress\/wp-json\/wp\/v2\/types\/post"}],"author":[{"embeddable":true,"href":"https:\/\/www.radiopiu.net\/wordpress\/wp-json\/wp\/v2\/users\/4"}],"replies":[{"embeddable":true,"href":"https:\/\/www.radiopiu.net\/wordpress\/wp-json\/wp\/v2\/comments?post=442667"}],"version-history":[{"count":1,"href":"https:\/\/www.radiopiu.net\/wordpress\/wp-json\/wp\/v2\/posts\/442667\/revisions"}],"predecessor-version":[{"id":442669,"href":"https:\/\/www.radiopiu.net\/wordpress\/wp-json\/wp\/v2\/posts\/442667\/revisions\/442669"}],"wp:featuredmedia":[{"embeddable":true,"href":"https:\/\/www.radiopiu.net\/wordpress\/wp-json\/wp\/v2\/media\/442668"}],"wp:attachment":[{"href":"https:\/\/www.radiopiu.net\/wordpress\/wp-json\/wp\/v2\/media?parent=442667"}],"wp:term":[{"taxonomy":"category","embeddable":true,"href":"https:\/\/www.radiopiu.net\/wordpress\/wp-json\/wp\/v2\/categories?post=442667"},{"taxonomy":"post_tag","embeddable":true,"href":"https:\/\/www.radiopiu.net\/wordpress\/wp-json\/wp\/v2\/tags?post=442667"}],"curies":[{"name":"wp","href":"https:\/\/api.w.org\/{rel}","templated":true}]}}