{"id":442673,"date":"2025-04-01T06:03:46","date_gmt":"2025-04-01T04:03:46","guid":{"rendered":"https:\/\/www.radiopiu.net\/wordpress\/?p=442673"},"modified":"2025-04-01T06:13:15","modified_gmt":"2025-04-01T04:13:15","slug":"aggressione-in-ambulanza-maltrattamenti-e-lesioni","status":"publish","type":"post","link":"https:\/\/www.radiopiu.net\/wordpress\/aggressione-in-ambulanza-maltrattamenti-e-lesioni\/","title":{"rendered":"AGGRESSIONE IN AMBULANZA:  MALTRATTAMENTI E LESIONI"},"content":{"rendered":"<p>**<\/p>\n<p><strong>LA GIUDIZIARIA OGGI<\/strong><br \/>\n<strong>SINTESI DAL CORRIERE DELLE ALPI_DI GIGI SOSSO<\/strong><\/p>\n<p class=\"\" data-start=\"73\" data-end=\"374\"><strong data-start=\"73\" data-end=\"84\">BELLUNO<\/strong>\u00a0 T.A. \u00e8 a processo per aver sferrato un pugno a un agente di polizia a bordo di un\u2019ambulanza, scatenando una colluttazione. L&#8217;episodio risale al 2 febbraio di due anni fa, quando il 118 era intervenuto a Sopracroda per un paziente con trauma cranico, su richiesta della volante. Durante il trasporto, l\u2019imputato ha aggredito il poliziotto. L\u2019infermiera presente ha riferito al giudice Paolo Velo e al pm Giada Modena che si \u00e8 verificato un &#8220;parapiglia&#8221; prima del colpo sferrato all\u2019agente. T.A. \u00e8 gi\u00e0 sotto processo per maltrattamenti e lesioni aggravate alla moglie. La discussione in aula \u00e8 fissata per il 24 aprile.\n<\/p>\n<blockquote>\n<h3 class=\"\" data-start=\"0\" data-end=\"61\">LUDOPATICO TRUFFA COLLEGA FRAGILE: SPILLATI 10.500 EURO<\/h3>\n<\/blockquote>\n<p data-start=\"73\" data-end=\"374\"><strong>SEDICO <\/strong>Un uomo affetto da ludopatia \u00e8 finito a processo per circonvenzione d\u2019incapace, dopo aver sottratto 10.500 euro a una collega con lieve ritardo mentale. Approfittando della sua ingenuit\u00e0, le ha chiesto denaro per spese inventate, tra cui multe inesistenti e bollo auto, ma i soldi finivano nel gioco d\u2019azzardo. Il caso \u00e8 emerso grazie alla madre della donna, che ha notato gravi ammanchi sul conto e ha denunciato l\u2019accaduto. L\u2019imputato, separato e con un figlio da mantenere, ha ammesso di non aver mai restituito il denaro e ha dichiarato di essere in cura presso il Serd da due anni. Il processo proseguir\u00e0 il 25 settembre con nuove testimonianze.<\/p>\n<blockquote>\n<h3 class=\"\" data-start=\"0\" data-end=\"57\">MALTRATTAVA LA COMPAGNA: 35ENNE ALLONTANATO DA CASA<\/h3>\n<\/blockquote>\n<p class=\"\" data-start=\"59\" data-end=\"317\"><strong>FELTRE<\/strong> Un 35enne feltrino \u00e8 stato allontanato da casa con divieto di avvicinamento alla compagna, maltrattata sotto gli occhi del figlio. Indagato per maltrattamenti aggravati, \u00e8 accusato di insulti, controlli ossessivi e un episodio di violenza fisica. L&#8217;indagato \u00e8 difeso di fiducia dall&#8217;avvocato Davide Fent e, quando saranno terminate le indagini preliminari, ci sar\u00e0 inevitabilmente una richiesta di rinvio a giudizio per maltrattamenti aggravati.<\/p>\n<blockquote>\n<h3 class=\"\" data-start=\"0\" data-end=\"55\">RISSA PER LA DROGA: DUE IMPUTATI NEGANO LE ACCUSE<\/h3>\n<\/blockquote>\n<article class=\"w-full text-token-text-primary\" dir=\"auto\" data-testid=\"conversation-turn-12\" data-scroll-anchor=\"true\">\n<div class=\"text-base my-auto mx-auto py-5 px-6\">\n<div class=\"mx-auto flex flex-1 text-base gap-4 md:gap-5 lg:gap-6 md:max-w-3xl group\/turn-messages focus-visible:outline-none\" tabindex=\"-1\">\n<div class=\"group\/conversation-turn relative flex w-full min-w-0 flex-col agent-turn @xs\/thread:px-0 @sm\/thread:px-1.5 @md\/thread:px-4\">\n<div class=\"relative flex-col gap-1 md:gap-3\">\n<div class=\"flex max-w-full flex-col flex-grow\">\n<div class=\"min-h-8 text-message relative flex w-full flex-col items-end gap-2 whitespace-normal break-words text-start [.text-message+&amp;]:mt-5\" dir=\"auto\" data-message-author-role=\"assistant\" data-message-id=\"210e5133-63c8-4f80-89c9-1ab5f1005a3f\" data-message-model-slug=\"gpt-4o\">\n<div class=\"flex w-full flex-col gap-1 empty:hidden first:pt-[3px]\">\n<div class=\"markdown prose w-full break-words dark:prose-invert dark\">\n<p class=\"\" data-start=\"57\" data-end=\"335\"><strong data-start=\"57\" data-end=\"75\">SANTA GIUSTINA<\/strong> \u2013 Due bellunesi, \u00a0sono a processo per lesioni aggravate e spaccio dopo l&#8217;aggressione a un veneziano, ferito a sprangate. Gli imputati negano le accuse, mentre la vittima sostiene di essere stata picchiata brutalmente. Il 25 settembre la discussione finale, poi probabilmente un rinvio per repliche e sentenza.<\/p>\n<\/div>\n<\/div>\n<\/div>\n<\/div>\n<div class=\"mt-3 w-full empty:hidden\">\n<div class=\"text-center\"><\/div>\n<\/div>\n<\/div>\n<div class=\"absolute\">\n<div class=\"flex items-center justify-center\"><\/div>\n<\/div>\n<\/div>\n<\/div>\n<\/div>\n<\/article>\n<div class=\"pointer-events-none h-px w-px\" aria-hidden=\"true\" data-edge=\"true\"><\/div>\n","protected":false},"excerpt":{"rendered":"<p>** LA GIUDIZIARIA OGGI SINTESI DAL CORRIERE DELLE ALPI_DI GIGI SOSSO BELLUNO\u00a0 T.A. \u00e8 a processo per aver sferrato un pugno a un agente di polizia a bordo di un\u2019ambulanza, scatenando una colluttazione. L&#8217;episodio risale al 2 febbraio di due anni fa, quando il 118 era intervenuto a Sopracroda per un paziente con trauma cranico,&hellip;<\/p>\n","protected":false},"author":4,"featured_media":425423,"comment_status":"closed","ping_status":"closed","sticky":false,"template":"","format":"standard","meta":{"_monsterinsights_skip_tracking":false,"_monsterinsights_sitenote_active":false,"_monsterinsights_sitenote_note":"","_monsterinsights_sitenote_category":0,"footnotes":""},"categories":[51,49],"tags":[],"class_list":["post-442673","post","type-post","status-publish","format-standard","has-post-thumbnail","hentry","category-evidenza-top","category-news-18","category-51","category-49","description-off"],"img_url":"https:\/\/www.radiopiu.net\/wordpress\/wp-content\/uploads\/2024\/12\/illustrazione-isometrica-dell-aula-di-tribunale-107074364.webp","_links":{"self":[{"href":"https:\/\/www.radiopiu.net\/wordpress\/wp-json\/wp\/v2\/posts\/442673","targetHints":{"allow":["GET"]}}],"collection":[{"href":"https:\/\/www.radiopiu.net\/wordpress\/wp-json\/wp\/v2\/posts"}],"about":[{"href":"https:\/\/www.radiopiu.net\/wordpress\/wp-json\/wp\/v2\/types\/post"}],"author":[{"embeddable":true,"href":"https:\/\/www.radiopiu.net\/wordpress\/wp-json\/wp\/v2\/users\/4"}],"replies":[{"embeddable":true,"href":"https:\/\/www.radiopiu.net\/wordpress\/wp-json\/wp\/v2\/comments?post=442673"}],"version-history":[{"count":1,"href":"https:\/\/www.radiopiu.net\/wordpress\/wp-json\/wp\/v2\/posts\/442673\/revisions"}],"predecessor-version":[{"id":442687,"href":"https:\/\/www.radiopiu.net\/wordpress\/wp-json\/wp\/v2\/posts\/442673\/revisions\/442687"}],"wp:featuredmedia":[{"embeddable":true,"href":"https:\/\/www.radiopiu.net\/wordpress\/wp-json\/wp\/v2\/media\/425423"}],"wp:attachment":[{"href":"https:\/\/www.radiopiu.net\/wordpress\/wp-json\/wp\/v2\/media?parent=442673"}],"wp:term":[{"taxonomy":"category","embeddable":true,"href":"https:\/\/www.radiopiu.net\/wordpress\/wp-json\/wp\/v2\/categories?post=442673"},{"taxonomy":"post_tag","embeddable":true,"href":"https:\/\/www.radiopiu.net\/wordpress\/wp-json\/wp\/v2\/tags?post=442673"}],"curies":[{"name":"wp","href":"https:\/\/api.w.org\/{rel}","templated":true}]}}