{"id":442679,"date":"2025-04-01T06:01:57","date_gmt":"2025-04-01T04:01:57","guid":{"rendered":"https:\/\/www.radiopiu.net\/wordpress\/?p=442679"},"modified":"2025-04-01T06:13:36","modified_gmt":"2025-04-01T04:13:36","slug":"follador-contrattazione-ferma-e-attivita-a-rilento","status":"publish","type":"post","link":"https:\/\/www.radiopiu.net\/wordpress\/follador-contrattazione-ferma-e-attivita-a-rilento\/","title":{"rendered":"FOLLADOR, CONTRATTAZIONE FERMA E ATTIVIT\u00c0 A RILENTO"},"content":{"rendered":"<p>**<\/p>\n<p class=\"\" data-start=\"59\" data-end=\"433\"><strong data-start=\"59\" data-end=\"79\"><a class=\"dt-pswp-item\" href=\"https:\/\/www.radiopiu.net\/wordpress\/wp-content\/uploads\/2022\/03\/FOLLADOR-AGORDO-1.jpg\" data-dt-img-description=\"\" data-large_image_width=\"1280\" data-large_image_height=\"720\"><img loading=\"lazy\" decoding=\"async\" class=\"size-medium wp-image-267095 alignleft\" src=\"https:\/\/www.radiopiu.net\/wordpress\/wp-content\/uploads\/2022\/03\/FOLLADOR-AGORDO-1-300x169.jpg\" alt=\"\" width=\"300\" height=\"169\" srcset=\"https:\/\/www.radiopiu.net\/wordpress\/wp-content\/uploads\/2022\/03\/FOLLADOR-AGORDO-1-300x169.jpg 300w, https:\/\/www.radiopiu.net\/wordpress\/wp-content\/uploads\/2022\/03\/FOLLADOR-AGORDO-1-1024x576.jpg 1024w, https:\/\/www.radiopiu.net\/wordpress\/wp-content\/uploads\/2022\/03\/FOLLADOR-AGORDO-1-768x432.jpg 768w, https:\/\/www.radiopiu.net\/wordpress\/wp-content\/uploads\/2022\/03\/FOLLADOR-AGORDO-1.jpg 1280w\" sizes=\"auto, (max-width: 300px) 100vw, 300px\" \/><\/a>AGORDO<\/strong>\u00a0L\u2019assemblea sindacale dell\u2019istituto Follador De Rossi, alla quale hanno partecipato tutte le sigle sindacali, ha messo in luce i ritardi nella contrattazione dei Fondi integrativi di istituto (Fis). Questi fondi servono a retribuire attivit\u00e0 aggiuntive del personale scolastico, ma al momento non \u00e8 chiaro n\u00e9 come n\u00e9 quando saranno utilizzati. Secondo Danila Tirabeni, segretaria dello Snals, gli incontri con la dirigenza su questo tema sono stati pochi e le date proposte non sempre hanno trovato la disponibilit\u00e0 delle organizzazioni sindacali. Inoltre, \u00e8 emersa una difficolt\u00e0 organizzativa che frena il lavoro dell\u2019istituto: nei collegi docenti spesso non si arriva a votare i punti all\u2019ordine del giorno e quelli non discussi vengono accantonati senza essere riproposti, impedendo l\u2019adozione delle delibere necessarie al funzionamento della scuola. La visita dell\u2019ispettrice dell\u2019Ufficio Scolastico Regionale, presente da giorni nell\u2019istituto, sembra aver placato momentaneamente le tensioni interne, ma le problematiche relative alla gestione e all\u2019organizzazione restano aperte.<\/p>\n","protected":false},"excerpt":{"rendered":"<p>** AGORDO\u00a0L\u2019assemblea sindacale dell\u2019istituto Follador De Rossi, alla quale hanno partecipato tutte le sigle sindacali, ha messo in luce i ritardi nella contrattazione dei Fondi integrativi di istituto (Fis). Questi fondi servono a retribuire attivit\u00e0 aggiuntive del personale scolastico, ma al momento non \u00e8 chiaro n\u00e9 come n\u00e9 quando saranno utilizzati. Secondo Danila Tirabeni, segretaria&hellip;<\/p>\n","protected":false},"author":4,"featured_media":263174,"comment_status":"closed","ping_status":"closed","sticky":false,"template":"","format":"standard","meta":{"_monsterinsights_skip_tracking":false,"_monsterinsights_sitenote_active":false,"_monsterinsights_sitenote_note":"","_monsterinsights_sitenote_category":0,"footnotes":""},"categories":[51,49],"tags":[],"class_list":["post-442679","post","type-post","status-publish","format-standard","has-post-thumbnail","hentry","category-evidenza-top","category-news-18","category-51","category-49","description-off"],"img_url":"https:\/\/www.radiopiu.net\/wordpress\/wp-content\/uploads\/2022\/03\/FOLLADOR-DE-ROSSI.jpg","_links":{"self":[{"href":"https:\/\/www.radiopiu.net\/wordpress\/wp-json\/wp\/v2\/posts\/442679","targetHints":{"allow":["GET"]}}],"collection":[{"href":"https:\/\/www.radiopiu.net\/wordpress\/wp-json\/wp\/v2\/posts"}],"about":[{"href":"https:\/\/www.radiopiu.net\/wordpress\/wp-json\/wp\/v2\/types\/post"}],"author":[{"embeddable":true,"href":"https:\/\/www.radiopiu.net\/wordpress\/wp-json\/wp\/v2\/users\/4"}],"replies":[{"embeddable":true,"href":"https:\/\/www.radiopiu.net\/wordpress\/wp-json\/wp\/v2\/comments?post=442679"}],"version-history":[{"count":1,"href":"https:\/\/www.radiopiu.net\/wordpress\/wp-json\/wp\/v2\/posts\/442679\/revisions"}],"predecessor-version":[{"id":442680,"href":"https:\/\/www.radiopiu.net\/wordpress\/wp-json\/wp\/v2\/posts\/442679\/revisions\/442680"}],"wp:featuredmedia":[{"embeddable":true,"href":"https:\/\/www.radiopiu.net\/wordpress\/wp-json\/wp\/v2\/media\/263174"}],"wp:attachment":[{"href":"https:\/\/www.radiopiu.net\/wordpress\/wp-json\/wp\/v2\/media?parent=442679"}],"wp:term":[{"taxonomy":"category","embeddable":true,"href":"https:\/\/www.radiopiu.net\/wordpress\/wp-json\/wp\/v2\/categories?post=442679"},{"taxonomy":"post_tag","embeddable":true,"href":"https:\/\/www.radiopiu.net\/wordpress\/wp-json\/wp\/v2\/tags?post=442679"}],"curies":[{"name":"wp","href":"https:\/\/api.w.org\/{rel}","templated":true}]}}