{"id":442709,"date":"2025-04-02T05:52:45","date_gmt":"2025-04-02T03:52:45","guid":{"rendered":"https:\/\/www.radiopiu.net\/wordpress\/?p=442709"},"modified":"2025-04-02T06:04:55","modified_gmt":"2025-04-02T04:04:55","slug":"fine-settimana-di-controlli-straordinari-per-i-carabinieri-della-compagnia-di-feltre","status":"publish","type":"post","link":"https:\/\/www.radiopiu.net\/wordpress\/fine-settimana-di-controlli-straordinari-per-i-carabinieri-della-compagnia-di-feltre\/","title":{"rendered":"Fine settimana di controlli straordinari per i Carabinieri della Compagnia di Feltre"},"content":{"rendered":"<p>******<br \/>\n<strong style=\"text-align: center;\"><br \/>\n<a class=\"dt-pswp-item\" href=\"https:\/\/www.radiopiu.net\/wordpress\/wp-content\/uploads\/2025\/04\/IMG_7286.jpeg\" data-dt-img-description=\"\" data-large_image_width=\"1600\" data-large_image_height=\"1200\"><img loading=\"lazy\" decoding=\"async\" class=\"size-medium wp-image-442710 alignleft\" src=\"https:\/\/www.radiopiu.net\/wordpress\/wp-content\/uploads\/2025\/04\/IMG_7286-300x225.jpeg\" alt=\"\" width=\"300\" height=\"225\" srcset=\"https:\/\/www.radiopiu.net\/wordpress\/wp-content\/uploads\/2025\/04\/IMG_7286-300x225.jpeg 300w, https:\/\/www.radiopiu.net\/wordpress\/wp-content\/uploads\/2025\/04\/IMG_7286-1024x768.jpeg 1024w, https:\/\/www.radiopiu.net\/wordpress\/wp-content\/uploads\/2025\/04\/IMG_7286-768x576.jpeg 768w, https:\/\/www.radiopiu.net\/wordpress\/wp-content\/uploads\/2025\/04\/IMG_7286-1536x1152.jpeg 1536w, https:\/\/www.radiopiu.net\/wordpress\/wp-content\/uploads\/2025\/04\/IMG_7286.jpeg 1600w\" sizes=\"auto, (max-width: 300px) 100vw, 300px\" \/><\/a>FELTRE <\/strong><span style=\"text-align: center;\">Nel corso dello scorso fine settimana, la Compagnia di Feltre ha messo in atto un servizio ad alto impatto che ha coinvolto tutti i reparti dipendenti, con l&#8217;obiettivo di rafforzare la sicurezza sul territorio e contrastare i reati predatori, sia nelle aree urbane che in quelle rurali. Il dispositivo di sicurezza ha visto decine di pattuglie impegnate in controlli mirati lungo le principali arterie stradali, attivi dal primo pomeriggio fino a sera inoltrata, durante entrambe le giornate di sabato e domenica. Le operazioni hanno riguardato non solo il comune feltrino ma l&#8217;intero territorio pedemontano, con l&#8217;intento di operare un vero e proprio \u201cfiltraggio\u201d delle vie di accesso, con doppia finalit\u00e0: prevenzione e repressione dei reati. Un numero consistente di veicoli \u00e8 stato fermato e controllato, mentre oltre 200 persone sono state identificate, alcune delle quali risultate con precedenti di polizia. Durante i controlli, sono state riscontrate diverse infrazioni al Codice della Strada, con conseguenti sanzioni amministrative. Le aree monitorate sono state selezionate grazie alle segnalazioni ricevute dalla cittadinanza. Le informazioni fornite dai residenti, sia tramite chiamate ufficiali al numero di emergenza 112 che attraverso semplici contatti informali, sono sempre prese con la massima seriet\u00e0. <a class=\"dt-pswp-item\" href=\"https:\/\/www.radiopiu.net\/wordpress\/wp-content\/uploads\/2025\/04\/IMG_7287.jpeg\" data-dt-img-description=\"\" data-large_image_width=\"1600\" data-large_image_height=\"1200\"><img loading=\"lazy\" decoding=\"async\" class=\"size-medium wp-image-442711 alignright\" src=\"https:\/\/www.radiopiu.net\/wordpress\/wp-content\/uploads\/2025\/04\/IMG_7287-300x225.jpeg\" alt=\"\" width=\"300\" height=\"225\" srcset=\"https:\/\/www.radiopiu.net\/wordpress\/wp-content\/uploads\/2025\/04\/IMG_7287-300x225.jpeg 300w, https:\/\/www.radiopiu.net\/wordpress\/wp-content\/uploads\/2025\/04\/IMG_7287-1024x768.jpeg 1024w, https:\/\/www.radiopiu.net\/wordpress\/wp-content\/uploads\/2025\/04\/IMG_7287-768x576.jpeg 768w, https:\/\/www.radiopiu.net\/wordpress\/wp-content\/uploads\/2025\/04\/IMG_7287-1536x1152.jpeg 1536w, https:\/\/www.radiopiu.net\/wordpress\/wp-content\/uploads\/2025\/04\/IMG_7287.jpeg 1600w\" sizes=\"auto, (max-width: 300px) 100vw, 300px\" \/><\/a>Il servizio straordinario \u00e8 stato articolato proprio sulle indicazioni fornite dalla comunit\u00e0, rafforzando cos\u00ec il legame tra i cittadini e le forze di polizia nella lotta contro la criminalit\u00e0. L\u2019operazione ha avuto un grande successo, con un forte impatto deterrente, dimostrando ancora una volta la costante attenzione e presenza dell\u2019Arma sul territorio, pronta a rispondere alle esigenze di sicurezza della popolazione.<\/span><\/p>\n<p>*******<\/p>\n","protected":false},"excerpt":{"rendered":"<p>****** FELTRE Nel corso dello scorso fine settimana, la Compagnia di Feltre ha messo in atto un servizio ad alto impatto che ha coinvolto tutti i reparti dipendenti, con l&#8217;obiettivo di rafforzare la sicurezza sul territorio e contrastare i reati predatori, sia nelle aree urbane che in quelle rurali. Il dispositivo di sicurezza ha visto&hellip;<\/p>\n","protected":false},"author":4,"featured_media":442710,"comment_status":"closed","ping_status":"closed","sticky":false,"template":"","format":"standard","meta":{"_monsterinsights_skip_tracking":false,"_monsterinsights_sitenote_active":false,"_monsterinsights_sitenote_note":"","_monsterinsights_sitenote_category":0,"footnotes":""},"categories":[51,49],"tags":[],"class_list":["post-442709","post","type-post","status-publish","format-standard","has-post-thumbnail","hentry","category-evidenza-top","category-news-18","category-51","category-49","description-off"],"img_url":"https:\/\/www.radiopiu.net\/wordpress\/wp-content\/uploads\/2025\/04\/IMG_7286.jpeg","_links":{"self":[{"href":"https:\/\/www.radiopiu.net\/wordpress\/wp-json\/wp\/v2\/posts\/442709","targetHints":{"allow":["GET"]}}],"collection":[{"href":"https:\/\/www.radiopiu.net\/wordpress\/wp-json\/wp\/v2\/posts"}],"about":[{"href":"https:\/\/www.radiopiu.net\/wordpress\/wp-json\/wp\/v2\/types\/post"}],"author":[{"embeddable":true,"href":"https:\/\/www.radiopiu.net\/wordpress\/wp-json\/wp\/v2\/users\/4"}],"replies":[{"embeddable":true,"href":"https:\/\/www.radiopiu.net\/wordpress\/wp-json\/wp\/v2\/comments?post=442709"}],"version-history":[{"count":1,"href":"https:\/\/www.radiopiu.net\/wordpress\/wp-json\/wp\/v2\/posts\/442709\/revisions"}],"predecessor-version":[{"id":442712,"href":"https:\/\/www.radiopiu.net\/wordpress\/wp-json\/wp\/v2\/posts\/442709\/revisions\/442712"}],"wp:featuredmedia":[{"embeddable":true,"href":"https:\/\/www.radiopiu.net\/wordpress\/wp-json\/wp\/v2\/media\/442710"}],"wp:attachment":[{"href":"https:\/\/www.radiopiu.net\/wordpress\/wp-json\/wp\/v2\/media?parent=442709"}],"wp:term":[{"taxonomy":"category","embeddable":true,"href":"https:\/\/www.radiopiu.net\/wordpress\/wp-json\/wp\/v2\/categories?post=442709"},{"taxonomy":"post_tag","embeddable":true,"href":"https:\/\/www.radiopiu.net\/wordpress\/wp-json\/wp\/v2\/tags?post=442709"}],"curies":[{"name":"wp","href":"https:\/\/api.w.org\/{rel}","templated":true}]}}