{"id":442714,"date":"2025-04-02T05:51:28","date_gmt":"2025-04-02T03:51:28","guid":{"rendered":"https:\/\/www.radiopiu.net\/wordpress\/?p=442714"},"modified":"2025-04-02T06:05:13","modified_gmt":"2025-04-02T04:05:13","slug":"open-days-2025-i-carabinieri-forestali-celebrano-il-made-in-italy-della-biodiversita","status":"publish","type":"post","link":"https:\/\/www.radiopiu.net\/wordpress\/open-days-2025-i-carabinieri-forestali-celebrano-il-made-in-italy-della-biodiversita\/","title":{"rendered":"OPEN DAYS 2025: I CARABINIERI FORESTALI CELEBRANO IL \u201cMADE IN ITALY\u201d DELLA BIODIVERSIT\u00c0"},"content":{"rendered":"<p>**<\/p>\n<p>&nbsp;<\/p>\n<p><img decoding=\"async\" src=\"https:\/\/www.radiopiu.net\/wordpress\/wp-content\/uploads\/2025\/04\/Senza-nome-2.png\" \/><\/p>\n<p class=\"\" data-start=\"95\" data-end=\"378\"><strong>BELLUNO<\/strong> Un&#8217;occasione imperdibile per scoprire la bellezza e l\u2019importanza della biodiversit\u00e0 italiana: i Carabinieri Forestali e le unit\u00e0 specializzate del Reparto Biodiversit\u00e0 di Belluno aprono le porte delle Riserve Naturali Statali con gli <strong data-start=\"357\" data-end=\"375\">Open Days 2025<\/strong>. L\u2019iniziativa si svolger\u00e0 in tre date \u2013 <strong data-start=\"419\" data-end=\"439\">2, 8 e 16 aprile<\/strong> \u2013 all\u2019interno di due straordinarie aree protette: la Riserva Naturale Vincheto di Celarda e la Riserva Naturale Monti del Sole &#8211; Prati di Salet. Un&#8217;opportunit\u00e0 per grandi e piccoli di avvicinarsi al patrimonio naturalistico locale e alle attivit\u00e0 di tutela ambientale condotte dai Carabinieri Forestali.<\/p>\n<h3 class=\"\" data-start=\"747\" data-end=\"765\">IL PROGRAMMA<\/h3>\n<h3 class=\"\" data-start=\"747\" data-end=\"765\"><strong data-start=\"770\" data-end=\"825\">2 e 8 aprile \u2013 Riserva Naturale Vincheto di Celarda<\/strong><\/h3>\n<ul data-start=\"828\" data-end=\"1045\">\n<li class=\"\" data-start=\"828\" data-end=\"868\">\n<p class=\"\" data-start=\"830\" data-end=\"868\"><strong data-start=\"830\" data-end=\"838\">9:30<\/strong> Visita guidata alla riserva<\/p>\n<\/li>\n<li class=\"\" data-start=\"869\" data-end=\"931\">\n<p class=\"\" data-start=\"871\" data-end=\"931\"><strong data-start=\"871\" data-end=\"880\">10:30<\/strong> Laboratori didattici presso il Centro Visitatori<\/p>\n<\/li>\n<li class=\"\" data-start=\"932\" data-end=\"1045\">\n<p class=\"\" data-start=\"934\" data-end=\"1045\"><strong data-start=\"934\" data-end=\"943\">11:30<\/strong> Intervento del servizio ciclomontato del Reparto Carabinieri del Parco Nazionale Dolomiti Bellunesi<\/p>\n<\/li>\n<\/ul>\n<p class=\"\" data-start=\"1047\" data-end=\"1116\"><strong data-start=\"1050\" data-end=\"1114\">16 aprile \u2013 Riserva Naturale Monti del Sole &#8211; Prati di Salet<\/strong><\/p>\n<ul data-start=\"1117\" data-end=\"1354\">\n<li class=\"\" data-start=\"1117\" data-end=\"1157\">\n<p class=\"\" data-start=\"1119\" data-end=\"1157\"><strong data-start=\"1119\" data-end=\"1127\">9:30<\/strong> Visita guidata alla riserva<\/p>\n<\/li>\n<li class=\"\" data-start=\"1158\" data-end=\"1240\">\n<p class=\"\" data-start=\"1160\" data-end=\"1240\"><strong data-start=\"1160\" data-end=\"1169\">10:30<\/strong> Laboratori didattici presso il Centro di Selezione Equestre di Salet<\/p>\n<\/li>\n<li class=\"\" data-start=\"1241\" data-end=\"1354\">\n<p class=\"\" data-start=\"1243\" data-end=\"1354\"><strong data-start=\"1243\" data-end=\"1252\">11:30<\/strong> Intervento del servizio ciclomontato del Reparto Carabinieri del Parco Nazionale Dolomiti Bellunesi<\/p>\n<\/li>\n<\/ul>\n<p class=\"\" data-start=\"1356\" data-end=\"1716\">L\u2019iniziativa punta a sensibilizzare il pubblico sull\u2019importanza della conservazione ambientale, della tutela delle specie animali e vegetali e del ripristino degli ecosistemi. Un appuntamento da non perdere per chi desidera conoscere da vicino il lavoro instancabile svolto dai Carabinieri Forestali per la protezione del nostro prezioso patrimonio naturale. Per informazioni e contatti:<br data-start=\"1746\" data-end=\"1749\" \/>Reparto Carabinieri Biodiversit\u00e0 di Belluno \u00a0Mail: <a class=\"cursor-pointer\" rel=\"noopener\" data-start=\"1807\" data-end=\"1832\">043711.001@carabinieri.it <\/a>\u00a0Tel. 0437 944830<\/p>\n<hr \/>\n<p data-start=\"1356\" data-end=\"1716\">\n","protected":false},"excerpt":{"rendered":"<p>** &nbsp; BELLUNO Un&#8217;occasione imperdibile per scoprire la bellezza e l\u2019importanza della biodiversit\u00e0 italiana: i Carabinieri Forestali e le unit\u00e0 specializzate del Reparto Biodiversit\u00e0 di Belluno aprono le porte delle Riserve Naturali Statali con gli Open Days 2025. L\u2019iniziativa si svolger\u00e0 in tre date \u2013 2, 8 e 16 aprile \u2013 all\u2019interno di due straordinarie&hellip;<\/p>\n","protected":false},"author":4,"featured_media":442715,"comment_status":"closed","ping_status":"closed","sticky":false,"template":"","format":"standard","meta":{"_monsterinsights_skip_tracking":false,"_monsterinsights_sitenote_active":false,"_monsterinsights_sitenote_note":"","_monsterinsights_sitenote_category":0,"footnotes":""},"categories":[51,49],"tags":[],"class_list":["post-442714","post","type-post","status-publish","format-standard","has-post-thumbnail","hentry","category-evidenza-top","category-news-18","category-51","category-49","description-off"],"img_url":"https:\/\/www.radiopiu.net\/wordpress\/wp-content\/uploads\/2025\/04\/Senza-nome-2.png","_links":{"self":[{"href":"https:\/\/www.radiopiu.net\/wordpress\/wp-json\/wp\/v2\/posts\/442714","targetHints":{"allow":["GET"]}}],"collection":[{"href":"https:\/\/www.radiopiu.net\/wordpress\/wp-json\/wp\/v2\/posts"}],"about":[{"href":"https:\/\/www.radiopiu.net\/wordpress\/wp-json\/wp\/v2\/types\/post"}],"author":[{"embeddable":true,"href":"https:\/\/www.radiopiu.net\/wordpress\/wp-json\/wp\/v2\/users\/4"}],"replies":[{"embeddable":true,"href":"https:\/\/www.radiopiu.net\/wordpress\/wp-json\/wp\/v2\/comments?post=442714"}],"version-history":[{"count":2,"href":"https:\/\/www.radiopiu.net\/wordpress\/wp-json\/wp\/v2\/posts\/442714\/revisions"}],"predecessor-version":[{"id":442720,"href":"https:\/\/www.radiopiu.net\/wordpress\/wp-json\/wp\/v2\/posts\/442714\/revisions\/442720"}],"wp:featuredmedia":[{"embeddable":true,"href":"https:\/\/www.radiopiu.net\/wordpress\/wp-json\/wp\/v2\/media\/442715"}],"wp:attachment":[{"href":"https:\/\/www.radiopiu.net\/wordpress\/wp-json\/wp\/v2\/media?parent=442714"}],"wp:term":[{"taxonomy":"category","embeddable":true,"href":"https:\/\/www.radiopiu.net\/wordpress\/wp-json\/wp\/v2\/categories?post=442714"},{"taxonomy":"post_tag","embeddable":true,"href":"https:\/\/www.radiopiu.net\/wordpress\/wp-json\/wp\/v2\/tags?post=442714"}],"curies":[{"name":"wp","href":"https:\/\/api.w.org\/{rel}","templated":true}]}}