{"id":442725,"date":"2025-04-02T05:53:18","date_gmt":"2025-04-02T03:53:18","guid":{"rendered":"https:\/\/www.radiopiu.net\/wordpress\/?p=442725"},"modified":"2025-04-02T06:04:34","modified_gmt":"2025-04-02T04:04:34","slug":"oggi-splende-il-sole-sul-liceo-lollino","status":"publish","type":"post","link":"https:\/\/www.radiopiu.net\/wordpress\/oggi-splende-il-sole-sul-liceo-lollino\/","title":{"rendered":"OGGI SPLENDE IL SOLE SUL LICEO LOLLINO"},"content":{"rendered":"<p>**<\/p>\n<article class=\"w-full text-token-text-primary\" dir=\"auto\" data-testid=\"conversation-turn-14\" data-scroll-anchor=\"true\">\n<div class=\"text-base my-auto mx-auto py-5 px-6\">\n<div class=\"mx-auto flex flex-1 text-base gap-4 md:gap-5 lg:gap-6 md:max-w-3xl group\/turn-messages focus-visible:outline-none\" tabindex=\"-1\">\n<div class=\"group\/conversation-turn relative flex w-full min-w-0 flex-col agent-turn @xs\/thread:px-0 @sm\/thread:px-1.5 @md\/thread:px-4\">\n<div class=\"relative flex-col gap-1 md:gap-3\">\n<div class=\"flex max-w-full flex-col flex-grow\">\n<div class=\"min-h-8 text-message relative flex w-full flex-col items-end gap-2 whitespace-normal break-words text-start [.text-message+&amp;]:mt-5\" dir=\"auto\" data-message-author-role=\"assistant\" data-message-id=\"3ea3f490-0b37-4a70-b6cf-e6bbfb8173c1\" data-message-model-slug=\"gpt-4o\">\n<div class=\"flex w-full flex-col gap-1 empty:hidden first:pt-[3px]\">\n<div class=\"markdown prose w-full break-words dark:prose-invert dark\">\n<p class=\"\" data-start=\"46\" data-end=\"249\">Il Liceo Lollino prosegue grazie alla rete \u201cScuole per Crescere\u201d. Docenti, studenti e comunit\u00e0 ringraziano chi ha reso possibile questa continuit\u00e0, garantendo un futuro all\u2019istituto e ai suoi valori.<\/p>\n<\/div>\n<\/div>\n<p data-start=\"46\" data-end=\"249\"><strong>BELLUNO<\/strong><\/p>\n<\/div>\n<\/div>\n<\/div>\n<\/div>\n<\/div>\n<\/div>\n<\/article>\n<div class=\"pointer-events-none h-px w-px\" aria-hidden=\"true\" data-edge=\"true\">\n<p><img loading=\"lazy\" decoding=\"async\" class=\"alignleft\" src=\"https:\/\/www.radiopiu.net\/wordpress\/wp-content\/uploads\/2025\/04\/DSC00336-2.jpeg\" width=\"270\" height=\"194\" \/>Dopo mesi di incertezza, il Liceo Lollino di Belluno guarda al futuro con speranza: l\u2019istituto proseguir\u00e0 la sua attivit\u00e0 grazie alla rete \u201cScuole per Crescere\u201d, come annunciato dalla Diocesi di Belluno-Feltre. Una notizia accolta con grande sollievo da docenti, studenti e famiglie, che hanno affrontato insieme un periodo difficile senza mai perdere la determinazione. Il corpo docente ha voluto esprimere un sincero ringraziamento a tutti coloro che hanno reso possibile questa svolta. Un pensiero speciale \u00e8 stato rivolto agli studenti, il cui senso di appartenenza e responsabilit\u00e0 ha rappresentato un sostegno fondamentale. Un grazie va anche alla Diocesi, che, pur non potendo pi\u00f9 sostenere direttamente la gestione, ha lavorato affinch\u00e9 l\u2019istituto trovasse una nuova guida, e all\u2019Associazione Amici del Liceo Lollino, che si \u00e8 battuta con impegno e determinazione per garantire un futuro alla scuola. Il supporto della comunit\u00e0 bellunese \u00e8 stato cruciale, cos\u00ec come quello delle autorit\u00e0 locali, che hanno riconosciuto il valore storico e culturale del Liceo. Ora il Lollino pu\u00f2 guardare avanti con fiducia, consapevole di essere parte di una rete solida che garantir\u00e0 continuit\u00e0 e crescita.<\/p>\n<\/div>\n<div aria-hidden=\"true\" data-edge=\"true\"><\/div>\n<div aria-hidden=\"true\" data-edge=\"true\">\n<hr \/>\n<\/div>\n<div aria-hidden=\"true\" data-edge=\"true\"><\/div>\n","protected":false},"excerpt":{"rendered":"<p>** Il Liceo Lollino prosegue grazie alla rete \u201cScuole per Crescere\u201d. Docenti, studenti e comunit\u00e0 ringraziano chi ha reso possibile questa continuit\u00e0, garantendo un futuro all\u2019istituto e ai suoi valori. BELLUNO Dopo mesi di incertezza, il Liceo Lollino di Belluno guarda al futuro con speranza: l\u2019istituto proseguir\u00e0 la sua attivit\u00e0 grazie alla rete \u201cScuole per&hellip;<\/p>\n","protected":false},"author":4,"featured_media":442726,"comment_status":"closed","ping_status":"closed","sticky":false,"template":"","format":"standard","meta":{"_monsterinsights_skip_tracking":false,"_monsterinsights_sitenote_active":false,"_monsterinsights_sitenote_note":"","_monsterinsights_sitenote_category":0,"footnotes":""},"categories":[51,49],"tags":[],"class_list":["post-442725","post","type-post","status-publish","format-standard","has-post-thumbnail","hentry","category-evidenza-top","category-news-18","category-51","category-49","description-off"],"img_url":"https:\/\/www.radiopiu.net\/wordpress\/wp-content\/uploads\/2025\/04\/DSC00336-2.jpeg","_links":{"self":[{"href":"https:\/\/www.radiopiu.net\/wordpress\/wp-json\/wp\/v2\/posts\/442725","targetHints":{"allow":["GET"]}}],"collection":[{"href":"https:\/\/www.radiopiu.net\/wordpress\/wp-json\/wp\/v2\/posts"}],"about":[{"href":"https:\/\/www.radiopiu.net\/wordpress\/wp-json\/wp\/v2\/types\/post"}],"author":[{"embeddable":true,"href":"https:\/\/www.radiopiu.net\/wordpress\/wp-json\/wp\/v2\/users\/4"}],"replies":[{"embeddable":true,"href":"https:\/\/www.radiopiu.net\/wordpress\/wp-json\/wp\/v2\/comments?post=442725"}],"version-history":[{"count":1,"href":"https:\/\/www.radiopiu.net\/wordpress\/wp-json\/wp\/v2\/posts\/442725\/revisions"}],"predecessor-version":[{"id":442727,"href":"https:\/\/www.radiopiu.net\/wordpress\/wp-json\/wp\/v2\/posts\/442725\/revisions\/442727"}],"wp:featuredmedia":[{"embeddable":true,"href":"https:\/\/www.radiopiu.net\/wordpress\/wp-json\/wp\/v2\/media\/442726"}],"wp:attachment":[{"href":"https:\/\/www.radiopiu.net\/wordpress\/wp-json\/wp\/v2\/media?parent=442725"}],"wp:term":[{"taxonomy":"category","embeddable":true,"href":"https:\/\/www.radiopiu.net\/wordpress\/wp-json\/wp\/v2\/categories?post=442725"},{"taxonomy":"post_tag","embeddable":true,"href":"https:\/\/www.radiopiu.net\/wordpress\/wp-json\/wp\/v2\/tags?post=442725"}],"curies":[{"name":"wp","href":"https:\/\/api.w.org\/{rel}","templated":true}]}}