{"id":442767,"date":"2025-04-03T05:49:07","date_gmt":"2025-04-03T03:49:07","guid":{"rendered":"https:\/\/www.radiopiu.net\/wordpress\/?p=442767"},"modified":"2025-04-03T10:43:01","modified_gmt":"2025-04-03T08:43:01","slug":"giornale-radiopiu-03-aprile-2025-direttore-mirko-mezzacasa","status":"publish","type":"post","link":"https:\/\/www.radiopiu.net\/wordpress\/giornale-radiopiu-03-aprile-2025-direttore-mirko-mezzacasa\/","title":{"rendered":"GIORNALE RADIOPIU 03 APRILE 2025 DIRETTORE MIRKO MEZZACASA"},"content":{"rendered":"<p>******<\/p>\n<p>&nbsp;<\/p>\n<p>&nbsp;<\/p>\n<p><em><span style=\"color: #ff0000;\"><a class=\"dt-pswp-item\" href=\"https:\/\/www.radiopiu.net\/wordpress\/wp-content\/uploads\/2024\/10\/Senza-nome-8.png\" data-dt-img-description=\"\" data-large_image_width=\"343\" data-large_image_height=\"303\"><img loading=\"lazy\" decoding=\"async\" class=\"wp-image-412130 alignleft\" src=\"https:\/\/www.radiopiu.net\/wordpress\/wp-content\/uploads\/2024\/10\/Senza-nome-8-300x265.png\" alt=\"\" width=\"105\" height=\"93\" srcset=\"https:\/\/www.radiopiu.net\/wordpress\/wp-content\/uploads\/2024\/10\/Senza-nome-8-300x265.png 300w, https:\/\/www.radiopiu.net\/wordpress\/wp-content\/uploads\/2024\/10\/Senza-nome-8.png 343w\" sizes=\"auto, (max-width: 105px) 100vw, 105px\" \/><\/a><\/span><\/em><strong><em><span style=\"color: #ff0000;\"> LA\u00a0 APP PER IOS-IPHONE di Nicola Vettorello<\/span><\/em><\/strong><\/p>\n<p><strong><span style=\"color: #0000ff;\"><a style=\"color: #0000ff;\" href=\"https:\/\/apps.apple.com\/it\/app\/radio-pi%C3%B9-emittente-agordina\/id1515939845\">https:\/\/apps.apple.com\/it\/app\/radio-pi%C3%B9-emittente-agordina\/id1515939845<\/a><\/span><\/strong><\/p>\n<p><strong><em style=\"color: #ff0000;\">LA\u00a0 APP RADIO\u00a0 PER ANDROID di Nicola Vettorello<\/em><\/strong><\/p>\n<p><strong><span style=\"color: #0000ff;\"><a style=\"color: #0000ff;\" href=\"https:\/\/play.google.com\/store\/apps\/details?id=net.radiopiu.iniko\" target=\"_blank\" rel=\"noopener noreferrer\">https:\/\/<\/a><a style=\"color: #0000ff;\" href=\"https:\/\/play.google.com\/store\/apps\/details?id=net.radiopiu.iniko\" target=\"_blank\" rel=\"noopener noreferrer\">play.google.com\/store\/apps\/details?id=net.radiopiu.iniko\u00a0\u00a0\u00a0\u00a0<\/a><\/span><\/strong><\/p>\n<p>&nbsp;<\/p>\n<p>&nbsp;<\/p>\n<p>&nbsp;<\/p>\n<hr \/>\n<p><span style=\"color: #0000ff;\">\u00a0<\/span><\/p>\n<p>&nbsp;<\/p>\n<p><span style=\"color: #0000ff;\"><strong><a class=\"dt-pswp-item\" href=\"https:\/\/www.radiopiu.net\/wordpress\/wp-content\/uploads\/2025\/04\/8cdcc876-acfc-431c-bcdd-a837e16bf4db.jpg\" data-dt-img-description=\"\" data-large_image_width=\"1224\" data-large_image_height=\"921\"><img loading=\"lazy\" decoding=\"async\" class=\" wp-image-442936 alignleft\" src=\"https:\/\/www.radiopiu.net\/wordpress\/wp-content\/uploads\/2025\/04\/8cdcc876-acfc-431c-bcdd-a837e16bf4db-300x226.jpg\" alt=\"\" width=\"158\" height=\"119\" srcset=\"https:\/\/www.radiopiu.net\/wordpress\/wp-content\/uploads\/2025\/04\/8cdcc876-acfc-431c-bcdd-a837e16bf4db-300x226.jpg 300w, https:\/\/www.radiopiu.net\/wordpress\/wp-content\/uploads\/2025\/04\/8cdcc876-acfc-431c-bcdd-a837e16bf4db-1024x771.jpg 1024w, https:\/\/www.radiopiu.net\/wordpress\/wp-content\/uploads\/2025\/04\/8cdcc876-acfc-431c-bcdd-a837e16bf4db-768x578.jpg 768w, https:\/\/www.radiopiu.net\/wordpress\/wp-content\/uploads\/2025\/04\/8cdcc876-acfc-431c-bcdd-a837e16bf4db.jpg 1224w\" sizes=\"auto, (max-width: 158px) 100vw, 158px\" \/><\/a>OGGI <\/strong>\u00a0<\/span>\u00a0 <strong>\u00a009.00<\/strong>\u00a0 LA MUSICA COUNTRY DA 42 ANNI ALLA RADIO, CON ALEX NASCINMBEN\u00a0 <strong>10.10<\/strong> SPECIALE SKI AREA SAN PELLEGRINO, OSPITE MIRCO TANCON <strong>10.30<\/strong>\u00a0 \u00a0SPI CGIL BELLUNO, QUINDICINALE APPUNTAMENTO CON MARIA RITA GENTILIN <strong>\u00a011.00\u00a0<\/strong>\u00a0 ELIA CASAGRANDE CON ARCADE SHOW\u00a0<span class=\"transfer_display_name\">\u00a0<strong>12.30<\/strong> IL GIORNALE RADIO EDIZIONE PRINCIPALE\u00a0 \u00a0<strong>13.20<\/strong>\u00a0 COLLAGE, CON LORIS SCUSSEL DAL MARTEDI ALLA DOMENICA ALLE <strong>15.10<\/strong> TIME FOR ME, OSPITE GIANNIANTONIO CASSISI <\/span><strong>16<\/strong><b>.45\u00a0<\/b> LE CLASSIFICHE, LA STORIA DELLA MUSICA, DI MIRCO BENCIVENNI (foto) 19.00 le anticipazioni del TG di Antenna 3 (Canale 10 digitale terrestre) di Tiziana Bolognani<\/p>\n<p>&nbsp;<\/p>\n<p>&nbsp;<\/p>\n<hr \/>\n<p>&nbsp;<\/p>\n<p>&nbsp;<\/p>\n<div class=\"x11i5rnm xat24cr x1mh8g0r x1vvkbs xtlvy1s x126k92a\">\n<div dir=\"auto\">\n<div dir=\"auto\">\n<p><strong><a class=\"dt-pswp-item\" href=\"https:\/\/www.radiopiu.net\/wordpress\/wp-content\/uploads\/2024\/02\/2d44e751-d8a8-461b-8e22-d8e4e853b032.jpg\" data-dt-img-description=\"\" data-large_image_width=\"1600\" data-large_image_height=\"1200\"><img loading=\"lazy\" decoding=\"async\" class=\"wp-image-373307 alignleft\" src=\"https:\/\/www.radiopiu.net\/wordpress\/wp-content\/uploads\/2024\/02\/2d44e751-d8a8-461b-8e22-d8e4e853b032-300x225.jpg\" alt=\"\" width=\"105\" height=\"79\" srcset=\"https:\/\/www.radiopiu.net\/wordpress\/wp-content\/uploads\/2024\/02\/2d44e751-d8a8-461b-8e22-d8e4e853b032-300x225.jpg 300w, https:\/\/www.radiopiu.net\/wordpress\/wp-content\/uploads\/2024\/02\/2d44e751-d8a8-461b-8e22-d8e4e853b032-1024x768.jpg 1024w, https:\/\/www.radiopiu.net\/wordpress\/wp-content\/uploads\/2024\/02\/2d44e751-d8a8-461b-8e22-d8e4e853b032-768x576.jpg 768w, https:\/\/www.radiopiu.net\/wordpress\/wp-content\/uploads\/2024\/02\/2d44e751-d8a8-461b-8e22-d8e4e853b032-1536x1152.jpg 1536w, https:\/\/www.radiopiu.net\/wordpress\/wp-content\/uploads\/2024\/02\/2d44e751-d8a8-461b-8e22-d8e4e853b032.jpg 1600w\" sizes=\"auto, (max-width: 105px) 100vw, 105px\" \/><\/a>EL BAL DEL FIOR, DI GIULIANA DA RONCH, 03 APRILE<\/strong><strong> 2025<\/strong><\/p>\n<\/div>\n<p>&nbsp;<\/p>\n<div dir=\"auto\">\n<audio class=\"wp-audio-shortcode\" id=\"audio-442767-1\" preload=\"none\" style=\"width: 100%;\" controls=\"controls\"><source type=\"audio\/mpeg\" src=\"https:\/\/www.radiopiu.net\/wordpress\/wp-content\/uploads\/2025\/03\/GGI-4.mp3?_=1\" \/><a href=\"https:\/\/www.radiopiu.net\/wordpress\/wp-content\/uploads\/2025\/03\/GGI-4.mp3\">https:\/\/www.radiopiu.net\/wordpress\/wp-content\/uploads\/2025\/03\/GGI-4.mp3<\/a><\/audio>\n<p>&nbsp;<\/p>\n<hr \/>\n<p>&nbsp;<\/p>\n<p>&nbsp;<\/p>\n<\/div>\n<\/div>\n<\/div>\n<div class=\"x11i5rnm xat24cr x1mh8g0r x1vvkbs xtlvy1s x126k92a\">\n<blockquote>\n<h1><strong><a class=\"dt-pswp-item\" href=\"https:\/\/www.radiopiu.net\/wordpress\/wp-content\/uploads\/2024\/10\/629301fd-708d-4f53-95c2-d28cbefd500f.jpg\" data-dt-img-description=\"\" data-large_image_width=\"1600\" data-large_image_height=\"1322\"><img loading=\"lazy\" decoding=\"async\" class=\"wp-image-413782 alignright\" src=\"https:\/\/www.radiopiu.net\/wordpress\/wp-content\/uploads\/2024\/10\/629301fd-708d-4f53-95c2-d28cbefd500f-300x248.jpg\" alt=\"\" width=\"106\" height=\"88\" srcset=\"https:\/\/www.radiopiu.net\/wordpress\/wp-content\/uploads\/2024\/10\/629301fd-708d-4f53-95c2-d28cbefd500f-300x248.jpg 300w, https:\/\/www.radiopiu.net\/wordpress\/wp-content\/uploads\/2024\/10\/629301fd-708d-4f53-95c2-d28cbefd500f-1024x846.jpg 1024w, https:\/\/www.radiopiu.net\/wordpress\/wp-content\/uploads\/2024\/10\/629301fd-708d-4f53-95c2-d28cbefd500f-768x635.jpg 768w, https:\/\/www.radiopiu.net\/wordpress\/wp-content\/uploads\/2024\/10\/629301fd-708d-4f53-95c2-d28cbefd500f-1536x1269.jpg 1536w, https:\/\/www.radiopiu.net\/wordpress\/wp-content\/uploads\/2024\/10\/629301fd-708d-4f53-95c2-d28cbefd500f.jpg 1600w\" sizes=\"auto, (max-width: 106px) 100vw, 106px\" \/><\/a><\/strong><\/h1>\n<h1><strong><a class=\"dt-pswp-item\" href=\"https:\/\/www.radiopiu.net\/wordpress\/wp-content\/uploads\/2024\/11\/th-18.jpg\" data-dt-img-description=\"\" data-large_image_width=\"156\" data-large_image_height=\"180\"><img loading=\"lazy\" decoding=\"async\" class=\"size-full wp-image-421611 alignleft\" src=\"https:\/\/www.radiopiu.net\/wordpress\/wp-content\/uploads\/2024\/11\/th-18.jpg\" alt=\"\" width=\"156\" height=\"180\" \/><\/a><\/strong><\/h1>\n<h1><strong>N di parom &#8211; L Almanach de la nosta jent<\/strong><\/h1>\n<\/blockquote>\n<p>&nbsp;<\/p>\n<p>Le voci: Davide Conedera, Agordo, Michela Dell&#8217;Osbel, La Valle Agordina Simone Ganz, Falcade Veronica Lezuo, Colle Santa Lucia. La voce nella sigla \u00e8 di Giorgia Taio<\/p>\n<p><strong>LA PUNTATA DI OGGI, 03 APRILE 2025<\/strong><\/p>\n<audio class=\"wp-audio-shortcode\" id=\"audio-442767-2\" preload=\"none\" style=\"width: 100%;\" controls=\"controls\"><source type=\"audio\/mpeg\" src=\"https:\/\/www.radiopiu.net\/wordpress\/wp-content\/uploads\/2025\/03\/AL4-4.mp3?_=2\" \/><a href=\"https:\/\/www.radiopiu.net\/wordpress\/wp-content\/uploads\/2025\/03\/AL4-4.mp3\">https:\/\/www.radiopiu.net\/wordpress\/wp-content\/uploads\/2025\/03\/AL4-4.mp3<\/a><\/audio>\n<p>&nbsp;<\/p>\n<p>&nbsp;<\/p>\n<p>&nbsp;<\/p>\n<\/div>\n<div class=\"x11i5rnm xat24cr x1mh8g0r x1vvkbs xtlvy1s x126k92a\">\n<div dir=\"auto\">\n<hr \/>\n<\/div>\n<\/div>\n<blockquote>\n<blockquote>\n<h1><span style=\"color: #ff0000;\">\u00a0<\/span><\/h1>\n<h1><span style=\"color: #ff0000;\">I podcast informativi del mattino &#8211; audio &#8211;\u00a0\u00a0<\/span><\/h1>\n<\/blockquote>\n<p><strong><a class=\"dt-pswp-item\" href=\"https:\/\/www.radiopiu.net\/wordpress\/wp-content\/uploads\/2024\/11\/6.jpg\" data-dt-img-description=\"\" data-large_image_width=\"177\" data-large_image_height=\"180\"><img loading=\"lazy\" decoding=\"async\" class=\"size-full wp-image-417911 alignleft\" src=\"https:\/\/www.radiopiu.net\/wordpress\/wp-content\/uploads\/2024\/11\/6.jpg\" alt=\"\" width=\"177\" height=\"180\" \/><\/a>LA RASSEGNA STAMPA NAZIONALE ALLA RADIO, OGNI GIORNO ALLE 5 E ALLE 6 DEL MATTINO <span style=\"color: #0000ff;\">viene pubblicata alle 6.00 <span style=\"color: #ff0000;\">DIRETTA RADIO\u00a0 \u00a0\u00a0<\/span><\/span><\/strong><\/p><\/blockquote>\n<p>&nbsp;<\/p>\n<p><strong>NOTIZIE DELLA NOTTE<\/strong><\/p>\n<p><strong>Giappone:<\/strong> dazi Usa deplorevoli e possibile violazione norme Wto <strong>Cina chiede a Usa<\/strong> di annullare subito i dazi e dialogare <strong>Netanyahu<\/strong> arrivato in Ungheria, nonostante il mandato della Cpi <strong>La Borsa di Hong Kong<\/strong> perde oltre il 2% con i dazi di Trump <strong>Tokyo<\/strong> perde oltre il 3%, lo yen sale dell&#8217;1% sul dollaro <strong>Record dell&#8217;oro<\/strong>, a 3.157 dollari dopo i dazi di Trump <strong>L&#8217;indice blue-chip<\/strong> australiano perde quasi il 2% con dazi Trump <strong>Canada:<\/strong> dazi di Trump &#8216;cambiano radicalmente commercio mondiale&#8217;<\/p>\n<h1>AUDIO dalle 6 del mattino<\/h1>\n<audio class=\"wp-audio-shortcode\" id=\"audio-442767-3\" preload=\"none\" style=\"width: 100%;\" controls=\"controls\"><source type=\"audio\/mpeg\" src=\"https:\/\/www.radiopiu.net\/wordpress\/wp-content\/uploads\/2025\/04\/GIORNALEDELLESEI-1.mp3?_=3\" \/><a href=\"https:\/\/www.radiopiu.net\/wordpress\/wp-content\/uploads\/2025\/04\/GIORNALEDELLESEI-1.mp3\">https:\/\/www.radiopiu.net\/wordpress\/wp-content\/uploads\/2025\/04\/GIORNALEDELLESEI-1.mp3<\/a><\/audio>\n<p>&nbsp;<\/p>\n<p>&nbsp;<\/p>\n<hr \/>\n<p>&nbsp;<\/p>\n<h1 style=\"text-align: center;\"><span style=\"color: #ff0000;\"><a class=\"dt-pswp-item\" href=\"https:\/\/www.radiopiu.net\/wordpress\/wp-content\/uploads\/2024\/11\/7.jpg\" data-dt-img-description=\"\" data-large_image_width=\"180\" data-large_image_height=\"180\"><img loading=\"lazy\" decoding=\"async\" class=\"size-full wp-image-417912 alignleft\" src=\"https:\/\/www.radiopiu.net\/wordpress\/wp-content\/uploads\/2024\/11\/7.jpg\" alt=\"\" width=\"180\" height=\"180\" srcset=\"https:\/\/www.radiopiu.net\/wordpress\/wp-content\/uploads\/2024\/11\/7.jpg 180w, https:\/\/www.radiopiu.net\/wordpress\/wp-content\/uploads\/2024\/11\/7-150x150.jpg 150w\" sizes=\"auto, (max-width: 180px) 100vw, 180px\" \/><\/a>I podcast informativi del mattino &#8211; audio &#8211;\u00a0<\/span><\/h1>\n<p><strong>OGNI GIORNO ALLE SETTE DEL MATTINO, LA RASSEGNA STAMPA LOCALE FLASH&#8230; PER CHI VA IN FRETTA. I TITOLI DAI GIORNALI E DAL SITO WWW.RADIOPIU.NET <span style=\"color: #0000ff;\">viene pubblicato alle 7.00<\/span> <span style=\"color: #ff0000;\">DIRETTA RADIO\u00a0<\/span><\/strong><\/p>\n<p><em><span style=\"color: #ff0000;\">per chi va in fretta&#8230; tante notizie in pochi minuti. L&#8217;informazione locale alla radio, ogni ora dalle 7 del mattino alle 19 della sera.\u00a0\u00a0<\/span><\/em><\/p>\n<p><strong>SEDICO<\/strong> a Bribano un uomo di 59 anni, residente a Limana, \u00e8 rimasto coinvolto in un incidente tra una moto e un&#8217;auto. L&#8217;uomo, in condizioni di media gravit\u00e0, \u00e8 stato trasportato in ambulanza all&#8217;ospedale di Belluno.<br \/>\n<strong>CORTINA<\/strong> sulle piste del Col Drusci\u00e9, una sciatrice giapponese di 28 anni \u00e8 caduta rovinosamente. L\u2019intervento dell\u2019elicottero \u00e8 stato tempestivo, con il trasporto della ferita all\u2019ospedale di Belluno per le cure necessarie.<br \/>\n<strong>BELLUNO<\/strong> investita a Belluno: una donna di 62 anni \u00e8 stata portata all\u2019ospedale di Belluno con ferite di media gravit\u00e0.<br \/>\n<strong>SELVA DI CADORE<\/strong> Intervento rapido ed efficace da parte dei Vigili del Fuoco di Agordo e dei Vigili del Fuoco volontari di Selva di Cadore, chiamati a operare nella tarda mattinata di ieri per un incendio camino in via L\u2019Andria. Dopo aver circoscritto le fiamme, i Vigili del Fuoco hanno proceduto con le operazioni di spegnimento, bonifica e messa in sicurezza della struttura.<br \/>\n<strong>BORCA DI CADORE<\/strong> quattro uomini hanno vandalizzato la Colonia dell\u2019ex Villaggio Eni a Borca di Cadore, distruggendo un centinaio di finestre, mobili e imbrattando i muri. Nessun furto, solo danni ingenti a un bene culturale vincolato. Identificati grazie alle telecamere, i responsabili rischiano gravi conseguenze legali.<strong>\u00a0<\/strong><\/p>\n<p><strong data-start=\"0\" data-end=\"62\">Notizie locali dal Bellunese: tra cronaca, eventi e novit\u00e0<\/strong><\/p>\n<div class=\"flex flex-1 grow basis-auto flex-col overflow-hidden\">\n<div class=\"relative h-full\">\n<div class=\"flex h-full flex-col overflow-y-auto [scrollbar-gutter:stable]\">\n<div class=\"mt-1.5 flex flex-col text-sm @thread-xl\/thread:pt-header-height md:pb-9\">\n<article class=\"group\/turn w-full text-token-text-primary focus-visible:outline-none\" dir=\"auto\" tabindex=\"-1\" data-testid=\"conversation-turn-2\" data-scroll-anchor=\"true\">\n<div class=\"text-base my-auto mx-auto py-5 px-6\">\n<div class=\"mx-auto flex flex-1 text-base gap-4 md:gap-5 lg:gap-6 md:max-w-3xl\">\n<div class=\"group\/conversation-turn relative flex w-full min-w-0 flex-col agent-turn @xs\/thread:px-0 @sm\/thread:px-1.5 @md\/thread:px-4\">\n<div class=\"relative flex-col gap-1 md:gap-3\">\n<div class=\"flex max-w-full flex-col flex-grow\">\n<div class=\"min-h-8 text-message relative flex w-full flex-col items-end gap-2 whitespace-normal break-words text-start [.text-message+&amp;]:mt-5\" dir=\"auto\" data-message-author-role=\"assistant\" data-message-id=\"bff05fc0-dc7c-4ab7-9b20-d3eec753127b\" data-message-model-slug=\"gpt-4o-mini\">\n<div class=\"flex w-full flex-col gap-1 empty:hidden first:pt-[3px]\">\n<div class=\"markdown prose w-full break-words dark:prose-invert dark\">\n<p class=\"\" data-start=\"64\" data-end=\"329\">Radio Pi\u00f9 offre una panoramica sui principali eventi e notizie in provincia di Belluno, accompagnata dalla programmazione radiofonica. Tra le principali notizie<\/p>\n<\/div>\n<\/div>\n<\/div>\n<\/div>\n<\/div>\n<\/div>\n<\/div>\n<\/div>\n<\/article>\n<\/div>\n<\/div>\n<\/div>\n<\/div>\n<h1>AUDIO dalle 7 del mattino<\/h1>\n<audio class=\"wp-audio-shortcode\" id=\"audio-442767-4\" preload=\"none\" style=\"width: 100%;\" controls=\"controls\"><source type=\"audio\/mpeg\" src=\"https:\/\/www.radiopiu.net\/wordpress\/wp-content\/uploads\/2025\/04\/GF07-2.mp3?_=4\" \/><a href=\"https:\/\/www.radiopiu.net\/wordpress\/wp-content\/uploads\/2025\/04\/GF07-2.mp3\">https:\/\/www.radiopiu.net\/wordpress\/wp-content\/uploads\/2025\/04\/GF07-2.mp3<\/a><\/audio>\n<p>&nbsp;<\/p>\n<p>&nbsp;<\/p>\n<hr \/>\n<p>&nbsp;<\/p>\n<h1><\/h1>\n<h1 style=\"text-align: center;\"><span style=\"color: #ff0000;\"><a class=\"dt-pswp-item\" href=\"https:\/\/www.radiopiu.net\/wordpress\/wp-content\/uploads\/2024\/11\/th.jpg\" data-dt-img-description=\"\" data-large_image_width=\"148\" data-large_image_height=\"179\"><img loading=\"lazy\" decoding=\"async\" class=\"size-full wp-image-417913 alignleft\" src=\"https:\/\/www.radiopiu.net\/wordpress\/wp-content\/uploads\/2024\/11\/th.jpg\" alt=\"\" width=\"148\" height=\"179\" \/><\/a>I podcast informativi del mattino &#8211; audio &#8211;\u00a0<\/span><\/h1>\n<blockquote><p><strong>GIORNALE RADIO NAZIONALE, EDIZIONE DELLE SETTE <span style=\"color: #0000ff;\">viene pubblicato alle 7.05 <span style=\"color: #ff0000;\">DIRETTA RADIO\u00a0<\/span><\/span><\/strong><\/p><\/blockquote>\n<p><strong>il giornale radionazionale e&#8217; in onda ogni ora, dalle sette del mattino alle venti della sera\u00a0<\/strong><\/p>\n<p>&nbsp;<\/p>\n<p><strong><a class=\"dt-pswp-item\" href=\"https:\/\/www.radiopiu.net\/wordpress\/wp-content\/uploads\/2025\/02\/download-7.jpg\" data-dt-img-description=\"\" data-large_image_width=\"211\" data-large_image_height=\"239\"><img loading=\"lazy\" decoding=\"async\" class=\" wp-image-435553 alignleft\" src=\"https:\/\/www.radiopiu.net\/wordpress\/wp-content\/uploads\/2025\/02\/download-7.jpg\" alt=\"\" width=\"149\" height=\"169\" \/><\/a>TORINO<\/strong> Prima di morire 80enne denuncia i maltrattamenti del marito A Torino, l&#8217;anziana ha preferito stare in ospedale <strong>VERONA<\/strong> Incidente sul lavoro Incendio in un&#8217;azienda nel Veronese, operaio muore folgorato <strong>TORINO<\/strong> Ultraleggero precipitato era partito da Torino Precipita ultraleggero, trovate due persone morte <strong>MILANO<\/strong> Maxi blitz della polizia a Milano contro le rapine in strada Scoperta una centrale della ricettazione, 50 provvedimenti emessi, anche a carico di minorenni <strong>SIENA<\/strong> Giovane condannato a 9 anni per violenza sessuale di gruppo, il pm aveva chiesto 6 anni Per la stessa vicenda \u00e8 gi\u00e0 stato condannato in primo grado il calciatore della Reggiana Manolo Portanova e suo zio <strong>GARLASCO<\/strong> I consulenti dei pm: &#8216;Il dna di Sempio sulle unghie di Chiara Poggi&#8217; La relazione alla base della riapertura delle indagini su Garlasco <strong>MESSINA<\/strong> Ha confessato il killer di Sara Campanella: &#8216;Non ha spiegato cosa lo ha spinto ad aggredire la ragazza&#8217;<\/p>\n<p>&nbsp;<\/p>\n<p><strong><a class=\"dt-pswp-item\" href=\"https:\/\/www.radiopiu.net\/wordpress\/wp-content\/uploads\/2025\/02\/download-3.jpg\" data-dt-img-description=\"\" data-large_image_width=\"223\" data-large_image_height=\"226\"><img loading=\"lazy\" decoding=\"async\" class=\" wp-image-434732 alignleft\" src=\"https:\/\/www.radiopiu.net\/wordpress\/wp-content\/uploads\/2025\/02\/download-3.jpg\" alt=\"\" width=\"210\" height=\"213\" \/><\/a>VICENZA<\/strong> Titolare oreficeria spara e mette in fuga rapinatori, precedenti in passato nella stessa zona <strong>VERONA<\/strong> Operaio morto folgorato in azienda nel veronese Dopo l&#8217;incidente e&#8217; divampato un incendio <strong>VICENZA<\/strong> Identificati presunti vandali scuola del VicentinoSono una decina di studenti fra i 14 e i 17 anni <strong>VICENZA<\/strong> Finisce con furgone in fossa termovalorizzatore, ferito autista\u00a0 <strong>VENEZIA<\/strong> In 60mila per Amerigo Vespucci e Villaggio IN Italia &#8216;Emozione&#8217; la parola pi\u00f9 usata sui social dai visitatori <strong>VERONA<\/strong> Tenta di strangolare la moglie, arrestato 77enne.\u00a0 Vittima rianimata, \u00e8 in gravi condizioni in ospedale <strong>PADOVA<\/strong> Controlli della polizia, 4 arresti In manette anche un 16enne per spaccio di droga <strong>PADOVA<\/strong> Uccisa e gettata dal ponte, il pm chiude le indagini sull&#8217;ex compagno Contestato l&#8217;omicidio premeditato e aggravato di Giada Zanola <strong>VERONA<\/strong> Vino: 10,5 mln fatturato primi 9 mesi gruppo Marilisa Allegrini Export incide per il 70% dei ricavi<\/p>\n<h1><span style=\"color: #ff0000;\"><span style=\"color: #0000ff;\">ULTIM&#8217;ORA<\/span> <span style=\"color: #000000;\">AUDIO dalle sette del mattino, ogni ora alla radio EDIZIONE DELLE SETTE<\/span><\/span><\/h1>\n<audio class=\"wp-audio-shortcode\" id=\"audio-442767-5\" preload=\"none\" style=\"width: 100%;\" controls=\"controls\"><source type=\"audio\/mpeg\" src=\"https:\/\/www.radiopiu.net\/wordpress\/wp-content\/uploads\/2025\/04\/giornale07-2.mp3?_=5\" \/><a href=\"https:\/\/www.radiopiu.net\/wordpress\/wp-content\/uploads\/2025\/04\/giornale07-2.mp3\">https:\/\/www.radiopiu.net\/wordpress\/wp-content\/uploads\/2025\/04\/giornale07-2.mp3<\/a><\/audio>\n<p>&nbsp;<\/p>\n<p>&nbsp;<\/p>\n<hr \/>\n<p>&nbsp;<\/p>\n<p>&nbsp;<\/p>\n<h1><span style=\"color: #ff0000;\"><a class=\"dt-pswp-item\" href=\"https:\/\/www.radiopiu.net\/wordpress\/wp-content\/uploads\/2024\/11\/8.jpg\" data-dt-img-description=\"\" data-large_image_width=\"180\" data-large_image_height=\"180\"><img loading=\"lazy\" decoding=\"async\" class=\"size-full wp-image-417910 alignleft\" src=\"https:\/\/www.radiopiu.net\/wordpress\/wp-content\/uploads\/2024\/11\/8.jpg\" alt=\"\" width=\"180\" height=\"180\" srcset=\"https:\/\/www.radiopiu.net\/wordpress\/wp-content\/uploads\/2024\/11\/8.jpg 180w, https:\/\/www.radiopiu.net\/wordpress\/wp-content\/uploads\/2024\/11\/8-150x150.jpg 150w\" sizes=\"auto, (max-width: 180px) 100vw, 180px\" \/><\/a>I podcast informativi del mattino &#8211; video &#8211;\u00a0<\/span><\/h1>\n<h2 style=\"text-align: left;\"><strong>RASSEGNA STAMPA LOCALE, ORE OTTO<\/strong><\/h2>\n<h2><strong> <span style=\"color: #0000ff;\">viene\u00a0 <\/span><\/strong><strong><span style=\"color: #0000ff;\">pubblicata alle 8.05 <span style=\"color: #ff0000;\">DIRETTA RADIO\u00a0 \u00a0<\/span><\/span><\/strong><strong>DI MIRKO MEZZACASA<\/strong><\/h2>\n<h2><span style=\"color: #ff0000;\"><strong>\u00a0\u00a0<\/strong><\/span><\/h2>\n<p><strong>AGORDO<\/strong> EssilorLuxottica continua a crescere e a creare valore per i suoi azionisti. Nel 2025, grazie al piano SuperBoost 2025 e al PEE in Francia, il numero di azionisti interni \u00e8 salito a 97.000 in 85 paesi, rispetto agli 83.500 del 2024.<\/p>\n<p><strong> MALTRATT\u00d2 IL CAGNOLINO, PATTEGGIA QUATTRO MESI<br \/>\nTAMPONI COVID A CASA: FARMACISTA ASSOLTA<br \/>\nLONGARONE: PROCESSO PER MALTRATTAMENTI, LA VITTIMA RITIRA LA QUERELA<br \/>\nNUOVE ALFA ROMEO STELVIO PER LA POLIZIA STRADALE: PRESENTAZIONE UFFICIALE A BOLZANO<br \/>\nAREA EX AGIP: PARLANO I CONSIGLIERI LA GRUA E FERRO<br \/>\nTORNA LA SAGRA DEI FISCIOT A BELLUNO<br \/>\nARNOLDO PAULETTI ALLA GUIDA DELL&#8217;AUSER PROVINCIALE<br \/>\n<\/strong><\/p>\n<h1><span style=\"color: #ff0000;\"><strong>VIDEO\u00a0 \u00a0in diretta AGGIORNAMENTO\u00a0 dalle 8 del mattino\u00a0\u00a0<\/strong><\/span><\/h1>\n\n\t\t\t<style type='text\/css'>\n\t\t\t\t#gallery-1 {\n\t\t\t\t\tmargin: auto;\n\t\t\t\t}\n\t\t\t\t#gallery-1 .gallery-item {\n\t\t\t\t\tfloat: left;\n\t\t\t\t\tmargin-top: 10px;\n\t\t\t\t\ttext-align: center;\n\t\t\t\t\twidth: 33%;\n\t\t\t\t}\n\t\t\t\t#gallery-1 img {\n\t\t\t\t\tborder: 2px solid #cfcfcf;\n\t\t\t\t}\n\t\t\t\t#gallery-1 .gallery-caption {\n\t\t\t\t\tmargin-left: 0;\n\t\t\t\t}\n\t\t\t\t\/* see gallery_shortcode() in wp-includes\/media.php *\/\n\t\t\t<\/style>\n\t\t<div id='gallery-1' class='dt-gallery-container gallery galleryid-442767 gallery-columns-3 gallery-size-thumbnail'><dl class='gallery-item'>\n\t\t\t\t<dt class='gallery-icon landscape'>\n\t\t\t\t\t<a class=\"rollover rollover-zoom dt-pswp-item\" title=\"Senza nome\" data-dt-img-description=\"\" data-large_image_width=\"521\" data-large_image_height=\"265\"href='https:\/\/www.radiopiu.net\/wordpress\/wp-content\/uploads\/2025\/04\/Senza-nome-9.png'><img loading=\"lazy\" decoding=\"async\" width=\"150\" height=\"150\" src=\"https:\/\/www.radiopiu.net\/wordpress\/wp-content\/uploads\/2025\/04\/Senza-nome-9-150x150.png\" class=\"attachment-thumbnail size-thumbnail\" alt=\"\" \/><\/a>\n\t\t\t\t<\/dt><\/dl><dl class='gallery-item'>\n\t\t\t\t<dt class='gallery-icon landscape'>\n\t\t\t\t\t<a class=\"rollover rollover-zoom dt-pswp-item\" title=\"Senza nome\" data-dt-img-description=\"\" data-large_image_width=\"396\" data-large_image_height=\"204\"href='https:\/\/www.radiopiu.net\/wordpress\/wp-content\/uploads\/2025\/04\/Senza-nome-10.png'><img loading=\"lazy\" decoding=\"async\" width=\"150\" height=\"150\" src=\"https:\/\/www.radiopiu.net\/wordpress\/wp-content\/uploads\/2025\/04\/Senza-nome-10-150x150.png\" class=\"attachment-thumbnail size-thumbnail\" alt=\"\" \/><\/a>\n\t\t\t\t<\/dt><\/dl><dl class='gallery-item'>\n\t\t\t\t<dt class='gallery-icon landscape'>\n\t\t\t\t\t<a class=\"rollover rollover-zoom dt-pswp-item\" title=\"Senza nome\" data-dt-img-description=\"\" data-large_image_width=\"320\" data-large_image_height=\"151\"href='https:\/\/www.radiopiu.net\/wordpress\/wp-content\/uploads\/2025\/04\/Senza-nome-8.png'><img loading=\"lazy\" decoding=\"async\" width=\"150\" height=\"150\" src=\"https:\/\/www.radiopiu.net\/wordpress\/wp-content\/uploads\/2025\/04\/Senza-nome-8-150x150.png\" class=\"attachment-thumbnail size-thumbnail\" alt=\"\" \/><\/a>\n\t\t\t\t<\/dt><\/dl><br style=\"clear: both\" \/>\n\t\t\t<\/div>\n\n<p><iframe loading=\"lazy\" title=\"DAL 1983 LA RASSEGNA STAMPA LOCALE di mirko mezzacasa. L&#039;ORIGINALE\" width=\"1200\" height=\"675\" src=\"https:\/\/www.youtube.com\/embed\/JrnvNW-pT00?feature=oembed\" frameborder=\"0\" allow=\"accelerometer; autoplay; clipboard-write; encrypted-media; gyroscope; picture-in-picture; web-share\" referrerpolicy=\"strict-origin-when-cross-origin\" allowfullscreen><\/iframe><\/p>\n<p>&nbsp;<\/p>\n<hr \/>\n<p>&nbsp;<\/p>\n<p>&nbsp;<\/p>\n<p>&nbsp;<\/p>\n<p><strong><a class=\"dt-pswp-item\" href=\"https:\/\/www.radiopiu.net\/wordpress\/wp-content\/uploads\/2023\/12\/ANTENNA.png\" data-dt-img-description=\"\" data-large_image_width=\"300\" data-large_image_height=\"166\"><img loading=\"lazy\" decoding=\"async\" class=\"wp-image-366306 alignright\" src=\"https:\/\/www.radiopiu.net\/wordpress\/wp-content\/uploads\/2023\/12\/ANTENNA.png\" alt=\"\" width=\"101\" height=\"56\" \/><\/a><a class=\"dt-pswp-item\" href=\"https:\/\/www.radiopiu.net\/wordpress\/wp-content\/uploads\/2024\/11\/th-17.jpg\" data-dt-img-description=\"\" data-large_image_width=\"224\" data-large_image_height=\"180\"><img loading=\"lazy\" decoding=\"async\" class=\" wp-image-421610 alignleft\" src=\"https:\/\/www.radiopiu.net\/wordpress\/wp-content\/uploads\/2024\/11\/th-17.jpg\" alt=\"\" width=\"167\" height=\"134\" \/><\/a>ogni sera alle 19 le anticipazioni alla radio, quello che poi seguirete nel TELEGIORNALE BELLUNESE\u00a0 in onda alle 19.30 sul CANALE 10 del digitale terrestre.\u00a0\u00a0<\/strong><\/p>\n<p><b>\u00a0\u00a0<\/b><\/p>\n<h1><span style=\"color: #ff0000;\"><strong>LE ANTICIPAZIONI DI TIZIANA BOLOGNANI<\/strong><\/span><\/h1>\n<audio class=\"wp-audio-shortcode\" id=\"audio-442767-6\" preload=\"none\" style=\"width: 100%;\" controls=\"controls\"><source type=\"audio\/mpeg\" src=\"https:\/\/www.radiopiu.net\/wordpress\/wp-content\/uploads\/2025\/04\/ANTENNA3-1.mp3?_=6\" \/><a href=\"https:\/\/www.radiopiu.net\/wordpress\/wp-content\/uploads\/2025\/04\/ANTENNA3-1.mp3\">https:\/\/www.radiopiu.net\/wordpress\/wp-content\/uploads\/2025\/04\/ANTENNA3-1.mp3<\/a><\/audio>\n<p>&nbsp;<\/p>\n<hr \/>\n<p>&nbsp;<\/p>\n<blockquote>\n<h3 class=\"entry-title\">CHIUSURA REGIONALE 203 AGORDINA, BIVIO ROVEI<\/h3>\n<\/blockquote>\n<p><strong>COLLE SANTA LUCIA <\/strong>Fino al 30 aprile dalle 8 alle 17.30 escluso sabato domenica e festivi, chiusura della regionale 203 agordina nel tratto bivio Rovei, bivio Rucav\u00e0. Interdizione totale per lavori di mitigazione del rischio caduta massi.<\/p>\n<p>&nbsp;<\/p>\n<p>&nbsp;<\/p>\n<hr \/>\n<p>&nbsp;<\/p>\n<blockquote>\n<h3 class=\"photoswipe-wrapper\"><a class=\"dt-pswp-item pspw-wrap-ready\" href=\"https:\/\/www.radiopiu.net\/wordpress\/wp-content\/uploads\/2024\/12\/Logo_SibPAYOFF.jpg\" data-dt-img-description=\"\" data-large_image_width=\"1536\" data-large_image_height=\"391\"><img loading=\"lazy\" decoding=\"async\" class=\"wp-image-426474 alignleft\" src=\"https:\/\/www.radiopiu.net\/wordpress\/wp-content\/uploads\/2024\/12\/Logo_SibPAYOFF-300x76.jpg\" sizes=\"auto, (max-width: 162px) 100vw, 162px\" srcset=\"https:\/\/www.radiopiu.net\/wordpress\/wp-content\/uploads\/2024\/12\/Logo_SibPAYOFF-300x76.jpg 300w, https:\/\/www.radiopiu.net\/wordpress\/wp-content\/uploads\/2024\/12\/Logo_SibPAYOFF-1024x261.jpg 1024w, https:\/\/www.radiopiu.net\/wordpress\/wp-content\/uploads\/2024\/12\/Logo_SibPAYOFF-768x196.jpg 768w, https:\/\/www.radiopiu.net\/wordpress\/wp-content\/uploads\/2024\/12\/Logo_SibPAYOFF.jpg 1536w\" alt=\"\" width=\"162\" height=\"41\" \/><\/a>ACQUA NON POTABILE A ROCCA PIETORE, TORNA POTABILE A GOSALDO<\/h3>\n<\/blockquote>\n<p>A Rocca Pietore in localit\u00e0 Digonera l&#8217;acqua erogata dall&#8217;acquedotto non \u00e8 potabile e pu\u00f2 essere usata per scopi alimentari solo previa bollitura. Verr\u00e0 effettuato servizio sostitutivo con autobotte presso\u00a0 l&#8217;Albergo Digonera in localit\u00e0 Digonera.<\/p>\n<p>A Gosaldo nelle localit\u00e0 Curti, Incasal e Le Case l\u2019acqua erogata dall\u2019acquedotto \u00e8 di nuovo potabile<\/p>\n<p>&nbsp;<\/p>\n<blockquote>\n<h3>SERVIZI INTEGRATI BELLUNESI: LAVORI A SAN TOMASO<\/h3>\n<\/blockquote>\n<p>Servizi Integrati Bellunesi informa che, per lavori alla rete idrica comunale, dal 31 marzo al 04 aprile, dalle ore 08:00 alle ore 17:00, potrebbe mancare l&#8217;acqua a San Tomaso Agordino, nelle Localit\u00e0 Pecol e Piaia<\/p>\n<p>&nbsp;<\/p>\n<h3 class=\"\" data-start=\"0\" data-end=\"53\">PASSO SAN BOLDO CHIUSO PER LAVORI OGGI E DOMANI<\/h3>\n<p class=\"\" data-start=\"54\" data-end=\"426\">Il versante trevigiano del Passo San Boldo, in territorio di Cison di Valmarino, rester\u00e0 chiuso oggi e domani per il completamento delle operazioni di disgaggio della parete rocciosa. Il cantiere, gestito dalla ditta Piccole Dolomiti, impone il divieto di transito a veicoli e pedoni dalle 9 alle 18, per garantire la sicurezza durante la rimozione di materiale instabile.<\/p>\n<p>&nbsp;<\/p>\n<p>&nbsp;<\/p>\n<hr \/>\n<p>&nbsp;<\/p>\n<blockquote>\n<h3>LA GIORNATA DEL SUEM TRA INCIDENTI STRADALI E IN MONTAGNA<\/h3>\n<\/blockquote>\n<p><strong>REDAZIONE <\/strong>Una giornata intensa per il SUEM 118 dell\u2019Azienda ULSS n.1 Dolomiti, con numerosi interventi di emergenza tra incidenti stradali e soccorsi in montagna. Il primo allarme \u00e8 scattato alle 07:33 a Bribano di Sedico, dove un uomo di 59 anni, residente a Limana, \u00e8 rimasto coinvolto in un incidente tra una moto e un&#8217;auto. L&#8217;uomo, in condizioni di media gravit\u00e0, \u00e8 stato trasportato in ambulanza all&#8217;ospedale di Belluno.\u00a0 La montagna non ha risparmiato emergenze: alle 10:39, sulle piste del Col Drusci\u00e9, una sciatrice giapponese di 28 anni \u00e8 caduta rovinosamente. L\u2019intervento dell\u2019elicottero \u00e8 stato tempestivo, con il trasporto della ferita all\u2019ospedale di Belluno per le cure necessarie. Poco prima delle 17 il personale medico \u00e8 stato chiamato per una persona che \u00e8 stata investita a Belluno: una donna di 62 anni che \u00e8 stata portata all\u2019ospedale di Belluno con ferite di media gravit\u00e0<strong>.\u00a0<\/strong><\/p>\n<p>&nbsp;<\/p>\n<p>&nbsp;<\/p>\n<hr \/>\n<p>&nbsp;<\/p>\n<blockquote>\n<h3>INCENDIO AD UNA CANNA FUMARIA A SELVA DI CADORE<\/h3>\n<\/blockquote>\n<p><strong><a class=\"dt-pswp-item\" href=\"https:\/\/www.radiopiu.net\/wordpress\/wp-content\/uploads\/2025\/02\/VIGILI-FUOCO.jpeg\" data-dt-img-description=\"\" data-large_image_width=\"996\" data-large_image_height=\"634\"><img loading=\"lazy\" decoding=\"async\" class=\" wp-image-436114 alignleft\" src=\"https:\/\/www.radiopiu.net\/wordpress\/wp-content\/uploads\/2025\/02\/VIGILI-FUOCO-300x191.jpeg\" alt=\"\" width=\"185\" height=\"118\" srcset=\"https:\/\/www.radiopiu.net\/wordpress\/wp-content\/uploads\/2025\/02\/VIGILI-FUOCO-300x191.jpeg 300w, https:\/\/www.radiopiu.net\/wordpress\/wp-content\/uploads\/2025\/02\/VIGILI-FUOCO-768x489.jpeg 768w, https:\/\/www.radiopiu.net\/wordpress\/wp-content\/uploads\/2025\/02\/VIGILI-FUOCO.jpeg 996w\" sizes=\"auto, (max-width: 185px) 100vw, 185px\" \/><\/a>SELVA DI CADORE <\/strong>Intervento rapido ed efficace da parte dei Vigili del Fuoco di Agordo e dei Vigili del Fuoco volontari di Selva di Cadore, chiamati a operare nella tarda mattinata di ieri per un incendio camino in via L\u2019Andria. L\u2019allarme \u00e8 scattato intorno alle 11:40, quando \u00e8 stata segnalata la presenza di fiamme all\u2019interno di una canna fumaria. Le squadre dei VVF sono giunte tempestivamente sul posto, riuscendo a contenere l\u2019incendio ed evitando che si propagasse ad altre parti dell\u2019edificio. Dopo aver circoscritto le fiamme, i Vigili del Fuoco hanno proceduto con le operazioni di spegnimento, bonifica e messa in sicurezza della struttura, assicurandosi che non vi fossero ulteriori rischi di riaccensione. Fortunatamente, l\u2019incidente non ha causato danni a persone. L\u2019intervento si \u00e8 concluso intorno alle 14.<\/p>\n<p>&nbsp;<\/p>\n<hr \/>\n<p>&nbsp;<\/p>\n<blockquote>\n<h1 data-start=\"0\" data-end=\"71\"><strong data-start=\"0\" data-end=\"69\">San Pietro di Cadore: fallisce l\u2019assalto al bancomat, tre arresti<br \/>\n<\/strong><\/h1>\n<\/blockquote>\n<p><em>.Hanno 43, 38 e 37 anni, sono residenti in Germania, Austria e Kosovo e, nella loro fedina penale, ci sono diversi precedenti\u00a0 per reati contro il patrimonio ma non solo.<\/em><\/p>\n<p class=\"\" data-start=\"73\" data-end=\"291\"><a class=\"dt-pswp-item\" href=\"https:\/\/www.radiopiu.net\/wordpress\/wp-content\/uploads\/2025\/03\/CARABINIERI.jpg\" data-dt-img-description=\"\" data-large_image_width=\"1600\" data-large_image_height=\"1200\"><img loading=\"lazy\" decoding=\"async\" class=\"wp-image-439890 alignleft\" src=\"https:\/\/www.radiopiu.net\/wordpress\/wp-content\/uploads\/2025\/03\/CARABINIERI-300x225.jpg\" alt=\"\" width=\"127\" height=\"95\" srcset=\"https:\/\/www.radiopiu.net\/wordpress\/wp-content\/uploads\/2025\/03\/CARABINIERI-300x225.jpg 300w, https:\/\/www.radiopiu.net\/wordpress\/wp-content\/uploads\/2025\/03\/CARABINIERI-1024x768.jpg 1024w, https:\/\/www.radiopiu.net\/wordpress\/wp-content\/uploads\/2025\/03\/CARABINIERI-768x576.jpg 768w, https:\/\/www.radiopiu.net\/wordpress\/wp-content\/uploads\/2025\/03\/CARABINIERI-1536x1152.jpg 1536w, https:\/\/www.radiopiu.net\/wordpress\/wp-content\/uploads\/2025\/03\/CARABINIERI.jpg 1600w\" sizes=\"auto, (max-width: 127px) 100vw, 127px\" \/><\/a>Tentato furto aggravato alla Volksbank di San Pietro di Cadore: tre uomini di origine kosovara, con precedenti per reati contro il patrimonio, sono stati arrestati e restano in carcere per rischio di fuga e recidiva. La banda, residente tra Germania, Austria e Kosovo, ha cercato di forzare l\u2019Atm con attrezzi da scasso, ma l\u2019allarme li ha costretti alla fuga senza bottino. Fermati dai carabinieri a Udine, avevano con s\u00e9 strumenti per lo scasso, ricetrasmittenti, un coltello e 3.000 euro in contanti. Il processo si terr\u00e0 a Belluno.<\/p>\n<p>&nbsp;<\/p>\n<hr \/>\n<p>&nbsp;<\/p>\n<blockquote>\n<h3>ATTO VANDALICO A BORCA DI CADORE<\/h3>\n<\/blockquote>\n<h3><a class=\"dt-pswp-item\" href=\"https:\/\/www.radiopiu.net\/wordpress\/wp-content\/uploads\/2025\/04\/Senza-nome-7.png\" data-dt-img-description=\"\" data-large_image_width=\"551\" data-large_image_height=\"373\"><img loading=\"lazy\" decoding=\"async\" class=\"size-medium wp-image-442941 alignleft\" src=\"https:\/\/www.radiopiu.net\/wordpress\/wp-content\/uploads\/2025\/04\/Senza-nome-7-300x203.png\" alt=\"\" width=\"300\" height=\"203\" srcset=\"https:\/\/www.radiopiu.net\/wordpress\/wp-content\/uploads\/2025\/04\/Senza-nome-7-300x203.png 300w, https:\/\/www.radiopiu.net\/wordpress\/wp-content\/uploads\/2025\/04\/Senza-nome-7.png 551w\" sizes=\"auto, (max-width: 300px) 100vw, 300px\" \/><\/a><\/h3>\n<p class=\"\" data-start=\"89\" data-end=\"345\">Nella notte tra il 28 e il 29 marzo, quattro uomini hanno vandalizzato la Colonia dell\u2019ex Villaggio Eni a Borca di Cadore, distruggendo un centinaio di finestre, mobili e imbrattando i muri. Nessun furto, solo danni ingenti a un bene culturale vincolato. Identificati grazie alle telecamere, i responsabili rischiano gravi conseguenze legali. L\u2019imprenditore Gualtiero Cualbu, proprietario dell\u2019area, promette riparazioni e rafforzamento della sorveglianza, ribadendo l\u2019impegno nella valorizzazione del complesso in vista delle Olimpiadi.<br \/>\n<strong>DI BARBARA PAOLAZZI<\/strong><\/p>\n<audio class=\"wp-audio-shortcode\" id=\"audio-442767-7\" preload=\"none\" style=\"width: 100%;\" controls=\"controls\"><source type=\"audio\/mpeg\" src=\"https:\/\/www.radiopiu.net\/wordpress\/wp-content\/uploads\/2025\/04\/PAOLAZZI-ATTO-VANDALICO-A-BORCA-DI-CADORE.mp3?_=7\" \/><a href=\"https:\/\/www.radiopiu.net\/wordpress\/wp-content\/uploads\/2025\/04\/PAOLAZZI-ATTO-VANDALICO-A-BORCA-DI-CADORE.mp3\">https:\/\/www.radiopiu.net\/wordpress\/wp-content\/uploads\/2025\/04\/PAOLAZZI-ATTO-VANDALICO-A-BORCA-DI-CADORE.mp3<\/a><\/audio>\n<p>&nbsp;<\/p>\n<hr \/>\n<p>&nbsp;<\/p>\n<blockquote>\n<h3>ESSILORLUXOTTICA: CRESCITA RECORD E MAGGIORE COINVOLGIMENTO DEI DIPENDENTI<\/h3>\n<\/blockquote>\n<p><strong><a class=\"dt-pswp-item\" href=\"https:\/\/www.radiopiu.net\/wordpress\/wp-content\/uploads\/2024\/04\/essilorluxottica.png\" data-dt-img-description=\"\" data-large_image_width=\"400\" data-large_image_height=\"400\"><img loading=\"lazy\" decoding=\"async\" class=\" wp-image-386124 alignleft\" src=\"https:\/\/www.radiopiu.net\/wordpress\/wp-content\/uploads\/2024\/04\/essilorluxottica-300x300.png\" alt=\"\" width=\"159\" height=\"159\" srcset=\"https:\/\/www.radiopiu.net\/wordpress\/wp-content\/uploads\/2024\/04\/essilorluxottica-300x300.png 300w, https:\/\/www.radiopiu.net\/wordpress\/wp-content\/uploads\/2024\/04\/essilorluxottica-150x150.png 150w, https:\/\/www.radiopiu.net\/wordpress\/wp-content\/uploads\/2024\/04\/essilorluxottica.png 400w\" sizes=\"auto, (max-width: 159px) 100vw, 159px\" \/><\/a>PARIGI (FRANCIA) <\/strong>EssilorLuxottica continua a crescere e a creare valore per i suoi azionisti. Nel 2025, grazie al piano SuperBoost 2025 e al PEE in Francia, il numero di azionisti interni \u00e8 salito a 97.000 in 85 paesi, rispetto agli 83.500 del 2024. Il Gruppo ha introdotto una versione potenziata del piano di azionariato diffuso con tre nuove opzioni di investimento, ampliando le opportunit\u00e0 di partecipazione per i dipendenti. Questo ha portato a una raccolta record di oltre 190 milioni di euro, pi\u00f9 del doppio rispetto al passato. Anche il PEE ha raggiunto un nuovo traguardo, raccogliendo oltre 33 milioni di euro. La partecipazione all\u2019associazione Valoptec \u00e8 in crescita, con quasi 37.000 iscritti tra dipendenti ed ex dipendenti. I leader di EssilorLuxottica hanno sottolineato l\u2019importanza dell\u2019azionariato diffuso come pilastro della strategia aziendale, confermando l\u2019impegno a coinvolgere i dipendenti nella crescita del Gruppo e nel suo futuro di successo.<\/p>\n<p>&nbsp;<\/p>\n<p>&nbsp;<\/p>\n<hr \/>\n<p>&nbsp;<\/p>\n<blockquote>\n<h1 data-start=\"0\" data-end=\"62\"><strong data-start=\"0\" data-end=\"60\">Meteo: primavera in pausa, arriva il freddo dalla Russia<\/strong><\/h1>\n<\/blockquote>\n<p class=\"\" data-start=\"64\" data-end=\"346\"><a class=\"dt-pswp-item\" href=\"https:\/\/www.radiopiu.net\/wordpress\/wp-content\/uploads\/2022\/12\/emanuele-aloia-meteo-scaled.jpg\" data-dt-img-description=\"\" data-large_image_width=\"2560\" data-large_image_height=\"2560\"><img loading=\"lazy\" decoding=\"async\" class=\"wp-image-314351 alignleft\" src=\"https:\/\/www.radiopiu.net\/wordpress\/wp-content\/uploads\/2022\/12\/emanuele-aloia-meteo-300x300.jpg\" alt=\"\" width=\"178\" height=\"178\" srcset=\"https:\/\/www.radiopiu.net\/wordpress\/wp-content\/uploads\/2022\/12\/emanuele-aloia-meteo-300x300.jpg 300w, https:\/\/www.radiopiu.net\/wordpress\/wp-content\/uploads\/2022\/12\/emanuele-aloia-meteo-1024x1024.jpg 1024w, https:\/\/www.radiopiu.net\/wordpress\/wp-content\/uploads\/2022\/12\/emanuele-aloia-meteo-150x150.jpg 150w, https:\/\/www.radiopiu.net\/wordpress\/wp-content\/uploads\/2022\/12\/emanuele-aloia-meteo-768x768.jpg 768w, https:\/\/www.radiopiu.net\/wordpress\/wp-content\/uploads\/2022\/12\/emanuele-aloia-meteo-1536x1536.jpg 1536w, https:\/\/www.radiopiu.net\/wordpress\/wp-content\/uploads\/2022\/12\/emanuele-aloia-meteo-2048x2048.jpg 2048w\" sizes=\"auto, (max-width: 178px) 100vw, 178px\" \/><\/a>Fino a sabato il tempo sar\u00e0 mite e soleggiato grazie all\u2019anticiclone africano, con temperature in aumento. Da domenica, per\u00f2, si prevede un brusco cambiamento: aria fredda di origine russa porter\u00e0 un calo termico significativo, con possibili nevicate in quota e venti in rinforzo.<\/p>\n<p class=\"\" data-start=\"348\" data-end=\"600\">Il freddo durer\u00e0 almeno fino al 10 aprile, con temperature sotto la media e qualche fiocco di neve anche a 1000 metri. Marzo \u00e8 stato pi\u00f9 caldo e piovoso del normale, con precipitazioni abbondanti e temperature medie superiori di circa 1,5\u00b0C alla norma.<\/p>\n<p>&nbsp;<\/p>\n<hr \/>\n<p>&nbsp;<\/p>\n<blockquote>\n<h3>MALTRATT\u00d2 IL CAGNOLINO, PATTEGGIA QUATTRO MESI<\/h3>\n<\/blockquote>\n<p><strong><a class=\"dt-pswp-item\" href=\"https:\/\/www.radiopiu.net\/wordpress\/wp-content\/uploads\/2025\/04\/dac85396-39e9-4703-9425-c6608d4c0838.png\" data-dt-img-description=\"\" data-large_image_width=\"1024\" data-large_image_height=\"1024\"><img loading=\"lazy\" decoding=\"async\" class=\" wp-image-442944 alignleft\" src=\"https:\/\/www.radiopiu.net\/wordpress\/wp-content\/uploads\/2025\/04\/dac85396-39e9-4703-9425-c6608d4c0838-300x300.png\" alt=\"\" width=\"168\" height=\"168\" srcset=\"https:\/\/www.radiopiu.net\/wordpress\/wp-content\/uploads\/2025\/04\/dac85396-39e9-4703-9425-c6608d4c0838-300x300.png 300w, https:\/\/www.radiopiu.net\/wordpress\/wp-content\/uploads\/2025\/04\/dac85396-39e9-4703-9425-c6608d4c0838-150x150.png 150w, https:\/\/www.radiopiu.net\/wordpress\/wp-content\/uploads\/2025\/04\/dac85396-39e9-4703-9425-c6608d4c0838-768x768.png 768w, https:\/\/www.radiopiu.net\/wordpress\/wp-content\/uploads\/2025\/04\/dac85396-39e9-4703-9425-c6608d4c0838.png 1024w\" sizes=\"auto, (max-width: 168px) 100vw, 168px\" \/><\/a>LA GIUDIZIARIA OGGI<\/strong><br \/>\n<strong>DAL CORRIERE DELLE ALPI &#8211; LA SINTESI<\/strong><br \/>\n<strong>di GIGI SOSSO<\/strong><\/p>\n<p><strong>VALBELLUNA<\/strong>\u00a0 Un uomo ha patteggiato quattro mesi di reclusione per maltrattamento di un cagnolino, frustato con il cavo telefonico fuori da un locale pubblico con testimoni diverse persone. L&#8217;episodio, avvenuto in Valbelluna, ha portato alla condanna dopo che le autorit\u00e0 hanno accertato le violenze subite dall\u2019animale. L&#8217;uomo si era difeso affermando che il cane era diventato aggressivo e pericoloso.<\/p>\n<article class=\"w-full text-token-text-primary\" dir=\"auto\" data-testid=\"conversation-turn-22\" data-scroll-anchor=\"true\">\n<div class=\"text-base my-auto mx-auto py-5 px-6\">\n<div class=\"mx-auto flex flex-1 text-base gap-4 md:gap-5 lg:gap-6 md:max-w-3xl group\/turn-messages focus-visible:outline-none\" tabindex=\"-1\">\n<div class=\"group\/conversation-turn relative flex w-full min-w-0 flex-col agent-turn @xs\/thread:px-0 @sm\/thread:px-1.5 @md\/thread:px-4\">\n<div class=\"relative flex-col gap-1 md:gap-3\">\n<div class=\"flex justify-start\"><\/div>\n<\/div>\n<div class=\"absolute\">\n<div class=\"flex items-center justify-center\">\n<p class=\"\" data-start=\"48\" data-end=\"433\">\n<\/div>\n<\/div>\n<\/div>\n<\/div>\n<\/div>\n<\/article>\n<p>&nbsp;<\/p>\n<article class=\"w-full text-token-text-primary\" dir=\"auto\" data-testid=\"conversation-turn-16\" data-scroll-anchor=\"true\">\n<div class=\"text-base my-auto mx-auto py-5 px-6\">\n<div class=\"mx-auto flex flex-1 text-base gap-4 md:gap-5 lg:gap-6 md:max-w-3xl group\/turn-messages focus-visible:outline-none\" tabindex=\"-1\">\n<div class=\"group\/conversation-turn relative flex w-full min-w-0 flex-col agent-turn @xs\/thread:px-0 @sm\/thread:px-1.5 @md\/thread:px-4\">\n<div class=\"relative flex-col gap-1 md:gap-3\">\n<div class=\"flex max-w-full flex-col flex-grow\">\n<div class=\"min-h-8 text-message relative flex w-full flex-col items-end gap-2 whitespace-normal break-words text-start [.text-message+&amp;]:mt-5\" dir=\"auto\" data-message-author-role=\"assistant\" data-message-id=\"7deb8ffb-d539-42ea-869b-983c3a7f8e4b\" data-message-model-slug=\"gpt-4o\">\n<div class=\"flex w-full flex-col gap-1 empty:hidden first:pt-[3px]\">\n<div class=\"markdown prose w-full break-words dark:prose-invert dark\">\n<blockquote>\n<h3 data-start=\"0\" data-end=\"68\">LONGARONE: PROCESSO PER MALTRATTAMENTI, LA VITTIMA RITIRA LA QUERELA<\/h3>\n<\/blockquote>\n<\/div>\n<\/div>\n<\/div>\n<\/div>\n<div class=\"flex justify-start\">\n<div class=\"-me-1 -ms-2.5 flex select-none items-center p-1 touch:-me-2 touch:-ms-3.5 -mt-1 duration-[1.5s] focus-within:transition-none hover:transition-none pointer-events-none [mask-image:linear-gradient(to_right,black_33%,transparent_66%)] [mask-position:100%_0%] [mask-size:300%_100%] motion-safe:transition-[mask-position] group-hover\/turn-messages:pointer-events-auto group-hover\/turn-messages:[mask-position:0_0] group-focus-within\/turn-messages:pointer-events-auto group-focus-within\/turn-messages:[mask-position:0_0] has-[[data-state=open]]:pointer-events-auto has-[[data-state=open]]:[mask-position:0_0]\">\n<p class=\"\" data-start=\"88\" data-end=\"334\"><strong>LONGARONE<\/strong> Una donna ferita, sanguinante sulle scale, segni di violenza e un\u2019aggressione avvenuta davanti ai figli piccoli: questo lo scenario che la sera del 4 settembre 2022 ha portato in tribunale un uomo accusato di maltrattamenti e lesioni aggravate. Nonostante il ritiro della querela da parte della vittima, influenzata dalla comunit\u00e0 camerunense, il processo prosegue. L\u2019uomo ha scritto una lettera di scuse, mentre il parroco di Longarone ha inviato una testimonianza alla difesa. L\u2019udienza successiva vedr\u00e0 le ultime deposizioni prima della sentenza.<\/p>\n<\/div>\n<\/div>\n<div class=\"mt-3 w-full empty:hidden\">\n<div class=\"text-center\"><\/div>\n<\/div>\n<\/div>\n<\/div>\n<\/div>\n<\/div>\n<\/article>\n<div class=\"pointer-events-none h-px w-px\" aria-hidden=\"true\" data-edge=\"true\"><\/div>\n<p>&nbsp;<\/p>\n<hr \/>\n<p>&nbsp;<\/p>\n<blockquote>\n<h3 data-start=\"0\" data-end=\"89\"><strong data-start=\"0\" data-end=\"87\">NUOVE ALFA ROMEO STELVIO PER LA POLIZIA STRADALE: PRESENTAZIONE UFFICIALE A BOLZANO<\/strong><\/h3>\n<\/blockquote>\n<p class=\"\" data-start=\"91\" data-end=\"399\"><strong><a href=\"https:\/\/www.radiopiu.net\/wordpress\/wp-content\/uploads\/2025\/04\/sliderweb.webp\"><img loading=\"lazy\" decoding=\"async\" class=\" wp-image-442862 alignright\" src=\"https:\/\/www.radiopiu.net\/wordpress\/wp-content\/uploads\/2025\/04\/sliderweb-300x134.webp\" alt=\"\" width=\"175\" height=\"78\" srcset=\"https:\/\/www.radiopiu.net\/wordpress\/wp-content\/uploads\/2025\/04\/sliderweb-300x134.webp 300w, https:\/\/www.radiopiu.net\/wordpress\/wp-content\/uploads\/2025\/04\/sliderweb.webp 550w\" sizes=\"auto, (max-width: 175px) 100vw, 175px\" \/><\/a>REDAZIONE<\/strong> Oggi alle 10 nella suggestiva cornice di Piazza Walther a Bolzano, si terr\u00e0 la presentazione ufficiale delle nuove Alfa Romeo Stelvio assegnate alla Polizia Stradale. L&#8217;evento vedr\u00e0 la partecipazione del Dirigente del Compartimento Polizia Stradale per il Trentino Alto Adige e Belluno, dr. Pasquale Sorgon\u00e0, e del Dirigente della Sezione Polizia Stradale di Bolzano, Primo Dirigente dr.ssa Katia Grenga. Le nuove Alfa Romeo Stelvio, recentemente assegnate dal Ministero dell\u2019Interno alle Sezioni di Polizia Stradale di Bolzano, Trento e Belluno, rappresentano un significativo passo avanti in termini di sicurezza e tecnologia.<\/p>\n<p>&nbsp;<\/p>\n<p>&nbsp;<\/p>\n<hr \/>\n<p>&nbsp;<\/p>\n<blockquote>\n<h3>AREA EX AGIP: PARLANO I CONSIGLIERI LA GRUA E FERRO<\/h3>\n<\/blockquote>\n<p><strong><a class=\"dt-pswp-item\" href=\"https:\/\/www.radiopiu.net\/wordpress\/wp-content\/uploads\/2022\/12\/PALAZZO-ROSSO.png\" data-dt-img-description=\"\" data-large_image_width=\"2076\" data-large_image_height=\"1328\"><img loading=\"lazy\" decoding=\"async\" class=\" wp-image-313801 alignleft\" src=\"https:\/\/www.radiopiu.net\/wordpress\/wp-content\/uploads\/2022\/12\/PALAZZO-ROSSO-300x192.png\" alt=\"\" width=\"227\" height=\"145\" srcset=\"https:\/\/www.radiopiu.net\/wordpress\/wp-content\/uploads\/2022\/12\/PALAZZO-ROSSO-300x192.png 300w, https:\/\/www.radiopiu.net\/wordpress\/wp-content\/uploads\/2022\/12\/PALAZZO-ROSSO-1024x655.png 1024w, https:\/\/www.radiopiu.net\/wordpress\/wp-content\/uploads\/2022\/12\/PALAZZO-ROSSO-768x491.png 768w, https:\/\/www.radiopiu.net\/wordpress\/wp-content\/uploads\/2022\/12\/PALAZZO-ROSSO-1536x983.png 1536w, https:\/\/www.radiopiu.net\/wordpress\/wp-content\/uploads\/2022\/12\/PALAZZO-ROSSO-2048x1310.png 2048w\" sizes=\"auto, (max-width: 227px) 100vw, 227px\" \/><\/a>BELLUNO <\/strong>I consiglieri, Francesco La Grua e Roberto Ferro, commentano le dichiarazioni della propriet\u00e0 dell\u2019ex Agip, affermando che, se l\u2019area pu\u00f2 gi\u00e0 essere utilizzata come supermercato, la propriet\u00e0 pu\u00f2 procedere senza coinvolgere il Consiglio comunale. Tuttavia, sottolineano che per rendere il progetto economicamente sostenibile servirebbero elementi accessori aggiuntivi, il che richiede un iter complesso ancora in corso. Pur favorevoli alle iniziative private, i consiglieri evidenziano che la comunit\u00e0 locale sembra divisa e che servono approfondimenti prima del voto. Riguardo alle firme raccolte contro il progetto, riconoscono il loro valore ma ribadiscono che le decisioni spettano al Consiglio comunale, evitando blocchi basati solo su petizioni. Infine, riconoscono che l\u2019iter \u00e8 avviato ma con ulteriori passaggi da discutere in Consiglio, il quale non ha obblighi in merito. Forza Italia non era stata coinvolta nelle valutazioni del sindaco, ma ora approfondir\u00e0 la questione prima di prendere una decisione definitiva, mantenendo per ora una posizione contraria.<\/p>\n<p>&nbsp;<\/p>\n<p>&nbsp;<\/p>\n<hr \/>\n<p>&nbsp;<\/p>\n<blockquote>\n<h3>INSIEME PER L&#8217;AUTISMO, L&#8217;INCONTRO A BELLUNO<\/h3>\n<\/blockquote>\n<p><strong><a class=\"dt-pswp-item\" href=\"https:\/\/www.radiopiu.net\/wordpress\/wp-content\/uploads\/2025\/04\/WhatsApp-Image-2025-04-02-at-17.35.50.jpeg\" data-dt-img-description=\"\" data-large_image_width=\"2040\" data-large_image_height=\"1530\"><img loading=\"lazy\" decoding=\"async\" class=\" wp-image-442917 alignleft\" src=\"https:\/\/www.radiopiu.net\/wordpress\/wp-content\/uploads\/2025\/04\/WhatsApp-Image-2025-04-02-at-17.35.50-300x225.jpeg\" alt=\"\" width=\"181\" height=\"136\" srcset=\"https:\/\/www.radiopiu.net\/wordpress\/wp-content\/uploads\/2025\/04\/WhatsApp-Image-2025-04-02-at-17.35.50-300x225.jpeg 300w, https:\/\/www.radiopiu.net\/wordpress\/wp-content\/uploads\/2025\/04\/WhatsApp-Image-2025-04-02-at-17.35.50-1024x768.jpeg 1024w, https:\/\/www.radiopiu.net\/wordpress\/wp-content\/uploads\/2025\/04\/WhatsApp-Image-2025-04-02-at-17.35.50-768x576.jpeg 768w, https:\/\/www.radiopiu.net\/wordpress\/wp-content\/uploads\/2025\/04\/WhatsApp-Image-2025-04-02-at-17.35.50-1536x1152.jpeg 1536w, https:\/\/www.radiopiu.net\/wordpress\/wp-content\/uploads\/2025\/04\/WhatsApp-Image-2025-04-02-at-17.35.50.jpeg 2040w\" sizes=\"auto, (max-width: 181px) 100vw, 181px\" \/><\/a>BELLUNO <\/strong>In occasione della Giornata mondiale della consapevolezza sull\u2019autismo, l\u2019Ulss Dolomiti ha organizzato l\u2019evento \u201cInsieme per l\u2019autismo\u201d al Centro Congressi Giovanni XXIII di Belluno. La giornata ha coinvolto 260 persone con diagnosi di autismo seguite dai servizi sanitari locali. La mattinata \u00e8 stata dedicata alle scuole con laboratori esperienziali di teatro, arte, sport e crescita personale, promuovendo inclusione e valorizzazione delle abilit\u00e0 individuali. I partecipanti hanno mostrato entusiasmo e curiosit\u00e0, vivendo un\u2019esperienza dinamica e coinvolgente. Nel pomeriggio si \u00e8 tenuto un incontro aperto alla cittadinanza, focalizzato sulla co-progettazione per il benessere delle persone con autismo. Sono state condivise esperienze e testimonianze per stimolare riflessioni sulle sfide locali. L\u2019evento \u00e8 stato reso possibile grazie alla collaborazione tra diversi enti e associazioni del territorio. Il commissario Giuseppe Dal Ben ha sottolineato l\u2019importanza di favorire la socializzazione e l\u2019inclusione, mentre Milena Guglielminetti ha evidenziato il valore di interventi mirati per sviluppare le potenzialit\u00e0 dei ragazzi con autismo.<\/p>\n<p>&nbsp;<\/p>\n<p>&nbsp;<\/p>\n<hr \/>\n<p>&nbsp;<\/p>\n<blockquote>\n<h3>TORNA LA SAGRA DEI FISCIOT A BELLUNO<\/h3>\n<\/blockquote>\n<p><strong><a class=\"dt-pswp-item\" href=\"https:\/\/www.radiopiu.net\/wordpress\/wp-content\/uploads\/2020\/04\/PIAZZA-MARTIRI-BELLUNO.jpg\" data-dt-img-description=\"\" data-large_image_width=\"550\" data-large_image_height=\"388\"><img loading=\"lazy\" decoding=\"async\" class=\" wp-image-130647 alignleft\" src=\"https:\/\/www.radiopiu.net\/wordpress\/wp-content\/uploads\/2020\/04\/PIAZZA-MARTIRI-BELLUNO-300x212.jpg\" alt=\"\" width=\"181\" height=\"128\" srcset=\"https:\/\/www.radiopiu.net\/wordpress\/wp-content\/uploads\/2020\/04\/PIAZZA-MARTIRI-BELLUNO-300x212.jpg 300w, https:\/\/www.radiopiu.net\/wordpress\/wp-content\/uploads\/2020\/04\/PIAZZA-MARTIRI-BELLUNO.jpg 550w\" sizes=\"auto, (max-width: 181px) 100vw, 181px\" \/><\/a>BELLUNO<\/strong> La citt\u00e0 di Belluno si prepara ad accogliere una delle sue storiche manifestazioni: si svolger\u00e0 domenica infatti la Fiera della Madonna Addolorata, la Sagra dei Fisciot. La festa inizier\u00e0 per\u00f2 gi\u00e0 da venerd\u00ec pomeriggio, con cibo e musica in Piazza dei Martiri.<\/p>\n<p><strong>DI DANIELE DALVIT<\/strong><\/p>\n<audio class=\"wp-audio-shortcode\" id=\"audio-442767-8\" preload=\"none\" style=\"width: 100%;\" controls=\"controls\"><source type=\"audio\/mpeg\" src=\"https:\/\/www.radiopiu.net\/wordpress\/wp-content\/uploads\/2025\/04\/Servizio-Belluno-Addolorata-Fisciot-2025.mp3?_=8\" \/><a href=\"https:\/\/www.radiopiu.net\/wordpress\/wp-content\/uploads\/2025\/04\/Servizio-Belluno-Addolorata-Fisciot-2025.mp3\">https:\/\/www.radiopiu.net\/wordpress\/wp-content\/uploads\/2025\/04\/Servizio-Belluno-Addolorata-Fisciot-2025.mp3<\/a><\/audio>\n<p>&nbsp;<\/p>\n<hr \/>\n<p>&nbsp;<\/p>\n<blockquote>\n<h3>ARNOLDO PAULETTI ALLA GUIDA DELL&#8217;AUSER PROVINCIALE<\/h3>\n<\/blockquote>\n<p><strong><a class=\"dt-pswp-item\" href=\"https:\/\/www.radiopiu.net\/wordpress\/wp-content\/uploads\/2025\/04\/SCR-20250402-tqak.jpeg\" data-dt-img-description=\"\" data-large_image_width=\"1368\" data-large_image_height=\"950\"><img loading=\"lazy\" decoding=\"async\" class=\" wp-image-442927 alignleft\" src=\"https:\/\/www.radiopiu.net\/wordpress\/wp-content\/uploads\/2025\/04\/SCR-20250402-tqak-300x208.jpeg\" alt=\"\" width=\"179\" height=\"124\" srcset=\"https:\/\/www.radiopiu.net\/wordpress\/wp-content\/uploads\/2025\/04\/SCR-20250402-tqak-300x208.jpeg 300w, https:\/\/www.radiopiu.net\/wordpress\/wp-content\/uploads\/2025\/04\/SCR-20250402-tqak-1024x711.jpeg 1024w, https:\/\/www.radiopiu.net\/wordpress\/wp-content\/uploads\/2025\/04\/SCR-20250402-tqak-768x533.jpeg 768w, https:\/\/www.radiopiu.net\/wordpress\/wp-content\/uploads\/2025\/04\/SCR-20250402-tqak.jpeg 1368w\" sizes=\"auto, (max-width: 179px) 100vw, 179px\" \/><\/a>AGORDO <\/strong>Arnoldo Pauletti, gi\u00e0 presidente del Circolo Auser \u201cEl Br\u00f3i\u201d di Agordo, \u00e8 stato eletto all\u2019unanimit\u00e0 nuovo presidente provinciale dell\u2019Auser Belluno, succedendo a Eldo Candeago. La nomina \u00e8 avvenuta il 20 marzo durante l\u2019assemblea congressuale provinciale. Proposto dal presidente regionale Danilo Viero, guider\u00e0 l\u2019associazione per i prossimi quattro anni. Pauletti, 74 anni, in pensione dal 2015, \u00e8 attivo nel volontariato dal 2016. Riconfermato presidente del Circolo agordino nel 2021, ora assume la guida provinciale, un riconoscimento al suo impegno decennale. Nel direttivo entrano anche Valter Todesco, mentre Candeago continuer\u00e0 a collaborare. La nomina rappresenta un successo per l\u2019area sociale agordina e l\u2019intero territorio bellunese.<\/p>\n<p>&nbsp;<\/p>\n<hr \/>\n<h1 class=\"_title post-title entry-title\"><\/h1>\n<h1 class=\"_title post-title entry-title\">\u2018PESCECANE\u2019, ALLA CASA DELLE ARTI RACCONTO DI INCLUSIONE E DI VITA<\/h1>\n<p>Intervistati DANIELA NICOSIA (TIB TEATRO), LABROS MANGHERAS (TIB TEATRO) (Servizio di\u00a0<a href=\"https:\/\/antennatre.medianordest.it\/redazione\/Tiziana-Bolognani\/\">Tiziana Bolognani<\/a>)<\/p>\n<p><iframe loading=\"lazy\" title=\"&#039;PESCECANE&#039;, ALLA CASA DELLE ARTI RACCONTO DI INCLUSIONE E DI VITA  | 02\/04\/2025\" width=\"1200\" height=\"675\" src=\"https:\/\/www.youtube.com\/embed\/PfdwBLULKMw?feature=oembed\" frameborder=\"0\" allow=\"accelerometer; autoplay; clipboard-write; encrypted-media; gyroscope; picture-in-picture; web-share\" referrerpolicy=\"strict-origin-when-cross-origin\" allowfullscreen><\/iframe><\/p>\n<p>&nbsp;<\/p>\n<hr \/>\n<p>&nbsp;<\/p>\n<blockquote>\n<h3>A BELLUNO UN MERCATO AGRICOLO DEDICATO AI PRODOTTI LOCALI<\/h3>\n<\/blockquote>\n<p><strong><a class=\"dt-pswp-item\" href=\"https:\/\/www.radiopiu.net\/wordpress\/wp-content\/uploads\/2022\/05\/FORMAGGIO.png\" data-dt-img-description=\"\" data-large_image_width=\"944\" data-large_image_height=\"876\"><img loading=\"lazy\" decoding=\"async\" class=\" wp-image-275282 alignleft\" src=\"https:\/\/www.radiopiu.net\/wordpress\/wp-content\/uploads\/2022\/05\/FORMAGGIO-300x278.png\" alt=\"\" width=\"173\" height=\"160\" srcset=\"https:\/\/www.radiopiu.net\/wordpress\/wp-content\/uploads\/2022\/05\/FORMAGGIO-300x278.png 300w, https:\/\/www.radiopiu.net\/wordpress\/wp-content\/uploads\/2022\/05\/FORMAGGIO-768x713.png 768w, https:\/\/www.radiopiu.net\/wordpress\/wp-content\/uploads\/2022\/05\/FORMAGGIO.png 944w\" sizes=\"auto, (max-width: 173px) 100vw, 173px\" \/><\/a>BELLUNO <\/strong>Belluno avr\u00e0 un nuovo mercato agricolo dedicato ai produttori locali, con l&#8217;obiettivo di valorizzare i loro prodotti e promuovere il consumo sostenibile. Il disciplinare \u00e8 stato adottato e il bando per le adesioni sar\u00e0 pubblicato nelle prossime settimane, con l\u2019avvio previsto per l&#8217;estate. Il mercato si terr\u00e0 ogni sabato mattina in Piazza Angelina Zampieri, nell\u2019area pedonale dell\u2019ex ospedale civile, e sar\u00e0 attivo in via sperimentale per tre anni. Riservato agli imprenditori agricoli per la vendita diretta, il mercato mira a favorire la filiera corta, ridurre gli sprechi, incentivare il consumo di cibi freschi e sfusi e creare occasioni di socializzazione. Sono previste attivit\u00e0 culturali e didattiche, tra cui degustazioni e laboratori. L\u2019iniziativa ha coinvolto le associazioni di categoria per rispondere alle esigenze degli agricoltori. I 16 posteggi saranno assegnati per periodi da 1 a 3 anni, con possibilit\u00e0 di rotazione. L\u2019area potr\u00e0 ospitare eventi collaterali. Il sindaco De Pellegrin e l\u2019assessore De Kunovich sottolineano l\u2019importanza del progetto per la tutela del territorio e delle tradizioni locali.<\/p>\n<p>&nbsp;<\/p>\n<p>&nbsp;<\/p>\n<hr \/>\n<p>&nbsp;<\/p>\n<blockquote>\n<h3>DILLO A RADIO PIU&#8217;&#8230;L&#8217;INCIVILTA&#8217; AD AGORDO<\/h3>\n<\/blockquote>\n<p><strong>REDAZIONE<\/strong> Riceviamo e pubblichiamo due foto. Siamo in zona piscina di Agordo, pi\u00f9 precisamente sul parcheggio di ghiaia sopra l&#8217;impianto sportivo. Spazzatura lasciata abbandonata che dimostra l&#8217;incivilt\u00e0 di alcune persone.<\/p>\n\n\t\t\t<style type='text\/css'>\n\t\t\t\t#gallery-2 {\n\t\t\t\t\tmargin: auto;\n\t\t\t\t}\n\t\t\t\t#gallery-2 .gallery-item {\n\t\t\t\t\tfloat: left;\n\t\t\t\t\tmargin-top: 10px;\n\t\t\t\t\ttext-align: center;\n\t\t\t\t\twidth: 50%;\n\t\t\t\t}\n\t\t\t\t#gallery-2 img {\n\t\t\t\t\tborder: 2px solid #cfcfcf;\n\t\t\t\t}\n\t\t\t\t#gallery-2 .gallery-caption {\n\t\t\t\t\tmargin-left: 0;\n\t\t\t\t}\n\t\t\t\t\/* see gallery_shortcode() in wp-includes\/media.php *\/\n\t\t\t<\/style>\n\t\t<div id='gallery-2' class='dt-gallery-container gallery galleryid-442767 gallery-columns-2 gallery-size-medium'><dl class='gallery-item'>\n\t\t\t\t<dt class='gallery-icon landscape'>\n\t\t\t\t\t<a class=\"rollover rollover-zoom dt-pswp-item\" title=\"bbdc4c10-2434-4387-813b-4f38ee306184\" data-dt-img-description=\"\" data-large_image_width=\"1600\" data-large_image_height=\"900\"href='https:\/\/www.radiopiu.net\/wordpress\/wp-content\/uploads\/2025\/04\/bbdc4c10-2434-4387-813b-4f38ee306184.jpg'><img loading=\"lazy\" decoding=\"async\" width=\"300\" height=\"169\" src=\"https:\/\/www.radiopiu.net\/wordpress\/wp-content\/uploads\/2025\/04\/bbdc4c10-2434-4387-813b-4f38ee306184-300x169.jpg\" class=\"attachment-medium size-medium\" alt=\"\" srcset=\"https:\/\/www.radiopiu.net\/wordpress\/wp-content\/uploads\/2025\/04\/bbdc4c10-2434-4387-813b-4f38ee306184-300x169.jpg 300w, https:\/\/www.radiopiu.net\/wordpress\/wp-content\/uploads\/2025\/04\/bbdc4c10-2434-4387-813b-4f38ee306184-1024x576.jpg 1024w, https:\/\/www.radiopiu.net\/wordpress\/wp-content\/uploads\/2025\/04\/bbdc4c10-2434-4387-813b-4f38ee306184-768x432.jpg 768w, https:\/\/www.radiopiu.net\/wordpress\/wp-content\/uploads\/2025\/04\/bbdc4c10-2434-4387-813b-4f38ee306184-1536x864.jpg 1536w, https:\/\/www.radiopiu.net\/wordpress\/wp-content\/uploads\/2025\/04\/bbdc4c10-2434-4387-813b-4f38ee306184.jpg 1600w\" sizes=\"auto, (max-width: 300px) 100vw, 300px\" \/><\/a>\n\t\t\t\t<\/dt><\/dl><dl class='gallery-item'>\n\t\t\t\t<dt class='gallery-icon landscape'>\n\t\t\t\t\t<a class=\"rollover rollover-zoom dt-pswp-item\" title=\"6f8b2c3f-5a7a-4a12-b119-177afd1a1287\" data-dt-img-description=\"\" data-large_image_width=\"1600\" data-large_image_height=\"900\"href='https:\/\/www.radiopiu.net\/wordpress\/wp-content\/uploads\/2025\/04\/6f8b2c3f-5a7a-4a12-b119-177afd1a1287.jpg'><img loading=\"lazy\" decoding=\"async\" width=\"300\" height=\"169\" src=\"https:\/\/www.radiopiu.net\/wordpress\/wp-content\/uploads\/2025\/04\/6f8b2c3f-5a7a-4a12-b119-177afd1a1287-300x169.jpg\" class=\"attachment-medium size-medium\" alt=\"\" srcset=\"https:\/\/www.radiopiu.net\/wordpress\/wp-content\/uploads\/2025\/04\/6f8b2c3f-5a7a-4a12-b119-177afd1a1287-300x169.jpg 300w, https:\/\/www.radiopiu.net\/wordpress\/wp-content\/uploads\/2025\/04\/6f8b2c3f-5a7a-4a12-b119-177afd1a1287-1024x576.jpg 1024w, https:\/\/www.radiopiu.net\/wordpress\/wp-content\/uploads\/2025\/04\/6f8b2c3f-5a7a-4a12-b119-177afd1a1287-768x432.jpg 768w, https:\/\/www.radiopiu.net\/wordpress\/wp-content\/uploads\/2025\/04\/6f8b2c3f-5a7a-4a12-b119-177afd1a1287-1536x864.jpg 1536w, https:\/\/www.radiopiu.net\/wordpress\/wp-content\/uploads\/2025\/04\/6f8b2c3f-5a7a-4a12-b119-177afd1a1287.jpg 1600w\" sizes=\"auto, (max-width: 300px) 100vw, 300px\" \/><\/a>\n\t\t\t\t<\/dt><\/dl><br style=\"clear: both\" \/>\n\t\t\t<\/div>\n\n<p>&nbsp;<\/p>\n<hr \/>\n<p>&nbsp;<\/p>\n<blockquote>\n<h3><a class=\"dt-pswp-item\" href=\"https:\/\/www.radiopiu.net\/wordpress\/wp-content\/uploads\/2025\/04\/IMG-20250319-WA0007.jpg\" data-dt-img-description=\"\" data-large_image_width=\"1080\" data-large_image_height=\"1491\"><img loading=\"lazy\" decoding=\"async\" class=\" wp-image-442879 alignleft\" src=\"https:\/\/www.radiopiu.net\/wordpress\/wp-content\/uploads\/2025\/04\/IMG-20250319-WA0007-217x300.jpg\" alt=\"\" width=\"113\" height=\"156\" srcset=\"https:\/\/www.radiopiu.net\/wordpress\/wp-content\/uploads\/2025\/04\/IMG-20250319-WA0007-217x300.jpg 217w, https:\/\/www.radiopiu.net\/wordpress\/wp-content\/uploads\/2025\/04\/IMG-20250319-WA0007-742x1024.jpg 742w, https:\/\/www.radiopiu.net\/wordpress\/wp-content\/uploads\/2025\/04\/IMG-20250319-WA0007-768x1060.jpg 768w, https:\/\/www.radiopiu.net\/wordpress\/wp-content\/uploads\/2025\/04\/IMG-20250319-WA0007.jpg 1080w\" sizes=\"auto, (max-width: 113px) 100vw, 113px\" \/><\/a>QUATTORDICESIMO BANDO \u201cLA MONGOLFIERA DI GIORGIA ONLUS\u201d<\/h3>\n<\/blockquote>\n<p><strong>BELLUNO<\/strong> L&#8217;Associazione \u201cLa Mongolfiera di Giorgia Onlus\u201d ha pubblicato il bando 2024 il 26 marzo, giorno in cui Giorgia Praloran avrebbe compiuto 28 anni. Giorgia, scomparsa nel 2016, ha ispirato l\u2019Associazione con la sua passione per le mongolfiere e il suo spirito di resilienza. L\u2019ente finanzia progetti ludico-ricreativi per ragazzi tra i 13 e i 24 anni con disabilit\u00e0, residenti in Veneto o seguiti da strutture sanitarie venete. I progetti spaziano da corsi sportivi a dispositivi tecnologici. Il bando \u00e8 disponibile su <strong data-start=\"518\" data-end=\"551\"><a class=\"\" href=\"http:\/\/www.lamongolfieradigiorgia.it\" target=\"_new\" rel=\"noopener\" data-start=\"520\" data-end=\"549\" data-is-only-node=\"\">www.lamongolfieradigiorgia.it<\/a><\/strong>. Il 6 aprile, lo stand dell\u2019Associazione sar\u00e0 in Piazza dei Martiri per la Sagra dei Fisci\u00f2t.<\/p>\n<p>&nbsp;<\/p>\n<p>&nbsp;<\/p>\n<hr \/>\n<p>&nbsp;<\/p>\n<blockquote>\n<h3>FIBRA OTTICA: BUONA LA COPERTURA MA SCARSE LE ATTIVAZIONI<\/h3>\n<\/blockquote>\n<p><strong><a class=\"dt-pswp-item\" href=\"https:\/\/www.radiopiu.net\/wordpress\/wp-content\/uploads\/2023\/08\/OF_fibra.jpg\" data-dt-img-description=\"\" data-large_image_width=\"1000\" data-large_image_height=\"666\"><img loading=\"lazy\" decoding=\"async\" class=\" wp-image-348634 alignleft\" src=\"https:\/\/www.radiopiu.net\/wordpress\/wp-content\/uploads\/2023\/08\/OF_fibra-300x200.jpg\" alt=\"\" width=\"192\" height=\"128\" srcset=\"https:\/\/www.radiopiu.net\/wordpress\/wp-content\/uploads\/2023\/08\/OF_fibra-300x200.jpg 300w, https:\/\/www.radiopiu.net\/wordpress\/wp-content\/uploads\/2023\/08\/OF_fibra-768x511.jpg 768w, https:\/\/www.radiopiu.net\/wordpress\/wp-content\/uploads\/2023\/08\/OF_fibra.jpg 1000w\" sizes=\"auto, (max-width: 192px) 100vw, 192px\" \/><\/a>REDAZIONE <\/strong>La fibra ottica FTTH in Italia cresce in copertura, ma il numero di attivazioni resta basso. Sebbene il costo sia accessibile, il tasso di adozione \u00e8 inferiore rispetto alla media europea. Il 70,4% delle famiglie italiane \u00e8 raggiunto dalla fibra, con alcune regioni che superano l\u201980%, ma solo il 27,3% delle connessioni fisse utilizza questa tecnologia. Negli ultimi anni, la quota di mercato della FTTH \u00e8 aumentata, passando dall\u20198,4% del 2020 a 5,53 milioni di linee attive nel 2024. Tuttavia, il tasso di utilizzo \u00e8 ancora troppo basso rispetto alla copertura disponibile. Il costo non \u00e8 un fattore limitante: il prezzo medio di una connessione FTTH \u00e8 di 25,99 euro al mese per il primo anno, in linea con altre tecnologie. Inoltre, il costo extra rispetto alle connessioni tradizionali \u00e8 minimo, con un incremento medio di soli 1,28 euro tra il 2022 e il 2025. Nonostante il miglioramento delle prestazioni e l\u2019espansione della copertura, l\u2019adozione della fibra ottica in Italia procede lentamente, evidenziando la necessit\u00e0 di ulteriori incentivi o strategie per aumentarne la diffusione.<\/p>\n<p>&nbsp;<\/p>\n<p>&nbsp;<\/p>\n<hr \/>\n<p>&nbsp;<\/p>\n<h2><span style=\"color: #ff0000;\">CONSIGLI COMUNALI IN AGORDINO<\/span><\/h2>\n<p><strong>ROCCA PIETORE<\/strong> Consiglio Comunale luned\u00ec alle 18. L&#8217;ordine del giorno prevede nove punti, tra cui: approvazione dei verbali della seduta precedente, convenzione per la segreteria comunale con Alleghe e Selva di Cadore, bilancio di previsione 2025-2027 dell\u2019A.S.C.A., una variazione al bilancio, rinuncia al diritto di prelazione su un terreno con uso civico e diverse convenzioni per la gestione associata di servizi con l\u2019Unione Montana Agordina. Tra queste, vi sono la centrale unica di committenza, le strutture sportive, la gestione dei beni silvo-pastorali e la pianificazione di protezione civile.<\/p>\n<p>&nbsp;<\/p>\n<p>&nbsp;<\/p>\n<hr \/>\n<p>&nbsp;<\/p>\n<blockquote>\n<h3><a class=\"dt-pswp-item\" href=\"https:\/\/www.radiopiu.net\/wordpress\/wp-content\/uploads\/2021\/11\/QUESTURA-BELLUNO.png\" data-dt-img-description=\"\" data-large_image_width=\"1912\" data-large_image_height=\"1384\"><img loading=\"lazy\" decoding=\"async\" class=\" wp-image-244040 alignleft\" src=\"https:\/\/www.radiopiu.net\/wordpress\/wp-content\/uploads\/2021\/11\/QUESTURA-BELLUNO-300x217.png\" alt=\"\" width=\"160\" height=\"116\" srcset=\"https:\/\/www.radiopiu.net\/wordpress\/wp-content\/uploads\/2021\/11\/QUESTURA-BELLUNO-300x217.png 300w, https:\/\/www.radiopiu.net\/wordpress\/wp-content\/uploads\/2021\/11\/QUESTURA-BELLUNO-1024x741.png 1024w, https:\/\/www.radiopiu.net\/wordpress\/wp-content\/uploads\/2021\/11\/QUESTURA-BELLUNO-768x556.png 768w, https:\/\/www.radiopiu.net\/wordpress\/wp-content\/uploads\/2021\/11\/QUESTURA-BELLUNO-1536x1112.png 1536w, https:\/\/www.radiopiu.net\/wordpress\/wp-content\/uploads\/2021\/11\/QUESTURA-BELLUNO.png 1912w\" sizes=\"auto, (max-width: 160px) 100vw, 160px\" \/><\/a>UN BANDO PER 133 COMMISSARI TECNICI DELLA POLIZIA DI STATO<\/h3>\n<\/blockquote>\n<p><strong>BELLUNO<\/strong> Sono stati pubblicati i bandi per concorsi pubblici della Polizia di Stato per l&#8217;assunzione di 133 commissari tecnici in diverse discipline (biologi, ingegneri, chimici, psicologi e fisici). Le domande possono essere presentate online dal 25 marzo al 23 aprile 2025 tramite il sito della Polizia di Stato o il Portale unico del reclutamento.<\/p>\n<p>&nbsp;<\/p>\n<h3><\/h3>\n<hr \/>\n<blockquote>\n<h3 class=\"\" data-start=\"0\" data-end=\"70\"><strong data-start=\"4\" data-end=\"68\"><br \/>\nASSEMBLEA ORDINARIA DELL\u2019UNIONE ITALIANA CIECHI E IPOVEDENTI<\/strong><\/h3>\n<\/blockquote>\n<p class=\"\" data-start=\"72\" data-end=\"368\"><strong>BELLUNO<\/strong> Domenica 13 aprile 2025, alle\u00a0 9 nella Sala Muccin del Centro Congressi Giovanni XXIII di Belluno, si terr\u00e0 l\u2019Assemblea ordinaria dell\u2019Unione Italiana dei Ciechi e degli Ipovedenti. Durante l\u2019incontro si eleggeranno il nuovo Consiglio Direttivo e i rappresentanti regionali e nazionali.<\/p>\n<hr \/>\n<p class=\"\" data-start=\"0\" data-end=\"73\"><strong data-start=\"0\" data-end=\"73\">\u00a0<\/strong><\/p>\n<blockquote>\n<h3 data-start=\"0\" data-end=\"73\"><strong data-start=\"0\" data-end=\"73\">ASSEMBLEA ANNUALE DELL&#8217;ASSOCIAZIONE AMICI DEI MINERARI E CENA SOCIALE<\/strong><\/h3>\n<\/blockquote>\n<p class=\"\" data-start=\"75\" data-end=\"88\"><strong>AGORDO<\/strong> Sabato\u00a0 si terr\u00e0 l&#8217;assemblea annuale dell&#8217;Associazione Amici dei Minerari. L&#8217;evento avr\u00e0 luogo presso la Sala Don Tamis, con inizio alle ore 17:30. Al termine dell&#8217;assemblea, alle ore 20:00, \u00e8 prevista una cena sociale presso il Ristorante Alle Antiche Miniere. Invitiati tutti i soci e gli interessati a partecipare a questi momenti di incontro e condivisione. Per ulteriori informazioni, contattare l&#8217;Associazione Amici dei Minerari.<\/p>\n<p>&nbsp;<\/p>\n<p>&nbsp;<\/p>\n<hr \/>\n<p>&nbsp;<\/p>\n<blockquote>\n<p class=\"\" data-start=\"0\" data-end=\"53\"><strong data-start=\"0\" data-end=\"53\"><a class=\"dt-pswp-item\" href=\"https:\/\/www.radiopiu.net\/wordpress\/wp-content\/uploads\/2025\/03\/Gabrieli-scaled.jpeg\" data-dt-img-description=\"\" data-large_image_width=\"2560\" data-large_image_height=\"2560\"><img loading=\"lazy\" decoding=\"async\" class=\"wp-image-442467 alignleft\" src=\"https:\/\/www.radiopiu.net\/wordpress\/wp-content\/uploads\/2025\/03\/Gabrieli-300x300.jpeg\" alt=\"\" width=\"137\" height=\"137\" srcset=\"https:\/\/www.radiopiu.net\/wordpress\/wp-content\/uploads\/2025\/03\/Gabrieli-300x300.jpeg 300w, https:\/\/www.radiopiu.net\/wordpress\/wp-content\/uploads\/2025\/03\/Gabrieli-1024x1024.jpeg 1024w, https:\/\/www.radiopiu.net\/wordpress\/wp-content\/uploads\/2025\/03\/Gabrieli-150x150.jpeg 150w, https:\/\/www.radiopiu.net\/wordpress\/wp-content\/uploads\/2025\/03\/Gabrieli-768x768.jpeg 768w, https:\/\/www.radiopiu.net\/wordpress\/wp-content\/uploads\/2025\/03\/Gabrieli-1536x1536.jpeg 1536w, https:\/\/www.radiopiu.net\/wordpress\/wp-content\/uploads\/2025\/03\/Gabrieli-2048x2048.jpeg 2048w\" sizes=\"auto, (max-width: 137px) 100vw, 137px\" \/><\/a>EMOZIONE MONTAGNA 2025: &#8220;AL COSSERTO DEI GIGANTI&#8221;<\/strong><\/p>\n<p><span class=\"relative -mx-px my-[-0.2rem] rounded px-px py-[0.2rem]\"><strong>BELLUNO<\/strong> Oggi alle 20:30,\u00a0 al Circolo Val Cicogna di Castoi, si terr\u00e0 l&#8217;evento conclusivo della rassegna Emozione Montagna 2025.<\/span> <span class=\"relative -mx-px my-[-0.2rem] rounded px-px py-[0.2rem]\">I protagonisti, il glaciologo Jacopo Gabrieli (foto), la guida alpina Paolo Conz e il fotografo Riccardo Selvatico.\u00a0 <\/span>\u00a0<span class=\"relative -mx-px my-[-0.2rem] rounded px-px py-[0.2rem]\">L&#8217;ingresso \u00e8 libero fino a esaurimento posti.<\/span><\/p><\/blockquote>\n<p>&nbsp;<\/p>\n<hr \/>\n<p>&nbsp;<\/p>\n<blockquote>\n<h3>L&#8217;ASSEMBLEA DEL GAV DOMENICA AD AGORDO<\/h3>\n<\/blockquote>\n<p><strong>AGORDO <\/strong>L&#8217;Associazione GAV (Gruppo Assistenza Volontaria Odv) convoca i soci per l&#8217;assemblea ordinaria 2025, che si terr\u00e0 domenica alle 11 al Centro Parrocchiale &#8220;mons. Savio&#8221; di Agordo. Sette punti all&#8217;ordine del giorno tra cui la relazione attivit\u00e0 2024, l&#8217;approvazione bilancio consuntivo 2024 e la presentazione delle attivit\u00e0 2025 Seguir\u00e0 un pranzo sociale presso il ristorante &#8220;San Martin&#8221;<\/p>\n<p>&nbsp;<\/p>\n<p>&nbsp;<\/p>\n<hr \/>\n<p>&nbsp;<\/p>\n<p>&nbsp;<\/p>\n<blockquote>\n<p class=\"\" data-start=\"0\" data-end=\"75\"><strong data-start=\"0\" data-end=\"73\"><a class=\"dt-pswp-item\" href=\"https:\/\/www.radiopiu.net\/wordpress\/wp-content\/uploads\/2024\/12\/Poste-Italiane-Vallada-Agordina-dic-2024-scaled.jpg\" data-dt-img-description=\"oppo_32\" data-large_image_width=\"1920\" data-large_image_height=\"2560\"><img loading=\"lazy\" decoding=\"async\" class=\"wp-image-426842 alignleft\" src=\"https:\/\/www.radiopiu.net\/wordpress\/wp-content\/uploads\/2024\/12\/Poste-Italiane-Vallada-Agordina-dic-2024-225x300.jpg\" alt=\"\" width=\"74\" height=\"99\" srcset=\"https:\/\/www.radiopiu.net\/wordpress\/wp-content\/uploads\/2024\/12\/Poste-Italiane-Vallada-Agordina-dic-2024-225x300.jpg 225w, https:\/\/www.radiopiu.net\/wordpress\/wp-content\/uploads\/2024\/12\/Poste-Italiane-Vallada-Agordina-dic-2024-768x1024.jpg 768w, https:\/\/www.radiopiu.net\/wordpress\/wp-content\/uploads\/2024\/12\/Poste-Italiane-Vallada-Agordina-dic-2024-1152x1536.jpg 1152w, https:\/\/www.radiopiu.net\/wordpress\/wp-content\/uploads\/2024\/12\/Poste-Italiane-Vallada-Agordina-dic-2024-1536x2048.jpg 1536w, https:\/\/www.radiopiu.net\/wordpress\/wp-content\/uploads\/2024\/12\/Poste-Italiane-Vallada-Agordina-dic-2024-scaled.jpg 1920w\" sizes=\"auto, (max-width: 74px) 100vw, 74px\" \/><\/a>Poste Italiane: ammodernamento dell\u2019ufficio postale di Vodo di Cadore<\/strong><\/p>\n<\/blockquote>\n<p class=\"\" data-start=\"77\" data-end=\"476\"><strong>VODO DI CADORE<\/strong> Da oggi l\u2019ufficio postale di Vodo di Cadore sar\u00e0 interessato da interventi di ammodernamento. Durante i lavori, i cittadini potranno rivolgersi all\u2019ufficio postale di San Vito di Cadore, aperto dal luned\u00ec al sabato, oppure agli sportelli di Borca di Cadore e Venas, disponibili in giorni alterni.<\/p>\n<p>&nbsp;<\/p>\n<hr \/>\n<p>&nbsp;<\/p>\n<blockquote>\n<h3>NASCERE NELLE DOLOMITI: PROSSIMO INCONTRO A CENCENIGHE<\/h3>\n<\/blockquote>\n<p><strong><a class=\"dt-pswp-item\" href=\"https:\/\/www.radiopiu.net\/wordpress\/wp-content\/uploads\/2025\/03\/SCR-20250322-kbxo.jpeg\" data-dt-img-description=\"\" data-large_image_width=\"1346\" data-large_image_height=\"946\"><img loading=\"lazy\" decoding=\"async\" class=\" wp-image-440975 alignleft\" src=\"https:\/\/www.radiopiu.net\/wordpress\/wp-content\/uploads\/2025\/03\/SCR-20250322-kbxo-300x211.jpeg\" alt=\"\" width=\"189\" height=\"133\" srcset=\"https:\/\/www.radiopiu.net\/wordpress\/wp-content\/uploads\/2025\/03\/SCR-20250322-kbxo-300x211.jpeg 300w, https:\/\/www.radiopiu.net\/wordpress\/wp-content\/uploads\/2025\/03\/SCR-20250322-kbxo-1024x720.jpeg 1024w, https:\/\/www.radiopiu.net\/wordpress\/wp-content\/uploads\/2025\/03\/SCR-20250322-kbxo-768x540.jpeg 768w, https:\/\/www.radiopiu.net\/wordpress\/wp-content\/uploads\/2025\/03\/SCR-20250322-kbxo.jpeg 1346w\" sizes=\"auto, (max-width: 189px) 100vw, 189px\" \/><\/a>CENCENIGHE <\/strong>Prosegue il ciclo di incontri \u201cNascere nelle Dolomiti: il percorso salute mamma-bambino\u201d, organizzati dall\u2019Ulss Dolomiti nell\u2019ambito dell\u2019area materno-infantile. Il prossimo incontro si terr\u00e0 oggi alle 16.30 nella Sala Culturale Comunale \u2013 Centro Nof Fil\u00f2 a Cencenighe Agordino, saranno illustrati e approfonditi i percorsi e i servizi del punto nascita. La cittadinanza \u00e8 invitata.<\/p>\n<p>&nbsp;<\/p>\n<p>&nbsp;<\/p>\n<p>&nbsp;<\/p>\n<hr \/>\n<p>&nbsp;<\/p>\n<blockquote>\n<h3>&#8220;DA ONDE VERS ONDE&#8221; A CENCENIGHE<\/h3>\n<\/blockquote>\n<p><strong><a class=\"dt-pswp-item\" href=\"https:\/\/www.radiopiu.net\/wordpress\/wp-content\/uploads\/2025\/03\/LSODHFHDYUDJ.jpg\" data-dt-img-description=\"\" data-large_image_width=\"1754\" data-large_image_height=\"1337\"><img loading=\"lazy\" decoding=\"async\" class=\" wp-image-441343 alignleft\" src=\"https:\/\/www.radiopiu.net\/wordpress\/wp-content\/uploads\/2025\/03\/LSODHFHDYUDJ-300x229.jpg\" alt=\"\" width=\"140\" height=\"107\" srcset=\"https:\/\/www.radiopiu.net\/wordpress\/wp-content\/uploads\/2025\/03\/LSODHFHDYUDJ-300x229.jpg 300w, https:\/\/www.radiopiu.net\/wordpress\/wp-content\/uploads\/2025\/03\/LSODHFHDYUDJ-1024x781.jpg 1024w, https:\/\/www.radiopiu.net\/wordpress\/wp-content\/uploads\/2025\/03\/LSODHFHDYUDJ-768x585.jpg 768w, https:\/\/www.radiopiu.net\/wordpress\/wp-content\/uploads\/2025\/03\/LSODHFHDYUDJ-1536x1171.jpg 1536w, https:\/\/www.radiopiu.net\/wordpress\/wp-content\/uploads\/2025\/03\/LSODHFHDYUDJ.jpg 1754w\" sizes=\"auto, (max-width: 140px) 100vw, 140px\" \/><\/a>CENCENIGHE <\/strong>L\u2019Union Ladina Val Biois, in collaborazione con il Musla, organizza la seconda edizione delle serate linguistiche <em data-start=\"114\" data-end=\"135\">&#8220;Da onde vers onde&#8221;<\/em>, in sala consigliare a Cencenighe Agordino.\u00a0 Domani Nicola Cassisi, docente di lettere, analizzer\u00e0 il legame tra lingua, paesaggio ed economia nelle valli dolomitiche. Serata\u00a0 aperte a tutti e a ingresso libero<\/p>\n<p>&nbsp;<\/p>\n<p>&nbsp;<\/p>\n<hr \/>\n<p>&nbsp;<\/p>\n<blockquote>\n<article class=\"w-full text-token-text-primary\" dir=\"auto\" data-testid=\"conversation-turn-4\" data-scroll-anchor=\"true\">\n<div class=\"text-base my-auto mx-auto py-5 px-6\">\n<div class=\"mx-auto flex flex-1 text-base gap-4 md:gap-5 lg:gap-6 md:max-w-3xl group\/turn-messages focus-visible:outline-none\" tabindex=\"-1\">\n<div class=\"group\/conversation-turn relative flex w-full min-w-0 flex-col agent-turn @xs\/thread:px-0 @sm\/thread:px-1.5 @md\/thread:px-4\">\n<div class=\"relative flex-col gap-1 md:gap-3\">\n<div class=\"flex max-w-full flex-col flex-grow\">\n<div class=\"min-h-8 text-message relative flex w-full flex-col items-end gap-2 whitespace-normal break-words text-start [.text-message+&amp;]:mt-5\" dir=\"auto\" data-message-author-role=\"assistant\" data-message-id=\"c95c95c6-a1ac-4866-a6e0-43ed1c022444\" data-message-model-slug=\"gpt-4o\">\n<div class=\"flex w-full flex-col gap-1 empty:hidden first:pt-[3px]\">\n<div class=\"markdown prose w-full break-words dark:prose-invert dark\">\n<p data-pm-slice=\"1 1 []\"><strong>Dal disegno al colore: a Canale d\u2019Agordo la personale di Lucio Groja<\/strong><\/p>\n<\/div>\n<\/div>\n<\/div>\n<\/div>\n<\/div>\n<\/div>\n<\/div>\n<\/div>\n<\/article>\n<\/blockquote>\n<article class=\"w-full text-token-text-primary\" dir=\"auto\" data-testid=\"conversation-turn-4\" data-scroll-anchor=\"true\">\n<div class=\"text-base my-auto mx-auto py-5 px-6\">\n<div class=\"mx-auto flex flex-1 text-base gap-4 md:gap-5 lg:gap-6 md:max-w-3xl group\/turn-messages focus-visible:outline-none\" tabindex=\"-1\">\n<div class=\"group\/conversation-turn relative flex w-full min-w-0 flex-col agent-turn @xs\/thread:px-0 @sm\/thread:px-1.5 @md\/thread:px-4\">\n<div class=\"absolute\">\n<div class=\"flex items-center justify-center\">\n<p class=\"\" data-start=\"37\" data-end=\"463\"><strong>CANALE D&#8217;AGORDO<\/strong> Dal 12 al 27 aprile 2025, la Sala consiliare del municipio di Canale d&#8217;Agordo ospiter\u00e0 la mostra &#8220;Dal disegno al colore&#8221;, personale di pittura dell&#8217;artista Lucio Groja.\u00a0 L\u2019inaugurazione \u00e8 prevista per sabato 12 aprile alle 17.30.\u00a0 L\u2019evento si inserisce nel panorama culturale locale come occasione di incontro con l\u2019arte contemporanea.<\/p>\n<p>&nbsp;<\/p>\n<\/div>\n<\/div>\n<\/div>\n<\/div>\n<\/div>\n<\/article>\n<p>&nbsp;<\/p>\n<hr \/>\n<p>&nbsp;<\/p>\n<blockquote>\n<h3><strong><a class=\"dt-pswp-item\" style=\"color: #005177; outline: 0px; text-decoration-line: none;\" href=\"https:\/\/www.radiopiu.net\/wordpress\/wp-content\/uploads\/2025\/03\/Senza-nome-55.png\" data-dt-img-description=\"\" data-large_image_width=\"379\" data-large_image_height=\"358\"><img loading=\"lazy\" decoding=\"async\" class=\" wp-image-442614 alignleft\" src=\"https:\/\/www.radiopiu.net\/wordpress\/wp-content\/uploads\/2025\/03\/Senza-nome-55-300x283.png\" alt=\"\" width=\"115\" height=\"108\" srcset=\"https:\/\/www.radiopiu.net\/wordpress\/wp-content\/uploads\/2025\/03\/Senza-nome-55-300x283.png 300w, https:\/\/www.radiopiu.net\/wordpress\/wp-content\/uploads\/2025\/03\/Senza-nome-55.png 379w\" sizes=\"auto, (max-width: 115px) 100vw, 115px\" \/><\/a><\/strong>\u201cSIAMO UN\u2019OPERA D\u2019ARTE\u201d: CAMPAGNA DI SENSIBILIZZAZIONE SU INCONTINENZA E STOMIA<\/h3>\n<\/blockquote>\n<p><strong style=\"font-size: 14px;\">AGORDO<\/strong><span style=\"font-size: 14px; font-weight: normal;\">\u00a0 Oggi\u00a0 dalle ore 10:00 <\/span>alle 16:00, presso l\u2019Ospedale Giovanni Paolo I di Agordo (corridoio pronto soccorso, via Fontana 36, Agordo &#8211; BL), l\u2019iniziativa \u201cSiamo un\u2019opera d\u2019arte\u201d, una campagna di sensibilizzazione e informazione su incontinenza e stomia.<\/p>\n<p>&nbsp;<\/p>\n<p>&nbsp;<\/p>\n<hr \/>\n<p>&nbsp;<\/p>\n<blockquote>\n<h3>LA LUNA IN ALTA RISOLUZIONE<\/h3>\n<\/blockquote>\n<p><strong>FELTRE<\/strong> Sabato 5 aprile alle 21 la Luna sar\u00e0 al primo quarto e ben visibile per un\u2019osservazione ad alta risoluzione. Il telescopio Newton da 36 cm trasmetter\u00e0 immagini in diretta su un grande schermo, mentre il Dobson da 64 cm permetter\u00e0 osservazioni con ingrandimenti fino a 800x. Si tenter\u00e0 di vedere il sottile solco nella Valle Alpina e diversi crateri lunari. Sar\u00e0 possibile osservare anche Giove e alcune stelle doppie. In caso di maltempo, al planetario verranno proiettati filmati dei panorami lunari realizzati dai soci.<\/p>\n<p>&nbsp;<\/p>\n<hr \/>\n<p>&nbsp;<\/p>\n<blockquote>\n<p class=\"\" data-start=\"0\" data-end=\"51\"><strong data-start=\"0\" data-end=\"51\">UOVA DI PASQUA AIL: RACCOLTA OFFERTE 4-6 APRILE<\/strong><\/p>\n<\/blockquote>\n<p class=\"\" data-start=\"53\" data-end=\"294\"><a class=\"dt-pswp-item\" href=\"https:\/\/www.radiopiu.net\/wordpress\/wp-content\/uploads\/2025\/04\/888a66c4-666f-4de5-ba8a-91e3b8ee2c2b.jpg\" data-dt-img-description=\"\" data-large_image_width=\"1600\" data-large_image_height=\"847\"><img loading=\"lazy\" decoding=\"async\" class=\"size-medium wp-image-442783 alignleft\" src=\"https:\/\/www.radiopiu.net\/wordpress\/wp-content\/uploads\/2025\/04\/888a66c4-666f-4de5-ba8a-91e3b8ee2c2b-300x159.jpg\" alt=\"\" width=\"300\" height=\"159\" srcset=\"https:\/\/www.radiopiu.net\/wordpress\/wp-content\/uploads\/2025\/04\/888a66c4-666f-4de5-ba8a-91e3b8ee2c2b-300x159.jpg 300w, https:\/\/www.radiopiu.net\/wordpress\/wp-content\/uploads\/2025\/04\/888a66c4-666f-4de5-ba8a-91e3b8ee2c2b-1024x542.jpg 1024w, https:\/\/www.radiopiu.net\/wordpress\/wp-content\/uploads\/2025\/04\/888a66c4-666f-4de5-ba8a-91e3b8ee2c2b-768x407.jpg 768w, https:\/\/www.radiopiu.net\/wordpress\/wp-content\/uploads\/2025\/04\/888a66c4-666f-4de5-ba8a-91e3b8ee2c2b-1536x813.jpg 1536w, https:\/\/www.radiopiu.net\/wordpress\/wp-content\/uploads\/2025\/04\/888a66c4-666f-4de5-ba8a-91e3b8ee2c2b.jpg 1600w\" sizes=\"auto, (max-width: 300px) 100vw, 300px\" \/><\/a>Dal 4 al 6 aprile, non perdere l&#8217;opportunit\u00e0 di contribuire alla raccolta fondi per l&#8217;AIL (Associazione Italiana contro le Leucemie) acquistando le tradizionali uova di Pasqua. Le offerte saranno raccolte in vari punti strategici della zona:<\/p>\n<ul data-start=\"296\" data-end=\"442\">\n<li class=\"\" data-start=\"296\" data-end=\"356\">\n<p class=\"\" data-start=\"298\" data-end=\"356\"><strong data-start=\"298\" data-end=\"308\">Agordo<\/strong>, presso il Centro Commerciale La Corte Agordina<\/p>\n<\/li>\n<li class=\"\" data-start=\"357\" data-end=\"399\">\n<p class=\"\" data-start=\"359\" data-end=\"399\"><strong data-start=\"359\" data-end=\"373\">Valcozzena<\/strong>, presso il Zum Brillenbar<\/p>\n<\/li>\n<li class=\"\" data-start=\"400\" data-end=\"442\">\n<p class=\"\" data-start=\"402\" data-end=\"442\"><strong data-start=\"402\" data-end=\"413\">Voltago<\/strong>, presso le Scuole Elementari<\/p>\n<\/li>\n<\/ul>\n<p class=\"\" data-start=\"444\" data-end=\"705\">Ogni uovo acquistato sosterr\u00e0 la ricerca e il supporto ai pazienti affetti da leucemia e altre malattie ematologiche. Un piccolo gesto che pu\u00f2 fare una grande differenza nella vita di chi ha bisogno. Vi aspettiamo numerosi per sostenere questa importante causa!<\/p>\n<p>&nbsp;<\/p>\n<p>&nbsp;<\/p>\n<hr \/>\n<p>&nbsp;<\/p>\n<p>&nbsp;<\/p>\n<h1><img loading=\"lazy\" decoding=\"async\" class=\"alignleft\" src=\"https:\/\/www.radiopiu.net\/wordpress\/wp-content\/uploads\/2025\/04\/WhatsApp-Image-2025-04-02-at-07.35.13.jpeg\" width=\"198\" height=\"148\" \/>I VOLONTARI AL CENTRO LETTURA<\/h1>\n<p><strong>LIVINALLONGO<\/strong><\/p>\n<p><strong>DI LORENZO SORATROI<\/strong><\/p>\n<audio class=\"wp-audio-shortcode\" id=\"audio-442767-9\" preload=\"none\" style=\"width: 100%;\" controls=\"controls\"><source type=\"audio\/ogg\" src=\"https:\/\/www.radiopiu.net\/wordpress\/wp-content\/uploads\/2025\/04\/WhatsApp-Ptt-2025-04-02-at-07.33.56.ogg?_=9\" \/><a href=\"https:\/\/www.radiopiu.net\/wordpress\/wp-content\/uploads\/2025\/04\/WhatsApp-Ptt-2025-04-02-at-07.33.56.ogg\">https:\/\/www.radiopiu.net\/wordpress\/wp-content\/uploads\/2025\/04\/WhatsApp-Ptt-2025-04-02-at-07.33.56.ogg<\/a><\/audio>\n<p>&nbsp;<\/p>\n<p>&nbsp;<\/p>\n<hr \/>\n<p>&nbsp;<\/p>\n<p>&nbsp;<\/p>\n<blockquote>\n<p class=\"\" data-start=\"0\" data-end=\"73\"><strong data-start=\"0\" data-end=\"73\">FIAB Belluno APS: NUOVO CONSIGLIO DIRETTIVO PER IL TRIENNIO 2025-2027<\/strong><\/p>\n<\/blockquote>\n<p class=\"\" data-start=\"75\" data-end=\"430\"><strong><a class=\"dt-pswp-item\" href=\"https:\/\/www.radiopiu.net\/wordpress\/wp-content\/uploads\/2024\/11\/FIAB-BELLUNO.png\" data-dt-img-description=\"\" data-large_image_width=\"461\" data-large_image_height=\"214\"><img loading=\"lazy\" decoding=\"async\" class=\"size-medium wp-image-418097 alignleft\" src=\"https:\/\/www.radiopiu.net\/wordpress\/wp-content\/uploads\/2024\/11\/FIAB-BELLUNO-300x139.png\" alt=\"\" width=\"300\" height=\"139\" srcset=\"https:\/\/www.radiopiu.net\/wordpress\/wp-content\/uploads\/2024\/11\/FIAB-BELLUNO-300x139.png 300w, https:\/\/www.radiopiu.net\/wordpress\/wp-content\/uploads\/2024\/11\/FIAB-BELLUNO.png 461w\" sizes=\"auto, (max-width: 300px) 100vw, 300px\" \/><\/a>BELLUNO<\/strong> Sono stati eletti i membri del Direttivo uscente Claudio Giacchetti, Gianfranco Turchetto, Marcella Gris, Domenico Panatta, Eros Fagro, Mario Orzes e Pierluigi Trevisan, insieme ai due neoeletti Roberta Gaz e Paolo Vuscovich. \u00a0All\u2019unanimit\u00e0, Claudio Giacchetti \u00e8 stato nominato Presidente, mentre Gianfranco Turchetto assumer\u00e0 il ruolo di Vicepresidente. Marcella Gris continuer\u00e0 a ricoprire la funzione di tesoriera, mentre Pierluigi Trevisan curer\u00e0 la segreteria. Il Presidente uscente, Pierluigi Trevisan, ha espresso il suo ringraziamento a Giacchetti e Turchetto per la loro disponibilit\u00e0 ad assumere le cariche di Presidente e Vicepresidente. Ha inoltre ringraziato i membri del Direttivo per l&#8217;impegno profuso durante il precedente mandato, sottolineando che tale impegno \u00e8 stato rinnovato anche per i prossimi tre anni. Infine, ha salutato e ringraziato i due neoeletti Roberta Gaz e Paolo Vuscovich, augurando loro un proficuo lavoro all&#8217;interno dell&#8217;associazione.<\/p>\n<p>&nbsp;<\/p>\n<hr \/>\n<p>&nbsp;<\/p>\n<h1><span style=\"color: #ff6600;\">IERI ALLA RADIO<\/span><\/h1>\n<h2><span style=\"color: #ff0000;\">LIBER DI LIANA CAVALLET<\/span><\/h2>\n<p><strong>PUNTATA 29 02 APRILE 2025 &#8220;COME UN RESPIRO&#8221; FERZAN OZPETEK<\/strong><\/p>\n<audio class=\"wp-audio-shortcode\" id=\"audio-442767-10\" preload=\"none\" style=\"width: 100%;\" controls=\"controls\"><source type=\"audio\/mpeg\" src=\"https:\/\/www.radiopiu.net\/wordpress\/wp-content\/uploads\/2024\/03\/LIANA-11.mp3?_=10\" \/><a href=\"https:\/\/www.radiopiu.net\/wordpress\/wp-content\/uploads\/2024\/03\/LIANA-11.mp3\">https:\/\/www.radiopiu.net\/wordpress\/wp-content\/uploads\/2024\/03\/LIANA-11.mp3<\/a><\/audio>\n<p>&nbsp;<\/p>\n<p><a class=\"dt-pswp-item\" href=\"https:\/\/www.radiopiu.net\/wordpress\/wp-content\/uploads\/2025\/03\/ae8eb018-806d-4c7d-bfbf-a6f1835ec65b.jpg\" data-dt-img-description=\"\" data-large_image_width=\"454\" data-large_image_height=\"704\"><img loading=\"lazy\" decoding=\"async\" class=\"size-medium wp-image-442470 aligncenter\" src=\"https:\/\/www.radiopiu.net\/wordpress\/wp-content\/uploads\/2025\/03\/ae8eb018-806d-4c7d-bfbf-a6f1835ec65b-193x300.jpg\" alt=\"\" width=\"193\" height=\"300\" srcset=\"https:\/\/www.radiopiu.net\/wordpress\/wp-content\/uploads\/2025\/03\/ae8eb018-806d-4c7d-bfbf-a6f1835ec65b-193x300.jpg 193w, https:\/\/www.radiopiu.net\/wordpress\/wp-content\/uploads\/2025\/03\/ae8eb018-806d-4c7d-bfbf-a6f1835ec65b.jpg 454w\" sizes=\"auto, (max-width: 193px) 100vw, 193px\" \/><\/a><\/p>\n<p>&nbsp;<\/p>\n<p>&nbsp;<\/p>\n<p><strong>LA RACCOLTA COMPLETA <a href=\"https:\/\/www.radiopiu.net\/wordpress\/liber-di-liana-cavallet-raccolta-2023-2024\/\"><span style=\"color: #3366ff;\">CLICCA QUI<\/span><\/a><\/strong><\/p>\n<p>&nbsp;<\/p>\n<hr \/>\n<p>&nbsp;<\/p>\n<h2><span style=\"color: #008000;\">CISL E FEMCA CISL LA VOCE PER I LAVORATORI<\/span><\/h2>\n<p><a class=\"dt-pswp-item\" href=\"https:\/\/www.radiopiu.net\/wordpress\/wp-content\/uploads\/2023\/07\/CAF-CISL.png\" data-dt-img-description=\"\" data-large_image_width=\"1200\" data-large_image_height=\"630\"><img loading=\"lazy\" decoding=\"async\" class=\" wp-image-344831 alignleft\" src=\"https:\/\/www.radiopiu.net\/wordpress\/wp-content\/uploads\/2023\/07\/CAF-CISL-300x158.png\" alt=\"\" width=\"165\" height=\"87\" srcset=\"https:\/\/www.radiopiu.net\/wordpress\/wp-content\/uploads\/2023\/07\/CAF-CISL-300x158.png 300w, https:\/\/www.radiopiu.net\/wordpress\/wp-content\/uploads\/2023\/07\/CAF-CISL-1024x538.png 1024w, https:\/\/www.radiopiu.net\/wordpress\/wp-content\/uploads\/2023\/07\/CAF-CISL-768x403.png 768w, https:\/\/www.radiopiu.net\/wordpress\/wp-content\/uploads\/2023\/07\/CAF-CISL.png 1200w\" sizes=\"auto, (max-width: 165px) 100vw, 165px\" \/><\/a>puntata del 02 APRILE 2025<\/p>\n<p><strong>OSPITE SIBILLA MENEGUZ<\/strong><\/p>\n<audio class=\"wp-audio-shortcode\" id=\"audio-442767-11\" preload=\"none\" style=\"width: 100%;\" controls=\"controls\"><source type=\"audio\/mpeg\" src=\"https:\/\/www.radiopiu.net\/wordpress\/wp-content\/uploads\/2025\/03\/FEMCA-CISL-1.mp3?_=11\" \/><a href=\"https:\/\/www.radiopiu.net\/wordpress\/wp-content\/uploads\/2025\/03\/FEMCA-CISL-1.mp3\">https:\/\/www.radiopiu.net\/wordpress\/wp-content\/uploads\/2025\/03\/FEMCA-CISL-1.mp3<\/a><\/audio>\n<p>&nbsp;<\/p>\n<p><strong>LA RACCOLTA COMPLETA <a href=\"https:\/\/www.radiopiu.net\/wordpress\/cisl-e-femca-cisl-la-vocef\/\"><span style=\"color: #3366ff;\">CLICCA QUI<\/span><\/a><\/strong><\/p>\n<p>&nbsp;<\/p>\n<hr \/>\n<p>&nbsp;<\/p>\n<h2><span style=\"color: #008000;\"><a class=\"dt-pswp-item\" href=\"https:\/\/www.radiopiu.net\/wordpress\/wp-content\/uploads\/2022\/11\/scuola-zaino.jpeg\" data-dt-img-description=\"\" data-large_image_width=\"626\" data-large_image_height=\"417\"><img loading=\"lazy\" decoding=\"async\" class=\" wp-image-306830 alignleft\" src=\"https:\/\/www.radiopiu.net\/wordpress\/wp-content\/uploads\/2022\/11\/scuola-zaino-300x200.jpeg\" alt=\"\" width=\"186\" height=\"124\" srcset=\"https:\/\/www.radiopiu.net\/wordpress\/wp-content\/uploads\/2022\/11\/scuola-zaino-300x200.jpeg 300w, https:\/\/www.radiopiu.net\/wordpress\/wp-content\/uploads\/2022\/11\/scuola-zaino.jpeg 626w\" sizes=\"auto, (max-width: 186px) 100vw, 186px\" \/><\/a><span style=\"color: #800080;\">SE NON LA SMETTI TI MANDO DAL PRESIDE<\/span><\/span><\/h2>\n<p><strong>DI MIRKO MEZZACASA<\/strong><\/p>\n<p>CON MARIA ROSA SALMAZO<\/p>\n<p><strong>PUNTATA DEL 02 APRILE 2025<\/strong><\/p>\n<audio class=\"wp-audio-shortcode\" id=\"audio-442767-12\" preload=\"none\" style=\"width: 100%;\" controls=\"controls\"><source type=\"audio\/mpeg\" src=\"https:\/\/www.radiopiu.net\/wordpress\/wp-content\/uploads\/2025\/04\/PRESIDE.mp3?_=12\" \/><a href=\"https:\/\/www.radiopiu.net\/wordpress\/wp-content\/uploads\/2025\/04\/PRESIDE.mp3\">https:\/\/www.radiopiu.net\/wordpress\/wp-content\/uploads\/2025\/04\/PRESIDE.mp3<\/a><\/audio>\n<p>&nbsp;<\/p>\n<hr \/>\n<p>&nbsp;<\/p>\n<h2><span style=\"color: #ff99cc;\">AMAZING CALENDAR, CON MICHELA E MARINA <\/span><\/h2>\n<p><span style=\"color: #0000ff;\"><strong><a class=\"dt-pswp-item\" href=\"https:\/\/www.radiopiu.net\/wordpress\/wp-content\/uploads\/2018\/05\/SELVA-DI-CADORE.jpg\" data-dt-img-description=\"\" data-large_image_width=\"354\" data-large_image_height=\"142\"><img loading=\"lazy\" decoding=\"async\" class=\"size-medium wp-image-47474 alignleft\" src=\"https:\/\/www.radiopiu.net\/wordpress\/wp-content\/uploads\/2018\/05\/SELVA-DI-CADORE-300x120.jpg\" alt=\"\" width=\"300\" height=\"120\" srcset=\"https:\/\/www.radiopiu.net\/wordpress\/wp-content\/uploads\/2018\/05\/SELVA-DI-CADORE-300x120.jpg 300w, https:\/\/www.radiopiu.net\/wordpress\/wp-content\/uploads\/2018\/05\/SELVA-DI-CADORE.jpg 354w\" sizes=\"auto, (max-width: 300px) 100vw, 300px\" \/><\/a>12A PUNTATA &#8211; PARTE UNO<\/strong><\/span><\/p>\n<audio class=\"wp-audio-shortcode\" id=\"audio-442767-13\" preload=\"none\" style=\"width: 100%;\" controls=\"controls\"><source type=\"audio\/mpeg\" src=\"https:\/\/www.radiopiu.net\/wordpress\/wp-content\/uploads\/2025\/03\/AMAZING-CALENDAR-DODICESIMA-PUNTATA-1.mp3?_=13\" \/><a href=\"https:\/\/www.radiopiu.net\/wordpress\/wp-content\/uploads\/2025\/03\/AMAZING-CALENDAR-DODICESIMA-PUNTATA-1.mp3\">https:\/\/www.radiopiu.net\/wordpress\/wp-content\/uploads\/2025\/03\/AMAZING-CALENDAR-DODICESIMA-PUNTATA-1.mp3<\/a><\/audio>\n<p><span style=\"color: #0000ff;\"><strong>\u00a0<\/strong><\/span><\/p>\n<p><span style=\"color: #0000ff;\"><strong>PARTE DUE<\/strong><\/span><\/p>\n<audio class=\"wp-audio-shortcode\" id=\"audio-442767-14\" preload=\"none\" style=\"width: 100%;\" controls=\"controls\"><source type=\"audio\/mpeg\" src=\"https:\/\/www.radiopiu.net\/wordpress\/wp-content\/uploads\/2025\/03\/AMAZING-CALENDAR-DODICESIMA-PUNTATA-2.mp3?_=14\" \/><a href=\"https:\/\/www.radiopiu.net\/wordpress\/wp-content\/uploads\/2025\/03\/AMAZING-CALENDAR-DODICESIMA-PUNTATA-2.mp3\">https:\/\/www.radiopiu.net\/wordpress\/wp-content\/uploads\/2025\/03\/AMAZING-CALENDAR-DODICESIMA-PUNTATA-2.mp3<\/a><\/audio>\n<p><span style=\"color: #0000ff;\"><strong>\u00a0<\/strong><\/span><\/p>\n<p><span style=\"color: #0000ff;\"><strong>PARTE TRE<\/strong><\/span><\/p>\n<audio class=\"wp-audio-shortcode\" id=\"audio-442767-15\" preload=\"none\" style=\"width: 100%;\" controls=\"controls\"><source type=\"audio\/mpeg\" src=\"https:\/\/www.radiopiu.net\/wordpress\/wp-content\/uploads\/2025\/03\/AMAZING-CALENDAR-DODICESIMA-PUNTATA-3.mp3?_=15\" \/><a href=\"https:\/\/www.radiopiu.net\/wordpress\/wp-content\/uploads\/2025\/03\/AMAZING-CALENDAR-DODICESIMA-PUNTATA-3.mp3\">https:\/\/www.radiopiu.net\/wordpress\/wp-content\/uploads\/2025\/03\/AMAZING-CALENDAR-DODICESIMA-PUNTATA-3.mp3<\/a><\/audio>\n<p><span style=\"color: #0000ff;\"><strong>\u00a0\u00a0<\/strong><\/span><\/p>\n<p><strong>LA RACCOLTA COMPLETA <a href=\"https:\/\/www.radiopiu.net\/wordpress\/amazing-calendar-con-michela-e-marina-la-raccolta\/\"><span style=\"color: #3366ff;\">CLICCA QUI<\/span><\/a><\/strong><\/p>\n<p>&nbsp;<\/p>\n<hr \/>\n<p>&nbsp;<\/p>\n<blockquote class=\"wp-embedded-content\" data-secret=\"QjVGE2Dgrc\"><p><a href=\"https:\/\/www.radiopiu.net\/wordpress\/2005-valle-imperina-allattenzione-della-rai-radiotelevisione-italiana\/\">2005, VALLE IMPERINA ALL&#8217;ATTENZIONE DELLA RAI, RadioTELEVISIONE ITALIANA<\/a><\/p><\/blockquote>\n<p><iframe loading=\"lazy\" class=\"wp-embedded-content\" sandbox=\"allow-scripts\" security=\"restricted\" style=\"position: absolute; visibility: hidden;\" title=\"&#8220;2005, VALLE IMPERINA ALL&#8217;ATTENZIONE DELLA RAI, RadioTELEVISIONE ITALIANA&#8221; &#8212; Radio Pi\u00f9\" src=\"https:\/\/www.radiopiu.net\/wordpress\/2005-valle-imperina-allattenzione-della-rai-radiotelevisione-italiana\/embed\/#?secret=W4U6ZPDMUA#?secret=QjVGE2Dgrc\" data-secret=\"QjVGE2Dgrc\" width=\"600\" height=\"338\" frameborder=\"0\" marginwidth=\"0\" marginheight=\"0\" scrolling=\"no\"><\/iframe><\/p>\n<blockquote class=\"wp-embedded-content\" data-secret=\"pkTadVVuY6\"><p><a href=\"https:\/\/www.radiopiu.net\/wordpress\/con-mirco-tancon-linverno-nella-ski-area-san-pellegrino\/\">CON MIRCO TANCON,  L&#8217;INVERNO NELLA SKI AREA SAN PELLEGRINO<\/a><\/p><\/blockquote>\n<p><iframe loading=\"lazy\" class=\"wp-embedded-content\" sandbox=\"allow-scripts\" security=\"restricted\" style=\"position: absolute; visibility: hidden;\" title=\"&#8220;CON MIRCO TANCON,  L&#8217;INVERNO NELLA SKI AREA SAN PELLEGRINO&#8221; &#8212; Radio Pi\u00f9\" src=\"https:\/\/www.radiopiu.net\/wordpress\/con-mirco-tancon-linverno-nella-ski-area-san-pellegrino\/embed\/#?secret=RHIaCMCqjE#?secret=pkTadVVuY6\" data-secret=\"pkTadVVuY6\" width=\"600\" height=\"338\" frameborder=\"0\" marginwidth=\"0\" marginheight=\"0\" scrolling=\"no\"><\/iframe><\/p>\n<hr \/>\n<p>&nbsp;<\/p>\n<h2><span style=\"color: #ff0000;\"><a class=\"dt-pswp-item\" href=\"https:\/\/www.radiopiu.net\/wordpress\/wp-content\/uploads\/2018\/09\/appuntamenti.jpeg\" data-dt-img-description=\"\" data-large_image_width=\"800\" data-large_image_height=\"100\"><img loading=\"lazy\" decoding=\"async\" class=\"wp-image-61958 size-full aligncenter\" src=\"https:\/\/www.radiopiu.net\/wordpress\/wp-content\/uploads\/2018\/09\/appuntamenti.jpeg\" alt=\"\" width=\"800\" height=\"100\" srcset=\"https:\/\/www.radiopiu.net\/wordpress\/wp-content\/uploads\/2018\/09\/appuntamenti.jpeg 800w, https:\/\/www.radiopiu.net\/wordpress\/wp-content\/uploads\/2018\/09\/appuntamenti-300x38.jpeg 300w, https:\/\/www.radiopiu.net\/wordpress\/wp-content\/uploads\/2018\/09\/appuntamenti-768x96.jpeg 768w\" sizes=\"auto, (max-width: 800px) 100vw, 800px\" \/><\/a><\/span><\/h2>\n<p>&nbsp;<\/p>\n<div>\n<div class=\"\" dir=\"auto\">\n<div id=\":r9h:\" class=\"x1iorvi4 x1pi30zi x1l90r2v x1swvt13\" data-ad-comet-preview=\"message\" data-ad-preview=\"message\">\n<div class=\"\" dir=\"auto\">\n<div id=\":r9h:\" class=\"x1iorvi4 x1pi30zi x1l90r2v x1swvt13\" data-ad-comet-preview=\"message\" data-ad-preview=\"message\">\n<div class=\"\" dir=\"auto\">\n<div id=\":r9h:\" class=\"x1iorvi4 x1pi30zi x1l90r2v x1swvt13\" data-ad-comet-preview=\"message\" data-ad-preview=\"message\">\n<div class=\"\" dir=\"auto\">\n<div id=\":r9h:\" class=\"x1iorvi4 x1pi30zi x1l90r2v x1swvt13\" data-ad-comet-preview=\"message\" data-ad-preview=\"message\">\n<div>\n<div class=\"\" dir=\"auto\">\n<div id=\":r9h:\" class=\"x1iorvi4 x1pi30zi x1l90r2v x1swvt13\" data-ad-comet-preview=\"message\" data-ad-preview=\"message\">\n<div>\n<div class=\"\" dir=\"auto\">\n<div id=\":r9h:\" class=\"x1iorvi4 x1pi30zi x1l90r2v x1swvt13\" data-ad-comet-preview=\"message\" data-ad-preview=\"message\">\n<div class=\"xdj266r x11i5rnm xat24cr x1mh8g0r x1vvkbs x126k92a\">\n<div dir=\"auto\"><\/div>\n<\/div>\n<div>\n<div class=\"\" dir=\"auto\">\n<div id=\":r9h:\" class=\"x1iorvi4 x1pi30zi x1l90r2v x1swvt13\" data-ad-comet-preview=\"message\" data-ad-preview=\"message\">\n<div>\n<div class=\"\" dir=\"auto\">\n<div id=\":r9h:\" class=\"x1iorvi4 x1pi30zi x1l90r2v x1swvt13\" data-ad-comet-preview=\"message\" data-ad-preview=\"message\">\n\n\t\t\t<style type='text\/css'>\n\t\t\t\t#gallery-3 {\n\t\t\t\t\tmargin: auto;\n\t\t\t\t}\n\t\t\t\t#gallery-3 .gallery-item {\n\t\t\t\t\tfloat: left;\n\t\t\t\t\tmargin-top: 10px;\n\t\t\t\t\ttext-align: center;\n\t\t\t\t\twidth: 25%;\n\t\t\t\t}\n\t\t\t\t#gallery-3 img {\n\t\t\t\t\tborder: 2px solid #cfcfcf;\n\t\t\t\t}\n\t\t\t\t#gallery-3 .gallery-caption {\n\t\t\t\t\tmargin-left: 0;\n\t\t\t\t}\n\t\t\t\t\/* see gallery_shortcode() in wp-includes\/media.php *\/\n\t\t\t<\/style>\n\t\t<div id='gallery-3' class='dt-gallery-container gallery galleryid-442767 gallery-columns-4 gallery-size-thumbnail'><dl class='gallery-item'>\n\t\t\t\t<dt class='gallery-icon portrait'>\n\t\t\t\t\t<a class=\"rollover rollover-zoom dt-pswp-item\" title=\"FB_IMG_1743405703758\" data-dt-img-description=\"\" data-large_image_width=\"680\" data-large_image_height=\"960\"href='https:\/\/www.radiopiu.net\/wordpress\/wp-content\/uploads\/2025\/03\/FB_IMG_1743405703758.jpg'><img loading=\"lazy\" decoding=\"async\" width=\"150\" height=\"150\" src=\"https:\/\/www.radiopiu.net\/wordpress\/wp-content\/uploads\/2025\/03\/FB_IMG_1743405703758-150x150.jpg\" class=\"attachment-thumbnail size-thumbnail\" alt=\"\" \/><\/a>\n\t\t\t\t<\/dt><\/dl><dl class='gallery-item'>\n\t\t\t\t<dt class='gallery-icon portrait'>\n\t\t\t\t\t<a class=\"rollover rollover-zoom dt-pswp-item\" title=\"Senza nome\" data-dt-img-description=\"\" data-large_image_width=\"569\" data-large_image_height=\"801\"href='https:\/\/www.radiopiu.net\/wordpress\/wp-content\/uploads\/2025\/02\/Senza-nome-23.png'><img loading=\"lazy\" decoding=\"async\" width=\"150\" height=\"150\" src=\"https:\/\/www.radiopiu.net\/wordpress\/wp-content\/uploads\/2025\/02\/Senza-nome-23-150x150.png\" class=\"attachment-thumbnail size-thumbnail\" alt=\"\" \/><\/a>\n\t\t\t\t<\/dt><\/dl><dl class='gallery-item'>\n\t\t\t\t<dt class='gallery-icon portrait'>\n\t\t\t\t\t<a class=\"rollover rollover-zoom dt-pswp-item\" title=\"Screenshot\" data-dt-img-description=\"\" data-large_image_width=\"836\" data-large_image_height=\"1184\"href='https:\/\/www.radiopiu.net\/wordpress\/wp-content\/uploads\/2025\/03\/SCR-20250330-sbqg.jpeg'><img loading=\"lazy\" decoding=\"async\" width=\"150\" height=\"150\" src=\"https:\/\/www.radiopiu.net\/wordpress\/wp-content\/uploads\/2025\/03\/SCR-20250330-sbqg-150x150.jpeg\" class=\"attachment-thumbnail size-thumbnail\" alt=\"\" \/><\/a>\n\t\t\t\t<\/dt><\/dl><dl class='gallery-item'>\n\t\t\t\t<dt class='gallery-icon portrait'>\n\t\t\t\t\t<a class=\"rollover rollover-zoom dt-pswp-item\" title=\"Aprile\" data-dt-img-description=\"\" data-large_image_width=\"841\" data-large_image_height=\"1190\"href='https:\/\/www.radiopiu.net\/wordpress\/wp-content\/uploads\/2025\/03\/Aprile.jpg'><img loading=\"lazy\" decoding=\"async\" width=\"150\" height=\"150\" src=\"https:\/\/www.radiopiu.net\/wordpress\/wp-content\/uploads\/2025\/03\/Aprile-150x150.jpg\" class=\"attachment-thumbnail size-thumbnail\" alt=\"\" \/><\/a>\n\t\t\t\t<\/dt><\/dl><br style=\"clear: both\" \/><dl class='gallery-item'>\n\t\t\t\t<dt class='gallery-icon portrait'>\n\t\t\t\t\t<a class=\"rollover rollover-zoom dt-pswp-item\" title=\"wnEWMSHDfvy6\" data-dt-img-description=\"\" data-large_image_width=\"962\" data-large_image_height=\"1328\"href='https:\/\/www.radiopiu.net\/wordpress\/wp-content\/uploads\/2025\/03\/wnEWMSHDfvy6.jpg'><img loading=\"lazy\" decoding=\"async\" width=\"150\" height=\"150\" src=\"https:\/\/www.radiopiu.net\/wordpress\/wp-content\/uploads\/2025\/03\/wnEWMSHDfvy6-150x150.jpg\" class=\"attachment-thumbnail size-thumbnail\" alt=\"\" \/><\/a>\n\t\t\t\t<\/dt><\/dl><dl class='gallery-item'>\n\t\t\t\t<dt class='gallery-icon portrait'>\n\t\t\t\t\t<a class=\"rollover rollover-zoom dt-pswp-item\" title=\"Locandina posturale primavera 2025\" data-dt-img-description=\"\" data-large_image_width=\"1132\" data-large_image_height=\"1600\"href='https:\/\/www.radiopiu.net\/wordpress\/wp-content\/uploads\/2025\/03\/Locandina-posturale-primavera-2025.jpeg'><img loading=\"lazy\" decoding=\"async\" width=\"150\" height=\"150\" src=\"https:\/\/www.radiopiu.net\/wordpress\/wp-content\/uploads\/2025\/03\/Locandina-posturale-primavera-2025-150x150.jpeg\" class=\"attachment-thumbnail size-thumbnail\" alt=\"\" \/><\/a>\n\t\t\t\t<\/dt><\/dl><dl class='gallery-item'>\n\t\t\t\t<dt class='gallery-icon portrait'>\n\t\t\t\t\t<a class=\"rollover rollover-zoom dt-pswp-item\" title=\"Locandina Gardaland 19.05.2025\" data-dt-img-description=\"\" data-large_image_width=\"1131\" data-large_image_height=\"1600\"href='https:\/\/www.radiopiu.net\/wordpress\/wp-content\/uploads\/2025\/03\/Locandina-Gardaland-19.05.2025.jpeg'><img loading=\"lazy\" decoding=\"async\" width=\"150\" height=\"150\" src=\"https:\/\/www.radiopiu.net\/wordpress\/wp-content\/uploads\/2025\/03\/Locandina-Gardaland-19.05.2025-150x150.jpeg\" class=\"attachment-thumbnail size-thumbnail\" alt=\"\" \/><\/a>\n\t\t\t\t<\/dt><\/dl><dl class='gallery-item'>\n\t\t\t\t<dt class='gallery-icon portrait'>\n\t\t\t\t\t<a class=\"rollover rollover-zoom dt-pswp-item\" title=\"7f11fd7d-b9ad-4719-8f18-813d20b79cce\" data-dt-img-description=\"\" data-large_image_width=\"900\" data-large_image_height=\"1600\"href='https:\/\/www.radiopiu.net\/wordpress\/wp-content\/uploads\/2025\/04\/7f11fd7d-b9ad-4719-8f18-813d20b79cce.jpg'><img loading=\"lazy\" decoding=\"async\" width=\"150\" height=\"150\" src=\"https:\/\/www.radiopiu.net\/wordpress\/wp-content\/uploads\/2025\/04\/7f11fd7d-b9ad-4719-8f18-813d20b79cce-150x150.jpg\" class=\"attachment-thumbnail size-thumbnail\" alt=\"\" \/><\/a>\n\t\t\t\t<\/dt><\/dl><br style=\"clear: both\" \/><dl class='gallery-item'>\n\t\t\t\t<dt class='gallery-icon landscape'>\n\t\t\t\t\t<a class=\"rollover rollover-zoom dt-pswp-item\" title=\"Senza nome\" data-dt-img-description=\"\" data-large_image_width=\"753\" data-large_image_height=\"334\"href='https:\/\/www.radiopiu.net\/wordpress\/wp-content\/uploads\/2025\/04\/Senza-nome-2.png'><img loading=\"lazy\" decoding=\"async\" width=\"150\" height=\"150\" src=\"https:\/\/www.radiopiu.net\/wordpress\/wp-content\/uploads\/2025\/04\/Senza-nome-2-150x150.png\" class=\"attachment-thumbnail size-thumbnail\" alt=\"\" \/><\/a>\n\t\t\t\t<\/dt><\/dl><dl class='gallery-item'>\n\t\t\t\t<dt class='gallery-icon landscape'>\n\t\t\t\t\t<a class=\"rollover rollover-zoom dt-pswp-item\" title=\"Senza nome\" data-dt-img-description=\"\" data-large_image_width=\"551\" data-large_image_height=\"312\"href='https:\/\/www.radiopiu.net\/wordpress\/wp-content\/uploads\/2025\/04\/Senza-nome.png'><img loading=\"lazy\" decoding=\"async\" width=\"150\" height=\"150\" src=\"https:\/\/www.radiopiu.net\/wordpress\/wp-content\/uploads\/2025\/04\/Senza-nome-150x150.png\" class=\"attachment-thumbnail size-thumbnail\" alt=\"\" \/><\/a>\n\t\t\t\t<\/dt><\/dl>\n\t\t\t\t<br style='clear: both' \/>\n\t\t\t<\/div>\n\n<p>&nbsp;<\/p>\n<blockquote class=\"wp-embedded-content\" data-secret=\"HG24ePmCEg\"><p><a href=\"https:\/\/www.radiopiu.net\/wordpress\/verso-la-pasqua-a-taibon-san-vincenzo-a-toccol-parech-prompicai-archivio-radiopiu\/\">VERSO LA PASQUA A TAIBON&#8230; SAN VINCENZO A TOCCOL-PARECH-PROMPICAI archivio radiopiu<\/a><\/p><\/blockquote>\n<p><iframe loading=\"lazy\" class=\"wp-embedded-content\" sandbox=\"allow-scripts\" security=\"restricted\" style=\"position: absolute; visibility: hidden;\" title=\"&#8220;VERSO LA PASQUA A TAIBON&#8230; SAN VINCENZO A TOCCOL-PARECH-PROMPICAI archivio radiopiu&#8221; &#8212; Radio Pi\u00f9\" src=\"https:\/\/www.radiopiu.net\/wordpress\/verso-la-pasqua-a-taibon-san-vincenzo-a-toccol-parech-prompicai-archivio-radiopiu\/embed\/#?secret=K5MHg5Oy4m#?secret=HG24ePmCEg\" data-secret=\"HG24ePmCEg\" width=\"600\" height=\"338\" frameborder=\"0\" marginwidth=\"0\" marginheight=\"0\" scrolling=\"no\"><\/iframe><\/p>\n<hr \/>\n<p>&nbsp;<\/p>\n<p>&nbsp;<\/p>\n<\/div>\n<\/div>\n<\/div>\n<\/div>\n<\/div>\n<\/div>\n<\/div>\n<\/div>\n<\/div>\n<\/div>\n<\/div>\n<\/div>\n<\/div>\n<\/div>\n<\/div>\n<\/div>\n<\/div>\n<\/div>\n<\/div>\n<\/div>\n<\/div>\n<p class=\"mceTemp\"><a class=\"dt-pswp-item\" href=\"https:\/\/www.radiopiu.net\/wordpress\/wp-content\/uploads\/2018\/09\/WhatsApp-Image-2018-09-20-at-16.04.06.jpeg\" data-dt-img-description=\"\" data-large_image_width=\"800\" data-large_image_height=\"100\"><img loading=\"lazy\" decoding=\"async\" class=\"wp-image-61378 size-full aligncenter\" src=\"https:\/\/www.radiopiu.net\/wordpress\/wp-content\/uploads\/2018\/09\/WhatsApp-Image-2018-09-20-at-16.04.06.jpeg\" alt=\"\" width=\"800\" height=\"100\" srcset=\"https:\/\/www.radiopiu.net\/wordpress\/wp-content\/uploads\/2018\/09\/WhatsApp-Image-2018-09-20-at-16.04.06.jpeg 800w, https:\/\/www.radiopiu.net\/wordpress\/wp-content\/uploads\/2018\/09\/WhatsApp-Image-2018-09-20-at-16.04.06-300x38.jpeg 300w, https:\/\/www.radiopiu.net\/wordpress\/wp-content\/uploads\/2018\/09\/WhatsApp-Image-2018-09-20-at-16.04.06-768x96.jpeg 768w\" sizes=\"auto, (max-width: 800px) 100vw, 800px\" \/><\/a><\/p>\n<p><center><\/center><center><\/center>&nbsp;<\/p>\n<p><center><b>OGGI<\/b><\/center>Nella notte fino al primo mattino cielo irregolarmente nuvoloso, poi tendenza a schiarite anche ampie ma con possibili nuovi annuvolamenti qua e l\u00e0 nel pomeriggio, specie su Prealpi.<br \/>\n<b>Precipitazioni: <\/b>Durante la notte e nel pomeriggio\/sera qualche fiocco qua e l\u00e0 oltre i 1600-1900 m in nottata, 2200-2400 nel pomeriggio.<br \/>\nTemperature in aumento, specie le massime.<\/p>\n<hr \/>\n<p><center><b>DOMANI<\/b><\/center>Su Dolomiti cielo poco nuvoloso con qualche nube in pi\u00f9 fino all&#8217;alba e verso sera, pi\u00f9 nubi su Prealpi con cielo per lo pi\u00f9 nuvoloso assieme a qualche schiarita.<br \/>\n<b>Precipitazioni: <\/b>Non esclusa qualche goccia o breve piovasco qua e l\u00e0 specie su Prealpi<br \/>\n<b>\u00a0<\/b>Temperature stazionarie o in lieve calo.<\/p>\n<hr \/>\n<p><center><b>SABATO<\/b><\/center>Cielo per lo pi\u00f9 poco nuvoloso, con nubi basse fino all&#8217;alba in qualche valle, e velature nel pomeriggio. Verso sera aumento irregolare delle nubi. Temperature in lieve aumento specie le massime, poi in repentino calo dalla tarda serata.<\/p>\n<hr \/>\n<p><center><b>DOMENICA<\/b><\/center>Evoluzione incerta: nubi su Prealpi e Dolomiti meridionali con qualche fiocco possibile attorno a 1000 m, schiarite su Dolomiti nord. Temperature in forte calo.<\/p>\n<p>&nbsp;<\/p>\n<p>&nbsp;<\/p>\n<hr \/>\n<p>&nbsp;<\/p>\n<p class=\"mceTemp\"><a class=\"dt-pswp-item\" href=\"https:\/\/www.radiopiu.net\/wordpress\/wp-content\/uploads\/2018\/09\/sport.jpg\" data-dt-img-description=\"\" data-large_image_width=\"800\" data-large_image_height=\"100\"><img loading=\"lazy\" decoding=\"async\" class=\"aligncenter wp-image-60761 size-full\" src=\"https:\/\/www.radiopiu.net\/wordpress\/wp-content\/uploads\/2018\/09\/sport.jpg\" alt=\"\" width=\"800\" height=\"100\" srcset=\"https:\/\/www.radiopiu.net\/wordpress\/wp-content\/uploads\/2018\/09\/sport.jpg 800w, https:\/\/www.radiopiu.net\/wordpress\/wp-content\/uploads\/2018\/09\/sport-300x38.jpg 300w, https:\/\/www.radiopiu.net\/wordpress\/wp-content\/uploads\/2018\/09\/sport-768x96.jpg 768w\" sizes=\"auto, (max-width: 800px) 100vw, 800px\" \/> <\/a><\/p>\n<p class=\"mceTemp\"><span style=\"color: #0000ff;\"><strong>\u00a0 \u00a0 \u00a0 \u00a0 \u00a0<\/strong><\/span><\/p>\n<p><span style=\"color: #0000ff;\"><strong>CORSA CAMPESTRE<\/strong><\/span><\/p>\n<blockquote>\n<h3>LA SANTISSIMA IL 26 APRILE A LIMANA<\/h3>\n<\/blockquote>\n<p><a class=\"dt-pswp-item\" href=\"https:\/\/www.radiopiu.net\/wordpress\/wp-content\/uploads\/2025\/04\/@ti-comunicazione.com_SANTISSIMA-2024_gara-giovanile.jpg\" data-dt-img-description=\"\" data-large_image_width=\"2500\" data-large_image_height=\"1406\"><img loading=\"lazy\" decoding=\"async\" class=\" wp-image-442871 alignleft\" src=\"https:\/\/www.radiopiu.net\/wordpress\/wp-content\/uploads\/2025\/04\/@ti-comunicazione.com_SANTISSIMA-2024_gara-giovanile-300x169.jpg\" alt=\"\" width=\"185\" height=\"104\" srcset=\"https:\/\/www.radiopiu.net\/wordpress\/wp-content\/uploads\/2025\/04\/@ti-comunicazione.com_SANTISSIMA-2024_gara-giovanile-300x169.jpg 300w, https:\/\/www.radiopiu.net\/wordpress\/wp-content\/uploads\/2025\/04\/@ti-comunicazione.com_SANTISSIMA-2024_gara-giovanile-1024x576.jpg 1024w, https:\/\/www.radiopiu.net\/wordpress\/wp-content\/uploads\/2025\/04\/@ti-comunicazione.com_SANTISSIMA-2024_gara-giovanile-768x432.jpg 768w, https:\/\/www.radiopiu.net\/wordpress\/wp-content\/uploads\/2025\/04\/@ti-comunicazione.com_SANTISSIMA-2024_gara-giovanile-1536x864.jpg 1536w, https:\/\/www.radiopiu.net\/wordpress\/wp-content\/uploads\/2025\/04\/@ti-comunicazione.com_SANTISSIMA-2024_gara-giovanile-2048x1152.jpg 2048w\" sizes=\"auto, (max-width: 185px) 100vw, 185px\" \/><\/a>La quarta edizione de \u201cLa Santissima\u201d si terr\u00e0 il 26 e 27 aprile 2025 a Limana, sulle Prealpi Bellunesi. L\u2019evento assegner\u00e0 i titoli italiani Master di corsa in montagna e i campionati regionali e provinciali giovanili. Il percorso, collaudato, parte dal centro di Limana e arriva a Valpiana, luogo caro a Dino Buzzati. Oltre alla competizione, l\u2019evento avr\u00e0 un\u2019importante finalit\u00e0 solidale grazie alla collaborazione con l\u2019AIDO di Belluno, che festeggia il 50\u00b0 anniversario. Sabato 26 aprile si svolger\u00e0 \u201cCammina con cuore\u201d, una passeggiata ad anello a Valpiana per promuovere la donazione di organi e valorizzare il territorio. L\u2019iniziativa, con momenti di arte e botanica, inizier\u00e0 alle 14:30 con gruppi di massimo 30 persone. Iscrizioni entro il 22 aprile. Nel pomeriggio di sabato, alle 16:30, partiranno le gare giovanili valide per il Campionato provinciale e il Grand Prix Giovani. Le premiazioni avverranno dalle 19. Domenica 27 aprile sar\u00e0 invece dedicata alle competizioni Master, con i titoli italiani in palio.<\/p>\n<p>&nbsp;<\/p>\n","protected":false},"excerpt":{"rendered":"<p>****** &nbsp; &nbsp; LA\u00a0 APP PER IOS-IPHONE di Nicola Vettorello https:\/\/apps.apple.com\/it\/app\/radio-pi%C3%B9-emittente-agordina\/id1515939845 LA\u00a0 APP RADIO\u00a0 PER ANDROID di Nicola Vettorello https:\/\/play.google.com\/store\/apps\/details?id=net.radiopiu.iniko\u00a0\u00a0\u00a0\u00a0 &nbsp; &nbsp; &nbsp; \u00a0 &nbsp; OGGI \u00a0\u00a0 \u00a009.00\u00a0 LA MUSICA COUNTRY DA 42 ANNI ALLA RADIO, CON ALEX NASCINMBEN\u00a0 10.10 SPECIALE SKI AREA SAN PELLEGRINO, OSPITE MIRCO TANCON 10.30\u00a0 \u00a0SPI CGIL BELLUNO, QUINDICINALE APPUNTAMENTO CON&hellip;<\/p>\n","protected":false},"author":4,"featured_media":442917,"comment_status":"closed","ping_status":"closed","sticky":false,"template":"","format":"standard","meta":{"_monsterinsights_skip_tracking":false,"_monsterinsights_sitenote_active":false,"_monsterinsights_sitenote_note":"","_monsterinsights_sitenote_category":0,"footnotes":""},"categories":[51,86,49],"tags":[],"class_list":["post-442767","post","type-post","status-publish","format-standard","has-post-thumbnail","hentry","category-evidenza-top","category-gr","category-news-18","category-51","category-86","category-49","description-off"],"img_url":"https:\/\/www.radiopiu.net\/wordpress\/wp-content\/uploads\/2025\/04\/WhatsApp-Image-2025-04-02-at-17.35.50.jpeg","_links":{"self":[{"href":"https:\/\/www.radiopiu.net\/wordpress\/wp-json\/wp\/v2\/posts\/442767","targetHints":{"allow":["GET"]}}],"collection":[{"href":"https:\/\/www.radiopiu.net\/wordpress\/wp-json\/wp\/v2\/posts"}],"about":[{"href":"https:\/\/www.radiopiu.net\/wordpress\/wp-json\/wp\/v2\/types\/post"}],"author":[{"embeddable":true,"href":"https:\/\/www.radiopiu.net\/wordpress\/wp-json\/wp\/v2\/users\/4"}],"replies":[{"embeddable":true,"href":"https:\/\/www.radiopiu.net\/wordpress\/wp-json\/wp\/v2\/comments?post=442767"}],"version-history":[{"count":33,"href":"https:\/\/www.radiopiu.net\/wordpress\/wp-json\/wp\/v2\/posts\/442767\/revisions"}],"predecessor-version":[{"id":442967,"href":"https:\/\/www.radiopiu.net\/wordpress\/wp-json\/wp\/v2\/posts\/442767\/revisions\/442967"}],"wp:featuredmedia":[{"embeddable":true,"href":"https:\/\/www.radiopiu.net\/wordpress\/wp-json\/wp\/v2\/media\/442917"}],"wp:attachment":[{"href":"https:\/\/www.radiopiu.net\/wordpress\/wp-json\/wp\/v2\/media?parent=442767"}],"wp:term":[{"taxonomy":"category","embeddable":true,"href":"https:\/\/www.radiopiu.net\/wordpress\/wp-json\/wp\/v2\/categories?post=442767"},{"taxonomy":"post_tag","embeddable":true,"href":"https:\/\/www.radiopiu.net\/wordpress\/wp-json\/wp\/v2\/tags?post=442767"}],"curies":[{"name":"wp","href":"https:\/\/api.w.org\/{rel}","templated":true}]}}