{"id":442769,"date":"2025-04-02T05:54:36","date_gmt":"2025-04-02T03:54:36","guid":{"rendered":"https:\/\/www.radiopiu.net\/wordpress\/?p=442769"},"modified":"2025-04-02T06:04:08","modified_gmt":"2025-04-02T04:04:08","slug":"maltrattamenti-agli-anziani-decisione-il-27-maggio","status":"publish","type":"post","link":"https:\/\/www.radiopiu.net\/wordpress\/maltrattamenti-agli-anziani-decisione-il-27-maggio\/","title":{"rendered":"MALTRATTAMENTI AGLI ANZIANI: DECISIONE IL 27 MAGGIO"},"content":{"rendered":"<p>**<\/p>\n<p><strong>LA GIUDIZIARIA OGGI<\/strong><br \/>\n<strong>SINTESI DAL CORRIERE DELLE ALPI<\/strong><\/p>\n<blockquote>\n<h3><strong>DI GIGI SOSSO<br \/>\n<\/strong><\/h3>\n<\/blockquote>\n<p><strong>FELTRE<\/strong> Chiesto il patteggiamento per quattro imputati nel caso dei maltrattamenti agli anziani della San Vincenzo. La Procura contesta a tutti il reato in concorso, con accuse di abusi fisici e psicotropi somministrati senza prescrizione. Alcuni imputati sollevano eccezioni sulla vaghezza delle accuse. Il giudice decider\u00e0 il 27 maggio su patteggiamenti, rito abbreviato e rinvii a giudizio. Gli anziani, spesso non autosufficienti, sarebbero stati strattonati, lasciati senza igiene adeguata e persino morsi da un cane. La pubblica accusa ritiene sufficienti le prove raccolte, tra cui filmati dei carabinieri di Feltre.<\/p>\n<article class=\"w-full text-token-text-primary\" dir=\"auto\" data-testid=\"conversation-turn-8\" data-scroll-anchor=\"true\">\n<div class=\"text-base my-auto mx-auto py-5 px-6\">\n<div class=\"mx-auto flex flex-1 text-base gap-4 md:gap-5 lg:gap-6 md:max-w-3xl group\/turn-messages focus-visible:outline-none\" tabindex=\"-1\">\n<div class=\"group\/conversation-turn relative flex w-full min-w-0 flex-col agent-turn @xs\/thread:px-0 @sm\/thread:px-1.5 @md\/thread:px-4\">\n<div class=\"relative flex-col gap-1 md:gap-3\">\n<div class=\"flex max-w-full flex-col flex-grow\">\n<div class=\"min-h-8 text-message relative flex w-full flex-col items-end gap-2 whitespace-normal break-words text-start [.text-message+&amp;]:mt-5\" dir=\"auto\" data-message-author-role=\"assistant\" data-message-id=\"8e408e5e-748c-49b7-8a6f-5c00bfdacae4\" data-message-model-slug=\"gpt-4o\">\n<div class=\"flex w-full flex-col gap-1 empty:hidden first:pt-[3px]\">\n<div class=\"markdown prose w-full break-words dark:prose-invert dark\">\n<blockquote>\n<blockquote>\n<h3 class=\"\" data-start=\"0\" data-end=\"82\"><strong data-start=\"4\" data-end=\"82\">AGGRESSIONE AD UN AUTISTA DELLA DOLOMITI BUS: IL CASO FINISCE IN TRIBUNALE<\/strong><\/h3>\n<\/blockquote>\n<p class=\"\" data-start=\"84\" data-end=\"822\"><strong><a class=\"dt-pswp-item\" href=\"https:\/\/www.radiopiu.net\/wordpress\/wp-content\/uploads\/2024\/07\/DolomitiBus.png\" data-dt-img-description=\"\" data-large_image_width=\"3006\" data-large_image_height=\"1276\"><img loading=\"lazy\" decoding=\"async\" class=\" wp-image-398037 alignleft\" src=\"https:\/\/www.radiopiu.net\/wordpress\/wp-content\/uploads\/2024\/07\/DolomitiBus-300x127.png\" alt=\"\" width=\"260\" height=\"110\" srcset=\"https:\/\/www.radiopiu.net\/wordpress\/wp-content\/uploads\/2024\/07\/DolomitiBus-300x127.png 300w, https:\/\/www.radiopiu.net\/wordpress\/wp-content\/uploads\/2024\/07\/DolomitiBus-1024x435.png 1024w, https:\/\/www.radiopiu.net\/wordpress\/wp-content\/uploads\/2024\/07\/DolomitiBus-768x326.png 768w, https:\/\/www.radiopiu.net\/wordpress\/wp-content\/uploads\/2024\/07\/DolomitiBus-1536x652.png 1536w, https:\/\/www.radiopiu.net\/wordpress\/wp-content\/uploads\/2024\/07\/DolomitiBus-2048x869.png 2048w\" sizes=\"auto, (max-width: 260px) 100vw, 260px\" \/><\/a>CORTINA<\/strong>\u00a0 caso di aggressione a un autista della Dolomiti Bus \u00e8 giunto in tribunale. L&#8217;incidente, avvenuto il 22 febbraio, ha visto coinvolto un residente noto per comportamenti violenti. Mentre il mezzo di trasporto pubblico era fermo in colonna in via Guglielmo Marconi, vicino al cantiere dell&#8217;ex stazione, l&#8217;aggressore \u00e8 sceso dalla sua auto armato di un corpo contundente. L&#8217;autista, visibilmente spaventato, ha dovuto affrontare l&#8217;aggressione alla presenza di numerosi turisti. L&#8217;episodio ha suscitato preoccupazione tra i lavoratori del settore, portando alla denuncia dell&#8217;aggressore, il quale dovr\u00e0 rispondere delle sue azioni in tribunale.\n<\/p>\n<h3 class=\"\" data-start=\"0\" data-end=\"48\"><strong data-start=\"4\" data-end=\"48\" data-is-last-node=\"\" data-is-only-node=\"\">GIACCONI IN RITARDO: VERSO L\u2019ASSOLUZIONE<\/strong><\/h3>\n<\/blockquote>\n<\/div>\n<\/div>\n<\/div>\n<\/div>\n<div class=\"flex justify-start\">\n<div class=\"-me-1 -ms-2.5 flex select-none items-center p-1 touch:-me-2 touch:-ms-3.5 -mt-1 duration-[1.5s] focus-within:transition-none hover:transition-none pointer-events-none [mask-image:linear-gradient(to_right,black_33%,transparent_66%)] [mask-position:100%_0%] [mask-size:300%_100%] motion-safe:transition-[mask-position] group-hover\/turn-messages:pointer-events-auto group-hover\/turn-messages:[mask-position:0_0] group-focus-within\/turn-messages:pointer-events-auto group-focus-within\/turn-messages:[mask-position:0_0] has-[[data-state=open]]:pointer-events-auto has-[[data-state=open]]:[mask-position:0_0]\"><strong>BELLUNO<\/strong> Il caso dei giacconi della Dolomiti Bellunesi con marchio Joma contraffatto si avvia verso una sentenza di assoluzione. La Procura aveva chiesto sei mesi di reclusione per Mauro Prizzon e William Gobbato, ma una telefonata decisiva ha chiarito che il ritardo nella fornitura era stato gestito con il consenso di un rappresentante Joma. La difesa sostiene l\u2019assenza di dolo e la tenuit\u00e0 del fatto. La sentenza \u00e8 attesa per marted\u00ec 15 aprile. L\u2019azienda non si \u00e8 costituita parte civile.<\/div>\n<\/div>\n<\/div>\n<\/div>\n<\/div>\n<\/div>\n<\/article>\n<div class=\"pointer-events-none h-px w-px\" aria-hidden=\"true\" data-edge=\"true\">\n<blockquote>\n<h3 class=\"\" data-start=\"0\" data-end=\"53\"><strong data-start=\"4\" data-end=\"51\">AGGRESSIONE IN COMUNIT\u00c0: ATTESA LA SENTENZA<\/strong><\/h3>\n<\/blockquote>\n<p class=\"\" data-start=\"55\" data-end=\"532\"><strong>SETTEVILLE<\/strong> Un giovane \u00e8 stato picchiato in comunit\u00e0 per aver lasciato la luce accesa la sera del 15 ottobre 2022. L\u2019imputato, lo avrebbe aggredito con pugni, calci e una paletta per la spazzatura, mandandolo in ospedale. La vittima, risultata positiva agli stupefacenti, non si \u00e8 costituita parte civile n\u00e9 ha chiesto risarcimenti, ma desidera la condanna dell\u2019aggressore. Il processo si concluder\u00e0 il 29 aprile con la discussione del pubblico ministero Giuseppe Gulli.<\/p>\n<blockquote>\n<h3 class=\"\" data-start=\"0\" data-end=\"62\"><strong data-start=\"4\" data-end=\"60\">\u00a0A PROCESSO PER MOLESTIE SESSUALI ALLA VICINA<\/strong><\/h3>\n<\/blockquote>\n<p class=\"\" data-start=\"64\" data-end=\"572\"><strong>FELTRE<\/strong> Un cittadino romeno residente a Feltre \u00e8 accusato di molestie sessuali nei confronti della vicina di casa. Secondo l\u2019accusa, l\u2019uomo avrebbe pi\u00f9 volte palpeggiato la donna mentre si trovava in giardino. Nonostante il ritiro della querela, il processo andr\u00e0 avanti perch\u00e9 il reato \u00e8 procedibile d\u2019ufficio. La prima udienza \u00e8 fissata per il 23 aprile. Anche la moglie dell\u2019imputato \u00e8 a processo per minacce aggravate contro la stessa donna. Il giudice ha rinviato l\u2019udienza in attesa di sentire nuovi testimoni.<\/p>\n<blockquote>\n<h3 class=\"\" data-start=\"0\" data-end=\"71\"><strong data-start=\"4\" data-end=\"71\">CORO ANTI CARABINIERI NEL PUB: DUE CLIENTI ASSOLTI IN TRIBUNALE<\/strong><\/h3>\n<\/blockquote>\n<p class=\"\" data-start=\"73\" data-end=\"779\"><strong>CORTINA<\/strong> Due clienti di un discopub di Cortina\u00a0 sono stati assolti dal tribunale dopo essere stati accusati di aver intonato un coro offensivo contro i carabinieri. La Procura non \u00e8 riuscita a provare che i due fossero i responsabili del coro, che conteneva espressioni offensive verso le forze dell&#8217;ordine. Nonostante il coro provenisse dalle loro spalle, la prova contro i due imputati \u00e8 risultata insufficiente o contraddittoria. Il giudice Cristina Cittolin ha dichiarato che il fatto non sussiste, dando ragione alla difesa, che ha chiesto l&#8217;assoluzione.<\/p>\n<p>__<\/p>\n<\/div>\n","protected":false},"excerpt":{"rendered":"<p>** LA GIUDIZIARIA OGGI SINTESI DAL CORRIERE DELLE ALPI DI GIGI SOSSO FELTRE Chiesto il patteggiamento per quattro imputati nel caso dei maltrattamenti agli anziani della San Vincenzo. La Procura contesta a tutti il reato in concorso, con accuse di abusi fisici e psicotropi somministrati senza prescrizione. Alcuni imputati sollevano eccezioni sulla vaghezza delle accuse.&hellip;<\/p>\n","protected":false},"author":4,"featured_media":232453,"comment_status":"closed","ping_status":"closed","sticky":false,"template":"","format":"standard","meta":{"_monsterinsights_skip_tracking":false,"_monsterinsights_sitenote_active":false,"_monsterinsights_sitenote_note":"","_monsterinsights_sitenote_category":0,"footnotes":""},"categories":[51,49],"tags":[],"class_list":["post-442769","post","type-post","status-publish","format-standard","has-post-thumbnail","hentry","category-evidenza-top","category-news-18","category-51","category-49","description-off"],"img_url":"https:\/\/www.radiopiu.net\/wordpress\/wp-content\/uploads\/2021\/09\/tribunale-belluno.jpg","_links":{"self":[{"href":"https:\/\/www.radiopiu.net\/wordpress\/wp-json\/wp\/v2\/posts\/442769","targetHints":{"allow":["GET"]}}],"collection":[{"href":"https:\/\/www.radiopiu.net\/wordpress\/wp-json\/wp\/v2\/posts"}],"about":[{"href":"https:\/\/www.radiopiu.net\/wordpress\/wp-json\/wp\/v2\/types\/post"}],"author":[{"embeddable":true,"href":"https:\/\/www.radiopiu.net\/wordpress\/wp-json\/wp\/v2\/users\/4"}],"replies":[{"embeddable":true,"href":"https:\/\/www.radiopiu.net\/wordpress\/wp-json\/wp\/v2\/comments?post=442769"}],"version-history":[{"count":1,"href":"https:\/\/www.radiopiu.net\/wordpress\/wp-json\/wp\/v2\/posts\/442769\/revisions"}],"predecessor-version":[{"id":442787,"href":"https:\/\/www.radiopiu.net\/wordpress\/wp-json\/wp\/v2\/posts\/442769\/revisions\/442787"}],"wp:featuredmedia":[{"embeddable":true,"href":"https:\/\/www.radiopiu.net\/wordpress\/wp-json\/wp\/v2\/media\/232453"}],"wp:attachment":[{"href":"https:\/\/www.radiopiu.net\/wordpress\/wp-json\/wp\/v2\/media?parent=442769"}],"wp:term":[{"taxonomy":"category","embeddable":true,"href":"https:\/\/www.radiopiu.net\/wordpress\/wp-json\/wp\/v2\/categories?post=442769"},{"taxonomy":"post_tag","embeddable":true,"href":"https:\/\/www.radiopiu.net\/wordpress\/wp-json\/wp\/v2\/tags?post=442769"}],"curies":[{"name":"wp","href":"https:\/\/api.w.org\/{rel}","templated":true}]}}