{"id":442771,"date":"2025-04-02T05:56:46","date_gmt":"2025-04-02T03:56:46","guid":{"rendered":"https:\/\/www.radiopiu.net\/wordpress\/?p=442771"},"modified":"2025-04-02T06:03:43","modified_gmt":"2025-04-02T04:03:43","slug":"feltre-da-laddio-a-sisto-bassani-storico-ristoratore","status":"publish","type":"post","link":"https:\/\/www.radiopiu.net\/wordpress\/feltre-da-laddio-a-sisto-bassani-storico-ristoratore\/","title":{"rendered":"FELTRE D\u00c0 L\u2019ADDIO A SISTO BASSANI, STORICO RISTORATORE"},"content":{"rendered":"<p>**<\/p>\n<p><strong><img decoding=\"async\" class=\"alignleft\" src=\"https:\/\/www.radiopiu.net\/wordpress\/wp-content\/uploads\/2025\/04\/Senza-nome-3.png\" \/>FELTRE<\/strong><\/p>\n<article class=\"w-full text-token-text-primary\" dir=\"auto\" data-testid=\"conversation-turn-16\" data-scroll-anchor=\"true\">\n<div class=\"text-base my-auto mx-auto py-5 px-6\">\n<div class=\"mx-auto flex flex-1 text-base gap-4 md:gap-5 lg:gap-6 md:max-w-3xl group\/turn-messages focus-visible:outline-none\" tabindex=\"-1\">\n<div class=\"group\/conversation-turn relative flex w-full min-w-0 flex-col agent-turn @xs\/thread:px-0 @sm\/thread:px-1.5 @md\/thread:px-4\">\n<div class=\"relative flex-col gap-1 md:gap-3\">\n<div class=\"flex max-w-full flex-col flex-grow\">\n<div class=\"min-h-8 text-message relative flex w-full flex-col items-end gap-2 whitespace-normal break-words text-start [.text-message+&amp;]:mt-5\" dir=\"auto\" data-message-author-role=\"assistant\" data-message-id=\"b4b5965c-2603-40f6-8eda-9bfeaebc0c64\" data-message-model-slug=\"gpt-4o\">\n<div class=\"flex w-full flex-col gap-1 empty:hidden first:pt-[3px]\">\n<div class=\"markdown prose w-full break-words dark:prose-invert dark\">\n<p class=\"\" data-start=\"66\" data-end=\"584\">Feltre piange la scomparsa di Sisto Bassani, storico proprietario della Trattoria Aurora. Aveva 81 anni e per decenni ha deliziato i feltrini con i suoi arrosti, il goulash e le tradizionali trippe della vigilia. Grande tifoso della Feltrese e legato agli alpini, Sisto era un volto noto in citt\u00e0. Nato a Castel dei Lusa, ha guidato il ristorante di famiglia dal 1979, diventando un punto di riferimento per la cucina tradizionale. Malato da tempo, \u00e8 mancato luned\u00ec. I funerali si terranno gioved\u00ec alle 10.30 in duomo<\/p>\n<\/div>\n<\/div>\n<\/div>\n<\/div>\n<div class=\"mt-3 w-full empty:hidden\">\n<div class=\"text-center\"><\/div>\n<\/div>\n<\/div>\n<div class=\"absolute\">\n<div class=\"flex items-center justify-center\"><\/div>\n<\/div>\n<\/div>\n<\/div>\n<\/div>\n<\/article>\n<div class=\"pointer-events-none h-px w-px\" aria-hidden=\"true\" data-edge=\"true\"><\/div>\n","protected":false},"excerpt":{"rendered":"<p>** FELTRE Feltre piange la scomparsa di Sisto Bassani, storico proprietario della Trattoria Aurora. Aveva 81 anni e per decenni ha deliziato i feltrini con i suoi arrosti, il goulash e le tradizionali trippe della vigilia. Grande tifoso della Feltrese e legato agli alpini, Sisto era un volto noto in citt\u00e0. Nato a Castel dei&hellip;<\/p>\n","protected":false},"author":4,"featured_media":442770,"comment_status":"closed","ping_status":"closed","sticky":false,"template":"","format":"standard","meta":{"_monsterinsights_skip_tracking":false,"_monsterinsights_sitenote_active":false,"_monsterinsights_sitenote_note":"","_monsterinsights_sitenote_category":0,"footnotes":""},"categories":[51,49],"tags":[],"class_list":["post-442771","post","type-post","status-publish","format-standard","has-post-thumbnail","hentry","category-evidenza-top","category-news-18","category-51","category-49","description-off"],"img_url":"https:\/\/www.radiopiu.net\/wordpress\/wp-content\/uploads\/2025\/04\/Senza-nome-3.png","_links":{"self":[{"href":"https:\/\/www.radiopiu.net\/wordpress\/wp-json\/wp\/v2\/posts\/442771","targetHints":{"allow":["GET"]}}],"collection":[{"href":"https:\/\/www.radiopiu.net\/wordpress\/wp-json\/wp\/v2\/posts"}],"about":[{"href":"https:\/\/www.radiopiu.net\/wordpress\/wp-json\/wp\/v2\/types\/post"}],"author":[{"embeddable":true,"href":"https:\/\/www.radiopiu.net\/wordpress\/wp-json\/wp\/v2\/users\/4"}],"replies":[{"embeddable":true,"href":"https:\/\/www.radiopiu.net\/wordpress\/wp-json\/wp\/v2\/comments?post=442771"}],"version-history":[{"count":1,"href":"https:\/\/www.radiopiu.net\/wordpress\/wp-json\/wp\/v2\/posts\/442771\/revisions"}],"predecessor-version":[{"id":442772,"href":"https:\/\/www.radiopiu.net\/wordpress\/wp-json\/wp\/v2\/posts\/442771\/revisions\/442772"}],"wp:featuredmedia":[{"embeddable":true,"href":"https:\/\/www.radiopiu.net\/wordpress\/wp-json\/wp\/v2\/media\/442770"}],"wp:attachment":[{"href":"https:\/\/www.radiopiu.net\/wordpress\/wp-json\/wp\/v2\/media?parent=442771"}],"wp:term":[{"taxonomy":"category","embeddable":true,"href":"https:\/\/www.radiopiu.net\/wordpress\/wp-json\/wp\/v2\/categories?post=442771"},{"taxonomy":"post_tag","embeddable":true,"href":"https:\/\/www.radiopiu.net\/wordpress\/wp-json\/wp\/v2\/tags?post=442771"}],"curies":[{"name":"wp","href":"https:\/\/api.w.org\/{rel}","templated":true}]}}