{"id":442821,"date":"2025-04-02T08:37:01","date_gmt":"2025-04-02T06:37:01","guid":{"rendered":"https:\/\/www.radiopiu.net\/wordpress\/?p=442821"},"modified":"2025-04-02T08:37:01","modified_gmt":"2025-04-02T06:37:01","slug":"dove-passa-la-fibra-fioriscono-le-polemiche","status":"publish","type":"post","link":"https:\/\/www.radiopiu.net\/wordpress\/dove-passa-la-fibra-fioriscono-le-polemiche\/","title":{"rendered":"DOVE PASSA LA FIBRA&#8230; FIORISCONO LE POLEMICHE"},"content":{"rendered":"<blockquote><p><em><strong>IL DOSSO RIMOSSO PER LA FIBRA OTTICA: UN BRUTTO SORPRESA PER IL CENTRO DEL PAESE<\/strong><\/em><\/p><\/blockquote>\n<p>DALLA PAGINA FACEBOOK&#8230; SEI DI SOSPIROLO SE<\/p>\n<p>Con l\u2019inizio dei lavori per la posa della fibra ottica, tutti noi ci aspettavamo qualche inconveniente, ma il cambio radicale che abbiamo visto ci ha lasciati un po\u2019 perplessi. Uno degli elementi che rendeva pi\u00f9 sicuro e tranquillo il nostro camminare nel centro del paese, il tanto amato dosso, \u00e8 stato rimosso per fare spazio ai cavi della fibra. Questo dosso, che era una piccola protezione per i pedoni e una caratteristica distintiva della nostra via, ha sempre permesso ai compaesani di muoversi con maggiore tranquillit\u00e0, evitando di attraversare la strada in maniera rischiosa.<\/p>\n<p>Purtroppo, quello che ci ritroviamo oggi davanti \u00e8 una strada completamente diversa, dove l\u2019assenza di quel dosso crea un netto cambiamento. La situazione attuale non pu\u00f2 che sembrare uno &#8220;scherzo&#8221; sgradito, soprattutto considerando quanto la sicurezza e la tranquillit\u00e0 della nostra zona fossero state migliorate proprio da quella piccola barriera che ci garantiva una maggiore protezione.<\/p>\n<p>Ci auguriamo che questa modifica sia solo una soluzione temporanea e che, una volta terminati i lavori, il dosso possa essere ripristinato, magari anche pi\u00f9 alto e sicuro di prima. La fibra ottica \u00e8 un passo fondamentale per il progresso, ma non possiamo dimenticare che la sicurezza e il benessere della comunit\u00e0 devono essere sempre una priorit\u00e0.<\/p>\n<p>In allegato, troverete due immagini: una che mostra com\u2019era la strada prima, con il dosso in posizione, e l\u2019altra che ci presenta la situazione attuale, senza quel punto di riferimento che tanto ci mancava.<\/p>\n<p>Non resta che sperare che questo sia solo l&#8217;inizio di un cambiamento che porter\u00e0 beneficio, senza compromessi sulla sicurezza!<\/p>\n<p>&nbsp;<\/p>\n\n\t\t\t<style type='text\/css'>\n\t\t\t\t#gallery-1 {\n\t\t\t\t\tmargin: auto;\n\t\t\t\t}\n\t\t\t\t#gallery-1 .gallery-item {\n\t\t\t\t\tfloat: left;\n\t\t\t\t\tmargin-top: 10px;\n\t\t\t\t\ttext-align: center;\n\t\t\t\t\twidth: 50%;\n\t\t\t\t}\n\t\t\t\t#gallery-1 img {\n\t\t\t\t\tborder: 2px solid #cfcfcf;\n\t\t\t\t}\n\t\t\t\t#gallery-1 .gallery-caption {\n\t\t\t\t\tmargin-left: 0;\n\t\t\t\t}\n\t\t\t\t\/* see gallery_shortcode() in wp-includes\/media.php *\/\n\t\t\t<\/style>\n\t\t<div id='gallery-1' class='dt-gallery-container gallery galleryid-442821 gallery-columns-2 gallery-size-medium'><dl class='gallery-item'>\n\t\t\t\t<dt class='gallery-icon landscape'>\n\t\t\t\t\t<a class=\"rollover rollover-zoom dt-pswp-item\" title=\"487781634_1057079099787802_7245209361372002294_n\" data-dt-img-description=\"\" data-large_image_width=\"600\" data-large_image_height=\"384\"href='https:\/\/www.radiopiu.net\/wordpress\/wp-content\/uploads\/2025\/04\/487781634_1057079099787802_7245209361372002294_n.jpg'><img loading=\"lazy\" decoding=\"async\" width=\"300\" height=\"192\" src=\"https:\/\/www.radiopiu.net\/wordpress\/wp-content\/uploads\/2025\/04\/487781634_1057079099787802_7245209361372002294_n-300x192.jpg\" class=\"attachment-medium size-medium\" alt=\"\" srcset=\"https:\/\/www.radiopiu.net\/wordpress\/wp-content\/uploads\/2025\/04\/487781634_1057079099787802_7245209361372002294_n-300x192.jpg 300w, https:\/\/www.radiopiu.net\/wordpress\/wp-content\/uploads\/2025\/04\/487781634_1057079099787802_7245209361372002294_n.jpg 600w\" sizes=\"auto, (max-width: 300px) 100vw, 300px\" \/><\/a>\n\t\t\t\t<\/dt><\/dl><dl class='gallery-item'>\n\t\t\t\t<dt class='gallery-icon landscape'>\n\t\t\t\t\t<a class=\"rollover rollover-zoom dt-pswp-item\" title=\"487324586_1057079096454469_7124931437391002329_n\" data-dt-img-description=\"\" data-large_image_width=\"589\" data-large_image_height=\"403\"href='https:\/\/www.radiopiu.net\/wordpress\/wp-content\/uploads\/2025\/04\/487324586_1057079096454469_7124931437391002329_n.jpg'><img loading=\"lazy\" decoding=\"async\" width=\"300\" height=\"205\" src=\"https:\/\/www.radiopiu.net\/wordpress\/wp-content\/uploads\/2025\/04\/487324586_1057079096454469_7124931437391002329_n-300x205.jpg\" class=\"attachment-medium size-medium\" alt=\"\" srcset=\"https:\/\/www.radiopiu.net\/wordpress\/wp-content\/uploads\/2025\/04\/487324586_1057079096454469_7124931437391002329_n-300x205.jpg 300w, https:\/\/www.radiopiu.net\/wordpress\/wp-content\/uploads\/2025\/04\/487324586_1057079096454469_7124931437391002329_n.jpg 589w\" sizes=\"auto, (max-width: 300px) 100vw, 300px\" \/><\/a>\n\t\t\t\t<\/dt><\/dl><br style=\"clear: both\" \/>\n\t\t\t<\/div>\n\n","protected":false},"excerpt":{"rendered":"<p>IL DOSSO RIMOSSO PER LA FIBRA OTTICA: UN BRUTTO SORPRESA PER IL CENTRO DEL PAESE DALLA PAGINA FACEBOOK&#8230; SEI DI SOSPIROLO SE Con l\u2019inizio dei lavori per la posa della fibra ottica, tutti noi ci aspettavamo qualche inconveniente, ma il cambio radicale che abbiamo visto ci ha lasciati un po\u2019 perplessi. Uno degli elementi che&hellip;<\/p>\n","protected":false},"author":4,"featured_media":442822,"comment_status":"closed","ping_status":"closed","sticky":false,"template":"","format":"standard","meta":{"_monsterinsights_skip_tracking":false,"_monsterinsights_sitenote_active":false,"_monsterinsights_sitenote_note":"","_monsterinsights_sitenote_category":0,"footnotes":""},"categories":[49],"tags":[],"class_list":["post-442821","post","type-post","status-publish","format-standard","has-post-thumbnail","hentry","category-news-18","category-49","description-off"],"img_url":"https:\/\/www.radiopiu.net\/wordpress\/wp-content\/uploads\/2025\/04\/487324586_1057079096454469_7124931437391002329_n.jpg","_links":{"self":[{"href":"https:\/\/www.radiopiu.net\/wordpress\/wp-json\/wp\/v2\/posts\/442821","targetHints":{"allow":["GET"]}}],"collection":[{"href":"https:\/\/www.radiopiu.net\/wordpress\/wp-json\/wp\/v2\/posts"}],"about":[{"href":"https:\/\/www.radiopiu.net\/wordpress\/wp-json\/wp\/v2\/types\/post"}],"author":[{"embeddable":true,"href":"https:\/\/www.radiopiu.net\/wordpress\/wp-json\/wp\/v2\/users\/4"}],"replies":[{"embeddable":true,"href":"https:\/\/www.radiopiu.net\/wordpress\/wp-json\/wp\/v2\/comments?post=442821"}],"version-history":[{"count":1,"href":"https:\/\/www.radiopiu.net\/wordpress\/wp-json\/wp\/v2\/posts\/442821\/revisions"}],"predecessor-version":[{"id":442824,"href":"https:\/\/www.radiopiu.net\/wordpress\/wp-json\/wp\/v2\/posts\/442821\/revisions\/442824"}],"wp:featuredmedia":[{"embeddable":true,"href":"https:\/\/www.radiopiu.net\/wordpress\/wp-json\/wp\/v2\/media\/442822"}],"wp:attachment":[{"href":"https:\/\/www.radiopiu.net\/wordpress\/wp-json\/wp\/v2\/media?parent=442821"}],"wp:term":[{"taxonomy":"category","embeddable":true,"href":"https:\/\/www.radiopiu.net\/wordpress\/wp-json\/wp\/v2\/categories?post=442821"},{"taxonomy":"post_tag","embeddable":true,"href":"https:\/\/www.radiopiu.net\/wordpress\/wp-json\/wp\/v2\/tags?post=442821"}],"curies":[{"name":"wp","href":"https:\/\/api.w.org\/{rel}","templated":true}]}}