{"id":442865,"date":"2025-04-02T15:17:08","date_gmt":"2025-04-02T13:17:08","guid":{"rendered":"https:\/\/www.radiopiu.net\/wordpress\/?p=442865"},"modified":"2025-04-03T05:55:58","modified_gmt":"2025-04-03T03:55:58","slug":"torna-la-sagra-dei-fisciot-a-belluno-2","status":"publish","type":"post","link":"https:\/\/www.radiopiu.net\/wordpress\/torna-la-sagra-dei-fisciot-a-belluno-2\/","title":{"rendered":"TORNA LA SAGRA DEI FISCIOT A BELLUNO"},"content":{"rendered":"<p>*******<\/p>\n<p>&nbsp;<\/p>\n<p><strong><a class=\"dt-pswp-item\" href=\"https:\/\/www.radiopiu.net\/wordpress\/wp-content\/uploads\/2020\/04\/PIAZZA-MARTIRI-BELLUNO.jpg\" data-dt-img-description=\"\" data-large_image_width=\"550\" data-large_image_height=\"388\"><img loading=\"lazy\" decoding=\"async\" class=\" wp-image-130647 alignleft\" src=\"https:\/\/www.radiopiu.net\/wordpress\/wp-content\/uploads\/2020\/04\/PIAZZA-MARTIRI-BELLUNO-300x212.jpg\" alt=\"\" width=\"181\" height=\"128\" srcset=\"https:\/\/www.radiopiu.net\/wordpress\/wp-content\/uploads\/2020\/04\/PIAZZA-MARTIRI-BELLUNO-300x212.jpg 300w, https:\/\/www.radiopiu.net\/wordpress\/wp-content\/uploads\/2020\/04\/PIAZZA-MARTIRI-BELLUNO.jpg 550w\" sizes=\"auto, (max-width: 181px) 100vw, 181px\" \/><\/a>BELLUNO<\/strong> La citt\u00e0 di Belluno si prepara ad accogliere una delle sue storiche manifestazioni: si svolger\u00e0 domenica infatti la Fiera della Madonna Addolorata, la Sagra dei Fisciot. La festa inizier\u00e0 per\u00f2 gi\u00e0 da venerd\u00ec pomeriggio, con cibo e musica in Piazza dei Martiri.<\/p>\n<p><strong>DI DANIELE DALVIT<\/strong><\/p>\n<audio class=\"wp-audio-shortcode\" id=\"audio-442865-1\" preload=\"none\" style=\"width: 100%;\" controls=\"controls\"><source type=\"audio\/mpeg\" src=\"https:\/\/www.radiopiu.net\/wordpress\/wp-content\/uploads\/2025\/04\/Servizio-Belluno-Addolorata-Fisciot-2025.mp3?_=1\" \/><a href=\"https:\/\/www.radiopiu.net\/wordpress\/wp-content\/uploads\/2025\/04\/Servizio-Belluno-Addolorata-Fisciot-2025.mp3\">https:\/\/www.radiopiu.net\/wordpress\/wp-content\/uploads\/2025\/04\/Servizio-Belluno-Addolorata-Fisciot-2025.mp3<\/a><\/audio>\n<p>&nbsp;<\/p>\n<p>&nbsp;<\/p>\n<p>********<\/p>\n","protected":false},"excerpt":{"rendered":"<p>******* &nbsp; BELLUNO La citt\u00e0 di Belluno si prepara ad accogliere una delle sue storiche manifestazioni: si svolger\u00e0 domenica infatti la Fiera della Madonna Addolorata, la Sagra dei Fisciot. La festa inizier\u00e0 per\u00f2 gi\u00e0 da venerd\u00ec pomeriggio, con cibo e musica in Piazza dei Martiri. DI DANIELE DALVIT &nbsp; &nbsp; ********<\/p>\n","protected":false},"author":4,"featured_media":130647,"comment_status":"closed","ping_status":"closed","sticky":false,"template":"","format":"standard","meta":{"_monsterinsights_skip_tracking":false,"_monsterinsights_sitenote_active":false,"_monsterinsights_sitenote_note":"","_monsterinsights_sitenote_category":0,"footnotes":""},"categories":[51,49],"tags":[],"class_list":["post-442865","post","type-post","status-publish","format-standard","has-post-thumbnail","hentry","category-evidenza-top","category-news-18","category-51","category-49","description-off"],"img_url":"https:\/\/www.radiopiu.net\/wordpress\/wp-content\/uploads\/2020\/04\/PIAZZA-MARTIRI-BELLUNO.jpg","_links":{"self":[{"href":"https:\/\/www.radiopiu.net\/wordpress\/wp-json\/wp\/v2\/posts\/442865","targetHints":{"allow":["GET"]}}],"collection":[{"href":"https:\/\/www.radiopiu.net\/wordpress\/wp-json\/wp\/v2\/posts"}],"about":[{"href":"https:\/\/www.radiopiu.net\/wordpress\/wp-json\/wp\/v2\/types\/post"}],"author":[{"embeddable":true,"href":"https:\/\/www.radiopiu.net\/wordpress\/wp-json\/wp\/v2\/users\/4"}],"replies":[{"embeddable":true,"href":"https:\/\/www.radiopiu.net\/wordpress\/wp-json\/wp\/v2\/comments?post=442865"}],"version-history":[{"count":1,"href":"https:\/\/www.radiopiu.net\/wordpress\/wp-json\/wp\/v2\/posts\/442865\/revisions"}],"predecessor-version":[{"id":442867,"href":"https:\/\/www.radiopiu.net\/wordpress\/wp-json\/wp\/v2\/posts\/442865\/revisions\/442867"}],"wp:featuredmedia":[{"embeddable":true,"href":"https:\/\/www.radiopiu.net\/wordpress\/wp-json\/wp\/v2\/media\/130647"}],"wp:attachment":[{"href":"https:\/\/www.radiopiu.net\/wordpress\/wp-json\/wp\/v2\/media?parent=442865"}],"wp:term":[{"taxonomy":"category","embeddable":true,"href":"https:\/\/www.radiopiu.net\/wordpress\/wp-json\/wp\/v2\/categories?post=442865"},{"taxonomy":"post_tag","embeddable":true,"href":"https:\/\/www.radiopiu.net\/wordpress\/wp-json\/wp\/v2\/tags?post=442865"}],"curies":[{"name":"wp","href":"https:\/\/api.w.org\/{rel}","templated":true}]}}