{"id":442878,"date":"2025-04-02T15:46:13","date_gmt":"2025-04-02T13:46:13","guid":{"rendered":"https:\/\/www.radiopiu.net\/wordpress\/?p=442878"},"modified":"2025-04-03T05:55:48","modified_gmt":"2025-04-03T03:55:48","slug":"quattordicesimo-bando-la-mongolfiera-di-giorgia-onlus","status":"publish","type":"post","link":"https:\/\/www.radiopiu.net\/wordpress\/quattordicesimo-bando-la-mongolfiera-di-giorgia-onlus\/","title":{"rendered":"QUATTORDICESIMO BANDO \u201cLA MONGOLFIERA DI GIORGIA ONLUS\u201d"},"content":{"rendered":"<p>*******<\/p>\n<p>&nbsp;<\/p>\n<p><strong><a class=\"dt-pswp-item\" href=\"https:\/\/www.radiopiu.net\/wordpress\/wp-content\/uploads\/2025\/04\/IMG-20250319-WA0007.jpg\" data-dt-img-description=\"\" data-large_image_width=\"1080\" data-large_image_height=\"1491\"><img loading=\"lazy\" decoding=\"async\" class=\" wp-image-442879 alignleft\" src=\"https:\/\/www.radiopiu.net\/wordpress\/wp-content\/uploads\/2025\/04\/IMG-20250319-WA0007-217x300.jpg\" alt=\"\" width=\"139\" height=\"192\" srcset=\"https:\/\/www.radiopiu.net\/wordpress\/wp-content\/uploads\/2025\/04\/IMG-20250319-WA0007-217x300.jpg 217w, https:\/\/www.radiopiu.net\/wordpress\/wp-content\/uploads\/2025\/04\/IMG-20250319-WA0007-742x1024.jpg 742w, https:\/\/www.radiopiu.net\/wordpress\/wp-content\/uploads\/2025\/04\/IMG-20250319-WA0007-768x1060.jpg 768w, https:\/\/www.radiopiu.net\/wordpress\/wp-content\/uploads\/2025\/04\/IMG-20250319-WA0007.jpg 1080w\" sizes=\"auto, (max-width: 139px) 100vw, 139px\" \/><\/a>BELLUNO <\/strong>La primavera \u00e8 arrivata anche per quest\u2019anno accompagnata dal bando dell\u2019Associazione \u201cLa Mongolfiera di Giorgia Onlus\u201d: \u00e8 uscito il 26 marzo, proprio il giorno in cui Giorgia Praloran, giovane bellunese scomparsa nel 2016 a causa di una malattia aggressiva, avrebbe compiuto 28 anni. Giorgia ha dato il nome all\u2019Associazione, che rimanda alla sua passione per le mongolfiere, delle quali aveva un\u2019immensa collezione nella sua cameretta, ma anche lo spirito, cio\u00e8 il coraggio di seguire le proprie passioni anche nei momenti di difficolt\u00e0 o in condizioni di salute complicate. L\u2019associazione infatti finanzia progetti ludico-ricreativi di ragazzi tra i 13 e i 24 anni residenti in Veneto o seguiti da strutture pubbliche sanitarie venete, con disabilit\u00e0 anche temporanee, legalmente certificate; iI tutto con l\u2019obiettivo di portare un po\u2019 di sollievo e di migliorarne la qualit\u00e0 della vita. Nella <a href=\"https:\/\/www.lamongolfieradigiorgia.it\/cosa-facciamo\/\">sezione \u201cCosa facciamo\u201d del sito della Mongolfiera di Giorgia<\/a> ci si pu\u00f2 fare un\u2019idea di che genere di progetti sono stati finanziati dal 2018 ad oggi: si va dai corsi di nuoto, aIl\u2019acquisto di tablet e PC, dalle sedute di musicoterapia alla motorizzazione elettrica di un tandem, dai doposcuola pomeridiani alla console nintendo, dall\u2019ippoterapia all\u2019acquisto di un videoingranditore. Ogni progetto \u00e8 valutato sulla base della capacit\u00e0 di portare un benessere psico-fisico al ragazzo che lo propone. Il bando \u00e8 disponibile nella sezione bandi del sito <a href=\"http:\/\/www.lamongolfieradigiorgia.it\">www.lamongolfieradigiorgia.it<\/a> assieme al modulo scaricabile con il quale inviare la richiesta. Per qualsiasi informazione sulle modalit\u00e0 di partecipazione e sui progetti finanziabili, il direttivo dell\u2019Associazione \u00e8 sempre raggiungibile all\u2019indirizzo e-mail <a href=\"mailto:lamongolfieradigiorgia@gmail.it\">lamongolfieradigiorgia@gmail.it<\/a> e, prossimamente, anche contattabile di persona nello stand che sar\u00e0 presente in Piazza dei Martiri domenica 6 aprile per la tradizionale Sagra dei Fisci\u00f2t.<\/p>\n<p>&nbsp;<\/p>\n<p>&nbsp;<\/p>\n<p>&nbsp;<\/p>\n<p>*********<\/p>\n","protected":false},"excerpt":{"rendered":"<p>******* &nbsp; BELLUNO La primavera \u00e8 arrivata anche per quest\u2019anno accompagnata dal bando dell\u2019Associazione \u201cLa Mongolfiera di Giorgia Onlus\u201d: \u00e8 uscito il 26 marzo, proprio il giorno in cui Giorgia Praloran, giovane bellunese scomparsa nel 2016 a causa di una malattia aggressiva, avrebbe compiuto 28 anni. Giorgia ha dato il nome all\u2019Associazione, che rimanda alla&hellip;<\/p>\n","protected":false},"author":4,"featured_media":198740,"comment_status":"closed","ping_status":"closed","sticky":false,"template":"","format":"standard","meta":{"_monsterinsights_skip_tracking":false,"_monsterinsights_sitenote_active":false,"_monsterinsights_sitenote_note":"","_monsterinsights_sitenote_category":0,"footnotes":""},"categories":[104,49],"tags":[],"class_list":["post-442878","post","type-post","status-publish","format-standard","has-post-thumbnail","hentry","category-evidenza_3","category-news-18","category-104","category-49","description-off"],"img_url":"https:\/\/www.radiopiu.net\/wordpress\/wp-content\/uploads\/2021\/03\/Giorgia-Praloran.jpg","_links":{"self":[{"href":"https:\/\/www.radiopiu.net\/wordpress\/wp-json\/wp\/v2\/posts\/442878","targetHints":{"allow":["GET"]}}],"collection":[{"href":"https:\/\/www.radiopiu.net\/wordpress\/wp-json\/wp\/v2\/posts"}],"about":[{"href":"https:\/\/www.radiopiu.net\/wordpress\/wp-json\/wp\/v2\/types\/post"}],"author":[{"embeddable":true,"href":"https:\/\/www.radiopiu.net\/wordpress\/wp-json\/wp\/v2\/users\/4"}],"replies":[{"embeddable":true,"href":"https:\/\/www.radiopiu.net\/wordpress\/wp-json\/wp\/v2\/comments?post=442878"}],"version-history":[{"count":1,"href":"https:\/\/www.radiopiu.net\/wordpress\/wp-json\/wp\/v2\/posts\/442878\/revisions"}],"predecessor-version":[{"id":442880,"href":"https:\/\/www.radiopiu.net\/wordpress\/wp-json\/wp\/v2\/posts\/442878\/revisions\/442880"}],"wp:featuredmedia":[{"embeddable":true,"href":"https:\/\/www.radiopiu.net\/wordpress\/wp-json\/wp\/v2\/media\/198740"}],"wp:attachment":[{"href":"https:\/\/www.radiopiu.net\/wordpress\/wp-json\/wp\/v2\/media?parent=442878"}],"wp:term":[{"taxonomy":"category","embeddable":true,"href":"https:\/\/www.radiopiu.net\/wordpress\/wp-json\/wp\/v2\/categories?post=442878"},{"taxonomy":"post_tag","embeddable":true,"href":"https:\/\/www.radiopiu.net\/wordpress\/wp-json\/wp\/v2\/tags?post=442878"}],"curies":[{"name":"wp","href":"https:\/\/api.w.org\/{rel}","templated":true}]}}