{"id":442913,"date":"2025-04-02T18:52:38","date_gmt":"2025-04-02T16:52:38","guid":{"rendered":"https:\/\/www.radiopiu.net\/wordpress\/?p=442913"},"modified":"2025-04-03T05:52:58","modified_gmt":"2025-04-03T03:52:58","slug":"area-ex-agip-parlano-i-consiglieri-la-grua-e-ferro","status":"publish","type":"post","link":"https:\/\/www.radiopiu.net\/wordpress\/area-ex-agip-parlano-i-consiglieri-la-grua-e-ferro\/","title":{"rendered":"AREA EX AGIP: PARLANO I CONSIGLIERI LA GRUA E FERRO"},"content":{"rendered":"<p>*******<\/p>\n<p>&nbsp;<\/p>\n<p><strong><a class=\"dt-pswp-item\" href=\"https:\/\/www.radiopiu.net\/wordpress\/wp-content\/uploads\/2022\/12\/PALAZZO-ROSSO.png\" data-dt-img-description=\"\" data-large_image_width=\"2076\" data-large_image_height=\"1328\"><img loading=\"lazy\" decoding=\"async\" class=\" wp-image-313801 alignleft\" src=\"https:\/\/www.radiopiu.net\/wordpress\/wp-content\/uploads\/2022\/12\/PALAZZO-ROSSO-300x192.png\" alt=\"\" width=\"227\" height=\"145\" srcset=\"https:\/\/www.radiopiu.net\/wordpress\/wp-content\/uploads\/2022\/12\/PALAZZO-ROSSO-300x192.png 300w, https:\/\/www.radiopiu.net\/wordpress\/wp-content\/uploads\/2022\/12\/PALAZZO-ROSSO-1024x655.png 1024w, https:\/\/www.radiopiu.net\/wordpress\/wp-content\/uploads\/2022\/12\/PALAZZO-ROSSO-768x491.png 768w, https:\/\/www.radiopiu.net\/wordpress\/wp-content\/uploads\/2022\/12\/PALAZZO-ROSSO-1536x983.png 1536w, https:\/\/www.radiopiu.net\/wordpress\/wp-content\/uploads\/2022\/12\/PALAZZO-ROSSO-2048x1310.png 2048w\" sizes=\"auto, (max-width: 227px) 100vw, 227px\" \/><\/a>BELLUNO <\/strong>&#8220;Condividiamo le dichiarazioni della propriet\u00e0 sul fatto che oggi l&#8217;area ex Agip potrebbe gi\u00e0 essere utilizzata come supermercato. Benissimo, se ci\u00f2 le \u00e8 sufficiente, dunque proceda pure nei modi e nei limiti in base ai quali pu\u00f2 agire, senza necessit\u00e0 di coinvolgere il Consiglio comunale&#8221;. Con queste parole i consiglieri di Forza Italia Francesco La Grua e Roberto Ferro commentano le dichiarazioni che la propriet\u00e0 dell&#8217;ex Agip ha rilasciato a seguito del Consiglio tenutosi luned\u00ec. &#8220;In realt\u00e0, perch\u00e9 la struttura possa essere davvero funzionale ed economicamente sostenibile agli scopi per i quali presumiamo sia stato fatto l&#8217;acquisto &#8211; proseguono i due consiglieri &#8211; quello che continua a non venire esplicitato con chiarezza \u00e8 che sarebbe utile avere qualcosina in pi\u00f9 per aspetti accessori non direttamente collegati allo spazio vendita propriamente detto. Da qui un iter complesso, tuttora in corso e su cui \u00e8 chiamato a dire la sua ancora una volta il Consiglio comunale&#8221;. &#8220;Come Forza Italia, e non potrebbe essere altrimenti, siamo assolutamente a favore di ogni iniziativa privata, tanto pi\u00f9 se pu\u00f2 portare beneficio oltre a chi investe anche ai cittadini. Nel caso di specie, peraltro, pare che il territorio non sia cos\u00ec convinto, almeno da quanto finora emerso e quindi tutti gli approfondimenti del caso da parte dei consiglieri, prima del voto, sono assolutamente necessari&#8221;. Anche sulle firme raccolte nelle piazze i due consiglieri esprimono la loro: &#8220;sono un segnale forte, ma \u00e8 comunque il Consiglio comunale, in rappresentanza di tutti i cittadini, che deve fare le scelte. Diversamente ci troveremmo nell&#8217;impasse che per ogni delibera sgradita a qualcuno sarebbe sufficiente mettere sul tavolo un pacchetto di firme allo scopo di bloccare un percorso o addirittura invertire una scelta gi\u00e0 presa&#8221;. &#8220;Nel caso in questione \u00e8 corretto quanto dice la propriet\u00e0, ovvero che siamo di fronte a un iter in parte gi\u00e0 incardinato &#8211; concludono La Grua e Ferro -; tuttavia \u00e8 un percorso che abbisogna di ulteriori passaggi, sui quali \u00e8 necessario il coinvolgimento del Consiglio comunale. E su questi ulteriori passaggi il Consiglio non ha obblighi di alcun tipo. Come Gruppo di Forza Italia finora non eravamo stati minimamente coinvolti nelle valutazioni portate avanti dal sindaco. Il tempo che ora ci viene dato per approfondire sar\u00e0 certamente utile per capire ogni aspetto nel dettaglio. Sulla base di ci\u00f2 e sulle eventuali migliorie che alla proposta attuale dovessero essere apportate decideremo la nostra posizione finale. Diversamente appare improbabile non confermare in aula la nostra posizione contraria, ben consapevoli che il Consiglio comunale \u00e8 sovrano e libero di scegliere la propria posizione senza timori n\u00e9 rischi economici in capo a chi esprimer\u00e0 il proprio voto&#8221;.<\/p>\n<p>&nbsp;<\/p>\n<p>&nbsp;<\/p>\n<p>&nbsp;<\/p>\n<p>********<\/p>\n","protected":false},"excerpt":{"rendered":"<p>******* &nbsp; BELLUNO &#8220;Condividiamo le dichiarazioni della propriet\u00e0 sul fatto che oggi l&#8217;area ex Agip potrebbe gi\u00e0 essere utilizzata come supermercato. Benissimo, se ci\u00f2 le \u00e8 sufficiente, dunque proceda pure nei modi e nei limiti in base ai quali pu\u00f2 agire, senza necessit\u00e0 di coinvolgere il Consiglio comunale&#8221;. Con queste parole i consiglieri di Forza&hellip;<\/p>\n","protected":false},"author":4,"featured_media":313801,"comment_status":"closed","ping_status":"closed","sticky":false,"template":"","format":"standard","meta":{"_monsterinsights_skip_tracking":false,"_monsterinsights_sitenote_active":false,"_monsterinsights_sitenote_note":"","_monsterinsights_sitenote_category":0,"footnotes":""},"categories":[51,49],"tags":[],"class_list":["post-442913","post","type-post","status-publish","format-standard","has-post-thumbnail","hentry","category-evidenza-top","category-news-18","category-51","category-49","description-off"],"img_url":"https:\/\/www.radiopiu.net\/wordpress\/wp-content\/uploads\/2022\/12\/PALAZZO-ROSSO.png","_links":{"self":[{"href":"https:\/\/www.radiopiu.net\/wordpress\/wp-json\/wp\/v2\/posts\/442913","targetHints":{"allow":["GET"]}}],"collection":[{"href":"https:\/\/www.radiopiu.net\/wordpress\/wp-json\/wp\/v2\/posts"}],"about":[{"href":"https:\/\/www.radiopiu.net\/wordpress\/wp-json\/wp\/v2\/types\/post"}],"author":[{"embeddable":true,"href":"https:\/\/www.radiopiu.net\/wordpress\/wp-json\/wp\/v2\/users\/4"}],"replies":[{"embeddable":true,"href":"https:\/\/www.radiopiu.net\/wordpress\/wp-json\/wp\/v2\/comments?post=442913"}],"version-history":[{"count":1,"href":"https:\/\/www.radiopiu.net\/wordpress\/wp-json\/wp\/v2\/posts\/442913\/revisions"}],"predecessor-version":[{"id":442914,"href":"https:\/\/www.radiopiu.net\/wordpress\/wp-json\/wp\/v2\/posts\/442913\/revisions\/442914"}],"wp:featuredmedia":[{"embeddable":true,"href":"https:\/\/www.radiopiu.net\/wordpress\/wp-json\/wp\/v2\/media\/313801"}],"wp:attachment":[{"href":"https:\/\/www.radiopiu.net\/wordpress\/wp-json\/wp\/v2\/media?parent=442913"}],"wp:term":[{"taxonomy":"category","embeddable":true,"href":"https:\/\/www.radiopiu.net\/wordpress\/wp-json\/wp\/v2\/categories?post=442913"},{"taxonomy":"post_tag","embeddable":true,"href":"https:\/\/www.radiopiu.net\/wordpress\/wp-json\/wp\/v2\/tags?post=442913"}],"curies":[{"name":"wp","href":"https:\/\/api.w.org\/{rel}","templated":true}]}}