{"id":442915,"date":"2025-04-03T05:48:25","date_gmt":"2025-04-03T03:48:25","guid":{"rendered":"https:\/\/www.radiopiu.net\/wordpress\/?p=442915"},"modified":"2025-04-03T05:51:59","modified_gmt":"2025-04-03T03:51:59","slug":"la-giornata-del-suem-tra-incidenti-stradali-e-in-montagna","status":"publish","type":"post","link":"https:\/\/www.radiopiu.net\/wordpress\/la-giornata-del-suem-tra-incidenti-stradali-e-in-montagna\/","title":{"rendered":"LA GIORNATA DEL SUEM TRA INCIDENTI STRADALI E IN MONTAGNA"},"content":{"rendered":"<p>*******<\/p>\n<p>&nbsp;<\/p>\n<p><strong>REDAZIONE <\/strong>Una giornata intensa per il SUEM 118 dell\u2019Azienda ULSS n.1 Dolomiti, con numerosi interventi di emergenza tra incidenti stradali e soccorsi in montagna. Il primo allarme \u00e8 scattato alle 07:33 a Bribano di Sedico, dove un uomo di 59 anni, residente a Limana, \u00e8 rimasto coinvolto in un incidente tra una moto e un&#8217;auto. L&#8217;uomo, in condizioni di media gravit\u00e0, \u00e8 stato trasportato in ambulanza all&#8217;ospedale di Belluno.\u00a0 La montagna non ha risparmiato emergenze: alle 10:39, sulle piste del Col Drusci\u00e9, una sciatrice giapponese di 28 anni \u00e8 caduta rovinosamente. L\u2019intervento dell\u2019elicottero \u00e8 stato tempestivo, con il trasporto della ferita all\u2019ospedale di Belluno per le cure necessarie. Poco prima delle 17 il personale medico \u00e8 stato chiamato per una persona che \u00e8 stata investita a Belluno: una donna di 62 anni che \u00e8 stata portata all\u2019ospedale di Belluno con ferite di media gravit\u00e0<strong>.\u00a0<\/strong><\/p>\n<p>&nbsp;<\/p>\n<p>&nbsp;<\/p>\n<p>*******<\/p>\n","protected":false},"excerpt":{"rendered":"<p>******* &nbsp; REDAZIONE Una giornata intensa per il SUEM 118 dell\u2019Azienda ULSS n.1 Dolomiti, con numerosi interventi di emergenza tra incidenti stradali e soccorsi in montagna. Il primo allarme \u00e8 scattato alle 07:33 a Bribano di Sedico, dove un uomo di 59 anni, residente a Limana, \u00e8 rimasto coinvolto in un incidente tra una moto&hellip;<\/p>\n","protected":false},"author":4,"featured_media":380539,"comment_status":"closed","ping_status":"closed","sticky":false,"template":"","format":"standard","meta":{"_monsterinsights_skip_tracking":false,"_monsterinsights_sitenote_active":false,"_monsterinsights_sitenote_note":"","_monsterinsights_sitenote_category":0,"footnotes":""},"categories":[51,49],"tags":[],"class_list":["post-442915","post","type-post","status-publish","format-standard","has-post-thumbnail","hentry","category-evidenza-top","category-news-18","category-51","category-49","description-off"],"img_url":"https:\/\/www.radiopiu.net\/wordpress\/wp-content\/uploads\/2024\/03\/salt-croce-verde-val-biois-1.jpg","_links":{"self":[{"href":"https:\/\/www.radiopiu.net\/wordpress\/wp-json\/wp\/v2\/posts\/442915","targetHints":{"allow":["GET"]}}],"collection":[{"href":"https:\/\/www.radiopiu.net\/wordpress\/wp-json\/wp\/v2\/posts"}],"about":[{"href":"https:\/\/www.radiopiu.net\/wordpress\/wp-json\/wp\/v2\/types\/post"}],"author":[{"embeddable":true,"href":"https:\/\/www.radiopiu.net\/wordpress\/wp-json\/wp\/v2\/users\/4"}],"replies":[{"embeddable":true,"href":"https:\/\/www.radiopiu.net\/wordpress\/wp-json\/wp\/v2\/comments?post=442915"}],"version-history":[{"count":3,"href":"https:\/\/www.radiopiu.net\/wordpress\/wp-json\/wp\/v2\/posts\/442915\/revisions"}],"predecessor-version":[{"id":442926,"href":"https:\/\/www.radiopiu.net\/wordpress\/wp-json\/wp\/v2\/posts\/442915\/revisions\/442926"}],"wp:featuredmedia":[{"embeddable":true,"href":"https:\/\/www.radiopiu.net\/wordpress\/wp-json\/wp\/v2\/media\/380539"}],"wp:attachment":[{"href":"https:\/\/www.radiopiu.net\/wordpress\/wp-json\/wp\/v2\/media?parent=442915"}],"wp:term":[{"taxonomy":"category","embeddable":true,"href":"https:\/\/www.radiopiu.net\/wordpress\/wp-json\/wp\/v2\/categories?post=442915"},{"taxonomy":"post_tag","embeddable":true,"href":"https:\/\/www.radiopiu.net\/wordpress\/wp-json\/wp\/v2\/tags?post=442915"}],"curies":[{"name":"wp","href":"https:\/\/api.w.org\/{rel}","templated":true}]}}