{"id":442933,"date":"2025-04-04T05:36:04","date_gmt":"2025-04-04T03:36:04","guid":{"rendered":"https:\/\/www.radiopiu.net\/wordpress\/?p=442933"},"modified":"2025-04-04T08:23:05","modified_gmt":"2025-04-04T06:23:05","slug":"giornale-radiopiu-04-aprile-2025-direttore-mirko-mezzacasa","status":"publish","type":"post","link":"https:\/\/www.radiopiu.net\/wordpress\/giornale-radiopiu-04-aprile-2025-direttore-mirko-mezzacasa\/","title":{"rendered":"GIORNALE RADIOPIU 04 APRILE 2025 DIRETTORE MIRKO MEZZACASA"},"content":{"rendered":"<p>******<\/p>\n<p>&nbsp;<\/p>\n<p>&nbsp;<\/p>\n<p><em><span style=\"color: #ff0000;\"><a class=\"dt-pswp-item\" href=\"https:\/\/www.radiopiu.net\/wordpress\/wp-content\/uploads\/2024\/10\/Senza-nome-8.png\" data-dt-img-description=\"\" data-large_image_width=\"343\" data-large_image_height=\"303\"><img loading=\"lazy\" decoding=\"async\" class=\"wp-image-412130 alignleft\" src=\"https:\/\/www.radiopiu.net\/wordpress\/wp-content\/uploads\/2024\/10\/Senza-nome-8-300x265.png\" alt=\"\" width=\"105\" height=\"93\" srcset=\"https:\/\/www.radiopiu.net\/wordpress\/wp-content\/uploads\/2024\/10\/Senza-nome-8-300x265.png 300w, https:\/\/www.radiopiu.net\/wordpress\/wp-content\/uploads\/2024\/10\/Senza-nome-8.png 343w\" sizes=\"auto, (max-width: 105px) 100vw, 105px\" \/><\/a><\/span><\/em><strong><em><span style=\"color: #ff0000;\"> LA\u00a0 APP PER IOS-IPHONE di Nicola Vettorello<\/span><\/em><\/strong><\/p>\n<p><strong><span style=\"color: #0000ff;\"><a style=\"color: #0000ff;\" href=\"https:\/\/apps.apple.com\/it\/app\/radio-pi%C3%B9-emittente-agordina\/id1515939845\">https:\/\/apps.apple.com\/it\/app\/radio-pi%C3%B9-emittente-agordina\/id1515939845<\/a><\/span><\/strong><\/p>\n<p><strong><em style=\"color: #ff0000;\">LA\u00a0 APP RADIO\u00a0 PER ANDROID di Nicola Vettorello<\/em><\/strong><\/p>\n<p><strong><span style=\"color: #0000ff;\"><a style=\"color: #0000ff;\" href=\"https:\/\/play.google.com\/store\/apps\/details?id=net.radiopiu.iniko\" target=\"_blank\" rel=\"noopener noreferrer\">https:\/\/<\/a><a style=\"color: #0000ff;\" href=\"https:\/\/play.google.com\/store\/apps\/details?id=net.radiopiu.iniko\" target=\"_blank\" rel=\"noopener noreferrer\">play.google.com\/store\/apps\/details?id=net.radiopiu.iniko\u00a0\u00a0\u00a0\u00a0<\/a><\/span><\/strong><\/p>\n<p>&nbsp;<\/p>\n<p>&nbsp;<\/p>\n<p>&nbsp;<\/p>\n<hr \/>\n<p><span style=\"color: #0000ff;\">\u00a0<\/span><\/p>\n<p>&nbsp;<\/p>\n<p><span style=\"color: #0000ff;\"><strong><a class=\"dt-pswp-item\" href=\"https:\/\/www.radiopiu.net\/wordpress\/wp-content\/uploads\/2022\/09\/athos.jpg\" data-dt-img-description=\"\" data-large_image_width=\"2080\" data-large_image_height=\"1544\"><img loading=\"lazy\" decoding=\"async\" class=\"size-medium wp-image-299092 alignleft\" src=\"https:\/\/www.radiopiu.net\/wordpress\/wp-content\/uploads\/2022\/09\/athos-300x223.jpg\" alt=\"\" width=\"300\" height=\"223\" srcset=\"https:\/\/www.radiopiu.net\/wordpress\/wp-content\/uploads\/2022\/09\/athos-300x223.jpg 300w, https:\/\/www.radiopiu.net\/wordpress\/wp-content\/uploads\/2022\/09\/athos-1024x760.jpg 1024w, https:\/\/www.radiopiu.net\/wordpress\/wp-content\/uploads\/2022\/09\/athos-768x570.jpg 768w, https:\/\/www.radiopiu.net\/wordpress\/wp-content\/uploads\/2022\/09\/athos-1536x1140.jpg 1536w, https:\/\/www.radiopiu.net\/wordpress\/wp-content\/uploads\/2022\/09\/athos-2048x1520.jpg 2048w\" sizes=\"auto, (max-width: 300px) 100vw, 300px\" \/><\/a>OGGI <\/strong>\u00a0<\/span>\u00a0 <strong>\u00a009.00<\/strong>\u00a0 le novit\u00e0 musicali, di Marco Gaz, la musica nuova direttamente dalle case discografiche\u00a0 <strong>9.40<\/strong> OTTANTA MUSICA, le selzioni di Monica Fontanive\u00a0 <strong>10.10 <\/strong>musla, le nove in Ladin con Erik &#8211; Gosaldo\u00a0<strong>10.30<\/strong>\u00a0 \u00a0Solidariet\u00e0 Veneto Fondo Pensione, il primo venerdi del mese alle 10.30 su radiopiu con il direttore Paolo Stefan <strong>\u00a011.00\u00a0<\/strong>\u00a0 battincinque con Marina e Alessio<span class=\"transfer_display_name\">\u00a0\u00a0<strong>13.20<\/strong>\u00a0 COLLAGE, CON LORIS SCUSSEL DAL MARTEDI ALLA DOMENICA ALLE 14.00 musc abc con David (foto) e Marina ed a seguire alle <strong>15.10<\/strong>\u00a0 week end&#8230; marina c&#8217;\u00e8\u00a0 <\/span><strong>16<\/strong><b>.45\u00a0<\/b> LE CLASSIFICHE, LA STORIA DELLA MUSICA, DI MIRCO BENCIVENNI (foto) <strong>19.00<\/strong> le anticipazioni del TG di Antenna 3 (Canale 10 digitale terrestre) di Tiziana Bolognani<\/p>\n<p>&nbsp;<\/p>\n<p><strong>MERCOLEDI SERA DALLE 20.30 DIRETTA RADIO, al mercoledi di sera. Presentiamo la sagra de Pasca, tutte le novit\u00e0 con Gruppo Sportivo, Proloco, Abvs e&#8230; Eugenio Bien<\/strong><\/p>\n<p>&nbsp;<\/p>\n<p>&nbsp;<\/p>\n<hr \/>\n<p>&nbsp;<\/p>\n<p>&nbsp;<\/p>\n<div class=\"x11i5rnm xat24cr x1mh8g0r x1vvkbs xtlvy1s x126k92a\">\n<div dir=\"auto\">\n<div dir=\"auto\">\n<p><strong><a class=\"dt-pswp-item\" href=\"https:\/\/www.radiopiu.net\/wordpress\/wp-content\/uploads\/2024\/02\/2d44e751-d8a8-461b-8e22-d8e4e853b032.jpg\" data-dt-img-description=\"\" data-large_image_width=\"1600\" data-large_image_height=\"1200\"><img loading=\"lazy\" decoding=\"async\" class=\"wp-image-373307 alignleft\" src=\"https:\/\/www.radiopiu.net\/wordpress\/wp-content\/uploads\/2024\/02\/2d44e751-d8a8-461b-8e22-d8e4e853b032-300x225.jpg\" alt=\"\" width=\"105\" height=\"79\" srcset=\"https:\/\/www.radiopiu.net\/wordpress\/wp-content\/uploads\/2024\/02\/2d44e751-d8a8-461b-8e22-d8e4e853b032-300x225.jpg 300w, https:\/\/www.radiopiu.net\/wordpress\/wp-content\/uploads\/2024\/02\/2d44e751-d8a8-461b-8e22-d8e4e853b032-1024x768.jpg 1024w, https:\/\/www.radiopiu.net\/wordpress\/wp-content\/uploads\/2024\/02\/2d44e751-d8a8-461b-8e22-d8e4e853b032-768x576.jpg 768w, https:\/\/www.radiopiu.net\/wordpress\/wp-content\/uploads\/2024\/02\/2d44e751-d8a8-461b-8e22-d8e4e853b032-1536x1152.jpg 1536w, https:\/\/www.radiopiu.net\/wordpress\/wp-content\/uploads\/2024\/02\/2d44e751-d8a8-461b-8e22-d8e4e853b032.jpg 1600w\" sizes=\"auto, (max-width: 105px) 100vw, 105px\" \/><\/a>EL BAL DEL FIOR, DI GIULIANA DA RONCH, 04 APRILE<\/strong><strong> 2025<\/strong><\/p>\n<\/div>\n<p>&nbsp;<\/p>\n<div dir=\"auto\">\n<audio class=\"wp-audio-shortcode\" id=\"audio-442933-1\" preload=\"none\" style=\"width: 100%;\" controls=\"controls\"><source type=\"audio\/mpeg\" src=\"https:\/\/www.radiopiu.net\/wordpress\/wp-content\/uploads\/2025\/03\/GVE-4.mp3?_=1\" \/><a href=\"https:\/\/www.radiopiu.net\/wordpress\/wp-content\/uploads\/2025\/03\/GVE-4.mp3\">https:\/\/www.radiopiu.net\/wordpress\/wp-content\/uploads\/2025\/03\/GVE-4.mp3<\/a><\/audio>\n<p>&nbsp;<\/p>\n<hr \/>\n<p>&nbsp;<\/p>\n<p>&nbsp;<\/p>\n<\/div>\n<\/div>\n<\/div>\n<div class=\"x11i5rnm xat24cr x1mh8g0r x1vvkbs xtlvy1s x126k92a\">\n<blockquote>\n<h1><strong><a class=\"dt-pswp-item\" href=\"https:\/\/www.radiopiu.net\/wordpress\/wp-content\/uploads\/2024\/10\/629301fd-708d-4f53-95c2-d28cbefd500f.jpg\" data-dt-img-description=\"\" data-large_image_width=\"1600\" data-large_image_height=\"1322\"><img loading=\"lazy\" decoding=\"async\" class=\"wp-image-413782 alignright\" src=\"https:\/\/www.radiopiu.net\/wordpress\/wp-content\/uploads\/2024\/10\/629301fd-708d-4f53-95c2-d28cbefd500f-300x248.jpg\" alt=\"\" width=\"106\" height=\"88\" srcset=\"https:\/\/www.radiopiu.net\/wordpress\/wp-content\/uploads\/2024\/10\/629301fd-708d-4f53-95c2-d28cbefd500f-300x248.jpg 300w, https:\/\/www.radiopiu.net\/wordpress\/wp-content\/uploads\/2024\/10\/629301fd-708d-4f53-95c2-d28cbefd500f-1024x846.jpg 1024w, https:\/\/www.radiopiu.net\/wordpress\/wp-content\/uploads\/2024\/10\/629301fd-708d-4f53-95c2-d28cbefd500f-768x635.jpg 768w, https:\/\/www.radiopiu.net\/wordpress\/wp-content\/uploads\/2024\/10\/629301fd-708d-4f53-95c2-d28cbefd500f-1536x1269.jpg 1536w, https:\/\/www.radiopiu.net\/wordpress\/wp-content\/uploads\/2024\/10\/629301fd-708d-4f53-95c2-d28cbefd500f.jpg 1600w\" sizes=\"auto, (max-width: 106px) 100vw, 106px\" \/><\/a><\/strong><\/h1>\n<h1><strong><a class=\"dt-pswp-item\" href=\"https:\/\/www.radiopiu.net\/wordpress\/wp-content\/uploads\/2024\/11\/th-18.jpg\" data-dt-img-description=\"\" data-large_image_width=\"156\" data-large_image_height=\"180\"><img loading=\"lazy\" decoding=\"async\" class=\"size-full wp-image-421611 alignleft\" src=\"https:\/\/www.radiopiu.net\/wordpress\/wp-content\/uploads\/2024\/11\/th-18.jpg\" alt=\"\" width=\"156\" height=\"180\" \/><\/a><\/strong><\/h1>\n<h1><strong>N di parom &#8211; L Almanach de la nosta jent<\/strong><\/h1>\n<\/blockquote>\n<p>&nbsp;<\/p>\n<p>Le voci: Davide Conedera, Agordo, Michela Dell&#8217;Osbel, La Valle Agordina Simone Ganz, Falcade Veronica Lezuo, Colle Santa Lucia. La voce nella sigla \u00e8 di Giorgia Taio<\/p>\n<p><strong>LA PUNTATA DI OGGI, 04 APRILE 2025<\/strong><\/p>\n<audio class=\"wp-audio-shortcode\" id=\"audio-442933-2\" preload=\"none\" style=\"width: 100%;\" controls=\"controls\"><source type=\"audio\/mpeg\" src=\"https:\/\/www.radiopiu.net\/wordpress\/wp-content\/uploads\/2025\/03\/AL5-4.mp3?_=2\" \/><a href=\"https:\/\/www.radiopiu.net\/wordpress\/wp-content\/uploads\/2025\/03\/AL5-4.mp3\">https:\/\/www.radiopiu.net\/wordpress\/wp-content\/uploads\/2025\/03\/AL5-4.mp3<\/a><\/audio>\n<p>&nbsp;<\/p>\n<\/div>\n<div class=\"x11i5rnm xat24cr x1mh8g0r x1vvkbs xtlvy1s x126k92a\">\n<div dir=\"auto\">\n<hr \/>\n<\/div>\n<\/div>\n<blockquote>\n<blockquote>\n<h1><span style=\"color: #ff0000;\">\u00a0<\/span><\/h1>\n<h1><span style=\"color: #ff0000;\">I podcast informativi del mattino &#8211; audio &#8211;\u00a0\u00a0<\/span><\/h1>\n<\/blockquote>\n<p><strong><a class=\"dt-pswp-item\" href=\"https:\/\/www.radiopiu.net\/wordpress\/wp-content\/uploads\/2024\/11\/6.jpg\" data-dt-img-description=\"\" data-large_image_width=\"177\" data-large_image_height=\"180\"><img loading=\"lazy\" decoding=\"async\" class=\"size-full wp-image-417911 alignleft\" src=\"https:\/\/www.radiopiu.net\/wordpress\/wp-content\/uploads\/2024\/11\/6.jpg\" alt=\"\" width=\"177\" height=\"180\" \/><\/a>LA RASSEGNA STAMPA NAZIONALE ALLA RADIO, OGNI GIORNO ALLE 5 E ALLE 6 DEL MATTINO <span style=\"color: #0000ff;\">viene pubblicata alle 6.00 <span style=\"color: #ff0000;\">DIRETTA RADIO\u00a0 \u00a0\u00a0<\/span><\/span><\/strong><\/p><\/blockquote>\n<h1><strong>NOTIZIE DELLA NOTTE<\/strong><\/h1>\n<p><strong>Corea del Sud<\/strong>, Corte costituzionale destituisce presidente<br \/>\n<strong>Borsa<\/strong>: Tokyo, apertura in calo (-1,33%) <strong>Trump:<\/strong> penso che Zelensky e Putin siano pronti a fare un accordo <strong>Sentenza shock in Cile<\/strong>, rimossa la senatrice Isabel Allende <strong>Nyt,<\/strong> &#8216;Ue valuta sanzione da oltre 1 miliardo a X&#8217; <strong>Trump,<\/strong> tratterei sui dazi in cambio di offerta fenomenale <strong>Trump,<\/strong> la risposta dei mercati ai dazi era attesa <strong>Trump<\/strong>, Usa vicini al raggiungimento di accordo per TikTok<\/p>\n<h1>AUDIO dalle 6 del mattino<\/h1>\n<audio class=\"wp-audio-shortcode\" id=\"audio-442933-3\" preload=\"none\" style=\"width: 100%;\" controls=\"controls\"><source type=\"audio\/mpeg\" src=\"https:\/\/www.radiopiu.net\/wordpress\/wp-content\/uploads\/2025\/04\/GIORNALEDELLESEI-2.mp3?_=3\" \/><a href=\"https:\/\/www.radiopiu.net\/wordpress\/wp-content\/uploads\/2025\/04\/GIORNALEDELLESEI-2.mp3\">https:\/\/www.radiopiu.net\/wordpress\/wp-content\/uploads\/2025\/04\/GIORNALEDELLESEI-2.mp3<\/a><\/audio>\n<p>&nbsp;<\/p>\n<p>&nbsp;<\/p>\n<hr \/>\n<p>&nbsp;<\/p>\n<h1 style=\"text-align: center;\"><span style=\"color: #ff0000;\"><a class=\"dt-pswp-item\" href=\"https:\/\/www.radiopiu.net\/wordpress\/wp-content\/uploads\/2024\/11\/7.jpg\" data-dt-img-description=\"\" data-large_image_width=\"180\" data-large_image_height=\"180\"><img loading=\"lazy\" decoding=\"async\" class=\"size-full wp-image-417912 alignleft\" src=\"https:\/\/www.radiopiu.net\/wordpress\/wp-content\/uploads\/2024\/11\/7.jpg\" alt=\"\" width=\"180\" height=\"180\" srcset=\"https:\/\/www.radiopiu.net\/wordpress\/wp-content\/uploads\/2024\/11\/7.jpg 180w, https:\/\/www.radiopiu.net\/wordpress\/wp-content\/uploads\/2024\/11\/7-150x150.jpg 150w\" sizes=\"auto, (max-width: 180px) 100vw, 180px\" \/><\/a>I podcast informativi del mattino &#8211; audio &#8211;\u00a0<\/span><\/h1>\n<p><strong>OGNI GIORNO ALLE SETTE DEL MATTINO, LA RASSEGNA STAMPA LOCALE FLASH&#8230; PER CHI VA IN FRETTA. I TITOLI DAI GIORNALI E DAL SITO WWW.RADIOPIU.NET <span style=\"color: #0000ff;\">viene pubblicato alle 7.00<\/span> <span style=\"color: #ff0000;\">DIRETTA RADIO\u00a0<\/span><\/strong><\/p>\n<p><em><span style=\"color: #ff0000;\">per chi va in fretta&#8230; tante notizie in pochi minuti. L&#8217;informazione locale alla radio, ogni ora dalle 7 del mattino alle 19 della sera.\u00a0\u00a0<\/span><\/em><\/p>\n<p><strong>Belluno:<\/strong> Incidente frontale a Bribano, due feriti e traffico bloccato.<br \/>\n<strong>A Rocca Pietore<\/strong>, l\u2019acqua non \u00e8 potabile, servizio autobotte attivato. A Gosaldo, l\u2019acqua torna potabile.<br \/>\n<strong>Belluno:<\/strong> Cordoglio per la scomparsa di Mario Collarin, storico imprenditore locale.<br \/>\n<strong>Sedico:<\/strong> Oggi il saluto a Enrico Moretti.<br \/>\n<strong>Agordo:<\/strong> Gli studenti del Follador chiedono miglioramenti scolastici.<br \/>\n<strong>Cortina<\/strong>: Processo bis per la tragedia di Alver\u00e0, valutazioni in corso su nuove responsabilit\u00e0.<br \/>\n<strong>Feltre:<\/strong> Morte di padre Bassetto, il caso verso l\u2019archiviazione. L\u2019errore nella somministrazione della morfina non \u00e8 stato considerato la causa diretta del decesso.<\/p>\n<p><strong>\u00a0<\/strong><strong data-start=\"0\" data-end=\"62\">Notizie locali dal Bellunese: tra cronaca, eventi e novit\u00e0<\/strong><\/p>\n<div class=\"flex flex-1 grow basis-auto flex-col overflow-hidden\">\n<div class=\"relative h-full\">\n<div class=\"flex h-full flex-col overflow-y-auto [scrollbar-gutter:stable]\">\n<div class=\"mt-1.5 flex flex-col text-sm @thread-xl\/thread:pt-header-height md:pb-9\">\n<article class=\"group\/turn w-full text-token-text-primary focus-visible:outline-none\" dir=\"auto\" tabindex=\"-1\" data-testid=\"conversation-turn-2\" data-scroll-anchor=\"true\">\n<div class=\"text-base my-auto mx-auto py-5 px-6\">\n<div class=\"mx-auto flex flex-1 text-base gap-4 md:gap-5 lg:gap-6 md:max-w-3xl\">\n<div class=\"group\/conversation-turn relative flex w-full min-w-0 flex-col agent-turn @xs\/thread:px-0 @sm\/thread:px-1.5 @md\/thread:px-4\">\n<div class=\"relative flex-col gap-1 md:gap-3\">\n<div class=\"flex max-w-full flex-col flex-grow\">\n<div class=\"min-h-8 text-message relative flex w-full flex-col items-end gap-2 whitespace-normal break-words text-start [.text-message+&amp;]:mt-5\" dir=\"auto\" data-message-author-role=\"assistant\" data-message-id=\"bff05fc0-dc7c-4ab7-9b20-d3eec753127b\" data-message-model-slug=\"gpt-4o-mini\">\n<div class=\"flex w-full flex-col gap-1 empty:hidden first:pt-[3px]\">\n<div class=\"markdown prose w-full break-words dark:prose-invert dark\">\n<p class=\"\" data-start=\"64\" data-end=\"329\">Radio Pi\u00f9 offre una panoramica sui principali eventi e notizie in provincia di Belluno, accompagnata dalla programmazione radiofonica. Tra le principali notizie<\/p>\n<\/div>\n<\/div>\n<\/div>\n<\/div>\n<\/div>\n<\/div>\n<\/div>\n<\/div>\n<\/article>\n<\/div>\n<\/div>\n<\/div>\n<\/div>\n<h1>AUDIO dalle 7 del mattino<\/h1>\n<audio class=\"wp-audio-shortcode\" id=\"audio-442933-4\" preload=\"none\" style=\"width: 100%;\" controls=\"controls\"><source type=\"audio\/mpeg\" src=\"https:\/\/www.radiopiu.net\/wordpress\/wp-content\/uploads\/2025\/04\/GF07-3.mp3?_=4\" \/><a href=\"https:\/\/www.radiopiu.net\/wordpress\/wp-content\/uploads\/2025\/04\/GF07-3.mp3\">https:\/\/www.radiopiu.net\/wordpress\/wp-content\/uploads\/2025\/04\/GF07-3.mp3<\/a><\/audio>\n<p>&nbsp;<\/p>\n<p>&nbsp;<\/p>\n<hr \/>\n<p>&nbsp;<\/p>\n<h1><\/h1>\n<h1 style=\"text-align: center;\"><span style=\"color: #ff0000;\"><a class=\"dt-pswp-item\" href=\"https:\/\/www.radiopiu.net\/wordpress\/wp-content\/uploads\/2024\/11\/th.jpg\" data-dt-img-description=\"\" data-large_image_width=\"148\" data-large_image_height=\"179\"><img loading=\"lazy\" decoding=\"async\" class=\"size-full wp-image-417913 alignleft\" src=\"https:\/\/www.radiopiu.net\/wordpress\/wp-content\/uploads\/2024\/11\/th.jpg\" alt=\"\" width=\"148\" height=\"179\" \/><\/a>I podcast informativi del mattino &#8211; audio &#8211;\u00a0<\/span><\/h1>\n<blockquote><p><strong>GIORNALE RADIO NAZIONALE, EDIZIONE DELLE SETTE <span style=\"color: #0000ff;\">viene pubblicato alle 7.05 <span style=\"color: #ff0000;\">DIRETTA RADIO\u00a0<\/span><\/span><\/strong><\/p><\/blockquote>\n<p><strong>il giornale radionazionale e&#8217; in onda ogni ora, dalle sette del mattino alle venti della sera\u00a0 \u00a0<\/strong><\/p>\n<p>&nbsp;<\/p>\n<p>&nbsp;<\/p>\n<p><strong><a class=\"dt-pswp-item\" href=\"https:\/\/www.radiopiu.net\/wordpress\/wp-content\/uploads\/2025\/02\/download-7.jpg\" data-dt-img-description=\"\" data-large_image_width=\"211\" data-large_image_height=\"239\"><img loading=\"lazy\" decoding=\"async\" class=\"wp-image-435553 alignleft\" src=\"https:\/\/www.radiopiu.net\/wordpress\/wp-content\/uploads\/2025\/02\/download-7.jpg\" alt=\"\" width=\"147\" height=\"167\" \/><\/a>ROMA<\/strong> Operazione Stream Scoperto il manuale del pedofilo sul darkweb, 4 arresti e 15 indagati<br \/>\n<strong>ROMA<\/strong> Il rapporto Le residenze per anziani coprono solo il 7,6% dei bisogni, cure a casa per il 30%<br \/>\n<strong>BRESCIA\u00a0<\/strong> Piazza della Loggia, attesa la sentenza su Toffaloni, all&#8217;epoca minorenne L&#8217;accusa chiede la condanna a 30 anni, i giudici sono in Camera di Consiglio<br \/>\n<strong>MESSINA<\/strong> una fiaccolata per ricordare Sara Campanella. La rettrice dell&#8217;ateneo: &#8216;Ricever\u00e0 la laurea alla memoria&#8217;<br \/>\n<strong>ROMA<\/strong> &#8216;Per Ilaria, per Sara&#8217;, in migliaia alla Sapienza Diverse centinaia di persone a piazzale Aldo Moro, &#8216;potevo essere io&#8217;<br \/>\n<strong>FIRENZE<\/strong> Abusi e molestie alle studentesse, arrestato un insegnanteAi domiciliari un docente di un istituto superiore di Pontedera<br \/>\n<strong>MILANO<\/strong> A 26 anni muore per un malore nell&#8217;ospedale dove faceva clownterapia Ricovero al Niguarda di Milano, cordoglio d&#8217;amici e associazioni<br \/>\n<strong>REGGIO EMILIA<\/strong> La Procura chiede condanne fino a 15 anni sui presunti affidi illeciti<\/p>\n<p>&nbsp;<\/p>\n<p><strong><a class=\"dt-pswp-item\" href=\"https:\/\/www.radiopiu.net\/wordpress\/wp-content\/uploads\/2025\/02\/download-3.jpg\" data-dt-img-description=\"\" data-large_image_width=\"223\" data-large_image_height=\"226\"><img loading=\"lazy\" decoding=\"async\" class=\" wp-image-434732 alignleft\" src=\"https:\/\/www.radiopiu.net\/wordpress\/wp-content\/uploads\/2025\/02\/download-3.jpg\" alt=\"\" width=\"173\" height=\"175\" \/><\/a>VICENZA<\/strong> Tentato furto ad azienda orafa, sequestrato esplosivo Il titolare ha sparato ai ladri dopo l&#8217;attivazione dell&#8217;allarme <strong>VENEZIA<\/strong> Tre arresti e sequestro di 18 chili di hashish e marijuanaOperazione della Gdf nella terraferma veneziana <strong>VERONA<\/strong> Operaio morto folgorato in azienda nel veronese Dopo l&#8217;incidente e&#8217; divampato un incendio <strong>VICENZA<\/strong> Identificati presunti vandali scuola del Vicentino Sono una decina di studenti fra i 14 e i 17 anni <strong>VICENZA<\/strong> Finisce con furgone in fossa termovalorizzatore, ferito autista Incidente a nel Vicentino <strong>VENEZIA<\/strong> Il futuro della navalmeccanica, porte aperte in Fincantieri a Marghera &#8216;Cantieri Aperti&#8217; mostra le innovazioni che trasformano settore <strong>VERONA\u00a0<\/strong> Vinitaly and the City,torna kermesse che lancia salone di Verona Domani taglio del nastro affidato a Deborah Compagnoni <strong>PADOVA<\/strong> Arpav, marzo 2025 molto pi\u00f9 piovoso e caldo della norma Circa il doppio di pioggia in pi\u00f9 rispetto al trentennio <strong>PADOVA<\/strong> I siti web dei musei dell&#8217;Universit\u00e0 di Padova si rinnovano Il patrimonio di Unipd aperto, accessibile e inclusivo<\/p>\n<h1><span style=\"color: #ff0000;\"><span style=\"color: #0000ff;\">ULTIM&#8217;ORA<\/span> <span style=\"color: #000000;\">AUDIO dalle sette del mattino, ogni ora alla radio EDIZIONE DELLE SETTE<\/span><\/span><\/h1>\n<audio class=\"wp-audio-shortcode\" id=\"audio-442933-5\" preload=\"none\" style=\"width: 100%;\" controls=\"controls\"><source type=\"audio\/mpeg\" src=\"https:\/\/www.radiopiu.net\/wordpress\/wp-content\/uploads\/2025\/04\/giornale07-3.mp3?_=5\" \/><a href=\"https:\/\/www.radiopiu.net\/wordpress\/wp-content\/uploads\/2025\/04\/giornale07-3.mp3\">https:\/\/www.radiopiu.net\/wordpress\/wp-content\/uploads\/2025\/04\/giornale07-3.mp3<\/a><\/audio>\n<p>&nbsp;<\/p>\n<p>&nbsp;<\/p>\n<hr \/>\n<p>&nbsp;<\/p>\n<p>&nbsp;<\/p>\n<h1><span style=\"color: #ff0000;\"><a class=\"dt-pswp-item\" href=\"https:\/\/www.radiopiu.net\/wordpress\/wp-content\/uploads\/2024\/11\/8.jpg\" data-dt-img-description=\"\" data-large_image_width=\"180\" data-large_image_height=\"180\"><img loading=\"lazy\" decoding=\"async\" class=\"size-full wp-image-417910 alignleft\" src=\"https:\/\/www.radiopiu.net\/wordpress\/wp-content\/uploads\/2024\/11\/8.jpg\" alt=\"\" width=\"180\" height=\"180\" srcset=\"https:\/\/www.radiopiu.net\/wordpress\/wp-content\/uploads\/2024\/11\/8.jpg 180w, https:\/\/www.radiopiu.net\/wordpress\/wp-content\/uploads\/2024\/11\/8-150x150.jpg 150w\" sizes=\"auto, (max-width: 180px) 100vw, 180px\" \/><\/a>I podcast informativi del mattino &#8211; video &#8211;\u00a0<\/span><\/h1>\n<h2 style=\"text-align: left;\"><strong>RASSEGNA STAMPA LOCALE, ORE OTTO<\/strong><\/h2>\n<h2><strong> <span style=\"color: #0000ff;\">viene\u00a0 <\/span><\/strong><strong><span style=\"color: #0000ff;\">pubblicata alle 8.05 <span style=\"color: #ff0000;\">DIRETTA RADIO\u00a0 \u00a0<\/span><\/span><\/strong><strong>DI MIRKO MEZZACASA<\/strong><\/h2>\n<h2><span style=\"color: #ff0000;\"><strong>\u00a0<\/strong><\/span><\/h2>\n<h1><span style=\"color: #ff0000;\"><strong>VIDEO\u00a0 \u00a0in diretta AGGIORNAMENTO\u00a0 dalle 8 del mattino\u00a0\u00a0<\/strong><\/span><\/h1>\n<p><a class=\"dt-pswp-item\" href=\"https:\/\/www.radiopiu.net\/wordpress\/wp-content\/uploads\/2025\/04\/COOP1-2.png\" data-dt-img-description=\"\" data-large_image_width=\"555\" data-large_image_height=\"304\"><img loading=\"lazy\" decoding=\"async\" class=\"alignnone size-medium wp-image-443151\" src=\"https:\/\/www.radiopiu.net\/wordpress\/wp-content\/uploads\/2025\/04\/COOP1-2-300x164.png\" alt=\"\" width=\"300\" height=\"164\" srcset=\"https:\/\/www.radiopiu.net\/wordpress\/wp-content\/uploads\/2025\/04\/COOP1-2-300x164.png 300w, https:\/\/www.radiopiu.net\/wordpress\/wp-content\/uploads\/2025\/04\/COOP1-2.png 555w\" sizes=\"auto, (max-width: 300px) 100vw, 300px\" \/><\/a><a class=\"dt-pswp-item\" href=\"https:\/\/www.radiopiu.net\/wordpress\/wp-content\/uploads\/2025\/04\/COOP2-2.png\" data-dt-img-description=\"\" data-large_image_width=\"523\" data-large_image_height=\"294\"><img loading=\"lazy\" decoding=\"async\" class=\"alignnone size-medium wp-image-443152\" src=\"https:\/\/www.radiopiu.net\/wordpress\/wp-content\/uploads\/2025\/04\/COOP2-2-300x169.png\" alt=\"\" width=\"300\" height=\"169\" srcset=\"https:\/\/www.radiopiu.net\/wordpress\/wp-content\/uploads\/2025\/04\/COOP2-2-300x169.png 300w, https:\/\/www.radiopiu.net\/wordpress\/wp-content\/uploads\/2025\/04\/COOP2-2.png 523w\" sizes=\"auto, (max-width: 300px) 100vw, 300px\" \/><\/a><\/p>\n<p><iframe loading=\"lazy\" title=\"DAL 1983 LA RASSEGNA STAMPA LOCALE di mirko mezzacasa. L&#039;ORIGINALE\" width=\"1200\" height=\"675\" src=\"https:\/\/www.youtube.com\/embed\/8nbjVObpxsE?feature=oembed\" frameborder=\"0\" allow=\"accelerometer; autoplay; clipboard-write; encrypted-media; gyroscope; picture-in-picture; web-share\" referrerpolicy=\"strict-origin-when-cross-origin\" allowfullscreen><\/iframe><\/p>\n<hr \/>\n<p>&nbsp;<\/p>\n<p>&nbsp;<\/p>\n<p>&nbsp;<\/p>\n<p><strong><a class=\"dt-pswp-item\" href=\"https:\/\/www.radiopiu.net\/wordpress\/wp-content\/uploads\/2023\/12\/ANTENNA.png\" data-dt-img-description=\"\" data-large_image_width=\"300\" data-large_image_height=\"166\"><img loading=\"lazy\" decoding=\"async\" class=\"wp-image-366306 alignright\" src=\"https:\/\/www.radiopiu.net\/wordpress\/wp-content\/uploads\/2023\/12\/ANTENNA.png\" alt=\"\" width=\"101\" height=\"56\" \/><\/a><a class=\"dt-pswp-item\" href=\"https:\/\/www.radiopiu.net\/wordpress\/wp-content\/uploads\/2024\/11\/th-17.jpg\" data-dt-img-description=\"\" data-large_image_width=\"224\" data-large_image_height=\"180\"><img loading=\"lazy\" decoding=\"async\" class=\" wp-image-421610 alignleft\" src=\"https:\/\/www.radiopiu.net\/wordpress\/wp-content\/uploads\/2024\/11\/th-17.jpg\" alt=\"\" width=\"167\" height=\"134\" \/><\/a>ogni sera alle 19 le anticipazioni alla radio, quello che poi seguirete nel TELEGIORNALE BELLUNESE\u00a0 in onda alle 19.30 sul CANALE 10 del digitale terrestre.\u00a0\u00a0<\/strong><\/p>\n<p><b>\u00a0\u00a0<\/b><\/p>\n<h1><span style=\"color: #ff0000;\"><strong>LE ANTICIPAZIONI DI TIZIANA BOLOGNANI<\/strong><\/span><\/h1>\n<audio class=\"wp-audio-shortcode\" id=\"audio-442933-6\" preload=\"none\" style=\"width: 100%;\" controls=\"controls\"><source type=\"audio\/mpeg\" src=\"https:\/\/www.radiopiu.net\/wordpress\/wp-content\/uploads\/2025\/04\/ANTENNA3-2.mp3?_=6\" \/><a href=\"https:\/\/www.radiopiu.net\/wordpress\/wp-content\/uploads\/2025\/04\/ANTENNA3-2.mp3\">https:\/\/www.radiopiu.net\/wordpress\/wp-content\/uploads\/2025\/04\/ANTENNA3-2.mp3<\/a><\/audio>\n<p>&nbsp;<\/p>\n<p>&nbsp;<\/p>\n<p>&nbsp;<\/p>\n<hr \/>\n<p>&nbsp;<\/p>\n<blockquote>\n<h3 class=\"entry-title\">CHIUSURA REGIONALE 203 AGORDINA, BIVIO ROVEI<\/h3>\n<\/blockquote>\n<p><strong>COLLE SANTA LUCIA <\/strong>Fino al 30 aprile dalle 8 alle 17.30 escluso sabato domenica e festivi, chiusura della regionale 203 agordina nel tratto bivio Rovei, bivio Rucav\u00e0. Interdizione totale per lavori di mitigazione del rischio caduta massi.<\/p>\n<p>&nbsp;<\/p>\n<p>&nbsp;<\/p>\n<hr \/>\n<p>&nbsp;<\/p>\n<blockquote>\n<h3 class=\"photoswipe-wrapper\"><a class=\"dt-pswp-item pspw-wrap-ready\" href=\"https:\/\/www.radiopiu.net\/wordpress\/wp-content\/uploads\/2024\/12\/Logo_SibPAYOFF.jpg\" data-dt-img-description=\"\" data-large_image_width=\"1536\" data-large_image_height=\"391\"><img loading=\"lazy\" decoding=\"async\" class=\"wp-image-426474 alignleft\" src=\"https:\/\/www.radiopiu.net\/wordpress\/wp-content\/uploads\/2024\/12\/Logo_SibPAYOFF-300x76.jpg\" sizes=\"auto, (max-width: 162px) 100vw, 162px\" srcset=\"https:\/\/www.radiopiu.net\/wordpress\/wp-content\/uploads\/2024\/12\/Logo_SibPAYOFF-300x76.jpg 300w, https:\/\/www.radiopiu.net\/wordpress\/wp-content\/uploads\/2024\/12\/Logo_SibPAYOFF-1024x261.jpg 1024w, https:\/\/www.radiopiu.net\/wordpress\/wp-content\/uploads\/2024\/12\/Logo_SibPAYOFF-768x196.jpg 768w, https:\/\/www.radiopiu.net\/wordpress\/wp-content\/uploads\/2024\/12\/Logo_SibPAYOFF.jpg 1536w\" alt=\"\" width=\"162\" height=\"41\" \/><\/a>ACQUA NON POTABILE A ROCCA PIETORE, TORNA POTABILE A GOSALDO<\/h3>\n<\/blockquote>\n<p>A Rocca Pietore in localit\u00e0 Digonera l&#8217;acqua erogata dall&#8217;acquedotto non \u00e8 potabile e e non pu\u00f2 essere usata per scopi alimentari. Verr\u00e0 effettuato servizio sostitutivo con autobotte presso\u00a0 l&#8217;Albergo Digonera in localit\u00e0 Digonera.<\/p>\n<p>A Gosaldo nelle localit\u00e0 Curti, Incasal e Le Case l\u2019acqua erogata dall\u2019acquedotto \u00e8 di nuovo potabile<\/p>\n<p>&nbsp;<\/p>\n<blockquote>\n<h3>SERVIZI INTEGRATI BELLUNESI: LAVORI A SAN TOMASO E ROCCA PIETORE<\/h3>\n<\/blockquote>\n<p>Servizi Integrati Bellunesi informa che, per lavori alla rete idrica comunale, fino ad oggi, dalle ore 08:00 alle ore 17:00, potrebbe mancare l&#8217;acqua a San Tomaso Agordino, nelle Localit\u00e0 Pecol e Piaia.<\/p>\n<p>Lavori alla rete idrica comunale anche a Rocca Pietore in localit\u00e0 Digoner\u00e0. Luned\u00ec dalle 8:30 alle 12 verr\u00e0 sospesa l&#8217;erogazione dell&#8217;acqua.<\/p>\n<p>&nbsp;<\/p>\n<hr \/>\n<p>&nbsp;<\/p>\n<blockquote>\n<p class=\"\" data-start=\"0\" data-end=\"50\"><strong data-start=\"0\" data-end=\"48\">CORDOGLIO PER LA SCOMPARSA DI MARIO COLLARIN<\/strong><\/p>\n<\/blockquote>\n<p class=\"\" data-start=\"52\" data-end=\"205\"><strong data-start=\"77\" data-end=\"111\"><a class=\"dt-pswp-item\" href=\"https:\/\/www.radiopiu.net\/wordpress\/wp-content\/uploads\/2025\/04\/Senza-nome-14.png\" data-dt-img-description=\"\" data-large_image_width=\"202\" data-large_image_height=\"186\"><img loading=\"lazy\" decoding=\"async\" class=\" wp-image-443052 alignleft\" src=\"https:\/\/www.radiopiu.net\/wordpress\/wp-content\/uploads\/2025\/04\/Senza-nome-14.png\" alt=\"\" width=\"136\" height=\"125\" \/><\/a>BELLUNO Confindustria Belluno Dolomiti<\/strong> piange la scomparsa di <strong data-start=\"135\" data-end=\"153\">Mario Collarin<\/strong>, imprenditore e figura storica dell\u2019Associazione. <em>\u201cLa sua morte lascia un vuoto enorme. \u00c8 stato una colonna portante della nostra realt\u00e0\u201d,<\/em> ha dichiarato la presidente <strong data-start=\"326\" data-end=\"345\">Lorraine Berton<\/strong>, esprimendo vicinanza alla famiglia. Collarin \u00e8 stato presidente dei <strong data-start=\"418\" data-end=\"451\">Giovani Industriali bellunesi<\/strong>, vicepresidente di <strong data-start=\"471\" data-end=\"505\">Confindustria Belluno Dolomiti<\/strong> e Presidente nazionale del <strong data-start=\"533\" data-end=\"575\">Gruppo Segati di Conifere di AssoLegno<\/strong>. <em>\u201cHa sempre creduto nell\u2019associazionismo e nell\u2019innovazione. Ci mancher\u00e0\u201d<\/em>, ha concluso Berton.<\/p>\n<p>&nbsp;<\/p>\n<hr \/>\n<p>&nbsp;<\/p>\n<h3><a class=\"dt-pswp-item\" href=\"https:\/\/www.radiopiu.net\/wordpress\/wp-content\/uploads\/2025\/04\/Senza-nome-17.png\" data-dt-img-description=\"\" data-large_image_width=\"248\" data-large_image_height=\"188\"><img loading=\"lazy\" decoding=\"async\" class=\"wp-image-443068 alignleft\" src=\"https:\/\/www.radiopiu.net\/wordpress\/wp-content\/uploads\/2025\/04\/Senza-nome-17.png\" alt=\"\" width=\"140\" height=\"106\" \/><\/a>DOMANI\u00a0 IL SALUTO AD ENRICO<\/h3>\n<p><strong>SEDICO<\/strong> La famiglia di Enrico Moretti annuncia che il saluto al loro caro si terr\u00e0 domani alle 10.30 nella sala del commiato della casa funeraria Ganz. Si potr\u00e0 fargli visita oggi dalle 9 alle 12, dalle 15 alle 18. Domani dalle 8.30 alle 9.30.<\/p>\n<p>&nbsp;<\/p>\n<hr \/>\n<p>&nbsp;<\/p>\n<blockquote>\n<h3>SCONTRO FRONTALE SUL PONTE. DUE FERITI<\/h3>\n<\/blockquote>\n<p><strong>SANTA GIUSTINA <\/strong>Ieri alle 13:40, un incidente frontale sul ponte di Bribano (Sedico) ha causato il ferimento lieve di un 60enne e pesanti disagi alla viabilit\u00e0 sulla destra Piave. La collisione \u00e8 avvenuta tra una Panda, diretta a Belluno, e un pick-up che viaggiava in senso opposto. La Panda ha invaso la corsia opposta, forse a causa di un malore del conducente. Sul posto sono intervenuti i vigili del fuoco di Belluno per la messa in sicurezza e i sanitari, che hanno trasportato il ferito all\u2019ospedale Santa Maria del Prato di Feltre. Il traffico \u00e8 rimasto bloccato per oltre due ore, con lunghe code in entrambe le direzioni e l\u2019istituzione di un senso unico alternato.<\/p>\n<p><strong>SEDICO\u00a0<\/strong>Alle 16 un altro incidente sulla SR 203 Agordina tra Peron e Mas dove un&#8217;auto \u00e8 uscita di strada. Una donna di 53 anni \u00e8 rimasta ferita lievemente ed \u00e8 stata portata al San Martino di Belluno per le cure del caso.<\/p>\n<p>&nbsp;<\/p>\n\n\t\t\t<style type='text\/css'>\n\t\t\t\t#gallery-1 {\n\t\t\t\t\tmargin: auto;\n\t\t\t\t}\n\t\t\t\t#gallery-1 .gallery-item {\n\t\t\t\t\tfloat: left;\n\t\t\t\t\tmargin-top: 10px;\n\t\t\t\t\ttext-align: center;\n\t\t\t\t\twidth: 50%;\n\t\t\t\t}\n\t\t\t\t#gallery-1 img {\n\t\t\t\t\tborder: 2px solid #cfcfcf;\n\t\t\t\t}\n\t\t\t\t#gallery-1 .gallery-caption {\n\t\t\t\t\tmargin-left: 0;\n\t\t\t\t}\n\t\t\t\t\/* see gallery_shortcode() in wp-includes\/media.php *\/\n\t\t\t<\/style>\n\t\t<div id='gallery-1' class='dt-gallery-container gallery galleryid-442933 gallery-columns-2 gallery-size-medium'><dl class='gallery-item'>\n\t\t\t\t<dt class='gallery-icon landscape'>\n\t\t\t\t\t<a class=\"rollover rollover-zoom dt-pswp-item\" title=\"b0a2ed5d-1135-488a-b2d1-dfd393ba78bb\" data-dt-img-description=\"\" data-large_image_width=\"2048\" data-large_image_height=\"1536\"href='https:\/\/www.radiopiu.net\/wordpress\/wp-content\/uploads\/2025\/04\/b0a2ed5d-1135-488a-b2d1-dfd393ba78bb.jpg'><img loading=\"lazy\" decoding=\"async\" width=\"300\" height=\"225\" src=\"https:\/\/www.radiopiu.net\/wordpress\/wp-content\/uploads\/2025\/04\/b0a2ed5d-1135-488a-b2d1-dfd393ba78bb-300x225.jpg\" class=\"attachment-medium size-medium\" alt=\"\" srcset=\"https:\/\/www.radiopiu.net\/wordpress\/wp-content\/uploads\/2025\/04\/b0a2ed5d-1135-488a-b2d1-dfd393ba78bb-300x225.jpg 300w, https:\/\/www.radiopiu.net\/wordpress\/wp-content\/uploads\/2025\/04\/b0a2ed5d-1135-488a-b2d1-dfd393ba78bb-1024x768.jpg 1024w, https:\/\/www.radiopiu.net\/wordpress\/wp-content\/uploads\/2025\/04\/b0a2ed5d-1135-488a-b2d1-dfd393ba78bb-768x576.jpg 768w, https:\/\/www.radiopiu.net\/wordpress\/wp-content\/uploads\/2025\/04\/b0a2ed5d-1135-488a-b2d1-dfd393ba78bb-1536x1152.jpg 1536w, https:\/\/www.radiopiu.net\/wordpress\/wp-content\/uploads\/2025\/04\/b0a2ed5d-1135-488a-b2d1-dfd393ba78bb.jpg 2048w\" sizes=\"auto, (max-width: 300px) 100vw, 300px\" \/><\/a>\n\t\t\t\t<\/dt><\/dl><dl class='gallery-item'>\n\t\t\t\t<dt class='gallery-icon landscape'>\n\t\t\t\t\t<a class=\"rollover rollover-zoom dt-pswp-item\" title=\"Senza nome\" data-dt-img-description=\"\" data-large_image_width=\"775\" data-large_image_height=\"479\"href='https:\/\/www.radiopiu.net\/wordpress\/wp-content\/uploads\/2025\/04\/Senza-nome-16.png'><img loading=\"lazy\" decoding=\"async\" width=\"300\" height=\"185\" src=\"https:\/\/www.radiopiu.net\/wordpress\/wp-content\/uploads\/2025\/04\/Senza-nome-16-300x185.png\" class=\"attachment-medium size-medium\" alt=\"\" srcset=\"https:\/\/www.radiopiu.net\/wordpress\/wp-content\/uploads\/2025\/04\/Senza-nome-16-300x185.png 300w, https:\/\/www.radiopiu.net\/wordpress\/wp-content\/uploads\/2025\/04\/Senza-nome-16-768x475.png 768w, https:\/\/www.radiopiu.net\/wordpress\/wp-content\/uploads\/2025\/04\/Senza-nome-16.png 775w\" sizes=\"auto, (max-width: 300px) 100vw, 300px\" \/><\/a>\n\t\t\t\t<\/dt><\/dl><br style=\"clear: both\" \/>\n\t\t\t<\/div>\n\n<p>&nbsp;<\/p>\n<hr \/>\n<p>&nbsp;<\/p>\n<blockquote>\n<p class=\"\" data-start=\"0\" data-end=\"55\"><strong data-start=\"0\" data-end=\"53\"><a class=\"dt-pswp-item\" href=\"https:\/\/www.radiopiu.net\/wordpress\/wp-content\/uploads\/2025\/02\/VIGILI-FUOCO.jpeg\" data-dt-img-description=\"\" data-large_image_width=\"996\" data-large_image_height=\"634\"><img loading=\"lazy\" decoding=\"async\" class=\"wp-image-436114 alignleft\" src=\"https:\/\/www.radiopiu.net\/wordpress\/wp-content\/uploads\/2025\/02\/VIGILI-FUOCO-300x191.jpeg\" alt=\"\" width=\"179\" height=\"114\" srcset=\"https:\/\/www.radiopiu.net\/wordpress\/wp-content\/uploads\/2025\/02\/VIGILI-FUOCO-300x191.jpeg 300w, https:\/\/www.radiopiu.net\/wordpress\/wp-content\/uploads\/2025\/02\/VIGILI-FUOCO-768x489.jpeg 768w, https:\/\/www.radiopiu.net\/wordpress\/wp-content\/uploads\/2025\/02\/VIGILI-FUOCO.jpeg 996w\" sizes=\"auto, (max-width: 179px) 100vw, 179px\" \/><\/a>ALLARME INCENDIO ALL\u2019ANTA, MA ERA SOLO UN CESTINO<\/strong><\/p>\n<\/blockquote>\n<p class=\"\" data-start=\"57\" data-end=\"590\"><strong>BELLUNO<\/strong> Ieri pomeriggio, nel quartiere dell\u2019Anta a Belluno, \u00e8 scattato un allarme incendio per un presunto rogo in un appartamento. In realt\u00e0, si trattava del fumo proveniente da un cestino della carta in fiamme su un balcone al quarto piano di un condominio. Il proprietario, assente al momento dell&#8217;accaduto, \u00e8 stato avvisato e ha raggiunto l\u2019abitazione. Sul posto sono intervenuti i vigili del fuoco con due squadre, insieme ai vigili urbani. Nessun ferito: l\u2019ambulanza, inviata per precauzione, \u00e8 rientrata senza necessit\u00e0 di intervento.<\/p>\n<p>&nbsp;<\/p>\n<hr \/>\n<p>&nbsp;<\/p>\n<blockquote>\n<p class=\"\" data-start=\"0\" data-end=\"58\"><strong data-start=\"0\" data-end=\"56\">AGORDO, GLI STUDENTI DEL FOLLADOR CHIEDONO MIGLIORIE<\/strong><\/p>\n<\/blockquote>\n<p class=\"\" style=\"text-align: left;\" data-start=\"60\" data-end=\"385\"><a class=\"dt-pswp-item\" href=\"https:\/\/www.radiopiu.net\/wordpress\/wp-content\/uploads\/2024\/09\/FOLLADOR.jpg\" data-dt-img-description=\"\" data-large_image_width=\"1280\" data-large_image_height=\"720\"><img loading=\"lazy\" decoding=\"async\" class=\" wp-image-411383 alignleft\" src=\"https:\/\/www.radiopiu.net\/wordpress\/wp-content\/uploads\/2024\/09\/FOLLADOR-300x169.jpg\" alt=\"\" width=\"257\" height=\"145\" srcset=\"https:\/\/www.radiopiu.net\/wordpress\/wp-content\/uploads\/2024\/09\/FOLLADOR-300x169.jpg 300w, https:\/\/www.radiopiu.net\/wordpress\/wp-content\/uploads\/2024\/09\/FOLLADOR-1024x576.jpg 1024w, https:\/\/www.radiopiu.net\/wordpress\/wp-content\/uploads\/2024\/09\/FOLLADOR-768x432.jpg 768w, https:\/\/www.radiopiu.net\/wordpress\/wp-content\/uploads\/2024\/09\/FOLLADOR.jpg 1280w\" sizes=\"auto, (max-width: 257px) 100vw, 257px\" \/><\/a><strong>AGORDO<\/strong> Gli studenti dell\u2019Istituto Follador De Rossi di Agordo hanno presentato una serie di richieste per migliorare la vita scolastica. Tra le criticit\u00e0 segnalate: l\u2019obbligo della doppia firma dei genitori per le attivit\u00e0, problemi di manutenzione, ritardi nella sostituzione dei docenti e comunicazioni con tempi troppo stretti.<\/p>\n<p class=\"\" data-start=\"387\" data-end=\"615\">Per il convitto di Falcade si lamenta la riduzione delle ore di libert\u00e0 e il divieto di attivit\u00e0 serali di gruppo. Inoltre, gli studenti dell\u2019indirizzo tecnico chiedono la settimana corta. Ora attendono risposte dalla dirigenza.<\/p>\n<p>&nbsp;<\/p>\n<hr \/>\n<p>&nbsp;<\/p>\n<blockquote>\n<p class=\"\" data-start=\"0\" data-end=\"63\"><strong data-start=\"0\" data-end=\"61\"><a class=\"dt-pswp-item\" href=\"https:\/\/www.radiopiu.net\/wordpress\/wp-content\/uploads\/2025\/04\/a7208d3e-9e70-4577-946e-01ffd1049693.jpg\" data-dt-img-description=\"\" data-large_image_width=\"800\" data-large_image_height=\"767\"><img loading=\"lazy\" decoding=\"async\" class=\"wp-image-443144 alignleft\" src=\"https:\/\/www.radiopiu.net\/wordpress\/wp-content\/uploads\/2025\/04\/a7208d3e-9e70-4577-946e-01ffd1049693-300x288.jpg\" alt=\"\" width=\"178\" height=\"171\" srcset=\"https:\/\/www.radiopiu.net\/wordpress\/wp-content\/uploads\/2025\/04\/a7208d3e-9e70-4577-946e-01ffd1049693-300x288.jpg 300w, https:\/\/www.radiopiu.net\/wordpress\/wp-content\/uploads\/2025\/04\/a7208d3e-9e70-4577-946e-01ffd1049693-768x736.jpg 768w, https:\/\/www.radiopiu.net\/wordpress\/wp-content\/uploads\/2025\/04\/a7208d3e-9e70-4577-946e-01ffd1049693.jpg 800w\" sizes=\"auto, (max-width: 178px) 100vw, 178px\" \/><\/a>AGORDO, NUOVI LAVORI IN PIAZZA LIBERT\u00c0 E RESTAURO DEI POP<\/strong><\/p>\n<\/blockquote>\n<p class=\"\" data-start=\"65\" data-end=\"414\"><strong>AGORDO<\/strong> Dopo Pasqua inizieranno nuovi lavori in Piazza Libert\u00e0, con la sistemazione della pavimentazione tra la chiesa di Santa Maria Nascente e la filiale Unicredit. A giugno, invece, partir\u00e0 il restauro delle dodici statue dei Pop di Villa Crotta de\u2019 Manzoni, grazie a un cantiere didattico della scuola edile di Sedico e al supporto di sponsor privati.<\/p>\n<p class=\"\" data-start=\"65\" data-end=\"414\">Nel frattempo, il Comune cerca finanziamenti per restaurare gli intonaci e le superfici in pietra dei sottoportici, un intervento da 150 mila euro. Nonostante le difficolt\u00e0 economiche, l\u2019amministrazione procede per gradi, puntando su fondi disponibili e collaborazioni esterne.<\/p>\n<p>&nbsp;<\/p>\n<p>&nbsp;<\/p>\n<hr \/>\n<p>&nbsp;<\/p>\n<p><strong>LA GIUDIZIARIA OGGI<\/strong><br \/>\n<strong>SUL CORRIERE DELLE ALPI, SINTESI<\/strong><br \/>\n<strong>GIGI SOSSO<\/strong><\/p>\n<article class=\"text-token-text-primary w-full\" dir=\"auto\" data-testid=\"conversation-turn-16\" data-scroll-anchor=\"true\">\n<div class=\"text-base my-auto mx-auto py-5 px-6\">\n<div class=\"mx-auto flex flex-1 text-base gap-4 md:gap-5 lg:gap-6 md:max-w-3xl group\/turn-messages focus-visible:outline-hidden\" tabindex=\"-1\">\n<div class=\"group\/conversation-turn relative flex w-full min-w-0 flex-col agent-turn @xs\/thread:px-0 @sm\/thread:px-1.5 @md\/thread:px-4\">\n<div class=\"relative flex-col gap-1 md:gap-3\">\n<div class=\"flex max-w-full flex-col grow\">\n<div class=\"min-h-8 text-message relative flex w-full flex-col items-end gap-2 text-start break-words whitespace-normal [.text-message+&amp;]:mt-5\" dir=\"auto\" data-message-author-role=\"assistant\" data-message-id=\"6d106745-77da-4992-b3f9-05944a1d6c1c\" data-message-model-slug=\"gpt-4o\">\n<div class=\"flex w-full flex-col gap-1 empty:hidden first:pt-[3px]\">\n<div class=\"markdown prose dark:prose-invert w-full break-words dark\">\n<blockquote>\n<h3 data-start=\"0\" data-end=\"63\"><strong data-start=\"0\" data-end=\"61\">OMICIDIO COLPOSO, PROCESSO BIS PER LA TRAGEDIA DI CORTINA<\/strong><\/h3>\n<\/blockquote>\n<p class=\"\" data-start=\"65\" data-end=\"443\"><strong><a class=\"dt-pswp-item\" href=\"https:\/\/www.radiopiu.net\/wordpress\/wp-content\/uploads\/2025\/04\/Senza-nome-18.png\" data-dt-img-description=\"\" data-large_image_width=\"573\" data-large_image_height=\"394\"><img loading=\"lazy\" decoding=\"async\" class=\" wp-image-443147 alignleft\" src=\"https:\/\/www.radiopiu.net\/wordpress\/wp-content\/uploads\/2025\/04\/Senza-nome-18-300x206.png\" alt=\"\" width=\"240\" height=\"165\" srcset=\"https:\/\/www.radiopiu.net\/wordpress\/wp-content\/uploads\/2025\/04\/Senza-nome-18-300x206.png 300w, https:\/\/www.radiopiu.net\/wordpress\/wp-content\/uploads\/2025\/04\/Senza-nome-18.png 573w\" sizes=\"auto, (max-width: 240px) 100vw, 240px\" \/><\/a>CORTINA<\/strong> Nel processo per la morte di Carla Catturani, avvenuta nella frana di Alver\u00e0 nel 2017, il consulente di Veneto Strade Carlo Gregoretti ha ipotizzato che la vittima sia uscita di strada a causa di una manovra errata nel parcheggio, venendo poi travolta dalla colata di detriti. Secondo questa ricostruzione, Lara Stefani, dirigente di Veneto Strade, non avrebbe responsabilit\u00e0.<\/p>\n<p class=\"\" data-start=\"65\" data-end=\"443\">L\u2019accusa, invece, sostiene che il Comune di Cortina non abbia fatto nulla per prevenire la tragedia, nonostante il rischio fosse noto e gi\u00e0 si fossero verificati quattro sormonti del ponte di Rio Gere negli anni precedenti. Il giudice ha rinviato il processo a maggio per valutare nuove testimonianze richieste dalla parte civile e ascoltare la requisitoria del pubblico ministero, che accusa l\u2019amministrazione di negligenza.<\/p>\n<p data-start=\"65\" data-end=\"443\">\n<\/div>\n<\/div>\n<\/div>\n<\/div>\n<div class=\"flex justify-start\">\n<div class=\"touch:-me-2 touch:-ms-3.5 -ms-2.5 -me-1 flex items-center p-1 select-none -mt-1 duration-[1.5s] focus-within:transition-none hover:transition-none pointer-events-none [mask-image:linear-gradient(to_right,black_33%,transparent_66%)] [mask-position:100%_0%] [mask-size:300%_100%] motion-safe:transition-[mask-position] group-hover\/turn-messages:pointer-events-auto group-hover\/turn-messages:[mask-position:0_0] group-focus-within\/turn-messages:pointer-events-auto group-focus-within\/turn-messages:[mask-position:0_0] has-data-[state=open]:pointer-events-auto has-data-[state=open]:[mask-position:0_0]\">\n<div class=\"flex items-center pb-0\">\n<blockquote>\n<h3 data-start=\"0\" data-end=\"65\"><strong data-start=\"0\" data-end=\"63\">MORTE DI PADRE BASSETTO, CASO VERSO L\u2019ARCHIVIAZIONE<\/strong><\/h3>\n<\/blockquote>\n<p class=\"\" data-start=\"67\" data-end=\"420\"><strong>FELTRE<\/strong> L&#8217;overdose di morfina somministrata per errore all&#8217;80enne padre Luigi Bassetto non \u00e8 considerata la causa certa del decesso. Secondo la consulenza del medico legale Antonello Cirnelli, non esiste un nesso di causalit\u00e0 tra l\u2019errore dell\u2019infermiere Carmine Sarno e la morte del sacerdote, gi\u00e0 ricoverato in fase terminale nel reparto di cure palliative. Anche l\u2019esperto della difesa ha confermato che il decesso \u00e8 avvenuto per cause naturali, portando la Procura di Belluno a valutare l&#8217;archiviazione del caso. L&#8217;infermiere, al suo primo incarico, ha ammesso l&#8217;errore, esprimendo il suo dolore per l\u2019accaduto. Se non ci saranno opposizioni da parte della famiglia, il giudice chiuder\u00e0 definitivamente il fascicolo.<\/p>\n<\/div>\n<\/div>\n<\/div>\n<\/div>\n<\/div>\n<\/div>\n<\/div>\n<\/article>\n<div class=\"pointer-events-none h-px w-px\" aria-hidden=\"true\" data-edge=\"true\"><\/div>\n<p>&nbsp;<\/p>\n<hr \/>\n<p>&nbsp;<\/p>\n<blockquote>\n<p class=\"\" data-start=\"0\" data-end=\"61\"><strong data-start=\"0\" data-end=\"59\">DAZI USA: RISCHIO PER OCCHIALERIA E MECCANICA BELLUNESE<\/strong><\/p>\n<\/blockquote>\n<p class=\"\" data-start=\"63\" data-end=\"302\"><b><a href=\"https:\/\/www.radiopiu.net\/wordpress\/wp-content\/uploads\/2025\/04\/board-1076666_1280.webp\"><img loading=\"lazy\" decoding=\"async\" class=\"wp-image-443062 alignleft\" src=\"https:\/\/www.radiopiu.net\/wordpress\/wp-content\/uploads\/2025\/04\/board-1076666_1280-300x200.webp\" alt=\"\" width=\"200\" height=\"133\" srcset=\"https:\/\/www.radiopiu.net\/wordpress\/wp-content\/uploads\/2025\/04\/board-1076666_1280-300x200.webp 300w, https:\/\/www.radiopiu.net\/wordpress\/wp-content\/uploads\/2025\/04\/board-1076666_1280-1024x682.webp 1024w, https:\/\/www.radiopiu.net\/wordpress\/wp-content\/uploads\/2025\/04\/board-1076666_1280-768x512.webp 768w, https:\/\/www.radiopiu.net\/wordpress\/wp-content\/uploads\/2025\/04\/board-1076666_1280.webp 1280w\" sizes=\"auto, (max-width: 200px) 100vw, 200px\" \/><\/a>BELLUNO <\/b>Confindustria Belluno Dolomiti lancia l\u2019allarme sui dazi aggiuntivi del 20% imposti dagli Stati Uniti, che colpiscono duramente l\u2019occhialeria e la meccanica, settori chiave per l\u2019economia provinciale<em>. &#8220;L\u2019aumento dei costi e la perdita di competitivit\u00e0 sono una minaccia concreta per le nostre imprese&#8221; \u2013<\/em> afferma la presidente Lorraine Berton. Nel 2024 l\u2019export provinciale ha superato i 3,8 miliardi di euro, con un calo del 25,4% negli scambi con gli USA. Confindustria chiede misure straordinarie per le aziende pi\u00f9 esposte, come superammortamenti e crediti d\u2019imposta, e sollecita un intervento urgente delle istituzioni italiane ed europee per salvaguardare le filiere strategiche.<\/p>\n<p>&nbsp;<\/p>\n<hr \/>\n<p>&nbsp;<\/p>\n<blockquote>\n<h3>DOPO I DAZI NUOVE OPPORTUNITA&#8217; DI MERCATI ESTERI PER LE NOSTRE IMPRESE<\/h3>\n<\/blockquote>\n<p><strong><a class=\"dt-pswp-item\" href=\"https:\/\/www.radiopiu.net\/wordpress\/wp-content\/uploads\/2024\/07\/th-7.jpg\" data-dt-img-description=\"\" data-large_image_width=\"270\" data-large_image_height=\"180\"><img loading=\"lazy\" decoding=\"async\" class=\" wp-image-399978 alignleft\" src=\"https:\/\/www.radiopiu.net\/wordpress\/wp-content\/uploads\/2024\/07\/th-7.jpg\" alt=\"\" width=\"176\" height=\"117\" \/><\/a>TREVISO <\/strong>Il Presidente della Camera di Commercio di Treviso-Belluno|Dolomiti, Mario Pozza, sta conducendo missioni internazionali per promuovere il Made in Italy e rafforzare l\u2019export italiano, in un contesto segnato da tensioni commerciali e nuovi dazi. L\u2019attuale missione si concentra su America Latina e Centro America, mercati chiave per le imprese italiane. Pozza sottolinea l\u2019importanza di espandere la presenza italiana in queste aree, sfruttando la rete delle Camere di Commercio Italiane all\u2019Estero e collaborando con istituzioni e imprenditori locali. Durante la missione, ha incontrato ambasciatori e rappresentanti economici, tra cui l\u2019Ambasciatore italiano in Argentina, per favorire nuove intese commerciali. Inoltre, Pozza annuncia il Foro PYMES, un evento italo-latinoamericano che si terr\u00e0 a Treviso a ottobre, offrendo incontri B2B e B2C per creare opportunit\u00e0 di business. Pozza invita gli imprenditori italiani a partecipare, sottolineando il ruolo strategico delle Camere di Commercio Italiane all\u2019Estero nel supportare le aziende nell\u2019internazionalizzazione e nell\u2019affrontare le sfide dei mercati globali.<\/p>\n<p>&nbsp;<\/p>\n<p>&nbsp;<\/p>\n<hr \/>\n<p>&nbsp;<\/p>\n<blockquote>\n<h3>ESSILORLUXOTTICA E ROGER FEDERER RINNOVANO LA PARTNERSHIP PER I MARCHI RF E OLIVER PEOPLES<\/h3>\n<\/blockquote>\n<p><strong><a class=\"dt-pswp-item\" href=\"https:\/\/www.radiopiu.net\/wordpress\/wp-content\/uploads\/2025\/04\/ROGER-FEDERER-scaled.jpg\" data-dt-img-description=\"\" data-large_image_width=\"2560\" data-large_image_height=\"1688\"><img loading=\"lazy\" decoding=\"async\" class=\" wp-image-443120 alignleft\" src=\"https:\/\/www.radiopiu.net\/wordpress\/wp-content\/uploads\/2025\/04\/ROGER-FEDERER-300x198.jpg\" alt=\"\" width=\"167\" height=\"110\" srcset=\"https:\/\/www.radiopiu.net\/wordpress\/wp-content\/uploads\/2025\/04\/ROGER-FEDERER-300x198.jpg 300w, https:\/\/www.radiopiu.net\/wordpress\/wp-content\/uploads\/2025\/04\/ROGER-FEDERER-1024x675.jpg 1024w, https:\/\/www.radiopiu.net\/wordpress\/wp-content\/uploads\/2025\/04\/ROGER-FEDERER-768x506.jpg 768w, https:\/\/www.radiopiu.net\/wordpress\/wp-content\/uploads\/2025\/04\/ROGER-FEDERER-1536x1013.jpg 1536w, https:\/\/www.radiopiu.net\/wordpress\/wp-content\/uploads\/2025\/04\/ROGER-FEDERER-2048x1350.jpg 2048w\" sizes=\"auto, (max-width: 167px) 100vw, 167px\" \/><\/a>PARIGI (FRANCIA) <\/strong>EssilorLuxottica e Roger Federer rinnovano la loro collaborazione fino al 2027 per il design, la produzione e la distribuzione globale di occhiali a marchio Roger Federer (\u201cRF\u201d) e Oliver Peoples. L\u2019intesa, nata da un dialogo creativo, ha dato vita a collezioni di successo che combinano lusso e performance. Il rinnovo conferma la volont\u00e0 condivisa di innovazione e artigianalit\u00e0. Francesco Milleri, CEO di EssilorLuxottica, sottolinea il valore di Federer come icona di stile. Federer esprime entusiasmo, definendo la collaborazione un\u2019esperienza ispirante. Rocco Basilico, President di Oliver Peoples, evidenzia il ruolo di Federer nel ridefinire l\u2019eyewear di lusso. La partnership punta a nuove frontiere di stile, innovazione e performance.<\/p>\n<p>&nbsp;<\/p>\n<hr \/>\n<p>&nbsp;<\/p>\n<blockquote>\n<h3 class=\"_title post-title entry-title\">CULTURE LINK, IL PROGETTO RIPARTE IN UN CLIMA DI MODERATA SFIDUCIA<\/h3>\n<\/blockquote>\n<p>Intervistati MASSIMO FERIGUTTI (CENTRO STUDI E RICERCHE FORMARTE) (Servizio di\u00a0<a href=\"https:\/\/antennatre.medianordest.it\/redazione\/Tiziana-Bolognani\/\">Tiziana Bolognani<\/a>)<\/p>\n<p>&nbsp;<\/p>\n<p><iframe loading=\"lazy\" title=\"CULTURE LINK, IL PROGETTO RIPARTE IN UN CLIMA DI MODERATA SFIDUCIA | 03\/04\/2025\" width=\"1200\" height=\"675\" src=\"https:\/\/www.youtube.com\/embed\/g21ib8Gvj3M?feature=oembed\" frameborder=\"0\" allow=\"accelerometer; autoplay; clipboard-write; encrypted-media; gyroscope; picture-in-picture; web-share\" referrerpolicy=\"strict-origin-when-cross-origin\" allowfullscreen><\/iframe><\/p>\n<p>&nbsp;<\/p>\n<hr \/>\n<p>&nbsp;<\/p>\n<blockquote>\n<h3>OLIMPIADI: PATTO ANTI MAFIA TRA LE AZIENDE IMPEGNATE NEI CANTIERI<\/h3>\n<\/blockquote>\n<p><strong><a class=\"dt-pswp-item\" href=\"https:\/\/www.radiopiu.net\/wordpress\/wp-content\/uploads\/2025\/04\/88888.jpg\" data-dt-img-description=\"\" data-large_image_width=\"616\" data-large_image_height=\"328\"><img loading=\"lazy\" decoding=\"async\" class=\" wp-image-443127 alignleft\" src=\"https:\/\/www.radiopiu.net\/wordpress\/wp-content\/uploads\/2025\/04\/88888-300x160.jpg\" alt=\"\" width=\"221\" height=\"118\" srcset=\"https:\/\/www.radiopiu.net\/wordpress\/wp-content\/uploads\/2025\/04\/88888-300x160.jpg 300w, https:\/\/www.radiopiu.net\/wordpress\/wp-content\/uploads\/2025\/04\/88888.jpg 616w\" sizes=\"auto, (max-width: 221px) 100vw, 221px\" \/><\/a>BELLUNO<\/strong> Confartigianato Imprese Veneto ha ospitato ieri un incontro con l&#8217;Ispettorato Nazionale del Lavoro per diffondere i contenuti di un accordo contro il lavoro irregolare nei cantieri delle Olimpiadi 2026. L&#8217;intesa, firmata da associazioni di datori di lavoro, lavoratori e dal Ministero dell\u2019Interno, coinvolge oltre 6.000 operai e punta a garantire sicurezza e trasparenza. Le stazioni appaltanti stanno aderendo, privilegiando imprese con la patente a crediti intatta. L\u2019INL monitorer\u00e0 eventuali illeciti segnalati da Confartigianato e altri enti. Il presidente Roberto Boschetto sottolinea l\u2019impegno comune per la legalit\u00e0 e la tutela delle imprese oneste, valorizzando l\u2019opportunit\u00e0 offerta dai Giochi.<\/p>\n<p>&nbsp;<\/p>\n<p>&nbsp;<\/p>\n<hr \/>\n<p>&nbsp;<\/p>\n<blockquote>\n<h3>POLEMICHE SUGLI ORARI SCOLASTICI IN VISTA DELLE OLIMPIADI<\/h3>\n<\/blockquote>\n<p><strong><a class=\"dt-pswp-item\" href=\"https:\/\/www.radiopiu.net\/wordpress\/wp-content\/uploads\/2022\/11\/scuola-zaino.jpeg\" data-dt-img-description=\"\" data-large_image_width=\"626\" data-large_image_height=\"417\"><img loading=\"lazy\" decoding=\"async\" class=\" wp-image-306830 alignleft\" src=\"https:\/\/www.radiopiu.net\/wordpress\/wp-content\/uploads\/2022\/11\/scuola-zaino-300x200.jpeg\" alt=\"\" width=\"172\" height=\"114\" srcset=\"https:\/\/www.radiopiu.net\/wordpress\/wp-content\/uploads\/2022\/11\/scuola-zaino-300x200.jpeg 300w, https:\/\/www.radiopiu.net\/wordpress\/wp-content\/uploads\/2022\/11\/scuola-zaino.jpeg 626w\" sizes=\"auto, (max-width: 172px) 100vw, 172px\" \/><\/a>BELLUNO<\/strong> La vicepresidente della Provincia di Belluno, Silvia Calligaro, critica le polemiche riguardanti le modifiche al calendario scolastico per le Olimpiadi di Milano-Cortina 2026. Sottolinea l&#8217;importanza dell&#8217;evento, unico per la provincia, e l&#8217;eredit\u00e0 positiva che lascer\u00e0, tra infrastrutture migliorate e sviluppo turistico. Invita a un confronto costruttivo anzich\u00e9 a proteste infondate, ribadendo che le modifiche scolastiche riguarderebbero solo le superiori e per una settimana. Il senatore Luca De Carlo aggiunge che la provincia \u00e8 invidiata a livello nazionale per l\u2019opportunit\u00e0 offerta dai Giochi, ma localmente prevalgono critiche sterili. Evidenzia i benefici economici, come investimenti e occupazione, che deriveranno dall\u2019evento.<\/p>\n<p>&nbsp;<\/p>\n<p>&nbsp;<\/p>\n<hr \/>\n<p>&nbsp;<\/p>\n<blockquote>\n<h3>IL PATTO DI COMUNITA&#8217; PER IL FUTURO DEI RAGAZZI<\/h3>\n<\/blockquote>\n<p><strong><a class=\"dt-pswp-item\" href=\"https:\/\/www.radiopiu.net\/wordpress\/wp-content\/uploads\/2025\/04\/rrrrrr.jpg\" data-dt-img-description=\"\" data-large_image_width=\"622\" data-large_image_height=\"337\"><img loading=\"lazy\" decoding=\"async\" class=\" wp-image-443129 alignleft\" src=\"https:\/\/www.radiopiu.net\/wordpress\/wp-content\/uploads\/2025\/04\/rrrrrr-300x163.jpg\" alt=\"\" width=\"202\" height=\"110\" srcset=\"https:\/\/www.radiopiu.net\/wordpress\/wp-content\/uploads\/2025\/04\/rrrrrr-300x163.jpg 300w, https:\/\/www.radiopiu.net\/wordpress\/wp-content\/uploads\/2025\/04\/rrrrrr.jpg 622w\" sizes=\"auto, (max-width: 202px) 100vw, 202px\" \/><\/a>FELTRE<\/strong> A Feltre \u00e8 stato firmato il Patto di comunit\u00e0 nell\u2019ambito del progetto \u201cEduca il futuro\u201d, coinvolgendo 35 realt\u00e0 tra scuole, enti locali, sport e volontariato. L\u2019iniziativa mira a creare una comunit\u00e0 educante per contrastare la dispersione scolastica e sostenere la crescita di minori e famiglie. Il vicesindaco Claudio Dalla Palma ha sottolineato l&#8217;importanza di una rete solida per rispondere ai bisogni educativi. Il progetto, promosso dall\u2019impresa sociale <em data-start=\"460\" data-end=\"475\">Con i Bambini<\/em>, \u00e8 parte del Fondo per il contrasto della povert\u00e0 educativa minorile. L\u2019accordo, valido per tre anni, favorisce la collaborazione tra soggetti pubblici e privati, rafforzando il dialogo avviato nei due anni di attivit\u00e0.<\/p>\n<p>&nbsp;<\/p>\n<p>&nbsp;<\/p>\n<hr \/>\n<p>&nbsp;<\/p>\n<article class=\"text-token-text-primary w-full\" dir=\"auto\" data-testid=\"conversation-turn-4\" data-scroll-anchor=\"true\">\n<div class=\"text-base my-auto mx-auto py-5 px-6\">\n<div class=\"mx-auto flex flex-1 text-base gap-4 md:gap-5 lg:gap-6 md:max-w-3xl group\/turn-messages focus-visible:outline-hidden\" tabindex=\"-1\">\n<div class=\"group\/conversation-turn relative flex w-full min-w-0 flex-col agent-turn @xs\/thread:px-0 @sm\/thread:px-1.5 @md\/thread:px-4\">\n<div class=\"relative flex-col gap-1 md:gap-3\">\n<div class=\"flex max-w-full flex-col grow\">\n<div class=\"min-h-8 text-message relative flex w-full flex-col items-end gap-2 text-start break-words whitespace-normal [.text-message+&amp;]:mt-5\" dir=\"auto\" data-message-author-role=\"assistant\" data-message-id=\"462682dc-a1b9-485b-93ed-6d48d1acd64b\" data-message-model-slug=\"gpt-4o-mini\">\n<div class=\"flex w-full flex-col gap-1 empty:hidden first:pt-[3px]\">\n<div class=\"markdown prose dark:prose-invert w-full break-words dark\">\n<blockquote>\n<h3 data-start=\"0\" data-end=\"82\">SIAMO UN&#8217;OPERA D&#8217;ARTE: SENSIBILIZZAZIONE SUI TEMI DELLA STOMIA E DELL&#8217;INCONTINENZA<\/h3>\n<\/blockquote>\n<\/div>\n<\/div>\n<\/div>\n<\/div>\n<div class=\"mt-3 w-full empty:hidden\">\n<div class=\"text-center\">\n<p><strong>AGORDO<\/strong>\u00a0 Ieri all\u2019Ospedale Giovanni Paolo I di Agordo, si \u00e8 svolto l\u2019evento \u201cSiamo un\u2019opera d\u2019arte\u201d, organizzato dall&#8217;Associazione AIS Dolomiti Belluno &#8211; Incontinenti Stomizzati ODV.\u00a0 L&#8217;iniziativa ha coinvolto la comunit\u00e0 per sensibilizzare sui temi della stomia e dell\u2019incontinenza, condizioni spesso poco comprese dalla societ\u00e0. L&#8217;evento ha offerto attivit\u00e0 informative, materiale divulgativo e opportunit\u00e0 di confronto con esperti per abbattere pregiudizi e migliorare la qualit\u00e0 della vita dei pazienti.<\/p>\n<\/div>\n<\/div>\n<\/div>\n<\/div>\n<\/div>\n<\/div>\n<\/article>\n<p><a class=\"dt-pswp-item\" href=\"https:\/\/www.radiopiu.net\/wordpress\/wp-content\/uploads\/2025\/04\/b2acf1bc-fd73-4527-a07e-06bc91660878.jpg\" data-dt-img-description=\"\" data-large_image_width=\"2048\" data-large_image_height=\"1152\"><img loading=\"lazy\" decoding=\"async\" class=\"alignnone size-medium wp-image-443071\" src=\"https:\/\/www.radiopiu.net\/wordpress\/wp-content\/uploads\/2025\/04\/b2acf1bc-fd73-4527-a07e-06bc91660878-300x169.jpg\" alt=\"\" width=\"300\" height=\"169\" srcset=\"https:\/\/www.radiopiu.net\/wordpress\/wp-content\/uploads\/2025\/04\/b2acf1bc-fd73-4527-a07e-06bc91660878-300x169.jpg 300w, https:\/\/www.radiopiu.net\/wordpress\/wp-content\/uploads\/2025\/04\/b2acf1bc-fd73-4527-a07e-06bc91660878-1024x576.jpg 1024w, https:\/\/www.radiopiu.net\/wordpress\/wp-content\/uploads\/2025\/04\/b2acf1bc-fd73-4527-a07e-06bc91660878-768x432.jpg 768w, https:\/\/www.radiopiu.net\/wordpress\/wp-content\/uploads\/2025\/04\/b2acf1bc-fd73-4527-a07e-06bc91660878-1536x864.jpg 1536w, https:\/\/www.radiopiu.net\/wordpress\/wp-content\/uploads\/2025\/04\/b2acf1bc-fd73-4527-a07e-06bc91660878.jpg 2048w\" sizes=\"auto, (max-width: 300px) 100vw, 300px\" \/><\/a><a class=\"dt-pswp-item\" href=\"https:\/\/www.radiopiu.net\/wordpress\/wp-content\/uploads\/2025\/04\/03671919-0524-4dac-ba07-875b42e30095.jpg\" data-dt-img-description=\"\" data-large_image_width=\"2048\" data-large_image_height=\"1152\"><img loading=\"lazy\" decoding=\"async\" class=\"alignnone size-medium wp-image-443070\" src=\"https:\/\/www.radiopiu.net\/wordpress\/wp-content\/uploads\/2025\/04\/03671919-0524-4dac-ba07-875b42e30095-300x169.jpg\" alt=\"\" width=\"300\" height=\"169\" srcset=\"https:\/\/www.radiopiu.net\/wordpress\/wp-content\/uploads\/2025\/04\/03671919-0524-4dac-ba07-875b42e30095-300x169.jpg 300w, https:\/\/www.radiopiu.net\/wordpress\/wp-content\/uploads\/2025\/04\/03671919-0524-4dac-ba07-875b42e30095-1024x576.jpg 1024w, https:\/\/www.radiopiu.net\/wordpress\/wp-content\/uploads\/2025\/04\/03671919-0524-4dac-ba07-875b42e30095-768x432.jpg 768w, https:\/\/www.radiopiu.net\/wordpress\/wp-content\/uploads\/2025\/04\/03671919-0524-4dac-ba07-875b42e30095-1536x864.jpg 1536w, https:\/\/www.radiopiu.net\/wordpress\/wp-content\/uploads\/2025\/04\/03671919-0524-4dac-ba07-875b42e30095.jpg 2048w\" sizes=\"auto, (max-width: 300px) 100vw, 300px\" \/><\/a><\/p>\n<p>&nbsp;<\/p>\n<hr \/>\n<p>&nbsp;<\/p>\n<blockquote>\n<h3>NELL&#8217;ESTATE ARRIVA IL MERCATO AGRICOLO A BELLUNO<\/h3>\n<\/blockquote>\n<p><strong>BELLUNO<\/strong> Nascer\u00e0 in estate in centro a Belluno, nella piazza dell&#8217;ex ospedale, il mercato agricolo. Un modo per avvicinare ai consumatori i produttori locali e di cibo tipico.<\/p>\n<p><strong>DI DANIELE DALVIT<\/strong><\/p>\n<audio class=\"wp-audio-shortcode\" id=\"audio-442933-7\" preload=\"none\" style=\"width: 100%;\" controls=\"controls\"><source type=\"audio\/mpeg\" src=\"https:\/\/www.radiopiu.net\/wordpress\/wp-content\/uploads\/2025\/04\/Servizio-Mercato-agricolo-Belluno.mp3?_=7\" \/><a href=\"https:\/\/www.radiopiu.net\/wordpress\/wp-content\/uploads\/2025\/04\/Servizio-Mercato-agricolo-Belluno.mp3\">https:\/\/www.radiopiu.net\/wordpress\/wp-content\/uploads\/2025\/04\/Servizio-Mercato-agricolo-Belluno.mp3<\/a><\/audio>\n<p>&nbsp;<\/p>\n\n\t\t\t<style type='text\/css'>\n\t\t\t\t#gallery-2 {\n\t\t\t\t\tmargin: auto;\n\t\t\t\t}\n\t\t\t\t#gallery-2 .gallery-item {\n\t\t\t\t\tfloat: left;\n\t\t\t\t\tmargin-top: 10px;\n\t\t\t\t\ttext-align: center;\n\t\t\t\t\twidth: 50%;\n\t\t\t\t}\n\t\t\t\t#gallery-2 img {\n\t\t\t\t\tborder: 2px solid #cfcfcf;\n\t\t\t\t}\n\t\t\t\t#gallery-2 .gallery-caption {\n\t\t\t\t\tmargin-left: 0;\n\t\t\t\t}\n\t\t\t\t\/* see gallery_shortcode() in wp-includes\/media.php *\/\n\t\t\t<\/style>\n\t\t<div id='gallery-2' class='dt-gallery-container gallery galleryid-442933 gallery-columns-2 gallery-size-medium'><dl class='gallery-item'>\n\t\t\t\t<dt class='gallery-icon landscape'>\n\t\t\t\t\t<a class=\"rollover rollover-zoom dt-pswp-item\" title=\"11c9d5b0-08ef-4eb4-bbed-2c07a96eb6ed\" data-dt-img-description=\"\" data-large_image_width=\"2560\" data-large_image_height=\"1920\"href='https:\/\/www.radiopiu.net\/wordpress\/wp-content\/uploads\/2025\/04\/11c9d5b0-08ef-4eb4-bbed-2c07a96eb6ed-scaled.jpg'><img loading=\"lazy\" decoding=\"async\" width=\"300\" height=\"225\" src=\"https:\/\/www.radiopiu.net\/wordpress\/wp-content\/uploads\/2025\/04\/11c9d5b0-08ef-4eb4-bbed-2c07a96eb6ed-300x225.jpg\" class=\"attachment-medium size-medium\" alt=\"\" srcset=\"https:\/\/www.radiopiu.net\/wordpress\/wp-content\/uploads\/2025\/04\/11c9d5b0-08ef-4eb4-bbed-2c07a96eb6ed-300x225.jpg 300w, https:\/\/www.radiopiu.net\/wordpress\/wp-content\/uploads\/2025\/04\/11c9d5b0-08ef-4eb4-bbed-2c07a96eb6ed-1024x768.jpg 1024w, https:\/\/www.radiopiu.net\/wordpress\/wp-content\/uploads\/2025\/04\/11c9d5b0-08ef-4eb4-bbed-2c07a96eb6ed-768x576.jpg 768w, https:\/\/www.radiopiu.net\/wordpress\/wp-content\/uploads\/2025\/04\/11c9d5b0-08ef-4eb4-bbed-2c07a96eb6ed-1536x1152.jpg 1536w, https:\/\/www.radiopiu.net\/wordpress\/wp-content\/uploads\/2025\/04\/11c9d5b0-08ef-4eb4-bbed-2c07a96eb6ed-2048x1536.jpg 2048w\" sizes=\"auto, (max-width: 300px) 100vw, 300px\" \/><\/a>\n\t\t\t\t<\/dt><\/dl><dl class='gallery-item'>\n\t\t\t\t<dt class='gallery-icon landscape'>\n\t\t\t\t\t<a class=\"rollover rollover-zoom dt-pswp-item\" title=\"cb8508f9-a822-4c62-ba9f-3dc9467ac574\" data-dt-img-description=\"\" data-large_image_width=\"2560\" data-large_image_height=\"1920\"href='https:\/\/www.radiopiu.net\/wordpress\/wp-content\/uploads\/2025\/04\/cb8508f9-a822-4c62-ba9f-3dc9467ac574-scaled.jpg'><img loading=\"lazy\" decoding=\"async\" width=\"300\" height=\"225\" src=\"https:\/\/www.radiopiu.net\/wordpress\/wp-content\/uploads\/2025\/04\/cb8508f9-a822-4c62-ba9f-3dc9467ac574-300x225.jpg\" class=\"attachment-medium size-medium\" alt=\"\" srcset=\"https:\/\/www.radiopiu.net\/wordpress\/wp-content\/uploads\/2025\/04\/cb8508f9-a822-4c62-ba9f-3dc9467ac574-300x225.jpg 300w, https:\/\/www.radiopiu.net\/wordpress\/wp-content\/uploads\/2025\/04\/cb8508f9-a822-4c62-ba9f-3dc9467ac574-1024x768.jpg 1024w, https:\/\/www.radiopiu.net\/wordpress\/wp-content\/uploads\/2025\/04\/cb8508f9-a822-4c62-ba9f-3dc9467ac574-768x576.jpg 768w, https:\/\/www.radiopiu.net\/wordpress\/wp-content\/uploads\/2025\/04\/cb8508f9-a822-4c62-ba9f-3dc9467ac574-1536x1152.jpg 1536w, https:\/\/www.radiopiu.net\/wordpress\/wp-content\/uploads\/2025\/04\/cb8508f9-a822-4c62-ba9f-3dc9467ac574-2048x1536.jpg 2048w\" sizes=\"auto, (max-width: 300px) 100vw, 300px\" \/><\/a>\n\t\t\t\t<\/dt><\/dl><br style=\"clear: both\" \/>\n\t\t\t<\/div>\n\n<p>&nbsp;<\/p>\n<hr \/>\n<p>&nbsp;<\/p>\n<blockquote>\n<h3>FIRMATO L\u2019ACCORDO DI COLLABORAZIONE PER IL NUOVO CANILE SANITARIO A BELLUNO<\/h3>\n<\/blockquote>\n<p><strong><a href=\"https:\/\/www.radiopiu.net\/wordpress\/wp-content\/uploads\/2025\/04\/Firma-protocollo-canile.heic\"><img decoding=\"async\" class=\"alignnone size-full wp-image-443095\" src=\"https:\/\/www.radiopiu.net\/wordpress\/wp-content\/uploads\/2025\/04\/Firma-protocollo-canile.heic\" alt=\"\" \/><\/a><a class=\"dt-pswp-item\" href=\"https:\/\/www.radiopiu.net\/wordpress\/wp-content\/uploads\/2025\/04\/oLSGHIFHBOAo.jpg\" data-dt-img-description=\"\" data-large_image_width=\"1174\" data-large_image_height=\"738\"><img loading=\"lazy\" decoding=\"async\" class=\" wp-image-443096 alignleft\" src=\"https:\/\/www.radiopiu.net\/wordpress\/wp-content\/uploads\/2025\/04\/oLSGHIFHBOAo-300x189.jpg\" alt=\"\" width=\"217\" height=\"137\" srcset=\"https:\/\/www.radiopiu.net\/wordpress\/wp-content\/uploads\/2025\/04\/oLSGHIFHBOAo-300x189.jpg 300w, https:\/\/www.radiopiu.net\/wordpress\/wp-content\/uploads\/2025\/04\/oLSGHIFHBOAo-1024x644.jpg 1024w, https:\/\/www.radiopiu.net\/wordpress\/wp-content\/uploads\/2025\/04\/oLSGHIFHBOAo-768x483.jpg 768w, https:\/\/www.radiopiu.net\/wordpress\/wp-content\/uploads\/2025\/04\/oLSGHIFHBOAo.jpg 1174w\" sizes=\"auto, (max-width: 217px) 100vw, 217px\" \/><\/a>BELLUNO <\/strong>Il Comune di Belluno e l\u2019Azienda ULSS 1 Dolomiti hanno firmato un accordo per la realizzazione di un nuovo canile sanitario provinciale, comprensivo di uffici e ambulatori veterinari. La convenzione definisce ruoli e impegni delle parti e segna l\u2019avvio dell\u2019iter progettuale, con la relativa variante urbanistica. Il sindaco Oscar De Pellegrin ha sottolineato l\u2019importanza dell\u2019investimento, non solo per risolvere una questione logistica, ma anche per garantire il benessere degli animali. La nuova struttura includer\u00e0 spazi per il ricovero dei gatti delle colonie comunali. Il Comune fornir\u00e0 i terreni a Levego e finanzier\u00e0 il progetto con il ricavato della vendita di un immobile ricevuto in eredit\u00e0, destinato a iniziative per i cani. L\u2019ULSS 1 Dolomiti, invece, valuter\u00e0 la vendita dell\u2019attuale canile di via Cappellari, utilizzandone parte dei proventi per finanziare gli ambulatori. Entrambe le parti si impegneranno a reperire ulteriori fondi, coinvolgendo altri enti. Il commissario Giuseppe Dal Ben ha evidenziato il valore della collaborazione per migliorare la gestione sanitaria degli animali e garantire un servizio efficiente per tutta la provincia.<\/p>\n<p>&nbsp;<\/p>\n<p>&nbsp;<\/p>\n<hr \/>\n<p>&nbsp;<\/p>\n<blockquote>\n<h3>APERTO IL BANDO PER L&#8217;AFFIDAMENTO DELL&#8217;EX AFTER HOURS IN VALLE DI SAN LUCANO<\/h3>\n<\/blockquote>\n<p><strong><a class=\"dt-pswp-item\" href=\"https:\/\/www.radiopiu.net\/wordpress\/wp-content\/uploads\/2025\/04\/EX-AFTER-HOURS.jpg\" data-dt-img-description=\"\" data-large_image_width=\"1600\" data-large_image_height=\"1200\"><img loading=\"lazy\" decoding=\"async\" class=\" wp-image-443083 alignleft\" src=\"https:\/\/www.radiopiu.net\/wordpress\/wp-content\/uploads\/2025\/04\/EX-AFTER-HOURS-300x225.jpg\" alt=\"\" width=\"195\" height=\"146\" srcset=\"https:\/\/www.radiopiu.net\/wordpress\/wp-content\/uploads\/2025\/04\/EX-AFTER-HOURS-300x225.jpg 300w, https:\/\/www.radiopiu.net\/wordpress\/wp-content\/uploads\/2025\/04\/EX-AFTER-HOURS-1024x768.jpg 1024w, https:\/\/www.radiopiu.net\/wordpress\/wp-content\/uploads\/2025\/04\/EX-AFTER-HOURS-768x576.jpg 768w, https:\/\/www.radiopiu.net\/wordpress\/wp-content\/uploads\/2025\/04\/EX-AFTER-HOURS-1536x1152.jpg 1536w, https:\/\/www.radiopiu.net\/wordpress\/wp-content\/uploads\/2025\/04\/EX-AFTER-HOURS.jpg 1600w\" sizes=\"auto, (max-width: 195px) 100vw, 195px\" \/><\/a>TAIBON <\/strong>Il Comune di Taibon Agordino intende affidare in gestione, tramite asta pubblica con il criterio dell&#8217;offerta economicamente pi\u00f9 vantaggiosa, un locale ad uso bar-ristorante-pizzeria situato nella Valle di San Lucano. L\u2019edificio (ex After Hours), di propriet\u00e0 comunale, include cucina, servizi igienici, sale ristorante, terrazze, locali residenziali e un parcheggio. Ulteriori aree potranno essere incluse su richiesta dell\u2019aggiudicatario. Le offerte devono essere presentate entro le ore 15:30 del 5 maggio 2025 presso la sede comunale. L\u2019apertura delle buste avverr\u00e0 lo stesso giorno alle ore 17:00 in seduta pubblica. Una Commissione valuter\u00e0 le offerte, con analisi tecnica in seduta segreta. Per informazioni e sopralluoghi, contattare il Comune. Maggiori dettagli sulle condizioni di partecipazione sono disponibili sul sito istituzionale del comune di Taibon Agordino a questo link: <a href=\"https:\/\/www.comune.taibonagordino.bl.it\/it\/news\/affidamento-in-concessione-mediante-asta-pubblica-immobile-comunale-in-valle-di-san-lucano-localita-peschiere\"><span style=\"color: #3366ff;\"><strong>CLICCA QUI<\/strong><\/span><\/a><\/p>\n<p>&nbsp;<\/p>\n<hr \/>\n<p>&nbsp;<\/p>\n<blockquote>\n<h3 class=\"_title post-title entry-title\">EX AGIP, VIA AGLI APPROFONDIMENTI. LA GRUA: \u00abAL VOTO SENZA CONDIZIONAMENTI\u00bb<\/h3>\n<\/blockquote>\n<p>Intervistati FRANCESCO LAGRUA CAPOGRUPPO FI BELLUNO (AL TELEFONO) (Servizio di\u00a0<a href=\"https:\/\/antennatre.medianordest.it\/redazione\/Tiziana-Bolognani\/\">Tiziana Bolognani<\/a>)<\/p>\n<p><iframe loading=\"lazy\" title=\"EX AGIP, VIA AGLI APPROFONDIMENTI. LA GRUA: \u00abAL VOTO SENZA CONDIZIONAMENTI\u00bb | 03\/04\/2025\" width=\"1200\" height=\"675\" src=\"https:\/\/www.youtube.com\/embed\/XgMGYphRE_w?feature=oembed\" frameborder=\"0\" allow=\"accelerometer; autoplay; clipboard-write; encrypted-media; gyroscope; picture-in-picture; web-share\" referrerpolicy=\"strict-origin-when-cross-origin\" allowfullscreen><\/iframe><\/p>\n<hr \/>\n<p>&nbsp;<\/p>\n<blockquote>\n<h3>L\u2019ENS (ENTE NAZIONALE SORDI) DI BELLUNO INCONTRA GLI STUDENTI DEL \u201cCATULLO\u201d<\/h3>\n<\/blockquote>\n<p><strong>BELLUNO<\/strong> Ieri, i rappresentanti dell\u2019Ens di Belluno hanno incontrato le classi quinte dell\u2019istituto \u201cCatullo\u201d per approfondire la realt\u00e0 delle persone sorde. Il presidente Diego Cassol, insieme ai soci e alla volontaria Luisa, ha spiegato le difficolt\u00e0 quotidiane legate alla sordit\u00e0 e l\u2019importanza della lingua dei segni (LIS), sempre meno conosciuta tra i giovani sordi. Gli studenti hanno partecipato attivamente, cimentandosi nell\u2019uso dell\u2019alfabeto LIS e ponendo domande. Tra gli ospiti, Nadia Comiotto ha parlato del supporto offerto da \u201cLa Lega del Filo d\u2019Oro\u201d per le persone con pluridisabilit\u00e0 sensoriali. L\u2019incontro ha favorito un dialogo costruttivo, sensibilizzando i ragazzi sull\u2019integrazione e sulla necessit\u00e0 di sostenere questa comunit\u00e0.<\/p>\n\n\t\t\t<style type='text\/css'>\n\t\t\t\t#gallery-3 {\n\t\t\t\t\tmargin: auto;\n\t\t\t\t}\n\t\t\t\t#gallery-3 .gallery-item {\n\t\t\t\t\tfloat: left;\n\t\t\t\t\tmargin-top: 10px;\n\t\t\t\t\ttext-align: center;\n\t\t\t\t\twidth: 50%;\n\t\t\t\t}\n\t\t\t\t#gallery-3 img {\n\t\t\t\t\tborder: 2px solid #cfcfcf;\n\t\t\t\t}\n\t\t\t\t#gallery-3 .gallery-caption {\n\t\t\t\t\tmargin-left: 0;\n\t\t\t\t}\n\t\t\t\t\/* see gallery_shortcode() in wp-includes\/media.php *\/\n\t\t\t<\/style>\n\t\t<div id='gallery-3' class='dt-gallery-container gallery galleryid-442933 gallery-columns-2 gallery-size-thumbnail'><dl class='gallery-item'>\n\t\t\t\t<dt class='gallery-icon landscape'>\n\t\t\t\t\t<a class=\"rollover rollover-zoom dt-pswp-item\" title=\"Foto1\" data-dt-img-description=\"\" data-large_image_width=\"1080\" data-large_image_height=\"1026\"href='https:\/\/www.radiopiu.net\/wordpress\/wp-content\/uploads\/2025\/04\/Foto1.jpg'><img loading=\"lazy\" decoding=\"async\" width=\"150\" height=\"150\" src=\"https:\/\/www.radiopiu.net\/wordpress\/wp-content\/uploads\/2025\/04\/Foto1-150x150.jpg\" class=\"attachment-thumbnail size-thumbnail\" alt=\"\" \/><\/a>\n\t\t\t\t<\/dt><\/dl><dl class='gallery-item'>\n\t\t\t\t<dt class='gallery-icon landscape'>\n\t\t\t\t\t<a class=\"rollover rollover-zoom dt-pswp-item\" title=\"Foto2\" data-dt-img-description=\"\" data-large_image_width=\"1080\" data-large_image_height=\"810\"href='https:\/\/www.radiopiu.net\/wordpress\/wp-content\/uploads\/2025\/04\/Foto2.jpg'><img loading=\"lazy\" decoding=\"async\" width=\"150\" height=\"150\" src=\"https:\/\/www.radiopiu.net\/wordpress\/wp-content\/uploads\/2025\/04\/Foto2-150x150.jpg\" class=\"attachment-thumbnail size-thumbnail\" alt=\"\" \/><\/a>\n\t\t\t\t<\/dt><\/dl><br style=\"clear: both\" \/>\n\t\t\t<\/div>\n\n<p>&nbsp;<\/p>\n<hr \/>\n<p>&nbsp;<\/p>\n<blockquote>\n<h3>NASCE A BELLUNO \u201cVOCAL WAVES\u201d: IL CORO MODERNO CHE UNISCE ENERGIA, DIVERTIMENTO E STILI MUSICALI DIVERSI<\/h3>\n<\/blockquote>\n<p><strong><a href=\"https:\/\/www.radiopiu.net\/wordpress\/wp-content\/uploads\/2025\/04\/choir-7393900_640.webp\"><img loading=\"lazy\" decoding=\"async\" class=\" wp-image-443159 alignleft\" src=\"https:\/\/www.radiopiu.net\/wordpress\/wp-content\/uploads\/2025\/04\/choir-7393900_640-300x210.webp\" alt=\"\" width=\"174\" height=\"122\" srcset=\"https:\/\/www.radiopiu.net\/wordpress\/wp-content\/uploads\/2025\/04\/choir-7393900_640-300x210.webp 300w, https:\/\/www.radiopiu.net\/wordpress\/wp-content\/uploads\/2025\/04\/choir-7393900_640.webp 640w\" sizes=\"auto, (max-width: 174px) 100vw, 174px\" \/><\/a>BELLUNO<\/strong><\/p>\n<p class=\"\" data-start=\"59\" data-end=\"538\">A Belluno debutta \u201cVocal Waves\u201d, un coro misto dedicato agli appassionati di musica moderna. Aperto a uomini e donne dai 18 ai 65 anni, il progetto esplorer\u00e0 generi diversi, dal pop al rock, dal gospel al metal, offrendo un\u2019esperienza musicale emozionante. Non \u00e8 necessaria una preparazione musicale avanzata, ma \u00e8 richiesta una buona intonazione e conoscenza di base della lettura musicale. Il coro sar\u00e0 guidato da professionisti locali, con l\u2019ambizione di esibirsi in pubblico. L\u2019iniziativa \u00e8 nata dalla passione di Karyn Savalli, gi\u00e0 attiva nel panorama musicale locale, che ha collaborato con Diego De Pasqual e Radmila Visentin per realizzare questo progetto innovativo. Le prove si terranno ogni luned\u00ec, dalle 20:15 alle 22:00. Chi fosse interessato pu\u00f2 scrivere a <a class=\"cursor-pointer\" rel=\"noopener\" data-start=\"831\" data-end=\"855\">corovocalwaves@gmail.com<\/a><\/p>\n<p>&nbsp;<\/p>\n<hr \/>\n<p>&nbsp;<\/p>\n<h2><span style=\"color: #ff0000;\">CONSIGLI COMUNALI IN AGORDINO<\/span><\/h2>\n<p><strong>ROCCA PIETORE<\/strong> Consiglio Comunale luned\u00ec alle 18. L&#8217;ordine del giorno prevede nove punti, tra cui: approvazione dei verbali della seduta precedente, convenzione per la segreteria comunale con Alleghe e Selva di Cadore, bilancio di previsione 2025-2027 dell\u2019A.S.C.A., una variazione al bilancio, rinuncia al diritto di prelazione su un terreno con uso civico e diverse convenzioni per la gestione associata di servizi con l\u2019Unione Montana Agordina. Tra queste, vi sono la centrale unica di committenza, le strutture sportive, la gestione dei beni silvo-pastorali e la pianificazione di protezione civile.<\/p>\n<p><strong>TAIBON<\/strong> Lunedi 7 aprile consiglio comunale, all&#8217;ordine del giorno: variazioni al bilancio, nome in materia di uso civico, adozione piano di accertamento. Regolamento per l&#8217;utilizzo della pagina e canali social<\/p>\n<p>&nbsp;<\/p>\n<p>&nbsp;<\/p>\n<hr \/>\n<p>&nbsp;<\/p>\n<blockquote>\n<h3>NUOVE ALFA ROMEO STELVIO PER LA POLIZIA STRADALE<\/h3>\n<\/blockquote>\n<p><strong><a class=\"dt-pswp-item\" href=\"https:\/\/www.radiopiu.net\/wordpress\/wp-content\/uploads\/2025\/04\/Senza-nome-15.png\" data-dt-img-description=\"\" data-large_image_width=\"652\" data-large_image_height=\"391\"><img loading=\"lazy\" decoding=\"async\" class=\" wp-image-443055 alignleft\" src=\"https:\/\/www.radiopiu.net\/wordpress\/wp-content\/uploads\/2025\/04\/Senza-nome-15-300x180.png\" alt=\"\" width=\"263\" height=\"158\" srcset=\"https:\/\/www.radiopiu.net\/wordpress\/wp-content\/uploads\/2025\/04\/Senza-nome-15-300x180.png 300w, https:\/\/www.radiopiu.net\/wordpress\/wp-content\/uploads\/2025\/04\/Senza-nome-15.png 652w\" sizes=\"auto, (max-width: 263px) 100vw, 263px\" \/><\/a>BOLZANO<\/strong> Bolzano, 3 aprile 2025 \u2013 Presentate a Bolzano le nuove Alfa Romeo Stelvio in dotazione alla Polizia Stradale di Bolzano, Trento e Belluno. I nuovi veicoli, assegnati dal Ministero dell\u2019Interno, sono dotati di trazione integrale, motore 2.2 turbodiesel da 210 cavalli e avanzati sistemi di sicurezza e comunicazione. Le auto dispongono di dispositivi luminosi a LED, pannelli informativi multilingue, strumenti per la gestione di incidenti e calamit\u00e0, oltre a un tablet per l\u2019accesso alle banche dati e al sistema Top Crash per il rilevamento degli incidenti. La nuova dotazione garantir\u00e0 maggiore efficienza e sicurezza sulle strade delle tre province, anche in condizioni meteo difficili.<\/p>\n<p>&nbsp;<\/p>\n<p>&nbsp;<\/p>\n<hr \/>\n<p>&nbsp;<\/p>\n<blockquote>\n<p class=\"\" data-start=\"0\" data-end=\"57\"><strong data-start=\"0\" data-end=\"55\">ASSEMBLEA DELLE PRO LOCO BELLUNESI A CHIES D\u2019ALPAGO<\/strong><\/p>\n<\/blockquote>\n<p class=\"\" data-start=\"59\" data-end=\"240\"><strong data-start=\"59\" data-end=\"92\"><a class=\"dt-pswp-item\" href=\"https:\/\/www.radiopiu.net\/wordpress\/wp-content\/uploads\/2020\/12\/UNPLI.png\" data-dt-img-description=\"\" data-large_image_width=\"1066\" data-large_image_height=\"432\"><img loading=\"lazy\" decoding=\"async\" class=\"wp-image-178779 alignleft\" src=\"https:\/\/www.radiopiu.net\/wordpress\/wp-content\/uploads\/2020\/12\/UNPLI-300x122.png\" alt=\"\" width=\"229\" height=\"93\" srcset=\"https:\/\/www.radiopiu.net\/wordpress\/wp-content\/uploads\/2020\/12\/UNPLI-300x122.png 300w, https:\/\/www.radiopiu.net\/wordpress\/wp-content\/uploads\/2020\/12\/UNPLI-1024x415.png 1024w, https:\/\/www.radiopiu.net\/wordpress\/wp-content\/uploads\/2020\/12\/UNPLI-768x311.png 768w, https:\/\/www.radiopiu.net\/wordpress\/wp-content\/uploads\/2020\/12\/UNPLI.png 1066w\" sizes=\"auto, (max-width: 229px) 100vw, 229px\" \/><\/a>CHIES <\/strong>\u00a0Digitalizzazione e promozione turistica saranno i temi centrali dell\u2019assemblea delle Pro Loco Bellunesi, in programma al Teatro Minimo. Tra gli argomenti trattati: il progetto di Facilitazione Digitale, le iniziative finanziate dai bandi regionali, l\u2019organizzazione della sesta edizione di \u201cMade in Dolomiti\u201d (Belluno, 13-14 settembre) e la presentazione del nuovo software di contabilit\u00e0 Team System. Si parler\u00e0 anche della manifestazione regionale delle Pro Loco Venete, che si terr\u00e0 a Feltre e Pedavena il 18 maggio, e del bando della DMO per il sostegno ai prodotti turistici locali. Dopo l\u2019approvazione del rendiconto 2024, verranno consegnati riconoscimenti ai presidenti di Pro Loco con oltre cinque anni di mandato.<\/p>\n<p>&nbsp;<\/p>\n<p>&nbsp;<\/p>\n<hr \/>\n<p>&nbsp;<\/p>\n<blockquote>\n<p class=\"\" data-start=\"0\" data-end=\"73\"><strong data-start=\"0\" data-end=\"71\">DOLOMITI BUS CERCA OPERATORI PER IL TRASPORTO A MILANO-CORTINA 2026<\/strong><\/p>\n<\/blockquote>\n<p><strong><a class=\"dt-pswp-item\" href=\"https:\/\/www.radiopiu.net\/wordpress\/wp-content\/uploads\/2024\/10\/DolomitiBus_02.png\" data-dt-img-description=\"\" data-large_image_width=\"1906\" data-large_image_height=\"806\"><img loading=\"lazy\" decoding=\"async\" class=\"size-medium wp-image-412502 alignleft\" src=\"https:\/\/www.radiopiu.net\/wordpress\/wp-content\/uploads\/2024\/10\/DolomitiBus_02-300x127.png\" alt=\"\" width=\"300\" height=\"127\" srcset=\"https:\/\/www.radiopiu.net\/wordpress\/wp-content\/uploads\/2024\/10\/DolomitiBus_02-300x127.png 300w, https:\/\/www.radiopiu.net\/wordpress\/wp-content\/uploads\/2024\/10\/DolomitiBus_02-1024x433.png 1024w, https:\/\/www.radiopiu.net\/wordpress\/wp-content\/uploads\/2024\/10\/DolomitiBus_02-768x325.png 768w, https:\/\/www.radiopiu.net\/wordpress\/wp-content\/uploads\/2024\/10\/DolomitiBus_02-1536x650.png 1536w, https:\/\/www.radiopiu.net\/wordpress\/wp-content\/uploads\/2024\/10\/DolomitiBus_02.png 1906w\" sizes=\"auto, (max-width: 300px) 100vw, 300px\" \/><\/a>BELLUNO <\/strong>Dolomiti Bus avvia un\u2019indagine di mercato per individuare operatori economici interessati a fornire servizi di autotrasporto durante i Giochi Olimpici e Paralimpici Invernali Milano-Cortina 2026. L\u2019obiettivo \u00e8 garantire il trasporto degli spettatori nel &#8220;cluster&#8221; di Cortina d&#8217;Ampezzo e nelle aree limitrofe. Le aziende devono possedere specifici requisiti, tra cui registrazione al Portale Acquisti Agisupply e disponibilit\u00e0 di autobus con personale qualificato. Le manifestazioni di interesse vanno presentate entro il <strong data-start=\"599\" data-end=\"628\">24 aprile 2025, ore 12:00<\/strong> tramite il Portale Acquisti Agisupply. Maggiori informazioni su <strong data-start=\"696\" data-end=\"718\"><a class=\"\" href=\"http:\/\/www.dolomitibus.it\" target=\"_new\" rel=\"noopener\" data-start=\"698\" data-end=\"716\">www.dolomitibus.it<\/a><\/strong>.<\/p>\n<p>&nbsp;<\/p>\n<hr \/>\n<p>&nbsp;<\/p>\n<blockquote>\n<p class=\"\" data-start=\"0\" data-end=\"65\"><strong data-start=\"0\" data-end=\"63\"><a class=\"dt-pswp-item\" href=\"https:\/\/www.radiopiu.net\/wordpress\/wp-content\/uploads\/2025\/04\/Senza-nome-12.png\" data-dt-img-description=\"\" data-large_image_width=\"260\" data-large_image_height=\"201\"><img loading=\"lazy\" decoding=\"async\" class=\"wp-image-443049 alignleft\" src=\"https:\/\/www.radiopiu.net\/wordpress\/wp-content\/uploads\/2025\/04\/Senza-nome-12.png\" alt=\"\" width=\"141\" height=\"109\" \/><\/a>CENTRO ESTIVO ALPAGO 2025: PUBBLICATA L\u2019INDAGINE DI MERCATO<\/strong><\/p>\n<\/blockquote>\n<p class=\"\" data-start=\"67\" data-end=\"375\"><strong>ALPAGO<\/strong> Il Comune ha avviato l\u2019indagine di mercato per l\u2019affidamento del servizio di gestione del centro estivo 2025, che si svolger\u00e0 dal 16 giugno all\u20198 agosto. Il programma prevede attivit\u00e0 ludiche, sportive, laboratori espressivi e uscite sul territorio per bambini e ragazzi dai 6 ai 13 anni. Il servizio sar\u00e0 disponibile in due opzioni: fino alle 12:30 senza pasto o fino alle 14:00 con pasto. Il Comune coprir\u00e0 circa il 40% della quota di partecipazione. Le domande devono essere inviate entro il 10 aprile. Maggiori dettagli e modulistica sono disponibili sul sito istituzionale del Comune di Alpago.<\/p>\n<p>&nbsp;<\/p>\n<hr \/>\n<h3><\/h3>\n<blockquote>\n<h3 align=\"JUSTIFY\"><span style=\"font-family: Arial Narrow, serif;\"><a class=\"dt-pswp-item\" href=\"https:\/\/www.radiopiu.net\/wordpress\/wp-content\/uploads\/2025\/04\/Erasmus-KA-Terzo-Giorno-1.jpeg\" data-dt-img-description=\"\" data-large_image_width=\"1600\" data-large_image_height=\"1200\"><img loading=\"lazy\" decoding=\"async\" class=\" wp-image-443065 alignleft\" src=\"https:\/\/www.radiopiu.net\/wordpress\/wp-content\/uploads\/2025\/04\/Erasmus-KA-Terzo-Giorno-1-300x225.jpeg\" alt=\"\" width=\"240\" height=\"180\" srcset=\"https:\/\/www.radiopiu.net\/wordpress\/wp-content\/uploads\/2025\/04\/Erasmus-KA-Terzo-Giorno-1-300x225.jpeg 300w, https:\/\/www.radiopiu.net\/wordpress\/wp-content\/uploads\/2025\/04\/Erasmus-KA-Terzo-Giorno-1-1024x768.jpeg 1024w, https:\/\/www.radiopiu.net\/wordpress\/wp-content\/uploads\/2025\/04\/Erasmus-KA-Terzo-Giorno-1-768x576.jpeg 768w, https:\/\/www.radiopiu.net\/wordpress\/wp-content\/uploads\/2025\/04\/Erasmus-KA-Terzo-Giorno-1-1536x1152.jpeg 1536w, https:\/\/www.radiopiu.net\/wordpress\/wp-content\/uploads\/2025\/04\/Erasmus-KA-Terzo-Giorno-1.jpeg 1600w\" sizes=\"auto, (max-width: 240px) 100vw, 240px\" \/><\/a>LO SCAMBIO BELLUNO-CATALOGNA RAGGIUNGE LE DOLOMITI<\/span><\/h3>\n<\/blockquote>\n<p class=\"\" data-start=\"43\" data-end=\"735\"><strong>BELLUNO<\/strong> Gli studenti dei Licei \u00abGalilei-Tiziano\u00bb di Belluno e della scuola catalana \u00abEl Pilar\u00bb di Premi\u00e0 de Mar sono protagonisti di uno scambio culturale sul tema della sostenibilit\u00e0 ambientale, finanziato dal programma Erasmus KA122. Durante la settimana, hanno visitato le Dolomiti con la guida della Fondazione Dolomiti UNESCO e del geologo Franco Fiamoi. Inoltre, hanno partecipato a un workshop sullo spreco alimentare e visitato l\u2019Universit\u00e0 Ca&#8217; Foscari di Venezia. Il programma include anche incontri con le amministrazioni locali per approfondire le pratiche di raccolta differenziata e riciclo. L&#8217;iniziativa punta a sensibilizzare gli studenti sulla cittadinanza europea e la sostenibilit\u00e0.<\/p>\n<p>&nbsp;<\/p>\n<p>&nbsp;<\/p>\n<hr \/>\n<blockquote>\n<h3 class=\"\" data-start=\"0\" data-end=\"70\"><strong data-start=\"4\" data-end=\"68\"><br \/>\nASSEMBLEA ORDINARIA DELL\u2019UNIONE ITALIANA CIECHI E IPOVEDENTI<\/strong><\/h3>\n<\/blockquote>\n<p class=\"\" data-start=\"72\" data-end=\"368\"><strong>BELLUNO<\/strong> Domenica 13 aprile 2025, alle\u00a0 9 nella Sala Muccin del Centro Congressi Giovanni XXIII di Belluno, si terr\u00e0 l\u2019Assemblea ordinaria dell\u2019Unione Italiana dei Ciechi e degli Ipovedenti. Durante l\u2019incontro si eleggeranno il nuovo Consiglio Direttivo e i rappresentanti regionali e nazionali.<\/p>\n<hr \/>\n<p class=\"\" data-start=\"0\" data-end=\"73\"><strong data-start=\"0\" data-end=\"73\">\u00a0<\/strong><\/p>\n<blockquote>\n<h3 data-start=\"0\" data-end=\"73\"><strong data-start=\"0\" data-end=\"73\">ASSEMBLEA ANNUALE DELL&#8217;ASSOCIAZIONE AMICI DEI MINERARI E CENA SOCIALE<\/strong><\/h3>\n<\/blockquote>\n<p class=\"\" data-start=\"75\" data-end=\"88\"><strong>AGORDO<\/strong> Domani si terr\u00e0 l&#8217;assemblea annuale dell&#8217;Associazione Amici dei Minerari. L&#8217;evento avr\u00e0 luogo presso la Sala Don Tamis, con inizio alle ore 17:30. Al termine dell&#8217;assemblea, alle ore 20:00, \u00e8 prevista una cena sociale presso il Ristorante Alle Antiche Miniere. Invitati tutti i soci e gli interessati a partecipare a questi momenti di incontro e condivisione. Per ulteriori informazioni, contattare l&#8217;Associazione Amici dei Minerari.<\/p>\n<p>&nbsp;<\/p>\n<p>&nbsp;<\/p>\n<hr \/>\n<p>&nbsp;<\/p>\n<blockquote>\n<h3><img loading=\"lazy\" decoding=\"async\" class=\"alignleft\" src=\"https:\/\/www.radiopiu.net\/wordpress\/wp-content\/uploads\/2023\/05\/R_LA-VOLATA-S-PELLEGRINO-DH-2017PHOTO-ELVIS.jpg\" width=\"167\" height=\"112\" \/>CON MIRCO TANCON, L&#8217;INVERNO NELLA SKI AREA SAN PELLEGRINO<\/h3>\n<\/blockquote>\n<p><strong>REPORTER DEL 2 APRILE 2025<\/strong><\/p>\n<p>DI MIRKO MEZZACASA<\/p>\n<audio class=\"wp-audio-shortcode\" id=\"audio-442933-8\" preload=\"none\" style=\"width: 100%;\" controls=\"controls\"><source type=\"audio\/mpeg\" src=\"https:\/\/www.radiopiu.net\/wordpress\/wp-content\/uploads\/2025\/04\/mirco-tanton-reporter.mp3?_=8\" \/><a href=\"https:\/\/www.radiopiu.net\/wordpress\/wp-content\/uploads\/2025\/04\/mirco-tanton-reporter.mp3\">https:\/\/www.radiopiu.net\/wordpress\/wp-content\/uploads\/2025\/04\/mirco-tanton-reporter.mp3<\/a><\/audio>\n<p>&nbsp;<\/p>\n<p>&nbsp;<\/p>\n<hr \/>\n<p>&nbsp;<\/p>\n<blockquote>\n<h3>L&#8217;ASSEMBLEA DEL GAV DOMENICA AD AGORDO<\/h3>\n<\/blockquote>\n<p><strong>AGORDO <\/strong>L&#8217;Associazione GAV (Gruppo Assistenza Volontaria Odv) convoca i soci per l&#8217;assemblea ordinaria 2025, che si terr\u00e0 domenica alle 11 al Centro Parrocchiale &#8220;mons. Savio&#8221; di Agordo. Sette punti all&#8217;ordine del giorno tra cui la relazione attivit\u00e0 2024, l&#8217;approvazione bilancio consuntivo 2024 e la presentazione delle attivit\u00e0 2025 Seguir\u00e0 un pranzo sociale presso il ristorante &#8220;San Martin&#8221;<\/p>\n<p>&nbsp;<\/p>\n<hr \/>\n<p>&nbsp;<\/p>\n<blockquote>\n<h3>&#8220;DA ONDE VERS ONDE&#8221; A CENCENIGHE<\/h3>\n<\/blockquote>\n<p><strong><a class=\"dt-pswp-item\" href=\"https:\/\/www.radiopiu.net\/wordpress\/wp-content\/uploads\/2025\/03\/LSODHFHDYUDJ.jpg\" data-dt-img-description=\"\" data-large_image_width=\"1754\" data-large_image_height=\"1337\"><img loading=\"lazy\" decoding=\"async\" class=\" wp-image-441343 alignleft\" src=\"https:\/\/www.radiopiu.net\/wordpress\/wp-content\/uploads\/2025\/03\/LSODHFHDYUDJ-300x229.jpg\" alt=\"\" width=\"140\" height=\"107\" srcset=\"https:\/\/www.radiopiu.net\/wordpress\/wp-content\/uploads\/2025\/03\/LSODHFHDYUDJ-300x229.jpg 300w, https:\/\/www.radiopiu.net\/wordpress\/wp-content\/uploads\/2025\/03\/LSODHFHDYUDJ-1024x781.jpg 1024w, https:\/\/www.radiopiu.net\/wordpress\/wp-content\/uploads\/2025\/03\/LSODHFHDYUDJ-768x585.jpg 768w, https:\/\/www.radiopiu.net\/wordpress\/wp-content\/uploads\/2025\/03\/LSODHFHDYUDJ-1536x1171.jpg 1536w, https:\/\/www.radiopiu.net\/wordpress\/wp-content\/uploads\/2025\/03\/LSODHFHDYUDJ.jpg 1754w\" sizes=\"auto, (max-width: 140px) 100vw, 140px\" \/><\/a>CENCENIGHE <\/strong>L\u2019Union Ladina Val Biois, in collaborazione con il Musla, organizza la seconda edizione delle serate linguistiche <em data-start=\"114\" data-end=\"135\">&#8220;Da onde vers onde&#8221;<\/em>, in sala consigliare a Cencenighe Agordino.\u00a0 Oggi Nicola Cassisi, docente di lettere, analizzer\u00e0 il legame tra lingua, paesaggio ed economia nelle valli dolomitiche. Serata\u00a0 aperte a tutti e a ingresso libero<\/p>\n<p>&nbsp;<\/p>\n<p>&nbsp;<\/p>\n<hr \/>\n<p>&nbsp;<\/p>\n<blockquote>\n<article class=\"w-full text-token-text-primary\" dir=\"auto\" data-testid=\"conversation-turn-4\" data-scroll-anchor=\"true\">\n<div class=\"text-base my-auto mx-auto py-5 px-6\">\n<div class=\"mx-auto flex flex-1 text-base gap-4 md:gap-5 lg:gap-6 md:max-w-3xl group\/turn-messages focus-visible:outline-none\" tabindex=\"-1\">\n<div class=\"group\/conversation-turn relative flex w-full min-w-0 flex-col agent-turn @xs\/thread:px-0 @sm\/thread:px-1.5 @md\/thread:px-4\">\n<div class=\"relative flex-col gap-1 md:gap-3\">\n<div class=\"flex max-w-full flex-col flex-grow\">\n<div class=\"min-h-8 text-message relative flex w-full flex-col items-end gap-2 whitespace-normal break-words text-start [.text-message+&amp;]:mt-5\" dir=\"auto\" data-message-author-role=\"assistant\" data-message-id=\"c95c95c6-a1ac-4866-a6e0-43ed1c022444\" data-message-model-slug=\"gpt-4o\">\n<div class=\"flex w-full flex-col gap-1 empty:hidden first:pt-[3px]\">\n<div class=\"markdown prose w-full break-words dark:prose-invert dark\">\n<p data-pm-slice=\"1 1 []\"><strong>Dal disegno al colore: a Canale d\u2019Agordo la personale di Lucio Groja<\/strong><\/p>\n<\/div>\n<\/div>\n<\/div>\n<\/div>\n<\/div>\n<\/div>\n<\/div>\n<\/div>\n<\/article>\n<\/blockquote>\n<article class=\"w-full text-token-text-primary\" dir=\"auto\" data-testid=\"conversation-turn-4\" data-scroll-anchor=\"true\">\n<div class=\"text-base my-auto mx-auto py-5 px-6\">\n<div class=\"mx-auto flex flex-1 text-base gap-4 md:gap-5 lg:gap-6 md:max-w-3xl group\/turn-messages focus-visible:outline-none\" tabindex=\"-1\">\n<div class=\"group\/conversation-turn relative flex w-full min-w-0 flex-col agent-turn @xs\/thread:px-0 @sm\/thread:px-1.5 @md\/thread:px-4\">\n<div class=\"absolute\">\n<div class=\"flex items-center justify-center\">\n<p class=\"\" data-start=\"37\" data-end=\"463\"><strong>CANALE D&#8217;AGORDO<\/strong> Dal 12 al 27 aprile 2025, la Sala consiliare del municipio di Canale d&#8217;Agordo ospiter\u00e0 la mostra &#8220;Dal disegno al colore&#8221;, personale di pittura dell&#8217;artista Lucio Groja.\u00a0 L\u2019inaugurazione \u00e8 prevista per sabato 12 aprile alle 17.30.\u00a0 L\u2019evento si inserisce nel panorama culturale locale come occasione di incontro con l\u2019arte contemporanea.<\/p>\n<\/div>\n<\/div>\n<\/div>\n<\/div>\n<\/div>\n<\/article>\n<p>&nbsp;<\/p>\n<p>&nbsp;<\/p>\n<hr \/>\n<p>&nbsp;<\/p>\n<blockquote>\n<h3>LA LUNA IN ALTA RISOLUZIONE<\/h3>\n<\/blockquote>\n<p><strong>FELTRE<\/strong> Sabato 5 aprile alle 21 la Luna sar\u00e0 al primo quarto e ben visibile per un\u2019osservazione ad alta risoluzione. Il telescopio Newton da 36 cm trasmetter\u00e0 immagini in diretta su un grande schermo, mentre il Dobson da 64 cm permetter\u00e0 osservazioni con ingrandimenti fino a 800x. Si tenter\u00e0 di vedere il sottile solco nella Valle Alpina e diversi crateri lunari. Sar\u00e0 possibile osservare anche Giove e alcune stelle doppie. In caso di maltempo, al planetario verranno proiettati filmati dei panorami lunari realizzati dai soci.<\/p>\n<p>&nbsp;<\/p>\n<p>&nbsp;<\/p>\n<hr \/>\n<p>&nbsp;<\/p>\n<p>&nbsp;<\/p>\n<blockquote>\n<p class=\"\" data-start=\"0\" data-end=\"51\"><strong data-start=\"0\" data-end=\"51\">UOVA DI PASQUA AIL: RACCOLTA OFFERTE 4-6 APRILE<\/strong><\/p>\n<\/blockquote>\n<p class=\"\" data-start=\"53\" data-end=\"294\"><a class=\"dt-pswp-item\" href=\"https:\/\/www.radiopiu.net\/wordpress\/wp-content\/uploads\/2025\/04\/888a66c4-666f-4de5-ba8a-91e3b8ee2c2b.jpg\" data-dt-img-description=\"\" data-large_image_width=\"1600\" data-large_image_height=\"847\"><img loading=\"lazy\" decoding=\"async\" class=\"size-medium wp-image-442783 alignleft\" src=\"https:\/\/www.radiopiu.net\/wordpress\/wp-content\/uploads\/2025\/04\/888a66c4-666f-4de5-ba8a-91e3b8ee2c2b-300x159.jpg\" alt=\"\" width=\"300\" height=\"159\" srcset=\"https:\/\/www.radiopiu.net\/wordpress\/wp-content\/uploads\/2025\/04\/888a66c4-666f-4de5-ba8a-91e3b8ee2c2b-300x159.jpg 300w, https:\/\/www.radiopiu.net\/wordpress\/wp-content\/uploads\/2025\/04\/888a66c4-666f-4de5-ba8a-91e3b8ee2c2b-1024x542.jpg 1024w, https:\/\/www.radiopiu.net\/wordpress\/wp-content\/uploads\/2025\/04\/888a66c4-666f-4de5-ba8a-91e3b8ee2c2b-768x407.jpg 768w, https:\/\/www.radiopiu.net\/wordpress\/wp-content\/uploads\/2025\/04\/888a66c4-666f-4de5-ba8a-91e3b8ee2c2b-1536x813.jpg 1536w, https:\/\/www.radiopiu.net\/wordpress\/wp-content\/uploads\/2025\/04\/888a66c4-666f-4de5-ba8a-91e3b8ee2c2b.jpg 1600w\" sizes=\"auto, (max-width: 300px) 100vw, 300px\" \/><\/a>Dal 4 al 6 aprile, non perdere l&#8217;opportunit\u00e0 di contribuire alla raccolta fondi per l&#8217;AIL (Associazione Italiana contro le Leucemie) acquistando le tradizionali uova di Pasqua. Le offerte saranno raccolte in vari punti strategici della zona:<\/p>\n<ul data-start=\"296\" data-end=\"442\">\n<li class=\"\" data-start=\"296\" data-end=\"356\">\n<p class=\"\" data-start=\"298\" data-end=\"356\"><strong data-start=\"298\" data-end=\"308\">Agordo<\/strong>, presso il Centro Commerciale La Corte Agordina<\/p>\n<\/li>\n<li class=\"\" data-start=\"357\" data-end=\"399\">\n<p class=\"\" data-start=\"359\" data-end=\"399\"><strong data-start=\"359\" data-end=\"373\">Valcozzena<\/strong>, presso il Zum Brillenbar<\/p>\n<\/li>\n<li class=\"\" data-start=\"400\" data-end=\"442\">\n<p class=\"\" data-start=\"402\" data-end=\"442\"><strong data-start=\"402\" data-end=\"413\">Voltago<\/strong>, presso le Scuole Elementari<\/p>\n<\/li>\n<\/ul>\n<p class=\"\" data-start=\"444\" data-end=\"705\">Ogni uovo acquistato sosterr\u00e0 la ricerca e il supporto ai pazienti affetti da leucemia e altre malattie ematologiche. Un piccolo gesto che pu\u00f2 fare una grande differenza nella vita di chi ha bisogno. Vi aspettiamo numerosi per sostenere questa importante causa!<\/p>\n<p>&nbsp;<\/p>\n<hr \/>\n<p>&nbsp;<\/p>\n<blockquote>\n<h2>FINE STAGIONE, LA FESTA IN ALTA BADIA . WEEK END VINTAGE<\/h2>\n<\/blockquote>\n<p><strong><a class=\"dt-pswp-item\" href=\"https:\/\/www.radiopiu.net\/wordpress\/wp-content\/uploads\/2021\/09\/ROBERTO-HUBER.png\" data-dt-img-description=\"\" data-large_image_width=\"1074\" data-large_image_height=\"852\"><img loading=\"lazy\" decoding=\"async\" class=\" wp-image-230861 alignleft\" src=\"https:\/\/www.radiopiu.net\/wordpress\/wp-content\/uploads\/2021\/09\/ROBERTO-HUBER-300x238.png\" alt=\"\" width=\"198\" height=\"157\" srcset=\"https:\/\/www.radiopiu.net\/wordpress\/wp-content\/uploads\/2021\/09\/ROBERTO-HUBER-300x238.png 300w, https:\/\/www.radiopiu.net\/wordpress\/wp-content\/uploads\/2021\/09\/ROBERTO-HUBER-1024x812.png 1024w, https:\/\/www.radiopiu.net\/wordpress\/wp-content\/uploads\/2021\/09\/ROBERTO-HUBER-768x609.png 768w, https:\/\/www.radiopiu.net\/wordpress\/wp-content\/uploads\/2021\/09\/ROBERTO-HUBER.png 1074w\" sizes=\"auto, (max-width: 198px) 100vw, 198px\" \/><\/a>DI MIRKO MEZZACASA<\/strong><\/p>\n<p>OSPITE: Roberto Huber, direttore Alta Badia Brand<\/p>\n<audio class=\"wp-audio-shortcode\" id=\"audio-442933-9\" preload=\"none\" style=\"width: 100%;\" controls=\"controls\"><source type=\"audio\/mpeg\" src=\"https:\/\/www.radiopiu.net\/wordpress\/wp-content\/uploads\/2025\/02\/roberto-huber_febbraio.mp3?_=9\" \/><a href=\"https:\/\/www.radiopiu.net\/wordpress\/wp-content\/uploads\/2025\/02\/roberto-huber_febbraio.mp3\">https:\/\/www.radiopiu.net\/wordpress\/wp-content\/uploads\/2025\/02\/roberto-huber_febbraio.mp3<\/a><\/audio>\n<p>&nbsp;<\/p>\n<p>&nbsp;<\/p>\n<hr \/>\n<p>&nbsp;<\/p>\n<h1><span style=\"color: #ff6600;\">IERI ALLA RADIO<\/span><\/h1>\n<h2><span style=\"color: #ff00ff;\">TIME FOR ME&#8230;CON GIANNIANTONIO CASSISI<\/span><\/h2>\n<p><strong><a class=\"dt-pswp-item\" href=\"https:\/\/www.radiopiu.net\/wordpress\/wp-content\/uploads\/2025\/04\/8cdcc876-acfc-431c-bcdd-a837e16bf4db.jpg\" data-dt-img-description=\"\" data-large_image_width=\"1224\" data-large_image_height=\"921\"><img loading=\"lazy\" decoding=\"async\" class=\" wp-image-442936 alignleft\" src=\"https:\/\/www.radiopiu.net\/wordpress\/wp-content\/uploads\/2025\/04\/8cdcc876-acfc-431c-bcdd-a837e16bf4db-300x226.jpg\" alt=\"\" width=\"220\" height=\"166\" srcset=\"https:\/\/www.radiopiu.net\/wordpress\/wp-content\/uploads\/2025\/04\/8cdcc876-acfc-431c-bcdd-a837e16bf4db-300x226.jpg 300w, https:\/\/www.radiopiu.net\/wordpress\/wp-content\/uploads\/2025\/04\/8cdcc876-acfc-431c-bcdd-a837e16bf4db-1024x771.jpg 1024w, https:\/\/www.radiopiu.net\/wordpress\/wp-content\/uploads\/2025\/04\/8cdcc876-acfc-431c-bcdd-a837e16bf4db-768x578.jpg 768w, https:\/\/www.radiopiu.net\/wordpress\/wp-content\/uploads\/2025\/04\/8cdcc876-acfc-431c-bcdd-a837e16bf4db.jpg 1224w\" sizes=\"auto, (max-width: 220px) 100vw, 220px\" \/><\/a>DI MARINA DONA&#8217;<\/strong><\/p>\n<p>OSPITE: Gianniantonio Cassisi<\/p>\n<p><span style=\"color: #0000ff;\"><strong>PRIMA PARTE<\/strong><\/span><\/p>\n<audio class=\"wp-audio-shortcode\" id=\"audio-442933-10\" preload=\"none\" style=\"width: 100%;\" controls=\"controls\"><source type=\"audio\/mpeg\" src=\"https:\/\/www.radiopiu.net\/wordpress\/wp-content\/uploads\/2025\/04\/TIME1.mp3?_=10\" \/><a href=\"https:\/\/www.radiopiu.net\/wordpress\/wp-content\/uploads\/2025\/04\/TIME1.mp3\">https:\/\/www.radiopiu.net\/wordpress\/wp-content\/uploads\/2025\/04\/TIME1.mp3<\/a><\/audio>\n<p><span style=\"color: #0000ff;\">\u00a0<\/span><\/p>\n<p><span style=\"color: #0000ff;\"><strong>SECONDA PARTE<\/strong><\/span><\/p>\n<audio class=\"wp-audio-shortcode\" id=\"audio-442933-11\" preload=\"none\" style=\"width: 100%;\" controls=\"controls\"><source type=\"audio\/mpeg\" src=\"https:\/\/www.radiopiu.net\/wordpress\/wp-content\/uploads\/2025\/04\/TIME2.mp3?_=11\" \/><a href=\"https:\/\/www.radiopiu.net\/wordpress\/wp-content\/uploads\/2025\/04\/TIME2.mp3\">https:\/\/www.radiopiu.net\/wordpress\/wp-content\/uploads\/2025\/04\/TIME2.mp3<\/a><\/audio>\n<p><span style=\"color: #0000ff;\">\u00a0<\/span><\/p>\n<p><span style=\"color: #0000ff;\"><strong>TERZA PARTE<\/strong><\/span><\/p>\n<audio class=\"wp-audio-shortcode\" id=\"audio-442933-12\" preload=\"none\" style=\"width: 100%;\" controls=\"controls\"><source type=\"audio\/mpeg\" src=\"https:\/\/www.radiopiu.net\/wordpress\/wp-content\/uploads\/2025\/04\/TIME3.mp3?_=12\" \/><a href=\"https:\/\/www.radiopiu.net\/wordpress\/wp-content\/uploads\/2025\/04\/TIME3.mp3\">https:\/\/www.radiopiu.net\/wordpress\/wp-content\/uploads\/2025\/04\/TIME3.mp3<\/a><\/audio>\n<p><span style=\"color: #0000ff;\">\u00a0\u00a0<\/span><\/p>\n<hr \/>\n<p>&nbsp;<\/p>\n<blockquote class=\"wp-embedded-content\" data-secret=\"IcLg4Ml1TI\"><p><a href=\"https:\/\/www.radiopiu.net\/wordpress\/gli-attrezzi-del-passato-in-mostra-con-il-club-unesco-agordino\/\">GLI ATTREZZI DEL PASSATO IN MOSTRA CON IL CLUB UNESCO AGORDINO<\/a><\/p><\/blockquote>\n<p><iframe loading=\"lazy\" class=\"wp-embedded-content\" sandbox=\"allow-scripts\" security=\"restricted\" style=\"position: absolute; visibility: hidden;\" title=\"&#8220;GLI ATTREZZI DEL PASSATO IN MOSTRA CON IL CLUB UNESCO AGORDINO&#8221; &#8212; Radio Pi\u00f9\" src=\"https:\/\/www.radiopiu.net\/wordpress\/gli-attrezzi-del-passato-in-mostra-con-il-club-unesco-agordino\/embed\/#?secret=1GB0gTtQLa#?secret=IcLg4Ml1TI\" data-secret=\"IcLg4Ml1TI\" width=\"600\" height=\"338\" frameborder=\"0\" marginwidth=\"0\" marginheight=\"0\" scrolling=\"no\"><\/iframe><\/p>\n<hr \/>\n<p>&nbsp;<\/p>\n<blockquote>\n<h3>DEGUSTIAMO CON&#8230;. DOLOMITI BEER &amp; WINE SHOP OGGI A FELTRE<\/h3>\n<\/blockquote>\n<p><strong><img loading=\"lazy\" decoding=\"async\" class=\"alignleft\" src=\"https:\/\/www.radiopiu.net\/wordpress\/wp-content\/uploads\/2025\/02\/Senza-nome-44.png\" width=\"209\" height=\"168\" \/><br \/>\n<\/strong><\/p>\n<p><strong>AUDIO<\/strong><\/p>\n<p>Eccoli gli appuntamenti con le degustazioni da non perdere&#8230;.presentati da Valentina<\/p>\n<p>&nbsp;<\/p>\n<p>&nbsp;<\/p>\n<p>&nbsp;<\/p>\n<p>&nbsp;<\/p>\n<p><span style=\"color: #ff0000;\"><b>A FELTRE OGGI DALLE 17:30 DEGUSTAZIONE AZIENDA MURARO<\/b><\/span><\/p>\n<audio class=\"wp-audio-shortcode\" id=\"audio-442933-13\" preload=\"none\" style=\"width: 100%;\" controls=\"controls\"><source type=\"audio\/mpeg\" src=\"https:\/\/www.radiopiu.net\/wordpress\/wp-content\/uploads\/2025\/04\/FELTRE-4-APRILE.mp3?_=13\" \/><a href=\"https:\/\/www.radiopiu.net\/wordpress\/wp-content\/uploads\/2025\/04\/FELTRE-4-APRILE.mp3\">https:\/\/www.radiopiu.net\/wordpress\/wp-content\/uploads\/2025\/04\/FELTRE-4-APRILE.mp3<\/a><\/audio>\n<p>&nbsp;<\/p>\n<p><a class=\"dt-pswp-item\" href=\"https:\/\/www.radiopiu.net\/wordpress\/wp-content\/uploads\/2025\/03\/484188716_122145584012506217_3464558799247590794_n.jpg\" data-dt-img-description=\"\" data-large_image_width=\"526\" data-large_image_height=\"275\"><img loading=\"lazy\" decoding=\"async\" class=\"size-medium wp-image-439643 aligncenter\" src=\"https:\/\/www.radiopiu.net\/wordpress\/wp-content\/uploads\/2025\/03\/484188716_122145584012506217_3464558799247590794_n-300x157.jpg\" alt=\"\" width=\"300\" height=\"157\" srcset=\"https:\/\/www.radiopiu.net\/wordpress\/wp-content\/uploads\/2025\/03\/484188716_122145584012506217_3464558799247590794_n-300x157.jpg 300w, https:\/\/www.radiopiu.net\/wordpress\/wp-content\/uploads\/2025\/03\/484188716_122145584012506217_3464558799247590794_n.jpg 526w\" sizes=\"auto, (max-width: 300px) 100vw, 300px\" \/><\/a><\/p>\n<p>&nbsp;<\/p>\n<p>&nbsp;<\/p>\n<hr \/>\n<p>&nbsp;<\/p>\n<h2><span style=\"color: #ff0000;\"><a class=\"dt-pswp-item\" href=\"https:\/\/www.radiopiu.net\/wordpress\/wp-content\/uploads\/2018\/09\/appuntamenti.jpeg\" data-dt-img-description=\"\" data-large_image_width=\"800\" data-large_image_height=\"100\"><img loading=\"lazy\" decoding=\"async\" class=\"wp-image-61958 size-full aligncenter\" src=\"https:\/\/www.radiopiu.net\/wordpress\/wp-content\/uploads\/2018\/09\/appuntamenti.jpeg\" alt=\"\" width=\"800\" height=\"100\" srcset=\"https:\/\/www.radiopiu.net\/wordpress\/wp-content\/uploads\/2018\/09\/appuntamenti.jpeg 800w, https:\/\/www.radiopiu.net\/wordpress\/wp-content\/uploads\/2018\/09\/appuntamenti-300x38.jpeg 300w, https:\/\/www.radiopiu.net\/wordpress\/wp-content\/uploads\/2018\/09\/appuntamenti-768x96.jpeg 768w\" sizes=\"auto, (max-width: 800px) 100vw, 800px\" \/><\/a><\/span><\/h2>\n<p>&nbsp;<\/p>\n<div>\n<div class=\"\" dir=\"auto\">\n<div id=\":r9h:\" class=\"x1iorvi4 x1pi30zi x1l90r2v x1swvt13\" data-ad-comet-preview=\"message\" data-ad-preview=\"message\">\n<div class=\"\" dir=\"auto\">\n<div id=\":r9h:\" class=\"x1iorvi4 x1pi30zi x1l90r2v x1swvt13\" data-ad-comet-preview=\"message\" data-ad-preview=\"message\">\n<div class=\"\" dir=\"auto\">\n<div id=\":r9h:\" class=\"x1iorvi4 x1pi30zi x1l90r2v x1swvt13\" data-ad-comet-preview=\"message\" data-ad-preview=\"message\">\n<div class=\"\" dir=\"auto\">\n<div id=\":r9h:\" class=\"x1iorvi4 x1pi30zi x1l90r2v x1swvt13\" data-ad-comet-preview=\"message\" data-ad-preview=\"message\">\n<div>\n<div class=\"\" dir=\"auto\">\n<div id=\":r9h:\" class=\"x1iorvi4 x1pi30zi x1l90r2v x1swvt13\" data-ad-comet-preview=\"message\" data-ad-preview=\"message\">\n<div>\n<div class=\"\" dir=\"auto\">\n<div id=\":r9h:\" class=\"x1iorvi4 x1pi30zi x1l90r2v x1swvt13\" data-ad-comet-preview=\"message\" data-ad-preview=\"message\">\n<div class=\"xdj266r x11i5rnm xat24cr x1mh8g0r x1vvkbs x126k92a\">\n<div dir=\"auto\"><\/div>\n<\/div>\n<div>\n<div class=\"\" dir=\"auto\">\n<div id=\":r9h:\" class=\"x1iorvi4 x1pi30zi x1l90r2v x1swvt13\" data-ad-comet-preview=\"message\" data-ad-preview=\"message\">\n<div>\n<div class=\"\" dir=\"auto\">\n<div id=\":r9h:\" class=\"x1iorvi4 x1pi30zi x1l90r2v x1swvt13\" data-ad-comet-preview=\"message\" data-ad-preview=\"message\">\n\n\t\t\t<style type='text\/css'>\n\t\t\t\t#gallery-4 {\n\t\t\t\t\tmargin: auto;\n\t\t\t\t}\n\t\t\t\t#gallery-4 .gallery-item {\n\t\t\t\t\tfloat: left;\n\t\t\t\t\tmargin-top: 10px;\n\t\t\t\t\ttext-align: center;\n\t\t\t\t\twidth: 25%;\n\t\t\t\t}\n\t\t\t\t#gallery-4 img {\n\t\t\t\t\tborder: 2px solid #cfcfcf;\n\t\t\t\t}\n\t\t\t\t#gallery-4 .gallery-caption {\n\t\t\t\t\tmargin-left: 0;\n\t\t\t\t}\n\t\t\t\t\/* see gallery_shortcode() in wp-includes\/media.php *\/\n\t\t\t<\/style>\n\t\t<div id='gallery-4' class='dt-gallery-container gallery galleryid-442933 gallery-columns-4 gallery-size-thumbnail'><dl class='gallery-item'>\n\t\t\t\t<dt class='gallery-icon portrait'>\n\t\t\t\t\t<a class=\"rollover rollover-zoom dt-pswp-item\" title=\"Senza nome\" data-dt-img-description=\"\" data-large_image_width=\"569\" data-large_image_height=\"801\"href='https:\/\/www.radiopiu.net\/wordpress\/wp-content\/uploads\/2025\/02\/Senza-nome-23.png'><img loading=\"lazy\" decoding=\"async\" width=\"150\" height=\"150\" src=\"https:\/\/www.radiopiu.net\/wordpress\/wp-content\/uploads\/2025\/02\/Senza-nome-23-150x150.png\" class=\"attachment-thumbnail size-thumbnail\" alt=\"\" \/><\/a>\n\t\t\t\t<\/dt><\/dl><dl class='gallery-item'>\n\t\t\t\t<dt class='gallery-icon portrait'>\n\t\t\t\t\t<a class=\"rollover rollover-zoom dt-pswp-item\" title=\"Screenshot\" data-dt-img-description=\"\" data-large_image_width=\"836\" data-large_image_height=\"1184\"href='https:\/\/www.radiopiu.net\/wordpress\/wp-content\/uploads\/2025\/03\/SCR-20250330-sbqg.jpeg'><img loading=\"lazy\" decoding=\"async\" width=\"150\" height=\"150\" src=\"https:\/\/www.radiopiu.net\/wordpress\/wp-content\/uploads\/2025\/03\/SCR-20250330-sbqg-150x150.jpeg\" class=\"attachment-thumbnail size-thumbnail\" alt=\"\" \/><\/a>\n\t\t\t\t<\/dt><\/dl><dl class='gallery-item'>\n\t\t\t\t<dt class='gallery-icon portrait'>\n\t\t\t\t\t<a class=\"rollover rollover-zoom dt-pswp-item\" title=\"Aprile\" data-dt-img-description=\"\" data-large_image_width=\"841\" data-large_image_height=\"1190\"href='https:\/\/www.radiopiu.net\/wordpress\/wp-content\/uploads\/2025\/03\/Aprile.jpg'><img loading=\"lazy\" decoding=\"async\" width=\"150\" height=\"150\" src=\"https:\/\/www.radiopiu.net\/wordpress\/wp-content\/uploads\/2025\/03\/Aprile-150x150.jpg\" class=\"attachment-thumbnail size-thumbnail\" alt=\"\" \/><\/a>\n\t\t\t\t<\/dt><\/dl><dl class='gallery-item'>\n\t\t\t\t<dt class='gallery-icon portrait'>\n\t\t\t\t\t<a class=\"rollover rollover-zoom dt-pswp-item\" title=\"wnEWMSHDfvy6\" data-dt-img-description=\"\" data-large_image_width=\"962\" data-large_image_height=\"1328\"href='https:\/\/www.radiopiu.net\/wordpress\/wp-content\/uploads\/2025\/03\/wnEWMSHDfvy6.jpg'><img loading=\"lazy\" decoding=\"async\" width=\"150\" height=\"150\" src=\"https:\/\/www.radiopiu.net\/wordpress\/wp-content\/uploads\/2025\/03\/wnEWMSHDfvy6-150x150.jpg\" class=\"attachment-thumbnail size-thumbnail\" alt=\"\" \/><\/a>\n\t\t\t\t<\/dt><\/dl><br style=\"clear: both\" \/><dl class='gallery-item'>\n\t\t\t\t<dt class='gallery-icon portrait'>\n\t\t\t\t\t<a class=\"rollover rollover-zoom dt-pswp-item\" title=\"Locandina posturale primavera 2025\" data-dt-img-description=\"\" data-large_image_width=\"1132\" data-large_image_height=\"1600\"href='https:\/\/www.radiopiu.net\/wordpress\/wp-content\/uploads\/2025\/03\/Locandina-posturale-primavera-2025.jpeg'><img loading=\"lazy\" decoding=\"async\" width=\"150\" height=\"150\" src=\"https:\/\/www.radiopiu.net\/wordpress\/wp-content\/uploads\/2025\/03\/Locandina-posturale-primavera-2025-150x150.jpeg\" class=\"attachment-thumbnail size-thumbnail\" alt=\"\" \/><\/a>\n\t\t\t\t<\/dt><\/dl><dl class='gallery-item'>\n\t\t\t\t<dt class='gallery-icon portrait'>\n\t\t\t\t\t<a class=\"rollover rollover-zoom dt-pswp-item\" title=\"Locandina Gardaland 19.05.2025\" data-dt-img-description=\"\" data-large_image_width=\"1131\" data-large_image_height=\"1600\"href='https:\/\/www.radiopiu.net\/wordpress\/wp-content\/uploads\/2025\/03\/Locandina-Gardaland-19.05.2025.jpeg'><img loading=\"lazy\" decoding=\"async\" width=\"150\" height=\"150\" src=\"https:\/\/www.radiopiu.net\/wordpress\/wp-content\/uploads\/2025\/03\/Locandina-Gardaland-19.05.2025-150x150.jpeg\" class=\"attachment-thumbnail size-thumbnail\" alt=\"\" \/><\/a>\n\t\t\t\t<\/dt><\/dl><dl class='gallery-item'>\n\t\t\t\t<dt class='gallery-icon portrait'>\n\t\t\t\t\t<a class=\"rollover rollover-zoom dt-pswp-item\" title=\"7f11fd7d-b9ad-4719-8f18-813d20b79cce\" data-dt-img-description=\"\" data-large_image_width=\"900\" data-large_image_height=\"1600\"href='https:\/\/www.radiopiu.net\/wordpress\/wp-content\/uploads\/2025\/04\/7f11fd7d-b9ad-4719-8f18-813d20b79cce.jpg'><img loading=\"lazy\" decoding=\"async\" width=\"150\" height=\"150\" src=\"https:\/\/www.radiopiu.net\/wordpress\/wp-content\/uploads\/2025\/04\/7f11fd7d-b9ad-4719-8f18-813d20b79cce-150x150.jpg\" class=\"attachment-thumbnail size-thumbnail\" alt=\"\" \/><\/a>\n\t\t\t\t<\/dt><\/dl><dl class='gallery-item'>\n\t\t\t\t<dt class='gallery-icon landscape'>\n\t\t\t\t\t<a class=\"rollover rollover-zoom dt-pswp-item\" title=\"Senza nome\" data-dt-img-description=\"\" data-large_image_width=\"753\" data-large_image_height=\"334\"href='https:\/\/www.radiopiu.net\/wordpress\/wp-content\/uploads\/2025\/04\/Senza-nome-2.png'><img loading=\"lazy\" decoding=\"async\" width=\"150\" height=\"150\" src=\"https:\/\/www.radiopiu.net\/wordpress\/wp-content\/uploads\/2025\/04\/Senza-nome-2-150x150.png\" class=\"attachment-thumbnail size-thumbnail\" alt=\"\" \/><\/a>\n\t\t\t\t<\/dt><\/dl><br style=\"clear: both\" \/><dl class='gallery-item'>\n\t\t\t\t<dt class='gallery-icon landscape'>\n\t\t\t\t\t<a class=\"rollover rollover-zoom dt-pswp-item\" title=\"Senza nome\" data-dt-img-description=\"\" data-large_image_width=\"551\" data-large_image_height=\"312\"href='https:\/\/www.radiopiu.net\/wordpress\/wp-content\/uploads\/2025\/04\/Senza-nome.png'><img loading=\"lazy\" decoding=\"async\" width=\"150\" height=\"150\" src=\"https:\/\/www.radiopiu.net\/wordpress\/wp-content\/uploads\/2025\/04\/Senza-nome-150x150.png\" class=\"attachment-thumbnail size-thumbnail\" alt=\"\" \/><\/a>\n\t\t\t\t<\/dt><\/dl>\n\t\t\t\t<br style='clear: both' \/>\n\t\t\t<\/div>\n\n<p>&nbsp;<\/p>\n<\/div>\n<\/div>\n<\/div>\n<\/div>\n<\/div>\n<\/div>\n<\/div>\n<\/div>\n<\/div>\n<\/div>\n<\/div>\n<\/div>\n<\/div>\n<\/div>\n<\/div>\n<\/div>\n<\/div>\n<\/div>\n<\/div>\n<\/div>\n<\/div>\n<div>\n<div class=\"\" dir=\"auto\">\n<div id=\":r9h:\" class=\"x1iorvi4 x1pi30zi x1l90r2v x1swvt13\" data-ad-comet-preview=\"message\" data-ad-preview=\"message\">\n<div class=\"\" dir=\"auto\">\n<div id=\":r9h:\" class=\"x1iorvi4 x1pi30zi x1l90r2v x1swvt13\" data-ad-comet-preview=\"message\" data-ad-preview=\"message\">\n<div class=\"\" dir=\"auto\">\n<div id=\":r9h:\" class=\"x1iorvi4 x1pi30zi x1l90r2v x1swvt13\" data-ad-comet-preview=\"message\" data-ad-preview=\"message\">\n<div class=\"\" dir=\"auto\">\n<div id=\":r9h:\" class=\"x1iorvi4 x1pi30zi x1l90r2v x1swvt13\" data-ad-comet-preview=\"message\" data-ad-preview=\"message\">\n<div>\n<div class=\"\" dir=\"auto\">\n<div id=\":r9h:\" class=\"x1iorvi4 x1pi30zi x1l90r2v x1swvt13\" data-ad-comet-preview=\"message\" data-ad-preview=\"message\">\n<div>\n<div class=\"\" dir=\"auto\">\n<div id=\":r9h:\" class=\"x1iorvi4 x1pi30zi x1l90r2v x1swvt13\" data-ad-comet-preview=\"message\" data-ad-preview=\"message\">\n<div class=\"xdj266r x11i5rnm xat24cr x1mh8g0r x1vvkbs x126k92a\">\n<div dir=\"auto\"><\/div>\n<\/div>\n<div>\n<div class=\"\" dir=\"auto\">\n<div id=\":r9h:\" class=\"x1iorvi4 x1pi30zi x1l90r2v x1swvt13\" data-ad-comet-preview=\"message\" data-ad-preview=\"message\">\n<div>\n<div class=\"\" dir=\"auto\">\n<div id=\":r9h:\" class=\"x1iorvi4 x1pi30zi x1l90r2v x1swvt13\" data-ad-comet-preview=\"message\" data-ad-preview=\"message\">\n<p>&nbsp;<\/p>\n<hr \/>\n<p>&nbsp;<\/p>\n<p>&nbsp;<\/p>\n<\/div>\n<\/div>\n<\/div>\n<\/div>\n<\/div>\n<\/div>\n<\/div>\n<\/div>\n<\/div>\n<\/div>\n<\/div>\n<\/div>\n<\/div>\n<\/div>\n<\/div>\n<\/div>\n<\/div>\n<\/div>\n<\/div>\n<\/div>\n<\/div>\n<p class=\"mceTemp\"><a class=\"dt-pswp-item\" href=\"https:\/\/www.radiopiu.net\/wordpress\/wp-content\/uploads\/2018\/09\/WhatsApp-Image-2018-09-20-at-16.04.06.jpeg\" data-dt-img-description=\"\" data-large_image_width=\"800\" data-large_image_height=\"100\"><img loading=\"lazy\" decoding=\"async\" class=\"wp-image-61378 size-full aligncenter\" src=\"https:\/\/www.radiopiu.net\/wordpress\/wp-content\/uploads\/2018\/09\/WhatsApp-Image-2018-09-20-at-16.04.06.jpeg\" alt=\"\" width=\"800\" height=\"100\" srcset=\"https:\/\/www.radiopiu.net\/wordpress\/wp-content\/uploads\/2018\/09\/WhatsApp-Image-2018-09-20-at-16.04.06.jpeg 800w, https:\/\/www.radiopiu.net\/wordpress\/wp-content\/uploads\/2018\/09\/WhatsApp-Image-2018-09-20-at-16.04.06-300x38.jpeg 300w, https:\/\/www.radiopiu.net\/wordpress\/wp-content\/uploads\/2018\/09\/WhatsApp-Image-2018-09-20-at-16.04.06-768x96.jpeg 768w\" sizes=\"auto, (max-width: 800px) 100vw, 800px\" \/><\/a><\/p>\n<p><center><\/center><center><\/center>&nbsp;<\/p>\n<p><center><b>OGGI<\/b><\/center><b>Tempo atteso: <\/b>Al mattino sole e cielo perlopi\u00f9 sereno, salvo qualche locale banco di nubi basse su alcuni settori delle Prealpi occidentali, ma saranno eccezioni. Al pomeriggio ancora in prevalenza soleggiato su Dolomiti, mentre la presenza di stratocumuli aumenter\u00e0 sulle Prealpi, specie quelle occidentali. Contesto termico simile a ieri.<br \/>\n<b>Precipitazioni: <\/b>Assenti<br \/>\n<b>Temperature: <\/b>Minime pressoch\u00e9 stazionarie in quota ed in calo nelle valli, massime senza variazioni di rilievo o in leggero aumento<\/p>\n<hr \/>\n<p><center><b>DOMANI<\/b><\/center><b>Tempo atteso: <\/b>Tempo ancora stabile con sole e cielo sereno fino al primo pomeriggio, poi lieve riduzione del soleggiamento per modesta attivit\u00e0 cumuliforme nelle ore pi\u00f9 calde, assieme alla comparsa di qualche stratocumulo a ridosso di alcuni rilievi, specie prealpini. Alla sera aumento della nuvolosit\u00e0. Contesto termico tende ad essere un po&#8217; pi\u00f9 primaverile.<br \/>\n<b>Precipitazioni: <\/b>Assenti<br \/>\n<b>Temperature: <\/b>In ulteriore generale lieve aumento.<\/p>\n<hr \/>\n<p><center><b>DOMENICA<\/b><\/center>Sulle Dolomiti in prevalenza soleggiato con cielo sereno al mattino e in parte velato al pomeriggio. Sulle Prealpi il soleggiamento sar\u00e0 minore per irregolare presenza di stratocumuli, i quali potrebbero avere un effetto assai impattante su alcuni settori, senza poter precisare dove ad oggi. Il contesto termico sar\u00e0 pi\u00f9 fresco con minime alla sera, ma sopratutto pi\u00f9 ventoso per ritorno del Foehn in alcune valli<\/p>\n<hr \/>\n<p><center><b>LUNEDI<\/b><\/center>Sole al mattino, mentre la nuvolosit\u00e0 sar\u00e0 pi\u00f9 presente e magari intensa al pomeriggio, almeno sulle Prealpi dove ci sar\u00e0 un lieve rischio di sporadici piovaschi, in tal caso qualche fiocco potrebbe cadere, gi\u00e0 a 900-1000 m. Temperature in forte calo, salvo locali rialzi delle minime nelle valli interessate dal favonio.<\/p>\n<p>&nbsp;<\/p>\n<p>&nbsp;<\/p>\n<hr \/>\n<p>&nbsp;<\/p>\n<p class=\"mceTemp\"><a class=\"dt-pswp-item\" href=\"https:\/\/www.radiopiu.net\/wordpress\/wp-content\/uploads\/2018\/09\/sport.jpg\" data-dt-img-description=\"\" data-large_image_width=\"800\" data-large_image_height=\"100\"><img loading=\"lazy\" decoding=\"async\" class=\"aligncenter wp-image-60761 size-full\" src=\"https:\/\/www.radiopiu.net\/wordpress\/wp-content\/uploads\/2018\/09\/sport.jpg\" alt=\"\" width=\"800\" height=\"100\" srcset=\"https:\/\/www.radiopiu.net\/wordpress\/wp-content\/uploads\/2018\/09\/sport.jpg 800w, https:\/\/www.radiopiu.net\/wordpress\/wp-content\/uploads\/2018\/09\/sport-300x38.jpg 300w, https:\/\/www.radiopiu.net\/wordpress\/wp-content\/uploads\/2018\/09\/sport-768x96.jpg 768w\" sizes=\"auto, (max-width: 800px) 100vw, 800px\" \/> <\/a><\/p>\n<p class=\"mceTemp\"><span style=\"color: #0000ff;\"><strong>\u00a0 \u00a0 \u00a0 \u00a0 \u00a0<\/strong><\/span><\/p>\n<p><span style=\"color: #0000ff;\"><strong>CORSA CAMPESTRE<\/strong><\/span><\/p>\n<blockquote>\n<h3>TUTTO PRONTO PER I CAMPIONATI ITALIANI CSI DI CORSA CAMPESTRE A MEL<\/h3>\n<\/blockquote>\n<p><a class=\"dt-pswp-item\" href=\"https:\/\/www.radiopiu.net\/wordpress\/wp-content\/uploads\/2018\/04\/CorsaCampestre059.jpg\" data-dt-img-description=\"\" data-large_image_width=\"1400\" data-large_image_height=\"905\"><img loading=\"lazy\" decoding=\"async\" class=\" wp-image-46004 alignleft\" src=\"https:\/\/www.radiopiu.net\/wordpress\/wp-content\/uploads\/2018\/04\/CorsaCampestre059-300x194.jpg\" alt=\"\" width=\"196\" height=\"127\" srcset=\"https:\/\/www.radiopiu.net\/wordpress\/wp-content\/uploads\/2018\/04\/CorsaCampestre059-300x194.jpg 300w, https:\/\/www.radiopiu.net\/wordpress\/wp-content\/uploads\/2018\/04\/CorsaCampestre059-768x496.jpg 768w, https:\/\/www.radiopiu.net\/wordpress\/wp-content\/uploads\/2018\/04\/CorsaCampestre059-1024x662.jpg 1024w, https:\/\/www.radiopiu.net\/wordpress\/wp-content\/uploads\/2018\/04\/CorsaCampestre059.jpg 1400w\" sizes=\"auto, (max-width: 196px) 100vw, 196px\" \/><\/a>Borgo Valbelluna ospiter\u00e0 i Campionati Italiani di Corsa Campestre CSI nel fine settimana, con oltre 1800 atleti e 139 squadre da tutta Italia. L\u2019evento, organizzato con il <em data-start=\"172\" data-end=\"188\">GS LaPiave2000<\/em>, si svolger\u00e0 nel suggestivo borgo di Mel, recentemente riconosciuto tra i &#8220;Borghi pi\u00f9 belli d&#8217;Italia&#8221;. Le gare principali si terranno sabato 5 aprile, seguite dalla <em data-start=\"354\" data-end=\"372\">Cena dell&#8217;Atleta<\/em> in collaborazione con la Pro Loco Zumellese. Domenica 6 aprile \u00e8 prevista una staffetta nel centro storico e una mostra mercato con prodotti locali. L\u2019Assessore allo Sport Hermann Beninc\u00e0 sottolinea l\u2019importanza dell\u2019evento per la comunit\u00e0 e il turismo, ringraziando i volontari e il <em data-start=\"657\" data-end=\"673\">GS LaPiave2000<\/em> per il loro impegno.<\/p>\n<p>&nbsp;<\/p>\n<blockquote>\n<h3 data-start=\"0\" data-end=\"47\"><strong data-start=\"0\" data-end=\"45\"><a class=\"dt-pswp-item\" href=\"https:\/\/www.radiopiu.net\/wordpress\/wp-content\/uploads\/2025\/04\/TrailLongane_2023_credito_Maurizio-Torri.jpg\" data-dt-img-description=\"\" data-large_image_width=\"1800\" data-large_image_height=\"1201\"><img loading=\"lazy\" decoding=\"async\" class=\"wp-image-443057 alignleft\" src=\"https:\/\/www.radiopiu.net\/wordpress\/wp-content\/uploads\/2025\/04\/TrailLongane_2023_credito_Maurizio-Torri-300x200.jpg\" alt=\"\" width=\"143\" height=\"95\" srcset=\"https:\/\/www.radiopiu.net\/wordpress\/wp-content\/uploads\/2025\/04\/TrailLongane_2023_credito_Maurizio-Torri-300x200.jpg 300w, https:\/\/www.radiopiu.net\/wordpress\/wp-content\/uploads\/2025\/04\/TrailLongane_2023_credito_Maurizio-Torri-1024x683.jpg 1024w, https:\/\/www.radiopiu.net\/wordpress\/wp-content\/uploads\/2025\/04\/TrailLongane_2023_credito_Maurizio-Torri-768x512.jpg 768w, https:\/\/www.radiopiu.net\/wordpress\/wp-content\/uploads\/2025\/04\/TrailLongane_2023_credito_Maurizio-Torri-1536x1025.jpg 1536w, https:\/\/www.radiopiu.net\/wordpress\/wp-content\/uploads\/2025\/04\/TrailLongane_2023_credito_Maurizio-Torri.jpg 1800w\" sizes=\"auto, (max-width: 143px) 100vw, 143px\" \/><\/a>IL 27 APRILE TORNA IL TRAIL DE LE LONGANE<\/strong><\/h3>\n<\/blockquote>\n<p class=\"\" data-start=\"49\" data-end=\"352\"><b>LOZZO DI CADORE <\/b>Si avvicina l&#8217;undicesima edizione del <strong data-start=\"125\" data-end=\"148\">Trail de le Longane<\/strong>, evento di trail running tra le Dolomiti Bellunesi. Oltre alla gara competitiva di <strong data-start=\"232\" data-end=\"271\">15 km con 1.100 metri di dislivello<\/strong>, \u00e8 confermata la prova non competitiva di <strong data-start=\"314\" data-end=\"322\" data-is-only-node=\"\">9 km<\/strong>, introdotta lo scorso anno. Il percorso, con partenza e arrivo in <strong data-start=\"392\" data-end=\"414\">piazza IV Novembre<\/strong>, attraverser\u00e0 zone suggestive come la <strong data-start=\"453\" data-end=\"474\">Roggia dei Mulini<\/strong>, la <strong data-start=\"479\" data-end=\"495\">Borgata Prou<\/strong> e il <strong data-start=\"501\" data-end=\"524\">Peron de le Longane<\/strong>, ispirato alla leggenda delle misteriose creature mitologiche. La gara partir\u00e0 alle <strong data-start=\"612\" data-end=\"620\">9:15<\/strong>, con premiazioni previste dalle <strong data-start=\"653\" data-end=\"662\">14:00<\/strong>. Iscrizioni online su <strong data-start=\"685\" data-end=\"713\"><a class=\"\" href=\"http:\/\/www.traildelelongane.com\" target=\"_new\" rel=\"noopener\" data-start=\"687\" data-end=\"711\">www.traildelelongane.com<\/a><\/strong>.<\/p>\n<p><span style=\"color: #0000ff;\"><strong>\u00a0\u00a0<\/strong><\/span><\/p>\n<p><span style=\"color: #0000ff;\"><strong>CALCIO A 5<\/strong><\/span><\/p>\n<blockquote>\n<h3><a class=\"dt-pswp-item\" href=\"https:\/\/www.radiopiu.net\/wordpress\/wp-content\/uploads\/2023\/11\/CANOTTIERI.jpg\" data-dt-img-description=\"\" data-large_image_width=\"568\" data-large_image_height=\"568\"><img loading=\"lazy\" decoding=\"async\" class=\" wp-image-363215 alignleft\" src=\"https:\/\/www.radiopiu.net\/wordpress\/wp-content\/uploads\/2023\/11\/CANOTTIERI-300x300.jpg\" alt=\"\" width=\"148\" height=\"148\" srcset=\"https:\/\/www.radiopiu.net\/wordpress\/wp-content\/uploads\/2023\/11\/CANOTTIERI-300x300.jpg 300w, https:\/\/www.radiopiu.net\/wordpress\/wp-content\/uploads\/2023\/11\/CANOTTIERI-150x150.jpg 150w, https:\/\/www.radiopiu.net\/wordpress\/wp-content\/uploads\/2023\/11\/CANOTTIERI.jpg 568w\" sizes=\"auto, (max-width: 148px) 100vw, 148px\" \/><\/a>IL PROGETTO DELLA CANOTTIERI BELLUNO<\/h3>\n<\/blockquote>\n<p><strong>DI BARBARA PAOLAZZI<\/strong><\/p>\n<audio class=\"wp-audio-shortcode\" id=\"audio-442933-14\" preload=\"none\" style=\"width: 100%;\" controls=\"controls\"><source type=\"audio\/mpeg\" src=\"https:\/\/www.radiopiu.net\/wordpress\/wp-content\/uploads\/2025\/04\/PAOLAZZI-CANOTTIERI-BELLUNO.mp3?_=14\" \/><a href=\"https:\/\/www.radiopiu.net\/wordpress\/wp-content\/uploads\/2025\/04\/PAOLAZZI-CANOTTIERI-BELLUNO.mp3\">https:\/\/www.radiopiu.net\/wordpress\/wp-content\/uploads\/2025\/04\/PAOLAZZI-CANOTTIERI-BELLUNO.mp3<\/a><\/audio>\n<p>&nbsp;<\/p>\n<p>&nbsp;<\/p>\n<p>&nbsp;<\/p>\n<p>&nbsp;<\/p>\n<p>&nbsp;<\/p>\n<p>__<\/p>\n","protected":false},"excerpt":{"rendered":"<p>****** &nbsp; &nbsp; LA\u00a0 APP PER IOS-IPHONE di Nicola Vettorello https:\/\/apps.apple.com\/it\/app\/radio-pi%C3%B9-emittente-agordina\/id1515939845 LA\u00a0 APP RADIO\u00a0 PER ANDROID di Nicola Vettorello https:\/\/play.google.com\/store\/apps\/details?id=net.radiopiu.iniko\u00a0\u00a0\u00a0\u00a0 &nbsp; &nbsp; &nbsp; \u00a0 &nbsp; OGGI \u00a0\u00a0 \u00a009.00\u00a0 le novit\u00e0 musicali, di Marco Gaz, la musica nuova direttamente dalle case discografiche\u00a0 9.40 OTTANTA MUSICA, le selzioni di Monica Fontanive\u00a0 10.10 musla, le nove in Ladin&hellip;<\/p>\n","protected":false},"author":4,"featured_media":443059,"comment_status":"closed","ping_status":"closed","sticky":false,"template":"","format":"standard","meta":{"_monsterinsights_skip_tracking":false,"_monsterinsights_sitenote_active":false,"_monsterinsights_sitenote_note":"","_monsterinsights_sitenote_category":0,"footnotes":""},"categories":[51,86,49],"tags":[],"class_list":["post-442933","post","type-post","status-publish","format-standard","has-post-thumbnail","hentry","category-evidenza-top","category-gr","category-news-18","category-51","category-86","category-49","description-off"],"img_url":"https:\/\/www.radiopiu.net\/wordpress\/wp-content\/uploads\/2025\/04\/b0a2ed5d-1135-488a-b2d1-dfd393ba78bb.jpg","_links":{"self":[{"href":"https:\/\/www.radiopiu.net\/wordpress\/wp-json\/wp\/v2\/posts\/442933","targetHints":{"allow":["GET"]}}],"collection":[{"href":"https:\/\/www.radiopiu.net\/wordpress\/wp-json\/wp\/v2\/posts"}],"about":[{"href":"https:\/\/www.radiopiu.net\/wordpress\/wp-json\/wp\/v2\/types\/post"}],"author":[{"embeddable":true,"href":"https:\/\/www.radiopiu.net\/wordpress\/wp-json\/wp\/v2\/users\/4"}],"replies":[{"embeddable":true,"href":"https:\/\/www.radiopiu.net\/wordpress\/wp-json\/wp\/v2\/comments?post=442933"}],"version-history":[{"count":27,"href":"https:\/\/www.radiopiu.net\/wordpress\/wp-json\/wp\/v2\/posts\/442933\/revisions"}],"predecessor-version":[{"id":443189,"href":"https:\/\/www.radiopiu.net\/wordpress\/wp-json\/wp\/v2\/posts\/442933\/revisions\/443189"}],"wp:featuredmedia":[{"embeddable":true,"href":"https:\/\/www.radiopiu.net\/wordpress\/wp-json\/wp\/v2\/media\/443059"}],"wp:attachment":[{"href":"https:\/\/www.radiopiu.net\/wordpress\/wp-json\/wp\/v2\/media?parent=442933"}],"wp:term":[{"taxonomy":"category","embeddable":true,"href":"https:\/\/www.radiopiu.net\/wordpress\/wp-json\/wp\/v2\/categories?post=442933"},{"taxonomy":"post_tag","embeddable":true,"href":"https:\/\/www.radiopiu.net\/wordpress\/wp-json\/wp\/v2\/tags?post=442933"}],"curies":[{"name":"wp","href":"https:\/\/api.w.org\/{rel}","templated":true}]}}