{"id":443058,"date":"2025-04-04T05:35:54","date_gmt":"2025-04-04T03:35:54","guid":{"rendered":"https:\/\/www.radiopiu.net\/wordpress\/?p=443058"},"modified":"2025-04-04T05:39:47","modified_gmt":"2025-04-04T03:39:47","slug":"scontro-frontale-sul-ponte-due-feriti","status":"publish","type":"post","link":"https:\/\/www.radiopiu.net\/wordpress\/scontro-frontale-sul-ponte-due-feriti\/","title":{"rendered":"SCONTRO FRONTALE SUL PONTE. DUE FERITI"},"content":{"rendered":"<p>***<\/p>\n<p><strong>SANTA GIUSTINA <\/strong>Ieri alle 13:40, un incidente frontale sul ponte di Bribano (Sedico) ha causato il ferimento lieve di un 60enne e pesanti disagi alla viabilit\u00e0 sulla destra Piave. La collisione \u00e8 avvenuta tra una Panda, diretta a Belluno, e un pick-up che viaggiava in senso opposto. La Panda ha invaso la corsia opposta, forse a causa di un malore del conducente. Sul posto sono intervenuti i vigili del fuoco di Belluno per la messa in sicurezza e i sanitari, che hanno trasportato il ferito all\u2019ospedale Santa Maria del Prato di Feltre. Il traffico \u00e8 rimasto bloccato per oltre due ore, con lunghe code in entrambe le direzioni e l\u2019istituzione di un senso unico alternato.<\/p>\n<p><strong>SEDICO\u00a0<\/strong>Alle 16 un altro incidente sulla SR 203 Agordina tra Peron e Mas dove un&#8217;auto \u00e8 uscita di strada. Una donna di 53 anni \u00e8 rimasta ferita lievemente ed \u00e8 stata portata al San Martino di Belluno per le cure del caso.<\/p>\n<p>&nbsp;<\/p>\n\n\t\t\t<style type='text\/css'>\n\t\t\t\t#gallery-1 {\n\t\t\t\t\tmargin: auto;\n\t\t\t\t}\n\t\t\t\t#gallery-1 .gallery-item {\n\t\t\t\t\tfloat: left;\n\t\t\t\t\tmargin-top: 10px;\n\t\t\t\t\ttext-align: center;\n\t\t\t\t\twidth: 50%;\n\t\t\t\t}\n\t\t\t\t#gallery-1 img {\n\t\t\t\t\tborder: 2px solid #cfcfcf;\n\t\t\t\t}\n\t\t\t\t#gallery-1 .gallery-caption {\n\t\t\t\t\tmargin-left: 0;\n\t\t\t\t}\n\t\t\t\t\/* see gallery_shortcode() in wp-includes\/media.php *\/\n\t\t\t<\/style>\n\t\t<div id='gallery-1' class='dt-gallery-container gallery galleryid-443058 gallery-columns-2 gallery-size-medium'><dl class='gallery-item'>\n\t\t\t\t<dt class='gallery-icon landscape'>\n\t\t\t\t\t<a class=\"rollover rollover-zoom dt-pswp-item\" title=\"b0a2ed5d-1135-488a-b2d1-dfd393ba78bb\" data-dt-img-description=\"\" data-large_image_width=\"2048\" data-large_image_height=\"1536\"href='https:\/\/www.radiopiu.net\/wordpress\/wp-content\/uploads\/2025\/04\/b0a2ed5d-1135-488a-b2d1-dfd393ba78bb.jpg'><img loading=\"lazy\" decoding=\"async\" width=\"300\" height=\"225\" src=\"https:\/\/www.radiopiu.net\/wordpress\/wp-content\/uploads\/2025\/04\/b0a2ed5d-1135-488a-b2d1-dfd393ba78bb-300x225.jpg\" class=\"attachment-medium size-medium\" alt=\"\" srcset=\"https:\/\/www.radiopiu.net\/wordpress\/wp-content\/uploads\/2025\/04\/b0a2ed5d-1135-488a-b2d1-dfd393ba78bb-300x225.jpg 300w, https:\/\/www.radiopiu.net\/wordpress\/wp-content\/uploads\/2025\/04\/b0a2ed5d-1135-488a-b2d1-dfd393ba78bb-1024x768.jpg 1024w, https:\/\/www.radiopiu.net\/wordpress\/wp-content\/uploads\/2025\/04\/b0a2ed5d-1135-488a-b2d1-dfd393ba78bb-768x576.jpg 768w, https:\/\/www.radiopiu.net\/wordpress\/wp-content\/uploads\/2025\/04\/b0a2ed5d-1135-488a-b2d1-dfd393ba78bb-1536x1152.jpg 1536w, https:\/\/www.radiopiu.net\/wordpress\/wp-content\/uploads\/2025\/04\/b0a2ed5d-1135-488a-b2d1-dfd393ba78bb.jpg 2048w\" sizes=\"auto, (max-width: 300px) 100vw, 300px\" \/><\/a>\n\t\t\t\t<\/dt><\/dl><dl class='gallery-item'>\n\t\t\t\t<dt class='gallery-icon landscape'>\n\t\t\t\t\t<a class=\"rollover rollover-zoom dt-pswp-item\" title=\"Senza nome\" data-dt-img-description=\"\" data-large_image_width=\"775\" data-large_image_height=\"479\"href='https:\/\/www.radiopiu.net\/wordpress\/wp-content\/uploads\/2025\/04\/Senza-nome-16.png'><img loading=\"lazy\" decoding=\"async\" width=\"300\" height=\"185\" src=\"https:\/\/www.radiopiu.net\/wordpress\/wp-content\/uploads\/2025\/04\/Senza-nome-16-300x185.png\" class=\"attachment-medium size-medium\" alt=\"\" srcset=\"https:\/\/www.radiopiu.net\/wordpress\/wp-content\/uploads\/2025\/04\/Senza-nome-16-300x185.png 300w, https:\/\/www.radiopiu.net\/wordpress\/wp-content\/uploads\/2025\/04\/Senza-nome-16-768x475.png 768w, https:\/\/www.radiopiu.net\/wordpress\/wp-content\/uploads\/2025\/04\/Senza-nome-16.png 775w\" sizes=\"auto, (max-width: 300px) 100vw, 300px\" \/><\/a>\n\t\t\t\t<\/dt><\/dl><br style=\"clear: both\" \/>\n\t\t\t<\/div>\n\n<p>&nbsp;<\/p>\n<p>&nbsp;<\/p>\n<p>*********<\/p>\n","protected":false},"excerpt":{"rendered":"<p>*** SANTA GIUSTINA Ieri alle 13:40, un incidente frontale sul ponte di Bribano (Sedico) ha causato il ferimento lieve di un 60enne e pesanti disagi alla viabilit\u00e0 sulla destra Piave. La collisione \u00e8 avvenuta tra una Panda, diretta a Belluno, e un pick-up che viaggiava in senso opposto. La Panda ha invaso la corsia opposta,&hellip;<\/p>\n","protected":false},"author":4,"featured_media":443060,"comment_status":"closed","ping_status":"closed","sticky":false,"template":"","format":"standard","meta":{"_monsterinsights_skip_tracking":false,"_monsterinsights_sitenote_active":false,"_monsterinsights_sitenote_note":"","_monsterinsights_sitenote_category":0,"footnotes":""},"categories":[51,49],"tags":[],"class_list":["post-443058","post","type-post","status-publish","format-standard","has-post-thumbnail","hentry","category-evidenza-top","category-news-18","category-51","category-49","description-off"],"img_url":"https:\/\/www.radiopiu.net\/wordpress\/wp-content\/uploads\/2025\/04\/Senza-nome-16.png","_links":{"self":[{"href":"https:\/\/www.radiopiu.net\/wordpress\/wp-json\/wp\/v2\/posts\/443058","targetHints":{"allow":["GET"]}}],"collection":[{"href":"https:\/\/www.radiopiu.net\/wordpress\/wp-json\/wp\/v2\/posts"}],"about":[{"href":"https:\/\/www.radiopiu.net\/wordpress\/wp-json\/wp\/v2\/types\/post"}],"author":[{"embeddable":true,"href":"https:\/\/www.radiopiu.net\/wordpress\/wp-json\/wp\/v2\/users\/4"}],"replies":[{"embeddable":true,"href":"https:\/\/www.radiopiu.net\/wordpress\/wp-json\/wp\/v2\/comments?post=443058"}],"version-history":[{"count":5,"href":"https:\/\/www.radiopiu.net\/wordpress\/wp-json\/wp\/v2\/posts\/443058\/revisions"}],"predecessor-version":[{"id":443140,"href":"https:\/\/www.radiopiu.net\/wordpress\/wp-json\/wp\/v2\/posts\/443058\/revisions\/443140"}],"wp:featuredmedia":[{"embeddable":true,"href":"https:\/\/www.radiopiu.net\/wordpress\/wp-json\/wp\/v2\/media\/443060"}],"wp:attachment":[{"href":"https:\/\/www.radiopiu.net\/wordpress\/wp-json\/wp\/v2\/media?parent=443058"}],"wp:term":[{"taxonomy":"category","embeddable":true,"href":"https:\/\/www.radiopiu.net\/wordpress\/wp-json\/wp\/v2\/categories?post=443058"},{"taxonomy":"post_tag","embeddable":true,"href":"https:\/\/www.radiopiu.net\/wordpress\/wp-json\/wp\/v2\/tags?post=443058"}],"curies":[{"name":"wp","href":"https:\/\/api.w.org\/{rel}","templated":true}]}}