{"id":443063,"date":"2025-04-04T05:23:07","date_gmt":"2025-04-04T03:23:07","guid":{"rendered":"https:\/\/www.radiopiu.net\/wordpress\/?p=443063"},"modified":"2025-04-04T05:42:12","modified_gmt":"2025-04-04T03:42:12","slug":"lo-scambio-belluno-catalogna-raggiunge-le-dolomiti","status":"publish","type":"post","link":"https:\/\/www.radiopiu.net\/wordpress\/lo-scambio-belluno-catalogna-raggiunge-le-dolomiti\/","title":{"rendered":"LO SCAMBIO BELLUNO-CATALOGNA RAGGIUNGE LE DOLOMITI"},"content":{"rendered":"<p>**<\/p>\n<p>BELLUNO<\/p>\n<p class=\"\" data-start=\"58\" data-end=\"646\">Continua lo scambio culturale tra gli studenti dei Licei \u00abGalilei-Tiziano\u00bb di Belluno e quelli della scuola catalana \u00abEl Pilar\u00bb di Premi\u00e0 de Mar (Barcellona), nell&#8217;ambito del programma Erasmus KA122. Durante questa settimana, i giovani sono coinvolti in attivit\u00e0 dedicate alla sostenibilit\u00e0 ambientale, con una serie di visite ed escursioni nelle Dolomiti. Mercoled\u00ec, hanno esplorato il patrimonio naturale con la guida della Fondazione Dolomiti UNESCO e del geologo Franco Fiamoi. Gli studenti hanno visitato il Rifugio Citt\u00e0 di Fiume e il Museo \u00abVittorino Cazzetta\u00bb di Selva di Cadore.<\/p>\n<p class=\"\" data-start=\"648\" data-end=\"1160\">L&#8217;iniziativa \u00e8 iniziata con una visita all&#8217;Universit\u00e0 Ca&#8217; Foscari di Venezia, dove sono stati introdotti alle buone pratiche ambientali. Marted\u00ec, hanno partecipato a un workshop sullo spreco alimentare, organizzato da Europe Direct Montagna Veneta e CSV Belluno-Treviso, seguito dai saluti del Presidente della Provincia di Belluno. Oggi, l&#8217;attenzione si concentra sull\u2019esperienza del Comune di Ponte Nelle Alpi nella gestione dei rifiuti, e venerd\u00ec ci sar\u00e0 un incontro con l&#8217;Amministrazione Comunale di Belluno.<\/p>\n<p class=\"\" data-start=\"1162\" data-end=\"1396\">L&#8217;iniziativa, curata da Luigina Ricchio, mira a rafforzare le competenze linguistiche e la consapevolezza dei giovani sul valore della cittadinanza europea, con particolare enfasi sulla sostenibilit\u00e0 in un contesto di crisi climatica.<\/p>\n\n\t\t\t<style type='text\/css'>\n\t\t\t\t#gallery-1 {\n\t\t\t\t\tmargin: auto;\n\t\t\t\t}\n\t\t\t\t#gallery-1 .gallery-item {\n\t\t\t\t\tfloat: left;\n\t\t\t\t\tmargin-top: 10px;\n\t\t\t\t\ttext-align: center;\n\t\t\t\t\twidth: 33%;\n\t\t\t\t}\n\t\t\t\t#gallery-1 img {\n\t\t\t\t\tborder: 2px solid #cfcfcf;\n\t\t\t\t}\n\t\t\t\t#gallery-1 .gallery-caption {\n\t\t\t\t\tmargin-left: 0;\n\t\t\t\t}\n\t\t\t\t\/* see gallery_shortcode() in wp-includes\/media.php *\/\n\t\t\t<\/style>\n\t\t<div id='gallery-1' class='dt-gallery-container gallery galleryid-443063 gallery-columns-3 gallery-size-thumbnail'><dl class='gallery-item'>\n\t\t\t\t<dt class='gallery-icon landscape'>\n\t\t\t\t\t<a class=\"rollover rollover-zoom dt-pswp-item\" title=\"Erasmus KA Secondo giorno (2)\" data-dt-img-description=\"\" data-large_image_width=\"2000\" data-large_image_height=\"1500\"href='https:\/\/www.radiopiu.net\/wordpress\/wp-content\/uploads\/2025\/04\/Erasmus-KA-Secondo-giorno-2.jpeg'><img loading=\"lazy\" decoding=\"async\" width=\"150\" height=\"150\" src=\"https:\/\/www.radiopiu.net\/wordpress\/wp-content\/uploads\/2025\/04\/Erasmus-KA-Secondo-giorno-2-150x150.jpeg\" class=\"attachment-thumbnail size-thumbnail\" alt=\"\" \/><\/a>\n\t\t\t\t<\/dt><\/dl><dl class='gallery-item'>\n\t\t\t\t<dt class='gallery-icon landscape'>\n\t\t\t\t\t<a class=\"rollover rollover-zoom dt-pswp-item\" title=\"Erasmus KA Terzo Giorno (1)\" data-dt-img-description=\"\" data-large_image_width=\"1600\" data-large_image_height=\"1200\"href='https:\/\/www.radiopiu.net\/wordpress\/wp-content\/uploads\/2025\/04\/Erasmus-KA-Terzo-Giorno-1.jpeg'><img loading=\"lazy\" decoding=\"async\" width=\"150\" height=\"150\" src=\"https:\/\/www.radiopiu.net\/wordpress\/wp-content\/uploads\/2025\/04\/Erasmus-KA-Terzo-Giorno-1-150x150.jpeg\" class=\"attachment-thumbnail size-thumbnail\" alt=\"\" \/><\/a>\n\t\t\t\t<\/dt><\/dl><dl class='gallery-item'>\n\t\t\t\t<dt class='gallery-icon landscape'>\n\t\t\t\t\t<a class=\"rollover rollover-zoom dt-pswp-item\" title=\"Erasmus KA Secondo giorno (1)\" data-dt-img-description=\"\" data-large_image_width=\"2000\" data-large_image_height=\"1500\"href='https:\/\/www.radiopiu.net\/wordpress\/wp-content\/uploads\/2025\/04\/Erasmus-KA-Secondo-giorno-1.jpeg'><img loading=\"lazy\" decoding=\"async\" width=\"150\" height=\"150\" src=\"https:\/\/www.radiopiu.net\/wordpress\/wp-content\/uploads\/2025\/04\/Erasmus-KA-Secondo-giorno-1-150x150.jpeg\" class=\"attachment-thumbnail size-thumbnail\" alt=\"\" \/><\/a>\n\t\t\t\t<\/dt><\/dl><br style=\"clear: both\" \/>\n\t\t\t<\/div>\n\n<p data-start=\"1162\" data-end=\"1396\">\n<p data-start=\"1162\" data-end=\"1396\">__<\/p>\n","protected":false},"excerpt":{"rendered":"<p>** BELLUNO Continua lo scambio culturale tra gli studenti dei Licei \u00abGalilei-Tiziano\u00bb di Belluno e quelli della scuola catalana \u00abEl Pilar\u00bb di Premi\u00e0 de Mar (Barcellona), nell&#8217;ambito del programma Erasmus KA122. Durante questa settimana, i giovani sono coinvolti in attivit\u00e0 dedicate alla sostenibilit\u00e0 ambientale, con una serie di visite ed escursioni nelle Dolomiti. Mercoled\u00ec, hanno&hellip;<\/p>\n","protected":false},"author":4,"featured_media":443066,"comment_status":"closed","ping_status":"closed","sticky":false,"template":"","format":"standard","meta":{"_monsterinsights_skip_tracking":false,"_monsterinsights_sitenote_active":false,"_monsterinsights_sitenote_note":"","_monsterinsights_sitenote_category":0,"footnotes":""},"categories":[104,49],"tags":[],"class_list":["post-443063","post","type-post","status-publish","format-standard","has-post-thumbnail","hentry","category-evidenza_3","category-news-18","category-104","category-49","description-off"],"img_url":"https:\/\/www.radiopiu.net\/wordpress\/wp-content\/uploads\/2025\/04\/Erasmus-KA-Secondo-giorno-1.jpeg","_links":{"self":[{"href":"https:\/\/www.radiopiu.net\/wordpress\/wp-json\/wp\/v2\/posts\/443063","targetHints":{"allow":["GET"]}}],"collection":[{"href":"https:\/\/www.radiopiu.net\/wordpress\/wp-json\/wp\/v2\/posts"}],"about":[{"href":"https:\/\/www.radiopiu.net\/wordpress\/wp-json\/wp\/v2\/types\/post"}],"author":[{"embeddable":true,"href":"https:\/\/www.radiopiu.net\/wordpress\/wp-json\/wp\/v2\/users\/4"}],"replies":[{"embeddable":true,"href":"https:\/\/www.radiopiu.net\/wordpress\/wp-json\/wp\/v2\/comments?post=443063"}],"version-history":[{"count":1,"href":"https:\/\/www.radiopiu.net\/wordpress\/wp-json\/wp\/v2\/posts\/443063\/revisions"}],"predecessor-version":[{"id":443067,"href":"https:\/\/www.radiopiu.net\/wordpress\/wp-json\/wp\/v2\/posts\/443063\/revisions\/443067"}],"wp:featuredmedia":[{"embeddable":true,"href":"https:\/\/www.radiopiu.net\/wordpress\/wp-json\/wp\/v2\/media\/443066"}],"wp:attachment":[{"href":"https:\/\/www.radiopiu.net\/wordpress\/wp-json\/wp\/v2\/media?parent=443063"}],"wp:term":[{"taxonomy":"category","embeddable":true,"href":"https:\/\/www.radiopiu.net\/wordpress\/wp-json\/wp\/v2\/categories?post=443063"},{"taxonomy":"post_tag","embeddable":true,"href":"https:\/\/www.radiopiu.net\/wordpress\/wp-json\/wp\/v2\/tags?post=443063"}],"curies":[{"name":"wp","href":"https:\/\/api.w.org\/{rel}","templated":true}]}}