{"id":443069,"date":"2025-04-04T05:27:58","date_gmt":"2025-04-04T03:27:58","guid":{"rendered":"https:\/\/www.radiopiu.net\/wordpress\/?p=443069"},"modified":"2025-04-04T05:42:01","modified_gmt":"2025-04-04T03:42:01","slug":"siamo-unopera-darte-campagna-di-sensibilizzazione-su-incontinenza-e-stomia-ad-agordo","status":"publish","type":"post","link":"https:\/\/www.radiopiu.net\/wordpress\/siamo-unopera-darte-campagna-di-sensibilizzazione-su-incontinenza-e-stomia-ad-agordo\/","title":{"rendered":"&#8220;SIAMO UN&#8217;OPERA D&#8217;ARTE&#8221;: CAMPAGNA DI SENSIBILIZZAZIONE SU INCONTINENZA E STOMIA AD AGORDO"},"content":{"rendered":"<p>**<\/p>\n<p><strong>AGORDO<\/strong><\/p>\n<p class=\"\" data-start=\"149\" data-end=\"572\"><a class=\"dt-pswp-item\" href=\"https:\/\/www.radiopiu.net\/wordpress\/wp-content\/uploads\/2025\/04\/b2acf1bc-fd73-4527-a07e-06bc91660878.jpg\" data-dt-img-description=\"\" data-large_image_width=\"2048\" data-large_image_height=\"1152\"><img loading=\"lazy\" decoding=\"async\" class=\"size-medium wp-image-443071 alignleft\" src=\"https:\/\/www.radiopiu.net\/wordpress\/wp-content\/uploads\/2025\/04\/b2acf1bc-fd73-4527-a07e-06bc91660878-300x169.jpg\" alt=\"\" width=\"300\" height=\"169\" srcset=\"https:\/\/www.radiopiu.net\/wordpress\/wp-content\/uploads\/2025\/04\/b2acf1bc-fd73-4527-a07e-06bc91660878-300x169.jpg 300w, https:\/\/www.radiopiu.net\/wordpress\/wp-content\/uploads\/2025\/04\/b2acf1bc-fd73-4527-a07e-06bc91660878-1024x576.jpg 1024w, https:\/\/www.radiopiu.net\/wordpress\/wp-content\/uploads\/2025\/04\/b2acf1bc-fd73-4527-a07e-06bc91660878-768x432.jpg 768w, https:\/\/www.radiopiu.net\/wordpress\/wp-content\/uploads\/2025\/04\/b2acf1bc-fd73-4527-a07e-06bc91660878-1536x864.jpg 1536w, https:\/\/www.radiopiu.net\/wordpress\/wp-content\/uploads\/2025\/04\/b2acf1bc-fd73-4527-a07e-06bc91660878.jpg 2048w\" sizes=\"auto, (max-width: 300px) 100vw, 300px\" \/><\/a>Oggi, presso l\u2019Ospedale Giovanni Paolo I di Agordo, si \u00e8 svolto un evento significativo organizzato dall\u2019<strong data-start=\"254\" data-end=\"291\">Associazione AIS Dolomiti Belluno<\/strong><span data-start=\"254\" data-end=\"291\">&#8211;<\/span><strong data-start=\"299\" data-end=\"343\">Incontinenti Stomizzati ODV<\/strong>. L&#8217;iniziativa, dal titolo <strong data-start=\"370\" data-end=\"397\">\u201cSiamo un\u2019opera d\u2019arte\u201d<\/strong>,\u00a0 ha visto la partecipazione attiva dei cittadini per sensibilizzare e informare il pubblico sui temi della stomia e dell\u2019incontinenza. L\u2019incontinenza e la stomia sono condizioni che spesso non vengono comprese appieno e l\u2019obiettivo dell\u2019evento \u00e8 stato proprio quello di abbattere i pregiudizi e offrire informazioni utili per migliorare la qualit\u00e0 della vita delle persone che affrontano queste problematiche. L&#8217;evento ha previsto una serie di attivit\u00e0 informative e di sensibilizzazione, con materiale divulgativo e la possibilit\u00e0 di porre domande a esperti del settore.<\/p>\n<h3 class=\"\" data-start=\"1027\" data-end=\"1066\">L&#8217;Associazione AIS Dolomiti Belluno<\/h3>\n<p class=\"\" data-start=\"1067\" data-end=\"1495\">L&#8217;Associazione AIS Dolomiti Belluno si occupa di supportare e promuovere iniziative che riguardano la salute e il benessere dei cittadini in ambito locale, con un&#8217;attenzione particolare alle necessit\u00e0 delle persone affette da disabilit\u00e0 o da patologie croniche. Con il suo impegno costante, l&#8217;Associazione contribuisce a sensibilizzare la comunit\u00e0 su temi fondamentali, come la cura e il supporto alle persone in difficolt\u00e0.<\/p>\n<h3 class=\"\" data-start=\"1497\" data-end=\"1543\"><a class=\"dt-pswp-item\" href=\"https:\/\/www.radiopiu.net\/wordpress\/wp-content\/uploads\/2025\/04\/03671919-0524-4dac-ba07-875b42e30095.jpg\" data-dt-img-description=\"\" data-large_image_width=\"2048\" data-large_image_height=\"1152\"><img loading=\"lazy\" decoding=\"async\" class=\"size-medium wp-image-443070 alignleft\" src=\"https:\/\/www.radiopiu.net\/wordpress\/wp-content\/uploads\/2025\/04\/03671919-0524-4dac-ba07-875b42e30095-300x169.jpg\" alt=\"\" width=\"300\" height=\"169\" srcset=\"https:\/\/www.radiopiu.net\/wordpress\/wp-content\/uploads\/2025\/04\/03671919-0524-4dac-ba07-875b42e30095-300x169.jpg 300w, https:\/\/www.radiopiu.net\/wordpress\/wp-content\/uploads\/2025\/04\/03671919-0524-4dac-ba07-875b42e30095-1024x576.jpg 1024w, https:\/\/www.radiopiu.net\/wordpress\/wp-content\/uploads\/2025\/04\/03671919-0524-4dac-ba07-875b42e30095-768x432.jpg 768w, https:\/\/www.radiopiu.net\/wordpress\/wp-content\/uploads\/2025\/04\/03671919-0524-4dac-ba07-875b42e30095-1536x864.jpg 1536w, https:\/\/www.radiopiu.net\/wordpress\/wp-content\/uploads\/2025\/04\/03671919-0524-4dac-ba07-875b42e30095.jpg 2048w\" sizes=\"auto, (max-width: 300px) 100vw, 300px\" \/><\/a>L&#8217;Associazione Incontinenti Stomizzati ODV<\/h3>\n<p class=\"\" data-start=\"1544\" data-end=\"1983\">Fondata per dare voce a chi vive con la stomia o con l\u2019incontinenza, l&#8217;Associazione Incontinenti Stomizzati ODV offre un importante supporto a livello nazionale per le persone che si trovano a dover gestire queste condizioni. La sua missione \u00e8 quella di garantire informazione, supporto psicologico e pratico, e migliorare la qualit\u00e0 della vita dei pazienti attraverso attivit\u00e0 di sensibilizzazione e programmi di educazione sanitaria.<\/p>\n<p class=\"\" data-start=\"1985\" data-end=\"2476\">La campagna di oggi, con la sua originale visione &#8220;Siamo un\u2019opera d\u2019arte&#8221;, ha avuto come obiettivo non solo quello di fornire informazioni, ma anche di cambiare il modo in cui la societ\u00e0 guarda le persone che affrontano queste sfide quotidiane. Utilizzare l&#8217;arte come simbolo di resilienza e bellezza per coloro che vivono con la stomia e l&#8217;incontinenza \u00e8 stato un gesto simbolico forte, che ha invitato tutti i partecipanti a riflettere sull&#8217;importanza di accettazione e supporto reciproco.<\/p>\n<p data-start=\"1985\" data-end=\"2476\">MirkoMezzacasa<\/p>\n<hr \/>\n<p data-start=\"1985\" data-end=\"2476\">\n","protected":false},"excerpt":{"rendered":"<p>** AGORDO Oggi, presso l\u2019Ospedale Giovanni Paolo I di Agordo, si \u00e8 svolto un evento significativo organizzato dall\u2019Associazione AIS Dolomiti Belluno&#8211;Incontinenti Stomizzati ODV. L&#8217;iniziativa, dal titolo \u201cSiamo un\u2019opera d\u2019arte\u201d,\u00a0 ha visto la partecipazione attiva dei cittadini per sensibilizzare e informare il pubblico sui temi della stomia e dell\u2019incontinenza. L\u2019incontinenza e la stomia sono condizioni che&hellip;<\/p>\n","protected":false},"author":4,"featured_media":443070,"comment_status":"closed","ping_status":"closed","sticky":false,"template":"","format":"standard","meta":{"_monsterinsights_skip_tracking":false,"_monsterinsights_sitenote_active":false,"_monsterinsights_sitenote_note":"","_monsterinsights_sitenote_category":0,"footnotes":""},"categories":[51,49],"tags":[],"class_list":["post-443069","post","type-post","status-publish","format-standard","has-post-thumbnail","hentry","category-evidenza-top","category-news-18","category-51","category-49","description-off"],"img_url":"https:\/\/www.radiopiu.net\/wordpress\/wp-content\/uploads\/2025\/04\/03671919-0524-4dac-ba07-875b42e30095.jpg","_links":{"self":[{"href":"https:\/\/www.radiopiu.net\/wordpress\/wp-json\/wp\/v2\/posts\/443069","targetHints":{"allow":["GET"]}}],"collection":[{"href":"https:\/\/www.radiopiu.net\/wordpress\/wp-json\/wp\/v2\/posts"}],"about":[{"href":"https:\/\/www.radiopiu.net\/wordpress\/wp-json\/wp\/v2\/types\/post"}],"author":[{"embeddable":true,"href":"https:\/\/www.radiopiu.net\/wordpress\/wp-json\/wp\/v2\/users\/4"}],"replies":[{"embeddable":true,"href":"https:\/\/www.radiopiu.net\/wordpress\/wp-json\/wp\/v2\/comments?post=443069"}],"version-history":[{"count":2,"href":"https:\/\/www.radiopiu.net\/wordpress\/wp-json\/wp\/v2\/posts\/443069\/revisions"}],"predecessor-version":[{"id":443073,"href":"https:\/\/www.radiopiu.net\/wordpress\/wp-json\/wp\/v2\/posts\/443069\/revisions\/443073"}],"wp:featuredmedia":[{"embeddable":true,"href":"https:\/\/www.radiopiu.net\/wordpress\/wp-json\/wp\/v2\/media\/443070"}],"wp:attachment":[{"href":"https:\/\/www.radiopiu.net\/wordpress\/wp-json\/wp\/v2\/media?parent=443069"}],"wp:term":[{"taxonomy":"category","embeddable":true,"href":"https:\/\/www.radiopiu.net\/wordpress\/wp-json\/wp\/v2\/categories?post=443069"},{"taxonomy":"post_tag","embeddable":true,"href":"https:\/\/www.radiopiu.net\/wordpress\/wp-json\/wp\/v2\/tags?post=443069"}],"curies":[{"name":"wp","href":"https:\/\/api.w.org\/{rel}","templated":true}]}}