{"id":443134,"date":"2025-04-05T05:54:57","date_gmt":"2025-04-05T03:54:57","guid":{"rendered":"https:\/\/www.radiopiu.net\/wordpress\/?p=443134"},"modified":"2025-04-05T07:59:23","modified_gmt":"2025-04-05T05:59:23","slug":"giornale-radiopiu-05-aprile-2025-direttore-mirko-mezzacasa","status":"publish","type":"post","link":"https:\/\/www.radiopiu.net\/wordpress\/giornale-radiopiu-05-aprile-2025-direttore-mirko-mezzacasa\/","title":{"rendered":"GIORNALE RADIOPIU 05 APRILE 2025 DIRETTORE MIRKO MEZZACASA"},"content":{"rendered":"<p>******<\/p>\n<p>&nbsp;<\/p>\n<p>&nbsp;<\/p>\n<p><em><span style=\"color: #ff0000;\"><a class=\"dt-pswp-item\" href=\"https:\/\/www.radiopiu.net\/wordpress\/wp-content\/uploads\/2024\/10\/Senza-nome-8.png\" data-dt-img-description=\"\" data-large_image_width=\"343\" data-large_image_height=\"303\"><img loading=\"lazy\" decoding=\"async\" class=\"wp-image-412130 alignleft\" src=\"https:\/\/www.radiopiu.net\/wordpress\/wp-content\/uploads\/2024\/10\/Senza-nome-8-300x265.png\" alt=\"\" width=\"105\" height=\"93\" srcset=\"https:\/\/www.radiopiu.net\/wordpress\/wp-content\/uploads\/2024\/10\/Senza-nome-8-300x265.png 300w, https:\/\/www.radiopiu.net\/wordpress\/wp-content\/uploads\/2024\/10\/Senza-nome-8.png 343w\" sizes=\"auto, (max-width: 105px) 100vw, 105px\" \/><\/a><\/span><\/em><strong><em><span style=\"color: #ff0000;\"> LA\u00a0 APP PER IOS-IPHONE di Nicola Vettorello<\/span><\/em><\/strong><\/p>\n<p><strong><span style=\"color: #0000ff;\"><a style=\"color: #0000ff;\" href=\"https:\/\/apps.apple.com\/it\/app\/radio-pi%C3%B9-emittente-agordina\/id1515939845\">https:\/\/apps.apple.com\/it\/app\/radio-pi%C3%B9-emittente-agordina\/id1515939845<\/a><\/span><\/strong><\/p>\n<p><strong><em style=\"color: #ff0000;\">LA\u00a0 APP RADIO\u00a0 PER ANDROID di Nicola Vettorello<\/em><\/strong><\/p>\n<p><strong><span style=\"color: #0000ff;\"><a style=\"color: #0000ff;\" href=\"https:\/\/play.google.com\/store\/apps\/details?id=net.radiopiu.iniko\" target=\"_blank\" rel=\"noopener noreferrer\">https:\/\/<\/a><a style=\"color: #0000ff;\" href=\"https:\/\/play.google.com\/store\/apps\/details?id=net.radiopiu.iniko\" target=\"_blank\" rel=\"noopener noreferrer\">play.google.com\/store\/apps\/details?id=net.radiopiu.iniko\u00a0\u00a0\u00a0\u00a0<\/a><\/span><\/strong><\/p>\n<p>&nbsp;<\/p>\n<blockquote>\n<h2>LA VIGNETTA&#8230; DI VIP, PIERALDO VIGNAZIA 2025<\/h2>\n<\/blockquote>\n<p><a class=\"dt-pswp-item\" href=\"https:\/\/www.radiopiu.net\/wordpress\/wp-content\/uploads\/2025\/04\/f682dff7-c061-401b-b0fe-562f309785d6.jpg\" data-dt-img-description=\"\" data-large_image_width=\"487\" data-large_image_height=\"449\"><img loading=\"lazy\" decoding=\"async\" class=\"size-medium wp-image-443234 aligncenter\" src=\"https:\/\/www.radiopiu.net\/wordpress\/wp-content\/uploads\/2025\/04\/f682dff7-c061-401b-b0fe-562f309785d6-300x277.jpg\" alt=\"\" width=\"300\" height=\"277\" srcset=\"https:\/\/www.radiopiu.net\/wordpress\/wp-content\/uploads\/2025\/04\/f682dff7-c061-401b-b0fe-562f309785d6-300x277.jpg 300w, https:\/\/www.radiopiu.net\/wordpress\/wp-content\/uploads\/2025\/04\/f682dff7-c061-401b-b0fe-562f309785d6.jpg 487w\" sizes=\"auto, (max-width: 300px) 100vw, 300px\" \/><\/a><\/p>\n<p>&nbsp;<\/p>\n<hr \/>\n<p><span style=\"color: #0000ff;\">\u00a0<\/span><\/p>\n<p>&nbsp;<\/p>\n<p><span style=\"color: #0000ff;\"><strong><a class=\"dt-pswp-item\" href=\"https:\/\/www.radiopiu.net\/wordpress\/wp-content\/uploads\/2024\/06\/marco-gaz.jpg\" data-dt-img-description=\"\" data-large_image_width=\"1440\" data-large_image_height=\"1080\"><img loading=\"lazy\" decoding=\"async\" class=\"wp-image-396292 alignleft\" src=\"https:\/\/www.radiopiu.net\/wordpress\/wp-content\/uploads\/2024\/06\/marco-gaz-300x225.jpg\" alt=\"\" width=\"145\" height=\"109\" srcset=\"https:\/\/www.radiopiu.net\/wordpress\/wp-content\/uploads\/2024\/06\/marco-gaz-300x225.jpg 300w, https:\/\/www.radiopiu.net\/wordpress\/wp-content\/uploads\/2024\/06\/marco-gaz-1024x768.jpg 1024w, https:\/\/www.radiopiu.net\/wordpress\/wp-content\/uploads\/2024\/06\/marco-gaz-768x576.jpg 768w, https:\/\/www.radiopiu.net\/wordpress\/wp-content\/uploads\/2024\/06\/marco-gaz.jpg 1440w\" sizes=\"auto, (max-width: 145px) 100vw, 145px\" \/><\/a>OGGI <\/strong>\u00a0<\/span>\u00a0 <strong>\u00a009.00<\/strong>\u00a0 le novit\u00e0 musicali, di Marco Gaz, (foto) la musica nuova direttamente dalle case discografiche\u00a0 \u00a0<strong>10.30<\/strong>\u00a0 \u00a0 La rassegna stampa da l&#8217;amico del popolo di gianni santomaso <strong>\u00a011.00 <\/strong>elia casagrande arcade show <span class=\"transfer_display_name\">\u00a0<strong>13.20<\/strong>\u00a0 COLLAGE, CON LORIS SCUSSEL DAL MARTEDI ALLA DOMENICA ALLE <strong>14.00<\/strong> elettrochoch di dj jack, il sabato la musica che batte <strong>15.10<\/strong>\u00a0 la\u00a0 classifica ufficiale di radio piu con marco gaz\u00a0 <\/span><strong>16<\/strong><b>.45\u00a0<\/b> LE CLASSIFICHE, LA STORIA DELLA MUSICA, DI MIRCO BENCIVENNI <strong>19.00<\/strong> le anticipazioni del TG di Antenna 3 (Canale 10 digitale terrestre) di Tiziana Bolognani<\/p>\n<p><strong>MERCOLEDI SERA DALLE 20.30 DIRETTA RADIO, al mercoledi di sera. Presentiamo la sagra de Pasca, tutte le novit\u00e0 con Gruppo Sportivo, Proloco, Abvs e&#8230; Eugenio Bien<\/strong><\/p>\n<p>&nbsp;<\/p>\n<p>&nbsp;<\/p>\n<hr \/>\n<p>&nbsp;<\/p>\n<p>&nbsp;<\/p>\n<div class=\"x11i5rnm xat24cr x1mh8g0r x1vvkbs xtlvy1s x126k92a\">\n<div dir=\"auto\">\n<div dir=\"auto\">\n<p><strong><a class=\"dt-pswp-item\" href=\"https:\/\/www.radiopiu.net\/wordpress\/wp-content\/uploads\/2024\/02\/2d44e751-d8a8-461b-8e22-d8e4e853b032.jpg\" data-dt-img-description=\"\" data-large_image_width=\"1600\" data-large_image_height=\"1200\"><img loading=\"lazy\" decoding=\"async\" class=\"wp-image-373307 alignleft\" src=\"https:\/\/www.radiopiu.net\/wordpress\/wp-content\/uploads\/2024\/02\/2d44e751-d8a8-461b-8e22-d8e4e853b032-300x225.jpg\" alt=\"\" width=\"105\" height=\"79\" srcset=\"https:\/\/www.radiopiu.net\/wordpress\/wp-content\/uploads\/2024\/02\/2d44e751-d8a8-461b-8e22-d8e4e853b032-300x225.jpg 300w, https:\/\/www.radiopiu.net\/wordpress\/wp-content\/uploads\/2024\/02\/2d44e751-d8a8-461b-8e22-d8e4e853b032-1024x768.jpg 1024w, https:\/\/www.radiopiu.net\/wordpress\/wp-content\/uploads\/2024\/02\/2d44e751-d8a8-461b-8e22-d8e4e853b032-768x576.jpg 768w, https:\/\/www.radiopiu.net\/wordpress\/wp-content\/uploads\/2024\/02\/2d44e751-d8a8-461b-8e22-d8e4e853b032-1536x1152.jpg 1536w, https:\/\/www.radiopiu.net\/wordpress\/wp-content\/uploads\/2024\/02\/2d44e751-d8a8-461b-8e22-d8e4e853b032.jpg 1600w\" sizes=\"auto, (max-width: 105px) 100vw, 105px\" \/><\/a>EL BAL DEL FIOR, DI GIULIANA DA RONCH, 05 APRILE<\/strong><strong> 2025<\/strong><\/p>\n<\/div>\n<p>&nbsp;<\/p>\n<div dir=\"auto\">\n<audio class=\"wp-audio-shortcode\" id=\"audio-443134-1\" preload=\"none\" style=\"width: 100%;\" controls=\"controls\"><source type=\"audio\/mpeg\" src=\"https:\/\/www.radiopiu.net\/wordpress\/wp-content\/uploads\/2025\/03\/GSA-4.mp3?_=1\" \/><a href=\"https:\/\/www.radiopiu.net\/wordpress\/wp-content\/uploads\/2025\/03\/GSA-4.mp3\">https:\/\/www.radiopiu.net\/wordpress\/wp-content\/uploads\/2025\/03\/GSA-4.mp3<\/a><\/audio>\n<p>&nbsp;<\/p>\n<hr \/>\n<p>&nbsp;<\/p>\n<p>&nbsp;<\/p>\n<\/div>\n<\/div>\n<\/div>\n<div class=\"x11i5rnm xat24cr x1mh8g0r x1vvkbs xtlvy1s x126k92a\">\n<blockquote>\n<h1><strong><a class=\"dt-pswp-item\" href=\"https:\/\/www.radiopiu.net\/wordpress\/wp-content\/uploads\/2024\/10\/629301fd-708d-4f53-95c2-d28cbefd500f.jpg\" data-dt-img-description=\"\" data-large_image_width=\"1600\" data-large_image_height=\"1322\"><img loading=\"lazy\" decoding=\"async\" class=\"wp-image-413782 alignright\" src=\"https:\/\/www.radiopiu.net\/wordpress\/wp-content\/uploads\/2024\/10\/629301fd-708d-4f53-95c2-d28cbefd500f-300x248.jpg\" alt=\"\" width=\"106\" height=\"88\" srcset=\"https:\/\/www.radiopiu.net\/wordpress\/wp-content\/uploads\/2024\/10\/629301fd-708d-4f53-95c2-d28cbefd500f-300x248.jpg 300w, https:\/\/www.radiopiu.net\/wordpress\/wp-content\/uploads\/2024\/10\/629301fd-708d-4f53-95c2-d28cbefd500f-1024x846.jpg 1024w, https:\/\/www.radiopiu.net\/wordpress\/wp-content\/uploads\/2024\/10\/629301fd-708d-4f53-95c2-d28cbefd500f-768x635.jpg 768w, https:\/\/www.radiopiu.net\/wordpress\/wp-content\/uploads\/2024\/10\/629301fd-708d-4f53-95c2-d28cbefd500f-1536x1269.jpg 1536w, https:\/\/www.radiopiu.net\/wordpress\/wp-content\/uploads\/2024\/10\/629301fd-708d-4f53-95c2-d28cbefd500f.jpg 1600w\" sizes=\"auto, (max-width: 106px) 100vw, 106px\" \/><\/a><\/strong><\/h1>\n<h1><strong><a class=\"dt-pswp-item\" href=\"https:\/\/www.radiopiu.net\/wordpress\/wp-content\/uploads\/2024\/11\/th-18.jpg\" data-dt-img-description=\"\" data-large_image_width=\"156\" data-large_image_height=\"180\"><img loading=\"lazy\" decoding=\"async\" class=\"size-full wp-image-421611 alignleft\" src=\"https:\/\/www.radiopiu.net\/wordpress\/wp-content\/uploads\/2024\/11\/th-18.jpg\" alt=\"\" width=\"156\" height=\"180\" \/><\/a><\/strong><\/h1>\n<h1><strong>N di parom &#8211; L Almanach de la nosta jent<\/strong><\/h1>\n<\/blockquote>\n<p>&nbsp;<\/p>\n<p>Le voci: Davide Conedera, Agordo, Michela Dell&#8217;Osbel, La Valle Agordina Simone Ganz, Falcade Veronica Lezuo, Colle Santa Lucia. La voce nella sigla \u00e8 di Giorgia Taio<\/p>\n<p><strong>LA PUNTATA DI OGGI, 05 APRILE 2025<\/strong><\/p>\n<p>&nbsp;<\/p>\n<audio class=\"wp-audio-shortcode\" id=\"audio-443134-2\" preload=\"none\" style=\"width: 100%;\" controls=\"controls\"><source type=\"audio\/mpeg\" src=\"https:\/\/www.radiopiu.net\/wordpress\/wp-content\/uploads\/2025\/03\/AL6-4.mp3?_=2\" \/><a href=\"https:\/\/www.radiopiu.net\/wordpress\/wp-content\/uploads\/2025\/03\/AL6-4.mp3\">https:\/\/www.radiopiu.net\/wordpress\/wp-content\/uploads\/2025\/03\/AL6-4.mp3<\/a><\/audio>\n<p>&nbsp;<\/p>\n<\/div>\n<div class=\"x11i5rnm xat24cr x1mh8g0r x1vvkbs xtlvy1s x126k92a\">\n<div dir=\"auto\">\n<hr \/>\n<\/div>\n<\/div>\n<blockquote>\n<blockquote>\n<h1><span style=\"color: #ff0000;\">\u00a0<\/span><\/h1>\n<h1><span style=\"color: #ff0000;\">I podcast informativi del mattino &#8211; audio &#8211;\u00a0\u00a0<\/span><\/h1>\n<\/blockquote>\n<p><strong><a class=\"dt-pswp-item\" href=\"https:\/\/www.radiopiu.net\/wordpress\/wp-content\/uploads\/2024\/11\/6.jpg\" data-dt-img-description=\"\" data-large_image_width=\"177\" data-large_image_height=\"180\"><img loading=\"lazy\" decoding=\"async\" class=\"size-full wp-image-417911 alignleft\" src=\"https:\/\/www.radiopiu.net\/wordpress\/wp-content\/uploads\/2024\/11\/6.jpg\" alt=\"\" width=\"177\" height=\"180\" \/><\/a>LA RASSEGNA STAMPA NAZIONALE ALLA RADIO, OGNI GIORNO ALLE 5 E ALLE 6 DEL MATTINO <span style=\"color: #0000ff;\">viene pubblicata alle 6.00 <span style=\"color: #ff0000;\">DIRETTA RADIO\u00a0 \u00a0\u00a0<\/span><\/span><\/strong><\/p><\/blockquote>\n<p>&nbsp;<\/p>\n<p><strong>NOTIZIE DELLA NOTTE<\/strong><\/p>\n<p><strong>Scarcerato<\/strong> il 19enne che ha ucciso il padre in Trentino <strong>Wall Street<\/strong> perde 5.200 miliardi in due sedute con i dazi <strong>Per i paperoni<\/strong> del mondo 485 miliardi persi in 2 giorni <strong>Bytedance,<\/strong> su accordo Tiktok questioni chiave da risolvere <strong>Il petrolio<\/strong> chiude in forte calo a New York, -7,41% ++ <strong>Conte,<\/strong> domani primo grande mattone per progetto di governo <strong>Salvini,<\/strong> governo compatto e Lega collante.Dl sicurezza l&#8217;esempio <strong>Sara uccisa<\/strong> con 5 coltellate, agonia di qualche minuto<\/p>\n<h1>AUDIO dalle 6 del mattino<\/h1>\n<audio class=\"wp-audio-shortcode\" id=\"audio-443134-3\" preload=\"none\" style=\"width: 100%;\" controls=\"controls\"><source type=\"audio\/mpeg\" src=\"https:\/\/www.radiopiu.net\/wordpress\/wp-content\/uploads\/2025\/04\/GIORNALEDELLESEI-3.mp3?_=3\" \/><a href=\"https:\/\/www.radiopiu.net\/wordpress\/wp-content\/uploads\/2025\/04\/GIORNALEDELLESEI-3.mp3\">https:\/\/www.radiopiu.net\/wordpress\/wp-content\/uploads\/2025\/04\/GIORNALEDELLESEI-3.mp3<\/a><\/audio>\n<p>&nbsp;<\/p>\n<p>&nbsp;<\/p>\n<hr \/>\n<p>&nbsp;<\/p>\n<h1 style=\"text-align: center;\"><span style=\"color: #ff0000;\"><a class=\"dt-pswp-item\" href=\"https:\/\/www.radiopiu.net\/wordpress\/wp-content\/uploads\/2024\/11\/7.jpg\" data-dt-img-description=\"\" data-large_image_width=\"180\" data-large_image_height=\"180\"><img loading=\"lazy\" decoding=\"async\" class=\"size-full wp-image-417912 alignleft\" src=\"https:\/\/www.radiopiu.net\/wordpress\/wp-content\/uploads\/2024\/11\/7.jpg\" alt=\"\" width=\"180\" height=\"180\" srcset=\"https:\/\/www.radiopiu.net\/wordpress\/wp-content\/uploads\/2024\/11\/7.jpg 180w, https:\/\/www.radiopiu.net\/wordpress\/wp-content\/uploads\/2024\/11\/7-150x150.jpg 150w\" sizes=\"auto, (max-width: 180px) 100vw, 180px\" \/><\/a>I podcast informativi del mattino &#8211; audio &#8211;\u00a0<\/span><\/h1>\n<p><strong>OGNI GIORNO ALLE SETTE DEL MATTINO, LA RASSEGNA STAMPA LOCALE FLASH&#8230; PER CHI VA IN FRETTA. I TITOLI DAI GIORNALI E DAL SITO WWW.RADIOPIU.NET <span style=\"color: #0000ff;\">viene pubblicato alle 7.00<\/span> <span style=\"color: #ff0000;\">DIRETTA RADIO\u00a0<\/span><\/strong><\/p>\n<p><em><span style=\"color: #ff0000;\">per chi va in fretta&#8230; tante notizie in pochi minuti. L&#8217;informazione locale alla radio, ogni ora dalle 7 del mattino alle 19 della sera.\u00a0\u00a0<\/span><\/em><\/p>\n<p>&nbsp;<\/p>\n<p>&nbsp;<\/p>\n<p><strong>CIRCONVENZIONE DI INCAPACE: INDIVIDUATO E FERMATO DALLA SQUADRA MOBILE DI BELLUNO<br \/>\nCOLTIVAVA FUNGHI ALLUCINOGENI IN CASA: DENUNCIATO 43ENNE DI ARSI\u00c8<br \/>\nINCIDENTE AI CAMPIONATI ITALIANI DI SCI PER GAIA VIEL. ATLETA DIMESSA DALL&#8217;OSPEDALE E GIA&#8217; A CASA<br \/>\nDAGLI INSULTI DURANTE IL COVID AGLI AIUTI IN AFRICA: CON IL RISARCIMENTO IL MEDICO FINANZIA I VACCINI PER I BAMBINI IN UGANDA<br \/>\nFELTRE, GATTO INFILZATO NELL\u2019INFERRIATA: SALVATO DAI POMPIERI E PORTATO IN CLINICA<br \/>\n<\/strong><\/p>\n<p><strong>\u00a0<\/strong><strong data-start=\"0\" data-end=\"62\">Notizie locali dal Bellunese: tra cronaca, eventi e novit\u00e0<\/strong><\/p>\n<div class=\"flex flex-1 grow basis-auto flex-col overflow-hidden\">\n<div class=\"relative h-full\">\n<div class=\"flex h-full flex-col overflow-y-auto [scrollbar-gutter:stable]\">\n<div class=\"mt-1.5 flex flex-col text-sm @thread-xl\/thread:pt-header-height md:pb-9\">\n<article class=\"group\/turn w-full text-token-text-primary focus-visible:outline-none\" dir=\"auto\" tabindex=\"-1\" data-testid=\"conversation-turn-2\" data-scroll-anchor=\"true\">\n<div class=\"text-base my-auto mx-auto py-5 px-6\">\n<div class=\"mx-auto flex flex-1 text-base gap-4 md:gap-5 lg:gap-6 md:max-w-3xl\">\n<div class=\"group\/conversation-turn relative flex w-full min-w-0 flex-col agent-turn @xs\/thread:px-0 @sm\/thread:px-1.5 @md\/thread:px-4\">\n<div class=\"relative flex-col gap-1 md:gap-3\">\n<div class=\"flex max-w-full flex-col flex-grow\">\n<div class=\"min-h-8 text-message relative flex w-full flex-col items-end gap-2 whitespace-normal break-words text-start [.text-message+&amp;]:mt-5\" dir=\"auto\" data-message-author-role=\"assistant\" data-message-id=\"bff05fc0-dc7c-4ab7-9b20-d3eec753127b\" data-message-model-slug=\"gpt-4o-mini\">\n<div class=\"flex w-full flex-col gap-1 empty:hidden first:pt-[3px]\">\n<div class=\"markdown prose w-full break-words dark:prose-invert dark\">\n<p class=\"\" data-start=\"64\" data-end=\"329\">Radio Pi\u00f9 offre una panoramica sui principali eventi e notizie in provincia di Belluno, accompagnata dalla programmazione radiofonica. Tra le principali notizie<\/p>\n<\/div>\n<\/div>\n<\/div>\n<\/div>\n<\/div>\n<\/div>\n<\/div>\n<\/div>\n<\/article>\n<\/div>\n<\/div>\n<\/div>\n<\/div>\n<h1>AUDIO dalle 7 del mattino<\/h1>\n<audio class=\"wp-audio-shortcode\" id=\"audio-443134-4\" preload=\"none\" style=\"width: 100%;\" controls=\"controls\"><source type=\"audio\/mpeg\" src=\"https:\/\/www.radiopiu.net\/wordpress\/wp-content\/uploads\/2025\/04\/GF07-4.mp3?_=4\" \/><a href=\"https:\/\/www.radiopiu.net\/wordpress\/wp-content\/uploads\/2025\/04\/GF07-4.mp3\">https:\/\/www.radiopiu.net\/wordpress\/wp-content\/uploads\/2025\/04\/GF07-4.mp3<\/a><\/audio>\n<p>&nbsp;<\/p>\n<p>&nbsp;<\/p>\n<hr \/>\n<p>&nbsp;<\/p>\n<h1><\/h1>\n<h1 style=\"text-align: center;\"><span style=\"color: #ff0000;\"><a class=\"dt-pswp-item\" href=\"https:\/\/www.radiopiu.net\/wordpress\/wp-content\/uploads\/2024\/11\/th.jpg\" data-dt-img-description=\"\" data-large_image_width=\"148\" data-large_image_height=\"179\"><img loading=\"lazy\" decoding=\"async\" class=\"size-full wp-image-417913 alignleft\" src=\"https:\/\/www.radiopiu.net\/wordpress\/wp-content\/uploads\/2024\/11\/th.jpg\" alt=\"\" width=\"148\" height=\"179\" \/><\/a>I podcast informativi del mattino &#8211; audio &#8211;\u00a0<\/span><\/h1>\n<blockquote><p><strong>GIORNALE RADIO NAZIONALE, EDIZIONE DELLE SETTE <span style=\"color: #0000ff;\">viene pubblicato alle 7.05 <span style=\"color: #ff0000;\">DIRETTA RADIO\u00a0<\/span><\/span><\/strong><\/p><\/blockquote>\n<p><strong>il giornale radionazionale e&#8217; in onda ogni ora, dalle sette del mattino alle venti della sera\u00a0 \u00a0<\/strong><\/p>\n<p>&nbsp;<\/p>\n<p>&nbsp;<\/p>\n<p><strong><a class=\"dt-pswp-item\" href=\"https:\/\/www.radiopiu.net\/wordpress\/wp-content\/uploads\/2025\/02\/download-7.jpg\" data-dt-img-description=\"\" data-large_image_width=\"211\" data-large_image_height=\"239\"><img loading=\"lazy\" decoding=\"async\" class=\"size-full wp-image-435553 alignleft\" src=\"https:\/\/www.radiopiu.net\/wordpress\/wp-content\/uploads\/2025\/02\/download-7.jpg\" alt=\"\" width=\"211\" height=\"239\" \/><\/a>BARI<\/strong> Fugge dopo avere travolto una donna, prete indagato Il sacerdote al pm: &#8216;Non mi sono accorto&#8217;<br \/>\n<strong>TORINO<\/strong> &#8216;Pozzolo aveva l&#8217;arma in mano, non mi ha soccorso&#8217; Luca Campana in aula al processo per lo sparo di Capodanno<br \/>\n<strong>CHIAVARI<\/strong> Macabra scoperta in gita, scoprono il cadavere di una donna nel fiume<br \/>\n<strong>NAPOLI<\/strong> Tre giovani morti per l&#8217;esplosione in una fabbrica di fuochi d&#8217;artificio, 2 arrestiLe vittime sono state due gemelle di 26 anni e un 18enne<br \/>\n<strong>CARCERE<\/strong> Dap: &#8216;Celle chiuse per i detenuti in Alta sicurezza per prevenire i contatti tra i boss&#8221;Evitare rischio dell&#8217;espandersi della supremazia criminale mafiosa&#8217;<br \/>\n<strong>PALERMO<\/strong> La madre di Argentino: &#8216;L&#8217;ho aiutato, voleva suicidarsi&#8217; &#8216;Mi ha chiamato, sono andata da lui&#8217;. Sara uccisa da 5 coltellate<br \/>\n<strong>REGGIO CALABRIA<\/strong> Violentata dal branco, costretta a lasciare il paese Abusi a Seminara, la famiglia isolata<br \/>\n<strong>RIMINI<\/strong> Estorceva foto intime a una 16enne, 66enne a processo Artista di strada accusato di violenza e pedopornografia<br \/>\n<strong>FEMMINICIDIO<\/strong> Il femminicidio di Ilaria Sula, Samson al gip: &#8216;Ho fatto tutto da solo&#8217; &#8216;L&#8217;ho uccisa la mattina del 26 marzo&#8217;<br \/>\n<strong>TORRE DEL GRECO<\/strong> Ex sindaco assolto dopo 8 anni: &#8216;Un calvario, ma ho avuto fiducia&#8217; Borriello era stato arrestato a Torre del Greco per tangenti<br \/>\n<strong>GARLASCO<\/strong> Delitto di Garlasco, il &#8216;mistero&#8217; di un altro fascicolo su Sempio La difesa \u00e8 pronta a chiederne conto dopo i riferimenti in un atto dei pm<\/p>\n<p><strong><a class=\"dt-pswp-item\" href=\"https:\/\/www.radiopiu.net\/wordpress\/wp-content\/uploads\/2025\/02\/download-3.jpg\" data-dt-img-description=\"\" data-large_image_width=\"223\" data-large_image_height=\"226\"><img loading=\"lazy\" decoding=\"async\" class=\"size-full wp-image-434732 alignleft\" src=\"https:\/\/www.radiopiu.net\/wordpress\/wp-content\/uploads\/2025\/02\/download-3.jpg\" alt=\"\" width=\"223\" height=\"226\" \/><\/a><span style=\"color: #ff0000;\">Regione Veneto<\/span><\/strong><br \/>\n<strong>VICENZA<\/strong>\u00a0 Carabinieri sequestrano hashish e cocaina, un arresto \u00a0lo stupefacente nascosto in casa<br \/>\n<strong>PADOVA<\/strong> Minaccia e picchia la ex e la madre, arrestato a Padova Questura applica flagranza differita, 19enne tunisino espulso<br \/>\n<strong>PADOVA<\/strong> Sensori e dati reali per sicurezza delle auto, ricerca a Padova Studiato un sistema a basso costo con mini-videocamere<br \/>\n<strong>VENEZIA<\/strong>\u00a0 Passeggero soccorso a bordo di una nave da crociera a Venezia Intervento Suem e Guardia Costiera sulla Msc Opera<br \/>\n<strong>VENEZIA<\/strong> Gdf, 488 posizioni di lavoro irregolari nel settore agricolo Sanzionate sei aziende tra l&#8217;Alto Adige e il Veneto<\/p>\n<p><strong>VENEZIA<\/strong> Il futuro della navalmeccanica, porte aperte in Fincantieri a Marghera &#8216;Cantieri Aperti&#8217; mostra le innovazioni che trasformano settore<\/p>\n<p><strong>DAZI<\/strong> Dazi: Irpinia-Sannio, vendite negli Usa valgono 30% dell&#8217;export Pettrone (Cciaa), Ue e Governo italiano agiscano<br \/>\n<strong>TREVISO<\/strong> La banca se ne va, al suo posto una &#8216;escape room&#8217; A Treviso, dagli sportelli creditizi al gioco adrenalinico<br \/>\n<strong>METEO<\/strong> Le piogge di marzo ricaricano le falde acquifere in Veneto<br \/>\nRapporto Arpav, i livelli medi in linea con le medie<\/p>\n<h1><span style=\"color: #ff0000;\"><span style=\"color: #0000ff;\">ULTIM&#8217;ORA<\/span> <span style=\"color: #000000;\">AUDIO dalle sette del mattino, ogni ora alla radio EDIZIONE DELLE SETTE<\/span><\/span><\/h1>\n<audio class=\"wp-audio-shortcode\" id=\"audio-443134-5\" preload=\"none\" style=\"width: 100%;\" controls=\"controls\"><source type=\"audio\/mpeg\" src=\"https:\/\/www.radiopiu.net\/wordpress\/wp-content\/uploads\/2025\/04\/giornale07-4.mp3?_=5\" \/><a href=\"https:\/\/www.radiopiu.net\/wordpress\/wp-content\/uploads\/2025\/04\/giornale07-4.mp3\">https:\/\/www.radiopiu.net\/wordpress\/wp-content\/uploads\/2025\/04\/giornale07-4.mp3<\/a><\/audio>\n<p>&nbsp;<\/p>\n<p>&nbsp;<\/p>\n<hr \/>\n<p>&nbsp;<\/p>\n<p>&nbsp;<\/p>\n<h1><span style=\"color: #ff0000;\"><a class=\"dt-pswp-item\" href=\"https:\/\/www.radiopiu.net\/wordpress\/wp-content\/uploads\/2024\/11\/8.jpg\" data-dt-img-description=\"\" data-large_image_width=\"180\" data-large_image_height=\"180\"><img loading=\"lazy\" decoding=\"async\" class=\"size-full wp-image-417910 alignleft\" src=\"https:\/\/www.radiopiu.net\/wordpress\/wp-content\/uploads\/2024\/11\/8.jpg\" alt=\"\" width=\"180\" height=\"180\" srcset=\"https:\/\/www.radiopiu.net\/wordpress\/wp-content\/uploads\/2024\/11\/8.jpg 180w, https:\/\/www.radiopiu.net\/wordpress\/wp-content\/uploads\/2024\/11\/8-150x150.jpg 150w\" sizes=\"auto, (max-width: 180px) 100vw, 180px\" \/><\/a>I podcast informativi del mattino &#8211; video &#8211;\u00a0<\/span><\/h1>\n<h2 style=\"text-align: left;\"><strong>RASSEGNA STAMPA LOCALE, ORE OTTO<\/strong><\/h2>\n<h2><strong> <span style=\"color: #0000ff;\">viene\u00a0 <\/span><\/strong><strong><span style=\"color: #0000ff;\">pubblicata alle 8.05 <span style=\"color: #ff0000;\">DIRETTA RADIO\u00a0 \u00a0<\/span><\/span><\/strong><strong>DI MIRKO MEZZACASA<\/strong><\/h2>\n<h2><span style=\"color: #ff0000;\"><strong>\u00a0<\/strong><\/span><\/h2>\n<h1><span style=\"color: #ff0000;\"><strong>VIDEO\u00a0 \u00a0in diretta AGGIORNAMENTO\u00a0 dalle 8 del mattino\u00a0\u00a0<\/strong><\/span><\/h1>\n<p><strong>SEREN DEL GRAPPA, BRANCO DI LUPI SBRANA IL PONY PIPPO: \u00abGESTIONE FUORI CONTROLLO\u00bb<br \/>\nSAN MARTINO, PRONTO IL NUOVO PIANO PARCHEGGI: SOSTE CON DISCO ORARIO E SPAZI RISERVATI, MA NESSUN PEDAGGIO<br \/>\n&#8220;CARA ISPETTRICE QUI MANCA LA SERENITA'&#8221;. LA LETTERA DEI GENITORI<br \/>\n&#8220;FALCADE CONFERMA IL RITIRO ESTIVO DEL VENEZIA CALCIO PER LE STAGIONI 2025 E 2026&#8221;<br \/>\nOLIMPIADI 2026: IL PD BELLUNO DOLOMITI CONTESTA LA CHIUSURA DELLE SCUOLE PER PROBLEMI DI TRASPORTO<\/strong><\/p>\n\n\t\t\t<style type='text\/css'>\n\t\t\t\t#gallery-1 {\n\t\t\t\t\tmargin: auto;\n\t\t\t\t}\n\t\t\t\t#gallery-1 .gallery-item {\n\t\t\t\t\tfloat: left;\n\t\t\t\t\tmargin-top: 10px;\n\t\t\t\t\ttext-align: center;\n\t\t\t\t\twidth: 50%;\n\t\t\t\t}\n\t\t\t\t#gallery-1 img {\n\t\t\t\t\tborder: 2px solid #cfcfcf;\n\t\t\t\t}\n\t\t\t\t#gallery-1 .gallery-caption {\n\t\t\t\t\tmargin-left: 0;\n\t\t\t\t}\n\t\t\t\t\/* see gallery_shortcode() in wp-includes\/media.php *\/\n\t\t\t<\/style>\n\t\t<div id='gallery-1' class='dt-gallery-container gallery galleryid-443134 gallery-columns-2 gallery-size-medium'><dl class='gallery-item'>\n\t\t\t\t<dt class='gallery-icon landscape'>\n\t\t\t\t\t<a class=\"rollover rollover-zoom dt-pswp-item\" title=\"COOPE\" data-dt-img-description=\"\" data-large_image_width=\"636\" data-large_image_height=\"286\"href='https:\/\/www.radiopiu.net\/wordpress\/wp-content\/uploads\/2025\/04\/COOPE.png'><img loading=\"lazy\" decoding=\"async\" width=\"300\" height=\"135\" src=\"https:\/\/www.radiopiu.net\/wordpress\/wp-content\/uploads\/2025\/04\/COOPE-300x135.png\" class=\"attachment-medium size-medium\" alt=\"\" srcset=\"https:\/\/www.radiopiu.net\/wordpress\/wp-content\/uploads\/2025\/04\/COOPE-300x135.png 300w, https:\/\/www.radiopiu.net\/wordpress\/wp-content\/uploads\/2025\/04\/COOPE.png 636w\" sizes=\"auto, (max-width: 300px) 100vw, 300px\" \/><\/a>\n\t\t\t\t<\/dt><\/dl><dl class='gallery-item'>\n\t\t\t\t<dt class='gallery-icon landscape'>\n\t\t\t\t\t<a class=\"rollover rollover-zoom dt-pswp-item\" title=\"COOP1\" data-dt-img-description=\"\" data-large_image_width=\"460\" data-large_image_height=\"230\"href='https:\/\/www.radiopiu.net\/wordpress\/wp-content\/uploads\/2025\/04\/COOP1-3.png'><img loading=\"lazy\" decoding=\"async\" width=\"300\" height=\"150\" src=\"https:\/\/www.radiopiu.net\/wordpress\/wp-content\/uploads\/2025\/04\/COOP1-3-300x150.png\" class=\"attachment-medium size-medium\" alt=\"\" srcset=\"https:\/\/www.radiopiu.net\/wordpress\/wp-content\/uploads\/2025\/04\/COOP1-3-300x150.png 300w, https:\/\/www.radiopiu.net\/wordpress\/wp-content\/uploads\/2025\/04\/COOP1-3.png 460w\" sizes=\"auto, (max-width: 300px) 100vw, 300px\" \/><\/a>\n\t\t\t\t<\/dt><\/dl><br style=\"clear: both\" \/>\n\t\t\t<\/div>\n\n<p><iframe loading=\"lazy\" title=\"DAL 1983 LA RASSEGNA STAMPA LOCALE di mirko mezzacasa. L&#039;ORIGINALE\" width=\"1200\" height=\"675\" src=\"https:\/\/www.youtube.com\/embed\/maJp2OCGiwg?feature=oembed\" frameborder=\"0\" allow=\"accelerometer; autoplay; clipboard-write; encrypted-media; gyroscope; picture-in-picture; web-share\" referrerpolicy=\"strict-origin-when-cross-origin\" allowfullscreen><\/iframe><\/p>\n<p>&nbsp;<\/p>\n<hr \/>\n<p>&nbsp;<\/p>\n<p>&nbsp;<\/p>\n<p>&nbsp;<\/p>\n<p><strong><a class=\"dt-pswp-item\" href=\"https:\/\/www.radiopiu.net\/wordpress\/wp-content\/uploads\/2023\/12\/ANTENNA.png\" data-dt-img-description=\"\" data-large_image_width=\"300\" data-large_image_height=\"166\"><img loading=\"lazy\" decoding=\"async\" class=\"wp-image-366306 alignright\" src=\"https:\/\/www.radiopiu.net\/wordpress\/wp-content\/uploads\/2023\/12\/ANTENNA.png\" alt=\"\" width=\"101\" height=\"56\" \/><\/a><a class=\"dt-pswp-item\" href=\"https:\/\/www.radiopiu.net\/wordpress\/wp-content\/uploads\/2024\/11\/th-17.jpg\" data-dt-img-description=\"\" data-large_image_width=\"224\" data-large_image_height=\"180\"><img loading=\"lazy\" decoding=\"async\" class=\" wp-image-421610 alignleft\" src=\"https:\/\/www.radiopiu.net\/wordpress\/wp-content\/uploads\/2024\/11\/th-17.jpg\" alt=\"\" width=\"167\" height=\"134\" \/><\/a>ogni sera alle 19 le anticipazioni alla radio, quello che poi seguirete nel TELEGIORNALE BELLUNESE\u00a0 in onda alle 19.30 sul CANALE 10 del digitale terrestre.\u00a0\u00a0<\/strong><\/p>\n<p><b>\u00a0\u00a0<\/b><\/p>\n<h1><span style=\"color: #ff0000;\"><strong>LE ANTICIPAZIONI DI TIZIANA BOLOGNANI<\/strong><\/span><\/h1>\n<audio class=\"wp-audio-shortcode\" id=\"audio-443134-6\" preload=\"none\" style=\"width: 100%;\" controls=\"controls\"><source type=\"audio\/mpeg\" src=\"https:\/\/www.radiopiu.net\/wordpress\/wp-content\/uploads\/2025\/04\/ANTENNA3-3.mp3?_=6\" \/><a href=\"https:\/\/www.radiopiu.net\/wordpress\/wp-content\/uploads\/2025\/04\/ANTENNA3-3.mp3\">https:\/\/www.radiopiu.net\/wordpress\/wp-content\/uploads\/2025\/04\/ANTENNA3-3.mp3<\/a><\/audio>\n<p>&nbsp;<\/p>\n<p>&nbsp;<\/p>\n<p>&nbsp;<\/p>\n<hr \/>\n<p>&nbsp;<\/p>\n<blockquote>\n<h3 class=\"entry-title\">CHIUSURA REGIONALE 203 AGORDINA, BIVIO ROVEI<\/h3>\n<\/blockquote>\n<p><strong>COLLE SANTA LUCIA <\/strong>Fino al 30 aprile dalle 8 alle 17.30 escluso sabato domenica e festivi, chiusura della regionale 203 agordina nel tratto bivio Rovei, bivio Rucav\u00e0. Interdizione totale per lavori di mitigazione del rischio caduta massi.<\/p>\n<p>&nbsp;<\/p>\n<p>&nbsp;<\/p>\n<hr \/>\n<p>&nbsp;<\/p>\n<blockquote>\n<h3 class=\"photoswipe-wrapper\"><a class=\"dt-pswp-item pspw-wrap-ready\" href=\"https:\/\/www.radiopiu.net\/wordpress\/wp-content\/uploads\/2024\/12\/Logo_SibPAYOFF.jpg\" data-dt-img-description=\"\" data-large_image_width=\"1536\" data-large_image_height=\"391\"><img loading=\"lazy\" decoding=\"async\" class=\"wp-image-426474 alignleft\" src=\"https:\/\/www.radiopiu.net\/wordpress\/wp-content\/uploads\/2024\/12\/Logo_SibPAYOFF-300x76.jpg\" sizes=\"auto, (max-width: 162px) 100vw, 162px\" srcset=\"https:\/\/www.radiopiu.net\/wordpress\/wp-content\/uploads\/2024\/12\/Logo_SibPAYOFF-300x76.jpg 300w, https:\/\/www.radiopiu.net\/wordpress\/wp-content\/uploads\/2024\/12\/Logo_SibPAYOFF-1024x261.jpg 1024w, https:\/\/www.radiopiu.net\/wordpress\/wp-content\/uploads\/2024\/12\/Logo_SibPAYOFF-768x196.jpg 768w, https:\/\/www.radiopiu.net\/wordpress\/wp-content\/uploads\/2024\/12\/Logo_SibPAYOFF.jpg 1536w\" alt=\"\" width=\"162\" height=\"41\" \/><\/a>ACQUA NON POTABILE A ROCCA PIETORE, TORNA POTABILE A GOSALDO<\/h3>\n<\/blockquote>\n<p>A Rocca Pietore in localit\u00e0 Digonera l&#8217;acqua erogata dall&#8217;acquedotto non \u00e8 potabile e e non pu\u00f2 essere usata per scopi alimentari. Verr\u00e0 effettuato servizio sostitutivo con autobotte presso\u00a0 l&#8217;Albergo Digonera in localit\u00e0 Digonera.<\/p>\n<p>A Gosaldo nelle localit\u00e0 Curti, Incasal e Le Case l\u2019acqua erogata dall\u2019acquedotto \u00e8 di nuovo potabile<\/p>\n<p>&nbsp;<\/p>\n<blockquote>\n<h3>SERVIZI INTEGRATI BELLUNESI: LAVORI A ROCCA PIETORE<\/h3>\n<\/blockquote>\n<p>Lavori alla rete idrica comunale anche a Rocca Pietore in localit\u00e0 Digoner\u00e0. Luned\u00ec dalle 8:30 alle 12 verr\u00e0 sospesa l&#8217;erogazione dell&#8217;acqua.<\/p>\n<p>&nbsp;<\/p>\n<hr \/>\n<p>&nbsp;<\/p>\n<h3><img loading=\"lazy\" decoding=\"async\" class=\"wp-image-443068 alignleft\" src=\"https:\/\/www.radiopiu.net\/wordpress\/wp-content\/uploads\/2025\/04\/Senza-nome-17.png\" alt=\"\" width=\"140\" height=\"106\" \/><strong><span style=\"font-size: 14px;\">OGGI IL SALUTO AD ENRICO<\/span><\/strong><\/h3>\n<p><strong>SEDICO<\/strong> La famiglia di Enrico Moretti annuncia che il saluto al loro caro si terr\u00e0 oggi alle 10.30 nella sala del commiato della casa funeraria Ganz. Si potr\u00e0 fargli visita dalle 8.30 alle 9.30.<\/p>\n<p>&nbsp;<\/p>\n<p>&nbsp;<\/p>\n<hr \/>\n<p>&nbsp;<\/p>\n<blockquote>\n<h3>CIRCONVENZIONE DI INCAPACE: INDIVIDUATO E FERMATO DALLA SQUADRA MOBILE DI BELLUNO<\/h3>\n<\/blockquote>\n<p><strong><a class=\"dt-pswp-item\" href=\"https:\/\/www.radiopiu.net\/wordpress\/wp-content\/uploads\/2021\/11\/QUESTURA-BELLUNO.png\" data-dt-img-description=\"\" data-large_image_width=\"1912\" data-large_image_height=\"1384\"><img loading=\"lazy\" decoding=\"async\" class=\" wp-image-244040 alignleft\" src=\"https:\/\/www.radiopiu.net\/wordpress\/wp-content\/uploads\/2021\/11\/QUESTURA-BELLUNO-300x217.png\" alt=\"\" width=\"182\" height=\"132\" srcset=\"https:\/\/www.radiopiu.net\/wordpress\/wp-content\/uploads\/2021\/11\/QUESTURA-BELLUNO-300x217.png 300w, https:\/\/www.radiopiu.net\/wordpress\/wp-content\/uploads\/2021\/11\/QUESTURA-BELLUNO-1024x741.png 1024w, https:\/\/www.radiopiu.net\/wordpress\/wp-content\/uploads\/2021\/11\/QUESTURA-BELLUNO-768x556.png 768w, https:\/\/www.radiopiu.net\/wordpress\/wp-content\/uploads\/2021\/11\/QUESTURA-BELLUNO-1536x1112.png 1536w, https:\/\/www.radiopiu.net\/wordpress\/wp-content\/uploads\/2021\/11\/QUESTURA-BELLUNO.png 1912w\" sizes=\"auto, (max-width: 182px) 100vw, 182px\" \/><\/a>BELLUNO <\/strong>L\u2019attivit\u00e0 investigativa della Squadra Mobile di Belluno ha permesso di smascherare un caso di circonvenzione di incapace ai danni di una donna affetta da infermit\u00e0 mentale, perpetrato da un cittadino italiano. Le segnalazioni sono giunte dall\u2019amministratore di sostegno della vittima, il quale, in diverse occasioni, aveva ricevuto messaggi anomali dal numero della donna, contenenti insistenti richieste relative alla gestione del suo patrimonio. Le indagini hanno portato all\u2019individuazione del responsabile, gi\u00e0 noto alle forze dell\u2019ordine per precedenti di polizia. L\u2019uomo \u00e8 stato indagato per il reato di circonvenzione di incapace e, su disposizione dell\u2019Autorit\u00e0 Giudiziaria, nei suoi confronti \u00e8 stata applicata la misura cautelare del divieto di avvicinamento alla vittima, con contestuale obbligo di indossare un braccialetto elettronico.<\/p>\n<p>&nbsp;<\/p>\n<p>&nbsp;<\/p>\n<hr \/>\n<p>&nbsp;<\/p>\n<blockquote>\n<h2>COLTIVAVA FUNGHI ALLUCINOGENI IN CASA: DENUNCIATO 43ENNE DI ARSI\u00c8<\/h2>\n<\/blockquote>\n<article class=\"text-token-text-primary w-full\" dir=\"auto\" data-testid=\"conversation-turn-18\" data-scroll-anchor=\"false\">\n<div class=\"text-base my-auto mx-auto py-5 px-6\">\n<div class=\"mx-auto flex flex-1 text-base gap-4 md:gap-5 lg:gap-6 md:max-w-3xl group\/turn-messages focus-visible:outline-hidden\" tabindex=\"-1\">\n<div class=\"group\/conversation-turn relative flex w-full min-w-0 flex-col agent-turn @xs\/thread:px-0 @sm\/thread:px-1.5 @md\/thread:px-4\">\n<div class=\"relative flex-col gap-1 md:gap-3\">\n<div class=\"flex max-w-full flex-col grow\">\n<div class=\"min-h-8 text-message relative flex w-full flex-col items-end gap-2 text-start break-words whitespace-normal [.text-message+&amp;]:mt-5\" dir=\"auto\" data-message-author-role=\"assistant\" data-message-id=\"7984574f-93bb-4749-93d9-8087a5a46bd6\" data-message-model-slug=\"gpt-4o\">\n<div class=\"flex w-full flex-col gap-1 empty:hidden first:pt-[3px]\">\n<div class=\"markdown prose dark:prose-invert w-full break-words dark\">\n<p class=\"\" data-start=\"13\" data-end=\"625\"><img decoding=\"async\" class=\"alignleft\" src=\"https:\/\/www.radiopiu.net\/wordpress\/wp-content\/uploads\/2025\/04\/download-3.jpg\" \/>Coltivava funghi allucinogeni in casa: denunciato un 43enne di Arsi\u00e8. La polizia ha sequestrato circa 100 grammi di funghi psicoattivi, conservati anche in barattolo, insieme a materiale per il confezionamento e un bilancino di precisione. L\u2019indagine, avviata il 2 aprile dalla Squadra Mobile di Belluno, ipotizza non solo l\u2019autoconsumo, ma anche un\u2019attivit\u00e0 di cessione per arrotondare il reddito. Le spore proliferavano in vari punti dell\u2019abitazione. L\u2019inchiesta, coordinata da Cristina Rizzo, \u00e8 parte di un pi\u00f9 ampio servizio antidroga e proseguir\u00e0 per verificare l\u2019eventuale esistenza di una rete di spaccio<\/p>\n<\/div>\n<\/div>\n<\/div>\n<\/div>\n<div class=\"flex absolute right-0 left-0 flex justify-start\">\n<div><\/div>\n<div class=\"touch:-me-2 touch:-ms-3.5 -ms-2.5 -me-1 flex items-center p-1 select-none -mt-1 focus-within:transition-none hover:transition-none duration-500 group-hover\/turn-messages:delay-300 pointer-events-none [mask-image:linear-gradient(to_right,black_33%,transparent_66%)] [mask-position:100%_0%] [mask-size:300%_100%] motion-safe:transition-[mask-position] group-hover\/turn-messages:pointer-events-auto group-hover\/turn-messages:[mask-position:0_0] group-focus-within\/turn-messages:pointer-events-auto group-focus-within\/turn-messages:[mask-position:0_0] has-data-[state=open]:pointer-events-auto has-data-[state=open]:[mask-position:0_0]\"><strong>TIZIANA BOLOGNANI DALLE ANTICIPAZIONI DEL TG DI ANTENNA 3<\/strong><\/div>\n<\/div>\n<\/div>\n<\/div>\n<\/div>\n<\/div>\n<\/article>\n<article class=\"text-token-text-primary w-full\" dir=\"auto\" data-testid=\"conversation-turn-19\" data-scroll-anchor=\"false\"><audio class=\"wp-audio-shortcode\" id=\"audio-443134-7\" preload=\"none\" style=\"width: 100%;\" controls=\"controls\"><source type=\"audio\/mpeg\" src=\"https:\/\/www.radiopiu.net\/wordpress\/wp-content\/uploads\/2025\/04\/TIZIANA-FUNGHI.mp3?_=7\" \/><a href=\"https:\/\/www.radiopiu.net\/wordpress\/wp-content\/uploads\/2025\/04\/TIZIANA-FUNGHI.mp3\">https:\/\/www.radiopiu.net\/wordpress\/wp-content\/uploads\/2025\/04\/TIZIANA-FUNGHI.mp3<\/a><\/audio>\n<p>&nbsp;<\/p>\n<\/article>\n<p>&nbsp;<\/p>\n<hr \/>\n<p>&nbsp;<\/p>\n<blockquote>\n<h3>MALORE A CORTINA, INCIDENTE IN PISTA AD ARABBA<\/h3>\n<\/blockquote>\n<p><strong><a class=\"dt-pswp-item\" href=\"https:\/\/www.radiopiu.net\/wordpress\/wp-content\/uploads\/2024\/08\/SALT.jpg\" data-dt-img-description=\"\" data-large_image_width=\"2048\" data-large_image_height=\"1536\"><img loading=\"lazy\" decoding=\"async\" class=\" wp-image-404421 alignleft\" src=\"https:\/\/www.radiopiu.net\/wordpress\/wp-content\/uploads\/2024\/08\/SALT-300x225.jpg\" alt=\"\" width=\"156\" height=\"117\" srcset=\"https:\/\/www.radiopiu.net\/wordpress\/wp-content\/uploads\/2024\/08\/SALT-300x225.jpg 300w, https:\/\/www.radiopiu.net\/wordpress\/wp-content\/uploads\/2024\/08\/SALT-1024x768.jpg 1024w, https:\/\/www.radiopiu.net\/wordpress\/wp-content\/uploads\/2024\/08\/SALT-768x576.jpg 768w, https:\/\/www.radiopiu.net\/wordpress\/wp-content\/uploads\/2024\/08\/SALT-1536x1152.jpg 1536w, https:\/\/www.radiopiu.net\/wordpress\/wp-content\/uploads\/2024\/08\/SALT.jpg 2048w\" sizes=\"auto, (max-width: 156px) 100vw, 156px\" \/><\/a>REDAZIONE<\/strong> Due interventi del Suem 118 nella giornata appena terminata. Il primo si \u00e8 verificato alle 9:16 a Cortina, dove un uomo di 35 anni, residente a Noventa di Piave, ha accusato un malore. L\u2019emergenza ha richiesto l\u2019immediato intervento dell\u2019elicottero Falco, che ha provveduto al trasporto del paziente all\u2019ospedale di Belluno.\u00a0 Poche ore pi\u00f9 tardi, alle 12:23, un secondo allarme \u00e8 scattato a Livinallongo, dove una donna di 71 anni, di nazionalit\u00e0 slovacca, ha subito un trauma da caduta su pista da sci. Anche in questo caso \u00e8 stato attivato l\u2019elisoccorso, con l&#8217;intervento del Falco, che ha trasportato la paziente al nosocomio di Belluno.<\/p>\n<p>&nbsp;<\/p>\n<p>&nbsp;<\/p>\n<hr \/>\n<p>&nbsp;<\/p>\n<blockquote>\n<h3>INCIDENTE AI CAMPIONATI ITALIANI DI SCI PER GAIA VIEL. ATLETA DIMESSA DALL&#8217;OSPEDALE E GIA&#8217; A CASA<\/h3>\n<\/blockquote>\n<p><strong><a class=\"dt-pswp-item\" href=\"https:\/\/www.radiopiu.net\/wordpress\/wp-content\/uploads\/2025\/04\/35979.jpg\" data-dt-img-description=\"\" data-large_image_width=\"1280\" data-large_image_height=\"910\"><img loading=\"lazy\" decoding=\"async\" class=\" wp-image-443347 alignleft\" src=\"https:\/\/www.radiopiu.net\/wordpress\/wp-content\/uploads\/2025\/04\/35979-300x213.jpg\" alt=\"\" width=\"183\" height=\"130\" srcset=\"https:\/\/www.radiopiu.net\/wordpress\/wp-content\/uploads\/2025\/04\/35979-300x213.jpg 300w, https:\/\/www.radiopiu.net\/wordpress\/wp-content\/uploads\/2025\/04\/35979-1024x728.jpg 1024w, https:\/\/www.radiopiu.net\/wordpress\/wp-content\/uploads\/2025\/04\/35979-768x546.jpg 768w, https:\/\/www.radiopiu.net\/wordpress\/wp-content\/uploads\/2025\/04\/35979.jpg 1280w\" sizes=\"auto, (max-width: 183px) 100vw, 183px\" \/><\/a>REDAZIONE<\/strong> Gaia Viel, ventenne sciatrice di Longarone, \u00e8 caduta durante il superG dei Campionati Italiani Assoluti in Val di Fassa, sbilanciandosi su una compressione e atterrando sulla schiena. Grazie all\u2019airbag e alle protezioni, ha evitato gravi conseguenze. I soccorsi sono intervenuti prontamente e, pur essendo cosciente, \u00e8 stata trasportata all\u2019Ospedale Santa Chiara per accertamenti. Tac e radiografie hanno escluso fratture e traumi cranici. Gaia \u00e8 stata dimessa e ha fatto ritorno a casa, con dolore ma senza lesioni. Il Comitato Organizzatore le ha rivolto un augurio di pronta guarigione.<\/p>\n<p>&nbsp;<\/p>\n<h1><a class=\"dt-pswp-item\" href=\"https:\/\/www.radiopiu.net\/wordpress\/wp-content\/uploads\/2025\/04\/gaia-viel-Copia.jpg\" data-dt-img-description=\"\" data-large_image_width=\"858\" data-large_image_height=\"572\"><img loading=\"lazy\" decoding=\"async\" class=\"size-medium wp-image-443332 alignleft\" src=\"https:\/\/www.radiopiu.net\/wordpress\/wp-content\/uploads\/2025\/04\/gaia-viel-Copia-300x200.jpg\" alt=\"\" width=\"300\" height=\"200\" srcset=\"https:\/\/www.radiopiu.net\/wordpress\/wp-content\/uploads\/2025\/04\/gaia-viel-Copia-300x200.jpg 300w, https:\/\/www.radiopiu.net\/wordpress\/wp-content\/uploads\/2025\/04\/gaia-viel-Copia-768x512.jpg 768w, https:\/\/www.radiopiu.net\/wordpress\/wp-content\/uploads\/2025\/04\/gaia-viel-Copia.jpg 858w\" sizes=\"auto, (max-width: 300px) 100vw, 300px\" \/><\/a>Buone notizie per Gaia Viel dopo la caduta in gara<br \/>\nIL COMUNICATO DIFFUSO IN SERATA<\/h1>\n<p>Arrivano buone notizie dopo gli accertamenti medici eseguiti a seguito della caduta nel superG dei Campionati Italiani Assoluti della Val di Fassa da parte della ventenne di Longarone Gaia Viel. La giovane sciatrice dello Sci club Drusci\u00e8 Cortina in una compressione nella parte alta del tracciato, sulla pista \u00abLa VolataA\u00bb nella Ski Area San Pellegrino, si \u00e8 sbilanciata, inforcando la porta successiva, cadendo in avanti e atterrando sulla neve con la schiena. Fortunatamente le protezioni e l\u2019airbag hanno fatto il proprio dovere. Attivati prontamente i soccorsi e il medico di gara, pur essendo Gaia sempre cosciente ma dolorante, \u00e8 stato deciso di trasportarla a valle con il toboga e successivamente all&#8217;Ospedale Santa Chiara con l&#8217;elicottero per precauzione. Prontamente effettuati gli esami sanitari, quale la tac e le relative radiografie, non \u00e8 stata rilevata alcuna frattura o trauma cranico. Gaia \u00e8 stata dimessa ed \u00e8 tornata a casa a Longarone con dolore per la caduta, ma fortunatamente senza conseguenze. Da parte del Comitato Organizzatore dei Campionati Italiani Assoluti di sci alpino della Val di Fassa un augurio di riprendersi il prima possibile.<\/p>\n<p>&nbsp;<\/p>\n<hr \/>\n<p>&nbsp;<\/p>\n<blockquote>\n<h3>DAGLI INSULTI DURANTE IL COVID AGLI AIUTI IN AFRICA: CON IL RISARCIMENTO IL MEDICO FINANZIA I VACCINI PER I BAMBINI IN UGANDA<\/h3>\n<\/blockquote>\n<p><strong><a class=\"dt-pswp-item\" href=\"https:\/\/www.radiopiu.net\/wordpress\/wp-content\/uploads\/2025\/04\/d175fb33-32bf-4628-b73f-ca22cf50cbd3.png\" data-dt-img-description=\"\" data-large_image_width=\"1024\" data-large_image_height=\"1024\"><img loading=\"lazy\" decoding=\"async\" class=\"wp-image-443370 alignleft\" src=\"https:\/\/www.radiopiu.net\/wordpress\/wp-content\/uploads\/2025\/04\/d175fb33-32bf-4628-b73f-ca22cf50cbd3-300x300.png\" alt=\"\" width=\"177\" height=\"177\" srcset=\"https:\/\/www.radiopiu.net\/wordpress\/wp-content\/uploads\/2025\/04\/d175fb33-32bf-4628-b73f-ca22cf50cbd3-300x300.png 300w, https:\/\/www.radiopiu.net\/wordpress\/wp-content\/uploads\/2025\/04\/d175fb33-32bf-4628-b73f-ca22cf50cbd3-150x150.png 150w, https:\/\/www.radiopiu.net\/wordpress\/wp-content\/uploads\/2025\/04\/d175fb33-32bf-4628-b73f-ca22cf50cbd3-768x768.png 768w, https:\/\/www.radiopiu.net\/wordpress\/wp-content\/uploads\/2025\/04\/d175fb33-32bf-4628-b73f-ca22cf50cbd3.png 1024w\" sizes=\"auto, (max-width: 177px) 100vw, 177px\" \/><\/a>BELLUNO<\/strong><\/p>\n<article class=\"text-token-text-primary w-full\" dir=\"auto\" data-testid=\"conversation-turn-24\" data-scroll-anchor=\"true\">\n<div class=\"text-base my-auto mx-auto py-5 px-6\">\n<div class=\"mx-auto flex flex-1 text-base gap-4 md:gap-5 lg:gap-6 md:max-w-3xl group\/turn-messages focus-visible:outline-hidden\" tabindex=\"-1\">\n<div class=\"group\/conversation-turn relative flex w-full min-w-0 flex-col agent-turn @xs\/thread:px-0 @sm\/thread:px-1.5 @md\/thread:px-4\">\n<div class=\"relative flex-col gap-1 md:gap-3\">\n<div class=\"flex max-w-full flex-col grow\">\n<div class=\"min-h-8 text-message relative flex w-full flex-col items-end gap-2 text-start break-words whitespace-normal [.text-message+&amp;]:mt-5\" dir=\"auto\" data-message-author-role=\"assistant\" data-message-id=\"74803e65-7c29-440b-814f-d9b38fd18d50\" data-message-model-slug=\"gpt-4o\">\n<div class=\"flex w-full flex-col gap-1 empty:hidden first:pt-[3px]\">\n<div class=\"markdown prose dark:prose-invert w-full break-words dark\">\n<p class=\"\" data-start=\"0\" data-end=\"505\">Il pediatra infettivologo Giangiacomo Nicolini ha destinato gli 8 mila euro ricevuti come risarcimento da sette bellunesi che lo avevano insultato durante la campagna vaccinale anti-Covid a un progetto di vaccinazione per i bambini in Uganda. Grazie alla collaborazione con l\u2019associazione <em data-start=\"289\" data-end=\"305\">Insieme Si Pu\u00f2<\/em> e al Campagnolo Health Center di Gulu, saranno vaccinati 2.280 bambini contro morbillo e rosolia e 5.000 contro la malaria. Con altri 4 mila euro partir\u00e0 anche una campagna contro il Papilloma virus.<\/p>\n<p data-start=\"0\" data-end=\"505\">\n<\/div>\n<\/div>\n<\/div>\n<\/div>\n<\/div>\n<\/div>\n<\/div>\n<\/div>\n<\/article>\n<h1 class=\"_title post-title entry-title\"><\/h1>\n<h1 class=\"_title post-title entry-title\">BELLUNO | INSULTI E MINACCE AL PEDIATRA, RISARCIMENTO A CAMPAGNA VACCINALE IN UGANDA<\/h1>\n<p>Intervistati GIANGIACOMO NICOLINI (PEDIATRA INFETTIVOLOGO ULSS 1 DOLOMITI), DANIELE GIAFFREDO (DIRETTORE INSIEME SI PUO\u2019 ONLUS) (Servizio di\u00a0<a href=\"https:\/\/antennatre.medianordest.it\/redazione\/Tiziana-Bolognani\/\">Tiziana Bolognani<\/a>)<\/p>\n<p>&nbsp;<\/p>\n<p><iframe loading=\"lazy\" title=\"INSULTI E MINACCE AL PEDIATRA, RISARCIMENTO A CAMPAGNA VACCINALE IN UGANDA | 04\/04\/2025\" width=\"1200\" height=\"675\" src=\"https:\/\/www.youtube.com\/embed\/5A2D-G--Rcs?feature=oembed\" frameborder=\"0\" allow=\"accelerometer; autoplay; clipboard-write; encrypted-media; gyroscope; picture-in-picture; web-share\" referrerpolicy=\"strict-origin-when-cross-origin\" allowfullscreen><\/iframe><\/p>\n<p>&nbsp;<\/p>\n<hr \/>\n<p>&nbsp;<\/p>\n<blockquote>\n<p class=\"\" data-start=\"0\" data-end=\"88\"><strong data-start=\"0\" data-end=\"86\">FELTRE, GATTO INFILZATO NELL\u2019INFERRIATA: SALVATO DAI POMPIERI E PORTATO IN CLINICA<\/strong><\/p>\n<\/blockquote>\n<p class=\"\" data-start=\"90\" data-end=\"339\"><strong>FELTRE<\/strong> Momenti di grande apprensione nella zona del castello, dove un gatto \u00e8 rimasto infilzato nello spuntone di una porta ad arco. L\u2019animale, ferito all\u2019addome, si contorceva nel tentativo di liberarsi, rischiando di peggiorare la situazione. Pronto l\u2019intervento dei vigili del fuoco, che sono riusciti a sollevarlo con delicatezza e a liberarlo. Sul posto anche un <a class=\"dt-pswp-item\" href=\"https:\/\/www.radiopiu.net\/wordpress\/wp-content\/uploads\/2025\/04\/eec46eff-0a15-4171-abc2-e102f5bdb6c6.png\" data-dt-img-description=\"\" data-large_image_width=\"1024\" data-large_image_height=\"1024\"><img loading=\"lazy\" decoding=\"async\" class=\" wp-image-443364 alignleft\" src=\"https:\/\/www.radiopiu.net\/wordpress\/wp-content\/uploads\/2025\/04\/eec46eff-0a15-4171-abc2-e102f5bdb6c6-300x300.png\" alt=\"\" width=\"193\" height=\"193\" srcset=\"https:\/\/www.radiopiu.net\/wordpress\/wp-content\/uploads\/2025\/04\/eec46eff-0a15-4171-abc2-e102f5bdb6c6-300x300.png 300w, https:\/\/www.radiopiu.net\/wordpress\/wp-content\/uploads\/2025\/04\/eec46eff-0a15-4171-abc2-e102f5bdb6c6-150x150.png 150w, https:\/\/www.radiopiu.net\/wordpress\/wp-content\/uploads\/2025\/04\/eec46eff-0a15-4171-abc2-e102f5bdb6c6-768x768.png 768w, https:\/\/www.radiopiu.net\/wordpress\/wp-content\/uploads\/2025\/04\/eec46eff-0a15-4171-abc2-e102f5bdb6c6.png 1024w\" sizes=\"auto, (max-width: 193px) 100vw, 193px\" \/><\/a>veterinario dell\u2019Ulss, che ha verificato la gravit\u00e0 delle ferite. Scattata la corsa contro il tempo per trovare un ambulatorio aperto, resasi necessaria dopo la soppressione del servizio di reperibilit\u00e0 veterinaria pubblica nel 2018. Alla fine, il gatto \u00e8 stato portato in una clinica del Trevigiano dalla sua proprietaria.<\/p>\n<blockquote>\n<p class=\"\" data-start=\"0\" data-end=\"87\"><strong data-start=\"0\" data-end=\"85\">SEREN DEL GRAPPA, BRANCO DI LUPI SBRANA IL PONY PIPPO: \u00abGESTIONE FUORI CONTROLLO\u00bb<\/strong><\/p>\n<\/blockquote>\n<p class=\"\" data-start=\"89\" data-end=\"294\"><strong>SEREN DEL GRAPPA\u00a0<\/strong> a Rasai\u00a0 un branco di sei lupi ha attaccato un recinto vicino alle abitazioni, sbranando il pony Pippo, animale d\u2019affezione di Andrea Conz e della sua famiglia. Il pony, vent\u2019anni, era con la cavalla nel recinto elettrificato, ma non a prova di lupo. La cavalla \u00e8 sopravvissuta con un morso a una zampa. Conz, sconvolto, denuncia al Corriere delle Alpi, l\u2019escalation di attacchi: \u00abIn trent\u2019anni mai vissuta una cosa simile. \u00c8 il lupo ad essere fuori posto, non i nostri animali\u00bb. Gi\u00e0 due settimane fa c\u2019era stato un primo allarme e l\u2019intenzione di trasferire i cavalli altrove. Dopo l\u2019aggressione, l\u2019unica sopravvissuta \u00e8 stata recuperata dai nuovi proprietari.<\/p>\n<p>&nbsp;<\/p>\n<hr \/>\n<p>&nbsp;<\/p>\n<blockquote>\n<h3>SAN MARTINO, PRONTO IL NUOVO PIANO PARCHEGGI: SOSTE CON DISCO ORARIO E SPAZI RISERVATI, MA NESSUN PEDAGGIO<\/h3>\n<\/blockquote>\n<p><strong>BELLUNO<\/strong><\/p>\n<p class=\"\" data-start=\"114\" data-end=\"514\"><img loading=\"lazy\" decoding=\"async\" class=\"alignleft\" src=\"https:\/\/www.radiopiu.net\/wordpress\/wp-content\/uploads\/2024\/12\/OSPEDALE-BELLUNO.jpg\" width=\"203\" height=\"109\" \/>L\u2019Ulss 1 Dolomiti ha definito il piano per la riorganizzazione del parcheggio dell\u2019ospedale San Martino di Belluno, da tempo al centro delle lamentele degli utenti. Niente parcheggio a pagamento, ma sosta regolata con disco orario di tre ore (dalle 8 alle 20), controlli, nuova illuminazione e spazi suddivisi per categorie: personale ospedaliero, associazioni di volontariato e utenti giornalieri. Il personale avr\u00e0 posti nell\u2019area pi\u00f9 lontana, mentre saranno riservati alcuni stalli alle associazioni che accompagnano anziani e persone fragili. Gli utenti giornalieri avranno spazi specifici, con verifica del rispetto dei tempi di sosta. Il commissario straordinario Giuseppe Dal Ben conferma: il piano \u00e8 pronto e mira a contrastare l\u2019uso improprio del parcheggio da parte di chi lascia l\u2019auto per andare a lavorare in centro. Nessun ampliamento degli spazi, ma una migliore gestione per garantire un accesso pi\u00f9 ordinato e funzionale.<\/p>\n<p>&nbsp;<\/p>\n<h1 class=\"_title post-title entry-title\">BELLUNO | PIANO DELL\u2019ULSS CONTRO LA SOSTA SELVAGGIA AL SAN MARTINO<\/h1>\n<p>Intervistati GIUSEPPE DAL BEN (COMMISSARIO ULSS 1 DOLOMITI) (Servizio di\u00a0<a href=\"https:\/\/antennatre.medianordest.it\/redazione\/Tiziana-Bolognani\/\">Tiziana Bolognani<\/a>)<\/p>\n<p><iframe loading=\"lazy\" title=\"PIANO DELL&#039;ULSS CONTRO LA SOSTA SELVAGGIA AL SAN MARTINO | 04\/04\/2025\" width=\"1200\" height=\"675\" src=\"https:\/\/www.youtube.com\/embed\/60rIoJaoWsE?feature=oembed\" frameborder=\"0\" allow=\"accelerometer; autoplay; clipboard-write; encrypted-media; gyroscope; picture-in-picture; web-share\" referrerpolicy=\"strict-origin-when-cross-origin\" allowfullscreen><\/iframe><\/p>\n<p>&nbsp;<\/p>\n<hr \/>\n<p>&nbsp;<\/p>\n<blockquote>\n<h3>&#8220;CARA ISPETTRICE QUI MANCA LA SERENITA'&#8221;. LA LETTERA DEI GENITORI<\/h3>\n<\/blockquote>\n<p><strong>AGORDO<\/strong><\/p>\n<article class=\"text-token-text-primary w-full\" dir=\"auto\" data-testid=\"conversation-turn-28\" data-scroll-anchor=\"true\">\n<div class=\"text-base my-auto mx-auto py-5 px-6\">\n<div class=\"mx-auto flex flex-1 text-base gap-4 md:gap-5 lg:gap-6 md:max-w-3xl group\/turn-messages focus-visible:outline-hidden\" tabindex=\"-1\">\n<div class=\"group\/conversation-turn relative flex w-full min-w-0 flex-col agent-turn @xs\/thread:px-0 @sm\/thread:px-1.5 @md\/thread:px-4\">\n<div class=\"relative flex-col gap-1 md:gap-3\">\n<div class=\"flex max-w-full flex-col grow\">\n<div class=\"min-h-8 text-message relative flex w-full flex-col items-end gap-2 text-start break-words whitespace-normal [.text-message+&amp;]:mt-5\" dir=\"auto\" data-message-author-role=\"assistant\" data-message-id=\"611a3941-0cf8-46ec-97f8-c8c5e7ae94b7\" data-message-model-slug=\"gpt-4o\">\n<div class=\"flex w-full flex-col gap-1 empty:hidden first:pt-[3px]\">\n<div class=\"markdown prose dark:prose-invert w-full break-words dark\">\n<p class=\"\" data-start=\"0\" data-end=\"524\"><img loading=\"lazy\" decoding=\"async\" class=\"alignleft\" src=\"https:\/\/www.radiopiu.net\/wordpress\/wp-content\/uploads\/2025\/04\/9af49fef-6c2f-4290-a1af-b746eb9a67a5-300x300.png\" width=\"152\" height=\"152\" \/>A seguito della crescente tensione al Follador di Agordo, i rappresentanti dei genitori di 21 classi su 31 hanno scritto all&#8217;Ufficio scolastico regionale, in particolare all&#8217;ispettrice Maria Mapelli, per segnalare diverse problematiche nell&#8217;istituto. Tra le principali criticit\u00e0 ci sono: la doppia autorizzazione obbligatoria per le attivit\u00e0 scolastiche, ritardi nell&#8217;organizzazione dei viaggi d\u2019istruzione, difficolt\u00e0 nella programmazione delle uscite tecniche, e la mancanza di risposte alle richieste di assemblee di classe. Inoltre, i genitori lamentano l&#8217;assenza di docenti in due classi per pi\u00f9 di un mese, con le ore lasciate scoperte e affidate ad altri insegnanti. Un altro problema riguarda il convitto di Falcade, dove sono emersi disagi come la mancata colazione per gli studenti impegnati in attivit\u00e0 mattutine. Nonostante le numerose criticit\u00e0, i genitori sottolineano che l\u2019obiettivo della loro lettera \u00e8 promuovere un recupero della serenit\u00e0 e del dialogo con la scuola, essenziali per un rapporto di fiducia.<\/p>\n<hr \/>\n<blockquote>\n<h2 data-start=\"0\" data-end=\"524\"><\/h2>\n<h2 data-start=\"0\" data-end=\"524\">&#8220;FALCADE CONFERMA IL RITIRO ESTIVO DEL VENEZIA CALCIO PER LE STAGIONI 2025 E 2026&#8221;<\/h2>\n<p><strong>FALCADE<\/strong><\/p>\n<p><img loading=\"lazy\" decoding=\"async\" class=\"alignleft\" src=\"https:\/\/www.radiopiu.net\/wordpress\/wp-content\/uploads\/2025\/04\/Senza-nome-20.png\" width=\"165\" height=\"120\" \/>Il Comune di Falcade ha assegnato un incarico da 146.400 euro alla societ\u00e0 PromoFalcade Dolomiti per organizzare il ritiro estivo del Venezia Calcio per le stagioni 2025 e 2026. Questo accordo, che si inserisce in un contratto quadriennale firmato all&#8217;inizio del 2023, conferma la permanenza della squadra a Falcade per il terzo e quarto anno consecutivo. Il Comune, che ha finanziato il primo biennio, coprir\u00e0 ora il costo del secondo, delegando alla societ\u00e0 di promozione il compito di gestire le due settimane di allenamenti.\u00a0 Durante il ritiro, il Comune ha migliorato strutture sportive e alloggi, contribuendo alla valorizzazione turistica. Le date precise del ritiro saranno definite in base ai risultati sportivi della stagione.<\/p><\/blockquote>\n<\/div>\n<\/div>\n<\/div>\n<\/div>\n<\/div>\n<\/div>\n<\/div>\n<\/div>\n<\/article>\n<p>&nbsp;<\/p>\n<hr \/>\n<p>&nbsp;<\/p>\n<blockquote>\n<h2>OLIMPIADI 2026: IL PD BELLUNO DOLOMITI CONTESTA LA CHIUSURA DELLE SCUOLE PER PROBLEMI DI TRASPORTO<\/h2>\n<\/blockquote>\n<blockquote><p><strong>BELLUNO<\/strong><\/p>\n<p><em>&#8220;Olimpiadi, scuole e trasporti. Ma ce lo ricordiamo il dossier di candidatura? L\u2019unica soluzione avvallata, a quanto pare, anche in Regione, \u00e8 quella di togliere un servizio ai cittadini di tutta la provincia in favore di atleti e turisti.\u00a0 Erano davvero queste le Olimpiadi di cui avevamo bisogno?&#8221;<\/em><\/p><\/blockquote>\n<p class=\"\" data-start=\"0\" data-end=\"297\"><a class=\"dt-pswp-item\" href=\"https:\/\/www.radiopiu.net\/wordpress\/wp-content\/uploads\/2025\/04\/Senza-nome-19.png\" data-dt-img-description=\"\" data-large_image_width=\"263\" data-large_image_height=\"182\"><img loading=\"lazy\" decoding=\"async\" class=\" wp-image-443202 alignleft\" src=\"https:\/\/www.radiopiu.net\/wordpress\/wp-content\/uploads\/2025\/04\/Senza-nome-19.png\" alt=\"\" width=\"205\" height=\"142\" \/><\/a>Il Partito Democratico Belluno Dolomiti ribadisce il proprio sostegno alle Olimpiadi 2026, purch\u00e9 rispettino le finalit\u00e0 del dossier di candidatura. Tuttavia, esprime sconcerto per la richiesta di Dolomitibus di chiudere gli istituti superiori della provincia per problemi di trasporto pubblico.<\/p>\n<p class=\"\" data-start=\"299\" data-end=\"626\">Simonetta Beppiani (foto) responsabile sport-olimpiadi del PD locale, sottolinea che il dossier olimpico prevedeva il potenziamento dei trasporti pubblici come beneficio duraturo per le comunit\u00e0 montane. Invece, la soluzione adottata sembra penalizzare i cittadini, privandoli di un servizio essenziale come il diritto allo studio.<\/p>\n<p class=\"\" data-start=\"628\" data-end=\"941\">Secondo il PD Belluno Dolomiti, questa scelta dimostra che il dossier olimpico \u00e8 ormai privo di valore concreto: nessun miglioramento dei servizi, nessuna sostenibilit\u00e0, nessun beneficio reale per la provincia. Beppiani conclude chiedendosi se queste siano davvero le Olimpiadi di cui il territorio aveva bisogno.<\/p>\n<p>&nbsp;<\/p>\n<hr \/>\n<p>&nbsp;<\/p>\n<blockquote>\n<h3>LA RIVOLUZIONE SILENZIOSA NELLA SANITA&#8217;<\/h3>\n<\/blockquote>\n<p><strong><a class=\"dt-pswp-item\" href=\"https:\/\/www.radiopiu.net\/wordpress\/wp-content\/uploads\/2025\/04\/LANZARIN-PALCO-1.jpeg\" data-dt-img-description=\"\" data-large_image_width=\"1600\" data-large_image_height=\"1200\"><img loading=\"lazy\" decoding=\"async\" class=\" wp-image-443302 alignleft\" src=\"https:\/\/www.radiopiu.net\/wordpress\/wp-content\/uploads\/2025\/04\/LANZARIN-PALCO-1-300x225.jpeg\" alt=\"\" width=\"188\" height=\"141\" srcset=\"https:\/\/www.radiopiu.net\/wordpress\/wp-content\/uploads\/2025\/04\/LANZARIN-PALCO-1-300x225.jpeg 300w, https:\/\/www.radiopiu.net\/wordpress\/wp-content\/uploads\/2025\/04\/LANZARIN-PALCO-1-1024x768.jpeg 1024w, https:\/\/www.radiopiu.net\/wordpress\/wp-content\/uploads\/2025\/04\/LANZARIN-PALCO-1-768x576.jpeg 768w, https:\/\/www.radiopiu.net\/wordpress\/wp-content\/uploads\/2025\/04\/LANZARIN-PALCO-1-1536x1152.jpeg 1536w, https:\/\/www.radiopiu.net\/wordpress\/wp-content\/uploads\/2025\/04\/LANZARIN-PALCO-1.jpeg 1600w\" sizes=\"auto, (max-width: 188px) 100vw, 188px\" \/><\/a>VENEZIA<\/strong> In Veneto, la rivoluzione silenziosa della sanit\u00e0 \u00e8 in corso da tempo, con innovazioni negli ospedali, nella telemedicina e nelle tecnologie avanzate. Tuttavia, senza il capitale umano, ogni progresso sarebbe inutile. Al congresso di Jesolo, l\u2019Assessore alla Sanit\u00e0 ha sottolineato l&#8217;importanza delle professioni sanitarie per garantire cure eque e sostenibili a livello globale. L\u2019intelligenza artificiale \u00e8 un aiuto prezioso per diagnosi e terapie, ma non sostituisce il fattore umano. In particolare, il ruolo degli infermieri deve essere valorizzato con maggiore autonomia, crescita professionale e riconoscimento economico, poich\u00e9 affrontano sfide cruciali come cronicit\u00e0, invecchiamento e assistenza domiciliare.<\/p>\n<p>&nbsp;<\/p>\n<p>&nbsp;<\/p>\n<hr \/>\n<p>&nbsp;<\/p>\n<blockquote>\n<h3>SIB: RISANATO SENZA SCAVO UN TRATTO DI RETE FOGNARIA A BELLUNO CENTRO<\/h3>\n<\/blockquote>\n<p><strong>BELLUNO <\/strong>Nel centro di Belluno, Servizi Integrati Bellunesi ha rinnovato cinque tratti di fognatura in via Cipro, Ripa e Catullo utilizzando la tecnologia \u201cno-dig\u201d, che evita scavi invasivi. L\u2019intervento, realizzato in collaborazione con la ditta Iliria di Noventa di Piave, si \u00e8 svolto in tre giornate, due delle quali in notturna. La tecnica impiegata, il relining, ha previsto l\u2019inserimento di una guaina in fibra di vetro impregnata di resine all\u2019interno delle tubazioni esistenti. Questa \u00e8 stata poi pressurizzata e fissata con lampade LED, ripristinando cos\u00ec l\u2019integrit\u00e0 delle condotte. Le operazioni sono state precedute da videoispezioni e pulizia delle tubature. Il presidente di SIB, Attilio Sommavilla, ha sottolineato i vantaggi del metodo: esecuzione rapida, ridotti costi e impatti ambientali minimi. Pur non essendo applicabile ovunque, quando possibile rappresenta una soluzione efficace per la sostenibilit\u00e0 e il benessere della comunit\u00e0. Al termine dei lavori, sono stati riaperti tutti gli allacci esistenti, garantendo il pieno ripristino della rete fognaria.<\/p>\n\n\t\t\t<style type='text\/css'>\n\t\t\t\t#gallery-2 {\n\t\t\t\t\tmargin: auto;\n\t\t\t\t}\n\t\t\t\t#gallery-2 .gallery-item {\n\t\t\t\t\tfloat: left;\n\t\t\t\t\tmargin-top: 10px;\n\t\t\t\t\ttext-align: center;\n\t\t\t\t\twidth: 33%;\n\t\t\t\t}\n\t\t\t\t#gallery-2 img {\n\t\t\t\t\tborder: 2px solid #cfcfcf;\n\t\t\t\t}\n\t\t\t\t#gallery-2 .gallery-caption {\n\t\t\t\t\tmargin-left: 0;\n\t\t\t\t}\n\t\t\t\t\/* see gallery_shortcode() in wp-includes\/media.php *\/\n\t\t\t<\/style>\n\t\t<div id='gallery-2' class='dt-gallery-container gallery galleryid-443134 gallery-columns-3 gallery-size-thumbnail'><dl class='gallery-item'>\n\t\t\t\t<dt class='gallery-icon portrait'>\n\t\t\t\t\t<a class=\"rollover rollover-zoom dt-pswp-item\" title=\"oplus_32\" data-dt-img-description=\"\" data-large_image_width=\"850\" data-large_image_height=\"1134\"href='https:\/\/www.radiopiu.net\/wordpress\/wp-content\/uploads\/2025\/04\/1_il-cantiere.jpg'><img loading=\"lazy\" decoding=\"async\" width=\"150\" height=\"150\" src=\"https:\/\/www.radiopiu.net\/wordpress\/wp-content\/uploads\/2025\/04\/1_il-cantiere-150x150.jpg\" class=\"attachment-thumbnail size-thumbnail\" alt=\"\" \/><\/a>\n\t\t\t\t<\/dt><\/dl><dl class='gallery-item'>\n\t\t\t\t<dt class='gallery-icon portrait'>\n\t\t\t\t\t<a class=\"rollover rollover-zoom dt-pswp-item\" title=\"2_la fase di riscaldamento a LED della guaina inserita\" data-dt-img-description=\"\" data-large_image_width=\"1201\" data-large_image_height=\"1600\"href='https:\/\/www.radiopiu.net\/wordpress\/wp-content\/uploads\/2025\/04\/2_la-fase-di-riscaldamento-a-LED-della-guaina-inserita.jpg'><img loading=\"lazy\" decoding=\"async\" width=\"150\" height=\"150\" src=\"https:\/\/www.radiopiu.net\/wordpress\/wp-content\/uploads\/2025\/04\/2_la-fase-di-riscaldamento-a-LED-della-guaina-inserita-150x150.jpg\" class=\"attachment-thumbnail size-thumbnail\" alt=\"\" \/><\/a>\n\t\t\t\t<\/dt><\/dl><dl class='gallery-item'>\n\t\t\t\t<dt class='gallery-icon portrait'>\n\t\t\t\t\t<a class=\"rollover rollover-zoom dt-pswp-item\" title=\"3_il mezzo per le videoispezioni\" data-dt-img-description=\"\" data-large_image_width=\"1201\" data-large_image_height=\"1600\"href='https:\/\/www.radiopiu.net\/wordpress\/wp-content\/uploads\/2025\/04\/3_il-mezzo-per-le-videoispezioni.jpg'><img loading=\"lazy\" decoding=\"async\" width=\"150\" height=\"150\" src=\"https:\/\/www.radiopiu.net\/wordpress\/wp-content\/uploads\/2025\/04\/3_il-mezzo-per-le-videoispezioni-150x150.jpg\" class=\"attachment-thumbnail size-thumbnail\" alt=\"\" \/><\/a>\n\t\t\t\t<\/dt><\/dl><br style=\"clear: both\" \/>\n\t\t\t<\/div>\n\n<p>&nbsp;<\/p>\n<hr \/>\n<p>&nbsp;<\/p>\n<blockquote>\n<h3>INIZIATI I LAVORI DEL PROGETTO SISUS<\/h3>\n<\/blockquote>\n<p><strong><a class=\"dt-pswp-item\" href=\"https:\/\/www.radiopiu.net\/wordpress\/wp-content\/uploads\/2025\/04\/a0b8d899-a4be-481b-8fd0-f0ab6620c8d7.jpg\" data-dt-img-description=\"\" data-large_image_width=\"1320\" data-large_image_height=\"1100\"><img loading=\"lazy\" decoding=\"async\" class=\" wp-image-443288 alignleft\" src=\"https:\/\/www.radiopiu.net\/wordpress\/wp-content\/uploads\/2025\/04\/a0b8d899-a4be-481b-8fd0-f0ab6620c8d7-300x250.jpg\" alt=\"\" width=\"170\" height=\"142\" srcset=\"https:\/\/www.radiopiu.net\/wordpress\/wp-content\/uploads\/2025\/04\/a0b8d899-a4be-481b-8fd0-f0ab6620c8d7-300x250.jpg 300w, https:\/\/www.radiopiu.net\/wordpress\/wp-content\/uploads\/2025\/04\/a0b8d899-a4be-481b-8fd0-f0ab6620c8d7-1024x853.jpg 1024w, https:\/\/www.radiopiu.net\/wordpress\/wp-content\/uploads\/2025\/04\/a0b8d899-a4be-481b-8fd0-f0ab6620c8d7-768x640.jpg 768w, https:\/\/www.radiopiu.net\/wordpress\/wp-content\/uploads\/2025\/04\/a0b8d899-a4be-481b-8fd0-f0ab6620c8d7.jpg 1320w\" sizes=\"auto, (max-width: 170px) 100vw, 170px\" \/><\/a>BELLUNO <\/strong>Sono iniziati i lavori di riqualificazione delle aree verdi del cimitero di Prade, nell\u2019ambito del progetto SISUS, finanziato dal PR FESR 2021-2027 della Regione Veneto. L\u2019intervento, affidato all\u2019Azienda Agricola Fratelli Buccelletti, prevede il rinnovo del viale alberato d\u2019accesso e la sistemazione delle aree circostanti con la piantumazione di specie autoctone, favorendo la biodiversit\u00e0. Il termine \u00e8 previsto entro giugno. Le attuali tuje, malate e pericolanti, saranno sostituite con nuovi esemplari, ripristinando il legame con i cippi commemorativi della Prima Guerra Mondiale. Il progetto, del valore di 319.795,81 euro, prevede la piantumazione di 286 alberi e arbusti, con importanti benefici ambientali. Il Comune di Belluno, capofila del progetto, ha collaborato con Santa Giustina e altri comuni della provincia.<\/p>\n<p>&nbsp;<\/p>\n<p>&nbsp;<\/p>\n<hr \/>\n<p>&nbsp;<\/p>\n<blockquote>\n<h3>AL VIA GLI INCONTRI DI GIOVANI &amp; FUTURO<\/h3>\n<\/blockquote>\n<p><strong>BELLUNO <\/strong>Gioved\u00ec 3 aprile \u00e8 iniziato a Belluno il ciclo di incontri di Giovani&amp;Futuro con le associazioni di categoria per contrastare lo spopolamento. Il primo confronto ha visto la partecipazione di Sonia Bridda (UIL), Luca Frescura e Lorenzo Pellizzari. Al centro del dibattito il progetto &#8220;Viviamo la montagna&#8221;, che punta sulla residenzialit\u00e0 come leva di sviluppo. Si \u00e8 discusso anche della riduzione delle bollette dell\u2019acqua, con l\u2019obiettivo di risparmiare 4-5 milioni di euro l\u2019anno.<\/p>\n<p>&nbsp;<\/p>\n<hr \/>\n<p>&nbsp;<\/p>\n<blockquote>\n<h3>LA MOSTRA DI ANDY WARHOL A BELLUNO<\/h3>\n<\/blockquote>\n<p><strong><a class=\"dt-pswp-item\" href=\"https:\/\/www.radiopiu.net\/wordpress\/wp-content\/uploads\/2025\/04\/Andy_Warhol_at_the_Jewish_Museum_by_Bernard_Gotfryd_\u2013_LOC.jpg\" data-dt-img-description=\"\" data-large_image_width=\"1200\" data-large_image_height=\"1744\"><img loading=\"lazy\" decoding=\"async\" class=\" wp-image-443286 alignleft\" src=\"https:\/\/www.radiopiu.net\/wordpress\/wp-content\/uploads\/2025\/04\/Andy_Warhol_at_the_Jewish_Museum_by_Bernard_Gotfryd_\u2013_LOC-206x300.jpg\" alt=\"\" width=\"119\" height=\"173\" srcset=\"https:\/\/www.radiopiu.net\/wordpress\/wp-content\/uploads\/2025\/04\/Andy_Warhol_at_the_Jewish_Museum_by_Bernard_Gotfryd_\u2013_LOC-206x300.jpg 206w, https:\/\/www.radiopiu.net\/wordpress\/wp-content\/uploads\/2025\/04\/Andy_Warhol_at_the_Jewish_Museum_by_Bernard_Gotfryd_\u2013_LOC-705x1024.jpg 705w, https:\/\/www.radiopiu.net\/wordpress\/wp-content\/uploads\/2025\/04\/Andy_Warhol_at_the_Jewish_Museum_by_Bernard_Gotfryd_\u2013_LOC-768x1116.jpg 768w, https:\/\/www.radiopiu.net\/wordpress\/wp-content\/uploads\/2025\/04\/Andy_Warhol_at_the_Jewish_Museum_by_Bernard_Gotfryd_\u2013_LOC-1057x1536.jpg 1057w, https:\/\/www.radiopiu.net\/wordpress\/wp-content\/uploads\/2025\/04\/Andy_Warhol_at_the_Jewish_Museum_by_Bernard_Gotfryd_\u2013_LOC.jpg 1200w\" sizes=\"auto, (max-width: 119px) 100vw, 119px\" \/><\/a>BELLUNO <\/strong>A Palazzo Fulcis di Belluno si avvicina l\u2019inaugurazione della mostra <strong data-start=\"69\" data-end=\"122\">\u201c<\/strong>Andy Warhol \u2013 LOVE POP \u2013 Icons and masterpieces\u201d, che aprir\u00e0 al pubblico il 19 aprile e rester\u00e0 visitabile fino al 29 giugno. L\u2019esposizione, frutto della collaborazione tra l\u2019Amministrazione e imprenditori locali, porter\u00e0 in citt\u00e0 92 opere del maestro della pop art, provenienti dalla Rosini Gutman Collection. Il percorso espositivo si sviluppera\u0300 tra il sottotetto e gli altri piani del Museo civico, integrandosi con le collezioni permanenti. L\u2019evento rappresenta un\u2019importante occasione culturale e turistica per Belluno, con visite guidate, laboratori per famiglie e aperture speciali nei giorni festivi. Tra le opere esposte, pezzi iconici e memorabilia che raccontano la visione artistica di Warhol. Il biglietto della mostra consentir\u00e0 anche l\u2019accesso alle collezioni del Museo civico. L\u2019assessore alla cultura, Raffaele Addamiano, ha sottolineato l\u2019importanza della mostra per l\u2019indotto turistico e commerciale locale. Per aggiornamenti, \u00e8 possibile seguire i profili social ufficiali della mostra e il sito <strong data-start=\"1117\" data-end=\"1145\"><a class=\"\" href=\"http:\/\/www.andywarholbelluno.it\" target=\"_new\" rel=\"noopener\" data-start=\"1119\" data-end=\"1143\">www.andywarholbelluno.it<\/a><\/strong>.<\/p>\n<p>&nbsp;<\/p>\n<p>&nbsp;<\/p>\n<hr \/>\n<p>&nbsp;<\/p>\n<blockquote>\n<h3><a class=\"dt-pswp-item\" href=\"https:\/\/www.radiopiu.net\/wordpress\/wp-content\/uploads\/2025\/04\/Presentata-Caccia-Pesca-e-Natura-a-palazzo-Piloni-scaled.jpg\" data-dt-img-description=\"\" data-large_image_width=\"2560\" data-large_image_height=\"1708\"><img loading=\"lazy\" decoding=\"async\" class=\" wp-image-443335 alignleft\" src=\"https:\/\/www.radiopiu.net\/wordpress\/wp-content\/uploads\/2025\/04\/Presentata-Caccia-Pesca-e-Natura-a-palazzo-Piloni-300x200.jpg\" alt=\"\" width=\"219\" height=\"146\" srcset=\"https:\/\/www.radiopiu.net\/wordpress\/wp-content\/uploads\/2025\/04\/Presentata-Caccia-Pesca-e-Natura-a-palazzo-Piloni-300x200.jpg 300w, https:\/\/www.radiopiu.net\/wordpress\/wp-content\/uploads\/2025\/04\/Presentata-Caccia-Pesca-e-Natura-a-palazzo-Piloni-1024x683.jpg 1024w, https:\/\/www.radiopiu.net\/wordpress\/wp-content\/uploads\/2025\/04\/Presentata-Caccia-Pesca-e-Natura-a-palazzo-Piloni-768x513.jpg 768w, https:\/\/www.radiopiu.net\/wordpress\/wp-content\/uploads\/2025\/04\/Presentata-Caccia-Pesca-e-Natura-a-palazzo-Piloni-1536x1025.jpg 1536w, https:\/\/www.radiopiu.net\/wordpress\/wp-content\/uploads\/2025\/04\/Presentata-Caccia-Pesca-e-Natura-a-palazzo-Piloni-2048x1367.jpg 2048w\" sizes=\"auto, (max-width: 219px) 100vw, 219px\" \/><\/a>CACCIA PESCA E NATURA A LONGARONE FIERE<\/h3>\n<\/blockquote>\n<p><strong>LONGARONE<\/strong> La fiera \u201cCaccia, pesca e natura\u201d si terr\u00e0 a Longarone Fiere Dolomiti dall\u201911 al 13 aprile, con 118 espositori e 138 marchi da 12 regioni italiane e 5 Paesi. L\u2019evento, giunto alla 23\u00aa edizione, offre convegni e approfondimenti sul ruolo di cacciatori e pescatori nella gestione ambientale. Coldiretti evidenzia l\u2019alleanza con l\u2019agricoltura e il valore della filiera della carne di selvaggina. Sabato 12 si parler\u00e0 di pescaturismo. La Festa del Cacciatore, alla 28\u00aa edizione, esporr\u00e0 trofei e prodotti tipici. Previsto anche un concorso nazionale di tassidermia. Si attende un\u2019ampia partecipazione su 14.500 mq espositivi.<\/p>\n<p><strong>DI BARBARA PAOLAZZI<\/strong><\/p>\n<audio class=\"wp-audio-shortcode\" id=\"audio-443134-8\" preload=\"none\" style=\"width: 100%;\" controls=\"controls\"><source type=\"audio\/mpeg\" src=\"https:\/\/www.radiopiu.net\/wordpress\/wp-content\/uploads\/2025\/04\/PAOLAZZI-CACCIA-PESCA-LONGARONE.mp3?_=8\" \/><a href=\"https:\/\/www.radiopiu.net\/wordpress\/wp-content\/uploads\/2025\/04\/PAOLAZZI-CACCIA-PESCA-LONGARONE.mp3\">https:\/\/www.radiopiu.net\/wordpress\/wp-content\/uploads\/2025\/04\/PAOLAZZI-CACCIA-PESCA-LONGARONE.mp3<\/a><\/audio>\n<p>&nbsp;<\/p>\n<hr \/>\n<p>&nbsp;<\/p>\n<blockquote>\n<h3>ABILI AL LAVORO, L&#8217;INCONTRO A BELLUNO<\/h3>\n<\/blockquote>\n<p><strong><a class=\"dt-pswp-item\" href=\"https:\/\/www.radiopiu.net\/wordpress\/wp-content\/uploads\/2025\/04\/SCR-20250404-lsog.png\" data-dt-img-description=\"\" data-large_image_width=\"1190\" data-large_image_height=\"796\"><img loading=\"lazy\" decoding=\"async\" class=\" wp-image-443289 alignleft\" src=\"https:\/\/www.radiopiu.net\/wordpress\/wp-content\/uploads\/2025\/04\/SCR-20250404-lsog-300x201.png\" alt=\"\" width=\"182\" height=\"122\" srcset=\"https:\/\/www.radiopiu.net\/wordpress\/wp-content\/uploads\/2025\/04\/SCR-20250404-lsog-300x201.png 300w, https:\/\/www.radiopiu.net\/wordpress\/wp-content\/uploads\/2025\/04\/SCR-20250404-lsog-1024x685.png 1024w, https:\/\/www.radiopiu.net\/wordpress\/wp-content\/uploads\/2025\/04\/SCR-20250404-lsog-768x514.png 768w, https:\/\/www.radiopiu.net\/wordpress\/wp-content\/uploads\/2025\/04\/SCR-20250404-lsog.png 1190w\" sizes=\"auto, (max-width: 182px) 100vw, 182px\" \/><\/a>BELLUNO <\/strong><span class=\"gmail-C9DxTc\">Nell&#8217;ambito della campagna di informazione e sensibilizzazione sulle opportunit\u00e0 di inclusione lavorativa delle persone con disabilit\u00e0 in Veneto &#8220;<\/span><span class=\"gmail-C9DxTc\">ABILI AL LAVORO. Insieme cresciamo<\/span><span class=\"gmail-C9DxTc\">&#8220;, <\/span><span class=\"gmail-C9DxTc\">Regione del Veneto<\/span><span class=\"gmail-C9DxTc\"> e <\/span><span class=\"gmail-C9DxTc\">Veneto Lavoro<\/span><span class=\"gmail-C9DxTc\">, in collaborazione con Unioncamere del Veneto, organizzano un ciclo di incontri sul territorio regionale per informare le imprese sulle opportunit\u00e0 messe a disposizione dal Programma regionale di interventi in tema di collocamento mirato, dalla Legge n. 68\/1999 &#8220;Norme per il diritto al lavoro delle persone con disabilit\u00e0&#8221; e dagli altri strumenti normativi in materia. <\/span><span class=\"gmail-C9DxTc\">L&#8217;appuntamento di Belluno in programma gioved\u00ec dalle 10 alle 12:30 in sala Eliseo Dal Pont &#8220;Bianchi&#8221;, rappresenter\u00e0 l&#8217;occasione per fare il punto sui <\/span><span class=\"gmail-C9DxTc\">dati dell&#8217;inclusione lavorativa delle persone con disabilit\u00e0 nel territorio bellunese<\/span><span class=\"gmail-C9DxTc\">, scoprire le misure del Programma regionale di interventi in tema di collocamento mirato, il Servizio di Integrazione Lavorativa (SIL) delle Aziende ULSS del Veneto e approfondire alcuni degli strumenti pi\u00f9 efficaci per l&#8217;inserimento lavorativo delle persone con disabilit\u00e0.\u00a0<\/span><\/p>\n<p>&nbsp;<\/p>\n<p>&nbsp;<\/p>\n<hr \/>\n<p>&nbsp;<\/p>\n<blockquote>\n<h3>UN NUOVO BANDO DEL GAL PREALPI DOLOMITI<\/h3>\n<\/blockquote>\n<p><strong><a class=\"dt-pswp-item\" href=\"https:\/\/www.radiopiu.net\/wordpress\/wp-content\/uploads\/2025\/02\/logo_gal_prealpi_dolomiti.png\" data-dt-img-description=\"\" data-large_image_width=\"980\" data-large_image_height=\"650\"><img loading=\"lazy\" decoding=\"async\" class=\" wp-image-433565 alignleft\" src=\"https:\/\/www.radiopiu.net\/wordpress\/wp-content\/uploads\/2025\/02\/logo_gal_prealpi_dolomiti-300x199.png\" alt=\"\" width=\"137\" height=\"91\" srcset=\"https:\/\/www.radiopiu.net\/wordpress\/wp-content\/uploads\/2025\/02\/logo_gal_prealpi_dolomiti-300x199.png 300w, https:\/\/www.radiopiu.net\/wordpress\/wp-content\/uploads\/2025\/02\/logo_gal_prealpi_dolomiti-768x509.png 768w, https:\/\/www.radiopiu.net\/wordpress\/wp-content\/uploads\/2025\/02\/logo_gal_prealpi_dolomiti.png 980w\" sizes=\"auto, (max-width: 137px) 100vw, 137px\" \/><\/a>BELLUNO<\/strong> Il GAL Prealpi e Dolomiti ha pubblicato un nuovo bando per fondazioni e associazioni non a scopo di lucro, nell\u2019ambito del Programma di Sviluppo Locale 2023-2027 LEADER. L\u2019obiettivo \u00e8 finanziare investimenti per potenziare i servizi di base per la popolazione, migliorando strutture e infrastrutture sociali, culturali e ricreative. Sono ammissibili progetti nei Comuni del GAL, con un finanziamento totale di 150.000 euro, copertura del 100% e un massimo di 30.000 euro per progetto. Le domande vanno presentate entro il 3 luglio 2025. Il 10 aprile alle 17:00 si terr\u00e0 un incontro informativo presso il Centro Culturale di Santa Giustina. Le associazioni sportive sono escluse dal bando.<\/p>\n<p>&nbsp;<\/p>\n<p>&nbsp;<\/p>\n<hr \/>\n<p>&nbsp;<\/p>\n<blockquote>\n<h3>RIUNIONE NAZIONALE DELLA RETE EUROPE DIRECT: STRATEGIE E PRIORIT\u00c0 PER IL FUTURO DELL\u2019UE<\/h3>\n<\/blockquote>\n<p><strong><a class=\"dt-pswp-item\" href=\"https:\/\/www.radiopiu.net\/wordpress\/wp-content\/uploads\/2025\/04\/image007.png\" data-dt-img-description=\"\" data-large_image_width=\"234\" data-large_image_height=\"74\"><img loading=\"lazy\" decoding=\"async\" class=\" wp-image-443329 alignleft\" src=\"https:\/\/www.radiopiu.net\/wordpress\/wp-content\/uploads\/2025\/04\/image007.png\" alt=\"\" width=\"202\" height=\"64\" \/><\/a>FELTRE<\/strong> Il 7 e 8 aprile 2025, a Feltre e Pedavena, si terr\u00e0 la riunione nazionale della rete EUROPE DIRECT italiana, promossa dalla Commissione europea in Italia. L\u2019evento coinvolger\u00e0 46 centri EUROPE DIRECT, 52 Centri di Documentazione Europea e 36 membri del Team Europe Direct per discutere strategie di comunicazione sulle politiche europee. Interverranno rappresentanti istituzionali, tra cui i sindaci locali e i direttori della Commissione e del Parlamento europeo in Italia. Temi centrali saranno sicurezza, competitivit\u00e0, coesione, agricoltura, difesa, contrasto alla disinformazione e accesso alla casa. Il meeting, supportato da EUROPE DIRECT Montagna Veneta, servir\u00e0 a rafforzare il dialogo con i cittadini su sfide e priorit\u00e0 europee.<\/p>\n<p>&nbsp;<\/p>\n<p>&nbsp;<\/p>\n<hr \/>\n<p>&nbsp;<\/p>\n<h2><span style=\"color: #ff0000;\">CONSIGLI COMUNALI IN AGORDINO<\/span><\/h2>\n<p><strong>ROCCA PIETORE<\/strong> Consiglio Comunale luned\u00ec alle 18. L&#8217;ordine del giorno prevede nove punti, tra cui: approvazione dei verbali della seduta precedente, convenzione per la segreteria comunale con Alleghe e Selva di Cadore, bilancio di previsione 2025-2027 dell\u2019A.S.C.A., una variazione al bilancio, rinuncia al diritto di prelazione su un terreno con uso civico e diverse convenzioni per la gestione associata di servizi con l\u2019Unione Montana Agordina. Tra queste, vi sono la centrale unica di committenza, le strutture sportive, la gestione dei beni silvo-pastorali e la pianificazione di protezione civile.<\/p>\n<p><strong>TAIBON<\/strong> Lunedi 7 aprile consiglio comunale, all&#8217;ordine del giorno: variazioni al bilancio, nome in materia di uso civico, adozione piano di accertamento. Regolamento per l&#8217;utilizzo della pagina e canali social<\/p>\n<p><strong>ALLEGHE<\/strong> Consiglio comunale mercoled\u00ec alle 20:30. Nove punti da discutere tra cui la gestione associata di servizi con l\u2019Unione Montana Agordina. Tra queste, vi sono la centrale unica di committenza, le strutture sportive, la gestione dei beni silvo-pastorali e la pianificazione di protezione civile, una variazione a bilancio e la convenzione con i comuni di Rocca Pietore e Selva di Cadore per lo svolgimento in forma associata delle funzioni di segreteria<\/p>\n<p>&nbsp;<\/p>\n<p>&nbsp;<\/p>\n<hr \/>\n<p>&nbsp;<\/p>\n<blockquote>\n<h3>APERTO IL BANDO PER L&#8217;AFFIDAMENTO DELL&#8217;EX AFTER HOURS IN VALLE DI SAN LUCANO<\/h3>\n<\/blockquote>\n<p><strong><a class=\"dt-pswp-item\" href=\"https:\/\/www.radiopiu.net\/wordpress\/wp-content\/uploads\/2025\/04\/EX-AFTER-HOURS.jpg\" data-dt-img-description=\"\" data-large_image_width=\"1600\" data-large_image_height=\"1200\"><img loading=\"lazy\" decoding=\"async\" class=\" wp-image-443083 alignleft\" src=\"https:\/\/www.radiopiu.net\/wordpress\/wp-content\/uploads\/2025\/04\/EX-AFTER-HOURS-300x225.jpg\" alt=\"\" width=\"195\" height=\"146\" srcset=\"https:\/\/www.radiopiu.net\/wordpress\/wp-content\/uploads\/2025\/04\/EX-AFTER-HOURS-300x225.jpg 300w, https:\/\/www.radiopiu.net\/wordpress\/wp-content\/uploads\/2025\/04\/EX-AFTER-HOURS-1024x768.jpg 1024w, https:\/\/www.radiopiu.net\/wordpress\/wp-content\/uploads\/2025\/04\/EX-AFTER-HOURS-768x576.jpg 768w, https:\/\/www.radiopiu.net\/wordpress\/wp-content\/uploads\/2025\/04\/EX-AFTER-HOURS-1536x1152.jpg 1536w, https:\/\/www.radiopiu.net\/wordpress\/wp-content\/uploads\/2025\/04\/EX-AFTER-HOURS.jpg 1600w\" sizes=\"auto, (max-width: 195px) 100vw, 195px\" \/><\/a>TAIBON <\/strong>Il Comune di Taibon Agordino intende affidare in gestione, tramite asta pubblica con il criterio dell&#8217;offerta economicamente pi\u00f9 vantaggiosa, un locale ad uso bar-ristorante-pizzeria situato nella Valle di San Lucano. L\u2019edificio (ex After Hours), di propriet\u00e0 comunale, include cucina, servizi igienici, sale ristorante, terrazze, locali residenziali e un parcheggio. Ulteriori aree potranno essere incluse su richiesta dell\u2019aggiudicatario. Le offerte devono essere presentate entro le ore 15:30 del 5 maggio 2025 presso la sede comunale. L\u2019apertura delle buste avverr\u00e0 lo stesso giorno alle ore 17:00 in seduta pubblica. Una Commissione valuter\u00e0 le offerte, con analisi tecnica in seduta segreta. Per informazioni e sopralluoghi, contattare il Comune. Maggiori dettagli sulle condizioni di partecipazione sono disponibili sul sito istituzionale del comune di Taibon Agordino a questo link: <a href=\"https:\/\/www.comune.taibonagordino.bl.it\/it\/news\/affidamento-in-concessione-mediante-asta-pubblica-immobile-comunale-in-valle-di-san-lucano-localita-peschiere\"><span style=\"color: #3366ff;\"><strong>CLICCA QUI<\/strong><\/span><\/a><\/p>\n<p>&nbsp;<\/p>\n<p>&nbsp;<\/p>\n<hr \/>\n<p>&nbsp;<\/p>\n<blockquote>\n<h3>NASCE A BELLUNO \u201cVOCAL WAVES\u201d: IL CORO MODERNO CHE UNISCE ENERGIA, DIVERTIMENTO E STILI MUSICALI DIVERSI<\/h3>\n<\/blockquote>\n<p><strong><a href=\"https:\/\/www.radiopiu.net\/wordpress\/wp-content\/uploads\/2025\/04\/choir-7393900_640.webp\"><img loading=\"lazy\" decoding=\"async\" class=\" wp-image-443159 alignleft\" src=\"https:\/\/www.radiopiu.net\/wordpress\/wp-content\/uploads\/2025\/04\/choir-7393900_640-300x210.webp\" alt=\"\" width=\"174\" height=\"122\" srcset=\"https:\/\/www.radiopiu.net\/wordpress\/wp-content\/uploads\/2025\/04\/choir-7393900_640-300x210.webp 300w, https:\/\/www.radiopiu.net\/wordpress\/wp-content\/uploads\/2025\/04\/choir-7393900_640.webp 640w\" sizes=\"auto, (max-width: 174px) 100vw, 174px\" \/><\/a>BELLUNO<\/strong><\/p>\n<p class=\"\" data-start=\"59\" data-end=\"538\">A Belluno debutta \u201cVocal Waves\u201d, un coro misto dedicato agli appassionati di musica moderna. Aperto a uomini e donne dai 18 ai 65 anni, il progetto esplorer\u00e0 generi diversi, dal pop al rock, dal gospel al metal, offrendo un\u2019esperienza musicale emozionante. Non \u00e8 necessaria una preparazione musicale avanzata, ma \u00e8 richiesta una buona intonazione e conoscenza di base della lettura musicale. Il coro sar\u00e0 guidato da professionisti locali, con l\u2019ambizione di esibirsi in pubblico. L\u2019iniziativa \u00e8 nata dalla passione di Karyn Savalli, gi\u00e0 attiva nel panorama musicale locale, che ha collaborato con Diego De Pasqual e Radmila Visentin per realizzare questo progetto innovativo. Le prove si terranno ogni luned\u00ec, dalle 20:15 alle 22:00. Chi fosse interessato pu\u00f2 scrivere a <a class=\"cursor-pointer\" rel=\"noopener\" data-start=\"831\" data-end=\"855\">corovocalwaves@gmail.com<\/a><\/p>\n<p>&nbsp;<\/p>\n<hr \/>\n<p>&nbsp;<\/p>\n<blockquote>\n<h3 data-start=\"0\" data-end=\"73\"><strong data-start=\"0\" data-end=\"73\">ASSEMBLEA ANNUALE DELL&#8217;ASSOCIAZIONE AMICI DEI MINERARI E CENA SOCIALE<\/strong><\/h3>\n<\/blockquote>\n<p class=\"\" data-start=\"75\" data-end=\"88\"><strong>AGORDO<\/strong> Oggi si terr\u00e0 l&#8217;assemblea annuale dell&#8217;Associazione Amici dei Minerari. L&#8217;evento avr\u00e0 luogo presso la Sala Don Tamis, con inizio alle ore 17:30. Al termine dell&#8217;assemblea, alle ore 20:00, \u00e8 prevista una cena sociale presso il Ristorante Alle Antiche Miniere. Invitati tutti i soci e gli interessati a partecipare a questi momenti di incontro e condivisione. Per ulteriori informazioni, contattare l&#8217;Associazione Amici dei Minerari.<\/p>\n<p>&nbsp;<\/p>\n<hr \/>\n<p>&nbsp;<\/p>\n<blockquote>\n<h3>L&#8217;ASSEMBLEA DEL GAV DOMENICA AD AGORDO<\/h3>\n<\/blockquote>\n<p><strong>AGORDO <\/strong>L&#8217;Associazione GAV (Gruppo Assistenza Volontaria Odv) convoca i soci per l&#8217;assemblea ordinaria 2025, che si terr\u00e0 domani alle 11 al Centro Parrocchiale &#8220;mons. Savio&#8221; di Agordo. Sette punti all&#8217;ordine del giorno tra cui la relazione attivit\u00e0 2024, l&#8217;approvazione bilancio consuntivo 2024 e la presentazione delle attivit\u00e0 2025 Seguir\u00e0 un pranzo sociale presso il ristorante &#8220;San Martin&#8221;<\/p>\n<p>&nbsp;<\/p>\n<hr \/>\n<blockquote>\n<h3><\/h3>\n<h3>LA LUNA IN ALTA RISOLUZIONE<\/h3>\n<\/blockquote>\n<p><strong>FELTRE<\/strong> Oggi alle 21 la Luna sar\u00e0 al primo quarto e ben visibile per un\u2019osservazione ad alta risoluzione. Il telescopio Newton da 36 cm trasmetter\u00e0 immagini in diretta su un grande schermo, mentre il Dobson da 64 cm permetter\u00e0 osservazioni con ingrandimenti fino a 800x. Si tenter\u00e0 di vedere il sottile solco nella Valle Alpina e diversi crateri lunari. Sar\u00e0 possibile osservare anche Giove e alcune stelle doppie. In caso di maltempo, al planetario verranno proiettati filmati dei panorami lunari realizzati dai soci.<\/p>\n<p>&nbsp;<\/p>\n<p>&nbsp;<\/p>\n<hr \/>\n<p>&nbsp;<\/p>\n<blockquote>\n<h3 class=\"\" data-start=\"0\" data-end=\"70\"><strong data-start=\"4\" data-end=\"68\">ASSEMBLEA ORDINARIA DELL\u2019UNIONE ITALIANA CIECHI E IPOVEDENTI<\/strong><\/h3>\n<\/blockquote>\n<p class=\"\" data-start=\"72\" data-end=\"368\"><strong>BELLUNO<\/strong> Domenica 13 aprile 2025, alle\u00a0 9 nella Sala Muccin del Centro Congressi Giovanni XXIII di Belluno, si terr\u00e0 l\u2019Assemblea ordinaria dell\u2019Unione Italiana dei Ciechi e degli Ipovedenti. Durante l\u2019incontro si eleggeranno il nuovo Consiglio Direttivo e i rappresentanti regionali e nazionali.<\/p>\n<p>&nbsp;<\/p>\n<hr \/>\n<p>&nbsp;<\/p>\n<blockquote>\n<article class=\"w-full text-token-text-primary\" dir=\"auto\" data-testid=\"conversation-turn-4\" data-scroll-anchor=\"true\">\n<div class=\"text-base my-auto mx-auto py-5 px-6\">\n<div class=\"mx-auto flex flex-1 text-base gap-4 md:gap-5 lg:gap-6 md:max-w-3xl group\/turn-messages focus-visible:outline-none\" tabindex=\"-1\">\n<div class=\"group\/conversation-turn relative flex w-full min-w-0 flex-col agent-turn @xs\/thread:px-0 @sm\/thread:px-1.5 @md\/thread:px-4\">\n<div class=\"relative flex-col gap-1 md:gap-3\">\n<div class=\"flex max-w-full flex-col flex-grow\">\n<div class=\"min-h-8 text-message relative flex w-full flex-col items-end gap-2 whitespace-normal break-words text-start [.text-message+&amp;]:mt-5\" dir=\"auto\" data-message-author-role=\"assistant\" data-message-id=\"c95c95c6-a1ac-4866-a6e0-43ed1c022444\" data-message-model-slug=\"gpt-4o\">\n<div class=\"flex w-full flex-col gap-1 empty:hidden first:pt-[3px]\">\n<div class=\"markdown prose w-full break-words dark:prose-invert dark\">\n<p data-pm-slice=\"1 1 []\"><strong>Dal disegno al colore: a Canale d\u2019Agordo la personale di Lucio Groja<\/strong><\/p>\n<\/div>\n<\/div>\n<\/div>\n<\/div>\n<\/div>\n<\/div>\n<\/div>\n<\/div>\n<\/article>\n<\/blockquote>\n<article class=\"w-full text-token-text-primary\" dir=\"auto\" data-testid=\"conversation-turn-4\" data-scroll-anchor=\"true\">\n<div class=\"text-base my-auto mx-auto py-5 px-6\">\n<div class=\"mx-auto flex flex-1 text-base gap-4 md:gap-5 lg:gap-6 md:max-w-3xl group\/turn-messages focus-visible:outline-none\" tabindex=\"-1\">\n<div class=\"group\/conversation-turn relative flex w-full min-w-0 flex-col agent-turn @xs\/thread:px-0 @sm\/thread:px-1.5 @md\/thread:px-4\">\n<div class=\"absolute\">\n<div class=\"flex items-center justify-center\">\n<p class=\"\" data-start=\"37\" data-end=\"463\"><strong>CANALE D&#8217;AGORDO<\/strong> Dal 12 al 27 aprile 2025, la Sala consiliare del municipio di Canale d&#8217;Agordo ospiter\u00e0 la mostra &#8220;Dal disegno al colore&#8221;, personale di pittura dell&#8217;artista Lucio Groja.\u00a0 L\u2019inaugurazione \u00e8 prevista per sabato 12 aprile alle 17.30.\u00a0 L\u2019evento si inserisce nel panorama culturale locale come occasione di incontro con l\u2019arte contemporanea.<\/p>\n<\/div>\n<\/div>\n<\/div>\n<\/div>\n<\/div>\n<\/article>\n<p>&nbsp;<\/p>\n<hr \/>\n<blockquote>\n<h1><a class=\"dt-pswp-item\" href=\"https:\/\/www.radiopiu.net\/wordpress\/wp-content\/uploads\/2025\/04\/c7a133fc-92e7-43ad-95ea-fa9735327f99.jpg\" data-dt-img-description=\"\" data-large_image_width=\"1080\" data-large_image_height=\"1350\"><img loading=\"lazy\" decoding=\"async\" class=\"size-medium wp-image-443407 aligncenter\" src=\"https:\/\/www.radiopiu.net\/wordpress\/wp-content\/uploads\/2025\/04\/c7a133fc-92e7-43ad-95ea-fa9735327f99-240x300.jpg\" alt=\"\" width=\"240\" height=\"300\" srcset=\"https:\/\/www.radiopiu.net\/wordpress\/wp-content\/uploads\/2025\/04\/c7a133fc-92e7-43ad-95ea-fa9735327f99-240x300.jpg 240w, https:\/\/www.radiopiu.net\/wordpress\/wp-content\/uploads\/2025\/04\/c7a133fc-92e7-43ad-95ea-fa9735327f99-819x1024.jpg 819w, https:\/\/www.radiopiu.net\/wordpress\/wp-content\/uploads\/2025\/04\/c7a133fc-92e7-43ad-95ea-fa9735327f99-768x960.jpg 768w, https:\/\/www.radiopiu.net\/wordpress\/wp-content\/uploads\/2025\/04\/c7a133fc-92e7-43ad-95ea-fa9735327f99.jpg 1080w\" sizes=\"auto, (max-width: 240px) 100vw, 240px\" \/><\/a><\/h1>\n<h1><\/h1>\n<h1>PRONTI PER LA MARMOLADA&#8230;DA VOLTAGO IL BUONGIORNO VINTAGE<\/h1>\n<\/blockquote>\n<p><iframe loading=\"lazy\" title=\"WhatsApp Video 2025 04 05 at 07 23 13\" width=\"1200\" height=\"675\" src=\"https:\/\/www.youtube.com\/embed\/88jAxsK7ZRc?feature=oembed\" frameborder=\"0\" allow=\"accelerometer; autoplay; clipboard-write; encrypted-media; gyroscope; picture-in-picture; web-share\" referrerpolicy=\"strict-origin-when-cross-origin\" allowfullscreen><\/iframe><\/p>\n\n\t\t\t<style type='text\/css'>\n\t\t\t\t#gallery-3 {\n\t\t\t\t\tmargin: auto;\n\t\t\t\t}\n\t\t\t\t#gallery-3 .gallery-item {\n\t\t\t\t\tfloat: left;\n\t\t\t\t\tmargin-top: 10px;\n\t\t\t\t\ttext-align: center;\n\t\t\t\t\twidth: 20%;\n\t\t\t\t}\n\t\t\t\t#gallery-3 img {\n\t\t\t\t\tborder: 2px solid #cfcfcf;\n\t\t\t\t}\n\t\t\t\t#gallery-3 .gallery-caption {\n\t\t\t\t\tmargin-left: 0;\n\t\t\t\t}\n\t\t\t\t\/* see gallery_shortcode() in wp-includes\/media.php *\/\n\t\t\t<\/style>\n\t\t<div id='gallery-3' class='dt-gallery-container gallery galleryid-443134 gallery-columns-5 gallery-size-thumbnail'><dl class='gallery-item'>\n\t\t\t\t<dt class='gallery-icon portrait'>\n\t\t\t\t\t<a class=\"rollover rollover-zoom dt-pswp-item\" title=\"bfc65798-8a6a-406b-8507-32eaf19ee1c1\" data-dt-img-description=\"\" data-large_image_width=\"1126\" data-large_image_height=\"2000\"href='https:\/\/www.radiopiu.net\/wordpress\/wp-content\/uploads\/2025\/04\/bfc65798-8a6a-406b-8507-32eaf19ee1c1.jpg'><img loading=\"lazy\" decoding=\"async\" width=\"150\" height=\"150\" src=\"https:\/\/www.radiopiu.net\/wordpress\/wp-content\/uploads\/2025\/04\/bfc65798-8a6a-406b-8507-32eaf19ee1c1-150x150.jpg\" class=\"attachment-thumbnail size-thumbnail\" alt=\"\" \/><\/a>\n\t\t\t\t<\/dt><\/dl><dl class='gallery-item'>\n\t\t\t\t<dt class='gallery-icon portrait'>\n\t\t\t\t\t<a class=\"rollover rollover-zoom dt-pswp-item\" title=\"017e55d3-1a2b-4b5d-8a0f-02ef16fe3a59\" data-dt-img-description=\"\" data-large_image_width=\"1126\" data-large_image_height=\"2000\"href='https:\/\/www.radiopiu.net\/wordpress\/wp-content\/uploads\/2025\/04\/017e55d3-1a2b-4b5d-8a0f-02ef16fe3a59.jpg'><img loading=\"lazy\" decoding=\"async\" width=\"150\" height=\"150\" src=\"https:\/\/www.radiopiu.net\/wordpress\/wp-content\/uploads\/2025\/04\/017e55d3-1a2b-4b5d-8a0f-02ef16fe3a59-150x150.jpg\" class=\"attachment-thumbnail size-thumbnail\" alt=\"\" \/><\/a>\n\t\t\t\t<\/dt><\/dl><dl class='gallery-item'>\n\t\t\t\t<dt class='gallery-icon portrait'>\n\t\t\t\t\t<a class=\"rollover rollover-zoom dt-pswp-item\" title=\"1e83e7e3-8544-4342-a3b0-40883a2b64c3\" data-dt-img-description=\"\" data-large_image_width=\"1126\" data-large_image_height=\"2000\"href='https:\/\/www.radiopiu.net\/wordpress\/wp-content\/uploads\/2025\/04\/1e83e7e3-8544-4342-a3b0-40883a2b64c3.jpg'><img loading=\"lazy\" decoding=\"async\" width=\"150\" height=\"150\" src=\"https:\/\/www.radiopiu.net\/wordpress\/wp-content\/uploads\/2025\/04\/1e83e7e3-8544-4342-a3b0-40883a2b64c3-150x150.jpg\" class=\"attachment-thumbnail size-thumbnail\" alt=\"\" \/><\/a>\n\t\t\t\t<\/dt><\/dl><dl class='gallery-item'>\n\t\t\t\t<dt class='gallery-icon portrait'>\n\t\t\t\t\t<a class=\"rollover rollover-zoom dt-pswp-item\" title=\"e81b06aa-1a9f-4163-97a8-0f5bf7d2bdea\" data-dt-img-description=\"\" data-large_image_width=\"1126\" data-large_image_height=\"2000\"href='https:\/\/www.radiopiu.net\/wordpress\/wp-content\/uploads\/2025\/04\/e81b06aa-1a9f-4163-97a8-0f5bf7d2bdea.jpg'><img loading=\"lazy\" decoding=\"async\" width=\"150\" height=\"150\" src=\"https:\/\/www.radiopiu.net\/wordpress\/wp-content\/uploads\/2025\/04\/e81b06aa-1a9f-4163-97a8-0f5bf7d2bdea-150x150.jpg\" class=\"attachment-thumbnail size-thumbnail\" alt=\"\" \/><\/a>\n\t\t\t\t<\/dt><\/dl><dl class='gallery-item'>\n\t\t\t\t<dt class='gallery-icon portrait'>\n\t\t\t\t\t<a class=\"rollover rollover-zoom dt-pswp-item\" title=\"14520373-ec18-4425-9468-b00af2cd626c\" data-dt-img-description=\"\" data-large_image_width=\"1126\" data-large_image_height=\"2000\"href='https:\/\/www.radiopiu.net\/wordpress\/wp-content\/uploads\/2025\/04\/14520373-ec18-4425-9468-b00af2cd626c.jpg'><img loading=\"lazy\" decoding=\"async\" width=\"150\" height=\"150\" src=\"https:\/\/www.radiopiu.net\/wordpress\/wp-content\/uploads\/2025\/04\/14520373-ec18-4425-9468-b00af2cd626c-150x150.jpg\" class=\"attachment-thumbnail size-thumbnail\" alt=\"\" \/><\/a>\n\t\t\t\t<\/dt><\/dl><br style=\"clear: both\" \/><dl class='gallery-item'>\n\t\t\t\t<dt class='gallery-icon portrait'>\n\t\t\t\t\t<a class=\"rollover rollover-zoom dt-pswp-item\" title=\"8d82897c-8dfc-4864-bc1d-195e9ee1f4da\" data-dt-img-description=\"\" data-large_image_width=\"1126\" data-large_image_height=\"2000\"href='https:\/\/www.radiopiu.net\/wordpress\/wp-content\/uploads\/2025\/04\/8d82897c-8dfc-4864-bc1d-195e9ee1f4da.jpg'><img loading=\"lazy\" decoding=\"async\" width=\"150\" height=\"150\" src=\"https:\/\/www.radiopiu.net\/wordpress\/wp-content\/uploads\/2025\/04\/8d82897c-8dfc-4864-bc1d-195e9ee1f4da-150x150.jpg\" class=\"attachment-thumbnail size-thumbnail\" alt=\"\" \/><\/a>\n\t\t\t\t<\/dt><\/dl><dl class='gallery-item'>\n\t\t\t\t<dt class='gallery-icon portrait'>\n\t\t\t\t\t<a class=\"rollover rollover-zoom dt-pswp-item\" title=\"5805f54d-cd0b-438f-831a-8a772f8acdff\" data-dt-img-description=\"\" data-large_image_width=\"1126\" data-large_image_height=\"2000\"href='https:\/\/www.radiopiu.net\/wordpress\/wp-content\/uploads\/2025\/04\/5805f54d-cd0b-438f-831a-8a772f8acdff.jpg'><img loading=\"lazy\" decoding=\"async\" width=\"150\" height=\"150\" src=\"https:\/\/www.radiopiu.net\/wordpress\/wp-content\/uploads\/2025\/04\/5805f54d-cd0b-438f-831a-8a772f8acdff-150x150.jpg\" class=\"attachment-thumbnail size-thumbnail\" alt=\"\" \/><\/a>\n\t\t\t\t<\/dt><\/dl><dl class='gallery-item'>\n\t\t\t\t<dt class='gallery-icon landscape'>\n\t\t\t\t\t<a class=\"rollover rollover-zoom dt-pswp-item\" title=\"2f9c2948-6210-4c5c-bccb-16be0a5d0594\" data-dt-img-description=\"\" data-large_image_width=\"2000\" data-large_image_height=\"1126\"href='https:\/\/www.radiopiu.net\/wordpress\/wp-content\/uploads\/2025\/04\/2f9c2948-6210-4c5c-bccb-16be0a5d0594.jpg'><img loading=\"lazy\" decoding=\"async\" width=\"150\" height=\"150\" src=\"https:\/\/www.radiopiu.net\/wordpress\/wp-content\/uploads\/2025\/04\/2f9c2948-6210-4c5c-bccb-16be0a5d0594-150x150.jpg\" class=\"attachment-thumbnail size-thumbnail\" alt=\"\" \/><\/a>\n\t\t\t\t<\/dt><\/dl><dl class='gallery-item'>\n\t\t\t\t<dt class='gallery-icon landscape'>\n\t\t\t\t\t<a class=\"rollover rollover-zoom dt-pswp-item\" title=\"9a370cc5-f902-4874-bbf8-6ab497d7c235\" data-dt-img-description=\"\" data-large_image_width=\"2000\" data-large_image_height=\"1126\"href='https:\/\/www.radiopiu.net\/wordpress\/wp-content\/uploads\/2025\/04\/9a370cc5-f902-4874-bbf8-6ab497d7c235.jpg'><img loading=\"lazy\" decoding=\"async\" width=\"150\" height=\"150\" src=\"https:\/\/www.radiopiu.net\/wordpress\/wp-content\/uploads\/2025\/04\/9a370cc5-f902-4874-bbf8-6ab497d7c235-150x150.jpg\" class=\"attachment-thumbnail size-thumbnail\" alt=\"\" \/><\/a>\n\t\t\t\t<\/dt><\/dl>\n\t\t\t\t<br style='clear: both' \/>\n\t\t\t<\/div>\n\n<p>&nbsp;<\/p>\n<hr \/>\n<p>&nbsp;<\/p>\n<p>&nbsp;<\/p>\n<blockquote>\n<p class=\"\" data-start=\"0\" data-end=\"51\"><strong data-start=\"0\" data-end=\"51\">UOVA DI PASQUA AIL: RACCOLTA OFFERTE 4-6 APRILE<\/strong><\/p>\n<\/blockquote>\n<p class=\"\" data-start=\"53\" data-end=\"294\"><a class=\"dt-pswp-item\" href=\"https:\/\/www.radiopiu.net\/wordpress\/wp-content\/uploads\/2025\/04\/888a66c4-666f-4de5-ba8a-91e3b8ee2c2b.jpg\" data-dt-img-description=\"\" data-large_image_width=\"1600\" data-large_image_height=\"847\"><img loading=\"lazy\" decoding=\"async\" class=\"size-medium wp-image-442783 alignleft\" src=\"https:\/\/www.radiopiu.net\/wordpress\/wp-content\/uploads\/2025\/04\/888a66c4-666f-4de5-ba8a-91e3b8ee2c2b-300x159.jpg\" alt=\"\" width=\"300\" height=\"159\" srcset=\"https:\/\/www.radiopiu.net\/wordpress\/wp-content\/uploads\/2025\/04\/888a66c4-666f-4de5-ba8a-91e3b8ee2c2b-300x159.jpg 300w, https:\/\/www.radiopiu.net\/wordpress\/wp-content\/uploads\/2025\/04\/888a66c4-666f-4de5-ba8a-91e3b8ee2c2b-1024x542.jpg 1024w, https:\/\/www.radiopiu.net\/wordpress\/wp-content\/uploads\/2025\/04\/888a66c4-666f-4de5-ba8a-91e3b8ee2c2b-768x407.jpg 768w, https:\/\/www.radiopiu.net\/wordpress\/wp-content\/uploads\/2025\/04\/888a66c4-666f-4de5-ba8a-91e3b8ee2c2b-1536x813.jpg 1536w, https:\/\/www.radiopiu.net\/wordpress\/wp-content\/uploads\/2025\/04\/888a66c4-666f-4de5-ba8a-91e3b8ee2c2b.jpg 1600w\" sizes=\"auto, (max-width: 300px) 100vw, 300px\" \/><\/a>Dal 4 al 6 aprile, non perdere l&#8217;opportunit\u00e0 di contribuire alla raccolta fondi per l&#8217;AIL (Associazione Italiana contro le Leucemie) acquistando le tradizionali uova di Pasqua. Le offerte saranno raccolte in vari punti strategici della zona:<\/p>\n<ul data-start=\"296\" data-end=\"442\">\n<li class=\"\" data-start=\"296\" data-end=\"356\">\n<p class=\"\" data-start=\"298\" data-end=\"356\"><strong data-start=\"298\" data-end=\"308\">Agordo<\/strong>, presso il Centro Commerciale La Corte Agordina<\/p>\n<\/li>\n<li class=\"\" data-start=\"357\" data-end=\"399\">\n<p class=\"\" data-start=\"359\" data-end=\"399\"><strong data-start=\"359\" data-end=\"373\">Valcozzena<\/strong>, presso il Zum Brillenbar<\/p>\n<\/li>\n<li class=\"\" data-start=\"400\" data-end=\"442\">\n<p class=\"\" data-start=\"402\" data-end=\"442\"><strong data-start=\"402\" data-end=\"413\">Voltago<\/strong>, presso le Scuole Elementari<\/p>\n<\/li>\n<\/ul>\n<p class=\"\" data-start=\"444\" data-end=\"705\">Ogni uovo acquistato sosterr\u00e0 la ricerca e il supporto ai pazienti affetti da leucemia e altre malattie ematologiche. Un piccolo gesto che pu\u00f2 fare una grande differenza nella vita di chi ha bisogno. Vi aspettiamo numerosi per sostenere questa importante causa!<\/p>\n<p>&nbsp;<\/p>\n<p>&nbsp;<\/p>\n<hr \/>\n<p>&nbsp;<\/p>\n<h1><span style=\"color: #ff6600;\">IERI ALLA RADIO<\/span><\/h1>\n<h2><span style=\"color: #800080;\">&#8220;DINTORN E FORA VIA&#8221;\u00a0 IL PROGRAMMA\u00a0 A CURA DEL MUSLA<\/span><\/h2>\n<p><strong><b><a class=\"dt-pswp-item\" href=\"https:\/\/www.radiopiu.net\/wordpress\/wp-content\/uploads\/2024\/12\/GIORNALI.jpg\" data-dt-img-description=\"\" data-large_image_width=\"1280\" data-large_image_height=\"960\"><img loading=\"lazy\" decoding=\"async\" class=\" wp-image-425317 alignleft\" src=\"https:\/\/www.radiopiu.net\/wordpress\/wp-content\/uploads\/2024\/12\/GIORNALI-300x225.jpg\" alt=\"\" width=\"160\" height=\"120\" srcset=\"https:\/\/www.radiopiu.net\/wordpress\/wp-content\/uploads\/2024\/12\/GIORNALI-300x225.jpg 300w, https:\/\/www.radiopiu.net\/wordpress\/wp-content\/uploads\/2024\/12\/GIORNALI-1024x768.jpg 1024w, https:\/\/www.radiopiu.net\/wordpress\/wp-content\/uploads\/2024\/12\/GIORNALI-768x576.jpg 768w, https:\/\/www.radiopiu.net\/wordpress\/wp-content\/uploads\/2024\/12\/GIORNALI.jpg 1280w\" sizes=\"auto, (max-width: 160px) 100vw, 160px\" \/><\/a><\/b>PUNTATA DEL 04 APRILE 2025 ERIK MARCON<\/strong><\/p>\n<audio class=\"wp-audio-shortcode\" id=\"audio-443134-9\" preload=\"none\" style=\"width: 100%;\" controls=\"controls\"><source type=\"audio\/mpeg\" src=\"https:\/\/www.radiopiu.net\/wordpress\/wp-content\/uploads\/2025\/04\/MUSLA-1.mp3?_=9\" \/><a href=\"https:\/\/www.radiopiu.net\/wordpress\/wp-content\/uploads\/2025\/04\/MUSLA-1.mp3\">https:\/\/www.radiopiu.net\/wordpress\/wp-content\/uploads\/2025\/04\/MUSLA-1.mp3<\/a><\/audio>\n<p>&nbsp;<\/p>\n<p><strong>LA RACOLTA COMPLETA <a href=\"https:\/\/www.radiopiu.net\/wordpress\/musla\/\"><span style=\"color: #3366ff;\">CLICCA QUI<\/span><\/a><\/strong><\/p>\n<p>&nbsp;<\/p>\n<hr \/>\n<p>&nbsp;<\/p>\n<h2><span style=\"color: #99cc00;\">SPECIALE SOLIDARIETA&#8217; VENETO<\/span><\/h2>\n<p><strong><a class=\"dt-pswp-item\" href=\"https:\/\/www.radiopiu.net\/wordpress\/wp-content\/uploads\/2020\/05\/solidariet\u00e0-veneto.jpg\" data-dt-img-description=\"\" data-large_image_width=\"1373\" data-large_image_height=\"961\"><img loading=\"lazy\" decoding=\"async\" class=\" wp-image-134366 alignleft\" src=\"https:\/\/www.radiopiu.net\/wordpress\/wp-content\/uploads\/2020\/05\/solidariet\u00e0-veneto-300x210.jpg\" alt=\"\" width=\"193\" height=\"135\" srcset=\"https:\/\/www.radiopiu.net\/wordpress\/wp-content\/uploads\/2020\/05\/solidariet\u00e0-veneto-300x210.jpg 300w, https:\/\/www.radiopiu.net\/wordpress\/wp-content\/uploads\/2020\/05\/solidariet\u00e0-veneto-1024x717.jpg 1024w, https:\/\/www.radiopiu.net\/wordpress\/wp-content\/uploads\/2020\/05\/solidariet\u00e0-veneto-768x538.jpg 768w, https:\/\/www.radiopiu.net\/wordpress\/wp-content\/uploads\/2020\/05\/solidariet\u00e0-veneto.jpg 1373w\" sizes=\"auto, (max-width: 193px) 100vw, 193px\" \/><\/a>DI MIRKO MEZZACASA<\/strong><\/p>\n<p>OSPITE: Paolo Stefan, direttore Solidariet\u00e0 Veneto<\/p>\n<audio class=\"wp-audio-shortcode\" id=\"audio-443134-10\" preload=\"none\" style=\"width: 100%;\" controls=\"controls\"><source type=\"audio\/mpeg\" src=\"https:\/\/www.radiopiu.net\/wordpress\/wp-content\/uploads\/2025\/04\/PAOLO-STEFAN-APRILE-2025-1.mp3?_=10\" \/><a href=\"https:\/\/www.radiopiu.net\/wordpress\/wp-content\/uploads\/2025\/04\/PAOLO-STEFAN-APRILE-2025-1.mp3\">https:\/\/www.radiopiu.net\/wordpress\/wp-content\/uploads\/2025\/04\/PAOLO-STEFAN-APRILE-2025-1.mp3<\/a><\/audio>\n<p>&nbsp;<\/p>\n<hr \/>\n<p>&nbsp;<\/p>\n<h2><span style=\"color: #00ccff;\">MUSIC A B C, IL MONDO DELLA MUSICA UNA LETTERA ALLA VOLTA<\/span><\/h2>\n<p><span style=\"color: #ff0000;\"><strong><a class=\"dt-pswp-item\" href=\"https:\/\/www.radiopiu.net\/wordpress\/wp-content\/uploads\/2021\/07\/microfono-radio-ok-768x448-768x448-1.jpg\" data-dt-img-description=\"\" data-large_image_width=\"768\" data-large_image_height=\"448\"><img loading=\"lazy\" decoding=\"async\" class=\" wp-image-220632 alignleft\" src=\"https:\/\/www.radiopiu.net\/wordpress\/wp-content\/uploads\/2021\/07\/microfono-radio-ok-768x448-768x448-1-300x175.jpg\" alt=\"\" width=\"148\" height=\"86\" srcset=\"https:\/\/www.radiopiu.net\/wordpress\/wp-content\/uploads\/2021\/07\/microfono-radio-ok-768x448-768x448-1-300x175.jpg 300w, https:\/\/www.radiopiu.net\/wordpress\/wp-content\/uploads\/2021\/07\/microfono-radio-ok-768x448-768x448-1.jpg 768w\" sizes=\"auto, (max-width: 148px) 100vw, 148px\" \/><\/a>CON MARINA DONA&#8217; E DAVID &#8220;ATHOS&#8221; BEN<\/strong><\/span><\/p>\n<p><span style=\"color: #0000ff;\"><strong>PUNTATA DEL 04 APRILE 2025<\/strong><\/span><\/p>\n<p><strong>PRIMA PARTE<\/strong><\/p>\n<audio class=\"wp-audio-shortcode\" id=\"audio-443134-11\" preload=\"none\" style=\"width: 100%;\" controls=\"controls\"><source type=\"audio\/mpeg\" src=\"https:\/\/www.radiopiu.net\/wordpress\/wp-content\/uploads\/2025\/03\/GOLD1-3.mp3?_=11\" \/><a href=\"https:\/\/www.radiopiu.net\/wordpress\/wp-content\/uploads\/2025\/03\/GOLD1-3.mp3\">https:\/\/www.radiopiu.net\/wordpress\/wp-content\/uploads\/2025\/03\/GOLD1-3.mp3<\/a><\/audio>\n<p>&nbsp;<\/p>\n<p><strong>SECONDA PARTE<\/strong><\/p>\n<audio class=\"wp-audio-shortcode\" id=\"audio-443134-12\" preload=\"none\" style=\"width: 100%;\" controls=\"controls\"><source type=\"audio\/mpeg\" src=\"https:\/\/www.radiopiu.net\/wordpress\/wp-content\/uploads\/2025\/03\/GOLD2-3.mp3?_=12\" \/><a href=\"https:\/\/www.radiopiu.net\/wordpress\/wp-content\/uploads\/2025\/03\/GOLD2-3.mp3\">https:\/\/www.radiopiu.net\/wordpress\/wp-content\/uploads\/2025\/03\/GOLD2-3.mp3<\/a><\/audio>\n<p>&nbsp;<\/p>\n<p><strong>TERZA PARTE<\/strong><\/p>\n<audio class=\"wp-audio-shortcode\" id=\"audio-443134-13\" preload=\"none\" style=\"width: 100%;\" controls=\"controls\"><source type=\"audio\/mpeg\" src=\"https:\/\/www.radiopiu.net\/wordpress\/wp-content\/uploads\/2025\/03\/GOLD3-3.mp3?_=13\" \/><a href=\"https:\/\/www.radiopiu.net\/wordpress\/wp-content\/uploads\/2025\/03\/GOLD3-3.mp3\">https:\/\/www.radiopiu.net\/wordpress\/wp-content\/uploads\/2025\/03\/GOLD3-3.mp3<\/a><\/audio>\n<p>&nbsp;<\/p>\n<p><strong>LA RACCOLTA COMPLETA <a href=\"https:\/\/www.radiopiu.net\/wordpress\/music-a-b-c-il-mondo-della-musica-una-lettera-alla-volta-la-raccolta\/\"><span style=\"color: #3366ff;\">CLICCA QUI<\/span><\/a><\/strong><\/p>\n<p>&nbsp;<\/p>\n<hr \/>\n<p>&nbsp;<\/p>\n<blockquote class=\"wp-embedded-content\" data-secret=\"1XvAuXpAva\"><p><a href=\"https:\/\/www.radiopiu.net\/wordpress\/rivamonte-santantonio-2011\/\">RIVAMONTE, SANT&#8217;ANTONIO 2011<\/a><\/p><\/blockquote>\n<p><iframe loading=\"lazy\" class=\"wp-embedded-content\" sandbox=\"allow-scripts\" security=\"restricted\" style=\"position: absolute; visibility: hidden;\" title=\"&#8220;RIVAMONTE, SANT&#8217;ANTONIO 2011&#8221; &#8212; Radio Pi\u00f9\" src=\"https:\/\/www.radiopiu.net\/wordpress\/rivamonte-santantonio-2011\/embed\/#?secret=w2166SU8nV#?secret=1XvAuXpAva\" data-secret=\"1XvAuXpAva\" width=\"600\" height=\"338\" frameborder=\"0\" marginwidth=\"0\" marginheight=\"0\" scrolling=\"no\"><\/iframe><\/p>\n<p>&nbsp;<\/p>\n<p>&nbsp;<\/p>\n<blockquote>\n<h3>ARCADE SHOW..ELIA ALLA RADIO<\/h3>\n<\/blockquote>\n<p align=\"JUSTIFY\">Arcade show, Entra nella sala giochi ufficiale di RadioPi\u00f9! Inserisci la moneta e gioca insieme a noi! Attualit\u00e0, cinema, sport, social, spensieratezza e soprattutto musica! Il primo show like a game radiofonico in italia, condotto da Elia.<\/p>\n<p align=\"JUSTIFY\"><strong>PUNTATA 05\/1<\/strong><\/p>\n<audio class=\"wp-audio-shortcode\" id=\"audio-443134-14\" preload=\"none\" style=\"width: 100%;\" controls=\"controls\"><source type=\"audio\/mpeg\" src=\"https:\/\/www.radiopiu.net\/wordpress\/wp-content\/uploads\/2025\/04\/P5-BLOCCO1_mixdown.mp3?_=14\" \/><a href=\"https:\/\/www.radiopiu.net\/wordpress\/wp-content\/uploads\/2025\/04\/P5-BLOCCO1_mixdown.mp3\">https:\/\/www.radiopiu.net\/wordpress\/wp-content\/uploads\/2025\/04\/P5-BLOCCO1_mixdown.mp3<\/a><\/audio>\n<p align=\"JUSTIFY\"><strong>PUNTATA 05\/2<\/strong><\/p>\n<audio class=\"wp-audio-shortcode\" id=\"audio-443134-15\" preload=\"none\" style=\"width: 100%;\" controls=\"controls\"><source type=\"audio\/mpeg\" src=\"https:\/\/www.radiopiu.net\/wordpress\/wp-content\/uploads\/2025\/04\/P5-BLOCCO2_mixdown.mp3?_=15\" \/><a href=\"https:\/\/www.radiopiu.net\/wordpress\/wp-content\/uploads\/2025\/04\/P5-BLOCCO2_mixdown.mp3\">https:\/\/www.radiopiu.net\/wordpress\/wp-content\/uploads\/2025\/04\/P5-BLOCCO2_mixdown.mp3<\/a><\/audio>\n<p align=\"JUSTIFY\"><strong>PUNTATA 05\/3<\/strong><\/p>\n<audio class=\"wp-audio-shortcode\" id=\"audio-443134-16\" preload=\"none\" style=\"width: 100%;\" controls=\"controls\"><source type=\"audio\/mpeg\" src=\"https:\/\/www.radiopiu.net\/wordpress\/wp-content\/uploads\/2025\/04\/P5-BLOCCO3_mixdown.mp3?_=16\" \/><a href=\"https:\/\/www.radiopiu.net\/wordpress\/wp-content\/uploads\/2025\/04\/P5-BLOCCO3_mixdown.mp3\">https:\/\/www.radiopiu.net\/wordpress\/wp-content\/uploads\/2025\/04\/P5-BLOCCO3_mixdown.mp3<\/a><\/audio>\n<p>&nbsp;<\/p>\n\n\t\t\t<style type='text\/css'>\n\t\t\t\t#gallery-4 {\n\t\t\t\t\tmargin: auto;\n\t\t\t\t}\n\t\t\t\t#gallery-4 .gallery-item {\n\t\t\t\t\tfloat: left;\n\t\t\t\t\tmargin-top: 10px;\n\t\t\t\t\ttext-align: center;\n\t\t\t\t\twidth: 25%;\n\t\t\t\t}\n\t\t\t\t#gallery-4 img {\n\t\t\t\t\tborder: 2px solid #cfcfcf;\n\t\t\t\t}\n\t\t\t\t#gallery-4 .gallery-caption {\n\t\t\t\t\tmargin-left: 0;\n\t\t\t\t}\n\t\t\t\t\/* see gallery_shortcode() in wp-includes\/media.php *\/\n\t\t\t<\/style>\n\t\t<div id='gallery-4' class='dt-gallery-container gallery galleryid-443134 gallery-columns-4 gallery-size-thumbnail'><dl class='gallery-item'>\n\t\t\t\t<dt class='gallery-icon landscape'>\n\t\t\t\t\t<a class=\"rollover rollover-zoom dt-pswp-item\" title=\"9682405f-44c2-4ff5-b540-50881b533e93\" data-dt-img-description=\"\" data-large_image_width=\"1080\" data-large_image_height=\"1080\"href='https:\/\/www.radiopiu.net\/wordpress\/wp-content\/uploads\/2025\/04\/9682405f-44c2-4ff5-b540-50881b533e93.jpg'><img loading=\"lazy\" decoding=\"async\" width=\"150\" height=\"150\" src=\"https:\/\/www.radiopiu.net\/wordpress\/wp-content\/uploads\/2025\/04\/9682405f-44c2-4ff5-b540-50881b533e93-150x150.jpg\" class=\"attachment-thumbnail size-thumbnail\" alt=\"\" srcset=\"https:\/\/www.radiopiu.net\/wordpress\/wp-content\/uploads\/2025\/04\/9682405f-44c2-4ff5-b540-50881b533e93-150x150.jpg 150w, https:\/\/www.radiopiu.net\/wordpress\/wp-content\/uploads\/2025\/04\/9682405f-44c2-4ff5-b540-50881b533e93-300x300.jpg 300w, https:\/\/www.radiopiu.net\/wordpress\/wp-content\/uploads\/2025\/04\/9682405f-44c2-4ff5-b540-50881b533e93-1024x1024.jpg 1024w, https:\/\/www.radiopiu.net\/wordpress\/wp-content\/uploads\/2025\/04\/9682405f-44c2-4ff5-b540-50881b533e93-768x768.jpg 768w, https:\/\/www.radiopiu.net\/wordpress\/wp-content\/uploads\/2025\/04\/9682405f-44c2-4ff5-b540-50881b533e93.jpg 1080w\" sizes=\"auto, (max-width: 150px) 100vw, 150px\" \/><\/a>\n\t\t\t\t<\/dt><\/dl><dl class='gallery-item'>\n\t\t\t\t<dt class='gallery-icon landscape'>\n\t\t\t\t\t<a class=\"rollover rollover-zoom dt-pswp-item\" title=\"14fa2e44-b8e7-48ad-8e77-507534ca1702\" data-dt-img-description=\"\" data-large_image_width=\"1080\" data-large_image_height=\"1080\"href='https:\/\/www.radiopiu.net\/wordpress\/wp-content\/uploads\/2025\/04\/14fa2e44-b8e7-48ad-8e77-507534ca1702.jpg'><img loading=\"lazy\" decoding=\"async\" width=\"150\" height=\"150\" src=\"https:\/\/www.radiopiu.net\/wordpress\/wp-content\/uploads\/2025\/04\/14fa2e44-b8e7-48ad-8e77-507534ca1702-150x150.jpg\" class=\"attachment-thumbnail size-thumbnail\" alt=\"\" srcset=\"https:\/\/www.radiopiu.net\/wordpress\/wp-content\/uploads\/2025\/04\/14fa2e44-b8e7-48ad-8e77-507534ca1702-150x150.jpg 150w, https:\/\/www.radiopiu.net\/wordpress\/wp-content\/uploads\/2025\/04\/14fa2e44-b8e7-48ad-8e77-507534ca1702-300x300.jpg 300w, https:\/\/www.radiopiu.net\/wordpress\/wp-content\/uploads\/2025\/04\/14fa2e44-b8e7-48ad-8e77-507534ca1702-1024x1024.jpg 1024w, https:\/\/www.radiopiu.net\/wordpress\/wp-content\/uploads\/2025\/04\/14fa2e44-b8e7-48ad-8e77-507534ca1702-768x768.jpg 768w, https:\/\/www.radiopiu.net\/wordpress\/wp-content\/uploads\/2025\/04\/14fa2e44-b8e7-48ad-8e77-507534ca1702.jpg 1080w\" sizes=\"auto, (max-width: 150px) 100vw, 150px\" \/><\/a>\n\t\t\t\t<\/dt><\/dl><dl class='gallery-item'>\n\t\t\t\t<dt class='gallery-icon landscape'>\n\t\t\t\t\t<a class=\"rollover rollover-zoom dt-pswp-item\" title=\"e34779a1-89fd-466f-a1dc-1386274ab03e\" data-dt-img-description=\"\" data-large_image_width=\"1080\" data-large_image_height=\"1080\"href='https:\/\/www.radiopiu.net\/wordpress\/wp-content\/uploads\/2025\/04\/e34779a1-89fd-466f-a1dc-1386274ab03e.jpg'><img loading=\"lazy\" decoding=\"async\" width=\"150\" height=\"150\" src=\"https:\/\/www.radiopiu.net\/wordpress\/wp-content\/uploads\/2025\/04\/e34779a1-89fd-466f-a1dc-1386274ab03e-150x150.jpg\" class=\"attachment-thumbnail size-thumbnail\" alt=\"\" srcset=\"https:\/\/www.radiopiu.net\/wordpress\/wp-content\/uploads\/2025\/04\/e34779a1-89fd-466f-a1dc-1386274ab03e-150x150.jpg 150w, https:\/\/www.radiopiu.net\/wordpress\/wp-content\/uploads\/2025\/04\/e34779a1-89fd-466f-a1dc-1386274ab03e-300x300.jpg 300w, https:\/\/www.radiopiu.net\/wordpress\/wp-content\/uploads\/2025\/04\/e34779a1-89fd-466f-a1dc-1386274ab03e-1024x1024.jpg 1024w, https:\/\/www.radiopiu.net\/wordpress\/wp-content\/uploads\/2025\/04\/e34779a1-89fd-466f-a1dc-1386274ab03e-768x768.jpg 768w, https:\/\/www.radiopiu.net\/wordpress\/wp-content\/uploads\/2025\/04\/e34779a1-89fd-466f-a1dc-1386274ab03e.jpg 1080w\" sizes=\"auto, (max-width: 150px) 100vw, 150px\" \/><\/a>\n\t\t\t\t<\/dt><\/dl><dl class='gallery-item'>\n\t\t\t\t<dt class='gallery-icon landscape'>\n\t\t\t\t\t<a class=\"rollover rollover-zoom dt-pswp-item\" title=\"b4071386-6c00-432e-9e49-d23b923b3ba5\" data-dt-img-description=\"\" data-large_image_width=\"1080\" data-large_image_height=\"1080\"href='https:\/\/www.radiopiu.net\/wordpress\/wp-content\/uploads\/2025\/04\/b4071386-6c00-432e-9e49-d23b923b3ba5.jpg'><img loading=\"lazy\" decoding=\"async\" width=\"150\" height=\"150\" src=\"https:\/\/www.radiopiu.net\/wordpress\/wp-content\/uploads\/2025\/04\/b4071386-6c00-432e-9e49-d23b923b3ba5-150x150.jpg\" class=\"attachment-thumbnail size-thumbnail\" alt=\"\" srcset=\"https:\/\/www.radiopiu.net\/wordpress\/wp-content\/uploads\/2025\/04\/b4071386-6c00-432e-9e49-d23b923b3ba5-150x150.jpg 150w, https:\/\/www.radiopiu.net\/wordpress\/wp-content\/uploads\/2025\/04\/b4071386-6c00-432e-9e49-d23b923b3ba5-300x300.jpg 300w, https:\/\/www.radiopiu.net\/wordpress\/wp-content\/uploads\/2025\/04\/b4071386-6c00-432e-9e49-d23b923b3ba5-1024x1024.jpg 1024w, https:\/\/www.radiopiu.net\/wordpress\/wp-content\/uploads\/2025\/04\/b4071386-6c00-432e-9e49-d23b923b3ba5-768x768.jpg 768w, https:\/\/www.radiopiu.net\/wordpress\/wp-content\/uploads\/2025\/04\/b4071386-6c00-432e-9e49-d23b923b3ba5.jpg 1080w\" sizes=\"auto, (max-width: 150px) 100vw, 150px\" \/><\/a>\n\t\t\t\t<\/dt><\/dl><br style=\"clear: both\" \/>\n\t\t\t<\/div>\n\n<p>&nbsp;<\/p>\n<h1>raccolta completa<\/h1>\n<blockquote class=\"wp-embedded-content\" data-secret=\"MZvvuuJUCP\"><p><a href=\"https:\/\/www.radiopiu.net\/wordpress\/arcade-show-elia-alla-radio\/\">ARCADE SHOW..ELIA ALLA RADIO<\/a><\/p><\/blockquote>\n<p><iframe loading=\"lazy\" class=\"wp-embedded-content\" sandbox=\"allow-scripts\" security=\"restricted\" style=\"position: absolute; visibility: hidden;\" title=\"&#8220;ARCADE SHOW..ELIA ALLA RADIO&#8221; &#8212; Radio Pi\u00f9\" src=\"https:\/\/www.radiopiu.net\/wordpress\/arcade-show-elia-alla-radio\/embed\/#?secret=EU5LR41PEe#?secret=MZvvuuJUCP\" data-secret=\"MZvvuuJUCP\" width=\"600\" height=\"338\" frameborder=\"0\" marginwidth=\"0\" marginheight=\"0\" scrolling=\"no\"><\/iframe><\/p>\n<hr \/>\n<p>&nbsp;<\/p>\n<h2><span style=\"color: #ff0000;\"><a class=\"dt-pswp-item\" href=\"https:\/\/www.radiopiu.net\/wordpress\/wp-content\/uploads\/2018\/09\/appuntamenti.jpeg\" data-dt-img-description=\"\" data-large_image_width=\"800\" data-large_image_height=\"100\"><img loading=\"lazy\" decoding=\"async\" class=\"wp-image-61958 size-full aligncenter\" src=\"https:\/\/www.radiopiu.net\/wordpress\/wp-content\/uploads\/2018\/09\/appuntamenti.jpeg\" alt=\"\" width=\"800\" height=\"100\" srcset=\"https:\/\/www.radiopiu.net\/wordpress\/wp-content\/uploads\/2018\/09\/appuntamenti.jpeg 800w, https:\/\/www.radiopiu.net\/wordpress\/wp-content\/uploads\/2018\/09\/appuntamenti-300x38.jpeg 300w, https:\/\/www.radiopiu.net\/wordpress\/wp-content\/uploads\/2018\/09\/appuntamenti-768x96.jpeg 768w\" sizes=\"auto, (max-width: 800px) 100vw, 800px\" \/><\/a><\/span><\/h2>\n<p>&nbsp;<\/p>\n<div>\n<div class=\"\" dir=\"auto\">\n<div id=\":r9h:\" class=\"x1iorvi4 x1pi30zi x1l90r2v x1swvt13\" data-ad-comet-preview=\"message\" data-ad-preview=\"message\">\n<div class=\"\" dir=\"auto\">\n<div id=\":r9h:\" class=\"x1iorvi4 x1pi30zi x1l90r2v x1swvt13\" data-ad-comet-preview=\"message\" data-ad-preview=\"message\">\n<div class=\"\" dir=\"auto\">\n<div id=\":r9h:\" class=\"x1iorvi4 x1pi30zi x1l90r2v x1swvt13\" data-ad-comet-preview=\"message\" data-ad-preview=\"message\">\n<div class=\"\" dir=\"auto\">\n<div id=\":r9h:\" class=\"x1iorvi4 x1pi30zi x1l90r2v x1swvt13\" data-ad-comet-preview=\"message\" data-ad-preview=\"message\">\n<div>\n<div class=\"\" dir=\"auto\">\n<div id=\":r9h:\" class=\"x1iorvi4 x1pi30zi x1l90r2v x1swvt13\" data-ad-comet-preview=\"message\" data-ad-preview=\"message\">\n<div>\n<div class=\"\" dir=\"auto\">\n<div id=\":r9h:\" class=\"x1iorvi4 x1pi30zi x1l90r2v x1swvt13\" data-ad-comet-preview=\"message\" data-ad-preview=\"message\">\n<div class=\"xdj266r x11i5rnm xat24cr x1mh8g0r x1vvkbs x126k92a\">\n<div dir=\"auto\"><\/div>\n<\/div>\n<div>\n<div class=\"\" dir=\"auto\">\n<div id=\":r9h:\" class=\"x1iorvi4 x1pi30zi x1l90r2v x1swvt13\" data-ad-comet-preview=\"message\" data-ad-preview=\"message\">\n<div>\n<div class=\"\" dir=\"auto\">\n<div id=\":r9h:\" class=\"x1iorvi4 x1pi30zi x1l90r2v x1swvt13\" data-ad-comet-preview=\"message\" data-ad-preview=\"message\">\n\n\t\t\t<style type='text\/css'>\n\t\t\t\t#gallery-5 {\n\t\t\t\t\tmargin: auto;\n\t\t\t\t}\n\t\t\t\t#gallery-5 .gallery-item {\n\t\t\t\t\tfloat: left;\n\t\t\t\t\tmargin-top: 10px;\n\t\t\t\t\ttext-align: center;\n\t\t\t\t\twidth: 25%;\n\t\t\t\t}\n\t\t\t\t#gallery-5 img {\n\t\t\t\t\tborder: 2px solid #cfcfcf;\n\t\t\t\t}\n\t\t\t\t#gallery-5 .gallery-caption {\n\t\t\t\t\tmargin-left: 0;\n\t\t\t\t}\n\t\t\t\t\/* see gallery_shortcode() in wp-includes\/media.php *\/\n\t\t\t<\/style>\n\t\t<div id='gallery-5' class='dt-gallery-container gallery galleryid-443134 gallery-columns-4 gallery-size-thumbnail'><dl class='gallery-item'>\n\t\t\t\t<dt class='gallery-icon portrait'>\n\t\t\t\t\t<a class=\"rollover rollover-zoom dt-pswp-item\" title=\"Senza nome\" data-dt-img-description=\"\" data-large_image_width=\"569\" data-large_image_height=\"801\"href='https:\/\/www.radiopiu.net\/wordpress\/wp-content\/uploads\/2025\/02\/Senza-nome-23.png'><img loading=\"lazy\" decoding=\"async\" width=\"150\" height=\"150\" src=\"https:\/\/www.radiopiu.net\/wordpress\/wp-content\/uploads\/2025\/02\/Senza-nome-23-150x150.png\" class=\"attachment-thumbnail size-thumbnail\" alt=\"\" \/><\/a>\n\t\t\t\t<\/dt><\/dl><dl class='gallery-item'>\n\t\t\t\t<dt class='gallery-icon portrait'>\n\t\t\t\t\t<a class=\"rollover rollover-zoom dt-pswp-item\" title=\"Screenshot\" data-dt-img-description=\"\" data-large_image_width=\"836\" data-large_image_height=\"1184\"href='https:\/\/www.radiopiu.net\/wordpress\/wp-content\/uploads\/2025\/03\/SCR-20250330-sbqg.jpeg'><img loading=\"lazy\" decoding=\"async\" width=\"150\" height=\"150\" src=\"https:\/\/www.radiopiu.net\/wordpress\/wp-content\/uploads\/2025\/03\/SCR-20250330-sbqg-150x150.jpeg\" class=\"attachment-thumbnail size-thumbnail\" alt=\"\" \/><\/a>\n\t\t\t\t<\/dt><\/dl><dl class='gallery-item'>\n\t\t\t\t<dt class='gallery-icon portrait'>\n\t\t\t\t\t<a class=\"rollover rollover-zoom dt-pswp-item\" title=\"Aprile\" data-dt-img-description=\"\" data-large_image_width=\"841\" data-large_image_height=\"1190\"href='https:\/\/www.radiopiu.net\/wordpress\/wp-content\/uploads\/2025\/03\/Aprile.jpg'><img loading=\"lazy\" decoding=\"async\" width=\"150\" height=\"150\" src=\"https:\/\/www.radiopiu.net\/wordpress\/wp-content\/uploads\/2025\/03\/Aprile-150x150.jpg\" class=\"attachment-thumbnail size-thumbnail\" alt=\"\" \/><\/a>\n\t\t\t\t<\/dt><\/dl><dl class='gallery-item'>\n\t\t\t\t<dt class='gallery-icon portrait'>\n\t\t\t\t\t<a class=\"rollover rollover-zoom dt-pswp-item\" title=\"wnEWMSHDfvy6\" data-dt-img-description=\"\" data-large_image_width=\"962\" data-large_image_height=\"1328\"href='https:\/\/www.radiopiu.net\/wordpress\/wp-content\/uploads\/2025\/03\/wnEWMSHDfvy6.jpg'><img loading=\"lazy\" decoding=\"async\" width=\"150\" height=\"150\" src=\"https:\/\/www.radiopiu.net\/wordpress\/wp-content\/uploads\/2025\/03\/wnEWMSHDfvy6-150x150.jpg\" class=\"attachment-thumbnail size-thumbnail\" alt=\"\" \/><\/a>\n\t\t\t\t<\/dt><\/dl><br style=\"clear: both\" \/><dl class='gallery-item'>\n\t\t\t\t<dt class='gallery-icon portrait'>\n\t\t\t\t\t<a class=\"rollover rollover-zoom dt-pswp-item\" title=\"Locandina posturale primavera 2025\" data-dt-img-description=\"\" data-large_image_width=\"1132\" data-large_image_height=\"1600\"href='https:\/\/www.radiopiu.net\/wordpress\/wp-content\/uploads\/2025\/03\/Locandina-posturale-primavera-2025.jpeg'><img loading=\"lazy\" decoding=\"async\" width=\"150\" height=\"150\" src=\"https:\/\/www.radiopiu.net\/wordpress\/wp-content\/uploads\/2025\/03\/Locandina-posturale-primavera-2025-150x150.jpeg\" class=\"attachment-thumbnail size-thumbnail\" alt=\"\" \/><\/a>\n\t\t\t\t<\/dt><\/dl><dl class='gallery-item'>\n\t\t\t\t<dt class='gallery-icon portrait'>\n\t\t\t\t\t<a class=\"rollover rollover-zoom dt-pswp-item\" title=\"Locandina Gardaland 19.05.2025\" data-dt-img-description=\"\" data-large_image_width=\"1131\" data-large_image_height=\"1600\"href='https:\/\/www.radiopiu.net\/wordpress\/wp-content\/uploads\/2025\/03\/Locandina-Gardaland-19.05.2025.jpeg'><img loading=\"lazy\" decoding=\"async\" width=\"150\" height=\"150\" src=\"https:\/\/www.radiopiu.net\/wordpress\/wp-content\/uploads\/2025\/03\/Locandina-Gardaland-19.05.2025-150x150.jpeg\" class=\"attachment-thumbnail size-thumbnail\" alt=\"\" \/><\/a>\n\t\t\t\t<\/dt><\/dl><dl class='gallery-item'>\n\t\t\t\t<dt class='gallery-icon portrait'>\n\t\t\t\t\t<a class=\"rollover rollover-zoom dt-pswp-item\" title=\"7f11fd7d-b9ad-4719-8f18-813d20b79cce\" data-dt-img-description=\"\" data-large_image_width=\"900\" data-large_image_height=\"1600\"href='https:\/\/www.radiopiu.net\/wordpress\/wp-content\/uploads\/2025\/04\/7f11fd7d-b9ad-4719-8f18-813d20b79cce.jpg'><img loading=\"lazy\" decoding=\"async\" width=\"150\" height=\"150\" src=\"https:\/\/www.radiopiu.net\/wordpress\/wp-content\/uploads\/2025\/04\/7f11fd7d-b9ad-4719-8f18-813d20b79cce-150x150.jpg\" class=\"attachment-thumbnail size-thumbnail\" alt=\"\" \/><\/a>\n\t\t\t\t<\/dt><\/dl><dl class='gallery-item'>\n\t\t\t\t<dt class='gallery-icon landscape'>\n\t\t\t\t\t<a class=\"rollover rollover-zoom dt-pswp-item\" title=\"Senza nome\" data-dt-img-description=\"\" data-large_image_width=\"753\" data-large_image_height=\"334\"href='https:\/\/www.radiopiu.net\/wordpress\/wp-content\/uploads\/2025\/04\/Senza-nome-2.png'><img loading=\"lazy\" decoding=\"async\" width=\"150\" height=\"150\" src=\"https:\/\/www.radiopiu.net\/wordpress\/wp-content\/uploads\/2025\/04\/Senza-nome-2-150x150.png\" class=\"attachment-thumbnail size-thumbnail\" alt=\"\" \/><\/a>\n\t\t\t\t<\/dt><\/dl><br style=\"clear: both\" \/><dl class='gallery-item'>\n\t\t\t\t<dt class='gallery-icon landscape'>\n\t\t\t\t\t<a class=\"rollover rollover-zoom dt-pswp-item\" title=\"Senza nome\" data-dt-img-description=\"\" data-large_image_width=\"551\" data-large_image_height=\"312\"href='https:\/\/www.radiopiu.net\/wordpress\/wp-content\/uploads\/2025\/04\/Senza-nome.png'><img loading=\"lazy\" decoding=\"async\" width=\"150\" height=\"150\" src=\"https:\/\/www.radiopiu.net\/wordpress\/wp-content\/uploads\/2025\/04\/Senza-nome-150x150.png\" class=\"attachment-thumbnail size-thumbnail\" alt=\"\" \/><\/a>\n\t\t\t\t<\/dt><\/dl><dl class='gallery-item'>\n\t\t\t\t<dt class='gallery-icon portrait'>\n\t\t\t\t\t<a class=\"rollover rollover-zoom dt-pswp-item\" title=\"ASSEMBLEA_2025\" data-dt-img-description=\"\" data-large_image_width=\"1131\" data-large_image_height=\"1600\"href='https:\/\/www.radiopiu.net\/wordpress\/wp-content\/uploads\/2025\/04\/ASSEMBLEA_2025.jpeg'><img loading=\"lazy\" decoding=\"async\" width=\"150\" height=\"150\" src=\"https:\/\/www.radiopiu.net\/wordpress\/wp-content\/uploads\/2025\/04\/ASSEMBLEA_2025-150x150.jpeg\" class=\"attachment-thumbnail size-thumbnail\" alt=\"\" \/><\/a>\n\t\t\t\t<\/dt><\/dl>\n\t\t\t\t<br style='clear: both' \/>\n\t\t\t<\/div>\n\n<p>&nbsp;<\/p>\n<\/div>\n<\/div>\n<\/div>\n<\/div>\n<\/div>\n<\/div>\n<\/div>\n<\/div>\n<\/div>\n<\/div>\n<\/div>\n<\/div>\n<\/div>\n<\/div>\n<\/div>\n<\/div>\n<\/div>\n<\/div>\n<\/div>\n<\/div>\n<\/div>\n<div>\n<div class=\"\" dir=\"auto\">\n<div id=\":r9h:\" class=\"x1iorvi4 x1pi30zi x1l90r2v x1swvt13\" data-ad-comet-preview=\"message\" data-ad-preview=\"message\">\n<div class=\"\" dir=\"auto\">\n<div id=\":r9h:\" class=\"x1iorvi4 x1pi30zi x1l90r2v x1swvt13\" data-ad-comet-preview=\"message\" data-ad-preview=\"message\">\n<div class=\"\" dir=\"auto\">\n<div id=\":r9h:\" class=\"x1iorvi4 x1pi30zi x1l90r2v x1swvt13\" data-ad-comet-preview=\"message\" data-ad-preview=\"message\">\n<div class=\"\" dir=\"auto\">\n<div id=\":r9h:\" class=\"x1iorvi4 x1pi30zi x1l90r2v x1swvt13\" data-ad-comet-preview=\"message\" data-ad-preview=\"message\">\n<div>\n<div class=\"\" dir=\"auto\">\n<div id=\":r9h:\" class=\"x1iorvi4 x1pi30zi x1l90r2v x1swvt13\" data-ad-comet-preview=\"message\" data-ad-preview=\"message\">\n<div>\n<div class=\"\" dir=\"auto\">\n<div id=\":r9h:\" class=\"x1iorvi4 x1pi30zi x1l90r2v x1swvt13\" data-ad-comet-preview=\"message\" data-ad-preview=\"message\">\n<div class=\"xdj266r x11i5rnm xat24cr x1mh8g0r x1vvkbs x126k92a\">\n<div dir=\"auto\"><\/div>\n<\/div>\n<div>\n<div class=\"\" dir=\"auto\">\n<div id=\":r9h:\" class=\"x1iorvi4 x1pi30zi x1l90r2v x1swvt13\" data-ad-comet-preview=\"message\" data-ad-preview=\"message\">\n<div>\n<div class=\"\" dir=\"auto\">\n<div id=\":r9h:\" class=\"x1iorvi4 x1pi30zi x1l90r2v x1swvt13\" data-ad-comet-preview=\"message\" data-ad-preview=\"message\">\n<p>&nbsp;<\/p>\n<hr \/>\n<p>&nbsp;<\/p>\n<p>&nbsp;<\/p>\n<\/div>\n<\/div>\n<\/div>\n<\/div>\n<\/div>\n<\/div>\n<\/div>\n<\/div>\n<\/div>\n<\/div>\n<\/div>\n<\/div>\n<\/div>\n<\/div>\n<\/div>\n<\/div>\n<\/div>\n<\/div>\n<\/div>\n<\/div>\n<\/div>\n<p class=\"mceTemp\"><a class=\"dt-pswp-item\" href=\"https:\/\/www.radiopiu.net\/wordpress\/wp-content\/uploads\/2018\/09\/WhatsApp-Image-2018-09-20-at-16.04.06.jpeg\" data-dt-img-description=\"\" data-large_image_width=\"800\" data-large_image_height=\"100\"><img loading=\"lazy\" decoding=\"async\" class=\"wp-image-61378 size-full aligncenter\" src=\"https:\/\/www.radiopiu.net\/wordpress\/wp-content\/uploads\/2018\/09\/WhatsApp-Image-2018-09-20-at-16.04.06.jpeg\" alt=\"\" width=\"800\" height=\"100\" srcset=\"https:\/\/www.radiopiu.net\/wordpress\/wp-content\/uploads\/2018\/09\/WhatsApp-Image-2018-09-20-at-16.04.06.jpeg 800w, https:\/\/www.radiopiu.net\/wordpress\/wp-content\/uploads\/2018\/09\/WhatsApp-Image-2018-09-20-at-16.04.06-300x38.jpeg 300w, https:\/\/www.radiopiu.net\/wordpress\/wp-content\/uploads\/2018\/09\/WhatsApp-Image-2018-09-20-at-16.04.06-768x96.jpeg 768w\" sizes=\"auto, (max-width: 800px) 100vw, 800px\" \/><\/a><\/p>\n<p><center><\/center><center><\/center>&nbsp;<\/p>\n<p><center><b>OGGI<\/b><\/center>Tempo ancora stabile con sole e cielo sereno fino al primo pomeriggio, poi lieve riduzione del soleggiamento per modesta attivit\u00e0 cumuliforme nelle ore pi\u00f9 calde, assieme alla comparsa di qualche stratocumulo a ridosso di alcuni rilievi, specie prealpini. Alla sera aumento della nuvolosit\u00e0.<br \/>\n<b>Precipitazioni: <\/b>Assenti<br \/>\n<b>Temperature: <\/b>In ulteriore generale lieve aumento.<\/p>\n<hr \/>\n<p><center><b>DOMANI<\/b><\/center>Sulle Dolomiti in prevalenza soleggiato con cielo sereno al mattino e in parte velato nel tardo pomeriggio\/sera. Sulle Prealpi il stessa situazione meteo, tranne qualche modesto addensamento e stratocumulo al pomeriggio, senza altro effetto che ridurre leggermente il soleggiamento.<br \/>\n<b>Precipitazioni: <\/b>Assenti<br \/>\n<b>Temperature: <\/b>Contesto termico pi\u00f9 fresco, salvo aumento delle minime per Foehn in alcune valli. In quota, oltre i 1500 m, le massime saranno osservate nelle notte tra sabato e domenica, mentre le minime assolute saranno nella serata di domenica.<\/p>\n<hr \/>\n<p><center><b>LUNEDI<\/b><\/center>Sole al mattino quasi ovunque, anche se l&#8217;insidia stratocumuli potrebbe essere presente su alcuni settori prealpini. Al pomeriggio probabile riduzione del soleggiamento per attivit\u00e0 cumuliforme irregolare, pi\u00f9 presente sulle Prealpi. Temperature in ulteriore calo, salvo locali rialzi delle minime nelle valli interessate dal favonio.<\/p>\n<hr \/>\n<p><center><b>MARTEDI<\/b><\/center>Nottetempo ed al primo mattino nuvolosit\u00e0 irregolare con eventualit\u00e0 di qualche goccia, qualora accadesse qualche fiocco cadr\u00e0, gi\u00e0 a 1000-1200 m. Poi il tempo migliorer\u00e0 risultando in prevalenza soleggiato con lieve attivit\u00e0 cumuliforme nelle ore pi\u00f9 calde. Temperature in contenuto aumento.<\/p>\n<p>&nbsp;<\/p>\n<p>&nbsp;<\/p>\n<blockquote class=\"wp-embedded-content\" data-secret=\"fca7PMAa3Y\"><p><a href=\"https:\/\/www.radiopiu.net\/wordpress\/lad08aaaa\/\">&#8220;NCONTONSE&#8221; IN LADINO SU RADIO PI\u00d9<\/a><\/p><\/blockquote>\n<p><iframe loading=\"lazy\" class=\"wp-embedded-content\" sandbox=\"allow-scripts\" security=\"restricted\" style=\"position: absolute; visibility: hidden;\" title=\"&#8220;&#8220;NCONTONSE&#8221; IN LADINO SU RADIO PI\u00d9&#8221; &#8212; Radio Pi\u00f9\" src=\"https:\/\/www.radiopiu.net\/wordpress\/lad08aaaa\/embed\/#?secret=a5dqKxzC0u#?secret=fca7PMAa3Y\" data-secret=\"fca7PMAa3Y\" width=\"600\" height=\"338\" frameborder=\"0\" marginwidth=\"0\" marginheight=\"0\" scrolling=\"no\"><\/iframe><\/p>\n<p>&nbsp;<\/p>\n<blockquote class=\"wp-embedded-content\" data-secret=\"omW5K1k4rg\"><p><a href=\"https:\/\/www.radiopiu.net\/wordpress\/almanac1\/\">RACCOLTA ANNO 2024 N di parom &#8211; L Almanach de la nosta jent<\/a><\/p><\/blockquote>\n<p><iframe loading=\"lazy\" class=\"wp-embedded-content\" sandbox=\"allow-scripts\" security=\"restricted\" style=\"position: absolute; visibility: hidden;\" title=\"&#8220;RACCOLTA ANNO 2024 N di parom &#8211; L Almanach de la nosta jent&#8221; &#8212; Radio Pi\u00f9\" src=\"https:\/\/www.radiopiu.net\/wordpress\/almanac1\/embed\/#?secret=JfsXeb9U8h#?secret=omW5K1k4rg\" data-secret=\"omW5K1k4rg\" width=\"600\" height=\"338\" frameborder=\"0\" marginwidth=\"0\" marginheight=\"0\" scrolling=\"no\"><\/iframe><\/p>\n<p>&nbsp;<\/p>\n<p>&nbsp;<\/p>\n<blockquote class=\"wp-embedded-content\" data-secret=\"dVcFQ5JtW9\"><p><a href=\"https:\/\/www.radiopiu.net\/wordpress\/raccolta-anno-2024-pirole-de-lenga-dalla-puntata-1-alla-250\/\">RACCOLTA ANNO 2024-25 PIROLE DE LENGA&#8230;DALLA PUNTATA 1<\/a><\/p><\/blockquote>\n<p><iframe loading=\"lazy\" class=\"wp-embedded-content\" sandbox=\"allow-scripts\" security=\"restricted\" style=\"position: absolute; visibility: hidden;\" title=\"&#8220;RACCOLTA ANNO 2024-25 PIROLE DE LENGA&#8230;DALLA PUNTATA 1&#8221; &#8212; Radio Pi\u00f9\" src=\"https:\/\/www.radiopiu.net\/wordpress\/raccolta-anno-2024-pirole-de-lenga-dalla-puntata-1-alla-250\/embed\/#?secret=PBfTpMBrdJ#?secret=dVcFQ5JtW9\" data-secret=\"dVcFQ5JtW9\" width=\"600\" height=\"338\" frameborder=\"0\" marginwidth=\"0\" marginheight=\"0\" scrolling=\"no\"><\/iframe><\/p>\n<blockquote class=\"wp-embedded-content\" data-secret=\"Jg64i4simI\"><p><a href=\"https:\/\/www.radiopiu.net\/wordpress\/elbalfior_seconda\/\">&#8220;EL BAL DEL FIOR&#8221;, DI GIULIANA DA RONCH SECONDA STAGIONE<\/a><\/p><\/blockquote>\n<p><iframe loading=\"lazy\" class=\"wp-embedded-content\" sandbox=\"allow-scripts\" security=\"restricted\" style=\"position: absolute; visibility: hidden;\" title=\"&#8220;&#8220;EL BAL DEL FIOR&#8221;, DI GIULIANA DA RONCH SECONDA STAGIONE&#8221; &#8212; Radio Pi\u00f9\" src=\"https:\/\/www.radiopiu.net\/wordpress\/elbalfior_seconda\/embed\/#?secret=iMg0VKRBZM#?secret=Jg64i4simI\" data-secret=\"Jg64i4simI\" width=\"600\" height=\"338\" frameborder=\"0\" marginwidth=\"0\" marginheight=\"0\" scrolling=\"no\"><\/iframe><\/p>\n<p>&nbsp;<\/p>\n<p>&nbsp;<\/p>\n<blockquote class=\"wp-embedded-content\" data-secret=\"Acx1fdenxn\"><p><a href=\"https:\/\/www.radiopiu.net\/wordpress\/risveglio-a-volo-daquila-sulla-conca-agordina\/\">RISVEGLIO A VOLO D&#8217;AQUILA SULLA CONCA AGORDINA<\/a><\/p><\/blockquote>\n<p><iframe loading=\"lazy\" class=\"wp-embedded-content\" sandbox=\"allow-scripts\" security=\"restricted\" style=\"position: absolute; visibility: hidden;\" title=\"&#8220;RISVEGLIO A VOLO D&#8217;AQUILA SULLA CONCA AGORDINA&#8221; &#8212; Radio Pi\u00f9\" src=\"https:\/\/www.radiopiu.net\/wordpress\/risveglio-a-volo-daquila-sulla-conca-agordina\/embed\/#?secret=wL22LpFG7J#?secret=Acx1fdenxn\" data-secret=\"Acx1fdenxn\" width=\"600\" height=\"338\" frameborder=\"0\" marginwidth=\"0\" marginheight=\"0\" scrolling=\"no\"><\/iframe><\/p>\n<hr \/>\n<p>&nbsp;<\/p>\n<p class=\"mceTemp\"><a class=\"dt-pswp-item\" href=\"https:\/\/www.radiopiu.net\/wordpress\/wp-content\/uploads\/2018\/09\/sport.jpg\" data-dt-img-description=\"\" data-large_image_width=\"800\" data-large_image_height=\"100\"><img loading=\"lazy\" decoding=\"async\" class=\"aligncenter wp-image-60761 size-full\" src=\"https:\/\/www.radiopiu.net\/wordpress\/wp-content\/uploads\/2018\/09\/sport.jpg\" alt=\"\" width=\"800\" height=\"100\" srcset=\"https:\/\/www.radiopiu.net\/wordpress\/wp-content\/uploads\/2018\/09\/sport.jpg 800w, https:\/\/www.radiopiu.net\/wordpress\/wp-content\/uploads\/2018\/09\/sport-300x38.jpg 300w, https:\/\/www.radiopiu.net\/wordpress\/wp-content\/uploads\/2018\/09\/sport-768x96.jpg 768w\" sizes=\"auto, (max-width: 800px) 100vw, 800px\" \/> <\/a><\/p>\n<p class=\"mceTemp\"><span style=\"color: #0000ff;\"><strong>\u00a0 \u00a0 \u00a0 \u00a0 \u00a0<\/strong><\/span><\/p>\n<p><span style=\"color: #0000ff;\"><strong>CALCIO<\/strong><\/span><\/p>\n<blockquote>\n<h3>AGORDINA IN CASA CONTRO IL FORTOGNA<\/h3>\n<\/blockquote>\n<p><strong><a class=\"dt-pswp-item\" href=\"https:\/\/www.radiopiu.net\/wordpress\/wp-content\/uploads\/2023\/11\/calcio.jpg\" data-dt-img-description=\"\" data-large_image_width=\"1280\" data-large_image_height=\"853\"><img loading=\"lazy\" decoding=\"async\" class=\" wp-image-360218 alignleft\" src=\"https:\/\/www.radiopiu.net\/wordpress\/wp-content\/uploads\/2023\/11\/calcio-300x200.jpg\" alt=\"\" width=\"179\" height=\"119\" srcset=\"https:\/\/www.radiopiu.net\/wordpress\/wp-content\/uploads\/2023\/11\/calcio-300x200.jpg 300w, https:\/\/www.radiopiu.net\/wordpress\/wp-content\/uploads\/2023\/11\/calcio-1024x682.jpg 1024w, https:\/\/www.radiopiu.net\/wordpress\/wp-content\/uploads\/2023\/11\/calcio-768x512.jpg 768w, https:\/\/www.radiopiu.net\/wordpress\/wp-content\/uploads\/2023\/11\/calcio.jpg 1280w\" sizes=\"auto, (max-width: 179px) 100vw, 179px\" \/><\/a>DI MARCO GAZ<\/strong><\/p>\n<p><strong>REDAZIONE <\/strong>Continuano i campionati della LND provinciale per l\u2019Agordina Calcio che nel fine settimana sar\u00e0 in campo con cinque squadre. Fine settimana che inizia oggi alle 15:30 quando ad inaugurare il weekend calcistico ci penseranno i ragazzi della Juniores che giocheranno in trasferta contro il Limana. Alle 16 sar\u00e0 il turno della squadra B degli Esordienti che giocheranno in casa contro il Pedavena. Alle 18 scender\u00e0 in campo la squadra A degli Esordienti, anch\u2019essa contro il Pedavena ma in trasferta. Per quanto riguarda il settore giovanile, gli Allievi saranno protagonisti domani mattina alle 10 quando all\u2019Ivano Dorigo di Agordo affronteranno lo Schiara. A chiudere il fine settimana calcistico dell\u2019Agordina ci penser\u00e0 la prima squadra impegnata nel campionato di Terza Categoria. I ragazzi allenati da Davare giocheranno alle 15:30 ad Agordo contro il Fortogna. I pronostici non danno favoriti alla partenza, entrambe le formazioni lottano per un posto nei playoff. La squadra bellunese arrivano da cinque vittorie consecutive mentre gli agordini devono rialzare la testa per non perdere punti essenziali. Domani alle 20:30 su Radio Pi\u00f9 l\u2019appuntamento della domenica sera con \u201cAgordina In Prima Linea\u201d, il contenitore calcistico che racconta il fine settimana delle squadre dell\u2019Agordina Calcio.<\/p>\n<p>&nbsp;<\/p>\n<div class=\"page-title-head hgroup\">\n<h1 class=\"entry-title\">50 ANNI FA NASCEVA LA TRANS CIVETTA: DALL\u2019IDEA INVERNALE ALLA PRIMA EDIZIONE ESTIVA DEL 1975<\/h1>\n<\/div>\n<div class=\"page-title-breadcrumbs\">\n<p class=\"\" data-start=\"100\" data-end=\"407\">Cinquant\u2019anni fa, tra la fine di marzo e l\u2019inizio di aprile del 1975, ad Agordo nasceva la Trans Civetta. La prima edizione si disput\u00f2 nel luglio dello stesso anno come gara estiva, sebbene inizialmente fosse stata concepita come competizione invernale. L\u2019edizione invernale venne poi realizzata nel 1976. Tra gli ideatori di questo storico evento sportivo si ricordano Bruno Corzuol, Giorgio Favretti, Giorgio Botter, Massimo Guadagnini, Alberico Facciotto, Romano Bortolini e la segretaria Marina Todesco.<\/p>\n<h1><strong><span style=\"color: #ff0000;\">archivio 28 gennaio 2023<\/span><\/strong><\/h1>\n<blockquote>\n<h2>LA VERA STORIA DELLA TRANSCIVETTA, BRUNO E GIORGIO AMICI ANCHE SUGLI SCI<\/h2>\n<\/blockquote>\n<p><strong>REDAZIONE<\/strong> Una storia vera, raccontata da Bruno Corzuol di Agordo. Ecco come nasce la TransCivetta, non estiva, ma invernale. A raccontarlo a Radio Pi\u00f9 l&#8217;organizzatore di allora con l&#8217;amico Giorgio Favretti. Forse nemmeno alla Karpos lo ricordano, ma il primo sponsor su proprio il capo famiglia dei Cremonese, allora infatti vennero regalati i primi pettorali gialli e un pacco di maglie per gli atleti.<\/p>\n<p><strong>AUDIO<\/strong><\/p>\n<audio class=\"wp-audio-shortcode\" id=\"audio-443134-17\" preload=\"none\" style=\"width: 100%;\" controls=\"controls\"><source type=\"audio\/mpeg\" src=\"https:\/\/www.radiopiu.net\/wordpress\/wp-content\/uploads\/2020\/10\/BRUNO-CORZUOL.mp3?_=17\" \/><a href=\"https:\/\/www.radiopiu.net\/wordpress\/wp-content\/uploads\/2020\/10\/BRUNO-CORZUOL.mp3\">https:\/\/www.radiopiu.net\/wordpress\/wp-content\/uploads\/2020\/10\/BRUNO-CORZUOL.mp3<\/a><\/audio>\n<p>&nbsp;<\/p>\n\n\t\t\t<style type='text\/css'>\n\t\t\t\t#gallery-6 {\n\t\t\t\t\tmargin: auto;\n\t\t\t\t}\n\t\t\t\t#gallery-6 .gallery-item {\n\t\t\t\t\tfloat: left;\n\t\t\t\t\tmargin-top: 10px;\n\t\t\t\t\ttext-align: center;\n\t\t\t\t\twidth: 25%;\n\t\t\t\t}\n\t\t\t\t#gallery-6 img {\n\t\t\t\t\tborder: 2px solid #cfcfcf;\n\t\t\t\t}\n\t\t\t\t#gallery-6 .gallery-caption {\n\t\t\t\t\tmargin-left: 0;\n\t\t\t\t}\n\t\t\t\t\/* see gallery_shortcode() in wp-includes\/media.php *\/\n\t\t\t<\/style>\n\t\t<div id='gallery-6' class='dt-gallery-container gallery galleryid-443134 gallery-columns-4 gallery-size-thumbnail'><dl class='gallery-item'>\n\t\t\t\t<dt class='gallery-icon landscape'>\n\t\t\t\t\t<a class=\"rollover rollover-zoom dt-pswp-item\" title=\"8f44001e-fb74-40e3-bf26-2464d94ffac7\" data-dt-img-description=\"\" data-large_image_width=\"1600\" data-large_image_height=\"1200\"href='https:\/\/www.radiopiu.net\/wordpress\/wp-content\/uploads\/2022\/08\/8f44001e-fb74-40e3-bf26-2464d94ffac7.jpg'><img loading=\"lazy\" decoding=\"async\" width=\"150\" height=\"150\" src=\"https:\/\/www.radiopiu.net\/wordpress\/wp-content\/uploads\/2022\/08\/8f44001e-fb74-40e3-bf26-2464d94ffac7-150x150.jpg\" class=\"attachment-thumbnail size-thumbnail\" alt=\"\" aria-describedby=\"gallery-6-293623\" \/><\/a>\n\t\t\t\t<\/dt>\n\t\t\t\t\t<dd class='wp-caption-text gallery-caption' id='gallery-6-293623'>\n\t\t\t\t\tBRUNO  CORZUOL A RADIO PIU\n\t\t\t\t\t<\/dd><\/dl><dl class='gallery-item'>\n\t\t\t\t<dt class='gallery-icon landscape'>\n\t\t\t\t\t<a class=\"rollover rollover-zoom dt-pswp-item\" title=\"73327acb-4cff-43c9-98d5-788653bbae52\" data-dt-img-description=\"\" data-large_image_width=\"1600\" data-large_image_height=\"1200\"href='https:\/\/www.radiopiu.net\/wordpress\/wp-content\/uploads\/2022\/08\/73327acb-4cff-43c9-98d5-788653bbae52-e1660920848935.jpg'><img loading=\"lazy\" decoding=\"async\" width=\"150\" height=\"150\" src=\"https:\/\/www.radiopiu.net\/wordpress\/wp-content\/uploads\/2022\/08\/73327acb-4cff-43c9-98d5-788653bbae52-e1660920848935-150x150.jpg\" class=\"attachment-thumbnail size-thumbnail\" alt=\"\" aria-describedby=\"gallery-6-293627\" \/><\/a>\n\t\t\t\t<\/dt>\n\t\t\t\t\t<dd class='wp-caption-text gallery-caption' id='gallery-6-293627'>\n\t\t\t\t\tBRUNO CON DINO TADELLO E MAURILIO DE ZOLT\n\t\t\t\t\t<\/dd><\/dl><dl class='gallery-item'>\n\t\t\t\t<dt class='gallery-icon portrait'>\n\t\t\t\t\t<a class=\"rollover rollover-zoom dt-pswp-item\" title=\"6579a175-874e-44cb-999f-08ef55830e70\" data-dt-img-description=\"\" data-large_image_width=\"1200\" data-large_image_height=\"1600\"href='https:\/\/www.radiopiu.net\/wordpress\/wp-content\/uploads\/2022\/08\/6579a175-874e-44cb-999f-08ef55830e70.jpg'><img loading=\"lazy\" decoding=\"async\" width=\"150\" height=\"150\" src=\"https:\/\/www.radiopiu.net\/wordpress\/wp-content\/uploads\/2022\/08\/6579a175-874e-44cb-999f-08ef55830e70-150x150.jpg\" class=\"attachment-thumbnail size-thumbnail\" alt=\"\" aria-describedby=\"gallery-6-293626\" \/><\/a>\n\t\t\t\t<\/dt>\n\t\t\t\t\t<dd class='wp-caption-text gallery-caption' id='gallery-6-293626'>\n\t\t\t\t\tBRUNO CON L&#8217;ALLORA GIOVANISSIMO FABRIZIO TOME&#8217; &#8220;BISI&#8221;\n\t\t\t\t\t<\/dd><\/dl><dl class='gallery-item'>\n\t\t\t\t<dt class='gallery-icon landscape'>\n\t\t\t\t\t<a class=\"rollover rollover-zoom dt-pswp-item\" title=\"3fb83392-d100-4860-bb3f-ceab334bd6df\" data-dt-img-description=\"\" data-large_image_width=\"1600\" data-large_image_height=\"1200\"href='https:\/\/www.radiopiu.net\/wordpress\/wp-content\/uploads\/2022\/08\/3fb83392-d100-4860-bb3f-ceab334bd6df-e1660920766945.jpg'><img loading=\"lazy\" decoding=\"async\" width=\"150\" height=\"150\" src=\"https:\/\/www.radiopiu.net\/wordpress\/wp-content\/uploads\/2022\/08\/3fb83392-d100-4860-bb3f-ceab334bd6df-e1660920766945-150x150.jpg\" class=\"attachment-thumbnail size-thumbnail\" alt=\"\" aria-describedby=\"gallery-6-293622\" \/><\/a>\n\t\t\t\t<\/dt>\n\t\t\t\t\t<dd class='wp-caption-text gallery-caption' id='gallery-6-293622'>\n\t\t\t\t\tBRUNO CON UNA COPPIA DI ATLETI FRANCESI\n\t\t\t\t\t<\/dd><\/dl><br style=\"clear: both\" \/><dl class='gallery-item'>\n\t\t\t\t<dt class='gallery-icon portrait'>\n\t\t\t\t\t<a class=\"rollover rollover-zoom dt-pswp-item\" title=\"0b4a5994-a694-4a5a-97fd-d19f1d246423\" data-dt-img-description=\"\" data-large_image_width=\"1200\" data-large_image_height=\"1600\"href='https:\/\/www.radiopiu.net\/wordpress\/wp-content\/uploads\/2022\/08\/0b4a5994-a694-4a5a-97fd-d19f1d246423-e1660920731693.jpg'><img loading=\"lazy\" decoding=\"async\" width=\"150\" height=\"150\" src=\"https:\/\/www.radiopiu.net\/wordpress\/wp-content\/uploads\/2022\/08\/0b4a5994-a694-4a5a-97fd-d19f1d246423-e1660920731693-150x150.jpg\" class=\"attachment-thumbnail size-thumbnail\" alt=\"\" aria-describedby=\"gallery-6-293621\" \/><\/a>\n\t\t\t\t<\/dt>\n\t\t\t\t\t<dd class='wp-caption-text gallery-caption' id='gallery-6-293621'>\n\t\t\t\t\tLE MEDAGLIE\n\t\t\t\t\t<\/dd><\/dl><dl class='gallery-item'>\n\t\t\t\t<dt class='gallery-icon portrait'>\n\t\t\t\t\t<a class=\"rollover rollover-zoom dt-pswp-item\" title=\"1826eb33-7e0b-458b-95e2-3b5db65ac342\" data-dt-img-description=\"LOCANDINA 1977\" data-large_image_width=\"1200\" data-large_image_height=\"1600\"href='https:\/\/www.radiopiu.net\/wordpress\/wp-content\/uploads\/2022\/08\/1826eb33-7e0b-458b-95e2-3b5db65ac342-e1660920829547.jpg'><img loading=\"lazy\" decoding=\"async\" width=\"150\" height=\"150\" src=\"https:\/\/www.radiopiu.net\/wordpress\/wp-content\/uploads\/2022\/08\/1826eb33-7e0b-458b-95e2-3b5db65ac342-e1660920829547-150x150.jpg\" class=\"attachment-thumbnail size-thumbnail\" alt=\"\" aria-describedby=\"gallery-6-293625\" \/><\/a>\n\t\t\t\t<\/dt>\n\t\t\t\t\t<dd class='wp-caption-text gallery-caption' id='gallery-6-293625'>\n\t\t\t\t\t1977\n\t\t\t\t\t<\/dd><\/dl><dl class='gallery-item'>\n\t\t\t\t<dt class='gallery-icon portrait'>\n\t\t\t\t\t<a class=\"rollover rollover-zoom dt-pswp-item\" title=\"f729c485-c08e-4c19-812f-a4850921b44a\" data-dt-img-description=\"LOCANDINA 1978\" data-large_image_width=\"1200\" data-large_image_height=\"1600\"href='https:\/\/www.radiopiu.net\/wordpress\/wp-content\/uploads\/2022\/08\/f729c485-c08e-4c19-812f-a4850921b44a-e1660920713898.jpg'><img loading=\"lazy\" decoding=\"async\" width=\"150\" height=\"150\" src=\"https:\/\/www.radiopiu.net\/wordpress\/wp-content\/uploads\/2022\/08\/f729c485-c08e-4c19-812f-a4850921b44a-e1660920713898-150x150.jpg\" class=\"attachment-thumbnail size-thumbnail\" alt=\"\" aria-describedby=\"gallery-6-293620\" \/><\/a>\n\t\t\t\t<\/dt>\n\t\t\t\t\t<dd class='wp-caption-text gallery-caption' id='gallery-6-293620'>\n\t\t\t\t\t1978\n\t\t\t\t\t<\/dd><\/dl><dl class='gallery-item'>\n\t\t\t\t<dt class='gallery-icon landscape'>\n\t\t\t\t\t<a class=\"rollover rollover-zoom dt-pswp-item\" title=\"419f5fd9-c02b-4f9b-a05d-c75f45cc379c\" data-dt-img-description=\"INVITO 1987\" data-large_image_width=\"1600\" data-large_image_height=\"1200\"href='https:\/\/www.radiopiu.net\/wordpress\/wp-content\/uploads\/2022\/08\/419f5fd9-c02b-4f9b-a05d-c75f45cc379c-e1660920792312.jpg'><img loading=\"lazy\" decoding=\"async\" width=\"150\" height=\"150\" src=\"https:\/\/www.radiopiu.net\/wordpress\/wp-content\/uploads\/2022\/08\/419f5fd9-c02b-4f9b-a05d-c75f45cc379c-e1660920792312-150x150.jpg\" class=\"attachment-thumbnail size-thumbnail\" alt=\"\" aria-describedby=\"gallery-6-293624\" \/><\/a>\n\t\t\t\t<\/dt>\n\t\t\t\t\t<dd class='wp-caption-text gallery-caption' id='gallery-6-293624'>\n\t\t\t\t\t1987\n\t\t\t\t\t<\/dd><\/dl><br style=\"clear: both\" \/>\n\t\t\t<\/div>\n\n<p><span style=\"color: #0000ff;\"><strong>PALLAVOLO<\/strong><\/span><\/p>\n<blockquote>\n<p class=\"\" data-start=\"0\" data-end=\"69\"><strong data-start=\"0\" data-end=\"67\"><a class=\"dt-pswp-item\" href=\"https:\/\/www.radiopiu.net\/wordpress\/wp-content\/uploads\/2025\/04\/La_SB_Volley_attende_il_Santa_Croce.jpg\" data-dt-img-description=\"\" data-large_image_width=\"1591\" data-large_image_height=\"1061\"><img loading=\"lazy\" decoding=\"async\" class=\"size-medium wp-image-443236 alignleft\" src=\"https:\/\/www.radiopiu.net\/wordpress\/wp-content\/uploads\/2025\/04\/La_SB_Volley_attende_il_Santa_Croce-300x200.jpg\" alt=\"\" width=\"300\" height=\"200\" srcset=\"https:\/\/www.radiopiu.net\/wordpress\/wp-content\/uploads\/2025\/04\/La_SB_Volley_attende_il_Santa_Croce-300x200.jpg 300w, https:\/\/www.radiopiu.net\/wordpress\/wp-content\/uploads\/2025\/04\/La_SB_Volley_attende_il_Santa_Croce-1024x683.jpg 1024w, https:\/\/www.radiopiu.net\/wordpress\/wp-content\/uploads\/2025\/04\/La_SB_Volley_attende_il_Santa_Croce-768x512.jpg 768w, https:\/\/www.radiopiu.net\/wordpress\/wp-content\/uploads\/2025\/04\/La_SB_Volley_attende_il_Santa_Croce-1536x1024.jpg 1536w, https:\/\/www.radiopiu.net\/wordpress\/wp-content\/uploads\/2025\/04\/La_SB_Volley_attende_il_Santa_Croce.jpg 1591w\" sizes=\"auto, (max-width: 300px) 100vw, 300px\" \/><\/a>SB VOLLEY PRONTA ALLA SFIDA CON SANTA CROCE: \u00abDIAMO IL MASSIMO\u00bb<\/strong><\/p>\n<\/blockquote>\n<p class=\"\" data-start=\"71\" data-end=\"380\">Dopo la convincente vittoria contro Vicenza, la SB Volley si prepara alla terzultima gara della stagione con l&#8217;obiettivo di difendere il terzo posto in classifica. Domani, sabato 5 aprile, al palasport De Mas affronter\u00e0 il Santa Croce, squadra temibile reduce da un successo contro una delle big del torneo.<\/p>\n<p class=\"\" data-start=\"382\" data-end=\"769\">L&#8217;entusiasmo in casa SB \u00e8 alto, come conferma la giovane Sara De Don\u00e0: \u00abAbbiamo ancora la grinta per giocarcela fino alla fine e puntare ai playoff\u00bb. Con due delle ultime tre partite in casa, le ragazze di Salvadego e Nesello vogliono chiudere al meglio la stagione. Per De Don\u00e0, il salto in Serie C \u00e8 stata una crescita personale e tecnica: \u00abSpero di dimostrare ancora tanto sul campo\u00bb.<\/p>\n<hr \/>\n<p data-start=\"382\" data-end=\"769\">\n<\/div>\n","protected":false},"excerpt":{"rendered":"<p>****** &nbsp; &nbsp; LA\u00a0 APP PER IOS-IPHONE di Nicola Vettorello https:\/\/apps.apple.com\/it\/app\/radio-pi%C3%B9-emittente-agordina\/id1515939845 LA\u00a0 APP RADIO\u00a0 PER ANDROID di Nicola Vettorello https:\/\/play.google.com\/store\/apps\/details?id=net.radiopiu.iniko\u00a0\u00a0\u00a0\u00a0 &nbsp; LA VIGNETTA&#8230; DI VIP, PIERALDO VIGNAZIA 2025 &nbsp; \u00a0 &nbsp; OGGI \u00a0\u00a0 \u00a009.00\u00a0 le novit\u00e0 musicali, di Marco Gaz, (foto) la musica nuova direttamente dalle case discografiche\u00a0 \u00a010.30\u00a0 \u00a0 La rassegna stampa da l&#8217;amico&hellip;<\/p>\n","protected":false},"author":4,"featured_media":443234,"comment_status":"closed","ping_status":"closed","sticky":false,"template":"","format":"standard","meta":{"_monsterinsights_skip_tracking":false,"_monsterinsights_sitenote_active":false,"_monsterinsights_sitenote_note":"","_monsterinsights_sitenote_category":0,"footnotes":""},"categories":[51,86,49],"tags":[],"class_list":["post-443134","post","type-post","status-publish","format-standard","has-post-thumbnail","hentry","category-evidenza-top","category-gr","category-news-18","category-51","category-86","category-49","description-off"],"img_url":"https:\/\/www.radiopiu.net\/wordpress\/wp-content\/uploads\/2025\/04\/f682dff7-c061-401b-b0fe-562f309785d6.jpg","_links":{"self":[{"href":"https:\/\/www.radiopiu.net\/wordpress\/wp-json\/wp\/v2\/posts\/443134","targetHints":{"allow":["GET"]}}],"collection":[{"href":"https:\/\/www.radiopiu.net\/wordpress\/wp-json\/wp\/v2\/posts"}],"about":[{"href":"https:\/\/www.radiopiu.net\/wordpress\/wp-json\/wp\/v2\/types\/post"}],"author":[{"embeddable":true,"href":"https:\/\/www.radiopiu.net\/wordpress\/wp-json\/wp\/v2\/users\/4"}],"replies":[{"embeddable":true,"href":"https:\/\/www.radiopiu.net\/wordpress\/wp-json\/wp\/v2\/comments?post=443134"}],"version-history":[{"count":27,"href":"https:\/\/www.radiopiu.net\/wordpress\/wp-json\/wp\/v2\/posts\/443134\/revisions"}],"predecessor-version":[{"id":443388,"href":"https:\/\/www.radiopiu.net\/wordpress\/wp-json\/wp\/v2\/posts\/443134\/revisions\/443388"}],"wp:featuredmedia":[{"embeddable":true,"href":"https:\/\/www.radiopiu.net\/wordpress\/wp-json\/wp\/v2\/media\/443234"}],"wp:attachment":[{"href":"https:\/\/www.radiopiu.net\/wordpress\/wp-json\/wp\/v2\/media?parent=443134"}],"wp:term":[{"taxonomy":"category","embeddable":true,"href":"https:\/\/www.radiopiu.net\/wordpress\/wp-json\/wp\/v2\/categories?post=443134"},{"taxonomy":"post_tag","embeddable":true,"href":"https:\/\/www.radiopiu.net\/wordpress\/wp-json\/wp\/v2\/tags?post=443134"}],"curies":[{"name":"wp","href":"https:\/\/api.w.org\/{rel}","templated":true}]}}