{"id":443156,"date":"2025-04-04T00:03:20","date_gmt":"2025-04-03T22:03:20","guid":{"rendered":"https:\/\/www.radiopiu.net\/wordpress\/?p=443156"},"modified":"2025-04-04T06:03:28","modified_gmt":"2025-04-04T04:03:28","slug":"nasce-a-belluno-vocal-waves-il-coro-moderno-che-unisce-energia-divertimento-e-stili-musicali-diversi","status":"publish","type":"post","link":"https:\/\/www.radiopiu.net\/wordpress\/nasce-a-belluno-vocal-waves-il-coro-moderno-che-unisce-energia-divertimento-e-stili-musicali-diversi\/","title":{"rendered":"NASCE A BELLUNO \u201cVOCAL WAVES\u201d: IL CORO MODERNO CHE UNISCE ENERGIA, DIVERTIMENTO E STILI MUSICALI DIVERSI"},"content":{"rendered":"<p>**<\/p>\n<p><strong><img loading=\"lazy\" decoding=\"async\" class=\"alignleft\" src=\"https:\/\/www.radiopiu.net\/wordpress\/wp-content\/uploads\/2025\/04\/choir-7393900_640.webp\" width=\"211\" height=\"148\" \/>BELLUNO<\/strong><\/p>\n<p class=\"\" data-start=\"59\" data-end=\"538\">A Belluno debutta \u201cVocal Waves\u201d, un coro misto dedicato agli appassionati di musica moderna. Aperto a uomini e donne dai 18 ai 65 anni, il progetto esplorer\u00e0 generi diversi, dal pop al rock, dal gospel al metal, offrendo un\u2019esperienza musicale emozionante. Non \u00e8 necessaria una preparazione musicale avanzata, ma \u00e8 richiesta una buona intonazione e conoscenza di base della lettura musicale. Il coro sar\u00e0 guidato da professionisti locali, con l\u2019ambizione di esibirsi in pubblico. L\u2019iniziativa \u00e8 nata dalla passione di Karyn Savalli, gi\u00e0 attiva nel panorama musicale locale, che ha collaborato con Diego De Pasqual e Radmila Visentin per realizzare questo progetto innovativo. Le prove si terranno ogni luned\u00ec, dalle 20:15 alle 22:00. Chi fosse interessato pu\u00f2 scrivere a <a class=\"cursor-pointer\" rel=\"noopener\" data-start=\"831\" data-end=\"855\">corovocalwaves@gmail.com<\/a><\/p>\n<hr \/>\n<p data-start=\"59\" data-end=\"538\">\n","protected":false},"excerpt":{"rendered":"<p>** BELLUNO A Belluno debutta \u201cVocal Waves\u201d, un coro misto dedicato agli appassionati di musica moderna. Aperto a uomini e donne dai 18 ai 65 anni, il progetto esplorer\u00e0 generi diversi, dal pop al rock, dal gospel al metal, offrendo un\u2019esperienza musicale emozionante. Non \u00e8 necessaria una preparazione musicale avanzata, ma \u00e8 richiesta una buona&hellip;<\/p>\n","protected":false},"author":4,"featured_media":443159,"comment_status":"closed","ping_status":"closed","sticky":false,"template":"","format":"standard","meta":{"_monsterinsights_skip_tracking":false,"_monsterinsights_sitenote_active":false,"_monsterinsights_sitenote_note":"","_monsterinsights_sitenote_category":0,"footnotes":""},"categories":[49],"tags":[],"class_list":["post-443156","post","type-post","status-publish","format-standard","has-post-thumbnail","hentry","category-news-18","category-49","description-off"],"img_url":"https:\/\/www.radiopiu.net\/wordpress\/wp-content\/uploads\/2025\/04\/choir-7393900_640.webp","_links":{"self":[{"href":"https:\/\/www.radiopiu.net\/wordpress\/wp-json\/wp\/v2\/posts\/443156","targetHints":{"allow":["GET"]}}],"collection":[{"href":"https:\/\/www.radiopiu.net\/wordpress\/wp-json\/wp\/v2\/posts"}],"about":[{"href":"https:\/\/www.radiopiu.net\/wordpress\/wp-json\/wp\/v2\/types\/post"}],"author":[{"embeddable":true,"href":"https:\/\/www.radiopiu.net\/wordpress\/wp-json\/wp\/v2\/users\/4"}],"replies":[{"embeddable":true,"href":"https:\/\/www.radiopiu.net\/wordpress\/wp-json\/wp\/v2\/comments?post=443156"}],"version-history":[{"count":2,"href":"https:\/\/www.radiopiu.net\/wordpress\/wp-json\/wp\/v2\/posts\/443156\/revisions"}],"predecessor-version":[{"id":443161,"href":"https:\/\/www.radiopiu.net\/wordpress\/wp-json\/wp\/v2\/posts\/443156\/revisions\/443161"}],"wp:featuredmedia":[{"embeddable":true,"href":"https:\/\/www.radiopiu.net\/wordpress\/wp-json\/wp\/v2\/media\/443159"}],"wp:attachment":[{"href":"https:\/\/www.radiopiu.net\/wordpress\/wp-json\/wp\/v2\/media?parent=443156"}],"wp:term":[{"taxonomy":"category","embeddable":true,"href":"https:\/\/www.radiopiu.net\/wordpress\/wp-json\/wp\/v2\/categories?post=443156"},{"taxonomy":"post_tag","embeddable":true,"href":"https:\/\/www.radiopiu.net\/wordpress\/wp-json\/wp\/v2\/tags?post=443156"}],"curies":[{"name":"wp","href":"https:\/\/api.w.org\/{rel}","templated":true}]}}