{"id":443331,"date":"2025-04-05T05:53:36","date_gmt":"2025-04-05T03:53:36","guid":{"rendered":"https:\/\/www.radiopiu.net\/wordpress\/?p=443331"},"modified":"2025-04-05T05:55:43","modified_gmt":"2025-04-05T03:55:43","slug":"incidente-ai-campionati-italiani-di-sci-per-gaia-viel-atleta-dimessa-dallospedale-e-gia-a-casa","status":"publish","type":"post","link":"https:\/\/www.radiopiu.net\/wordpress\/incidente-ai-campionati-italiani-di-sci-per-gaia-viel-atleta-dimessa-dallospedale-e-gia-a-casa\/","title":{"rendered":"INCIDENTE AI CAMPIONATI ITALIANI DI SCI PER GAIA VIEL. ATLETA DIMESSA DALL&#8217;OSPEDALE E GIA&#8217; A CASA"},"content":{"rendered":"<p>*******<\/p>\n<p>&nbsp;<\/p>\n<p><strong><a class=\"dt-pswp-item\" href=\"https:\/\/www.radiopiu.net\/wordpress\/wp-content\/uploads\/2025\/04\/35979.jpg\" data-dt-img-description=\"\" data-large_image_width=\"1280\" data-large_image_height=\"910\"><img loading=\"lazy\" decoding=\"async\" class=\" wp-image-443347 alignleft\" src=\"https:\/\/www.radiopiu.net\/wordpress\/wp-content\/uploads\/2025\/04\/35979-300x213.jpg\" alt=\"\" width=\"183\" height=\"130\" srcset=\"https:\/\/www.radiopiu.net\/wordpress\/wp-content\/uploads\/2025\/04\/35979-300x213.jpg 300w, https:\/\/www.radiopiu.net\/wordpress\/wp-content\/uploads\/2025\/04\/35979-1024x728.jpg 1024w, https:\/\/www.radiopiu.net\/wordpress\/wp-content\/uploads\/2025\/04\/35979-768x546.jpg 768w, https:\/\/www.radiopiu.net\/wordpress\/wp-content\/uploads\/2025\/04\/35979.jpg 1280w\" sizes=\"auto, (max-width: 183px) 100vw, 183px\" \/><\/a>REDAZIONE<\/strong> Gaia Viel, ventenne sciatrice di Longarone, \u00e8 caduta durante il superG dei Campionati Italiani Assoluti in Val di Fassa, sbilanciandosi su una compressione e atterrando sulla schiena. Grazie all\u2019airbag e alle protezioni, ha evitato gravi conseguenze. I soccorsi sono intervenuti prontamente e, pur essendo cosciente, \u00e8 stata trasportata all\u2019Ospedale Santa Chiara per accertamenti. Tac e radiografie hanno escluso fratture e traumi cranici. Gaia \u00e8 stata dimessa e ha fatto ritorno a casa, con dolore ma senza lesioni. Il Comitato Organizzatore le ha rivolto un augurio di pronta guarigione.<\/p>\n<p>&nbsp;<\/p>\n<p>&nbsp;<\/p>\n<h1><a class=\"dt-pswp-item\" href=\"https:\/\/www.radiopiu.net\/wordpress\/wp-content\/uploads\/2025\/04\/gaia-viel-Copia.jpg\" data-dt-img-description=\"\" data-large_image_width=\"858\" data-large_image_height=\"572\"><img loading=\"lazy\" decoding=\"async\" class=\"size-medium wp-image-443332 alignleft\" src=\"https:\/\/www.radiopiu.net\/wordpress\/wp-content\/uploads\/2025\/04\/gaia-viel-Copia-300x200.jpg\" alt=\"\" width=\"300\" height=\"200\" srcset=\"https:\/\/www.radiopiu.net\/wordpress\/wp-content\/uploads\/2025\/04\/gaia-viel-Copia-300x200.jpg 300w, https:\/\/www.radiopiu.net\/wordpress\/wp-content\/uploads\/2025\/04\/gaia-viel-Copia-768x512.jpg 768w, https:\/\/www.radiopiu.net\/wordpress\/wp-content\/uploads\/2025\/04\/gaia-viel-Copia.jpg 858w\" sizes=\"auto, (max-width: 300px) 100vw, 300px\" \/><\/a><\/h1>\n<h1>Buone notizie per Gaia Viel dopo la caduta in gara<br \/>\nIL COMUNICATO DIFFUSO IN SERATA<\/h1>\n<p>Arrivano buone notizie dopo gli accertamenti medici eseguiti a seguito della caduta nel superG dei Campionati Italiani Assoluti della Val di Fassa da parte della ventenne di Longarone Gaia Viel. La giovane sciatrice dello Sci club Drusci\u00e8 Cortina in una compressione nella parte alta del tracciato, sulla pista \u00abLa VolataA\u00bb nella Ski Area San Pellegrino, si \u00e8 sbilanciata, inforcando la porta successiva, cadendo in avanti e atterrando sulla neve con la schiena. Fortunatamente le protezioni e l\u2019airbag hanno fatto il proprio dovere. Attivati prontamente i soccorsi e il medico di gara, pur essendo Gaia sempre cosciente ma dolorante, \u00e8 stato deciso di trasportarla a valle con il toboga e successivamente all&#8217;Ospedale Santa Chiara con l&#8217;elicottero per precauzione. Prontamente effettuati gli esami sanitari, quale la tac e le relative radiografie, non \u00e8 stata rilevata alcuna frattura o trauma cranico. Gaia \u00e8 stata dimessa ed \u00e8 tornata a casa a Longarone con dolore per la caduta, ma fortunatamente senza conseguenze. Da parte del Comitato Organizzatore dei Campionati Italiani Assoluti di sci alpino della Val di Fassa un augurio di riprendersi il prima possibile.<\/p>\n<p>&nbsp;<\/p>\n<p>&nbsp;<\/p>\n<p>&nbsp;<\/p>\n<p>*********<\/p>\n","protected":false},"excerpt":{"rendered":"<p>******* &nbsp; REDAZIONE Gaia Viel, ventenne sciatrice di Longarone, \u00e8 caduta durante il superG dei Campionati Italiani Assoluti in Val di Fassa, sbilanciandosi su una compressione e atterrando sulla schiena. Grazie all\u2019airbag e alle protezioni, ha evitato gravi conseguenze. I soccorsi sono intervenuti prontamente e, pur essendo cosciente, \u00e8 stata trasportata all\u2019Ospedale Santa Chiara per&hellip;<\/p>\n","protected":false},"author":4,"featured_media":443347,"comment_status":"closed","ping_status":"closed","sticky":false,"template":"","format":"standard","meta":{"_monsterinsights_skip_tracking":false,"_monsterinsights_sitenote_active":false,"_monsterinsights_sitenote_note":"","_monsterinsights_sitenote_category":0,"footnotes":""},"categories":[51,49],"tags":[],"class_list":["post-443331","post","type-post","status-publish","format-standard","has-post-thumbnail","hentry","category-evidenza-top","category-news-18","category-51","category-49","description-off"],"img_url":"https:\/\/www.radiopiu.net\/wordpress\/wp-content\/uploads\/2025\/04\/35979.jpg","_links":{"self":[{"href":"https:\/\/www.radiopiu.net\/wordpress\/wp-json\/wp\/v2\/posts\/443331","targetHints":{"allow":["GET"]}}],"collection":[{"href":"https:\/\/www.radiopiu.net\/wordpress\/wp-json\/wp\/v2\/posts"}],"about":[{"href":"https:\/\/www.radiopiu.net\/wordpress\/wp-json\/wp\/v2\/types\/post"}],"author":[{"embeddable":true,"href":"https:\/\/www.radiopiu.net\/wordpress\/wp-json\/wp\/v2\/users\/4"}],"replies":[{"embeddable":true,"href":"https:\/\/www.radiopiu.net\/wordpress\/wp-json\/wp\/v2\/comments?post=443331"}],"version-history":[{"count":11,"href":"https:\/\/www.radiopiu.net\/wordpress\/wp-json\/wp\/v2\/posts\/443331\/revisions"}],"predecessor-version":[{"id":443385,"href":"https:\/\/www.radiopiu.net\/wordpress\/wp-json\/wp\/v2\/posts\/443331\/revisions\/443385"}],"wp:featuredmedia":[{"embeddable":true,"href":"https:\/\/www.radiopiu.net\/wordpress\/wp-json\/wp\/v2\/media\/443347"}],"wp:attachment":[{"href":"https:\/\/www.radiopiu.net\/wordpress\/wp-json\/wp\/v2\/media?parent=443331"}],"wp:term":[{"taxonomy":"category","embeddable":true,"href":"https:\/\/www.radiopiu.net\/wordpress\/wp-json\/wp\/v2\/categories?post=443331"},{"taxonomy":"post_tag","embeddable":true,"href":"https:\/\/www.radiopiu.net\/wordpress\/wp-json\/wp\/v2\/tags?post=443331"}],"curies":[{"name":"wp","href":"https:\/\/api.w.org\/{rel}","templated":true}]}}