{"id":443361,"date":"2025-04-05T05:51:13","date_gmt":"2025-04-05T03:51:13","guid":{"rendered":"https:\/\/www.radiopiu.net\/wordpress\/?p=443361"},"modified":"2025-04-05T05:56:12","modified_gmt":"2025-04-05T03:56:12","slug":"coltivava-funghi-allucinogeni-in-casa-denunciato-43enne-di-arsie","status":"publish","type":"post","link":"https:\/\/www.radiopiu.net\/wordpress\/coltivava-funghi-allucinogeni-in-casa-denunciato-43enne-di-arsie\/","title":{"rendered":"COLTIVAVA FUNGHI ALLUCINOGENI IN CASA: DENUNCIATO 43ENNE DI ARSI\u00c8"},"content":{"rendered":"<p>**<\/p>\n<p><strong>ARSIE<\/strong><\/p>\n<article class=\"text-token-text-primary w-full\" dir=\"auto\" data-testid=\"conversation-turn-18\" data-scroll-anchor=\"false\">\n<div class=\"text-base my-auto mx-auto py-5 px-6\">\n<div class=\"mx-auto flex flex-1 text-base gap-4 md:gap-5 lg:gap-6 md:max-w-3xl group\/turn-messages focus-visible:outline-hidden\" tabindex=\"-1\">\n<div class=\"group\/conversation-turn relative flex w-full min-w-0 flex-col agent-turn @xs\/thread:px-0 @sm\/thread:px-1.5 @md\/thread:px-4\">\n<div class=\"relative flex-col gap-1 md:gap-3\">\n<div class=\"flex max-w-full flex-col grow\">\n<div class=\"min-h-8 text-message relative flex w-full flex-col items-end gap-2 text-start break-words whitespace-normal [.text-message+&amp;]:mt-5\" dir=\"auto\" data-message-author-role=\"assistant\" data-message-id=\"7984574f-93bb-4749-93d9-8087a5a46bd6\" data-message-model-slug=\"gpt-4o\">\n<div class=\"flex w-full flex-col gap-1 empty:hidden first:pt-[3px]\">\n<div class=\"markdown prose dark:prose-invert w-full break-words dark\">\n<p class=\"\" data-start=\"13\" data-end=\"625\"><img decoding=\"async\" class=\"alignleft\" src=\"https:\/\/www.radiopiu.net\/wordpress\/wp-content\/uploads\/2025\/04\/download-3.jpg\" \/>Coltivava funghi allucinogeni in casa: denunciato un 43enne di Arsi\u00e8. La polizia ha sequestrato circa 100 grammi di funghi psicoattivi, conservati anche in barattolo, insieme a materiale per il confezionamento e un bilancino di precisione. L\u2019indagine, avviata il 2 aprile dalla Squadra Mobile di Belluno, ipotizza non solo l\u2019autoconsumo, ma anche un\u2019attivit\u00e0 di cessione per arrotondare il reddito. Le spore proliferavano in vari punti dell\u2019abitazione. L\u2019inchiesta, coordinata da Cristina Rizzo, \u00e8 parte di un pi\u00f9 ampio servizio antidroga e proseguir\u00e0 per verificare l\u2019eventuale esistenza di una rete di spaccio<\/p>\n<\/div>\n<\/div>\n<\/div>\n<\/div>\n<div class=\"flex absolute right-0 left-0 flex justify-start\">\n<div class=\"touch:-me-2 touch:-ms-3.5 -ms-2.5 -me-1 flex items-center p-1 select-none -mt-1 focus-within:transition-none hover:transition-none duration-500 group-hover\/turn-messages:delay-300 pointer-events-none [mask-image:linear-gradient(to_right,black_33%,transparent_66%)] [mask-position:100%_0%] [mask-size:300%_100%] motion-safe:transition-[mask-position] group-hover\/turn-messages:pointer-events-auto group-hover\/turn-messages:[mask-position:0_0] group-focus-within\/turn-messages:pointer-events-auto group-focus-within\/turn-messages:[mask-position:0_0] has-data-[state=open]:pointer-events-auto has-data-[state=open]:[mask-position:0_0]\"><strong>TIZIANA BOLOGNANI DALLE ANTICIPAZIONI DEL TG DI ANTENNA 3<\/strong><\/div>\n<\/div>\n<\/div>\n<\/div>\n<\/div>\n<\/div>\n<\/article>\n<article class=\"text-token-text-primary w-full\" dir=\"auto\" data-testid=\"conversation-turn-19\" data-scroll-anchor=\"false\"><audio class=\"wp-audio-shortcode\" id=\"audio-443361-1\" preload=\"none\" style=\"width: 100%;\" controls=\"controls\"><source type=\"audio\/mpeg\" src=\"https:\/\/www.radiopiu.net\/wordpress\/wp-content\/uploads\/2025\/04\/TIZIANA-FUNGHI.mp3?_=1\" \/><a href=\"https:\/\/www.radiopiu.net\/wordpress\/wp-content\/uploads\/2025\/04\/TIZIANA-FUNGHI.mp3\">https:\/\/www.radiopiu.net\/wordpress\/wp-content\/uploads\/2025\/04\/TIZIANA-FUNGHI.mp3<\/a><\/audio>\n<p>&nbsp;<\/p>\n<hr \/>\n<p>&nbsp;<\/p>\n<\/article>\n","protected":false},"excerpt":{"rendered":"<p>** ARSIE Coltivava funghi allucinogeni in casa: denunciato un 43enne di Arsi\u00e8. La polizia ha sequestrato circa 100 grammi di funghi psicoattivi, conservati anche in barattolo, insieme a materiale per il confezionamento e un bilancino di precisione. L\u2019indagine, avviata il 2 aprile dalla Squadra Mobile di Belluno, ipotizza non solo l\u2019autoconsumo, ma anche un\u2019attivit\u00e0 di&hellip;<\/p>\n","protected":false},"author":4,"featured_media":443362,"comment_status":"closed","ping_status":"closed","sticky":false,"template":"","format":"standard","meta":{"_monsterinsights_skip_tracking":false,"_monsterinsights_sitenote_active":false,"_monsterinsights_sitenote_note":"","_monsterinsights_sitenote_category":0,"footnotes":""},"categories":[51,49],"tags":[],"class_list":["post-443361","post","type-post","status-publish","format-standard","has-post-thumbnail","hentry","category-evidenza-top","category-news-18","category-51","category-49","description-off"],"img_url":"https:\/\/www.radiopiu.net\/wordpress\/wp-content\/uploads\/2025\/04\/download-3.jpg","_links":{"self":[{"href":"https:\/\/www.radiopiu.net\/wordpress\/wp-json\/wp\/v2\/posts\/443361","targetHints":{"allow":["GET"]}}],"collection":[{"href":"https:\/\/www.radiopiu.net\/wordpress\/wp-json\/wp\/v2\/posts"}],"about":[{"href":"https:\/\/www.radiopiu.net\/wordpress\/wp-json\/wp\/v2\/types\/post"}],"author":[{"embeddable":true,"href":"https:\/\/www.radiopiu.net\/wordpress\/wp-json\/wp\/v2\/users\/4"}],"replies":[{"embeddable":true,"href":"https:\/\/www.radiopiu.net\/wordpress\/wp-json\/wp\/v2\/comments?post=443361"}],"version-history":[{"count":1,"href":"https:\/\/www.radiopiu.net\/wordpress\/wp-json\/wp\/v2\/posts\/443361\/revisions"}],"predecessor-version":[{"id":443363,"href":"https:\/\/www.radiopiu.net\/wordpress\/wp-json\/wp\/v2\/posts\/443361\/revisions\/443363"}],"wp:featuredmedia":[{"embeddable":true,"href":"https:\/\/www.radiopiu.net\/wordpress\/wp-json\/wp\/v2\/media\/443362"}],"wp:attachment":[{"href":"https:\/\/www.radiopiu.net\/wordpress\/wp-json\/wp\/v2\/media?parent=443361"}],"wp:term":[{"taxonomy":"category","embeddable":true,"href":"https:\/\/www.radiopiu.net\/wordpress\/wp-json\/wp\/v2\/categories?post=443361"},{"taxonomy":"post_tag","embeddable":true,"href":"https:\/\/www.radiopiu.net\/wordpress\/wp-json\/wp\/v2\/tags?post=443361"}],"curies":[{"name":"wp","href":"https:\/\/api.w.org\/{rel}","templated":true}]}}