{"id":443418,"date":"2025-04-07T05:32:14","date_gmt":"2025-04-07T03:32:14","guid":{"rendered":"https:\/\/www.radiopiu.net\/wordpress\/?p=443418"},"modified":"2025-04-07T10:10:34","modified_gmt":"2025-04-07T08:10:34","slug":"giornale-radiopiu-07-aprile-2025-direttore-mirko-mezzacasa","status":"publish","type":"post","link":"https:\/\/www.radiopiu.net\/wordpress\/giornale-radiopiu-07-aprile-2025-direttore-mirko-mezzacasa\/","title":{"rendered":"GIORNALE RADIOPIU 07 APRILE 2025 DIRETTORE MIRKO MEZZACASA"},"content":{"rendered":"<p>******<\/p>\n<p>&nbsp;<\/p>\n<p>&nbsp;<\/p>\n<p><em><span style=\"color: #ff0000;\"><a class=\"dt-pswp-item\" href=\"https:\/\/www.radiopiu.net\/wordpress\/wp-content\/uploads\/2024\/10\/Senza-nome-8.png\" data-dt-img-description=\"\" data-large_image_width=\"343\" data-large_image_height=\"303\"><img loading=\"lazy\" decoding=\"async\" class=\"wp-image-412130 alignleft\" src=\"https:\/\/www.radiopiu.net\/wordpress\/wp-content\/uploads\/2024\/10\/Senza-nome-8-300x265.png\" alt=\"\" width=\"105\" height=\"93\" srcset=\"https:\/\/www.radiopiu.net\/wordpress\/wp-content\/uploads\/2024\/10\/Senza-nome-8-300x265.png 300w, https:\/\/www.radiopiu.net\/wordpress\/wp-content\/uploads\/2024\/10\/Senza-nome-8.png 343w\" sizes=\"auto, (max-width: 105px) 100vw, 105px\" \/><\/a><\/span><\/em><strong><em><span style=\"color: #ff0000;\"> LA\u00a0 APP PER IOS-IPHONE di Nicola Vettorello<\/span><\/em><\/strong><\/p>\n<p><strong><span style=\"color: #0000ff;\"><a style=\"color: #0000ff;\" href=\"https:\/\/apps.apple.com\/it\/app\/radio-pi%C3%B9-emittente-agordina\/id1515939845\">https:\/\/apps.apple.com\/it\/app\/radio-pi%C3%B9-emittente-agordina\/id1515939845<\/a><\/span><\/strong><\/p>\n<p><strong><em style=\"color: #ff0000;\">LA\u00a0 APP RADIO\u00a0 PER ANDROID di Nicola Vettorello<\/em><\/strong><\/p>\n<p><strong><span style=\"color: #0000ff;\"><a style=\"color: #0000ff;\" href=\"https:\/\/play.google.com\/store\/apps\/details?id=net.radiopiu.iniko\" target=\"_blank\" rel=\"noopener noreferrer\">https:\/\/<\/a><a style=\"color: #0000ff;\" href=\"https:\/\/play.google.com\/store\/apps\/details?id=net.radiopiu.iniko\" target=\"_blank\" rel=\"noopener noreferrer\">play.google.com\/store\/apps\/details?id=net.radiopiu.iniko\u00a0\u00a0\u00a0\u00a0<\/a><\/span><\/strong><\/p>\n<p>&nbsp;<\/p>\n<p>&nbsp;<\/p>\n<hr \/>\n<p><span style=\"color: #0000ff;\">\u00a0<\/span><\/p>\n<p>&nbsp;<\/p>\n<p><span style=\"color: #0000ff;\"><strong><a class=\"dt-pswp-item\" href=\"https:\/\/www.radiopiu.net\/wordpress\/wp-content\/uploads\/2018\/09\/salutesocieta.gif\" data-dt-img-description=\"\" data-large_image_width=\"250\" data-large_image_height=\"175\"><img loading=\"lazy\" decoding=\"async\" class=\" wp-image-60766 alignleft\" src=\"https:\/\/www.radiopiu.net\/wordpress\/wp-content\/uploads\/2018\/09\/salutesocieta.gif\" alt=\"\" width=\"190\" height=\"133\" \/><\/a>OGGI <\/strong>\u00a0<\/span>\u00a0 <strong>\u00a009.00<\/strong>\u00a0 oggi come ieri, il lunedi alle nove e il martedi alle 9.40 con Silvia Baldo<strong> 940<\/strong> i racconti di Paolo Soppelsa\u00a0 <strong>10.30<\/strong>\u00a0 \u00a0 sib informa, il programma delle tre radio con Barbara Paolazzi<strong>\u00a011.00 <\/strong>piu&#8217; musica, le selezioni di moreno tocchetto e david ben <span class=\"transfer_display_name\">\u00a0<strong>13.10<\/strong>\u00a0 tre per due per te&#8230; di Marina Dona&#8217;\u00a0 13.20 salute e societ\u00e0 con il dottor Marco Caracciolo (FOTO) <strong>15.10<\/strong>\u00a0 RITRATTI SONORI, IL PROGRAMMA DEL LUNEDI POMERIGGIO DI ALESSIA DALL&#8217;O, OSPITE FEDERICO DALLE MULE\u00a0 \u00a0<\/span><strong>16<\/strong><b>.45\u00a0<\/b> LE CLASSIFICHE, LA STORIA DELLA MUSICA, DI MIRCO BENCIVENNI <strong>19.00<\/strong> le anticipazioni del TG di Antenna 3 (Canale 10 digitale terrestre) di Tiziana Bolognani<\/p>\n<p><strong>MERCOLEDI SERA DALLE 20.30 DIRETTA RADIO, al mercoledi di sera. Presentiamo la sagra de Pasca, tutte le novit\u00e0 con Gruppo Sportivo, Proloco, Abvs e&#8230; Eugenio Bien<\/strong><\/p>\n<p>&nbsp;<\/p>\n<p>&nbsp;<\/p>\n<hr \/>\n<p>&nbsp;<\/p>\n<p>&nbsp;<\/p>\n<div class=\"x11i5rnm xat24cr x1mh8g0r x1vvkbs xtlvy1s x126k92a\">\n<div dir=\"auto\">\n<div dir=\"auto\">\n<p><strong><a class=\"dt-pswp-item\" href=\"https:\/\/www.radiopiu.net\/wordpress\/wp-content\/uploads\/2024\/02\/2d44e751-d8a8-461b-8e22-d8e4e853b032.jpg\" data-dt-img-description=\"\" data-large_image_width=\"1600\" data-large_image_height=\"1200\"><img loading=\"lazy\" decoding=\"async\" class=\"wp-image-373307 alignleft\" src=\"https:\/\/www.radiopiu.net\/wordpress\/wp-content\/uploads\/2024\/02\/2d44e751-d8a8-461b-8e22-d8e4e853b032-300x225.jpg\" alt=\"\" width=\"105\" height=\"79\" srcset=\"https:\/\/www.radiopiu.net\/wordpress\/wp-content\/uploads\/2024\/02\/2d44e751-d8a8-461b-8e22-d8e4e853b032-300x225.jpg 300w, https:\/\/www.radiopiu.net\/wordpress\/wp-content\/uploads\/2024\/02\/2d44e751-d8a8-461b-8e22-d8e4e853b032-1024x768.jpg 1024w, https:\/\/www.radiopiu.net\/wordpress\/wp-content\/uploads\/2024\/02\/2d44e751-d8a8-461b-8e22-d8e4e853b032-768x576.jpg 768w, https:\/\/www.radiopiu.net\/wordpress\/wp-content\/uploads\/2024\/02\/2d44e751-d8a8-461b-8e22-d8e4e853b032-1536x1152.jpg 1536w, https:\/\/www.radiopiu.net\/wordpress\/wp-content\/uploads\/2024\/02\/2d44e751-d8a8-461b-8e22-d8e4e853b032.jpg 1600w\" sizes=\"auto, (max-width: 105px) 100vw, 105px\" \/><\/a>EL BAL DEL FIOR, DI GIULIANA DA RONCH, 07 APRILE<\/strong><strong> 2025<\/strong><\/p>\n<\/div>\n<p>&nbsp;<\/p>\n<p>&nbsp;<\/p>\n<audio class=\"wp-audio-shortcode\" id=\"audio-443418-1\" preload=\"none\" style=\"width: 100%;\" controls=\"controls\"><source type=\"audio\/mpeg\" src=\"https:\/\/www.radiopiu.net\/wordpress\/wp-content\/uploads\/2025\/04\/GLU.mp3?_=1\" \/><a href=\"https:\/\/www.radiopiu.net\/wordpress\/wp-content\/uploads\/2025\/04\/GLU.mp3\">https:\/\/www.radiopiu.net\/wordpress\/wp-content\/uploads\/2025\/04\/GLU.mp3<\/a><\/audio>\n<div dir=\"auto\">\n<hr \/>\n<p>&nbsp;<\/p>\n<p>&nbsp;<\/p>\n<\/div>\n<\/div>\n<\/div>\n<div class=\"x11i5rnm xat24cr x1mh8g0r x1vvkbs xtlvy1s x126k92a\">\n<blockquote>\n<h1><strong><a class=\"dt-pswp-item\" href=\"https:\/\/www.radiopiu.net\/wordpress\/wp-content\/uploads\/2024\/10\/629301fd-708d-4f53-95c2-d28cbefd500f.jpg\" data-dt-img-description=\"\" data-large_image_width=\"1600\" data-large_image_height=\"1322\"><img loading=\"lazy\" decoding=\"async\" class=\"wp-image-413782 alignright\" src=\"https:\/\/www.radiopiu.net\/wordpress\/wp-content\/uploads\/2024\/10\/629301fd-708d-4f53-95c2-d28cbefd500f-300x248.jpg\" alt=\"\" width=\"106\" height=\"88\" srcset=\"https:\/\/www.radiopiu.net\/wordpress\/wp-content\/uploads\/2024\/10\/629301fd-708d-4f53-95c2-d28cbefd500f-300x248.jpg 300w, https:\/\/www.radiopiu.net\/wordpress\/wp-content\/uploads\/2024\/10\/629301fd-708d-4f53-95c2-d28cbefd500f-1024x846.jpg 1024w, https:\/\/www.radiopiu.net\/wordpress\/wp-content\/uploads\/2024\/10\/629301fd-708d-4f53-95c2-d28cbefd500f-768x635.jpg 768w, https:\/\/www.radiopiu.net\/wordpress\/wp-content\/uploads\/2024\/10\/629301fd-708d-4f53-95c2-d28cbefd500f-1536x1269.jpg 1536w, https:\/\/www.radiopiu.net\/wordpress\/wp-content\/uploads\/2024\/10\/629301fd-708d-4f53-95c2-d28cbefd500f.jpg 1600w\" sizes=\"auto, (max-width: 106px) 100vw, 106px\" \/><\/a><\/strong><\/h1>\n<h1><strong><a class=\"dt-pswp-item\" href=\"https:\/\/www.radiopiu.net\/wordpress\/wp-content\/uploads\/2024\/11\/th-18.jpg\" data-dt-img-description=\"\" data-large_image_width=\"156\" data-large_image_height=\"180\"><img loading=\"lazy\" decoding=\"async\" class=\"size-full wp-image-421611 alignleft\" src=\"https:\/\/www.radiopiu.net\/wordpress\/wp-content\/uploads\/2024\/11\/th-18.jpg\" alt=\"\" width=\"156\" height=\"180\" \/><\/a><\/strong><\/h1>\n<h1><strong>N di parom &#8211; L Almanach de la nosta jent<\/strong><\/h1>\n<\/blockquote>\n<p>&nbsp;<\/p>\n<p>Le voci: Davide Conedera, Agordo, Michela Dell&#8217;Osbel, La Valle Agordina Simone Ganz, Falcade Veronica Lezuo, Colle Santa Lucia. La voce nella sigla \u00e8 di Giorgia Taio<\/p>\n<p><strong>LA PUNTATA DI OGGI, 07 APRILE 2025<\/strong><\/p>\n<audio class=\"wp-audio-shortcode\" id=\"audio-443418-2\" preload=\"none\" style=\"width: 100%;\" controls=\"controls\"><source type=\"audio\/mpeg\" src=\"https:\/\/www.radiopiu.net\/wordpress\/wp-content\/uploads\/2025\/04\/AL1.mp3?_=2\" \/><a href=\"https:\/\/www.radiopiu.net\/wordpress\/wp-content\/uploads\/2025\/04\/AL1.mp3\">https:\/\/www.radiopiu.net\/wordpress\/wp-content\/uploads\/2025\/04\/AL1.mp3<\/a><\/audio>\n<p>&nbsp;<\/p>\n<p>&nbsp;<\/p>\n<p>&nbsp;<\/p>\n<\/div>\n<div class=\"x11i5rnm xat24cr x1mh8g0r x1vvkbs xtlvy1s x126k92a\">\n<div dir=\"auto\">\n<hr \/>\n<\/div>\n<\/div>\n<blockquote>\n<blockquote>\n<h1><span style=\"color: #ff0000;\">\u00a0<\/span><\/h1>\n<h1><span style=\"color: #ff0000;\">I podcast informativi del mattino &#8211; audio &#8211;\u00a0\u00a0<\/span><\/h1>\n<\/blockquote>\n<p><strong><a class=\"dt-pswp-item\" href=\"https:\/\/www.radiopiu.net\/wordpress\/wp-content\/uploads\/2024\/11\/6.jpg\" data-dt-img-description=\"\" data-large_image_width=\"177\" data-large_image_height=\"180\"><img loading=\"lazy\" decoding=\"async\" class=\"size-full wp-image-417911 alignleft\" src=\"https:\/\/www.radiopiu.net\/wordpress\/wp-content\/uploads\/2024\/11\/6.jpg\" alt=\"\" width=\"177\" height=\"180\" \/><\/a>LA RASSEGNA STAMPA NAZIONALE ALLA RADIO, OGNI GIORNO ALLE 5 E ALLE 6 DEL MATTINO <span style=\"color: #0000ff;\">viene pubblicata alle 6.00 <span style=\"color: #ff0000;\">DIRETTA RADIO\u00a0 \u00a0\u00a0<\/span><\/span><\/strong><\/p><\/blockquote>\n<p>&nbsp;<\/p>\n<p><strong>NOTIZIE DELLA NOTTE<\/strong><\/p>\n<p><strong>Trump<\/strong>: &#8216;Non so cosa succeder\u00e0 ai mercati, ma Usa sono pi\u00f9 forti&#8217; <strong>Ucraina<\/strong>, Trump: vorrei che Putin si fermasse<br \/>\n<strong>La Borsa di Hong Kong<\/strong> in picchiata, apre a -9,28% <strong>La Borsa di Taiwan<\/strong> perde quasi il 10%, Singapore oltre l&#8217;8%<br \/>\n<strong>La Borsa di Seul apre a -4,77%<\/strong>, Sydney perde oltre il 5% <strong>Crollo della Borsa di Tokyo,<\/strong> il Nikkei perde oltre il 7%<br \/>\n<strong>Trump<\/strong> minimizza il crollo in Borsa: dazi sono &#8216;cura necessaria&#8217; <strong>Petrolio<\/strong> a New York sotto 60 dollari, prima volta da aprile &#8217;21<\/p>\n<h1>AUDIO dalle 6 del mattino<\/h1>\n<audio class=\"wp-audio-shortcode\" id=\"audio-443418-3\" preload=\"none\" style=\"width: 100%;\" controls=\"controls\"><source type=\"audio\/mpeg\" src=\"https:\/\/www.radiopiu.net\/wordpress\/wp-content\/uploads\/2025\/04\/GIORNALEDELLESEI-4.mp3?_=3\" \/><a href=\"https:\/\/www.radiopiu.net\/wordpress\/wp-content\/uploads\/2025\/04\/GIORNALEDELLESEI-4.mp3\">https:\/\/www.radiopiu.net\/wordpress\/wp-content\/uploads\/2025\/04\/GIORNALEDELLESEI-4.mp3<\/a><\/audio>\n<p>&nbsp;<\/p>\n<p>&nbsp;<\/p>\n<hr \/>\n<p>&nbsp;<\/p>\n<h1 style=\"text-align: center;\"><span style=\"color: #ff0000;\"><a class=\"dt-pswp-item\" href=\"https:\/\/www.radiopiu.net\/wordpress\/wp-content\/uploads\/2024\/11\/7.jpg\" data-dt-img-description=\"\" data-large_image_width=\"180\" data-large_image_height=\"180\"><img loading=\"lazy\" decoding=\"async\" class=\"size-full wp-image-417912 alignleft\" src=\"https:\/\/www.radiopiu.net\/wordpress\/wp-content\/uploads\/2024\/11\/7.jpg\" alt=\"\" width=\"180\" height=\"180\" srcset=\"https:\/\/www.radiopiu.net\/wordpress\/wp-content\/uploads\/2024\/11\/7.jpg 180w, https:\/\/www.radiopiu.net\/wordpress\/wp-content\/uploads\/2024\/11\/7-150x150.jpg 150w\" sizes=\"auto, (max-width: 180px) 100vw, 180px\" \/><\/a>I podcast informativi del mattino &#8211; audio &#8211;\u00a0<\/span><\/h1>\n<p><strong>OGNI GIORNO ALLE SETTE DEL MATTINO, LA RASSEGNA STAMPA LOCALE FLASH&#8230; PER CHI VA IN FRETTA. I TITOLI DAI GIORNALI E DAL SITO WWW.RADIOPIU.NET <span style=\"color: #0000ff;\">viene pubblicato alle 7.00<\/span> <span style=\"color: #ff0000;\">DIRETTA RADIO\u00a0<\/span><\/strong><\/p>\n<p><em><span style=\"color: #ff0000;\">per chi va in fretta&#8230; tante notizie in pochi minuti. L&#8217;informazione locale alla radio, ogni ora dalle 7 del mattino alle 19 della sera.\u00a0\u00a0<\/span><\/em><\/p>\n<p>&nbsp;<\/p>\n<p><strong>\u00a0<\/strong><\/p>\n<article class=\"text-token-text-primary w-full\" dir=\"auto\" data-testid=\"conversation-turn-20\" data-scroll-anchor=\"true\">\n<div class=\"text-base my-auto mx-auto py-5 px-6\">\n<div class=\"mx-auto flex flex-1 text-base gap-4 md:gap-5 lg:gap-6 md:max-w-3xl group\/turn-messages focus-visible:outline-hidden\" tabindex=\"-1\">\n<div class=\"group\/conversation-turn relative flex w-full min-w-0 flex-col agent-turn @xs\/thread:px-0 @sm\/thread:px-1.5 @md\/thread:px-4\">\n<div class=\"relative flex-col gap-1 md:gap-3\">\n<div class=\"flex max-w-full flex-col grow\">\n<div class=\"min-h-8 text-message relative flex w-full flex-col items-end gap-2 text-start break-words whitespace-normal [.text-message+&amp;]:mt-5\" dir=\"auto\" data-message-author-role=\"assistant\" data-message-id=\"bed6c970-b137-4296-8743-3413fc52f5a8\" data-message-model-slug=\"gpt-4o\">\n<div class=\"flex w-full flex-col gap-1 empty:hidden first:pt-[3px]\">\n<div class=\"markdown prose dark:prose-invert w-full break-words dark\">\n<div class=\"flex flex-1 grow basis-auto flex-col overflow-hidden\">\n<div class=\"relative h-full\">\n<div class=\"flex h-full flex-col overflow-y-auto [scrollbar-gutter:stable]\">\n<div class=\"@thread-xl\/thread:pt-header-height mt-1.5 flex flex-col text-sm md:pb-9\">\n<article class=\"text-token-text-primary w-full\" dir=\"auto\" data-testid=\"conversation-turn-22\" data-scroll-anchor=\"true\">\n<div class=\"text-base my-auto mx-auto py-5 px-6\">\n<div class=\"mx-auto flex flex-1 text-base gap-4 md:gap-5 lg:gap-6 md:max-w-3xl group\/turn-messages focus-visible:outline-hidden\" tabindex=\"-1\">\n<div class=\"group\/conversation-turn relative flex w-full min-w-0 flex-col agent-turn @xs\/thread:px-0 @sm\/thread:px-1.5 @md\/thread:px-4\">\n<div class=\"relative flex-col gap-1 md:gap-3\">\n<div class=\"flex max-w-full flex-col grow\">\n<div class=\"min-h-8 text-message relative flex w-full flex-col items-end gap-2 text-start break-words whitespace-normal [.text-message+&amp;]:mt-5\" dir=\"auto\" data-message-author-role=\"assistant\" data-message-id=\"749337dd-4308-460d-82c2-d0e688669e44\" data-message-model-slug=\"gpt-4o-mini\">\n<div class=\"flex w-full flex-col gap-1 empty:hidden first:pt-[3px]\">\n<div class=\"markdown prose dark:prose-invert w-full break-words dark\">\n<ol data-start=\"58\" data-end=\"2167\" data-is-last-node=\"\" data-is-only-node=\"\">\n<li class=\"\" data-start=\"444\" data-end=\"522\">\n<p class=\"\" data-start=\"448\" data-end=\"522\"><strong data-start=\"448\" data-end=\"520\">VICENZA PEDOPORNOGRAFIA, UN ARRESTO DOPO DENUNCIA GENITORI MINORENNE<\/strong><\/p>\n<\/li>\n<li class=\"\" data-start=\"444\" data-end=\"522\">\n<p class=\"\" data-start=\"448\" data-end=\"522\"><strong data-start=\"595\" data-end=\"660\">VICENZA CARABINIERI SEQUESTRANO HASHISH E COCAINA, UN ARRESTO<\/strong><\/p>\n<\/li>\n<li class=\"\" data-start=\"663\" data-end=\"741\">\n<p class=\"\" data-start=\"667\" data-end=\"741\"><strong data-start=\"667\" data-end=\"739\">VENEZIA GDF, 488 POSIZIONI DI LAVORO IRREGOLARI NEL SETTORE AGRICOLO<\/strong><\/p>\n<\/li>\n<li class=\"\" data-start=\"1059\" data-end=\"1113\">\n<p class=\"\" data-start=\"1063\" data-end=\"1113\"><strong data-start=\"1063\" data-end=\"1111\">CHIUSURA REGIONALE 203 AGORDINA, BIVIO ROVEI<\/strong><\/p>\n<\/li>\n<li class=\"\" data-start=\"1114\" data-end=\"1184\">\n<p class=\"\" data-start=\"1118\" data-end=\"1184\"><strong data-start=\"1118\" data-end=\"1182\">ACQUA NON POTABILE A ROCCA PIETORE, TORNA POTABILE A GOSALDO<\/strong><\/p>\n<\/li>\n<li class=\"\" data-start=\"1185\" data-end=\"1246\">\n<p class=\"\" data-start=\"1189\" data-end=\"1246\"><strong data-start=\"1189\" data-end=\"1244\">SERVIZI INTEGRATI BELLUNESI: LAVORI A ROCCA PIETORE<\/strong><\/p>\n<\/li>\n<li class=\"\" data-start=\"1247\" data-end=\"1313\">\n<p class=\"\" data-start=\"1251\" data-end=\"1313\"><strong data-start=\"1251\" data-end=\"1311\">GIOVANE CENTAURO GRAVISSIMO DOPO L\u2019INCIDENTE A SOSPIROLO<\/strong><\/p>\n<\/li>\n<li class=\"\" data-start=\"1314\" data-end=\"1377\">\n<p class=\"\" data-start=\"1318\" data-end=\"1377\"><strong data-start=\"1318\" data-end=\"1375\">BRIBANO PIANGE ROBERTO BORTOLAZZO, STORICO NEGOZIANTE<\/strong><\/p>\n<\/li>\n<\/ol>\n<\/div>\n<\/div>\n<\/div>\n<\/div>\n<div class=\"flex justify-start\"><strong>\u00a0<\/strong><\/div>\n<\/div>\n<\/div>\n<\/div>\n<\/div>\n<\/article>\n<\/div>\n<\/div>\n<\/div>\n<\/div>\n<\/div>\n<\/div>\n<\/div>\n<\/div>\n<\/div>\n<\/div>\n<\/div>\n<\/div>\n<\/article>\n<p><strong data-start=\"0\" data-end=\"62\">Notizie locali dal Bellunese: tra cronaca, eventi e novit\u00e0<\/strong><\/p>\n<div class=\"flex flex-1 grow basis-auto flex-col overflow-hidden\">\n<div class=\"relative h-full\">\n<div class=\"flex h-full flex-col overflow-y-auto [scrollbar-gutter:stable]\">\n<div class=\"mt-1.5 flex flex-col text-sm @thread-xl\/thread:pt-header-height md:pb-9\">\n<article class=\"group\/turn w-full text-token-text-primary focus-visible:outline-none\" dir=\"auto\" tabindex=\"-1\" data-testid=\"conversation-turn-2\" data-scroll-anchor=\"true\">\n<div class=\"text-base my-auto mx-auto py-5 px-6\">\n<div class=\"mx-auto flex flex-1 text-base gap-4 md:gap-5 lg:gap-6 md:max-w-3xl\">\n<div class=\"group\/conversation-turn relative flex w-full min-w-0 flex-col agent-turn @xs\/thread:px-0 @sm\/thread:px-1.5 @md\/thread:px-4\">\n<div class=\"relative flex-col gap-1 md:gap-3\">\n<div class=\"flex max-w-full flex-col flex-grow\">\n<div class=\"min-h-8 text-message relative flex w-full flex-col items-end gap-2 whitespace-normal break-words text-start [.text-message+&amp;]:mt-5\" dir=\"auto\" data-message-author-role=\"assistant\" data-message-id=\"bff05fc0-dc7c-4ab7-9b20-d3eec753127b\" data-message-model-slug=\"gpt-4o-mini\">\n<div class=\"flex w-full flex-col gap-1 empty:hidden first:pt-[3px]\">\n<div class=\"markdown prose w-full break-words dark:prose-invert dark\">\n<p class=\"\" data-start=\"64\" data-end=\"329\">Radio Pi\u00f9 offre una panoramica sui principali eventi e notizie in provincia di Belluno, accompagnata dalla programmazione radiofonica. Tra le principali notizie<\/p>\n<\/div>\n<\/div>\n<\/div>\n<\/div>\n<\/div>\n<\/div>\n<\/div>\n<\/div>\n<\/article>\n<\/div>\n<\/div>\n<\/div>\n<\/div>\n<h1>AUDIO dalle 7 del mattino<\/h1>\n<audio class=\"wp-audio-shortcode\" id=\"audio-443418-4\" preload=\"none\" style=\"width: 100%;\" controls=\"controls\"><source type=\"audio\/mpeg\" src=\"https:\/\/www.radiopiu.net\/wordpress\/wp-content\/uploads\/2025\/04\/GF07-5.mp3?_=4\" \/><a href=\"https:\/\/www.radiopiu.net\/wordpress\/wp-content\/uploads\/2025\/04\/GF07-5.mp3\">https:\/\/www.radiopiu.net\/wordpress\/wp-content\/uploads\/2025\/04\/GF07-5.mp3<\/a><\/audio>\n<p>&nbsp;<\/p>\n<p>&nbsp;<\/p>\n<hr \/>\n<p>&nbsp;<\/p>\n<h1><\/h1>\n<h1 style=\"text-align: center;\"><span style=\"color: #ff0000;\"><a class=\"dt-pswp-item\" href=\"https:\/\/www.radiopiu.net\/wordpress\/wp-content\/uploads\/2024\/11\/th.jpg\" data-dt-img-description=\"\" data-large_image_width=\"148\" data-large_image_height=\"179\"><img loading=\"lazy\" decoding=\"async\" class=\" wp-image-417913 alignleft\" src=\"https:\/\/www.radiopiu.net\/wordpress\/wp-content\/uploads\/2024\/11\/th.jpg\" alt=\"\" width=\"64\" height=\"77\" \/><\/a>I podcast informativi del mattino &#8211; audio &#8211;\u00a0<\/span><\/h1>\n<blockquote><p><strong>GIORNALE RADIO NAZIONALE, EDIZIONE DELLE SETTE <span style=\"color: #0000ff;\">viene pubblicato alle 7.05 <span style=\"color: #ff0000;\">DIRETTA RADIO\u00a0<\/span><\/span><\/strong><\/p><\/blockquote>\n<p><strong>il giornale radionazionale e&#8217; in onda ogni ora, dalle sette del mattino alle venti della sera\u00a0 \u00a0<\/strong><\/p>\n<p>&nbsp;<\/p>\n<p><strong><a class=\"dt-pswp-item\" href=\"https:\/\/www.radiopiu.net\/wordpress\/wp-content\/uploads\/2025\/02\/download-7.jpg\" data-dt-img-description=\"\" data-large_image_width=\"211\" data-large_image_height=\"239\"><img loading=\"lazy\" decoding=\"async\" class=\" wp-image-435553 alignleft\" src=\"https:\/\/www.radiopiu.net\/wordpress\/wp-content\/uploads\/2025\/02\/download-7.jpg\" alt=\"\" width=\"148\" height=\"168\" \/><\/a>TARANTO<\/strong>\u00a0 L&#8217;auto si schianta contro l&#8217;albero,la strage dei ragazzi <strong>BRINDISI<\/strong> Fuori strada con lo scooter, muore un 39enne<br \/>\n<strong>BOLOGNA<\/strong> Violenza contro una ragazza di 14 anni, la denuncia dopo il caso Cecchettin <strong>BARI<\/strong> Ciclista ucciso da auto pirata, arrestato 25enne E&#8217; accusato di omicidio stradale e omissione di soccorso <strong>POZZUOLI<\/strong> Massacra di botte la ex e poi tenta di gettarla dal belvedere Lei si oppone, salvandosi. I Carabinieri arrestano l&#8217;aggressore <strong>PALERMO<\/strong> Ventenne accoltella il padre per difendere la madre durante una lite Il giovane \u00e8 stato arrestato a Palermo con l&#8217;accusa di tentato omicidio, l&#8217;uomo non \u00e8 in pericolo di vita <strong>AREZZO<\/strong> A 10 anni salva la nonna da una crisi epilettica con manovre salvavita, le ha imparate in un corso a scuola <strong>PALERMO<\/strong> Lutto nella Citt\u00e0 metropolitana di Palermo per i funerali di Sara Campanella Lo ha deciso il sindaco Lagalla. Le esequie luned\u00ec a Misilmeri <strong>REGGIO EMILIA<\/strong> &#8216;Saman condannata a morte da tutta la famiglia&#8217; Luned\u00ec le richieste di pena. &#8216;Il fratello testimone attendibile&#8217; <strong>BARI<\/strong> Fugge dopo avere travolto una donna, prete indagato Il sacerdote al pm: &#8216;Non mi sono accorto&#8217; <strong>TORINO &#8216;<\/strong>Pozzolo aveva l&#8217;arma in mano, non mi ha soccorso&#8217; Luca Campana in aula al processo per lo sparo di Capodanno<\/p>\n<p><strong><a class=\"dt-pswp-item\" href=\"https:\/\/www.radiopiu.net\/wordpress\/wp-content\/uploads\/2025\/02\/download-3.jpg\" data-dt-img-description=\"\" data-large_image_width=\"223\" data-large_image_height=\"226\"><img loading=\"lazy\" decoding=\"async\" class=\"wp-image-434732 alignleft\" src=\"https:\/\/www.radiopiu.net\/wordpress\/wp-content\/uploads\/2025\/02\/download-3.jpg\" alt=\"\" width=\"123\" height=\"125\" \/><\/a>VICENZA <\/strong>Precipita col parapendio e muore nel Vicentino La vittima un tedesco, \u00e8 caduto dentro un giardino privato <strong>PADOVA<\/strong> Minaccia e picchia la ex e la madre, arrestato a Padova Questura applica flagranza differita, 19enne tunisino espulso <strong>VICENZA<\/strong> Pedopornografia, un arresto dopo denuncia genitori minorenne Indagato \u00e8 un veneto, indagini polizia postale di Caltanissetta <strong>TREVISO<\/strong> La banca se ne va, al suo posto una &#8216;escape room&#8217; A Treviso, dagli sportelli creditizi al gioco adrenalinico <strong>VICENZA<\/strong> Carabinieri sequestrano hashish e cocaina, un arresto Operazione nel Vicentino, lo stupefacente nascosto in casa <strong>VENEZIA<\/strong> Gdf, 488 posizioni di lavoro irregolari nel settore agricolo Sanzionate sei aziende tra l&#8217;Alto Adige e il Veneto <strong>VENEZIA<\/strong> ll &#8216;miracolo&#8217; Venezia in mostra nella Biennale Architettura E&#8217; il Progetto Speciale della Fondazione Venezia Sostenibilit\u00e0 <strong>VENEZIA<\/strong> Dazi: Irpinia-Sannio, vendite negli Usa valgono 30% dell&#8217;export <strong>PADOVA<\/strong> Sensori e dati reali per sicurezza delle auto, ricerca a Padova Studiato un sistema a basso costo con mini-videocamere <strong>PADOVA<\/strong> Le piogge di marzo ricaricano le falde acquifere in Veneto Rapporto Arpav, i livelli medi in linea con le medie<\/p>\n<h1><span style=\"color: #ff0000;\"><span style=\"color: #0000ff;\">ULTIM&#8217;ORA<\/span> <span style=\"color: #000000;\">AUDIO dalle sette del mattino, ogni ora alla radio EDIZIONE DELLE SETTE<\/span><\/span><\/h1>\n<audio class=\"wp-audio-shortcode\" id=\"audio-443418-5\" preload=\"none\" style=\"width: 100%;\" controls=\"controls\"><source type=\"audio\/mpeg\" src=\"https:\/\/www.radiopiu.net\/wordpress\/wp-content\/uploads\/2025\/04\/giornale07-5.mp3?_=5\" \/><a href=\"https:\/\/www.radiopiu.net\/wordpress\/wp-content\/uploads\/2025\/04\/giornale07-5.mp3\">https:\/\/www.radiopiu.net\/wordpress\/wp-content\/uploads\/2025\/04\/giornale07-5.mp3<\/a><\/audio>\n<p>&nbsp;<\/p>\n<p>&nbsp;<\/p>\n<hr \/>\n<p>&nbsp;<\/p>\n<p>&nbsp;<\/p>\n<h1><span style=\"color: #ff0000;\"><a class=\"dt-pswp-item\" href=\"https:\/\/www.radiopiu.net\/wordpress\/wp-content\/uploads\/2024\/11\/8.jpg\" data-dt-img-description=\"\" data-large_image_width=\"180\" data-large_image_height=\"180\"><img loading=\"lazy\" decoding=\"async\" class=\"size-full wp-image-417910 alignleft\" src=\"https:\/\/www.radiopiu.net\/wordpress\/wp-content\/uploads\/2024\/11\/8.jpg\" alt=\"\" width=\"180\" height=\"180\" srcset=\"https:\/\/www.radiopiu.net\/wordpress\/wp-content\/uploads\/2024\/11\/8.jpg 180w, https:\/\/www.radiopiu.net\/wordpress\/wp-content\/uploads\/2024\/11\/8-150x150.jpg 150w\" sizes=\"auto, (max-width: 180px) 100vw, 180px\" \/><\/a>I podcast informativi del mattino &#8211; video &#8211;\u00a0<\/span><\/h1>\n<h2 style=\"text-align: left;\"><strong>RASSEGNA STAMPA LOCALE, ORE OTTO<\/strong><\/h2>\n<h2><strong> <span style=\"color: #0000ff;\">viene\u00a0 <\/span><\/strong><strong><span style=\"color: #0000ff;\">pubblicata alle 8.05 <span style=\"color: #ff0000;\">DIRETTA RADIO\u00a0 \u00a0<\/span><\/span><\/strong><strong>DI MIRKO MEZZACASA<\/strong><\/h2>\n<ol data-start=\"58\" data-end=\"2167\" data-is-last-node=\"\" data-is-only-node=\"\">\n<li class=\"\" data-start=\"1378\" data-end=\"1481\">\n<p class=\"\" data-start=\"1382\" data-end=\"1481\"><strong data-start=\"1382\" data-end=\"1479\">LONGARONE IN LUTTO: MORTO IN MOTO SULLA STRADA DEL VAJONT, LA MOGLIE PIANGE IL SUO ALESSANDRO<\/strong><\/p>\n<\/li>\n<li class=\"\" data-start=\"1482\" data-end=\"1583\">\n<p class=\"\" data-start=\"1486\" data-end=\"1583\"><strong data-start=\"1486\" data-end=\"1581\">ARRESTATO 40ENNE DOMINICANO: DEVE SCONTARE QUASI TRE ANNI DI CARCERE PER UNA SERIE DI REATI<\/strong><\/p>\n<\/li>\n<li class=\"\" data-start=\"1584\" data-end=\"1691\">\n<p class=\"\" data-start=\"1588\" data-end=\"1691\"><strong data-start=\"1588\" data-end=\"1689\">GIOVANE FERMATO DALLA POLIZIA A BELLUNO: SEQUESTRATI HASHISH, CONTANTI E MATERIALI PER LO SPACCIO<\/strong><\/p>\n<\/li>\n<li class=\"\" data-start=\"1692\" data-end=\"1807\">\n<p class=\"\" data-start=\"1696\" data-end=\"1807\"><strong data-start=\"1696\" data-end=\"1805\">SICUREZZA STRADALE A LISTOLADE, I RESIDENTI LANCIANO L\u2019ALLARME: \u201cSERVONO INTERVENTI URGENTI SULLA SR 203\u201d<\/strong><\/p>\n<\/li>\n<li class=\"\" data-start=\"1808\" data-end=\"1878\">\n<p class=\"\" data-start=\"1812\" data-end=\"1878\"><strong data-start=\"1812\" data-end=\"1876\">DAZI USA: CONFARTIGIANATO CHIEDE MISURE COMPENSATIVE EUROPEE<\/strong><\/p>\n<\/li>\n<li class=\"\" data-start=\"1879\" data-end=\"1971\">\n<p class=\"\" data-start=\"1883\" data-end=\"1971\"><strong data-start=\"1883\" data-end=\"1969\">FP CGIL: SANIT\u00c0 IN CRISI A BELLUNO, GLI INFERMIERI CI SONO, MA NON VENGONO ASSUNTI<\/strong><\/p>\n<\/li>\n<li class=\"\" data-start=\"1972\" data-end=\"2101\">\n<p class=\"\" data-start=\"1976\" data-end=\"2101\"><strong data-start=\"1976\" data-end=\"2099\">FINANZIAMENTO DI 1,4 MILIONI PER SOSTENERE LEGNO, COMMERCIO E RISTORAZIONE NELLE UNIONI MONTANE DEL COMELICO E AGORDINO<\/strong><\/p>\n<\/li>\n<li class=\"\" data-start=\"2102\" data-end=\"2167\">\n<p class=\"\" data-start=\"2106\" data-end=\"2167\"><strong data-start=\"2106\" data-end=\"2167\" data-is-last-node=\"\">COMPLIMENTI A LUCA CORSO, CAMPIONE SUGLI SCI E NELLA VITA<\/strong><\/p>\n<\/li>\n<\/ol>\n<h1><span style=\"color: #ff0000;\"><strong>VIDEO\u00a0 \u00a0in diretta AGGIORNAMENTO\u00a0 dalle 8 del mattino\u00a0\u00a0<\/strong><\/span><\/h1>\n<p><a class=\"dt-pswp-item\" href=\"https:\/\/www.radiopiu.net\/wordpress\/wp-content\/uploads\/2025\/04\/COOP1.jpg\" data-dt-img-description=\"\" data-large_image_width=\"479\" data-large_image_height=\"233\"><img loading=\"lazy\" decoding=\"async\" class=\"alignnone wp-image-443694\" src=\"https:\/\/www.radiopiu.net\/wordpress\/wp-content\/uploads\/2025\/04\/COOP1-300x146.jpg\" alt=\"\" width=\"232\" height=\"113\" srcset=\"https:\/\/www.radiopiu.net\/wordpress\/wp-content\/uploads\/2025\/04\/COOP1-300x146.jpg 300w, https:\/\/www.radiopiu.net\/wordpress\/wp-content\/uploads\/2025\/04\/COOP1.jpg 479w\" sizes=\"auto, (max-width: 232px) 100vw, 232px\" \/><\/a><a class=\"dt-pswp-item\" href=\"https:\/\/www.radiopiu.net\/wordpress\/wp-content\/uploads\/2025\/04\/COO.jpg\" data-dt-img-description=\"\" data-large_image_width=\"778\" data-large_image_height=\"399\"><img loading=\"lazy\" decoding=\"async\" class=\"alignnone wp-image-443695\" src=\"https:\/\/www.radiopiu.net\/wordpress\/wp-content\/uploads\/2025\/04\/COO-300x154.jpg\" alt=\"\" width=\"226\" height=\"116\" srcset=\"https:\/\/www.radiopiu.net\/wordpress\/wp-content\/uploads\/2025\/04\/COO-300x154.jpg 300w, https:\/\/www.radiopiu.net\/wordpress\/wp-content\/uploads\/2025\/04\/COO-768x394.jpg 768w, https:\/\/www.radiopiu.net\/wordpress\/wp-content\/uploads\/2025\/04\/COO.jpg 778w\" sizes=\"auto, (max-width: 226px) 100vw, 226px\" \/><\/a><a class=\"dt-pswp-item\" href=\"https:\/\/www.radiopiu.net\/wordpress\/wp-content\/uploads\/2025\/04\/Immagine-2025-04-07-050709.jpg\" data-dt-img-description=\"\" data-large_image_width=\"475\" data-large_image_height=\"179\"><img loading=\"lazy\" decoding=\"async\" class=\"alignnone size-medium wp-image-443696\" src=\"https:\/\/www.radiopiu.net\/wordpress\/wp-content\/uploads\/2025\/04\/Immagine-2025-04-07-050709-300x113.jpg\" alt=\"\" width=\"300\" height=\"113\" srcset=\"https:\/\/www.radiopiu.net\/wordpress\/wp-content\/uploads\/2025\/04\/Immagine-2025-04-07-050709-300x113.jpg 300w, https:\/\/www.radiopiu.net\/wordpress\/wp-content\/uploads\/2025\/04\/Immagine-2025-04-07-050709.jpg 475w\" sizes=\"auto, (max-width: 300px) 100vw, 300px\" \/>\u00a0<\/a><\/p>\n<p><iframe loading=\"lazy\" title=\"DAL 1983 LA RASSEGNA STAMPA LOCALE di mirko mezzacasa. L&#039;ORIGINALE\" width=\"1200\" height=\"675\" src=\"https:\/\/www.youtube.com\/embed\/RAWjC5_441E?feature=oembed\" frameborder=\"0\" allow=\"accelerometer; autoplay; clipboard-write; encrypted-media; gyroscope; picture-in-picture; web-share\" referrerpolicy=\"strict-origin-when-cross-origin\" allowfullscreen><\/iframe><\/p>\n<hr \/>\n<p>&nbsp;<\/p>\n<p>&nbsp;<\/p>\n<p>&nbsp;<\/p>\n<p><strong><a class=\"dt-pswp-item\" href=\"https:\/\/www.radiopiu.net\/wordpress\/wp-content\/uploads\/2023\/12\/ANTENNA.png\" data-dt-img-description=\"\" data-large_image_width=\"300\" data-large_image_height=\"166\"><img loading=\"lazy\" decoding=\"async\" class=\"wp-image-366306 alignright\" src=\"https:\/\/www.radiopiu.net\/wordpress\/wp-content\/uploads\/2023\/12\/ANTENNA.png\" alt=\"\" width=\"101\" height=\"56\" \/><\/a><a class=\"dt-pswp-item\" href=\"https:\/\/www.radiopiu.net\/wordpress\/wp-content\/uploads\/2024\/11\/th-17.jpg\" data-dt-img-description=\"\" data-large_image_width=\"224\" data-large_image_height=\"180\"><img loading=\"lazy\" decoding=\"async\" class=\" wp-image-421610 alignleft\" src=\"https:\/\/www.radiopiu.net\/wordpress\/wp-content\/uploads\/2024\/11\/th-17.jpg\" alt=\"\" width=\"167\" height=\"134\" \/><\/a>ogni sera alle 19 le anticipazioni alla radio, quello che poi seguirete nel TELEGIORNALE BELLUNESE\u00a0 in onda alle 19.30 sul CANALE 10 del digitale terrestre.\u00a0\u00a0<\/strong><\/p>\n<p><b>\u00a0\u00a0<\/b><\/p>\n<h1><span style=\"color: #ff0000;\"><strong>LE ANTICIPAZIONI DI TIZIANA BOLOGNANI<\/strong><\/span><\/h1>\n<p>&nbsp;<\/p>\n<p>&nbsp;<\/p>\n<p>&nbsp;<\/p>\n<hr \/>\n<p>&nbsp;<\/p>\n<blockquote>\n<h3 class=\"entry-title\">CHIUSURA REGIONALE 203 AGORDINA, BIVIO ROVEI<\/h3>\n<\/blockquote>\n<p><strong>COLLE SANTA LUCIA <\/strong>Fino al 30 aprile dalle 8 alle 17.30 escluso sabato domenica e festivi, chiusura della regionale 203 agordina nel tratto bivio Rovei, bivio Rucav\u00e0. Interdizione totale per lavori di mitigazione del rischio caduta massi.<\/p>\n<p>&nbsp;<\/p>\n<p>&nbsp;<\/p>\n<hr \/>\n<p>&nbsp;<\/p>\n<blockquote>\n<h3 class=\"photoswipe-wrapper\"><a class=\"dt-pswp-item pspw-wrap-ready\" href=\"https:\/\/www.radiopiu.net\/wordpress\/wp-content\/uploads\/2024\/12\/Logo_SibPAYOFF.jpg\" data-dt-img-description=\"\" data-large_image_width=\"1536\" data-large_image_height=\"391\"><img loading=\"lazy\" decoding=\"async\" class=\"wp-image-426474 alignleft\" src=\"https:\/\/www.radiopiu.net\/wordpress\/wp-content\/uploads\/2024\/12\/Logo_SibPAYOFF-300x76.jpg\" sizes=\"auto, (max-width: 162px) 100vw, 162px\" srcset=\"https:\/\/www.radiopiu.net\/wordpress\/wp-content\/uploads\/2024\/12\/Logo_SibPAYOFF-300x76.jpg 300w, https:\/\/www.radiopiu.net\/wordpress\/wp-content\/uploads\/2024\/12\/Logo_SibPAYOFF-1024x261.jpg 1024w, https:\/\/www.radiopiu.net\/wordpress\/wp-content\/uploads\/2024\/12\/Logo_SibPAYOFF-768x196.jpg 768w, https:\/\/www.radiopiu.net\/wordpress\/wp-content\/uploads\/2024\/12\/Logo_SibPAYOFF.jpg 1536w\" alt=\"\" width=\"162\" height=\"41\" \/><\/a>ACQUA NON POTABILE A ROCCA PIETORE, TORNA POTABILE A GOSALDO<\/h3>\n<\/blockquote>\n<p>A Rocca Pietore in localit\u00e0 Digonera l&#8217;acqua erogata dall&#8217;acquedotto non \u00e8 potabile e e non pu\u00f2 essere usata per scopi alimentari. Verr\u00e0 effettuato servizio sostitutivo con autobotte presso\u00a0 l&#8217;Albergo Digonera in localit\u00e0 Digonera.<\/p>\n<p>A Gosaldo nelle localit\u00e0 Curti, Incasal e Le Case l\u2019acqua erogata dall\u2019acquedotto \u00e8 di nuovo potabile<\/p>\n<p>&nbsp;<\/p>\n<blockquote>\n<h3>SERVIZI INTEGRATI BELLUNESI: LAVORI A ROCCA PIETORE<\/h3>\n<\/blockquote>\n<p>Lavori alla rete idrica comunale anche a Rocca Pietore in localit\u00e0 Digoner\u00e0. Oggi dalle 8:30 alle 12 verr\u00e0 sospesa l&#8217;erogazione dell&#8217;acqua.<\/p>\n<p>&nbsp;<\/p>\n<hr \/>\n<p>&nbsp;<\/p>\n<blockquote>\n<article class=\"text-token-text-primary w-full\" dir=\"auto\" data-testid=\"conversation-turn-10\" data-scroll-anchor=\"true\">\n<div class=\"text-base my-auto mx-auto py-5 px-6\">\n<div class=\"mx-auto flex flex-1 text-base gap-4 md:gap-5 lg:gap-6 md:max-w-3xl group\/turn-messages focus-visible:outline-hidden\" tabindex=\"-1\">\n<div class=\"group\/conversation-turn relative flex w-full min-w-0 flex-col agent-turn @xs\/thread:px-0 @sm\/thread:px-1.5 @md\/thread:px-4\">\n<div class=\"relative flex-col gap-1 md:gap-3\">\n<div class=\"flex max-w-full flex-col grow\">\n<div class=\"min-h-8 text-message relative flex w-full flex-col items-end gap-2 text-start break-words whitespace-normal [.text-message+&amp;]:mt-5\" dir=\"auto\" data-message-author-role=\"assistant\" data-message-id=\"fe5737d4-3fd2-4ac3-86ea-f6b92e165c2f\" data-message-model-slug=\"gpt-4o\">\n<div class=\"flex w-full flex-col gap-1 empty:hidden first:pt-[3px]\">\n<div class=\"markdown prose dark:prose-invert w-full break-words dark\">\n<p class=\"\" data-start=\"0\" data-end=\"60\"><strong data-start=\"0\" data-end=\"60\" data-is-last-node=\"\" data-is-only-node=\"\">GIOVANE CENTAURO GRAVISSIMO DOPO L\u2019INCIDENTE A SOSPIROLO<\/strong><\/p>\n<\/div>\n<\/div>\n<\/div>\n<\/div>\n<div class=\"flex justify-start\"><\/div>\n<div class=\"mt-3 w-full empty:hidden\">\n<div class=\"text-center\"><b>SOSPIROLO<\/b><\/div>\n<\/div>\n<\/div>\n<\/div>\n<\/div>\n<\/div>\n<\/article>\n<article class=\"text-token-text-primary w-full\" dir=\"auto\" data-testid=\"conversation-turn-8\" data-scroll-anchor=\"false\">\n<div class=\"text-base my-auto mx-auto py-5 px-6\">\n<div class=\"mx-auto flex flex-1 text-base gap-4 md:gap-5 lg:gap-6 md:max-w-3xl group\/turn-messages focus-visible:outline-hidden\" tabindex=\"-1\">\n<div class=\"group\/conversation-turn relative flex w-full min-w-0 flex-col agent-turn @xs\/thread:px-0 @sm\/thread:px-1.5 @md\/thread:px-4\">\n<div class=\"relative flex-col gap-1 md:gap-3\">\n<div class=\"flex max-w-full flex-col grow\">\n<div class=\"min-h-8 text-message relative flex w-full flex-col items-end gap-2 text-start break-words whitespace-normal [.text-message+&amp;]:mt-5\" dir=\"auto\" data-message-author-role=\"assistant\" data-message-id=\"65299976-091f-47d3-b0c6-f5dbd9fdb3cc\" data-message-model-slug=\"gpt-4o\">\n<div class=\"flex w-full flex-col gap-1 empty:hidden first:pt-[3px]\">\n<div class=\"markdown prose dark:prose-invert w-full break-words dark\">\n<p class=\"\" data-start=\"40\" data-end=\"522\">Restano gravissime le condizioni di Saverio Dalla Mora, 21enne di Sospirolo, rimasto vittima sabato sera di un grave incidente motociclistico. Il giovane ha perso il controllo della moto in via Capoluogo, schiantandosi contro un muro vicino a Villa Giustina. Soccorso dal Suem, \u00e8 stato elitrasportato all\u2019ospedale Ca\u2019 Foncello di Treviso con gravi traumi cranico e toracico. La prognosi \u00e8 riservata. Sul posto sono intervenuti anche i vigili del fuoco e i carabinieri per i rilievi.<\/p>\n<\/div>\n<\/div>\n<\/div>\n<\/div>\n<div class=\"flex absolute right-0 left-0 flex justify-start\"><\/div>\n<\/div>\n<div class=\"absolute\">\n<div class=\"flex items-center justify-center\"><\/div>\n<\/div>\n<\/div>\n<\/div>\n<\/div>\n<\/article>\n<\/blockquote>\n<hr \/>\n<p>&nbsp;<\/p>\n<blockquote>\n<h3><a class=\"dt-pswp-item\" href=\"https:\/\/www.radiopiu.net\/wordpress\/wp-content\/uploads\/2025\/04\/Immagine-2025-04-07-045929.jpg\" data-dt-img-description=\"\" data-large_image_width=\"308\" data-large_image_height=\"285\"><img loading=\"lazy\" decoding=\"async\" class=\"wp-image-443690 alignleft\" src=\"https:\/\/www.radiopiu.net\/wordpress\/wp-content\/uploads\/2025\/04\/Immagine-2025-04-07-045929-300x278.jpg\" alt=\"\" width=\"161\" height=\"149\" srcset=\"https:\/\/www.radiopiu.net\/wordpress\/wp-content\/uploads\/2025\/04\/Immagine-2025-04-07-045929-300x278.jpg 300w, https:\/\/www.radiopiu.net\/wordpress\/wp-content\/uploads\/2025\/04\/Immagine-2025-04-07-045929.jpg 308w\" sizes=\"auto, (max-width: 161px) 100vw, 161px\" \/><\/a>BRIBANO PIANGE ROBERTO BORTOLAZZO, STORICO NEGOZIANTE<\/h3>\n<\/blockquote>\n<p><strong>BRIBANO<\/strong>\u00a0 piange la scomparsa di Roberto Bortolazzo, storico commerciante e volto noto del paese. Aveva 76 anni ed era in pensione dal 2022, dopo aver gestito per anni con la moglie Nadia il negozio \u201cLa Novit\u00e0\u201d. Lascia la moglie, i figli Alessandro e Matteo, e molti amici.<\/p>\n<p>&nbsp;<\/p>\n<p>Il funerale si terr\u00e0 domani alle 14.30 nella chiesa parrocchiale di Bribano. Il rosario sar\u00e0 recitato questa sera alle 20.30. Le offerte saranno devolute all\u2019asilo Don Modesto Sorio.<\/p>\n<p>&nbsp;<\/p>\n<p>&nbsp;<\/p>\n<p>&nbsp;<\/p>\n<hr \/>\n<p>&nbsp;<\/p>\n<p>&nbsp;<\/p>\n<blockquote>\n<h2>LONGARONE IN LUTTO: MORTO IN MOTO SULLA STRADA DEL VAJONT, LA MOGLIE PIANGE IL SUO ALESSANDRO<\/h2>\n<\/blockquote>\n<p class=\"\" data-start=\"99\" data-end=\"433\"><strong><img decoding=\"async\" class=\"alignleft\" src=\"https:\/\/www.radiopiu.net\/wordpress\/wp-content\/uploads\/2025\/04\/Immagine-2025-04-07-051302.jpg\" \/>LONGARONE<\/strong> \u2013 Un silenzio carico di dolore avvolge la casa di Alessandro Germinelli, il 41enne che sabato ha perso la vita in un tragico incidente motociclistico sulla strada del Vajont, tra Longarone ed Erto e Casso. Una tragedia che ha colpito profondamente la comunit\u00e0 locale, lasciando nello sconforto familiari, amici e conoscenti.<\/p>\n<p class=\"\" data-start=\"435\" data-end=\"706\">Alessandro era in sella alla sua moto quando, per cause ancora da chiarire, ha perso il controllo del mezzo, finendo a terra in un impatto fatale. A casa lo aspettavano la moglie e i loro due figli, di appena 6 e 11 anni<\/p>\n<p class=\"\" data-start=\"708\" data-end=\"950\">La notizia della sua scomparsa si \u00e8 diffusa rapidamente, gelando il cuore di un intero paese. Alessandro era molto conosciuto e benvoluto: una persona semplice, solare, con la passione per la moto e una dedizione profonda per la sua famiglia.<\/p>\n<p class=\"\" data-start=\"952\" data-end=\"1165\">Mentre si attendono i dettagli sulle esequie, Longarone si stringe attorno alla moglie e ai figli, in un abbraccio collettivo fatto di silenzio, commozione e rispetto per un uomo strappato troppo presto alla vita.<\/p>\n<p>&nbsp;<\/p>\n<p>&nbsp;<\/p>\n<hr \/>\n<p>&nbsp;<\/p>\n<blockquote>\n<h3>ARRESTATO 40ENNE DOMINICANO: DEVE SCONTARE QUASI TRE ANNI DI CARCERE PER UNA SERIE DI REATI<\/h3>\n<\/blockquote>\n<p><strong><a class=\"dt-pswp-item\" href=\"https:\/\/www.radiopiu.net\/wordpress\/wp-content\/uploads\/2024\/04\/polizia.jpg\" data-dt-img-description=\"\" data-large_image_width=\"480\" data-large_image_height=\"270\"><img loading=\"lazy\" decoding=\"async\" class=\" wp-image-387908 alignleft\" src=\"https:\/\/www.radiopiu.net\/wordpress\/wp-content\/uploads\/2024\/04\/polizia-300x169.jpg\" alt=\"\" width=\"215\" height=\"121\" srcset=\"https:\/\/www.radiopiu.net\/wordpress\/wp-content\/uploads\/2024\/04\/polizia-300x169.jpg 300w, https:\/\/www.radiopiu.net\/wordpress\/wp-content\/uploads\/2024\/04\/polizia.jpg 480w\" sizes=\"auto, (max-width: 215px) 100vw, 215px\" \/><\/a>BELLUNO <\/strong>Nel pomeriggio del 3 aprile, gli agenti della sezione \u201cCatturandi\u201d della Squadra Mobile di Belluno hanno arrestato un uomo di 40 anni, originario della Repubblica Dominicana, in esecuzione di un ordine di carcerazione emesso dal Tribunale di Belluno. L\u2019uomo dovr\u00e0 scontare una pena complessiva di 2 anni e 11 mesi di reclusione. Il provvedimento \u00e8 frutto del cumulo di condanne maturate negli ultimi anni, a seguito di numerosi reati commessi nella provincia: in particolare maltrattamenti in famiglia, oltraggio e resistenza a pubblico ufficiale, con episodi risalenti almeno al 2021. Non appena l\u2019ordine \u00e8 divenuto esecutivo, nella stessa giornata del 3 aprile, gli investigatori si sono messi sulle tracce del condannato, riuscendo a localizzarlo a Setteville, frazione di Fener. L\u2019uomo \u00e8 stato arrestato e condotto presso il carcere di Baldenich, dove sconter\u00e0 la pena.<\/p>\n<p>&nbsp;<\/p>\n<p>&nbsp;<\/p>\n<hr \/>\n<p>&nbsp;<\/p>\n<blockquote>\n<h3>GIOVANE FERMATO DALLA POLIZIA A BELLUNO: SEQUESTRATI HASHISH, CONTANTI E MATERIALI PER LO SPACCIO<\/h3>\n<\/blockquote>\n<p><strong><a class=\"dt-pswp-item\" href=\"https:\/\/www.radiopiu.net\/wordpress\/wp-content\/uploads\/2025\/04\/Allegato-comunicato-stampa-UPGSP-Attivita-stupefacenti-scaled.jpg\" data-dt-img-description=\"\" data-large_image_width=\"2560\" data-large_image_height=\"2018\"><img loading=\"lazy\" decoding=\"async\" class=\"size-medium wp-image-443481 alignleft\" src=\"https:\/\/www.radiopiu.net\/wordpress\/wp-content\/uploads\/2025\/04\/Allegato-comunicato-stampa-UPGSP-Attivita-stupefacenti-300x237.jpg\" alt=\"\" width=\"300\" height=\"237\" srcset=\"https:\/\/www.radiopiu.net\/wordpress\/wp-content\/uploads\/2025\/04\/Allegato-comunicato-stampa-UPGSP-Attivita-stupefacenti-300x237.jpg 300w, https:\/\/www.radiopiu.net\/wordpress\/wp-content\/uploads\/2025\/04\/Allegato-comunicato-stampa-UPGSP-Attivita-stupefacenti-1024x807.jpg 1024w, https:\/\/www.radiopiu.net\/wordpress\/wp-content\/uploads\/2025\/04\/Allegato-comunicato-stampa-UPGSP-Attivita-stupefacenti-768x606.jpg 768w, https:\/\/www.radiopiu.net\/wordpress\/wp-content\/uploads\/2025\/04\/Allegato-comunicato-stampa-UPGSP-Attivita-stupefacenti-1536x1211.jpg 1536w, https:\/\/www.radiopiu.net\/wordpress\/wp-content\/uploads\/2025\/04\/Allegato-comunicato-stampa-UPGSP-Attivita-stupefacenti-2048x1615.jpg 2048w\" sizes=\"auto, (max-width: 300px) 100vw, 300px\" \/><\/a>BELLUNO <\/strong>Nel quadro del potenziamento delle attivit\u00e0 di controllo del territorio attuate negli ultimi mesi, nella giornata del 3 aprile la Squadra Volante della Questura di Belluno ha ottenuto un ulteriore risultato nel contrasto al traffico illecito di sostanze stupefacenti e psicotrope. In particolare, durante un servizio di iniziativa, gli operatori hanno proceduto all\u2019identificazione di due soggetti, uno dei quali, appena diciottenne, alla vista della pattuglia ha mostrato un evidente nervosismo. Tale atteggiamento ha insospettito i poliziotti, che hanno deciso di effettuare un controllo pi\u00f9 approfondito. A seguito della perquisizione, il giovane \u00e8 stato trovato in possesso di 11 grammi di hashish. Gli agenti hanno quindi esteso la perquisizione all\u2019abitazione del ragazzo, dove sono stati rinvenuti ulteriori 48,55 grammi di hashish, 500 euro in contanti suddivisi in banconote di vario taglio, bilancini di precisione e materiale per la conservazione e la coltivazione di sostanze stupefacenti. Tutto il materiale \u00e8 stato sottoposto a sequestro, mentre il giovane \u00e8 stato denunciato all\u2019autorit\u00e0 giudiziaria per detenzione di sostanza stupefacente ai fini di spaccio.<\/p>\n<p>&nbsp;<\/p>\n<p>&nbsp;<\/p>\n<hr \/>\n<p>&nbsp;<\/p>\n<blockquote>\n<h3>INCIDENTE NOTTURNO TRA ALLEGHE E CAPRILE: AUTO CAPPOTTA E FINISCE NEL CAMPO SPORTIVO<\/h3>\n<\/blockquote>\n<p><strong> <img decoding=\"async\" src=\"https:\/\/www.radiopiu.net\/wordpress\/wp-content\/uploads\/2025\/04\/Immagine-2025-04-07-053019.jpg\" \/><\/strong><\/p>\n<p><strong>ALLEGHE<\/strong> Un incidente si \u00e8 verificato nella notte tra sabato e domenica sulla SR 203, tra Alleghe e Caprile, probabilmente a causa di un colpo di sonno. Alle 2:57, una Ford guidata da M.B., 41 anni, residente a Caprile, \u00e8 uscita di strada autonomamente, ribaltandosi nel campo sportivo adiacente alla carreggiata dopo aver abbattuto il palo dell&#8217;autovelox. Alcuni automobilisti di passaggio hanno dato l\u2019allarme. Sul posto sono intervenuti i Vigili del Fuoco di Agordo, la Croce Verde di Alleghe e il 118. Nonostante la violenza dell\u2019impatto e l\u2019auto distrutta, la donna ha riportato solo ferite lievi ed \u00e8 stata trasportata all\u2019ospedale di Agordo per accertamenti. Una testimone, molto scossa, ha raccontato il terrore vissuto. Le forze dell\u2019ordine indagano per chiarire la dinamica.<\/p>\n<blockquote><p><em>Ragazzi stanotte causa colpo di sonno ho distrutto l\u2019auto. Per fortuna sto bene, ho solo colpo di frusta e qualche botta, auto veramente sicura, purtroppo ancora devo finire di pagarla. Chi dice che spendere cos\u00ec tanti soldi per un\u2019auto son soldi buttati,per me sbaglia\u2026.nel male lei mi ha salvato.<\/em><br \/>\n<em>Domani vedr\u00f3 che fare di quello che resta dell\u2019auto. Grazie a tutti quelli che si sono preoccupati per me\u2026.siete tanti e ultimamente non pensavo che sarebbe importato a qualcuno di me\u2026. Grazie davvero\u2026<\/em><\/p><\/blockquote>\n<p><strong>Michela<\/strong><\/p>\n<p><strong>foto archivio radiopiu<\/strong><\/p>\n<hr \/>\n<p>&nbsp;<\/p>\n<blockquote>\n<h3>SABATO DI EMERGENZE NELLE DOLOMITI: INCIDENTI E MALORI, INTERVENTI DEL SUEM 118 SU PIU&#8217; FRONTI<\/h3>\n<\/blockquote>\n<p><strong>REDAZIONE<\/strong> Un sabato intenso per il SUEM 118 dell\u2019ULSS 1 Dolomiti, impegnato in numerosi interventi tra Longarone, Borgo Valbelluna, Cortina e Sospirolo. A Sospirolo, un 21enne di Funes \u00e8 stato coinvolto in un grave incidente motociclistico: trasportato a Treviso. Due malori hanno colpito un 63enne a Cortina e una 76enne a Borgo Valbelluna: entrambi stabilizzati e portati a Belluno. Sempre a Borgo Valbelluna, una donna di 47 anni \u00e8 rimasta ferita in un incidente stradale e trasferita all\u2019ospedale di Feltre. Impiegati sia mezzi di terra che l\u2019elisoccorso per garantire interventi rapidi ed efficaci.<\/p>\n<p>&nbsp;<\/p>\n<p>&nbsp;<\/p>\n<hr \/>\n<p>&nbsp;<\/p>\n<blockquote>\n<h3>INCIDENTI IN MONTAGNA: SOCCORSI TRE SCIALPINISTI<\/h3>\n<\/blockquote>\n<p><strong><a class=\"dt-pswp-item\" href=\"https:\/\/www.radiopiu.net\/wordpress\/wp-content\/uploads\/2024\/12\/DSC00809-scaled.jpg\" data-dt-img-description=\"\" data-large_image_width=\"2560\" data-large_image_height=\"1707\"><img loading=\"lazy\" decoding=\"async\" class=\" wp-image-424550 alignleft\" src=\"https:\/\/www.radiopiu.net\/wordpress\/wp-content\/uploads\/2024\/12\/DSC00809-300x200.jpg\" alt=\"\" width=\"191\" height=\"127\" srcset=\"https:\/\/www.radiopiu.net\/wordpress\/wp-content\/uploads\/2024\/12\/DSC00809-300x200.jpg 300w, https:\/\/www.radiopiu.net\/wordpress\/wp-content\/uploads\/2024\/12\/DSC00809-1024x683.jpg 1024w, https:\/\/www.radiopiu.net\/wordpress\/wp-content\/uploads\/2024\/12\/DSC00809-768x512.jpg 768w, https:\/\/www.radiopiu.net\/wordpress\/wp-content\/uploads\/2024\/12\/DSC00809-1536x1024.jpg 1536w, https:\/\/www.radiopiu.net\/wordpress\/wp-content\/uploads\/2024\/12\/DSC00809-2048x1365.jpg 2048w\" sizes=\"auto, (max-width: 191px) 100vw, 191px\" \/><\/a>REDAZIONE <\/strong>Sono tre gli scialpinisti rimasti feriti ieri su altrettante montagne del Bellunese. Attorno a mezzogiorno, l&#8217;elicottero del Suem di Pieve di Cadore ha recuperato un 53enne di Farra di Soligo (TV), che, a seguito di una caduta, aveva riportato un trauma alla caviglia mentre stava scendendo in compagnia dal Van de Caleda, sul Monte San Sebastiano. L&#8217;uomo \u00e8 stato recuperato con un verricello di 10 metri e trasportato all&#8217;ospedale di Agordo. Successivamente, l\u2019eliambulanza si \u00e8 diretta a Mondeval, dove un 61enne di Roncade (TV) non riusciva pi\u00f9 a proseguire autonomamente dopo essersi infortunato a un ginocchio. Lo sciatore \u00e8 stato issato a bordo dal tecnico del Soccorso alpino e portato all\u2019ospedale di Pieve di Cadore. Infine, l\u2019elicottero \u00e8 intervenuto in Marmolada, sotto Forcella Ombrettola, per una scialpinista 32enne di Padova, con una sospetta frattura al ginocchio. Anche lei \u00e8 stata accompagnata all\u2019ospedale di Agordo.<\/p>\n<p>&nbsp;<\/p>\n<p>&nbsp;<\/p>\n<hr \/>\n<p>&nbsp;<\/p>\n<blockquote>\n<h3>SICUREZZA STRADALE A LISTOLADE, I RESIDENTI LANCIANO L\u2019ALLARME: \u201cSERVONO INTERVENTI URGENTI SULLA SR 203\u201d<\/h3>\n<\/blockquote>\n<p><strong><a class=\"dt-pswp-item\" href=\"https:\/\/www.radiopiu.net\/wordpress\/wp-content\/uploads\/2025\/03\/66a6328c-61c9-41d0-a07f-c8fe4343525f.jpg\" data-dt-img-description=\"\" data-large_image_width=\"1600\" data-large_image_height=\"1200\"><img loading=\"lazy\" decoding=\"async\" class=\" wp-image-440145 alignleft\" src=\"https:\/\/www.radiopiu.net\/wordpress\/wp-content\/uploads\/2025\/03\/66a6328c-61c9-41d0-a07f-c8fe4343525f-300x225.jpg\" alt=\"\" width=\"189\" height=\"142\" srcset=\"https:\/\/www.radiopiu.net\/wordpress\/wp-content\/uploads\/2025\/03\/66a6328c-61c9-41d0-a07f-c8fe4343525f-300x225.jpg 300w, https:\/\/www.radiopiu.net\/wordpress\/wp-content\/uploads\/2025\/03\/66a6328c-61c9-41d0-a07f-c8fe4343525f-1024x768.jpg 1024w, https:\/\/www.radiopiu.net\/wordpress\/wp-content\/uploads\/2025\/03\/66a6328c-61c9-41d0-a07f-c8fe4343525f-768x576.jpg 768w, https:\/\/www.radiopiu.net\/wordpress\/wp-content\/uploads\/2025\/03\/66a6328c-61c9-41d0-a07f-c8fe4343525f-1536x1152.jpg 1536w, https:\/\/www.radiopiu.net\/wordpress\/wp-content\/uploads\/2025\/03\/66a6328c-61c9-41d0-a07f-c8fe4343525f.jpg 1600w\" sizes=\"auto, (max-width: 189px) 100vw, 189px\" \/><\/a>REDAZIONE\u00a0 <\/strong>Il recente incidente automobilistico avvenuto a Listolade riaccende l\u2019attenzione sulla pericolosit\u00e0 della Strada Regionale 203 nel tratto che attraversa la frazione di Taibon Agordino. In pochi mesi si sono verificati diversi episodi preoccupanti: auto ribaltate, incendi e veicoli finiti su attraversamenti pedonali e marciapiedi. La dinamica \u00e8 spesso simile: all\u2019uscita di una galleria, in leggera discesa, i mezzi perdono il controllo su una curva delimitata da un basso muretto, finendo sulla scarpata e poi rientrando sulla carreggiata, talvolta nella corsia opposta. I residenti, preoccupati per la propria sicurezza, chiedono alle autorit\u00e0 interventi urgenti, tra cui l\u2019installazione di autovelox e altre misure di prevenzione.<\/p>\n<p><strong>LA LETTERA FIRMATA DAGLI ABITANTI DI LISTOLADE<\/strong><\/p>\n<p>Il recente incidente automobilistico avvenuto un paio di settimane fa a Listolade ripropone con forza il tema della sicurezza lungo la Strada Regionale 203, nel tratto che attraversa la suddetta frazione del Comune di Taibon Agordino. Il problema riguarda non solo la sicurezza degli occupanti dei mezzi coinvolti, ma anche quella dei residenti, poich\u00e9 il tratto interessato si trova nelle immediate vicinanze del semaforo a servizio dell\u2019attraversamento pedonale. Solo per ricordare alcuni dei casi pi\u00f9 recenti:<\/p>\n<ul data-start=\"668\" data-end=\"1075\">\n<li class=\"\" data-start=\"668\" data-end=\"808\">Un\u2019auto si \u00e8 ribaltata finendo con le ruote all\u2019aria nella corsia opposta, coinvolgendo un altro veicolo proveniente in senso contrario.<\/li>\n<li class=\"\" data-start=\"809\" data-end=\"936\">Un\u2019altra vettura, uscita di strada, ha preso completamente fuoco proprio all\u2019altezza del semaforo e delle strisce pedonali.<\/li>\n<li class=\"\" data-start=\"937\" data-end=\"1075\">Un terzo mezzo, dopo l\u2019uscita di strada, ha attraversato l\u2019attraversamento pedonale fermandosi solo qualche metro dopo, sul marciapiede.<\/li>\n<\/ul>\n<p>La singolarit\u00e0 di questi incidenti risiede nella dinamica, sorprendentemente simile in tutti i casi. Questo dimostra che, al di l\u00e0 delle responsabilit\u00e0 dei singoli conducenti, la conformazione del tratto stradale rappresenta di per s\u00e9 una causa determinante dei sinistri. Nello specifico: la strada, in leggera discesa, segue l\u2019uscita della galleria in direzione Agordo. Dopo circa 100 metri, una curva a sinistra \u00e8 delimitata da un bassissimo muretto di sassi (15-20 cm), oltre il quale si trova una scarpata. La dinamica degli incidenti \u00e8 quasi sempre la stessa: le vetture, a forte velocit\u00e0, urtano con la gomma anteriore destra il ciglio della strada, rimbalzano sulla scarpata (divellendo i sassi, come visibile nelle foto relative all\u2019ultimo incidente), percorrono parte della scarpata con le ruote di destra o con tutte e quattro, per poi ricadere sull\u2019asfalto, nella propria corsia o in quella opposta. Le auto, spesso danneggiate o rovesciate, finiscono sulla sede stradale, creando pericolo per il traffico e per i pedoni. Per quanto sopra esposto, i firmatari della presente, tutti residenti nella frazione di Listolade<\/p>\n<p><strong data-start=\"2212\" data-end=\"2225\">ESPRIMONO <\/strong><\/p>\n<p>profonda preoccupazione per il ripetersi degli incidenti nel tratto della SR 203 sopra descritto, che mette a rischio la sicurezza degli utenti e dei residenti,<\/p>\n<p><strong data-start=\"2390\" data-end=\"2404\">E INVITANO<\/strong><\/p>\n<p>le autorit\u00e0 e le amministrazioni competenti ad adottare ogni intervento utile a ridurre i rischi, non escludendo l\u2019installazione di dispositivi di controllo della velocit\u00e0, come l\u2019autovelox.<\/p>\n<p>&nbsp;<\/p>\n<p>&nbsp;<\/p>\n<hr \/>\n<p>&nbsp;<\/p>\n<blockquote>\n<h3>DAZI USA: CONFARTIGIANATO CHIEDE MISURE COMPENSATIVE EUROPEE<\/h3>\n<\/blockquote>\n<p><strong><a class=\"dt-pswp-item\" href=\"https:\/\/www.radiopiu.net\/wordpress\/wp-content\/uploads\/2022\/07\/CONFARTIGIANATO.png\" data-dt-img-description=\"\" data-large_image_width=\"1001\" data-large_image_height=\"431\"><img loading=\"lazy\" decoding=\"async\" class=\" wp-image-288229 alignleft\" src=\"https:\/\/www.radiopiu.net\/wordpress\/wp-content\/uploads\/2022\/07\/CONFARTIGIANATO-300x129.png\" alt=\"\" width=\"221\" height=\"95\" srcset=\"https:\/\/www.radiopiu.net\/wordpress\/wp-content\/uploads\/2022\/07\/CONFARTIGIANATO-300x129.png 300w, https:\/\/www.radiopiu.net\/wordpress\/wp-content\/uploads\/2022\/07\/CONFARTIGIANATO-768x331.png 768w, https:\/\/www.radiopiu.net\/wordpress\/wp-content\/uploads\/2022\/07\/CONFARTIGIANATO.png 1001w\" sizes=\"auto, (max-width: 221px) 100vw, 221px\" \/><\/a>BELLUNO<\/strong> L\u2019introduzione di dazi statunitensi del 20% sui prodotti europei colpisce duramente l\u2019artigianato bellunese, gi\u00e0 in difficolt\u00e0 per la crisi del mercato europeo. Claudia Scarzanella, Presidente di Confartigianato Belluno, chiede interventi urgenti del Governo per sostenere le imprese locali. Nel 2024 l\u2019export manifatturiero bellunese verso gli USA \u00e8 calato del 24%, toccando i 930 milioni di euro. In particolare, l\u2019occhialeria \u2013 settore chiave per Belluno \u2013 ha subito un calo del 25,4% rispetto al 2023. Sandro Toffoli, referente del settore, sottolinea le difficolt\u00e0 dopo pandemia e crisi energetica, ma invita a puntare su qualit\u00e0 e identit\u00e0 del Made in Italy per competere globalmente. Tra le misure proposte: agevolazioni fiscali, credito facilitato e supporto alla diversificazione dei mercati. Importante anche la transizione digitale, con corsi di marketing internazionale e promozione dell\u2019e-commerce. La Presidente Scarzanella conclude invocando unit\u00e0 e una risposta decisa del Governo e dell\u2019Europa per tutelare le PMI artigiane e rafforzare l\u2019economia interna dell\u2019UE.<\/p>\n<p>&nbsp;<\/p>\n<p>&nbsp;<\/p>\n<hr \/>\n<p>&nbsp;<\/p>\n<blockquote>\n<h3>FP CGIL: SANITA&#8217; IN CRISI A BELLUNO, GLI INFERMIERI CI SONO, MA NON VENGONO ASSUNTI<\/h3>\n<\/blockquote>\n<p><strong><a class=\"dt-pswp-item\" href=\"https:\/\/www.radiopiu.net\/wordpress\/wp-content\/uploads\/2018\/02\/ANDREA-FIOCCO.jpg\" data-dt-img-description=\"\" data-large_image_width=\"960\" data-large_image_height=\"960\"><img loading=\"lazy\" decoding=\"async\" class=\" wp-image-43617 alignleft\" src=\"https:\/\/www.radiopiu.net\/wordpress\/wp-content\/uploads\/2018\/02\/ANDREA-FIOCCO-300x300.jpg\" alt=\"\" width=\"148\" height=\"148\" srcset=\"https:\/\/www.radiopiu.net\/wordpress\/wp-content\/uploads\/2018\/02\/ANDREA-FIOCCO-300x300.jpg 300w, https:\/\/www.radiopiu.net\/wordpress\/wp-content\/uploads\/2018\/02\/ANDREA-FIOCCO-150x150.jpg 150w, https:\/\/www.radiopiu.net\/wordpress\/wp-content\/uploads\/2018\/02\/ANDREA-FIOCCO-768x768.jpg 768w, https:\/\/www.radiopiu.net\/wordpress\/wp-content\/uploads\/2018\/02\/ANDREA-FIOCCO.jpg 960w\" sizes=\"auto, (max-width: 148px) 100vw, 148px\" \/><\/a>BELLUNO<\/strong> Il problema non \u00e8 la mancanza di infermieri, ma la loro mancata assunzione. La Fp-Cgil di Belluno denuncia che, a fronte di 110 posti disponibili presso l\u2019Ulss 1 Dolomiti, solo 56 candidati su 124 sono risultati idonei. Secondo il segretario Andrea Fiocco, la selezione \u00e8 troppo rigida o i candidati non sono adeguatamente formati. La Regione Veneto ha stimato un fabbisogno di 3000 infermieri, ma ha bandito solo 640 posti. Inoltre, Belluno \u00e8 penalizzata nella distribuzione e molti rinunciano per difficolt\u00e0 logistiche. La CGIL chiede da tempo di rivedere i limiti di spesa e offrire incentivi per attrarre personale, ma la selezione rischia di aggravare la crisi sanitaria nel territorio.<\/p>\n<p><strong>IL COMUNICATO STAMPA DELLA FP CGIL<\/strong><\/p>\n<a href=\"https:\/\/www.radiopiu.net\/wordpress\/wp-content\/uploads\/2025\/04\/Senza-titolo.pdf\" class=\"pdfemb-viewer\" style=\"\" data-width=\"max\" data-height=\"max\" data-toolbar=\"top\" data-toolbar-fixed=\"on\">Senza titolo<\/a>\n<p>&nbsp;<\/p>\n<hr \/>\n<p>&nbsp;<\/p>\n<blockquote>\n<h3>FINANZIAMENTO DI 1,4 MILIONI PER SOSTENERE LEGNO, COMMERCIO E RISTORAZIONE NELLE UNIONI MONTANE DEL COMELICO E AGORDINO<\/h3>\n<\/blockquote>\n<p><strong><a class=\"dt-pswp-item\" href=\"https:\/\/www.radiopiu.net\/wordpress\/wp-content\/uploads\/2021\/11\/legname.jpg\" data-dt-img-description=\"\" data-large_image_width=\"1920\" data-large_image_height=\"1273\"><img loading=\"lazy\" decoding=\"async\" class=\" wp-image-241387 alignleft\" src=\"https:\/\/www.radiopiu.net\/wordpress\/wp-content\/uploads\/2021\/11\/legname-300x199.jpg\" alt=\"\" width=\"220\" height=\"146\" srcset=\"https:\/\/www.radiopiu.net\/wordpress\/wp-content\/uploads\/2021\/11\/legname-300x199.jpg 300w, https:\/\/www.radiopiu.net\/wordpress\/wp-content\/uploads\/2021\/11\/legname-1024x679.jpg 1024w, https:\/\/www.radiopiu.net\/wordpress\/wp-content\/uploads\/2021\/11\/legname-768x509.jpg 768w, https:\/\/www.radiopiu.net\/wordpress\/wp-content\/uploads\/2021\/11\/legname-1536x1018.jpg 1536w, https:\/\/www.radiopiu.net\/wordpress\/wp-content\/uploads\/2021\/11\/legname.jpg 1920w\" sizes=\"auto, (max-width: 220px) 100vw, 220px\" \/><\/a>VENEZIA<\/strong> La Regione Veneto ha stanziato 1.400.000 euro per sostenere le imprese dell\u2019industria del legno e del settore del commercio nelle Unioni Montane del Comelico e Agordina. L\u2019obiettivo \u00e8 rafforzare la competitivit\u00e0 delle imprese locali, migliorando l\u2019offerta turistica e la qualit\u00e0 della vita, oltre a favorire la nascita e il consolidamento di attivit\u00e0 legate alla filiera del legno. Il bando prevede contributi per investimenti in innovazioni tecnologiche, ammodernamento di impianti, digitalizzazione e ristrutturazione aziendale. Nel commercio e nella ristorazione sono ammissibili interventi di potenziamento dell\u2019offerta commerciale e tecnologica. Le risorse sono distribuite su quattro sportelli: 200.000 euro per l\u2019industria del legno Agordino, 450.000 per il Comelico, 300.000 per commercio e ristorazione Agordino e 450.000 per il Comelico. Il contributo \u00e8 del 50% per l\u2019industria del legno e dell\u201980% per commercio e ristorazione. Le domande si presentano online dal 16 aprile al 29 maggio 2025 tramite il portale SIU. I progetti dovranno essere completati entro il 15 settembre 2027.<\/p>\n<p>&nbsp;<\/p>\n<p>&nbsp;<\/p>\n<hr \/>\n<p>&nbsp;<\/p>\n<blockquote>\n<h3>L&#8217;ASSEMBLEA PROVINCIALE UNPLI<\/h3>\n<\/blockquote>\n<p><strong><a class=\"dt-pswp-item\" href=\"https:\/\/www.radiopiu.net\/wordpress\/wp-content\/uploads\/2025\/04\/Unknown-1.jpeg\" data-dt-img-description=\"\" data-large_image_width=\"1600\" data-large_image_height=\"739\"><img loading=\"lazy\" decoding=\"async\" class=\"size-medium wp-image-443658 alignleft\" src=\"https:\/\/www.radiopiu.net\/wordpress\/wp-content\/uploads\/2025\/04\/Unknown-1-300x139.jpeg\" alt=\"\" width=\"300\" height=\"139\" srcset=\"https:\/\/www.radiopiu.net\/wordpress\/wp-content\/uploads\/2025\/04\/Unknown-1-300x139.jpeg 300w, https:\/\/www.radiopiu.net\/wordpress\/wp-content\/uploads\/2025\/04\/Unknown-1-1024x473.jpeg 1024w, https:\/\/www.radiopiu.net\/wordpress\/wp-content\/uploads\/2025\/04\/Unknown-1-768x355.jpeg 768w, https:\/\/www.radiopiu.net\/wordpress\/wp-content\/uploads\/2025\/04\/Unknown-1-1536x709.jpeg 1536w, https:\/\/www.radiopiu.net\/wordpress\/wp-content\/uploads\/2025\/04\/Unknown-1.jpeg 1600w\" sizes=\"auto, (max-width: 300px) 100vw, 300px\" \/><\/a>ALPAGO<\/strong> Al Teatro Minimo di Chies d\u2019Alpago si \u00e8 tenuta l\u2019assemblea dell\u2019Unpli Belluno con la partecipazione di quasi tutte le 60 Pro Loco provinciali. Dopo i saluti istituzionali, vari interventi hanno toccato temi chiave come sicurezza eventi, promozione turistica e digitalizzazione. Il presidente Davide Praloran ha ricordato il successo del progetto \u201cMade in Dolomiti\u201d e altre iniziative di valorizzazione del territorio. Presentati i principali appuntamenti 2025, tra cui rafting sul Piave, il Giubileo delle Pro Loco a Roma e fiere regionali. Premiati i presidenti pi\u00f9 longevi, approvato il bilancio, e conclusione con la visita al museo locale.<\/p>\n<p>&nbsp;<\/p>\n<p>&nbsp;<\/p>\n<hr \/>\n<p>&nbsp;<\/p>\n<blockquote>\n<h3>MANCA UN PIANO DOLOMITI BUS IN VISTA DELLE OLIMPIADI. IL PD CHIEDE CHIAREZZA<\/h3>\n<\/blockquote>\n<p><strong><a class=\"dt-pswp-item\" href=\"https:\/\/www.radiopiu.net\/wordpress\/wp-content\/uploads\/2024\/05\/CS_Dolomitibus.png\" data-dt-img-description=\"\" data-large_image_width=\"1920\" data-large_image_height=\"807\"><img loading=\"lazy\" decoding=\"async\" class=\" wp-image-389043 alignleft\" src=\"https:\/\/www.radiopiu.net\/wordpress\/wp-content\/uploads\/2024\/05\/CS_Dolomitibus-300x126.png\" alt=\"\" width=\"229\" height=\"96\" srcset=\"https:\/\/www.radiopiu.net\/wordpress\/wp-content\/uploads\/2024\/05\/CS_Dolomitibus-300x126.png 300w, https:\/\/www.radiopiu.net\/wordpress\/wp-content\/uploads\/2024\/05\/CS_Dolomitibus-1024x430.png 1024w, https:\/\/www.radiopiu.net\/wordpress\/wp-content\/uploads\/2024\/05\/CS_Dolomitibus-768x323.png 768w, https:\/\/www.radiopiu.net\/wordpress\/wp-content\/uploads\/2024\/05\/CS_Dolomitibus-1536x646.png 1536w, https:\/\/www.radiopiu.net\/wordpress\/wp-content\/uploads\/2024\/05\/CS_Dolomitibus.png 1920w\" sizes=\"auto, (max-width: 229px) 100vw, 229px\" \/><\/a>BELLUNO<\/strong> A meno di un anno dalle Olimpiadi invernali, manca ancora un Piano dei Trasporti ufficiale, suscitando preoccupazione tra cittadini e amministratori locali. L\u2019ipotesi di chiusura delle scuole e il possibile blocco del trasporto pubblico per carenza di mezzi e autisti \u00e8 allarmante. Tre sono i punti fermi ribaditi: diritto all\u2019istruzione, alla conciliazione familiare e alla mobilit\u00e0 lavorativa. Le Olimpiadi non devono penalizzare i residenti, gi\u00e0 colpiti da un sistema fragile e sottodimensionato. Si chiede trasparenza, condivisione immediata del piano con le amministrazioni locali e rispetto del dossier olimpico, che parla di benefici duraturi per la comunit\u00e0. Si critica la mancanza di ascolto verso i territori e si evidenzia la necessit\u00e0 di investimenti strutturali, anche oltre l\u2019evento. L\u2019impegno \u00e8 rivolto alla risoluzione delle criticit\u00e0 di Dolomitibus e al rilancio del trasporto provinciale. Infine, si condannano le dichiarazioni minimizzanti del senatore De Carlo, ribadendo che i Giochi devono rappresentare un\u2019occasione di crescita, non un ostacolo alla vita quotidiana nei territori montani.<\/p>\n<p>&nbsp;<\/p>\n<p>&nbsp;<\/p>\n<hr \/>\n<p>&nbsp;<\/p>\n<blockquote>\n<h3>DILLO A RADIO PIU&#8217;&#8230;.ECOCENTRO DI AGORDO: OTTIMO SERVIZIO, MA POSSIBILI MIGLIORAMENTI PER L\u2019ACCESSO AI CONTAINER<\/h3>\n<\/blockquote>\n<p><strong><a class=\"dt-pswp-item\" href=\"https:\/\/www.radiopiu.net\/wordpress\/wp-content\/uploads\/2022\/12\/ingresso-ecocentro.jpg\" data-dt-img-description=\"\" data-large_image_width=\"1600\" data-large_image_height=\"720\"><img loading=\"lazy\" decoding=\"async\" class=\" wp-image-312801 alignleft\" src=\"https:\/\/www.radiopiu.net\/wordpress\/wp-content\/uploads\/2022\/12\/ingresso-ecocentro-300x135.jpg\" alt=\"\" width=\"211\" height=\"95\" srcset=\"https:\/\/www.radiopiu.net\/wordpress\/wp-content\/uploads\/2022\/12\/ingresso-ecocentro-300x135.jpg 300w, https:\/\/www.radiopiu.net\/wordpress\/wp-content\/uploads\/2022\/12\/ingresso-ecocentro-1024x461.jpg 1024w, https:\/\/www.radiopiu.net\/wordpress\/wp-content\/uploads\/2022\/12\/ingresso-ecocentro-768x346.jpg 768w, https:\/\/www.radiopiu.net\/wordpress\/wp-content\/uploads\/2022\/12\/ingresso-ecocentro-1536x691.jpg 1536w, https:\/\/www.radiopiu.net\/wordpress\/wp-content\/uploads\/2022\/12\/ingresso-ecocentro.jpg 1600w\" sizes=\"auto, (max-width: 211px) 100vw, 211px\" \/><\/a>RICEVIAMO E PUBBLICHIAMO <\/strong><\/p>\n<p>Sono un cittadino e utente soddisfatto del servizio offerto dall&#8217;ecocentro di Agordo. La sua ristrutturazione ha migliorato notevolmente la fruibilit\u00e0, ma soprattutto la sicurezza. Se mi \u00e8 concesso, per\u00f2, &#8220;fatto 30 si poteva fare 31&#8221;: sarebbe stato un grande vantaggio per gli utenti poter accedere ad alcuni container anche con mezzi dotati di cassone ribaltabile. Questo permetterebbe di velocizzare le operazioni di scarico ed evitare lunghe code. Mi riferisco in particolare alle ramaglie, per la loro difficile maneggevolezza, e agli inerti, per via del peso. Credo che, con un po\u2019 di volont\u00e0, si possa trovare una soluzione relativamente semplice.<\/p>\n<p>Paolo Chissal\u00e8<\/p>\n<p>&nbsp;<\/p>\n<p>&nbsp;<\/p>\n<hr \/>\n<p>&nbsp;<\/p>\n<blockquote>\n<h3>COMPLIMENTI A LUCA CORSO, CAMPIONE SUGLI SCI E NELLA VITA<\/h3>\n<\/blockquote>\n<p><strong>FELTRE\u00a0 <\/strong>Il commissario Dal Ben ha incontrato Luca per complimentarsi del titolo conquistato con tenacia sulle piste, coniugando tecnica e spirito agonistico. La medicina dello sport di Feltre \u00e8 accreditata per rilasciare certificazioni medico sportive di secondo livello. Molti atleti, come Luca, sono seguiti dal dottor Ciccarone apprezzandone lo scrupolo. Bravo Luca, continuiamo a tifare per te e per i tuoi sogni.<\/p>\n\n\t\t\t<style type='text\/css'>\n\t\t\t\t#gallery-1 {\n\t\t\t\t\tmargin: auto;\n\t\t\t\t}\n\t\t\t\t#gallery-1 .gallery-item {\n\t\t\t\t\tfloat: left;\n\t\t\t\t\tmargin-top: 10px;\n\t\t\t\t\ttext-align: center;\n\t\t\t\t\twidth: 50%;\n\t\t\t\t}\n\t\t\t\t#gallery-1 img {\n\t\t\t\t\tborder: 2px solid #cfcfcf;\n\t\t\t\t}\n\t\t\t\t#gallery-1 .gallery-caption {\n\t\t\t\t\tmargin-left: 0;\n\t\t\t\t}\n\t\t\t\t\/* see gallery_shortcode() in wp-includes\/media.php *\/\n\t\t\t<\/style>\n\t\t<div id='gallery-1' class='dt-gallery-container gallery galleryid-443418 gallery-columns-2 gallery-size-medium'><dl class='gallery-item'>\n\t\t\t\t<dt class='gallery-icon landscape'>\n\t\t\t\t\t<a class=\"rollover rollover-zoom dt-pswp-item\" title=\"IMG-20250225-WA0000\" data-dt-img-description=\"\" data-large_image_width=\"1600\" data-large_image_height=\"1200\"href='https:\/\/www.radiopiu.net\/wordpress\/wp-content\/uploads\/2025\/04\/IMG-20250225-WA0000.jpg'><img loading=\"lazy\" decoding=\"async\" width=\"300\" height=\"225\" src=\"https:\/\/www.radiopiu.net\/wordpress\/wp-content\/uploads\/2025\/04\/IMG-20250225-WA0000-300x225.jpg\" class=\"attachment-medium size-medium\" alt=\"\" srcset=\"https:\/\/www.radiopiu.net\/wordpress\/wp-content\/uploads\/2025\/04\/IMG-20250225-WA0000-300x225.jpg 300w, https:\/\/www.radiopiu.net\/wordpress\/wp-content\/uploads\/2025\/04\/IMG-20250225-WA0000-1024x768.jpg 1024w, https:\/\/www.radiopiu.net\/wordpress\/wp-content\/uploads\/2025\/04\/IMG-20250225-WA0000-768x576.jpg 768w, https:\/\/www.radiopiu.net\/wordpress\/wp-content\/uploads\/2025\/04\/IMG-20250225-WA0000-1536x1152.jpg 1536w, https:\/\/www.radiopiu.net\/wordpress\/wp-content\/uploads\/2025\/04\/IMG-20250225-WA0000.jpg 1600w\" sizes=\"auto, (max-width: 300px) 100vw, 300px\" \/><\/a>\n\t\t\t\t<\/dt><\/dl><dl class='gallery-item'>\n\t\t\t\t<dt class='gallery-icon landscape'>\n\t\t\t\t\t<a class=\"rollover rollover-zoom dt-pswp-item\" title=\"WhatsApp Image 2025-04-05 at 08.40.54\" data-dt-img-description=\"\" data-large_image_width=\"1600\" data-large_image_height=\"1200\"href='https:\/\/www.radiopiu.net\/wordpress\/wp-content\/uploads\/2025\/04\/WhatsApp-Image-2025-04-05-at-08.40.54.jpeg'><img loading=\"lazy\" decoding=\"async\" width=\"300\" height=\"225\" src=\"https:\/\/www.radiopiu.net\/wordpress\/wp-content\/uploads\/2025\/04\/WhatsApp-Image-2025-04-05-at-08.40.54-300x225.jpeg\" class=\"attachment-medium size-medium\" alt=\"\" srcset=\"https:\/\/www.radiopiu.net\/wordpress\/wp-content\/uploads\/2025\/04\/WhatsApp-Image-2025-04-05-at-08.40.54-300x225.jpeg 300w, https:\/\/www.radiopiu.net\/wordpress\/wp-content\/uploads\/2025\/04\/WhatsApp-Image-2025-04-05-at-08.40.54-1024x768.jpeg 1024w, https:\/\/www.radiopiu.net\/wordpress\/wp-content\/uploads\/2025\/04\/WhatsApp-Image-2025-04-05-at-08.40.54-768x576.jpeg 768w, https:\/\/www.radiopiu.net\/wordpress\/wp-content\/uploads\/2025\/04\/WhatsApp-Image-2025-04-05-at-08.40.54-1536x1152.jpeg 1536w, https:\/\/www.radiopiu.net\/wordpress\/wp-content\/uploads\/2025\/04\/WhatsApp-Image-2025-04-05-at-08.40.54.jpeg 1600w\" sizes=\"auto, (max-width: 300px) 100vw, 300px\" \/><\/a>\n\t\t\t\t<\/dt><\/dl><br style=\"clear: both\" \/>\n\t\t\t<\/div>\n\n<p>&nbsp;<\/p>\n<hr \/>\n<p>&nbsp;<\/p>\n<blockquote>\n<h3>IL CONVEGNO &#8220;SALUTE OLTRE LA CITT\u00c0&#8221; TORNA L\u201911 APRILE A BELLUNO<\/h3>\n<\/blockquote>\n<p><strong><a class=\"dt-pswp-item\" href=\"https:\/\/www.radiopiu.net\/wordpress\/wp-content\/uploads\/2021\/05\/foto-comunale.jpg\" data-dt-img-description=\"\" data-large_image_width=\"1600\" data-large_image_height=\"1237\"><img loading=\"lazy\" decoding=\"async\" class=\" wp-image-210486 alignleft\" src=\"https:\/\/www.radiopiu.net\/wordpress\/wp-content\/uploads\/2021\/05\/foto-comunale-300x232.jpg\" alt=\"\" width=\"178\" height=\"138\" srcset=\"https:\/\/www.radiopiu.net\/wordpress\/wp-content\/uploads\/2021\/05\/foto-comunale-300x232.jpg 300w, https:\/\/www.radiopiu.net\/wordpress\/wp-content\/uploads\/2021\/05\/foto-comunale-1024x792.jpg 1024w, https:\/\/www.radiopiu.net\/wordpress\/wp-content\/uploads\/2021\/05\/foto-comunale-768x594.jpg 768w, https:\/\/www.radiopiu.net\/wordpress\/wp-content\/uploads\/2021\/05\/foto-comunale-1536x1188.jpg 1536w, https:\/\/www.radiopiu.net\/wordpress\/wp-content\/uploads\/2021\/05\/foto-comunale.jpg 1600w\" sizes=\"auto, (max-width: 178px) 100vw, 178px\" \/><\/a>BELLUNO<\/strong> Venerd\u00ec 11 aprile 2025, al teatro comunale &#8220;Dino Buzzati&#8221; di Belluno, si terr\u00e0 il quarto e ultimo appuntamento del ciclo &#8220;Salute oltre la citt\u00e0&#8221;, promosso dall\u2019ULSS 1 Dolomiti con il patrocinio della Regione Veneto. Il convegno, dal titolo <em data-start=\"240\" data-end=\"314\">&#8220;Soluzioni innovative per la sanit\u00e0 di montagna. Gestire la complessit\u00e0&#8221;<\/em>, rappresenta il culmine di un anno di incontri avviati per migliorare l\u2019assistenza nelle aree montane. La lezione introduttiva sar\u00e0 affidata a Marco Del Vecchio (Universit\u00e0 Bocconi), mentre Romina Cazzaro rappresenter\u00e0 la Regione. Oltre 200 professionisti, amministratori e volontari hanno contribuito alla definizione di soluzioni operative, tra cui telemedicina, prevenzione mirata e assistenza domiciliare. Il Direttore Generale Giuseppe Dal Ben sottolinea l\u2019importanza del dialogo tra istituzioni e comunit\u00e0. La giornata vedr\u00e0 interventi su temi chiave e una tavola rotonda finale. Particolare attenzione sar\u00e0 data alla sanit\u00e0 in vista delle Olimpiadi Milano-Cortina 2026 e alla \u201clegacy\u201d che esse lasceranno sul territorio bellunese, con l\u2019obiettivo di trasformare le sfide della montagna in opportunit\u00e0 concrete per il futuro.<\/p>\n<p>&nbsp;<\/p>\n<p>&nbsp;<\/p>\n<hr \/>\n<p>&nbsp;<\/p>\n<blockquote>\n<h3>EVENTO ESCLUSIVO ALL\u2019AEROPORTO DI PADOVA: ADRENALINA, INNOVAZIONE E MOBILIT\u00c0 DEL FUTURO<\/h3>\n<\/blockquote>\n<p><strong><a class=\"dt-pswp-item\" href=\"https:\/\/www.radiopiu.net\/wordpress\/wp-content\/uploads\/2025\/04\/7f9a1a1b-a062-4cda-b7cc-7948edf08d65.jpg\" data-dt-img-description=\"\" data-large_image_width=\"1055\" data-large_image_height=\"602\"><img loading=\"lazy\" decoding=\"async\" class=\" wp-image-443625 alignleft\" src=\"https:\/\/www.radiopiu.net\/wordpress\/wp-content\/uploads\/2025\/04\/7f9a1a1b-a062-4cda-b7cc-7948edf08d65-300x171.jpg\" alt=\"\" width=\"198\" height=\"113\" srcset=\"https:\/\/www.radiopiu.net\/wordpress\/wp-content\/uploads\/2025\/04\/7f9a1a1b-a062-4cda-b7cc-7948edf08d65-300x171.jpg 300w, https:\/\/www.radiopiu.net\/wordpress\/wp-content\/uploads\/2025\/04\/7f9a1a1b-a062-4cda-b7cc-7948edf08d65-1024x584.jpg 1024w, https:\/\/www.radiopiu.net\/wordpress\/wp-content\/uploads\/2025\/04\/7f9a1a1b-a062-4cda-b7cc-7948edf08d65-768x438.jpg 768w, https:\/\/www.radiopiu.net\/wordpress\/wp-content\/uploads\/2025\/04\/7f9a1a1b-a062-4cda-b7cc-7948edf08d65.jpg 1055w\" sizes=\"auto, (max-width: 198px) 100vw, 198px\" \/><\/a>PADOVA<\/strong> All\u2019aeroporto Gino Allegri di Padova si \u00e8 tenuto un evento esclusivo firmato Andrea Fontana \u2013 AF09 Agency, campione mondiale Lamborghini. Una giornata dedicata a innovazione, adrenalina ed eccellenza nella mobilit\u00e0, che ha coinvolto ospiti selezionati in esperienze su pista con auto ad alte prestazioni e nella visita al Terminal Urbano, spazio dedicato a eventi di alto profilo. Momento clou: l\u2019esibizione dell\u2019Aero L-29 Delf\u00edn, storico jet militare pilotato da un Maggior Generale slovacco. L\u2019iniziativa ha messo in luce il ruolo dell\u2019aeroporto come polo d\u2019innovazione e cultura, grazie alla gestione di Heron Air e alla sinergia con istituzioni e imprese locali, rafforzando il legame tra mobilit\u00e0, territorio e visione futuristica.<\/p>\n<p>&nbsp;<\/p>\n<p>&nbsp;<\/p>\n<hr \/>\n<p>&nbsp;<\/p>\n<h2><span style=\"color: #ff0000;\">CONSIGLI COMUNALI IN AGORDINO<\/span><\/h2>\n<p><strong>ROCCA PIETORE<\/strong> Consiglio Comunale oggi alle 18. L&#8217;ordine del giorno prevede nove punti, tra cui: approvazione dei verbali della seduta precedente, convenzione per la segreteria comunale con Alleghe e Selva di Cadore, bilancio di previsione 2025-2027 dell\u2019A.S.C.A., una variazione al bilancio, rinuncia al diritto di prelazione su un terreno con uso civico e diverse convenzioni per la gestione associata di servizi con l\u2019Unione Montana Agordina. Tra queste, vi sono la centrale unica di committenza, le strutture sportive, la gestione dei beni silvo-pastorali e la pianificazione di protezione civile.<\/p>\n<p><strong>TAIBON<\/strong> Oggi consiglio comunale, all&#8217;ordine del giorno: variazioni al bilancio, nome in materia di uso civico, adozione piano di accertamento. Regolamento per l&#8217;utilizzo della pagina e canali social<\/p>\n<p><strong>ALLEGHE<\/strong> Consiglio comunale mercoled\u00ec alle 20:30. Nove punti da discutere tra cui la gestione associata di servizi con l\u2019Unione Montana Agordina. Tra queste, vi sono la centrale unica di committenza, le strutture sportive, la gestione dei beni silvo-pastorali e la pianificazione di protezione civile, una variazione a bilancio e la convenzione con i comuni di Rocca Pietore e Selva di Cadore per lo svolgimento in forma associata delle funzioni di segreteria<\/p>\n<p><strong>COLLE SANTA LUCIA<\/strong> Cosiglio comunale venerd\u00ec alle 18. Tra gli 8 punti all&#8217;ordine del giorno, si parlera della gestione associata di servizi con l\u2019Unione Montana Agordina. Tra queste, vi sono la centrale unica di committenza, le strutture sportive, la gestione dei beni silvo-pastorali e la pianificazione di protezione civile. Inoltre anche la convenzione tra i comuni di Livinallongo e Cortina e i rispettivi gruppi ladini.<\/p>\n<p>&nbsp;<\/p>\n<p>&nbsp;<\/p>\n<hr \/>\n<p>&nbsp;<\/p>\n<blockquote>\n<h3>LA CONFERENZA SUL PITTORE BEPI MODOLO<\/h3>\n<\/blockquote>\n<p><strong><a class=\"dt-pswp-item\" href=\"https:\/\/www.radiopiu.net\/wordpress\/wp-content\/uploads\/2025\/04\/Unknown.jpeg\" data-dt-img-description=\"\" data-large_image_width=\"1734\" data-large_image_height=\"1140\"><img loading=\"lazy\" decoding=\"async\" class=\" wp-image-443656 alignleft\" src=\"https:\/\/www.radiopiu.net\/wordpress\/wp-content\/uploads\/2025\/04\/Unknown-300x197.jpeg\" alt=\"\" width=\"172\" height=\"113\" srcset=\"https:\/\/www.radiopiu.net\/wordpress\/wp-content\/uploads\/2025\/04\/Unknown-300x197.jpeg 300w, https:\/\/www.radiopiu.net\/wordpress\/wp-content\/uploads\/2025\/04\/Unknown-1024x673.jpeg 1024w, https:\/\/www.radiopiu.net\/wordpress\/wp-content\/uploads\/2025\/04\/Unknown-768x505.jpeg 768w, https:\/\/www.radiopiu.net\/wordpress\/wp-content\/uploads\/2025\/04\/Unknown-1536x1010.jpeg 1536w, https:\/\/www.radiopiu.net\/wordpress\/wp-content\/uploads\/2025\/04\/Unknown.jpeg 1734w\" sizes=\"auto, (max-width: 172px) 100vw, 172px\" \/><\/a>FELTRE<\/strong> Durante un evento dedicato al pittore trevigiano Bepi Modolo (1913\u20131987), Isabella Pilo ha illustrato la sua opera sacra nel Bellunese, tra cui gli affreschi nella chiesa di San Giacomo. Dopo la conferenza, si \u00e8 svolta l\u2019assemblea del Fondaco, attivo da 33 anni nella promozione culturale. Nonostante la chiusura dell\u2019area archeologica, il 2024 ha visto numerose iniziative, tra visite guidate e collaborazioni con esperti e il CAI. Prosegue il progetto per la chiesa di San Paolo, mentre nel 2025 sono previste nuove aperture e una mostra sui vetri di Chartres. Il bilancio dell\u2019associazione \u00e8 positivo.<\/p>\n<p>&nbsp;<\/p>\n<p>&nbsp;<\/p>\n<hr \/>\n<p>&nbsp;<\/p>\n<blockquote>\n<h3>RISCHIO POVERTA\u2019: MOLTO PIU\u2019 ALTO TRA GLI AUTONOMI CHE TRA I DIPENDENTI<\/h3>\n<\/blockquote>\n<p><a class=\"dt-pswp-item\" href=\"https:\/\/www.radiopiu.net\/wordpress\/wp-content\/uploads\/2025\/04\/20250405091350.png\" data-dt-img-description=\"\" data-large_image_width=\"487\" data-large_image_height=\"318\"><img loading=\"lazy\" decoding=\"async\" class=\"size-medium wp-image-443416 alignleft\" src=\"https:\/\/www.radiopiu.net\/wordpress\/wp-content\/uploads\/2025\/04\/20250405091350-300x196.png\" alt=\"\" width=\"300\" height=\"196\" srcset=\"https:\/\/www.radiopiu.net\/wordpress\/wp-content\/uploads\/2025\/04\/20250405091350-300x196.png 300w, https:\/\/www.radiopiu.net\/wordpress\/wp-content\/uploads\/2025\/04\/20250405091350.png 487w\" sizes=\"auto, (max-width: 300px) 100vw, 300px\" \/><\/a>Tra tutti i nuclei che in Italia hanno come capofamiglia un lavoratore autonomo, il rischio povert\u00e0 o esclusione sociale \u00e8 al 22,7 per cento, mentre la quota riferita a tutte le famiglie con alla guida un lavoratore dipendente \u00e8 decisamente inferiore e pari al 14,8 per cento. In altre parole, se negli ultimi decenni abbiamo assistito a una progressiva riduzione del potere d\u2019acquisto dei salari che ha spinto verso l\u2019area dell\u2019indigenza molti operai\/impiegati con bassi livelli di inquadramento contrattuale, ai lavoratori autonomi le cose sono andate molto peggio. I fatturati hanno subito delle forti contrazioni e, conseguentemente, la qualit\u00e0 della vita delle partite Iva ha subito un deciso aggravamento. Purtroppo non ci sono dati regionali, ma \u00e8 verosimile che questo differenziale a discapito degli autonomi sia presente anche in Veneto. La denuncia \u00e8 sollevata dall\u2019Ufficio studi CGIA che ha elaborato i dati dell\u2019Istat.<\/p>\n<p>Qualcuno potrebbe obbiettare che i dati riferiti alla povert\u00e0 dei lavoratori autonomi sarebbero condizionati da importi reddituali dichiarati non corrispondenti al vero. In realt\u00e0, il rischio povert\u00e0 o esclusione sociale \u00e8 un indicatore molto complesso che \u00e8 dato dalla somma delle persone che si trovano in almeno una delle seguenti<br \/>\ncondizioni: vivono in famiglie a rischio povert\u00e0; vivono in famiglie in condizioni di grave deprivazione materiale e sociale; vivono in famiglie a bassa intensit\u00e0 di lavoro. Ovviamente, tra le categorie monitorate dall\u2019Istat la pi\u00f9 disagiata economicamente e socialmente \u00e8 quella dei pensionati, dove il rischio povert\u00e0 delle famiglie \u00e8 addirittura al 33,1 per cento (vedi Tab. 1).<\/p>\n<p><strong><a class=\"dt-pswp-item\" href=\"https:\/\/www.radiopiu.net\/wordpress\/wp-content\/uploads\/2025\/04\/20250405091412.png\" data-dt-img-description=\"\" data-large_image_width=\"628\" data-large_image_height=\"510\"><img loading=\"lazy\" decoding=\"async\" class=\"size-medium wp-image-443415 alignleft\" src=\"https:\/\/www.radiopiu.net\/wordpress\/wp-content\/uploads\/2025\/04\/20250405091412-300x244.png\" alt=\"\" width=\"300\" height=\"244\" srcset=\"https:\/\/www.radiopiu.net\/wordpress\/wp-content\/uploads\/2025\/04\/20250405091412-300x244.png 300w, https:\/\/www.radiopiu.net\/wordpress\/wp-content\/uploads\/2025\/04\/20250405091412.png 628w\" sizes=\"auto, (max-width: 300px) 100vw, 300px\" \/><\/a>Oltre 500mila partite Iva, 133mila sono forfettari<\/strong><br \/>\nIn Veneto il numero delle partite Iva \u00e8 stimato in 515.180 unit\u00e0. Di questi, 133.400 operano in regime dei minimi. Stiamo parlando di attivit\u00e0 economiche senza dipendenti e senza alcuna organizzazione d\u2019impresa con un fatturato annuo al di sotto degli 85 mila euro. Insomma, una pura e semplice partita Iva che fa dell\u2019autoimprenditorialit\u00e0 la sua ragione lavorativa. E\u2019 il caso di tanti giovani, di altrettante donne e di molte persone in et\u00e0 avanzata che sbarcano il lunario con piccoli lavori\/consulenze senza disporre di alcun ammortizzatore sociale e\/o sostegno pubblico. Soggetti che faticano a incassare le proprie spettanze e che, nella stragrande maggioranza dei casi, si trovano in condizioni economiche molto fragili e, quindi, a forte rischio di povert\u00e0 o esclusione sociale.<\/p>\n<p><strong>Rispetto al 2003, reddito autonomi \u2013 30%<\/strong><br \/>\nNegli ultimi 20 anni il reddito degli autonomi \u00e8 sceso del 30 per cento, mentre quello dei lavoratori dipendenti \u00e8 diminuito di \u201csolo\u201d l\u20198 per cento. Per i pensionati, invece, il dato \u00e8 rimasto pressoch\u00e9 stabile (vedi Graf.1). La debolezza economica di molte partite Iva, il crollo dei consumi interni \u2013 causato dalle crisi economiche che si sono succedute in questi due decenni &#8211; e alla concorrenza praticata dapprima dalla grande distribuzione e negli ultimi anni dal commercio elettronico, hanno fiaccato la tenuta reddituale di tantissime micro attivit\u00e0.<\/p>\n<p><strong>Dazi: danni anche a molti lavoratori autonomi<\/strong><br \/>\nDal momento che non lavorano direttamente con i mercati stranieri e che sono pochissimi coloro che operano nelle filiere produttive coinvolte nelle esportazioni, i lavoratori autonomi non dovrebbero subire effetti negativi dall\u2019introduzione dei dazi annunciati nei giorni scorsi dal Presidente Trump. Ma le cose potrebbero andare anche diversamente. Se le misure protezionistiche introdotte dall\u2019Amministrazione statunitense dovessero provocare una flessione della crescita economica e un incremento dell\u2019inflazione anche in Italia, gli autonomi pi\u00f9 fragili potrebbero essere tra i lavoratori pi\u00f9 danneggiati. Ecco perch\u00e9 \u00e8 necessario, dove possibile, diversificare i mercati di vendita all\u2019estero dei nostri prodotti e rilanciare la domanda interna, attraverso la messa a terra del PNRR e una ripresa dei consumi che potrebbe essere agevolata proseguendo nella riduzione delle imposte a famiglie e imprese.<\/p>\n<p><strong><a class=\"dt-pswp-item\" href=\"https:\/\/www.radiopiu.net\/wordpress\/wp-content\/uploads\/2025\/04\/20250405091443.png\" data-dt-img-description=\"\" data-large_image_width=\"540\" data-large_image_height=\"773\"><img loading=\"lazy\" decoding=\"async\" class=\"size-medium wp-image-443414 alignleft\" src=\"https:\/\/www.radiopiu.net\/wordpress\/wp-content\/uploads\/2025\/04\/20250405091443-210x300.png\" alt=\"\" width=\"210\" height=\"300\" srcset=\"https:\/\/www.radiopiu.net\/wordpress\/wp-content\/uploads\/2025\/04\/20250405091443-210x300.png 210w, https:\/\/www.radiopiu.net\/wordpress\/wp-content\/uploads\/2025\/04\/20250405091443.png 540w\" sizes=\"auto, (max-width: 210px) 100vw, 210px\" \/><\/a>In Veneto in difficolt\u00e0 quasi 600mila persone<\/strong><br \/>\nIn termini assoluti tutta la popolazione totale a rischio povert\u00e0 o esclusione sociale presente in Veneto \u00e8 a pari a 599mila persone. Il dato Italia ammonta a 13,5 milioni. La regione che ne conta di pi\u00f9 \u00e8 la Campania con 2,4 milioni. Seguono la Sicilia con 1,9, il Lazio con quasi 1,5 e la Puglia con 1,46. Se, invece, prendiamo come riferimento la percentuale a rischio povert\u00e0 sul totale abitanti, in Veneto la quota \u00e8 del 12,4 per cento. La regione con l\u2019incidenza pi\u00f9 elevata \u00e8 la Calabria (48,8 per cento). Seguono la Campania (43,5), la Sicilia (40,9) e la Puglia (37,7). Il dato medio nazionale \u00e8 pari al 23,1 per cento (vedi Tab. 2).<\/p>\n<p>&nbsp;<\/p>\n<p>&nbsp;<\/p>\n<p><em>Definizione di rischio povert\u00e0 o esclusione sociale<\/em><\/p>\n<p><em>L&#8217;indicatore \u00e8 dato dalla somma delle persone che si trovano in almeno una delle seguenti tre condizioni:<\/em><br \/>\n<em>1) vivono in famiglie a rischio di povert\u00e0;<\/em><br \/>\n<em>2) vivono in famiglie in condizioni di grave deprivazione materiale e sociale (indicatore Europa 2030);<\/em><br \/>\n<em>3) vivono in famiglie a bassa intensit\u00e0 di lavoro (indicatore Europa 2030).<\/em><br \/>\n<em>Le persone sono conteggiate una sola volta anche se sono presenti su pi\u00f9 sub-indicatori.<\/em><\/p>\n<p><em>Le persone a rischio di povert\u00e0 sono coloro vivono in famiglie con un reddito equivalente inferiore al 60 per cento del reddito equivalente mediano disponibile, dopo i trasferimenti sociali. Nel 2024 la soglia di basso reddito, calcolata su redditi 2023, \u00e8 pari a 12.363 euro annui (1.030 euro al mese) per una famiglia di un componente adulto.<\/em><br \/>\n<em>Le persone in condizioni di grave deprivazione materiale e sociale (indicatore Europa 2030) sono coloro che vivono in famiglie che registrano almeno 7 segnali di deprivazione materiale e sociale su una lista di 13 (sette relativi alla famiglia e sei relativi all\u2019individuo) indicati di seguito. Segnali familiari: 1) non poter sostenere spese impreviste; 2) non potersi permettere una settimana di vacanza all\u2019anno lontano da casa; 3) essere in arretrato nel pagamento di bollette, affitto, mutuo o altro tipo di prestito; 4) non potersi permettere un pasto adeguato almeno una volta ogni due giorni; 5) non poter riscaldare adeguatamente l\u2019abitazione; 6) non potersi permettere un\u2019automobile; 7) non poter sostituire mobili danneggiati o fuori uso con altri in buono stato. Segnali individuali: 8) non potersi permettere una connessione internet utilizzabile a casa; 9) non poter sostituire gli abiti consumati con capi di abbigliamento nuovi; 10) non potersi permettere due paia di scarpe in buone condizioni per tutti i giorni; 11) non potersi permettere di spendere quasi tutte le settimane una piccola somma di denaro per le proprie esigenze personali; 12) non potersi permettere di svolgere regolarmente attivit\u00e0 di svago fuori casa a pagamento; 13) non potersi permettere di incontrare familiari e\/o amici per bere o mangiare insieme almeno una volta al mese.<\/em><br \/>\n<em>Le persone che vivono in famiglie a intensit\u00e0 lavorativa molto bassa (indicatore Europa 2030) sono coloro che vivono in famiglie per le quali il rapporto fra il numero totale di mesi lavorati dai componenti della famiglia durante l\u2019anno di riferimento dei redditi (quello precedente all\u2019anno di rilevazione) e il numero totale di mesi teoricamente disponibili per attivit\u00e0 lavorative \u00e8 inferiore al 20%<\/em>.<\/p>\n<p>&nbsp;<\/p>\n<p>&nbsp;<\/p>\n<hr \/>\n<p>&nbsp;<\/p>\n<blockquote>\n<h3>AGORDO \u2013 DALLE DOLOMITI ALLA MODA E ALL\u2019ANIMAZIONE: LA FAMIGLIA FACCIOTTO FA SOGNARE<\/h3>\n<\/blockquote>\n<p><strong>AGORDO<\/strong> E&#8217; Corrado Cattadori (Chicco) che sulla pagina facebook Sei di Agordo se&#8230; pubblica la notizia di un giovane Agordino protagonista con il suo talento.<\/p>\n<p><img decoding=\"async\" src=\"https:\/\/www.radiopiu.net\/wordpress\/wp-content\/uploads\/2025\/04\/487945051_29443141405331745_6881726032196843026_n.jpg\" \/><\/p>\n<p><strong>Corrado Cattadori precisa:<\/strong><\/p>\n<p>&#8220;\u00c8 sempre bello vedere come gli Agordini sappiano farsi strada nel mondo, portando talento, creativit\u00e0 e passione ben oltre i confini del territorio. E la famiglia Facciotto ne \u00e8 un esempio brillante! Una grande soddisfazione per Gianni Facciotto, che oggi pu\u00f2 essere orgoglioso non solo dei suoi figli, ma anche della nuova generazione. Giuseppe, uno dei due figli, \u00e8 un disegnatore affermato\u2026 e non per una realt\u00e0 qualsiasi, ma per la <strong data-start=\"529\" data-end=\"544\">Walt Disney<\/strong>, simbolo mondiale dell\u2019animazione e dell\u2019immaginario creativo. E come se non bastasse, arriva ora il nipote Leonardo \u2013 figlio di Daniele \u2013 a conquistare le luci della ribalta: \u00e8 stato infatti scelto come <strong data-start=\"752\" data-end=\"778\">testimonial per Armani<\/strong>, una delle firme pi\u00f9 prestigiose della moda internazionale. Leonardo \u00e8 protagonista in una <strong data-start=\"873\" data-end=\"925\">cartellonistica gigante in Piazza Duomo a Milano<\/strong>, uno degli spazi pubblicitari pi\u00f9 iconici d\u2019Italia. Un\u2019immagine che lascia senza fiato: il giovane Facciotto, volto di eleganza e stile, rappresenta con orgoglio un nuovo capitolo di successo per questa famiglia agordina. Un traguardo che parla di talento, impegno e radici forti. Complimenti a tutta la famiglia Facciotto\u2026 e avanti cos\u00ec!&#8221;<\/p>\n<p>&nbsp;<\/p>\n<p>&nbsp;<\/p>\n<hr \/>\n<p>&nbsp;<\/p>\n<blockquote>\n<h3>DA ONDE VERS ONDE A CENCENIGHE<\/h3>\n<\/blockquote>\n<p><strong>DI MARINA DONA&#8217;<\/strong><\/p>\n<p><strong>CENCENIGHE<\/strong> La sala consigliare del comune di Cencenighe, nella serata del 4 aprile 2025, ha ospitato il professor Nicola Cassisi in veste di relatore della serata organizzata dal &#8220;Musla&#8221; (Movimento de Union e Sensibilisazion Linguistica del Agordin), e dall&#8217; Union Ladina Val Biois, con l&#8217;obiettivo di salvaguardare la lingua ladina, e di divulgarne tutti gli aspetti della sua preziosit\u00e0. &#8220;Da onde vers onde&#8221;, \u00e8 un chiaro messaggio che ci porta a riscoprire e a dare il giusto valore alle proprie origini, in questo caso linguistiche. Quello che volgarmente viene chiamato &#8220;dialetto&#8221;, \u00e8 pi\u00f9 corretto chiamarlo &#8220;lingua ladina&#8221;, pur con tutte le sue varianti nei vari paesi o vallate. Uno sguardo quindi al passato, per mantenere la propria identit\u00e0 andando verso un futuro portando avanti con orgoglio le proprie origini. La lingua ladina, che negli ultimi decenni ha rischiato di perdersi lasciando spazio alla lingua italiana, deve essere orgogliosamente rivalutata e valorizzata perch\u00e9 \u00e8 un patrimonio culturale. La vallata vive anche e soprattutto di turismo, e agli ospiti inoltre piace molto leggere locandine di eventi o altro in ladino, ed il turismo culturale sotto tutti i suoi aspetti, sta diventando sempre pi\u00f9 importante.<\/p>\n\n\t\t\t<style type='text\/css'>\n\t\t\t\t#gallery-2 {\n\t\t\t\t\tmargin: auto;\n\t\t\t\t}\n\t\t\t\t#gallery-2 .gallery-item {\n\t\t\t\t\tfloat: left;\n\t\t\t\t\tmargin-top: 10px;\n\t\t\t\t\ttext-align: center;\n\t\t\t\t\twidth: 33%;\n\t\t\t\t}\n\t\t\t\t#gallery-2 img {\n\t\t\t\t\tborder: 2px solid #cfcfcf;\n\t\t\t\t}\n\t\t\t\t#gallery-2 .gallery-caption {\n\t\t\t\t\tmargin-left: 0;\n\t\t\t\t}\n\t\t\t\t\/* see gallery_shortcode() in wp-includes\/media.php *\/\n\t\t\t<\/style>\n\t\t<div id='gallery-2' class='dt-gallery-container gallery galleryid-443418 gallery-columns-3 gallery-size-medium'><dl class='gallery-item'>\n\t\t\t\t<dt class='gallery-icon landscape'>\n\t\t\t\t\t<a class=\"rollover rollover-zoom dt-pswp-item\" title=\"85543329-fa30-4cee-887d-5c2f7271fb25\" data-dt-img-description=\"\" data-large_image_width=\"1600\" data-large_image_height=\"1200\"href='https:\/\/www.radiopiu.net\/wordpress\/wp-content\/uploads\/2025\/04\/85543329-fa30-4cee-887d-5c2f7271fb25.jpg'><img loading=\"lazy\" decoding=\"async\" width=\"300\" height=\"225\" src=\"https:\/\/www.radiopiu.net\/wordpress\/wp-content\/uploads\/2025\/04\/85543329-fa30-4cee-887d-5c2f7271fb25-300x225.jpg\" class=\"attachment-medium size-medium\" alt=\"\" srcset=\"https:\/\/www.radiopiu.net\/wordpress\/wp-content\/uploads\/2025\/04\/85543329-fa30-4cee-887d-5c2f7271fb25-300x225.jpg 300w, https:\/\/www.radiopiu.net\/wordpress\/wp-content\/uploads\/2025\/04\/85543329-fa30-4cee-887d-5c2f7271fb25-1024x768.jpg 1024w, https:\/\/www.radiopiu.net\/wordpress\/wp-content\/uploads\/2025\/04\/85543329-fa30-4cee-887d-5c2f7271fb25-768x576.jpg 768w, https:\/\/www.radiopiu.net\/wordpress\/wp-content\/uploads\/2025\/04\/85543329-fa30-4cee-887d-5c2f7271fb25-1536x1152.jpg 1536w, https:\/\/www.radiopiu.net\/wordpress\/wp-content\/uploads\/2025\/04\/85543329-fa30-4cee-887d-5c2f7271fb25.jpg 1600w\" sizes=\"auto, (max-width: 300px) 100vw, 300px\" \/><\/a>\n\t\t\t\t<\/dt><\/dl><dl class='gallery-item'>\n\t\t\t\t<dt class='gallery-icon landscape'>\n\t\t\t\t\t<a class=\"rollover rollover-zoom dt-pswp-item\" title=\"008d435c-1ce5-4657-bdc8-d093ce0c534e\" data-dt-img-description=\"\" data-large_image_width=\"1296\" data-large_image_height=\"972\"href='https:\/\/www.radiopiu.net\/wordpress\/wp-content\/uploads\/2025\/04\/008d435c-1ce5-4657-bdc8-d093ce0c534e.jpg'><img loading=\"lazy\" decoding=\"async\" width=\"300\" height=\"225\" src=\"https:\/\/www.radiopiu.net\/wordpress\/wp-content\/uploads\/2025\/04\/008d435c-1ce5-4657-bdc8-d093ce0c534e-300x225.jpg\" class=\"attachment-medium size-medium\" alt=\"\" srcset=\"https:\/\/www.radiopiu.net\/wordpress\/wp-content\/uploads\/2025\/04\/008d435c-1ce5-4657-bdc8-d093ce0c534e-300x225.jpg 300w, https:\/\/www.radiopiu.net\/wordpress\/wp-content\/uploads\/2025\/04\/008d435c-1ce5-4657-bdc8-d093ce0c534e-1024x768.jpg 1024w, https:\/\/www.radiopiu.net\/wordpress\/wp-content\/uploads\/2025\/04\/008d435c-1ce5-4657-bdc8-d093ce0c534e-768x576.jpg 768w, https:\/\/www.radiopiu.net\/wordpress\/wp-content\/uploads\/2025\/04\/008d435c-1ce5-4657-bdc8-d093ce0c534e.jpg 1296w\" sizes=\"auto, (max-width: 300px) 100vw, 300px\" \/><\/a>\n\t\t\t\t<\/dt><\/dl><dl class='gallery-item'>\n\t\t\t\t<dt class='gallery-icon landscape'>\n\t\t\t\t\t<a class=\"rollover rollover-zoom dt-pswp-item\" title=\"ce57fe96-5bcc-461d-92b8-c1d4f34d8eff\" data-dt-img-description=\"\" data-large_image_width=\"1600\" data-large_image_height=\"1200\"href='https:\/\/www.radiopiu.net\/wordpress\/wp-content\/uploads\/2025\/04\/ce57fe96-5bcc-461d-92b8-c1d4f34d8eff.jpg'><img loading=\"lazy\" decoding=\"async\" width=\"300\" height=\"225\" src=\"https:\/\/www.radiopiu.net\/wordpress\/wp-content\/uploads\/2025\/04\/ce57fe96-5bcc-461d-92b8-c1d4f34d8eff-300x225.jpg\" class=\"attachment-medium size-medium\" alt=\"\" srcset=\"https:\/\/www.radiopiu.net\/wordpress\/wp-content\/uploads\/2025\/04\/ce57fe96-5bcc-461d-92b8-c1d4f34d8eff-300x225.jpg 300w, https:\/\/www.radiopiu.net\/wordpress\/wp-content\/uploads\/2025\/04\/ce57fe96-5bcc-461d-92b8-c1d4f34d8eff-1024x768.jpg 1024w, https:\/\/www.radiopiu.net\/wordpress\/wp-content\/uploads\/2025\/04\/ce57fe96-5bcc-461d-92b8-c1d4f34d8eff-768x576.jpg 768w, https:\/\/www.radiopiu.net\/wordpress\/wp-content\/uploads\/2025\/04\/ce57fe96-5bcc-461d-92b8-c1d4f34d8eff-1536x1152.jpg 1536w, https:\/\/www.radiopiu.net\/wordpress\/wp-content\/uploads\/2025\/04\/ce57fe96-5bcc-461d-92b8-c1d4f34d8eff.jpg 1600w\" sizes=\"auto, (max-width: 300px) 100vw, 300px\" \/><\/a>\n\t\t\t\t<\/dt><\/dl><br style=\"clear: both\" \/><dl class='gallery-item'>\n\t\t\t\t<dt class='gallery-icon landscape'>\n\t\t\t\t\t<a class=\"rollover rollover-zoom dt-pswp-item\" title=\"a6c6c070-a8b1-4b2c-bc68-1e19ababf38a\" data-dt-img-description=\"\" data-large_image_width=\"1600\" data-large_image_height=\"1200\"href='https:\/\/www.radiopiu.net\/wordpress\/wp-content\/uploads\/2025\/04\/a6c6c070-a8b1-4b2c-bc68-1e19ababf38a.jpg'><img loading=\"lazy\" decoding=\"async\" width=\"300\" height=\"225\" src=\"https:\/\/www.radiopiu.net\/wordpress\/wp-content\/uploads\/2025\/04\/a6c6c070-a8b1-4b2c-bc68-1e19ababf38a-300x225.jpg\" class=\"attachment-medium size-medium\" alt=\"\" srcset=\"https:\/\/www.radiopiu.net\/wordpress\/wp-content\/uploads\/2025\/04\/a6c6c070-a8b1-4b2c-bc68-1e19ababf38a-300x225.jpg 300w, https:\/\/www.radiopiu.net\/wordpress\/wp-content\/uploads\/2025\/04\/a6c6c070-a8b1-4b2c-bc68-1e19ababf38a-1024x768.jpg 1024w, https:\/\/www.radiopiu.net\/wordpress\/wp-content\/uploads\/2025\/04\/a6c6c070-a8b1-4b2c-bc68-1e19ababf38a-768x576.jpg 768w, https:\/\/www.radiopiu.net\/wordpress\/wp-content\/uploads\/2025\/04\/a6c6c070-a8b1-4b2c-bc68-1e19ababf38a-1536x1152.jpg 1536w, https:\/\/www.radiopiu.net\/wordpress\/wp-content\/uploads\/2025\/04\/a6c6c070-a8b1-4b2c-bc68-1e19ababf38a.jpg 1600w\" sizes=\"auto, (max-width: 300px) 100vw, 300px\" \/><\/a>\n\t\t\t\t<\/dt><\/dl><dl class='gallery-item'>\n\t\t\t\t<dt class='gallery-icon landscape'>\n\t\t\t\t\t<a class=\"rollover rollover-zoom dt-pswp-item\" title=\"cef5128e-6237-4e46-874e-ba990901db02\" data-dt-img-description=\"\" data-large_image_width=\"2000\" data-large_image_height=\"1500\"href='https:\/\/www.radiopiu.net\/wordpress\/wp-content\/uploads\/2025\/04\/cef5128e-6237-4e46-874e-ba990901db02.jpg'><img loading=\"lazy\" decoding=\"async\" width=\"300\" height=\"225\" src=\"https:\/\/www.radiopiu.net\/wordpress\/wp-content\/uploads\/2025\/04\/cef5128e-6237-4e46-874e-ba990901db02-300x225.jpg\" class=\"attachment-medium size-medium\" alt=\"\" srcset=\"https:\/\/www.radiopiu.net\/wordpress\/wp-content\/uploads\/2025\/04\/cef5128e-6237-4e46-874e-ba990901db02-300x225.jpg 300w, https:\/\/www.radiopiu.net\/wordpress\/wp-content\/uploads\/2025\/04\/cef5128e-6237-4e46-874e-ba990901db02-1024x768.jpg 1024w, https:\/\/www.radiopiu.net\/wordpress\/wp-content\/uploads\/2025\/04\/cef5128e-6237-4e46-874e-ba990901db02-768x576.jpg 768w, https:\/\/www.radiopiu.net\/wordpress\/wp-content\/uploads\/2025\/04\/cef5128e-6237-4e46-874e-ba990901db02-1536x1152.jpg 1536w, https:\/\/www.radiopiu.net\/wordpress\/wp-content\/uploads\/2025\/04\/cef5128e-6237-4e46-874e-ba990901db02.jpg 2000w\" sizes=\"auto, (max-width: 300px) 100vw, 300px\" \/><\/a>\n\t\t\t\t<\/dt><\/dl><dl class='gallery-item'>\n\t\t\t\t<dt class='gallery-icon landscape'>\n\t\t\t\t\t<a class=\"rollover rollover-zoom dt-pswp-item\" title=\"9ea8c0bf-b9db-4925-8b41-4e45812c0d99\" data-dt-img-description=\"\" data-large_image_width=\"1224\" data-large_image_height=\"700\"href='https:\/\/www.radiopiu.net\/wordpress\/wp-content\/uploads\/2025\/04\/9ea8c0bf-b9db-4925-8b41-4e45812c0d99.jpg'><img loading=\"lazy\" decoding=\"async\" width=\"300\" height=\"172\" src=\"https:\/\/www.radiopiu.net\/wordpress\/wp-content\/uploads\/2025\/04\/9ea8c0bf-b9db-4925-8b41-4e45812c0d99-300x172.jpg\" class=\"attachment-medium size-medium\" alt=\"\" srcset=\"https:\/\/www.radiopiu.net\/wordpress\/wp-content\/uploads\/2025\/04\/9ea8c0bf-b9db-4925-8b41-4e45812c0d99-300x172.jpg 300w, https:\/\/www.radiopiu.net\/wordpress\/wp-content\/uploads\/2025\/04\/9ea8c0bf-b9db-4925-8b41-4e45812c0d99-1024x586.jpg 1024w, https:\/\/www.radiopiu.net\/wordpress\/wp-content\/uploads\/2025\/04\/9ea8c0bf-b9db-4925-8b41-4e45812c0d99-768x439.jpg 768w, https:\/\/www.radiopiu.net\/wordpress\/wp-content\/uploads\/2025\/04\/9ea8c0bf-b9db-4925-8b41-4e45812c0d99.jpg 1224w\" sizes=\"auto, (max-width: 300px) 100vw, 300px\" \/><\/a>\n\t\t\t\t<\/dt><\/dl><br style=\"clear: both\" \/>\n\t\t\t<\/div>\n\n<p>&nbsp;<\/p>\n<p><iframe loading=\"lazy\" title=\"DA ONDE VERS ONDE   CENCENIGHE 04 APRILE 2025\" width=\"1200\" height=\"675\" src=\"https:\/\/www.youtube.com\/embed\/7Q1TL4KptjQ?feature=oembed\" frameborder=\"0\" allow=\"accelerometer; autoplay; clipboard-write; encrypted-media; gyroscope; picture-in-picture; web-share\" referrerpolicy=\"strict-origin-when-cross-origin\" allowfullscreen><\/iframe><\/p>\n<p>&nbsp;<\/p>\n<hr \/>\n<p>&nbsp;<\/p>\n<blockquote>\n<h3>L&#8217;OTTAVA EDIZIONE DEL GRON TROPHY A SOSPIROLO<\/h3>\n<\/blockquote>\n<p><strong>DI MARINA DONA&#8217;<\/strong><\/p>\n<p><strong>SOSPIROLO <\/strong>Sono stati 38 i concorrenti, provenienti non solo dal Bellunese ma anche dal resto del Veneto, Trentino-Alto Adige e Friuli Venezia Giulia, a partecipare alla Gron Trophy 2025, giunta all\u20198\u00aa edizione, organizzata dal &#8220;Principato Roe Basse&#8221; e dal &#8220;Team Fast Drink&#8221;. Grande soddisfazione da parte degli organizzatori, sia per l\u2019elevata partecipazione di concorrenti e pubblico, sia per le condizioni meteo favorevoli, che hanno finalmente permesso lo svolgimento della manifestazione dopo due anni consecutivi di annullamenti a causa del maltempo. Non sono mancati momenti di spettacolarit\u00e0 ed emozione durante la gara, rendendo questa domenica di inizio aprile particolarmente coinvolgente e attrattiva.<\/p>\n<p><span style=\"color: #ff0000;\">CLASSIFICHE<\/span><\/p>\n<div class=\"articlePlainText\"><strong>Categoria A1 :<\/strong> Andrea De Toni (Amici di Thierry) ritirato.<\/div>\n<div class=\"articlePlainText\"><strong>Categoria A2:\u00a0<\/strong>1. Luca Ciet (Amici di Thierry) 4.24.16; 2. Mattia Selle (Amici di Thierry) 4.41.12; 3. Luca Moscon (Dexter racing) 4.45.30; 4. Cristian Moretti (Listolade corse) 4.48.72; 5. Manolo Zuccolotto (Zuccol8 racing team) 4.48.78; 6. Simone Cinus (Team Fast Drink) 4.55.47; 7. Dennis Benvegn\u00f9 4.55.94; 8. Thomas Borga (Zuccol8 racing team) 5.08.50; 9. Mathias Soppelsa (Amici di Thierry) 5.21.15; 10. Marco Fiabane (Team Fast Drink) 5.22.11; 11. Leonardo Piaia 5.23.12; 12. Joi De Nadai 5.36.73.<\/div>\n<div class=\"articlePlainText\"><strong>Categoria C:\u00a0<\/strong>1. Devid Dall&#8217;Omo (Red furious) 5.43.88; 2. Loris Nart (Tnt Corse) 5.56.90; 3. Mattia Fiabane (Fast Drink) 6.08.77; 4. David Scattolin (Fast Drink) 6.17.03; 5. Eric Casagrande 6.23.50; 6. Oscar Dal Pont (Fast Drink) 6.28.99; 7. Davide Fiabane (Fast Drink) 6.29.01; 8. Nicolas Fratta 6.38.51; 9. Nicola Dal Farra 6.57.49; 10. Giacomo Pilotti (Tnt Corse) 7.02.59; 11. Christian Fregona (Fast Drink) 7.09.26; 12. Alberto Cecchin (L&#8217;Impronta) 7.58.43; 13. Biagio Pilotti (Tnt) 8.04.73.\u00a0\u2014<\/div>\n<p>&nbsp;<\/p>\n<p><iframe loading=\"lazy\" title=\"GRON TROPHY 2025 A SOSPIROLO\" width=\"1200\" height=\"675\" src=\"https:\/\/www.youtube.com\/embed\/6zbOA9FbVrc?feature=oembed\" frameborder=\"0\" allow=\"accelerometer; autoplay; clipboard-write; encrypted-media; gyroscope; picture-in-picture; web-share\" referrerpolicy=\"strict-origin-when-cross-origin\" allowfullscreen><\/iframe><\/p>\n<p>&nbsp;<\/p>\n\n\t\t\t<style type='text\/css'>\n\t\t\t\t#gallery-3 {\n\t\t\t\t\tmargin: auto;\n\t\t\t\t}\n\t\t\t\t#gallery-3 .gallery-item {\n\t\t\t\t\tfloat: left;\n\t\t\t\t\tmargin-top: 10px;\n\t\t\t\t\ttext-align: center;\n\t\t\t\t\twidth: 25%;\n\t\t\t\t}\n\t\t\t\t#gallery-3 img {\n\t\t\t\t\tborder: 2px solid #cfcfcf;\n\t\t\t\t}\n\t\t\t\t#gallery-3 .gallery-caption {\n\t\t\t\t\tmargin-left: 0;\n\t\t\t\t}\n\t\t\t\t\/* see gallery_shortcode() in wp-includes\/media.php *\/\n\t\t\t<\/style>\n\t\t<div id='gallery-3' class='dt-gallery-container gallery galleryid-443418 gallery-columns-4 gallery-size-medium'><dl class='gallery-item'>\n\t\t\t\t<dt class='gallery-icon landscape'>\n\t\t\t\t\t<a class=\"rollover rollover-zoom dt-pswp-item\" title=\"bbcbf338-4151-4fd9-9463-37511002b5e0\" data-dt-img-description=\"\" data-large_image_width=\"2048\" data-large_image_height=\"1536\"href='https:\/\/www.radiopiu.net\/wordpress\/wp-content\/uploads\/2025\/04\/bbcbf338-4151-4fd9-9463-37511002b5e0.jpg'><img loading=\"lazy\" decoding=\"async\" width=\"300\" height=\"225\" src=\"https:\/\/www.radiopiu.net\/wordpress\/wp-content\/uploads\/2025\/04\/bbcbf338-4151-4fd9-9463-37511002b5e0-300x225.jpg\" class=\"attachment-medium size-medium\" alt=\"\" srcset=\"https:\/\/www.radiopiu.net\/wordpress\/wp-content\/uploads\/2025\/04\/bbcbf338-4151-4fd9-9463-37511002b5e0-300x225.jpg 300w, https:\/\/www.radiopiu.net\/wordpress\/wp-content\/uploads\/2025\/04\/bbcbf338-4151-4fd9-9463-37511002b5e0-1024x768.jpg 1024w, https:\/\/www.radiopiu.net\/wordpress\/wp-content\/uploads\/2025\/04\/bbcbf338-4151-4fd9-9463-37511002b5e0-768x576.jpg 768w, https:\/\/www.radiopiu.net\/wordpress\/wp-content\/uploads\/2025\/04\/bbcbf338-4151-4fd9-9463-37511002b5e0-1536x1152.jpg 1536w, https:\/\/www.radiopiu.net\/wordpress\/wp-content\/uploads\/2025\/04\/bbcbf338-4151-4fd9-9463-37511002b5e0.jpg 2048w\" sizes=\"auto, (max-width: 300px) 100vw, 300px\" \/><\/a>\n\t\t\t\t<\/dt><\/dl><dl class='gallery-item'>\n\t\t\t\t<dt class='gallery-icon landscape'>\n\t\t\t\t\t<a class=\"rollover rollover-zoom dt-pswp-item\" title=\"113c984a-7c84-402f-8c82-5425bb04e396\" data-dt-img-description=\"\" data-large_image_width=\"2000\" data-large_image_height=\"1500\"href='https:\/\/www.radiopiu.net\/wordpress\/wp-content\/uploads\/2025\/04\/113c984a-7c84-402f-8c82-5425bb04e396.jpg'><img loading=\"lazy\" decoding=\"async\" width=\"300\" height=\"225\" src=\"https:\/\/www.radiopiu.net\/wordpress\/wp-content\/uploads\/2025\/04\/113c984a-7c84-402f-8c82-5425bb04e396-300x225.jpg\" class=\"attachment-medium size-medium\" alt=\"\" srcset=\"https:\/\/www.radiopiu.net\/wordpress\/wp-content\/uploads\/2025\/04\/113c984a-7c84-402f-8c82-5425bb04e396-300x225.jpg 300w, https:\/\/www.radiopiu.net\/wordpress\/wp-content\/uploads\/2025\/04\/113c984a-7c84-402f-8c82-5425bb04e396-1024x768.jpg 1024w, https:\/\/www.radiopiu.net\/wordpress\/wp-content\/uploads\/2025\/04\/113c984a-7c84-402f-8c82-5425bb04e396-768x576.jpg 768w, https:\/\/www.radiopiu.net\/wordpress\/wp-content\/uploads\/2025\/04\/113c984a-7c84-402f-8c82-5425bb04e396-1536x1152.jpg 1536w, https:\/\/www.radiopiu.net\/wordpress\/wp-content\/uploads\/2025\/04\/113c984a-7c84-402f-8c82-5425bb04e396.jpg 2000w\" sizes=\"auto, (max-width: 300px) 100vw, 300px\" \/><\/a>\n\t\t\t\t<\/dt><\/dl><dl class='gallery-item'>\n\t\t\t\t<dt class='gallery-icon landscape'>\n\t\t\t\t\t<a class=\"rollover rollover-zoom dt-pswp-item\" title=\"1b946544-df17-4e4c-b664-715f4df00fa8\" data-dt-img-description=\"\" data-large_image_width=\"2000\" data-large_image_height=\"1500\"href='https:\/\/www.radiopiu.net\/wordpress\/wp-content\/uploads\/2025\/04\/1b946544-df17-4e4c-b664-715f4df00fa8.jpg'><img loading=\"lazy\" decoding=\"async\" width=\"300\" height=\"225\" src=\"https:\/\/www.radiopiu.net\/wordpress\/wp-content\/uploads\/2025\/04\/1b946544-df17-4e4c-b664-715f4df00fa8-300x225.jpg\" class=\"attachment-medium size-medium\" alt=\"\" srcset=\"https:\/\/www.radiopiu.net\/wordpress\/wp-content\/uploads\/2025\/04\/1b946544-df17-4e4c-b664-715f4df00fa8-300x225.jpg 300w, https:\/\/www.radiopiu.net\/wordpress\/wp-content\/uploads\/2025\/04\/1b946544-df17-4e4c-b664-715f4df00fa8-1024x768.jpg 1024w, https:\/\/www.radiopiu.net\/wordpress\/wp-content\/uploads\/2025\/04\/1b946544-df17-4e4c-b664-715f4df00fa8-768x576.jpg 768w, https:\/\/www.radiopiu.net\/wordpress\/wp-content\/uploads\/2025\/04\/1b946544-df17-4e4c-b664-715f4df00fa8-1536x1152.jpg 1536w, https:\/\/www.radiopiu.net\/wordpress\/wp-content\/uploads\/2025\/04\/1b946544-df17-4e4c-b664-715f4df00fa8.jpg 2000w\" sizes=\"auto, (max-width: 300px) 100vw, 300px\" \/><\/a>\n\t\t\t\t<\/dt><\/dl><dl class='gallery-item'>\n\t\t\t\t<dt class='gallery-icon landscape'>\n\t\t\t\t\t<a class=\"rollover rollover-zoom dt-pswp-item\" title=\"e3c86780-c1be-4138-bd7e-ae3339add578\" data-dt-img-description=\"\" data-large_image_width=\"2000\" data-large_image_height=\"1500\"href='https:\/\/www.radiopiu.net\/wordpress\/wp-content\/uploads\/2025\/04\/e3c86780-c1be-4138-bd7e-ae3339add578.jpg'><img loading=\"lazy\" decoding=\"async\" width=\"300\" height=\"225\" src=\"https:\/\/www.radiopiu.net\/wordpress\/wp-content\/uploads\/2025\/04\/e3c86780-c1be-4138-bd7e-ae3339add578-300x225.jpg\" class=\"attachment-medium size-medium\" alt=\"\" srcset=\"https:\/\/www.radiopiu.net\/wordpress\/wp-content\/uploads\/2025\/04\/e3c86780-c1be-4138-bd7e-ae3339add578-300x225.jpg 300w, https:\/\/www.radiopiu.net\/wordpress\/wp-content\/uploads\/2025\/04\/e3c86780-c1be-4138-bd7e-ae3339add578-1024x768.jpg 1024w, https:\/\/www.radiopiu.net\/wordpress\/wp-content\/uploads\/2025\/04\/e3c86780-c1be-4138-bd7e-ae3339add578-768x576.jpg 768w, https:\/\/www.radiopiu.net\/wordpress\/wp-content\/uploads\/2025\/04\/e3c86780-c1be-4138-bd7e-ae3339add578-1536x1152.jpg 1536w, https:\/\/www.radiopiu.net\/wordpress\/wp-content\/uploads\/2025\/04\/e3c86780-c1be-4138-bd7e-ae3339add578.jpg 2000w\" sizes=\"auto, (max-width: 300px) 100vw, 300px\" \/><\/a>\n\t\t\t\t<\/dt><\/dl><br style=\"clear: both\" \/><dl class='gallery-item'>\n\t\t\t\t<dt class='gallery-icon landscape'>\n\t\t\t\t\t<a class=\"rollover rollover-zoom dt-pswp-item\" title=\"cbd94dee-6f08-45b4-aed2-3c6ecc014c64\" data-dt-img-description=\"\" data-large_image_width=\"2000\" data-large_image_height=\"1500\"href='https:\/\/www.radiopiu.net\/wordpress\/wp-content\/uploads\/2025\/04\/cbd94dee-6f08-45b4-aed2-3c6ecc014c64.jpg'><img loading=\"lazy\" decoding=\"async\" width=\"300\" height=\"225\" src=\"https:\/\/www.radiopiu.net\/wordpress\/wp-content\/uploads\/2025\/04\/cbd94dee-6f08-45b4-aed2-3c6ecc014c64-300x225.jpg\" class=\"attachment-medium size-medium\" alt=\"\" srcset=\"https:\/\/www.radiopiu.net\/wordpress\/wp-content\/uploads\/2025\/04\/cbd94dee-6f08-45b4-aed2-3c6ecc014c64-300x225.jpg 300w, https:\/\/www.radiopiu.net\/wordpress\/wp-content\/uploads\/2025\/04\/cbd94dee-6f08-45b4-aed2-3c6ecc014c64-1024x768.jpg 1024w, https:\/\/www.radiopiu.net\/wordpress\/wp-content\/uploads\/2025\/04\/cbd94dee-6f08-45b4-aed2-3c6ecc014c64-768x576.jpg 768w, https:\/\/www.radiopiu.net\/wordpress\/wp-content\/uploads\/2025\/04\/cbd94dee-6f08-45b4-aed2-3c6ecc014c64-1536x1152.jpg 1536w, https:\/\/www.radiopiu.net\/wordpress\/wp-content\/uploads\/2025\/04\/cbd94dee-6f08-45b4-aed2-3c6ecc014c64.jpg 2000w\" sizes=\"auto, (max-width: 300px) 100vw, 300px\" \/><\/a>\n\t\t\t\t<\/dt><\/dl><dl class='gallery-item'>\n\t\t\t\t<dt class='gallery-icon landscape'>\n\t\t\t\t\t<a class=\"rollover rollover-zoom dt-pswp-item\" title=\"05922331-ace9-4c44-807e-44cf8c87f105\" data-dt-img-description=\"\" data-large_image_width=\"2000\" data-large_image_height=\"1500\"href='https:\/\/www.radiopiu.net\/wordpress\/wp-content\/uploads\/2025\/04\/05922331-ace9-4c44-807e-44cf8c87f105.jpg'><img loading=\"lazy\" decoding=\"async\" width=\"300\" height=\"225\" src=\"https:\/\/www.radiopiu.net\/wordpress\/wp-content\/uploads\/2025\/04\/05922331-ace9-4c44-807e-44cf8c87f105-300x225.jpg\" class=\"attachment-medium size-medium\" alt=\"\" srcset=\"https:\/\/www.radiopiu.net\/wordpress\/wp-content\/uploads\/2025\/04\/05922331-ace9-4c44-807e-44cf8c87f105-300x225.jpg 300w, https:\/\/www.radiopiu.net\/wordpress\/wp-content\/uploads\/2025\/04\/05922331-ace9-4c44-807e-44cf8c87f105-1024x768.jpg 1024w, https:\/\/www.radiopiu.net\/wordpress\/wp-content\/uploads\/2025\/04\/05922331-ace9-4c44-807e-44cf8c87f105-768x576.jpg 768w, https:\/\/www.radiopiu.net\/wordpress\/wp-content\/uploads\/2025\/04\/05922331-ace9-4c44-807e-44cf8c87f105-1536x1152.jpg 1536w, https:\/\/www.radiopiu.net\/wordpress\/wp-content\/uploads\/2025\/04\/05922331-ace9-4c44-807e-44cf8c87f105.jpg 2000w\" sizes=\"auto, (max-width: 300px) 100vw, 300px\" \/><\/a>\n\t\t\t\t<\/dt><\/dl><dl class='gallery-item'>\n\t\t\t\t<dt class='gallery-icon landscape'>\n\t\t\t\t\t<a class=\"rollover rollover-zoom dt-pswp-item\" title=\"f38a2a65-8e4a-48f1-97e0-740c262c8dcd\" data-dt-img-description=\"\" data-large_image_width=\"2000\" data-large_image_height=\"1500\"href='https:\/\/www.radiopiu.net\/wordpress\/wp-content\/uploads\/2025\/04\/f38a2a65-8e4a-48f1-97e0-740c262c8dcd.jpg'><img loading=\"lazy\" decoding=\"async\" width=\"300\" height=\"225\" src=\"https:\/\/www.radiopiu.net\/wordpress\/wp-content\/uploads\/2025\/04\/f38a2a65-8e4a-48f1-97e0-740c262c8dcd-300x225.jpg\" class=\"attachment-medium size-medium\" alt=\"\" srcset=\"https:\/\/www.radiopiu.net\/wordpress\/wp-content\/uploads\/2025\/04\/f38a2a65-8e4a-48f1-97e0-740c262c8dcd-300x225.jpg 300w, https:\/\/www.radiopiu.net\/wordpress\/wp-content\/uploads\/2025\/04\/f38a2a65-8e4a-48f1-97e0-740c262c8dcd-1024x768.jpg 1024w, https:\/\/www.radiopiu.net\/wordpress\/wp-content\/uploads\/2025\/04\/f38a2a65-8e4a-48f1-97e0-740c262c8dcd-768x576.jpg 768w, https:\/\/www.radiopiu.net\/wordpress\/wp-content\/uploads\/2025\/04\/f38a2a65-8e4a-48f1-97e0-740c262c8dcd-1536x1152.jpg 1536w, https:\/\/www.radiopiu.net\/wordpress\/wp-content\/uploads\/2025\/04\/f38a2a65-8e4a-48f1-97e0-740c262c8dcd.jpg 2000w\" sizes=\"auto, (max-width: 300px) 100vw, 300px\" \/><\/a>\n\t\t\t\t<\/dt><\/dl><dl class='gallery-item'>\n\t\t\t\t<dt class='gallery-icon landscape'>\n\t\t\t\t\t<a class=\"rollover rollover-zoom dt-pswp-item\" title=\"4e9b4ecc-5e36-4351-820a-d43f7b8d0635\" data-dt-img-description=\"\" data-large_image_width=\"2000\" data-large_image_height=\"1500\"href='https:\/\/www.radiopiu.net\/wordpress\/wp-content\/uploads\/2025\/04\/4e9b4ecc-5e36-4351-820a-d43f7b8d0635.jpg'><img loading=\"lazy\" decoding=\"async\" width=\"300\" height=\"225\" src=\"https:\/\/www.radiopiu.net\/wordpress\/wp-content\/uploads\/2025\/04\/4e9b4ecc-5e36-4351-820a-d43f7b8d0635-300x225.jpg\" class=\"attachment-medium size-medium\" alt=\"\" srcset=\"https:\/\/www.radiopiu.net\/wordpress\/wp-content\/uploads\/2025\/04\/4e9b4ecc-5e36-4351-820a-d43f7b8d0635-300x225.jpg 300w, https:\/\/www.radiopiu.net\/wordpress\/wp-content\/uploads\/2025\/04\/4e9b4ecc-5e36-4351-820a-d43f7b8d0635-1024x768.jpg 1024w, https:\/\/www.radiopiu.net\/wordpress\/wp-content\/uploads\/2025\/04\/4e9b4ecc-5e36-4351-820a-d43f7b8d0635-768x576.jpg 768w, https:\/\/www.radiopiu.net\/wordpress\/wp-content\/uploads\/2025\/04\/4e9b4ecc-5e36-4351-820a-d43f7b8d0635-1536x1152.jpg 1536w, https:\/\/www.radiopiu.net\/wordpress\/wp-content\/uploads\/2025\/04\/4e9b4ecc-5e36-4351-820a-d43f7b8d0635.jpg 2000w\" sizes=\"auto, (max-width: 300px) 100vw, 300px\" \/><\/a>\n\t\t\t\t<\/dt><\/dl><br style=\"clear: both\" \/><dl class='gallery-item'>\n\t\t\t\t<dt class='gallery-icon landscape'>\n\t\t\t\t\t<a class=\"rollover rollover-zoom dt-pswp-item\" title=\"d260bd63-9231-4c79-9a84-962414617a1b\" data-dt-img-description=\"\" data-large_image_width=\"2048\" data-large_image_height=\"1536\"href='https:\/\/www.radiopiu.net\/wordpress\/wp-content\/uploads\/2025\/04\/d260bd63-9231-4c79-9a84-962414617a1b.jpg'><img loading=\"lazy\" decoding=\"async\" width=\"300\" height=\"225\" src=\"https:\/\/www.radiopiu.net\/wordpress\/wp-content\/uploads\/2025\/04\/d260bd63-9231-4c79-9a84-962414617a1b-300x225.jpg\" class=\"attachment-medium size-medium\" alt=\"\" srcset=\"https:\/\/www.radiopiu.net\/wordpress\/wp-content\/uploads\/2025\/04\/d260bd63-9231-4c79-9a84-962414617a1b-300x225.jpg 300w, https:\/\/www.radiopiu.net\/wordpress\/wp-content\/uploads\/2025\/04\/d260bd63-9231-4c79-9a84-962414617a1b-1024x768.jpg 1024w, https:\/\/www.radiopiu.net\/wordpress\/wp-content\/uploads\/2025\/04\/d260bd63-9231-4c79-9a84-962414617a1b-768x576.jpg 768w, https:\/\/www.radiopiu.net\/wordpress\/wp-content\/uploads\/2025\/04\/d260bd63-9231-4c79-9a84-962414617a1b-1536x1152.jpg 1536w, https:\/\/www.radiopiu.net\/wordpress\/wp-content\/uploads\/2025\/04\/d260bd63-9231-4c79-9a84-962414617a1b.jpg 2048w\" sizes=\"auto, (max-width: 300px) 100vw, 300px\" \/><\/a>\n\t\t\t\t<\/dt><\/dl><dl class='gallery-item'>\n\t\t\t\t<dt class='gallery-icon landscape'>\n\t\t\t\t\t<a class=\"rollover rollover-zoom dt-pswp-item\" title=\"5cd41d4f-e0e8-4186-96ea-0a426e9c752f\" data-dt-img-description=\"\" data-large_image_width=\"2000\" data-large_image_height=\"1500\"href='https:\/\/www.radiopiu.net\/wordpress\/wp-content\/uploads\/2025\/04\/5cd41d4f-e0e8-4186-96ea-0a426e9c752f.jpg'><img loading=\"lazy\" decoding=\"async\" width=\"300\" height=\"225\" src=\"https:\/\/www.radiopiu.net\/wordpress\/wp-content\/uploads\/2025\/04\/5cd41d4f-e0e8-4186-96ea-0a426e9c752f-300x225.jpg\" class=\"attachment-medium size-medium\" alt=\"\" srcset=\"https:\/\/www.radiopiu.net\/wordpress\/wp-content\/uploads\/2025\/04\/5cd41d4f-e0e8-4186-96ea-0a426e9c752f-300x225.jpg 300w, https:\/\/www.radiopiu.net\/wordpress\/wp-content\/uploads\/2025\/04\/5cd41d4f-e0e8-4186-96ea-0a426e9c752f-1024x768.jpg 1024w, https:\/\/www.radiopiu.net\/wordpress\/wp-content\/uploads\/2025\/04\/5cd41d4f-e0e8-4186-96ea-0a426e9c752f-768x576.jpg 768w, https:\/\/www.radiopiu.net\/wordpress\/wp-content\/uploads\/2025\/04\/5cd41d4f-e0e8-4186-96ea-0a426e9c752f-1536x1152.jpg 1536w, https:\/\/www.radiopiu.net\/wordpress\/wp-content\/uploads\/2025\/04\/5cd41d4f-e0e8-4186-96ea-0a426e9c752f.jpg 2000w\" sizes=\"auto, (max-width: 300px) 100vw, 300px\" \/><\/a>\n\t\t\t\t<\/dt><\/dl><dl class='gallery-item'>\n\t\t\t\t<dt class='gallery-icon landscape'>\n\t\t\t\t\t<a class=\"rollover rollover-zoom dt-pswp-item\" title=\"fadb7655-4ed6-4caf-9793-1f2a9108830b\" data-dt-img-description=\"\" data-large_image_width=\"2000\" data-large_image_height=\"1500\"href='https:\/\/www.radiopiu.net\/wordpress\/wp-content\/uploads\/2025\/04\/fadb7655-4ed6-4caf-9793-1f2a9108830b.jpg'><img loading=\"lazy\" decoding=\"async\" width=\"300\" height=\"225\" src=\"https:\/\/www.radiopiu.net\/wordpress\/wp-content\/uploads\/2025\/04\/fadb7655-4ed6-4caf-9793-1f2a9108830b-300x225.jpg\" class=\"attachment-medium size-medium\" alt=\"\" srcset=\"https:\/\/www.radiopiu.net\/wordpress\/wp-content\/uploads\/2025\/04\/fadb7655-4ed6-4caf-9793-1f2a9108830b-300x225.jpg 300w, https:\/\/www.radiopiu.net\/wordpress\/wp-content\/uploads\/2025\/04\/fadb7655-4ed6-4caf-9793-1f2a9108830b-1024x768.jpg 1024w, https:\/\/www.radiopiu.net\/wordpress\/wp-content\/uploads\/2025\/04\/fadb7655-4ed6-4caf-9793-1f2a9108830b-768x576.jpg 768w, https:\/\/www.radiopiu.net\/wordpress\/wp-content\/uploads\/2025\/04\/fadb7655-4ed6-4caf-9793-1f2a9108830b-1536x1152.jpg 1536w, https:\/\/www.radiopiu.net\/wordpress\/wp-content\/uploads\/2025\/04\/fadb7655-4ed6-4caf-9793-1f2a9108830b.jpg 2000w\" sizes=\"auto, (max-width: 300px) 100vw, 300px\" \/><\/a>\n\t\t\t\t<\/dt><\/dl><dl class='gallery-item'>\n\t\t\t\t<dt class='gallery-icon landscape'>\n\t\t\t\t\t<a class=\"rollover rollover-zoom dt-pswp-item\" title=\"02678447-cad0-41f8-afde-8e5330dec1d1\" data-dt-img-description=\"\" data-large_image_width=\"2000\" data-large_image_height=\"1500\"href='https:\/\/www.radiopiu.net\/wordpress\/wp-content\/uploads\/2025\/04\/02678447-cad0-41f8-afde-8e5330dec1d1.jpg'><img loading=\"lazy\" decoding=\"async\" width=\"300\" height=\"225\" src=\"https:\/\/www.radiopiu.net\/wordpress\/wp-content\/uploads\/2025\/04\/02678447-cad0-41f8-afde-8e5330dec1d1-300x225.jpg\" class=\"attachment-medium size-medium\" alt=\"\" srcset=\"https:\/\/www.radiopiu.net\/wordpress\/wp-content\/uploads\/2025\/04\/02678447-cad0-41f8-afde-8e5330dec1d1-300x225.jpg 300w, https:\/\/www.radiopiu.net\/wordpress\/wp-content\/uploads\/2025\/04\/02678447-cad0-41f8-afde-8e5330dec1d1-1024x768.jpg 1024w, https:\/\/www.radiopiu.net\/wordpress\/wp-content\/uploads\/2025\/04\/02678447-cad0-41f8-afde-8e5330dec1d1-768x576.jpg 768w, https:\/\/www.radiopiu.net\/wordpress\/wp-content\/uploads\/2025\/04\/02678447-cad0-41f8-afde-8e5330dec1d1-1536x1152.jpg 1536w, https:\/\/www.radiopiu.net\/wordpress\/wp-content\/uploads\/2025\/04\/02678447-cad0-41f8-afde-8e5330dec1d1.jpg 2000w\" sizes=\"auto, (max-width: 300px) 100vw, 300px\" \/><\/a>\n\t\t\t\t<\/dt><\/dl><br style=\"clear: both\" \/><dl class='gallery-item'>\n\t\t\t\t<dt class='gallery-icon landscape'>\n\t\t\t\t\t<a class=\"rollover rollover-zoom dt-pswp-item\" title=\"f9f299ab-49c4-4929-b013-621659a63da2\" data-dt-img-description=\"\" data-large_image_width=\"2000\" data-large_image_height=\"1500\"href='https:\/\/www.radiopiu.net\/wordpress\/wp-content\/uploads\/2025\/04\/f9f299ab-49c4-4929-b013-621659a63da2.jpg'><img loading=\"lazy\" decoding=\"async\" width=\"300\" height=\"225\" src=\"https:\/\/www.radiopiu.net\/wordpress\/wp-content\/uploads\/2025\/04\/f9f299ab-49c4-4929-b013-621659a63da2-300x225.jpg\" class=\"attachment-medium size-medium\" alt=\"\" srcset=\"https:\/\/www.radiopiu.net\/wordpress\/wp-content\/uploads\/2025\/04\/f9f299ab-49c4-4929-b013-621659a63da2-300x225.jpg 300w, https:\/\/www.radiopiu.net\/wordpress\/wp-content\/uploads\/2025\/04\/f9f299ab-49c4-4929-b013-621659a63da2-1024x768.jpg 1024w, https:\/\/www.radiopiu.net\/wordpress\/wp-content\/uploads\/2025\/04\/f9f299ab-49c4-4929-b013-621659a63da2-768x576.jpg 768w, https:\/\/www.radiopiu.net\/wordpress\/wp-content\/uploads\/2025\/04\/f9f299ab-49c4-4929-b013-621659a63da2-1536x1152.jpg 1536w, https:\/\/www.radiopiu.net\/wordpress\/wp-content\/uploads\/2025\/04\/f9f299ab-49c4-4929-b013-621659a63da2.jpg 2000w\" sizes=\"auto, (max-width: 300px) 100vw, 300px\" \/><\/a>\n\t\t\t\t<\/dt><\/dl><dl class='gallery-item'>\n\t\t\t\t<dt class='gallery-icon landscape'>\n\t\t\t\t\t<a class=\"rollover rollover-zoom dt-pswp-item\" title=\"a1695739-fd1e-4488-8042-32225b6ddc7c\" data-dt-img-description=\"\" data-large_image_width=\"2000\" data-large_image_height=\"1500\"href='https:\/\/www.radiopiu.net\/wordpress\/wp-content\/uploads\/2025\/04\/a1695739-fd1e-4488-8042-32225b6ddc7c.jpg'><img loading=\"lazy\" decoding=\"async\" width=\"300\" height=\"225\" src=\"https:\/\/www.radiopiu.net\/wordpress\/wp-content\/uploads\/2025\/04\/a1695739-fd1e-4488-8042-32225b6ddc7c-300x225.jpg\" class=\"attachment-medium size-medium\" alt=\"\" srcset=\"https:\/\/www.radiopiu.net\/wordpress\/wp-content\/uploads\/2025\/04\/a1695739-fd1e-4488-8042-32225b6ddc7c-300x225.jpg 300w, https:\/\/www.radiopiu.net\/wordpress\/wp-content\/uploads\/2025\/04\/a1695739-fd1e-4488-8042-32225b6ddc7c-1024x768.jpg 1024w, https:\/\/www.radiopiu.net\/wordpress\/wp-content\/uploads\/2025\/04\/a1695739-fd1e-4488-8042-32225b6ddc7c-768x576.jpg 768w, https:\/\/www.radiopiu.net\/wordpress\/wp-content\/uploads\/2025\/04\/a1695739-fd1e-4488-8042-32225b6ddc7c-1536x1152.jpg 1536w, https:\/\/www.radiopiu.net\/wordpress\/wp-content\/uploads\/2025\/04\/a1695739-fd1e-4488-8042-32225b6ddc7c.jpg 2000w\" sizes=\"auto, (max-width: 300px) 100vw, 300px\" \/><\/a>\n\t\t\t\t<\/dt><\/dl><dl class='gallery-item'>\n\t\t\t\t<dt class='gallery-icon landscape'>\n\t\t\t\t\t<a class=\"rollover rollover-zoom dt-pswp-item\" title=\"1be970f7-4788-459a-a8ed-cba221f607dd\" data-dt-img-description=\"\" data-large_image_width=\"2000\" data-large_image_height=\"1500\"href='https:\/\/www.radiopiu.net\/wordpress\/wp-content\/uploads\/2025\/04\/1be970f7-4788-459a-a8ed-cba221f607dd.jpg'><img loading=\"lazy\" decoding=\"async\" width=\"300\" height=\"225\" src=\"https:\/\/www.radiopiu.net\/wordpress\/wp-content\/uploads\/2025\/04\/1be970f7-4788-459a-a8ed-cba221f607dd-300x225.jpg\" class=\"attachment-medium size-medium\" alt=\"\" srcset=\"https:\/\/www.radiopiu.net\/wordpress\/wp-content\/uploads\/2025\/04\/1be970f7-4788-459a-a8ed-cba221f607dd-300x225.jpg 300w, https:\/\/www.radiopiu.net\/wordpress\/wp-content\/uploads\/2025\/04\/1be970f7-4788-459a-a8ed-cba221f607dd-1024x768.jpg 1024w, https:\/\/www.radiopiu.net\/wordpress\/wp-content\/uploads\/2025\/04\/1be970f7-4788-459a-a8ed-cba221f607dd-768x576.jpg 768w, https:\/\/www.radiopiu.net\/wordpress\/wp-content\/uploads\/2025\/04\/1be970f7-4788-459a-a8ed-cba221f607dd-1536x1152.jpg 1536w, https:\/\/www.radiopiu.net\/wordpress\/wp-content\/uploads\/2025\/04\/1be970f7-4788-459a-a8ed-cba221f607dd.jpg 2000w\" sizes=\"auto, (max-width: 300px) 100vw, 300px\" \/><\/a>\n\t\t\t\t<\/dt><\/dl><dl class='gallery-item'>\n\t\t\t\t<dt class='gallery-icon landscape'>\n\t\t\t\t\t<a class=\"rollover rollover-zoom dt-pswp-item\" title=\"31c4009c-7d30-48e9-874c-5d28b7870f3c\" data-dt-img-description=\"\" data-large_image_width=\"2000\" data-large_image_height=\"1500\"href='https:\/\/www.radiopiu.net\/wordpress\/wp-content\/uploads\/2025\/04\/31c4009c-7d30-48e9-874c-5d28b7870f3c.jpg'><img loading=\"lazy\" decoding=\"async\" width=\"300\" height=\"225\" src=\"https:\/\/www.radiopiu.net\/wordpress\/wp-content\/uploads\/2025\/04\/31c4009c-7d30-48e9-874c-5d28b7870f3c-300x225.jpg\" class=\"attachment-medium size-medium\" alt=\"\" srcset=\"https:\/\/www.radiopiu.net\/wordpress\/wp-content\/uploads\/2025\/04\/31c4009c-7d30-48e9-874c-5d28b7870f3c-300x225.jpg 300w, https:\/\/www.radiopiu.net\/wordpress\/wp-content\/uploads\/2025\/04\/31c4009c-7d30-48e9-874c-5d28b7870f3c-1024x768.jpg 1024w, https:\/\/www.radiopiu.net\/wordpress\/wp-content\/uploads\/2025\/04\/31c4009c-7d30-48e9-874c-5d28b7870f3c-768x576.jpg 768w, https:\/\/www.radiopiu.net\/wordpress\/wp-content\/uploads\/2025\/04\/31c4009c-7d30-48e9-874c-5d28b7870f3c-1536x1152.jpg 1536w, https:\/\/www.radiopiu.net\/wordpress\/wp-content\/uploads\/2025\/04\/31c4009c-7d30-48e9-874c-5d28b7870f3c.jpg 2000w\" sizes=\"auto, (max-width: 300px) 100vw, 300px\" \/><\/a>\n\t\t\t\t<\/dt><\/dl><br style=\"clear: both\" \/>\n\t\t\t<\/div>\n\n<p>&nbsp;<\/p>\n<hr \/>\n<p>&nbsp;<\/p>\n<blockquote>\n<h3>ADA TRIONFA A MONTEGROTTO TERME: PRIMO PREMIO AL CONCORSO \u201cTERME IN DANZA 2025\u201d<\/h3>\n<\/blockquote>\n<p class=\"\" data-start=\"124\" data-end=\"516\"><img loading=\"lazy\" decoding=\"async\" class=\"alignleft\" src=\"https:\/\/www.radiopiu.net\/wordpress\/wp-content\/uploads\/2025\/04\/feb4dde2-4baa-4814-b13d-1831882fb0cb.jpg\" width=\"305\" height=\"229\" \/>MONTEGROTTO TERME \u2013 Un nuovo importante successo per il gruppo di danza contemporanea dell\u2019associazione ADA, che ieri ha conquistato il primo premio al prestigioso concorso \u201cTerme in danza 2025\u201d. Una vittoria che profuma di talento, impegno e grande emozione, soprattutto perch\u00e9 ottenuta in una competizione che ha visto la partecipazione anche di gruppi composti da ballerini professionisti.<\/p>\n<p class=\"\" data-start=\"518\" data-end=\"872\">La coreografia che ha incantato pubblico e giuria si intitola <em data-start=\"580\" data-end=\"608\">Passato, presente e futuro<\/em> ed \u00e8 stata ideata da Vanessa Lagan\u00e0, che ha saputo tradurre in movimento un viaggio emozionale intenso e coinvolgente. Sul palco, i giovani danzatori si sono distinti per tecnica, espressivit\u00e0 e affiatamento, regalando una performance capace di lasciare il segno.<\/p>\n<p class=\"\" data-start=\"874\" data-end=\"1172\"><em>\u201cNon ci credevamo nemmeno noi \u2013 hanno commentato a caldo i protagonisti \u2013 \u00e8 stata un\u2019esperienza incredibile\u201d.<\/em> Emozioni condivise da tutto il gruppo, formato da Michela Valt, Martina Ganz, Aurora De Don\u00e0, Angelica e Arianna Cassisi, Silvia Xaiz, Margherita Garzotto, Jacopo Mottes e, naturalmente, Vanessa Lagan\u00e0.<\/p>\n<p class=\"\" data-start=\"1174\" data-end=\"1413\">Una vittoria che rappresenta un riconoscimento importante per il lavoro svolto con passione e dedizione, e che conferma il valore artistico della scuola di danza contemporanea ADA, punto di riferimento per i giovani talenti del territorio.<\/p>\n<p>&nbsp;<\/p>\n<p>&nbsp;<\/p>\n<hr \/>\n<p>&nbsp;<\/p>\n<blockquote>\n<h3>MARIO DE MARCO ALLA SBRISEDA DELLA MARMOLADA<\/h3>\n<\/blockquote>\n<p><strong>ROCCA PIETORE<\/strong> In una giornata splendida e calda si \u00e8 svolta a Malga Ciapela sotto alla Marmolada l\u2019edizione 2025 della Sbris\u00e8da, la sciata in abiti vintage. Tra i protagonisti anche Mario De Marco che si \u00e8 presentato in abiti anni 50.<\/p>\n\n\t\t\t<style type='text\/css'>\n\t\t\t\t#gallery-4 {\n\t\t\t\t\tmargin: auto;\n\t\t\t\t}\n\t\t\t\t#gallery-4 .gallery-item {\n\t\t\t\t\tfloat: left;\n\t\t\t\t\tmargin-top: 10px;\n\t\t\t\t\ttext-align: center;\n\t\t\t\t\twidth: 50%;\n\t\t\t\t}\n\t\t\t\t#gallery-4 img {\n\t\t\t\t\tborder: 2px solid #cfcfcf;\n\t\t\t\t}\n\t\t\t\t#gallery-4 .gallery-caption {\n\t\t\t\t\tmargin-left: 0;\n\t\t\t\t}\n\t\t\t\t\/* see gallery_shortcode() in wp-includes\/media.php *\/\n\t\t\t<\/style>\n\t\t<div id='gallery-4' class='dt-gallery-container gallery galleryid-443418 gallery-columns-2 gallery-size-medium'><dl class='gallery-item'>\n\t\t\t\t<dt class='gallery-icon landscape'>\n\t\t\t\t\t<a class=\"rollover rollover-zoom dt-pswp-item\" title=\"68374891-3b23-4ba6-bc67-2962f871f708\" data-dt-img-description=\"\" data-large_image_width=\"1307\" data-large_image_height=\"1201\"href='https:\/\/www.radiopiu.net\/wordpress\/wp-content\/uploads\/2025\/04\/68374891-3b23-4ba6-bc67-2962f871f708.jpg'><img loading=\"lazy\" decoding=\"async\" width=\"300\" height=\"276\" src=\"https:\/\/www.radiopiu.net\/wordpress\/wp-content\/uploads\/2025\/04\/68374891-3b23-4ba6-bc67-2962f871f708-300x276.jpg\" class=\"attachment-medium size-medium\" alt=\"\" srcset=\"https:\/\/www.radiopiu.net\/wordpress\/wp-content\/uploads\/2025\/04\/68374891-3b23-4ba6-bc67-2962f871f708-300x276.jpg 300w, https:\/\/www.radiopiu.net\/wordpress\/wp-content\/uploads\/2025\/04\/68374891-3b23-4ba6-bc67-2962f871f708-1024x941.jpg 1024w, https:\/\/www.radiopiu.net\/wordpress\/wp-content\/uploads\/2025\/04\/68374891-3b23-4ba6-bc67-2962f871f708-768x706.jpg 768w, https:\/\/www.radiopiu.net\/wordpress\/wp-content\/uploads\/2025\/04\/68374891-3b23-4ba6-bc67-2962f871f708.jpg 1307w\" sizes=\"auto, (max-width: 300px) 100vw, 300px\" \/><\/a>\n\t\t\t\t<\/dt><\/dl><dl class='gallery-item'>\n\t\t\t\t<dt class='gallery-icon portrait'>\n\t\t\t\t\t<a class=\"rollover rollover-zoom dt-pswp-item\" title=\"a6dc669b-216b-45e6-8e6d-ff8c795921a8\" data-dt-img-description=\"\" data-large_image_width=\"1488\" data-large_image_height=\"1984\"href='https:\/\/www.radiopiu.net\/wordpress\/wp-content\/uploads\/2025\/04\/a6dc669b-216b-45e6-8e6d-ff8c795921a8.jpg'><img loading=\"lazy\" decoding=\"async\" width=\"225\" height=\"300\" src=\"https:\/\/www.radiopiu.net\/wordpress\/wp-content\/uploads\/2025\/04\/a6dc669b-216b-45e6-8e6d-ff8c795921a8-225x300.jpg\" class=\"attachment-medium size-medium\" alt=\"\" srcset=\"https:\/\/www.radiopiu.net\/wordpress\/wp-content\/uploads\/2025\/04\/a6dc669b-216b-45e6-8e6d-ff8c795921a8-225x300.jpg 225w, https:\/\/www.radiopiu.net\/wordpress\/wp-content\/uploads\/2025\/04\/a6dc669b-216b-45e6-8e6d-ff8c795921a8-768x1024.jpg 768w, https:\/\/www.radiopiu.net\/wordpress\/wp-content\/uploads\/2025\/04\/a6dc669b-216b-45e6-8e6d-ff8c795921a8-1152x1536.jpg 1152w, https:\/\/www.radiopiu.net\/wordpress\/wp-content\/uploads\/2025\/04\/a6dc669b-216b-45e6-8e6d-ff8c795921a8.jpg 1488w\" sizes=\"auto, (max-width: 225px) 100vw, 225px\" \/><\/a>\n\t\t\t\t<\/dt><\/dl><br style=\"clear: both\" \/>\n\t\t\t<\/div>\n\n<p>&nbsp;<\/p>\n<p><strong>LA DISCESA DI MARIO DE MARCO<\/strong><\/p>\n<div style=\"width: 1200px;\" class=\"wp-video\"><video class=\"wp-video-shortcode\" id=\"video-443418-1\" width=\"1200\" height=\"675\" preload=\"metadata\" controls=\"controls\"><source type=\"video\/mp4\" src=\"https:\/\/www.radiopiu.net\/wordpress\/wp-content\/uploads\/2025\/04\/WhatsApp-Video-2025-04-05-at-19.46.06.mp4?_=1\" \/><a href=\"https:\/\/www.radiopiu.net\/wordpress\/wp-content\/uploads\/2025\/04\/WhatsApp-Video-2025-04-05-at-19.46.06.mp4\">https:\/\/www.radiopiu.net\/wordpress\/wp-content\/uploads\/2025\/04\/WhatsApp-Video-2025-04-05-at-19.46.06.mp4<\/a><\/video><\/div>\n<p>&nbsp;<\/p>\n<hr \/>\n<p>&nbsp;<\/p>\n<blockquote>\n<h3>APERTO IL BANDO PER L&#8217;AFFIDAMENTO DELL&#8217;EX AFTER HOURS IN VALLE DI SAN LUCANO<\/h3>\n<\/blockquote>\n<p><strong><a class=\"dt-pswp-item\" href=\"https:\/\/www.radiopiu.net\/wordpress\/wp-content\/uploads\/2025\/04\/EX-AFTER-HOURS.jpg\" data-dt-img-description=\"\" data-large_image_width=\"1600\" data-large_image_height=\"1200\"><img loading=\"lazy\" decoding=\"async\" class=\" wp-image-443083 alignleft\" src=\"https:\/\/www.radiopiu.net\/wordpress\/wp-content\/uploads\/2025\/04\/EX-AFTER-HOURS-300x225.jpg\" alt=\"\" width=\"195\" height=\"146\" srcset=\"https:\/\/www.radiopiu.net\/wordpress\/wp-content\/uploads\/2025\/04\/EX-AFTER-HOURS-300x225.jpg 300w, https:\/\/www.radiopiu.net\/wordpress\/wp-content\/uploads\/2025\/04\/EX-AFTER-HOURS-1024x768.jpg 1024w, https:\/\/www.radiopiu.net\/wordpress\/wp-content\/uploads\/2025\/04\/EX-AFTER-HOURS-768x576.jpg 768w, https:\/\/www.radiopiu.net\/wordpress\/wp-content\/uploads\/2025\/04\/EX-AFTER-HOURS-1536x1152.jpg 1536w, https:\/\/www.radiopiu.net\/wordpress\/wp-content\/uploads\/2025\/04\/EX-AFTER-HOURS.jpg 1600w\" sizes=\"auto, (max-width: 195px) 100vw, 195px\" \/><\/a>TAIBON <\/strong>Il Comune di Taibon Agordino intende affidare in gestione, tramite asta pubblica con il criterio dell&#8217;offerta economicamente pi\u00f9 vantaggiosa, un locale ad uso bar-ristorante-pizzeria situato nella Valle di San Lucano. L\u2019edificio (ex After Hours), di propriet\u00e0 comunale, include cucina, servizi igienici, sale ristorante, terrazze, locali residenziali e un parcheggio. Ulteriori aree potranno essere incluse su richiesta dell\u2019aggiudicatario. Le offerte devono essere presentate entro le ore 15:30 del 5 maggio 2025 presso la sede comunale. L\u2019apertura delle buste avverr\u00e0 lo stesso giorno alle ore 17:00 in seduta pubblica. Una Commissione valuter\u00e0 le offerte, con analisi tecnica in seduta segreta. Per informazioni e sopralluoghi, contattare il Comune. Maggiori dettagli sulle condizioni di partecipazione sono disponibili sul sito istituzionale del comune di Taibon Agordino a questo link: <a href=\"https:\/\/www.comune.taibonagordino.bl.it\/it\/news\/affidamento-in-concessione-mediante-asta-pubblica-immobile-comunale-in-valle-di-san-lucano-localita-peschiere\"><span style=\"color: #3366ff;\"><strong>CLICCA QUI<\/strong><\/span><\/a><\/p>\n<p>&nbsp;<\/p>\n<p>&nbsp;<\/p>\n<hr \/>\n<p>&nbsp;<\/p>\n<blockquote>\n<h3>NASCE A BELLUNO \u201cVOCAL WAVES\u201d: IL CORO MODERNO CHE UNISCE ENERGIA, DIVERTIMENTO E STILI MUSICALI DIVERSI<\/h3>\n<\/blockquote>\n<p><strong><a href=\"https:\/\/www.radiopiu.net\/wordpress\/wp-content\/uploads\/2025\/04\/choir-7393900_640.webp\"><img loading=\"lazy\" decoding=\"async\" class=\" wp-image-443159 alignleft\" src=\"https:\/\/www.radiopiu.net\/wordpress\/wp-content\/uploads\/2025\/04\/choir-7393900_640-300x210.webp\" alt=\"\" width=\"174\" height=\"122\" srcset=\"https:\/\/www.radiopiu.net\/wordpress\/wp-content\/uploads\/2025\/04\/choir-7393900_640-300x210.webp 300w, https:\/\/www.radiopiu.net\/wordpress\/wp-content\/uploads\/2025\/04\/choir-7393900_640.webp 640w\" sizes=\"auto, (max-width: 174px) 100vw, 174px\" \/><\/a>BELLUNO <\/strong>A Belluno debutta \u201cVocal Waves\u201d, un coro misto dedicato agli appassionati di musica moderna. Aperto a uomini e donne dai 18 ai 65 anni, il progetto esplorer\u00e0 generi diversi, dal pop al rock, dal gospel al metal, offrendo un\u2019esperienza musicale emozionante. Non \u00e8 necessaria una preparazione musicale avanzata, ma \u00e8 richiesta una buona intonazione e conoscenza di base della lettura musicale. Il coro sar\u00e0 guidato da professionisti locali, con l\u2019ambizione di esibirsi in pubblico. L\u2019iniziativa \u00e8 nata dalla passione di Karyn Savalli, gi\u00e0 attiva nel panorama musicale locale, che ha collaborato con Diego De Pasqual e Radmila Visentin per realizzare questo progetto innovativo. Le prove si terranno ogni luned\u00ec, dalle 20:15 alle 22:00. Chi fosse interessato pu\u00f2 scrivere a <a class=\"cursor-pointer\" rel=\"noopener\" data-start=\"831\" data-end=\"855\">corovocalwaves@gmail.com<\/a><\/p>\n<p>&nbsp;<\/p>\n<p>&nbsp;<\/p>\n<hr \/>\n<blockquote>\n<h3 class=\"\" data-start=\"0\" data-end=\"70\"><strong data-start=\"4\" data-end=\"68\">ASSEMBLEA ORDINARIA DELL\u2019UNIONE ITALIANA CIECHI E IPOVEDENTI<\/strong><\/h3>\n<\/blockquote>\n<p class=\"\" data-start=\"72\" data-end=\"368\"><strong>BELLUNO<\/strong> Domenica 13 aprile 2025, alle\u00a0 9 nella Sala Muccin del Centro Congressi Giovanni XXIII di Belluno, si terr\u00e0 l\u2019Assemblea ordinaria dell\u2019Unione Italiana dei Ciechi e degli Ipovedenti. Durante l\u2019incontro si eleggeranno il nuovo Consiglio Direttivo e i rappresentanti regionali e nazionali.<\/p>\n<p>&nbsp;<\/p>\n<hr \/>\n<p>&nbsp;<\/p>\n<blockquote>\n<article class=\"w-full text-token-text-primary\" dir=\"auto\" data-testid=\"conversation-turn-4\" data-scroll-anchor=\"true\">\n<div class=\"text-base my-auto mx-auto py-5 px-6\">\n<div class=\"mx-auto flex flex-1 text-base gap-4 md:gap-5 lg:gap-6 md:max-w-3xl group\/turn-messages focus-visible:outline-none\" tabindex=\"-1\">\n<div class=\"group\/conversation-turn relative flex w-full min-w-0 flex-col agent-turn @xs\/thread:px-0 @sm\/thread:px-1.5 @md\/thread:px-4\">\n<div class=\"relative flex-col gap-1 md:gap-3\">\n<div class=\"flex max-w-full flex-col flex-grow\">\n<div class=\"min-h-8 text-message relative flex w-full flex-col items-end gap-2 whitespace-normal break-words text-start [.text-message+&amp;]:mt-5\" dir=\"auto\" data-message-author-role=\"assistant\" data-message-id=\"c95c95c6-a1ac-4866-a6e0-43ed1c022444\" data-message-model-slug=\"gpt-4o\">\n<div class=\"flex w-full flex-col gap-1 empty:hidden first:pt-[3px]\">\n<div class=\"markdown prose w-full break-words dark:prose-invert dark\">\n<p data-pm-slice=\"1 1 []\"><strong>Dal disegno al colore: a Canale d\u2019Agordo la personale di Lucio Groja<\/strong><\/p>\n<\/div>\n<\/div>\n<\/div>\n<\/div>\n<\/div>\n<\/div>\n<\/div>\n<\/div>\n<\/article>\n<\/blockquote>\n<article class=\"w-full text-token-text-primary\" dir=\"auto\" data-testid=\"conversation-turn-4\" data-scroll-anchor=\"true\">\n<div class=\"text-base my-auto mx-auto py-5 px-6\">\n<div class=\"mx-auto flex flex-1 text-base gap-4 md:gap-5 lg:gap-6 md:max-w-3xl group\/turn-messages focus-visible:outline-none\" tabindex=\"-1\">\n<div class=\"group\/conversation-turn relative flex w-full min-w-0 flex-col agent-turn @xs\/thread:px-0 @sm\/thread:px-1.5 @md\/thread:px-4\">\n<div class=\"absolute\">\n<p class=\"flex items-center justify-center\"><strong>CANALE D&#8217;AGORDO<\/strong> Dal 12 al 27 aprile 2025, la Sala consiliare del municipio di Canale d&#8217;Agordo ospiter\u00e0 la mostra &#8220;Dal disegno al colore&#8221;, personale di pittura dell&#8217;artista Lucio Groja.\u00a0 L\u2019inaugurazione \u00e8 prevista per sabato 12 aprile alle 17.30.\u00a0 L\u2019evento si inserisce nel panorama culturale locale come occasione di incontro con l\u2019arte contemporanea.<\/p>\n<p>&nbsp;<\/p>\n<p>&nbsp;<\/p>\n<hr \/>\n<p>&nbsp;<\/p>\n<\/div>\n<\/div>\n<\/div>\n<\/div>\n<\/article>\n<h1><span style=\"color: #ff6600;\">IERI ALLA RADIO<\/span><\/h1>\n<h2><span style=\"color: #00ccff;\">LA RASSEGNA STAMPA DA L&#8217;AMICO DEL POPOLO<\/span><\/h2>\n<p><strong><a class=\"dt-pswp-item\" href=\"https:\/\/www.radiopiu.net\/wordpress\/wp-content\/uploads\/2025\/04\/GIANNI-SANTOMASO.png\" data-dt-img-description=\"\" data-large_image_width=\"890\" data-large_image_height=\"608\"><img loading=\"lazy\" decoding=\"async\" class=\" wp-image-443446 alignleft\" src=\"https:\/\/www.radiopiu.net\/wordpress\/wp-content\/uploads\/2025\/04\/GIANNI-SANTOMASO-300x205.png\" alt=\"\" width=\"181\" height=\"124\" srcset=\"https:\/\/www.radiopiu.net\/wordpress\/wp-content\/uploads\/2025\/04\/GIANNI-SANTOMASO-300x205.png 300w, https:\/\/www.radiopiu.net\/wordpress\/wp-content\/uploads\/2025\/04\/GIANNI-SANTOMASO-768x525.png 768w, https:\/\/www.radiopiu.net\/wordpress\/wp-content\/uploads\/2025\/04\/GIANNI-SANTOMASO.png 890w\" sizes=\"auto, (max-width: 181px) 100vw, 181px\" \/><\/a>DI GIANNI SANTOMASO<\/strong><\/p>\n<audio class=\"wp-audio-shortcode\" id=\"audio-443418-6\" preload=\"none\" style=\"width: 100%;\" controls=\"controls\"><source type=\"audio\/mpeg\" src=\"https:\/\/www.radiopiu.net\/wordpress\/wp-content\/uploads\/2025\/04\/RASSEGNA-GIANNI.mp3?_=6\" \/><a href=\"https:\/\/www.radiopiu.net\/wordpress\/wp-content\/uploads\/2025\/04\/RASSEGNA-GIANNI.mp3\">https:\/\/www.radiopiu.net\/wordpress\/wp-content\/uploads\/2025\/04\/RASSEGNA-GIANNI.mp3<\/a><\/audio>\n<p>&nbsp;<\/p>\n<h2><span style=\"color: #800080;\">DUE MINUTI PER TE<\/span><\/h2>\n<p><strong><a class=\"dt-pswp-item\" href=\"https:\/\/www.radiopiu.net\/wordpress\/wp-content\/uploads\/2020\/12\/DON-GIORGIO-LISE.jpg\" data-dt-img-description=\"\" data-large_image_width=\"1600\" data-large_image_height=\"901\"><img loading=\"lazy\" decoding=\"async\" class=\" wp-image-177420 alignleft\" src=\"https:\/\/www.radiopiu.net\/wordpress\/wp-content\/uploads\/2020\/12\/DON-GIORGIO-LISE-300x169.jpg\" alt=\"\" width=\"217\" height=\"122\" srcset=\"https:\/\/www.radiopiu.net\/wordpress\/wp-content\/uploads\/2020\/12\/DON-GIORGIO-LISE-300x169.jpg 300w, https:\/\/www.radiopiu.net\/wordpress\/wp-content\/uploads\/2020\/12\/DON-GIORGIO-LISE-1024x577.jpg 1024w, https:\/\/www.radiopiu.net\/wordpress\/wp-content\/uploads\/2020\/12\/DON-GIORGIO-LISE-768x432.jpg 768w, https:\/\/www.radiopiu.net\/wordpress\/wp-content\/uploads\/2020\/12\/DON-GIORGIO-LISE-1536x865.jpg 1536w, https:\/\/www.radiopiu.net\/wordpress\/wp-content\/uploads\/2020\/12\/DON-GIORGIO-LISE.jpg 1600w\" sizes=\"auto, (max-width: 217px) 100vw, 217px\" \/><\/a>APPUNTAMENTO DELLA DOMENICA CON IL PENSIERO DI MONSIGNOR GIORGIO LISE<\/strong><\/p>\n<audio class=\"wp-audio-shortcode\" id=\"audio-443418-7\" preload=\"none\" style=\"width: 100%;\" controls=\"controls\"><source type=\"audio\/mpeg\" src=\"https:\/\/www.radiopiu.net\/wordpress\/wp-content\/uploads\/2025\/04\/DON-GIORGIO.mp3?_=7\" \/><a href=\"https:\/\/www.radiopiu.net\/wordpress\/wp-content\/uploads\/2025\/04\/DON-GIORGIO.mp3\">https:\/\/www.radiopiu.net\/wordpress\/wp-content\/uploads\/2025\/04\/DON-GIORGIO.mp3<\/a><\/audio>\n<p>&nbsp;<\/p>\n<p>&nbsp;<\/p>\n<hr \/>\n<p>&nbsp;<\/p>\n<blockquote class=\"wp-embedded-content\" data-secret=\"FYzgVTkucR\"><p><a href=\"https:\/\/www.radiopiu.net\/wordpress\/piu-siamo-con-marina-settimana-dal-31-marzo-al-04-aprile-2025\/\">PIU&#8217; SIAMO&#8230;CON MARINA &#8211; SETTIMANA DAL 31 MARZO AL 04 APRILE 2025<\/a><\/p><\/blockquote>\n<p><iframe loading=\"lazy\" class=\"wp-embedded-content\" sandbox=\"allow-scripts\" security=\"restricted\" style=\"position: absolute; visibility: hidden;\" title=\"&#8220;PIU&#8217; SIAMO&#8230;CON MARINA &#8211; SETTIMANA DAL 31 MARZO AL 04 APRILE 2025&#8221; &#8212; Radio Pi\u00f9\" src=\"https:\/\/www.radiopiu.net\/wordpress\/piu-siamo-con-marina-settimana-dal-31-marzo-al-04-aprile-2025\/embed\/#?secret=U2D95eN35d#?secret=FYzgVTkucR\" data-secret=\"FYzgVTkucR\" width=\"600\" height=\"338\" frameborder=\"0\" marginwidth=\"0\" marginheight=\"0\" scrolling=\"no\"><\/iframe><\/p>\n<p>&nbsp;<\/p>\n<blockquote class=\"wp-embedded-content\" data-secret=\"DkxZgI1pq0\"><p><a href=\"https:\/\/www.radiopiu.net\/wordpress\/dallarchivio-di-giuliano-laveder-marmolada-e-dintorni-2007\/\">DALL\u2019ARCHIVIO DI GIULIANO LAVEDER: MARMOLADA E DINTORNI \u2013 2007<\/a><\/p><\/blockquote>\n<p><iframe loading=\"lazy\" class=\"wp-embedded-content\" sandbox=\"allow-scripts\" security=\"restricted\" style=\"position: absolute; visibility: hidden;\" title=\"&#8220;DALL\u2019ARCHIVIO DI GIULIANO LAVEDER: MARMOLADA E DINTORNI \u2013 2007&#8221; &#8212; Radio Pi\u00f9\" src=\"https:\/\/www.radiopiu.net\/wordpress\/dallarchivio-di-giuliano-laveder-marmolada-e-dintorni-2007\/embed\/#?secret=DzotH8Xz1X#?secret=DkxZgI1pq0\" data-secret=\"DkxZgI1pq0\" width=\"600\" height=\"338\" frameborder=\"0\" marginwidth=\"0\" marginheight=\"0\" scrolling=\"no\"><\/iframe><\/p>\n<p>&nbsp;<\/p>\n<hr \/>\n<p>&nbsp;<\/p>\n<h2><span style=\"color: #ff0000;\"><a class=\"dt-pswp-item\" href=\"https:\/\/www.radiopiu.net\/wordpress\/wp-content\/uploads\/2018\/09\/appuntamenti.jpeg\" data-dt-img-description=\"\" data-large_image_width=\"800\" data-large_image_height=\"100\"><img loading=\"lazy\" decoding=\"async\" class=\"wp-image-61958 size-full aligncenter\" src=\"https:\/\/www.radiopiu.net\/wordpress\/wp-content\/uploads\/2018\/09\/appuntamenti.jpeg\" alt=\"\" width=\"800\" height=\"100\" srcset=\"https:\/\/www.radiopiu.net\/wordpress\/wp-content\/uploads\/2018\/09\/appuntamenti.jpeg 800w, https:\/\/www.radiopiu.net\/wordpress\/wp-content\/uploads\/2018\/09\/appuntamenti-300x38.jpeg 300w, https:\/\/www.radiopiu.net\/wordpress\/wp-content\/uploads\/2018\/09\/appuntamenti-768x96.jpeg 768w\" sizes=\"auto, (max-width: 800px) 100vw, 800px\" \/><\/a><\/span><\/h2>\n<p>&nbsp;<\/p>\n<div>\n<div class=\"\" dir=\"auto\">\n<div id=\":r9h:\" class=\"x1iorvi4 x1pi30zi x1l90r2v x1swvt13\" data-ad-comet-preview=\"message\" data-ad-preview=\"message\">\n<div class=\"\" dir=\"auto\">\n<div id=\":r9h:\" class=\"x1iorvi4 x1pi30zi x1l90r2v x1swvt13\" data-ad-comet-preview=\"message\" data-ad-preview=\"message\">\n<div class=\"\" dir=\"auto\">\n<div id=\":r9h:\" class=\"x1iorvi4 x1pi30zi x1l90r2v x1swvt13\" data-ad-comet-preview=\"message\" data-ad-preview=\"message\">\n<div class=\"\" dir=\"auto\">\n<div id=\":r9h:\" class=\"x1iorvi4 x1pi30zi x1l90r2v x1swvt13\" data-ad-comet-preview=\"message\" data-ad-preview=\"message\">\n<div>\n<div class=\"\" dir=\"auto\">\n<div id=\":r9h:\" class=\"x1iorvi4 x1pi30zi x1l90r2v x1swvt13\" data-ad-comet-preview=\"message\" data-ad-preview=\"message\">\n<div>\n<div class=\"\" dir=\"auto\">\n<div id=\":r9h:\" class=\"x1iorvi4 x1pi30zi x1l90r2v x1swvt13\" data-ad-comet-preview=\"message\" data-ad-preview=\"message\">\n<div class=\"xdj266r x11i5rnm xat24cr x1mh8g0r x1vvkbs x126k92a\">\n<div dir=\"auto\"><\/div>\n<\/div>\n<div>\n<div class=\"\" dir=\"auto\">\n<div id=\":r9h:\" class=\"x1iorvi4 x1pi30zi x1l90r2v x1swvt13\" data-ad-comet-preview=\"message\" data-ad-preview=\"message\">\n<div>\n<div class=\"\" dir=\"auto\">\n<div id=\":r9h:\" class=\"x1iorvi4 x1pi30zi x1l90r2v x1swvt13\" data-ad-comet-preview=\"message\" data-ad-preview=\"message\">\n\n\t\t\t<style type='text\/css'>\n\t\t\t\t#gallery-5 {\n\t\t\t\t\tmargin: auto;\n\t\t\t\t}\n\t\t\t\t#gallery-5 .gallery-item {\n\t\t\t\t\tfloat: left;\n\t\t\t\t\tmargin-top: 10px;\n\t\t\t\t\ttext-align: center;\n\t\t\t\t\twidth: 25%;\n\t\t\t\t}\n\t\t\t\t#gallery-5 img {\n\t\t\t\t\tborder: 2px solid #cfcfcf;\n\t\t\t\t}\n\t\t\t\t#gallery-5 .gallery-caption {\n\t\t\t\t\tmargin-left: 0;\n\t\t\t\t}\n\t\t\t\t\/* see gallery_shortcode() in wp-includes\/media.php *\/\n\t\t\t<\/style>\n\t\t<div id='gallery-5' class='dt-gallery-container gallery galleryid-443418 gallery-columns-4 gallery-size-thumbnail'><dl class='gallery-item'>\n\t\t\t\t<dt class='gallery-icon portrait'>\n\t\t\t\t\t<a class=\"rollover rollover-zoom dt-pswp-item\" title=\"Senza nome\" data-dt-img-description=\"\" data-large_image_width=\"569\" data-large_image_height=\"801\"href='https:\/\/www.radiopiu.net\/wordpress\/wp-content\/uploads\/2025\/02\/Senza-nome-23.png'><img loading=\"lazy\" decoding=\"async\" width=\"150\" height=\"150\" src=\"https:\/\/www.radiopiu.net\/wordpress\/wp-content\/uploads\/2025\/02\/Senza-nome-23-150x150.png\" class=\"attachment-thumbnail size-thumbnail\" alt=\"\" \/><\/a>\n\t\t\t\t<\/dt><\/dl><dl class='gallery-item'>\n\t\t\t\t<dt class='gallery-icon portrait'>\n\t\t\t\t\t<a class=\"rollover rollover-zoom dt-pswp-item\" title=\"Aprile\" data-dt-img-description=\"\" data-large_image_width=\"841\" data-large_image_height=\"1190\"href='https:\/\/www.radiopiu.net\/wordpress\/wp-content\/uploads\/2025\/03\/Aprile.jpg'><img loading=\"lazy\" decoding=\"async\" width=\"150\" height=\"150\" src=\"https:\/\/www.radiopiu.net\/wordpress\/wp-content\/uploads\/2025\/03\/Aprile-150x150.jpg\" class=\"attachment-thumbnail size-thumbnail\" alt=\"\" \/><\/a>\n\t\t\t\t<\/dt><\/dl><dl class='gallery-item'>\n\t\t\t\t<dt class='gallery-icon portrait'>\n\t\t\t\t\t<a class=\"rollover rollover-zoom dt-pswp-item\" title=\"Locandina posturale primavera 2025\" data-dt-img-description=\"\" data-large_image_width=\"1132\" data-large_image_height=\"1600\"href='https:\/\/www.radiopiu.net\/wordpress\/wp-content\/uploads\/2025\/03\/Locandina-posturale-primavera-2025.jpeg'><img loading=\"lazy\" decoding=\"async\" width=\"150\" height=\"150\" src=\"https:\/\/www.radiopiu.net\/wordpress\/wp-content\/uploads\/2025\/03\/Locandina-posturale-primavera-2025-150x150.jpeg\" class=\"attachment-thumbnail size-thumbnail\" alt=\"\" \/><\/a>\n\t\t\t\t<\/dt><\/dl><dl class='gallery-item'>\n\t\t\t\t<dt class='gallery-icon portrait'>\n\t\t\t\t\t<a class=\"rollover rollover-zoom dt-pswp-item\" title=\"Locandina Gardaland 19.05.2025\" data-dt-img-description=\"\" data-large_image_width=\"1131\" data-large_image_height=\"1600\"href='https:\/\/www.radiopiu.net\/wordpress\/wp-content\/uploads\/2025\/03\/Locandina-Gardaland-19.05.2025.jpeg'><img loading=\"lazy\" decoding=\"async\" width=\"150\" height=\"150\" src=\"https:\/\/www.radiopiu.net\/wordpress\/wp-content\/uploads\/2025\/03\/Locandina-Gardaland-19.05.2025-150x150.jpeg\" class=\"attachment-thumbnail size-thumbnail\" alt=\"\" \/><\/a>\n\t\t\t\t<\/dt><\/dl><br style=\"clear: both\" \/><dl class='gallery-item'>\n\t\t\t\t<dt class='gallery-icon landscape'>\n\t\t\t\t\t<a class=\"rollover rollover-zoom dt-pswp-item\" title=\"Senza nome\" data-dt-img-description=\"\" data-large_image_width=\"753\" data-large_image_height=\"334\"href='https:\/\/www.radiopiu.net\/wordpress\/wp-content\/uploads\/2025\/04\/Senza-nome-2.png'><img loading=\"lazy\" decoding=\"async\" width=\"150\" height=\"150\" src=\"https:\/\/www.radiopiu.net\/wordpress\/wp-content\/uploads\/2025\/04\/Senza-nome-2-150x150.png\" class=\"attachment-thumbnail size-thumbnail\" alt=\"\" \/><\/a>\n\t\t\t\t<\/dt><\/dl><dl class='gallery-item'>\n\t\t\t\t<dt class='gallery-icon portrait'>\n\t\t\t\t\t<a class=\"rollover rollover-zoom dt-pswp-item\" title=\"ASSEMBLEA_2025\" data-dt-img-description=\"\" data-large_image_width=\"1131\" data-large_image_height=\"1600\"href='https:\/\/www.radiopiu.net\/wordpress\/wp-content\/uploads\/2025\/04\/ASSEMBLEA_2025.jpeg'><img loading=\"lazy\" decoding=\"async\" width=\"150\" height=\"150\" src=\"https:\/\/www.radiopiu.net\/wordpress\/wp-content\/uploads\/2025\/04\/ASSEMBLEA_2025-150x150.jpeg\" class=\"attachment-thumbnail size-thumbnail\" alt=\"\" \/><\/a>\n\t\t\t\t<\/dt><\/dl><dl class='gallery-item'>\n\t\t\t\t<dt class='gallery-icon portrait'>\n\t\t\t\t\t<a class=\"rollover rollover-zoom dt-pswp-item\" title=\"488508424_18408367480096744_440585597055027067_n\" data-dt-img-description=\"\" data-large_image_width=\"1440\" data-large_image_height=\"1799\"href='https:\/\/www.radiopiu.net\/wordpress\/wp-content\/uploads\/2025\/04\/488508424_18408367480096744_440585597055027067_n.jpg'><img loading=\"lazy\" decoding=\"async\" width=\"150\" height=\"150\" src=\"https:\/\/www.radiopiu.net\/wordpress\/wp-content\/uploads\/2025\/04\/488508424_18408367480096744_440585597055027067_n-150x150.jpg\" class=\"attachment-thumbnail size-thumbnail\" alt=\"\" \/><\/a>\n\t\t\t\t<\/dt><\/dl>\n\t\t\t\t<br style='clear: both' \/>\n\t\t\t<\/div>\n\n<p>&nbsp;<\/p>\n<\/div>\n<\/div>\n<\/div>\n<\/div>\n<\/div>\n<\/div>\n<\/div>\n<\/div>\n<\/div>\n<\/div>\n<\/div>\n<\/div>\n<\/div>\n<\/div>\n<\/div>\n<\/div>\n<\/div>\n<\/div>\n<\/div>\n<\/div>\n<\/div>\n<div>\n<div class=\"\" dir=\"auto\">\n<div id=\":r9h:\" class=\"x1iorvi4 x1pi30zi x1l90r2v x1swvt13\" data-ad-comet-preview=\"message\" data-ad-preview=\"message\">\n<div class=\"\" dir=\"auto\">\n<div id=\":r9h:\" class=\"x1iorvi4 x1pi30zi x1l90r2v x1swvt13\" data-ad-comet-preview=\"message\" data-ad-preview=\"message\">\n<div class=\"\" dir=\"auto\">\n<div id=\":r9h:\" class=\"x1iorvi4 x1pi30zi x1l90r2v x1swvt13\" data-ad-comet-preview=\"message\" data-ad-preview=\"message\">\n<div class=\"\" dir=\"auto\">\n<div id=\":r9h:\" class=\"x1iorvi4 x1pi30zi x1l90r2v x1swvt13\" data-ad-comet-preview=\"message\" data-ad-preview=\"message\">\n<div>\n<div class=\"\" dir=\"auto\">\n<div id=\":r9h:\" class=\"x1iorvi4 x1pi30zi x1l90r2v x1swvt13\" data-ad-comet-preview=\"message\" data-ad-preview=\"message\">\n<div>\n<div class=\"\" dir=\"auto\">\n<div id=\":r9h:\" class=\"x1iorvi4 x1pi30zi x1l90r2v x1swvt13\" data-ad-comet-preview=\"message\" data-ad-preview=\"message\">\n<div class=\"xdj266r x11i5rnm xat24cr x1mh8g0r x1vvkbs x126k92a\">\n<div dir=\"auto\"><\/div>\n<\/div>\n<div>\n<div class=\"\" dir=\"auto\">\n<div id=\":r9h:\" class=\"x1iorvi4 x1pi30zi x1l90r2v x1swvt13\" data-ad-comet-preview=\"message\" data-ad-preview=\"message\">\n<div>\n<div class=\"\" dir=\"auto\">\n<div id=\":r9h:\" class=\"x1iorvi4 x1pi30zi x1l90r2v x1swvt13\" data-ad-comet-preview=\"message\" data-ad-preview=\"message\">\n<p>&nbsp;<\/p>\n<hr \/>\n<p>&nbsp;<\/p>\n<p>&nbsp;<\/p>\n<\/div>\n<\/div>\n<\/div>\n<\/div>\n<\/div>\n<\/div>\n<\/div>\n<\/div>\n<\/div>\n<\/div>\n<\/div>\n<\/div>\n<\/div>\n<\/div>\n<\/div>\n<\/div>\n<\/div>\n<\/div>\n<\/div>\n<\/div>\n<\/div>\n<p class=\"mceTemp\"><a class=\"dt-pswp-item\" href=\"https:\/\/www.radiopiu.net\/wordpress\/wp-content\/uploads\/2018\/09\/WhatsApp-Image-2018-09-20-at-16.04.06.jpeg\" data-dt-img-description=\"\" data-large_image_width=\"800\" data-large_image_height=\"100\"><img loading=\"lazy\" decoding=\"async\" class=\"wp-image-61378 size-full aligncenter\" src=\"https:\/\/www.radiopiu.net\/wordpress\/wp-content\/uploads\/2018\/09\/WhatsApp-Image-2018-09-20-at-16.04.06.jpeg\" alt=\"\" width=\"800\" height=\"100\" srcset=\"https:\/\/www.radiopiu.net\/wordpress\/wp-content\/uploads\/2018\/09\/WhatsApp-Image-2018-09-20-at-16.04.06.jpeg 800w, https:\/\/www.radiopiu.net\/wordpress\/wp-content\/uploads\/2018\/09\/WhatsApp-Image-2018-09-20-at-16.04.06-300x38.jpeg 300w, https:\/\/www.radiopiu.net\/wordpress\/wp-content\/uploads\/2018\/09\/WhatsApp-Image-2018-09-20-at-16.04.06-768x96.jpeg 768w\" sizes=\"auto, (max-width: 800px) 100vw, 800px\" \/><\/a><\/p>\n<p><center><\/center><center><\/center>&nbsp;<\/p>\n<p><center><b>OGGI<\/b><\/center>Stupenda giornata con sole, cielo terso, aria limpida ed ottima visibilit\u00e0 su gran parte della montagna veneta. Le eccezioni possono essere nubi basse mattutine su alcuni settori prealpini, in rapido dissolvimento, e l&#8217;irregolare ma contenuta attivit\u00e0 cumuliforme pomeridiana, sempre sulle Prealpi, senza altra conseguenza che ridurre in parte il soleggiamento.<br \/>\n<b>Precipitazioni: <\/b>Assenti<br \/>\n<b>Temperature: <\/b>In ulteriore calo, specie sotto i 2000 m per accentuazione dell&#8217;avvezione orientale di aria fredda.<\/p>\n<hr \/>\n<p><center><b>DOMANI<\/b><\/center>Sulle Dolomiti nuvolosit\u00e0 irregolare tra la notte e il primo mattino, prima che il tempo migliori e diventi in prevalenza soleggiato, salvo residui modesti annuvolamenti. Sulle Prealpi nottetempo ed al mattino maggiore copertura nuvolosa con eventualit\u00e0 di qualche locale fenomeno, prima che il tempo tenda a divenire discreto\/variabile tra sole e rimanenti stratocumuli.<br \/>\n<b>Precipitazioni: <\/b>Nottetempo ed al primo mattino qualche locale fenomeno, specie sulle Prealpi, e qualora accadesse qualche fiocco cadrebbe a 900-1000 m. In seguito, cio\u00e8 in giornata precipitazioni assenti<br \/>\n<b>Temperature: <\/b>Minime senza variazione di rilievo o il lieve rialzo; massime in leggero aumento.<\/p>\n<hr \/>\n<p><center><b>MERCOLEDI<\/b><\/center>Maggiore soleggiamento sulle Dolomiti, mentre la nuvolosit\u00e0 tender\u00e0 a ridursi sulla fascia prealpina lasciando pi\u00f9 spazio ai tratti soleggiati. Temperature in contenuto aumento, salvo calo delle minime nelle valli dolomitiche.<\/p>\n<hr \/>\n<p><center><b>GIOVEDI<\/b><\/center>Tempo in prevalenza soleggiato con cielo sereno al mattino e poco nuvoloso per modesta attivit\u00e0 cumuliforme nelle ore pi\u00f9 calde. Generale rialzo termico, specie le massime<\/p>\n<p>&nbsp;<\/p>\n<p>&nbsp;<\/p>\n<blockquote class=\"wp-embedded-content\" data-secret=\"cnWX962yNa\"><p><a href=\"https:\/\/www.radiopiu.net\/wordpress\/lad08aaaa\/\">&#8220;NCONTONSE&#8221; IN LADINO SU RADIO PI\u00d9<\/a><\/p><\/blockquote>\n<p><iframe loading=\"lazy\" class=\"wp-embedded-content\" sandbox=\"allow-scripts\" security=\"restricted\" style=\"position: absolute; visibility: hidden;\" title=\"&#8220;&#8220;NCONTONSE&#8221; IN LADINO SU RADIO PI\u00d9&#8221; &#8212; Radio Pi\u00f9\" src=\"https:\/\/www.radiopiu.net\/wordpress\/lad08aaaa\/embed\/#?secret=8GAnsMSmAt#?secret=cnWX962yNa\" data-secret=\"cnWX962yNa\" width=\"600\" height=\"338\" frameborder=\"0\" marginwidth=\"0\" marginheight=\"0\" scrolling=\"no\"><\/iframe><\/p>\n<p>&nbsp;<\/p>\n<blockquote class=\"wp-embedded-content\" data-secret=\"itTHCD7YJp\"><p><a href=\"https:\/\/www.radiopiu.net\/wordpress\/almanac1\/\">RACCOLTA ANNO 2024 N di parom &#8211; L Almanach de la nosta jent<\/a><\/p><\/blockquote>\n<p><iframe loading=\"lazy\" class=\"wp-embedded-content\" sandbox=\"allow-scripts\" security=\"restricted\" style=\"position: absolute; visibility: hidden;\" title=\"&#8220;RACCOLTA ANNO 2024 N di parom &#8211; L Almanach de la nosta jent&#8221; &#8212; Radio Pi\u00f9\" src=\"https:\/\/www.radiopiu.net\/wordpress\/almanac1\/embed\/#?secret=lCKenpEQCX#?secret=itTHCD7YJp\" data-secret=\"itTHCD7YJp\" width=\"600\" height=\"338\" frameborder=\"0\" marginwidth=\"0\" marginheight=\"0\" scrolling=\"no\"><\/iframe><\/p>\n<p>&nbsp;<\/p>\n<p>&nbsp;<\/p>\n<blockquote class=\"wp-embedded-content\" data-secret=\"do1S4Z6oSC\"><p><a href=\"https:\/\/www.radiopiu.net\/wordpress\/raccolta-anno-2024-pirole-de-lenga-dalla-puntata-1-alla-250\/\">RACCOLTA ANNO 2024-25 PIROLE DE LENGA&#8230;DALLA PUNTATA 1<\/a><\/p><\/blockquote>\n<p><iframe loading=\"lazy\" class=\"wp-embedded-content\" sandbox=\"allow-scripts\" security=\"restricted\" style=\"position: absolute; visibility: hidden;\" title=\"&#8220;RACCOLTA ANNO 2024-25 PIROLE DE LENGA&#8230;DALLA PUNTATA 1&#8221; &#8212; Radio Pi\u00f9\" src=\"https:\/\/www.radiopiu.net\/wordpress\/raccolta-anno-2024-pirole-de-lenga-dalla-puntata-1-alla-250\/embed\/#?secret=9k9iTQbw6S#?secret=do1S4Z6oSC\" data-secret=\"do1S4Z6oSC\" width=\"600\" height=\"338\" frameborder=\"0\" marginwidth=\"0\" marginheight=\"0\" scrolling=\"no\"><\/iframe><\/p>\n<blockquote class=\"wp-embedded-content\" data-secret=\"PXsNN8i4Tf\"><p><a href=\"https:\/\/www.radiopiu.net\/wordpress\/elbalfior_seconda\/\">&#8220;EL BAL DEL FIOR&#8221;, DI GIULIANA DA RONCH SECONDA STAGIONE<\/a><\/p><\/blockquote>\n<p><iframe loading=\"lazy\" class=\"wp-embedded-content\" sandbox=\"allow-scripts\" security=\"restricted\" style=\"position: absolute; visibility: hidden;\" title=\"&#8220;&#8220;EL BAL DEL FIOR&#8221;, DI GIULIANA DA RONCH SECONDA STAGIONE&#8221; &#8212; Radio Pi\u00f9\" src=\"https:\/\/www.radiopiu.net\/wordpress\/elbalfior_seconda\/embed\/#?secret=sIJX7MEuYK#?secret=PXsNN8i4Tf\" data-secret=\"PXsNN8i4Tf\" width=\"600\" height=\"338\" frameborder=\"0\" marginwidth=\"0\" marginheight=\"0\" scrolling=\"no\"><\/iframe><\/p>\n<p>&nbsp;<\/p>\n<p>&nbsp;<\/p>\n<blockquote class=\"wp-embedded-content\" data-secret=\"9ZCfuQyHzb\"><p><a href=\"https:\/\/www.radiopiu.net\/wordpress\/risveglio-a-volo-daquila-sulla-conca-agordina\/\">RISVEGLIO A VOLO D&#8217;AQUILA SULLA CONCA AGORDINA<\/a><\/p><\/blockquote>\n<p><iframe loading=\"lazy\" class=\"wp-embedded-content\" sandbox=\"allow-scripts\" security=\"restricted\" style=\"position: absolute; visibility: hidden;\" title=\"&#8220;RISVEGLIO A VOLO D&#8217;AQUILA SULLA CONCA AGORDINA&#8221; &#8212; Radio Pi\u00f9\" src=\"https:\/\/www.radiopiu.net\/wordpress\/risveglio-a-volo-daquila-sulla-conca-agordina\/embed\/#?secret=wzmPURlghV#?secret=9ZCfuQyHzb\" data-secret=\"9ZCfuQyHzb\" width=\"600\" height=\"338\" frameborder=\"0\" marginwidth=\"0\" marginheight=\"0\" scrolling=\"no\"><\/iframe><\/p>\n<hr \/>\n<p>&nbsp;<\/p>\n<p class=\"mceTemp\"><a class=\"dt-pswp-item\" href=\"https:\/\/www.radiopiu.net\/wordpress\/wp-content\/uploads\/2018\/09\/sport.jpg\" data-dt-img-description=\"\" data-large_image_width=\"800\" data-large_image_height=\"100\"><img loading=\"lazy\" decoding=\"async\" class=\"aligncenter wp-image-60761 size-full\" src=\"https:\/\/www.radiopiu.net\/wordpress\/wp-content\/uploads\/2018\/09\/sport.jpg\" alt=\"\" width=\"800\" height=\"100\" srcset=\"https:\/\/www.radiopiu.net\/wordpress\/wp-content\/uploads\/2018\/09\/sport.jpg 800w, https:\/\/www.radiopiu.net\/wordpress\/wp-content\/uploads\/2018\/09\/sport-300x38.jpg 300w, https:\/\/www.radiopiu.net\/wordpress\/wp-content\/uploads\/2018\/09\/sport-768x96.jpg 768w\" sizes=\"auto, (max-width: 800px) 100vw, 800px\" \/> <\/a><\/p>\n<p class=\"mceTemp\"><span style=\"color: #0000ff;\"><strong>\u00a0 \u00a0 \u00a0 \u00a0 \u00a0<\/strong><\/span><\/p>\n<p><span style=\"color: #0000ff;\"><strong>CALCIO<\/strong><\/span><\/p>\n<blockquote>\n<h3>L&#8217;AGORDINA BATTE IL FORTOGNA E TORNA IN CORSA PER I PLAYOFF DI TERZA CATEGORIA<\/h3>\n<\/blockquote>\n<p><strong><a class=\"dt-pswp-item\" href=\"https:\/\/www.radiopiu.net\/wordpress\/wp-content\/uploads\/2023\/02\/CALCIO-PALLONE.png\" data-dt-img-description=\"\" data-large_image_width=\"769\" data-large_image_height=\"495\"><img loading=\"lazy\" decoding=\"async\" class=\" wp-image-322076 alignleft\" src=\"https:\/\/www.radiopiu.net\/wordpress\/wp-content\/uploads\/2023\/02\/CALCIO-PALLONE-300x193.png\" alt=\"\" width=\"201\" height=\"129\" srcset=\"https:\/\/www.radiopiu.net\/wordpress\/wp-content\/uploads\/2023\/02\/CALCIO-PALLONE-300x193.png 300w, https:\/\/www.radiopiu.net\/wordpress\/wp-content\/uploads\/2023\/02\/CALCIO-PALLONE.png 769w\" sizes=\"auto, (max-width: 201px) 100vw, 201px\" \/><\/a>DI MARCO GAZ<\/strong><\/p>\n<p><span style=\"color: #ff0000;\"><strong>TERZA CATEGORIA<\/strong><\/span><\/p>\n<p><strong>AGORDINA \u2013 FORTOGNA 2-0<\/strong><\/p>\n<p>GOL AGORDINA: 2 Ruben Dal Don<\/p>\n<p>Bella vittoria per l\u2019Agordina di Alan Davare che incamera tre punti importanti contro il Fortogna. Una prova di forza e di carattere per gli agordini che sono riusciti a vincere contro una delle squadre che lottano per il salto di categoria. Esordio di Griscioli in porta per i padroni di casa e prima partita portata a casa senza subire reti. Match condizionato dal vento che ha disturbato e non poco le squadre in campo all\u2019Ivano Dorigo. L\u2019Agordina parte subito bene e gestisce al meglio la sfida. Spreca qualche occasione e concede poco ai bellunesi. Sul finale di primo tempo arriva il gol del vantaggio con Ruben Dal Don. Anche nella ripresa gli uomini di Davare riescono a gestire al meglio la contesa provando a colpire in contropiede. Il raddoppio arriva ancora da Dal Don, bravo a superare il portiere. Agordini che si chiudono in difesa e Fortogna che non si rende pericoloso pi\u00f9 di tanto.<\/p>\n<p><strong>LA CLASSIFICA:<\/strong> Auronzo 47, Alpes Cesio e Fortogna 45, Lamonese 42, Fulgor Farra 41, Agordina 36, Tambre 34, Piave 33, Valzoldana 31, Dynamo Vellai 30, Cortina 16, Bellunese 12, Cadore 6, Valboite 1<\/p>\n<p><span style=\"color: #008000;\"><strong>GIOVANILI AGORDINA<\/strong><\/span><\/p>\n<p><span style=\"color: #ff0000;\"><strong>JUNIORES<\/strong><\/span><\/p>\n<p><strong>LIMANA \u2013 AGORDINA 1-0<\/strong><\/p>\n<p>Non riesce a trovare continuit\u00e0 la formazione Juniores dell\u2019Agordina, che dopo il convincente successo della scorsa settimana, incappa in una giornata storta sul campo del Limana, uscendo sconfitta per 1-0. Partita combattuta ma avara di emozioni, con i padroni di casa che sfruttano al meglio una delle poche occasioni a disposizione per trovare il gol decisivo. L\u2019Agordina, invece, fatica a rendersi pericolosa e non riesce a replicare la brillantezza vista nel turno precedente. Prestazione sottotono da parte dei ragazzi agordini, che non riescono a imporsi n\u00e9 sul piano del gioco n\u00e9 su quello dell\u2019intensit\u00e0. Ora sar\u00e0 fondamentale ritrovare subito la giusta concentrazione e ripartire con determinazione in vista del prossimo impegno stagionale.<\/p>\n<p><span style=\"color: #ff0000;\"><strong>ALLIEVI<\/strong><\/span><\/p>\n<p><strong>AGORDINA \u2013 SCHIARA 11-0<\/strong><\/p>\n<p>Una vera e propria goleada quella andata in scena sul sintetico di Polane, dove l\u2019Agordina ha annientato lo Schiara con un roboante 11-0. La partita, di fatto, non ha mai avuto storia: i padroni di casa sono entrati in campo con il giusto atteggiamento, mettendo subito alle corde gli avversari. Il primo tempo si \u00e8 chiuso con un eloquente 7-0, frutto di un gioco brillante e di una netta superiorit\u00e0 in ogni zona del campo. Nella ripresa, la squadra di casa non ha rallentato, trovando la via del gol per altre quattro volte, suggellando cos\u00ec una prestazione impeccabile. Protagonista assoluto dell\u2019incontro \u00e8 stato Soccol, autore di ben 8 reti, vera spina nel fianco della difesa avversaria. Ottima prova anche per Favero, che ha messo a referto una tripletta personale, completando il tabellino dei marcatori.<\/p>\n<p><span style=\"color: #ff0000;\"><strong>GIOVANISSIMI<\/strong><\/span><\/p>\n<p><span style=\"color: #ff0000;\"><strong>GIRONE A<\/strong><\/span><\/p>\n<p><strong>PEDAVENA \u2013 AGORDINA 3-0<\/strong><\/p>\n<p>L\u2019Agordina spreca un\u2019importante occasione per ipotecare il passaggio alla fase finale, cedendo 3-0 al Pedavena. I padroni di casa partono forte e segnano dopo soli tre minuti, mettendo in difficolt\u00e0 un\u2019Agordina spenta e insicura. Il primo tempo vede il Pedavena dominare, trovando anche il raddoppio su errore difensivo. Nella ripresa, i tentativi agordini mancano di lucidit\u00e0 e convinzione, e nel finale arriva il terzo gol, con la squadra sbilanciata in avanti. Ora l\u2019Agordina \u00e8 terza in classifica e dovr\u00e0 vincere tutte le prossime partite, sperando in risultati favorevoli dagli altri campi.<\/p>\n<p><span style=\"color: #ff0000;\"><strong>GIRONE B<\/strong><\/span><\/p>\n<p><strong>AGORDINA SQ.B \u2013 PEDAVENA SQ.B 4-0<\/strong><\/p>\n<p>L&#8217;Agordina conquista una brillante vittoria, confermando il buon momento dopo il successo della scorsa settimana. Al 3\u2019 Chissal\u00e9 apre le marcature su assist di Chenet. Nonostante qualche imprecisione, la squadra continua a spingere, mentre il Pedavena prova invano a sorprendere la difesa con lanci lunghi. Al 30\u2019 ancora Chissal\u00e9 raddoppia con un tiro preciso. Nella ripresa Fusina segna il terzo gol in mischia, poi Chissal\u00e9 completa la sua grande prestazione con un assist e una splendida azione personale. L\u2019Agordina riceve gli applausi del pubblico, segnale del buon lavoro svolto.<\/p>\n<p>&nbsp;<\/p>\n<blockquote class=\"wp-embedded-content\" data-secret=\"tG8SOUWMS6\"><p><a href=\"https:\/\/www.radiopiu.net\/wordpress\/agordina-in-prima-linea-ogni-domenica-su-radio-piu-il-podcast\/\">AGORDINA IN PRIMA LINEA, OGNI DOMENICA SU RADIO PIU&#8217; &#8211; IL PODCAST<\/a><\/p><\/blockquote>\n<p><iframe loading=\"lazy\" class=\"wp-embedded-content\" sandbox=\"allow-scripts\" security=\"restricted\" style=\"position: absolute; visibility: hidden;\" title=\"&#8220;AGORDINA IN PRIMA LINEA, OGNI DOMENICA SU RADIO PIU&#8217; &#8211; IL PODCAST&#8221; &#8212; Radio Pi\u00f9\" src=\"https:\/\/www.radiopiu.net\/wordpress\/agordina-in-prima-linea-ogni-domenica-su-radio-piu-il-podcast\/embed\/#?secret=au5hRxnwVl#?secret=tG8SOUWMS6\" data-secret=\"tG8SOUWMS6\" width=\"600\" height=\"338\" frameborder=\"0\" marginwidth=\"0\" marginheight=\"0\" scrolling=\"no\"><\/iframe><\/p>\n<p>&nbsp;<\/p>\n<p><span style=\"color: #0000ff;\"><strong>CORSA CAMPESTRE<\/strong><\/span><\/p>\n<blockquote>\n<h3>MANUELA BULF CAMPIONESSA ITALIANA CSI DI CORSA CAMPESTRE<\/h3>\n<\/blockquote>\n<p><strong><a class=\"dt-pswp-item\" href=\"https:\/\/www.radiopiu.net\/wordpress\/wp-content\/uploads\/2023\/05\/MANUELA-BULF.jpeg\" data-dt-img-description=\"\" data-large_image_width=\"1120\" data-large_image_height=\"850\"><img loading=\"lazy\" decoding=\"async\" class=\" wp-image-334710 alignleft\" src=\"https:\/\/www.radiopiu.net\/wordpress\/wp-content\/uploads\/2023\/05\/MANUELA-BULF-300x228.jpeg\" alt=\"\" width=\"189\" height=\"144\" srcset=\"https:\/\/www.radiopiu.net\/wordpress\/wp-content\/uploads\/2023\/05\/MANUELA-BULF-300x228.jpeg 300w, https:\/\/www.radiopiu.net\/wordpress\/wp-content\/uploads\/2023\/05\/MANUELA-BULF-1024x777.jpeg 1024w, https:\/\/www.radiopiu.net\/wordpress\/wp-content\/uploads\/2023\/05\/MANUELA-BULF-768x583.jpeg 768w, https:\/\/www.radiopiu.net\/wordpress\/wp-content\/uploads\/2023\/05\/MANUELA-BULF.jpeg 1120w\" sizes=\"auto, (max-width: 189px) 100vw, 189px\" \/><\/a>BORGO VALBELLUNA <\/strong>Si sono svolti a Mel i Campionati Nazionali CSI di corsa campestre, evento che ha visto una partecipazione entusiasta di atleti provenienti da tutta Italia. Tra i protagonisti della manifestazione, spicca il nome di Manuela Bulf, che ha dominato la gara della sua categoria, conquistando il titolo di campionessa italiana nella categoria Amatori A. La performance di Bulf \u00e8 stata semplicemente impeccabile: sin dai primi metri di gara ha imposto il suo ritmo, senza mai concedere spazio alle avversarie. Una vittoria che testimonia l&#8217;impegno e la preparazione dell&#8217;atleta, che ha saputo esprimersi al meglio in una competizione di altissimo livello. Non sono mancati altri ottimi risultati per i portacolori dell&#8217;Atletica Agordina, che hanno brillato nelle diverse categorie. Tra i veterani, Marina Savio ha ottenuto un prestigioso secondo posto nella categoria Veterani B, confermando ancora una volta la sua classe e determinazione. Paolo Cancel, anche lui atleta di punta dell&#8217;Atletica Agordina, si \u00e8 piazzato al quarto posto nella stessa categoria, mentre Monica Dal Molin ha chiuso al sesto posto nella gara riservata alle Veterane B, mostrando grande tenacia e spirito di squadra.<\/p>\n<p><strong>LA PREMIAZIONE DI MANUELA BULF<\/strong><\/p>\n<div style=\"width: 848px;\" class=\"wp-video\"><video class=\"wp-video-shortcode\" id=\"video-443418-2\" width=\"848\" height=\"480\" preload=\"metadata\" controls=\"controls\"><source type=\"video\/mp4\" src=\"https:\/\/www.radiopiu.net\/wordpress\/wp-content\/uploads\/2025\/04\/WhatsApp-Video-2025-04-05-at-17.09.35.mp4?_=2\" \/><a href=\"https:\/\/www.radiopiu.net\/wordpress\/wp-content\/uploads\/2025\/04\/WhatsApp-Video-2025-04-05-at-17.09.35.mp4\">https:\/\/www.radiopiu.net\/wordpress\/wp-content\/uploads\/2025\/04\/WhatsApp-Video-2025-04-05-at-17.09.35.mp4<\/a><\/video><\/div>\n<p>&nbsp;<\/p>\n<blockquote>\n<h3>CORSA SPETTACOLO A BORGO VALBELLUNA CON IL CAMPIONATO NAZIONALE CSI DI CORSA CAMPESTRE<\/h3>\n<\/blockquote>\n<p>Nel fine settimana si \u00e8 svolta a Mel di Borgo Valbelluna la 27\u00aa edizione del Campionato nazionale di corsa campestre del Centro Sportivo Italiano, con oltre 1.800 atleti da 139 societ\u00e0, 30 comitati territoriali e 10 regioni. Organizzato dal Csi nazionale, dal comitato di Belluno e dal Gs La Piave 2000, l\u2019evento ha visto due giornate di gare: sabato le competizioni individuali, domenica lo Staffettone delle Regioni. Vittoria generale per l\u2019Us 5 Stelle Seregnano, che ha trionfato anche nelle categorie assolute. Successo giovanile per Atletica 2000. Nelle staffette, dominio bellunese tra gli assoluti. L\u2019organizzazione, con 200 volontari, \u00e8 stata definita impeccabile, a conferma della forza del movimento Csi.<\/p>\n<p><strong>PER CONSULTARE LE CLASSIFICHE <a href=\"https:\/\/bit.ly\/4ccCWHS\"><span style=\"color: #3366ff;\">CLICCA QUI<\/span><\/a><\/strong><\/p>\n<p>&nbsp;<\/p>\n\n\t\t\t<style type='text\/css'>\n\t\t\t\t#gallery-6 {\n\t\t\t\t\tmargin: auto;\n\t\t\t\t}\n\t\t\t\t#gallery-6 .gallery-item {\n\t\t\t\t\tfloat: left;\n\t\t\t\t\tmargin-top: 10px;\n\t\t\t\t\ttext-align: center;\n\t\t\t\t\twidth: 33%;\n\t\t\t\t}\n\t\t\t\t#gallery-6 img {\n\t\t\t\t\tborder: 2px solid #cfcfcf;\n\t\t\t\t}\n\t\t\t\t#gallery-6 .gallery-caption {\n\t\t\t\t\tmargin-left: 0;\n\t\t\t\t}\n\t\t\t\t\/* see gallery_shortcode() in wp-includes\/media.php *\/\n\t\t\t<\/style>\n\t\t<div id='gallery-6' class='dt-gallery-container gallery galleryid-443418 gallery-columns-3 gallery-size-medium'><dl class='gallery-item'>\n\t\t\t\t<dt class='gallery-icon landscape'>\n\t\t\t\t\t<a class=\"rollover rollover-zoom dt-pswp-item\" title=\"P1026033\" data-dt-img-description=\"\" data-large_image_width=\"2560\" data-large_image_height=\"1706\"href='https:\/\/www.radiopiu.net\/wordpress\/wp-content\/uploads\/2025\/04\/P1026033-scaled.jpg'><img loading=\"lazy\" decoding=\"async\" width=\"300\" height=\"200\" src=\"https:\/\/www.radiopiu.net\/wordpress\/wp-content\/uploads\/2025\/04\/P1026033-300x200.jpg\" class=\"attachment-medium size-medium\" alt=\"\" srcset=\"https:\/\/www.radiopiu.net\/wordpress\/wp-content\/uploads\/2025\/04\/P1026033-300x200.jpg 300w, https:\/\/www.radiopiu.net\/wordpress\/wp-content\/uploads\/2025\/04\/P1026033-1024x683.jpg 1024w, https:\/\/www.radiopiu.net\/wordpress\/wp-content\/uploads\/2025\/04\/P1026033-768x512.jpg 768w, https:\/\/www.radiopiu.net\/wordpress\/wp-content\/uploads\/2025\/04\/P1026033-1536x1024.jpg 1536w, https:\/\/www.radiopiu.net\/wordpress\/wp-content\/uploads\/2025\/04\/P1026033-2048x1365.jpg 2048w\" sizes=\"auto, (max-width: 300px) 100vw, 300px\" \/><\/a>\n\t\t\t\t<\/dt><\/dl><dl class='gallery-item'>\n\t\t\t\t<dt class='gallery-icon landscape'>\n\t\t\t\t\t<a class=\"rollover rollover-zoom dt-pswp-item\" title=\"P1026820\" data-dt-img-description=\"\" data-large_image_width=\"2560\" data-large_image_height=\"1706\"href='https:\/\/www.radiopiu.net\/wordpress\/wp-content\/uploads\/2025\/04\/P1026820-scaled.jpg'><img loading=\"lazy\" decoding=\"async\" width=\"300\" height=\"200\" src=\"https:\/\/www.radiopiu.net\/wordpress\/wp-content\/uploads\/2025\/04\/P1026820-300x200.jpg\" class=\"attachment-medium size-medium\" alt=\"\" srcset=\"https:\/\/www.radiopiu.net\/wordpress\/wp-content\/uploads\/2025\/04\/P1026820-300x200.jpg 300w, https:\/\/www.radiopiu.net\/wordpress\/wp-content\/uploads\/2025\/04\/P1026820-1024x683.jpg 1024w, https:\/\/www.radiopiu.net\/wordpress\/wp-content\/uploads\/2025\/04\/P1026820-768x512.jpg 768w, https:\/\/www.radiopiu.net\/wordpress\/wp-content\/uploads\/2025\/04\/P1026820-1536x1024.jpg 1536w, https:\/\/www.radiopiu.net\/wordpress\/wp-content\/uploads\/2025\/04\/P1026820-2048x1365.jpg 2048w\" sizes=\"auto, (max-width: 300px) 100vw, 300px\" \/><\/a>\n\t\t\t\t<\/dt><\/dl><dl class='gallery-item'>\n\t\t\t\t<dt class='gallery-icon landscape'>\n\t\t\t\t\t<a class=\"rollover rollover-zoom dt-pswp-item\" title=\"P1026784\" data-dt-img-description=\"\" data-large_image_width=\"2560\" data-large_image_height=\"1706\"href='https:\/\/www.radiopiu.net\/wordpress\/wp-content\/uploads\/2025\/04\/P1026784-scaled.jpg'><img loading=\"lazy\" decoding=\"async\" width=\"300\" height=\"200\" src=\"https:\/\/www.radiopiu.net\/wordpress\/wp-content\/uploads\/2025\/04\/P1026784-300x200.jpg\" class=\"attachment-medium size-medium\" alt=\"\" srcset=\"https:\/\/www.radiopiu.net\/wordpress\/wp-content\/uploads\/2025\/04\/P1026784-300x200.jpg 300w, https:\/\/www.radiopiu.net\/wordpress\/wp-content\/uploads\/2025\/04\/P1026784-1024x683.jpg 1024w, https:\/\/www.radiopiu.net\/wordpress\/wp-content\/uploads\/2025\/04\/P1026784-768x512.jpg 768w, https:\/\/www.radiopiu.net\/wordpress\/wp-content\/uploads\/2025\/04\/P1026784-1536x1024.jpg 1536w, https:\/\/www.radiopiu.net\/wordpress\/wp-content\/uploads\/2025\/04\/P1026784-2048x1365.jpg 2048w\" sizes=\"auto, (max-width: 300px) 100vw, 300px\" \/><\/a>\n\t\t\t\t<\/dt><\/dl><br style=\"clear: both\" \/><dl class='gallery-item'>\n\t\t\t\t<dt class='gallery-icon landscape'>\n\t\t\t\t\t<a class=\"rollover rollover-zoom dt-pswp-item\" title=\"\u00a9echialessandrosogne-15\" data-dt-img-description=\"\" data-large_image_width=\"2560\" data-large_image_height=\"1706\"href='https:\/\/www.radiopiu.net\/wordpress\/wp-content\/uploads\/2025\/04\/\u00a9echialessandrosogne-15-scaled.jpg'><img loading=\"lazy\" decoding=\"async\" width=\"300\" height=\"200\" src=\"https:\/\/www.radiopiu.net\/wordpress\/wp-content\/uploads\/2025\/04\/\u00a9echialessandrosogne-15-300x200.jpg\" class=\"attachment-medium size-medium\" alt=\"\" srcset=\"https:\/\/www.radiopiu.net\/wordpress\/wp-content\/uploads\/2025\/04\/\u00a9echialessandrosogne-15-300x200.jpg 300w, https:\/\/www.radiopiu.net\/wordpress\/wp-content\/uploads\/2025\/04\/\u00a9echialessandrosogne-15-1024x683.jpg 1024w, https:\/\/www.radiopiu.net\/wordpress\/wp-content\/uploads\/2025\/04\/\u00a9echialessandrosogne-15-768x512.jpg 768w, https:\/\/www.radiopiu.net\/wordpress\/wp-content\/uploads\/2025\/04\/\u00a9echialessandrosogne-15-1536x1024.jpg 1536w, https:\/\/www.radiopiu.net\/wordpress\/wp-content\/uploads\/2025\/04\/\u00a9echialessandrosogne-15-2048x1365.jpg 2048w\" sizes=\"auto, (max-width: 300px) 100vw, 300px\" \/><\/a>\n\t\t\t\t<\/dt><\/dl><dl class='gallery-item'>\n\t\t\t\t<dt class='gallery-icon landscape'>\n\t\t\t\t\t<a class=\"rollover rollover-zoom dt-pswp-item\" title=\"\u00a9echialessandrosogne-27\" data-dt-img-description=\"\" data-large_image_width=\"2560\" data-large_image_height=\"1706\"href='https:\/\/www.radiopiu.net\/wordpress\/wp-content\/uploads\/2025\/04\/\u00a9echialessandrosogne-27-scaled.jpg'><img loading=\"lazy\" decoding=\"async\" width=\"300\" height=\"200\" src=\"https:\/\/www.radiopiu.net\/wordpress\/wp-content\/uploads\/2025\/04\/\u00a9echialessandrosogne-27-300x200.jpg\" class=\"attachment-medium size-medium\" alt=\"\" srcset=\"https:\/\/www.radiopiu.net\/wordpress\/wp-content\/uploads\/2025\/04\/\u00a9echialessandrosogne-27-300x200.jpg 300w, https:\/\/www.radiopiu.net\/wordpress\/wp-content\/uploads\/2025\/04\/\u00a9echialessandrosogne-27-1024x683.jpg 1024w, https:\/\/www.radiopiu.net\/wordpress\/wp-content\/uploads\/2025\/04\/\u00a9echialessandrosogne-27-768x512.jpg 768w, https:\/\/www.radiopiu.net\/wordpress\/wp-content\/uploads\/2025\/04\/\u00a9echialessandrosogne-27-1536x1024.jpg 1536w, https:\/\/www.radiopiu.net\/wordpress\/wp-content\/uploads\/2025\/04\/\u00a9echialessandrosogne-27-2048x1365.jpg 2048w\" sizes=\"auto, (max-width: 300px) 100vw, 300px\" \/><\/a>\n\t\t\t\t<\/dt><\/dl><dl class='gallery-item'>\n\t\t\t\t<dt class='gallery-icon landscape'>\n\t\t\t\t\t<a class=\"rollover rollover-zoom dt-pswp-item\" title=\"\u00a9echialessandrosogne-45\" data-dt-img-description=\"\" data-large_image_width=\"2560\" data-large_image_height=\"1706\"href='https:\/\/www.radiopiu.net\/wordpress\/wp-content\/uploads\/2025\/04\/\u00a9echialessandrosogne-45-scaled.jpg'><img loading=\"lazy\" decoding=\"async\" width=\"300\" height=\"200\" src=\"https:\/\/www.radiopiu.net\/wordpress\/wp-content\/uploads\/2025\/04\/\u00a9echialessandrosogne-45-300x200.jpg\" class=\"attachment-medium size-medium\" alt=\"\" srcset=\"https:\/\/www.radiopiu.net\/wordpress\/wp-content\/uploads\/2025\/04\/\u00a9echialessandrosogne-45-300x200.jpg 300w, https:\/\/www.radiopiu.net\/wordpress\/wp-content\/uploads\/2025\/04\/\u00a9echialessandrosogne-45-1024x683.jpg 1024w, https:\/\/www.radiopiu.net\/wordpress\/wp-content\/uploads\/2025\/04\/\u00a9echialessandrosogne-45-768x512.jpg 768w, https:\/\/www.radiopiu.net\/wordpress\/wp-content\/uploads\/2025\/04\/\u00a9echialessandrosogne-45-1536x1024.jpg 1536w, https:\/\/www.radiopiu.net\/wordpress\/wp-content\/uploads\/2025\/04\/\u00a9echialessandrosogne-45-2048x1365.jpg 2048w\" sizes=\"auto, (max-width: 300px) 100vw, 300px\" \/><\/a>\n\t\t\t\t<\/dt><\/dl><br style=\"clear: both\" \/>\n\t\t\t<\/div>\n\n<p>&nbsp;<\/p>\n<p><strong>ILARIO TANCON, PRESIDENTE DEL CSI BELLUNO<\/strong><\/p>\n<p><iframe loading=\"lazy\" title=\"Ilario Tancon Presidente CSI Belluno\" width=\"1200\" height=\"675\" src=\"https:\/\/www.youtube.com\/embed\/1ifwNgx-Zgg?feature=oembed\" frameborder=\"0\" allow=\"accelerometer; autoplay; clipboard-write; encrypted-media; gyroscope; picture-in-picture; web-share\" referrerpolicy=\"strict-origin-when-cross-origin\" allowfullscreen><\/iframe><\/p>\n<p>&nbsp;<\/p>\n<p><span style=\"color: #0000ff;\"><strong>PALLAVOLO<\/strong><\/span><\/p>\n<blockquote>\n<h3>L&#8217;SB VOLLEY VINCE E CONSOLIDA LA TERZA POSIZIONE IN CLASSIFICA<\/h3>\n<\/blockquote>\n<p><b><a class=\"dt-pswp-item\" href=\"https:\/\/www.radiopiu.net\/wordpress\/wp-content\/uploads\/2025\/04\/Immancabile_foto_di_gruppo.jpg\" data-dt-img-description=\"\" data-large_image_width=\"1133\" data-large_image_height=\"627\"><img loading=\"lazy\" decoding=\"async\" class=\" wp-image-443553 alignleft\" src=\"https:\/\/www.radiopiu.net\/wordpress\/wp-content\/uploads\/2025\/04\/Immancabile_foto_di_gruppo-300x166.jpg\" alt=\"\" width=\"226\" height=\"125\" srcset=\"https:\/\/www.radiopiu.net\/wordpress\/wp-content\/uploads\/2025\/04\/Immancabile_foto_di_gruppo-300x166.jpg 300w, https:\/\/www.radiopiu.net\/wordpress\/wp-content\/uploads\/2025\/04\/Immancabile_foto_di_gruppo-1024x567.jpg 1024w, https:\/\/www.radiopiu.net\/wordpress\/wp-content\/uploads\/2025\/04\/Immancabile_foto_di_gruppo-768x425.jpg 768w, https:\/\/www.radiopiu.net\/wordpress\/wp-content\/uploads\/2025\/04\/Immancabile_foto_di_gruppo.jpg 1133w\" sizes=\"auto, (max-width: 226px) 100vw, 226px\" \/><\/a>SB VOLLEY-SANTA CROCE 3-1 (<\/b><strong>25-27, 28-26, 25-20, 25-21)<\/strong><\/p>\n<p>La SB Volley conquista un\u2019altra vittoria importante contro il Santa Croce, confermando il terzo posto in classifica con due punti di vantaggio sulla Pallavolo Locara. Dopo un inizio difficile, le ragazze di Sedico-Belluno reagiscono con carattere, trascinate da una brillante Claudia Fiabane e dalle attaccanti Maschio, De Barba e Barp, tutte in doppia cifra. Il match \u00e8 stato combattuto, con momenti di grande equilibrio e colpi di scena, ma la SB ha saputo trovare la forza per imporsi nei momenti decisivi, come nel secondo set vinto 28-26 e nel quarto chiuso 25-21. La determinazione e la voglia di vincere sono state decisive, come sottolineato anche dalla centrale Vittoria Pombia nel post-partita.<\/p>\n<p>&nbsp;<\/p>\n<p>&nbsp;<\/p>\n<p>&nbsp;<\/p>\n<p>&nbsp;<\/p>\n<p>&nbsp;<\/p>\n<p>&nbsp;<\/p>\n<p>&nbsp;<\/p>\n","protected":false},"excerpt":{"rendered":"<p>****** &nbsp; &nbsp; LA\u00a0 APP PER IOS-IPHONE di Nicola Vettorello https:\/\/apps.apple.com\/it\/app\/radio-pi%C3%B9-emittente-agordina\/id1515939845 LA\u00a0 APP RADIO\u00a0 PER ANDROID di Nicola Vettorello https:\/\/play.google.com\/store\/apps\/details?id=net.radiopiu.iniko\u00a0\u00a0\u00a0\u00a0 &nbsp; &nbsp; \u00a0 &nbsp; OGGI \u00a0\u00a0 \u00a009.00\u00a0 oggi come ieri, il lunedi alle nove e il martedi alle 9.40 con Silvia Baldo 940 i racconti di Paolo Soppelsa\u00a0 10.30\u00a0 \u00a0 sib informa, il programma delle&hellip;<\/p>\n","protected":false},"author":4,"featured_media":443701,"comment_status":"closed","ping_status":"closed","sticky":false,"template":"","format":"standard","meta":{"_monsterinsights_skip_tracking":false,"_monsterinsights_sitenote_active":false,"_monsterinsights_sitenote_note":"","_monsterinsights_sitenote_category":0,"footnotes":""},"categories":[51,86,49],"tags":[],"class_list":["post-443418","post","type-post","status-publish","format-standard","has-post-thumbnail","hentry","category-evidenza-top","category-gr","category-news-18","category-51","category-86","category-49","description-off"],"img_url":"https:\/\/www.radiopiu.net\/wordpress\/wp-content\/uploads\/2025\/04\/Immagine-2025-04-07-053019.jpg","_links":{"self":[{"href":"https:\/\/www.radiopiu.net\/wordpress\/wp-json\/wp\/v2\/posts\/443418","targetHints":{"allow":["GET"]}}],"collection":[{"href":"https:\/\/www.radiopiu.net\/wordpress\/wp-json\/wp\/v2\/posts"}],"about":[{"href":"https:\/\/www.radiopiu.net\/wordpress\/wp-json\/wp\/v2\/types\/post"}],"author":[{"embeddable":true,"href":"https:\/\/www.radiopiu.net\/wordpress\/wp-json\/wp\/v2\/users\/4"}],"replies":[{"embeddable":true,"href":"https:\/\/www.radiopiu.net\/wordpress\/wp-json\/wp\/v2\/comments?post=443418"}],"version-history":[{"count":46,"href":"https:\/\/www.radiopiu.net\/wordpress\/wp-json\/wp\/v2\/posts\/443418\/revisions"}],"predecessor-version":[{"id":443739,"href":"https:\/\/www.radiopiu.net\/wordpress\/wp-json\/wp\/v2\/posts\/443418\/revisions\/443739"}],"wp:featuredmedia":[{"embeddable":true,"href":"https:\/\/www.radiopiu.net\/wordpress\/wp-json\/wp\/v2\/media\/443701"}],"wp:attachment":[{"href":"https:\/\/www.radiopiu.net\/wordpress\/wp-json\/wp\/v2\/media?parent=443418"}],"wp:term":[{"taxonomy":"category","embeddable":true,"href":"https:\/\/www.radiopiu.net\/wordpress\/wp-json\/wp\/v2\/categories?post=443418"},{"taxonomy":"post_tag","embeddable":true,"href":"https:\/\/www.radiopiu.net\/wordpress\/wp-json\/wp\/v2\/tags?post=443418"}],"curies":[{"name":"wp","href":"https:\/\/api.w.org\/{rel}","templated":true}]}}