{"id":443488,"date":"2025-04-05T13:38:40","date_gmt":"2025-04-05T11:38:40","guid":{"rendered":"https:\/\/www.radiopiu.net\/wordpress\/?p=443488"},"modified":"2025-04-07T05:36:18","modified_gmt":"2025-04-07T03:36:18","slug":"inaugurata-a-sedico-la-nuova-filiale-di-cortinabanca","status":"publish","type":"post","link":"https:\/\/www.radiopiu.net\/wordpress\/inaugurata-a-sedico-la-nuova-filiale-di-cortinabanca\/","title":{"rendered":"INAUGURATA A SEDICO LA NUOVA FILIALE DI CORTINABANCA"},"content":{"rendered":"<p>********<\/p>\n<p>&nbsp;<\/p>\n<p><strong>SEDICO <\/strong>Si \u00e8 svolta oggi l&#8217;inaugurazione della nuova filiale di CORTINABANCA nel comune di Sedico, alla presenza di numerosi membri della comunit\u00e0, soci, clienti e rappresentanti delle istituzioni locali. L\u2019apertura di questa filiale, gi\u00e0 operativa dallo scorso luned\u00ec 31 marzo, rappresenta un impegno significativo della Banca verso il territorio bellunese, in un momento storico in cui le grandi banche commerciali abbandonano i piccoli centri e chiudono i loro sportelli. Il primo a prendere la parola durante la cerimonia \u00e8 stato il Presidente di CORTINABANCA, Massimo Antonelli, che ha espresso grande soddisfazione per l&#8217;apertura della nuova filiale, aggiungendo &#8220;<em>Siamo orgogliosi di espandere la nostra presenza a Sedico, contribuendo allo sviluppo economico locale e offrendo servizi bancari di qualit\u00e0 ai nostri clienti e soci residenti della zona<\/em>.\u201d Nel suo discorso, il Presidente ha anche riportato il contenuto di un messaggio inviato dal Presidente della Provincia di Belluno, Roberto Padrin, che non ha potuto assistere di persona alla cerimonia, il quale ha augurato buon lavoro a tutto lo staff di CORTINABANCA, ribadendo come la Banca rappresenti \u201c<em>un esempio di servizio sociale autentico, attento ai bisogni della comunit\u00e0 locale\u2026 che con l\u2019apertura della filiale a Sedico rafforza ulteriormente il radicamento territoriale e la valorizzazione dell&#8217;economia locale<\/em>\u201d. La nuova filiale \u00e8 dotata di spazi moderni e accoglienti, progettati per garantire un&#8217;esperienza bancaria confortevole ed efficiente, come dichiarato dalla responsabile Marzia Fontana &#8220;<em>L&#8217;apertura di questa filiale ci permette di introdurre nuove tecnologie e servizi innovativi, che risponderanno meglio alle esigenze dei nostri clienti. Siamo impegnati a creare un ambiente accogliente e professionale, dove ogni cliente possa sentirsi valorizzato e supportato.<\/em>&#8221;\u00a0 \u00a0Il Direttore Generale di CORTINABANCA, Nicola Bernardi, ha ricordato quelle che sono le progettualit\u00e0 della Banca, professionalit\u00e0, proattivit\u00e0, spinta innovativa e stile collaborativo, dove l\u2019orientamento dei vertici e di tutti i dipendenti \u00e8 a supporto dei territori e delle comunit\u00e0, invitando soci e clienti ad essere ambasciatori dei valori che una banca di credito cooperativo pu\u00f2 trasmettere. Il Direttore ha fatto anche uno specifico riferimento alla uguaglianza di diritti e opportunit\u00e0 tra uomini e donne, aggiungendo che \u201c\u2026<em>da pochi giorni, abbiamo ricevuto la certificazione per la parit\u00e0 di genere, un riconoscimento che sottolinea il nostro impegno costante verso l&#8217;equit\u00e0 e l&#8217;inclusivit\u00e0 sul luogo di lavoro. Oggi, questo impegno \u00e8 dimostrato concretamente con una filiale totalmente al femminile, persone di grande esperienza e competenza, con le quali siamo certi di guadagnare la vostra fiducia.<\/em>&#8221; Con il suo intervento del Sindaco di Sedico, Christian Roldo, ha nuovamente ribadito il ruolo importante della cooperazione bancaria e il concetto di responsabilit\u00e0 sociale, che oggi viene assicurata nel comune di Sedico dalla presenza di una filiale di CORTINABANCA.\u201d Prima dell\u2019inizio dell\u2019apprezzato rinfresco, Don Sandro Capraro ha benedetto i locali della nuova filiale, a cui \u00e8 seguito il simbolico taglio del nastro.<\/p>\n\n\t\t\t<style type='text\/css'>\n\t\t\t\t#gallery-1 {\n\t\t\t\t\tmargin: auto;\n\t\t\t\t}\n\t\t\t\t#gallery-1 .gallery-item {\n\t\t\t\t\tfloat: left;\n\t\t\t\t\tmargin-top: 10px;\n\t\t\t\t\ttext-align: center;\n\t\t\t\t\twidth: 33%;\n\t\t\t\t}\n\t\t\t\t#gallery-1 img {\n\t\t\t\t\tborder: 2px solid #cfcfcf;\n\t\t\t\t}\n\t\t\t\t#gallery-1 .gallery-caption {\n\t\t\t\t\tmargin-left: 0;\n\t\t\t\t}\n\t\t\t\t\/* see gallery_shortcode() in wp-includes\/media.php *\/\n\t\t\t<\/style>\n\t\t<div id='gallery-1' class='dt-gallery-container gallery galleryid-443488 gallery-columns-3 gallery-size-thumbnail'><dl class='gallery-item'>\n\t\t\t\t<dt class='gallery-icon portrait'>\n\t\t\t\t\t<a class=\"rollover rollover-zoom dt-pswp-item\" title=\"Benedizione filiale\" data-dt-img-description=\"\" data-large_image_width=\"1512\" data-large_image_height=\"2016\"href='https:\/\/www.radiopiu.net\/wordpress\/wp-content\/uploads\/2025\/04\/Benedizione-filiale.jpg'><img loading=\"lazy\" decoding=\"async\" width=\"150\" height=\"150\" src=\"https:\/\/www.radiopiu.net\/wordpress\/wp-content\/uploads\/2025\/04\/Benedizione-filiale-150x150.jpg\" class=\"attachment-thumbnail size-thumbnail\" alt=\"\" \/><\/a>\n\t\t\t\t<\/dt><\/dl><dl class='gallery-item'>\n\t\t\t\t<dt class='gallery-icon portrait'>\n\t\t\t\t\t<a class=\"rollover rollover-zoom dt-pswp-item\" title=\"Direttore Generale Nicola Bernardi\" data-dt-img-description=\"\" data-large_image_width=\"1512\" data-large_image_height=\"2016\"href='https:\/\/www.radiopiu.net\/wordpress\/wp-content\/uploads\/2025\/04\/Direttore-Generale-Nicola-Bernardi.jpg'><img loading=\"lazy\" decoding=\"async\" width=\"150\" height=\"150\" src=\"https:\/\/www.radiopiu.net\/wordpress\/wp-content\/uploads\/2025\/04\/Direttore-Generale-Nicola-Bernardi-150x150.jpg\" class=\"attachment-thumbnail size-thumbnail\" alt=\"\" \/><\/a>\n\t\t\t\t<\/dt><\/dl><dl class='gallery-item'>\n\t\t\t\t<dt class='gallery-icon portrait'>\n\t\t\t\t\t<a class=\"rollover rollover-zoom dt-pswp-item\" title=\"Il team di Sedico\" data-dt-img-description=\"\" data-large_image_width=\"1512\" data-large_image_height=\"2016\"href='https:\/\/www.radiopiu.net\/wordpress\/wp-content\/uploads\/2025\/04\/Il-team-di-Sedico.jpg'><img loading=\"lazy\" decoding=\"async\" width=\"150\" height=\"150\" src=\"https:\/\/www.radiopiu.net\/wordpress\/wp-content\/uploads\/2025\/04\/Il-team-di-Sedico-150x150.jpg\" class=\"attachment-thumbnail size-thumbnail\" alt=\"\" \/><\/a>\n\t\t\t\t<\/dt><\/dl><br style=\"clear: both\" \/><dl class='gallery-item'>\n\t\t\t\t<dt class='gallery-icon portrait'>\n\t\t\t\t\t<a class=\"rollover rollover-zoom dt-pswp-item\" title=\"Il team di Sedico2\" data-dt-img-description=\"\" data-large_image_width=\"1512\" data-large_image_height=\"2016\"href='https:\/\/www.radiopiu.net\/wordpress\/wp-content\/uploads\/2025\/04\/Il-team-di-Sedico2.jpg'><img loading=\"lazy\" decoding=\"async\" width=\"150\" height=\"150\" src=\"https:\/\/www.radiopiu.net\/wordpress\/wp-content\/uploads\/2025\/04\/Il-team-di-Sedico2-150x150.jpg\" class=\"attachment-thumbnail size-thumbnail\" alt=\"\" \/><\/a>\n\t\t\t\t<\/dt><\/dl><dl class='gallery-item'>\n\t\t\t\t<dt class='gallery-icon portrait'>\n\t\t\t\t\t<a class=\"rollover rollover-zoom dt-pswp-item\" title=\"Presidente - Massimo Antonelli\" data-dt-img-description=\"\" data-large_image_width=\"1512\" data-large_image_height=\"2016\"href='https:\/\/www.radiopiu.net\/wordpress\/wp-content\/uploads\/2025\/04\/Presidente-Massimo-Antonelli.jpg'><img loading=\"lazy\" decoding=\"async\" width=\"150\" height=\"150\" src=\"https:\/\/www.radiopiu.net\/wordpress\/wp-content\/uploads\/2025\/04\/Presidente-Massimo-Antonelli-150x150.jpg\" class=\"attachment-thumbnail size-thumbnail\" alt=\"\" \/><\/a>\n\t\t\t\t<\/dt><\/dl><dl class='gallery-item'>\n\t\t\t\t<dt class='gallery-icon portrait'>\n\t\t\t\t\t<a class=\"rollover rollover-zoom dt-pswp-item\" title=\"Responsabile Filiale Marzia Fontana e Presidente Massimo Antonelli\" data-dt-img-description=\"\" data-large_image_width=\"1512\" data-large_image_height=\"2016\"href='https:\/\/www.radiopiu.net\/wordpress\/wp-content\/uploads\/2025\/04\/Responsabile-Filiale-Marzia-Fontana-e-Presidente-Massimo-Antonelli.jpg'><img loading=\"lazy\" decoding=\"async\" width=\"150\" height=\"150\" src=\"https:\/\/www.radiopiu.net\/wordpress\/wp-content\/uploads\/2025\/04\/Responsabile-Filiale-Marzia-Fontana-e-Presidente-Massimo-Antonelli-150x150.jpg\" class=\"attachment-thumbnail size-thumbnail\" alt=\"\" \/><\/a>\n\t\t\t\t<\/dt><\/dl><br style=\"clear: both\" \/>\n\t\t\t<\/div>\n\n<p>&nbsp;<\/p>\n<p>&nbsp;<\/p>\n<p>&nbsp;<\/p>\n<p>&nbsp;<\/p>\n<p>**********<\/p>\n","protected":false},"excerpt":{"rendered":"<p>******** &nbsp; SEDICO Si \u00e8 svolta oggi l&#8217;inaugurazione della nuova filiale di CORTINABANCA nel comune di Sedico, alla presenza di numerosi membri della comunit\u00e0, soci, clienti e rappresentanti delle istituzioni locali. L\u2019apertura di questa filiale, gi\u00e0 operativa dallo scorso luned\u00ec 31 marzo, rappresenta un impegno significativo della Banca verso il territorio bellunese, in un momento&hellip;<\/p>\n","protected":false},"author":4,"featured_media":443495,"comment_status":"closed","ping_status":"closed","sticky":false,"template":"","format":"standard","meta":{"_monsterinsights_skip_tracking":false,"_monsterinsights_sitenote_active":false,"_monsterinsights_sitenote_note":"","_monsterinsights_sitenote_category":0,"footnotes":""},"categories":[51,49],"tags":[],"class_list":["post-443488","post","type-post","status-publish","format-standard","has-post-thumbnail","hentry","category-evidenza-top","category-news-18","category-51","category-49","description-off"],"img_url":"https:\/\/www.radiopiu.net\/wordpress\/wp-content\/uploads\/2025\/04\/kldhoashbasop.jpg","_links":{"self":[{"href":"https:\/\/www.radiopiu.net\/wordpress\/wp-json\/wp\/v2\/posts\/443488","targetHints":{"allow":["GET"]}}],"collection":[{"href":"https:\/\/www.radiopiu.net\/wordpress\/wp-json\/wp\/v2\/posts"}],"about":[{"href":"https:\/\/www.radiopiu.net\/wordpress\/wp-json\/wp\/v2\/types\/post"}],"author":[{"embeddable":true,"href":"https:\/\/www.radiopiu.net\/wordpress\/wp-json\/wp\/v2\/users\/4"}],"replies":[{"embeddable":true,"href":"https:\/\/www.radiopiu.net\/wordpress\/wp-json\/wp\/v2\/comments?post=443488"}],"version-history":[{"count":2,"href":"https:\/\/www.radiopiu.net\/wordpress\/wp-json\/wp\/v2\/posts\/443488\/revisions"}],"predecessor-version":[{"id":443497,"href":"https:\/\/www.radiopiu.net\/wordpress\/wp-json\/wp\/v2\/posts\/443488\/revisions\/443497"}],"wp:featuredmedia":[{"embeddable":true,"href":"https:\/\/www.radiopiu.net\/wordpress\/wp-json\/wp\/v2\/media\/443495"}],"wp:attachment":[{"href":"https:\/\/www.radiopiu.net\/wordpress\/wp-json\/wp\/v2\/media?parent=443488"}],"wp:term":[{"taxonomy":"category","embeddable":true,"href":"https:\/\/www.radiopiu.net\/wordpress\/wp-json\/wp\/v2\/categories?post=443488"},{"taxonomy":"post_tag","embeddable":true,"href":"https:\/\/www.radiopiu.net\/wordpress\/wp-json\/wp\/v2\/tags?post=443488"}],"curies":[{"name":"wp","href":"https:\/\/api.w.org\/{rel}","templated":true}]}}