{"id":443558,"date":"2025-04-07T13:30:18","date_gmt":"2025-04-07T11:30:18","guid":{"rendered":"https:\/\/www.radiopiu.net\/wordpress\/?p=443558"},"modified":"2025-04-13T11:09:52","modified_gmt":"2025-04-13T09:09:52","slug":"i-racconti-di-paolo-soppelsa-puntata-270","status":"publish","type":"post","link":"https:\/\/www.radiopiu.net\/wordpress\/i-racconti-di-paolo-soppelsa-puntata-270\/","title":{"rendered":"I RACCONTI DI PAOLO SOPPELSA &#8211; PUNTATA 270"},"content":{"rendered":"<p>*******<\/p>\n<p>&nbsp;<\/p>\n<p><strong>NOTTE INQUIETA<\/strong><\/p>\n<p><strong>AUDIO<\/strong><\/p>\n<audio class=\"wp-audio-shortcode\" id=\"audio-443558-1\" preload=\"none\" style=\"width: 100%;\" controls=\"controls\"><source type=\"audio\/mpeg\" src=\"https:\/\/www.radiopiu.net\/wordpress\/wp-content\/uploads\/2025\/04\/PAOLOS.mp3?_=1\" \/><a href=\"https:\/\/www.radiopiu.net\/wordpress\/wp-content\/uploads\/2025\/04\/PAOLOS.mp3\">https:\/\/www.radiopiu.net\/wordpress\/wp-content\/uploads\/2025\/04\/PAOLOS.mp3<\/a><\/audio>\n<p>&nbsp;<\/p>\n<p><a class=\"dt-pswp-item\" href=\"https:\/\/www.radiopiu.net\/wordpress\/wp-content\/uploads\/2025\/04\/f8b1eca4-311d-4207-ba79-1fc57a864f15.jpg\" data-dt-img-description=\"\" data-large_image_width=\"1600\" data-large_image_height=\"1200\"><img loading=\"lazy\" decoding=\"async\" class=\" wp-image-443561 alignleft\" src=\"https:\/\/www.radiopiu.net\/wordpress\/wp-content\/uploads\/2025\/04\/f8b1eca4-311d-4207-ba79-1fc57a864f15-300x225.jpg\" alt=\"\" width=\"173\" height=\"130\" srcset=\"https:\/\/www.radiopiu.net\/wordpress\/wp-content\/uploads\/2025\/04\/f8b1eca4-311d-4207-ba79-1fc57a864f15-300x225.jpg 300w, https:\/\/www.radiopiu.net\/wordpress\/wp-content\/uploads\/2025\/04\/f8b1eca4-311d-4207-ba79-1fc57a864f15-1024x768.jpg 1024w, https:\/\/www.radiopiu.net\/wordpress\/wp-content\/uploads\/2025\/04\/f8b1eca4-311d-4207-ba79-1fc57a864f15-768x576.jpg 768w, https:\/\/www.radiopiu.net\/wordpress\/wp-content\/uploads\/2025\/04\/f8b1eca4-311d-4207-ba79-1fc57a864f15-1536x1152.jpg 1536w, https:\/\/www.radiopiu.net\/wordpress\/wp-content\/uploads\/2025\/04\/f8b1eca4-311d-4207-ba79-1fc57a864f15.jpg 1600w\" sizes=\"auto, (max-width: 173px) 100vw, 173px\" \/><\/a>Mezzanotte e pochi minuti. La televisione emette l&#8217;ultimo bagliore e poi si spegne. Rimane la quiete di una notte d&#8217;inizio primavera. Un ultimo sguardo dalla finestra, niente stelle in cielo, e niente luna. Non si scorge nemmeno il bianco della neve che ricopre la cima del Pelsa. Met\u00e0 montagna \u00e8 immersa in una umida cappa di nuvole. Una femmina di cervo si aggira tranquillamente sotto il tabi\u00e0 e, tendendo bene l&#8217;orecchio, si sente in lontananza il canto tranquillo del R\u00f9 da Ghisel. Vado a letto, tempo qualche minuto e sprofondo in un sonno pesante conciliato dalla quiete delle notti montane. Ore tre e pochi minuti, mi sveglio di soprassalto. Riemergo all&#8217;improvviso dagli inferi del sonno mentre un sordo e inquietante rumore sembra squassare la casa. La mente ancora assopita non realizza immediatamente ci\u00f2 che sta accadendo. Penso al terremoto, o forse a dei ladri in casa, poi, dopo qualche istante, ritorna la razionalit\u00e0. Accendo la luce e tutto appare in ordine, c&#8217;\u00e8 solamente quel rumore cupo che viene e va. Sento vibrare la lamiera del tetto, sento un fischio che proviene dal camino che in quegli attimi suona come un flauto gigante. \u00c8 il vento che provoca questo inquietante fragore notturno. Un vento teso che talvolta soffia a raffiche potenti, che sembra provenire da sud. Mi alzo, vado all\u2019abbaino e poi apro la finestra. Di colpo il suono del vento si fa pi\u00f9 forte. Un ululato malinconico e severo rompe il silenzio solenne di questa notte d&#8217;inizio primavera. La valle risuona come una immensa canna d\u2019organo che produce una nota da basso profondo. Guardo in alto, ora nel cielo si intravede qualche sprazzo di sereno nel quale brillano le stelle. C&#8217;\u00e8 subbuglio in cielo ed anche lungo i ripidi versanti del Pelsa. La stanca luce arancione dei radi lampioni illumina gli ancora spogli larici centenari che piegano verso nord. Si agitano mossi da quel vento che talvolta muta di colpo direzione venendosi ad infilare nella finestra socchiusa. Ora le raffiche si fanno pi\u00f9 forti e le lamiere del tetto vibrano producendo un suono sinistro. Non pu\u00f2 accadere nulla, mi dico, il tetto \u00e8 nuovo e costruito a regola d&#8217;arte, non pu\u00f2 cedere. E poi penso a loro, che tanti anni fa abitavano in questa casa tirata su a mano. Loro non avevano mai paura, nemmeno durante i violenti temporali estivi e neanche quando nevicava forte. Conoscevano la montagna, erano un tutt&#8217;uno con la loro terra. Guardavano dalla finestra e aspettavano con pazienza che il tempo ritornasse quieto. Al massimo imprecavano se la pioggia andava a bagnare l&#8217;erba appena falciata che si stava tramutando in fieno. Intanto il vento insiste, continua a sferzare la valle producendo quella nota cupa che a tratti cambia di intensit\u00e0. Ed ecco che, dopo alcuni minuti, le nuvole che avvolgevano met\u00e0 del Pelsa si diradano. Ora sono ricomparse quelle luci senza et\u00e0 che brillano nei boschi della grande montagna. Le due Stelle del Pelsa sono al loro posto e all&#8217;orizzonte sud si intravede il bianco della neve che ricopre il versante nord dello Spiz de Medod\u00ec. Ora il vento sembra calato, ulula con voce affaticata e fra una folata e l&#8217;altra si sente il malinconico canto del bereghel che sta vivendo la sua notte nei pressi delle case di Ghisel. \u00c8 tempo di tornare a letto a vivere il resto di questa notte inquieta, aspettando l&#8217;alba ascoltando gli ultimi sussurri notturni del vento che ora sta lasciando la valle.<\/p>\n<p>&nbsp;<\/p>\n<p>&nbsp;<\/p>\n<p>&nbsp;<\/p>\n<p>*********<\/p>\n","protected":false},"excerpt":{"rendered":"<p>******* &nbsp; NOTTE INQUIETA AUDIO &nbsp; Mezzanotte e pochi minuti. La televisione emette l&#8217;ultimo bagliore e poi si spegne. Rimane la quiete di una notte d&#8217;inizio primavera. Un ultimo sguardo dalla finestra, niente stelle in cielo, e niente luna. Non si scorge nemmeno il bianco della neve che ricopre la cima del Pelsa. Met\u00e0 montagna&hellip;<\/p>\n","protected":false},"author":4,"featured_media":443561,"comment_status":"closed","ping_status":"closed","sticky":false,"template":"","format":"standard","meta":{"_monsterinsights_skip_tracking":false,"_monsterinsights_sitenote_active":false,"_monsterinsights_sitenote_note":"","_monsterinsights_sitenote_category":0,"footnotes":""},"categories":[104,49,112],"tags":[],"class_list":["post-443558","post","type-post","status-publish","format-standard","has-post-thumbnail","hentry","category-evidenza_3","category-news-18","category-racconti-soppelsa","category-104","category-49","category-112","description-off"],"img_url":"https:\/\/www.radiopiu.net\/wordpress\/wp-content\/uploads\/2025\/04\/f8b1eca4-311d-4207-ba79-1fc57a864f15.jpg","_links":{"self":[{"href":"https:\/\/www.radiopiu.net\/wordpress\/wp-json\/wp\/v2\/posts\/443558","targetHints":{"allow":["GET"]}}],"collection":[{"href":"https:\/\/www.radiopiu.net\/wordpress\/wp-json\/wp\/v2\/posts"}],"about":[{"href":"https:\/\/www.radiopiu.net\/wordpress\/wp-json\/wp\/v2\/types\/post"}],"author":[{"embeddable":true,"href":"https:\/\/www.radiopiu.net\/wordpress\/wp-json\/wp\/v2\/users\/4"}],"replies":[{"embeddable":true,"href":"https:\/\/www.radiopiu.net\/wordpress\/wp-json\/wp\/v2\/comments?post=443558"}],"version-history":[{"count":1,"href":"https:\/\/www.radiopiu.net\/wordpress\/wp-json\/wp\/v2\/posts\/443558\/revisions"}],"predecessor-version":[{"id":443562,"href":"https:\/\/www.radiopiu.net\/wordpress\/wp-json\/wp\/v2\/posts\/443558\/revisions\/443562"}],"wp:featuredmedia":[{"embeddable":true,"href":"https:\/\/www.radiopiu.net\/wordpress\/wp-json\/wp\/v2\/media\/443561"}],"wp:attachment":[{"href":"https:\/\/www.radiopiu.net\/wordpress\/wp-json\/wp\/v2\/media?parent=443558"}],"wp:term":[{"taxonomy":"category","embeddable":true,"href":"https:\/\/www.radiopiu.net\/wordpress\/wp-json\/wp\/v2\/categories?post=443558"},{"taxonomy":"post_tag","embeddable":true,"href":"https:\/\/www.radiopiu.net\/wordpress\/wp-json\/wp\/v2\/tags?post=443558"}],"curies":[{"name":"wp","href":"https:\/\/api.w.org\/{rel}","templated":true}]}}