{"id":443566,"date":"2025-04-06T13:53:14","date_gmt":"2025-04-06T11:53:14","guid":{"rendered":"https:\/\/www.radiopiu.net\/wordpress\/?p=443566"},"modified":"2025-04-07T05:36:49","modified_gmt":"2025-04-07T03:36:49","slug":"agordo-dalle-dolomiti-alla-moda-e-allanimazione-la-famiglia-facciotto-fa-sognare","status":"publish","type":"post","link":"https:\/\/www.radiopiu.net\/wordpress\/agordo-dalle-dolomiti-alla-moda-e-allanimazione-la-famiglia-facciotto-fa-sognare\/","title":{"rendered":"AGORDO \u2013 DALLE DOLOMITI ALLA MODA E ALL\u2019ANIMAZIONE: LA FAMIGLIA FACCIOTTO FA SOGNARE"},"content":{"rendered":"<p>**<\/p>\n<p>AGORDO E&#8217; Corrado Cattadori (Chicco) che sulla pagina facebook Sei di Agordo se&#8230; pubblica la notizia di un giovane Agordino protagonista con il suo talento.<\/p>\n<p><img decoding=\"async\" src=\"https:\/\/www.radiopiu.net\/wordpress\/wp-content\/uploads\/2025\/04\/487945051_29443141405331745_6881726032196843026_n.jpg\" \/><\/p>\n<p><strong>Corrado Cattadori precisa:<\/strong><\/p>\n<p class=\"\" data-start=\"90\" data-end=\"291\">&#8220;\u00c8 sempre bello vedere come gli Agordini sappiano farsi strada nel mondo, portando talento, creativit\u00e0 e passione ben oltre i confini del territorio. E la famiglia Facciotto ne \u00e8 un esempio brillante! Una grande soddisfazione per Gianni Facciotto, che oggi pu\u00f2 essere orgoglioso non solo dei suoi figli, ma anche della nuova generazione. Giuseppe, uno dei due figli, \u00e8 un disegnatore affermato\u2026 e non per una realt\u00e0 qualsiasi, ma per la <strong data-start=\"529\" data-end=\"544\">Walt Disney<\/strong>, simbolo mondiale dell\u2019animazione e dell\u2019immaginario creativo. E come se non bastasse, arriva ora il nipote Leonardo \u2013 figlio di Daniele \u2013 a conquistare le luci della ribalta: \u00e8 stato infatti scelto come <strong data-start=\"752\" data-end=\"778\">testimonial per Armani<\/strong>, una delle firme pi\u00f9 prestigiose della moda internazionale. Leonardo \u00e8 protagonista in una <strong data-start=\"873\" data-end=\"925\">cartellonistica gigante in Piazza Duomo a Milano<\/strong>, uno degli spazi pubblicitari pi\u00f9 iconici d\u2019Italia. Un\u2019immagine che lascia senza fiato: il giovane Facciotto, volto di eleganza e stile, rappresenta con orgoglio un nuovo capitolo di successo per questa famiglia agordina. Un traguardo che parla di talento, impegno e radici forti. Complimenti a tutta la famiglia Facciotto\u2026 e avanti cos\u00ec!&#8221;<\/p>\n<p data-start=\"90\" data-end=\"291\">__<\/p>\n<p class=\"\" data-start=\"90\" data-end=\"291\">\n","protected":false},"excerpt":{"rendered":"<p>** AGORDO E&#8217; Corrado Cattadori (Chicco) che sulla pagina facebook Sei di Agordo se&#8230; pubblica la notizia di un giovane Agordino protagonista con il suo talento. Corrado Cattadori precisa: &#8220;\u00c8 sempre bello vedere come gli Agordini sappiano farsi strada nel mondo, portando talento, creativit\u00e0 e passione ben oltre i confini del territorio. E la famiglia&hellip;<\/p>\n","protected":false},"author":4,"featured_media":443567,"comment_status":"closed","ping_status":"closed","sticky":false,"template":"","format":"standard","meta":{"_monsterinsights_skip_tracking":false,"_monsterinsights_sitenote_active":false,"_monsterinsights_sitenote_note":"","_monsterinsights_sitenote_category":0,"footnotes":""},"categories":[104,49],"tags":[],"class_list":["post-443566","post","type-post","status-publish","format-standard","has-post-thumbnail","hentry","category-evidenza_3","category-news-18","category-104","category-49","description-off"],"img_url":"https:\/\/www.radiopiu.net\/wordpress\/wp-content\/uploads\/2025\/04\/487945051_29443141405331745_6881726032196843026_n.jpg","_links":{"self":[{"href":"https:\/\/www.radiopiu.net\/wordpress\/wp-json\/wp\/v2\/posts\/443566","targetHints":{"allow":["GET"]}}],"collection":[{"href":"https:\/\/www.radiopiu.net\/wordpress\/wp-json\/wp\/v2\/posts"}],"about":[{"href":"https:\/\/www.radiopiu.net\/wordpress\/wp-json\/wp\/v2\/types\/post"}],"author":[{"embeddable":true,"href":"https:\/\/www.radiopiu.net\/wordpress\/wp-json\/wp\/v2\/users\/4"}],"replies":[{"embeddable":true,"href":"https:\/\/www.radiopiu.net\/wordpress\/wp-json\/wp\/v2\/comments?post=443566"}],"version-history":[{"count":2,"href":"https:\/\/www.radiopiu.net\/wordpress\/wp-json\/wp\/v2\/posts\/443566\/revisions"}],"predecessor-version":[{"id":443569,"href":"https:\/\/www.radiopiu.net\/wordpress\/wp-json\/wp\/v2\/posts\/443566\/revisions\/443569"}],"wp:featuredmedia":[{"embeddable":true,"href":"https:\/\/www.radiopiu.net\/wordpress\/wp-json\/wp\/v2\/media\/443567"}],"wp:attachment":[{"href":"https:\/\/www.radiopiu.net\/wordpress\/wp-json\/wp\/v2\/media?parent=443566"}],"wp:term":[{"taxonomy":"category","embeddable":true,"href":"https:\/\/www.radiopiu.net\/wordpress\/wp-json\/wp\/v2\/categories?post=443566"},{"taxonomy":"post_tag","embeddable":true,"href":"https:\/\/www.radiopiu.net\/wordpress\/wp-json\/wp\/v2\/tags?post=443566"}],"curies":[{"name":"wp","href":"https:\/\/api.w.org\/{rel}","templated":true}]}}