{"id":443599,"date":"2025-04-07T05:29:34","date_gmt":"2025-04-07T03:29:34","guid":{"rendered":"https:\/\/www.radiopiu.net\/wordpress\/?p=443599"},"modified":"2025-04-07T05:33:34","modified_gmt":"2025-04-07T03:33:34","slug":"incidenti-in-montagna-soccorsi-tre-scialpinisti","status":"publish","type":"post","link":"https:\/\/www.radiopiu.net\/wordpress\/incidenti-in-montagna-soccorsi-tre-scialpinisti\/","title":{"rendered":"INCIDENTI IN MONTAGNA: SOCCORSI TRE SCIALPINISTI"},"content":{"rendered":"<p>*******<\/p>\n<p>&nbsp;<\/p>\n<p><strong><a class=\"dt-pswp-item\" href=\"https:\/\/www.radiopiu.net\/wordpress\/wp-content\/uploads\/2024\/12\/DSC00809-scaled.jpg\" data-dt-img-description=\"\" data-large_image_width=\"2560\" data-large_image_height=\"1707\"><img loading=\"lazy\" decoding=\"async\" class=\" wp-image-424550 alignleft\" src=\"https:\/\/www.radiopiu.net\/wordpress\/wp-content\/uploads\/2024\/12\/DSC00809-300x200.jpg\" alt=\"\" width=\"191\" height=\"127\" srcset=\"https:\/\/www.radiopiu.net\/wordpress\/wp-content\/uploads\/2024\/12\/DSC00809-300x200.jpg 300w, https:\/\/www.radiopiu.net\/wordpress\/wp-content\/uploads\/2024\/12\/DSC00809-1024x683.jpg 1024w, https:\/\/www.radiopiu.net\/wordpress\/wp-content\/uploads\/2024\/12\/DSC00809-768x512.jpg 768w, https:\/\/www.radiopiu.net\/wordpress\/wp-content\/uploads\/2024\/12\/DSC00809-1536x1024.jpg 1536w, https:\/\/www.radiopiu.net\/wordpress\/wp-content\/uploads\/2024\/12\/DSC00809-2048x1365.jpg 2048w\" sizes=\"auto, (max-width: 191px) 100vw, 191px\" \/><\/a>REDAZIONE <\/strong>Sono tre gli scialpinisti rimasti feriti oggi su altrettante montagne del Bellunese. Attorno a mezzogiorno, l&#8217;elicottero del Suem di Pieve di Cadore ha recuperato un 53enne di Farra di Soligo (TV), che, a seguito di una caduta, aveva riportato un trauma alla caviglia mentre stava scendendo in compagnia dal Van de Caleda, sul Monte San Sebastiano. L&#8217;uomo \u00e8 stato recuperato con un verricello di 10 metri e trasportato all&#8217;ospedale di Agordo. Successivamente, l\u2019eliambulanza si \u00e8 diretta a Mondeval, dove un 61enne di Roncade (TV) non riusciva pi\u00f9 a proseguire autonomamente dopo essersi infortunato a un ginocchio. Lo sciatore \u00e8 stato issato a bordo dal tecnico del Soccorso alpino e portato all\u2019ospedale di Pieve di Cadore. Infine, l\u2019elicottero \u00e8 intervenuto in Marmolada, sotto Forcella Ombrettola, per una scialpinista 32enne di Padova, con una sospetta frattura al ginocchio. Anche lei \u00e8 stata accompagnata all\u2019ospedale di Agordo.<\/p>\n<p>&nbsp;<\/p>\n<p>&nbsp;<\/p>\n<p>*********<\/p>\n","protected":false},"excerpt":{"rendered":"<p>******* &nbsp; REDAZIONE Sono tre gli scialpinisti rimasti feriti oggi su altrettante montagne del Bellunese. Attorno a mezzogiorno, l&#8217;elicottero del Suem di Pieve di Cadore ha recuperato un 53enne di Farra di Soligo (TV), che, a seguito di una caduta, aveva riportato un trauma alla caviglia mentre stava scendendo in compagnia dal Van de Caleda,&hellip;<\/p>\n","protected":false},"author":4,"featured_media":424550,"comment_status":"closed","ping_status":"closed","sticky":false,"template":"","format":"standard","meta":{"_monsterinsights_skip_tracking":false,"_monsterinsights_sitenote_active":false,"_monsterinsights_sitenote_note":"","_monsterinsights_sitenote_category":0,"footnotes":""},"categories":[51,49],"tags":[],"class_list":["post-443599","post","type-post","status-publish","format-standard","has-post-thumbnail","hentry","category-evidenza-top","category-news-18","category-51","category-49","description-off"],"img_url":"https:\/\/www.radiopiu.net\/wordpress\/wp-content\/uploads\/2024\/12\/DSC00809-scaled.jpg","_links":{"self":[{"href":"https:\/\/www.radiopiu.net\/wordpress\/wp-json\/wp\/v2\/posts\/443599","targetHints":{"allow":["GET"]}}],"collection":[{"href":"https:\/\/www.radiopiu.net\/wordpress\/wp-json\/wp\/v2\/posts"}],"about":[{"href":"https:\/\/www.radiopiu.net\/wordpress\/wp-json\/wp\/v2\/types\/post"}],"author":[{"embeddable":true,"href":"https:\/\/www.radiopiu.net\/wordpress\/wp-json\/wp\/v2\/users\/4"}],"replies":[{"embeddable":true,"href":"https:\/\/www.radiopiu.net\/wordpress\/wp-json\/wp\/v2\/comments?post=443599"}],"version-history":[{"count":1,"href":"https:\/\/www.radiopiu.net\/wordpress\/wp-json\/wp\/v2\/posts\/443599\/revisions"}],"predecessor-version":[{"id":443600,"href":"https:\/\/www.radiopiu.net\/wordpress\/wp-json\/wp\/v2\/posts\/443599\/revisions\/443600"}],"wp:featuredmedia":[{"embeddable":true,"href":"https:\/\/www.radiopiu.net\/wordpress\/wp-json\/wp\/v2\/media\/424550"}],"wp:attachment":[{"href":"https:\/\/www.radiopiu.net\/wordpress\/wp-json\/wp\/v2\/media?parent=443599"}],"wp:term":[{"taxonomy":"category","embeddable":true,"href":"https:\/\/www.radiopiu.net\/wordpress\/wp-json\/wp\/v2\/categories?post=443599"},{"taxonomy":"post_tag","embeddable":true,"href":"https:\/\/www.radiopiu.net\/wordpress\/wp-json\/wp\/v2\/tags?post=443599"}],"curies":[{"name":"wp","href":"https:\/\/api.w.org\/{rel}","templated":true}]}}