{"id":443655,"date":"2025-04-08T05:29:18","date_gmt":"2025-04-08T03:29:18","guid":{"rendered":"https:\/\/www.radiopiu.net\/wordpress\/?p=443655"},"modified":"2025-04-08T08:42:38","modified_gmt":"2025-04-08T06:42:38","slug":"giornale-radiopiu-08-aprile-2025-direttore-mirko-mezzacasa","status":"publish","type":"post","link":"https:\/\/www.radiopiu.net\/wordpress\/giornale-radiopiu-08-aprile-2025-direttore-mirko-mezzacasa\/","title":{"rendered":"GIORNALE RADIOPIU 08 APRILE 2025 DIRETTORE MIRKO MEZZACASA"},"content":{"rendered":"<p>******<\/p>\n<h3><\/h3>\n<h3><a class=\"dt-pswp-item\" href=\"https:\/\/www.radiopiu.net\/wordpress\/wp-content\/uploads\/2018\/06\/semaforo.jpg\" data-dt-img-description=\"\" data-large_image_width=\"1280\" data-large_image_height=\"853\"><img loading=\"lazy\" decoding=\"async\" class=\"wp-image-51229 alignleft\" src=\"https:\/\/www.radiopiu.net\/wordpress\/wp-content\/uploads\/2018\/06\/semaforo-300x200.jpg\" alt=\"\" width=\"105\" height=\"70\" srcset=\"https:\/\/www.radiopiu.net\/wordpress\/wp-content\/uploads\/2018\/06\/semaforo-300x200.jpg 300w, https:\/\/www.radiopiu.net\/wordpress\/wp-content\/uploads\/2018\/06\/semaforo-768x512.jpg 768w, https:\/\/www.radiopiu.net\/wordpress\/wp-content\/uploads\/2018\/06\/semaforo-1024x682.jpg 1024w, https:\/\/www.radiopiu.net\/wordpress\/wp-content\/uploads\/2018\/06\/semaforo.jpg 1280w\" sizes=\"auto, (max-width: 105px) 100vw, 105px\" \/><\/a>Taibon agordino, sulla 203, proprio all&#8217;uscita della galleria di Listolade (lato Taibon) vi \u00e8 un senso unico alternato per lavori con semaforo.\u00a0 Attenzione per chi sale, possibilit\u00e0 di trovare colonna proprio dietro la curva prima della galleria.<\/h3>\n<p>&nbsp;<\/p>\n<p>&nbsp;<\/p>\n<p><em><span style=\"color: #ff0000;\"><a class=\"dt-pswp-item\" href=\"https:\/\/www.radiopiu.net\/wordpress\/wp-content\/uploads\/2024\/10\/Senza-nome-8.png\" data-dt-img-description=\"\" data-large_image_width=\"343\" data-large_image_height=\"303\"><img loading=\"lazy\" decoding=\"async\" class=\"wp-image-412130 alignleft\" src=\"https:\/\/www.radiopiu.net\/wordpress\/wp-content\/uploads\/2024\/10\/Senza-nome-8-300x265.png\" alt=\"\" width=\"105\" height=\"93\" srcset=\"https:\/\/www.radiopiu.net\/wordpress\/wp-content\/uploads\/2024\/10\/Senza-nome-8-300x265.png 300w, https:\/\/www.radiopiu.net\/wordpress\/wp-content\/uploads\/2024\/10\/Senza-nome-8.png 343w\" sizes=\"auto, (max-width: 105px) 100vw, 105px\" \/><\/a><\/span><\/em><strong><em><span style=\"color: #ff0000;\"> LA\u00a0 APP PER IOS-IPHONE di Nicola Vettorello<\/span><\/em><\/strong><\/p>\n<p><strong><span style=\"color: #0000ff;\"><a style=\"color: #0000ff;\" href=\"https:\/\/apps.apple.com\/it\/app\/radio-pi%C3%B9-emittente-agordina\/id1515939845\">https:\/\/apps.apple.com\/it\/app\/radio-pi%C3%B9-emittente-agordina\/id1515939845<\/a><\/span><\/strong><\/p>\n<p><strong><em style=\"color: #ff0000;\">LA\u00a0 APP RADIO\u00a0 PER ANDROID di Nicola Vettorello<\/em><\/strong><\/p>\n<p><strong><span style=\"color: #0000ff;\"><a style=\"color: #0000ff;\" href=\"https:\/\/play.google.com\/store\/apps\/details?id=net.radiopiu.iniko\" target=\"_blank\" rel=\"noopener noreferrer\">https:\/\/<\/a><a style=\"color: #0000ff;\" href=\"https:\/\/play.google.com\/store\/apps\/details?id=net.radiopiu.iniko\" target=\"_blank\" rel=\"noopener noreferrer\">play.google.com\/store\/apps\/details?id=net.radiopiu.iniko\u00a0\u00a0\u00a0\u00a0<\/a><\/span><\/strong><\/p>\n<p>&nbsp;<\/p>\n<hr \/>\n<p><span style=\"color: #0000ff;\">\u00a0<\/span><\/p>\n<p>&nbsp;<\/p>\n<p><span style=\"color: #0000ff;\"><strong><a class=\"dt-pswp-item\" href=\"https:\/\/www.radiopiu.net\/wordpress\/wp-content\/uploads\/2025\/04\/Immagine-2025-04-08-045000.jpg\" data-dt-img-description=\"\" data-large_image_width=\"189\" data-large_image_height=\"273\"><img loading=\"lazy\" decoding=\"async\" class=\" wp-image-443904 alignleft\" src=\"https:\/\/www.radiopiu.net\/wordpress\/wp-content\/uploads\/2025\/04\/Immagine-2025-04-08-045000.jpg\" alt=\"\" width=\"139\" height=\"201\" \/><\/a>OGGI <\/strong>\u00a0<\/span>\u00a0 <strong>\u00a009.00<\/strong>\u00a0 IL MARTEDI E IL GIOVEDI ALLE NOVE LA MUSICA COUNTRY, DA 42 ANNI <strong>ALLE 940<\/strong> OGGI COME IERI CON SILVIA BALDO\u00a0 RADIOPIU CON ALEX NASCINBEN<strong> 10.10<\/strong> LE NOVE IN LADIN, DAL MUSLA <strong>10.30<\/strong>\u00a0 REPORTER, DI MARINA DONA&#8217;, OSPITE GIANNIANTONIO CASSISI musicoterapia e rapporto con il paziente (foto)<strong> 11.00<\/strong>\u00a0 piu&#8217; musica, le selezioni di moreno tocchetto e david ben\u00a0<span class=\"transfer_display_name\">\u00a0<strong>13.20<\/strong>\u00a0 COLLAGE, CON LORIS SCUSSEL DAL MARTEDI ALLA DOMENICA ALLE <strong>14.00<\/strong>\u00a0 arcade show con Elia Casagrande\u00a0<\/span><strong>16<\/strong><b>.45\u00a0<\/b> LE CLASSIFICHE, LA STORIA DELLA MUSICA, DI MIRCO BENCIVENNI <strong>19.00<\/strong> le anticipazioni del TG di Antenna 3 (Canale 10 digitale terrestre) di Tiziana Bolognani<\/p>\n<p><strong><span style=\"color: #ff0000;\">DOMANI SERA DALLE 20.30 DIRETTA RADIO<\/span>, al mercoledi di sera. Presentiamo la sagra de Pasca, tutte le novit\u00e0 con Gruppo Sportivo, Proloco, Abvs e&#8230; Eugenio Bien<\/strong><\/p>\n<p>&nbsp;<\/p>\n<p>&nbsp;<\/p>\n<hr \/>\n<p>&nbsp;<\/p>\n<p>&nbsp;<\/p>\n<div class=\"x11i5rnm xat24cr x1mh8g0r x1vvkbs xtlvy1s x126k92a\">\n<div dir=\"auto\">\n<div dir=\"auto\">\n<p><strong><a class=\"dt-pswp-item\" href=\"https:\/\/www.radiopiu.net\/wordpress\/wp-content\/uploads\/2024\/02\/2d44e751-d8a8-461b-8e22-d8e4e853b032.jpg\" data-dt-img-description=\"\" data-large_image_width=\"1600\" data-large_image_height=\"1200\"><img loading=\"lazy\" decoding=\"async\" class=\"wp-image-373307 alignleft\" src=\"https:\/\/www.radiopiu.net\/wordpress\/wp-content\/uploads\/2024\/02\/2d44e751-d8a8-461b-8e22-d8e4e853b032-300x225.jpg\" alt=\"\" width=\"105\" height=\"79\" srcset=\"https:\/\/www.radiopiu.net\/wordpress\/wp-content\/uploads\/2024\/02\/2d44e751-d8a8-461b-8e22-d8e4e853b032-300x225.jpg 300w, https:\/\/www.radiopiu.net\/wordpress\/wp-content\/uploads\/2024\/02\/2d44e751-d8a8-461b-8e22-d8e4e853b032-1024x768.jpg 1024w, https:\/\/www.radiopiu.net\/wordpress\/wp-content\/uploads\/2024\/02\/2d44e751-d8a8-461b-8e22-d8e4e853b032-768x576.jpg 768w, https:\/\/www.radiopiu.net\/wordpress\/wp-content\/uploads\/2024\/02\/2d44e751-d8a8-461b-8e22-d8e4e853b032-1536x1152.jpg 1536w, https:\/\/www.radiopiu.net\/wordpress\/wp-content\/uploads\/2024\/02\/2d44e751-d8a8-461b-8e22-d8e4e853b032.jpg 1600w\" sizes=\"auto, (max-width: 105px) 100vw, 105px\" \/><\/a>EL BAL DEL FIOR, DI GIULIANA DA RONCH, 08 APRILE<\/strong><strong> 2025<\/strong><\/p>\n<\/div>\n<p>&nbsp;<\/p>\n<div dir=\"auto\">\n<audio class=\"wp-audio-shortcode\" id=\"audio-443655-1\" preload=\"none\" style=\"width: 100%;\" controls=\"controls\"><source type=\"audio\/mpeg\" src=\"https:\/\/www.radiopiu.net\/wordpress\/wp-content\/uploads\/2025\/04\/GMA.mp3?_=1\" \/><a href=\"https:\/\/www.radiopiu.net\/wordpress\/wp-content\/uploads\/2025\/04\/GMA.mp3\">https:\/\/www.radiopiu.net\/wordpress\/wp-content\/uploads\/2025\/04\/GMA.mp3<\/a><\/audio>\n<p>&nbsp;<\/p>\n<hr \/>\n<p>&nbsp;<\/p>\n<p>&nbsp;<\/p>\n<\/div>\n<\/div>\n<\/div>\n<div class=\"x11i5rnm xat24cr x1mh8g0r x1vvkbs xtlvy1s x126k92a\">\n<blockquote>\n<h1><strong><a class=\"dt-pswp-item\" href=\"https:\/\/www.radiopiu.net\/wordpress\/wp-content\/uploads\/2024\/10\/629301fd-708d-4f53-95c2-d28cbefd500f.jpg\" data-dt-img-description=\"\" data-large_image_width=\"1600\" data-large_image_height=\"1322\"><img loading=\"lazy\" decoding=\"async\" class=\"wp-image-413782 alignright\" src=\"https:\/\/www.radiopiu.net\/wordpress\/wp-content\/uploads\/2024\/10\/629301fd-708d-4f53-95c2-d28cbefd500f-300x248.jpg\" alt=\"\" width=\"106\" height=\"88\" srcset=\"https:\/\/www.radiopiu.net\/wordpress\/wp-content\/uploads\/2024\/10\/629301fd-708d-4f53-95c2-d28cbefd500f-300x248.jpg 300w, https:\/\/www.radiopiu.net\/wordpress\/wp-content\/uploads\/2024\/10\/629301fd-708d-4f53-95c2-d28cbefd500f-1024x846.jpg 1024w, https:\/\/www.radiopiu.net\/wordpress\/wp-content\/uploads\/2024\/10\/629301fd-708d-4f53-95c2-d28cbefd500f-768x635.jpg 768w, https:\/\/www.radiopiu.net\/wordpress\/wp-content\/uploads\/2024\/10\/629301fd-708d-4f53-95c2-d28cbefd500f-1536x1269.jpg 1536w, https:\/\/www.radiopiu.net\/wordpress\/wp-content\/uploads\/2024\/10\/629301fd-708d-4f53-95c2-d28cbefd500f.jpg 1600w\" sizes=\"auto, (max-width: 106px) 100vw, 106px\" \/><\/a><\/strong><\/h1>\n<h1><strong><a class=\"dt-pswp-item\" href=\"https:\/\/www.radiopiu.net\/wordpress\/wp-content\/uploads\/2024\/11\/th-18.jpg\" data-dt-img-description=\"\" data-large_image_width=\"156\" data-large_image_height=\"180\"><img loading=\"lazy\" decoding=\"async\" class=\"size-full wp-image-421611 alignleft\" src=\"https:\/\/www.radiopiu.net\/wordpress\/wp-content\/uploads\/2024\/11\/th-18.jpg\" alt=\"\" width=\"156\" height=\"180\" \/><\/a><\/strong><\/h1>\n<h1><strong>N di parom &#8211; L Almanach de la nosta jent<\/strong><\/h1>\n<\/blockquote>\n<p>&nbsp;<\/p>\n<p>Le voci: Davide Conedera, Agordo, Michela Dell&#8217;Osbel, La Valle Agordina Simone Ganz, Falcade Veronica Lezuo, Colle Santa Lucia. La voce nella sigla \u00e8 di Giorgia Taio<\/p>\n<p><strong>LA PUNTATA DI OGGI, 08 APRILE 2025<\/strong><\/p>\n<audio class=\"wp-audio-shortcode\" id=\"audio-443655-2\" preload=\"none\" style=\"width: 100%;\" controls=\"controls\"><source type=\"audio\/mpeg\" src=\"https:\/\/www.radiopiu.net\/wordpress\/wp-content\/uploads\/2025\/04\/AL2.mp3?_=2\" \/><a href=\"https:\/\/www.radiopiu.net\/wordpress\/wp-content\/uploads\/2025\/04\/AL2.mp3\">https:\/\/www.radiopiu.net\/wordpress\/wp-content\/uploads\/2025\/04\/AL2.mp3<\/a><\/audio>\n<p>&nbsp;<\/p>\n<p>&nbsp;<\/p>\n<p>&nbsp;<\/p>\n<\/div>\n<div class=\"x11i5rnm xat24cr x1mh8g0r x1vvkbs xtlvy1s x126k92a\">\n<div dir=\"auto\">\n<hr \/>\n<\/div>\n<\/div>\n<blockquote>\n<blockquote>\n<h1><span style=\"color: #ff0000;\">\u00a0<\/span><\/h1>\n<h1><span style=\"color: #ff0000;\">I podcast informativi del mattino &#8211; audio &#8211;\u00a0\u00a0<\/span><\/h1>\n<\/blockquote>\n<p><strong><a class=\"dt-pswp-item\" href=\"https:\/\/www.radiopiu.net\/wordpress\/wp-content\/uploads\/2024\/11\/6.jpg\" data-dt-img-description=\"\" data-large_image_width=\"177\" data-large_image_height=\"180\"><img loading=\"lazy\" decoding=\"async\" class=\"size-full wp-image-417911 alignleft\" src=\"https:\/\/www.radiopiu.net\/wordpress\/wp-content\/uploads\/2024\/11\/6.jpg\" alt=\"\" width=\"177\" height=\"180\" \/><\/a>LA RASSEGNA STAMPA NAZIONALE ALLA RADIO, OGNI GIORNO ALLE 5 E ALLE 6 DEL MATTINO <span style=\"color: #0000ff;\">viene pubblicata alle 6.00 <span style=\"color: #ff0000;\">DIRETTA RADIO\u00a0 \u00a0\u00a0<\/span><\/span><\/strong><\/p><\/blockquote>\n<p>&nbsp;<\/p>\n<p><strong>\u00a0<\/strong><\/p>\n<p><strong>NOTIZIE DELLA NOTTE<\/strong><\/p>\n<p><strong>Borsa:<\/strong> Jakarta crolla a -9,19% e viene sospesa, Singapore -8,5% <strong>Borsa, Hong Kong<\/strong> tenta il rimbalzo e apre a +2,06%<br \/>\n<strong>La Borsa di Tokyo<\/strong> tenta il rimbalzo, +5,04% l&#8217;indice Nikkei <strong>Usa,<\/strong> la Corte suprema consente la legge di guerra per espulsioni <strong>Segretario Tesoro Usa<\/strong>, &#8216;Trump pronto a negoziare sui dazi&#8217; <strong>Amnesty,<\/strong> 1500 esecuzioni nel 2024 nel mondo,record 10 anni <strong>Trump<\/strong>, &#8216;la Ue dovr\u00e0 comprare l&#8217;energia dagli Usa&#8217;<\/p>\n<h1>AUDIO dalle 6 del mattino<\/h1>\n<audio class=\"wp-audio-shortcode\" id=\"audio-443655-3\" preload=\"none\" style=\"width: 100%;\" controls=\"controls\"><source type=\"audio\/mpeg\" src=\"https:\/\/www.radiopiu.net\/wordpress\/wp-content\/uploads\/2025\/04\/giornale07-6.mp3?_=3\" \/><a href=\"https:\/\/www.radiopiu.net\/wordpress\/wp-content\/uploads\/2025\/04\/giornale07-6.mp3\">https:\/\/www.radiopiu.net\/wordpress\/wp-content\/uploads\/2025\/04\/giornale07-6.mp3<\/a><\/audio>\n<p>&nbsp;<\/p>\n<p>&nbsp;<\/p>\n<hr \/>\n<p>&nbsp;<\/p>\n<h1 style=\"text-align: center;\"><span style=\"color: #ff0000;\"><a class=\"dt-pswp-item\" href=\"https:\/\/www.radiopiu.net\/wordpress\/wp-content\/uploads\/2024\/11\/7.jpg\" data-dt-img-description=\"\" data-large_image_width=\"180\" data-large_image_height=\"180\"><img loading=\"lazy\" decoding=\"async\" class=\"size-full wp-image-417912 alignleft\" src=\"https:\/\/www.radiopiu.net\/wordpress\/wp-content\/uploads\/2024\/11\/7.jpg\" alt=\"\" width=\"180\" height=\"180\" srcset=\"https:\/\/www.radiopiu.net\/wordpress\/wp-content\/uploads\/2024\/11\/7.jpg 180w, https:\/\/www.radiopiu.net\/wordpress\/wp-content\/uploads\/2024\/11\/7-150x150.jpg 150w\" sizes=\"auto, (max-width: 180px) 100vw, 180px\" \/><\/a>I podcast informativi del mattino &#8211; audio &#8211;\u00a0<\/span><\/h1>\n<p><strong>OGNI GIORNO ALLE SETTE DEL MATTINO, LA RASSEGNA STAMPA LOCALE FLASH&#8230; PER CHI VA IN FRETTA. I TITOLI DAI GIORNALI E DAL SITO WWW.RADIOPIU.NET <span style=\"color: #0000ff;\">viene pubblicato alle 7.00<\/span> <span style=\"color: #ff0000;\">DIRETTA RADIO\u00a0<\/span><\/strong><\/p>\n<p><em><span style=\"color: #ff0000;\">per chi va in fretta&#8230; tante notizie in pochi minuti. L&#8217;informazione locale alla radio, ogni ora dalle 7 del mattino alle 19 della sera.\u00a0 \u00a0<\/span><\/em><\/p>\n<p><strong>BENTORNATO CHRISTIAN! <\/strong>AGORDO Christian Selle \u00e8 finalmente tornato a casa dopo aver affrontato un lungo e difficile percorso di recupero seguito a un grave incidente stradale.<br \/>\n<strong>MIGLIORANO LE CONDIZIONI DEL GIOVANE MOTOCICLISTA FERITO A SOSPIROLO <\/strong>SOSPIROLO \u2013 Notizie incoraggianti dall\u2019ospedale Ca\u2019 Foncello di Treviso per Saverio Dalla Mora, il 21enne di San Zenon rimasto gravemente ferito sabato sera in un incidente motociclistico a Villa Giustina.<br \/>\n<strong>GATTO SBRANATO IN GIARDINO: PAURA IN CENTRO A PIEVE DI CADORE<\/strong><br \/>\nPIEVE DI CADORE \u2013 Notte di paura in via Nazionale, dove una donna ha assistito impotente alla predazione del proprio gatto da parte di tre lupi<br \/>\n<strong>VIOLENZA SESSUALE: DUE CONDANNE DA MINORE, MA EVITA IL CARCERE<\/strong><br \/>\nFELTRE Due condanne definitive per violenza sessuale, ma nessun ingresso in carcere per un giovane ora maggiorenne, grazie agli sconti ottenuti in Appello.<\/p>\n<p><strong data-start=\"0\" data-end=\"62\">Notizie locali dal Bellunese: tra cronaca, eventi e novit\u00e0<\/strong><\/p>\n<div class=\"flex flex-1 grow basis-auto flex-col overflow-hidden\">\n<div class=\"relative h-full\">\n<div class=\"flex h-full flex-col overflow-y-auto [scrollbar-gutter:stable]\">\n<div class=\"mt-1.5 flex flex-col text-sm @thread-xl\/thread:pt-header-height md:pb-9\">\n<article class=\"group\/turn w-full text-token-text-primary focus-visible:outline-none\" dir=\"auto\" tabindex=\"-1\" data-testid=\"conversation-turn-2\" data-scroll-anchor=\"true\">\n<div class=\"text-base my-auto mx-auto py-5 px-6\">\n<div class=\"mx-auto flex flex-1 text-base gap-4 md:gap-5 lg:gap-6 md:max-w-3xl\">\n<div class=\"group\/conversation-turn relative flex w-full min-w-0 flex-col agent-turn @xs\/thread:px-0 @sm\/thread:px-1.5 @md\/thread:px-4\">\n<div class=\"relative flex-col gap-1 md:gap-3\">\n<div class=\"flex max-w-full flex-col flex-grow\">\n<div class=\"min-h-8 text-message relative flex w-full flex-col items-end gap-2 whitespace-normal break-words text-start [.text-message+&amp;]:mt-5\" dir=\"auto\" data-message-author-role=\"assistant\" data-message-id=\"bff05fc0-dc7c-4ab7-9b20-d3eec753127b\" data-message-model-slug=\"gpt-4o-mini\">\n<div class=\"flex w-full flex-col gap-1 empty:hidden first:pt-[3px]\">\n<div class=\"markdown prose w-full break-words dark:prose-invert dark\">\n<p class=\"\" data-start=\"64\" data-end=\"329\">Radio Pi\u00f9 offre una panoramica sui principali eventi e notizie in provincia di Belluno, accompagnata dalla programmazione radiofonica. Tra le principali notizie<\/p>\n<\/div>\n<\/div>\n<\/div>\n<\/div>\n<\/div>\n<\/div>\n<\/div>\n<\/div>\n<\/article>\n<\/div>\n<\/div>\n<\/div>\n<\/div>\n<h1>AUDIO dalle 7 del mattino<\/h1>\n<audio class=\"wp-audio-shortcode\" id=\"audio-443655-4\" preload=\"none\" style=\"width: 100%;\" controls=\"controls\"><source type=\"audio\/mpeg\" src=\"https:\/\/www.radiopiu.net\/wordpress\/wp-content\/uploads\/2025\/04\/GF07-6.mp3?_=4\" \/><a href=\"https:\/\/www.radiopiu.net\/wordpress\/wp-content\/uploads\/2025\/04\/GF07-6.mp3\">https:\/\/www.radiopiu.net\/wordpress\/wp-content\/uploads\/2025\/04\/GF07-6.mp3<\/a><\/audio>\n<p>&nbsp;<\/p>\n<p>&nbsp;<\/p>\n<hr \/>\n<p>&nbsp;<\/p>\n<h1><\/h1>\n<h1 style=\"text-align: center;\"><span style=\"color: #ff0000;\"><a class=\"dt-pswp-item\" href=\"https:\/\/www.radiopiu.net\/wordpress\/wp-content\/uploads\/2024\/11\/th.jpg\" data-dt-img-description=\"\" data-large_image_width=\"148\" data-large_image_height=\"179\"><img loading=\"lazy\" decoding=\"async\" class=\"size-full wp-image-417913 alignleft\" src=\"https:\/\/www.radiopiu.net\/wordpress\/wp-content\/uploads\/2024\/11\/th.jpg\" alt=\"\" width=\"148\" height=\"179\" \/><\/a>I podcast informativi del mattino &#8211; audio &#8211;\u00a0<\/span><\/h1>\n<blockquote><p><strong>GIORNALE RADIO NAZIONALE, EDIZIONE DELLE SETTE <span style=\"color: #0000ff;\">viene pubblicato alle 7.05 <span style=\"color: #ff0000;\">DIRETTA RADIO\u00a0<\/span><\/span><\/strong><\/p><\/blockquote>\n<p><strong>il giornale radionazionale e&#8217; in onda ogni ora, dalle sette del mattino alle venti della sera\u00a0 \u00a0<\/strong><\/p>\n<p>&nbsp;<\/p>\n<p>&nbsp;<\/p>\n<p><strong><a class=\"dt-pswp-item\" href=\"https:\/\/www.radiopiu.net\/wordpress\/wp-content\/uploads\/2025\/02\/download-7.jpg\" data-dt-img-description=\"\" data-large_image_width=\"211\" data-large_image_height=\"239\"><img loading=\"lazy\" decoding=\"async\" class=\" wp-image-435553 alignleft\" src=\"https:\/\/www.radiopiu.net\/wordpress\/wp-content\/uploads\/2025\/02\/download-7.jpg\" alt=\"\" width=\"147\" height=\"167\" \/><\/a>VENEZIA<\/strong> Ha rischiato uno stupro, e si \u00e8 salvata perch\u00e8 \u00e8 riuscita a chiudersi in macchina in tempo, mentre l&#8217;aggressore, un 55enne <strong>NAPOLI<\/strong> Due morti a Napoli, l&#8217;omicidio-suicidio dopo la scoperta di alcuni messaggi La vittima aveva gi\u00e0 denunciato le minacce del suo assassino <strong>ROMA<\/strong> Morto il tredicenne ferito da un colpo di pistola a Roma Il ragazzino era in gravi condizioni, aveva preso l&#8217;arma del fratello <strong>BERGAMO<\/strong> Auto a fuoco, dentro un corpo carbonizzato<br \/>\nSul posto i carabinieri che non escludono alcuna ipotesi <strong>TARANTO<\/strong> L&#8217;auto si schianta contro l&#8217;albero,la strage dei ragazzi Vittime un operaio 22enne e tre studenti, due 16enni e un 19enne. Nel tarantino 4 morti, uno di loro aveva festeggiato compleanno <strong>CRONACA<\/strong> La mamma di Samson confessa: &#8216;L&#8217;ho aiutato a ripulire le tracce di sangue&#8217; <strong>ROMA<\/strong> Addio a Ilaria. Il pap\u00e0, &#8216;era d&#8217;oro, lui marcisca in cella&#8217; <strong>ROMA<\/strong> Cade dal monopattino e muore in ospedale, &#8216;sbagliata la tac&#8217; Denuncia della famiglia del 24enne. Il ministero invia gli ispettori <strong>POZZUOLI <\/strong>L&#8217;ex la massacra di botte e poi cerca di gettarla nel vuoto: &#8216;Sono una sopravvissuta&#8217; <strong>PALERMO <\/strong>A Misilmeri i funerali di Sara, &#8220;l&#8217;amore non uccide&#8221;<\/p>\n<p>&nbsp;<\/p>\n<p>&nbsp;<\/p>\n<p><strong><a class=\"dt-pswp-item\" href=\"https:\/\/www.radiopiu.net\/wordpress\/wp-content\/uploads\/2025\/02\/download-3.jpg\" data-dt-img-description=\"\" data-large_image_width=\"223\" data-large_image_height=\"226\"><img loading=\"lazy\" decoding=\"async\" class=\" wp-image-434732 alignleft\" src=\"https:\/\/www.radiopiu.net\/wordpress\/wp-content\/uploads\/2025\/02\/download-3.jpg\" alt=\"\" width=\"107\" height=\"108\" srcset=\"https:\/\/www.radiopiu.net\/wordpress\/wp-content\/uploads\/2025\/02\/download-3.jpg 223w, https:\/\/www.radiopiu.net\/wordpress\/wp-content\/uploads\/2025\/02\/download-3-150x150.jpg 150w\" sizes=\"auto, (max-width: 107px) 100vw, 107px\" \/><\/a>VENEZIA <\/strong>Ha rischiato uno stupro, e si \u00e8 salvata perch\u00e8 \u00e8 riuscita a chiudersi in macchina in tempo, mentre l&#8217;aggressore, un 55enne, con problemi di tossicodipendenza, cercava di aprire l&#8217;auto a forza.\u00a0 Cos\u00ec, una volta denunciato il fatto ai carabinieri, ha deciso di scrivere tutto in un post pubblico su Facebook. Protagonista del fatto \u00e8 Chiara Iuliano, assessora alle politiche sociali del Comune di Dolo, nel veneziano.<\/p>\n<p><strong>CANAZEI<\/strong> Valanga sulla Marmolada, due persone estratte dalla neve Portati con l&#8217;elicottero negli ospedali di Bolzano e Belluno\u00a0 <strong>TREVISO<\/strong> Nei primi 3 mesi +10% export prosecco in Usa, &#8216;fanno magazzino&#8217; Presidente Doc, &#8216;siamo consapevoli di dover variare mercati&#8217;<br \/>\n<strong>VENEZIA<\/strong> Stampavano banconote false e le vendevano in tutta Europa<br \/>\nTre arresti in diverse regioni, usavano macchinari innovativi <strong>VENEZIA<\/strong> Zaia, &#8216;Musk spera area libera Ue-Usa, Europa investa su questo&#8217; &#8216;Export vino veneto in America 600mln, ovvio siamo preoccupati&#8217;<\/p>\n<h1><span style=\"color: #ff0000;\"><span style=\"color: #0000ff;\">ULTIM&#8217;ORA<\/span> <span style=\"color: #000000;\">AUDIO dalle sette del mattino, ogni ora alla radio EDIZIONE DELLE SETTE<\/span><\/span><\/h1>\n<audio class=\"wp-audio-shortcode\" id=\"audio-443655-5\" preload=\"none\" style=\"width: 100%;\" controls=\"controls\"><source type=\"audio\/mpeg\" src=\"https:\/\/www.radiopiu.net\/wordpress\/wp-content\/uploads\/2025\/04\/giornale07-7.mp3?_=5\" \/><a href=\"https:\/\/www.radiopiu.net\/wordpress\/wp-content\/uploads\/2025\/04\/giornale07-7.mp3\">https:\/\/www.radiopiu.net\/wordpress\/wp-content\/uploads\/2025\/04\/giornale07-7.mp3<\/a><\/audio>\n<p>&nbsp;<\/p>\n<p>&nbsp;<\/p>\n<hr \/>\n<p>&nbsp;<\/p>\n<p>&nbsp;<\/p>\n<h1><span style=\"color: #ff0000;\"><a class=\"dt-pswp-item\" href=\"https:\/\/www.radiopiu.net\/wordpress\/wp-content\/uploads\/2024\/11\/8.jpg\" data-dt-img-description=\"\" data-large_image_width=\"180\" data-large_image_height=\"180\"><img loading=\"lazy\" decoding=\"async\" class=\"size-full wp-image-417910 alignleft\" src=\"https:\/\/www.radiopiu.net\/wordpress\/wp-content\/uploads\/2024\/11\/8.jpg\" alt=\"\" width=\"180\" height=\"180\" srcset=\"https:\/\/www.radiopiu.net\/wordpress\/wp-content\/uploads\/2024\/11\/8.jpg 180w, https:\/\/www.radiopiu.net\/wordpress\/wp-content\/uploads\/2024\/11\/8-150x150.jpg 150w\" sizes=\"auto, (max-width: 180px) 100vw, 180px\" \/><\/a>I podcast informativi del mattino &#8211; video &#8211;\u00a0<\/span><\/h1>\n<h2 style=\"text-align: left;\"><strong>RASSEGNA STAMPA LOCALE, ORE OTTO<\/strong><\/h2>\n<h2><strong> <span style=\"color: #0000ff;\">viene\u00a0 <\/span><\/strong><strong><span style=\"color: #0000ff;\">pubblicata alle 8.05 <span style=\"color: #ff0000;\">DIRETTA RADIO\u00a0 \u00a0<\/span><\/span><\/strong><strong>DI MIRKO MEZZACASA<\/strong><span style=\"color: #ff0000;\"><strong>\u00a0\u00a0<\/strong><\/span><\/h2>\n<p><strong>MORTE A CORTINA: SCAGIONATI I CARDIOLOGI INDAGATI<\/strong><br \/>\nBELLUNO \u2013 Gianfranco Alberti mor\u00ec il 18 agosto 2024 davanti a casa sua a Cortina, dopo essere stato dimesso dall\u2019ospedale San Martino di Belluno. La causa: una dissezione dell\u2019aorta con emotorace<\/p>\n<p><strong>RIELETTA LA DIREZIONE NAZIONALE DEL SOCCORSO ALPINO E SPELEOLOGICO: MAURIZIO DELLANTONIO CONFERMATO PRESIDENTE NAZIONALE PER IL PROSSIMO TRIENNIO<\/strong><br \/>\nMILANO Si \u00e8 svolta sabato l\u2019Assemblea nazionale del Corpo Nazionale Soccorso Alpino e Speleologico (CNSAS), appuntamento centrale per la vita dell\u2019associazione<br \/>\n<strong>GAV AGORDO: OLTRE 4.700 ORE DI VOLONTARIATO NEL 2024,<\/strong> SGUARDO AL FUTURO TRA IMPEGNO E SFIDE Il GAV, nato 32 anni fa, continua a operare senza richiedere quota associativa<br \/>\n<strong>A GIORNI LA PUBBLICAZIONE DEL BANDO REGIONALE PER IL SOSTEGNO ALLE IMPRESE DEL LEGNO, COMMERCIO E RISTORAZIONE<\/strong><\/p>\n<h1><span style=\"color: #ff0000;\"><strong>VIDEO\u00a0 \u00a0in diretta AGGIORNAMENTO\u00a0 dalle 8 del mattino\u00a0\u00a0<\/strong><\/span><\/h1>\n<p><iframe loading=\"lazy\" title=\"DAL 1983 LA RASSEGNA STAMPA LOCALE di mirko mezzacasa. L&#039;ORIGINALE\" width=\"1200\" height=\"675\" src=\"https:\/\/www.youtube.com\/embed\/HfRvSSpQT_w?feature=oembed\" frameborder=\"0\" allow=\"accelerometer; autoplay; clipboard-write; encrypted-media; gyroscope; picture-in-picture; web-share\" referrerpolicy=\"strict-origin-when-cross-origin\" allowfullscreen><\/iframe><\/p>\n<p><a class=\"dt-pswp-item\" href=\"https:\/\/www.radiopiu.net\/wordpress\/wp-content\/uploads\/2025\/04\/COOP2.jpg\" data-dt-img-description=\"\" data-large_image_width=\"419\" data-large_image_height=\"257\"><img loading=\"lazy\" decoding=\"async\" class=\"alignnone size-medium wp-image-443916\" src=\"https:\/\/www.radiopiu.net\/wordpress\/wp-content\/uploads\/2025\/04\/COOP2-300x184.jpg\" alt=\"\" width=\"300\" height=\"184\" srcset=\"https:\/\/www.radiopiu.net\/wordpress\/wp-content\/uploads\/2025\/04\/COOP2-300x184.jpg 300w, https:\/\/www.radiopiu.net\/wordpress\/wp-content\/uploads\/2025\/04\/COOP2.jpg 419w\" sizes=\"auto, (max-width: 300px) 100vw, 300px\" \/><\/a><a class=\"dt-pswp-item\" href=\"https:\/\/www.radiopiu.net\/wordpress\/wp-content\/uploads\/2025\/04\/COOP1-1.jpg\" data-dt-img-description=\"\" data-large_image_width=\"676\" data-large_image_height=\"221\"><img loading=\"lazy\" decoding=\"async\" class=\"alignnone size-medium wp-image-443917\" src=\"https:\/\/www.radiopiu.net\/wordpress\/wp-content\/uploads\/2025\/04\/COOP1-1-300x98.jpg\" alt=\"\" width=\"300\" height=\"98\" srcset=\"https:\/\/www.radiopiu.net\/wordpress\/wp-content\/uploads\/2025\/04\/COOP1-1-300x98.jpg 300w, https:\/\/www.radiopiu.net\/wordpress\/wp-content\/uploads\/2025\/04\/COOP1-1.jpg 676w\" sizes=\"auto, (max-width: 300px) 100vw, 300px\" \/><\/a><\/p>\n<p>&nbsp;<\/p>\n<hr \/>\n<p>&nbsp;<\/p>\n<p>&nbsp;<\/p>\n<p>&nbsp;<\/p>\n<p><strong><a class=\"dt-pswp-item\" href=\"https:\/\/www.radiopiu.net\/wordpress\/wp-content\/uploads\/2023\/12\/ANTENNA.png\" data-dt-img-description=\"\" data-large_image_width=\"300\" data-large_image_height=\"166\"><img loading=\"lazy\" decoding=\"async\" class=\"wp-image-366306 alignright\" src=\"https:\/\/www.radiopiu.net\/wordpress\/wp-content\/uploads\/2023\/12\/ANTENNA.png\" alt=\"\" width=\"101\" height=\"56\" \/><\/a><a class=\"dt-pswp-item\" href=\"https:\/\/www.radiopiu.net\/wordpress\/wp-content\/uploads\/2024\/11\/th-17.jpg\" data-dt-img-description=\"\" data-large_image_width=\"224\" data-large_image_height=\"180\"><img loading=\"lazy\" decoding=\"async\" class=\" wp-image-421610 alignleft\" src=\"https:\/\/www.radiopiu.net\/wordpress\/wp-content\/uploads\/2024\/11\/th-17.jpg\" alt=\"\" width=\"167\" height=\"134\" \/><\/a>ogni sera alle 19 le anticipazioni alla radio, quello che poi seguirete nel TELEGIORNALE BELLUNESE\u00a0 in onda alle 19.30 sul CANALE 10 del digitale terrestre.\u00a0\u00a0<\/strong><\/p>\n<p><b>\u00a0\u00a0<\/b><\/p>\n<h1><span style=\"color: #ff0000;\"><strong>LE ANTICIPAZIONI DI TIZIANA BOLOGNANI<\/strong><\/span><\/h1>\n<audio class=\"wp-audio-shortcode\" id=\"audio-443655-6\" preload=\"none\" style=\"width: 100%;\" controls=\"controls\"><source type=\"audio\/mpeg\" src=\"https:\/\/www.radiopiu.net\/wordpress\/wp-content\/uploads\/2025\/04\/ANTENNA3-4.mp3?_=6\" \/><a href=\"https:\/\/www.radiopiu.net\/wordpress\/wp-content\/uploads\/2025\/04\/ANTENNA3-4.mp3\">https:\/\/www.radiopiu.net\/wordpress\/wp-content\/uploads\/2025\/04\/ANTENNA3-4.mp3<\/a><\/audio>\n<p>&nbsp;<\/p>\n<p>&nbsp;<\/p>\n<p>&nbsp;<\/p>\n<hr \/>\n<p>&nbsp;<\/p>\n<blockquote>\n<h3 class=\"entry-title\">CHIUSURA REGIONALE 203 AGORDINA, BIVIO ROVEI<\/h3>\n<\/blockquote>\n<p><strong>COLLE SANTA LUCIA <\/strong>Fino al 30 aprile dalle 8 alle 17.30 escluso sabato domenica e festivi, chiusura della regionale 203 agordina nel tratto bivio Rovei, bivio Rucav\u00e0. Interdizione totale per lavori di mitigazione del rischio caduta massi.<\/p>\n<p>&nbsp;<\/p>\n<p>&nbsp;<\/p>\n<hr \/>\n<p>&nbsp;<\/p>\n<blockquote>\n<h3 class=\"photoswipe-wrapper\"><a class=\"dt-pswp-item pspw-wrap-ready\" href=\"https:\/\/www.radiopiu.net\/wordpress\/wp-content\/uploads\/2024\/12\/Logo_SibPAYOFF.jpg\" data-dt-img-description=\"\" data-large_image_width=\"1536\" data-large_image_height=\"391\"><img loading=\"lazy\" decoding=\"async\" class=\"wp-image-426474 alignleft\" src=\"https:\/\/www.radiopiu.net\/wordpress\/wp-content\/uploads\/2024\/12\/Logo_SibPAYOFF-300x76.jpg\" sizes=\"auto, (max-width: 162px) 100vw, 162px\" srcset=\"https:\/\/www.radiopiu.net\/wordpress\/wp-content\/uploads\/2024\/12\/Logo_SibPAYOFF-300x76.jpg 300w, https:\/\/www.radiopiu.net\/wordpress\/wp-content\/uploads\/2024\/12\/Logo_SibPAYOFF-1024x261.jpg 1024w, https:\/\/www.radiopiu.net\/wordpress\/wp-content\/uploads\/2024\/12\/Logo_SibPAYOFF-768x196.jpg 768w, https:\/\/www.radiopiu.net\/wordpress\/wp-content\/uploads\/2024\/12\/Logo_SibPAYOFF.jpg 1536w\" alt=\"\" width=\"162\" height=\"41\" \/><\/a>ACQUA NON POTABILE A ROCCA PIETORE<\/h3>\n<\/blockquote>\n<p>A Rocca Pietore in localit\u00e0 Digonera l&#8217;acqua erogata dall&#8217;acquedotto non \u00e8 potabile e e non pu\u00f2 essere usata per scopi alimentari. Verr\u00e0 effettuato servizio sostitutivo con autobotte presso\u00a0 l&#8217;Albergo Digonera in localit\u00e0 Digonera.<\/p>\n<p>&nbsp;<\/p>\n<p>&nbsp;<\/p>\n<hr \/>\n<p>&nbsp;<\/p>\n<blockquote>\n<div><strong>VALANGA IN MARMOLADA, UNO SCIALPINISTA INFORTUNATO<\/strong><\/div>\n<\/blockquote>\n<p><strong><a class=\"dt-pswp-item\" href=\"https:\/\/www.radiopiu.net\/wordpress\/wp-content\/uploads\/2025\/04\/61967785-423a-440f-be7a-c451fd1f3354.jpg\" data-dt-img-description=\"\" data-large_image_width=\"2048\" data-large_image_height=\"1536\"><img loading=\"lazy\" decoding=\"async\" class=\" wp-image-443803 alignleft\" src=\"https:\/\/www.radiopiu.net\/wordpress\/wp-content\/uploads\/2025\/04\/61967785-423a-440f-be7a-c451fd1f3354-300x225.jpg\" alt=\"\" width=\"173\" height=\"130\" srcset=\"https:\/\/www.radiopiu.net\/wordpress\/wp-content\/uploads\/2025\/04\/61967785-423a-440f-be7a-c451fd1f3354-300x225.jpg 300w, https:\/\/www.radiopiu.net\/wordpress\/wp-content\/uploads\/2025\/04\/61967785-423a-440f-be7a-c451fd1f3354-1024x768.jpg 1024w, https:\/\/www.radiopiu.net\/wordpress\/wp-content\/uploads\/2025\/04\/61967785-423a-440f-be7a-c451fd1f3354-768x576.jpg 768w, https:\/\/www.radiopiu.net\/wordpress\/wp-content\/uploads\/2025\/04\/61967785-423a-440f-be7a-c451fd1f3354-1536x1152.jpg 1536w, https:\/\/www.radiopiu.net\/wordpress\/wp-content\/uploads\/2025\/04\/61967785-423a-440f-be7a-c451fd1f3354.jpg 2048w\" sizes=\"auto, (max-width: 173px) 100vw, 173px\" \/><\/a>MARMOLADA <\/strong>Si \u00e8 conclusa con esito positivo l\u2019operazione di bonifica in Marmolada, dopo una valanga staccatasi a quota 3.050 metri sopra Pian dei Fiacconi, che ha travolto uno scialpinista. Il giovane, un 27enne di Mazzin (TN), stava sciando con il padre e il loro cane quando \u00e8 stato trascinato per oltre 500 metri da una massa nevosa larga 200 metri. Fortunatamente, il padre \u00e8 rimasto a monte del distacco e ha potuto lanciare l\u2019allarme, anche grazie alla segnalazione del servizio piste della Polizia di Porta Vescovo. Il ragazzo, rimasto in contatto con la Centrale operativa, ha permesso ai soccorritori di individuarlo rapidamente. L\u2019elicottero del Suem di Pieve di Cadore ha raggiunto il luogo, e l\u2019equipe medica, con il tecnico di elisoccorso e l\u2019unit\u00e0 cinofila della Guardia di Finanza, ha recuperato il giovane, parzialmente sepolto. Sul posto sono intervenuti anche gli elicotteri di Trento e dell\u2019Aiut Alpin Dolomites di Bolzano. Il 27enne \u00e8 stato trasportato in codice 2 all\u2019ospedale di Belluno, mentre il padre \u00e8 stato riportato a valle. Nessun altro \u00e8 rimasto coinvolto.<\/p>\n<p><strong>FOTO Valanga in Marmolada, da Portavescovo &#8211; <\/strong><strong>foto Matteo Mazzuia<\/strong><\/p>\n<p>&nbsp;<\/p>\n<h1 class=\"_title post-title entry-title\">CANAZEI | VALANGA IN MARMOLADA TRAVOLGE DUE SCIALPINISTI: UN FERITO AL SAN MARTINO<\/h1>\n<p>(Servizio di\u00a0<a href=\"https:\/\/antennatre.medianordest.it\/redazione\/Tiziana-Bolognani\/\">Tiziana Bolognani<\/a>)<\/p>\n<p><iframe loading=\"lazy\" title=\"VALANGA IN MARMOLADA TRAVOLGE DUE SCIALPINISTI: UN FERITO AL SAN MARTINO  | 07\/04\/2025\" width=\"1200\" height=\"675\" src=\"https:\/\/www.youtube.com\/embed\/o3LthR49-60?feature=oembed\" frameborder=\"0\" allow=\"accelerometer; autoplay; clipboard-write; encrypted-media; gyroscope; picture-in-picture; web-share\" referrerpolicy=\"strict-origin-when-cross-origin\" allowfullscreen><\/iframe><\/p>\n<p>&nbsp;<\/p>\n<hr \/>\n<p>&nbsp;<\/p>\n<blockquote>\n<h3>DUE INCENDI IN PROVINCIA DI BELLUNO: A ROCCA PIETORE E SOFFRANCO<\/h3>\n<\/blockquote>\n<p><strong>REDAZIONE <\/strong>Giornata critica quella di ieri sul fronte incendi in provincia di Belluno, con due roghi divampati quasi contemporaneamente tra Soffranco di Longarone e Rocca Pietore. Le fiamme hanno causato ingenti danni in localit\u00e0 Giardogn, dove almeno due fienili sono stati completamente distrutti, sotto il Sasso Bianco, nella zona di Malga Bur. L\u2019allarme \u00e8 scattato nel primo pomeriggio: l\u2019elicottero della Regione \u00e8 intervenuto tempestivamente sull\u2019incendio di Rocca Pietore, supportato dai vigili del fuoco di Caprile. Le fiamme, alimentate dalla vegetazione secca e dal vento, si sono propagate rapidamente, lasciando un bilancio pesante in termini di danni materiali. Nel frattempo, un altro incendio \u00e8 stato segnalato a Soffranco, nel comune di Longarone, gi\u00e0 colpito nei giorni scorsi da episodi simili. Un residente ha notato una colonna di fumo provenire dalla montagna di fronte all\u2019abitato, dove si trova soltanto una casa abitata. A Soffranco, l\u2019elicottero ha gi\u00e0 effettuato 26 lanci. L\u2019area \u00e8 la stessa interessata da altri roghi nei giorni scorsi, alimentando il sospetto \u2014 sempre pi\u00f9 concreto \u2014 di un\u2019azione dolosa riconducibile a un piromane.<\/p>\n<p>&nbsp;<\/p>\n<p>&nbsp;<\/p>\n<hr \/>\n<p>&nbsp;<\/p>\n<blockquote>\n<h3>INCENDIO A GIARDOGN: DUE BAITE DISTRUTTE, UNA SALVATA DAL CORAGGIO DEI VOLONTARI<\/h3>\n<\/blockquote>\n<p><strong>ROCCA PIETORE <\/strong>Nel pomeriggio di ieri un incendio ha colpito alcune baite in localit\u00e0 Giardogn, nel comune di Rocca Pietore. Le squadre dei Vigili del Fuoco e i volontari locali sono intervenuti, ma la neve ha impedito l\u2019accesso diretto. Fondamentale l\u2019intervento aereo con elicotteri e il coraggio di un gruppo di volontari saliti a piedi e con mezzi cingolati,\u00a0 sono riusciti a salvare una baita lottando con la neve contro le fiamme. Due baite sono andate distrutte, una \u00e8 stata danneggiata. Ancora in corso le operazioni e gli accertamenti sulle cause.<\/p>\n<p>&nbsp;<\/p>\n\n\t\t\t<style type='text\/css'>\n\t\t\t\t#gallery-1 {\n\t\t\t\t\tmargin: auto;\n\t\t\t\t}\n\t\t\t\t#gallery-1 .gallery-item {\n\t\t\t\t\tfloat: left;\n\t\t\t\t\tmargin-top: 10px;\n\t\t\t\t\ttext-align: center;\n\t\t\t\t\twidth: 33%;\n\t\t\t\t}\n\t\t\t\t#gallery-1 img {\n\t\t\t\t\tborder: 2px solid #cfcfcf;\n\t\t\t\t}\n\t\t\t\t#gallery-1 .gallery-caption {\n\t\t\t\t\tmargin-left: 0;\n\t\t\t\t}\n\t\t\t\t\/* see gallery_shortcode() in wp-includes\/media.php *\/\n\t\t\t<\/style>\n\t\t<div id='gallery-1' class='dt-gallery-container gallery galleryid-443655 gallery-columns-3 gallery-size-medium'><dl class='gallery-item'>\n\t\t\t\t<dt class='gallery-icon landscape'>\n\t\t\t\t\t<a class=\"rollover rollover-zoom dt-pswp-item\" title=\"a5d966d1-0280-4f1d-860f-10aeaba45e9a\" data-dt-img-description=\"\" data-large_image_width=\"2048\" data-large_image_height=\"1536\"href='https:\/\/www.radiopiu.net\/wordpress\/wp-content\/uploads\/2025\/04\/a5d966d1-0280-4f1d-860f-10aeaba45e9a.jpg'><img loading=\"lazy\" decoding=\"async\" width=\"300\" height=\"225\" src=\"https:\/\/www.radiopiu.net\/wordpress\/wp-content\/uploads\/2025\/04\/a5d966d1-0280-4f1d-860f-10aeaba45e9a-300x225.jpg\" class=\"attachment-medium size-medium\" alt=\"\" srcset=\"https:\/\/www.radiopiu.net\/wordpress\/wp-content\/uploads\/2025\/04\/a5d966d1-0280-4f1d-860f-10aeaba45e9a-300x225.jpg 300w, https:\/\/www.radiopiu.net\/wordpress\/wp-content\/uploads\/2025\/04\/a5d966d1-0280-4f1d-860f-10aeaba45e9a-1024x768.jpg 1024w, https:\/\/www.radiopiu.net\/wordpress\/wp-content\/uploads\/2025\/04\/a5d966d1-0280-4f1d-860f-10aeaba45e9a-768x576.jpg 768w, https:\/\/www.radiopiu.net\/wordpress\/wp-content\/uploads\/2025\/04\/a5d966d1-0280-4f1d-860f-10aeaba45e9a-1536x1152.jpg 1536w, https:\/\/www.radiopiu.net\/wordpress\/wp-content\/uploads\/2025\/04\/a5d966d1-0280-4f1d-860f-10aeaba45e9a.jpg 2048w\" sizes=\"auto, (max-width: 300px) 100vw, 300px\" \/><\/a>\n\t\t\t\t<\/dt><\/dl><dl class='gallery-item'>\n\t\t\t\t<dt class='gallery-icon landscape'>\n\t\t\t\t\t<a class=\"rollover rollover-zoom dt-pswp-item\" title=\"5cc88a3f-526f-41cb-a27f-a0fcf0d01aa3\" data-dt-img-description=\"\" data-large_image_width=\"2048\" data-large_image_height=\"1536\"href='https:\/\/www.radiopiu.net\/wordpress\/wp-content\/uploads\/2025\/04\/5cc88a3f-526f-41cb-a27f-a0fcf0d01aa3.jpg'><img loading=\"lazy\" decoding=\"async\" width=\"300\" height=\"225\" src=\"https:\/\/www.radiopiu.net\/wordpress\/wp-content\/uploads\/2025\/04\/5cc88a3f-526f-41cb-a27f-a0fcf0d01aa3-300x225.jpg\" class=\"attachment-medium size-medium\" alt=\"\" srcset=\"https:\/\/www.radiopiu.net\/wordpress\/wp-content\/uploads\/2025\/04\/5cc88a3f-526f-41cb-a27f-a0fcf0d01aa3-300x225.jpg 300w, https:\/\/www.radiopiu.net\/wordpress\/wp-content\/uploads\/2025\/04\/5cc88a3f-526f-41cb-a27f-a0fcf0d01aa3-1024x768.jpg 1024w, https:\/\/www.radiopiu.net\/wordpress\/wp-content\/uploads\/2025\/04\/5cc88a3f-526f-41cb-a27f-a0fcf0d01aa3-768x576.jpg 768w, https:\/\/www.radiopiu.net\/wordpress\/wp-content\/uploads\/2025\/04\/5cc88a3f-526f-41cb-a27f-a0fcf0d01aa3-1536x1152.jpg 1536w, https:\/\/www.radiopiu.net\/wordpress\/wp-content\/uploads\/2025\/04\/5cc88a3f-526f-41cb-a27f-a0fcf0d01aa3.jpg 2048w\" sizes=\"auto, (max-width: 300px) 100vw, 300px\" \/><\/a>\n\t\t\t\t<\/dt><\/dl><dl class='gallery-item'>\n\t\t\t\t<dt class='gallery-icon landscape'>\n\t\t\t\t\t<a class=\"rollover rollover-zoom dt-pswp-item\" title=\"25f7ed62-e425-4589-b8e1-9c87ea13876d\" data-dt-img-description=\"\" data-large_image_width=\"2048\" data-large_image_height=\"1536\"href='https:\/\/www.radiopiu.net\/wordpress\/wp-content\/uploads\/2025\/04\/25f7ed62-e425-4589-b8e1-9c87ea13876d.jpg'><img loading=\"lazy\" decoding=\"async\" width=\"300\" height=\"225\" src=\"https:\/\/www.radiopiu.net\/wordpress\/wp-content\/uploads\/2025\/04\/25f7ed62-e425-4589-b8e1-9c87ea13876d-300x225.jpg\" class=\"attachment-medium size-medium\" alt=\"\" srcset=\"https:\/\/www.radiopiu.net\/wordpress\/wp-content\/uploads\/2025\/04\/25f7ed62-e425-4589-b8e1-9c87ea13876d-300x225.jpg 300w, https:\/\/www.radiopiu.net\/wordpress\/wp-content\/uploads\/2025\/04\/25f7ed62-e425-4589-b8e1-9c87ea13876d-1024x768.jpg 1024w, https:\/\/www.radiopiu.net\/wordpress\/wp-content\/uploads\/2025\/04\/25f7ed62-e425-4589-b8e1-9c87ea13876d-768x576.jpg 768w, https:\/\/www.radiopiu.net\/wordpress\/wp-content\/uploads\/2025\/04\/25f7ed62-e425-4589-b8e1-9c87ea13876d-1536x1152.jpg 1536w, https:\/\/www.radiopiu.net\/wordpress\/wp-content\/uploads\/2025\/04\/25f7ed62-e425-4589-b8e1-9c87ea13876d.jpg 2048w\" sizes=\"auto, (max-width: 300px) 100vw, 300px\" \/><\/a>\n\t\t\t\t<\/dt><\/dl><br style=\"clear: both\" \/>\n\t\t\t<\/div>\n\n<p><strong>IL GRAZIE DEL SINDACO, VALERIO DAVARE<\/strong><\/p>\n<p>Questo pomeriggio le squadre dei Vigili del Fuoco di Agordo e i Volontari di Caprile e Colle Santa Lucia sono state allertate per un incendio di baite in localit\u00e0 Giardogn nel comune di Rocca Pietore. A causa della neve ancora abbondante in alta montagna, gli operatori non si sono per\u00f2 potuti portare sul luogo del rogo, organizzando nel contempo, dal fondovalle, le operazioni con gli elicotteri. Un manipolo di coraggiosi volontari locali per\u00f2, \u00e8 salito a piedi o con mezzi cingolati, riuscendo a circoscrivere e salvare dal fuoco una baita che cominciava ad essere inghiottita dalle fiamme. Con una vera e propria battaglia a palle di neve e scaraventando badilate di neve contro la struttura che cominciava a bruciare; hanno cos\u00ec fermato le fiamme! Successivamente \u00e8 sopraggiunto anche l&#8217;elicottero della Protezione Civile Regionale che ha fatto dei lanci d&#8217;acqua sulle fiamme. In serata in sorvolo anche l&#8217;elicottero dei Vigili del Fuoco per attenzionare e valutare gli interventi successivi. Sono ancora in corso le manovre dei Vigili del Fuoco. Le cause saranno al vaglio dei tecnici dei Vvf nelle prossime ore. Purtroppo il bilancio \u00e8 pesante: due baite distrutte dal fuoco e una intaccata. Voglio esprime la mia profonda gratitudine a tutte le forze intervenute, in particolare a quel coraggioso manipolo di volontari che ha permesso di salvare una baita.<\/p>\n<p><strong>Il Sindaco di Rocca Pietore <\/strong><br \/>\n<strong>Valerio Davare\u00a0<\/strong><\/p>\n<p>&nbsp;<\/p>\n<hr \/>\n<p>&nbsp;<\/p>\n<h1><span style=\"color: #ff0000;\">AGGIORNAMENTO, MARTEDI ORE 7.00<\/span><\/h1>\n<p class=\"\" data-start=\"88\" data-end=\"494\"><strong data-start=\"88\" data-end=\"107\"><a class=\"dt-pswp-item\" href=\"https:\/\/www.radiopiu.net\/wordpress\/wp-content\/uploads\/2025\/04\/488656934_1106643944827164_5187593741186568364_n.jpg\" data-dt-img-description=\"\" data-large_image_width=\"600\" data-large_image_height=\"480\"><img loading=\"lazy\" decoding=\"async\" class=\" wp-image-443940 alignleft\" src=\"https:\/\/www.radiopiu.net\/wordpress\/wp-content\/uploads\/2025\/04\/488656934_1106643944827164_5187593741186568364_n-300x240.jpg\" alt=\"\" width=\"233\" height=\"186\" srcset=\"https:\/\/www.radiopiu.net\/wordpress\/wp-content\/uploads\/2025\/04\/488656934_1106643944827164_5187593741186568364_n-300x240.jpg 300w, https:\/\/www.radiopiu.net\/wordpress\/wp-content\/uploads\/2025\/04\/488656934_1106643944827164_5187593741186568364_n.jpg 600w\" sizes=\"auto, (max-width: 233px) 100vw, 233px\" \/><\/a>ROCCA PIETORE \u2013<\/strong> Nella tarda serata di ieri, i Vigili del Fuoco volontari di Caprile e Arabba, con i permanenti di Agordo,\u00a0 sono saliti nuovamente sul luogo dell\u2019incendio che ha interessato alcune baite in localit\u00e0 Giardogn. L\u2019intervento, condotto anche con l\u2019ausilio del <strong data-start=\"333\" data-end=\"351\">quad cingolato<\/strong> in dotazione ai volontari di Arabba, era finalizzato allo <strong data-start=\"410\" data-end=\"448\">smassamento del materiale bruciato<\/strong> e al <strong data-start=\"454\" data-end=\"493\" data-is-only-node=\"\">controllo delle braci ancora attive<\/strong>.<\/p>\n<p class=\"\" data-start=\"496\" data-end=\"745\">L\u2019azione, svolta in condizioni rese difficili dall\u2019altitudine e dalla neve presente in zona, \u00e8 stata fondamentale per prevenire eventuali riaccensioni. Le operazioni si sono concluse <strong data-start=\"679\" data-end=\"703\">poco prima dell\u2019alba<\/strong>, dopo ore di lavoro attento e coordinato.<\/p>\n<p class=\"\" data-start=\"747\" data-end=\"922\"><em>&#8220;Un esempio di dedizione e professionalit\u00e0 da parte dei volontari, che anche in questa occasione hanno dimostrato grande spirito di servizio e attaccamento al territorio&#8221;<\/em> ricorda il sindaco Valerio Davare anche in segno di ringraziamento per quanti si sono dati da fare nell&#8217;emergenza.<\/p>\n<p data-start=\"747\" data-end=\"922\">__<\/p>\n<p data-start=\"747\" data-end=\"922\">foto\u00a0 FACEBOOK pompieri colle santa lucia<\/p>\n<p>&nbsp;<\/p>\n<p>&nbsp;<\/p>\n<hr \/>\n<p>&nbsp;<\/p>\n<blockquote>\n<h3 class=\"entry-title\"><a class=\"dt-pswp-item\" href=\"https:\/\/www.radiopiu.net\/wordpress\/wp-content\/uploads\/2025\/04\/Immagine-2025-04-07-203610.png\" data-dt-img-description=\"\" data-large_image_width=\"473\" data-large_image_height=\"246\"><img loading=\"lazy\" decoding=\"async\" class=\" wp-image-443889 alignleft\" src=\"https:\/\/www.radiopiu.net\/wordpress\/wp-content\/uploads\/2025\/04\/Immagine-2025-04-07-203610-300x156.png\" alt=\"\" width=\"227\" height=\"118\" srcset=\"https:\/\/www.radiopiu.net\/wordpress\/wp-content\/uploads\/2025\/04\/Immagine-2025-04-07-203610-300x156.png 300w, https:\/\/www.radiopiu.net\/wordpress\/wp-content\/uploads\/2025\/04\/Immagine-2025-04-07-203610.png 473w\" sizes=\"auto, (max-width: 227px) 100vw, 227px\" \/><\/a>INCENDIO A SOFFRANCO: SITUAZIONE SOTTO CONTROLLO, MA SERVONO ANCORA BONIFICHE<\/h3>\n<\/blockquote>\n<p><strong>SOFFRANCO DI LONGARONE<\/strong> L\u2019incendio che ha colpito un\u2019area boschiva a Soffranco \u00e8 ora sotto controllo, ma le operazioni di bonifica da terra proseguono a causa della difficile orografia. L\u2019Assessorato Regionale alla Protezione Civile, tramite l\u2019assessore Gianpaolo Bottacin, ha comunicato che alle 20.30 risultavano completati 40 lanci d\u2019acqua in due fasi operative grazie agli elicotteri della Protezione Civile. Le fiamme hanno interessato circa 4.000 metri quadrati di superficie. L\u2019intervento tempestivo ha evitato danni maggiori, ma le squadre sono ancora attive sul campo per assicurarsi che non vi siano focolai residui.<\/p>\n<p>&nbsp;<\/p>\n<p>&nbsp;<\/p>\n<hr \/>\n<p>&nbsp;<\/p>\n<blockquote>\n<h3>BENTORNATO CHRISTIAN!<\/h3>\n<\/blockquote>\n<p><strong><a class=\"dt-pswp-item\" href=\"https:\/\/www.radiopiu.net\/wordpress\/wp-content\/uploads\/2025\/01\/Senza-nome-72.png\" data-dt-img-description=\"\" data-large_image_width=\"148\" data-large_image_height=\"184\"><img loading=\"lazy\" decoding=\"async\" class=\"size-full wp-image-431059 alignleft\" src=\"https:\/\/www.radiopiu.net\/wordpress\/wp-content\/uploads\/2025\/01\/Senza-nome-72.png\" alt=\"\" width=\"148\" height=\"184\" \/><\/a>AGORDO<\/strong> \u2013<\/p>\n<p class=\"\" data-start=\"27\" data-end=\"496\">Christian Selle \u00e8 finalmente tornato a casa dopo aver affrontato un lungo e difficile percorso di recupero seguito a un grave incidente stradale. Dopo un periodo critico e le necessarie cure intensive, Christian ha superato le fasi pi\u00f9 complicate e, grazie alla riabilitazione, ora pu\u00f2 tornare a godere della vicinanza dei suoi affetti familiari. L&#8217;amore e il sostegno ricevuti durante questo lungo cammino sono stati una fonte di forza ulteriore per la sua guarigione.<\/p>\n<p class=\"\" data-start=\"498\" data-end=\"532\"><strong data-start=\"498\" data-end=\"532\">La lettera<\/strong><\/p>\n<p class=\"\" data-start=\"534\" data-end=\"930\">&#8220;Finalmente sono tornato a casa, dopo il grave incidente stradale che mi ha coinvolto alcuni mesi fa. Ho trascorso un lungo periodo di ricovero presso l&#8217;ospedale Santa Chiara di Trento e successivamente ho continuato il mio percorso riabilitativo presso la Clinica Riabilitativa Villa Rosa di Pergine. Ora ho concluso il mio percorso riabilitativo presso Villa Rosa e lo proseguir\u00f2 vicino a casa&#8221;.<\/p>\n<p class=\"\" data-start=\"932\" data-end=\"1390\"><em>&#8220;Voglio ringraziare di cuore la Croce Rossa Italiana della Val di Fassa e Fiemme, il gruppo di Moena dei Vigili del Fuoco, i Vigili del Fuoco Volontari di Vigo di Fassa, i Carabinieri di Molina, l&#8217;ospedale Santa Chiara di Trento, la Clinica Riabilitativa Villa Rosa di Pergine, l&#8217;USD Agordina Calcio, l&#8217;Alleghe Hockey, la comunit\u00e0 agordina e tutti coloro che, in questi mesi difficili, hanno dimostrato un immenso affetto e vicinanza a me e ai miei familiari. Grazie di cuore a tutti.&#8221;<\/em><\/p>\n<p class=\"\" data-start=\"1419\" data-end=\"1438\"><strong data-start=\"1419\" data-end=\"1438\" data-is-last-node=\"\">Christian Selle\u00a0 \u00a0<\/strong><\/p>\n<blockquote>\n<p data-start=\"1419\" data-end=\"1438\">\n<\/blockquote>\n<hr \/>\n<blockquote>\n<h3 data-start=\"1419\" data-end=\"1438\">MIGLIORANO LE CONDIZIONI DEL GIOVANE MOTOCICLISTA FERITO A SOSPIROLO<\/h3>\n<\/blockquote>\n<p><strong data-start=\"74\" data-end=\"87\"><img loading=\"lazy\" decoding=\"async\" class=\"alignleft\" src=\"https:\/\/www.radiopiu.net\/wordpress\/wp-content\/uploads\/2025\/04\/Immagine-2025-04-08-045907.jpg\" width=\"161\" height=\"105\" \/>SOSPIROLO<\/strong> \u2013 Notizie incoraggianti dall\u2019ospedale Ca\u2019 Foncello di Treviso per Saverio Dalla Mora, il 21enne di San Zenon rimasto gravemente ferito sabato sera in un incidente motociclistico a Villa Giustina. Il giovane, ricoverato in Rianimazione in prognosi riservata, si \u00e8 risvegliato ieri e oggi i medici prevedono la sua estubazione. Il ragazzo era finito con la moto contro un muro, riportando un politrauma. Indagini in corso da parte dei carabinieri di Sedico. Familiari e amici tirano un sospiro di sollievo.<\/p>\n<p>&nbsp;<\/p>\n<p>&nbsp;<\/p>\n<hr \/>\n<p class=\"\" data-start=\"0\" data-end=\"65\"><strong data-start=\"0\" data-end=\"65\">\u00a0<\/strong><\/p>\n<p class=\"\" data-start=\"0\" data-end=\"65\"><strong data-start=\"0\" data-end=\"65\"><a class=\"dt-pswp-item\" href=\"https:\/\/www.radiopiu.net\/wordpress\/wp-content\/uploads\/2025\/04\/54aae17f-84db-4fef-bcfb-fecbfbf1bc2c.png\" data-dt-img-description=\"\" data-large_image_width=\"1024\" data-large_image_height=\"1024\"><img loading=\"lazy\" decoding=\"async\" class=\"wp-image-443911 alignleft\" src=\"https:\/\/www.radiopiu.net\/wordpress\/wp-content\/uploads\/2025\/04\/54aae17f-84db-4fef-bcfb-fecbfbf1bc2c-300x300.png\" alt=\"\" width=\"145\" height=\"145\" srcset=\"https:\/\/www.radiopiu.net\/wordpress\/wp-content\/uploads\/2025\/04\/54aae17f-84db-4fef-bcfb-fecbfbf1bc2c-300x300.png 300w, https:\/\/www.radiopiu.net\/wordpress\/wp-content\/uploads\/2025\/04\/54aae17f-84db-4fef-bcfb-fecbfbf1bc2c-150x150.png 150w, https:\/\/www.radiopiu.net\/wordpress\/wp-content\/uploads\/2025\/04\/54aae17f-84db-4fef-bcfb-fecbfbf1bc2c-768x768.png 768w, https:\/\/www.radiopiu.net\/wordpress\/wp-content\/uploads\/2025\/04\/54aae17f-84db-4fef-bcfb-fecbfbf1bc2c.png 1024w\" sizes=\"auto, (max-width: 145px) 100vw, 145px\" \/><\/a>GATTO SBRANATO IN GIARDINO: PAURA IN CENTRO A PIEVE DI CADORE<\/strong><\/p>\n<p class=\"\" data-start=\"67\" data-end=\"509\"><strong data-start=\"67\" data-end=\"86\">PIEVE DI CADORE<\/strong> \u2013 Notte di paura in via Nazionale, dove una donna ha assistito impotente alla predazione del proprio gatto da parte di tre lupi nel giardino di casa. I resti dell\u2019animale sono stati ritrovati poco lontano. La residente, ancora sotto shock, ha lanciato l\u2019allarme e chiesto aiuto ai carabinieri forestali, che hanno confermato la presenza di tracce. La donna ora teme per la propria sicurezza e per quella del suo cagnolino.<\/p>\n<blockquote>\n<p data-start=\"67\" data-end=\"509\">\n<p>&nbsp;<\/p>\n<p>&nbsp;<\/p>\n<p data-start=\"67\" data-end=\"509\">\n<\/blockquote>\n<hr \/>\n<blockquote>\n<h2 data-start=\"67\" data-end=\"509\">VIOLENZA SESSUALE: DUE CONDANNE DA MINORE, MA EVITA IL CARCERE<\/h2>\n<\/blockquote>\n<p><strong>LA GIUDIZIARIA OGGI<\/strong><br \/>\n<strong>DAL CORRIERE DELLE ALPI_SINTESI<\/strong><br \/>\n<strong>\u00a7GIGI SOSSO<\/strong><\/p>\n<p><strong>FELTRE<\/strong> Due condanne definitive per violenza sessuale, ma nessun ingresso in carcere per un giovane ora maggiorenne, grazie agli sconti ottenuti in Appello. I fatti risalgono al periodo in cui l&#8217;imputato era ancora minorenne: la prima aggressione \u00e8 avvenuta a Feltre nel 2020, la seconda in Trentino poco dopo. In entrambi i casi, le sentenze dei Tribunali per i Minorenni (prima Venezia, poi Trento) hanno riconosciuto la colpevolezza, ma la <img loading=\"lazy\" decoding=\"async\" class=\"alignleft\" src=\"https:\/\/www.radiopiu.net\/wordpress\/wp-content\/uploads\/2018\/07\/TRIBUNALE-1.jpg\" width=\"304\" height=\"228\" \/>pena complessiva \u00e8 stata ridotta sotto i due anni e mezzo, permettendo la sospensione condizionale. Ora che il giovane \u00e8 diventato maggiorenne, ogni ulteriore reato comporterebbe l\u2019immediato ingresso in carcere.<\/p>\n<blockquote>\n<p class=\"\" data-start=\"0\" data-end=\"53\"><strong data-start=\"0\" data-end=\"53\">MORTE A CORTINA: SCAGIONATI I CARDIOLOGI INDAGATI<\/strong><\/p>\n<\/blockquote>\n<p class=\"\" data-start=\"55\" data-end=\"590\"><strong data-start=\"55\" data-end=\"66\">BELLUNO<\/strong> \u2013 Gianfranco Alberti mor\u00ec il 18 agosto 2024 davanti a casa sua a Cortina, dopo essere stato dimesso dall\u2019ospedale San Martino di Belluno. La causa: una dissezione dell\u2019aorta con emotorace. Indagati due medici della Cardiologia per omicidio colposo, ma il consulente legale ha escluso il nesso causale tra eventuali responsabilit\u00e0 sanitarie e la morte del 79enne. Secondo la relazione, anche con una diagnosi precoce, le probabilit\u00e0 di sopravvivenza sarebbero state basse. La Procura si avvia verso l\u2019archiviazione del caso.<\/p>\n<p>&nbsp;<\/p>\n<hr \/>\n<blockquote>\n<h3><\/h3>\n<h3>RIELETTA LA DIREZIONE NAZIONALE DEL SOCCORSO ALPINO E SPELEOLOGICO: MAURIZIO DELLANTONIO CONFERMATO PRESIDENTE NAZIONALE PER IL PROSSIMO TRIENNIO<\/h3>\n<\/blockquote>\n<p data-start=\"1419\" data-end=\"1438\"><strong>MILANO<\/strong> Si \u00e8 svolta sabato l\u2019Assemblea nazionale del Corpo Nazionale Soccorso Alpino e Speleologico (CNSAS), appuntamento centrale per la vita dell\u2019associazione, durante il quale \u00e8 stata rinnovata la Direzione nazionale per il triennio 2025-2028. Maurizio Dellantonio, originario di Moena (Trentino), \u00e8 stato confermato alla guida del CNSAS per il suo quarto e ultimo mandato come Presidente nazionale. Ad affiancarlo saranno Alessandro Molinu di Buddus\u00f2 (Sassari), nominato Vicepresidente vicario, e Roberto Bolza di Pieve di Bono-Prezzo (Trentino), Vicepresidente.<strong> La nuova Direzione nazionale \u00e8 completata dai Consiglieri Alex Barattin (Belluno, Veneto)<\/strong>, Luca Franzese (Cerchiara di Calabria, Calabria), Alberto Gabutti (Val della Torre, Piemonte), Pino Giostra (Cuneo, Piemonte), Fabrizio Masella (Genova, Liguria), Andrea Placido (Cagliari, Sardegna), Corrado Pesci (Roma, Lazio) e Renato Tessari (Bolzano, Alto Adige). \u00abAccolgo con grande senso di responsabilit\u00e0 e gratitudine la mia riconferma \u2013 ha dichiarato Dellantonio \u2013. Intendo onorare questo ultimo mandato nel segno della continuit\u00e0 e della valorizzazione dell&#8217;impegno dei nostri volontari, che con dedizione, professionalit\u00e0 e passione rappresentano il cuore pulsante del nostro operato\u00bb. Il Presidente ha sottolineato l\u2019importanza di proseguire sul solco tracciato, potenziando la formazione, promuovendo la cultura della prevenzione e rafforzando le sinergie con enti e istituzioni. \u00abIl Soccorso Alpino e Speleologico \u2013 ha detto \u2013 \u00e8 un asset fondamentale per l\u2019Italia: presidia il territorio, garantisce interventi tempestivi e professionali, e incarna un modello di servizio pubblico efficiente e vicino ai cittadini\u00bb. Al termine dell\u2019Assemblea, il CNSAS ha espresso un sentito ringraziamento ai membri uscenti della Direzione: Mauro Guiducci (gi\u00e0 Vicepresidente), Roberto Bartola e Fabio Bristot, per il loro contributo di valore alla crescita e alla missione del Corpo.<\/p>\n\n\t\t\t<style type='text\/css'>\n\t\t\t\t#gallery-2 {\n\t\t\t\t\tmargin: auto;\n\t\t\t\t}\n\t\t\t\t#gallery-2 .gallery-item {\n\t\t\t\t\tfloat: left;\n\t\t\t\t\tmargin-top: 10px;\n\t\t\t\t\ttext-align: center;\n\t\t\t\t\twidth: 16%;\n\t\t\t\t}\n\t\t\t\t#gallery-2 img {\n\t\t\t\t\tborder: 2px solid #cfcfcf;\n\t\t\t\t}\n\t\t\t\t#gallery-2 .gallery-caption {\n\t\t\t\t\tmargin-left: 0;\n\t\t\t\t}\n\t\t\t\t\/* see gallery_shortcode() in wp-includes\/media.php *\/\n\t\t\t<\/style>\n\t\t<div id='gallery-2' class='dt-gallery-container gallery galleryid-443655 gallery-columns-6 gallery-size-thumbnail'><dl class='gallery-item'>\n\t\t\t\t<dt class='gallery-icon landscape'>\n\t\t\t\t\t<a class=\"rollover rollover-zoom dt-pswp-item\" title=\"5\" data-dt-img-description=\"\" data-large_image_width=\"1403\" data-large_image_height=\"617\"href='https:\/\/www.radiopiu.net\/wordpress\/wp-content\/uploads\/2025\/04\/5.jpg'><img loading=\"lazy\" decoding=\"async\" width=\"150\" height=\"150\" src=\"https:\/\/www.radiopiu.net\/wordpress\/wp-content\/uploads\/2025\/04\/5-150x150.jpg\" class=\"attachment-thumbnail size-thumbnail\" alt=\"\" \/><\/a>\n\t\t\t\t<\/dt><\/dl><dl class='gallery-item'>\n\t\t\t\t<dt class='gallery-icon landscape'>\n\t\t\t\t\t<a class=\"rollover rollover-zoom dt-pswp-item\" title=\"6\" data-dt-img-description=\"\" data-large_image_width=\"443\" data-large_image_height=\"326\"href='https:\/\/www.radiopiu.net\/wordpress\/wp-content\/uploads\/2025\/04\/6.jpg'><img loading=\"lazy\" decoding=\"async\" width=\"150\" height=\"150\" src=\"https:\/\/www.radiopiu.net\/wordpress\/wp-content\/uploads\/2025\/04\/6-150x150.jpg\" class=\"attachment-thumbnail size-thumbnail\" alt=\"\" \/><\/a>\n\t\t\t\t<\/dt><\/dl><dl class='gallery-item'>\n\t\t\t\t<dt class='gallery-icon landscape'>\n\t\t\t\t\t<a class=\"rollover rollover-zoom dt-pswp-item\" title=\"3\" data-dt-img-description=\"\" data-large_image_width=\"1397\" data-large_image_height=\"628\"href='https:\/\/www.radiopiu.net\/wordpress\/wp-content\/uploads\/2025\/04\/3.jpg'><img loading=\"lazy\" decoding=\"async\" width=\"150\" height=\"150\" src=\"https:\/\/www.radiopiu.net\/wordpress\/wp-content\/uploads\/2025\/04\/3-150x150.jpg\" class=\"attachment-thumbnail size-thumbnail\" alt=\"\" \/><\/a>\n\t\t\t\t<\/dt><\/dl><dl class='gallery-item'>\n\t\t\t\t<dt class='gallery-icon landscape'>\n\t\t\t\t\t<a class=\"rollover rollover-zoom dt-pswp-item\" title=\"4\" data-dt-img-description=\"\" data-large_image_width=\"1405\" data-large_image_height=\"588\"href='https:\/\/www.radiopiu.net\/wordpress\/wp-content\/uploads\/2025\/04\/4.jpg'><img loading=\"lazy\" decoding=\"async\" width=\"150\" height=\"150\" src=\"https:\/\/www.radiopiu.net\/wordpress\/wp-content\/uploads\/2025\/04\/4-150x150.jpg\" class=\"attachment-thumbnail size-thumbnail\" alt=\"\" \/><\/a>\n\t\t\t\t<\/dt><\/dl><dl class='gallery-item'>\n\t\t\t\t<dt class='gallery-icon landscape'>\n\t\t\t\t\t<a class=\"rollover rollover-zoom dt-pswp-item\" title=\"2\" data-dt-img-description=\"\" data-large_image_width=\"1461\" data-large_image_height=\"377\"href='https:\/\/www.radiopiu.net\/wordpress\/wp-content\/uploads\/2025\/04\/2.jpg'><img loading=\"lazy\" decoding=\"async\" width=\"150\" height=\"150\" src=\"https:\/\/www.radiopiu.net\/wordpress\/wp-content\/uploads\/2025\/04\/2-150x150.jpg\" class=\"attachment-thumbnail size-thumbnail\" alt=\"\" \/><\/a>\n\t\t\t\t<\/dt><\/dl><dl class='gallery-item'>\n\t\t\t\t<dt class='gallery-icon landscape'>\n\t\t\t\t\t<a class=\"rollover rollover-zoom dt-pswp-item\" title=\"11111\" data-dt-img-description=\"\" data-large_image_width=\"1450\" data-large_image_height=\"756\"href='https:\/\/www.radiopiu.net\/wordpress\/wp-content\/uploads\/2025\/04\/11111.jpg'><img loading=\"lazy\" decoding=\"async\" width=\"150\" height=\"150\" src=\"https:\/\/www.radiopiu.net\/wordpress\/wp-content\/uploads\/2025\/04\/11111-150x150.jpg\" class=\"attachment-thumbnail size-thumbnail\" alt=\"\" \/><\/a>\n\t\t\t\t<\/dt><\/dl><br style=\"clear: both\" \/>\n\t\t\t<\/div>\n\n<p>&nbsp;<\/p>\n<hr \/>\n<p>&nbsp;<\/p>\n<blockquote>\n<h3>GAV AGORDO: OLTRE 4.700 ORE DI VOLONTARIATO NEL 2024, SGUARDO AL FUTURO TRA IMPEGNO E SFIDE<\/h3>\n<\/blockquote>\n<p><strong><a class=\"dt-pswp-item\" href=\"https:\/\/www.radiopiu.net\/wordpress\/wp-content\/uploads\/2023\/11\/GAV.png\" data-dt-img-description=\"\" data-large_image_width=\"1080\" data-large_image_height=\"1080\"><img loading=\"lazy\" decoding=\"async\" class=\" wp-image-361106 alignleft\" src=\"https:\/\/www.radiopiu.net\/wordpress\/wp-content\/uploads\/2023\/11\/GAV-300x300.png\" alt=\"\" width=\"157\" height=\"157\" srcset=\"https:\/\/www.radiopiu.net\/wordpress\/wp-content\/uploads\/2023\/11\/GAV-300x300.png 300w, https:\/\/www.radiopiu.net\/wordpress\/wp-content\/uploads\/2023\/11\/GAV-1024x1024.png 1024w, https:\/\/www.radiopiu.net\/wordpress\/wp-content\/uploads\/2023\/11\/GAV-150x150.png 150w, https:\/\/www.radiopiu.net\/wordpress\/wp-content\/uploads\/2023\/11\/GAV-768x768.png 768w, https:\/\/www.radiopiu.net\/wordpress\/wp-content\/uploads\/2023\/11\/GAV.png 1080w\" sizes=\"auto, (max-width: 157px) 100vw, 157px\" \/><\/a>AGORDO <\/strong>L\u2019assemblea annuale del Gruppo Assistenza Volontaria OdV di Agordo, svoltasi domenica 6 aprile, \u00e8 stata occasione per riflettere sull\u2019attivit\u00e0 svolta e sulle prospettive future del volontariato in un territorio in cambiamento. Preoccupano le possibili modifiche nei criteri di accesso alle cure sanitarie, che potrebbero privilegiare la residenza a scapito della gravit\u00e0 della malattia, penalizzando i bellunesi che spesso devono rivolgersi a strutture fuori provincia. Un altro nodo critico \u00e8 il calo demografico: l\u2019Agordino perde circa 200 abitanti all\u2019anno, e questo mette a rischio la sostenibilit\u00e0 dell\u2019impegno volontario, sempre pi\u00f9 richiesto per garantire servizi alle fasce fragili. Il GAV, nato 32 anni fa, continua a operare senza richiedere quota associativa, offrendo invece formazione, copertura assicurativa e sostegno a chi desidera entrare nell\u2019associazione. I numeri del 2024: 4.759 ore totali donate (in crescita), 13.115 pasti consegnati (in collaborazione con Auser El Broi), 2.190 ore in RSA di Agordo, 158 accompagnamenti al Centro Servizi di Taibon, 423 ore nei Centri Sollievo di Agordo e Cencenighe. Durante l\u2019incontro, apprezzamenti e stimoli sono arrivati da amministratori locali, rappresentanti di Auser e Pettirosso e dal Comitato d\u2019Intesa, che ha sottolineato l\u2019importanza di coinvolgere nuove forze attraverso formazione e tutoraggio. Il GAV continuer\u00e0 a contare sulla collaborazione tra istituzioni, volontari e cittadini, sempre animato dallo spirito gratuito e solidale che ne ha segnato la nascita, ricordando con gratitudine mons. Don Lino Mottes e Giuseppe Ren, soci fondatori recentemente scomparsi.<\/p>\n<p>&nbsp;<\/p>\n<p>&nbsp;<\/p>\n<hr \/>\n<p>&nbsp;<\/p>\n<blockquote>\n<h3>UN AGORDINO ALLA GUIDA DELL&#8217;AUSER PROVINCIALE<\/h3>\n<\/blockquote>\n<p><strong><a class=\"dt-pswp-item\" href=\"https:\/\/www.radiopiu.net\/wordpress\/wp-content\/uploads\/2025\/04\/SCR-20250402-tqak.jpeg\" data-dt-img-description=\"\" data-large_image_width=\"1368\" data-large_image_height=\"950\"><img loading=\"lazy\" decoding=\"async\" class=\" wp-image-442927 alignleft\" src=\"https:\/\/www.radiopiu.net\/wordpress\/wp-content\/uploads\/2025\/04\/SCR-20250402-tqak-300x208.jpeg\" alt=\"\" width=\"192\" height=\"133\" srcset=\"https:\/\/www.radiopiu.net\/wordpress\/wp-content\/uploads\/2025\/04\/SCR-20250402-tqak-300x208.jpeg 300w, https:\/\/www.radiopiu.net\/wordpress\/wp-content\/uploads\/2025\/04\/SCR-20250402-tqak-1024x711.jpeg 1024w, https:\/\/www.radiopiu.net\/wordpress\/wp-content\/uploads\/2025\/04\/SCR-20250402-tqak-768x533.jpeg 768w, https:\/\/www.radiopiu.net\/wordpress\/wp-content\/uploads\/2025\/04\/SCR-20250402-tqak.jpeg 1368w\" sizes=\"auto, (max-width: 192px) 100vw, 192px\" \/><\/a>AGORDO<\/strong><\/p>\n<p>DI GIANNI SANTOMASO<\/p>\n<audio class=\"wp-audio-shortcode\" id=\"audio-443655-7\" preload=\"none\" style=\"width: 100%;\" controls=\"controls\"><source type=\"audio\/mpeg\" src=\"https:\/\/www.radiopiu.net\/wordpress\/wp-content\/uploads\/2025\/04\/GIANNI-UN-AGORDINO-ALLA-GUIDA-DELLAUSER-PROVINCIALE.mp3?_=7\" \/><a href=\"https:\/\/www.radiopiu.net\/wordpress\/wp-content\/uploads\/2025\/04\/GIANNI-UN-AGORDINO-ALLA-GUIDA-DELLAUSER-PROVINCIALE.mp3\">https:\/\/www.radiopiu.net\/wordpress\/wp-content\/uploads\/2025\/04\/GIANNI-UN-AGORDINO-ALLA-GUIDA-DELLAUSER-PROVINCIALE.mp3<\/a><\/audio>\n<p>&nbsp;<\/p>\n<hr \/>\n<p>&nbsp;<\/p>\n<h1 class=\"_title post-title entry-title\">BELLUNO | FINE VITA, FORNASIER: \u00abSOLO UN PAIO HANNO FATTO QUESTA RICHIESTA\u00bb<\/h1>\n<p>Intervistati GIUSEPPE FORNASIER (PRIMARIO UOC CURE PALLIATIVE BELLUNO) (Servizio di\u00a0<a href=\"https:\/\/antennatre.medianordest.it\/redazione\/Tiziana-Bolognani\/\">Tiziana Bolognani<\/a>)<\/p>\n<p><iframe loading=\"lazy\" title=\"FINE VITA, FORNASIER: \u00abSOLO UN PAIO HANNO FATTO QUESTA RICHIESTA\u00bb | 07\/04\/2025\" width=\"1200\" height=\"675\" src=\"https:\/\/www.youtube.com\/embed\/ctGC9_tmDBQ?feature=oembed\" frameborder=\"0\" allow=\"accelerometer; autoplay; clipboard-write; encrypted-media; gyroscope; picture-in-picture; web-share\" referrerpolicy=\"strict-origin-when-cross-origin\" allowfullscreen><\/iframe><\/p>\n<p>&nbsp;<\/p>\n<p>&nbsp;<\/p>\n<hr \/>\n<p>&nbsp;<\/p>\n<p class=\"\" data-start=\"0\" data-end=\"66\"><strong data-start=\"0\" data-end=\"66\"><a class=\"dt-pswp-item\" href=\"https:\/\/www.radiopiu.net\/wordpress\/wp-content\/uploads\/2025\/04\/FILE-3.jpg\" data-dt-img-description=\"\" data-large_image_width=\"2362\" data-large_image_height=\"1575\"><img loading=\"lazy\" decoding=\"async\" class=\"wp-image-443787 alignleft\" src=\"https:\/\/www.radiopiu.net\/wordpress\/wp-content\/uploads\/2025\/04\/FILE-3-300x200.jpg\" alt=\"\" width=\"165\" height=\"110\" srcset=\"https:\/\/www.radiopiu.net\/wordpress\/wp-content\/uploads\/2025\/04\/FILE-3-300x200.jpg 300w, https:\/\/www.radiopiu.net\/wordpress\/wp-content\/uploads\/2025\/04\/FILE-3-1024x683.jpg 1024w, https:\/\/www.radiopiu.net\/wordpress\/wp-content\/uploads\/2025\/04\/FILE-3-768x512.jpg 768w, https:\/\/www.radiopiu.net\/wordpress\/wp-content\/uploads\/2025\/04\/FILE-3-1536x1024.jpg 1536w, https:\/\/www.radiopiu.net\/wordpress\/wp-content\/uploads\/2025\/04\/FILE-3-2048x1366.jpg 2048w\" sizes=\"auto, (max-width: 165px) 100vw, 165px\" \/><\/a>BRUNO GIORDANO NUOVO COORDINATORE DELLA CONSULTA DEL TRIVENETO<\/strong><\/p>\n<p>La Consulta delle Fondazioni del Triveneto ha nominato all\u2019unanimit\u00e0 Bruno Giordano, presidente di Fondazione Cariverona, come nuovo coordinatore dell\u2019organismo. La decisione \u00e8 stata presa durante la seduta plenaria del 1\u00b0 aprile presso la sede della Fondazione Cariverona. Giordano assumer\u00e0 l\u2019incarico dal 1\u00b0 maggio, subentrando a Carlo Sch\u00f6nsberg, per un mandato di tre anni.<\/p>\n<p>La Consulta riunisce dieci fondazioni di origine bancaria del Nord-Est, tra cui Fondazione Cariparo, Fondazione Cariverona, Fondazione di Bolzano, Fondazione Caritro, Fondazione Friuli, Fondazione di Venezia, Fondazione Cassamarca, Fondazione di Gorizia, Fondazione Banca del Monte di Rovigo e Fondazione Monte di Piet\u00e0 di Vicenza.<\/p>\n<p>&nbsp;<\/p>\n<p>&nbsp;<\/p>\n<hr \/>\n<p>&nbsp;<\/p>\n<blockquote>\n<h3>A GIORNI LA PUBBLICAZIONE DEL BANDO REGIONALE PER IL SOSTEGNO ALLE IMPRESE DEL LEGNO, COMMERCIO E RISTORAZIONE<\/h3>\n<\/blockquote>\n<p><strong><a class=\"dt-pswp-item\" href=\"https:\/\/www.radiopiu.net\/wordpress\/wp-content\/uploads\/2020\/05\/ristorante.jpg\" data-dt-img-description=\"\" data-large_image_width=\"1920\" data-large_image_height=\"1280\"><img loading=\"lazy\" decoding=\"async\" class=\" wp-image-137077 alignleft\" src=\"https:\/\/www.radiopiu.net\/wordpress\/wp-content\/uploads\/2020\/05\/ristorante-300x200.jpg\" alt=\"\" width=\"179\" height=\"119\" srcset=\"https:\/\/www.radiopiu.net\/wordpress\/wp-content\/uploads\/2020\/05\/ristorante-300x200.jpg 300w, https:\/\/www.radiopiu.net\/wordpress\/wp-content\/uploads\/2020\/05\/ristorante-1024x683.jpg 1024w, https:\/\/www.radiopiu.net\/wordpress\/wp-content\/uploads\/2020\/05\/ristorante-768x512.jpg 768w, https:\/\/www.radiopiu.net\/wordpress\/wp-content\/uploads\/2020\/05\/ristorante-1536x1024.jpg 1536w, https:\/\/www.radiopiu.net\/wordpress\/wp-content\/uploads\/2020\/05\/ristorante.jpg 1920w\" sizes=\"auto, (max-width: 179px) 100vw, 179px\" \/><\/a>BELLUNO<\/strong> Agordino e Comelico sotto i riflettori della Regione: entro pochi giorni sar\u00e0 pubblicato il bando regionale dedicato alle aree interne per il sostegno alle imprese del legno, del commercio e della ristorazione.<\/p>\n<p><strong>DI DANIELE DALVIT<\/strong><\/p>\n<audio class=\"wp-audio-shortcode\" id=\"audio-443655-8\" preload=\"none\" style=\"width: 100%;\" controls=\"controls\"><source type=\"audio\/mpeg\" src=\"https:\/\/www.radiopiu.net\/wordpress\/wp-content\/uploads\/2025\/04\/Servizio-Bando-imprese-aree-interne.mp3?_=8\" \/><a href=\"https:\/\/www.radiopiu.net\/wordpress\/wp-content\/uploads\/2025\/04\/Servizio-Bando-imprese-aree-interne.mp3\">https:\/\/www.radiopiu.net\/wordpress\/wp-content\/uploads\/2025\/04\/Servizio-Bando-imprese-aree-interne.mp3<\/a><\/audio>\n<p>&nbsp;<\/p>\n<hr \/>\n<p>&nbsp;<\/p>\n<blockquote>\n<h3>STATO DELLE REGIONI DELLA PROTEZIONE CIVILE: LE PAROLE DI BOTTACIN<\/h3>\n<\/blockquote>\n<p><strong><a class=\"dt-pswp-item\" href=\"https:\/\/www.radiopiu.net\/wordpress\/wp-content\/uploads\/2024\/04\/BOTTACIN.png\" data-dt-img-description=\"\" data-large_image_width=\"564\" data-large_image_height=\"393\"><img loading=\"lazy\" decoding=\"async\" class=\" wp-image-382551 alignleft\" src=\"https:\/\/www.radiopiu.net\/wordpress\/wp-content\/uploads\/2024\/04\/BOTTACIN-300x209.png\" alt=\"\" width=\"155\" height=\"108\" srcset=\"https:\/\/www.radiopiu.net\/wordpress\/wp-content\/uploads\/2024\/04\/BOTTACIN-300x209.png 300w, https:\/\/www.radiopiu.net\/wordpress\/wp-content\/uploads\/2024\/04\/BOTTACIN.png 564w\" sizes=\"auto, (max-width: 155px) 100vw, 155px\" \/><\/a>VENEZIA<\/strong> Di ritorno dagli Stati Generali della Protezione Civile a Roma, l\u2019assessore veneto Gianpaolo Bottacin ha espresso apprezzamento per l\u2019organizzazione e ha sottolineato l\u2019importanza del ruolo delle Regioni nel sistema nazionale. Forte dell\u2019esperienza maturata in varie emergenze e del contributo dato alla normativa nazionale e regionale, Bottacin ha evidenziato la necessit\u00e0 di valorizzare ulteriormente le Regioni, sia nella gestione delle emergenze che in attivit\u00e0 di prevenzione, previsione e ritorno alla normalit\u00e0. Ha ricordato l\u2019intuizione di Zamberletti nel creare un sistema fondato su sussidiariet\u00e0 e complementarit\u00e0, dove i diversi attori collaborano per garantire una risposta efficace al cittadino. Bottacin ha inoltre ribadito il ruolo cruciale dei Presidenti di Regione e delle strutture regionali nella gestione delle crisi, come dimostrato nel Veneto con oltre due miliardi investiti in difesa del suolo. Infine, ha sottolineato l\u2019urgenza di una semplificazione normativa per accelerare gli interventi e di tutele giuridiche per operatori e volontari, lodando l\u2019intervento del Ministro Nordio su questo tema.<\/p>\n<p>&nbsp;<\/p>\n<p>&nbsp;<\/p>\n<hr \/>\n<p>&nbsp;<\/p>\n<blockquote>\n<h3>INTELLIGENZA ARTIFICIALE, UN&#8217;ALLEATA DA SCOPRIRE. LA PRESENTAZIONE A FELTRE<\/h3>\n<\/blockquote>\n<p><strong>FELTRE<\/strong> Il 23 aprile una conferenza aperta al pubblico organizzata da Lions Club Feltre Host e Art Dolomites APS<\/p>\n<p><strong>DI ALESSIA DALL&#8217;O<\/strong><\/p>\n<audio class=\"wp-audio-shortcode\" id=\"audio-443655-9\" preload=\"none\" style=\"width: 100%;\" controls=\"controls\"><source type=\"audio\/mpeg\" src=\"https:\/\/www.radiopiu.net\/wordpress\/wp-content\/uploads\/2025\/04\/ALESSIA-INTELLIGENZA-ARTIFICIALE-FELTRE.mp3?_=9\" \/><a href=\"https:\/\/www.radiopiu.net\/wordpress\/wp-content\/uploads\/2025\/04\/ALESSIA-INTELLIGENZA-ARTIFICIALE-FELTRE.mp3\">https:\/\/www.radiopiu.net\/wordpress\/wp-content\/uploads\/2025\/04\/ALESSIA-INTELLIGENZA-ARTIFICIALE-FELTRE.mp3<\/a><\/audio>\n<p>&nbsp;<\/p>\n\n\t\t\t<style type='text\/css'>\n\t\t\t\t#gallery-3 {\n\t\t\t\t\tmargin: auto;\n\t\t\t\t}\n\t\t\t\t#gallery-3 .gallery-item {\n\t\t\t\t\tfloat: left;\n\t\t\t\t\tmargin-top: 10px;\n\t\t\t\t\ttext-align: center;\n\t\t\t\t\twidth: 25%;\n\t\t\t\t}\n\t\t\t\t#gallery-3 img {\n\t\t\t\t\tborder: 2px solid #cfcfcf;\n\t\t\t\t}\n\t\t\t\t#gallery-3 .gallery-caption {\n\t\t\t\t\tmargin-left: 0;\n\t\t\t\t}\n\t\t\t\t\/* see gallery_shortcode() in wp-includes\/media.php *\/\n\t\t\t<\/style>\n\t\t<div id='gallery-3' class='dt-gallery-container gallery galleryid-443655 gallery-columns-4 gallery-size-thumbnail'><dl class='gallery-item'>\n\t\t\t\t<dt class='gallery-icon portrait'>\n\t\t\t\t\t<a class=\"rollover rollover-zoom dt-pswp-item\" title=\"31dd9f62-2e78-4516-9d81-889d60a652cc\" data-dt-img-description=\"\" data-large_image_width=\"1448\" data-large_image_height=\"2048\"href='https:\/\/www.radiopiu.net\/wordpress\/wp-content\/uploads\/2025\/04\/31dd9f62-2e78-4516-9d81-889d60a652cc.jpg'><img loading=\"lazy\" decoding=\"async\" width=\"150\" height=\"150\" src=\"https:\/\/www.radiopiu.net\/wordpress\/wp-content\/uploads\/2025\/04\/31dd9f62-2e78-4516-9d81-889d60a652cc-150x150.jpg\" class=\"attachment-thumbnail size-thumbnail\" alt=\"\" \/><\/a>\n\t\t\t\t<\/dt><\/dl><dl class='gallery-item'>\n\t\t\t\t<dt class='gallery-icon landscape'>\n\t\t\t\t\t<a class=\"rollover rollover-zoom dt-pswp-item\" title=\"1fd2d8e8-9f7a-41b9-aa89-8b6632e1da31\" data-dt-img-description=\"\" data-large_image_width=\"1600\" data-large_image_height=\"1200\"href='https:\/\/www.radiopiu.net\/wordpress\/wp-content\/uploads\/2025\/04\/1fd2d8e8-9f7a-41b9-aa89-8b6632e1da31.jpg'><img loading=\"lazy\" decoding=\"async\" width=\"150\" height=\"150\" src=\"https:\/\/www.radiopiu.net\/wordpress\/wp-content\/uploads\/2025\/04\/1fd2d8e8-9f7a-41b9-aa89-8b6632e1da31-150x150.jpg\" class=\"attachment-thumbnail size-thumbnail\" alt=\"\" \/><\/a>\n\t\t\t\t<\/dt><\/dl><dl class='gallery-item'>\n\t\t\t\t<dt class='gallery-icon landscape'>\n\t\t\t\t\t<a class=\"rollover rollover-zoom dt-pswp-item\" title=\"3f5b3d58-b0d9-4770-b82b-c2b4fb6ece07\" data-dt-img-description=\"\" data-large_image_width=\"1600\" data-large_image_height=\"1200\"href='https:\/\/www.radiopiu.net\/wordpress\/wp-content\/uploads\/2025\/04\/3f5b3d58-b0d9-4770-b82b-c2b4fb6ece07.jpg'><img loading=\"lazy\" decoding=\"async\" width=\"150\" height=\"150\" src=\"https:\/\/www.radiopiu.net\/wordpress\/wp-content\/uploads\/2025\/04\/3f5b3d58-b0d9-4770-b82b-c2b4fb6ece07-150x150.jpg\" class=\"attachment-thumbnail size-thumbnail\" alt=\"\" \/><\/a>\n\t\t\t\t<\/dt><\/dl><dl class='gallery-item'>\n\t\t\t\t<dt class='gallery-icon landscape'>\n\t\t\t\t\t<a class=\"rollover rollover-zoom dt-pswp-item\" title=\"7009cc32-6976-4173-930d-5afbd8d144b8\" data-dt-img-description=\"\" data-large_image_width=\"1600\" data-large_image_height=\"1199\"href='https:\/\/www.radiopiu.net\/wordpress\/wp-content\/uploads\/2025\/04\/7009cc32-6976-4173-930d-5afbd8d144b8.jpg'><img loading=\"lazy\" decoding=\"async\" width=\"150\" height=\"150\" src=\"https:\/\/www.radiopiu.net\/wordpress\/wp-content\/uploads\/2025\/04\/7009cc32-6976-4173-930d-5afbd8d144b8-150x150.jpg\" class=\"attachment-thumbnail size-thumbnail\" alt=\"\" \/><\/a>\n\t\t\t\t<\/dt><\/dl><br style=\"clear: both\" \/>\n\t\t\t<\/div>\n\n<p>&nbsp;<\/p>\n<hr \/>\n<p>&nbsp;<\/p>\n<blockquote>\n<h3>ALLA MILANO FASHION WEEK ARRIVA IL VILLAGGIO OLIMPICO<\/h3>\n<\/blockquote>\n<p><strong>MILANO<\/strong> Alla Milano Design Week 2025 \u00e8 stata presentata un\u2019installazione sul Villaggio Olimpico di Cortina per Milano Cortina 2026: 377 case mobili ospiteranno 1.400 persone in modo sostenibile e riutilizzabile. Il progetto punta su innovazione, trasparenza e rispetto ambientale. L\u2019installazione \u00e8 visitabile all\u2019ADI Design Museum.<\/p>\n<p><strong>DI BARBARA PAOLAZZI<\/strong><\/p>\n<audio class=\"wp-audio-shortcode\" id=\"audio-443655-10\" preload=\"none\" style=\"width: 100%;\" controls=\"controls\"><source type=\"audio\/mpeg\" src=\"https:\/\/www.radiopiu.net\/wordpress\/wp-content\/uploads\/2025\/04\/PAOLAZZI-MILANO-FASHION-WEEK.mp3?_=10\" \/><a href=\"https:\/\/www.radiopiu.net\/wordpress\/wp-content\/uploads\/2025\/04\/PAOLAZZI-MILANO-FASHION-WEEK.mp3\">https:\/\/www.radiopiu.net\/wordpress\/wp-content\/uploads\/2025\/04\/PAOLAZZI-MILANO-FASHION-WEEK.mp3<\/a><\/audio>\n<p>&nbsp;<\/p>\n\n\t\t\t<style type='text\/css'>\n\t\t\t\t#gallery-4 {\n\t\t\t\t\tmargin: auto;\n\t\t\t\t}\n\t\t\t\t#gallery-4 .gallery-item {\n\t\t\t\t\tfloat: left;\n\t\t\t\t\tmargin-top: 10px;\n\t\t\t\t\ttext-align: center;\n\t\t\t\t\twidth: 33%;\n\t\t\t\t}\n\t\t\t\t#gallery-4 img {\n\t\t\t\t\tborder: 2px solid #cfcfcf;\n\t\t\t\t}\n\t\t\t\t#gallery-4 .gallery-caption {\n\t\t\t\t\tmargin-left: 0;\n\t\t\t\t}\n\t\t\t\t\/* see gallery_shortcode() in wp-includes\/media.php *\/\n\t\t\t<\/style>\n\t\t<div id='gallery-4' class='dt-gallery-container gallery galleryid-443655 gallery-columns-3 gallery-size-medium'><dl class='gallery-item'>\n\t\t\t\t<dt class='gallery-icon landscape'>\n\t\t\t\t\t<a class=\"rollover rollover-zoom dt-pswp-item\" title=\"0ef3d324-fb47-49d8-b2e2-b86c3658f90d\" data-dt-img-description=\"\" data-large_image_width=\"1600\" data-large_image_height=\"1200\"href='https:\/\/www.radiopiu.net\/wordpress\/wp-content\/uploads\/2025\/04\/0ef3d324-fb47-49d8-b2e2-b86c3658f90d.jpg'><img loading=\"lazy\" decoding=\"async\" width=\"300\" height=\"225\" src=\"https:\/\/www.radiopiu.net\/wordpress\/wp-content\/uploads\/2025\/04\/0ef3d324-fb47-49d8-b2e2-b86c3658f90d-300x225.jpg\" class=\"attachment-medium size-medium\" alt=\"\" srcset=\"https:\/\/www.radiopiu.net\/wordpress\/wp-content\/uploads\/2025\/04\/0ef3d324-fb47-49d8-b2e2-b86c3658f90d-300x225.jpg 300w, https:\/\/www.radiopiu.net\/wordpress\/wp-content\/uploads\/2025\/04\/0ef3d324-fb47-49d8-b2e2-b86c3658f90d-1024x768.jpg 1024w, https:\/\/www.radiopiu.net\/wordpress\/wp-content\/uploads\/2025\/04\/0ef3d324-fb47-49d8-b2e2-b86c3658f90d-768x576.jpg 768w, https:\/\/www.radiopiu.net\/wordpress\/wp-content\/uploads\/2025\/04\/0ef3d324-fb47-49d8-b2e2-b86c3658f90d-1536x1152.jpg 1536w, https:\/\/www.radiopiu.net\/wordpress\/wp-content\/uploads\/2025\/04\/0ef3d324-fb47-49d8-b2e2-b86c3658f90d.jpg 1600w\" sizes=\"auto, (max-width: 300px) 100vw, 300px\" \/><\/a>\n\t\t\t\t<\/dt><\/dl><dl class='gallery-item'>\n\t\t\t\t<dt class='gallery-icon landscape'>\n\t\t\t\t\t<a class=\"rollover rollover-zoom dt-pswp-item\" title=\"b756ecac-51b7-491f-8c0d-a4f6a08a9158\" data-dt-img-description=\"\" data-large_image_width=\"1179\" data-large_image_height=\"774\"href='https:\/\/www.radiopiu.net\/wordpress\/wp-content\/uploads\/2025\/04\/b756ecac-51b7-491f-8c0d-a4f6a08a9158.jpg'><img loading=\"lazy\" decoding=\"async\" width=\"300\" height=\"197\" src=\"https:\/\/www.radiopiu.net\/wordpress\/wp-content\/uploads\/2025\/04\/b756ecac-51b7-491f-8c0d-a4f6a08a9158-300x197.jpg\" class=\"attachment-medium size-medium\" alt=\"\" srcset=\"https:\/\/www.radiopiu.net\/wordpress\/wp-content\/uploads\/2025\/04\/b756ecac-51b7-491f-8c0d-a4f6a08a9158-300x197.jpg 300w, https:\/\/www.radiopiu.net\/wordpress\/wp-content\/uploads\/2025\/04\/b756ecac-51b7-491f-8c0d-a4f6a08a9158-1024x672.jpg 1024w, https:\/\/www.radiopiu.net\/wordpress\/wp-content\/uploads\/2025\/04\/b756ecac-51b7-491f-8c0d-a4f6a08a9158-768x504.jpg 768w, https:\/\/www.radiopiu.net\/wordpress\/wp-content\/uploads\/2025\/04\/b756ecac-51b7-491f-8c0d-a4f6a08a9158.jpg 1179w\" sizes=\"auto, (max-width: 300px) 100vw, 300px\" \/><\/a>\n\t\t\t\t<\/dt><\/dl><dl class='gallery-item'>\n\t\t\t\t<dt class='gallery-icon landscape'>\n\t\t\t\t\t<a class=\"rollover rollover-zoom dt-pswp-item\" title=\"bcbb1944-92a5-41ad-9a49-e85fe1b90409\" data-dt-img-description=\"\" data-large_image_width=\"640\" data-large_image_height=\"428\"href='https:\/\/www.radiopiu.net\/wordpress\/wp-content\/uploads\/2025\/04\/bcbb1944-92a5-41ad-9a49-e85fe1b90409.jpg'><img loading=\"lazy\" decoding=\"async\" width=\"300\" height=\"201\" src=\"https:\/\/www.radiopiu.net\/wordpress\/wp-content\/uploads\/2025\/04\/bcbb1944-92a5-41ad-9a49-e85fe1b90409-300x201.jpg\" class=\"attachment-medium size-medium\" alt=\"\" srcset=\"https:\/\/www.radiopiu.net\/wordpress\/wp-content\/uploads\/2025\/04\/bcbb1944-92a5-41ad-9a49-e85fe1b90409-300x201.jpg 300w, https:\/\/www.radiopiu.net\/wordpress\/wp-content\/uploads\/2025\/04\/bcbb1944-92a5-41ad-9a49-e85fe1b90409.jpg 640w\" sizes=\"auto, (max-width: 300px) 100vw, 300px\" \/><\/a>\n\t\t\t\t<\/dt><\/dl><br style=\"clear: both\" \/>\n\t\t\t<\/div>\n\n<p>&nbsp;<\/p>\n<p>&nbsp;<\/p>\n<hr \/>\n<p>&nbsp;<\/p>\n<blockquote>\n<p class=\"\" data-start=\"0\" data-end=\"58\"><strong data-start=\"0\" data-end=\"58\">INAGUARAZIONE SALA DOCUMENTALE CILP DEL 12 APRILE 2025<\/strong><\/p>\n<\/blockquote>\n<p class=\"\" data-start=\"60\" data-end=\"479\"><a class=\"dt-pswp-item\" href=\"https:\/\/www.radiopiu.net\/wordpress\/wp-content\/uploads\/2023\/04\/Logo-CILP-21-02-2013-Definitivo-omsha2ed92geykdhnz5hji6lz57r2cwzg8exzf1umc.png\" data-dt-img-description=\"\" data-large_image_width=\"250\" data-large_image_height=\"250\"><img loading=\"lazy\" decoding=\"async\" class=\" wp-image-330716 alignleft\" src=\"https:\/\/www.radiopiu.net\/wordpress\/wp-content\/uploads\/2023\/04\/Logo-CILP-21-02-2013-Definitivo-omsha2ed92geykdhnz5hji6lz57r2cwzg8exzf1umc.png\" alt=\"\" width=\"165\" height=\"165\" srcset=\"https:\/\/www.radiopiu.net\/wordpress\/wp-content\/uploads\/2023\/04\/Logo-CILP-21-02-2013-Definitivo-omsha2ed92geykdhnz5hji6lz57r2cwzg8exzf1umc.png 250w, https:\/\/www.radiopiu.net\/wordpress\/wp-content\/uploads\/2023\/04\/Logo-CILP-21-02-2013-Definitivo-omsha2ed92geykdhnz5hji6lz57r2cwzg8exzf1umc-150x150.png 150w\" sizes=\"auto, (max-width: 165px) 100vw, 165px\" \/><\/a>Il 6 aprile scorso, all\u2019Auditorium Zotti di San Vito al Tagliamento, \u00e8 stato inaugurato il MUTAT, il primo museo tattile per tutti del Nord-Est, realizzato dall\u2019associazione Polaris Amici del Libro Parlato ODV. Il museo ospita riproduzioni in bassorilievo di opere pittoriche celebri, frutto dell\u2019idea del maestro Gualtiero Munerol e prodotte dal Centro Internazionale del Libro Parlato A. Sernagiotto (CILP di Feltre).Sabato 12 aprile, al mattino, presso la sede del Centro Internazionale del Libro Parlato in via Montegrappa 6 a Feltre (terzo piano), verr\u00e0 inaugurata la nuova Sala Documentale, ideata dalla Presidente Luisa Alchini. In un intervento emozionante, Alchini ha sottolineato l\u2019importanza del riconoscimento verso i volontari, ringraziando chi ha contribuito a 40 anni di impegno per l\u2019accessibilit\u00e0 della lettura.La sala propone un percorso immersivo attraverso immagini, documenti d\u2019archivio, strumenti per audiolibri, testi in braille, ausili per non vedenti e opere in bassorilievo.<\/p>\n<p>&nbsp;<\/p>\n<p>&nbsp;<\/p>\n<hr \/>\n<p>&nbsp;<\/p>\n<h2><span style=\"color: #ff0000;\">CONSIGLI COMUNALI IN AGORDINO<\/span><\/h2>\n<p><strong>ALLEGHE<\/strong> Consiglio comunale domani alle 20:30. Nove punti da discutere tra cui la gestione associata di servizi con l\u2019Unione Montana Agordina. Tra queste, vi sono la centrale unica di committenza, le strutture sportive, la gestione dei beni silvo-pastorali e la pianificazione di protezione civile, una variazione a bilancio e la convenzione con i comuni di Rocca Pietore e Selva di Cadore per lo svolgimento in forma associata delle funzioni di segreteria<\/p>\n<p><strong>COLLE SANTA LUCIA<\/strong> Cosiglio comunale venerd\u00ec alle 18. Tra gli 8 punti all&#8217;ordine del giorno, si parlera della gestione associata di servizi con l\u2019Unione Montana Agordina. Tra queste, vi sono la centrale unica di committenza, le strutture sportive, la gestione dei beni silvo-pastorali e la pianificazione di protezione civile. Inoltre anche la convenzione tra i comuni di Livinallongo e Cortina e i rispettivi gruppi ladini.<\/p>\n<p>&nbsp;<\/p>\n<hr \/>\n<p>&nbsp;<\/p>\n<blockquote>\n<h2 data-start=\"0\" data-end=\"65\"><strong data-start=\"0\" data-end=\"65\"><a class=\"dt-pswp-item\" href=\"https:\/\/www.radiopiu.net\/wordpress\/wp-content\/uploads\/2025\/04\/FACCHINATO-Lorenzo-4-scaled.jpg\" data-dt-img-description=\"\" data-large_image_width=\"2560\" data-large_image_height=\"1920\"><img loading=\"lazy\" decoding=\"async\" class=\" wp-image-443791 alignleft\" src=\"https:\/\/www.radiopiu.net\/wordpress\/wp-content\/uploads\/2025\/04\/FACCHINATO-Lorenzo-4-300x225.jpg\" alt=\"\" width=\"197\" height=\"148\" srcset=\"https:\/\/www.radiopiu.net\/wordpress\/wp-content\/uploads\/2025\/04\/FACCHINATO-Lorenzo-4-300x225.jpg 300w, https:\/\/www.radiopiu.net\/wordpress\/wp-content\/uploads\/2025\/04\/FACCHINATO-Lorenzo-4-1024x768.jpg 1024w, https:\/\/www.radiopiu.net\/wordpress\/wp-content\/uploads\/2025\/04\/FACCHINATO-Lorenzo-4-768x576.jpg 768w, https:\/\/www.radiopiu.net\/wordpress\/wp-content\/uploads\/2025\/04\/FACCHINATO-Lorenzo-4-1536x1152.jpg 1536w, https:\/\/www.radiopiu.net\/wordpress\/wp-content\/uploads\/2025\/04\/FACCHINATO-Lorenzo-4-2048x1536.jpg 2048w\" sizes=\"auto, (max-width: 197px) 100vw, 197px\" \/><\/a>CONTROLLO IMPIANTI IDRICI: AGGIORNAMENTO CONTRO LA LEGIONELLA<\/strong><\/h2>\n<\/blockquote>\n<p class=\"\" data-start=\"67\" data-end=\"505\"><strong>BELLUNO<\/strong> Con il Decreto Legislativo\u00a0 che recepisce la Direttiva europea sulla qualit\u00e0 dell\u2019acqua, si rafforzano i controlli periodici sugli impianti idrici per prevenire rischi sanitari come la legionellosi. Nel bellunese, amministratori e responsabili di strutture sono chiamati a installare pozzetti di campionamento e a garantire una manutenzione continua, aumentando cos\u00ec le richieste a termoidraulici e manutentori.<\/p>\n<p class=\"\" data-start=\"507\" data-end=\"992\">Confartigianato Belluno ha organizzato un incontro formativo per aggiornare gli associati sulle normative vigenti e sulle corrette procedure di verifica e intervento in caso di contaminazione da legionella. Durante la sessione, esperti dell\u2019ULSS 1 Dolomiti e tecnici del settore hanno illustrato i protocolli di controllo, la gestione del rischio e le misure di intervento, evidenziando l\u2019importanza di rivolgersi a professionisti qualificati per garantire la sicurezza degli impianti.<\/p>\n<p data-start=\"507\" data-end=\"992\"><em>&#8220;L\u2019incontro sulla nuova normativa sulla legionella \u2013 commenta Lorenzo Facchinato, Presidente del mestiere Bruciatoristi di Confartigianato Imprese Belluno\u00a0 (FOTO)\u2013 \u00e8 stato un importante momento di approfondimento e confronto. La presenza degli Enti di Controllo e dei verificatori ha permesso di chiarire molti aspetti tecnici e normativi, fornendo indicazioni utili per il nostro lavoro quotidiano.&#8221;<\/em><\/p>\n<p>&nbsp;<\/p>\n<p>&nbsp;<\/p>\n<hr \/>\n<p>&nbsp;<\/p>\n<p>&nbsp;<\/p>\n<blockquote>\n<p class=\"\" data-start=\"0\" data-end=\"92\"><strong data-start=\"0\" data-end=\"92\"><a class=\"dt-pswp-item\" href=\"https:\/\/www.radiopiu.net\/wordpress\/wp-content\/uploads\/2021\/11\/QUESTURA-BELLUNO.png\" data-dt-img-description=\"\" data-large_image_width=\"1912\" data-large_image_height=\"1384\"><img loading=\"lazy\" decoding=\"async\" class=\"wp-image-244040 alignleft\" src=\"https:\/\/www.radiopiu.net\/wordpress\/wp-content\/uploads\/2021\/11\/QUESTURA-BELLUNO-300x217.png\" alt=\"\" width=\"124\" height=\"90\" srcset=\"https:\/\/www.radiopiu.net\/wordpress\/wp-content\/uploads\/2021\/11\/QUESTURA-BELLUNO-300x217.png 300w, https:\/\/www.radiopiu.net\/wordpress\/wp-content\/uploads\/2021\/11\/QUESTURA-BELLUNO-1024x741.png 1024w, https:\/\/www.radiopiu.net\/wordpress\/wp-content\/uploads\/2021\/11\/QUESTURA-BELLUNO-768x556.png 768w, https:\/\/www.radiopiu.net\/wordpress\/wp-content\/uploads\/2021\/11\/QUESTURA-BELLUNO-1536x1112.png 1536w, https:\/\/www.radiopiu.net\/wordpress\/wp-content\/uploads\/2021\/11\/QUESTURA-BELLUNO.png 1912w\" sizes=\"auto, (max-width: 124px) 100vw, 124px\" \/><\/a>CONCORSO PUBBLICO PER 4 POSTI DI ORCHESTRALE DELLA BANDA MUSICALE DELLA POLIZIA DI STATO<\/strong><\/p>\n<\/blockquote>\n<p class=\"\" data-start=\"94\" data-end=\"692\"><strong>BELLUNO<\/strong> La Questura di Belluno, Ufficio di Gabinetto, comunica la pubblicazione del bando per titoli ed esami, che offre<strong> 4 posti per il ruolo degli orchestrali della banda musicale<\/strong> della Polizia di Stato. Inoltre, altro bando per l\u2019<strong>assunzione di 196 commissari della carriera dei funzionari<\/strong> della Polizia di Stato, I concorsi sono disponibili sul Portale unico del reclutamento (<a class=\"\" href=\"http:\/\/www.inpa.gov.it\" target=\"_new\" rel=\"noopener\" data-start=\"416\" data-end=\"431\">www.inpa.gov.it<\/a>) e sul sito <a class=\"\" href=\"http:\/\/www.poliziadistato.it\" target=\"_new\" rel=\"noopener\" data-start=\"444\" data-end=\"465\">www.poliziadistato.it<\/a>. Le domande di partecipazione potranno essere presentate online, tramite la procedura informatica accessibile \u00a0dal 2 aprile al 1 maggio.<\/p>\n<p>&nbsp;<\/p>\n<p>&nbsp;<\/p>\n<hr \/>\n<p>&nbsp;<\/p>\n<blockquote>\n<h3>FELTRE CITTA&#8217; IDEALE, LA MOSTRA<\/h3>\n<\/blockquote>\n<p><strong><a class=\"dt-pswp-item\" href=\"https:\/\/www.radiopiu.net\/wordpress\/wp-content\/uploads\/2024\/06\/Feltre-Belluno-1024x576-1.jpg\" data-dt-img-description=\"\" data-large_image_width=\"1024\" data-large_image_height=\"576\"><img loading=\"lazy\" decoding=\"async\" class=\" wp-image-394880 alignleft\" src=\"https:\/\/www.radiopiu.net\/wordpress\/wp-content\/uploads\/2024\/06\/Feltre-Belluno-1024x576-1-300x169.jpg\" alt=\"\" width=\"220\" height=\"124\" srcset=\"https:\/\/www.radiopiu.net\/wordpress\/wp-content\/uploads\/2024\/06\/Feltre-Belluno-1024x576-1-300x169.jpg 300w, https:\/\/www.radiopiu.net\/wordpress\/wp-content\/uploads\/2024\/06\/Feltre-Belluno-1024x576-1-768x432.jpg 768w, https:\/\/www.radiopiu.net\/wordpress\/wp-content\/uploads\/2024\/06\/Feltre-Belluno-1024x576-1.jpg 1024w\" sizes=\"auto, (max-width: 220px) 100vw, 220px\" \/><\/a>FELTRE<\/strong> La mostra <em data-start=\"10\" data-end=\"31\">Feltre citt\u00e0 ideale<\/em>, inaugurata il 10 aprile e aperta al pubblico dall\u201911, nasce da un progetto della classe quarta del liceo Scienze umane e arti comunicative dell\u2019Istituto canossiano di Feltre. Gli studenti hanno esplorato il concetto di \u201cutopia\u201d attraverso arte, filosofia, sociologia ed educazione civica, immaginando una rigenerazione urbana della citt\u00e0. Con il supporto del Comune e del FAI, hanno realizzato una quarantina di tavole artistiche ispirate alla valorizzazione del Castello di Feltre, candidato come \u201cluogo del cuore\u201d. La mostra, allestita presso la Torre dell\u2019Orologio, sar\u00e0 visitabile fino a Pasquetta, anche su prenotazione per le scuole. L\u2019iniziativa mira a stimolare la cittadinanza attiva e la consapevolezza del territorio tra i giovani.<\/p>\n<p>&nbsp;<\/p>\n<p>&nbsp;<\/p>\n<hr \/>\n<p>&nbsp;<\/p>\n<blockquote>\n<article class=\"text-token-text-primary w-full\" dir=\"auto\" data-testid=\"conversation-turn-8\" data-scroll-anchor=\"true\">\n<div class=\"text-base my-auto mx-auto py-5 px-6\">\n<div class=\"mx-auto flex flex-1 text-base gap-4 md:gap-5 lg:gap-6 md:max-w-3xl group\/turn-messages focus-visible:outline-hidden\" tabindex=\"-1\">\n<div class=\"group\/conversation-turn relative flex w-full min-w-0 flex-col agent-turn @xs\/thread:px-0 @sm\/thread:px-1.5 @md\/thread:px-4\">\n<div class=\"relative flex-col gap-1 md:gap-3\">\n<div class=\"flex max-w-full flex-col grow\">\n<div class=\"min-h-8 text-message relative flex w-full flex-col items-end gap-2 text-start break-words whitespace-normal [.text-message+&amp;]:mt-5\" dir=\"auto\" data-message-author-role=\"assistant\" data-message-id=\"8126ae2b-0e1c-439b-8e7a-a9f337eb8ecf\" data-message-model-slug=\"gpt-4o\">\n<div class=\"flex w-full flex-col gap-1 empty:hidden first:pt-[3px]\">\n<div class=\"markdown prose dark:prose-invert w-full break-words dark\">\n<p class=\"\" data-start=\"0\" data-end=\"71\"><strong data-start=\"0\" data-end=\"71\" data-is-last-node=\"\" data-is-only-node=\"\"><a class=\"dt-pswp-item\" href=\"https:\/\/www.radiopiu.net\/wordpress\/wp-content\/uploads\/2025\/04\/pasod-alberto-armellini1.jpg\" data-dt-img-description=\"\" data-large_image_width=\"1280\" data-large_image_height=\"852\"><img loading=\"lazy\" decoding=\"async\" class=\" wp-image-443740 alignleft\" src=\"https:\/\/www.radiopiu.net\/wordpress\/wp-content\/uploads\/2025\/04\/pasod-alberto-armellini1-300x200.jpg\" alt=\"\" width=\"218\" height=\"145\" srcset=\"https:\/\/www.radiopiu.net\/wordpress\/wp-content\/uploads\/2025\/04\/pasod-alberto-armellini1-300x200.jpg 300w, https:\/\/www.radiopiu.net\/wordpress\/wp-content\/uploads\/2025\/04\/pasod-alberto-armellini1-1024x682.jpg 1024w, https:\/\/www.radiopiu.net\/wordpress\/wp-content\/uploads\/2025\/04\/pasod-alberto-armellini1-768x511.jpg 768w, https:\/\/www.radiopiu.net\/wordpress\/wp-content\/uploads\/2025\/04\/pasod-alberto-armellini1.jpg 1280w\" sizes=\"auto, (max-width: 218px) 100vw, 218px\" \/><\/a>EL CORAZ\u00d3N AL SUR: A MEL IL FLAMENCO RACCONTA IL CAMMINO DEI POPOLI<\/strong><\/p>\n<\/div>\n<\/div>\n<\/div>\n<\/div>\n<div class=\"flex justify-start\">\n<div class=\"touch:-me-2 touch:-ms-3.5 -ms-2.5 -me-1 flex items-center p-1 select-none -mt-1 duration-[1.5s] focus-within:transition-none hover:transition-none pointer-events-none [mask-image:linear-gradient(to_right,black_33%,transparent_66%)] [mask-position:100%_0%] [mask-size:300%_100%] motion-safe:transition-[mask-position] group-hover\/turn-messages:pointer-events-auto group-hover\/turn-messages:[mask-position:0_0] group-focus-within\/turn-messages:pointer-events-auto group-focus-within\/turn-messages:[mask-position:0_0] has-data-[state=open]:pointer-events-auto has-data-[state=open]:[mask-position:0_0]\"><\/div>\n<\/div>\n<\/div>\n<\/div>\n<\/div>\n<\/div>\n<\/article>\n<\/blockquote>\n<p><strong>BORGO VALBELLUNA\u00a0<\/strong> Venerd\u00ec 11 aprile alle 20:45, presso la Sala Auditorium di San Pietro a Mel, <em data-start=\"117\" data-end=\"138\">Camminando Festival<\/em> propone El Coraz\u00f3n al Sur, spettacolo di flamenco con la bailaora Manuela Carretta e il Duo Pasodoble 21. Un viaggio musicale, poetico e coreografico che racconta la nascita della civilt\u00e0 iberoamericana attraverso danze, canti e contaminazioni culturali. Il flamenco diventa metafora del cammino, dell\u2019incontro tra popoli e della costruzione di nuove identit\u00e0. Protagoniste quattro figure femminili simbolo del m\u00e9tissage: Tomasa, Chinoca, Malena e Beatriz, che daranno vita a uno spettacolo coinvolgente e ricco di emozioni. Ingresso libero con offerta consapevole.<\/p>\n<p>&nbsp;<\/p>\n<p>&nbsp;<\/p>\n<hr \/>\n<p>&nbsp;<\/p>\n<blockquote>\n<p class=\"\" data-start=\"0\" data-end=\"62\"><strong data-start=\"0\" data-end=\"62\"><a class=\"dt-pswp-item\" href=\"https:\/\/www.radiopiu.net\/wordpress\/wp-content\/uploads\/2025\/04\/14-Osteria-Shakespeare-4-scaled.jpg\" data-dt-img-description=\"\" data-large_image_width=\"2560\" data-large_image_height=\"1707\"><img loading=\"lazy\" decoding=\"async\" class=\"wp-image-443790 alignleft\" src=\"https:\/\/www.radiopiu.net\/wordpress\/wp-content\/uploads\/2025\/04\/14-Osteria-Shakespeare-4-300x200.jpg\" alt=\"\" width=\"159\" height=\"106\" srcset=\"https:\/\/www.radiopiu.net\/wordpress\/wp-content\/uploads\/2025\/04\/14-Osteria-Shakespeare-4-300x200.jpg 300w, https:\/\/www.radiopiu.net\/wordpress\/wp-content\/uploads\/2025\/04\/14-Osteria-Shakespeare-4-1024x683.jpg 1024w, https:\/\/www.radiopiu.net\/wordpress\/wp-content\/uploads\/2025\/04\/14-Osteria-Shakespeare-4-768x512.jpg 768w, https:\/\/www.radiopiu.net\/wordpress\/wp-content\/uploads\/2025\/04\/14-Osteria-Shakespeare-4-1536x1024.jpg 1536w, https:\/\/www.radiopiu.net\/wordpress\/wp-content\/uploads\/2025\/04\/14-Osteria-Shakespeare-4-2048x1365.jpg 2048w\" sizes=\"auto, (max-width: 159px) 100vw, 159px\" \/><\/a>LA 1A STAGIONE DI ALPAGO SI CHIUDE CON OSTERIA SHAKESPEARE<\/strong><\/p>\n<\/blockquote>\n<p class=\"\" data-start=\"64\" data-end=\"799\"><strong>ALPAGO<\/strong> Domenica alle 16.30, alla Casa della Giovent\u00f9 di Puos, si concluder\u00e0 la prima rassegna teatrale promossa dal Circolo in Comune di Alpago. Il Centro Teatrale Da Ponte di Vittorio Veneto presenter\u00e0 \u201cOsteria Shakespeare\u201d, uno spettacolo diretto da Edoardo Fainello che sfida il tempo rappresentando 7 opere di Shakespeare in meno di 70 minuti, con il coinvolgimento del pubblico.\u00a0 Il biglietto costa 18 euro e la prenotazione \u00e8 disponibile online.<\/p>\n<p>&nbsp;<\/p>\n<hr \/>\n<p>&nbsp;<\/p>\n<blockquote>\n<h3 data-start=\"0\" data-end=\"48\"><strong data-start=\"0\" data-end=\"48\"><a class=\"dt-pswp-item\" href=\"https:\/\/www.radiopiu.net\/wordpress\/wp-content\/uploads\/2025\/04\/Immagine-2025-04-07-103532.jpg\" data-dt-img-description=\"\" data-large_image_width=\"516\" data-large_image_height=\"231\"><img loading=\"lazy\" decoding=\"async\" class=\" wp-image-443755 alignleft\" src=\"https:\/\/www.radiopiu.net\/wordpress\/wp-content\/uploads\/2025\/04\/Immagine-2025-04-07-103532-300x134.jpg\" alt=\"\" width=\"249\" height=\"111\" srcset=\"https:\/\/www.radiopiu.net\/wordpress\/wp-content\/uploads\/2025\/04\/Immagine-2025-04-07-103532-300x134.jpg 300w, https:\/\/www.radiopiu.net\/wordpress\/wp-content\/uploads\/2025\/04\/Immagine-2025-04-07-103532.jpg 516w\" sizes=\"auto, (max-width: 249px) 100vw, 249px\" \/><\/a>LE PR\u00c9NOM CHIUDE LA 48A STAGIONE DEL CIRCOLO<\/strong><\/h3>\n<\/blockquote>\n<p class=\"\" data-start=\"50\" data-end=\"478\"><strong>BELLUNO<\/strong> Sabato 12 aprile alle 20:45, il Teatro Dino Buzzati di Belluno ospiter\u00e0 l\u2019ultima rappresentazione della brillante commedia francese <em data-start=\"207\" data-end=\"218\">Le Pr\u00e9nom<\/em>, che saluta la 48a stagione di Prosa del Circolo Cultura e Stampa Bellunese. La versione italiana, adattata da Fausto Paravidino, vede sul palco Lisa Galantini, Alberto Giusta, Davide Lorino, Elisabetta Mazzullo e Aldo Ottobrino, diretti da Antonio Zavatteri. La commedia, ricca di colpi di scena e momenti esilaranti, narra le vicende di un gruppo di quarantenni alle prese con amicizie, rancori e segreti, durante una conviviale serata in casa di due professori di sinistra. Tra equivoci e rivelazioni, il dialogo arguto e musicale si trasforma in una riflessione profonda sulle dinamiche della media borghesia e sulle scelte personali, in un susseguirsi di situazioni che sanno coniugare ironia e introspezione. Informazioni e biglietti (costo da 25 a 45 euro a persona) sono disponibili presso il Circolo Cultura e Stampa Bellunese.<\/p>\n<p>&nbsp;<\/p>\n<p>&nbsp;<\/p>\n<hr \/>\n<p>&nbsp;<\/p>\n<blockquote>\n<article class=\"text-token-text-primary w-full\" dir=\"auto\" data-testid=\"conversation-turn-10\" data-scroll-anchor=\"true\">\n<div class=\"text-base my-auto mx-auto py-5 px-6\">\n<div class=\"mx-auto flex flex-1 text-base gap-4 md:gap-5 lg:gap-6 md:max-w-3xl group\/turn-messages focus-visible:outline-hidden\" tabindex=\"-1\">\n<div class=\"group\/conversation-turn relative flex w-full min-w-0 flex-col agent-turn @xs\/thread:px-0 @sm\/thread:px-1.5 @md\/thread:px-4\">\n<div class=\"relative flex-col gap-1 md:gap-3\">\n<div class=\"flex justify-start\">\n<div class=\"touch:-me-2 touch:-ms-3.5 -ms-2.5 -me-1 flex items-center p-1 select-none -mt-1 duration-[1.5s] focus-within:transition-none hover:transition-none pointer-events-none [mask-image:linear-gradient(to_right,black_33%,transparent_66%)] [mask-position:100%_0%] [mask-size:300%_100%] motion-safe:transition-[mask-position] group-hover\/turn-messages:pointer-events-auto group-hover\/turn-messages:[mask-position:0_0] group-focus-within\/turn-messages:pointer-events-auto group-focus-within\/turn-messages:[mask-position:0_0] has-data-[state=open]:pointer-events-auto has-data-[state=open]:[mask-position:0_0]\">\n<div class=\"flex items-center pb-0\"><\/div>\n<\/div>\n<\/div>\n<\/div>\n<\/div>\n<\/div>\n<\/div>\n<\/article>\n<article class=\"text-token-text-primary w-full\" dir=\"auto\" data-testid=\"conversation-turn-10\" data-scroll-anchor=\"true\">\n<div class=\"text-base my-auto mx-auto py-5 px-6\">\n<div class=\"mx-auto flex flex-1 text-base gap-4 md:gap-5 lg:gap-6 md:max-w-3xl group\/turn-messages focus-visible:outline-hidden\" tabindex=\"-1\">\n<div class=\"group\/conversation-turn relative flex w-full min-w-0 flex-col agent-turn @xs\/thread:px-0 @sm\/thread:px-1.5 @md\/thread:px-4\">\n<div class=\"relative flex-col gap-1 md:gap-3\">\n<div class=\"flex max-w-full flex-col grow\">\n<div class=\"min-h-8 text-message relative flex w-full flex-col items-end gap-2 text-start break-words whitespace-normal [.text-message+&amp;]:mt-5\" dir=\"auto\" data-message-author-role=\"assistant\" data-message-id=\"60631c29-a139-40f8-b384-2b7434605885\" data-message-model-slug=\"gpt-4o\">\n<div class=\"flex w-full flex-col gap-1 empty:hidden first:pt-[3px]\">\n<div class=\"markdown prose dark:prose-invert w-full break-words dark\">\n<p class=\"\" data-start=\"0\" data-end=\"81\"><strong data-start=\"0\" data-end=\"81\" data-is-last-node=\"\" data-is-only-node=\"\"><a class=\"dt-pswp-item\" href=\"https:\/\/www.radiopiu.net\/wordpress\/wp-content\/uploads\/2025\/04\/Daniela-Perco-scaled.jpg\" data-dt-img-description=\"rpt\" data-large_image_width=\"1638\" data-large_image_height=\"2560\"><img loading=\"lazy\" decoding=\"async\" class=\" wp-image-443741 alignleft\" src=\"https:\/\/www.radiopiu.net\/wordpress\/wp-content\/uploads\/2025\/04\/Daniela-Perco-192x300.jpg\" alt=\"\" width=\"127\" height=\"198\" srcset=\"https:\/\/www.radiopiu.net\/wordpress\/wp-content\/uploads\/2025\/04\/Daniela-Perco-192x300.jpg 192w, https:\/\/www.radiopiu.net\/wordpress\/wp-content\/uploads\/2025\/04\/Daniela-Perco-655x1024.jpg 655w, https:\/\/www.radiopiu.net\/wordpress\/wp-content\/uploads\/2025\/04\/Daniela-Perco-768x1201.jpg 768w, https:\/\/www.radiopiu.net\/wordpress\/wp-content\/uploads\/2025\/04\/Daniela-Perco-983x1536.jpg 983w, https:\/\/www.radiopiu.net\/wordpress\/wp-content\/uploads\/2025\/04\/Daniela-Perco-1310x2048.jpg 1310w, https:\/\/www.radiopiu.net\/wordpress\/wp-content\/uploads\/2025\/04\/Daniela-Perco-scaled.jpg 1638w\" sizes=\"auto, (max-width: 127px) 100vw, 127px\" \/><\/a><\/strong><\/p>\n<p class=\"\" data-start=\"0\" data-end=\"81\"><strong data-start=\"0\" data-end=\"81\" data-is-last-node=\"\" data-is-only-node=\"\">IL PREMIO \u201cSAN VITTORE\u201d 2025 A DANIELA PERCO, STUDIOSA DELLA CULTURA POPOLARE<\/strong><\/p>\n<\/div>\n<\/div>\n<\/div>\n<\/div>\n<\/div>\n<\/div>\n<\/div>\n<\/div>\n<\/article>\n<\/blockquote>\n<div class=\"touch:-me-2 touch:-ms-3.5 -ms-2.5 -me-1 flex items-center p-1 select-none -mt-1 duration-[1.5s] focus-within:transition-none hover:transition-none pointer-events-none [mask-image:linear-gradient(to_right,black_33%,transparent_66%)] [mask-position:100%_0%] [mask-size:300%_100%] motion-safe:transition-[mask-position] group-hover\/turn-messages:pointer-events-auto group-hover\/turn-messages:[mask-position:0_0] group-focus-within\/turn-messages:pointer-events-auto group-focus-within\/turn-messages:[mask-position:0_0] has-data-[state=open]:pointer-events-auto has-data-[state=open]:[mask-position:0_0]\"><\/div>\n<p><strong>FELTRE<\/strong> Il Premio \u201cSanti Martiri Vittore e Corona\u201d 2025 sar\u00e0 assegnato a Daniela Perco, studiosa di cultura popolare, per la sua lunga e articolata attivit\u00e0 di ricerca e valorizzazione del patrimonio etnografico, storico e antropologico. Laureata in Lettere a indirizzo demo-etno-antropologico, ha svolto ricerche in Egitto e in Brasile, progettato musei ed ecomusei, diretto il Museo etnografico Dolomiti e collaborato con enti e universit\u00e0. Tra i suoi progetti pi\u00f9 recenti \u201cGeografie della memoria\u201d e numerose pubblicazioni. La premiazione avverr\u00e0 domenica 18 maggio a Feltre, con presentazione di Iolanda Da Deppo e concerto conclusivo in Piazza Maggiore.<\/p>\n<p>&nbsp;<\/p>\n<p>&nbsp;<\/p>\n<p>&nbsp;<\/p>\n<hr \/>\n<p>&nbsp;<\/p>\n<p>&nbsp;<\/p>\n<blockquote>\n<h3 class=\"\" data-start=\"0\" data-end=\"70\"><strong data-start=\"4\" data-end=\"68\">ASSEMBLEA ORDINARIA DELL\u2019UNIONE ITALIANA CIECHI E IPOVEDENTI<\/strong><\/h3>\n<\/blockquote>\n<p class=\"\" data-start=\"72\" data-end=\"368\"><strong>BELLUNO<\/strong> Domenica 13 aprile 2025, alle\u00a0 9 nella Sala Muccin del Centro Congressi Giovanni XXIII di Belluno, si terr\u00e0 l\u2019Assemblea ordinaria dell\u2019Unione Italiana dei Ciechi e degli Ipovedenti. Durante l\u2019incontro si eleggeranno il nuovo Consiglio Direttivo e i rappresentanti regionali e nazionali.<\/p>\n<p>&nbsp;<\/p>\n<article class=\"w-full text-token-text-primary\" dir=\"auto\" data-testid=\"conversation-turn-4\" data-scroll-anchor=\"true\">\n<div class=\"text-base my-auto mx-auto py-5 px-6\">\n<div class=\"mx-auto flex flex-1 text-base gap-4 md:gap-5 lg:gap-6 md:max-w-3xl group\/turn-messages focus-visible:outline-none\" tabindex=\"-1\">\n<div class=\"group\/conversation-turn relative flex w-full min-w-0 flex-col agent-turn @xs\/thread:px-0 @sm\/thread:px-1.5 @md\/thread:px-4\">\n<div class=\"absolute\">\n<p>&nbsp;<\/p>\n<hr \/>\n<p>&nbsp;<\/p>\n<blockquote>\n<h3>IL GIOCO DELLE COSTELLAZIONI SABATO A FELTRE<\/h3>\n<\/blockquote>\n<p><strong>FELTRE<\/strong> Sabato 12 aprile alle 21, Gabriele Vanin guider\u00e0 \u201cIl gioco delle costellazioni\u201d, una serata interattiva per bambini con modelli viventi per spiegare Sole, Luna, Terra, pianeti e stelle. Se il cielo sar\u00e0 sereno, si osserver\u00e0 la Luna piena e altre meraviglie celesti, tra cui stelle colorate, sistemi stellari multipli e la Stazione Spaziale Cinese Tiangong. Ingresso 5 euro, gratuito per soci e bambini sotto gli 11 anni. Una sorpresa speciale \u00e8 riservata ai partecipanti.<\/p>\n<p>&nbsp;<\/p>\n<p>&nbsp;<\/p>\n<hr \/>\n<p>&nbsp;<\/p>\n<\/div>\n<\/div>\n<\/div>\n<\/div>\n<\/article>\n<h1><span style=\"color: #ff6600;\">IERI ALLA RADIO<\/span><\/h1>\n<h2><span style=\"color: #00ccff;\">SIB INFORMA: IMPIANTI APERTI, LE VISITE AI SITI DI SIB<\/span><\/h2>\n<p><strong><a class=\"dt-pswp-item\" href=\"https:\/\/www.radiopiu.net\/wordpress\/wp-content\/uploads\/2025\/03\/2_tecnico-SIB-con-partecipanti-il-29.03.2025.jpg\" data-dt-img-description=\"\" data-large_image_width=\"1134\" data-large_image_height=\"638\"><img loading=\"lazy\" decoding=\"async\" class=\" wp-image-442550 alignleft\" src=\"https:\/\/www.radiopiu.net\/wordpress\/wp-content\/uploads\/2025\/03\/2_tecnico-SIB-con-partecipanti-il-29.03.2025-300x169.jpg\" alt=\"\" width=\"195\" height=\"110\" srcset=\"https:\/\/www.radiopiu.net\/wordpress\/wp-content\/uploads\/2025\/03\/2_tecnico-SIB-con-partecipanti-il-29.03.2025-300x169.jpg 300w, https:\/\/www.radiopiu.net\/wordpress\/wp-content\/uploads\/2025\/03\/2_tecnico-SIB-con-partecipanti-il-29.03.2025-1024x576.jpg 1024w, https:\/\/www.radiopiu.net\/wordpress\/wp-content\/uploads\/2025\/03\/2_tecnico-SIB-con-partecipanti-il-29.03.2025-768x432.jpg 768w, https:\/\/www.radiopiu.net\/wordpress\/wp-content\/uploads\/2025\/03\/2_tecnico-SIB-con-partecipanti-il-29.03.2025.jpg 1134w\" sizes=\"auto, (max-width: 195px) 100vw, 195px\" \/><\/a>DI BARBARA PAOLAZZI<\/strong><\/p>\n<p>OSPITI: Attilio Sommavilla (Presidente di SIB), Massimo Bortoluzzi (Consigliere Provinciale), Stefano Cibien (tecnico SIB), Fabio Piazza (tecnico SIB)<\/p>\n<audio class=\"wp-audio-shortcode\" id=\"audio-443655-11\" preload=\"none\" style=\"width: 100%;\" controls=\"controls\"><source type=\"audio\/mpeg\" src=\"https:\/\/www.radiopiu.net\/wordpress\/wp-content\/uploads\/2025\/04\/11-SIB-INFORMA-07-04-2025-Impianti-aperti-Sommavilla-Cibien-Piazza-Bortoluzzi-1.mp3?_=11\" \/><a href=\"https:\/\/www.radiopiu.net\/wordpress\/wp-content\/uploads\/2025\/04\/11-SIB-INFORMA-07-04-2025-Impianti-aperti-Sommavilla-Cibien-Piazza-Bortoluzzi-1.mp3\">https:\/\/www.radiopiu.net\/wordpress\/wp-content\/uploads\/2025\/04\/11-SIB-INFORMA-07-04-2025-Impianti-aperti-Sommavilla-Cibien-Piazza-Bortoluzzi-1.mp3<\/a><\/audio>\n<p>&nbsp;<\/p>\n<p><strong>LA RACCOLTA COMPLETA<\/strong><\/p>\n<blockquote class=\"wp-embedded-content\" data-secret=\"f84ipIn8HS\"><p><a href=\"https:\/\/www.radiopiu.net\/wordpress\/gsp-informa\/\">SIB informa<\/a><\/p><\/blockquote>\n<p><iframe loading=\"lazy\" class=\"wp-embedded-content\" sandbox=\"allow-scripts\" security=\"restricted\" style=\"position: absolute; visibility: hidden;\" title=\"&#8220;SIB informa&#8221; &#8212; Radio Pi\u00f9\" src=\"https:\/\/www.radiopiu.net\/wordpress\/gsp-informa\/embed\/#?secret=zUEs4SKQNk#?secret=f84ipIn8HS\" data-secret=\"f84ipIn8HS\" width=\"600\" height=\"338\" frameborder=\"0\" marginwidth=\"0\" marginheight=\"0\" scrolling=\"no\"><\/iframe><\/p>\n<p>&nbsp;<\/p>\n<hr \/>\n<p>&nbsp;<\/p>\n<h2><span style=\"color: #800080;\">SALUTE E SOCIETA&#8217;, IL LUNEDI ALLE 13.20 CON IL DOTTOR MARCO CARACCIOLO<\/span><\/h2>\n<p><a class=\"dt-pswp-item\" href=\"https:\/\/www.radiopiu.net\/wordpress\/wp-content\/uploads\/2025\/04\/c554de6b-3836-da37-270c-49e33dd2c640.jpg\" data-dt-img-description=\"Woman sitting on brown leather couch in office holding coffee cup, surrounded by greenery and colleagues working at desks in background\" data-large_image_width=\"800\" data-large_image_height=\"445\"><img loading=\"lazy\" decoding=\"async\" class=\"size-medium wp-image-443735 alignleft\" src=\"https:\/\/www.radiopiu.net\/wordpress\/wp-content\/uploads\/2025\/04\/c554de6b-3836-da37-270c-49e33dd2c640-300x167.jpg\" alt=\"\" width=\"300\" height=\"167\" srcset=\"https:\/\/www.radiopiu.net\/wordpress\/wp-content\/uploads\/2025\/04\/c554de6b-3836-da37-270c-49e33dd2c640-300x167.jpg 300w, https:\/\/www.radiopiu.net\/wordpress\/wp-content\/uploads\/2025\/04\/c554de6b-3836-da37-270c-49e33dd2c640-768x427.jpg 768w, https:\/\/www.radiopiu.net\/wordpress\/wp-content\/uploads\/2025\/04\/c554de6b-3836-da37-270c-49e33dd2c640.jpg 800w\" sizes=\"auto, (max-width: 300px) 100vw, 300px\" \/><\/a><\/p>\n<h3>Epilessie rare<\/h3>\n<p>Le epilessie rare sono un gruppo eterogeneo di condizioni patologiche caratterizzate da crisi epilettiche resistenti ai farmaci, che possono essere associate a disturbi cognitivi, neurologici e psichiatrici, oltre che a interessamento di altri organi.<\/p>\n<h3>Miastenia gravis<\/h3>\n<p>Vivere con una malattia rara disabilitante pu\u00f2 essere molto difficile. Ancora pi\u00f9 difficile \u00e8 poter mantenere la propria autonomia, che per una persona adulta si traduce nel poter lavorare, guidare, occuparsi della propria famiglia, avere una vita relazionale attiva, non dipendere da qualcun altro. In una patologia come la miastenia gravis, dall\u2019andamento fluttuante e imprevedibile, questo \u00e8 ancora pi\u00f9 evidente.<\/p>\n<p>AUDIO<\/p>\n<audio class=\"wp-audio-shortcode\" id=\"audio-443655-12\" preload=\"none\" style=\"width: 100%;\" controls=\"controls\"><source type=\"audio\/mpeg\" src=\"https:\/\/www.radiopiu.net\/wordpress\/wp-content\/uploads\/2025\/04\/SALUTE.mp3?_=12\" \/><a href=\"https:\/\/www.radiopiu.net\/wordpress\/wp-content\/uploads\/2025\/04\/SALUTE.mp3\">https:\/\/www.radiopiu.net\/wordpress\/wp-content\/uploads\/2025\/04\/SALUTE.mp3<\/a><\/audio>\n<h2><\/h2>\n<h2>LA RACCOLTA COMPLETA<\/h2>\n<blockquote class=\"wp-embedded-content\" data-secret=\"IXSjItsaxb\"><p><a href=\"https:\/\/www.radiopiu.net\/wordpress\/saluteesocieta\/\">Salute e Societ\u00e0<\/a><\/p><\/blockquote>\n<p><iframe loading=\"lazy\" class=\"wp-embedded-content\" sandbox=\"allow-scripts\" security=\"restricted\" style=\"position: absolute; visibility: hidden;\" title=\"&#8220;Salute e Societ\u00e0&#8221; &#8212; Radio Pi\u00f9\" src=\"https:\/\/www.radiopiu.net\/wordpress\/saluteesocieta\/embed\/#?secret=Q88QveSkcx#?secret=IXSjItsaxb\" data-secret=\"IXSjItsaxb\" width=\"600\" height=\"338\" frameborder=\"0\" marginwidth=\"0\" marginheight=\"0\" scrolling=\"no\"><\/iframe><\/p>\n<hr \/>\n<p>&nbsp;<\/p>\n<h2><span style=\"color: #cc99ff;\">RITRATTI SONORI, IL PROGRAMMA DI ALESSIA DALL&#8217;O&#8217;<\/span><\/h2>\n<p><span style=\"color: #ff0000;\"><strong><a class=\"dt-pswp-item\" href=\"https:\/\/www.radiopiu.net\/wordpress\/wp-content\/uploads\/2025\/03\/1ec5e03d-54e4-4860-b4f5-218808c04ef2-scaled.jpg\" data-dt-img-description=\"\" data-large_image_width=\"2560\" data-large_image_height=\"1920\"><img loading=\"lazy\" decoding=\"async\" class=\" wp-image-443847 alignleft\" src=\"https:\/\/www.radiopiu.net\/wordpress\/wp-content\/uploads\/2025\/03\/1ec5e03d-54e4-4860-b4f5-218808c04ef2-300x225.jpg\" alt=\"\" width=\"161\" height=\"121\" srcset=\"https:\/\/www.radiopiu.net\/wordpress\/wp-content\/uploads\/2025\/03\/1ec5e03d-54e4-4860-b4f5-218808c04ef2-300x225.jpg 300w, https:\/\/www.radiopiu.net\/wordpress\/wp-content\/uploads\/2025\/03\/1ec5e03d-54e4-4860-b4f5-218808c04ef2-1024x768.jpg 1024w, https:\/\/www.radiopiu.net\/wordpress\/wp-content\/uploads\/2025\/03\/1ec5e03d-54e4-4860-b4f5-218808c04ef2-768x576.jpg 768w, https:\/\/www.radiopiu.net\/wordpress\/wp-content\/uploads\/2025\/03\/1ec5e03d-54e4-4860-b4f5-218808c04ef2-1536x1152.jpg 1536w, https:\/\/www.radiopiu.net\/wordpress\/wp-content\/uploads\/2025\/03\/1ec5e03d-54e4-4860-b4f5-218808c04ef2-2048x1536.jpg 2048w\" sizes=\"auto, (max-width: 161px) 100vw, 161px\" \/><\/a>PUNTATA 22 &#8211; FEDERICO DALLE MULE<\/strong><\/span><\/p>\n<p>PRIMA PARTE<\/p>\n<audio class=\"wp-audio-shortcode\" id=\"audio-443655-13\" preload=\"none\" style=\"width: 100%;\" controls=\"controls\"><source type=\"audio\/mpeg\" src=\"https:\/\/www.radiopiu.net\/wordpress\/wp-content\/uploads\/2025\/03\/RF1-3.mp3?_=13\" \/><a href=\"https:\/\/www.radiopiu.net\/wordpress\/wp-content\/uploads\/2025\/03\/RF1-3.mp3\">https:\/\/www.radiopiu.net\/wordpress\/wp-content\/uploads\/2025\/03\/RF1-3.mp3<\/a><\/audio>\n<p>&nbsp;<\/p>\n<p>SECONDA PARTE<\/p>\n<audio class=\"wp-audio-shortcode\" id=\"audio-443655-14\" preload=\"none\" style=\"width: 100%;\" controls=\"controls\"><source type=\"audio\/mpeg\" src=\"https:\/\/www.radiopiu.net\/wordpress\/wp-content\/uploads\/2025\/03\/RF2-3.mp3?_=14\" \/><a href=\"https:\/\/www.radiopiu.net\/wordpress\/wp-content\/uploads\/2025\/03\/RF2-3.mp3\">https:\/\/www.radiopiu.net\/wordpress\/wp-content\/uploads\/2025\/03\/RF2-3.mp3<\/a><\/audio>\n<p>&nbsp;<\/p>\n<p>TERZA PARTE<\/p>\n<audio class=\"wp-audio-shortcode\" id=\"audio-443655-15\" preload=\"none\" style=\"width: 100%;\" controls=\"controls\"><source type=\"audio\/mpeg\" src=\"https:\/\/www.radiopiu.net\/wordpress\/wp-content\/uploads\/2025\/03\/RF3-3.mp3?_=15\" \/><a href=\"https:\/\/www.radiopiu.net\/wordpress\/wp-content\/uploads\/2025\/03\/RF3-3.mp3\">https:\/\/www.radiopiu.net\/wordpress\/wp-content\/uploads\/2025\/03\/RF3-3.mp3<\/a><\/audio>\n<p>&nbsp;<\/p>\n<p><strong>LA RACCOLTA COMPLETA <a href=\"https:\/\/www.radiopiu.net\/wordpress\/ritratti-sonori-il-programma-di-alessia-dallo-la-raccolta\/\"><span style=\"color: #3366ff;\">CLICCA QUI<\/span><\/a><\/strong><\/p>\n<p>&nbsp;<\/p>\n<hr \/>\n<p>&nbsp;<\/p>\n<h2><span style=\"color: #ff99cc;\">OGGI COME IERI, TERZO ANNO. CON SILVIA BALDO<\/span><\/h2>\n<p><strong><a class=\"dt-pswp-item\" href=\"https:\/\/www.radiopiu.net\/wordpress\/wp-content\/uploads\/2025\/04\/490050434_671428701942479_7476353373297891235_n.jpg\" data-dt-img-description=\"\" data-large_image_width=\"1600\" data-large_image_height=\"840\"><img loading=\"lazy\" decoding=\"async\" class=\" wp-image-443841 alignleft\" src=\"https:\/\/www.radiopiu.net\/wordpress\/wp-content\/uploads\/2025\/04\/490050434_671428701942479_7476353373297891235_n-300x158.jpg\" alt=\"\" width=\"163\" height=\"86\" srcset=\"https:\/\/www.radiopiu.net\/wordpress\/wp-content\/uploads\/2025\/04\/490050434_671428701942479_7476353373297891235_n-300x158.jpg 300w, https:\/\/www.radiopiu.net\/wordpress\/wp-content\/uploads\/2025\/04\/490050434_671428701942479_7476353373297891235_n-1024x538.jpg 1024w, https:\/\/www.radiopiu.net\/wordpress\/wp-content\/uploads\/2025\/04\/490050434_671428701942479_7476353373297891235_n-768x403.jpg 768w, https:\/\/www.radiopiu.net\/wordpress\/wp-content\/uploads\/2025\/04\/490050434_671428701942479_7476353373297891235_n-1536x806.jpg 1536w, https:\/\/www.radiopiu.net\/wordpress\/wp-content\/uploads\/2025\/04\/490050434_671428701942479_7476353373297891235_n.jpg 1600w\" sizes=\"auto, (max-width: 163px) 100vw, 163px\" \/><\/a>07 APRILE GIORNATA MONDIALE DELLA SALUTE<\/strong><\/p>\n<audio class=\"wp-audio-shortcode\" id=\"audio-443655-16\" preload=\"none\" style=\"width: 100%;\" controls=\"controls\"><source type=\"audio\/mpeg\" src=\"https:\/\/www.radiopiu.net\/wordpress\/wp-content\/uploads\/2025\/04\/SIBI-1.mp3?_=16\" \/><a href=\"https:\/\/www.radiopiu.net\/wordpress\/wp-content\/uploads\/2025\/04\/SIBI-1.mp3\">https:\/\/www.radiopiu.net\/wordpress\/wp-content\/uploads\/2025\/04\/SIBI-1.mp3<\/a><\/audio>\n<p>&nbsp;<\/p>\n<p><strong>LA RACCOLTA COMPLETA <a href=\"https:\/\/www.radiopiu.net\/wordpress\/oggi-come-ieri-terzo-anno-con-silvia-baldo\/\"><span style=\"color: #3366ff;\">CLICCA QUI<\/span><\/a><\/strong><\/p>\n<p>&nbsp;<\/p>\n<hr \/>\n<p>&nbsp;<\/p>\n<h2><span style=\"color: #339966;\">I RACCONTI DI PAOLO SOPPELSA<\/span><\/h2>\n<p><strong>NOTTE INQUIETA<\/strong><\/p>\n<p><strong>AUDIO<\/strong><\/p>\n<audio class=\"wp-audio-shortcode\" id=\"audio-443655-17\" preload=\"none\" style=\"width: 100%;\" controls=\"controls\"><source type=\"audio\/mpeg\" src=\"https:\/\/www.radiopiu.net\/wordpress\/wp-content\/uploads\/2025\/04\/PAOLOS.mp3?_=17\" \/><a href=\"https:\/\/www.radiopiu.net\/wordpress\/wp-content\/uploads\/2025\/04\/PAOLOS.mp3\">https:\/\/www.radiopiu.net\/wordpress\/wp-content\/uploads\/2025\/04\/PAOLOS.mp3<\/a><\/audio>\n<p>&nbsp;<\/p>\n<p><a class=\"dt-pswp-item\" href=\"https:\/\/www.radiopiu.net\/wordpress\/wp-content\/uploads\/2025\/04\/f8b1eca4-311d-4207-ba79-1fc57a864f15.jpg\" data-dt-img-description=\"\" data-large_image_width=\"1600\" data-large_image_height=\"1200\"><img loading=\"lazy\" decoding=\"async\" class=\" wp-image-443561 alignleft\" src=\"https:\/\/www.radiopiu.net\/wordpress\/wp-content\/uploads\/2025\/04\/f8b1eca4-311d-4207-ba79-1fc57a864f15-300x225.jpg\" alt=\"\" width=\"173\" height=\"130\" srcset=\"https:\/\/www.radiopiu.net\/wordpress\/wp-content\/uploads\/2025\/04\/f8b1eca4-311d-4207-ba79-1fc57a864f15-300x225.jpg 300w, https:\/\/www.radiopiu.net\/wordpress\/wp-content\/uploads\/2025\/04\/f8b1eca4-311d-4207-ba79-1fc57a864f15-1024x768.jpg 1024w, https:\/\/www.radiopiu.net\/wordpress\/wp-content\/uploads\/2025\/04\/f8b1eca4-311d-4207-ba79-1fc57a864f15-768x576.jpg 768w, https:\/\/www.radiopiu.net\/wordpress\/wp-content\/uploads\/2025\/04\/f8b1eca4-311d-4207-ba79-1fc57a864f15-1536x1152.jpg 1536w, https:\/\/www.radiopiu.net\/wordpress\/wp-content\/uploads\/2025\/04\/f8b1eca4-311d-4207-ba79-1fc57a864f15.jpg 1600w\" sizes=\"auto, (max-width: 173px) 100vw, 173px\" \/><\/a>Mezzanotte e pochi minuti. La televisione emette l&#8217;ultimo bagliore e poi si spegne. Rimane la quiete di una notte d&#8217;inizio primavera. Un ultimo sguardo dalla finestra, niente stelle in cielo, e niente luna. Non si scorge nemmeno il bianco della neve che ricopre la cima del Pelsa. Met\u00e0 montagna \u00e8 immersa in una umida cappa di nuvole. Una femmina di cervo si aggira tranquillamente sotto il tabi\u00e0 e, tendendo bene l&#8217;orecchio, si sente in lontananza il canto tranquillo del R\u00f9 da Ghisel. Vado a letto, tempo qualche minuto e sprofondo in un sonno pesante conciliato dalla quiete delle notti montane. Ore tre e pochi minuti, mi sveglio di soprassalto. Riemergo all&#8217;improvviso dagli inferi del sonno mentre un sordo e inquietante rumore sembra squassare la casa. La mente ancora assopita non realizza immediatamente ci\u00f2 che sta accadendo. Penso al terremoto, o forse a dei ladri in casa, poi, dopo qualche istante, ritorna la razionalit\u00e0. Accendo la luce e tutto appare in ordine, c&#8217;\u00e8 solamente quel rumore cupo che viene e va. Sento vibrare la lamiera del tetto, sento un fischio che proviene dal camino che in quegli attimi suona come un flauto gigante. \u00c8 il vento che provoca questo inquietante fragore notturno. Un vento teso che talvolta soffia a raffiche potenti, che sembra provenire da sud. Mi alzo, vado all\u2019abbaino e poi apro la finestra. Di colpo il suono del vento si fa pi\u00f9 forte. Un ululato malinconico e severo rompe il silenzio solenne di questa notte d&#8217;inizio primavera. La valle risuona come una immensa canna d\u2019organo che produce una nota da basso profondo. Guardo in alto, ora nel cielo si intravede qualche sprazzo di sereno nel quale brillano le stelle. C&#8217;\u00e8 subbuglio in cielo ed anche lungo i ripidi versanti del Pelsa. La stanca luce arancione dei radi lampioni illumina gli ancora spogli larici centenari che piegano verso nord. Si agitano mossi da quel vento che talvolta muta di colpo direzione venendosi ad infilare nella finestra socchiusa. Ora le raffiche si fanno pi\u00f9 forti e le lamiere del tetto vibrano producendo un suono sinistro. Non pu\u00f2 accadere nulla, mi dico, il tetto \u00e8 nuovo e costruito a regola d&#8217;arte, non pu\u00f2 cedere. E poi penso a loro, che tanti anni fa abitavano in questa casa tirata su a mano. Loro non avevano mai paura, nemmeno durante i violenti temporali estivi e neanche quando nevicava forte. Conoscevano la montagna, erano un tutt&#8217;uno con la loro terra. Guardavano dalla finestra e aspettavano con pazienza che il tempo ritornasse quieto. Al massimo imprecavano se la pioggia andava a bagnare l&#8217;erba appena falciata che si stava tramutando in fieno. Intanto il vento insiste, continua a sferzare la valle producendo quella nota cupa che a tratti cambia di intensit\u00e0. Ed ecco che, dopo alcuni minuti, le nuvole che avvolgevano met\u00e0 del Pelsa si diradano. Ora sono ricomparse quelle luci senza et\u00e0 che brillano nei boschi della grande montagna. Le due Stelle del Pelsa sono al loro posto e all&#8217;orizzonte sud si intravede il bianco della neve che ricopre il versante nord dello Spiz de Medod\u00ec. Ora il vento sembra calato, ulula con voce affaticata e fra una folata e l&#8217;altra si sente il malinconico canto del bereghel che sta vivendo la sua notte nei pressi delle case di Ghisel. \u00c8 tempo di tornare a letto a vivere il resto di questa notte inquieta, aspettando l&#8217;alba ascoltando gli ultimi sussurri notturni del vento che ora sta lasciando la valle.<\/p>\n<p>&nbsp;<\/p>\n<p>&nbsp;<\/p>\n<hr \/>\n<p>&nbsp;<\/p>\n<blockquote class=\"wp-embedded-content\" data-secret=\"8NVPC1VCF2\"><p><a href=\"https:\/\/www.radiopiu.net\/wordpress\/collezione-giuliano-laveder-eccellenza-dei-lavori-artigianali\/\">COLLEZIONE GIULIANO LAVEDER: ECCELLENZA DEI LAVORI ARTIGIANALI<\/a><\/p><\/blockquote>\n<p><iframe loading=\"lazy\" class=\"wp-embedded-content\" sandbox=\"allow-scripts\" security=\"restricted\" style=\"position: absolute; visibility: hidden;\" title=\"&#8220;COLLEZIONE GIULIANO LAVEDER: ECCELLENZA DEI LAVORI ARTIGIANALI&#8221; &#8212; Radio Pi\u00f9\" src=\"https:\/\/www.radiopiu.net\/wordpress\/collezione-giuliano-laveder-eccellenza-dei-lavori-artigianali\/embed\/#?secret=2plaS4k0KH#?secret=8NVPC1VCF2\" data-secret=\"8NVPC1VCF2\" width=\"600\" height=\"338\" frameborder=\"0\" marginwidth=\"0\" marginheight=\"0\" scrolling=\"no\"><\/iframe><\/p>\n<hr \/>\n<p>&nbsp;<\/p>\n<h2><span style=\"color: #ff0000;\"><a class=\"dt-pswp-item\" href=\"https:\/\/www.radiopiu.net\/wordpress\/wp-content\/uploads\/2018\/09\/appuntamenti.jpeg\" data-dt-img-description=\"\" data-large_image_width=\"800\" data-large_image_height=\"100\"><img loading=\"lazy\" decoding=\"async\" class=\"wp-image-61958 size-full aligncenter\" src=\"https:\/\/www.radiopiu.net\/wordpress\/wp-content\/uploads\/2018\/09\/appuntamenti.jpeg\" alt=\"\" width=\"800\" height=\"100\" srcset=\"https:\/\/www.radiopiu.net\/wordpress\/wp-content\/uploads\/2018\/09\/appuntamenti.jpeg 800w, https:\/\/www.radiopiu.net\/wordpress\/wp-content\/uploads\/2018\/09\/appuntamenti-300x38.jpeg 300w, https:\/\/www.radiopiu.net\/wordpress\/wp-content\/uploads\/2018\/09\/appuntamenti-768x96.jpeg 768w\" sizes=\"auto, (max-width: 800px) 100vw, 800px\" \/><\/a><\/span><\/h2>\n<p>&nbsp;<\/p>\n<div>\n<div class=\"\" dir=\"auto\">\n<div id=\":r9h:\" class=\"x1iorvi4 x1pi30zi x1l90r2v x1swvt13\" data-ad-comet-preview=\"message\" data-ad-preview=\"message\">\n<div class=\"\" dir=\"auto\">\n<div id=\":r9h:\" class=\"x1iorvi4 x1pi30zi x1l90r2v x1swvt13\" data-ad-comet-preview=\"message\" data-ad-preview=\"message\">\n<div class=\"\" dir=\"auto\">\n<div id=\":r9h:\" class=\"x1iorvi4 x1pi30zi x1l90r2v x1swvt13\" data-ad-comet-preview=\"message\" data-ad-preview=\"message\">\n<div class=\"\" dir=\"auto\">\n<div id=\":r9h:\" class=\"x1iorvi4 x1pi30zi x1l90r2v x1swvt13\" data-ad-comet-preview=\"message\" data-ad-preview=\"message\">\n<div>\n<div class=\"\" dir=\"auto\">\n<div id=\":r9h:\" class=\"x1iorvi4 x1pi30zi x1l90r2v x1swvt13\" data-ad-comet-preview=\"message\" data-ad-preview=\"message\">\n<div>\n<div class=\"\" dir=\"auto\">\n<div id=\":r9h:\" class=\"x1iorvi4 x1pi30zi x1l90r2v x1swvt13\" data-ad-comet-preview=\"message\" data-ad-preview=\"message\">\n<div class=\"xdj266r x11i5rnm xat24cr x1mh8g0r x1vvkbs x126k92a\">\n<div dir=\"auto\"><\/div>\n<\/div>\n<div>\n<div class=\"\" dir=\"auto\">\n<div id=\":r9h:\" class=\"x1iorvi4 x1pi30zi x1l90r2v x1swvt13\" data-ad-comet-preview=\"message\" data-ad-preview=\"message\">\n<div>\n<div class=\"\" dir=\"auto\">\n<div id=\":r9h:\" class=\"x1iorvi4 x1pi30zi x1l90r2v x1swvt13\" data-ad-comet-preview=\"message\" data-ad-preview=\"message\">\n\n\t\t\t<style type='text\/css'>\n\t\t\t\t#gallery-5 {\n\t\t\t\t\tmargin: auto;\n\t\t\t\t}\n\t\t\t\t#gallery-5 .gallery-item {\n\t\t\t\t\tfloat: left;\n\t\t\t\t\tmargin-top: 10px;\n\t\t\t\t\ttext-align: center;\n\t\t\t\t\twidth: 25%;\n\t\t\t\t}\n\t\t\t\t#gallery-5 img {\n\t\t\t\t\tborder: 2px solid #cfcfcf;\n\t\t\t\t}\n\t\t\t\t#gallery-5 .gallery-caption {\n\t\t\t\t\tmargin-left: 0;\n\t\t\t\t}\n\t\t\t\t\/* see gallery_shortcode() in wp-includes\/media.php *\/\n\t\t\t<\/style>\n\t\t<div id='gallery-5' class='dt-gallery-container gallery galleryid-443655 gallery-columns-4 gallery-size-thumbnail'><dl class='gallery-item'>\n\t\t\t\t<dt class='gallery-icon portrait'>\n\t\t\t\t\t<a class=\"rollover rollover-zoom dt-pswp-item\" title=\"Senza nome\" data-dt-img-description=\"\" data-large_image_width=\"569\" data-large_image_height=\"801\"href='https:\/\/www.radiopiu.net\/wordpress\/wp-content\/uploads\/2025\/02\/Senza-nome-23.png'><img loading=\"lazy\" decoding=\"async\" width=\"150\" height=\"150\" src=\"https:\/\/www.radiopiu.net\/wordpress\/wp-content\/uploads\/2025\/02\/Senza-nome-23-150x150.png\" class=\"attachment-thumbnail size-thumbnail\" alt=\"\" \/><\/a>\n\t\t\t\t<\/dt><\/dl><dl class='gallery-item'>\n\t\t\t\t<dt class='gallery-icon portrait'>\n\t\t\t\t\t<a class=\"rollover rollover-zoom dt-pswp-item\" title=\"Aprile\" data-dt-img-description=\"\" data-large_image_width=\"841\" data-large_image_height=\"1190\"href='https:\/\/www.radiopiu.net\/wordpress\/wp-content\/uploads\/2025\/03\/Aprile.jpg'><img loading=\"lazy\" decoding=\"async\" width=\"150\" height=\"150\" src=\"https:\/\/www.radiopiu.net\/wordpress\/wp-content\/uploads\/2025\/03\/Aprile-150x150.jpg\" class=\"attachment-thumbnail size-thumbnail\" alt=\"\" \/><\/a>\n\t\t\t\t<\/dt><\/dl><dl class='gallery-item'>\n\t\t\t\t<dt class='gallery-icon portrait'>\n\t\t\t\t\t<a class=\"rollover rollover-zoom dt-pswp-item\" title=\"Locandina posturale primavera 2025\" data-dt-img-description=\"\" data-large_image_width=\"1132\" data-large_image_height=\"1600\"href='https:\/\/www.radiopiu.net\/wordpress\/wp-content\/uploads\/2025\/03\/Locandina-posturale-primavera-2025.jpeg'><img loading=\"lazy\" decoding=\"async\" width=\"150\" height=\"150\" src=\"https:\/\/www.radiopiu.net\/wordpress\/wp-content\/uploads\/2025\/03\/Locandina-posturale-primavera-2025-150x150.jpeg\" class=\"attachment-thumbnail size-thumbnail\" alt=\"\" \/><\/a>\n\t\t\t\t<\/dt><\/dl><dl class='gallery-item'>\n\t\t\t\t<dt class='gallery-icon portrait'>\n\t\t\t\t\t<a class=\"rollover rollover-zoom dt-pswp-item\" title=\"Locandina Gardaland 19.05.2025\" data-dt-img-description=\"\" data-large_image_width=\"1131\" data-large_image_height=\"1600\"href='https:\/\/www.radiopiu.net\/wordpress\/wp-content\/uploads\/2025\/03\/Locandina-Gardaland-19.05.2025.jpeg'><img loading=\"lazy\" decoding=\"async\" width=\"150\" height=\"150\" src=\"https:\/\/www.radiopiu.net\/wordpress\/wp-content\/uploads\/2025\/03\/Locandina-Gardaland-19.05.2025-150x150.jpeg\" class=\"attachment-thumbnail size-thumbnail\" alt=\"\" \/><\/a>\n\t\t\t\t<\/dt><\/dl><br style=\"clear: both\" \/><dl class='gallery-item'>\n\t\t\t\t<dt class='gallery-icon landscape'>\n\t\t\t\t\t<a class=\"rollover rollover-zoom dt-pswp-item\" title=\"Senza nome\" data-dt-img-description=\"\" data-large_image_width=\"753\" data-large_image_height=\"334\"href='https:\/\/www.radiopiu.net\/wordpress\/wp-content\/uploads\/2025\/04\/Senza-nome-2.png'><img loading=\"lazy\" decoding=\"async\" width=\"150\" height=\"150\" src=\"https:\/\/www.radiopiu.net\/wordpress\/wp-content\/uploads\/2025\/04\/Senza-nome-2-150x150.png\" class=\"attachment-thumbnail size-thumbnail\" alt=\"\" \/><\/a>\n\t\t\t\t<\/dt><\/dl><dl class='gallery-item'>\n\t\t\t\t<dt class='gallery-icon portrait'>\n\t\t\t\t\t<a class=\"rollover rollover-zoom dt-pswp-item\" title=\"ASSEMBLEA_2025\" data-dt-img-description=\"\" data-large_image_width=\"1131\" data-large_image_height=\"1600\"href='https:\/\/www.radiopiu.net\/wordpress\/wp-content\/uploads\/2025\/04\/ASSEMBLEA_2025.jpeg'><img loading=\"lazy\" decoding=\"async\" width=\"150\" height=\"150\" src=\"https:\/\/www.radiopiu.net\/wordpress\/wp-content\/uploads\/2025\/04\/ASSEMBLEA_2025-150x150.jpeg\" class=\"attachment-thumbnail size-thumbnail\" alt=\"\" \/><\/a>\n\t\t\t\t<\/dt><\/dl><dl class='gallery-item'>\n\t\t\t\t<dt class='gallery-icon portrait'>\n\t\t\t\t\t<a class=\"rollover rollover-zoom dt-pswp-item\" title=\"Locandina Operazione Piave Serena Antonio\" data-dt-img-description=\"\" data-large_image_width=\"1447\" data-large_image_height=\"2048\"href='https:\/\/www.radiopiu.net\/wordpress\/wp-content\/uploads\/2025\/04\/Locandina-Operazione-Piave-Serena-Antonio.jpg'><img loading=\"lazy\" decoding=\"async\" width=\"150\" height=\"150\" src=\"https:\/\/www.radiopiu.net\/wordpress\/wp-content\/uploads\/2025\/04\/Locandina-Operazione-Piave-Serena-Antonio-150x150.jpg\" class=\"attachment-thumbnail size-thumbnail\" alt=\"\" \/><\/a>\n\t\t\t\t<\/dt><\/dl><dl class='gallery-item'>\n\t\t\t\t<dt class='gallery-icon portrait'>\n\t\t\t\t\t<a class=\"rollover rollover-zoom dt-pswp-item\" title=\"488508424_18408367480096744_440585597055027067_n\" data-dt-img-description=\"\" data-large_image_width=\"1440\" data-large_image_height=\"1799\"href='https:\/\/www.radiopiu.net\/wordpress\/wp-content\/uploads\/2025\/04\/488508424_18408367480096744_440585597055027067_n.jpg'><img loading=\"lazy\" decoding=\"async\" width=\"150\" height=\"150\" src=\"https:\/\/www.radiopiu.net\/wordpress\/wp-content\/uploads\/2025\/04\/488508424_18408367480096744_440585597055027067_n-150x150.jpg\" class=\"attachment-thumbnail size-thumbnail\" alt=\"\" \/><\/a>\n\t\t\t\t<\/dt><\/dl><br style=\"clear: both\" \/>\n\t\t\t<\/div>\n\n<p>&nbsp;<\/p>\n<\/div>\n<\/div>\n<\/div>\n<\/div>\n<\/div>\n<\/div>\n<\/div>\n<\/div>\n<\/div>\n<\/div>\n<\/div>\n<\/div>\n<\/div>\n<\/div>\n<\/div>\n<\/div>\n<\/div>\n<\/div>\n<\/div>\n<\/div>\n<\/div>\n<div>\n<div class=\"\" dir=\"auto\">\n<div id=\":r9h:\" class=\"x1iorvi4 x1pi30zi x1l90r2v x1swvt13\" data-ad-comet-preview=\"message\" data-ad-preview=\"message\">\n<div class=\"\" dir=\"auto\">\n<div id=\":r9h:\" class=\"x1iorvi4 x1pi30zi x1l90r2v x1swvt13\" data-ad-comet-preview=\"message\" data-ad-preview=\"message\">\n<div class=\"\" dir=\"auto\">\n<div id=\":r9h:\" class=\"x1iorvi4 x1pi30zi x1l90r2v x1swvt13\" data-ad-comet-preview=\"message\" data-ad-preview=\"message\">\n<div class=\"\" dir=\"auto\">\n<div id=\":r9h:\" class=\"x1iorvi4 x1pi30zi x1l90r2v x1swvt13\" data-ad-comet-preview=\"message\" data-ad-preview=\"message\">\n<div>\n<div class=\"\" dir=\"auto\">\n<div id=\":r9h:\" class=\"x1iorvi4 x1pi30zi x1l90r2v x1swvt13\" data-ad-comet-preview=\"message\" data-ad-preview=\"message\">\n<div>\n<div class=\"\" dir=\"auto\">\n<div id=\":r9h:\" class=\"x1iorvi4 x1pi30zi x1l90r2v x1swvt13\" data-ad-comet-preview=\"message\" data-ad-preview=\"message\">\n<div class=\"xdj266r x11i5rnm xat24cr x1mh8g0r x1vvkbs x126k92a\">\n<div dir=\"auto\"><\/div>\n<\/div>\n<div>\n<div class=\"\" dir=\"auto\">\n<div id=\":r9h:\" class=\"x1iorvi4 x1pi30zi x1l90r2v x1swvt13\" data-ad-comet-preview=\"message\" data-ad-preview=\"message\">\n<div>\n<div class=\"\" dir=\"auto\">\n<div id=\":r9h:\" class=\"x1iorvi4 x1pi30zi x1l90r2v x1swvt13\" data-ad-comet-preview=\"message\" data-ad-preview=\"message\">\n<p>&nbsp;<\/p>\n<hr \/>\n<p>&nbsp;<\/p>\n<p>&nbsp;<\/p>\n<\/div>\n<\/div>\n<\/div>\n<\/div>\n<\/div>\n<\/div>\n<\/div>\n<\/div>\n<\/div>\n<\/div>\n<\/div>\n<\/div>\n<\/div>\n<\/div>\n<\/div>\n<\/div>\n<\/div>\n<\/div>\n<\/div>\n<\/div>\n<\/div>\n<p class=\"mceTemp\"><a class=\"dt-pswp-item\" href=\"https:\/\/www.radiopiu.net\/wordpress\/wp-content\/uploads\/2018\/09\/WhatsApp-Image-2018-09-20-at-16.04.06.jpeg\" data-dt-img-description=\"\" data-large_image_width=\"800\" data-large_image_height=\"100\"><img loading=\"lazy\" decoding=\"async\" class=\"wp-image-61378 size-full aligncenter\" src=\"https:\/\/www.radiopiu.net\/wordpress\/wp-content\/uploads\/2018\/09\/WhatsApp-Image-2018-09-20-at-16.04.06.jpeg\" alt=\"\" width=\"800\" height=\"100\" srcset=\"https:\/\/www.radiopiu.net\/wordpress\/wp-content\/uploads\/2018\/09\/WhatsApp-Image-2018-09-20-at-16.04.06.jpeg 800w, https:\/\/www.radiopiu.net\/wordpress\/wp-content\/uploads\/2018\/09\/WhatsApp-Image-2018-09-20-at-16.04.06-300x38.jpeg 300w, https:\/\/www.radiopiu.net\/wordpress\/wp-content\/uploads\/2018\/09\/WhatsApp-Image-2018-09-20-at-16.04.06-768x96.jpeg 768w\" sizes=\"auto, (max-width: 800px) 100vw, 800px\" \/><\/a><\/p>\n<p><center><\/center><center><\/center>&nbsp;<\/p>\n<p><center><b>OGGI<\/b><\/center>Sulle Dolomiti nuvolosit\u00e0 irregolare soprattutto tra la notte e il primo mattino; poi si affacceranno delle schiarite che saranno associate a qualche addensamento nuvoloso nelle ore centrali. Sulle Prealpi nottetempo ed al mattino maggiore copertura nuvolosa, con eventualit\u00e0 di qualche locale fenomeno, prima che il cielo tenda a schiarirsi parzialmente<br \/>\n<b>Precipitazioni: <\/b>Nottetempo ed al primo mattino generalmente assenti, salvo qualche sporadico fenomeno specie sulle Prealpi, con eventuali fiocchi oltre i 700-900 m; in seguito assenti<br \/>\n<b>Temperature: <\/b>Le minime varieranno in relazione alla presenza nuvolosa e rispetto a luned\u00ec non subiranno variazioni importanti salvo qualche leggero aumento specie nelle valli; massime in leggero aumento.<\/p>\n<hr \/>\n<p><center><b>DOMANI<\/b><\/center>Tempo in prevalenza soleggiato al mattino, salvo la formazione di nubi basse a carattere sparso nelle valli nelle ore fredde, con maggiore soleggiamento, tuttavia, sulle Dolomiti rispetto alle Prealpi e qualche innocuo addensamento nuvoloso nelle ore calde, soprattutto a ridosso dei pendii e delle creste.<br \/>\n<b>Precipitazioni: <\/b>Al mattino assenti. Nel corso del pomeriggio e in serata lieve aumento della probabilit\u00e0 per possibili modesti fenomeni sparsi, nevosi oltre i 1700-2000 m sulle Prealpi e i 1600-1900 m sulle Dolomiti<br \/>\n<b>Temperature: <\/b>In contenuto aumento, salvo qualche calo delle minime nelle valli dolomitiche.<\/p>\n<hr \/>\n<p><center><b>GIOVEDI<\/b><\/center>Tempo in prevalenza soleggiato con cielo sereno o poco nuvoloso al mattino specie in alta montagna, a tratti nuvoloso in molte valli per formazioni di nubi basse nelle ore fredde fredde e per modesta attivit\u00e0 cumuliforme nelle ore pi\u00f9 calde. Generale rialzo termico, specie le massime.<\/p>\n<hr \/>\n<p><center><b>VENERDI<\/b><\/center>Tempo stabile con cielo in prevalenza poco nuvoloso per nubi alte o per qualche addensamento nelle ore diurne. Precipitazioni assenti. Temperature in ulteriore aumento su valori prossimi o di poco sopra la norma con una moderata inversione termica nella notte.<\/p>\n<p>&nbsp;<\/p>\n<p>&nbsp;<\/p>\n<blockquote class=\"wp-embedded-content\" data-secret=\"IjH419tRYq\"><p><a href=\"https:\/\/www.radiopiu.net\/wordpress\/lad08aaaa\/\">&#8220;NCONTONSE&#8221; IN LADINO SU RADIO PI\u00d9<\/a><\/p><\/blockquote>\n<p><iframe loading=\"lazy\" class=\"wp-embedded-content\" sandbox=\"allow-scripts\" security=\"restricted\" style=\"position: absolute; visibility: hidden;\" title=\"&#8220;&#8220;NCONTONSE&#8221; IN LADINO SU RADIO PI\u00d9&#8221; &#8212; Radio Pi\u00f9\" src=\"https:\/\/www.radiopiu.net\/wordpress\/lad08aaaa\/embed\/#?secret=TYzob5rfMX#?secret=IjH419tRYq\" data-secret=\"IjH419tRYq\" width=\"600\" height=\"338\" frameborder=\"0\" marginwidth=\"0\" marginheight=\"0\" scrolling=\"no\"><\/iframe><\/p>\n<p>&nbsp;<\/p>\n<blockquote class=\"wp-embedded-content\" data-secret=\"G90skfD5TF\"><p><a href=\"https:\/\/www.radiopiu.net\/wordpress\/almanac1\/\">RACCOLTA ANNO 2024 N di parom &#8211; L Almanach de la nosta jent<\/a><\/p><\/blockquote>\n<p><iframe loading=\"lazy\" class=\"wp-embedded-content\" sandbox=\"allow-scripts\" security=\"restricted\" style=\"position: absolute; visibility: hidden;\" title=\"&#8220;RACCOLTA ANNO 2024 N di parom &#8211; L Almanach de la nosta jent&#8221; &#8212; Radio Pi\u00f9\" src=\"https:\/\/www.radiopiu.net\/wordpress\/almanac1\/embed\/#?secret=pCed4z5aYz#?secret=G90skfD5TF\" data-secret=\"G90skfD5TF\" width=\"600\" height=\"338\" frameborder=\"0\" marginwidth=\"0\" marginheight=\"0\" scrolling=\"no\"><\/iframe><\/p>\n<p>&nbsp;<\/p>\n<p>&nbsp;<\/p>\n<blockquote class=\"wp-embedded-content\" data-secret=\"d990foCEC5\"><p><a href=\"https:\/\/www.radiopiu.net\/wordpress\/raccolta-anno-2024-pirole-de-lenga-dalla-puntata-1-alla-250\/\">RACCOLTA ANNO 2024-25 PIROLE DE LENGA&#8230;DALLA PUNTATA 1<\/a><\/p><\/blockquote>\n<p><iframe loading=\"lazy\" class=\"wp-embedded-content\" sandbox=\"allow-scripts\" security=\"restricted\" style=\"position: absolute; visibility: hidden;\" title=\"&#8220;RACCOLTA ANNO 2024-25 PIROLE DE LENGA&#8230;DALLA PUNTATA 1&#8221; &#8212; Radio Pi\u00f9\" src=\"https:\/\/www.radiopiu.net\/wordpress\/raccolta-anno-2024-pirole-de-lenga-dalla-puntata-1-alla-250\/embed\/#?secret=33vBo9S8xl#?secret=d990foCEC5\" data-secret=\"d990foCEC5\" width=\"600\" height=\"338\" frameborder=\"0\" marginwidth=\"0\" marginheight=\"0\" scrolling=\"no\"><\/iframe><\/p>\n<blockquote class=\"wp-embedded-content\" data-secret=\"OqY839vudj\"><p><a href=\"https:\/\/www.radiopiu.net\/wordpress\/elbalfior_seconda\/\">&#8220;EL BAL DEL FIOR&#8221;, DI GIULIANA DA RONCH SECONDA STAGIONE<\/a><\/p><\/blockquote>\n<p><iframe loading=\"lazy\" class=\"wp-embedded-content\" sandbox=\"allow-scripts\" security=\"restricted\" style=\"position: absolute; visibility: hidden;\" title=\"&#8220;&#8220;EL BAL DEL FIOR&#8221;, DI GIULIANA DA RONCH SECONDA STAGIONE&#8221; &#8212; Radio Pi\u00f9\" src=\"https:\/\/www.radiopiu.net\/wordpress\/elbalfior_seconda\/embed\/#?secret=quPRNnnPHj#?secret=OqY839vudj\" data-secret=\"OqY839vudj\" width=\"600\" height=\"338\" frameborder=\"0\" marginwidth=\"0\" marginheight=\"0\" scrolling=\"no\"><\/iframe><\/p>\n<p>&nbsp;<\/p>\n<p>&nbsp;<\/p>\n<blockquote class=\"wp-embedded-content\" data-secret=\"80bwIAMObY\"><p><a href=\"https:\/\/www.radiopiu.net\/wordpress\/risveglio-a-volo-daquila-sulla-conca-agordina\/\">RISVEGLIO A VOLO D&#8217;AQUILA SULLA CONCA AGORDINA<\/a><\/p><\/blockquote>\n<p><iframe loading=\"lazy\" class=\"wp-embedded-content\" sandbox=\"allow-scripts\" security=\"restricted\" style=\"position: absolute; visibility: hidden;\" title=\"&#8220;RISVEGLIO A VOLO D&#8217;AQUILA SULLA CONCA AGORDINA&#8221; &#8212; Radio Pi\u00f9\" src=\"https:\/\/www.radiopiu.net\/wordpress\/risveglio-a-volo-daquila-sulla-conca-agordina\/embed\/#?secret=uraKXmWY4Z#?secret=80bwIAMObY\" data-secret=\"80bwIAMObY\" width=\"600\" height=\"338\" frameborder=\"0\" marginwidth=\"0\" marginheight=\"0\" scrolling=\"no\"><\/iframe><\/p>\n<hr \/>\n<p>&nbsp;<\/p>\n<p class=\"mceTemp\"><a class=\"dt-pswp-item\" href=\"https:\/\/www.radiopiu.net\/wordpress\/wp-content\/uploads\/2018\/09\/sport.jpg\" data-dt-img-description=\"\" data-large_image_width=\"800\" data-large_image_height=\"100\"><img loading=\"lazy\" decoding=\"async\" class=\"aligncenter wp-image-60761 size-full\" src=\"https:\/\/www.radiopiu.net\/wordpress\/wp-content\/uploads\/2018\/09\/sport.jpg\" alt=\"\" width=\"800\" height=\"100\" srcset=\"https:\/\/www.radiopiu.net\/wordpress\/wp-content\/uploads\/2018\/09\/sport.jpg 800w, https:\/\/www.radiopiu.net\/wordpress\/wp-content\/uploads\/2018\/09\/sport-300x38.jpg 300w, https:\/\/www.radiopiu.net\/wordpress\/wp-content\/uploads\/2018\/09\/sport-768x96.jpg 768w\" sizes=\"auto, (max-width: 800px) 100vw, 800px\" \/> <\/a><\/p>\n<p class=\"mceTemp\"><span style=\"color: #0000ff;\"><strong>\u00a0 \u00a0 \u00a0 \u00a0 \u00a0\u00a0<\/strong><\/span><\/p>\n<p><span style=\"color: #0000ff;\"><strong>MOUNTAIN BIKE<\/strong><\/span><\/p>\n<blockquote>\n<h3>SETTIMO POSTO PER ASTRID MIOLA AL GAERNE TROPHY DI MASER<\/h3>\n<\/blockquote>\n<p><strong>REDAZIONE <\/strong>Sabato scorso, Astrid Miola ha preso parte al Gaerne Trophy a Maser, una gara dal sapore speciale per lei, organizzata proprio dalla sua societ\u00e0: un vero e proprio appuntamento &#8220;di casa&#8221;. Con determinazione e grinta, Astrid ha lottato per il podio per buona parte della gara, dimostrando grande forma e spirito competitivo. Una piccola flessione nella parte finale le ha fatto perdere qualche posizione, concludendo la prova al settimo posto. \u201cPeccato per la parte finale dove ho perso un po\u2019 di posizioni, ma sono comunque molto contenta delle sensazioni \u2013 racconta Astrid \u2013 e finalmente una gara col sole\u201d.<\/p>\n\n\t\t\t<style type='text\/css'>\n\t\t\t\t#gallery-6 {\n\t\t\t\t\tmargin: auto;\n\t\t\t\t}\n\t\t\t\t#gallery-6 .gallery-item {\n\t\t\t\t\tfloat: left;\n\t\t\t\t\tmargin-top: 10px;\n\t\t\t\t\ttext-align: center;\n\t\t\t\t\twidth: 50%;\n\t\t\t\t}\n\t\t\t\t#gallery-6 img {\n\t\t\t\t\tborder: 2px solid #cfcfcf;\n\t\t\t\t}\n\t\t\t\t#gallery-6 .gallery-caption {\n\t\t\t\t\tmargin-left: 0;\n\t\t\t\t}\n\t\t\t\t\/* see gallery_shortcode() in wp-includes\/media.php *\/\n\t\t\t<\/style>\n\t\t<div id='gallery-6' class='dt-gallery-container gallery galleryid-443655 gallery-columns-2 gallery-size-medium'><dl class='gallery-item'>\n\t\t\t\t<dt class='gallery-icon landscape'>\n\t\t\t\t\t<a class=\"rollover rollover-zoom dt-pswp-item\" title=\"bae115a8-d732-46b9-ab7f-f9c23a1f4ee1\" data-dt-img-description=\"\" data-large_image_width=\"1350\" data-large_image_height=\"900\"href='https:\/\/www.radiopiu.net\/wordpress\/wp-content\/uploads\/2025\/04\/bae115a8-d732-46b9-ab7f-f9c23a1f4ee1.jpg'><img loading=\"lazy\" decoding=\"async\" width=\"300\" height=\"200\" src=\"https:\/\/www.radiopiu.net\/wordpress\/wp-content\/uploads\/2025\/04\/bae115a8-d732-46b9-ab7f-f9c23a1f4ee1-300x200.jpg\" class=\"attachment-medium size-medium\" alt=\"\" srcset=\"https:\/\/www.radiopiu.net\/wordpress\/wp-content\/uploads\/2025\/04\/bae115a8-d732-46b9-ab7f-f9c23a1f4ee1-300x200.jpg 300w, https:\/\/www.radiopiu.net\/wordpress\/wp-content\/uploads\/2025\/04\/bae115a8-d732-46b9-ab7f-f9c23a1f4ee1-1024x683.jpg 1024w, https:\/\/www.radiopiu.net\/wordpress\/wp-content\/uploads\/2025\/04\/bae115a8-d732-46b9-ab7f-f9c23a1f4ee1-768x512.jpg 768w, https:\/\/www.radiopiu.net\/wordpress\/wp-content\/uploads\/2025\/04\/bae115a8-d732-46b9-ab7f-f9c23a1f4ee1.jpg 1350w\" sizes=\"auto, (max-width: 300px) 100vw, 300px\" \/><\/a>\n\t\t\t\t<\/dt><\/dl><dl class='gallery-item'>\n\t\t\t\t<dt class='gallery-icon landscape'>\n\t\t\t\t\t<a class=\"rollover rollover-zoom dt-pswp-item\" title=\"a72621e9-8f0f-472b-9233-950606ea12d7\" data-dt-img-description=\"\" data-large_image_width=\"1350\" data-large_image_height=\"900\"href='https:\/\/www.radiopiu.net\/wordpress\/wp-content\/uploads\/2025\/04\/a72621e9-8f0f-472b-9233-950606ea12d7.jpg'><img loading=\"lazy\" decoding=\"async\" width=\"300\" height=\"200\" src=\"https:\/\/www.radiopiu.net\/wordpress\/wp-content\/uploads\/2025\/04\/a72621e9-8f0f-472b-9233-950606ea12d7-300x200.jpg\" class=\"attachment-medium size-medium\" alt=\"\" srcset=\"https:\/\/www.radiopiu.net\/wordpress\/wp-content\/uploads\/2025\/04\/a72621e9-8f0f-472b-9233-950606ea12d7-300x200.jpg 300w, https:\/\/www.radiopiu.net\/wordpress\/wp-content\/uploads\/2025\/04\/a72621e9-8f0f-472b-9233-950606ea12d7-1024x683.jpg 1024w, https:\/\/www.radiopiu.net\/wordpress\/wp-content\/uploads\/2025\/04\/a72621e9-8f0f-472b-9233-950606ea12d7-768x512.jpg 768w, https:\/\/www.radiopiu.net\/wordpress\/wp-content\/uploads\/2025\/04\/a72621e9-8f0f-472b-9233-950606ea12d7.jpg 1350w\" sizes=\"auto, (max-width: 300px) 100vw, 300px\" \/><\/a>\n\t\t\t\t<\/dt><\/dl><br style=\"clear: both\" \/>\n\t\t\t<\/div>\n\n<p>&nbsp;<\/p>\n<p><span style=\"color: #0000ff;\"><strong>NUOTO<\/strong><\/span><\/p>\n<blockquote>\n<h3>Sportivamente Belluno: Esordienti in grande spolvero al Trofeo Primavera<\/h3>\n<\/blockquote>\n<p class=\"\" data-start=\"273\" data-end=\"679\"><a class=\"dt-pswp-item\" href=\"https:\/\/www.radiopiu.net\/wordpress\/wp-content\/uploads\/2025\/04\/Mattia_Brianti_primo.jpeg\" data-dt-img-description=\"\" data-large_image_width=\"504\" data-large_image_height=\"640\"><img loading=\"lazy\" decoding=\"async\" class=\" wp-image-443796 alignleft\" src=\"https:\/\/www.radiopiu.net\/wordpress\/wp-content\/uploads\/2025\/04\/Mattia_Brianti_primo-236x300.jpeg\" alt=\"\" width=\"176\" height=\"224\" srcset=\"https:\/\/www.radiopiu.net\/wordpress\/wp-content\/uploads\/2025\/04\/Mattia_Brianti_primo-236x300.jpeg 236w, https:\/\/www.radiopiu.net\/wordpress\/wp-content\/uploads\/2025\/04\/Mattia_Brianti_primo.jpeg 504w\" sizes=\"auto, (max-width: 176px) 100vw, 176px\" \/><\/a>Importanti conferme per gli Esordienti della Sportivamente Belluno, protagonisti nella sesta edizione del Trofeo Primavera, organizzato dal Centro Nuoto Le Bandie. A Spresiano, i giovani atleti nati tra il 2012 e il 2016 si sono confrontati con ben 19 squadre, conquistando un brillante quinto posto nella classifica generale, con 9 medaglie complessive, nonostante qualche assenza.<\/p>\n<h3 class=\"\" data-start=\"681\" data-end=\"722\">Le medaglie e le migliori prestazioni<\/h3>\n<p class=\"\" data-start=\"724\" data-end=\"894\">La squadra bellunese si \u00e8 distinta con prove di alto livello sia nella <strong data-start=\"795\" data-end=\"810\">categoria B<\/strong> che nella <strong data-start=\"821\" data-end=\"836\">categoria A<\/strong>. Di seguito, una sintesi dei risultati pi\u00f9 significativi:<\/p>\n<div class=\"overflow-x-auto contain-inline-size\">\n<table data-start=\"896\" data-end=\"2192\">\n<thead data-start=\"896\" data-end=\"992\">\n<tr data-start=\"896\" data-end=\"992\">\n<th data-start=\"896\" data-end=\"918\">Atleta<\/th>\n<th data-start=\"918\" data-end=\"949\">Gara<\/th>\n<th data-start=\"949\" data-end=\"961\">Categoria<\/th>\n<th data-start=\"961\" data-end=\"979\">Risultato<\/th>\n<th data-start=\"979\" data-end=\"992\">Medaglia<\/th>\n<\/tr>\n<\/thead>\n<tbody data-start=\"1091\" data-end=\"2192\">\n<tr data-start=\"1091\" data-end=\"1188\">\n<td><strong data-start=\"1093\" data-end=\"1111\">Mattia Brianti<\/strong><\/td>\n<td>50 rana<\/td>\n<td>B<\/td>\n<td>42\u201d0<\/td>\n<td>Oro<\/td>\n<\/tr>\n<tr data-start=\"1189\" data-end=\"1286\">\n<td>Mattia Brianti<\/td>\n<td>100 stile libero<\/td>\n<td>B<\/td>\n<td>1\u201910\u201d1<\/td>\n<td>Argento<\/td>\n<\/tr>\n<tr data-start=\"1287\" data-end=\"1384\">\n<td><strong data-start=\"1289\" data-end=\"1306\">Greta Galanti<\/strong><\/td>\n<td>200 stile<\/td>\n<td>A<\/td>\n<td>2\u201922\u201d7<\/td>\n<td>Argento<\/td>\n<\/tr>\n<tr data-start=\"1385\" data-end=\"1482\">\n<td>Greta Galanti<\/td>\n<td>100 rana<\/td>\n<td>A<\/td>\n<td>1\u201926\u201d1<\/td>\n<td>Bronzo<\/td>\n<\/tr>\n<tr data-start=\"1483\" data-end=\"1580\">\n<td><strong data-start=\"1485\" data-end=\"1505\">Alessandro Morra<\/strong><\/td>\n<td>200 stile<\/td>\n<td>A<\/td>\n<td>2\u201910\u201d5<\/td>\n<td>Argento<\/td>\n<\/tr>\n<tr data-start=\"1581\" data-end=\"1678\">\n<td>Alessandro Morra<\/td>\n<td>100 rana<\/td>\n<td>A<\/td>\n<td>1\u201913\u201d8<\/td>\n<td>Argento<\/td>\n<\/tr>\n<tr data-start=\"1679\" data-end=\"1776\">\n<td><strong data-start=\"1681\" data-end=\"1697\">Laura Ivessa<\/strong><\/td>\n<td>100 stile<\/td>\n<td>A<\/td>\n<td>1\u201906\u201d2<\/td>\n<td>Bronzo<\/td>\n<\/tr>\n<tr data-start=\"1777\" data-end=\"1874\">\n<td><strong data-start=\"1779\" data-end=\"1796\">Staffetta M\/F<\/strong><\/td>\n<td>4&#215;50 stile libero<\/td>\n<td>A<\/td>\n<td>1\u201956\u201d9<\/td>\n<td>Argento<\/td>\n<\/tr>\n<tr data-start=\"1875\" data-end=\"1979\">\n<td>Staffetta Maschile<\/td>\n<td>4&#215;50 mista (Candeago, De Min, Brianti, Broi)<\/td>\n<td>B<\/td>\n<td>4\u00aa posizione<\/td>\n<td>&#8211;<\/td>\n<\/tr>\n<tr data-start=\"1980\" data-end=\"2086\">\n<td>Staffetta Femminile<\/td>\n<td>4&#215;50 mista (Camposeo, Thomas, Ivessa, Galanti)<\/td>\n<td>A<\/td>\n<td>6\u00aa posizione<\/td>\n<td>&#8211;<\/td>\n<\/tr>\n<tr data-start=\"2087\" data-end=\"2192\">\n<td>Staffetta Maschile<\/td>\n<td>4&#215;50 mista (Zanon, Battistel, Morra, Migotto)<\/td>\n<td>A<\/td>\n<td>a punti<\/td>\n<td>&#8211;<\/td>\n<\/tr>\n<\/tbody>\n<\/table>\n<\/div>\n<h3 class=\"\" data-start=\"2194\" data-end=\"2222\">Protagonisti e staffette<\/h3>\n<p class=\"\" data-start=\"2224\" data-end=\"2443\"><a class=\"dt-pswp-item\" href=\"https:\/\/www.radiopiu.net\/wordpress\/wp-content\/uploads\/2025\/04\/Alessandro_Morra_secondo.jpeg\" data-dt-img-description=\"\" data-large_image_width=\"462\" data-large_image_height=\"640\"><img loading=\"lazy\" decoding=\"async\" class=\"size-medium wp-image-443795 alignleft\" src=\"https:\/\/www.radiopiu.net\/wordpress\/wp-content\/uploads\/2025\/04\/Alessandro_Morra_secondo-217x300.jpeg\" alt=\"\" width=\"217\" height=\"300\" srcset=\"https:\/\/www.radiopiu.net\/wordpress\/wp-content\/uploads\/2025\/04\/Alessandro_Morra_secondo-217x300.jpeg 217w, https:\/\/www.radiopiu.net\/wordpress\/wp-content\/uploads\/2025\/04\/Alessandro_Morra_secondo.jpeg 462w\" sizes=\"auto, (max-width: 217px) 100vw, 217px\" \/><\/a>Nella categoria B, <strong data-start=\"2243\" data-end=\"2261\">Mattia Brianti<\/strong> ha brillato con due podi, mentre <strong data-start=\"2295\" data-end=\"2308\">Yari Broi<\/strong> e <strong data-start=\"2311\" data-end=\"2328\">Nicola De Min<\/strong> hanno fornito ottime prove individuali. Importante anche il quarto posto della <strong data-start=\"2408\" data-end=\"2441\">staffetta 4&#215;50 mista maschile<\/strong>.<\/p>\n<p class=\"\" data-start=\"2445\" data-end=\"2724\">Per la fascia A, oltre alle medaglie di <strong data-start=\"2485\" data-end=\"2502\">Greta Galanti<\/strong>, <strong data-start=\"2504\" data-end=\"2524\">Alessandro Morra<\/strong> e <strong data-start=\"2527\" data-end=\"2543\">Laura Ivessa<\/strong>, vanno sottolineate le buone prestazioni di <strong data-start=\"2588\" data-end=\"2604\">Elisa Thomas<\/strong>, <strong data-start=\"2606\" data-end=\"2623\">Rodolfo Zanon<\/strong> e delle <strong data-start=\"2632\" data-end=\"2645\">staffette<\/strong>, in particolare la spettacolare <strong data-start=\"2678\" data-end=\"2705\">4&#215;50 stile libero mista<\/strong>, seconda assoluta.<\/p>\n<h3 class=\"\" data-start=\"2726\" data-end=\"2756\">Le parole dell\u2019allenatrice<\/h3>\n<blockquote data-start=\"2758\" data-end=\"3159\">\n<p class=\"\" data-start=\"2760\" data-end=\"3159\">\u00abQuesta competizione era un importante test per saggiare lo stato di forma dei ragazzi in un periodo denso di appuntamenti \u2013 commenta l\u2019allenatrice <strong data-start=\"2908\" data-end=\"2930\">Daniela Piermarini<\/strong> \u2013. Certo, gli atleti assenti avrebbero fatto la loro parte e un po\u2019 di rammarico ci sta, perch\u00e9 la squadra \u00e8 in grande crescita. Ma sono fiduciosa: nelle prossime gare saremo tutti presenti e pronti alle sfide che ci attendono\u00bb.<\/p>\n<\/blockquote>\n<p class=\"\" data-start=\"3161\" data-end=\"3362\">Il prossimo appuntamento per la <strong data-start=\"3193\" data-end=\"3218\">Sportivamente Belluno<\/strong> \u00e8 fissato per <strong data-start=\"3233\" data-end=\"3254\">domenica prossima<\/strong>, nella piscina di <strong data-start=\"3273\" data-end=\"3290\">Valdobbiadene<\/strong>, per la <strong data-start=\"3299\" data-end=\"3361\">settima giornata di qualificazione ai campionati regionali<\/strong>.<\/p>\n<p>&nbsp;<\/p>\n<p>&nbsp;<\/p>\n","protected":false},"excerpt":{"rendered":"<p>****** Taibon agordino, sulla 203, proprio all&#8217;uscita della galleria di Listolade (lato Taibon) vi \u00e8 un senso unico alternato per lavori con semaforo.\u00a0 Attenzione per chi sale, possibilit\u00e0 di trovare colonna proprio dietro la curva prima della galleria. &nbsp; &nbsp; LA\u00a0 APP PER IOS-IPHONE di Nicola Vettorello https:\/\/apps.apple.com\/it\/app\/radio-pi%C3%B9-emittente-agordina\/id1515939845 LA\u00a0 APP RADIO\u00a0 PER ANDROID di Nicola&hellip;<\/p>\n","protected":false},"author":4,"featured_media":443883,"comment_status":"closed","ping_status":"closed","sticky":false,"template":"","format":"standard","meta":{"_monsterinsights_skip_tracking":false,"_monsterinsights_sitenote_active":false,"_monsterinsights_sitenote_note":"","_monsterinsights_sitenote_category":0,"footnotes":""},"categories":[51,86,49],"tags":[],"class_list":["post-443655","post","type-post","status-publish","format-standard","has-post-thumbnail","hentry","category-evidenza-top","category-gr","category-news-18","category-51","category-86","category-49","description-off"],"img_url":"https:\/\/www.radiopiu.net\/wordpress\/wp-content\/uploads\/2025\/04\/5cc88a3f-526f-41cb-a27f-a0fcf0d01aa3.jpg","_links":{"self":[{"href":"https:\/\/www.radiopiu.net\/wordpress\/wp-json\/wp\/v2\/posts\/443655","targetHints":{"allow":["GET"]}}],"collection":[{"href":"https:\/\/www.radiopiu.net\/wordpress\/wp-json\/wp\/v2\/posts"}],"about":[{"href":"https:\/\/www.radiopiu.net\/wordpress\/wp-json\/wp\/v2\/types\/post"}],"author":[{"embeddable":true,"href":"https:\/\/www.radiopiu.net\/wordpress\/wp-json\/wp\/v2\/users\/4"}],"replies":[{"embeddable":true,"href":"https:\/\/www.radiopiu.net\/wordpress\/wp-json\/wp\/v2\/comments?post=443655"}],"version-history":[{"count":42,"href":"https:\/\/www.radiopiu.net\/wordpress\/wp-json\/wp\/v2\/posts\/443655\/revisions"}],"predecessor-version":[{"id":443953,"href":"https:\/\/www.radiopiu.net\/wordpress\/wp-json\/wp\/v2\/posts\/443655\/revisions\/443953"}],"wp:featuredmedia":[{"embeddable":true,"href":"https:\/\/www.radiopiu.net\/wordpress\/wp-json\/wp\/v2\/media\/443883"}],"wp:attachment":[{"href":"https:\/\/www.radiopiu.net\/wordpress\/wp-json\/wp\/v2\/media?parent=443655"}],"wp:term":[{"taxonomy":"category","embeddable":true,"href":"https:\/\/www.radiopiu.net\/wordpress\/wp-json\/wp\/v2\/categories?post=443655"},{"taxonomy":"post_tag","embeddable":true,"href":"https:\/\/www.radiopiu.net\/wordpress\/wp-json\/wp\/v2\/tags?post=443655"}],"curies":[{"name":"wp","href":"https:\/\/api.w.org\/{rel}","templated":true}]}}