{"id":443714,"date":"2025-04-07T08:32:27","date_gmt":"2025-04-07T06:32:27","guid":{"rendered":"https:\/\/www.radiopiu.net\/wordpress\/?p=443714"},"modified":"2025-04-08T05:34:12","modified_gmt":"2025-04-08T03:34:12","slug":"nellincidente-della-notte-coinvolto-un-uomo-di-agordo","status":"publish","type":"post","link":"https:\/\/www.radiopiu.net\/wordpress\/nellincidente-della-notte-coinvolto-un-uomo-di-agordo\/","title":{"rendered":"NELL&#8217;INCIDENTE DELLA NOTTE COINVOLTO UN UOMO DI AGORDO"},"content":{"rendered":"<p>**<\/p>\n<p><strong><img loading=\"lazy\" decoding=\"async\" class=\"alignleft\" src=\"https:\/\/www.radiopiu.net\/wordpress\/wp-content\/uploads\/2018\/06\/suem.jpg\" width=\"111\" height=\"88\" \/>TREVISO<\/strong> Un uomo di 32 anni di Agordo \u00e8 rimasto coinvolto in un incidente a Vittorio Veneto, nel sinistro quattro le persone ricorse alle cure dei sanitari, il pi\u00f9 grave \u00e8 proprio l&#8217;uomo agordino ricoverato con un codice di media gravit\u00e0 dopo gli accertamenti al Pronto Soccorso del San Martino. L&#8217;incidente ieri sera alle 22.30 \u00a0lungo via Crevada nel territorio comunale di Refrontolo, a poche centinaia di metri dal confine con Susegana. Secondo le prime informazioni, due auto si sono scontrate frontalmente in un impatto molto violento. La strada \u00e8 rimasta chiusa a lungo per consentire le operazioni di soccorso da parte del Suem 118, intervenuto sul posto insieme ai Vigili del fuoco dei distaccamenti di Conegliano e Vittorio Veneto. Per i rilievi e la ricostruzione della dinamica dell\u2019incidente sono intervenuti anche i Carabinieri della Compagnia di Conegliano.<\/p>\n<p><strong>CORTINA<\/strong> Una ragazza di 20anni di Belluno\u00a0 \u00e8 ricoverata al codivilla di Cortina, l&#8217;\u00ecncidente stradale ieri alle 18.45<\/p>\n<p>___<\/p>\n","protected":false},"excerpt":{"rendered":"<p>** TREVISO Un uomo di 32 anni di Agordo \u00e8 rimasto coinvolto in un incidente a Vittorio Veneto, nel sinistro quattro le persone ricorse alle cure dei sanitari, il pi\u00f9 grave \u00e8 proprio l&#8217;uomo agordino ricoverato con un codice di media gravit\u00e0 dopo gli accertamenti al Pronto Soccorso del San Martino. L&#8217;incidente ieri sera alle&hellip;<\/p>\n","protected":false},"author":4,"featured_media":51048,"comment_status":"closed","ping_status":"closed","sticky":false,"template":"","format":"standard","meta":{"_monsterinsights_skip_tracking":false,"_monsterinsights_sitenote_active":false,"_monsterinsights_sitenote_note":"","_monsterinsights_sitenote_category":0,"footnotes":""},"categories":[51,49],"tags":[],"class_list":["post-443714","post","type-post","status-publish","format-standard","has-post-thumbnail","hentry","category-evidenza-top","category-news-18","category-51","category-49","description-off"],"img_url":"https:\/\/www.radiopiu.net\/wordpress\/wp-content\/uploads\/2018\/06\/suem.jpg","_links":{"self":[{"href":"https:\/\/www.radiopiu.net\/wordpress\/wp-json\/wp\/v2\/posts\/443714","targetHints":{"allow":["GET"]}}],"collection":[{"href":"https:\/\/www.radiopiu.net\/wordpress\/wp-json\/wp\/v2\/posts"}],"about":[{"href":"https:\/\/www.radiopiu.net\/wordpress\/wp-json\/wp\/v2\/types\/post"}],"author":[{"embeddable":true,"href":"https:\/\/www.radiopiu.net\/wordpress\/wp-json\/wp\/v2\/users\/4"}],"replies":[{"embeddable":true,"href":"https:\/\/www.radiopiu.net\/wordpress\/wp-json\/wp\/v2\/comments?post=443714"}],"version-history":[{"count":5,"href":"https:\/\/www.radiopiu.net\/wordpress\/wp-json\/wp\/v2\/posts\/443714\/revisions"}],"predecessor-version":[{"id":443719,"href":"https:\/\/www.radiopiu.net\/wordpress\/wp-json\/wp\/v2\/posts\/443714\/revisions\/443719"}],"wp:featuredmedia":[{"embeddable":true,"href":"https:\/\/www.radiopiu.net\/wordpress\/wp-json\/wp\/v2\/media\/51048"}],"wp:attachment":[{"href":"https:\/\/www.radiopiu.net\/wordpress\/wp-json\/wp\/v2\/media?parent=443714"}],"wp:term":[{"taxonomy":"category","embeddable":true,"href":"https:\/\/www.radiopiu.net\/wordpress\/wp-json\/wp\/v2\/categories?post=443714"},{"taxonomy":"post_tag","embeddable":true,"href":"https:\/\/www.radiopiu.net\/wordpress\/wp-json\/wp\/v2\/tags?post=443714"}],"curies":[{"name":"wp","href":"https:\/\/api.w.org\/{rel}","templated":true}]}}