{"id":443736,"date":"2025-04-07T13:29:15","date_gmt":"2025-04-07T11:29:15","guid":{"rendered":"https:\/\/www.radiopiu.net\/wordpress\/?p=443736"},"modified":"2025-04-07T09:30:10","modified_gmt":"2025-04-07T07:30:10","slug":"epilessie-rare-miastenia-gravis","status":"publish","type":"post","link":"https:\/\/www.radiopiu.net\/wordpress\/epilessie-rare-miastenia-gravis\/","title":{"rendered":"Epilessie rare + Miastenia gravis"},"content":{"rendered":"<p>Epilessie rare<\/p>\n<p>Le epilessie rare sono un gruppo eterogeneo di condizioni patologiche caratterizzate da crisi epilettiche resistenti ai farmaci, che possono essere associate a disturbi cognitivi, neurologici e psichiatrici, oltre che a interessamento di altri organi.<\/p>\n<p>Miastenia gravis<\/p>\n<p>Vivere con una malattia rara disabilitante pu\u00f2 essere molto difficile. Ancora pi\u00f9 difficile \u00e8 poter mantenere la propria autonomia, che per una persona adulta si traduce nel poter lavorare, guidare, occuparsi della propria famiglia, avere una vita relazionale attiva, non dipendere da qualcun altro. In una patologia come la miastenia gravis, dall\u2019andamento fluttuante e imprevedibile, questo \u00e8 ancora pi\u00f9 evidente.<\/p>\n<audio class=\"wp-audio-shortcode\" id=\"audio-443736-1\" preload=\"none\" style=\"width: 100%;\" controls=\"controls\"><source type=\"audio\/mpeg\" src=\"https:\/\/www.radiopiu.net\/wordpress\/wp-content\/uploads\/2025\/04\/SALUTE.mp3?_=1\" \/><a href=\"https:\/\/www.radiopiu.net\/wordpress\/wp-content\/uploads\/2025\/04\/SALUTE.mp3\">https:\/\/www.radiopiu.net\/wordpress\/wp-content\/uploads\/2025\/04\/SALUTE.mp3<\/a><\/audio>\n","protected":false},"excerpt":{"rendered":"<p>Epilessie rare Le epilessie rare sono un gruppo eterogeneo di condizioni patologiche caratterizzate da crisi epilettiche resistenti ai farmaci, che possono essere associate a disturbi cognitivi, neurologici e psichiatrici, oltre che a interessamento di altri organi. Miastenia gravis Vivere con una malattia rara disabilitante pu\u00f2 essere molto difficile. Ancora pi\u00f9 difficile \u00e8 poter mantenere la&hellip;<\/p>\n","protected":false},"author":2,"featured_media":443735,"comment_status":"closed","ping_status":"closed","sticky":false,"template":"","format":"standard","meta":{"_monsterinsights_skip_tracking":false,"_monsterinsights_sitenote_active":false,"_monsterinsights_sitenote_note":"","_monsterinsights_sitenote_category":0,"footnotes":""},"categories":[87],"tags":[],"class_list":["post-443736","post","type-post","status-publish","format-standard","has-post-thumbnail","hentry","category-salutesocieta","category-87","description-off"],"img_url":"https:\/\/www.radiopiu.net\/wordpress\/wp-content\/uploads\/2025\/04\/c554de6b-3836-da37-270c-49e33dd2c640.jpg","_links":{"self":[{"href":"https:\/\/www.radiopiu.net\/wordpress\/wp-json\/wp\/v2\/posts\/443736","targetHints":{"allow":["GET"]}}],"collection":[{"href":"https:\/\/www.radiopiu.net\/wordpress\/wp-json\/wp\/v2\/posts"}],"about":[{"href":"https:\/\/www.radiopiu.net\/wordpress\/wp-json\/wp\/v2\/types\/post"}],"author":[{"embeddable":true,"href":"https:\/\/www.radiopiu.net\/wordpress\/wp-json\/wp\/v2\/users\/2"}],"replies":[{"embeddable":true,"href":"https:\/\/www.radiopiu.net\/wordpress\/wp-json\/wp\/v2\/comments?post=443736"}],"version-history":[{"count":1,"href":"https:\/\/www.radiopiu.net\/wordpress\/wp-json\/wp\/v2\/posts\/443736\/revisions"}],"predecessor-version":[{"id":443737,"href":"https:\/\/www.radiopiu.net\/wordpress\/wp-json\/wp\/v2\/posts\/443736\/revisions\/443737"}],"wp:featuredmedia":[{"embeddable":true,"href":"https:\/\/www.radiopiu.net\/wordpress\/wp-json\/wp\/v2\/media\/443735"}],"wp:attachment":[{"href":"https:\/\/www.radiopiu.net\/wordpress\/wp-json\/wp\/v2\/media?parent=443736"}],"wp:term":[{"taxonomy":"category","embeddable":true,"href":"https:\/\/www.radiopiu.net\/wordpress\/wp-json\/wp\/v2\/categories?post=443736"},{"taxonomy":"post_tag","embeddable":true,"href":"https:\/\/www.radiopiu.net\/wordpress\/wp-json\/wp\/v2\/tags?post=443736"}],"curies":[{"name":"wp","href":"https:\/\/api.w.org\/{rel}","templated":true}]}}