{"id":443814,"date":"2025-04-07T15:23:14","date_gmt":"2025-04-07T13:23:14","guid":{"rendered":"https:\/\/www.radiopiu.net\/wordpress\/?p=443814"},"modified":"2025-04-08T05:33:18","modified_gmt":"2025-04-08T03:33:18","slug":"il-gav-di-agordo-riflette-sul-futuro-del-volontariato-meno-abitanti-piu-richieste","status":"publish","type":"post","link":"https:\/\/www.radiopiu.net\/wordpress\/il-gav-di-agordo-riflette-sul-futuro-del-volontariato-meno-abitanti-piu-richieste\/","title":{"rendered":"Il GAV di Agordo riflette sul futuro del volontariato: meno abitanti, pi\u00f9 richieste"},"content":{"rendered":"<div class=\"flex flex-1 grow basis-auto flex-col overflow-hidden\">\n<div class=\"relative h-full\">\n<div class=\"flex h-full flex-col overflow-y-auto [scrollbar-gutter:stable]\">\n<div class=\"@thread-xl\/thread:pt-header-height mt-1.5 flex flex-col text-sm md:pb-9\">\n<article class=\"text-token-text-primary w-full\" dir=\"auto\" data-testid=\"conversation-turn-10\" data-scroll-anchor=\"true\">\n<div class=\"text-base my-auto mx-auto py-5 px-6\">\n<div class=\"mx-auto flex flex-1 text-base gap-4 md:gap-5 lg:gap-6 md:max-w-3xl group\/turn-messages focus-visible:outline-hidden\" tabindex=\"-1\">\n<div class=\"group\/conversation-turn relative flex w-full min-w-0 flex-col agent-turn @xs\/thread:px-0 @sm\/thread:px-1.5 @md\/thread:px-4\">\n<div class=\"relative flex-col gap-1 md:gap-3\">\n<div class=\"flex max-w-full flex-col grow\">\n<div class=\"min-h-8 text-message relative flex w-full flex-col items-end gap-2 text-start break-words whitespace-normal [.text-message+&amp;]:mt-5\" dir=\"auto\" data-message-author-role=\"assistant\" data-message-id=\"fbfbab9d-70a9-4ef9-9d9b-f3961f906083\" data-message-model-slug=\"gpt-4o\">\n<div class=\"flex w-full flex-col gap-1 empty:hidden first:pt-[3px]\">\n<div class=\"markdown prose dark:prose-invert w-full break-words dark\">\n<p class=\"\" data-start=\"231\" data-end=\"346\"><strong data-start=\"231\" data-end=\"346\">Assemblea annuale dell\u2019associazione: impegno costante al fianco della comunit\u00e0. Oltre 4.700 ore donate nel 2024<\/strong><\/p>\n<p class=\"\" data-start=\"348\" data-end=\"755\"><strong data-start=\"348\" data-end=\"360\"><img loading=\"lazy\" decoding=\"async\" class=\"alignleft\" src=\"https:\/\/www.radiopiu.net\/wordpress\/wp-content\/uploads\/2022\/12\/logo-gav-scaled.jpg\" width=\"272\" height=\"153\" \/>AGORDO \u2013<\/strong> Un momento di confronto sincero, accompagnato da numeri significativi e da riflessioni profonde sul presente e sul futuro del volontariato. Domenica 6 aprile si \u00e8 svolta l\u2019assemblea annuale del Gruppo Assistenza Volontaria OdV di Agordo, occasione per tirare le somme dell\u2019attivit\u00e0 svolta nel 2024 e per lanciare uno sguardo sulle sfide che attendono il territorio e le sue realt\u00e0 solidali.<\/p>\n<h3 class=\"\" data-start=\"757\" data-end=\"816\">Una sanit\u00e0 che cambia: le preoccupazioni del territorio<\/h3>\n<p class=\"\" data-start=\"818\" data-end=\"1269\">Tra i temi affrontati, uno su tutti ha suscitato preoccupazione tra i volontari presenti: il rischio che, nella gestione delle patologie, la residenza possa diventare un criterio di priorit\u00e0, a scapito del principio secondo cui \u00e8 la gravit\u00e0 della malattia a determinare l\u2019accesso alle cure. Un timore concreto per il Bellunese, che spesso si trova a fare riferimento a strutture ospedaliere fuori provincia per trattamenti specialistici.<\/p>\n<h3 class=\"\" data-start=\"1271\" data-end=\"1335\">Pi\u00f9 richieste alle associazioni, meno abitanti nell\u2019Agordino<\/h3>\n<p class=\"\" data-start=\"1337\" data-end=\"1779\">Le associazioni di volontariato, come il GAV, si trovano sempre pi\u00f9 spesso a sopperire a nuove richieste e a garantire l\u2019accesso al sistema socio-sanitario per le fasce pi\u00f9 fragili della popolazione. Ma la domanda che ha guidato il confronto \u00e8 chiara: <em data-start=\"1593\" data-end=\"1658\">quanto a lungo sar\u00e0 possibile fare affidamento sul volontariato<\/em>, se si considera che l\u2019Agordino perde circa 200 abitanti ogni anno, come riportano le proiezioni demografiche ISTAT?<\/p>\n<h3 class=\"\" data-start=\"1781\" data-end=\"1809\">Una storia lunga 32 anni<\/h3>\n<p class=\"\" data-start=\"1811\" data-end=\"2173\">Nato 32 anni fa, il GAV \u00e8 sempre stato espressione di volontariato puro, con l\u2019obiettivo di affiancare famiglie, utenti e operatori socio-sanitari. Questo spirito \u2013 come ribadito durante l\u2019assemblea \u2013 deve restare il faro dell\u2019associazione, anche valutando la possibilit\u00e0 di collaborazioni o fusioni con realt\u00e0 simili, per rafforzare l\u2019azione comune.<\/p>\n<p class=\"\" data-start=\"2175\" data-end=\"2369\">Nessuna quota associativa \u00e8 richiesta ai nuovi volontari: il GAV garantisce copertura assicurativa, formazione adeguata e sostegno, affinch\u00e9 ciascuno possa operare in sicurezza e serenit\u00e0.<\/p>\n<blockquote>\n<h1 data-start=\"2371\" data-end=\"2392\"><strong>I numeri del 2024<\/strong><\/h1>\n<\/blockquote>\n<table data-start=\"121\" data-end=\"1550\">\n<thead data-start=\"121\" data-end=\"250\">\n<tr data-start=\"121\" data-end=\"250\">\n<th data-start=\"121\" data-end=\"180\"><strong data-start=\"123\" data-end=\"135\">Attivit\u00e0<\/strong><\/th>\n<th data-start=\"180\" data-end=\"201\"><strong data-start=\"182\" data-end=\"200\">Interventi\/Ore<\/strong><\/th>\n<th data-start=\"201\" data-end=\"250\"><strong data-start=\"203\" data-end=\"211\">Note<\/strong><\/th>\n<\/tr>\n<\/thead>\n<tbody data-start=\"381\" data-end=\"1550\">\n<tr data-start=\"381\" data-end=\"510\">\n<td><strong data-start=\"383\" data-end=\"407\">Consegna pasti caldi<\/strong><\/td>\n<td>915 interventi<\/td>\n<td>In collaborazione con Auser \u201cEl Broi\u201d<\/td>\n<\/tr>\n<tr data-start=\"511\" data-end=\"640\">\n<td><\/td>\n<td>1.830 ore<\/td>\n<td><\/td>\n<\/tr>\n<tr data-start=\"641\" data-end=\"770\">\n<td><\/td>\n<td>13.115 pasti<\/td>\n<td><\/td>\n<\/tr>\n<tr data-start=\"771\" data-end=\"900\">\n<td><\/td>\n<td>29.654 km percorsi<\/td>\n<td><\/td>\n<\/tr>\n<tr data-start=\"901\" data-end=\"1030\">\n<td><strong data-start=\"903\" data-end=\"935\">Presenza nei Centri Sollievo<\/strong><\/td>\n<td>423 ore totali<\/td>\n<td>150 h Agordo \u2013 273 h Cencenighe<\/td>\n<\/tr>\n<tr data-start=\"1031\" data-end=\"1160\">\n<td><strong data-start=\"1033\" data-end=\"1073\">Attivit\u00e0 assistenziale in RSA Agordo<\/strong><\/td>\n<td>2.190 ore<\/td>\n<td><\/td>\n<\/tr>\n<tr data-start=\"1161\" data-end=\"1290\">\n<td><strong data-start=\"1163\" data-end=\"1213\">Accompagnamento ospiti (Centro Servizi Taibon)<\/strong><\/td>\n<td>158 interventi<\/td>\n<td><\/td>\n<\/tr>\n<tr data-start=\"1291\" data-end=\"1420\">\n<td><\/td>\n<td>360 ore<\/td>\n<td><\/td>\n<\/tr>\n<tr data-start=\"1421\" data-end=\"1550\">\n<td><strong data-start=\"1423\" data-end=\"1469\">Totale ore di volontariato donate nel 2024<\/strong><\/td>\n<td><strong data-start=\"1482\" data-end=\"1495\">4.759 ore<\/strong><\/td>\n<td>In crescita rispetto al 2023<\/td>\n<\/tr>\n<\/tbody>\n<\/table>\n<h3 class=\"\" data-start=\"2993\" data-end=\"3035\">Dialogo con istituzioni e altre realt\u00e0<\/h3>\n<p class=\"\" data-start=\"3037\" data-end=\"3557\">All\u2019assemblea hanno partecipato gli amministratori comunali di Agordo e Voltago, che hanno espresso apprezzamento per l\u2019impegno dei volontari, riconoscendo anche le difficolt\u00e0 simili a quelle che vivono gli enti locali. P<a class=\"dt-pswp-item\" href=\"https:\/\/www.radiopiu.net\/wordpress\/wp-content\/uploads\/2018\/04\/AGORDO-Assemblea-GAV-8-4-18.jpg\" data-dt-img-description=\"\" data-large_image_width=\"1475\" data-large_image_height=\"759\"><img loading=\"lazy\" decoding=\"async\" class=\" wp-image-46431 alignleft\" src=\"https:\/\/www.radiopiu.net\/wordpress\/wp-content\/uploads\/2018\/04\/AGORDO-Assemblea-GAV-8-4-18-300x154.jpg\" alt=\"\" width=\"286\" height=\"147\" srcset=\"https:\/\/www.radiopiu.net\/wordpress\/wp-content\/uploads\/2018\/04\/AGORDO-Assemblea-GAV-8-4-18-300x154.jpg 300w, https:\/\/www.radiopiu.net\/wordpress\/wp-content\/uploads\/2018\/04\/AGORDO-Assemblea-GAV-8-4-18-768x395.jpg 768w, https:\/\/www.radiopiu.net\/wordpress\/wp-content\/uploads\/2018\/04\/AGORDO-Assemblea-GAV-8-4-18-1024x527.jpg 1024w, https:\/\/www.radiopiu.net\/wordpress\/wp-content\/uploads\/2018\/04\/AGORDO-Assemblea-GAV-8-4-18.jpg 1475w\" sizes=\"auto, (max-width: 286px) 100vw, 286px\" \/><\/a>resenti inoltre i rappresentanti delle associazioni Auser \u201cEl Broi\u201d, con il presidente provinciale Arnoldo Pauletti, e del Pettirosso, con Sonia D\u2019Agostini, i quali hanno sottolineato l\u2019importanza della collaborazione tra associazioni e il valore della gratitudine dei cittadini.<\/p>\n<p class=\"\" data-start=\"3559\" data-end=\"3812\">Significativo anche l\u2019intervento del rappresentante del Comitato d\u2019Intesa, Sergio Battistella, che ha richiamato l\u2019importanza di un accompagnamento dei nuovi volontari, anche tramite attivit\u00e0 di tutoraggio, per favorire una crescita consapevole.<\/p>\n<h3 class=\"\" data-start=\"3814\" data-end=\"3841\">Un impegno che continua<\/h3>\n<p class=\"\" data-start=\"3843\" data-end=\"4191\">Il GAV continuer\u00e0 a contare sul dialogo con le istituzioni, sul sostegno dei Comuni e sulla fiducia di chi crede nel valore del volontariato. Sempre ispirato dallo spirito gratuito e spontaneo indicato fin dalle origini da mons. Don Lino Mottes, ricordato con affetto insieme al socio fondatore Giuseppe Ren, recentemente scomparsi.<\/p>\n<\/div>\n<\/div>\n<\/div>\n<\/div>\n<\/div>\n<\/div>\n<\/div>\n<\/div>\n<\/article>\n<\/div>\n<\/div>\n<\/div>\n<\/div>\n<div><\/div>\n<div><\/div>\n<div>\n<hr \/>\n<\/div>\n<div class=\"flex flex-1 grow basis-auto flex-col overflow-hidden\">\n<div class=\"relative h-full\">\n<div class=\"flex h-full flex-col overflow-y-auto [scrollbar-gutter:stable]\">\n<div class=\"@thread-xl\/thread:pt-header-height mt-1.5 flex flex-col text-sm md:pb-9\">\n<article class=\"text-token-text-primary w-full\" dir=\"auto\" data-testid=\"conversation-turn-10\" data-scroll-anchor=\"true\">\n<div class=\"text-base my-auto mx-auto py-5 px-6\">\n<div class=\"mx-auto flex flex-1 text-base gap-4 md:gap-5 lg:gap-6 md:max-w-3xl group\/turn-messages focus-visible:outline-hidden\" tabindex=\"-1\">\n<div class=\"group\/conversation-turn relative flex w-full min-w-0 flex-col agent-turn @xs\/thread:px-0 @sm\/thread:px-1.5 @md\/thread:px-4\">\n<div class=\"absolute\">\n<div class=\"flex items-center justify-center\"><\/div>\n<\/div>\n<\/div>\n<\/div>\n<\/div>\n<\/article>\n<div class=\"pointer-events-none h-px w-px\" aria-hidden=\"true\" data-edge=\"true\"><\/div>\n<div><\/div>\n<div><\/div>\n<\/div>\n<\/div>\n<\/div>\n<\/div>\n<div class=\"isolate w-full basis-auto has-data-has-thread-error:pt-2 has-data-has-thread-error:[box-shadow:var(--sharp-edge-bottom-shadow)] md:border-transparent md:pt-0 dark:border-white\/20 md:dark:border-transparent flex flex-col\">\n<div>\n<div class=\"text-base mx-auto px-3 md:px-4 w-full md:px-5 lg:px-4 xl:px-5\">\n<div class=\"mx-auto flex flex-1 text-base gap-4 md:gap-5 lg:gap-6 md:max-w-3xl\">\n<div class=\"flex justify-center empty:hidden\"><\/div>\n<div class=\"relative z-1 flex max-w-full flex-1 flex-col h-full max-xs:[--force-hide-label:none]\" aria-haspopup=\"dialog\" aria-expanded=\"false\" aria-controls=\"radix-:R7khioukkt995j5:\" data-state=\"closed\">\n<div class=\"absolute right-0 bottom-full left-0 z-20\"><\/div>\n<form class=\"w-full [view-transition-name:var(--vt-composer)]\" data-type=\"unified-composer\">\n<div class=\"border-token-border-xlight flex w-full cursor-text flex-col items-center justify-center rounded-[28px] border bg-clip-padding contain-inline-size overflow-clip shadow-sm sm:shadow-lg dark:shadow-none! bg-token-main-surface-primary dark:bg-[#303030]\">\n<div class=\"relative flex w-full items-end px-3 py-3\">\n<div class=\"relative flex w-full flex-auto flex-col\">\n<div class=\"relative ms-1.5 grid grid-cols-[auto_minmax(0,1fr)]\">\n<div class=\"items-top flex justify-center\">\n<div><\/div>\n<\/div>\n<\/div>\n<\/div>\n<\/div>\n<\/div>\n<\/form>\n<\/div>\n<\/div>\n<\/div>\n<\/div>\n<\/div>\n","protected":false},"excerpt":{"rendered":"<p>Assemblea annuale dell\u2019associazione: impegno costante al fianco della comunit\u00e0. Oltre 4.700 ore donate nel 2024 AGORDO \u2013 Un momento di confronto sincero, accompagnato da numeri significativi e da riflessioni profonde sul presente e sul futuro del volontariato. Domenica 6 aprile si \u00e8 svolta l\u2019assemblea annuale del Gruppo Assistenza Volontaria OdV di Agordo, occasione per tirare&hellip;<\/p>\n","protected":false},"author":4,"featured_media":311681,"comment_status":"closed","ping_status":"closed","sticky":false,"template":"","format":"standard","meta":{"_monsterinsights_skip_tracking":false,"_monsterinsights_sitenote_active":false,"_monsterinsights_sitenote_note":"","_monsterinsights_sitenote_category":0,"footnotes":""},"categories":[51,49],"tags":[],"class_list":["post-443814","post","type-post","status-publish","format-standard","has-post-thumbnail","hentry","category-evidenza-top","category-news-18","category-51","category-49","description-off"],"img_url":"https:\/\/www.radiopiu.net\/wordpress\/wp-content\/uploads\/2022\/12\/logo-gav-scaled.jpg","_links":{"self":[{"href":"https:\/\/www.radiopiu.net\/wordpress\/wp-json\/wp\/v2\/posts\/443814","targetHints":{"allow":["GET"]}}],"collection":[{"href":"https:\/\/www.radiopiu.net\/wordpress\/wp-json\/wp\/v2\/posts"}],"about":[{"href":"https:\/\/www.radiopiu.net\/wordpress\/wp-json\/wp\/v2\/types\/post"}],"author":[{"embeddable":true,"href":"https:\/\/www.radiopiu.net\/wordpress\/wp-json\/wp\/v2\/users\/4"}],"replies":[{"embeddable":true,"href":"https:\/\/www.radiopiu.net\/wordpress\/wp-json\/wp\/v2\/comments?post=443814"}],"version-history":[{"count":1,"href":"https:\/\/www.radiopiu.net\/wordpress\/wp-json\/wp\/v2\/posts\/443814\/revisions"}],"predecessor-version":[{"id":443816,"href":"https:\/\/www.radiopiu.net\/wordpress\/wp-json\/wp\/v2\/posts\/443814\/revisions\/443816"}],"wp:featuredmedia":[{"embeddable":true,"href":"https:\/\/www.radiopiu.net\/wordpress\/wp-json\/wp\/v2\/media\/311681"}],"wp:attachment":[{"href":"https:\/\/www.radiopiu.net\/wordpress\/wp-json\/wp\/v2\/media?parent=443814"}],"wp:term":[{"taxonomy":"category","embeddable":true,"href":"https:\/\/www.radiopiu.net\/wordpress\/wp-json\/wp\/v2\/categories?post=443814"},{"taxonomy":"post_tag","embeddable":true,"href":"https:\/\/www.radiopiu.net\/wordpress\/wp-json\/wp\/v2\/tags?post=443814"}],"curies":[{"name":"wp","href":"https:\/\/api.w.org\/{rel}","templated":true}]}}