{"id":443901,"date":"2025-04-09T05:21:42","date_gmt":"2025-04-09T03:21:42","guid":{"rendered":"https:\/\/www.radiopiu.net\/wordpress\/?p=443901"},"modified":"2025-04-09T10:05:16","modified_gmt":"2025-04-09T08:05:16","slug":"giornale-radiopiu-09-aprile-2025-direttore-mirko-mezzacasa","status":"publish","type":"post","link":"https:\/\/www.radiopiu.net\/wordpress\/giornale-radiopiu-09-aprile-2025-direttore-mirko-mezzacasa\/","title":{"rendered":"GIORNALE RADIOPIU 09 APRILE 2025 DIRETTORE MIRKO MEZZACASA"},"content":{"rendered":"<p>******<\/p>\n<p>&nbsp;<\/p>\n<p><em><span style=\"color: #ff0000;\"><a class=\"dt-pswp-item\" href=\"https:\/\/www.radiopiu.net\/wordpress\/wp-content\/uploads\/2024\/10\/Senza-nome-8.png\" data-dt-img-description=\"\" data-large_image_width=\"343\" data-large_image_height=\"303\"><img loading=\"lazy\" decoding=\"async\" class=\"wp-image-412130 alignleft\" src=\"https:\/\/www.radiopiu.net\/wordpress\/wp-content\/uploads\/2024\/10\/Senza-nome-8-300x265.png\" alt=\"\" width=\"105\" height=\"93\" srcset=\"https:\/\/www.radiopiu.net\/wordpress\/wp-content\/uploads\/2024\/10\/Senza-nome-8-300x265.png 300w, https:\/\/www.radiopiu.net\/wordpress\/wp-content\/uploads\/2024\/10\/Senza-nome-8.png 343w\" sizes=\"auto, (max-width: 105px) 100vw, 105px\" \/><\/a><\/span><\/em><strong><em><span style=\"color: #ff0000;\"> LA\u00a0 APP PER IOS-IPHONE di Nicola Vettorello<\/span><\/em><\/strong><\/p>\n<p><strong><span style=\"color: #0000ff;\"><a style=\"color: #0000ff;\" href=\"https:\/\/apps.apple.com\/it\/app\/radio-pi%C3%B9-emittente-agordina\/id1515939845\">https:\/\/apps.apple.com\/it\/app\/radio-pi%C3%B9-emittente-agordina\/id1515939845<\/a><\/span><\/strong><\/p>\n<p><strong><em style=\"color: #ff0000;\">LA\u00a0 APP RADIO\u00a0 PER ANDROID di Nicola Vettorello<\/em><\/strong><\/p>\n<p><strong><span style=\"color: #0000ff;\"><a style=\"color: #0000ff;\" href=\"https:\/\/play.google.com\/store\/apps\/details?id=net.radiopiu.iniko\" target=\"_blank\" rel=\"noopener noreferrer\">https:\/\/<\/a><a style=\"color: #0000ff;\" href=\"https:\/\/play.google.com\/store\/apps\/details?id=net.radiopiu.iniko\" target=\"_blank\" rel=\"noopener noreferrer\">play.google.com\/store\/apps\/details?id=net.radiopiu.iniko\u00a0\u00a0\u00a0\u00a0<\/a><\/span><\/strong><\/p>\n<p>&nbsp;<\/p>\n<hr \/>\n<p><span style=\"color: #0000ff;\">\u00a0<\/span><\/p>\n<p>&nbsp;<\/p>\n<p><span style=\"color: #0000ff;\"><strong><a class=\"dt-pswp-item\" href=\"https:\/\/www.radiopiu.net\/wordpress\/wp-content\/uploads\/2025\/04\/Immagine-2025-04-08-111731.jpg\" data-dt-img-description=\"\" data-large_image_width=\"144\" data-large_image_height=\"52\"><img loading=\"lazy\" decoding=\"async\" class=\"size-full wp-image-444006 alignleft\" src=\"https:\/\/www.radiopiu.net\/wordpress\/wp-content\/uploads\/2025\/04\/Immagine-2025-04-08-111731.jpg\" alt=\"\" width=\"144\" height=\"52\" \/><\/a>OGGI <\/strong>\u00a0<\/span>\u00a0 <strong>\u00a009.00<\/strong> liber il libro di Liana Cavallet\u00a0 \u00a0<strong>10.10 <\/strong>CISL la voce per i lavoratori<strong> 10.30<\/strong> se non la smetti ti mando dal preside\u00a0<strong> 11.00 <\/strong>piu musica, le selezioni di moreno tocchetto e david ben\u00a0<span class=\"transfer_display_name\">\u00a0<strong>13.20<\/strong>\u00a0 COLLAGE, CON LORIS SCUSSEL DAL MARTEDI ALLA DOMENICA ALLE\u00a0 <strong>14.00<\/strong> la classifica ufficiale di radiopiu <strong>15.10<\/strong>\u00a0 batticinque con marina ed alessio\u00a0 <\/span><strong>16<\/strong><b>.45\u00a0<\/b> LE CLASSIFICHE, LA STORIA DELLA MUSICA, DI MIRCO BENCIVENNI <strong>19.00<\/strong> le anticipazioni del TG di Antenna 3 (Canale 10 digitale terrestre) di Tiziana Bolognani <strong>19-20<\/strong> l&#8217;intelligenza artificiale\u00a0 a Feltre, di Alessia Dall&#8217;O<\/p>\n<p><strong>QUESTA SERA\u00a0 DALLE 20.30 DIRETTA RADIO, al mercoledi di sera. Presentiamo la sagra de Pasca, tutte le novit\u00e0 con Gruppo Sportivo, Proloco, Abvs e&#8230; Eugenio Bien<\/strong><\/p>\n<p>&nbsp;<\/p>\n<p>&nbsp;<\/p>\n<hr \/>\n<p>&nbsp;<\/p>\n<p>&nbsp;<\/p>\n<div class=\"x11i5rnm xat24cr x1mh8g0r x1vvkbs xtlvy1s x126k92a\">\n<div dir=\"auto\">\n<div dir=\"auto\">\n<p><strong><a class=\"dt-pswp-item\" href=\"https:\/\/www.radiopiu.net\/wordpress\/wp-content\/uploads\/2024\/02\/2d44e751-d8a8-461b-8e22-d8e4e853b032.jpg\" data-dt-img-description=\"\" data-large_image_width=\"1600\" data-large_image_height=\"1200\"><img loading=\"lazy\" decoding=\"async\" class=\"wp-image-373307 alignleft\" src=\"https:\/\/www.radiopiu.net\/wordpress\/wp-content\/uploads\/2024\/02\/2d44e751-d8a8-461b-8e22-d8e4e853b032-300x225.jpg\" alt=\"\" width=\"105\" height=\"79\" srcset=\"https:\/\/www.radiopiu.net\/wordpress\/wp-content\/uploads\/2024\/02\/2d44e751-d8a8-461b-8e22-d8e4e853b032-300x225.jpg 300w, https:\/\/www.radiopiu.net\/wordpress\/wp-content\/uploads\/2024\/02\/2d44e751-d8a8-461b-8e22-d8e4e853b032-1024x768.jpg 1024w, https:\/\/www.radiopiu.net\/wordpress\/wp-content\/uploads\/2024\/02\/2d44e751-d8a8-461b-8e22-d8e4e853b032-768x576.jpg 768w, https:\/\/www.radiopiu.net\/wordpress\/wp-content\/uploads\/2024\/02\/2d44e751-d8a8-461b-8e22-d8e4e853b032-1536x1152.jpg 1536w, https:\/\/www.radiopiu.net\/wordpress\/wp-content\/uploads\/2024\/02\/2d44e751-d8a8-461b-8e22-d8e4e853b032.jpg 1600w\" sizes=\"auto, (max-width: 105px) 100vw, 105px\" \/><\/a>EL BAL DEL FIOR, DI GIULIANA DA RONCH, 09 APRILE<\/strong><strong> 2025<\/strong><\/p>\n<\/div>\n<p>&nbsp;<\/p>\n<div dir=\"auto\">\n<audio class=\"wp-audio-shortcode\" id=\"audio-443901-1\" preload=\"none\" style=\"width: 100%;\" controls=\"controls\"><source type=\"audio\/mpeg\" src=\"https:\/\/www.radiopiu.net\/wordpress\/wp-content\/uploads\/2025\/04\/GME.mp3?_=1\" \/><a href=\"https:\/\/www.radiopiu.net\/wordpress\/wp-content\/uploads\/2025\/04\/GME.mp3\">https:\/\/www.radiopiu.net\/wordpress\/wp-content\/uploads\/2025\/04\/GME.mp3<\/a><\/audio>\n<p>&nbsp;<\/p>\n<hr \/>\n<p>&nbsp;<\/p>\n<p>&nbsp;<\/p>\n<\/div>\n<\/div>\n<\/div>\n<div class=\"x11i5rnm xat24cr x1mh8g0r x1vvkbs xtlvy1s x126k92a\">\n<blockquote>\n<h1><strong><a class=\"dt-pswp-item\" href=\"https:\/\/www.radiopiu.net\/wordpress\/wp-content\/uploads\/2024\/10\/629301fd-708d-4f53-95c2-d28cbefd500f.jpg\" data-dt-img-description=\"\" data-large_image_width=\"1600\" data-large_image_height=\"1322\"><img loading=\"lazy\" decoding=\"async\" class=\"wp-image-413782 alignright\" src=\"https:\/\/www.radiopiu.net\/wordpress\/wp-content\/uploads\/2024\/10\/629301fd-708d-4f53-95c2-d28cbefd500f-300x248.jpg\" alt=\"\" width=\"106\" height=\"88\" srcset=\"https:\/\/www.radiopiu.net\/wordpress\/wp-content\/uploads\/2024\/10\/629301fd-708d-4f53-95c2-d28cbefd500f-300x248.jpg 300w, https:\/\/www.radiopiu.net\/wordpress\/wp-content\/uploads\/2024\/10\/629301fd-708d-4f53-95c2-d28cbefd500f-1024x846.jpg 1024w, https:\/\/www.radiopiu.net\/wordpress\/wp-content\/uploads\/2024\/10\/629301fd-708d-4f53-95c2-d28cbefd500f-768x635.jpg 768w, https:\/\/www.radiopiu.net\/wordpress\/wp-content\/uploads\/2024\/10\/629301fd-708d-4f53-95c2-d28cbefd500f-1536x1269.jpg 1536w, https:\/\/www.radiopiu.net\/wordpress\/wp-content\/uploads\/2024\/10\/629301fd-708d-4f53-95c2-d28cbefd500f.jpg 1600w\" sizes=\"auto, (max-width: 106px) 100vw, 106px\" \/><\/a><\/strong><\/h1>\n<h1><strong><a class=\"dt-pswp-item\" href=\"https:\/\/www.radiopiu.net\/wordpress\/wp-content\/uploads\/2024\/11\/th-18.jpg\" data-dt-img-description=\"\" data-large_image_width=\"156\" data-large_image_height=\"180\"><img loading=\"lazy\" decoding=\"async\" class=\"size-full wp-image-421611 alignleft\" src=\"https:\/\/www.radiopiu.net\/wordpress\/wp-content\/uploads\/2024\/11\/th-18.jpg\" alt=\"\" width=\"156\" height=\"180\" \/><\/a><\/strong><\/h1>\n<h1><strong>N di parom &#8211; L Almanach de la nosta jent<\/strong><\/h1>\n<\/blockquote>\n<p>&nbsp;<\/p>\n<p>Le voci: Davide Conedera, Agordo, Michela Dell&#8217;Osbel, La Valle Agordina Simone Ganz, Falcade Veronica Lezuo, Colle Santa Lucia. La voce nella sigla \u00e8 di Giorgia Taio<\/p>\n<p><strong>LA PUNTATA DI OGGI, 09 APRILE 2025<\/strong><\/p>\n<audio class=\"wp-audio-shortcode\" id=\"audio-443901-2\" preload=\"none\" style=\"width: 100%;\" controls=\"controls\"><source type=\"audio\/mpeg\" src=\"https:\/\/www.radiopiu.net\/wordpress\/wp-content\/uploads\/2025\/04\/AL3.mp3?_=2\" \/><a href=\"https:\/\/www.radiopiu.net\/wordpress\/wp-content\/uploads\/2025\/04\/AL3.mp3\">https:\/\/www.radiopiu.net\/wordpress\/wp-content\/uploads\/2025\/04\/AL3.mp3<\/a><\/audio>\n<p>&nbsp;<\/p>\n<p>&nbsp;<\/p>\n<\/div>\n<div class=\"x11i5rnm xat24cr x1mh8g0r x1vvkbs xtlvy1s x126k92a\">\n<div dir=\"auto\">\n<hr \/>\n<\/div>\n<\/div>\n<blockquote>\n<blockquote>\n<h1><span style=\"color: #ff0000;\">\u00a0<\/span><\/h1>\n<h1><span style=\"color: #ff0000;\">I podcast informativi del mattino &#8211; audio &#8211;\u00a0\u00a0<\/span><\/h1>\n<\/blockquote>\n<p><strong><a class=\"dt-pswp-item\" href=\"https:\/\/www.radiopiu.net\/wordpress\/wp-content\/uploads\/2024\/11\/6.jpg\" data-dt-img-description=\"\" data-large_image_width=\"177\" data-large_image_height=\"180\"><img loading=\"lazy\" decoding=\"async\" class=\"size-full wp-image-417911 alignleft\" src=\"https:\/\/www.radiopiu.net\/wordpress\/wp-content\/uploads\/2024\/11\/6.jpg\" alt=\"\" width=\"177\" height=\"180\" \/><\/a>LA RASSEGNA STAMPA NAZIONALE ALLA RADIO, OGNI GIORNO ALLE 5 E ALLE 6 DEL MATTINO <span style=\"color: #0000ff;\">viene pubblicata alle 6.00 <span style=\"color: #ff0000;\">DIRETTA RADIO\u00a0 \u00a0\u00a0<\/span><\/span><\/strong><\/p><\/blockquote>\n<p>&nbsp;<\/p>\n<p><strong>NOTIZIE DELLA NOTTE<\/strong><\/p>\n<p><strong>Un sisma di magnitudo<\/strong> 5.0 ha colpito il nordest di Taiwan <strong>Lo yuan<\/strong> gi\u00f9 sul dollaro a 7,3476, minimi da settembre 2023 <strong>Aerei israeliani<\/strong> colpiscono edificio residenziale in Libano <strong>FMI,<\/strong> accordo per nuovo prestito da 20 miliardi a Argentina <strong>Trump ai repubblicani<\/strong>, so quello che sto facendo <strong>Borsa Tokyo:<\/strong> nuovo calo su timori scontro Cina Usa (-1,51%) <strong>Sorger\u00e0 nel Regno Unito<\/strong> primo parco a tema Universal in Europa <strong>USA e Russia<\/strong> lavorano a un piano per la deorbitazione della ISS<\/p>\n<h1>AUDIO dalle 6 del mattino<\/h1>\n<audio class=\"wp-audio-shortcode\" id=\"audio-443901-3\" preload=\"none\" style=\"width: 100%;\" controls=\"controls\"><source type=\"audio\/mpeg\" src=\"https:\/\/www.radiopiu.net\/wordpress\/wp-content\/uploads\/2025\/04\/GIORNALEDELLESEI-5.mp3?_=3\" \/><a href=\"https:\/\/www.radiopiu.net\/wordpress\/wp-content\/uploads\/2025\/04\/GIORNALEDELLESEI-5.mp3\">https:\/\/www.radiopiu.net\/wordpress\/wp-content\/uploads\/2025\/04\/GIORNALEDELLESEI-5.mp3<\/a><\/audio>\n<p>&nbsp;<\/p>\n<p>&nbsp;<\/p>\n<hr \/>\n<p>&nbsp;<\/p>\n<h1 style=\"text-align: center;\"><span style=\"color: #ff0000;\"><a class=\"dt-pswp-item\" href=\"https:\/\/www.radiopiu.net\/wordpress\/wp-content\/uploads\/2024\/11\/7.jpg\" data-dt-img-description=\"\" data-large_image_width=\"180\" data-large_image_height=\"180\"><img loading=\"lazy\" decoding=\"async\" class=\"size-full wp-image-417912 alignleft\" src=\"https:\/\/www.radiopiu.net\/wordpress\/wp-content\/uploads\/2024\/11\/7.jpg\" alt=\"\" width=\"180\" height=\"180\" srcset=\"https:\/\/www.radiopiu.net\/wordpress\/wp-content\/uploads\/2024\/11\/7.jpg 180w, https:\/\/www.radiopiu.net\/wordpress\/wp-content\/uploads\/2024\/11\/7-150x150.jpg 150w\" sizes=\"auto, (max-width: 180px) 100vw, 180px\" \/><\/a>I podcast informativi del mattino &#8211; audio &#8211;\u00a0<\/span><\/h1>\n<p><strong>OGNI GIORNO ALLE SETTE DEL MATTINO, LA RASSEGNA STAMPA LOCALE FLASH&#8230; PER CHI VA IN FRETTA. I TITOLI DAI GIORNALI E DAL SITO WWW.RADIOPIU.NET <span style=\"color: #0000ff;\">viene pubblicato alle 7.00<\/span> <span style=\"color: #ff0000;\">DIRETTA RADIO\u00a0<\/span><\/strong><\/p>\n<p><em><span style=\"color: #ff0000;\">per chi va in fretta&#8230; tante notizie in pochi minuti. L&#8217;informazione locale alla radio, ogni ora dalle 7 del mattino alle 19 della sera.\u00a0\u00a0<\/span><\/em><\/p>\n<p><strong>\u00a0<\/strong><\/p>\n<p><strong><br \/>\n<a class=\"dt-pswp-item\" href=\"https:\/\/www.radiopiu.net\/wordpress\/wp-content\/uploads\/2025\/04\/0ecdbc67-444b-455b-883a-4ab841096478.png\" data-dt-img-description=\"\" data-large_image_width=\"1024\" data-large_image_height=\"1536\"><img loading=\"lazy\" decoding=\"async\" class=\" wp-image-444099 alignleft\" src=\"https:\/\/www.radiopiu.net\/wordpress\/wp-content\/uploads\/2025\/04\/0ecdbc67-444b-455b-883a-4ab841096478-200x300.png\" alt=\"\" width=\"155\" height=\"233\" srcset=\"https:\/\/www.radiopiu.net\/wordpress\/wp-content\/uploads\/2025\/04\/0ecdbc67-444b-455b-883a-4ab841096478-200x300.png 200w, https:\/\/www.radiopiu.net\/wordpress\/wp-content\/uploads\/2025\/04\/0ecdbc67-444b-455b-883a-4ab841096478-683x1024.png 683w, https:\/\/www.radiopiu.net\/wordpress\/wp-content\/uploads\/2025\/04\/0ecdbc67-444b-455b-883a-4ab841096478-768x1152.png 768w, https:\/\/www.radiopiu.net\/wordpress\/wp-content\/uploads\/2025\/04\/0ecdbc67-444b-455b-883a-4ab841096478.png 1024w\" sizes=\"auto, (max-width: 155px) 100vw, 155px\" \/><\/a>CHIUSURA REGIONALE 203 AGORDINA, BIVIO ROVEI<br \/>\nACQUA NON POTABILE A ROCCA PIETORE<br \/>\nPEDAVENA IN LUTTO PER LA MORTE DI ROBERTO ZUGLIAN<br \/>\nBLOCCATI SU SALTI DI ROCCIA IN VALLE IMPERINA. RECUPERATI DAL SOCCORSO ALPINO<br \/>\nINCENDIO A GIARDOGN: IL GRAZIE DI UN EX POMPIERE AI CITTADINI E AI VOLONTARI<br \/>\nTENTATO FURTO FINITO MALE: CONDANNATO GRAZIE AL DNA<br \/>\n<\/strong><\/p>\n<p><strong>L\u2019AMMINISTRAZIONE COMUNALE DI BELLUNO TIRA LE SOMME DI META\u2019 MANDATO<\/strong><\/p>\n<p><strong>REFERENDUM, ALLEANZA VERDI-SINISTRA BELLUNO IN PIAZZA PER IL S\u00cc<\/strong><\/p>\n<p><strong data-start=\"0\" data-end=\"62\">Notizie locali dal Bellunese: tra cronaca, eventi e novit\u00e0<\/strong><\/p>\n<div class=\"flex flex-1 grow basis-auto flex-col overflow-hidden\">\n<div class=\"relative h-full\">\n<div class=\"flex h-full flex-col overflow-y-auto [scrollbar-gutter:stable]\">\n<div class=\"mt-1.5 flex flex-col text-sm @thread-xl\/thread:pt-header-height md:pb-9\">\n<article class=\"group\/turn w-full text-token-text-primary focus-visible:outline-none\" dir=\"auto\" tabindex=\"-1\" data-testid=\"conversation-turn-2\" data-scroll-anchor=\"true\">\n<div class=\"text-base my-auto mx-auto py-5 px-6\">\n<div class=\"mx-auto flex flex-1 text-base gap-4 md:gap-5 lg:gap-6 md:max-w-3xl\">\n<div class=\"group\/conversation-turn relative flex w-full min-w-0 flex-col agent-turn @xs\/thread:px-0 @sm\/thread:px-1.5 @md\/thread:px-4\">\n<div class=\"relative flex-col gap-1 md:gap-3\">\n<div class=\"flex max-w-full flex-col flex-grow\">\n<div class=\"min-h-8 text-message relative flex w-full flex-col items-end gap-2 whitespace-normal break-words text-start [.text-message+&amp;]:mt-5\" dir=\"auto\" data-message-author-role=\"assistant\" data-message-id=\"bff05fc0-dc7c-4ab7-9b20-d3eec753127b\" data-message-model-slug=\"gpt-4o-mini\">\n<div class=\"flex w-full flex-col gap-1 empty:hidden first:pt-[3px]\">\n<div class=\"markdown prose w-full break-words dark:prose-invert dark\">\n<p class=\"\" data-start=\"64\" data-end=\"329\">Radio Pi\u00f9 offre una panoramica sui principali eventi e notizie in provincia di Belluno, accompagnata dalla programmazione radiofonica. Tra le principali notizie<\/p>\n<\/div>\n<\/div>\n<\/div>\n<\/div>\n<\/div>\n<\/div>\n<\/div>\n<\/div>\n<\/article>\n<\/div>\n<\/div>\n<\/div>\n<\/div>\n<h1>AUDIO dalle 7 del mattino<\/h1>\n<audio class=\"wp-audio-shortcode\" id=\"audio-443901-4\" preload=\"none\" style=\"width: 100%;\" controls=\"controls\"><source type=\"audio\/mpeg\" src=\"https:\/\/www.radiopiu.net\/wordpress\/wp-content\/uploads\/2025\/04\/GF07-7.mp3?_=4\" \/><a href=\"https:\/\/www.radiopiu.net\/wordpress\/wp-content\/uploads\/2025\/04\/GF07-7.mp3\">https:\/\/www.radiopiu.net\/wordpress\/wp-content\/uploads\/2025\/04\/GF07-7.mp3<\/a><\/audio>\n<p>&nbsp;<\/p>\n<p>&nbsp;<\/p>\n<hr \/>\n<p>&nbsp;<\/p>\n<h1><\/h1>\n<h1 style=\"text-align: center;\"><span style=\"color: #ff0000;\"><a class=\"dt-pswp-item\" href=\"https:\/\/www.radiopiu.net\/wordpress\/wp-content\/uploads\/2024\/11\/th.jpg\" data-dt-img-description=\"\" data-large_image_width=\"148\" data-large_image_height=\"179\"><img loading=\"lazy\" decoding=\"async\" class=\"size-full wp-image-417913 alignleft\" src=\"https:\/\/www.radiopiu.net\/wordpress\/wp-content\/uploads\/2024\/11\/th.jpg\" alt=\"\" width=\"148\" height=\"179\" \/><\/a>I podcast informativi del mattino &#8211; audio &#8211;\u00a0<\/span><\/h1>\n<blockquote><p><strong>GIORNALE RADIO NAZIONALE, EDIZIONE DELLE SETTE <span style=\"color: #0000ff;\">viene pubblicato alle 7.05 <span style=\"color: #ff0000;\">DIRETTA RADIO\u00a0<\/span><\/span><\/strong><\/p><\/blockquote>\n<p><strong>il giornale radionazionale e&#8217; in onda ogni ora, dalle sette del mattino alle venti della sera\u00a0 \u00a0<\/strong><\/p>\n<p>&nbsp;<\/p>\n<p>&nbsp;<\/p>\n<p>&nbsp;<\/p>\n<p><strong><a class=\"dt-pswp-item\" href=\"https:\/\/www.radiopiu.net\/wordpress\/wp-content\/uploads\/2025\/02\/download-7.jpg\" data-dt-img-description=\"\" data-large_image_width=\"211\" data-large_image_height=\"239\"><img loading=\"lazy\" decoding=\"async\" class=\"size-full wp-image-435553 alignleft\" src=\"https:\/\/www.radiopiu.net\/wordpress\/wp-content\/uploads\/2025\/02\/download-7.jpg\" alt=\"\" width=\"211\" height=\"239\" \/><\/a>ROMA<\/strong> L&#8217;indagine Numeri di telefono dei vertici dello Stato online, la procura apre un&#8217;inchiesta <strong>ROMA<\/strong> Il Governo cerca di uscire dall&#8217;impasse Migranti in Albania, in settimana nuovi trasferimenti <strong>CAMPO CALABRO<\/strong> Dopo 34 anni rilievi nel luogo dove fu ucciso il giudice Scopelliti Esami sull&#8217;auto del magistrato. Usate anche moto e arma simili ad agguato <strong>NOVARA<\/strong> Marito e moglie trovati morti, probabile omicidio-suicidio Lui l&#8217;avrebbe accoltellata togliendosi poi la vita con un fucile <strong>ROMA<\/strong> Il figlio del deputato nella banda dei Rolex In carcere Antoniozzi jr, accusato di una serie di rapine a Roma <strong>TERAMO<\/strong> Tragedia all&#8217;asilo nido, bimba di 6 mesi muore nella culla Il fatto \u00e8 avvenuto ieri nel Teramano. Disposta l&#8217;autopsia <strong>PALERMO<\/strong> Abusa di una bimba figlia di amici, arrestato L&#8217;uomo ha registrato anche dei video con una telecamera nascosta <strong>ROMA<\/strong> La Commissione d&#8217;inchiesta in visita dalla mamma di Emanuela Orlandi De Priamo: &#8216;Portata solidariet\u00e0 e assicurato il massimo impegno&#8217; <strong>ROMA<\/strong> Traffico migranti dalla Turchia,3.000 arrivi in 3 anni Sgominata una banda di egiziani, il capo \u00e8 un player del settore in Asia minore <strong>BOLOGNA<\/strong> &#8216;Saman uccisa da tutta la famiglia, per loro l&#8217;ergastolo&#8217; Il pg sollecita 5 condanne: &#8216;Non era ribelle, vittima di barbarie&#8217;<\/p>\n<div dir=\"auto\">\n<div class=\"mt-3 w-full empty:hidden\">\n<div class=\"text-center\">\n<div class=\"mx-auto\">\n<div>\n<div class=\"inline-flex rounded-xl border border-gray-100 dark:border-gray-700\">\n<div class=\"flex items-center justify-center gap-4 px-4 py-3 text-sm text-token-text-secondary\"><strong><a class=\"dt-pswp-item\" href=\"https:\/\/www.radiopiu.net\/wordpress\/wp-content\/uploads\/2025\/02\/download-3.jpg\" data-dt-img-description=\"\" data-large_image_width=\"223\" data-large_image_height=\"226\"><img loading=\"lazy\" decoding=\"async\" class=\"size-full wp-image-434732 alignleft\" src=\"https:\/\/www.radiopiu.net\/wordpress\/wp-content\/uploads\/2025\/02\/download-3.jpg\" alt=\"\" width=\"223\" height=\"226\" \/><\/a>UDINE\/VENEZIA<\/strong>\u00a0 Reati contro patrimonio, 6 arresti e 10 denunce nell&#8217;Udinese Operazione interforze con interessi in varie regioni<\/div>\n<div class=\"flex items-center justify-center gap-4 px-4 py-3 text-sm text-token-text-secondary\"><strong>TREVISO<\/strong> I giudici, &#8217;75 coltellate a Giulia non sono segno crudelt\u00e0&#8217; &#8216;Sono conseguenza dell&#8217;inesperienza di Turetta&#8217; <strong>TREVISO<\/strong> Porsche sotto sequestro, uomo la brucia e chiama il 112 Trevigiano si ustiona e finisce all&#8217;ospedale <strong>VICENZA<\/strong> Fumi di una stufa invadono casa, salvate due persone Intervento dei Vigili del fuoco nel Vicentino <strong>VENEZIA<\/strong> Famiglia Trentini, confidiamo nell&#8217;impegno per la liberazione &#8216;Questa attesa logora Alberto e chi lo ama&#8217; <strong>PADOVA<\/strong> Incendio in abitazione, due persone intossicate a Padova Fiamme generate da probabile guasto elettrico <strong>PADOVA<\/strong> Auto contro Tir, tre morti e un ferito nel Padovano Strada Romea bloccata in entrambi i sensi <strong>TREVISO<\/strong> Minacce di morte e bestemmie durante una festa di bambini Gruppo 15enni in azione, denuncia Docenti diritti umani <strong>VERONA<\/strong> Coldiretti, vini autoctoni al top per incremento vendite In Italia quasi un quarto dei vigneti biologici mondiali <strong>VERONA<\/strong> Verona e Padova tra le citt\u00e0 pi\u00f9 generose in donazione organi Tra i piccoli Comuni il bellunese Chies d&#8217;Alpago<\/div>\n<\/div>\n<\/div>\n<\/div>\n<\/div>\n<\/div>\n<\/div>\n<h1><span style=\"color: #ff0000;\"><span style=\"color: #0000ff;\">ULTIM&#8217;ORA<\/span> <span style=\"color: #000000;\">AUDIO dalle sette del mattino, ogni ora alla radio EDIZIONE DELLE SETTE<\/span><\/span><\/h1>\n<audio class=\"wp-audio-shortcode\" id=\"audio-443901-5\" preload=\"none\" style=\"width: 100%;\" controls=\"controls\"><source type=\"audio\/mpeg\" src=\"https:\/\/www.radiopiu.net\/wordpress\/wp-content\/uploads\/2025\/04\/giornale07-8.mp3?_=5\" \/><a href=\"https:\/\/www.radiopiu.net\/wordpress\/wp-content\/uploads\/2025\/04\/giornale07-8.mp3\">https:\/\/www.radiopiu.net\/wordpress\/wp-content\/uploads\/2025\/04\/giornale07-8.mp3<\/a><\/audio>\n<p>&nbsp;<\/p>\n<p>&nbsp;<\/p>\n<hr \/>\n<p>&nbsp;<\/p>\n<p>&nbsp;<\/p>\n<h1><span style=\"color: #ff0000;\"><a class=\"dt-pswp-item\" href=\"https:\/\/www.radiopiu.net\/wordpress\/wp-content\/uploads\/2024\/11\/8.jpg\" data-dt-img-description=\"\" data-large_image_width=\"180\" data-large_image_height=\"180\"><img loading=\"lazy\" decoding=\"async\" class=\"size-full wp-image-417910 alignleft\" src=\"https:\/\/www.radiopiu.net\/wordpress\/wp-content\/uploads\/2024\/11\/8.jpg\" alt=\"\" width=\"180\" height=\"180\" srcset=\"https:\/\/www.radiopiu.net\/wordpress\/wp-content\/uploads\/2024\/11\/8.jpg 180w, https:\/\/www.radiopiu.net\/wordpress\/wp-content\/uploads\/2024\/11\/8-150x150.jpg 150w\" sizes=\"auto, (max-width: 180px) 100vw, 180px\" \/><\/a>I podcast informativi del mattino &#8211; video &#8211;\u00a0<\/span><\/h1>\n<h2 style=\"text-align: left;\"><strong>RASSEGNA STAMPA LOCALE, ORE OTTO<\/strong><\/h2>\n<h2><strong> <span style=\"color: #0000ff;\">viene\u00a0 <\/span><\/strong><strong><span style=\"color: #0000ff;\">pubblicata alle 8.05 <span style=\"color: #ff0000;\">DIRETTA RADIO\u00a0 \u00a0<\/span><\/span><\/strong><strong>DI MIRKO MEZZACASA<\/strong><\/h2>\n<h2><span style=\"color: #ff0000;\"><strong>\u00a0<\/strong><\/span><\/h2>\n<p>&nbsp;<\/p>\n<p><strong>AGGREDITO CON MAZZA DA BASEBALL PER AFFITTI NON PAGATI: A PROCESSO IL LOCATORE<\/strong><\/p>\n<p><strong>RICETTE FALSE PER BENZODIAZEPINE: FIDANZATI A GIUDIZIO A FELTRE<\/strong><\/p>\n<p><strong>DONAZIONE ALLA CASA DI RIPOSO: L\u2019ANZIANA ERA LUCIDA<\/strong><\/p>\n<p><strong>ELEZIONI RSU NEL PUBBLICO IMPIEGO E SCUOLA<\/strong><\/p>\n<p><strong>POTENZIAMENTO DELLE OPERE DI DIFESA SUL TORRENTE BIOIS A FALCADE<\/strong><\/p>\n<p><strong>CCNL E LAVORO IN VENETO<\/strong><\/p>\n<p><strong>TURISMO USA: RECORD DI PRESENZE IN VENETO NEL 2024\u00a0<\/strong><\/p>\n<h1><\/h1>\n<h1><span style=\"color: #ff0000;\"><strong>VIDEO\u00a0 \u00a0in diretta AGGIORNAMENTO\u00a0 dalle 8 del mattino\u00a0\u00a0<\/strong><\/span><\/h1>\n<p>&nbsp;<\/p>\n<p><iframe loading=\"lazy\" title=\"DAL 1983 LA RASSEGNA STAMPA LOCALE di mirko mezzacasa. L&#039;ORIGINALE\" width=\"1200\" height=\"675\" src=\"https:\/\/www.youtube.com\/embed\/EY9EL2jgeVg?feature=oembed\" frameborder=\"0\" allow=\"accelerometer; autoplay; clipboard-write; encrypted-media; gyroscope; picture-in-picture; web-share\" referrerpolicy=\"strict-origin-when-cross-origin\" allowfullscreen><\/iframe><\/p>\n<p>&nbsp;<\/p>\n<p><a class=\"dt-pswp-item\" href=\"https:\/\/www.radiopiu.net\/wordpress\/wp-content\/uploads\/2025\/04\/COOP1-2.jpg\" data-dt-img-description=\"\" data-large_image_width=\"447\" data-large_image_height=\"217\"><img loading=\"lazy\" decoding=\"async\" class=\"alignnone size-medium wp-image-444102\" src=\"https:\/\/www.radiopiu.net\/wordpress\/wp-content\/uploads\/2025\/04\/COOP1-2-300x146.jpg\" alt=\"\" width=\"300\" height=\"146\" srcset=\"https:\/\/www.radiopiu.net\/wordpress\/wp-content\/uploads\/2025\/04\/COOP1-2-300x146.jpg 300w, https:\/\/www.radiopiu.net\/wordpress\/wp-content\/uploads\/2025\/04\/COOP1-2.jpg 447w\" sizes=\"auto, (max-width: 300px) 100vw, 300px\" \/><\/a><a class=\"dt-pswp-item\" href=\"https:\/\/www.radiopiu.net\/wordpress\/wp-content\/uploads\/2025\/04\/COOP2-1.jpg\" data-dt-img-description=\"\" data-large_image_width=\"458\" data-large_image_height=\"231\"><img loading=\"lazy\" decoding=\"async\" class=\"alignnone size-medium wp-image-444101\" src=\"https:\/\/www.radiopiu.net\/wordpress\/wp-content\/uploads\/2025\/04\/COOP2-1-300x151.jpg\" alt=\"\" width=\"300\" height=\"151\" srcset=\"https:\/\/www.radiopiu.net\/wordpress\/wp-content\/uploads\/2025\/04\/COOP2-1-300x151.jpg 300w, https:\/\/www.radiopiu.net\/wordpress\/wp-content\/uploads\/2025\/04\/COOP2-1.jpg 458w\" sizes=\"auto, (max-width: 300px) 100vw, 300px\" \/><\/a><\/p>\n<p>&nbsp;<\/p>\n<hr \/>\n<p>&nbsp;<\/p>\n<p>&nbsp;<\/p>\n<p>&nbsp;<\/p>\n<p><strong><a class=\"dt-pswp-item\" href=\"https:\/\/www.radiopiu.net\/wordpress\/wp-content\/uploads\/2023\/12\/ANTENNA.png\" data-dt-img-description=\"\" data-large_image_width=\"300\" data-large_image_height=\"166\"><img loading=\"lazy\" decoding=\"async\" class=\"wp-image-366306 alignright\" src=\"https:\/\/www.radiopiu.net\/wordpress\/wp-content\/uploads\/2023\/12\/ANTENNA.png\" alt=\"\" width=\"101\" height=\"56\" \/><\/a><a class=\"dt-pswp-item\" href=\"https:\/\/www.radiopiu.net\/wordpress\/wp-content\/uploads\/2024\/11\/th-17.jpg\" data-dt-img-description=\"\" data-large_image_width=\"224\" data-large_image_height=\"180\"><img loading=\"lazy\" decoding=\"async\" class=\" wp-image-421610 alignleft\" src=\"https:\/\/www.radiopiu.net\/wordpress\/wp-content\/uploads\/2024\/11\/th-17.jpg\" alt=\"\" width=\"167\" height=\"134\" \/><\/a>ogni sera alle 19 le anticipazioni alla radio, quello che poi seguirete nel TELEGIORNALE BELLUNESE\u00a0 in onda alle 19.30 sul CANALE 10 del digitale terrestre.\u00a0\u00a0<\/strong><\/p>\n<p><b>\u00a0\u00a0<\/b><\/p>\n<h1><span style=\"color: #ff0000;\"><strong>LE ANTICIPAZIONI DI TIZIANA BOLOGNANI<\/strong><\/span><\/h1>\n<audio class=\"wp-audio-shortcode\" id=\"audio-443901-6\" preload=\"none\" style=\"width: 100%;\" controls=\"controls\"><source type=\"audio\/mpeg\" src=\"https:\/\/www.radiopiu.net\/wordpress\/wp-content\/uploads\/2025\/04\/ANTENNA3-5.mp3?_=6\" \/><a href=\"https:\/\/www.radiopiu.net\/wordpress\/wp-content\/uploads\/2025\/04\/ANTENNA3-5.mp3\">https:\/\/www.radiopiu.net\/wordpress\/wp-content\/uploads\/2025\/04\/ANTENNA3-5.mp3<\/a><\/audio>\n<p>&nbsp;<\/p>\n<p>&nbsp;<\/p>\n<p>&nbsp;<\/p>\n<hr \/>\n<p>&nbsp;<\/p>\n<blockquote>\n<h3 class=\"entry-title\">CHIUSURA REGIONALE 203 AGORDINA, BIVIO ROVEI<\/h3>\n<\/blockquote>\n<p><strong>COLLE SANTA LUCIA <\/strong>Fino al 30 aprile dalle 8 alle 17.30 escluso sabato domenica e festivi, chiusura della regionale 203 agordina nel tratto bivio Rovei, bivio Rucav\u00e0. Interdizione totale per lavori di mitigazione del rischio caduta massi.<\/p>\n<p>&nbsp;<\/p>\n<p>&nbsp;<\/p>\n<hr \/>\n<p>&nbsp;<\/p>\n<blockquote>\n<h3 class=\"photoswipe-wrapper\"><a class=\"dt-pswp-item pspw-wrap-ready\" href=\"https:\/\/www.radiopiu.net\/wordpress\/wp-content\/uploads\/2024\/12\/Logo_SibPAYOFF.jpg\" data-dt-img-description=\"\" data-large_image_width=\"1536\" data-large_image_height=\"391\"><img loading=\"lazy\" decoding=\"async\" class=\"wp-image-426474 alignleft\" src=\"https:\/\/www.radiopiu.net\/wordpress\/wp-content\/uploads\/2024\/12\/Logo_SibPAYOFF-300x76.jpg\" sizes=\"auto, (max-width: 162px) 100vw, 162px\" srcset=\"https:\/\/www.radiopiu.net\/wordpress\/wp-content\/uploads\/2024\/12\/Logo_SibPAYOFF-300x76.jpg 300w, https:\/\/www.radiopiu.net\/wordpress\/wp-content\/uploads\/2024\/12\/Logo_SibPAYOFF-1024x261.jpg 1024w, https:\/\/www.radiopiu.net\/wordpress\/wp-content\/uploads\/2024\/12\/Logo_SibPAYOFF-768x196.jpg 768w, https:\/\/www.radiopiu.net\/wordpress\/wp-content\/uploads\/2024\/12\/Logo_SibPAYOFF.jpg 1536w\" alt=\"\" width=\"162\" height=\"41\" \/><\/a>ACQUA NON POTABILE A ROCCA PIETORE<\/h3>\n<\/blockquote>\n<p>A Rocca Pietore in localit\u00e0 Digonera l&#8217;acqua erogata dall&#8217;acquedotto non \u00e8 potabile e e non pu\u00f2 essere usata per scopi alimentari. Verr\u00e0 effettuato servizio sostitutivo con autobotte presso\u00a0 l&#8217;Albergo Digonera in localit\u00e0 Digonera.<\/p>\n<p>&nbsp;<\/p>\n<p>&nbsp;<\/p>\n<hr \/>\n<p>&nbsp;<\/p>\n<blockquote>\n<h3>PEDAVENA IN LUTTO PER LA MORTE DI ROBERTO ZUGLIAN<\/h3>\n<\/blockquote>\n<p><strong><a class=\"dt-pswp-item\" href=\"https:\/\/www.radiopiu.net\/wordpress\/wp-content\/uploads\/2025\/04\/LKJHASULGHAU.jpg\" data-dt-img-description=\"\" data-large_image_width=\"192\" data-large_image_height=\"226\"><img loading=\"lazy\" decoding=\"async\" class=\" wp-image-444062 alignleft\" src=\"https:\/\/www.radiopiu.net\/wordpress\/wp-content\/uploads\/2025\/04\/LKJHASULGHAU.jpg\" alt=\"\" width=\"122\" height=\"144\" \/><\/a>PEDAVENA <\/strong>Pedavena piange la scomparsa di Roberto Zuglian, figura storica del volontariato locale, venuto a mancare improvvisamente all\u2019et\u00e0 di 81 anni. La sua morte arriva a poche settimane da quella del figlio Donato, spentosi il 10 marzo scorso a soli 50 anni, un dolore che aveva profondamente segnato Roberto. Alpino e tra i primi volontari della Protezione Civile Ana di Pedavena, era un punto di riferimento per la comunit\u00e0: sempre presente nelle iniziative della Pro Loco, impegnato nelle castagnate benefiche e in numerose attivit\u00e0 solidali. Il suo impegno e la sua generosit\u00e0 lasciano un segno profondo in tutta la comunit\u00e0, ora unita nel dolore per la doppia perdita. I funerali avranno luogo gioved\u00ec alle 15 nella chiesa di Pedavena.<\/p>\n<p>&nbsp;<\/p>\n<p>&nbsp;<\/p>\n<hr \/>\n<p>&nbsp;<\/p>\n<blockquote>\n<h3>BLOCCATI SU SALTI DI ROCCIA IN VALLE IMPERINA. RECUPERATI DAL SOCCORSO ALPINO<\/h3>\n<\/blockquote>\n<p><strong><a class=\"dt-pswp-item\" href=\"https:\/\/www.radiopiu.net\/wordpress\/wp-content\/uploads\/2024\/12\/DSC00443-Modifica-1-scaled.jpg\" data-dt-img-description=\"\" data-large_image_width=\"2560\" data-large_image_height=\"1707\"><img loading=\"lazy\" decoding=\"async\" class=\" wp-image-424548 alignleft\" src=\"https:\/\/www.radiopiu.net\/wordpress\/wp-content\/uploads\/2024\/12\/DSC00443-Modifica-1-300x200.jpg\" alt=\"\" width=\"207\" height=\"138\" srcset=\"https:\/\/www.radiopiu.net\/wordpress\/wp-content\/uploads\/2024\/12\/DSC00443-Modifica-1-300x200.jpg 300w, https:\/\/www.radiopiu.net\/wordpress\/wp-content\/uploads\/2024\/12\/DSC00443-Modifica-1-1024x683.jpg 1024w, https:\/\/www.radiopiu.net\/wordpress\/wp-content\/uploads\/2024\/12\/DSC00443-Modifica-1-768x512.jpg 768w, https:\/\/www.radiopiu.net\/wordpress\/wp-content\/uploads\/2024\/12\/DSC00443-Modifica-1-1536x1024.jpg 1536w, https:\/\/www.radiopiu.net\/wordpress\/wp-content\/uploads\/2024\/12\/DSC00443-Modifica-1-2048x1365.jpg 2048w\" sizes=\"auto, (max-width: 207px) 100vw, 207px\" \/><\/a>RIVAMONTE<\/strong> Sono stati recuperati dall&#8217;elicottero due escursionisti stranieri, rimasti bloccati sopra salti di roccia in fondo alla Valle Imperina. I due, una coppia belga, lui 29 anni, lei 27, avevano chiesto aiuto ieri verso le 18.30, dicendo che, diretti in localit\u00e0 Le Mandre, avevano perso il sentiero e non erano pi\u00f9 in grado di proseguire. Risaliti alla loro posizione tramite whatsapp, una squadra del Soccorso alpino di Agordo \u00e8 uscita per cercare di rintracciarli. I soccorritori li hanno quindi individuati, in un tratto ripido e scosceso. I due sono stati imbarcati dal tecnico di elisoccorso dell&#8217;elicottero del Suem di Pieve di Cadore e trasportati in piazzola ad Agordo.<\/p>\n<p>&nbsp;<\/p>\n<p>&nbsp;<\/p>\n<hr \/>\n<p>&nbsp;<\/p>\n<div class=\"page-title-head hgroup\">\n<blockquote>\n<h3 class=\"entry-title\">INCENDIO A GIARDOGN: IL GRAZIE DI UN EX POMPIERE AI CITTADINI E AI VOLONTARI<\/h3>\n<\/blockquote>\n<\/div>\n<p><strong>ROCCA PIETORE<\/strong><\/p>\n<p class=\"\" data-start=\"82\" data-end=\"322\"><a class=\"dt-pswp-item\" href=\"https:\/\/www.radiopiu.net\/wordpress\/wp-content\/uploads\/2025\/04\/487925600_1076273527875963_5184249815387646789_n.jpg\" data-dt-img-description=\"\" data-large_image_width=\"1333\" data-large_image_height=\"600\"><img loading=\"lazy\" decoding=\"async\" class=\"size-medium wp-image-443982 alignleft\" src=\"https:\/\/www.radiopiu.net\/wordpress\/wp-content\/uploads\/2025\/04\/487925600_1076273527875963_5184249815387646789_n-300x135.jpg\" alt=\"\" width=\"300\" height=\"135\" srcset=\"https:\/\/www.radiopiu.net\/wordpress\/wp-content\/uploads\/2025\/04\/487925600_1076273527875963_5184249815387646789_n-300x135.jpg 300w, https:\/\/www.radiopiu.net\/wordpress\/wp-content\/uploads\/2025\/04\/487925600_1076273527875963_5184249815387646789_n-1024x461.jpg 1024w, https:\/\/www.radiopiu.net\/wordpress\/wp-content\/uploads\/2025\/04\/487925600_1076273527875963_5184249815387646789_n-768x346.jpg 768w, https:\/\/www.radiopiu.net\/wordpress\/wp-content\/uploads\/2025\/04\/487925600_1076273527875963_5184249815387646789_n.jpg 1333w\" sizes=\"auto, (max-width: 300px) 100vw, 300px\" \/><\/a>Un gesto di profonda gratitudine arriva da un ex vigile del fuoco, oggi proprietario di met\u00e0 del tabi\u00e0 (fienile) andato distrutto dalle fiamme e della Casera colpita solo marginalmente nell\u2019incendio che ha interessato la localit\u00e0 Giardogn. Con parole semplici ma cariche di emozione, Gianni Pezz\u00e8 ha voluto ringraziare <a class=\"dt-pswp-item\" href=\"https:\/\/www.radiopiu.net\/wordpress\/wp-content\/uploads\/2025\/04\/cad12a08-844c-4ad8-996e-b86b3f08bda7.jpg\" data-dt-img-description=\"\" data-large_image_width=\"2048\" data-large_image_height=\"1536\"><img loading=\"lazy\" decoding=\"async\" class=\" wp-image-443973 alignright\" src=\"https:\/\/www.radiopiu.net\/wordpress\/wp-content\/uploads\/2025\/04\/cad12a08-844c-4ad8-996e-b86b3f08bda7-300x225.jpg\" alt=\"\" width=\"220\" height=\"165\" srcset=\"https:\/\/www.radiopiu.net\/wordpress\/wp-content\/uploads\/2025\/04\/cad12a08-844c-4ad8-996e-b86b3f08bda7-300x225.jpg 300w, https:\/\/www.radiopiu.net\/wordpress\/wp-content\/uploads\/2025\/04\/cad12a08-844c-4ad8-996e-b86b3f08bda7-1024x768.jpg 1024w, https:\/\/www.radiopiu.net\/wordpress\/wp-content\/uploads\/2025\/04\/cad12a08-844c-4ad8-996e-b86b3f08bda7-768x576.jpg 768w, https:\/\/www.radiopiu.net\/wordpress\/wp-content\/uploads\/2025\/04\/cad12a08-844c-4ad8-996e-b86b3f08bda7-1536x1152.jpg 1536w, https:\/\/www.radiopiu.net\/wordpress\/wp-content\/uploads\/2025\/04\/cad12a08-844c-4ad8-996e-b86b3f08bda7.jpg 2048w\" sizes=\"auto, (max-width: 220px) 100vw, 220px\" \/><\/a>pubblicamente quattro cittadini coraggiosi che, senza esitazione, si sono prodigati per contenere i danni, affrontando il pericolo a mani nude e spalando neve sulla Casera per raffreddarla e salvarla dal rogo.<\/p>\n<p class=\"\" data-start=\"612\" data-end=\"868\">\u201cGrazie a Costante, Carletto, Pap\u00e0 e figlio, Paolo e Mauro Miglioranza. Grazie, grazie. Dove non arrivano le istituzioni, arrivano i cittadini volontari,\u201d scrive commosso l\u2019ex pompiere, sottolineando il valore del senso civico e dell\u2019altruismo\u201d.<\/p>\n<p class=\"\" data-start=\"612\" data-end=\"868\">Un ringraziamento speciale \u00e8 andato anche ai vigili del fuoco di Agordo e ai\u00a0 volontari di Caprile e Arabba, intervenuti nel cuore della notte per completare le operazioni di smassamento e mettere in sicurezza l\u2019area. Un episodio che, pur nella sua drammaticit\u00e0, ha mostrato ancora una volta come la solidariet\u00e0 e il coraggio dei cittadini siano la prima, vera forza delle nostre comunit\u00e0.<\/p>\n<p><strong>FOTO POMPIERI CAPRILE facebook<\/strong><\/p>\n<p>&nbsp;<\/p>\n<hr \/>\n<p>&nbsp;<\/p>\n<blockquote>\n<h3>GLI ABITANTI DI LISTOLADE E LA SICUREZZA SULLA 203 AGORDINA<\/h3>\n<\/blockquote>\n<p><strong><a class=\"dt-pswp-item\" href=\"https:\/\/www.radiopiu.net\/wordpress\/wp-content\/uploads\/2025\/04\/SCR-20250408-tjxh.jpeg\" data-dt-img-description=\"\" data-large_image_width=\"1448\" data-large_image_height=\"924\"><img loading=\"lazy\" decoding=\"async\" class=\" wp-image-444089 alignleft\" src=\"https:\/\/www.radiopiu.net\/wordpress\/wp-content\/uploads\/2025\/04\/SCR-20250408-tjxh-300x191.jpeg\" alt=\"\" width=\"195\" height=\"124\" srcset=\"https:\/\/www.radiopiu.net\/wordpress\/wp-content\/uploads\/2025\/04\/SCR-20250408-tjxh-300x191.jpeg 300w, https:\/\/www.radiopiu.net\/wordpress\/wp-content\/uploads\/2025\/04\/SCR-20250408-tjxh-1024x653.jpeg 1024w, https:\/\/www.radiopiu.net\/wordpress\/wp-content\/uploads\/2025\/04\/SCR-20250408-tjxh-768x490.jpeg 768w, https:\/\/www.radiopiu.net\/wordpress\/wp-content\/uploads\/2025\/04\/SCR-20250408-tjxh.jpeg 1448w\" sizes=\"auto, (max-width: 195px) 100vw, 195px\" \/><\/a>TAIBON<\/strong><\/p>\n<p>DI GIANNI SANTOMASO<\/p>\n<audio class=\"wp-audio-shortcode\" id=\"audio-443901-7\" preload=\"none\" style=\"width: 100%;\" controls=\"controls\"><source type=\"audio\/mpeg\" src=\"https:\/\/www.radiopiu.net\/wordpress\/wp-content\/uploads\/2025\/04\/GIANNI-GLI-ABITANTI-DI-LISTOLADE-E-LA-SICUREZZA-SULLA-203-AGORDINA.mp3?_=7\" \/><a href=\"https:\/\/www.radiopiu.net\/wordpress\/wp-content\/uploads\/2025\/04\/GIANNI-GLI-ABITANTI-DI-LISTOLADE-E-LA-SICUREZZA-SULLA-203-AGORDINA.mp3\">https:\/\/www.radiopiu.net\/wordpress\/wp-content\/uploads\/2025\/04\/GIANNI-GLI-ABITANTI-DI-LISTOLADE-E-LA-SICUREZZA-SULLA-203-AGORDINA.mp3<\/a><\/audio>\n<p>&nbsp;<\/p>\n\n\t\t\t<style type='text\/css'>\n\t\t\t\t#gallery-1 {\n\t\t\t\t\tmargin: auto;\n\t\t\t\t}\n\t\t\t\t#gallery-1 .gallery-item {\n\t\t\t\t\tfloat: left;\n\t\t\t\t\tmargin-top: 10px;\n\t\t\t\t\ttext-align: center;\n\t\t\t\t\twidth: 33%;\n\t\t\t\t}\n\t\t\t\t#gallery-1 img {\n\t\t\t\t\tborder: 2px solid #cfcfcf;\n\t\t\t\t}\n\t\t\t\t#gallery-1 .gallery-caption {\n\t\t\t\t\tmargin-left: 0;\n\t\t\t\t}\n\t\t\t\t\/* see gallery_shortcode() in wp-includes\/media.php *\/\n\t\t\t<\/style>\n\t\t<div id='gallery-1' class='dt-gallery-container gallery galleryid-443901 gallery-columns-3 gallery-size-thumbnail'><dl class='gallery-item'>\n\t\t\t\t<dt class='gallery-icon landscape'>\n\t\t\t\t\t<a class=\"rollover rollover-zoom dt-pswp-item\" title=\"DCIM100MEDIADJI_0011.JPG\" data-dt-img-description=\"\" data-large_image_width=\"2560\" data-large_image_height=\"1920\"href='https:\/\/www.radiopiu.net\/wordpress\/wp-content\/uploads\/2020\/05\/listolade-taibon-3-scaled.jpg'><img loading=\"lazy\" decoding=\"async\" width=\"150\" height=\"150\" src=\"https:\/\/www.radiopiu.net\/wordpress\/wp-content\/uploads\/2020\/05\/listolade-taibon-3-150x150.jpg\" class=\"attachment-thumbnail size-thumbnail\" alt=\"\" aria-describedby=\"gallery-1-138327\" \/><\/a>\n\t\t\t\t<\/dt>\n\t\t\t\t\t<dd class='wp-caption-text gallery-caption' id='gallery-1-138327'>\n\t\t\t\t\t.JPG\n\t\t\t\t\t<\/dd><\/dl><dl class='gallery-item'>\n\t\t\t\t<dt class='gallery-icon landscape'>\n\t\t\t\t\t<a class=\"rollover rollover-zoom dt-pswp-item\" title=\"DCIM100MEDIADJI_0013.JPG\" data-dt-img-description=\"\" data-large_image_width=\"2560\" data-large_image_height=\"1920\"href='https:\/\/www.radiopiu.net\/wordpress\/wp-content\/uploads\/2020\/05\/listolade-taibon-2-scaled.jpg'><img loading=\"lazy\" decoding=\"async\" width=\"150\" height=\"150\" src=\"https:\/\/www.radiopiu.net\/wordpress\/wp-content\/uploads\/2020\/05\/listolade-taibon-2-150x150.jpg\" class=\"attachment-thumbnail size-thumbnail\" alt=\"\" \/><\/a>\n\t\t\t\t<\/dt><\/dl><dl class='gallery-item'>\n\t\t\t\t<dt class='gallery-icon landscape'>\n\t\t\t\t\t<a class=\"rollover rollover-zoom dt-pswp-item\" title=\"DCIM100MEDIADJI_0012.JPG\" data-dt-img-description=\"\" data-large_image_width=\"2560\" data-large_image_height=\"1920\"href='https:\/\/www.radiopiu.net\/wordpress\/wp-content\/uploads\/2020\/05\/listolade-taibon-1-scaled.jpg'><img loading=\"lazy\" decoding=\"async\" width=\"150\" height=\"150\" src=\"https:\/\/www.radiopiu.net\/wordpress\/wp-content\/uploads\/2020\/05\/listolade-taibon-1-150x150.jpg\" class=\"attachment-thumbnail size-thumbnail\" alt=\"\" \/><\/a>\n\t\t\t\t<\/dt><\/dl><br style=\"clear: both\" \/>\n\t\t\t<\/div>\n\n<blockquote>\n<h3>DILLO A RADIO PIU&#8217;&#8230; A LISTOLADE INTERVENTO SEMPLICE E A BASSO COSTO<\/h3>\n<\/blockquote>\n<p>&nbsp;<\/p>\n<p class=\"\" data-start=\"94\" data-end=\"839\"><img loading=\"lazy\" decoding=\"async\" class=\"alignleft\" src=\"https:\/\/www.radiopiu.net\/wordpress\/wp-content\/uploads\/2025\/04\/3478212e-056e-48c2-8d61-d7919700355f.jpg\" width=\"205\" height=\"121\" \/>Emilio Bez, in un intervento alla rubrica &#8220;Dillo a RadioPi\u00f9&#8221;, ha sollevato un tema cruciale riguardo alla sicurezza stradale sulla curva di Listolade, all&#8217;uscita della galleria. Come evidenziato nel suo messaggio, la causa di numerosi incidenti sembra essere la conformazione della strada: la via interna di Listolade prosegue in linea retta, mentre la strada statale 203 curva improvvisamente. Questo disallineamento tra le due arterie stradali crea una confusione che, soprattutto per i turisti non abituali, pu\u00f2 risultare fatale. Infatti, chi percorre abitualmente quella strada non ha difficolt\u00e0 a orientarsi, ma il turista, specialmente di notte, pu\u00f2 facilmente confondersi e sterzare all&#8217;ultimo momento, aumentando il rischio di incidenti.<\/p>\n<p class=\"\" data-start=\"841\" data-end=\"1239\"><a class=\"dt-pswp-item\" href=\"https:\/\/www.radiopiu.net\/wordpress\/wp-content\/uploads\/2025\/04\/9c9bd3dc-5a13-4e32-8c3c-daace8f865ff.jpg\" data-dt-img-description=\"\" data-large_image_width=\"234\" data-large_image_height=\"215\"><img loading=\"lazy\" decoding=\"async\" class=\"size-full wp-image-444117 alignright\" src=\"https:\/\/www.radiopiu.net\/wordpress\/wp-content\/uploads\/2025\/04\/9c9bd3dc-5a13-4e32-8c3c-daace8f865ff.jpg\" alt=\"\" width=\"234\" height=\"215\" \/><\/a>Bez propone una soluzione che potrebbe ridurre notevolmente il pericolo: l&#8217;installazione di bande sonore sull&#8217;asfalto, poco prima dell&#8217;uscita della galleria. Queste bande, facilmente <a class=\"dt-pswp-item\" href=\"https:\/\/www.radiopiu.net\/wordpress\/wp-content\/uploads\/2025\/04\/234b96e3-45d9-437c-a24b-fbaa7a7c08d5.jpg\" data-dt-img-description=\"\" data-large_image_width=\"395\" data-large_image_height=\"532\"><img loading=\"lazy\" decoding=\"async\" class=\"size-medium wp-image-444118 alignleft\" src=\"https:\/\/www.radiopiu.net\/wordpress\/wp-content\/uploads\/2025\/04\/234b96e3-45d9-437c-a24b-fbaa7a7c08d5-223x300.jpg\" alt=\"\" width=\"223\" height=\"300\" srcset=\"https:\/\/www.radiopiu.net\/wordpress\/wp-content\/uploads\/2025\/04\/234b96e3-45d9-437c-a24b-fbaa7a7c08d5-223x300.jpg 223w, https:\/\/www.radiopiu.net\/wordpress\/wp-content\/uploads\/2025\/04\/234b96e3-45d9-437c-a24b-fbaa7a7c08d5.jpg 395w\" sizes=\"auto, (max-width: 223px) 100vw, 223px\" \/><\/a>udibili quando si percorre la strada a velocit\u00e0 elevata, avvertirebbero il conducente del cambiamento della traiettoria, senza interferire con i normali interventi di pulizia invernale, come quelli degli spazzaneve.<\/p>\n<p class=\"\" data-start=\"1241\" data-end=\"1729\">Inoltre, una segnaletica adeguata potrebbe fare la differenza. Un semplice cartello che indichi &#8220;Curva pericolosa&#8221;, accompagnato da un lampeggiante luminoso, potrebbe aiutare ad attirare l&#8217;attenzione dei guidatori, rendendo la zona pi\u00f9 sicura, soprattutto di notte. Un&#8217;ulteriore proposta avanzata da Bez \u00e8 l&#8217;installazione di un segnalatore di velocit\u00e0 eccessiva, simile a quello presente all&#8217;ingresso di Agordo, che costringerebbe gli automobilisti a rallentare in prossimit\u00e0 della curva.<\/p>\n<p class=\"\" data-start=\"1731\" data-end=\"2175\">Questi interventi, seppur semplici ed economici, potrebbero salvare vite senza richiedere grandi investimenti. Come sottolineato da Bez, si tratta di misure non particolarmente costose, ma che potrebbero fare una grande differenza nella sicurezza di chi percorre quella strada. La speranza \u00e8 che le autorit\u00e0 locali prendano in considerazione queste proposte, migliorando cos\u00ec la sicurezza sulla curva di Listolade e prevenendo futuri incidenti.<\/p>\n<p>&nbsp;<\/p>\n<p>&nbsp;<\/p>\n<p>&nbsp;<\/p>\n<hr \/>\n<p>&nbsp;<\/p>\n<blockquote>\n<h3>DOVE SONO FINITI I FONDI PER IL CORO PARROCCHIALE SAN GIACOMO?<\/h3>\n<\/blockquote>\n<p><strong><a class=\"dt-pswp-item\" href=\"https:\/\/www.radiopiu.net\/wordpress\/wp-content\/uploads\/2025\/04\/2181f922-b3cc-4901-bca3-31b926712bad.jpg\" data-dt-img-description=\"\" data-large_image_width=\"1024\" data-large_image_height=\"643\"><img loading=\"lazy\" decoding=\"async\" class=\" wp-image-443112 alignleft\" src=\"https:\/\/www.radiopiu.net\/wordpress\/wp-content\/uploads\/2025\/04\/2181f922-b3cc-4901-bca3-31b926712bad-300x188.jpg\" alt=\"\" width=\"172\" height=\"108\" srcset=\"https:\/\/www.radiopiu.net\/wordpress\/wp-content\/uploads\/2025\/04\/2181f922-b3cc-4901-bca3-31b926712bad-300x188.jpg 300w, https:\/\/www.radiopiu.net\/wordpress\/wp-content\/uploads\/2025\/04\/2181f922-b3cc-4901-bca3-31b926712bad-768x482.jpg 768w, https:\/\/www.radiopiu.net\/wordpress\/wp-content\/uploads\/2025\/04\/2181f922-b3cc-4901-bca3-31b926712bad.jpg 1024w\" sizes=\"auto, (max-width: 172px) 100vw, 172px\" \/><\/a>LIVINALLONGO<\/strong><\/p>\n<p>DI LORENZO SORATROI<\/p>\n<audio class=\"wp-audio-shortcode\" id=\"audio-443901-8\" preload=\"none\" style=\"width: 100%;\" controls=\"controls\"><source type=\"audio\/mpeg\" src=\"https:\/\/www.radiopiu.net\/wordpress\/wp-content\/uploads\/2025\/04\/SORATROI-DOVE-SONO-FINITI-I-FONDI-PER-IL-CORO-PARROCCHIALE-SAN-GIACOMO.mp3?_=8\" \/><a href=\"https:\/\/www.radiopiu.net\/wordpress\/wp-content\/uploads\/2025\/04\/SORATROI-DOVE-SONO-FINITI-I-FONDI-PER-IL-CORO-PARROCCHIALE-SAN-GIACOMO.mp3\">https:\/\/www.radiopiu.net\/wordpress\/wp-content\/uploads\/2025\/04\/SORATROI-DOVE-SONO-FINITI-I-FONDI-PER-IL-CORO-PARROCCHIALE-SAN-GIACOMO.mp3<\/a><\/audio>\n<p>&nbsp;<\/p>\n<p>&nbsp;<\/p>\n<hr \/>\n<p>&nbsp;<\/p>\n<h2><span style=\"color: #ff0000;\">CONSIGLI COMUNALI IN AGORDINO<\/span><\/h2>\n<p><strong>ALLEGHE<\/strong> Consiglio comunale oggi alle 20:30. Nove punti da discutere tra cui la gestione associata di servizi con l\u2019Unione Montana Agordina. Tra queste, vi sono la centrale unica di committenza, le strutture sportive, la gestione dei beni silvo-pastorali e la pianificazione di protezione civile, una variazione a bilancio e la convenzione con i comuni di Rocca Pietore e Selva di Cadore per lo svolgimento in forma associata delle funzioni di segreteria<\/p>\n<p><strong>COLLE SANTA LUCIA<\/strong> Cosiglio comunale venerd\u00ec alle 18. Tra gli 8 punti all&#8217;ordine del giorno, si parlera della gestione associata di servizi con l\u2019Unione Montana Agordina. Tra queste, vi sono la centrale unica di committenza, le strutture sportive, la gestione dei beni silvo-pastorali e la pianificazione di protezione civile. Inoltre anche la convenzione tra i comuni di Livinallongo e Cortina e i rispettivi gruppi ladini.<\/p>\n<p>&nbsp;<\/p>\n<hr \/>\n<p>&nbsp;<\/p>\n<p>&nbsp;<\/p>\n<blockquote>\n<h1>TENTATO FURTO FINITO MALE: CONDANNATO GRAZIE AL DNA<\/h1>\n<\/blockquote>\n<p><strong> <a class=\"dt-pswp-item\" href=\"https:\/\/www.radiopiu.net\/wordpress\/wp-content\/uploads\/2025\/04\/0ecdbc67-444b-455b-883a-4ab841096478.png\" data-dt-img-description=\"\" data-large_image_width=\"1024\" data-large_image_height=\"1536\"><img loading=\"lazy\" decoding=\"async\" class=\"size-medium wp-image-444099 alignleft\" src=\"https:\/\/www.radiopiu.net\/wordpress\/wp-content\/uploads\/2025\/04\/0ecdbc67-444b-455b-883a-4ab841096478-200x300.png\" alt=\"\" width=\"200\" height=\"300\" srcset=\"https:\/\/www.radiopiu.net\/wordpress\/wp-content\/uploads\/2025\/04\/0ecdbc67-444b-455b-883a-4ab841096478-200x300.png 200w, https:\/\/www.radiopiu.net\/wordpress\/wp-content\/uploads\/2025\/04\/0ecdbc67-444b-455b-883a-4ab841096478-683x1024.png 683w, https:\/\/www.radiopiu.net\/wordpress\/wp-content\/uploads\/2025\/04\/0ecdbc67-444b-455b-883a-4ab841096478-768x1152.png 768w, https:\/\/www.radiopiu.net\/wordpress\/wp-content\/uploads\/2025\/04\/0ecdbc67-444b-455b-883a-4ab841096478.png 1024w\" sizes=\"auto, (max-width: 200px) 100vw, 200px\" \/><\/a>LA GIUDIZIARIA OGGI<\/strong><br \/>\n<strong>SINTESI, DALA CORRIERE DELLE ALPI_GIGI SOSSO<\/strong><\/p>\n<p><strong>BELLUNO<\/strong> Massimiliano Prisco condannato a 8 mesi e 109 euro di multa per aver tentato di svaligiare l\u2019Ortopedia Sanitaria Bellunese nel 2021. Identificato dalle telecamere e dal sangue lasciato sul posto, incastrato dal Dna. Tentativo fallito e refurtiva mai trovata. Respinta la tesi della desistenza volontaria. Assoluzione oggettivamente impossibile, ma sconto garantito di un terzo della pena, grazie al ricorso al rito alternativo.<\/p>\n<blockquote>\n<h3>AGGREDITO CON MAZZA DA BASEBALL PER AFFITTI NON PAGATI: A PROCESSO IL LOCATORE<\/h3>\n<\/blockquote>\n<p><strong>BELLUNO<\/strong> Nico Borci accusato di lesioni aggravate e violenza per aver picchiato l\u2019inquilino con una mazza da baseball l\u20198 marzo 2021. La vittima, parte civile in tribunale, ha raccontato di essere stata colpita pi\u00f9 volte e trascinata verso il garage. Provvidenziale l\u2019intervento di una vicina. Contratto d\u2019affitto non registrato, appartamento pignorato. Prossima udienza il 14 ottobre.<\/p>\n<p>&nbsp;<\/p>\n<blockquote>\n<h3>RICETTE FALSE PER BENZODIAZEPINE: FIDANZATI A GIUDIZIO A FELTRE<\/h3>\n<\/blockquote>\n<p><strong>FELTRE<\/strong> Lei gi\u00e0 condannata per 221 ricette, lui ora a processo per averne usate due o tre. N.F. ha scelto il dibattimento e rischia una pena pi\u00f9 pesante. L&#8217;accusa: falso materiale e uso di atto falso. Rinviato il processo per legittimo impedimento del difensore, si attende la prossima udienza.<\/p>\n<blockquote>\n<h3>DONAZIONE ALLA CASA DI RIPOSO: L\u2019ANZIANA ERA LUCIDA<\/h3>\n<\/blockquote>\n<p><strong>SETTEVILLE<\/strong> psichiatri escludono circonvenzione: l\u2019anziana era capace di intendere e volere quando don\u00f2 mezzo milione di euro alla residenza San Vincenzo di Colmirano. A processo una coppia di Pederobba accusata di circonvenzione e autoriciclaggio. L\u2019atto fu regolarmente notarile. Una sorta di patto: soldi e immobili per un valore di quasi mezzo milione di euro in cambio del mantenimento della donna nella struttura fino all&#8217;ultimo dei suoi giorni.<\/p>\n<p>&nbsp;<\/p>\n<p>&nbsp;<\/p>\n<hr \/>\n<p>&nbsp;<\/p>\n<h1 class=\"_title post-title entry-title\">SEREN DEL GRAPPA | LUPI CONFIDENTI, SCOPEL E CANER A RING: \u00abORA BASTA\u00bb<\/h1>\n<p>Intervistati DARIO SCOPEL (SINDACO DI SEREN DEL GRAPPA), FEDERICO CANER (ASSESSORE TURISMO REGIONE VENETO) (Servizio di\u00a0<a href=\"https:\/\/antennatre.medianordest.it\/redazione\/Tiziana-Bolognani\/\">Tiziana Bolognani<\/a>)<\/p>\n<p><iframe loading=\"lazy\" title=\"LUPI CONFIDENTI, SCOPEL E CANER A RING: \u00abORA BASTA\u00bb | 08\/04\/2025\" width=\"1200\" height=\"675\" src=\"https:\/\/www.youtube.com\/embed\/lemdlGhzmGg?feature=oembed\" frameborder=\"0\" allow=\"accelerometer; autoplay; clipboard-write; encrypted-media; gyroscope; picture-in-picture; web-share\" referrerpolicy=\"strict-origin-when-cross-origin\" allowfullscreen><\/iframe><\/p>\n<p>&nbsp;<\/p>\n<hr \/>\n<p>&nbsp;<\/p>\n<p class=\"\" data-start=\"0\" data-end=\"62\"><strong data-start=\"0\" data-end=\"62\">\u00a0ELEZIONI RSU NEL PUBBLICO IMPIEGO E SCUOLA<\/strong><\/p>\n<p class=\"\" data-start=\"64\" data-end=\"365\"><strong><a class=\"dt-pswp-item\" href=\"https:\/\/www.radiopiu.net\/wordpress\/wp-content\/uploads\/2025\/04\/Congresso-FP-Mario-De-Boni-scaled.jpeg\" data-dt-img-description=\"\" data-large_image_width=\"2560\" data-large_image_height=\"1440\"><img loading=\"lazy\" decoding=\"async\" class=\" wp-image-443997 alignleft\" src=\"https:\/\/www.radiopiu.net\/wordpress\/wp-content\/uploads\/2025\/04\/Congresso-FP-Mario-De-Boni-300x169.jpeg\" alt=\"\" width=\"257\" height=\"145\" srcset=\"https:\/\/www.radiopiu.net\/wordpress\/wp-content\/uploads\/2025\/04\/Congresso-FP-Mario-De-Boni-300x169.jpeg 300w, https:\/\/www.radiopiu.net\/wordpress\/wp-content\/uploads\/2025\/04\/Congresso-FP-Mario-De-Boni-1024x576.jpeg 1024w, https:\/\/www.radiopiu.net\/wordpress\/wp-content\/uploads\/2025\/04\/Congresso-FP-Mario-De-Boni-768x432.jpeg 768w, https:\/\/www.radiopiu.net\/wordpress\/wp-content\/uploads\/2025\/04\/Congresso-FP-Mario-De-Boni-1536x864.jpeg 1536w, https:\/\/www.radiopiu.net\/wordpress\/wp-content\/uploads\/2025\/04\/Congresso-FP-Mario-De-Boni-2048x1152.jpeg 2048w\" sizes=\"auto, (max-width: 257px) 100vw, 257px\" \/><\/a>TREVISO<\/strong> \u2013 Il 14, 15 e 16 aprile si vota per il rinnovo delle Rsu nel pubblico impiego e nella scuola. In provincia di Belluno e Treviso saranno oltre <strong data-start=\"214\" data-end=\"247\">36mila i lavoratori coinvolti<\/strong>, con <strong data-start=\"253\" data-end=\"275\">924 candidati Cisl<\/strong>, pronti a rappresentare sanit\u00e0, enti locali, funzioni centrali e istituzioni scolastiche. <strong data-start=\"367\" data-end=\"384\">Mario De Boni<\/strong>, segretario generale della <strong data-start=\"412\" data-end=\"439\">Cisl Fp Belluno Treviso<\/strong>, sottolinea l\u2019importanza dell\u2019appuntamento elettorale. Anche sul fronte scuola, la <strong data-start=\"799\" data-end=\"814\">Cisl Scuola<\/strong>, con <strong data-start=\"820\" data-end=\"845\">Anna Lucia Tamborrini<\/strong> alla guida, chiede con forza <strong data-start=\"875\" data-end=\"960\">contratti pi\u00f9 giusti, nuovi profili professionali e stabilizzazione per i precari<\/strong>: <em data-start=\"962\" data-end=\"1067\">\u201cServe attrattivit\u00e0 per i giovani e valorizzazione per chi ogni giorno lavora con impegno nelle scuole\u201d<\/em>.<\/p>\n<p><strong>AUDIO MARIO BONI\u00a0 segretario generale Cisl Fp Belluno Treviso<\/strong><\/p>\n<audio class=\"wp-audio-shortcode\" id=\"audio-443901-9\" preload=\"none\" style=\"width: 100%;\" controls=\"controls\"><source type=\"audio\/mpeg\" src=\"https:\/\/www.radiopiu.net\/wordpress\/wp-content\/uploads\/2025\/04\/boni.mp3?_=9\" \/><a href=\"https:\/\/www.radiopiu.net\/wordpress\/wp-content\/uploads\/2025\/04\/boni.mp3\">https:\/\/www.radiopiu.net\/wordpress\/wp-content\/uploads\/2025\/04\/boni.mp3<\/a><\/audio>\n<p><strong>AUDIO ANNA LUCIA TAMBORRINI segretaria generale Cisl Scuola Belluno Treviso\u00a0<\/strong><\/p>\n<audio class=\"wp-audio-shortcode\" id=\"audio-443901-10\" preload=\"none\" style=\"width: 100%;\" controls=\"controls\"><source type=\"audio\/mpeg\" src=\"https:\/\/www.radiopiu.net\/wordpress\/wp-content\/uploads\/2025\/04\/TAMBORRINI.mp3?_=10\" \/><a href=\"https:\/\/www.radiopiu.net\/wordpress\/wp-content\/uploads\/2025\/04\/TAMBORRINI.mp3\">https:\/\/www.radiopiu.net\/wordpress\/wp-content\/uploads\/2025\/04\/TAMBORRINI.mp3<\/a><\/audio>\n<p>&nbsp;<\/p>\n<hr \/>\n<p>&nbsp;<\/p>\n<article class=\"text-token-text-primary w-full\" dir=\"auto\" data-testid=\"conversation-turn-8\" data-scroll-anchor=\"false\">\n<div class=\"text-base my-auto mx-auto py-5 px-6\">\n<div class=\"mx-auto flex flex-1 text-base gap-4 md:gap-5 lg:gap-6 md:max-w-3xl group\/turn-messages focus-visible:outline-hidden\" tabindex=\"-1\">\n<div class=\"group\/conversation-turn relative flex w-full min-w-0 flex-col agent-turn @xs\/thread:px-0 @sm\/thread:px-1.5 @md\/thread:px-4\">\n<div class=\"relative flex-col gap-1 md:gap-3\">\n<div class=\"flex max-w-full flex-col grow\">\n<div class=\"min-h-8 text-message relative flex w-full flex-col items-end gap-2 text-start break-words whitespace-normal [.text-message+&amp;]:mt-5\" dir=\"auto\" data-message-author-role=\"assistant\" data-message-id=\"abb3a942-5ce6-4753-93d9-48467d0fe887\" data-message-model-slug=\"gpt-4o-mini\">\n<div class=\"flex w-full flex-col gap-1 empty:hidden first:pt-[3px]\">\n<div class=\"markdown prose dark:prose-invert w-full break-words dark\">\n<blockquote>\n<p class=\"\" data-start=\"0\" data-end=\"68\"><strong data-start=\"0\" data-end=\"68\">POTENZIAMENTO DELLE OPERE DI DIFESA SUL TORRENTE BIOIS A FALCADE<\/strong><\/p>\n<\/blockquote>\n<article class=\"text-token-text-primary w-full\" dir=\"auto\" data-testid=\"conversation-turn-8\" data-scroll-anchor=\"false\">\n<div class=\"text-base my-auto mx-auto py-5 px-6\">\n<div class=\"mx-auto flex flex-1 text-base gap-4 md:gap-5 lg:gap-6 md:max-w-3xl group\/turn-messages focus-visible:outline-hidden\" tabindex=\"-1\">\n<div class=\"group\/conversation-turn relative flex w-full min-w-0 flex-col agent-turn @xs\/thread:px-0 @sm\/thread:px-1.5 @md\/thread:px-4\">\n<div class=\"relative flex-col gap-1 md:gap-3\">\n<div class=\"flex absolute right-0 left-0 flex justify-start\">\n<p><strong>DI GIANNI SANTOMASO<\/strong><\/p>\n<\/div>\n<\/div>\n<\/div>\n<\/div>\n<\/div>\n<\/article>\n<article class=\"text-token-text-primary w-full\" dir=\"auto\" data-testid=\"conversation-turn-9\" data-scroll-anchor=\"false\"><audio class=\"wp-audio-shortcode\" id=\"audio-443901-11\" preload=\"none\" style=\"width: 100%;\" controls=\"controls\"><source type=\"audio\/mpeg\" src=\"https:\/\/www.radiopiu.net\/wordpress\/wp-content\/uploads\/2025\/04\/GIANNI-LE-OPERE-DI-DIFESA-SUL-TORRENTE-BIOIS.mp3?_=11\" \/><a href=\"https:\/\/www.radiopiu.net\/wordpress\/wp-content\/uploads\/2025\/04\/GIANNI-LE-OPERE-DI-DIFESA-SUL-TORRENTE-BIOIS.mp3\">https:\/\/www.radiopiu.net\/wordpress\/wp-content\/uploads\/2025\/04\/GIANNI-LE-OPERE-DI-DIFESA-SUL-TORRENTE-BIOIS.mp3<\/a><\/audio>\n<p>&nbsp;<\/p>\n<\/article>\n<\/div>\n<\/div>\n<\/div>\n<\/div>\n<\/div>\n<\/div>\n<\/div>\n<\/div>\n<\/article>\n<article class=\"text-token-text-primary w-full\" dir=\"auto\" data-testid=\"conversation-turn-8\" data-scroll-anchor=\"false\">\n<div class=\"text-base my-auto mx-auto py-5 px-6\">\n<div class=\"mx-auto flex flex-1 text-base gap-4 md:gap-5 lg:gap-6 md:max-w-3xl group\/turn-messages focus-visible:outline-hidden\" tabindex=\"-1\">\n<div class=\"group\/conversation-turn relative flex w-full min-w-0 flex-col agent-turn @xs\/thread:px-0 @sm\/thread:px-1.5 @md\/thread:px-4\">\n<div class=\"relative flex-col gap-1 md:gap-3\">\n<div class=\"flex max-w-full flex-col grow\">\n<div class=\"min-h-8 text-message relative flex w-full flex-col items-end gap-2 text-start break-words whitespace-normal [.text-message+&amp;]:mt-5\" dir=\"auto\" data-message-author-role=\"assistant\" data-message-id=\"abb3a942-5ce6-4753-93d9-48467d0fe887\" data-message-model-slug=\"gpt-4o-mini\">\n<div class=\"flex w-full flex-col gap-1 empty:hidden first:pt-[3px]\">\n<div class=\"markdown prose dark:prose-invert w-full break-words dark\">\n<p class=\"\" data-start=\"70\" data-end=\"676\"><strong><a class=\"dt-pswp-item\" href=\"https:\/\/www.radiopiu.net\/wordpress\/wp-content\/uploads\/2025\/04\/0cb89e9b-0c27-4efb-b8c3-05bf431fedcc.jpg\" data-dt-img-description=\"\" data-large_image_width=\"2048\" data-large_image_height=\"1154\"><img loading=\"lazy\" decoding=\"async\" class=\"size-medium wp-image-444012 alignleft\" src=\"https:\/\/www.radiopiu.net\/wordpress\/wp-content\/uploads\/2025\/04\/0cb89e9b-0c27-4efb-b8c3-05bf431fedcc-300x169.jpg\" alt=\"\" width=\"300\" height=\"169\" srcset=\"https:\/\/www.radiopiu.net\/wordpress\/wp-content\/uploads\/2025\/04\/0cb89e9b-0c27-4efb-b8c3-05bf431fedcc-300x169.jpg 300w, https:\/\/www.radiopiu.net\/wordpress\/wp-content\/uploads\/2025\/04\/0cb89e9b-0c27-4efb-b8c3-05bf431fedcc-1024x577.jpg 1024w, https:\/\/www.radiopiu.net\/wordpress\/wp-content\/uploads\/2025\/04\/0cb89e9b-0c27-4efb-b8c3-05bf431fedcc-768x433.jpg 768w, https:\/\/www.radiopiu.net\/wordpress\/wp-content\/uploads\/2025\/04\/0cb89e9b-0c27-4efb-b8c3-05bf431fedcc-1536x866.jpg 1536w, https:\/\/www.radiopiu.net\/wordpress\/wp-content\/uploads\/2025\/04\/0cb89e9b-0c27-4efb-b8c3-05bf431fedcc.jpg 2048w\" sizes=\"auto, (max-width: 300px) 100vw, 300px\" \/><\/a>FALCADE<\/strong> Sono stati avviati i lavori di potenziamento delle difese lungo il torrente Biois a Falcade, con un investimento di 500mila euro per migliorare la sicurezza del territorio. Gli interventi, progettati dal Genio Civile, riguardano la zona vicino al nuovo ponte sulla ciclabile al confine con Canale d\u2019Agordo e mirano a migliorare la funzionalit\u00e0 idraulica dell\u2019alveo, armonizzando le opere esistenti. Le opere includono la costruzione di scogliere, rampe in massi e il ripristino dell&#8217;efficienza idraulica delle difese esistenti. I lavori dovrebbero concludersi entro l\u2019autunno, condizioni meteo permettendo.<\/p>\n<p><strong>L&#8217;ASSESSORE GIANPAOLO BOTTACIN<\/strong><\/p>\n<\/div>\n<\/div>\n<\/div>\n<\/div>\n<\/div>\n<\/div>\n<\/div>\n<\/div>\n<\/article>\n<article class=\"text-token-text-primary w-full\" dir=\"auto\" data-testid=\"conversation-turn-8\" data-scroll-anchor=\"false\">\n<div class=\"text-base my-auto mx-auto py-5 px-6\">\n<div class=\"mx-auto flex flex-1 text-base gap-4 md:gap-5 lg:gap-6 md:max-w-3xl group\/turn-messages focus-visible:outline-hidden\" tabindex=\"-1\">\n<div class=\"group\/conversation-turn relative flex w-full min-w-0 flex-col agent-turn @xs\/thread:px-0 @sm\/thread:px-1.5 @md\/thread:px-4\">\n<div class=\"relative flex-col gap-1 md:gap-3\">\n<div class=\"flex absolute right-0 left-0 flex justify-start\">\n<audio class=\"wp-audio-shortcode\" id=\"audio-443901-12\" preload=\"none\" style=\"width: 100%;\" controls=\"controls\"><source type=\"audio\/mpeg\" src=\"https:\/\/www.radiopiu.net\/wordpress\/wp-content\/uploads\/2025\/04\/BOTTACIN.mp3?_=12\" \/><a href=\"https:\/\/www.radiopiu.net\/wordpress\/wp-content\/uploads\/2025\/04\/BOTTACIN.mp3\">https:\/\/www.radiopiu.net\/wordpress\/wp-content\/uploads\/2025\/04\/BOTTACIN.mp3<\/a><\/audio>\n<p>&nbsp;<\/p>\n<\/div>\n<\/div>\n<\/div>\n<\/div>\n<\/div>\n<\/article>\n<article class=\"text-token-text-primary w-full\" dir=\"auto\" data-testid=\"conversation-turn-9\" data-scroll-anchor=\"false\">\u00a0<\/article>\n<hr \/>\n<p>&nbsp;<\/p>\n<blockquote>\n<h3>CCNL E LAVORO IN VENETO<\/h3>\n<\/blockquote>\n<p class=\"\" data-start=\"45\" data-end=\"288\"><strong><img loading=\"lazy\" decoding=\"async\" class=\"alignleft\" src=\"https:\/\/www.radiopiu.net\/wordpress\/wp-content\/uploads\/2025\/04\/Immagine-2025-04-08-104917.jpg\" width=\"288\" height=\"118\" \/>VENEZIA<\/strong> \u2013 In un periodo in cui il dibattito sulla qualit\u00e0 dell\u2019occupazione \u00e8 sempre pi\u00f9 acceso, Veneto Lavoro ha avviato uno studio sui Contratti Collettivi Nazionali di Lavoro applicati ai nuovi rapporti di lavoro dipendente privato. I primi dati confermano un sistema contrattuale robusto: quasi tutti i rapporti attivati nel 2023 sono legati a un CCNL. In media, ogni comparto applica tre contratti diversi, ma in alcuni settori si arriva anche a sei o sette. Solo il 2% dei contratti risulta non associato ad alcun CCNL. A guidare la classifica dei contratti pi\u00f9 applicati nel 2024 ci sono quelli del Turismo, Terziario e Agricoltura: insieme coprono oltre un terzo delle nuove assunzioni, spesso a termine. Il 93% dei contratti \u00e8 firmato da sindacati confederali, a conferma di un sistema rappresentativo e solido. Tuttavia, l\u2019Osservatorio evidenzia aree critiche: contratti deboli o strategie aziendali poco trasparenti possono minare le tutele, anche se formalmente in regola. Le analisi future cercheranno di capire quanto conti davvero il contenuto del CCNL e quanto incidano le scelte delle aziende nel determinare la qualit\u00e0 del lavoro. Una sfida decisiva per garantire diritti e dignit\u00e0 ai lavoratori veneti.<\/p>\n<p>&nbsp;<\/p>\n<hr \/>\n<p>&nbsp;<\/p>\n<blockquote>\n<p class=\"\" data-start=\"0\" data-end=\"54\"><strong data-start=\"0\" data-end=\"54\">TURISMO USA: RECORD DI PRESENZE IN VENETO NEL 2024<\/strong><\/p>\n<\/blockquote>\n<p><strong><a class=\"dt-pswp-item\" href=\"https:\/\/www.radiopiu.net\/wordpress\/wp-content\/uploads\/2025\/04\/3333.jpg\" data-dt-img-description=\"\" data-large_image_width=\"418\" data-large_image_height=\"279\"><img loading=\"lazy\" decoding=\"async\" class=\" wp-image-443989 alignleft\" src=\"https:\/\/www.radiopiu.net\/wordpress\/wp-content\/uploads\/2025\/04\/3333-300x200.jpg\" alt=\"\" width=\"230\" height=\"153\" srcset=\"https:\/\/www.radiopiu.net\/wordpress\/wp-content\/uploads\/2025\/04\/3333-300x200.jpg 300w, https:\/\/www.radiopiu.net\/wordpress\/wp-content\/uploads\/2025\/04\/3333.jpg 418w\" sizes=\"auto, (max-width: 230px) 100vw, 230px\" \/><\/a>VENEZIA<\/strong> Nel 2024 il Veneto ha superato i 3 milioni di presenze turistiche statunitensi, pari al 4,2% del totale regionale, con un aumento dell\u20198,3% rispetto al 2023 e del 26,2% sul 2019. Venezia guida la classifica con 2,3 milioni di pernottamenti, seguita da Verona, Belluno, Padova, Vicenza e Treviso. I turisti USA si confermano tra i pi\u00f9 spendaccioni: quasi un miliardo di euro nel 2023, seconda cifra pi\u00f9 alta dopo quella dei tedeschi. Secondo Antonio Ferrarelli della Fondazione Think Tank Nord Est, \u00e8 strategico coniugare turismo culturale e Made in Italy per rafforzare l\u2019attrattivit\u00e0 del Paese in un contesto globale incerto.:\u00a0<em data-start=\"1688\" data-end=\"1940\">\u201cI turisti statunitensi hanno una grande capacit\u00e0 di spesa, soprattutto nel turismo culturale. In un contesto globale incerto, \u00e8 fondamentale offrire esperienze che trasmettano il valore delle nostre produzioni e rafforzino l\u2019attrattivit\u00e0 del Paese.\u201d\u00a0<\/em>In sintesi, il turismo USA si conferma un pilastro per il Veneto, ma in un mondo sempre pi\u00f9 instabile, la chiave sar\u00e0 trasformare ogni soggiorno in un racconto del saper fare italiano.<\/p>\n<p>&nbsp;<\/p>\n<p>&nbsp;<\/p>\n<hr \/>\n<p>&nbsp;<\/p>\n<blockquote>\n<h3>L&#8217;AMMINISTRAZIONE COMUNALE DI BELLUNO TIRA LE SOMME DI META&#8217; MANDATO<\/h3>\n<\/blockquote>\n<p><strong><a class=\"dt-pswp-item\" href=\"https:\/\/www.radiopiu.net\/wordpress\/wp-content\/uploads\/2022\/02\/Palazzo-rosso-illuminato-1-scaled.jpg\" data-dt-img-description=\"\" data-large_image_width=\"2560\" data-large_image_height=\"1707\"><img loading=\"lazy\" decoding=\"async\" class=\" wp-image-258761 alignleft\" src=\"https:\/\/www.radiopiu.net\/wordpress\/wp-content\/uploads\/2022\/02\/Palazzo-rosso-illuminato-1-300x200.jpg\" alt=\"\" width=\"165\" height=\"110\" srcset=\"https:\/\/www.radiopiu.net\/wordpress\/wp-content\/uploads\/2022\/02\/Palazzo-rosso-illuminato-1-300x200.jpg 300w, https:\/\/www.radiopiu.net\/wordpress\/wp-content\/uploads\/2022\/02\/Palazzo-rosso-illuminato-1-1024x683.jpg 1024w, https:\/\/www.radiopiu.net\/wordpress\/wp-content\/uploads\/2022\/02\/Palazzo-rosso-illuminato-1-768x512.jpg 768w, https:\/\/www.radiopiu.net\/wordpress\/wp-content\/uploads\/2022\/02\/Palazzo-rosso-illuminato-1-1536x1024.jpg 1536w, https:\/\/www.radiopiu.net\/wordpress\/wp-content\/uploads\/2022\/02\/Palazzo-rosso-illuminato-1-2048x1365.jpg 2048w\" sizes=\"auto, (max-width: 165px) 100vw, 165px\" \/><\/a>BELLUNO<\/strong> Pubblicata la relazione di met\u00e0 mandato dell&#8217;amministrazione comunale di Belluno: un libretto disponibile online che raccoglie quanto fatto in questi primi venti mesi di attivit\u00e0.<\/p>\n<p><strong>DI DANIELE DALVIT<\/strong><\/p>\n<audio class=\"wp-audio-shortcode\" id=\"audio-443901-13\" preload=\"none\" style=\"width: 100%;\" controls=\"controls\"><source type=\"audio\/mpeg\" src=\"https:\/\/www.radiopiu.net\/wordpress\/wp-content\/uploads\/2025\/04\/Servizio-Bilancio-meta-mandato-Belluno.mp3?_=13\" \/><a href=\"https:\/\/www.radiopiu.net\/wordpress\/wp-content\/uploads\/2025\/04\/Servizio-Bilancio-meta-mandato-Belluno.mp3\">https:\/\/www.radiopiu.net\/wordpress\/wp-content\/uploads\/2025\/04\/Servizio-Bilancio-meta-mandato-Belluno.mp3<\/a><\/audio>\n<p>&nbsp;<\/p>\n<hr \/>\n<p>&nbsp;<\/p>\n<blockquote>\n<h3>PROPOSTA PER LA MESSA IN SICUREZZA E LA RIQUALIFICAZIONE DEL TRATTO STRADALE DI VIA VISOME<\/h3>\n<\/blockquote>\n<p><strong><a class=\"dt-pswp-item\" href=\"https:\/\/www.radiopiu.net\/wordpress\/wp-content\/uploads\/2025\/04\/SCR-20250408-rfqq.jpeg\" data-dt-img-description=\"\" data-large_image_width=\"808\" data-large_image_height=\"554\"><img loading=\"lazy\" decoding=\"async\" class=\" wp-image-444074 alignleft\" src=\"https:\/\/www.radiopiu.net\/wordpress\/wp-content\/uploads\/2025\/04\/SCR-20250408-rfqq-300x206.jpeg\" alt=\"\" width=\"195\" height=\"134\" srcset=\"https:\/\/www.radiopiu.net\/wordpress\/wp-content\/uploads\/2025\/04\/SCR-20250408-rfqq-300x206.jpeg 300w, https:\/\/www.radiopiu.net\/wordpress\/wp-content\/uploads\/2025\/04\/SCR-20250408-rfqq-768x527.jpeg 768w, https:\/\/www.radiopiu.net\/wordpress\/wp-content\/uploads\/2025\/04\/SCR-20250408-rfqq.jpeg 808w\" sizes=\"auto, (max-width: 195px) 100vw, 195px\" \/><\/a>RICEVIAMO E PUBBLICHIAMO<\/strong><\/p>\n<p>La Giunta comunale di Belluno ha adottato il nuovo PUMS (Piano Urbano della Mobilit\u00e0 Sostenibile), per la cui redazione si sono svolti nel 2024 numerosi incontri con le categorie interessate. Ho scaricato il documento, corredato da numerose e interessanti tavole illustrative degli interventi previsti. Nel complesso, il lavoro svolto e presentato alla cittadinanza mi sembra ben strutturato e calibrato sulle molteplici esigenze dei fruitori della rete stradale. Desidero comunque avanzare un suggerimento riguardante il tratto a doppio senso di circolazione di via Visome, compreso tra l\u2019incrocio con via Anconetta e la rotonda situata a nord di Visome. Questo percorso presenta un restringimento in prossimit\u00e0 della chiesetta di San Pellegrino, nei pressi di villa Buzzati. In quel punto si sono verificati pi\u00f9 incidenti, anche gravi, e la percorrenza da parte di ciclisti e pedoni risulta sempre difficile e pericolosa. Le tavole dedicate agli interventi sulla rete viaria, pedonale e ciclabile non prevedono al momento azioni specifiche per questa zona. A tal proposito, mi permetto di proporre il seguente intervento: Istituire un senso unico alternato: in direzione Visome &gt;&gt; Belluno dalle ore 24:00 alle 12:00, e in senso inverso (Belluno &gt;&gt; Visome) dalle 12:00 alle 24:00. In questo modo si eviterebbero incroci pericolosi nei pressi della chiesetta e la carreggiata risulterebbe abbastanza ampia da consentire la realizzazione di una pista ciclabile percorribile in entrambe le direzioni, in qualsiasi orario. All\u2019incrocio con via Anconetta si potrebbe realizzare una rotonda, il cui costo sarebbe contenuto. Dall\u2019altro lato, nelle ore pomeridiane (12:00 &#8211; 24:00), si potrebbe limitare il transito ai soli frontisti, consentendo l\u2019accesso verso via Rivamaor, la floricoltura &#8220;Il Coccio Verde&#8221; e l\u2019unica abitazione privata presente in zona. Questa modalit\u00e0 \u00e8 gi\u00e0 stata adottata con successo in via Alpago, a Fisterre e in via Cappellari, dove ha contribuito a eliminare ingorghi e incidenti, anche di una certa entit\u00e0.<\/p>\n<p>Tomaso Pettazzi<\/p>\n<p>&nbsp;<\/p>\n<hr \/>\n<p>&nbsp;<\/p>\n<h1 class=\"_title post-title entry-title\">BELLUNO | OLIMPIADI 2026, \u2018STUDENTI PROTAGONISTI, NON SUCCUBI DI SCELTE CALATE DALL\u2019ALTO\u2019<\/h1>\n<p>Intervistati SERENA DE MARCHI (RETE STUDENTI MEDI BELLUNO-FELTRE), ANDREA SOPPELSA (COMUNICAZIONE SINISTRA ITALIANA) (Servizio di\u00a0<a href=\"https:\/\/antennatre.medianordest.it\/redazione\/Fabio-Fioravanzi\/\">Fabio Fioravanzi<\/a>)<\/p>\n<p><iframe loading=\"lazy\" title=\"OLIMPIADI 2026, &#039;STUDENTI PROTAGONISTI, NON SUCCUBI DI SCELTE CALATE DALL&#039;ALTO&#039; | 08\/04\/2025\" width=\"1200\" height=\"675\" src=\"https:\/\/www.youtube.com\/embed\/5gP8NvKZFi0?feature=oembed\" frameborder=\"0\" allow=\"accelerometer; autoplay; clipboard-write; encrypted-media; gyroscope; picture-in-picture; web-share\" referrerpolicy=\"strict-origin-when-cross-origin\" allowfullscreen><\/iframe><\/p>\n<hr \/>\n<p>&nbsp;<\/p>\n<p>&nbsp;<\/p>\n<blockquote>\n<h3><a class=\"dt-pswp-item\" href=\"https:\/\/www.radiopiu.net\/wordpress\/wp-content\/uploads\/2025\/04\/Immagine-2025-04-09-045224.jpg\" data-dt-img-description=\"\" data-large_image_width=\"234\" data-large_image_height=\"171\"><img loading=\"lazy\" decoding=\"async\" class=\"wp-image-444095 alignleft\" src=\"https:\/\/www.radiopiu.net\/wordpress\/wp-content\/uploads\/2025\/04\/Immagine-2025-04-09-045224.jpg\" alt=\"\" width=\"155\" height=\"113\" \/><\/a>REFERENDUM, ALLEANZA VERDI-SINISTRA BELLUNO IN PIAZZA PER IL S\u00cc<\/h3>\n<\/blockquote>\n<p><strong>BELLUNO<\/strong> Parte la mobilitazione della federazione provinciale di Sinistra Italiana\/Alleanza Verdi-Sinistra a sostegno dei cinque referendum di giugno. Previsti volantinaggi e banchetti nei mercati della provincia: primi appuntamenti a Feltre, Cavarzano e Lamon. Tra i temi: pi\u00f9 tutele per i lavoratori, lotta alla precariet\u00e0, responsabilit\u00e0 negli appalti e cittadinanza pi\u00f9 accessibile. \u00abVogliamo un paese pi\u00f9 giusto e sicuro per chi lavora\u00bb, dichiara Andrea Soppelsa.<\/p>\n<p>&nbsp;<\/p>\n<p>&nbsp;<\/p>\n<hr \/>\n<p>&nbsp;<\/p>\n<p class=\"\" data-start=\"0\" data-end=\"185\"><strong><a class=\"dt-pswp-item\" href=\"https:\/\/www.radiopiu.net\/wordpress\/wp-content\/uploads\/2025\/04\/Invito-presentazione-pesca-turismo-a-Longarone-12-aprile-2025.jpg\" data-dt-img-description=\"\" data-large_image_width=\"2000\" data-large_image_height=\"2098\"><img loading=\"lazy\" decoding=\"async\" class=\" wp-image-444033 alignleft\" src=\"https:\/\/www.radiopiu.net\/wordpress\/wp-content\/uploads\/2025\/04\/Invito-presentazione-pesca-turismo-a-Longarone-12-aprile-2025-286x300.jpg\" alt=\"\" width=\"205\" height=\"215\" srcset=\"https:\/\/www.radiopiu.net\/wordpress\/wp-content\/uploads\/2025\/04\/Invito-presentazione-pesca-turismo-a-Longarone-12-aprile-2025-286x300.jpg 286w, https:\/\/www.radiopiu.net\/wordpress\/wp-content\/uploads\/2025\/04\/Invito-presentazione-pesca-turismo-a-Longarone-12-aprile-2025-976x1024.jpg 976w, https:\/\/www.radiopiu.net\/wordpress\/wp-content\/uploads\/2025\/04\/Invito-presentazione-pesca-turismo-a-Longarone-12-aprile-2025-768x806.jpg 768w, https:\/\/www.radiopiu.net\/wordpress\/wp-content\/uploads\/2025\/04\/Invito-presentazione-pesca-turismo-a-Longarone-12-aprile-2025-1464x1536.jpg 1464w, https:\/\/www.radiopiu.net\/wordpress\/wp-content\/uploads\/2025\/04\/Invito-presentazione-pesca-turismo-a-Longarone-12-aprile-2025-1952x2048.jpg 1952w, https:\/\/www.radiopiu.net\/wordpress\/wp-content\/uploads\/2025\/04\/Invito-presentazione-pesca-turismo-a-Longarone-12-aprile-2025.jpg 2000w\" sizes=\"auto, (max-width: 205px) 100vw, 205px\" \/><\/a>TUTTO SULLA PESCA IN FIERA A LONGARONE<\/strong><br data-start=\"38\" data-end=\"41\" \/><strong>DALLA PRATICA SPORTIVA ALLA CUCINA CHE VALORIZZA IL PESCATO D&#8217;ACQUA DOLCE<\/strong><br data-start=\"114\" data-end=\"117\" \/><strong>A LONGARONE FIERA ANCHE UN APPROFONDIMENTO SUL TURISMO \u201cAMO E LENZA\u201d<\/strong><\/p>\n<p class=\"\" data-start=\"187\" data-end=\"936\">La pesca protagonista alla rassegna \u201cCaccia, pesca e natura\u201d (11-12-13 aprile) con focus sulla pratica sportiva, hobbistica e sul turismo legato ai corsi d\u2019acqua bellunesi, che ogni anno attraggono migliaia di pescatori. Il 12 aprile, alle 17, sar\u00e0 presentata la nuova sezione del sito <a class=\"\" href=\"http:\/\/www.visitdolomitibellunesi.com\" target=\"_new\" rel=\"noopener\" data-start=\"473\" data-end=\"503\">www.visitdolomitibellunesi.com<\/a> dedicata al pesca-turismo, con la mappa \u201cPescare nelle Dolomiti Bellunesi\u201d. Il programma include anche convegni e progetti didattici, come il recupero degli habitat ittici dopo la tempesta Vaia e il concorso culinario \u201cIl fiume nel piatto\u201d, con piatti a base di trota. Inoltre, sabato si terr\u00e0 una gara di pesca e un percorso di degustazione, mentre domenica sar\u00e0 organizzata una prova di pesca per bambini e ragazzi con disabilit\u00e0.<\/p>\n<p>&nbsp;<\/p>\n<hr \/>\n<p>&nbsp;<\/p>\n<p>&nbsp;<\/p>\n<article class=\"text-token-text-primary w-full\" dir=\"auto\" data-testid=\"conversation-turn-12\" data-scroll-anchor=\"true\">\n<div class=\"text-base my-auto mx-auto py-5 px-6\">\n<div class=\"mx-auto flex flex-1 text-base gap-4 md:gap-5 lg:gap-6 md:max-w-3xl group\/turn-messages focus-visible:outline-hidden\" tabindex=\"-1\">\n<div class=\"group\/conversation-turn relative flex w-full min-w-0 flex-col agent-turn @xs\/thread:px-0 @sm\/thread:px-1.5 @md\/thread:px-4\">\n<div class=\"relative flex-col gap-1 md:gap-3\">\n<div class=\"flex max-w-full flex-col grow\">\n<div class=\"min-h-8 text-message relative flex w-full flex-col items-end gap-2 text-start break-words whitespace-normal [.text-message+&amp;]:mt-5\" dir=\"auto\" data-message-author-role=\"assistant\" data-message-id=\"b3f5cf2e-c70b-43b0-bb41-d7c8f2a0e6e0\" data-message-model-slug=\"gpt-4o-mini\">\n<div class=\"flex w-full flex-col gap-1 empty:hidden first:pt-[3px]\">\n<blockquote><p><strong data-start=\"0\" data-end=\"104\"><a class=\"dt-pswp-item\" href=\"https:\/\/www.radiopiu.net\/wordpress\/wp-content\/uploads\/2025\/04\/Immagine-2025-04-08-135112.jpg\" data-dt-img-description=\"\" data-large_image_width=\"370\" data-large_image_height=\"108\"><img loading=\"lazy\" decoding=\"async\" class=\"size-medium wp-image-444021 alignleft\" src=\"https:\/\/www.radiopiu.net\/wordpress\/wp-content\/uploads\/2025\/04\/Immagine-2025-04-08-135112-300x88.jpg\" alt=\"\" width=\"300\" height=\"88\" srcset=\"https:\/\/www.radiopiu.net\/wordpress\/wp-content\/uploads\/2025\/04\/Immagine-2025-04-08-135112-300x88.jpg 300w, https:\/\/www.radiopiu.net\/wordpress\/wp-content\/uploads\/2025\/04\/Immagine-2025-04-08-135112.jpg 370w\" sizes=\"auto, (max-width: 300px) 100vw, 300px\" \/><\/a>Giornata di Conferimento dei Diplomi EUROPASS e Consegna delle Borse di Studio al Consorzio DOLOMITI<\/strong><\/p><\/blockquote>\n<p><strong>BELLUNO<\/strong> Gioved\u00ec 24 aprile dalle 10:30, si terr\u00e0 la cerimonia di conferimento dei diplomi EUROPASS agli studenti del Consorzio DOLOMITI che hanno partecipato alla mobilit\u00e0 Erasmus durante la primavera del 2024. L&#8217;evento si svolger\u00e0 nell\u2019Aula Magna dell\u2019Istituto Catullo, un momento significativo per celebrare l\u2019impegno e il percorso formativo degli studenti coinvolti nel programma internazionale. Durante la cerimonia, oltre ai diplomi EUROPASS, verranno consegnate le Borse di Studio \u201cFederica Da Col\u201d agli studenti meritevoli dell\u2019Istituto Catullo, un riconoscimento per gli eccellenti risultati accademici e l\u2019impegno dimostrato. La giornata si concluder\u00e0 con un rinfresco preparato dagli studenti dell\u2019Istituto Calvi-Dolomieu, offrendo un\u2019opportunit\u00e0 di socializzazione e scambio tra partecipanti e docenti.<\/p>\n<\/div>\n<div class=\"flex w-full flex-col gap-1 empty:hidden first:pt-[3px]\"><\/div>\n<\/div>\n<\/div>\n<\/div>\n<\/div>\n<\/div>\n<\/div>\n<\/article>\n<p>&nbsp;<\/p>\n<p>&nbsp;<\/p>\n<hr \/>\n<p>&nbsp;<\/p>\n<article class=\"text-token-text-primary w-full\" dir=\"auto\" data-testid=\"conversation-turn-12\" data-scroll-anchor=\"true\">\n<div class=\"text-base my-auto mx-auto py-5 px-6\">\n<div class=\"mx-auto flex flex-1 text-base gap-4 md:gap-5 lg:gap-6 md:max-w-3xl group\/turn-messages focus-visible:outline-hidden\" tabindex=\"-1\">\n<div class=\"group\/conversation-turn relative flex w-full min-w-0 flex-col agent-turn @xs\/thread:px-0 @sm\/thread:px-1.5 @md\/thread:px-4\">\n<div class=\"relative flex-col gap-1 md:gap-3\">\n<div class=\"flex max-w-full flex-col grow\">\n<div class=\"min-h-8 text-message relative flex w-full flex-col items-end gap-2 text-start break-words whitespace-normal [.text-message+&amp;]:mt-5\" dir=\"auto\" data-message-author-role=\"assistant\" data-message-id=\"b3f5cf2e-c70b-43b0-bb41-d7c8f2a0e6e0\" data-message-model-slug=\"gpt-4o-mini\">\n<div class=\"flex w-full flex-col gap-1 empty:hidden first:pt-[3px]\">\n<article class=\"text-token-text-primary w-full\" dir=\"auto\" data-testid=\"conversation-turn-14\" data-scroll-anchor=\"false\">\n<div class=\"text-base my-auto mx-auto py-5 px-6\">\n<div class=\"mx-auto flex flex-1 text-base gap-4 md:gap-5 lg:gap-6 md:max-w-3xl group\/turn-messages focus-visible:outline-hidden\" tabindex=\"-1\">\n<div class=\"group\/conversation-turn relative flex w-full min-w-0 flex-col agent-turn @xs\/thread:px-0 @sm\/thread:px-1.5 @md\/thread:px-4\">\n<div class=\"relative flex-col gap-1 md:gap-3\">\n<div class=\"flex max-w-full flex-col grow\">\n<div class=\"min-h-8 text-message relative flex w-full flex-col items-end gap-2 text-start break-words whitespace-normal [.text-message+&amp;]:mt-5\" dir=\"auto\" data-message-author-role=\"assistant\" data-message-id=\"6d43707f-f1f9-4ff3-862a-b869ee9b9b9a\" data-message-model-slug=\"gpt-4o-mini\">\n<div class=\"flex w-full flex-col gap-1 empty:hidden first:pt-[3px]\">\n<div class=\"markdown prose dark:prose-invert w-full break-words dark\">\n<blockquote><p><strong data-start=\"0\" data-end=\"63\"><a class=\"dt-pswp-item\" href=\"https:\/\/www.radiopiu.net\/wordpress\/wp-content\/uploads\/2025\/04\/image003-scaled.jpg\" data-dt-img-description=\"\" data-large_image_width=\"2560\" data-large_image_height=\"1920\"><img loading=\"lazy\" decoding=\"async\" class=\"size-medium wp-image-444023 alignleft\" src=\"https:\/\/www.radiopiu.net\/wordpress\/wp-content\/uploads\/2025\/04\/image003-300x225.jpg\" alt=\"\" width=\"300\" height=\"225\" srcset=\"https:\/\/www.radiopiu.net\/wordpress\/wp-content\/uploads\/2025\/04\/image003-300x225.jpg 300w, https:\/\/www.radiopiu.net\/wordpress\/wp-content\/uploads\/2025\/04\/image003-1024x768.jpg 1024w, https:\/\/www.radiopiu.net\/wordpress\/wp-content\/uploads\/2025\/04\/image003-768x576.jpg 768w, https:\/\/www.radiopiu.net\/wordpress\/wp-content\/uploads\/2025\/04\/image003-1536x1152.jpg 1536w, https:\/\/www.radiopiu.net\/wordpress\/wp-content\/uploads\/2025\/04\/image003-2048x1536.jpg 2048w\" sizes=\"auto, (max-width: 300px) 100vw, 300px\" \/><\/a>PARTENZA DELLA STAFFETTA SOLIDALE RUN4HOPE DA PALAZZO ROSSO<\/strong><\/p><\/blockquote>\n<p><strong>BELLUNO<\/strong> Ieri\u00a0 mattina, una delegazione di atleti del Comando Provinciale dei Carabinieri di Belluno e del 7\u00b0 Reggimento Alpini ha dato il via alla tappa bellunese della 5^ edizione della Run4Hope Massigen, il Giro d\u2019Italia podistico solidale non competitivo. L&#8217;iniziativa mira a raccogliere fondi per sostenere la ricerca sulle malattie ematologiche, con beneficiari dell&#8217;Associazione Italiana contro le leucemie, i linfomi e il mieloma (AIRC). La staffetta, che coinvolge tutta Italia, \u00e8 partita da Belluno e si concluder\u00e0 il 13 aprile. Il Colonnello Pigozzo e il Colonnello Schifeo hanno dato il via al testimone, che verr\u00e0 trasmesso lungo il percorso, in nome della solidariet\u00e0 e dello sport.<\/p>\n<\/div>\n<\/div>\n<\/div>\n<\/div>\n<div class=\"flex absolute right-0 left-0 flex justify-start\">\n<div class=\"touch:-me-2 touch:-ms-3.5 -ms-2.5 -me-1 flex items-center p-1 select-none -mt-1 focus-within:transition-none hover:transition-none duration-500 group-hover\/turn-messages:delay-300 pointer-events-none [mask-image:linear-gradient(to_right,black_33%,transparent_66%)] [mask-position:100%_0%] [mask-size:300%_100%] motion-safe:transition-[mask-position] group-hover\/turn-messages:pointer-events-auto group-hover\/turn-messages:[mask-position:0_0] group-focus-within\/turn-messages:pointer-events-auto group-focus-within\/turn-messages:[mask-position:0_0] has-data-[state=open]:pointer-events-auto has-data-[state=open]:[mask-position:0_0]\">\n<div class=\"flex items-center pb-0\"><\/div>\n<div><\/div>\n<\/div>\n<\/div>\n<\/div>\n<\/div>\n<\/div>\n<\/div>\n<\/article>\n<\/div>\n<\/div>\n<\/div>\n<\/div>\n<\/div>\n<\/div>\n<\/div>\n<\/article>\n<hr \/>\n<p>&nbsp;<\/p>\n<blockquote>\n<h3>UFFICIO POSTALE DI LA VALLE CHIUSO PER LAVORI<\/h3>\n<\/blockquote>\n<p><strong>LA VALLE AGORDINA<\/strong>L&#8217;Ufficio Postale di La Valle Agordina, in via Chiesa 1, sar\u00e0 chiuso al pubblico dal 9 aprile 2025 per circa due settimane per lavori legati al Progetto Polis. Durante la chiusura, i servizi saranno garantiti presso l&#8217;Ufficio Postale di Agordo, in Viale Sommariva 27, aperto dal luned\u00ec al venerd\u00ec (8:20-13:35) e il sabato (8:20-12:35). Eventuali aggiornamenti verranno comunicati con avvisi alla clientela.<\/p>\n<p>&nbsp;<\/p>\n<p>&nbsp;<\/p>\n<hr \/>\n<p>&nbsp;<\/p>\n<blockquote>\n<p class=\"\" data-start=\"0\" data-end=\"92\"><strong data-start=\"0\" data-end=\"92\"><a class=\"dt-pswp-item\" href=\"https:\/\/www.radiopiu.net\/wordpress\/wp-content\/uploads\/2021\/11\/QUESTURA-BELLUNO.png\" data-dt-img-description=\"\" data-large_image_width=\"1912\" data-large_image_height=\"1384\"><img loading=\"lazy\" decoding=\"async\" class=\"wp-image-244040 alignleft\" src=\"https:\/\/www.radiopiu.net\/wordpress\/wp-content\/uploads\/2021\/11\/QUESTURA-BELLUNO-300x217.png\" alt=\"\" width=\"124\" height=\"90\" srcset=\"https:\/\/www.radiopiu.net\/wordpress\/wp-content\/uploads\/2021\/11\/QUESTURA-BELLUNO-300x217.png 300w, https:\/\/www.radiopiu.net\/wordpress\/wp-content\/uploads\/2021\/11\/QUESTURA-BELLUNO-1024x741.png 1024w, https:\/\/www.radiopiu.net\/wordpress\/wp-content\/uploads\/2021\/11\/QUESTURA-BELLUNO-768x556.png 768w, https:\/\/www.radiopiu.net\/wordpress\/wp-content\/uploads\/2021\/11\/QUESTURA-BELLUNO-1536x1112.png 1536w, https:\/\/www.radiopiu.net\/wordpress\/wp-content\/uploads\/2021\/11\/QUESTURA-BELLUNO.png 1912w\" sizes=\"auto, (max-width: 124px) 100vw, 124px\" \/><\/a>CONCORSO PUBBLICO PER 4 POSTI DI ORCHESTRALE DELLA BANDA MUSICALE DELLA POLIZIA DI STATO<\/strong><\/p>\n<\/blockquote>\n<p class=\"\" data-start=\"94\" data-end=\"692\"><strong>BELLUNO<\/strong> La Questura di Belluno, Ufficio di Gabinetto, comunica la pubblicazione del bando per titoli ed esami, che offre<strong> 4 posti per il ruolo degli orchestrali della banda musicale<\/strong> della Polizia di Stato. Inoltre, altro bando per l\u2019<strong>assunzione di 196 commissari della carriera dei funzionari<\/strong> della Polizia di Stato, I concorsi sono disponibili sul Portale unico del reclutamento (<a class=\"\" href=\"http:\/\/www.inpa.gov.it\" target=\"_new\" rel=\"noopener\" data-start=\"416\" data-end=\"431\">www.inpa.gov.it<\/a>) e sul sito <a class=\"\" href=\"http:\/\/www.poliziadistato.it\" target=\"_new\" rel=\"noopener\" data-start=\"444\" data-end=\"465\">www.poliziadistato.it<\/a>. Le domande di partecipazione potranno essere presentate online, tramite la procedura informatica accessibile \u00a0dal 2 aprile al 1 maggio.<\/p>\n<hr \/>\n<blockquote><p>&nbsp;<\/p>\n<p class=\"\" data-start=\"0\" data-end=\"86\"><strong data-start=\"0\" data-end=\"86\"><a class=\"dt-pswp-item\" href=\"https:\/\/www.radiopiu.net\/wordpress\/wp-content\/uploads\/2025\/04\/11apr25-VolantinoDanilo-700.jpg\" data-dt-img-description=\"\" data-large_image_width=\"1200\" data-large_image_height=\"1817\"><img loading=\"lazy\" decoding=\"async\" class=\" wp-image-444008 alignleft\" src=\"https:\/\/www.radiopiu.net\/wordpress\/wp-content\/uploads\/2025\/04\/11apr25-VolantinoDanilo-700-198x300.jpg\" alt=\"\" width=\"137\" height=\"208\" srcset=\"https:\/\/www.radiopiu.net\/wordpress\/wp-content\/uploads\/2025\/04\/11apr25-VolantinoDanilo-700-198x300.jpg 198w, https:\/\/www.radiopiu.net\/wordpress\/wp-content\/uploads\/2025\/04\/11apr25-VolantinoDanilo-700-676x1024.jpg 676w, https:\/\/www.radiopiu.net\/wordpress\/wp-content\/uploads\/2025\/04\/11apr25-VolantinoDanilo-700-768x1163.jpg 768w, https:\/\/www.radiopiu.net\/wordpress\/wp-content\/uploads\/2025\/04\/11apr25-VolantinoDanilo-700-1014x1536.jpg 1014w, https:\/\/www.radiopiu.net\/wordpress\/wp-content\/uploads\/2025\/04\/11apr25-VolantinoDanilo-700.jpg 1200w\" sizes=\"auto, (max-width: 137px) 100vw, 137px\" \/><\/a>PRESENTAZIONE LIBRO DI DANILO GIORDANO: &#8220;TESORI GELOGICI DELLE DOLOMITI BELLUNESI&#8221;<\/strong><\/p>\n<\/blockquote>\n<p class=\"\" data-start=\"88\" data-end=\"683\"><strong>SOSPIROLO<\/strong> Venerd\u00ec alle 20.30, al Centro civico di Sospirolo, il geologo Danilo Giordano presenter\u00e0 il suo nuovo libro &#8220;Tesori pi\u00f9 o meno nascosti delle Dolomiti Bellunesi e dei dintorni&#8221;, esplorando le particolarit\u00e0 geologiche e paleontologiche che rendono le Dolomiti uniche. L&#8217;evento includer\u00e0 una citazione al mondo dei fossili, con il rinvenimento del coccodrillo rigurgitato, e un focus su aree come i Monti del Sole, Pizzocco-Piani Eterni e il Canale del Cordevole. Saranno proiettate immagini spettacolari e ci sar\u00e0 l&#8217;opportunit\u00e0 di dialogare con un esperto della storia geologica locale.<\/p>\n<blockquote><p>&nbsp;<\/p>\n<p>&nbsp;<\/p><\/blockquote>\n<p>&nbsp;<\/p>\n<p>&nbsp;<\/p>\n<hr \/>\n<blockquote>\n<article class=\"text-token-text-primary w-full\" dir=\"auto\" data-testid=\"conversation-turn-8\" data-scroll-anchor=\"true\">\n<div class=\"text-base my-auto mx-auto py-5 px-6\">\n<div class=\"mx-auto flex flex-1 text-base gap-4 md:gap-5 lg:gap-6 md:max-w-3xl group\/turn-messages focus-visible:outline-hidden\" tabindex=\"-1\">\n<div class=\"group\/conversation-turn relative flex w-full min-w-0 flex-col agent-turn @xs\/thread:px-0 @sm\/thread:px-1.5 @md\/thread:px-4\">\n<div class=\"relative flex-col gap-1 md:gap-3\">\n<div class=\"flex max-w-full flex-col grow\">\n<div class=\"min-h-8 text-message relative flex w-full flex-col items-end gap-2 text-start break-words whitespace-normal [.text-message+&amp;]:mt-5\" dir=\"auto\" data-message-author-role=\"assistant\" data-message-id=\"8126ae2b-0e1c-439b-8e7a-a9f337eb8ecf\" data-message-model-slug=\"gpt-4o\">\n<div class=\"flex w-full flex-col gap-1 empty:hidden first:pt-[3px]\">\n<div class=\"markdown prose dark:prose-invert w-full break-words dark\">\n<p class=\"\" data-start=\"0\" data-end=\"71\"><strong data-start=\"0\" data-end=\"71\" data-is-last-node=\"\" data-is-only-node=\"\"><a class=\"dt-pswp-item\" href=\"https:\/\/www.radiopiu.net\/wordpress\/wp-content\/uploads\/2025\/04\/pasod-alberto-armellini1.jpg\" data-dt-img-description=\"\" data-large_image_width=\"1280\" data-large_image_height=\"852\"><img loading=\"lazy\" decoding=\"async\" class=\" wp-image-443740 alignleft\" src=\"https:\/\/www.radiopiu.net\/wordpress\/wp-content\/uploads\/2025\/04\/pasod-alberto-armellini1-300x200.jpg\" alt=\"\" width=\"218\" height=\"145\" srcset=\"https:\/\/www.radiopiu.net\/wordpress\/wp-content\/uploads\/2025\/04\/pasod-alberto-armellini1-300x200.jpg 300w, https:\/\/www.radiopiu.net\/wordpress\/wp-content\/uploads\/2025\/04\/pasod-alberto-armellini1-1024x682.jpg 1024w, https:\/\/www.radiopiu.net\/wordpress\/wp-content\/uploads\/2025\/04\/pasod-alberto-armellini1-768x511.jpg 768w, https:\/\/www.radiopiu.net\/wordpress\/wp-content\/uploads\/2025\/04\/pasod-alberto-armellini1.jpg 1280w\" sizes=\"auto, (max-width: 218px) 100vw, 218px\" \/><\/a>EL CORAZ\u00d3N AL SUR: A MEL IL FLAMENCO RACCONTA IL CAMMINO DEI POPOLI<\/strong><\/p>\n<\/div>\n<\/div>\n<\/div>\n<\/div>\n<div class=\"flex justify-start\">\n<div class=\"touch:-me-2 touch:-ms-3.5 -ms-2.5 -me-1 flex items-center p-1 select-none -mt-1 duration-[1.5s] focus-within:transition-none hover:transition-none pointer-events-none [mask-image:linear-gradient(to_right,black_33%,transparent_66%)] [mask-position:100%_0%] [mask-size:300%_100%] motion-safe:transition-[mask-position] group-hover\/turn-messages:pointer-events-auto group-hover\/turn-messages:[mask-position:0_0] group-focus-within\/turn-messages:pointer-events-auto group-focus-within\/turn-messages:[mask-position:0_0] has-data-[state=open]:pointer-events-auto has-data-[state=open]:[mask-position:0_0]\"><\/div>\n<\/div>\n<\/div>\n<\/div>\n<\/div>\n<\/div>\n<\/article>\n<\/blockquote>\n<p><strong>BORGO VALBELLUNA\u00a0<\/strong> Venerd\u00ec 11 aprile alle 20:45, presso la Sala Auditorium di San Pietro a Mel, <em data-start=\"117\" data-end=\"138\">Camminando Festival<\/em> propone El Coraz\u00f3n al Sur, spettacolo di flamenco con la bailaora Manuela Carretta e il Duo Pasodoble 21. Un viaggio musicale, poetico e coreografico che racconta la nascita della civilt\u00e0 iberoamericana attraverso danze, canti e contaminazioni culturali. Il flamenco diventa metafora del cammino, dell\u2019incontro tra popoli e della costruzione di nuove identit\u00e0. Protagoniste quattro figure femminili simbolo del m\u00e9tissage: Tomasa, Chinoca, Malena e Beatriz, che daranno vita a uno spettacolo coinvolgente e ricco di emozioni. Ingresso libero con offerta consapevole.<\/p>\n<p>&nbsp;<\/p>\n<p>&nbsp;<\/p>\n<hr \/>\n<p>&nbsp;<\/p>\n<blockquote>\n<p class=\"\" data-start=\"0\" data-end=\"62\"><strong data-start=\"0\" data-end=\"62\"><a class=\"dt-pswp-item\" href=\"https:\/\/www.radiopiu.net\/wordpress\/wp-content\/uploads\/2025\/04\/14-Osteria-Shakespeare-4-scaled.jpg\" data-dt-img-description=\"\" data-large_image_width=\"2560\" data-large_image_height=\"1707\"><img loading=\"lazy\" decoding=\"async\" class=\"wp-image-443790 alignleft\" src=\"https:\/\/www.radiopiu.net\/wordpress\/wp-content\/uploads\/2025\/04\/14-Osteria-Shakespeare-4-300x200.jpg\" alt=\"\" width=\"159\" height=\"106\" srcset=\"https:\/\/www.radiopiu.net\/wordpress\/wp-content\/uploads\/2025\/04\/14-Osteria-Shakespeare-4-300x200.jpg 300w, https:\/\/www.radiopiu.net\/wordpress\/wp-content\/uploads\/2025\/04\/14-Osteria-Shakespeare-4-1024x683.jpg 1024w, https:\/\/www.radiopiu.net\/wordpress\/wp-content\/uploads\/2025\/04\/14-Osteria-Shakespeare-4-768x512.jpg 768w, https:\/\/www.radiopiu.net\/wordpress\/wp-content\/uploads\/2025\/04\/14-Osteria-Shakespeare-4-1536x1024.jpg 1536w, https:\/\/www.radiopiu.net\/wordpress\/wp-content\/uploads\/2025\/04\/14-Osteria-Shakespeare-4-2048x1365.jpg 2048w\" sizes=\"auto, (max-width: 159px) 100vw, 159px\" \/><\/a>LA 1A STAGIONE DI ALPAGO SI CHIUDE CON OSTERIA SHAKESPEARE<\/strong><\/p>\n<\/blockquote>\n<p class=\"\" data-start=\"64\" data-end=\"799\"><strong>ALPAGO<\/strong> Domenica alle 16.30, alla Casa della Giovent\u00f9 di Puos, si concluder\u00e0 la prima rassegna teatrale promossa dal Circolo in Comune di Alpago. Il Centro Teatrale Da Ponte di Vittorio Veneto presenter\u00e0 \u201cOsteria Shakespeare\u201d, uno spettacolo diretto da Edoardo Fainello che sfida il tempo rappresentando 7 opere di Shakespeare in meno di 70 minuti, con il coinvolgimento del pubblico.\u00a0 Il biglietto costa 18 euro e la prenotazione \u00e8 disponibile online.<\/p>\n<p>&nbsp;<\/p>\n<hr \/>\n<p>&nbsp;<\/p>\n<blockquote>\n<h3 data-start=\"0\" data-end=\"48\"><strong data-start=\"0\" data-end=\"48\"><a class=\"dt-pswp-item\" href=\"https:\/\/www.radiopiu.net\/wordpress\/wp-content\/uploads\/2025\/04\/Immagine-2025-04-07-103532.jpg\" data-dt-img-description=\"\" data-large_image_width=\"516\" data-large_image_height=\"231\"><img loading=\"lazy\" decoding=\"async\" class=\" wp-image-443755 alignleft\" src=\"https:\/\/www.radiopiu.net\/wordpress\/wp-content\/uploads\/2025\/04\/Immagine-2025-04-07-103532-300x134.jpg\" alt=\"\" width=\"249\" height=\"111\" srcset=\"https:\/\/www.radiopiu.net\/wordpress\/wp-content\/uploads\/2025\/04\/Immagine-2025-04-07-103532-300x134.jpg 300w, https:\/\/www.radiopiu.net\/wordpress\/wp-content\/uploads\/2025\/04\/Immagine-2025-04-07-103532.jpg 516w\" sizes=\"auto, (max-width: 249px) 100vw, 249px\" \/><\/a>LE PR\u00c9NOM CHIUDE LA 48A STAGIONE DEL CIRCOLO<\/strong><\/h3>\n<\/blockquote>\n<p class=\"\" data-start=\"50\" data-end=\"478\"><strong>BELLUNO<\/strong> Sabato 12 aprile alle 20:45, il Teatro Dino Buzzati di Belluno ospiter\u00e0 l\u2019ultima rappresentazione della brillante commedia francese <em data-start=\"207\" data-end=\"218\">Le Pr\u00e9nom<\/em>, che saluta la 48a stagione di Prosa del Circolo Cultura e Stampa Bellunese. La versione italiana, adattata da Fausto Paravidino, vede sul palco Lisa Galantini, Alberto Giusta, Davide Lorino, Elisabetta Mazzullo e Aldo Ottobrino, diretti da Antonio Zavatteri. La commedia, ricca di colpi di scena e momenti esilaranti, narra le vicende di un gruppo di quarantenni alle prese con amicizie, rancori e segreti, durante una conviviale serata in casa di due professori di sinistra. Tra equivoci e rivelazioni, il dialogo arguto e musicale si trasforma in una riflessione profonda sulle dinamiche della media borghesia e sulle scelte personali, in un susseguirsi di situazioni che sanno coniugare ironia e introspezione. Informazioni e biglietti (costo da 25 a 45 euro a persona) sono disponibili presso il Circolo Cultura e Stampa Bellunese.<\/p>\n<p>&nbsp;<\/p>\n<p>&nbsp;<\/p>\n<hr \/>\n<p>&nbsp;<\/p>\n<blockquote>\n<h3 class=\"\" data-start=\"0\" data-end=\"70\"><strong data-start=\"4\" data-end=\"68\">ASSEMBLEA ORDINARIA DELL\u2019UNIONE ITALIANA CIECHI E IPOVEDENTI<\/strong><\/h3>\n<\/blockquote>\n<p class=\"\" data-start=\"72\" data-end=\"368\"><strong>BELLUNO<\/strong> Domenica 13 aprile 2025, alle\u00a0 9 nella Sala Muccin del Centro Congressi Giovanni XXIII di Belluno, si terr\u00e0 l\u2019Assemblea ordinaria dell\u2019Unione Italiana dei Ciechi e degli Ipovedenti. Durante l\u2019incontro si eleggeranno il nuovo Consiglio Direttivo e i rappresentanti regionali e nazionali.<\/p>\n<p>&nbsp;<\/p>\n<hr \/>\n<p>&nbsp;<\/p>\n<blockquote>\n<article class=\"w-full text-token-text-primary\" dir=\"auto\" data-testid=\"conversation-turn-4\" data-scroll-anchor=\"true\">\n<div class=\"text-base my-auto mx-auto py-5 px-6\">\n<div class=\"mx-auto flex flex-1 text-base gap-4 md:gap-5 lg:gap-6 md:max-w-3xl group\/turn-messages focus-visible:outline-none\" tabindex=\"-1\">\n<div class=\"group\/conversation-turn relative flex w-full min-w-0 flex-col agent-turn @xs\/thread:px-0 @sm\/thread:px-1.5 @md\/thread:px-4\">\n<div class=\"relative flex-col gap-1 md:gap-3\">\n<div class=\"flex max-w-full flex-col flex-grow\">\n<div class=\"min-h-8 text-message relative flex w-full flex-col items-end gap-2 whitespace-normal break-words text-start [.text-message+&amp;]:mt-5\" dir=\"auto\" data-message-author-role=\"assistant\" data-message-id=\"c95c95c6-a1ac-4866-a6e0-43ed1c022444\" data-message-model-slug=\"gpt-4o\">\n<div class=\"flex w-full flex-col gap-1 empty:hidden first:pt-[3px]\">\n<div class=\"markdown prose w-full break-words dark:prose-invert dark\">\n<p data-pm-slice=\"1 1 []\"><strong>Dal disegno al colore: a Canale d\u2019Agordo la personale di Lucio Groja<\/strong><\/p>\n<\/div>\n<\/div>\n<\/div>\n<\/div>\n<\/div>\n<\/div>\n<\/div>\n<\/div>\n<\/article>\n<\/blockquote>\n<article class=\"w-full text-token-text-primary\" dir=\"auto\" data-testid=\"conversation-turn-4\" data-scroll-anchor=\"true\">\n<div class=\"text-base my-auto mx-auto py-5 px-6\">\n<div class=\"mx-auto flex flex-1 text-base gap-4 md:gap-5 lg:gap-6 md:max-w-3xl group\/turn-messages focus-visible:outline-none\" tabindex=\"-1\">\n<div class=\"group\/conversation-turn relative flex w-full min-w-0 flex-col agent-turn @xs\/thread:px-0 @sm\/thread:px-1.5 @md\/thread:px-4\">\n<div class=\"absolute\">\n<p class=\"flex items-center justify-center\"><strong>CANALE D&#8217;AGORDO<\/strong> Dal 12 al 27 aprile 2025, la Sala consiliare del municipio di Canale d&#8217;Agordo ospiter\u00e0 la mostra &#8220;Dal disegno al colore&#8221;, personale di pittura dell&#8217;artista Lucio Groja.\u00a0 L\u2019inaugurazione \u00e8 prevista per sabato 12 aprile alle 17.30.\u00a0 L\u2019evento si inserisce nel panorama culturale locale come occasione di incontro con l\u2019arte contemporanea.<\/p>\n<p>&nbsp;<\/p>\n<p>&nbsp;<\/p>\n<hr \/>\n<p>&nbsp;<\/p>\n<blockquote>\n<h3>IL GIOCO DELLE COSTELLAZIONI SABATO A FELTRE<\/h3>\n<\/blockquote>\n<p><strong>FELTRE<\/strong> Sabato 12 aprile alle 21, Gabriele Vanin guider\u00e0 \u201cIl gioco delle costellazioni\u201d, una serata interattiva per bambini con modelli viventi per spiegare Sole, Luna, Terra, pianeti e stelle. Se il cielo sar\u00e0 sereno, si osserver\u00e0 la Luna piena e altre meraviglie celesti, tra cui stelle colorate, sistemi stellari multipli e la Stazione Spaziale Cinese Tiangong. Ingresso 5 euro, gratuito per soci e bambini sotto gli 11 anni. Una sorpresa speciale \u00e8 riservata ai partecipanti.<\/p>\n<p>&nbsp;<\/p>\n<p>&nbsp;<\/p>\n<hr \/>\n<p>&nbsp;<\/p>\n<\/div>\n<\/div>\n<\/div>\n<\/div>\n<\/article>\n<h1><span style=\"color: #ff6600;\">IERI ALLA RADIO<\/span><\/h1>\n<h2><span style=\"color: #ff00ff;\">OGGI COME IERI, TERZO ANNO. CON SILVIA BALDO<\/span><\/h2>\n<p><strong><a class=\"dt-pswp-item\" href=\"https:\/\/www.radiopiu.net\/wordpress\/wp-content\/uploads\/2025\/04\/alberto-angela-1200.jpg\" data-dt-img-description=\"\" data-large_image_width=\"1200\" data-large_image_height=\"630\"><img loading=\"lazy\" decoding=\"async\" class=\" wp-image-444047 alignleft\" src=\"https:\/\/www.radiopiu.net\/wordpress\/wp-content\/uploads\/2025\/04\/alberto-angela-1200-300x158.jpg\" alt=\"\" width=\"152\" height=\"80\" srcset=\"https:\/\/www.radiopiu.net\/wordpress\/wp-content\/uploads\/2025\/04\/alberto-angela-1200-300x158.jpg 300w, https:\/\/www.radiopiu.net\/wordpress\/wp-content\/uploads\/2025\/04\/alberto-angela-1200-1024x538.jpg 1024w, https:\/\/www.radiopiu.net\/wordpress\/wp-content\/uploads\/2025\/04\/alberto-angela-1200-768x403.jpg 768w, https:\/\/www.radiopiu.net\/wordpress\/wp-content\/uploads\/2025\/04\/alberto-angela-1200.jpg 1200w\" sizes=\"auto, (max-width: 152px) 100vw, 152px\" \/><\/a>08 APRILE ALBERTO ANGELA<\/strong><\/p>\n<audio class=\"wp-audio-shortcode\" id=\"audio-443901-14\" preload=\"none\" style=\"width: 100%;\" controls=\"controls\"><source type=\"audio\/mpeg\" src=\"https:\/\/www.radiopiu.net\/wordpress\/wp-content\/uploads\/2025\/04\/SIBI2-1.mp3?_=14\" \/><a href=\"https:\/\/www.radiopiu.net\/wordpress\/wp-content\/uploads\/2025\/04\/SIBI2-1.mp3\">https:\/\/www.radiopiu.net\/wordpress\/wp-content\/uploads\/2025\/04\/SIBI2-1.mp3<\/a><\/audio>\n<p>&nbsp;<\/p>\n<p><strong>LA RACCOLTA COMPLETA <a href=\"https:\/\/www.radiopiu.net\/wordpress\/oggi-come-ieri-terzo-anno-con-silvia-baldo\/\"><span style=\"color: #3366ff;\">CLICCA QUI<\/span><\/a><\/strong><\/p>\n<p>&nbsp;<\/p>\n<hr \/>\n<p>&nbsp;<\/p>\n<h2><span style=\"color: #ffcc00;\">&#8220;DINTORN E FORA VIA&#8221;\u00a0 IL PROGRAMMA\u00a0 A CURA DEL MUSLA<\/span><\/h2>\n<p><strong><a class=\"dt-pswp-item\" href=\"https:\/\/www.radiopiu.net\/wordpress\/wp-content\/uploads\/2022\/05\/QUOTIDIANO-GIORNALE.jpg\" data-dt-img-description=\"\" data-large_image_width=\"1920\" data-large_image_height=\"1271\"><img loading=\"lazy\" decoding=\"async\" class=\" wp-image-274885 alignleft\" src=\"https:\/\/www.radiopiu.net\/wordpress\/wp-content\/uploads\/2022\/05\/QUOTIDIANO-GIORNALE-300x199.jpg\" alt=\"\" width=\"157\" height=\"104\" srcset=\"https:\/\/www.radiopiu.net\/wordpress\/wp-content\/uploads\/2022\/05\/QUOTIDIANO-GIORNALE-300x199.jpg 300w, https:\/\/www.radiopiu.net\/wordpress\/wp-content\/uploads\/2022\/05\/QUOTIDIANO-GIORNALE-1024x678.jpg 1024w, https:\/\/www.radiopiu.net\/wordpress\/wp-content\/uploads\/2022\/05\/QUOTIDIANO-GIORNALE-768x508.jpg 768w, https:\/\/www.radiopiu.net\/wordpress\/wp-content\/uploads\/2022\/05\/QUOTIDIANO-GIORNALE-1536x1017.jpg 1536w, https:\/\/www.radiopiu.net\/wordpress\/wp-content\/uploads\/2022\/05\/QUOTIDIANO-GIORNALE.jpg 1920w\" sizes=\"auto, (max-width: 157px) 100vw, 157px\" \/><\/a>PUNTATA DEL 08 APRILE 2025 <span style=\"color: #ff0000;\"><span style=\"color: #000000;\">LORENZO DE VALLIER<\/span><\/span><\/strong><\/p>\n<audio class=\"wp-audio-shortcode\" id=\"audio-443901-15\" preload=\"none\" style=\"width: 100%;\" controls=\"controls\"><source type=\"audio\/mpeg\" src=\"https:\/\/www.radiopiu.net\/wordpress\/wp-content\/uploads\/2025\/04\/MUSLA-2.mp3?_=15\" \/><a href=\"https:\/\/www.radiopiu.net\/wordpress\/wp-content\/uploads\/2025\/04\/MUSLA-2.mp3\">https:\/\/www.radiopiu.net\/wordpress\/wp-content\/uploads\/2025\/04\/MUSLA-2.mp3<\/a><\/audio>\n<p>&nbsp;<\/p>\n<p><strong>LA RACCOLTA COMPLETA <a href=\"https:\/\/www.radiopiu.net\/wordpress\/musla\/\"><span style=\"color: #3366ff;\">CLICCA QUI<\/span><\/a><\/strong><\/p>\n<p>&nbsp;<\/p>\n<hr \/>\n<p>&nbsp;<\/p>\n<h2><span style=\"color: #00ccff;\">GIANNIANTONIO CASSISI: LA MUSICOTERAPIA E RAPPORTO MEDICO PAZIENTE<\/span><\/h2>\n<p><strong><a class=\"dt-pswp-item\" href=\"https:\/\/www.radiopiu.net\/wordpress\/wp-content\/uploads\/2025\/04\/gianniantonio-cassisi.jpg\" data-dt-img-description=\"\" data-large_image_width=\"2280\" data-large_image_height=\"1626\"><img loading=\"lazy\" decoding=\"async\" class=\" wp-image-444051 alignleft\" src=\"https:\/\/www.radiopiu.net\/wordpress\/wp-content\/uploads\/2025\/04\/gianniantonio-cassisi-300x214.jpg\" alt=\"\" width=\"184\" height=\"131\" srcset=\"https:\/\/www.radiopiu.net\/wordpress\/wp-content\/uploads\/2025\/04\/gianniantonio-cassisi-300x214.jpg 300w, https:\/\/www.radiopiu.net\/wordpress\/wp-content\/uploads\/2025\/04\/gianniantonio-cassisi-1024x730.jpg 1024w, https:\/\/www.radiopiu.net\/wordpress\/wp-content\/uploads\/2025\/04\/gianniantonio-cassisi-768x548.jpg 768w, https:\/\/www.radiopiu.net\/wordpress\/wp-content\/uploads\/2025\/04\/gianniantonio-cassisi-1536x1095.jpg 1536w, https:\/\/www.radiopiu.net\/wordpress\/wp-content\/uploads\/2025\/04\/gianniantonio-cassisi-2048x1461.jpg 2048w\" sizes=\"auto, (max-width: 184px) 100vw, 184px\" \/><\/a>DI MARINA DONA&#8217;<\/strong><\/p>\n<p>OSPITE: Gianniantonio Cassisi<\/p>\n<audio class=\"wp-audio-shortcode\" id=\"audio-443901-16\" preload=\"none\" style=\"width: 100%;\" controls=\"controls\"><source type=\"audio\/mpeg\" src=\"https:\/\/www.radiopiu.net\/wordpress\/wp-content\/uploads\/2025\/04\/REPORTER-GIANNI-ANTONIO-CASSISI-MUSICOTERAPIA-E-RAPPORTO-MEDICO-PAZIENTE-2.mp3?_=16\" \/><a href=\"https:\/\/www.radiopiu.net\/wordpress\/wp-content\/uploads\/2025\/04\/REPORTER-GIANNI-ANTONIO-CASSISI-MUSICOTERAPIA-E-RAPPORTO-MEDICO-PAZIENTE-2.mp3\">https:\/\/www.radiopiu.net\/wordpress\/wp-content\/uploads\/2025\/04\/REPORTER-GIANNI-ANTONIO-CASSISI-MUSICOTERAPIA-E-RAPPORTO-MEDICO-PAZIENTE-2.mp3<\/a><\/audio>\n<p>&nbsp;<\/p>\n<hr \/>\n<p>&nbsp;<\/p>\n<blockquote class=\"wp-embedded-content\" data-secret=\"oT0iqQfKPa\"><p><a href=\"https:\/\/www.radiopiu.net\/wordpress\/rivamonte-ricorda-lex-sindaco-gianni-pezzei-una-mostra-tra-memoria-e-gratitudine\/\">Rivamonte ricorda l\u2019ex sindaco Gianni Pezzei: una mostra tra memoria e gratitudine<\/a><\/p><\/blockquote>\n<p><iframe loading=\"lazy\" class=\"wp-embedded-content\" sandbox=\"allow-scripts\" security=\"restricted\" style=\"position: absolute; visibility: hidden;\" title=\"&#8220;Rivamonte ricorda l\u2019ex sindaco Gianni Pezzei: una mostra tra memoria e gratitudine&#8221; &#8212; Radio Pi\u00f9\" src=\"https:\/\/www.radiopiu.net\/wordpress\/rivamonte-ricorda-lex-sindaco-gianni-pezzei-una-mostra-tra-memoria-e-gratitudine\/embed\/#?secret=5HhBNqFX0R#?secret=oT0iqQfKPa\" data-secret=\"oT0iqQfKPa\" width=\"600\" height=\"338\" frameborder=\"0\" marginwidth=\"0\" marginheight=\"0\" scrolling=\"no\"><\/iframe><\/p>\n<hr \/>\n<p>&nbsp;<\/p>\n<h2><span style=\"color: #ff0000;\"><a class=\"dt-pswp-item\" href=\"https:\/\/www.radiopiu.net\/wordpress\/wp-content\/uploads\/2018\/09\/appuntamenti.jpeg\" data-dt-img-description=\"\" data-large_image_width=\"800\" data-large_image_height=\"100\"><img loading=\"lazy\" decoding=\"async\" class=\"wp-image-61958 size-full aligncenter\" src=\"https:\/\/www.radiopiu.net\/wordpress\/wp-content\/uploads\/2018\/09\/appuntamenti.jpeg\" alt=\"\" width=\"800\" height=\"100\" srcset=\"https:\/\/www.radiopiu.net\/wordpress\/wp-content\/uploads\/2018\/09\/appuntamenti.jpeg 800w, https:\/\/www.radiopiu.net\/wordpress\/wp-content\/uploads\/2018\/09\/appuntamenti-300x38.jpeg 300w, https:\/\/www.radiopiu.net\/wordpress\/wp-content\/uploads\/2018\/09\/appuntamenti-768x96.jpeg 768w\" sizes=\"auto, (max-width: 800px) 100vw, 800px\" \/><\/a><\/span><\/h2>\n<p>&nbsp;<\/p>\n<div>\n<div class=\"\" dir=\"auto\">\n<div id=\":r9h:\" class=\"x1iorvi4 x1pi30zi x1l90r2v x1swvt13\" data-ad-comet-preview=\"message\" data-ad-preview=\"message\">\n<div class=\"\" dir=\"auto\">\n<div id=\":r9h:\" class=\"x1iorvi4 x1pi30zi x1l90r2v x1swvt13\" data-ad-comet-preview=\"message\" data-ad-preview=\"message\">\n<div class=\"\" dir=\"auto\">\n<div id=\":r9h:\" class=\"x1iorvi4 x1pi30zi x1l90r2v x1swvt13\" data-ad-comet-preview=\"message\" data-ad-preview=\"message\">\n<div class=\"\" dir=\"auto\">\n<div id=\":r9h:\" class=\"x1iorvi4 x1pi30zi x1l90r2v x1swvt13\" data-ad-comet-preview=\"message\" data-ad-preview=\"message\">\n<div>\n<div class=\"\" dir=\"auto\">\n<div id=\":r9h:\" class=\"x1iorvi4 x1pi30zi x1l90r2v x1swvt13\" data-ad-comet-preview=\"message\" data-ad-preview=\"message\">\n<div>\n<div class=\"\" dir=\"auto\">\n<div id=\":r9h:\" class=\"x1iorvi4 x1pi30zi x1l90r2v x1swvt13\" data-ad-comet-preview=\"message\" data-ad-preview=\"message\">\n<div class=\"xdj266r x11i5rnm xat24cr x1mh8g0r x1vvkbs x126k92a\">\n<div dir=\"auto\"><\/div>\n<\/div>\n<div>\n<div class=\"\" dir=\"auto\">\n<div id=\":r9h:\" class=\"x1iorvi4 x1pi30zi x1l90r2v x1swvt13\" data-ad-comet-preview=\"message\" data-ad-preview=\"message\">\n<div>\n<div class=\"\" dir=\"auto\">\n<div id=\":r9h:\" class=\"x1iorvi4 x1pi30zi x1l90r2v x1swvt13\" data-ad-comet-preview=\"message\" data-ad-preview=\"message\">\n\n\t\t\t<style type='text\/css'>\n\t\t\t\t#gallery-2 {\n\t\t\t\t\tmargin: auto;\n\t\t\t\t}\n\t\t\t\t#gallery-2 .gallery-item {\n\t\t\t\t\tfloat: left;\n\t\t\t\t\tmargin-top: 10px;\n\t\t\t\t\ttext-align: center;\n\t\t\t\t\twidth: 25%;\n\t\t\t\t}\n\t\t\t\t#gallery-2 img {\n\t\t\t\t\tborder: 2px solid #cfcfcf;\n\t\t\t\t}\n\t\t\t\t#gallery-2 .gallery-caption {\n\t\t\t\t\tmargin-left: 0;\n\t\t\t\t}\n\t\t\t\t\/* see gallery_shortcode() in wp-includes\/media.php *\/\n\t\t\t<\/style>\n\t\t<div id='gallery-2' class='dt-gallery-container gallery galleryid-443901 gallery-columns-4 gallery-size-thumbnail'><dl class='gallery-item'>\n\t\t\t\t<dt class='gallery-icon portrait'>\n\t\t\t\t\t<a class=\"rollover rollover-zoom dt-pswp-item\" title=\"Senza nome\" data-dt-img-description=\"\" data-large_image_width=\"569\" data-large_image_height=\"801\"href='https:\/\/www.radiopiu.net\/wordpress\/wp-content\/uploads\/2025\/02\/Senza-nome-23.png'><img loading=\"lazy\" decoding=\"async\" width=\"150\" height=\"150\" src=\"https:\/\/www.radiopiu.net\/wordpress\/wp-content\/uploads\/2025\/02\/Senza-nome-23-150x150.png\" class=\"attachment-thumbnail size-thumbnail\" alt=\"\" \/><\/a>\n\t\t\t\t<\/dt><\/dl><dl class='gallery-item'>\n\t\t\t\t<dt class='gallery-icon portrait'>\n\t\t\t\t\t<a class=\"rollover rollover-zoom dt-pswp-item\" title=\"Aprile\" data-dt-img-description=\"\" data-large_image_width=\"841\" data-large_image_height=\"1190\"href='https:\/\/www.radiopiu.net\/wordpress\/wp-content\/uploads\/2025\/03\/Aprile.jpg'><img loading=\"lazy\" decoding=\"async\" width=\"150\" height=\"150\" src=\"https:\/\/www.radiopiu.net\/wordpress\/wp-content\/uploads\/2025\/03\/Aprile-150x150.jpg\" class=\"attachment-thumbnail size-thumbnail\" alt=\"\" \/><\/a>\n\t\t\t\t<\/dt><\/dl><dl class='gallery-item'>\n\t\t\t\t<dt class='gallery-icon portrait'>\n\t\t\t\t\t<a class=\"rollover rollover-zoom dt-pswp-item\" title=\"Locandina posturale primavera 2025\" data-dt-img-description=\"\" data-large_image_width=\"1132\" data-large_image_height=\"1600\"href='https:\/\/www.radiopiu.net\/wordpress\/wp-content\/uploads\/2025\/03\/Locandina-posturale-primavera-2025.jpeg'><img loading=\"lazy\" decoding=\"async\" width=\"150\" height=\"150\" src=\"https:\/\/www.radiopiu.net\/wordpress\/wp-content\/uploads\/2025\/03\/Locandina-posturale-primavera-2025-150x150.jpeg\" class=\"attachment-thumbnail size-thumbnail\" alt=\"\" \/><\/a>\n\t\t\t\t<\/dt><\/dl><dl class='gallery-item'>\n\t\t\t\t<dt class='gallery-icon portrait'>\n\t\t\t\t\t<a class=\"rollover rollover-zoom dt-pswp-item\" title=\"Locandina Gardaland 19.05.2025\" data-dt-img-description=\"\" data-large_image_width=\"1131\" data-large_image_height=\"1600\"href='https:\/\/www.radiopiu.net\/wordpress\/wp-content\/uploads\/2025\/03\/Locandina-Gardaland-19.05.2025.jpeg'><img loading=\"lazy\" decoding=\"async\" width=\"150\" height=\"150\" src=\"https:\/\/www.radiopiu.net\/wordpress\/wp-content\/uploads\/2025\/03\/Locandina-Gardaland-19.05.2025-150x150.jpeg\" class=\"attachment-thumbnail size-thumbnail\" alt=\"\" \/><\/a>\n\t\t\t\t<\/dt><\/dl><br style=\"clear: both\" \/><dl class='gallery-item'>\n\t\t\t\t<dt class='gallery-icon landscape'>\n\t\t\t\t\t<a class=\"rollover rollover-zoom dt-pswp-item\" title=\"Senza nome\" data-dt-img-description=\"\" data-large_image_width=\"753\" data-large_image_height=\"334\"href='https:\/\/www.radiopiu.net\/wordpress\/wp-content\/uploads\/2025\/04\/Senza-nome-2.png'><img loading=\"lazy\" decoding=\"async\" width=\"150\" height=\"150\" src=\"https:\/\/www.radiopiu.net\/wordpress\/wp-content\/uploads\/2025\/04\/Senza-nome-2-150x150.png\" class=\"attachment-thumbnail size-thumbnail\" alt=\"\" \/><\/a>\n\t\t\t\t<\/dt><\/dl><dl class='gallery-item'>\n\t\t\t\t<dt class='gallery-icon portrait'>\n\t\t\t\t\t<a class=\"rollover rollover-zoom dt-pswp-item\" title=\"ASSEMBLEA_2025\" data-dt-img-description=\"\" data-large_image_width=\"1131\" data-large_image_height=\"1600\"href='https:\/\/www.radiopiu.net\/wordpress\/wp-content\/uploads\/2025\/04\/ASSEMBLEA_2025.jpeg'><img loading=\"lazy\" decoding=\"async\" width=\"150\" height=\"150\" src=\"https:\/\/www.radiopiu.net\/wordpress\/wp-content\/uploads\/2025\/04\/ASSEMBLEA_2025-150x150.jpeg\" class=\"attachment-thumbnail size-thumbnail\" alt=\"\" \/><\/a>\n\t\t\t\t<\/dt><\/dl><dl class='gallery-item'>\n\t\t\t\t<dt class='gallery-icon portrait'>\n\t\t\t\t\t<a class=\"rollover rollover-zoom dt-pswp-item\" title=\"1744137879137\" data-dt-img-description=\"\" data-large_image_width=\"1414\" data-large_image_height=\"2000\"href='https:\/\/www.radiopiu.net\/wordpress\/wp-content\/uploads\/2025\/04\/1744137879137.png'><img loading=\"lazy\" decoding=\"async\" width=\"150\" height=\"150\" src=\"https:\/\/www.radiopiu.net\/wordpress\/wp-content\/uploads\/2025\/04\/1744137879137-150x150.png\" class=\"attachment-thumbnail size-thumbnail\" alt=\"\" \/><\/a>\n\t\t\t\t<\/dt><\/dl><dl class='gallery-item'>\n\t\t\t\t<dt class='gallery-icon portrait'>\n\t\t\t\t\t<a class=\"rollover rollover-zoom dt-pswp-item\" title=\"Locandina Operazione Piave Serena Antonio\" data-dt-img-description=\"\" data-large_image_width=\"1447\" data-large_image_height=\"2048\"href='https:\/\/www.radiopiu.net\/wordpress\/wp-content\/uploads\/2025\/04\/Locandina-Operazione-Piave-Serena-Antonio.jpg'><img loading=\"lazy\" decoding=\"async\" width=\"150\" height=\"150\" src=\"https:\/\/www.radiopiu.net\/wordpress\/wp-content\/uploads\/2025\/04\/Locandina-Operazione-Piave-Serena-Antonio-150x150.jpg\" class=\"attachment-thumbnail size-thumbnail\" alt=\"\" \/><\/a>\n\t\t\t\t<\/dt><\/dl><br style=\"clear: both\" \/><dl class='gallery-item'>\n\t\t\t\t<dt class='gallery-icon portrait'>\n\t\t\t\t\t<a class=\"rollover rollover-zoom dt-pswp-item\" title=\"488508424_18408367480096744_440585597055027067_n\" data-dt-img-description=\"\" data-large_image_width=\"1440\" data-large_image_height=\"1799\"href='https:\/\/www.radiopiu.net\/wordpress\/wp-content\/uploads\/2025\/04\/488508424_18408367480096744_440585597055027067_n.jpg'><img loading=\"lazy\" decoding=\"async\" width=\"150\" height=\"150\" src=\"https:\/\/www.radiopiu.net\/wordpress\/wp-content\/uploads\/2025\/04\/488508424_18408367480096744_440585597055027067_n-150x150.jpg\" class=\"attachment-thumbnail size-thumbnail\" alt=\"\" \/><\/a>\n\t\t\t\t<\/dt><\/dl><dl class='gallery-item'>\n\t\t\t\t<dt class='gallery-icon portrait'>\n\t\t\t\t\t<a class=\"rollover rollover-zoom dt-pswp-item\" title=\"11apr25-VolantinoDanilo-700\" data-dt-img-description=\"\" data-large_image_width=\"1200\" data-large_image_height=\"1817\"href='https:\/\/www.radiopiu.net\/wordpress\/wp-content\/uploads\/2025\/04\/11apr25-VolantinoDanilo-700.jpg'><img loading=\"lazy\" decoding=\"async\" width=\"150\" height=\"150\" src=\"https:\/\/www.radiopiu.net\/wordpress\/wp-content\/uploads\/2025\/04\/11apr25-VolantinoDanilo-700-150x150.jpg\" class=\"attachment-thumbnail size-thumbnail\" alt=\"\" \/><\/a>\n\t\t\t\t<\/dt><\/dl>\n\t\t\t\t<br style='clear: both' \/>\n\t\t\t<\/div>\n\n<p>&nbsp;<\/p>\n<\/div>\n<\/div>\n<\/div>\n<\/div>\n<\/div>\n<\/div>\n<\/div>\n<\/div>\n<\/div>\n<\/div>\n<\/div>\n<\/div>\n<\/div>\n<\/div>\n<\/div>\n<\/div>\n<\/div>\n<\/div>\n<\/div>\n<\/div>\n<\/div>\n<div>\n<div class=\"\" dir=\"auto\">\n<div id=\":r9h:\" class=\"x1iorvi4 x1pi30zi x1l90r2v x1swvt13\" data-ad-comet-preview=\"message\" data-ad-preview=\"message\">\n<div class=\"\" dir=\"auto\">\n<div id=\":r9h:\" class=\"x1iorvi4 x1pi30zi x1l90r2v x1swvt13\" data-ad-comet-preview=\"message\" data-ad-preview=\"message\">\n<div class=\"\" dir=\"auto\">\n<div id=\":r9h:\" class=\"x1iorvi4 x1pi30zi x1l90r2v x1swvt13\" data-ad-comet-preview=\"message\" data-ad-preview=\"message\">\n<div class=\"\" dir=\"auto\">\n<div id=\":r9h:\" class=\"x1iorvi4 x1pi30zi x1l90r2v x1swvt13\" data-ad-comet-preview=\"message\" data-ad-preview=\"message\">\n<div>\n<div class=\"\" dir=\"auto\">\n<div id=\":r9h:\" class=\"x1iorvi4 x1pi30zi x1l90r2v x1swvt13\" data-ad-comet-preview=\"message\" data-ad-preview=\"message\">\n<div>\n<div class=\"\" dir=\"auto\">\n<div id=\":r9h:\" class=\"x1iorvi4 x1pi30zi x1l90r2v x1swvt13\" data-ad-comet-preview=\"message\" data-ad-preview=\"message\">\n<div class=\"xdj266r x11i5rnm xat24cr x1mh8g0r x1vvkbs x126k92a\">\n<div dir=\"auto\"><\/div>\n<\/div>\n<div>\n<div class=\"\" dir=\"auto\">\n<div id=\":r9h:\" class=\"x1iorvi4 x1pi30zi x1l90r2v x1swvt13\" data-ad-comet-preview=\"message\" data-ad-preview=\"message\">\n<div>\n<div class=\"\" dir=\"auto\">\n<div id=\":r9h:\" class=\"x1iorvi4 x1pi30zi x1l90r2v x1swvt13\" data-ad-comet-preview=\"message\" data-ad-preview=\"message\">\n<p>&nbsp;<\/p>\n<hr \/>\n<p>&nbsp;<\/p>\n<p>&nbsp;<\/p>\n<\/div>\n<\/div>\n<\/div>\n<\/div>\n<\/div>\n<\/div>\n<\/div>\n<\/div>\n<\/div>\n<\/div>\n<\/div>\n<\/div>\n<\/div>\n<\/div>\n<\/div>\n<\/div>\n<\/div>\n<\/div>\n<\/div>\n<\/div>\n<\/div>\n<p class=\"mceTemp\"><a class=\"dt-pswp-item\" href=\"https:\/\/www.radiopiu.net\/wordpress\/wp-content\/uploads\/2018\/09\/WhatsApp-Image-2018-09-20-at-16.04.06.jpeg\" data-dt-img-description=\"\" data-large_image_width=\"800\" data-large_image_height=\"100\"><img loading=\"lazy\" decoding=\"async\" class=\"wp-image-61378 size-full aligncenter\" src=\"https:\/\/www.radiopiu.net\/wordpress\/wp-content\/uploads\/2018\/09\/WhatsApp-Image-2018-09-20-at-16.04.06.jpeg\" alt=\"\" width=\"800\" height=\"100\" srcset=\"https:\/\/www.radiopiu.net\/wordpress\/wp-content\/uploads\/2018\/09\/WhatsApp-Image-2018-09-20-at-16.04.06.jpeg 800w, https:\/\/www.radiopiu.net\/wordpress\/wp-content\/uploads\/2018\/09\/WhatsApp-Image-2018-09-20-at-16.04.06-300x38.jpeg 300w, https:\/\/www.radiopiu.net\/wordpress\/wp-content\/uploads\/2018\/09\/WhatsApp-Image-2018-09-20-at-16.04.06-768x96.jpeg 768w\" sizes=\"auto, (max-width: 800px) 100vw, 800px\" \/><\/a><\/p>\n<p><center><\/center><center><\/center>&nbsp;<\/p>\n<p>&nbsp;<\/p>\n<p><center><b>OGGI<\/b><\/center>Tempo in prevalenza soleggiato specie in alta montagna, salvo la presenza di nubi basse a carattere sparso nelle valli nelle ore fredde; nelle ore centrali sviluppo di addensamenti nuvolosi anche consistenti, soprattutto a ridosso dei pendii e delle creste, in graduale intensificazione nel corso del pomeriggio e della sera associati a possibili fenomeni sparsi.<br \/>\n<b>Precipitazioni: <\/b>Al mattino assenti. Nel corso del pomeriggio e in serata lieve aumento della probabilit\u00e0 per possibili modesti fenomeni sparsi, nevosi oltre i 1700-2000 m sulle Prealpi e i 1600-1900 m sulle Dolomiti, localmente a carattere di rovescio ma con apporti in genere piuttosto modesti<br \/>\n<b>Temperature: <\/b>In generale contenuto aumento, salvo qualche calo delle minime nelle valli dolomitiche<\/p>\n<hr \/>\n<p><center><b>DOMANI<\/b><\/center>Tempo in prevalenza soleggiato con cielo in genere sereno o poco nuvoloso per transito di nubi alte, a tratti anche nuvoloso in molte valli per formazioni di nubi basse nelle ore fredde e per modesta attivit\u00e0 cumuliforme nelle ore pi\u00f9 calde, specie a ridosso delle cime.<br \/>\n<b>Precipitazioni: <\/b>Assenti (0%).<br \/>\n<b>Temperature: <\/b>In ulteriore generale rialzo.<\/p>\n<hr \/>\n<p><center><b>VENERDI<\/b><\/center>Tempo stabile con cielo in prevalenza sereno con meno nubi basse rispetto a gioved\u00ec soprattutto nella notte e nel primo mattino. Tuttavia sar\u00e0 ancora possibile qualche innocuo addensamento diurno specie nelle ore calde a ridosso delle cime. Precipitazioni assenti. Temperature in ulteriore aumento su valori prossimi o di poco sopra la norma con una moderata inversione termica nella notte.<\/p>\n<hr \/>\n<p><center><b>SABATO<\/b><\/center>Giornata pi\u00f9 nuvolosa rispetto alle precedenti caratterizzata da variabilit\u00e0 con alternanza di schiarite e annuvolamenti e fenomeni ancora assenti. Temperature in contenuto aumento su valori leggermente superiori alle medie stagionali con inversione termica nelle valli durante la notte.<\/p>\n<p>&nbsp;<\/p>\n<blockquote class=\"wp-embedded-content\" data-secret=\"iv8fJLsFVE\"><p><a href=\"https:\/\/www.radiopiu.net\/wordpress\/lad08aaaa\/\">&#8220;NCONTONSE&#8221; IN LADINO SU RADIO PI\u00d9<\/a><\/p><\/blockquote>\n<p><iframe loading=\"lazy\" class=\"wp-embedded-content\" sandbox=\"allow-scripts\" security=\"restricted\" style=\"position: absolute; visibility: hidden;\" title=\"&#8220;&#8220;NCONTONSE&#8221; IN LADINO SU RADIO PI\u00d9&#8221; &#8212; Radio Pi\u00f9\" src=\"https:\/\/www.radiopiu.net\/wordpress\/lad08aaaa\/embed\/#?secret=z9tGRo2XNx#?secret=iv8fJLsFVE\" data-secret=\"iv8fJLsFVE\" width=\"600\" height=\"338\" frameborder=\"0\" marginwidth=\"0\" marginheight=\"0\" scrolling=\"no\"><\/iframe><\/p>\n<p>&nbsp;<\/p>\n<blockquote class=\"wp-embedded-content\" data-secret=\"uwz5E7ZB3T\"><p><a href=\"https:\/\/www.radiopiu.net\/wordpress\/almanac1\/\">RACCOLTA ANNO 2024 N di parom &#8211; L Almanach de la nosta jent<\/a><\/p><\/blockquote>\n<p><iframe loading=\"lazy\" class=\"wp-embedded-content\" sandbox=\"allow-scripts\" security=\"restricted\" style=\"position: absolute; visibility: hidden;\" title=\"&#8220;RACCOLTA ANNO 2024 N di parom &#8211; L Almanach de la nosta jent&#8221; &#8212; Radio Pi\u00f9\" src=\"https:\/\/www.radiopiu.net\/wordpress\/almanac1\/embed\/#?secret=P5Kh38F3a5#?secret=uwz5E7ZB3T\" data-secret=\"uwz5E7ZB3T\" width=\"600\" height=\"338\" frameborder=\"0\" marginwidth=\"0\" marginheight=\"0\" scrolling=\"no\"><\/iframe><\/p>\n<p>&nbsp;<\/p>\n<p>&nbsp;<\/p>\n<blockquote class=\"wp-embedded-content\" data-secret=\"U70yESvFQv\"><p><a href=\"https:\/\/www.radiopiu.net\/wordpress\/raccolta-anno-2024-pirole-de-lenga-dalla-puntata-1-alla-250\/\">RACCOLTA ANNO 2024-25 PIROLE DE LENGA&#8230;DALLA PUNTATA 1<\/a><\/p><\/blockquote>\n<p><iframe loading=\"lazy\" class=\"wp-embedded-content\" sandbox=\"allow-scripts\" security=\"restricted\" style=\"position: absolute; visibility: hidden;\" title=\"&#8220;RACCOLTA ANNO 2024-25 PIROLE DE LENGA&#8230;DALLA PUNTATA 1&#8221; &#8212; Radio Pi\u00f9\" src=\"https:\/\/www.radiopiu.net\/wordpress\/raccolta-anno-2024-pirole-de-lenga-dalla-puntata-1-alla-250\/embed\/#?secret=ai0SERasKv#?secret=U70yESvFQv\" data-secret=\"U70yESvFQv\" width=\"600\" height=\"338\" frameborder=\"0\" marginwidth=\"0\" marginheight=\"0\" scrolling=\"no\"><\/iframe><\/p>\n<blockquote class=\"wp-embedded-content\" data-secret=\"483DYnfSfU\"><p><a href=\"https:\/\/www.radiopiu.net\/wordpress\/elbalfior_seconda\/\">&#8220;EL BAL DEL FIOR&#8221;, DI GIULIANA DA RONCH SECONDA STAGIONE<\/a><\/p><\/blockquote>\n<p><iframe loading=\"lazy\" class=\"wp-embedded-content\" sandbox=\"allow-scripts\" security=\"restricted\" style=\"position: absolute; visibility: hidden;\" title=\"&#8220;&#8220;EL BAL DEL FIOR&#8221;, DI GIULIANA DA RONCH SECONDA STAGIONE&#8221; &#8212; Radio Pi\u00f9\" src=\"https:\/\/www.radiopiu.net\/wordpress\/elbalfior_seconda\/embed\/#?secret=0DZXe26gNg#?secret=483DYnfSfU\" data-secret=\"483DYnfSfU\" width=\"600\" height=\"338\" frameborder=\"0\" marginwidth=\"0\" marginheight=\"0\" scrolling=\"no\"><\/iframe><\/p>\n<p>&nbsp;<\/p>\n<p>&nbsp;<\/p>\n<blockquote class=\"wp-embedded-content\" data-secret=\"9UxueicLZ6\"><p><a href=\"https:\/\/www.radiopiu.net\/wordpress\/risveglio-a-volo-daquila-sulla-conca-agordina\/\">RISVEGLIO A VOLO D&#8217;AQUILA SULLA CONCA AGORDINA<\/a><\/p><\/blockquote>\n<p><iframe loading=\"lazy\" class=\"wp-embedded-content\" sandbox=\"allow-scripts\" security=\"restricted\" style=\"position: absolute; visibility: hidden;\" title=\"&#8220;RISVEGLIO A VOLO D&#8217;AQUILA SULLA CONCA AGORDINA&#8221; &#8212; Radio Pi\u00f9\" src=\"https:\/\/www.radiopiu.net\/wordpress\/risveglio-a-volo-daquila-sulla-conca-agordina\/embed\/#?secret=pYR4QeC5AX#?secret=9UxueicLZ6\" data-secret=\"9UxueicLZ6\" width=\"600\" height=\"338\" frameborder=\"0\" marginwidth=\"0\" marginheight=\"0\" scrolling=\"no\"><\/iframe><\/p>\n<hr \/>\n<p>&nbsp;<\/p>\n<p class=\"mceTemp\"><a class=\"dt-pswp-item\" href=\"https:\/\/www.radiopiu.net\/wordpress\/wp-content\/uploads\/2018\/09\/sport.jpg\" data-dt-img-description=\"\" data-large_image_width=\"800\" data-large_image_height=\"100\"><img loading=\"lazy\" decoding=\"async\" class=\"aligncenter wp-image-60761 size-full\" src=\"https:\/\/www.radiopiu.net\/wordpress\/wp-content\/uploads\/2018\/09\/sport.jpg\" alt=\"\" width=\"800\" height=\"100\" srcset=\"https:\/\/www.radiopiu.net\/wordpress\/wp-content\/uploads\/2018\/09\/sport.jpg 800w, https:\/\/www.radiopiu.net\/wordpress\/wp-content\/uploads\/2018\/09\/sport-300x38.jpg 300w, https:\/\/www.radiopiu.net\/wordpress\/wp-content\/uploads\/2018\/09\/sport-768x96.jpg 768w\" sizes=\"auto, (max-width: 800px) 100vw, 800px\" \/> <\/a><\/p>\n<p class=\"mceTemp\"><span style=\"color: #0000ff;\"><strong>\u00a0 \u00a0 \u00a0 \u00a0 \u00a0\u00a0<\/strong><\/span><\/p>\n<p><span style=\"color: #0000ff;\"><strong>NUOTO <\/strong><\/span><\/p>\n<blockquote>\n<h3>CRITERIA NAZIONALI GIOVANILI 2025: SPORTIVAMENTE BELLUNO PROTAGONISTA A RICCIONE<\/h3>\n<p>&nbsp;<\/p>\n<p class=\"\" data-start=\"94\" data-end=\"446\"><img loading=\"lazy\" decoding=\"async\" class=\"alignleft\" src=\"https:\/\/www.radiopiu.net\/wordpress\/wp-content\/uploads\/2025\/04\/Immagine-2025-04-08-140126.jpg\" width=\"245\" height=\"149\" \/>Dal 28 marzo al 2 aprile, allo Stadio del Nuoto di Riccione, si sono svolti i Criteria Nazionali Giovanili 2025, un evento che ha visto la partecipazione degli atleti qualificati secondo i tempi limite della federazione. La Sportivamente Belluno era presente con Anna Simon e Mattia Don\u00e0, sotto la guida degli allenatori Alberto Cassol e Giulia Bortot.<\/p>\n<p class=\"\" data-start=\"448\" data-end=\"477\"><strong data-start=\"448\" data-end=\"477\">Prestazioni degli atleti:<\/strong><\/p>\n<div class=\"overflow-x-auto bg-no-repeat contain-inline-size\">\n<table data-start=\"478\" data-end=\"1454\">\n<thead data-start=\"478\" data-end=\"597\">\n<tr data-start=\"478\" data-end=\"597\">\n<th data-start=\"478\" data-end=\"498\"><strong data-start=\"480\" data-end=\"490\">Atleta<\/strong><\/th>\n<th data-start=\"498\" data-end=\"531\"><strong data-start=\"500\" data-end=\"508\">Gara<\/strong><\/th>\n<th data-start=\"531\" data-end=\"579\"><strong data-start=\"533\" data-end=\"546\">Risultato<\/strong><\/th>\n<th data-start=\"579\" data-end=\"597\"><strong data-start=\"581\" data-end=\"594\">Posizione<\/strong><\/th>\n<\/tr>\n<\/thead>\n<tbody data-start=\"718\" data-end=\"1454\">\n<tr data-start=\"718\" data-end=\"837\">\n<td><strong data-start=\"720\" data-end=\"734\">Anna Simon<\/strong><\/td>\n<td>50 stile<\/td>\n<td>27 centesimi sopra il suo miglior tempo<\/td>\n<td>28\u00b0 posto<\/td>\n<\/tr>\n<tr data-start=\"838\" data-end=\"962\">\n<td><strong data-start=\"840\" data-end=\"855\">Mattia Don\u00e0<\/strong><\/td>\n<td>100 dorso<\/td>\n<td>Miglioramento del tempo di qualifica<\/td>\n<td>11\u00b0 posto (1&#8217;01&#8243;19)<\/td>\n<\/tr>\n<tr data-start=\"963\" data-end=\"1087\">\n<td><\/td>\n<td>200 dorso<\/td>\n<td>Riconferma i progressi stagionali<\/td>\n<td>10\u00b0 posto (2\u201912\u201d87)<\/td>\n<\/tr>\n<tr data-start=\"1088\" data-end=\"1207\">\n<td><\/td>\n<td>50 stile<\/td>\n<td>Squalifica per falsa partenza<\/td>\n<td>&#8211;<\/td>\n<\/tr>\n<tr data-start=\"1208\" data-end=\"1332\">\n<td><\/td>\n<td>200 misti<\/td>\n<td>Miglioramento del tempo di qualifica (1&#8243;39)<\/td>\n<td>12\u00b0 posto (2&#8217;17&#8243;08)<\/td>\n<\/tr>\n<tr data-start=\"1333\" data-end=\"1454\">\n<td><\/td>\n<td>100 stile<\/td>\n<td>Prestazione solida<\/td>\n<td>23\u00b0 posto (55&#8243;85)<\/td>\n<\/tr>\n<\/tbody>\n<\/table>\n<\/div>\n<p class=\"\" data-start=\"1456\" data-end=\"1615\">La stagione in vasca corta si \u00e8 conclusa con ottimi risultati per entrambi gli atleti, e ora il team si prepara per la stagione in vasca lunga, gi\u00e0 alle porte.<\/p>\n<p data-start=\"1456\" data-end=\"1615\"><strong>foto Mattia_Dona_e_Anna_Simon<\/strong><\/p>\n<\/blockquote>\n<p>&nbsp;<\/p>\n<p><span style=\"color: #0000ff;\"><strong>SPORT INVERNALI<\/strong><\/span><\/p>\n<blockquote>\n<h3>CONTINUANO I TEST SULLA PISTA DA BOB DI CORTINA<\/h3>\n<\/blockquote>\n<p><strong>DI BARBARA PAOLAZZI<\/strong><\/p>\n<audio class=\"wp-audio-shortcode\" id=\"audio-443901-17\" preload=\"none\" style=\"width: 100%;\" controls=\"controls\"><source type=\"audio\/mpeg\" src=\"https:\/\/www.radiopiu.net\/wordpress\/wp-content\/uploads\/2025\/04\/PAOLAZZI-PISTA-BOB-CORTINA.mp3?_=17\" \/><a href=\"https:\/\/www.radiopiu.net\/wordpress\/wp-content\/uploads\/2025\/04\/PAOLAZZI-PISTA-BOB-CORTINA.mp3\">https:\/\/www.radiopiu.net\/wordpress\/wp-content\/uploads\/2025\/04\/PAOLAZZI-PISTA-BOB-CORTINA.mp3<\/a><\/audio>\n<p>&nbsp;<\/p>\n<p><span style=\"color: #0000ff;\"><strong>CORSA IN MONTAGNA<\/strong><\/span><\/p>\n<blockquote>\n<h3><a class=\"dt-pswp-item\" href=\"https:\/\/www.radiopiu.net\/wordpress\/wp-content\/uploads\/2025\/04\/Immagine-2025-04-08-144032.jpg\" data-dt-img-description=\"\" data-large_image_width=\"756\" data-large_image_height=\"232\"><img loading=\"lazy\" decoding=\"async\" class=\"size-medium wp-image-444036 alignleft\" src=\"https:\/\/www.radiopiu.net\/wordpress\/wp-content\/uploads\/2025\/04\/Immagine-2025-04-08-144032-300x92.jpg\" alt=\"\" width=\"300\" height=\"92\" srcset=\"https:\/\/www.radiopiu.net\/wordpress\/wp-content\/uploads\/2025\/04\/Immagine-2025-04-08-144032-300x92.jpg 300w, https:\/\/www.radiopiu.net\/wordpress\/wp-content\/uploads\/2025\/04\/Immagine-2025-04-08-144032.jpg 756w\" sizes=\"auto, (max-width: 300px) 100vw, 300px\" \/><\/a>KAILAS FUGA DOLOMITI EXTREME TRAIL 2025: TRAINING CAMP A PRALONGO IL 27 APRILE<\/h3>\n<\/blockquote>\n<p><strong>VAL DI ZOLDO<\/strong> Inizia il conto alla rovescia per l\u2019evento di corsa in montagna che si terr\u00e0 dal 6 all\u20198 giugno nella Val di Zoldo, nel cuore delle Dolomiti. Domenica 27 aprile, il comitato organizzatore propone un training camp con KAILAS FUGA, nuovo title sponsor dell\u2019evento. L\u2019appuntamento \u00e8 alla Sporting Area di Pralongo, dove i partecipanti potranno testare i prodotti per il trail running su un tracciato di 10,5 km e 690 m di dislivello. Le gare di giugno includeranno diverse distanze, con la 103 K, la 72 K, e la 55 K qualificanti per l\u2019UTMB Mont-Blanc.<\/p>\n<p>&nbsp;<\/p>\n<p>&nbsp;<\/p>\n<hr \/>\n<p>&nbsp;<\/p>\n","protected":false},"excerpt":{"rendered":"<p>****** &nbsp; LA\u00a0 APP PER IOS-IPHONE di Nicola Vettorello https:\/\/apps.apple.com\/it\/app\/radio-pi%C3%B9-emittente-agordina\/id1515939845 LA\u00a0 APP RADIO\u00a0 PER ANDROID di Nicola Vettorello https:\/\/play.google.com\/store\/apps\/details?id=net.radiopiu.iniko\u00a0\u00a0\u00a0\u00a0 &nbsp; \u00a0 &nbsp; OGGI \u00a0\u00a0 \u00a009.00 liber il libro di Liana Cavallet\u00a0 \u00a010.10 CISL la voce per i lavoratori 10.30 se non la smetti ti mando dal preside\u00a0 11.00 piu musica, le selezioni di moreno tocchetto&hellip;<\/p>\n","protected":false},"author":4,"featured_media":138327,"comment_status":"closed","ping_status":"closed","sticky":false,"template":"","format":"standard","meta":{"_monsterinsights_skip_tracking":false,"_monsterinsights_sitenote_active":false,"_monsterinsights_sitenote_note":"","_monsterinsights_sitenote_category":0,"footnotes":""},"categories":[51,86,49],"tags":[],"class_list":["post-443901","post","type-post","status-publish","format-standard","has-post-thumbnail","hentry","category-evidenza-top","category-gr","category-news-18","category-51","category-86","category-49","description-off"],"img_url":"https:\/\/www.radiopiu.net\/wordpress\/wp-content\/uploads\/2020\/05\/listolade-taibon-3-scaled.jpg","_links":{"self":[{"href":"https:\/\/www.radiopiu.net\/wordpress\/wp-json\/wp\/v2\/posts\/443901","targetHints":{"allow":["GET"]}}],"collection":[{"href":"https:\/\/www.radiopiu.net\/wordpress\/wp-json\/wp\/v2\/posts"}],"about":[{"href":"https:\/\/www.radiopiu.net\/wordpress\/wp-json\/wp\/v2\/types\/post"}],"author":[{"embeddable":true,"href":"https:\/\/www.radiopiu.net\/wordpress\/wp-json\/wp\/v2\/users\/4"}],"replies":[{"embeddable":true,"href":"https:\/\/www.radiopiu.net\/wordpress\/wp-json\/wp\/v2\/comments?post=443901"}],"version-history":[{"count":29,"href":"https:\/\/www.radiopiu.net\/wordpress\/wp-json\/wp\/v2\/posts\/443901\/revisions"}],"predecessor-version":[{"id":444124,"href":"https:\/\/www.radiopiu.net\/wordpress\/wp-json\/wp\/v2\/posts\/443901\/revisions\/444124"}],"wp:featuredmedia":[{"embeddable":true,"href":"https:\/\/www.radiopiu.net\/wordpress\/wp-json\/wp\/v2\/media\/138327"}],"wp:attachment":[{"href":"https:\/\/www.radiopiu.net\/wordpress\/wp-json\/wp\/v2\/media?parent=443901"}],"wp:term":[{"taxonomy":"category","embeddable":true,"href":"https:\/\/www.radiopiu.net\/wordpress\/wp-json\/wp\/v2\/categories?post=443901"},{"taxonomy":"post_tag","embeddable":true,"href":"https:\/\/www.radiopiu.net\/wordpress\/wp-json\/wp\/v2\/tags?post=443901"}],"curies":[{"name":"wp","href":"https:\/\/api.w.org\/{rel}","templated":true}]}}